{"id":529,"date":"2008-02-26T00:00:00","date_gmt":"2008-02-26T00:00:00","guid":{"rendered":""},"modified":"2020-04-06T22:35:29","modified_gmt":"2020-04-06T20:35:29","slug":"festivali-i-11-te-kombetar-i-rinise-orthodhokse-te-shqiperise-2008","status":"publish","type":"post","link":"https:\/\/orthodoxalbania.org\/2020\/2008\/02\/26\/festivali-i-11-te-kombetar-i-rinise-orthodhokse-te-shqiperise-2008\/","title":{"rendered":"Festivali i 11-t\u00eb Komb\u00ebtar i Rinis\u00eb Orthodhokse t\u00eb Shqip\u00ebris\u00eb. (2008)"},"content":{"rendered":"<div style=\"text-align: center;\"><span style=\"color: #b22222; font-family: helvetica; font-size: 12pt;\"><strong>&#8211; Fest\u00eb p\u00ebr t\u00eb mos u harruar &#8211;<\/strong><\/span><\/div>\n<div style=\"text-align: center;\"><span style=\"font-family: helvetica; font-size: 12pt;\"><\/span><\/div>\n<table style=\"width: 975px; height: 1706px;\" border=\"0\">\n<tbody>\n<tr>\n<td>\n<div><span style=\"color: #000000; font-family: helvetica; font-size: 12pt;\"><img decoding=\"async\" class=\"lazyload HAa Eha\" style=\"border-width: 1px; border-style: solid; margin: 10px auto; display: block;\" alt=\"\" src=\"data:image\/svg+xml,%3Csvg%20xmlns%3D%27http%3A%2F%2Fwww.w3.org%2F2000%2Fsvg%27%20width%3D%27358%27%20height%3D%27202%27%20viewBox%3D%270%200%20358%20202%27%3E%3Crect%20width%3D%27358%27%20height%3D%27202%27%20fill-opacity%3D%220%22%2F%3E%3C%2Fsvg%3E\" data-orig-src=\"https:\/\/lh6.googleusercontent.com\/-dfAo-LtL11Q\/VJFltUn9G0I\/AAAAAAAAIFI\/5dD_NbIqre8\/w448-h252-no\/1.jpg\" height=\"202\" width=\"358\" \/><\/span><\/div>\n<\/td>\n<td>\n<div>\n<div class=\"style2\" style=\"text-align: justify;\"><span style=\"color: #000000; font-family: helvetica; font-size: 12pt;\">&nbsp;&nbsp;&nbsp; Fest\u00eb p\u00ebr t\u00eb mos u harruar! Nj\u00eb pasdite pranverore n\u00eb zem\u00ebr t\u00eb dimrit. N\u00eb rrug\u00ebtimin e viteve, por edhe n\u00eb kujtes\u00ebn e t\u00eb gjith\u00eb t\u00eb rinjve do t\u00eb mbetet nj\u00eb nga ngjarjet m\u00eb t\u00eb sh\u00ebnuara. Festivali i 11-t\u00eb Komb\u00ebtar i Rinis\u00eb Orthodhokse t\u00eb Shqip\u00ebris\u00eb shpalli vlerat m\u00eb t\u00eb mira t\u00eb jet\u00ebs shpirt\u00ebrore dhe artistike t\u00eb brezit t\u00eb ri.<\/span><\/div>\n<\/div>\n<\/td>\n<\/tr>\n<tr>\n<td>\n<div style=\"text-align: justify;\"><span style=\"color: #000000; font-family: helvetica; font-size: 12pt;\"><span class=\"style2\">&nbsp;&nbsp;&nbsp; M\u00eb 26 dhjetor 2008, salla kryesore e Muzeut Historik Komb\u00ebtar n\u00eb Tiran\u00eb, e mbushur nga qindra pjes\u00ebmarr\u00ebs, do t\u00eb shp\u00ebrthente nga z\u00ebrat rinor\u00eb dhe urimet e zjarrta p\u00ebr Krishtlindje t\u00eb bekuara dhe nj\u00eb vit t\u00eb begat\u00eb. K\u00ebng\u00eb, valle, recitime &#8230; atmosfer\u00eb emocionuese dhe me ngjyra t\u00eb v\u00ebrteta festive.<\/span><\/span><\/div>\n<\/td>\n<td>\n<div><span style=\"color: #000000; font-family: helvetica; font-size: 12pt;\"><img decoding=\"async\" class=\"lazyload HAa Eha\" style=\"border-width: 1px; border-style: solid; margin: 10px auto; display: block;\" alt=\"\" src=\"data:image\/svg+xml,%3Csvg%20xmlns%3D%27http%3A%2F%2Fwww.w3.org%2F2000%2Fsvg%27%20width%3D%27391%27%20height%3D%27220%27%20viewBox%3D%270%200%20391%20220%27%3E%3Crect%20width%3D%27391%27%20height%3D%27220%27%20fill-opacity%3D%220%22%2F%3E%3C%2Fsvg%3E\" data-orig-src=\"https:\/\/lh4.googleusercontent.com\/-PvYSHWdLwUU\/VJFlt-hxoGI\/AAAAAAAAIE4\/vmdZReY3_fM\/w448-h252-no\/2.jpg\" height=\"220\" width=\"391\" \/><\/span><\/div>\n<\/td>\n<\/tr>\n<tr>\n<td>\n<div><span style=\"color: #000000; font-family: helvetica; font-size: 12pt;\"><img decoding=\"async\" class=\"lazyload HAa Eha\" style=\"border-width: 1px; border-style: solid; margin: 10px auto; display: block;\" alt=\"\" src=\"data:image\/svg+xml,%3Csvg%20xmlns%3D%27http%3A%2F%2Fwww.w3.org%2F2000%2Fsvg%27%20width%3D%27350%27%20height%3D%27197%27%20viewBox%3D%270%200%20350%20197%27%3E%3Crect%20width%3D%27350%27%20height%3D%27197%27%20fill-opacity%3D%220%22%2F%3E%3C%2Fsvg%3E\" data-orig-src=\"https:\/\/lh5.googleusercontent.com\/-AIGNDoQvvXM\/VJFluOY58XI\/AAAAAAAAIE0\/pwpd5HMNNhI\/w448-h252-no\/3.jpg\" height=\"197\" width=\"350\" \/><\/span><\/div>\n<\/td>\n<td>\n<div class=\"style5\" style=\"text-align: justify;\"><span style=\"color: #000000; font-family: helvetica; font-size: 12pt;\">&nbsp;&nbsp;&nbsp; Me qirinj t\u00eb ndezur dhe duke ecur n\u00eb sken\u00eb n\u00ebn heshtje, f\u00ebmij\u00eb dhe t\u00eb rinj, \u00e7el\u00ebn siparin e fest\u00ebs, si p\u00ebr t\u00eb lajm\u00ebruar ardhjen e Shp\u00ebtimtarit n\u00eb bot\u00eb. Mes duartrokitjeve, prezantuesit nis\u00ebn t\u00eb shp\u00ebrndanin mesazhet e para: \u201c<em>T\u00eb gjith\u00eb jemi t\u00eb g\u00ebzuar sot dhe kjo atmosfer\u00eb \u00ebsht\u00eb nj\u00eb p\u00ebrjetim jo me drita artificiale, si\u00e7 shikojm\u00eb k\u00ebto dit\u00eb n\u00ebp\u00ebr qytete. Ka ardhur drita e v\u00ebrtet\u00eb, nj\u00eb drit\u00eb q\u00eb \u00e7do njeri e shikon brenda shpirtit t\u00eb tij. \u00cbsht\u00eb Krishti foshnje q\u00eb nga shpella e Bethlehemit rrug\u00ebton me yllin e mag\u00ebve dhe ndalet edhe n\u00eb kryeqytetin ton\u00eb, n\u00eb Tiran\u00eb, dhe pret t\u00eb gjej\u00eb streh\u00eb n\u00eb zemr\u00ebn e secilit prej nesh<\/em>\u201d.<\/span><\/div>\n<\/td>\n<\/tr>\n<tr>\n<td>\n<div class=\"style5\">\n<div style=\"text-align: justify;\"><span style=\"color: #000000; font-family: helvetica; font-size: 12pt;\">&nbsp;&nbsp;&nbsp; Menj\u00ebher\u00eb, p\u00ebrmes video-projektorit u prezantua mesazhi i Kryepiskopi Anastas, dh\u00ebn\u00eb p\u00ebrmes mediave p\u00ebr mbar\u00eb popullin shqiptar n\u00eb vigjilje t\u00eb Krishtlindjeve.<br \/> <\/span><\/div>\n<div style=\"text-align: justify;\"><span style=\"font-family: helvetica; font-size: 12pt;\"><\/span><\/div>\n<div style=\"text-align: justify;\"><span style=\"color: #000000; font-family: helvetica; font-size: 12pt;\">&nbsp;&nbsp;&nbsp; N\u00eb sken\u00eb do t\u00eb ngjiteshin nj\u00ebra pas tjetr\u00ebs grupet rinore bashk\u00eb me f\u00ebmij\u00ebt e shkollave 9-vje\u00e7are t\u00eb Kish\u00ebs son\u00eb. Ata p\u00ebrcoll\u00ebn k\u00ebng\u00eb t\u00eb krishtera dhe popullore, valle tradicionale, recitime dhe pjes\u00eb drame. <span class=\"style3\">Gjith\u00e7ka e shoq\u00ebruar me drit\u00ebn q\u00eb rrezatonte nga fytyrat e tyre t\u00eb qeshura. Midis tyre ishte edhe ideatori dhe mb\u00ebshtet\u00ebsi kryesor i k\u00ebtij festivali, Kryepiskopi Anastas, i shoq\u00ebruar nga Mitropoli i Beratit, Hir\u00ebsi Ignati, Episkopi i Apollonis\u00eb, Hir\u00ebsi Nikolla, Episkopi i Kruj\u00ebs, Hir\u00ebsi Andoni, klerik\u00eb dhe besimtar\u00eb.<\/span><\/span><\/div>\n<\/div>\n<\/td>\n<td>\n<div><span style=\"color: #000000; font-family: helvetica; font-size: 12pt;\"><img decoding=\"async\" class=\"lazyload HAa Eha\" style=\"border-width: 1px; border-style: solid; margin: 10px auto; display: block;\" alt=\"\" src=\"data:image\/svg+xml,%3Csvg%20xmlns%3D%27http%3A%2F%2Fwww.w3.org%2F2000%2Fsvg%27%20width%3D%27395%27%20height%3D%27222%27%20viewBox%3D%270%200%20395%20222%27%3E%3Crect%20width%3D%27395%27%20height%3D%27222%27%20fill-opacity%3D%220%22%2F%3E%3C%2Fsvg%3E\" data-orig-src=\"https:\/\/lh6.googleusercontent.com\/-0r9jqQPwuaI\/VJFlusUwaxI\/AAAAAAAAIEQ\/Z0TR0vHMLFU\/w448-h252-no\/4.jpg\" height=\"222\" width=\"395\" \/><\/span><\/div>\n<\/td>\n<\/tr>\n<tr>\n<td>\n<div><span style=\"color: #000000; font-family: helvetica; font-size: 12pt;\"><img decoding=\"async\" class=\"lazyload HAa Eha\" style=\"border-width: 1px; border-style: solid; margin: 10px auto; display: block;\" alt=\"\" src=\"data:image\/svg+xml,%3Csvg%20xmlns%3D%27http%3A%2F%2Fwww.w3.org%2F2000%2Fsvg%27%20width%3D%27364%27%20height%3D%27205%27%20viewBox%3D%270%200%20364%20205%27%3E%3Crect%20width%3D%27364%27%20height%3D%27205%27%20fill-opacity%3D%220%22%2F%3E%3C%2Fsvg%3E\" data-orig-src=\"https:\/\/lh4.googleusercontent.com\/-Ea7nOZ3rjY8\/VJFluyO9cvI\/AAAAAAAAIEw\/koWgrg7_o-E\/w448-h252-no\/5.jpg\" height=\"205\" width=\"364\" \/><\/span><\/div>\n<\/td>\n<td>\n<div class=\"style5\" style=\"text-align: justify;\"><span style=\"color: #000000; font-family: helvetica; font-size: 12pt;\">&nbsp;&nbsp;&nbsp; P\u00ebr m\u00eb shum\u00eb se tre or\u00eb u krijua nj\u00eb atmosfer\u00eb bashk\u00ebpunimi dhe v\u00ebllaz\u00ebrimi, e shprehur n\u00eb harmonizimin e prezantimit t\u00eb vlerave t\u00eb krishtera dhe atyre popullore. Fal\u00ebnderime dhe mir\u00ebnjohje p\u00ebr t\u00eb gjith\u00eb ata q\u00eb merrnin pjes\u00eb, e sidomos p\u00ebr ata q\u00eb kan\u00eb kontribuar n\u00eb nd\u00ebrtimin dhe p\u00ebrparimin e k\u00ebtij festivali. 15 grupe rinore (<em>pas p\u00ebrzgjedhjes n\u00eb festivalet e dioqezave t\u00eb tyre organizuar gjat\u00eb muajit dhjetor<\/em>), soll\u00ebn vlerat karakteristike t\u00eb zonave t\u00eb tyre. P\u00ebrve\u00e7 grupeve konkurruese festivalin e p\u00ebrsh\u00ebndet\u00ebn me k\u00ebng\u00ebt dhe valle festive edhe disa grupe t\u00eb tjera rinore dhe f\u00ebmij\u00ebsh orthodhoks\u00eb.<\/span><\/div>\n<\/td>\n<\/tr>\n<tr>\n<td>\n<div class=\"style5\"><span style=\"color: #000000; font-family: helvetica; font-size: 12pt;\">&nbsp;<img decoding=\"async\" class=\"lazyload HAa Eha\" style=\"border: 1px solid; cursor: default; display: block; max-width: 100%; height: 203px; outline: black solid 1px; font-family: tahoma, geneva, sans-serif; font-size: 12px; text-align: justify; margin: 10px auto; background-color: #ffffff;\" alt=\"\" src=\"data:image\/gif;base64,R0lGODlhAQABAAAAACH5BAEKAAEALAAAAAABAAEAAAICTAEAOw==\" data-orig-src=\"https:\/\/lh3.googleusercontent.com\/-KiBCU8j3eDg\/VJFlvu0V-pI\/AAAAAAAAIEc\/WEo-Hlul0kw\/w448-h252-no\/6.jpg\" width=\"360\" \/><br \/><\/span><\/div>\n<\/td>\n<td style=\"text-align: center;\">\n<div style=\"text-align: justify;\"><span style=\"color: #000000; font-family: helvetica; font-size: 12pt;\"><span style=\"color: #000000;\"><\/span><\/span><\/p>\n<div class=\"style5\" style=\"font-family: Verdana, Arial, Helvetica, sans-serif; font-size: 11px; background-color: #ffffff;\"><span style=\"font-family: helvetica; font-size: 12pt;\">&nbsp;<span style=\"color: #000000;\"> Drama \u201cFalja, forma finale e dashuris\u00eb\u201d, paraqitur p\u00ebr publikun nga t\u00eb rinj t\u00eb grupit rinor t\u00eb Tiran\u00ebs, p\u00ebrsh\u00ebndetja e z. Gavril dhe znj. Maria Prifti me k\u00ebng\u00ebt \u201cDashuria e Per\u00ebndis\u00eb\u201d dhe \u201cKambanat bien p\u00ebrs\u00ebri\u201d dhe pjes\u00ebt e tjera p\u00ebrsh\u00ebndet\u00ebse krijuan nj\u00eb atmosfer\u00eb t\u00eb ve\u00e7ant\u00eb p\u00ebr t\u00eb gjith\u00eb t\u00eb pranishmit.<\/span><br \/><\/span><\/div>\n<p><span style=\"color: #000000; font-family: helvetica; font-size: 12pt;\"><\/span><\/p>\n<div class=\"style5\" style=\"font-family: Verdana, Arial, Helvetica, sans-serif; font-size: 11px; text-align: justify; background-color: #ffffff;\"><span style=\"color: #000000; font-family: helvetica; font-size: 12pt;\">&nbsp; &nbsp; Pas prezantimit t\u00eb grupeve dhe pritjes p\u00ebr vendimin e juris\u00eb p\u00ebr fituesin e k\u00ebtij festivali, Kryepiskopi Anastas p\u00ebrsh\u00ebndeti pjes\u00ebmarr\u00ebsit. Ai p\u00ebrg\u00ebzoi dhe vler\u00ebsoi k\u00ebt\u00eb aktivitet, duke e cil\u00ebsuar nj\u00eb aktivitet me nivel shum\u00eb t\u00eb lart\u00eb. N\u00eb fjal\u00ebn e tij p\u00ebrve\u00e7 t\u00eb tjera Kryepiskopi tha:<\/span><\/div>\n<p><span style=\"color: #000000; font-family: helvetica; font-size: 12pt;\"><br \/><\/span><\/div>\n<\/td>\n<\/tr>\n<\/tbody>\n<\/table>\n<table style=\"width: 954px; height: 979px;\" border=\"0\">\n<tbody>\n<tr>\n<td>\n<div class=\"style5\" style=\"text-align: justify;\"><span style=\"color: #000000; font-family: helvetica; font-size: 12pt;\">&nbsp; &nbsp; \u201c<em>N\u00eb rast se duam t\u00eb shkojm\u00eb n\u00eb Evrop\u00eb, duhet t\u00eb lart\u00ebsojm\u00eb shpirtin. Shqip\u00ebria ka nevoj\u00eb p\u00ebr t\u00eb gjith\u00eb ju. Ka nevoj\u00eb p\u00ebr njer\u00ebz t\u00eb vendosur, pun\u00ebtor\u00eb dhe t\u00eb ndersh\u00ebm, q\u00eb e duan p\u00ebrparimin e vendit. Duhet m\u00eb shum\u00eb vendosm\u00ebri dhe frym\u00eb sakrifice. P\u00ebrparimi i nj\u00eb personi lidhet me p\u00ebrparimin e gjith\u00eb vendit. Nuk kam shqet\u00ebsim p\u00ebr t\u00eb ardhmen, sepse ajo \u00ebsht\u00eb n\u00eb duart e Krishtit. Sa m\u00eb shum\u00eb lidhemi me Krishtin, aq m\u00eb shum\u00eb shpres\u00eb jemi p\u00ebr vendin. Duhet t\u00eb ndjekim shembullin e njer\u00ebzve t\u00eb ndri\u00e7uar dhe jo t\u00eb njer\u00ebzve q\u00eb mendojn\u00eb vet\u00ebm p\u00ebr veten e tyre. Le ta festojm\u00eb ardhjen e Shp\u00ebtimtarit me rezistenc\u00eb cil\u00ebsore. P\u00ebr shum\u00eb vjet g\u00ebzuar Krishtlindjet!<\/em>\u201d<br \/> &nbsp;<\/span><\/div>\n<div class=\"style5\" style=\"text-align: justify;\"><span style=\"color: #000000; font-family: helvetica; font-size: 12pt;\">&nbsp;&nbsp;&nbsp; N\u00eb fund, juria e festivalit ndau \u00e7mimet p\u00ebr grupet fituese. Sivjet, \u00e7mimin inkurajues e mori grupi i K\u00eblcyr\u00ebs, e m\u00eb pas u ndan\u00eb dy \u00e7mime p\u00ebr vendin e tret\u00eb, p\u00ebrkat\u00ebsisht p\u00ebr grupet rinore t\u00eb Beratit dhe t\u00eb Kor\u00e7\u00ebs, vendin e dyt\u00eb e meritoi grupi rinor i Kavaj\u00ebs, nd\u00ebrsa vendin e par\u00eb e mori grupi rinor i Tiran\u00ebs, me paraqitje t\u00eb shk\u00eblqyer dhe shum\u00eb duartrokitje.<br \/> <\/span><\/div>\n<div class=\"style5\" style=\"text-align: justify;\"><span style=\"font-family: helvetica; font-size: 12pt;\"><\/span><\/div>\n<div class=\"style5\" style=\"text-align: justify;\"><span style=\"color: #000000; font-family: helvetica; font-size: 12pt;\"><span class=\"style5\">&nbsp;&nbsp;&nbsp; N\u00eb fest\u00ebn madh\u00ebshtore t\u00eb Krishtlindjeve, rinia e Kish\u00ebs Orthodhokse Autoqefale t\u00eb Shqip\u00ebris\u00eb ka gjetur m\u00ebnyr\u00ebn m\u00eb t\u00eb mir\u00eb p\u00ebr ta shprehur dashurin\u00eb dhe g\u00ebzimin p\u00ebr ardhjen e Shp\u00ebtimtarit n\u00eb bot\u00eb.<\/span><\/span><\/div>\n<div class=\"style5\" style=\"text-align: justify;\"><span style=\"font-family: helvetica; font-size: 12pt;\"><\/span><\/div>\n<div class=\"style5\"><span style=\"font-family: helvetica; font-size: 12pt;\"><img decoding=\"async\" class=\"lazyload HAa Eha\" style=\"border-width: 1px; border-style: solid; margin: 10px; float: left;\" alt=\"\" src=\"data:image\/gif;base64,R0lGODlhAQABAAAAACH5BAEKAAEALAAAAAABAAEAAAICTAEAOw==\" data-orig-src=\"https:\/\/lh3.googleusercontent.com\/-ipPAqiHCoZw\/VJFlv2E88TI\/AAAAAAAAIEo\/l76q8uirVjk\/w448-h252-no\/7.jpg\" \/><img decoding=\"async\" class=\"lazyload HAa Eha\" style=\"border-width: 1px; border-style: solid; margin: 10px; float: right;\" alt=\"\" src=\"data:image\/gif;base64,R0lGODlhAQABAAAAACH5BAEKAAEALAAAAAABAAEAAAICTAEAOw==\" data-orig-src=\"https:\/\/lh4.googleusercontent.com\/-w198Ipa-qhE\/VJFlwE0yyTI\/AAAAAAAAIEk\/ElKCuHIbdyg\/w448-h252-no\/8.jpg\" \/><img decoding=\"async\" class=\"lazyload HAa Eha\" style=\"border-width: 1px; border-style: solid; margin: 10px; float: left;\" alt=\"\" src=\"data:image\/gif;base64,R0lGODlhAQABAAAAACH5BAEKAAEALAAAAAABAAEAAAICTAEAOw==\" data-orig-src=\"https:\/\/lh3.googleusercontent.com\/-u2-fpczUa-4\/VJFlwR0udBI\/AAAAAAAAIEs\/-MnBQHDaBfw\/w448-h252-no\/9.jpg\" \/><img decoding=\"async\" class=\"lazyload HAa Eha\" style=\"border-width: 1px; border-style: solid; margin: 10px; float: right;\" alt=\"\" src=\"data:image\/gif;base64,R0lGODlhAQABAAAAACH5BAEKAAEALAAAAAABAAEAAAICTAEAOw==\" data-orig-src=\"https:\/\/lh4.googleusercontent.com\/-qp48B-iBhNQ\/VJFltYCzAbI\/AAAAAAAAID4\/J-Br7NH_x58\/w448-h252-no\/10.jpg\" \/><\/span><\/div>\n<div class=\"style5\"><span style=\"font-family: helvetica; font-size: 12pt;\"><img decoding=\"async\" class=\"lazyload HAa Eha\" style=\"border-width: 1px; border-style: solid; margin: 10px; float: left;\" alt=\"\" src=\"data:image\/gif;base64,R0lGODlhAQABAAAAACH5BAEKAAEALAAAAAABAAEAAAICTAEAOw==\" data-orig-src=\"https:\/\/lh5.googleusercontent.com\/-Q_Y5gsN7Pg0\/VJFlte6YunI\/AAAAAAAAIFA\/x2dWMv4uoSc\/w448-h252-no\/11.jpg\" \/><img decoding=\"async\" class=\"lazyload HAa Eha\" style=\"border-width: 1px; border-style: solid; margin: 10px; float: right;\" alt=\"\" src=\"data:image\/gif;base64,R0lGODlhAQABAAAAACH5BAEKAAEALAAAAAABAAEAAAICTAEAOw==\" data-orig-src=\"https:\/\/lh4.googleusercontent.com\/-RoQjtAPqDa0\/VJFltisuI7I\/AAAAAAAAIE8\/GMJ7GKcS-D4\/w448-h252-no\/12.jpg\" \/><\/span><\/div>\n<div class=\"style5\" style=\"text-align: justify;\"><span style=\"font-family: helvetica; font-size: 12pt;\"><\/span><\/div>\n<div class=\"style5\" style=\"text-align: justify;\"><span style=\"font-family: helvetica; font-size: 12pt;\"><\/span><\/div>\n<div class=\"style5\" style=\"text-align: justify;\"><span style=\"font-family: helvetica; font-size: 12pt;\"><\/span><\/div>\n<div class=\"style5\"><span style=\"font-family: helvetica; font-size: 12pt;\"><\/span><\/div>\n<\/td>\n<\/tr>\n<\/tbody>\n<\/table>\n<div style=\"text-align: right;\"><span style=\"font-family: helvetica; font-size: 12pt;\">&nbsp;&nbsp;<\/span><\/div>\n<div style=\"text-align: right;\"><span style=\"font-family: helvetica; font-size: 12pt;\"><span style=\"color: #000000;\"><strong>Isidor Koti<\/strong><\/span><\/span><\/div>\n","protected":false},"excerpt":{"rendered":"<p>&#8211; Fest\u00eb p\u00ebr t\u00eb mos u harruar &#8211; &nbsp;&nbsp;&nbsp; Fest\u00eb p\u00ebr t\u00eb mos u harruar! Nj\u00eb pasdite pranverore n\u00eb zem\u00ebr t\u00eb dimrit. N\u00eb rrug\u00ebtimin e viteve, por edhe n\u00eb kujtes\u00ebn e t\u00eb gjith\u00eb t\u00eb rinjve do t\u00eb mbetet nj\u00eb nga ngjarjet m\u00eb t\u00eb sh\u00ebnuara. Festivali i 11-t\u00eb Komb\u00ebtar i Rinis\u00eb Orthodhokse t\u00eb Shqip\u00ebris\u00eb shpalli vlerat m\u00eb t\u00eb mira t\u00eb jet\u00ebs shpirt\u00ebrore dhe artistike t\u00eb brezit<\/p>\n","protected":false},"author":1,"featured_media":0,"comment_status":"open","ping_status":"open","sticky":false,"template":"","format":"standard","meta":{"_acf_changed":false,"pagelayer_contact_templates":[],"_pagelayer_content":"","inline_featured_image":false,"fifu_image_url":"","fifu_image_alt":"","footnotes":""},"categories":[108],"tags":[146,196,201,212,176],"class_list":["post-529","post","type-post","status-publish","format-standard","hentry","category-lajme","tag-146","tag-tirane","tag-kryepiskopi-anastas","tag-lajme-d27","tag-rinia-orthodhokse"],"acf":[],"yoast_head":"<!-- This site is optimized with the Yoast SEO plugin v27.2 - https:\/\/yoast.com\/product\/yoast-seo-wordpress\/ -->\n<title>Festivali i 11-t\u00eb Komb\u00ebtar i Rinis\u00eb Orthodhokse t\u00eb Shqip\u00ebris\u00eb. (2008) - Kisha Orthodh\u03bfkse Autoqefale e Shqip\u00ebris\u00eb<\/title>\n<meta name=\"robots\" content=\"index, follow, max-snippet:-1, max-image-preview:large, max-video-preview:-1\" \/>\n<link rel=\"canonical\" href=\"https:\/\/orthodoxalbania.org\/2020\/2008\/02\/26\/festivali-i-11-te-kombetar-i-rinise-orthodhokse-te-shqiperise-2008\/\" \/>\n<meta property=\"og:locale\" content=\"en_US\" \/>\n<meta property=\"og:type\" content=\"article\" \/>\n<meta property=\"og:title\" content=\"Festivali i 11-t\u00eb Komb\u00ebtar i Rinis\u00eb Orthodhokse t\u00eb Shqip\u00ebris\u00eb. (2008) - Kisha Orthodh\u03bfkse Autoqefale e Shqip\u00ebris\u00eb\" \/>\n<meta property=\"og:description\" content=\"&#8211; Fest\u00eb p\u00ebr t\u00eb mos u harruar &#8211; &nbsp;&nbsp;&nbsp; Fest\u00eb p\u00ebr t\u00eb mos u harruar! Nj\u00eb pasdite pranverore n\u00eb zem\u00ebr t\u00eb dimrit. N\u00eb rrug\u00ebtimin e viteve, por edhe n\u00eb kujtes\u00ebn e t\u00eb gjith\u00eb t\u00eb rinjve do t\u00eb mbetet nj\u00eb nga ngjarjet m\u00eb t\u00eb sh\u00ebnuara. Festivali i 11-t\u00eb Komb\u00ebtar i Rinis\u00eb Orthodhokse t\u00eb Shqip\u00ebris\u00eb shpalli vlerat m\u00eb t\u00eb mira t\u00eb jet\u00ebs shpirt\u00ebrore dhe artistike t\u00eb brezit\" \/>\n<meta property=\"og:url\" content=\"https:\/\/orthodoxalbania.org\/2020\/2008\/02\/26\/festivali-i-11-te-kombetar-i-rinise-orthodhokse-te-shqiperise-2008\/\" \/>\n<meta property=\"og:site_name\" content=\"Kisha Orthodh\u03bfkse Autoqefale e Shqip\u00ebris\u00eb\" \/>\n<meta property=\"article:publisher\" content=\"https:\/\/www.facebook.com\/koash1991\" \/>\n<meta property=\"article:published_time\" content=\"2008-02-26T00:00:00+00:00\" \/>\n<meta property=\"article:modified_time\" content=\"2020-04-06T20:35:29+00:00\" \/>\n<meta property=\"og:image\" content=\"https:\/\/lh6.googleusercontent.com\/-dfAo-LtL11Q\/VJFltUn9G0I\/AAAAAAAAIFI\/5dD_NbIqre8\/w448-h252-no\/1.jpg\" \/>\n<meta name=\"author\" content=\"Kisha Orthodhokse\" \/>\n<meta name=\"twitter:card\" content=\"summary_large_image\" \/>\n<meta name=\"twitter:label1\" content=\"Written by\" \/>\n\t<meta name=\"twitter:data1\" content=\"Kisha Orthodhokse\" \/>\n\t<meta name=\"twitter:label2\" content=\"Est. reading time\" \/>\n\t<meta name=\"twitter:data2\" content=\"4 minutes\" \/>\n<script type=\"application\/ld+json\" class=\"yoast-schema-graph\">{\"@context\":\"https:\/\/schema.org\",\"@graph\":[{\"@type\":\"Article\",\"@id\":\"https:\/\/orthodoxalbania.org\/2020\/2008\/02\/26\/festivali-i-11-te-kombetar-i-rinise-orthodhokse-te-shqiperise-2008\/#article\",\"isPartOf\":{\"@id\":\"https:\/\/orthodoxalbania.org\/2020\/2008\/02\/26\/festivali-i-11-te-kombetar-i-rinise-orthodhokse-te-shqiperise-2008\/\"},\"author\":{\"name\":\"Kisha Orthodhokse\",\"@id\":\"https:\/\/orthodoxalbania.org\/2020\/#\/schema\/person\/0c387634a7063ac612d7ed9ce71c7e86\"},\"headline\":\"Festivali i 11-t\u00eb Komb\u00ebtar i Rinis\u00eb Orthodhokse t\u00eb Shqip\u00ebris\u00eb. (2008)\",\"datePublished\":\"2008-02-26T00:00:00+00:00\",\"dateModified\":\"2020-04-06T20:35:29+00:00\",\"mainEntityOfPage\":{\"@id\":\"https:\/\/orthodoxalbania.org\/2020\/2008\/02\/26\/festivali-i-11-te-kombetar-i-rinise-orthodhokse-te-shqiperise-2008\/\"},\"wordCount\":908,\"commentCount\":0,\"publisher\":{\"@id\":\"https:\/\/orthodoxalbania.org\/2020\/#organization\"},\"image\":{\"@id\":\"https:\/\/orthodoxalbania.org\/2020\/2008\/02\/26\/festivali-i-11-te-kombetar-i-rinise-orthodhokse-te-shqiperise-2008\/#primaryimage\"},\"thumbnailUrl\":\"https:\/\/lh6.googleusercontent.com\/-dfAo-LtL11Q\/VJFltUn9G0I\/AAAAAAAAIFI\/5dD_NbIqre8\/w448-h252-no\/1.jpg\",\"keywords\":[\"2008\",\"Kryepiskopata Tiran\u00eb\",\"Kryepiskopi Anastas\",\"lajme\",\"Rinia Orthodhokse\"],\"articleSection\":[\"Lajme\"],\"inLanguage\":\"en-US\"},{\"@type\":\"WebPage\",\"@id\":\"https:\/\/orthodoxalbania.org\/2020\/2008\/02\/26\/festivali-i-11-te-kombetar-i-rinise-orthodhokse-te-shqiperise-2008\/\",\"url\":\"https:\/\/orthodoxalbania.org\/2020\/2008\/02\/26\/festivali-i-11-te-kombetar-i-rinise-orthodhokse-te-shqiperise-2008\/\",\"name\":\"Festivali i 11-t\u00eb Komb\u00ebtar i Rinis\u00eb Orthodhokse t\u00eb Shqip\u00ebris\u00eb. (2008) - Kisha Orthodh\u03bfkse Autoqefale e Shqip\u00ebris\u00eb\",\"isPartOf\":{\"@id\":\"https:\/\/orthodoxalbania.org\/2020\/#website\"},\"primaryImageOfPage\":{\"@id\":\"https:\/\/orthodoxalbania.org\/2020\/2008\/02\/26\/festivali-i-11-te-kombetar-i-rinise-orthodhokse-te-shqiperise-2008\/#primaryimage\"},\"image\":{\"@id\":\"https:\/\/orthodoxalbania.org\/2020\/2008\/02\/26\/festivali-i-11-te-kombetar-i-rinise-orthodhokse-te-shqiperise-2008\/#primaryimage\"},\"thumbnailUrl\":\"https:\/\/lh6.googleusercontent.com\/-dfAo-LtL11Q\/VJFltUn9G0I\/AAAAAAAAIFI\/5dD_NbIqre8\/w448-h252-no\/1.jpg\",\"datePublished\":\"2008-02-26T00:00:00+00:00\",\"dateModified\":\"2020-04-06T20:35:29+00:00\",\"breadcrumb\":{\"@id\":\"https:\/\/orthodoxalbania.org\/2020\/2008\/02\/26\/festivali-i-11-te-kombetar-i-rinise-orthodhokse-te-shqiperise-2008\/#breadcrumb\"},\"inLanguage\":\"en-US\",\"potentialAction\":[{\"@type\":\"ReadAction\",\"target\":[\"https:\/\/orthodoxalbania.org\/2020\/2008\/02\/26\/festivali-i-11-te-kombetar-i-rinise-orthodhokse-te-shqiperise-2008\/\"]}]},{\"@type\":\"ImageObject\",\"inLanguage\":\"en-US\",\"@id\":\"https:\/\/orthodoxalbania.org\/2020\/2008\/02\/26\/festivali-i-11-te-kombetar-i-rinise-orthodhokse-te-shqiperise-2008\/#primaryimage\",\"url\":\"https:\/\/lh6.googleusercontent.com\/-dfAo-LtL11Q\/VJFltUn9G0I\/AAAAAAAAIFI\/5dD_NbIqre8\/w448-h252-no\/1.jpg\",\"contentUrl\":\"https:\/\/lh6.googleusercontent.com\/-dfAo-LtL11Q\/VJFltUn9G0I\/AAAAAAAAIFI\/5dD_NbIqre8\/w448-h252-no\/1.jpg\"},{\"@type\":\"BreadcrumbList\",\"@id\":\"https:\/\/orthodoxalbania.org\/2020\/2008\/02\/26\/festivali-i-11-te-kombetar-i-rinise-orthodhokse-te-shqiperise-2008\/#breadcrumb\",\"itemListElement\":[{\"@type\":\"ListItem\",\"position\":1,\"name\":\"Home\",\"item\":\"https:\/\/orthodoxalbania.org\/2020\/\"},{\"@type\":\"ListItem\",\"position\":2,\"name\":\"Festivali i 11-t\u00eb Komb\u00ebtar i Rinis\u00eb Orthodhokse t\u00eb Shqip\u00ebris\u00eb. (2008)\"}]},{\"@type\":\"WebSite\",\"@id\":\"https:\/\/orthodoxalbania.org\/2020\/#website\",\"url\":\"https:\/\/orthodoxalbania.org\/2020\/\",\"name\":\"Kisha Orthodh\u03bfkse Autoqefale e Shqip\u00ebris\u00eb\",\"description\":\"Fqja Zyrtare e Kish\u00ebs Orthodhokse Autoqefale e Shqip\u00ebris\u00eb me lajmet edhe informacionet zyrtare p\u00ebr struktur\u00ebn edhe veprimtarin e saj.\",\"publisher\":{\"@id\":\"https:\/\/orthodoxalbania.org\/2020\/#organization\"},\"potentialAction\":[{\"@type\":\"SearchAction\",\"target\":{\"@type\":\"EntryPoint\",\"urlTemplate\":\"https:\/\/orthodoxalbania.org\/2020\/?s={search_term_string}\"},\"query-input\":{\"@type\":\"PropertyValueSpecification\",\"valueRequired\":true,\"valueName\":\"search_term_string\"}}],\"inLanguage\":\"en-US\"},{\"@type\":\"Organization\",\"@id\":\"https:\/\/orthodoxalbania.org\/2020\/#organization\",\"name\":\"Kisha Orthodhokse Autoqefale e Shqip\u00ebris\u00eb\",\"url\":\"https:\/\/orthodoxalbania.org\/2020\/\",\"logo\":{\"@type\":\"ImageObject\",\"inLanguage\":\"en-US\",\"@id\":\"https:\/\/orthodoxalbania.org\/2020\/#\/schema\/logo\/image\/\",\"url\":\"https:\/\/orthodoxalbania.org\/2020\/wp-content\/uploads\/2020\/05\/albania.jpeg\",\"contentUrl\":\"https:\/\/orthodoxalbania.org\/2020\/wp-content\/uploads\/2020\/05\/albania.jpeg\",\"width\":540,\"height\":540,\"caption\":\"Kisha Orthodhokse Autoqefale e Shqip\u00ebris\u00eb\"},\"image\":{\"@id\":\"https:\/\/orthodoxalbania.org\/2020\/#\/schema\/logo\/image\/\"},\"sameAs\":[\"https:\/\/www.facebook.com\/koash1991\"]},{\"@type\":\"Person\",\"@id\":\"https:\/\/orthodoxalbania.org\/2020\/#\/schema\/person\/0c387634a7063ac612d7ed9ce71c7e86\",\"name\":\"Kisha Orthodhokse\",\"image\":{\"@type\":\"ImageObject\",\"inLanguage\":\"en-US\",\"@id\":\"https:\/\/secure.gravatar.com\/avatar\/596e7c417251e30f2fbb9c00e026fce61a695a00e51c889caded71c96cbbdde5?s=96&d=mm&r=g\",\"url\":\"https:\/\/secure.gravatar.com\/avatar\/596e7c417251e30f2fbb9c00e026fce61a695a00e51c889caded71c96cbbdde5?s=96&d=mm&r=g\",\"contentUrl\":\"https:\/\/secure.gravatar.com\/avatar\/596e7c417251e30f2fbb9c00e026fce61a695a00e51c889caded71c96cbbdde5?s=96&d=mm&r=g\",\"caption\":\"Kisha Orthodhokse\"}}]}<\/script>\n<!-- \/ Yoast SEO plugin. -->","yoast_head_json":{"title":"Festivali i 11-t\u00eb Komb\u00ebtar i Rinis\u00eb Orthodhokse t\u00eb Shqip\u00ebris\u00eb. (2008) - Kisha Orthodh\u03bfkse Autoqefale e Shqip\u00ebris\u00eb","robots":{"index":"index","follow":"follow","max-snippet":"max-snippet:-1","max-image-preview":"max-image-preview:large","max-video-preview":"max-video-preview:-1"},"canonical":"https:\/\/orthodoxalbania.org\/2020\/2008\/02\/26\/festivali-i-11-te-kombetar-i-rinise-orthodhokse-te-shqiperise-2008\/","og_locale":"en_US","og_type":"article","og_title":"Festivali i 11-t\u00eb Komb\u00ebtar i Rinis\u00eb Orthodhokse t\u00eb Shqip\u00ebris\u00eb. (2008) - Kisha Orthodh\u03bfkse Autoqefale e Shqip\u00ebris\u00eb","og_description":"&#8211; Fest\u00eb p\u00ebr t\u00eb mos u harruar &#8211; &nbsp;&nbsp;&nbsp; Fest\u00eb p\u00ebr t\u00eb mos u harruar! Nj\u00eb pasdite pranverore n\u00eb zem\u00ebr t\u00eb dimrit. N\u00eb rrug\u00ebtimin e viteve, por edhe n\u00eb kujtes\u00ebn e t\u00eb gjith\u00eb t\u00eb rinjve do t\u00eb mbetet nj\u00eb nga ngjarjet m\u00eb t\u00eb sh\u00ebnuara. Festivali i 11-t\u00eb Komb\u00ebtar i Rinis\u00eb Orthodhokse t\u00eb Shqip\u00ebris\u00eb shpalli vlerat m\u00eb t\u00eb mira t\u00eb jet\u00ebs shpirt\u00ebrore dhe artistike t\u00eb brezit","og_url":"https:\/\/orthodoxalbania.org\/2020\/2008\/02\/26\/festivali-i-11-te-kombetar-i-rinise-orthodhokse-te-shqiperise-2008\/","og_site_name":"Kisha Orthodh\u03bfkse Autoqefale e Shqip\u00ebris\u00eb","article_publisher":"https:\/\/www.facebook.com\/koash1991","article_published_time":"2008-02-26T00:00:00+00:00","article_modified_time":"2020-04-06T20:35:29+00:00","og_image":[{"url":"https:\/\/lh6.googleusercontent.com\/-dfAo-LtL11Q\/VJFltUn9G0I\/AAAAAAAAIFI\/5dD_NbIqre8\/w448-h252-no\/1.jpg","type":"","width":"","height":""}],"author":"Kisha Orthodhokse","twitter_card":"summary_large_image","twitter_misc":{"Written by":"Kisha Orthodhokse","Est. reading time":"4 minutes"},"schema":{"@context":"https:\/\/schema.org","@graph":[{"@type":"Article","@id":"https:\/\/orthodoxalbania.org\/2020\/2008\/02\/26\/festivali-i-11-te-kombetar-i-rinise-orthodhokse-te-shqiperise-2008\/#article","isPartOf":{"@id":"https:\/\/orthodoxalbania.org\/2020\/2008\/02\/26\/festivali-i-11-te-kombetar-i-rinise-orthodhokse-te-shqiperise-2008\/"},"author":{"name":"Kisha Orthodhokse","@id":"https:\/\/orthodoxalbania.org\/2020\/#\/schema\/person\/0c387634a7063ac612d7ed9ce71c7e86"},"headline":"Festivali i 11-t\u00eb Komb\u00ebtar i Rinis\u00eb Orthodhokse t\u00eb Shqip\u00ebris\u00eb. (2008)","datePublished":"2008-02-26T00:00:00+00:00","dateModified":"2020-04-06T20:35:29+00:00","mainEntityOfPage":{"@id":"https:\/\/orthodoxalbania.org\/2020\/2008\/02\/26\/festivali-i-11-te-kombetar-i-rinise-orthodhokse-te-shqiperise-2008\/"},"wordCount":908,"commentCount":0,"publisher":{"@id":"https:\/\/orthodoxalbania.org\/2020\/#organization"},"image":{"@id":"https:\/\/orthodoxalbania.org\/2020\/2008\/02\/26\/festivali-i-11-te-kombetar-i-rinise-orthodhokse-te-shqiperise-2008\/#primaryimage"},"thumbnailUrl":"https:\/\/lh6.googleusercontent.com\/-dfAo-LtL11Q\/VJFltUn9G0I\/AAAAAAAAIFI\/5dD_NbIqre8\/w448-h252-no\/1.jpg","keywords":["2008","Kryepiskopata Tiran\u00eb","Kryepiskopi Anastas","lajme","Rinia Orthodhokse"],"articleSection":["Lajme"],"inLanguage":"en-US"},{"@type":"WebPage","@id":"https:\/\/orthodoxalbania.org\/2020\/2008\/02\/26\/festivali-i-11-te-kombetar-i-rinise-orthodhokse-te-shqiperise-2008\/","url":"https:\/\/orthodoxalbania.org\/2020\/2008\/02\/26\/festivali-i-11-te-kombetar-i-rinise-orthodhokse-te-shqiperise-2008\/","name":"Festivali i 11-t\u00eb Komb\u00ebtar i Rinis\u00eb Orthodhokse t\u00eb Shqip\u00ebris\u00eb. (2008) - Kisha Orthodh\u03bfkse Autoqefale e Shqip\u00ebris\u00eb","isPartOf":{"@id":"https:\/\/orthodoxalbania.org\/2020\/#website"},"primaryImageOfPage":{"@id":"https:\/\/orthodoxalbania.org\/2020\/2008\/02\/26\/festivali-i-11-te-kombetar-i-rinise-orthodhokse-te-shqiperise-2008\/#primaryimage"},"image":{"@id":"https:\/\/orthodoxalbania.org\/2020\/2008\/02\/26\/festivali-i-11-te-kombetar-i-rinise-orthodhokse-te-shqiperise-2008\/#primaryimage"},"thumbnailUrl":"https:\/\/lh6.googleusercontent.com\/-dfAo-LtL11Q\/VJFltUn9G0I\/AAAAAAAAIFI\/5dD_NbIqre8\/w448-h252-no\/1.jpg","datePublished":"2008-02-26T00:00:00+00:00","dateModified":"2020-04-06T20:35:29+00:00","breadcrumb":{"@id":"https:\/\/orthodoxalbania.org\/2020\/2008\/02\/26\/festivali-i-11-te-kombetar-i-rinise-orthodhokse-te-shqiperise-2008\/#breadcrumb"},"inLanguage":"en-US","potentialAction":[{"@type":"ReadAction","target":["https:\/\/orthodoxalbania.org\/2020\/2008\/02\/26\/festivali-i-11-te-kombetar-i-rinise-orthodhokse-te-shqiperise-2008\/"]}]},{"@type":"ImageObject","inLanguage":"en-US","@id":"https:\/\/orthodoxalbania.org\/2020\/2008\/02\/26\/festivali-i-11-te-kombetar-i-rinise-orthodhokse-te-shqiperise-2008\/#primaryimage","url":"https:\/\/lh6.googleusercontent.com\/-dfAo-LtL11Q\/VJFltUn9G0I\/AAAAAAAAIFI\/5dD_NbIqre8\/w448-h252-no\/1.jpg","contentUrl":"https:\/\/lh6.googleusercontent.com\/-dfAo-LtL11Q\/VJFltUn9G0I\/AAAAAAAAIFI\/5dD_NbIqre8\/w448-h252-no\/1.jpg"},{"@type":"BreadcrumbList","@id":"https:\/\/orthodoxalbania.org\/2020\/2008\/02\/26\/festivali-i-11-te-kombetar-i-rinise-orthodhokse-te-shqiperise-2008\/#breadcrumb","itemListElement":[{"@type":"ListItem","position":1,"name":"Home","item":"https:\/\/orthodoxalbania.org\/2020\/"},{"@type":"ListItem","position":2,"name":"Festivali i 11-t\u00eb Komb\u00ebtar i Rinis\u00eb Orthodhokse t\u00eb Shqip\u00ebris\u00eb. (2008)"}]},{"@type":"WebSite","@id":"https:\/\/orthodoxalbania.org\/2020\/#website","url":"https:\/\/orthodoxalbania.org\/2020\/","name":"Kisha Orthodh\u03bfkse Autoqefale e Shqip\u00ebris\u00eb","description":"Fqja Zyrtare e Kish\u00ebs Orthodhokse Autoqefale e Shqip\u00ebris\u00eb me lajmet edhe informacionet zyrtare p\u00ebr struktur\u00ebn edhe veprimtarin e saj.","publisher":{"@id":"https:\/\/orthodoxalbania.org\/2020\/#organization"},"potentialAction":[{"@type":"SearchAction","target":{"@type":"EntryPoint","urlTemplate":"https:\/\/orthodoxalbania.org\/2020\/?s={search_term_string}"},"query-input":{"@type":"PropertyValueSpecification","valueRequired":true,"valueName":"search_term_string"}}],"inLanguage":"en-US"},{"@type":"Organization","@id":"https:\/\/orthodoxalbania.org\/2020\/#organization","name":"Kisha Orthodhokse Autoqefale e Shqip\u00ebris\u00eb","url":"https:\/\/orthodoxalbania.org\/2020\/","logo":{"@type":"ImageObject","inLanguage":"en-US","@id":"https:\/\/orthodoxalbania.org\/2020\/#\/schema\/logo\/image\/","url":"https:\/\/orthodoxalbania.org\/2020\/wp-content\/uploads\/2020\/05\/albania.jpeg","contentUrl":"https:\/\/orthodoxalbania.org\/2020\/wp-content\/uploads\/2020\/05\/albania.jpeg","width":540,"height":540,"caption":"Kisha Orthodhokse Autoqefale e Shqip\u00ebris\u00eb"},"image":{"@id":"https:\/\/orthodoxalbania.org\/2020\/#\/schema\/logo\/image\/"},"sameAs":["https:\/\/www.facebook.com\/koash1991"]},{"@type":"Person","@id":"https:\/\/orthodoxalbania.org\/2020\/#\/schema\/person\/0c387634a7063ac612d7ed9ce71c7e86","name":"Kisha Orthodhokse","image":{"@type":"ImageObject","inLanguage":"en-US","@id":"https:\/\/secure.gravatar.com\/avatar\/596e7c417251e30f2fbb9c00e026fce61a695a00e51c889caded71c96cbbdde5?s=96&d=mm&r=g","url":"https:\/\/secure.gravatar.com\/avatar\/596e7c417251e30f2fbb9c00e026fce61a695a00e51c889caded71c96cbbdde5?s=96&d=mm&r=g","contentUrl":"https:\/\/secure.gravatar.com\/avatar\/596e7c417251e30f2fbb9c00e026fce61a695a00e51c889caded71c96cbbdde5?s=96&d=mm&r=g","caption":"Kisha Orthodhokse"}}]}},"_links":{"self":[{"href":"https:\/\/orthodoxalbania.org\/2020\/wp-json\/wp\/v2\/posts\/529","targetHints":{"allow":["GET"]}}],"collection":[{"href":"https:\/\/orthodoxalbania.org\/2020\/wp-json\/wp\/v2\/posts"}],"about":[{"href":"https:\/\/orthodoxalbania.org\/2020\/wp-json\/wp\/v2\/types\/post"}],"author":[{"embeddable":true,"href":"https:\/\/orthodoxalbania.org\/2020\/wp-json\/wp\/v2\/users\/1"}],"replies":[{"embeddable":true,"href":"https:\/\/orthodoxalbania.org\/2020\/wp-json\/wp\/v2\/comments?post=529"}],"version-history":[{"count":1,"href":"https:\/\/orthodoxalbania.org\/2020\/wp-json\/wp\/v2\/posts\/529\/revisions"}],"predecessor-version":[{"id":15693,"href":"https:\/\/orthodoxalbania.org\/2020\/wp-json\/wp\/v2\/posts\/529\/revisions\/15693"}],"wp:attachment":[{"href":"https:\/\/orthodoxalbania.org\/2020\/wp-json\/wp\/v2\/media?parent=529"}],"wp:term":[{"taxonomy":"category","embeddable":true,"href":"https:\/\/orthodoxalbania.org\/2020\/wp-json\/wp\/v2\/categories?post=529"},{"taxonomy":"post_tag","embeddable":true,"href":"https:\/\/orthodoxalbania.org\/2020\/wp-json\/wp\/v2\/tags?post=529"}],"curies":[{"name":"wp","href":"https:\/\/api.w.org\/{rel}","templated":true}]}}