{"id":527,"date":"2013-12-27T23:58:05","date_gmt":"2013-12-27T23:58:05","guid":{"rendered":""},"modified":"2020-04-06T22:05:23","modified_gmt":"2020-04-06T20:05:23","slug":"festivali-15-i-rinise-orthodhokse-te-shqiperise-tirane-26-12-2013","status":"publish","type":"post","link":"https:\/\/orthodoxalbania.org\/2020\/2013\/12\/27\/festivali-15-i-rinise-orthodhokse-te-shqiperise-tirane-26-12-2013\/","title":{"rendered":"Festivali 15 i Rinis\u00eb Orthodhokse t\u00eb Shqip\u00ebris\u00eb,Tiran\u00eb 26.12.2013."},"content":{"rendered":"<p style=\"text-align: justify;\"><span style=\"font-family: helvetica;\"><img decoding=\"async\" class=\"lazyload HAa Eha\" style=\"height: 173px; width: 300px; border-width: 1px; border-style: solid; margin: 10px; float: left;\" alt=\"\" src=\"data:image\/gif;base64,R0lGODlhAQABAAAAACH5BAEKAAEALAAAAAABAAEAAAICTAEAOw==\" data-orig-src=\"https:\/\/lh3.googleusercontent.com\/-Cb3aIkWR1l0\/Ur4RjuwB46I\/AAAAAAAAHMk\/oKqNsYYwJBA\/w958-h554-no\/Festivali+Rinise+15+-+26.12.2013+-+27.jpg\" \/><\/span><\/p>\n<p style=\"text-align: justify;\"><span style=\"font-family: helvetica; font-size: 12pt;\"><span style=\"color: #000000;\">&nbsp;&nbsp;&nbsp; N\u00eb dt.26 dhjetor 2013 u zhvillua Festivali 15 i Rinis\u00eb Orthodhokse t\u00eb Shqip\u00ebris\u00eb &#8220;Bijt\u00eb e Drit\u00ebs&#8221;, n\u00ebn kujdesin e Fortlumturis\u00eb s\u00eb Tij, Kryepiskopit Anastas, n\u00eb amfiteatrin e Katedrales &#8220;Ngjallja e Krishtit&#8221;, Tiran\u00eb.<\/span> <\/span><\/p>\n<p style=\"text-align: justify;\"><span style=\"font-family: helvetica; font-size: 12pt;\"><span style=\"color: #000000;\">&nbsp;&nbsp;&nbsp; N\u00eb k\u00ebt\u00eb festival mor\u00ebn pjes\u00eb grupe t\u00eb ndryshme rinore orthodhokse: t\u00eb Tiran\u00ebs (Kori dhe Orkestrina e Radios &#8220;Ngjallja&#8221;), t\u00eb Durr\u00ebsit, t\u00eb Beratit, t\u00eb Vlor\u00ebs, t\u00eb Elbasanit, t\u00eb Fikasit (Elbasan), t\u00eb Sh\u00ebn Joan Vladimirit (Elbasan), t\u00eb Gjinarit (Elbasan), t\u00eb Gjimnazeve &#8220;Kryqi i Nderuar&#8221; Gjirokast\u00ebr dhe Sukth (Durr\u00ebsit), Akademia Teologjike n\u00eb Sh\u00ebn Vlash (Durr\u00ebs), Shkolla &#8220;Homeri&#8221; dhe &#8220;Platoni&#8221; t\u00eb Kor\u00e7\u00ebs, f\u00ebmij\u00ebt nga &#8220;Sht\u00ebpia e Shpres\u00ebs&#8221; Sh\u00ebn Vlash (Durr\u00ebs).<\/span> <\/span><\/p>\n<p style=\"text-align: justify;\"><span style=\"font-family: helvetica; font-size: 12pt;\"><span style=\"color: #000000;\">&nbsp;&nbsp;&nbsp; Merrnin pjes\u00eb Kryepiskopi Anastas, Mitropoliti i Beratit Hir\u00ebsi Ignati, Episkop\u00ebt-ndihm\u00ebs: Nikolla, Andoni, Nathanaili, Asti dhe shum\u00eb t\u00eb rinj, prind\u00ebr dhe besimtar\u00eb.<\/span> <\/span><\/p>\n<p style=\"text-align: justify;\"><span style=\"font-family: helvetica; font-size: 12pt;\"><span style=\"color: #000000;\">&nbsp;&nbsp;&nbsp; I gjith\u00eb organizimi dhe mbar\u00ebvajtja e Festivalit u p\u00ebrgatit nga t\u00eb rinjt\u00eb orthodhoks\u00eb Tiran\u00ebs (t\u00eb organizuar n\u00eb disa grupe pune: t\u00eb regjisur\u00ebs, t\u00eb mikpritjes, t\u00eb qet\u00ebsis\u00eb, t\u00eb sken\u00ebs, t\u00eb dekorit etj.), n\u00ebn drejtimin e p\u00ebrgjegj\u00ebsve t\u00eb Zyr\u00ebs Rinore t\u00eb Kryepiskopat\u00ebs dhe K\u00ebshillit t\u00eb Rinis\u00eb s\u00eb Tiran\u00ebs.<\/span> <\/span><\/p>\n<p style=\"text-align: justify;\"><span style=\"font-family: helvetica; font-size: 12pt;\"><span style=\"color: #000000;\">&nbsp;&nbsp;&nbsp; \u00c7mimin e par\u00eb t\u00eb k\u00ebng\u00ebs e fitoi grupi rinor i Beratit, \u00e7mimin e dyt\u00eb, grupi rinor i Tiran\u00ebs, \u00e7mimin e tret\u00eb grupi rinor i Vlor\u00ebs, \u00e7mimin e valles e fitoi grupi rinor i Gjinarit.<\/p>\n<p> <strong>Fotografit\u00eb nga<\/strong><\/span> <\/span><\/p>\n<div style=\"text-align: justify;\"><span style=\"font-family: helvetica; font-size: 12pt;\"><span style=\"color: #000000;\"><strong>Stephan Ritsi dhe Ilia Ko\u00e7i<\/strong><\/span> <\/span><\/div>\n<p style=\"text-align: justify;\"><span style=\"font-family: helvetica; font-size: 12pt;\"><\/span><\/p>\n<p><span style=\"color: #000000; font-family: helvetica; font-size: 12pt;\"><strong><img decoding=\"async\" class=\"lazyload HAa Eha\" style=\"height: 800px; width: 566px; border-width: 1px; border-style: solid; margin: 10px auto; display: block;\" alt=\"\" src=\"data:image\/gif;base64,R0lGODlhAQABAAAAACH5BAEKAAEALAAAAAABAAEAAAICTAEAOw==\" data-orig-src=\"https:\/\/lh4.googleusercontent.com\/-cQE86sqfbDA\/Ur4R-Tm31ZI\/AAAAAAAAHNc\/RIkIUc4j2GA\/w536-h758-no\/poster+-+Festivali+XV+2013.jpg\" \/><\/strong><\/span><\/p>\n<p><span style=\"color: #000000; font-family: helvetica; font-size: 12pt;\"><img decoding=\"async\" class=\"lazyload HAa Eha\" style=\"height: 534px; width: 800px; border-width: 1px; border-style: solid; margin: 10px auto; display: block;\" alt=\"\" src=\"data:image\/gif;base64,R0lGODlhAQABAAAAACH5BAEKAAEALAAAAAABAAEAAAICTAEAOw==\" data-orig-src=\"https:\/\/lh5.googleusercontent.com\/-6QzjQ0GDDBs\/Ur4RGoZVwlI\/AAAAAAAAHKU\/2iqdzr-znPo\/w958-h639-no\/Festivali+Rinise+15+-+26.12.2013+-+0.jpg\" \/><\/span><\/p>\n<p><span style=\"color: #000000; font-family: helvetica; font-size: 12pt;\"><strong><img decoding=\"async\" class=\"lazyload HAa Eha\" style=\"height: 419px; width: 800px; border-width: 1px; border-style: solid; margin: 10px auto; display: block;\" alt=\"\" src=\"data:image\/gif;base64,R0lGODlhAQABAAAAACH5BAEKAAEALAAAAAABAAEAAAICTAEAOw==\" data-orig-src=\"https:\/\/lh6.googleusercontent.com\/-SDPA0i7Ijyk\/Ur4RWQCsHPI\/AAAAAAAAHLU\/APLhEZa2K7s\/w958-h502-no\/Festivali+Rinise+15+-+26.12.2013+-+2.jpg\" \/><\/strong><\/span><\/p>\n<p><span style=\"color: #000000; font-family: helvetica; font-size: 12pt;\"><img decoding=\"async\" class=\"lazyload HAa Eha\" style=\"height: 800px; width: 533px; margin: 10px auto; border: 1px solid; display: block;\" alt=\"\" src=\"data:image\/svg+xml,%3Csvg%20xmlns%3D%27http%3A%2F%2Fwww.w3.org%2F2000%2Fsvg%27%20width%3D%27533%27%20height%3D%27800%27%20viewBox%3D%270%200%20533%20800%27%3E%3Crect%20width%3D%27533%27%20height%3D%27800%27%20fill-opacity%3D%220%22%2F%3E%3C%2Fsvg%3E\" data-orig-src=\"https:\/\/lh5.googleusercontent.com\/-iNIzOfgkgKY\/Ur4RJvdph2I\/AAAAAAAAHKg\/OA8atM-FQzk\/w505-h758-no\/Festivali+Rinise+15+-+26.12.2013+-+1.jpg\" height=\"800px\" width=\"533px\" \/><\/span><\/p>\n<p><span style=\"color: #000000; font-family: helvetica; font-size: 12pt;\"><img decoding=\"async\" class=\"lazyload HAa Eha\" style=\"height: 534px; width: 800px; margin: 10px auto; border: 1px solid; display: block;\" alt=\"\" src=\"data:image\/svg+xml,%3Csvg%20xmlns%3D%27http%3A%2F%2Fwww.w3.org%2F2000%2Fsvg%27%20width%3D%27800%27%20height%3D%27534%27%20viewBox%3D%270%200%20800%20534%27%3E%3Crect%20width%3D%27800%27%20height%3D%27534%27%20fill-opacity%3D%220%22%2F%3E%3C%2Fsvg%3E\" data-orig-src=\"https:\/\/lh5.googleusercontent.com\/-QPRt0eVFOs0\/Ur4Rkq5p2hI\/AAAAAAAAHMg\/Mmhirr7xFuw\/w958-h639-no\/Festivali+Rinise+15+-+26.12.2013+-+3.jpg\" height=\"534px\" width=\"800px\" \/><\/span><\/p>\n<p><span style=\"color: #000000; font-family: helvetica; font-size: 12pt;\"><img decoding=\"async\" class=\"lazyload HAa Eha\" style=\"height: 500px; width: 800px; border-width: 1px; border-style: solid; margin: 10px auto; display: block;\" alt=\"\" src=\"data:image\/gif;base64,R0lGODlhAQABAAAAACH5BAEKAAEALAAAAAABAAEAAAICTAEAOw==\" data-orig-src=\"https:\/\/lh4.googleusercontent.com\/-YBhzQhRD7Qs\/Ur4Ro6UupcI\/AAAAAAAAHNI\/_nZu1W7_lbc\/w958-h599-no\/Festivali+Rinise+15+-+26.12.2013+-+5.jpg\" \/><\/span><\/p>\n<p><span style=\"color: #000000; font-family: helvetica; font-size: 12pt;\"><img decoding=\"async\" class=\"lazyload HAa Eha\" style=\"height: 630px; width: 800px; border-width: 1px; border-style: solid; margin: 10px auto; display: block;\" alt=\"\" src=\"data:image\/gif;base64,R0lGODlhAQABAAAAACH5BAEKAAEALAAAAAABAAEAAAICTAEAOw==\" data-orig-src=\"https:\/\/lh5.googleusercontent.com\/-e0NBxdCnzN4\/Ur4Rmx_hXqI\/AAAAAAAAHMs\/cpVhom3V8sY\/w958-h755-no\/Festivali+Rinise+15+-+26.12.2013+-+4.jpg\" \/><\/span><\/p>\n<p><span style=\"color: #000000; font-family: helvetica; font-size: 12pt;\"><img decoding=\"async\" class=\"lazyload HAa Eha\" style=\"height: 534px; width: 800px; border-width: 1px; border-style: solid; margin: 10px auto; display: block;\" alt=\"\" src=\"data:image\/gif;base64,R0lGODlhAQABAAAAACH5BAEKAAEALAAAAAABAAEAAAICTAEAOw==\" data-orig-src=\"https:\/\/lh4.googleusercontent.com\/-JqQKPFG-Qjg\/Ur4RpMHu4SI\/AAAAAAAAHM4\/i-LjK5dS_VY\/w958-h639-no\/Festivali+Rinise+15+-+26.12.2013+-+6.jpg\" \/><\/span><\/p>\n<p><span style=\"color: #000000; font-family: helvetica; font-size: 12pt;\"><img decoding=\"async\" class=\"lazyload HAa Eha\" style=\"height: 533px; width: 800px; border-width: 1px; border-style: solid; margin: 10px auto; display: block;\" alt=\"\" src=\"data:image\/gif;base64,R0lGODlhAQABAAAAACH5BAEKAAEALAAAAAABAAEAAAICTAEAOw==\" data-orig-src=\"https:\/\/lh3.googleusercontent.com\/-QXzRkySQ_vA\/Ur4RprtcroI\/AAAAAAAAHNE\/qaSmAHkvpx0\/w720-h480-no\/Festivali+Rinise+15+-+26.12.2013+-+7.jpg\" \/><\/span><\/p>\n<p><span style=\"color: #000000; font-family: helvetica; font-size: 12pt;\"><img decoding=\"async\" class=\"lazyload HAa Eha\" style=\"height: 598px; width: 800px; border-width: 1px; border-style: solid; margin: 10px auto; display: block;\" alt=\"\" src=\"data:image\/gif;base64,R0lGODlhAQABAAAAACH5BAEKAAEALAAAAAABAAEAAAICTAEAOw==\" data-orig-src=\"https:\/\/lh5.googleusercontent.com\/-t0E7ETU1i5w\/Ur4RqBvnADI\/AAAAAAAAHNM\/OaI2Wz5kiL0\/w958-h716-no\/Festivali+Rinise+15+-+26.12.2013+-+8.jpg\" \/><\/span><\/p>\n<p><span style=\"color: #000000; font-family: helvetica; font-size: 12pt;\"><img decoding=\"async\" class=\"lazyload HAa Eha\" style=\"height: 477px; width: 800px; border-width: 1px; border-style: solid; margin: 10px auto; display: block;\" alt=\"\" src=\"data:image\/gif;base64,R0lGODlhAQABAAAAACH5BAEKAAEALAAAAAABAAEAAAICTAEAOw==\" data-orig-src=\"https:\/\/lh3.googleusercontent.com\/-LMf_8P9rMIk\/Ur4RKdPDSPI\/AAAAAAAAHKk\/uPm3puGUl-o\/w958-h571-no\/Festivali+Rinise+15+-+26.12.2013+-+10.jpg\" \/><\/span><\/p>\n<p><span style=\"color: #000000; font-family: helvetica; font-size: 12pt;\"><img decoding=\"async\" class=\"lazyload HAa Eha\" style=\"height: 800px; width: 635px; border-width: 1px; border-style: solid; margin: 10px auto; display: block;\" alt=\"\" src=\"data:image\/gif;base64,R0lGODlhAQABAAAAACH5BAEKAAEALAAAAAABAAEAAAICTAEAOw==\" data-orig-src=\"https:\/\/lh6.googleusercontent.com\/-Wd2EHFZPkM4\/Ur4Rr97jtZI\/AAAAAAAAHNU\/UoyC9RyZGFY\/w602-h758-no\/Festivali+Rinise+15+-+26.12.2013+-+9.jpg\" \/><\/span><\/p>\n<p><span style=\"color: #000000; font-family: helvetica; font-size: 12pt;\"><img decoding=\"async\" class=\"lazyload HAa Eha\" style=\"height: 534px; width: 800px; border-width: 1px; border-style: solid; margin: 10px auto; display: block;\" alt=\"\" src=\"data:image\/gif;base64,R0lGODlhAQABAAAAACH5BAEKAAEALAAAAAABAAEAAAICTAEAOw==\" data-orig-src=\"https:\/\/lh4.googleusercontent.com\/-FKn5DSwapmA\/Ur4RNc5ntzI\/AAAAAAAAHK0\/kJQP3GkhygY\/w958-h639-no\/Festivali+Rinise+15+-+26.12.2013+-+11.jpg\" \/><img decoding=\"async\" class=\"lazyload HAa Eha\" style=\"height: 534px; width: 800px; border-width: 1px; border-style: solid; margin: 10px auto; display: block;\" alt=\"\" src=\"data:image\/gif;base64,R0lGODlhAQABAAAAACH5BAEKAAEALAAAAAABAAEAAAICTAEAOw==\" data-orig-src=\"https:\/\/lh5.googleusercontent.com\/-k-Pwacyfwp8\/Ur4zBCNnb_I\/AAAAAAAAHOY\/MXnKeuFBAow\/w958-h639-no\/Youth+Festival+010.jpg\" \/><\/span><\/p>\n<p><span style=\"color: #000000; font-family: helvetica; font-size: 12pt;\"><img decoding=\"async\" class=\"lazyload HAa Eha\" style=\"height: 534px; width: 800px; border-width: 1px; border-style: solid; margin: 10px auto; display: block;\" alt=\"\" src=\"data:image\/gif;base64,R0lGODlhAQABAAAAACH5BAEKAAEALAAAAAABAAEAAAICTAEAOw==\" data-orig-src=\"https:\/\/lh4.googleusercontent.com\/-d9ok2HnNFMU\/Ur4RNsBeAHI\/AAAAAAAAHKw\/VGdXd3f1WPE\/w958-h639-no\/Festivali+Rinise+15+-+26.12.2013+-+16.jpg\" \/><\/span><\/p>\n<p><span style=\"color: #000000; font-family: helvetica; font-size: 12pt;\"><img decoding=\"async\" class=\"lazyload HAa Eha\" style=\"height: 534px; width: 800px; border-width: 1px; border-style: solid; margin: 10px auto; display: block;\" alt=\"\" src=\"data:image\/gif;base64,R0lGODlhAQABAAAAACH5BAEKAAEALAAAAAABAAEAAAICTAEAOw==\" data-orig-src=\"https:\/\/lh4.googleusercontent.com\/-daBEU0xdhOQ\/Ur4RSk02EhI\/AAAAAAAAHK8\/WESctpGpLeE\/w958-h639-no\/Festivali+Rinise+15+-+26.12.2013+-+17.jpg\" \/><\/span><\/p>\n<p><span style=\"color: #000000; font-family: helvetica; font-size: 12pt;\"><img decoding=\"async\" class=\"lazyload HAa Eha\" style=\"height: 600px; width: 800px; border-width: 1px; border-style: solid; margin: 10px auto; display: block;\" alt=\"\" src=\"data:image\/gif;base64,R0lGODlhAQABAAAAACH5BAEKAAEALAAAAAABAAEAAAICTAEAOw==\" data-orig-src=\"https:\/\/lh3.googleusercontent.com\/-GSQK6BsF6Vw\/Ur4RUIIOlFI\/AAAAAAAAHLI\/XcUBv4Pvr-4\/w958-h719-no\/Festivali+Rinise+15+-+26.12.2013+-+19.jpg\" \/><\/span><\/p>\n<p><span style=\"color: #000000; font-family: helvetica; font-size: 12pt;\"><img decoding=\"async\" class=\"lazyload HAa Eha\" style=\"height: 559px; width: 800px; border-width: 1px; border-style: solid; margin: 10px auto; display: block;\" alt=\"\" src=\"data:image\/gif;base64,R0lGODlhAQABAAAAACH5BAEKAAEALAAAAAABAAEAAAICTAEAOw==\" data-orig-src=\"https:\/\/lh5.googleusercontent.com\/-0NU8c54J-2Q\/Ur4RYoWMdhI\/AAAAAAAAHLk\/_6uP4UPN1jE\/w958-h670-no\/Festivali+Rinise+15+-+26.12.2013+-+20.jpg\" \/><\/span><\/p>\n<p><span style=\"color: #000000; font-family: helvetica; font-size: 12pt;\"><img decoding=\"async\" class=\"lazyload HAa Eha\" style=\"height: 534px; width: 800px; border-width: 1px; border-style: solid; margin: 10px auto; display: block;\" alt=\"\" src=\"data:image\/gif;base64,R0lGODlhAQABAAAAACH5BAEKAAEALAAAAAABAAEAAAICTAEAOw==\" data-orig-src=\"https:\/\/lh4.googleusercontent.com\/-NdhRe-iGE54\/Ur4RY6lNLlI\/AAAAAAAAHLg\/GaiVoQGxcAk\/w958-h639-no\/Festivali+Rinise+15+-+26.12.2013+-+21.jpg\" \/><\/span><\/p>\n<p><span style=\"color: #000000; font-family: helvetica; font-size: 12pt;\"><img decoding=\"async\" class=\"lazyload HAa Eha\" style=\"height: 488px; width: 800px; border-width: 1px; border-style: solid; margin: 10px auto; display: block;\" alt=\"\" src=\"data:image\/gif;base64,R0lGODlhAQABAAAAACH5BAEKAAEALAAAAAABAAEAAAICTAEAOw==\" data-orig-src=\"https:\/\/lh3.googleusercontent.com\/-sx8wZdpHpTU\/Ur4RduOEsXI\/AAAAAAAAHMA\/8OGy5QfsLpU\/w958-h584-no\/Festivali+Rinise+15+-+26.12.2013+-+23.jpg\" \/><\/span><\/p>\n<p><span style=\"color: #000000; font-family: helvetica; font-size: 12pt;\"><img decoding=\"async\" class=\"lazyload HAa Eha\" style=\"height: 600px; width: 800px; border-width: 1px; border-style: solid; margin: 10px auto; display: block;\" alt=\"\" src=\"data:image\/gif;base64,R0lGODlhAQABAAAAACH5BAEKAAEALAAAAAABAAEAAAICTAEAOw==\" data-orig-src=\"https:\/\/lh5.googleusercontent.com\/-P39o53pqmH0\/Ur4RecSPcgI\/AAAAAAAAHME\/Y20YFV39BrE\/w958-h719-no\/Festivali+Rinise+15+-+26.12.2013+-+25.jpg\" \/><\/span><\/p>\n<p><span style=\"color: #000000; font-family: helvetica; font-size: 12pt;\"><img decoding=\"async\" class=\"lazyload HAa Eha\" style=\"height: 548px; width: 800px; border-width: 1px; border-style: solid; margin: 10px auto; display: block;\" alt=\"\" src=\"data:image\/gif;base64,R0lGODlhAQABAAAAACH5BAEKAAEALAAAAAABAAEAAAICTAEAOw==\" data-orig-src=\"https:\/\/lh5.googleusercontent.com\/-dA9fzpzQpRU\/Ur4RgX03HjI\/AAAAAAAAHMM\/uO6ROeJHH5Y\/w958-h656-no\/Festivali+Rinise+15+-+26.12.2013+-+26.jpg\" \/><\/span><\/p>\n<p><span style=\"color: #000000; font-family: helvetica; font-size: 12pt;\"><img decoding=\"async\" class=\"lazyload HAa Eha\" style=\"height: 463px; width: 800px; border-width: 1px; border-style: solid; margin: 10px auto; display: block;\" alt=\"\" src=\"data:image\/gif;base64,R0lGODlhAQABAAAAACH5BAEKAAEALAAAAAABAAEAAAICTAEAOw==\" data-orig-src=\"https:\/\/lh3.googleusercontent.com\/-Cb3aIkWR1l0\/Ur4RjuwB46I\/AAAAAAAAHMk\/oKqNsYYwJBA\/w958-h554-no\/Festivali+Rinise+15+-+26.12.2013+-+27.jpg\" \/><\/span><\/p>\n<p><span style=\"color: #000000; font-family: helvetica; font-size: 12pt;\"><img decoding=\"async\" class=\"lazyload HAa Eha\" style=\"height: 529px; width: 800px; border-width: 1px; border-style: solid; margin: 10px auto; display: block;\" alt=\"\" src=\"data:image\/gif;base64,R0lGODlhAQABAAAAACH5BAEKAAEALAAAAAABAAEAAAICTAEAOw==\" data-orig-src=\"https:\/\/lh3.googleusercontent.com\/-beSVCv2h_a4\/Ur4TG37yRnI\/AAAAAAAAHNs\/aCRit57eqpo\/w958-h633-no\/Festivali+Rinise+15+-+26.12.2013+-+28.jpg\" \/><\/span><\/p>\n","protected":false},"excerpt":{"rendered":"<p>&nbsp;&nbsp;&nbsp; N\u00eb dt.26 dhjetor 2013 u zhvillua Festivali 15 i Rinis\u00eb Orthodhokse t\u00eb Shqip\u00ebris\u00eb &#8220;Bijt\u00eb e Drit\u00ebs&#8221;, n\u00ebn kujdesin e Fortlumturis\u00eb s\u00eb Tij, Kryepiskopit Anastas, n\u00eb amfiteatrin e Katedrales &#8220;Ngjallja e Krishtit&#8221;, Tiran\u00eb. &nbsp;&nbsp;&nbsp; N\u00eb k\u00ebt\u00eb festival mor\u00ebn pjes\u00eb grupe t\u00eb ndryshme rinore orthodhokse: t\u00eb Tiran\u00ebs (Kori dhe Orkestrina e Radios &#8220;Ngjallja&#8221;), t\u00eb Durr\u00ebsit, t\u00eb Beratit, t\u00eb Vlor\u00ebs, t\u00eb Elbasanit, t\u00eb Fikasit (Elbasan), t\u00eb Sh\u00ebn<\/p>\n","protected":false},"author":5,"featured_media":528,"comment_status":"open","ping_status":"open","sticky":false,"template":"","format":"standard","meta":{"_acf_changed":false,"pagelayer_contact_templates":[],"_pagelayer_content":"","inline_featured_image":false,"fifu_image_url":"","fifu_image_alt":"","footnotes":""},"categories":[108],"tags":[141,192,196,201,212,176],"class_list":["post-527","post","type-post","status-publish","format-standard","has-post-thumbnail","hentry","category-lajme","tag-141","tag-krishtlindje","tag-tirane","tag-kryepiskopi-anastas","tag-lajme-d27","tag-rinia-orthodhokse"],"acf":[],"yoast_head":"<!-- This site is optimized with the Yoast SEO plugin v27.2 - https:\/\/yoast.com\/product\/yoast-seo-wordpress\/ -->\n<title>Festivali 15 i Rinis\u00eb Orthodhokse t\u00eb Shqip\u00ebris\u00eb,Tiran\u00eb 26.12.2013. - Kisha Orthodh\u03bfkse Autoqefale e Shqip\u00ebris\u00eb<\/title>\n<meta name=\"robots\" content=\"index, follow, max-snippet:-1, max-image-preview:large, max-video-preview:-1\" \/>\n<link rel=\"canonical\" href=\"https:\/\/orthodoxalbania.org\/2020\/2013\/12\/27\/festivali-15-i-rinise-orthodhokse-te-shqiperise-tirane-26-12-2013\/\" \/>\n<meta property=\"og:locale\" content=\"en_US\" \/>\n<meta property=\"og:type\" content=\"article\" \/>\n<meta property=\"og:title\" content=\"Festivali 15 i Rinis\u00eb Orthodhokse t\u00eb Shqip\u00ebris\u00eb,Tiran\u00eb 26.12.2013. - Kisha Orthodh\u03bfkse Autoqefale e Shqip\u00ebris\u00eb\" \/>\n<meta property=\"og:description\" content=\"&nbsp;&nbsp;&nbsp; N\u00eb dt.26 dhjetor 2013 u zhvillua Festivali 15 i Rinis\u00eb Orthodhokse t\u00eb Shqip\u00ebris\u00eb &#8220;Bijt\u00eb e Drit\u00ebs&#8221;, n\u00ebn kujdesin e Fortlumturis\u00eb s\u00eb Tij, Kryepiskopit Anastas, n\u00eb amfiteatrin e Katedrales &#8220;Ngjallja e Krishtit&#8221;, Tiran\u00eb. &nbsp;&nbsp;&nbsp; N\u00eb k\u00ebt\u00eb festival mor\u00ebn pjes\u00eb grupe t\u00eb ndryshme rinore orthodhokse: t\u00eb Tiran\u00ebs (Kori dhe Orkestrina e Radios &#8220;Ngjallja&#8221;), t\u00eb Durr\u00ebsit, t\u00eb Beratit, t\u00eb Vlor\u00ebs, t\u00eb Elbasanit, t\u00eb Fikasit (Elbasan), t\u00eb Sh\u00ebn\" \/>\n<meta property=\"og:url\" content=\"https:\/\/orthodoxalbania.org\/2020\/2013\/12\/27\/festivali-15-i-rinise-orthodhokse-te-shqiperise-tirane-26-12-2013\/\" \/>\n<meta property=\"og:site_name\" content=\"Kisha Orthodh\u03bfkse Autoqefale e Shqip\u00ebris\u00eb\" \/>\n<meta property=\"article:publisher\" content=\"https:\/\/www.facebook.com\/koash1991\" \/>\n<meta property=\"article:published_time\" content=\"2013-12-27T23:58:05+00:00\" \/>\n<meta property=\"article:modified_time\" content=\"2020-04-06T20:05:23+00:00\" \/>\n<meta property=\"og:image\" content=\"https:\/\/orthodoxalbania.org\/2020\/wp-content\/uploads\/2020\/04\/Festivali-Rinise-15---26.12.2013---27.jpg\" \/>\n\t<meta property=\"og:image:width\" content=\"958\" \/>\n\t<meta property=\"og:image:height\" content=\"554\" \/>\n\t<meta property=\"og:image:type\" content=\"image\/jpeg\" \/>\n<meta name=\"author\" content=\"Administrator3\" \/>\n<meta name=\"twitter:card\" content=\"summary_large_image\" \/>\n<meta name=\"twitter:label1\" content=\"Written by\" \/>\n\t<meta name=\"twitter:data1\" content=\"Administrator3\" \/>\n\t<meta name=\"twitter:label2\" content=\"Est. reading time\" \/>\n\t<meta name=\"twitter:data2\" content=\"1 minute\" \/>\n<script type=\"application\/ld+json\" class=\"yoast-schema-graph\">{\"@context\":\"https:\/\/schema.org\",\"@graph\":[{\"@type\":\"Article\",\"@id\":\"https:\/\/orthodoxalbania.org\/2020\/2013\/12\/27\/festivali-15-i-rinise-orthodhokse-te-shqiperise-tirane-26-12-2013\/#article\",\"isPartOf\":{\"@id\":\"https:\/\/orthodoxalbania.org\/2020\/2013\/12\/27\/festivali-15-i-rinise-orthodhokse-te-shqiperise-tirane-26-12-2013\/\"},\"author\":{\"name\":\"Administrator3\",\"@id\":\"https:\/\/orthodoxalbania.org\/2020\/#\/schema\/person\/8f81792a8d818674e96c380e1085eb43\"},\"headline\":\"Festivali 15 i Rinis\u00eb Orthodhokse t\u00eb Shqip\u00ebris\u00eb,Tiran\u00eb 26.12.2013.\",\"datePublished\":\"2013-12-27T23:58:05+00:00\",\"dateModified\":\"2020-04-06T20:05:23+00:00\",\"mainEntityOfPage\":{\"@id\":\"https:\/\/orthodoxalbania.org\/2020\/2013\/12\/27\/festivali-15-i-rinise-orthodhokse-te-shqiperise-tirane-26-12-2013\/\"},\"wordCount\":269,\"commentCount\":0,\"publisher\":{\"@id\":\"https:\/\/orthodoxalbania.org\/2020\/#organization\"},\"image\":{\"@id\":\"https:\/\/orthodoxalbania.org\/2020\/2013\/12\/27\/festivali-15-i-rinise-orthodhokse-te-shqiperise-tirane-26-12-2013\/#primaryimage\"},\"thumbnailUrl\":\"https:\/\/orthodoxalbania.org\/2020\/wp-content\/uploads\/2020\/04\/Festivali-Rinise-15---26.12.2013---27.jpg\",\"keywords\":[\"2013\",\"Krishtlindje\",\"Kryepiskopata Tiran\u00eb\",\"Kryepiskopi Anastas\",\"lajme\",\"Rinia Orthodhokse\"],\"articleSection\":[\"Lajme\"],\"inLanguage\":\"en-US\"},{\"@type\":\"WebPage\",\"@id\":\"https:\/\/orthodoxalbania.org\/2020\/2013\/12\/27\/festivali-15-i-rinise-orthodhokse-te-shqiperise-tirane-26-12-2013\/\",\"url\":\"https:\/\/orthodoxalbania.org\/2020\/2013\/12\/27\/festivali-15-i-rinise-orthodhokse-te-shqiperise-tirane-26-12-2013\/\",\"name\":\"Festivali 15 i Rinis\u00eb Orthodhokse t\u00eb Shqip\u00ebris\u00eb,Tiran\u00eb 26.12.2013. - Kisha Orthodh\u03bfkse Autoqefale e Shqip\u00ebris\u00eb\",\"isPartOf\":{\"@id\":\"https:\/\/orthodoxalbania.org\/2020\/#website\"},\"primaryImageOfPage\":{\"@id\":\"https:\/\/orthodoxalbania.org\/2020\/2013\/12\/27\/festivali-15-i-rinise-orthodhokse-te-shqiperise-tirane-26-12-2013\/#primaryimage\"},\"image\":{\"@id\":\"https:\/\/orthodoxalbania.org\/2020\/2013\/12\/27\/festivali-15-i-rinise-orthodhokse-te-shqiperise-tirane-26-12-2013\/#primaryimage\"},\"thumbnailUrl\":\"https:\/\/orthodoxalbania.org\/2020\/wp-content\/uploads\/2020\/04\/Festivali-Rinise-15---26.12.2013---27.jpg\",\"datePublished\":\"2013-12-27T23:58:05+00:00\",\"dateModified\":\"2020-04-06T20:05:23+00:00\",\"breadcrumb\":{\"@id\":\"https:\/\/orthodoxalbania.org\/2020\/2013\/12\/27\/festivali-15-i-rinise-orthodhokse-te-shqiperise-tirane-26-12-2013\/#breadcrumb\"},\"inLanguage\":\"en-US\",\"potentialAction\":[{\"@type\":\"ReadAction\",\"target\":[\"https:\/\/orthodoxalbania.org\/2020\/2013\/12\/27\/festivali-15-i-rinise-orthodhokse-te-shqiperise-tirane-26-12-2013\/\"]}]},{\"@type\":\"ImageObject\",\"inLanguage\":\"en-US\",\"@id\":\"https:\/\/orthodoxalbania.org\/2020\/2013\/12\/27\/festivali-15-i-rinise-orthodhokse-te-shqiperise-tirane-26-12-2013\/#primaryimage\",\"url\":\"https:\/\/orthodoxalbania.org\/2020\/wp-content\/uploads\/2020\/04\/Festivali-Rinise-15---26.12.2013---27.jpg\",\"contentUrl\":\"https:\/\/orthodoxalbania.org\/2020\/wp-content\/uploads\/2020\/04\/Festivali-Rinise-15---26.12.2013---27.jpg\",\"width\":958,\"height\":554},{\"@type\":\"BreadcrumbList\",\"@id\":\"https:\/\/orthodoxalbania.org\/2020\/2013\/12\/27\/festivali-15-i-rinise-orthodhokse-te-shqiperise-tirane-26-12-2013\/#breadcrumb\",\"itemListElement\":[{\"@type\":\"ListItem\",\"position\":1,\"name\":\"Home\",\"item\":\"https:\/\/orthodoxalbania.org\/2020\/\"},{\"@type\":\"ListItem\",\"position\":2,\"name\":\"Festivali 15 i Rinis\u00eb Orthodhokse t\u00eb Shqip\u00ebris\u00eb,Tiran\u00eb 26.12.2013.\"}]},{\"@type\":\"WebSite\",\"@id\":\"https:\/\/orthodoxalbania.org\/2020\/#website\",\"url\":\"https:\/\/orthodoxalbania.org\/2020\/\",\"name\":\"Kisha Orthodh\u03bfkse Autoqefale e Shqip\u00ebris\u00eb\",\"description\":\"Fqja Zyrtare e Kish\u00ebs Orthodhokse Autoqefale e Shqip\u00ebris\u00eb me lajmet edhe informacionet zyrtare p\u00ebr struktur\u00ebn edhe veprimtarin e saj.\",\"publisher\":{\"@id\":\"https:\/\/orthodoxalbania.org\/2020\/#organization\"},\"potentialAction\":[{\"@type\":\"SearchAction\",\"target\":{\"@type\":\"EntryPoint\",\"urlTemplate\":\"https:\/\/orthodoxalbania.org\/2020\/?s={search_term_string}\"},\"query-input\":{\"@type\":\"PropertyValueSpecification\",\"valueRequired\":true,\"valueName\":\"search_term_string\"}}],\"inLanguage\":\"en-US\"},{\"@type\":\"Organization\",\"@id\":\"https:\/\/orthodoxalbania.org\/2020\/#organization\",\"name\":\"Kisha Orthodhokse Autoqefale e Shqip\u00ebris\u00eb\",\"url\":\"https:\/\/orthodoxalbania.org\/2020\/\",\"logo\":{\"@type\":\"ImageObject\",\"inLanguage\":\"en-US\",\"@id\":\"https:\/\/orthodoxalbania.org\/2020\/#\/schema\/logo\/image\/\",\"url\":\"https:\/\/orthodoxalbania.org\/2020\/wp-content\/uploads\/2020\/05\/albania.jpeg\",\"contentUrl\":\"https:\/\/orthodoxalbania.org\/2020\/wp-content\/uploads\/2020\/05\/albania.jpeg\",\"width\":540,\"height\":540,\"caption\":\"Kisha Orthodhokse Autoqefale e Shqip\u00ebris\u00eb\"},\"image\":{\"@id\":\"https:\/\/orthodoxalbania.org\/2020\/#\/schema\/logo\/image\/\"},\"sameAs\":[\"https:\/\/www.facebook.com\/koash1991\"]},{\"@type\":\"Person\",\"@id\":\"https:\/\/orthodoxalbania.org\/2020\/#\/schema\/person\/8f81792a8d818674e96c380e1085eb43\",\"name\":\"Administrator3\",\"image\":{\"@type\":\"ImageObject\",\"inLanguage\":\"en-US\",\"@id\":\"https:\/\/secure.gravatar.com\/avatar\/f6b85b21b3f9159ff2c0d0cf50724456629c45a3e9069c9124ecd8a6cb95f6ca?s=96&d=mm&r=g\",\"url\":\"https:\/\/secure.gravatar.com\/avatar\/f6b85b21b3f9159ff2c0d0cf50724456629c45a3e9069c9124ecd8a6cb95f6ca?s=96&d=mm&r=g\",\"contentUrl\":\"https:\/\/secure.gravatar.com\/avatar\/f6b85b21b3f9159ff2c0d0cf50724456629c45a3e9069c9124ecd8a6cb95f6ca?s=96&d=mm&r=g\",\"caption\":\"Administrator3\"}}]}<\/script>\n<!-- \/ Yoast SEO plugin. -->","yoast_head_json":{"title":"Festivali 15 i Rinis\u00eb Orthodhokse t\u00eb Shqip\u00ebris\u00eb,Tiran\u00eb 26.12.2013. - Kisha Orthodh\u03bfkse Autoqefale e Shqip\u00ebris\u00eb","robots":{"index":"index","follow":"follow","max-snippet":"max-snippet:-1","max-image-preview":"max-image-preview:large","max-video-preview":"max-video-preview:-1"},"canonical":"https:\/\/orthodoxalbania.org\/2020\/2013\/12\/27\/festivali-15-i-rinise-orthodhokse-te-shqiperise-tirane-26-12-2013\/","og_locale":"en_US","og_type":"article","og_title":"Festivali 15 i Rinis\u00eb Orthodhokse t\u00eb Shqip\u00ebris\u00eb,Tiran\u00eb 26.12.2013. - Kisha Orthodh\u03bfkse Autoqefale e Shqip\u00ebris\u00eb","og_description":"&nbsp;&nbsp;&nbsp; N\u00eb dt.26 dhjetor 2013 u zhvillua Festivali 15 i Rinis\u00eb Orthodhokse t\u00eb Shqip\u00ebris\u00eb &#8220;Bijt\u00eb e Drit\u00ebs&#8221;, n\u00ebn kujdesin e Fortlumturis\u00eb s\u00eb Tij, Kryepiskopit Anastas, n\u00eb amfiteatrin e Katedrales &#8220;Ngjallja e Krishtit&#8221;, Tiran\u00eb. &nbsp;&nbsp;&nbsp; N\u00eb k\u00ebt\u00eb festival mor\u00ebn pjes\u00eb grupe t\u00eb ndryshme rinore orthodhokse: t\u00eb Tiran\u00ebs (Kori dhe Orkestrina e Radios &#8220;Ngjallja&#8221;), t\u00eb Durr\u00ebsit, t\u00eb Beratit, t\u00eb Vlor\u00ebs, t\u00eb Elbasanit, t\u00eb Fikasit (Elbasan), t\u00eb Sh\u00ebn","og_url":"https:\/\/orthodoxalbania.org\/2020\/2013\/12\/27\/festivali-15-i-rinise-orthodhokse-te-shqiperise-tirane-26-12-2013\/","og_site_name":"Kisha Orthodh\u03bfkse Autoqefale e Shqip\u00ebris\u00eb","article_publisher":"https:\/\/www.facebook.com\/koash1991","article_published_time":"2013-12-27T23:58:05+00:00","article_modified_time":"2020-04-06T20:05:23+00:00","og_image":[{"width":958,"height":554,"url":"https:\/\/orthodoxalbania.org\/2020\/wp-content\/uploads\/2020\/04\/Festivali-Rinise-15---26.12.2013---27.jpg","type":"image\/jpeg"}],"author":"Administrator3","twitter_card":"summary_large_image","twitter_misc":{"Written by":"Administrator3","Est. reading time":"1 minute"},"schema":{"@context":"https:\/\/schema.org","@graph":[{"@type":"Article","@id":"https:\/\/orthodoxalbania.org\/2020\/2013\/12\/27\/festivali-15-i-rinise-orthodhokse-te-shqiperise-tirane-26-12-2013\/#article","isPartOf":{"@id":"https:\/\/orthodoxalbania.org\/2020\/2013\/12\/27\/festivali-15-i-rinise-orthodhokse-te-shqiperise-tirane-26-12-2013\/"},"author":{"name":"Administrator3","@id":"https:\/\/orthodoxalbania.org\/2020\/#\/schema\/person\/8f81792a8d818674e96c380e1085eb43"},"headline":"Festivali 15 i Rinis\u00eb Orthodhokse t\u00eb Shqip\u00ebris\u00eb,Tiran\u00eb 26.12.2013.","datePublished":"2013-12-27T23:58:05+00:00","dateModified":"2020-04-06T20:05:23+00:00","mainEntityOfPage":{"@id":"https:\/\/orthodoxalbania.org\/2020\/2013\/12\/27\/festivali-15-i-rinise-orthodhokse-te-shqiperise-tirane-26-12-2013\/"},"wordCount":269,"commentCount":0,"publisher":{"@id":"https:\/\/orthodoxalbania.org\/2020\/#organization"},"image":{"@id":"https:\/\/orthodoxalbania.org\/2020\/2013\/12\/27\/festivali-15-i-rinise-orthodhokse-te-shqiperise-tirane-26-12-2013\/#primaryimage"},"thumbnailUrl":"https:\/\/orthodoxalbania.org\/2020\/wp-content\/uploads\/2020\/04\/Festivali-Rinise-15---26.12.2013---27.jpg","keywords":["2013","Krishtlindje","Kryepiskopata Tiran\u00eb","Kryepiskopi Anastas","lajme","Rinia Orthodhokse"],"articleSection":["Lajme"],"inLanguage":"en-US"},{"@type":"WebPage","@id":"https:\/\/orthodoxalbania.org\/2020\/2013\/12\/27\/festivali-15-i-rinise-orthodhokse-te-shqiperise-tirane-26-12-2013\/","url":"https:\/\/orthodoxalbania.org\/2020\/2013\/12\/27\/festivali-15-i-rinise-orthodhokse-te-shqiperise-tirane-26-12-2013\/","name":"Festivali 15 i Rinis\u00eb Orthodhokse t\u00eb Shqip\u00ebris\u00eb,Tiran\u00eb 26.12.2013. - Kisha Orthodh\u03bfkse Autoqefale e Shqip\u00ebris\u00eb","isPartOf":{"@id":"https:\/\/orthodoxalbania.org\/2020\/#website"},"primaryImageOfPage":{"@id":"https:\/\/orthodoxalbania.org\/2020\/2013\/12\/27\/festivali-15-i-rinise-orthodhokse-te-shqiperise-tirane-26-12-2013\/#primaryimage"},"image":{"@id":"https:\/\/orthodoxalbania.org\/2020\/2013\/12\/27\/festivali-15-i-rinise-orthodhokse-te-shqiperise-tirane-26-12-2013\/#primaryimage"},"thumbnailUrl":"https:\/\/orthodoxalbania.org\/2020\/wp-content\/uploads\/2020\/04\/Festivali-Rinise-15---26.12.2013---27.jpg","datePublished":"2013-12-27T23:58:05+00:00","dateModified":"2020-04-06T20:05:23+00:00","breadcrumb":{"@id":"https:\/\/orthodoxalbania.org\/2020\/2013\/12\/27\/festivali-15-i-rinise-orthodhokse-te-shqiperise-tirane-26-12-2013\/#breadcrumb"},"inLanguage":"en-US","potentialAction":[{"@type":"ReadAction","target":["https:\/\/orthodoxalbania.org\/2020\/2013\/12\/27\/festivali-15-i-rinise-orthodhokse-te-shqiperise-tirane-26-12-2013\/"]}]},{"@type":"ImageObject","inLanguage":"en-US","@id":"https:\/\/orthodoxalbania.org\/2020\/2013\/12\/27\/festivali-15-i-rinise-orthodhokse-te-shqiperise-tirane-26-12-2013\/#primaryimage","url":"https:\/\/orthodoxalbania.org\/2020\/wp-content\/uploads\/2020\/04\/Festivali-Rinise-15---26.12.2013---27.jpg","contentUrl":"https:\/\/orthodoxalbania.org\/2020\/wp-content\/uploads\/2020\/04\/Festivali-Rinise-15---26.12.2013---27.jpg","width":958,"height":554},{"@type":"BreadcrumbList","@id":"https:\/\/orthodoxalbania.org\/2020\/2013\/12\/27\/festivali-15-i-rinise-orthodhokse-te-shqiperise-tirane-26-12-2013\/#breadcrumb","itemListElement":[{"@type":"ListItem","position":1,"name":"Home","item":"https:\/\/orthodoxalbania.org\/2020\/"},{"@type":"ListItem","position":2,"name":"Festivali 15 i Rinis\u00eb Orthodhokse t\u00eb Shqip\u00ebris\u00eb,Tiran\u00eb 26.12.2013."}]},{"@type":"WebSite","@id":"https:\/\/orthodoxalbania.org\/2020\/#website","url":"https:\/\/orthodoxalbania.org\/2020\/","name":"Kisha Orthodh\u03bfkse Autoqefale e Shqip\u00ebris\u00eb","description":"Fqja Zyrtare e Kish\u00ebs Orthodhokse Autoqefale e Shqip\u00ebris\u00eb me lajmet edhe informacionet zyrtare p\u00ebr struktur\u00ebn edhe veprimtarin e saj.","publisher":{"@id":"https:\/\/orthodoxalbania.org\/2020\/#organization"},"potentialAction":[{"@type":"SearchAction","target":{"@type":"EntryPoint","urlTemplate":"https:\/\/orthodoxalbania.org\/2020\/?s={search_term_string}"},"query-input":{"@type":"PropertyValueSpecification","valueRequired":true,"valueName":"search_term_string"}}],"inLanguage":"en-US"},{"@type":"Organization","@id":"https:\/\/orthodoxalbania.org\/2020\/#organization","name":"Kisha Orthodhokse Autoqefale e Shqip\u00ebris\u00eb","url":"https:\/\/orthodoxalbania.org\/2020\/","logo":{"@type":"ImageObject","inLanguage":"en-US","@id":"https:\/\/orthodoxalbania.org\/2020\/#\/schema\/logo\/image\/","url":"https:\/\/orthodoxalbania.org\/2020\/wp-content\/uploads\/2020\/05\/albania.jpeg","contentUrl":"https:\/\/orthodoxalbania.org\/2020\/wp-content\/uploads\/2020\/05\/albania.jpeg","width":540,"height":540,"caption":"Kisha Orthodhokse Autoqefale e Shqip\u00ebris\u00eb"},"image":{"@id":"https:\/\/orthodoxalbania.org\/2020\/#\/schema\/logo\/image\/"},"sameAs":["https:\/\/www.facebook.com\/koash1991"]},{"@type":"Person","@id":"https:\/\/orthodoxalbania.org\/2020\/#\/schema\/person\/8f81792a8d818674e96c380e1085eb43","name":"Administrator3","image":{"@type":"ImageObject","inLanguage":"en-US","@id":"https:\/\/secure.gravatar.com\/avatar\/f6b85b21b3f9159ff2c0d0cf50724456629c45a3e9069c9124ecd8a6cb95f6ca?s=96&d=mm&r=g","url":"https:\/\/secure.gravatar.com\/avatar\/f6b85b21b3f9159ff2c0d0cf50724456629c45a3e9069c9124ecd8a6cb95f6ca?s=96&d=mm&r=g","contentUrl":"https:\/\/secure.gravatar.com\/avatar\/f6b85b21b3f9159ff2c0d0cf50724456629c45a3e9069c9124ecd8a6cb95f6ca?s=96&d=mm&r=g","caption":"Administrator3"}}]}},"_links":{"self":[{"href":"https:\/\/orthodoxalbania.org\/2020\/wp-json\/wp\/v2\/posts\/527","targetHints":{"allow":["GET"]}}],"collection":[{"href":"https:\/\/orthodoxalbania.org\/2020\/wp-json\/wp\/v2\/posts"}],"about":[{"href":"https:\/\/orthodoxalbania.org\/2020\/wp-json\/wp\/v2\/types\/post"}],"author":[{"embeddable":true,"href":"https:\/\/orthodoxalbania.org\/2020\/wp-json\/wp\/v2\/users\/5"}],"replies":[{"embeddable":true,"href":"https:\/\/orthodoxalbania.org\/2020\/wp-json\/wp\/v2\/comments?post=527"}],"version-history":[{"count":1,"href":"https:\/\/orthodoxalbania.org\/2020\/wp-json\/wp\/v2\/posts\/527\/revisions"}],"predecessor-version":[{"id":15136,"href":"https:\/\/orthodoxalbania.org\/2020\/wp-json\/wp\/v2\/posts\/527\/revisions\/15136"}],"wp:featuredmedia":[{"embeddable":true,"href":"https:\/\/orthodoxalbania.org\/2020\/wp-json\/wp\/v2\/media\/528"}],"wp:attachment":[{"href":"https:\/\/orthodoxalbania.org\/2020\/wp-json\/wp\/v2\/media?parent=527"}],"wp:term":[{"taxonomy":"category","embeddable":true,"href":"https:\/\/orthodoxalbania.org\/2020\/wp-json\/wp\/v2\/categories?post=527"},{"taxonomy":"post_tag","embeddable":true,"href":"https:\/\/orthodoxalbania.org\/2020\/wp-json\/wp\/v2\/tags?post=527"}],"curies":[{"name":"wp","href":"https:\/\/api.w.org\/{rel}","templated":true}]}}