{"id":5266,"date":"2017-06-01T13:58:55","date_gmt":"2017-06-01T13:58:55","guid":{"rendered":""},"modified":"2020-04-06T21:58:20","modified_gmt":"2020-04-06T19:58:20","slug":"3-vjet-nga-shenjterimi-i-katedrales-se-tiranes-ngjallja-e-krishtit","status":"publish","type":"post","link":"https:\/\/orthodoxalbania.org\/2020\/2017\/06\/01\/3-vjet-nga-shenjterimi-i-katedrales-se-tiranes-ngjallja-e-krishtit\/","title":{"rendered":"3 vjet nga Shenjt\u00ebrimi  i Katedrales s\u00eb Tiran\u00ebs \u201cNgjallja e Krishtit\u201d"},"content":{"rendered":"<p style=\"text-align: center;\"><span style=\"color: #800000;\"><strong><span style=\"font-size: 12pt; font-family: helvetica;\">1 qershor 2014 \u2013 1 qershor 2017<\/span><\/strong><\/span><\/p>\n<p style=\"text-align: center;\"><span style=\"color: #800000;\"><strong><span style=\"font-size: 12pt; font-family: helvetica;\">3 vjet nga Shenjt\u00ebrimi<\/span><\/strong><\/span><br \/><span style=\"color: #800000;\"><strong><span style=\"font-size: 12pt; font-family: helvetica;\">i Katedrales s\u00eb Tiran\u00ebs \u201cNgjallja e Krishtit\u201d<\/span><\/strong><\/span><\/p>\n<p style=\"text-align: justify;\">&nbsp;<\/p>\n<p style=\"text-align: justify;\">&nbsp;<\/p>\n<p style=\"text-align: justify;\"><span style=\"font-size: 12pt; font-family: helvetica; color: #000000;\">M\u00eb 1 qershor 2017 mbushen 3 vjet nga shenjt\u00ebrimi i Katedrales \u201cNgjallja e Krishtit\u201d n\u00eb Tiran\u00eb. Nj\u00eb p\u00ebrvjetor me dometh\u00ebnie t\u00eb shum\u00ebfishta dhe gjithmon\u00eb aktuale.<\/span><\/p>\n<p style=\"text-align: justify;\"><span style=\"font-size: 12pt; font-family: helvetica; color: #000000;\">S\u00eb pari, \u00ebsht\u00eb rikthimi n\u00eb qend\u00ebr t\u00eb kryeqytetit i \u201csyrit\u201d shpirt\u00ebror orthodhoks, nga ishte shkulur me p\u00ebrdhun\u00eb nga regjimi ateist.<\/span><\/p>\n<p style=\"text-align: justify;\"><span style=\"font-size: 12pt; font-family: helvetica; color: #000000;\">Se dyti, \u00ebsht\u00eb fakti se kjo dit\u00eb \u00ebsht\u00eb afirmimi p\u00ebrfundimtar dhe m\u00eb i qart\u00eb i rikthimit t\u00eb Kish\u00ebs Orthodhokse Autoqefale n\u00eb gjirin e Kish\u00ebs Orthodhokse t\u00eb p\u00ebrbotshme, si e barabart\u00eb mes t\u00eb barabart\u00ebve. K\u00ebt\u00eb e d\u00ebshmoi pa asnj\u00eb mund\u00ebsi ekuivoku pjes\u00ebmarrja n\u00eb Liturgjin\u00eb Hyjnore e t\u00eb gjitha Kishave t\u00eb tjera Orthodhokse. Sh\u00ebrbesat u kryesuan nga Patriarku Ekumenik, Vartholomeu, n\u00eb bashk\u00ebmeshim me Fortlumturit\u00eb e Tyre, Patriarkun e Jerusalemit, Theofilin; t\u00eb Serbis\u00eb, Irineun; t\u00eb Rumanis\u00eb, Danielin; Kryepiskopin e Qipros, Krisostomin; t\u00eb Athin\u00ebs Jeronimin, Kryepiskopin e Tiran\u00ebs, Anastasin; Kryepiskopin e Varshav\u00ebs, Sav\u00ebn. Bashk\u00ebmeshuan edhe Hir\u00ebsit\u00eb e Tyre Mitropolit\u00eb, p\u00ebrfaq\u00ebsuesit e Patriark\u00ebve t\u00eb Aleksandris\u00eb, Antiokis\u00eb, t\u00eb Mosk\u00ebs, t\u00eb Bullgaris\u00eb, t\u00eb Gjeorgjis\u00eb. Gjat\u00eb saj Patriarku Ekumenik do t\u00eb afirmonte se: <em>\u201cNa ka mbledhur sot kjo ngjarje e madhe dhe historike: Ceremonia e shenjt\u00ebrimit t\u00eb Kish\u00ebs s\u00eb Shenjt\u00eb t\u00eb Ngjalljes, e cila v\u00ebrteton edhe ngjalljen e Kish\u00ebs Orthodhokse Autoqefale n\u00eb Shqip\u00ebri&#8230; P\u00ebr ata q\u00eb nuk besojn\u00eb te Jisu Krishti ngjallja duket si mit. Por, nga p\u00ebrvoja e shenjtor\u00ebve, ne kemi p\u00ebrvoj\u00ebn e Ngjalljes, e cila \u00ebsht\u00eb edhe realiteti, dhe p\u00ebrvoja jon\u00eb biomatike. N\u00eb k\u00ebt\u00eb kuptim, edhe shenjt\u00ebrimi i k\u00ebsaj Kishe t\u00eb shk\u00eblqyer Katedrale t\u00eb Ngjalljes, p\u00ebrb\u00ebn sot nj\u00eb prov\u00eb, se Ngjallja \u00ebsht\u00eb realiteti, se Kisha Orthodhokse e Shqip\u00ebris\u00eb, e cila dikur ishte e vdekur p\u00ebr shkak t\u00eb persekutimeve ateiste, tashm\u00eb \u00ebsht\u00eb e gjall\u00eb, plot jet\u00eb dhe kreativitet\u201c.<\/em><\/span><\/p>\n<p style=\"text-align: justify;\"><span style=\"font-size: 12pt; font-family: helvetica; color: #000000;\">S\u00eb treti, ajo \u00ebsht\u00eb d\u00ebshmi e gjall\u00eb e arritjeve t\u00eb jasht\u00ebzakonshme t\u00eb Kish\u00ebs son\u00eb Orthodhokse, n\u00eb k\u00ebto vite ringjalljeje t\u00eb mrekullueshme dhe t\u00eb paprecedent nga g\u00ebrmadhat, q\u00eb i dedikohet vepr\u00ebs s\u00eb jasht\u00ebzakonshme t\u00eb Kryepiskopit Anastas.<\/span><\/p>\n<p style=\"text-align: justify;\"><span style=\"font-size: 12pt; font-family: helvetica; color: #000000;\">S\u00eb kat\u00ebrti, Kompleksi i Katedrales \u00ebsht\u00eb nj\u00eb vep\u00ebr madh\u00ebshtore arkitektonike dhe artistike. Kujtojm\u00eb k\u00ebtu mozaikun gjigant, afresket e paraklisit \u201cNgjallja e Krishtit\u201d, apo salla e madhe e shfaqjeve, e cila \u00ebsht\u00eb b\u00ebr\u00eb nj\u00eb zgjedhje nd\u00ebr zgjedhjet e preferuara p\u00ebr veprimtarit\u00eb artistike dhe jo vet\u00ebm t\u00eb kryeqytetit. Madje Kompleksi \u00ebsht\u00eb b\u00ebr\u00eb nj\u00eb nga pikat e \u201cdetyrueshme\u201d t\u00eb turist\u00ebve q\u00eb vizitojn\u00eb Tiran\u00ebn.<\/span><\/p>\n<p style=\"text-align: justify;\"><span style=\"font-size: 12pt; font-family: helvetica; color: #000000;\">P\u00ebr t\u00eb kujtuar k\u00ebt\u00eb dit\u00eb historike, n\u00eb Katedralen \u201cNgjallja e Krishtit u mbajt nj\u00eb Liturgji Hyjnore panegjerike. Ajo u krye nga Kryepiskopi Anastas dhe an\u00ebtar\u00eb t\u00eb Sinodit t\u00eb Shenjt\u00eb t\u00eb Kish\u00ebs son\u00eb, Mitropoliti i Beratit, Hir\u00ebsi Ignati, Mitropoliti i Kor\u00e7\u00ebs, Hir\u00ebsi Joani, Mitropoliti i Gjirokastr\u00ebs, Hir\u00ebsi Dhimitri, Mitropoliti i Apollonis\u00eb dhe Fierit, Hir\u00ebsi Nikolla, Mitropoliti i Amantias, Hir\u00ebsi Nathanaili dhe Episkopi i Bylisit Asti. N\u00eb t\u00eb bashk\u00ebmeshuan edhe m\u00eb shum\u00eb s\u00eb 40 klerik\u00eb nga Kryepiskopata dhe nga t\u00eb gjitha Mitropolit\u00eb. Omelin\u00eb e dit\u00ebs e mbajti At\u00eb Luka Veronis nga SHBA, q\u00eb ka sh\u00ebrbyer p\u00ebr shum\u00eb vjet n\u00eb Kish\u00ebn ton\u00eb. N\u00eb fund, duke iu drejtuar t\u00eb pranishm\u00ebve n\u00eb lidhje m\u00eb k\u00ebt\u00eb dit\u00eb t\u00eb sh\u00ebnuar, Kryepiskopi Anastas kujtoi se tre vjet m\u00eb par\u00eb n\u00eb shenjt\u00ebrim ishin p\u00ebrfaq\u00ebsues nga t\u00eb gjitha Kishat Orthodhokse dhe tet\u00eb nga primat\u00ebt e tyre. Ai theksoi se \u201cKur e nis\u00ebm k\u00ebt\u00eb p\u00ebrpjekje kur nuk do ta kishim imagjinuar dhurata dhe bamir\u00ebsi t\u00eb tilla q\u00eb na ka b\u00ebr\u00eb Zoti yn\u00eb deri m\u00eb tani. Zemra jon\u00eb \u00ebsht\u00eb e mbushur me mir\u00ebnjohje p\u00ebr t\u00eb gjitha k\u00ebto. Kur sot jemi t\u00eb mbledhur bashk\u00eb t\u00eb gjith\u00eb klerik\u00ebt e Kish\u00ebs son\u00eb, bashk\u00eb me laik\u00ebt, kjo \u00ebsht\u00eb shenj\u00eb e jet\u00ebs s\u00eb gjall\u00eb q\u00eb ka Kisha e Shqip\u00ebris\u00eb. Le ta shprehim mir\u00ebnjohjen ton\u00eb jo me ndjenja q\u00eb zgjatin p\u00ebr nj\u00eb \u00e7ast, por duke e bashkuar jet\u00ebn ton\u00eb me vullnetin e Per\u00ebndis\u00eb.\u201d<\/span><\/p>\n<p style=\"text-align: justify;\"><span style=\"font-size: 12pt; font-family: helvetica; color: #000000;\">Si\u00e7 e theksoi edhe Kryepiskopi Anastas n\u00eb fjal\u00ebn e tij n\u00eb kish\u00eb, n\u00eb k\u00ebt\u00eb kremtim merrnin pjes\u00eb t\u00eb gjith\u00eb klerik\u00ebt e Kish\u00ebs Orthodhokse Autoqefale t\u00eb Shqip\u00ebris\u00eb, nga Kryepiskopata dhe t\u00eb pes\u00eb Mitropolit\u00eb. Pas Liturgjis\u00eb Hyjnore ata u mblodh\u00ebn n\u00eb sall\u00ebn e madhe t\u00eb Kompleksit t\u00eb Katedrales \u201cNgjallja e Krishtit\u201d, p\u00ebr t\u00eb marr\u00eb pjes\u00eb n\u00eb nj\u00eb Konferenc\u00eb kushtuar rolit dhe detyrave t\u00eb klerikut orthodhoks. N\u00eb konferenc\u00eb fol\u00ebn klerik\u00eb nga Kryepiskopata dhe nga Mitropolit\u00eb, nd\u00ebrsa Kryepiskopi Anastas u ndal n\u00eb raportin e ngusht\u00eb q\u00eb duhet t\u00eb lidhi klerikun me librat dhe leximet shpirt\u00ebrore. Gjat\u00eb Konferenc\u00ebs pati edhe diskutime p\u00ebr \u00e7\u00ebshtje konkrete, si dhe u shfaq\u00ebn dy dokumentar\u00eb t\u00eb shkurt\u00ebr me aspekte nga nd\u00ebrtimi i Katedrales dhe ringritja e Kish\u00ebs Orthodhokse Autoqefale t\u00eb Shqip\u00ebris\u00eb.<\/span><\/p>\n<p style=\"text-align: justify;\">&nbsp;<\/p>\n<p style=\"text-align: justify;\">&nbsp;<\/p>\n<p style=\"text-align: justify;\">&nbsp;<img class=\"lazyload\" decoding=\"async\" style=\"display: block; margin: 10px auto; border: 1px solid #000000;\" alt=\"\" src=\"data:image\/svg+xml,%3Csvg%20xmlns%3D%27http%3A%2F%2Fwww.w3.org%2F2000%2Fsvg%27%20width%3D%27450%27%20height%3D%27300%27%20viewBox%3D%270%200%20450%20300%27%3E%3Crect%20width%3D%27450%27%20height%3D%27300%27%20fill-opacity%3D%220%22%2F%3E%3C%2Fsvg%3E\" data-orig-src=\"https:\/\/orthodoxalbania.org\/2020\/wp-content\/uploads\/2020\/04\/ok.JPG\" height=\"300\" width=\"450\" \/><\/p>\n<p style=\"text-align: justify;\"><img class=\"lazyload\" decoding=\"async\" style=\"margin: 10px auto; border: 1px solid #000000; display: block;\" alt=\"\" src=\"data:image\/svg+xml,%3Csvg%20xmlns%3D%27http%3A%2F%2Fwww.w3.org%2F2000%2Fsvg%27%20width%3D%27450%27%20height%3D%27300%27%20viewBox%3D%270%200%20450%20300%27%3E%3Crect%20width%3D%27450%27%20height%3D%27300%27%20fill-opacity%3D%220%22%2F%3E%3C%2Fsvg%3E\" data-orig-src=\"https:\/\/orthodoxalbania.org\/2020\/wp-content\/uploads\/2020\/04\/ok1.JPG\" height=\"300\" width=\"450\" \/><\/p>\n<p style=\"text-align: justify;\"><img class=\"lazyload\" decoding=\"async\" style=\"display: block; margin: 10px auto; border: 1px solid #000000;\" alt=\"\" src=\"data:image\/svg+xml,%3Csvg%20xmlns%3D%27http%3A%2F%2Fwww.w3.org%2F2000%2Fsvg%27%20width%3D%27450%27%20height%3D%27300%27%20viewBox%3D%270%200%20450%20300%27%3E%3Crect%20width%3D%27450%27%20height%3D%27300%27%20fill-opacity%3D%220%22%2F%3E%3C%2Fsvg%3E\" data-orig-src=\"https:\/\/orthodoxalbania.org\/2020\/wp-content\/uploads\/2020\/04\/1-1-9.jpg\" height=\"300\" width=\"450\" \/><\/p>\n<p style=\"text-align: justify;\"><img class=\"lazyload\" decoding=\"async\" style=\"display: block; margin: 10px auto; border: 1px solid #000000;\" alt=\"\" src=\"data:image\/svg+xml,%3Csvg%20xmlns%3D%27http%3A%2F%2Fwww.w3.org%2F2000%2Fsvg%27%20width%3D%27450%27%20height%3D%27729%27%20viewBox%3D%270%200%20450%20729%27%3E%3Crect%20width%3D%27450%27%20height%3D%27729%27%20fill-opacity%3D%220%22%2F%3E%3C%2Fsvg%3E\" data-orig-src=\"https:\/\/orthodoxalbania.org\/2020\/wp-content\/uploads\/2020\/04\/2-3-6.jpg\" height=\"729\" width=\"450\" \/><\/p>\n<p style=\"text-align: justify;\"><img class=\"lazyload\" decoding=\"async\" style=\"display: block; margin: 10px auto; border: 1px solid #000000;\" alt=\"\" src=\"data:image\/svg+xml,%3Csvg%20xmlns%3D%27http%3A%2F%2Fwww.w3.org%2F2000%2Fsvg%27%20width%3D%27450%27%20height%3D%27300%27%20viewBox%3D%270%200%20450%20300%27%3E%3Crect%20width%3D%27450%27%20height%3D%27300%27%20fill-opacity%3D%220%22%2F%3E%3C%2Fsvg%3E\" data-orig-src=\"https:\/\/orthodoxalbania.org\/2020\/wp-content\/uploads\/2020\/04\/ok2.JPG\" height=\"300\" width=\"450\" \/><\/p>\n<p style=\"text-align: justify;\"><img class=\"lazyload\" decoding=\"async\" style=\"display: block; margin: 10px auto; border: 1px solid #000000;\" alt=\"\" src=\"data:image\/svg+xml,%3Csvg%20xmlns%3D%27http%3A%2F%2Fwww.w3.org%2F2000%2Fsvg%27%20width%3D%27450%27%20height%3D%27300%27%20viewBox%3D%270%200%20450%20300%27%3E%3Crect%20width%3D%27450%27%20height%3D%27300%27%20fill-opacity%3D%220%22%2F%3E%3C%2Fsvg%3E\" data-orig-src=\"https:\/\/orthodoxalbania.org\/2020\/wp-content\/uploads\/2020\/04\/8-7-1.jpg\" height=\"300\" width=\"450\" \/><\/p>\n<p style=\"text-align: justify;\"><img class=\"lazyload\" decoding=\"async\" style=\"display: block; margin: 10px auto; border: 1px solid #000000;\" alt=\"\" src=\"data:image\/svg+xml,%3Csvg%20xmlns%3D%27http%3A%2F%2Fwww.w3.org%2F2000%2Fsvg%27%20width%3D%27450%27%20height%3D%27300%27%20viewBox%3D%270%200%20450%20300%27%3E%3Crect%20width%3D%27450%27%20height%3D%27300%27%20fill-opacity%3D%220%22%2F%3E%3C%2Fsvg%3E\" data-orig-src=\"https:\/\/orthodoxalbania.org\/2020\/wp-content\/uploads\/2020\/04\/3-7-0.jpg\" height=\"300\" width=\"450\" \/><\/p>\n<p style=\"text-align: justify;\"><img class=\"lazyload\" decoding=\"async\" style=\"display: block; margin: 10px auto; border: 1px solid #000000;\" alt=\"\" src=\"data:image\/svg+xml,%3Csvg%20xmlns%3D%27http%3A%2F%2Fwww.w3.org%2F2000%2Fsvg%27%20width%3D%27450%27%20height%3D%27300%27%20viewBox%3D%270%200%20450%20300%27%3E%3Crect%20width%3D%27450%27%20height%3D%27300%27%20fill-opacity%3D%220%22%2F%3E%3C%2Fsvg%3E\" data-orig-src=\"https:\/\/orthodoxalbania.org\/2020\/wp-content\/uploads\/2020\/04\/4-6-0.jpg\" height=\"300\" width=\"450\" \/><\/p>\n<p style=\"text-align: justify;\"><img class=\"lazyload\" decoding=\"async\" style=\"display: block; margin: 10px auto; border: 1px solid #000000;\" alt=\"\" src=\"data:image\/svg+xml,%3Csvg%20xmlns%3D%27http%3A%2F%2Fwww.w3.org%2F2000%2Fsvg%27%20width%3D%27450%27%20height%3D%27300%27%20viewBox%3D%270%200%20450%20300%27%3E%3Crect%20width%3D%27450%27%20height%3D%27300%27%20fill-opacity%3D%220%22%2F%3E%3C%2Fsvg%3E\" data-orig-src=\"https:\/\/orthodoxalbania.org\/2020\/wp-content\/uploads\/2020\/04\/5-5-7.jpg\" height=\"300\" width=\"450\" \/><\/p>\n<p style=\"text-align: justify;\"><img class=\"lazyload\" decoding=\"async\" style=\"display: block; margin: 10px auto; border: 1px solid #000000;\" alt=\"\" src=\"data:image\/svg+xml,%3Csvg%20xmlns%3D%27http%3A%2F%2Fwww.w3.org%2F2000%2Fsvg%27%20width%3D%27450%27%20height%3D%27675%27%20viewBox%3D%270%200%20450%20675%27%3E%3Crect%20width%3D%27450%27%20height%3D%27675%27%20fill-opacity%3D%220%22%2F%3E%3C%2Fsvg%3E\" data-orig-src=\"https:\/\/orthodoxalbania.org\/2020\/wp-content\/uploads\/2020\/04\/6-0-6.jpg\" height=\"675\" width=\"450\" \/><\/p>\n<p style=\"text-align: justify;\"><img class=\"lazyload\" decoding=\"async\" style=\"display: block; margin: 10px auto; border: 1px solid #000000;\" alt=\"\" src=\"data:image\/svg+xml,%3Csvg%20xmlns%3D%27http%3A%2F%2Fwww.w3.org%2F2000%2Fsvg%27%20width%3D%27450%27%20height%3D%27300%27%20viewBox%3D%270%200%20450%20300%27%3E%3Crect%20width%3D%27450%27%20height%3D%27300%27%20fill-opacity%3D%220%22%2F%3E%3C%2Fsvg%3E\" data-orig-src=\"https:\/\/orthodoxalbania.org\/2020\/wp-content\/uploads\/2020\/04\/ok3.JPG\" height=\"300\" width=\"450\" \/><\/p>\n<p style=\"text-align: justify;\"><img class=\"lazyload\" decoding=\"async\" style=\"display: block; margin: 10px auto; border: 1px solid #000000;\" alt=\"\" src=\"data:image\/svg+xml,%3Csvg%20xmlns%3D%27http%3A%2F%2Fwww.w3.org%2F2000%2Fsvg%27%20width%3D%27450%27%20height%3D%27300%27%20viewBox%3D%270%200%20450%20300%27%3E%3Crect%20width%3D%27450%27%20height%3D%27300%27%20fill-opacity%3D%220%22%2F%3E%3C%2Fsvg%3E\" data-orig-src=\"https:\/\/orthodoxalbania.org\/2020\/wp-content\/uploads\/2020\/04\/7-5-6.jpg\" height=\"300\" width=\"450\" \/><\/p>\n<p style=\"text-align: justify;\"><img class=\"lazyload\" decoding=\"async\" style=\"display: block; margin: 10px auto; border: 1px solid #000000;\" alt=\"\" src=\"data:image\/svg+xml,%3Csvg%20xmlns%3D%27http%3A%2F%2Fwww.w3.org%2F2000%2Fsvg%27%20width%3D%27450%27%20height%3D%27300%27%20viewBox%3D%270%200%20450%20300%27%3E%3Crect%20width%3D%27450%27%20height%3D%27300%27%20fill-opacity%3D%220%22%2F%3E%3C%2Fsvg%3E\" data-orig-src=\"https:\/\/orthodoxalbania.org\/2020\/wp-content\/uploads\/2020\/04\/ok5.JPG\" height=\"300\" width=\"450\" \/><\/p>\n<p style=\"text-align: justify;\"><img class=\"lazyload\" decoding=\"async\" style=\"display: block; margin: 10px auto; border: 1px solid #000000;\" alt=\"\" src=\"data:image\/svg+xml,%3Csvg%20xmlns%3D%27http%3A%2F%2Fwww.w3.org%2F2000%2Fsvg%27%20width%3D%27450%27%20height%3D%27675%27%20viewBox%3D%270%200%20450%20675%27%3E%3Crect%20width%3D%27450%27%20height%3D%27675%27%20fill-opacity%3D%220%22%2F%3E%3C%2Fsvg%3E\" data-orig-src=\"https:\/\/orthodoxalbania.org\/2020\/wp-content\/uploads\/2020\/04\/9-0-4.jpg\" height=\"675\" width=\"450\" \/><\/p>\n<p style=\"text-align: justify;\"><img class=\"lazyload\" decoding=\"async\" style=\"display: block; margin: 10px auto; border: 1px solid #000000;\" alt=\"\" src=\"data:image\/svg+xml,%3Csvg%20xmlns%3D%27http%3A%2F%2Fwww.w3.org%2F2000%2Fsvg%27%20width%3D%27450%27%20height%3D%27300%27%20viewBox%3D%270%200%20450%20300%27%3E%3Crect%20width%3D%27450%27%20height%3D%27300%27%20fill-opacity%3D%220%22%2F%3E%3C%2Fsvg%3E\" data-orig-src=\"https:\/\/orthodoxalbania.org\/2020\/wp-content\/uploads\/2020\/04\/ok6.JPG\" height=\"300\" width=\"450\" \/><\/p>\n<p style=\"text-align: justify;\"><img class=\"lazyload\" decoding=\"async\" style=\"display: block; margin: 10px auto; border: 1px solid #000000;\" alt=\"\" src=\"data:image\/svg+xml,%3Csvg%20xmlns%3D%27http%3A%2F%2Fwww.w3.org%2F2000%2Fsvg%27%20width%3D%27450%27%20height%3D%27261%27%20viewBox%3D%270%200%20450%20261%27%3E%3Crect%20width%3D%27450%27%20height%3D%27261%27%20fill-opacity%3D%220%22%2F%3E%3C%2Fsvg%3E\" data-orig-src=\"https:\/\/orthodoxalbania.org\/2020\/wp-content\/uploads\/2020\/04\/10-2.jpg\" height=\"261\" width=\"450\" \/><\/p>\n","protected":false},"excerpt":{"rendered":"<p>1 qershor 2014 \u2013 1 qershor 2017 3 vjet nga Shenjt\u00ebrimii Katedrales s\u00eb Tiran\u00ebs \u201cNgjallja e Krishtit\u201d &nbsp; &nbsp; M\u00eb 1 qershor 2017 mbushen 3 vjet nga shenjt\u00ebrimi i Katedrales \u201cNgjallja e Krishtit\u201d n\u00eb Tiran\u00eb. Nj\u00eb p\u00ebrvjetor me dometh\u00ebnie t\u00eb shum\u00ebfishta dhe gjithmon\u00eb aktuale. S\u00eb pari, \u00ebsht\u00eb rikthimi n\u00eb qend\u00ebr t\u00eb kryeqytetit i \u201csyrit\u201d shpirt\u00ebror orthodhoks, nga ishte shkulur me p\u00ebrdhun\u00eb nga regjimi ateist. Se<\/p>\n","protected":false},"author":1,"featured_media":5267,"comment_status":"open","ping_status":"open","sticky":false,"template":"","format":"standard","meta":{"_acf_changed":false,"pagelayer_contact_templates":[],"_pagelayer_content":"","inline_featured_image":false,"fifu_image_url":"","fifu_image_alt":"","footnotes":""},"categories":[108],"tags":[209,184,196,201,212],"class_list":["post-5266","post","type-post","status-publish","format-standard","has-post-thumbnail","hentry","category-lajme","tag-209","tag-katedralja-ngjallja-e-krishtit-tirane","tag-tirane","tag-kryepiskopi-anastas","tag-lajme-d27"],"acf":[],"yoast_head":"<!-- This site is optimized with the Yoast SEO plugin v27.2 - https:\/\/yoast.com\/product\/yoast-seo-wordpress\/ -->\n<title>3 vjet nga Shenjt\u00ebrimi i Katedrales s\u00eb Tiran\u00ebs \u201cNgjallja e Krishtit\u201d - Kisha Orthodh\u03bfkse Autoqefale e Shqip\u00ebris\u00eb<\/title>\n<meta name=\"robots\" content=\"index, follow, max-snippet:-1, max-image-preview:large, max-video-preview:-1\" \/>\n<link rel=\"canonical\" href=\"https:\/\/orthodoxalbania.org\/2020\/2017\/06\/01\/3-vjet-nga-shenjterimi-i-katedrales-se-tiranes-ngjallja-e-krishtit\/\" \/>\n<meta property=\"og:locale\" content=\"en_US\" \/>\n<meta property=\"og:type\" content=\"article\" \/>\n<meta property=\"og:title\" content=\"3 vjet nga Shenjt\u00ebrimi i Katedrales s\u00eb Tiran\u00ebs \u201cNgjallja e Krishtit\u201d - Kisha Orthodh\u03bfkse Autoqefale e Shqip\u00ebris\u00eb\" \/>\n<meta property=\"og:description\" content=\"1 qershor 2014 \u2013 1 qershor 2017 3 vjet nga Shenjt\u00ebrimii Katedrales s\u00eb Tiran\u00ebs \u201cNgjallja e Krishtit\u201d &nbsp; &nbsp; M\u00eb 1 qershor 2017 mbushen 3 vjet nga shenjt\u00ebrimi i Katedrales \u201cNgjallja e Krishtit\u201d n\u00eb Tiran\u00eb. Nj\u00eb p\u00ebrvjetor me dometh\u00ebnie t\u00eb shum\u00ebfishta dhe gjithmon\u00eb aktuale. S\u00eb pari, \u00ebsht\u00eb rikthimi n\u00eb qend\u00ebr t\u00eb kryeqytetit i \u201csyrit\u201d shpirt\u00ebror orthodhoks, nga ishte shkulur me p\u00ebrdhun\u00eb nga regjimi ateist. Se\" \/>\n<meta property=\"og:url\" content=\"https:\/\/orthodoxalbania.org\/2020\/2017\/06\/01\/3-vjet-nga-shenjterimi-i-katedrales-se-tiranes-ngjallja-e-krishtit\/\" \/>\n<meta property=\"og:site_name\" content=\"Kisha Orthodh\u03bfkse Autoqefale e Shqip\u00ebris\u00eb\" \/>\n<meta property=\"article:publisher\" content=\"https:\/\/www.facebook.com\/koash1991\" \/>\n<meta property=\"article:published_time\" content=\"2017-06-01T13:58:55+00:00\" \/>\n<meta property=\"article:modified_time\" content=\"2020-04-06T19:58:20+00:00\" \/>\n<meta property=\"og:image\" content=\"https:\/\/orthodoxalbania.org\/2020\/wp-content\/uploads\/2020\/04\/10-8-8.jpg\" \/>\n\t<meta property=\"og:image:width\" content=\"150\" \/>\n\t<meta property=\"og:image:height\" content=\"150\" \/>\n\t<meta property=\"og:image:type\" content=\"image\/jpeg\" \/>\n<meta name=\"author\" content=\"Kisha Orthodhokse\" \/>\n<meta name=\"twitter:card\" content=\"summary_large_image\" \/>\n<meta name=\"twitter:label1\" content=\"Written by\" \/>\n\t<meta name=\"twitter:data1\" content=\"Kisha Orthodhokse\" \/>\n\t<meta name=\"twitter:label2\" content=\"Est. reading time\" \/>\n\t<meta name=\"twitter:data2\" content=\"4 minutes\" \/>\n<script type=\"application\/ld+json\" class=\"yoast-schema-graph\">{\"@context\":\"https:\/\/schema.org\",\"@graph\":[{\"@type\":\"Article\",\"@id\":\"https:\/\/orthodoxalbania.org\/2020\/2017\/06\/01\/3-vjet-nga-shenjterimi-i-katedrales-se-tiranes-ngjallja-e-krishtit\/#article\",\"isPartOf\":{\"@id\":\"https:\/\/orthodoxalbania.org\/2020\/2017\/06\/01\/3-vjet-nga-shenjterimi-i-katedrales-se-tiranes-ngjallja-e-krishtit\/\"},\"author\":{\"name\":\"Kisha Orthodhokse\",\"@id\":\"https:\/\/orthodoxalbania.org\/2020\/#\/schema\/person\/0c387634a7063ac612d7ed9ce71c7e86\"},\"headline\":\"3 vjet nga Shenjt\u00ebrimi i Katedrales s\u00eb Tiran\u00ebs \u201cNgjallja e Krishtit\u201d\",\"datePublished\":\"2017-06-01T13:58:55+00:00\",\"dateModified\":\"2020-04-06T19:58:20+00:00\",\"mainEntityOfPage\":{\"@id\":\"https:\/\/orthodoxalbania.org\/2020\/2017\/06\/01\/3-vjet-nga-shenjterimi-i-katedrales-se-tiranes-ngjallja-e-krishtit\/\"},\"wordCount\":857,\"commentCount\":0,\"publisher\":{\"@id\":\"https:\/\/orthodoxalbania.org\/2020\/#organization\"},\"image\":{\"@id\":\"https:\/\/orthodoxalbania.org\/2020\/2017\/06\/01\/3-vjet-nga-shenjterimi-i-katedrales-se-tiranes-ngjallja-e-krishtit\/#primaryimage\"},\"thumbnailUrl\":\"https:\/\/orthodoxalbania.org\/2020\/wp-content\/uploads\/2020\/04\/10-8-8.jpg\",\"keywords\":[\"2017\",\"Katedralja \u201cNgjallja e Krishtit\u201d Tiran\u00eb\",\"Kryepiskopata Tiran\u00eb\",\"Kryepiskopi Anastas\",\"lajme\"],\"articleSection\":[\"Lajme\"],\"inLanguage\":\"en-US\"},{\"@type\":\"WebPage\",\"@id\":\"https:\/\/orthodoxalbania.org\/2020\/2017\/06\/01\/3-vjet-nga-shenjterimi-i-katedrales-se-tiranes-ngjallja-e-krishtit\/\",\"url\":\"https:\/\/orthodoxalbania.org\/2020\/2017\/06\/01\/3-vjet-nga-shenjterimi-i-katedrales-se-tiranes-ngjallja-e-krishtit\/\",\"name\":\"3 vjet nga Shenjt\u00ebrimi i Katedrales s\u00eb Tiran\u00ebs \u201cNgjallja e Krishtit\u201d - Kisha Orthodh\u03bfkse Autoqefale e Shqip\u00ebris\u00eb\",\"isPartOf\":{\"@id\":\"https:\/\/orthodoxalbania.org\/2020\/#website\"},\"primaryImageOfPage\":{\"@id\":\"https:\/\/orthodoxalbania.org\/2020\/2017\/06\/01\/3-vjet-nga-shenjterimi-i-katedrales-se-tiranes-ngjallja-e-krishtit\/#primaryimage\"},\"image\":{\"@id\":\"https:\/\/orthodoxalbania.org\/2020\/2017\/06\/01\/3-vjet-nga-shenjterimi-i-katedrales-se-tiranes-ngjallja-e-krishtit\/#primaryimage\"},\"thumbnailUrl\":\"https:\/\/orthodoxalbania.org\/2020\/wp-content\/uploads\/2020\/04\/10-8-8.jpg\",\"datePublished\":\"2017-06-01T13:58:55+00:00\",\"dateModified\":\"2020-04-06T19:58:20+00:00\",\"breadcrumb\":{\"@id\":\"https:\/\/orthodoxalbania.org\/2020\/2017\/06\/01\/3-vjet-nga-shenjterimi-i-katedrales-se-tiranes-ngjallja-e-krishtit\/#breadcrumb\"},\"inLanguage\":\"en-US\",\"potentialAction\":[{\"@type\":\"ReadAction\",\"target\":[\"https:\/\/orthodoxalbania.org\/2020\/2017\/06\/01\/3-vjet-nga-shenjterimi-i-katedrales-se-tiranes-ngjallja-e-krishtit\/\"]}]},{\"@type\":\"ImageObject\",\"inLanguage\":\"en-US\",\"@id\":\"https:\/\/orthodoxalbania.org\/2020\/2017\/06\/01\/3-vjet-nga-shenjterimi-i-katedrales-se-tiranes-ngjallja-e-krishtit\/#primaryimage\",\"url\":\"https:\/\/orthodoxalbania.org\/2020\/wp-content\/uploads\/2020\/04\/10-8-8.jpg\",\"contentUrl\":\"https:\/\/orthodoxalbania.org\/2020\/wp-content\/uploads\/2020\/04\/10-8-8.jpg\",\"width\":150,\"height\":150},{\"@type\":\"BreadcrumbList\",\"@id\":\"https:\/\/orthodoxalbania.org\/2020\/2017\/06\/01\/3-vjet-nga-shenjterimi-i-katedrales-se-tiranes-ngjallja-e-krishtit\/#breadcrumb\",\"itemListElement\":[{\"@type\":\"ListItem\",\"position\":1,\"name\":\"Home\",\"item\":\"https:\/\/orthodoxalbania.org\/2020\/\"},{\"@type\":\"ListItem\",\"position\":2,\"name\":\"3 vjet nga Shenjt\u00ebrimi i Katedrales s\u00eb Tiran\u00ebs \u201cNgjallja e Krishtit\u201d\"}]},{\"@type\":\"WebSite\",\"@id\":\"https:\/\/orthodoxalbania.org\/2020\/#website\",\"url\":\"https:\/\/orthodoxalbania.org\/2020\/\",\"name\":\"Kisha Orthodh\u03bfkse Autoqefale e Shqip\u00ebris\u00eb\",\"description\":\"Fqja Zyrtare e Kish\u00ebs Orthodhokse Autoqefale e Shqip\u00ebris\u00eb me lajmet edhe informacionet zyrtare p\u00ebr struktur\u00ebn edhe veprimtarin e saj.\",\"publisher\":{\"@id\":\"https:\/\/orthodoxalbania.org\/2020\/#organization\"},\"potentialAction\":[{\"@type\":\"SearchAction\",\"target\":{\"@type\":\"EntryPoint\",\"urlTemplate\":\"https:\/\/orthodoxalbania.org\/2020\/?s={search_term_string}\"},\"query-input\":{\"@type\":\"PropertyValueSpecification\",\"valueRequired\":true,\"valueName\":\"search_term_string\"}}],\"inLanguage\":\"en-US\"},{\"@type\":\"Organization\",\"@id\":\"https:\/\/orthodoxalbania.org\/2020\/#organization\",\"name\":\"Kisha Orthodhokse Autoqefale e Shqip\u00ebris\u00eb\",\"url\":\"https:\/\/orthodoxalbania.org\/2020\/\",\"logo\":{\"@type\":\"ImageObject\",\"inLanguage\":\"en-US\",\"@id\":\"https:\/\/orthodoxalbania.org\/2020\/#\/schema\/logo\/image\/\",\"url\":\"https:\/\/orthodoxalbania.org\/2020\/wp-content\/uploads\/2020\/05\/albania.jpeg\",\"contentUrl\":\"https:\/\/orthodoxalbania.org\/2020\/wp-content\/uploads\/2020\/05\/albania.jpeg\",\"width\":540,\"height\":540,\"caption\":\"Kisha Orthodhokse Autoqefale e Shqip\u00ebris\u00eb\"},\"image\":{\"@id\":\"https:\/\/orthodoxalbania.org\/2020\/#\/schema\/logo\/image\/\"},\"sameAs\":[\"https:\/\/www.facebook.com\/koash1991\"]},{\"@type\":\"Person\",\"@id\":\"https:\/\/orthodoxalbania.org\/2020\/#\/schema\/person\/0c387634a7063ac612d7ed9ce71c7e86\",\"name\":\"Kisha Orthodhokse\",\"image\":{\"@type\":\"ImageObject\",\"inLanguage\":\"en-US\",\"@id\":\"https:\/\/secure.gravatar.com\/avatar\/596e7c417251e30f2fbb9c00e026fce61a695a00e51c889caded71c96cbbdde5?s=96&d=mm&r=g\",\"url\":\"https:\/\/secure.gravatar.com\/avatar\/596e7c417251e30f2fbb9c00e026fce61a695a00e51c889caded71c96cbbdde5?s=96&d=mm&r=g\",\"contentUrl\":\"https:\/\/secure.gravatar.com\/avatar\/596e7c417251e30f2fbb9c00e026fce61a695a00e51c889caded71c96cbbdde5?s=96&d=mm&r=g\",\"caption\":\"Kisha Orthodhokse\"}}]}<\/script>\n<!-- \/ Yoast SEO plugin. -->","yoast_head_json":{"title":"3 vjet nga Shenjt\u00ebrimi i Katedrales s\u00eb Tiran\u00ebs \u201cNgjallja e Krishtit\u201d - Kisha Orthodh\u03bfkse Autoqefale e Shqip\u00ebris\u00eb","robots":{"index":"index","follow":"follow","max-snippet":"max-snippet:-1","max-image-preview":"max-image-preview:large","max-video-preview":"max-video-preview:-1"},"canonical":"https:\/\/orthodoxalbania.org\/2020\/2017\/06\/01\/3-vjet-nga-shenjterimi-i-katedrales-se-tiranes-ngjallja-e-krishtit\/","og_locale":"en_US","og_type":"article","og_title":"3 vjet nga Shenjt\u00ebrimi i Katedrales s\u00eb Tiran\u00ebs \u201cNgjallja e Krishtit\u201d - Kisha Orthodh\u03bfkse Autoqefale e Shqip\u00ebris\u00eb","og_description":"1 qershor 2014 \u2013 1 qershor 2017 3 vjet nga Shenjt\u00ebrimii Katedrales s\u00eb Tiran\u00ebs \u201cNgjallja e Krishtit\u201d &nbsp; &nbsp; M\u00eb 1 qershor 2017 mbushen 3 vjet nga shenjt\u00ebrimi i Katedrales \u201cNgjallja e Krishtit\u201d n\u00eb Tiran\u00eb. Nj\u00eb p\u00ebrvjetor me dometh\u00ebnie t\u00eb shum\u00ebfishta dhe gjithmon\u00eb aktuale. S\u00eb pari, \u00ebsht\u00eb rikthimi n\u00eb qend\u00ebr t\u00eb kryeqytetit i \u201csyrit\u201d shpirt\u00ebror orthodhoks, nga ishte shkulur me p\u00ebrdhun\u00eb nga regjimi ateist. Se","og_url":"https:\/\/orthodoxalbania.org\/2020\/2017\/06\/01\/3-vjet-nga-shenjterimi-i-katedrales-se-tiranes-ngjallja-e-krishtit\/","og_site_name":"Kisha Orthodh\u03bfkse Autoqefale e Shqip\u00ebris\u00eb","article_publisher":"https:\/\/www.facebook.com\/koash1991","article_published_time":"2017-06-01T13:58:55+00:00","article_modified_time":"2020-04-06T19:58:20+00:00","og_image":[{"width":150,"height":150,"url":"https:\/\/orthodoxalbania.org\/2020\/wp-content\/uploads\/2020\/04\/10-8-8.jpg","type":"image\/jpeg"}],"author":"Kisha Orthodhokse","twitter_card":"summary_large_image","twitter_misc":{"Written by":"Kisha Orthodhokse","Est. reading time":"4 minutes"},"schema":{"@context":"https:\/\/schema.org","@graph":[{"@type":"Article","@id":"https:\/\/orthodoxalbania.org\/2020\/2017\/06\/01\/3-vjet-nga-shenjterimi-i-katedrales-se-tiranes-ngjallja-e-krishtit\/#article","isPartOf":{"@id":"https:\/\/orthodoxalbania.org\/2020\/2017\/06\/01\/3-vjet-nga-shenjterimi-i-katedrales-se-tiranes-ngjallja-e-krishtit\/"},"author":{"name":"Kisha Orthodhokse","@id":"https:\/\/orthodoxalbania.org\/2020\/#\/schema\/person\/0c387634a7063ac612d7ed9ce71c7e86"},"headline":"3 vjet nga Shenjt\u00ebrimi i Katedrales s\u00eb Tiran\u00ebs \u201cNgjallja e Krishtit\u201d","datePublished":"2017-06-01T13:58:55+00:00","dateModified":"2020-04-06T19:58:20+00:00","mainEntityOfPage":{"@id":"https:\/\/orthodoxalbania.org\/2020\/2017\/06\/01\/3-vjet-nga-shenjterimi-i-katedrales-se-tiranes-ngjallja-e-krishtit\/"},"wordCount":857,"commentCount":0,"publisher":{"@id":"https:\/\/orthodoxalbania.org\/2020\/#organization"},"image":{"@id":"https:\/\/orthodoxalbania.org\/2020\/2017\/06\/01\/3-vjet-nga-shenjterimi-i-katedrales-se-tiranes-ngjallja-e-krishtit\/#primaryimage"},"thumbnailUrl":"https:\/\/orthodoxalbania.org\/2020\/wp-content\/uploads\/2020\/04\/10-8-8.jpg","keywords":["2017","Katedralja \u201cNgjallja e Krishtit\u201d Tiran\u00eb","Kryepiskopata Tiran\u00eb","Kryepiskopi Anastas","lajme"],"articleSection":["Lajme"],"inLanguage":"en-US"},{"@type":"WebPage","@id":"https:\/\/orthodoxalbania.org\/2020\/2017\/06\/01\/3-vjet-nga-shenjterimi-i-katedrales-se-tiranes-ngjallja-e-krishtit\/","url":"https:\/\/orthodoxalbania.org\/2020\/2017\/06\/01\/3-vjet-nga-shenjterimi-i-katedrales-se-tiranes-ngjallja-e-krishtit\/","name":"3 vjet nga Shenjt\u00ebrimi i Katedrales s\u00eb Tiran\u00ebs \u201cNgjallja e Krishtit\u201d - Kisha Orthodh\u03bfkse Autoqefale e Shqip\u00ebris\u00eb","isPartOf":{"@id":"https:\/\/orthodoxalbania.org\/2020\/#website"},"primaryImageOfPage":{"@id":"https:\/\/orthodoxalbania.org\/2020\/2017\/06\/01\/3-vjet-nga-shenjterimi-i-katedrales-se-tiranes-ngjallja-e-krishtit\/#primaryimage"},"image":{"@id":"https:\/\/orthodoxalbania.org\/2020\/2017\/06\/01\/3-vjet-nga-shenjterimi-i-katedrales-se-tiranes-ngjallja-e-krishtit\/#primaryimage"},"thumbnailUrl":"https:\/\/orthodoxalbania.org\/2020\/wp-content\/uploads\/2020\/04\/10-8-8.jpg","datePublished":"2017-06-01T13:58:55+00:00","dateModified":"2020-04-06T19:58:20+00:00","breadcrumb":{"@id":"https:\/\/orthodoxalbania.org\/2020\/2017\/06\/01\/3-vjet-nga-shenjterimi-i-katedrales-se-tiranes-ngjallja-e-krishtit\/#breadcrumb"},"inLanguage":"en-US","potentialAction":[{"@type":"ReadAction","target":["https:\/\/orthodoxalbania.org\/2020\/2017\/06\/01\/3-vjet-nga-shenjterimi-i-katedrales-se-tiranes-ngjallja-e-krishtit\/"]}]},{"@type":"ImageObject","inLanguage":"en-US","@id":"https:\/\/orthodoxalbania.org\/2020\/2017\/06\/01\/3-vjet-nga-shenjterimi-i-katedrales-se-tiranes-ngjallja-e-krishtit\/#primaryimage","url":"https:\/\/orthodoxalbania.org\/2020\/wp-content\/uploads\/2020\/04\/10-8-8.jpg","contentUrl":"https:\/\/orthodoxalbania.org\/2020\/wp-content\/uploads\/2020\/04\/10-8-8.jpg","width":150,"height":150},{"@type":"BreadcrumbList","@id":"https:\/\/orthodoxalbania.org\/2020\/2017\/06\/01\/3-vjet-nga-shenjterimi-i-katedrales-se-tiranes-ngjallja-e-krishtit\/#breadcrumb","itemListElement":[{"@type":"ListItem","position":1,"name":"Home","item":"https:\/\/orthodoxalbania.org\/2020\/"},{"@type":"ListItem","position":2,"name":"3 vjet nga Shenjt\u00ebrimi i Katedrales s\u00eb Tiran\u00ebs \u201cNgjallja e Krishtit\u201d"}]},{"@type":"WebSite","@id":"https:\/\/orthodoxalbania.org\/2020\/#website","url":"https:\/\/orthodoxalbania.org\/2020\/","name":"Kisha Orthodh\u03bfkse Autoqefale e Shqip\u00ebris\u00eb","description":"Fqja Zyrtare e Kish\u00ebs Orthodhokse Autoqefale e Shqip\u00ebris\u00eb me lajmet edhe informacionet zyrtare p\u00ebr struktur\u00ebn edhe veprimtarin e saj.","publisher":{"@id":"https:\/\/orthodoxalbania.org\/2020\/#organization"},"potentialAction":[{"@type":"SearchAction","target":{"@type":"EntryPoint","urlTemplate":"https:\/\/orthodoxalbania.org\/2020\/?s={search_term_string}"},"query-input":{"@type":"PropertyValueSpecification","valueRequired":true,"valueName":"search_term_string"}}],"inLanguage":"en-US"},{"@type":"Organization","@id":"https:\/\/orthodoxalbania.org\/2020\/#organization","name":"Kisha Orthodhokse Autoqefale e Shqip\u00ebris\u00eb","url":"https:\/\/orthodoxalbania.org\/2020\/","logo":{"@type":"ImageObject","inLanguage":"en-US","@id":"https:\/\/orthodoxalbania.org\/2020\/#\/schema\/logo\/image\/","url":"https:\/\/orthodoxalbania.org\/2020\/wp-content\/uploads\/2020\/05\/albania.jpeg","contentUrl":"https:\/\/orthodoxalbania.org\/2020\/wp-content\/uploads\/2020\/05\/albania.jpeg","width":540,"height":540,"caption":"Kisha Orthodhokse Autoqefale e Shqip\u00ebris\u00eb"},"image":{"@id":"https:\/\/orthodoxalbania.org\/2020\/#\/schema\/logo\/image\/"},"sameAs":["https:\/\/www.facebook.com\/koash1991"]},{"@type":"Person","@id":"https:\/\/orthodoxalbania.org\/2020\/#\/schema\/person\/0c387634a7063ac612d7ed9ce71c7e86","name":"Kisha Orthodhokse","image":{"@type":"ImageObject","inLanguage":"en-US","@id":"https:\/\/secure.gravatar.com\/avatar\/596e7c417251e30f2fbb9c00e026fce61a695a00e51c889caded71c96cbbdde5?s=96&d=mm&r=g","url":"https:\/\/secure.gravatar.com\/avatar\/596e7c417251e30f2fbb9c00e026fce61a695a00e51c889caded71c96cbbdde5?s=96&d=mm&r=g","contentUrl":"https:\/\/secure.gravatar.com\/avatar\/596e7c417251e30f2fbb9c00e026fce61a695a00e51c889caded71c96cbbdde5?s=96&d=mm&r=g","caption":"Kisha Orthodhokse"}}]}},"_links":{"self":[{"href":"https:\/\/orthodoxalbania.org\/2020\/wp-json\/wp\/v2\/posts\/5266","targetHints":{"allow":["GET"]}}],"collection":[{"href":"https:\/\/orthodoxalbania.org\/2020\/wp-json\/wp\/v2\/posts"}],"about":[{"href":"https:\/\/orthodoxalbania.org\/2020\/wp-json\/wp\/v2\/types\/post"}],"author":[{"embeddable":true,"href":"https:\/\/orthodoxalbania.org\/2020\/wp-json\/wp\/v2\/users\/1"}],"replies":[{"embeddable":true,"href":"https:\/\/orthodoxalbania.org\/2020\/wp-json\/wp\/v2\/comments?post=5266"}],"version-history":[{"count":1,"href":"https:\/\/orthodoxalbania.org\/2020\/wp-json\/wp\/v2\/posts\/5266\/revisions"}],"predecessor-version":[{"id":14845,"href":"https:\/\/orthodoxalbania.org\/2020\/wp-json\/wp\/v2\/posts\/5266\/revisions\/14845"}],"wp:featuredmedia":[{"embeddable":true,"href":"https:\/\/orthodoxalbania.org\/2020\/wp-json\/wp\/v2\/media\/5267"}],"wp:attachment":[{"href":"https:\/\/orthodoxalbania.org\/2020\/wp-json\/wp\/v2\/media?parent=5266"}],"wp:term":[{"taxonomy":"category","embeddable":true,"href":"https:\/\/orthodoxalbania.org\/2020\/wp-json\/wp\/v2\/categories?post=5266"},{"taxonomy":"post_tag","embeddable":true,"href":"https:\/\/orthodoxalbania.org\/2020\/wp-json\/wp\/v2\/tags?post=5266"}],"curies":[{"name":"wp","href":"https:\/\/api.w.org\/{rel}","templated":true}]}}