{"id":526,"date":"2013-03-21T09:53:01","date_gmt":"2013-03-21T09:53:01","guid":{"rendered":""},"modified":"2020-04-06T22:32:02","modified_gmt":"2020-04-06T20:32:02","slug":"festimi-ne-durres-i-apostull-pavlit-dhe-petros","status":"publish","type":"post","link":"https:\/\/orthodoxalbania.org\/2020\/2013\/03\/21\/festimi-ne-durres-i-apostull-pavlit-dhe-petros\/","title":{"rendered":"Festimi n\u00eb Durr\u00ebs i Apostull Pavlit dhe Petros. (29 Qershor 2011)"},"content":{"rendered":"<div style=\"text-align: justify;\"><span style=\"color: #000000; font-family: helvetica; font-size: 12pt;\"><span class=\"style10\">&nbsp; &nbsp; M\u00eb 29 Qershor 2011 n\u00eb qytetin e Durr\u00ebsit u kremtua n\u00eb m\u00ebnyr\u00eb panigjirike festa e apostujve Pav\u00ebl dhe Pet\u00ebr. Ky festim panigjirik n\u00eb qytetin e Durr\u00ebsit ka dy arsye t\u00eb forta. S\u00eb pari, k\u00ebt\u00eb dit\u00eb festohet martirizimi i t\u00eb dy apostujve dhe s\u00eb dyti, katedralja e Durr\u00ebsit q\u00eb mban emrin e Apostull Pavlit, k\u00ebtij apostulli&nbsp;q\u00eb solli mesazhin shp\u00ebtimtar t\u00eb Krishtit n\u00eb k\u00ebt\u00eb qytet t\u00eb lasht\u00eb. Kjo&nbsp;\u00ebsht\u00eb edhe nj\u00eb arsye m\u00eb shum\u00eb q\u00eb p\u00ebrkujtimi i apostujve Pav\u00ebl dhe Pet\u00ebr t\u00eb kthehet n\u00eb nj\u00eb festim panigjirik. K\u00ebshtu, Apostull Pavli dhe qyteti i Durr\u00ebsit kan\u00eb&nbsp;lidhje t\u00eb ve\u00e7ant\u00eb mes tyre, lidhje e cila ka zanafill\u00ebn me vizit\u00ebn baritore t\u00eb Apostull Pavlit n\u00eb Durr\u00ebs, n\u00eb vitet 55-56,&nbsp;ku n\u00eb vazhdim&nbsp;dor\u00ebzoi episkop Apostull Qesarin, nj\u00eb nd\u00ebr shtat\u00ebdhjet\u00eb nx\u00ebn\u00ebsit e Krishtit.&nbsp;Kjo&nbsp;lidhje&nbsp;historike vazhdon deri m\u00eb sot.&nbsp;Nd\u00ebrtimi i&nbsp; kish\u00ebs katedrale t\u00eb Durr\u00ebsit pas viteve 90 fakton k\u00ebt\u00eb lidhje dhe&nbsp;n\u00eb t\u00eb nj\u00ebjt\u00ebn koh\u00eb e&nbsp;rip\u00ebrt\u00ebrin at\u00eb pas&nbsp;periudh\u00ebs s\u00eb diktatur\u00ebs komuniste.&nbsp;Kjo katedrale&nbsp;\u00ebsht\u00eb edhe nj\u00eb kujtes\u00eb historike e monumentale q\u00eb zbukuron realisht arkitektur\u00ebn e qytetit.<\/span><\/span><\/div>\n<div style=\"text-align: justify;\"><span style=\"color: #000000; font-family: helvetica; font-size: 12pt;\"> <span class=\"style10\">&nbsp;&nbsp; G\u00ebzim&nbsp;t\u00eb ve\u00e7ant\u00eb&nbsp;u dha besimtar\u00ebve&nbsp;t\u00eb Durr\u00ebsit&nbsp;n\u00eb festimin panigjirik&nbsp;t\u00eb k\u00ebtij viti prezenca dhe drejtimi i Liturgjis\u00eb hyjnore&nbsp;nga Kryebariu yn\u00eb, Kryepiskopi i Tiran\u00ebs, Durr\u00ebsit dhe gjith\u00eb Shqip\u00ebris\u00eb, Fortlumturia i Tij Anastas. Ai&nbsp;\u00ebsht\u00eb edhe arkitekti, themeluesi, mb\u00ebshtet\u00ebsi shpirt\u00ebror dhe financiar i k\u00ebsaj katedraleje. Fortlumturia e Tij&nbsp;me fjal\u00ebt e ngrohta hyjnore e plot kuptim p\u00ebrcolli shpres\u00eb e bekim, n\u00eb nj\u00eb koh\u00eb ku gjith\u00eb njer\u00ebzimi ka nevoj\u00eb p\u00ebr shpres\u00eb, besim dhe dashuri. Ky kontakt i besimtar\u00ebve me kryebariun e tyre e b\u00ebjn\u00eb akoma edhe m\u00eb t\u00eb fort\u00eb dhe m\u00eb t\u00eb prekshme ndjesin\u00eb apostolike n\u00eb koh\u00ebn e sotme dhe p\u00ebrgjegj\u00ebsin\u00eb e \u00e7do t\u00eb krishteri p\u00ebr t\u00eb imituar apostujt e Krishtit.<\/span><\/span><\/div>\n<div style=\"text-align: justify;\"><span style=\"color: #000000; font-family: helvetica; font-size: 12pt;\"> <span class=\"style10\">&nbsp;&nbsp;&nbsp;&nbsp;N\u00eb k\u00ebt\u00eb vizit\u00eb baritore ai theksoi besimin, shpres\u00ebn dhe vendosm\u00ebrin\u00eb e apostujve Pav\u00ebl dhe Pet\u00ebr, duke iu referuar n\u00eb m\u00ebnyr\u00eb t\u00eb ve\u00e7ant\u00eb veprimtaris\u00eb s\u00eb apostull Pavlit p\u00ebr lidhjen e fort\u00eb q\u00eb ai ka me k\u00ebt\u00eb qytet dhe rrethinat e tij. Gjithashtu solli nd\u00ebrmend&nbsp;se qyteti i Durr\u00ebsit ka nj\u00eb bekim t\u00eb madh, sepse \u00ebsht\u00eb nj\u00eb nd\u00ebr qytetet e para q\u00eb p\u00ebrqafoi besimin e krishter\u00eb, duke hyr\u00eb&nbsp;edhe n\u00eb list\u00ebn e qyteteve t\u00eb krishtera&nbsp;me themelim apostolik. Krishterim&nbsp;i cili&nbsp;vazhdon deri&nbsp;n\u00eb dit\u00ebt e sotme, pavar\u00ebsisht goditjeve, sulmeve dhe p\u00ebrndjekjeve q\u00eb jan\u00eb ushtruar ndaj tij.<\/span><\/span><\/div>\n<div style=\"text-align: justify;\"><span style=\"color: #000000; font-family: helvetica; font-size: 12pt;\"> <span class=\"style10\">&nbsp;&nbsp; Vizita e Kryepiskopit n\u00eb qytetin e Durr\u00ebsit iu dha mund\u00ebsin\u00eb besimtar\u00ebve t\u00eb p\u00ebrjetojn\u00eb dhe nj\u00eb her\u00eb g\u00ebzimin e ve\u00e7ant\u00eb t\u00eb adhurimit t\u00eb Per\u00ebndis\u00eb bashk\u00eb me t\u00eb, t\u00eb fal\u00ebnderimit p\u00ebr nd\u00ebrtimin e katedrales, q\u00eb mban emrin e apostull Pavlit dhe sh\u00ebn Astit, p\u00ebr rind\u00ebrtimin e kish\u00ebs s\u00eb Sh\u00ebn Gjergjit, nd\u00ebrtimin e kish\u00ebs n\u00eb varrezat e qytetit, p\u00ebr interesimin e drejtp\u00ebrdrejt\u00eb t\u00eb arsimimit t\u00eb brezit t\u00eb ri n\u00ebp\u00ebrmjet funksionimit t\u00eb kopshtit, shkoll\u00ebs shqiptaro-greke \u201cFrym\u00eb dashurie\u201d, Manastirit t\u00eb Sh. Vlashit dhe Akademis\u00eb Teologjike &#8220;Ngjallja e Krishtit&#8221; si&nbsp;edhe Liceut kishtar &#8220;Kryqi&nbsp;i Nderuar&#8221; n\u00eb Sukth.<\/span><\/span><\/div>\n<div style=\"text-align: justify;\"><span style=\"font-family: helvetica; font-size: 12pt;\"><\/span><\/div>\n<div class=\"style10\" style=\"text-align: justify;\"><span style=\"font-family: helvetica; font-size: 12pt;\"><\/span><\/div>\n<div class=\"style10\" style=\"text-align: right;\"><span style=\"color: #000000; font-family: helvetica; font-size: 12pt;\"><strong>Thoma \u00c7om\u00ebni dhe Dhimit\u00ebr Qosja<\/strong><\/span><\/div>\n","protected":false},"excerpt":{"rendered":"<p>&nbsp; &nbsp; M\u00eb 29 Qershor 2011 n\u00eb qytetin e Durr\u00ebsit u kremtua n\u00eb m\u00ebnyr\u00eb panigjirike festa e apostujve Pav\u00ebl dhe Pet\u00ebr. Ky festim panigjirik n\u00eb qytetin e Durr\u00ebsit ka dy arsye t\u00eb forta. S\u00eb pari, k\u00ebt\u00eb dit\u00eb festohet martirizimi i t\u00eb dy apostujve dhe s\u00eb dyti, katedralja e Durr\u00ebsit q\u00eb mban emrin e Apostull Pavlit, k\u00ebtij apostulli&nbsp;q\u00eb solli mesazhin shp\u00ebtimtar t\u00eb Krishtit n\u00eb k\u00ebt\u00eb qytet<\/p>\n","protected":false},"author":1,"featured_media":0,"comment_status":"open","ping_status":"open","sticky":false,"template":"","format":"standard","meta":{"_acf_changed":false,"pagelayer_contact_templates":[],"_pagelayer_content":"","inline_featured_image":false,"fifu_image_url":"","fifu_image_alt":"","footnotes":""},"categories":[108],"tags":[143,157,196,212],"class_list":["post-526","post","type-post","status-publish","format-standard","hentry","category-lajme","tag-143","tag-kremtime","tag-tirane","tag-lajme-d27"],"acf":[],"yoast_head":"<!-- This site is optimized with the Yoast SEO plugin v27.2 - https:\/\/yoast.com\/product\/yoast-seo-wordpress\/ -->\n<title>Festimi n\u00eb Durr\u00ebs i Apostull Pavlit dhe Petros. (29 Qershor 2011) - Kisha Orthodh\u03bfkse Autoqefale e Shqip\u00ebris\u00eb<\/title>\n<meta name=\"robots\" content=\"index, follow, max-snippet:-1, max-image-preview:large, max-video-preview:-1\" \/>\n<link rel=\"canonical\" href=\"https:\/\/orthodoxalbania.org\/2020\/2013\/03\/21\/festimi-ne-durres-i-apostull-pavlit-dhe-petros\/\" \/>\n<meta property=\"og:locale\" content=\"en_US\" \/>\n<meta property=\"og:type\" content=\"article\" \/>\n<meta property=\"og:title\" content=\"Festimi n\u00eb Durr\u00ebs i Apostull Pavlit dhe Petros. (29 Qershor 2011) - Kisha Orthodh\u03bfkse Autoqefale e Shqip\u00ebris\u00eb\" \/>\n<meta property=\"og:description\" content=\"&nbsp; &nbsp; M\u00eb 29 Qershor 2011 n\u00eb qytetin e Durr\u00ebsit u kremtua n\u00eb m\u00ebnyr\u00eb panigjirike festa e apostujve Pav\u00ebl dhe Pet\u00ebr. Ky festim panigjirik n\u00eb qytetin e Durr\u00ebsit ka dy arsye t\u00eb forta. S\u00eb pari, k\u00ebt\u00eb dit\u00eb festohet martirizimi i t\u00eb dy apostujve dhe s\u00eb dyti, katedralja e Durr\u00ebsit q\u00eb mban emrin e Apostull Pavlit, k\u00ebtij apostulli&nbsp;q\u00eb solli mesazhin shp\u00ebtimtar t\u00eb Krishtit n\u00eb k\u00ebt\u00eb qytet\" \/>\n<meta property=\"og:url\" content=\"https:\/\/orthodoxalbania.org\/2020\/2013\/03\/21\/festimi-ne-durres-i-apostull-pavlit-dhe-petros\/\" \/>\n<meta property=\"og:site_name\" content=\"Kisha Orthodh\u03bfkse Autoqefale e Shqip\u00ebris\u00eb\" \/>\n<meta property=\"article:publisher\" content=\"https:\/\/www.facebook.com\/koash1991\" \/>\n<meta property=\"article:published_time\" content=\"2013-03-21T09:53:01+00:00\" \/>\n<meta property=\"article:modified_time\" content=\"2020-04-06T20:32:02+00:00\" \/>\n<meta property=\"og:image\" content=\"https:\/\/orthodoxalbania.org\/2020\/wp-content\/uploads\/2021\/02\/LogoLastALb-200.png\" \/>\n\t<meta property=\"og:image:width\" content=\"200\" \/>\n\t<meta property=\"og:image:height\" content=\"172\" \/>\n\t<meta property=\"og:image:type\" content=\"image\/png\" \/>\n<meta name=\"author\" content=\"Kisha Orthodhokse\" \/>\n<meta name=\"twitter:card\" content=\"summary_large_image\" \/>\n<meta name=\"twitter:label1\" content=\"Written by\" \/>\n\t<meta name=\"twitter:data1\" content=\"Kisha Orthodhokse\" \/>\n\t<meta name=\"twitter:label2\" content=\"Est. reading time\" \/>\n\t<meta name=\"twitter:data2\" content=\"3 minutes\" \/>\n<script type=\"application\/ld+json\" class=\"yoast-schema-graph\">{\"@context\":\"https:\/\/schema.org\",\"@graph\":[{\"@type\":\"Article\",\"@id\":\"https:\/\/orthodoxalbania.org\/2020\/2013\/03\/21\/festimi-ne-durres-i-apostull-pavlit-dhe-petros\/#article\",\"isPartOf\":{\"@id\":\"https:\/\/orthodoxalbania.org\/2020\/2013\/03\/21\/festimi-ne-durres-i-apostull-pavlit-dhe-petros\/\"},\"author\":{\"name\":\"Kisha Orthodhokse\",\"@id\":\"https:\/\/orthodoxalbania.org\/2020\/#\/schema\/person\/0c387634a7063ac612d7ed9ce71c7e86\"},\"headline\":\"Festimi n\u00eb Durr\u00ebs i Apostull Pavlit dhe Petros. (29 Qershor 2011)\",\"datePublished\":\"2013-03-21T09:53:01+00:00\",\"dateModified\":\"2020-04-06T20:32:02+00:00\",\"mainEntityOfPage\":{\"@id\":\"https:\/\/orthodoxalbania.org\/2020\/2013\/03\/21\/festimi-ne-durres-i-apostull-pavlit-dhe-petros\/\"},\"wordCount\":624,\"commentCount\":0,\"publisher\":{\"@id\":\"https:\/\/orthodoxalbania.org\/2020\/#organization\"},\"keywords\":[\"2011\",\"Kremtime\",\"Kryepiskopata Tiran\u00eb\",\"lajme\"],\"articleSection\":[\"Lajme\"],\"inLanguage\":\"en-US\"},{\"@type\":\"WebPage\",\"@id\":\"https:\/\/orthodoxalbania.org\/2020\/2013\/03\/21\/festimi-ne-durres-i-apostull-pavlit-dhe-petros\/\",\"url\":\"https:\/\/orthodoxalbania.org\/2020\/2013\/03\/21\/festimi-ne-durres-i-apostull-pavlit-dhe-petros\/\",\"name\":\"Festimi n\u00eb Durr\u00ebs i Apostull Pavlit dhe Petros. (29 Qershor 2011) - Kisha Orthodh\u03bfkse Autoqefale e Shqip\u00ebris\u00eb\",\"isPartOf\":{\"@id\":\"https:\/\/orthodoxalbania.org\/2020\/#website\"},\"datePublished\":\"2013-03-21T09:53:01+00:00\",\"dateModified\":\"2020-04-06T20:32:02+00:00\",\"breadcrumb\":{\"@id\":\"https:\/\/orthodoxalbania.org\/2020\/2013\/03\/21\/festimi-ne-durres-i-apostull-pavlit-dhe-petros\/#breadcrumb\"},\"inLanguage\":\"en-US\",\"potentialAction\":[{\"@type\":\"ReadAction\",\"target\":[\"https:\/\/orthodoxalbania.org\/2020\/2013\/03\/21\/festimi-ne-durres-i-apostull-pavlit-dhe-petros\/\"]}]},{\"@type\":\"BreadcrumbList\",\"@id\":\"https:\/\/orthodoxalbania.org\/2020\/2013\/03\/21\/festimi-ne-durres-i-apostull-pavlit-dhe-petros\/#breadcrumb\",\"itemListElement\":[{\"@type\":\"ListItem\",\"position\":1,\"name\":\"Home\",\"item\":\"https:\/\/orthodoxalbania.org\/2020\/\"},{\"@type\":\"ListItem\",\"position\":2,\"name\":\"Festimi n\u00eb Durr\u00ebs i Apostull Pavlit dhe Petros. (29 Qershor 2011)\"}]},{\"@type\":\"WebSite\",\"@id\":\"https:\/\/orthodoxalbania.org\/2020\/#website\",\"url\":\"https:\/\/orthodoxalbania.org\/2020\/\",\"name\":\"Kisha Orthodh\u03bfkse Autoqefale e Shqip\u00ebris\u00eb\",\"description\":\"Fqja Zyrtare e Kish\u00ebs Orthodhokse Autoqefale e Shqip\u00ebris\u00eb me lajmet edhe informacionet zyrtare p\u00ebr struktur\u00ebn edhe veprimtarin e saj.\",\"publisher\":{\"@id\":\"https:\/\/orthodoxalbania.org\/2020\/#organization\"},\"potentialAction\":[{\"@type\":\"SearchAction\",\"target\":{\"@type\":\"EntryPoint\",\"urlTemplate\":\"https:\/\/orthodoxalbania.org\/2020\/?s={search_term_string}\"},\"query-input\":{\"@type\":\"PropertyValueSpecification\",\"valueRequired\":true,\"valueName\":\"search_term_string\"}}],\"inLanguage\":\"en-US\"},{\"@type\":\"Organization\",\"@id\":\"https:\/\/orthodoxalbania.org\/2020\/#organization\",\"name\":\"Kisha Orthodhokse Autoqefale e Shqip\u00ebris\u00eb\",\"url\":\"https:\/\/orthodoxalbania.org\/2020\/\",\"logo\":{\"@type\":\"ImageObject\",\"inLanguage\":\"en-US\",\"@id\":\"https:\/\/orthodoxalbania.org\/2020\/#\/schema\/logo\/image\/\",\"url\":\"https:\/\/orthodoxalbania.org\/2020\/wp-content\/uploads\/2020\/05\/albania.jpeg\",\"contentUrl\":\"https:\/\/orthodoxalbania.org\/2020\/wp-content\/uploads\/2020\/05\/albania.jpeg\",\"width\":540,\"height\":540,\"caption\":\"Kisha Orthodhokse Autoqefale e Shqip\u00ebris\u00eb\"},\"image\":{\"@id\":\"https:\/\/orthodoxalbania.org\/2020\/#\/schema\/logo\/image\/\"},\"sameAs\":[\"https:\/\/www.facebook.com\/koash1991\"]},{\"@type\":\"Person\",\"@id\":\"https:\/\/orthodoxalbania.org\/2020\/#\/schema\/person\/0c387634a7063ac612d7ed9ce71c7e86\",\"name\":\"Kisha Orthodhokse\",\"image\":{\"@type\":\"ImageObject\",\"inLanguage\":\"en-US\",\"@id\":\"https:\/\/secure.gravatar.com\/avatar\/596e7c417251e30f2fbb9c00e026fce61a695a00e51c889caded71c96cbbdde5?s=96&d=mm&r=g\",\"url\":\"https:\/\/secure.gravatar.com\/avatar\/596e7c417251e30f2fbb9c00e026fce61a695a00e51c889caded71c96cbbdde5?s=96&d=mm&r=g\",\"contentUrl\":\"https:\/\/secure.gravatar.com\/avatar\/596e7c417251e30f2fbb9c00e026fce61a695a00e51c889caded71c96cbbdde5?s=96&d=mm&r=g\",\"caption\":\"Kisha Orthodhokse\"}}]}<\/script>\n<!-- \/ Yoast SEO plugin. -->","yoast_head_json":{"title":"Festimi n\u00eb Durr\u00ebs i Apostull Pavlit dhe Petros. (29 Qershor 2011) - Kisha Orthodh\u03bfkse Autoqefale e Shqip\u00ebris\u00eb","robots":{"index":"index","follow":"follow","max-snippet":"max-snippet:-1","max-image-preview":"max-image-preview:large","max-video-preview":"max-video-preview:-1"},"canonical":"https:\/\/orthodoxalbania.org\/2020\/2013\/03\/21\/festimi-ne-durres-i-apostull-pavlit-dhe-petros\/","og_locale":"en_US","og_type":"article","og_title":"Festimi n\u00eb Durr\u00ebs i Apostull Pavlit dhe Petros. (29 Qershor 2011) - Kisha Orthodh\u03bfkse Autoqefale e Shqip\u00ebris\u00eb","og_description":"&nbsp; &nbsp; M\u00eb 29 Qershor 2011 n\u00eb qytetin e Durr\u00ebsit u kremtua n\u00eb m\u00ebnyr\u00eb panigjirike festa e apostujve Pav\u00ebl dhe Pet\u00ebr. Ky festim panigjirik n\u00eb qytetin e Durr\u00ebsit ka dy arsye t\u00eb forta. S\u00eb pari, k\u00ebt\u00eb dit\u00eb festohet martirizimi i t\u00eb dy apostujve dhe s\u00eb dyti, katedralja e Durr\u00ebsit q\u00eb mban emrin e Apostull Pavlit, k\u00ebtij apostulli&nbsp;q\u00eb solli mesazhin shp\u00ebtimtar t\u00eb Krishtit n\u00eb k\u00ebt\u00eb qytet","og_url":"https:\/\/orthodoxalbania.org\/2020\/2013\/03\/21\/festimi-ne-durres-i-apostull-pavlit-dhe-petros\/","og_site_name":"Kisha Orthodh\u03bfkse Autoqefale e Shqip\u00ebris\u00eb","article_publisher":"https:\/\/www.facebook.com\/koash1991","article_published_time":"2013-03-21T09:53:01+00:00","article_modified_time":"2020-04-06T20:32:02+00:00","og_image":[{"width":200,"height":172,"url":"https:\/\/orthodoxalbania.org\/2020\/wp-content\/uploads\/2021\/02\/LogoLastALb-200.png","type":"image\/png"}],"author":"Kisha Orthodhokse","twitter_card":"summary_large_image","twitter_misc":{"Written by":"Kisha Orthodhokse","Est. reading time":"3 minutes"},"schema":{"@context":"https:\/\/schema.org","@graph":[{"@type":"Article","@id":"https:\/\/orthodoxalbania.org\/2020\/2013\/03\/21\/festimi-ne-durres-i-apostull-pavlit-dhe-petros\/#article","isPartOf":{"@id":"https:\/\/orthodoxalbania.org\/2020\/2013\/03\/21\/festimi-ne-durres-i-apostull-pavlit-dhe-petros\/"},"author":{"name":"Kisha Orthodhokse","@id":"https:\/\/orthodoxalbania.org\/2020\/#\/schema\/person\/0c387634a7063ac612d7ed9ce71c7e86"},"headline":"Festimi n\u00eb Durr\u00ebs i Apostull Pavlit dhe Petros. (29 Qershor 2011)","datePublished":"2013-03-21T09:53:01+00:00","dateModified":"2020-04-06T20:32:02+00:00","mainEntityOfPage":{"@id":"https:\/\/orthodoxalbania.org\/2020\/2013\/03\/21\/festimi-ne-durres-i-apostull-pavlit-dhe-petros\/"},"wordCount":624,"commentCount":0,"publisher":{"@id":"https:\/\/orthodoxalbania.org\/2020\/#organization"},"keywords":["2011","Kremtime","Kryepiskopata Tiran\u00eb","lajme"],"articleSection":["Lajme"],"inLanguage":"en-US"},{"@type":"WebPage","@id":"https:\/\/orthodoxalbania.org\/2020\/2013\/03\/21\/festimi-ne-durres-i-apostull-pavlit-dhe-petros\/","url":"https:\/\/orthodoxalbania.org\/2020\/2013\/03\/21\/festimi-ne-durres-i-apostull-pavlit-dhe-petros\/","name":"Festimi n\u00eb Durr\u00ebs i Apostull Pavlit dhe Petros. (29 Qershor 2011) - Kisha Orthodh\u03bfkse Autoqefale e Shqip\u00ebris\u00eb","isPartOf":{"@id":"https:\/\/orthodoxalbania.org\/2020\/#website"},"datePublished":"2013-03-21T09:53:01+00:00","dateModified":"2020-04-06T20:32:02+00:00","breadcrumb":{"@id":"https:\/\/orthodoxalbania.org\/2020\/2013\/03\/21\/festimi-ne-durres-i-apostull-pavlit-dhe-petros\/#breadcrumb"},"inLanguage":"en-US","potentialAction":[{"@type":"ReadAction","target":["https:\/\/orthodoxalbania.org\/2020\/2013\/03\/21\/festimi-ne-durres-i-apostull-pavlit-dhe-petros\/"]}]},{"@type":"BreadcrumbList","@id":"https:\/\/orthodoxalbania.org\/2020\/2013\/03\/21\/festimi-ne-durres-i-apostull-pavlit-dhe-petros\/#breadcrumb","itemListElement":[{"@type":"ListItem","position":1,"name":"Home","item":"https:\/\/orthodoxalbania.org\/2020\/"},{"@type":"ListItem","position":2,"name":"Festimi n\u00eb Durr\u00ebs i Apostull Pavlit dhe Petros. (29 Qershor 2011)"}]},{"@type":"WebSite","@id":"https:\/\/orthodoxalbania.org\/2020\/#website","url":"https:\/\/orthodoxalbania.org\/2020\/","name":"Kisha Orthodh\u03bfkse Autoqefale e Shqip\u00ebris\u00eb","description":"Fqja Zyrtare e Kish\u00ebs Orthodhokse Autoqefale e Shqip\u00ebris\u00eb me lajmet edhe informacionet zyrtare p\u00ebr struktur\u00ebn edhe veprimtarin e saj.","publisher":{"@id":"https:\/\/orthodoxalbania.org\/2020\/#organization"},"potentialAction":[{"@type":"SearchAction","target":{"@type":"EntryPoint","urlTemplate":"https:\/\/orthodoxalbania.org\/2020\/?s={search_term_string}"},"query-input":{"@type":"PropertyValueSpecification","valueRequired":true,"valueName":"search_term_string"}}],"inLanguage":"en-US"},{"@type":"Organization","@id":"https:\/\/orthodoxalbania.org\/2020\/#organization","name":"Kisha Orthodhokse Autoqefale e Shqip\u00ebris\u00eb","url":"https:\/\/orthodoxalbania.org\/2020\/","logo":{"@type":"ImageObject","inLanguage":"en-US","@id":"https:\/\/orthodoxalbania.org\/2020\/#\/schema\/logo\/image\/","url":"https:\/\/orthodoxalbania.org\/2020\/wp-content\/uploads\/2020\/05\/albania.jpeg","contentUrl":"https:\/\/orthodoxalbania.org\/2020\/wp-content\/uploads\/2020\/05\/albania.jpeg","width":540,"height":540,"caption":"Kisha Orthodhokse Autoqefale e Shqip\u00ebris\u00eb"},"image":{"@id":"https:\/\/orthodoxalbania.org\/2020\/#\/schema\/logo\/image\/"},"sameAs":["https:\/\/www.facebook.com\/koash1991"]},{"@type":"Person","@id":"https:\/\/orthodoxalbania.org\/2020\/#\/schema\/person\/0c387634a7063ac612d7ed9ce71c7e86","name":"Kisha Orthodhokse","image":{"@type":"ImageObject","inLanguage":"en-US","@id":"https:\/\/secure.gravatar.com\/avatar\/596e7c417251e30f2fbb9c00e026fce61a695a00e51c889caded71c96cbbdde5?s=96&d=mm&r=g","url":"https:\/\/secure.gravatar.com\/avatar\/596e7c417251e30f2fbb9c00e026fce61a695a00e51c889caded71c96cbbdde5?s=96&d=mm&r=g","contentUrl":"https:\/\/secure.gravatar.com\/avatar\/596e7c417251e30f2fbb9c00e026fce61a695a00e51c889caded71c96cbbdde5?s=96&d=mm&r=g","caption":"Kisha Orthodhokse"}}]}},"_links":{"self":[{"href":"https:\/\/orthodoxalbania.org\/2020\/wp-json\/wp\/v2\/posts\/526","targetHints":{"allow":["GET"]}}],"collection":[{"href":"https:\/\/orthodoxalbania.org\/2020\/wp-json\/wp\/v2\/posts"}],"about":[{"href":"https:\/\/orthodoxalbania.org\/2020\/wp-json\/wp\/v2\/types\/post"}],"author":[{"embeddable":true,"href":"https:\/\/orthodoxalbania.org\/2020\/wp-json\/wp\/v2\/users\/1"}],"replies":[{"embeddable":true,"href":"https:\/\/orthodoxalbania.org\/2020\/wp-json\/wp\/v2\/comments?post=526"}],"version-history":[{"count":1,"href":"https:\/\/orthodoxalbania.org\/2020\/wp-json\/wp\/v2\/posts\/526\/revisions"}],"predecessor-version":[{"id":15379,"href":"https:\/\/orthodoxalbania.org\/2020\/wp-json\/wp\/v2\/posts\/526\/revisions\/15379"}],"wp:attachment":[{"href":"https:\/\/orthodoxalbania.org\/2020\/wp-json\/wp\/v2\/media?parent=526"}],"wp:term":[{"taxonomy":"category","embeddable":true,"href":"https:\/\/orthodoxalbania.org\/2020\/wp-json\/wp\/v2\/categories?post=526"},{"taxonomy":"post_tag","embeddable":true,"href":"https:\/\/orthodoxalbania.org\/2020\/wp-json\/wp\/v2\/tags?post=526"}],"curies":[{"name":"wp","href":"https:\/\/api.w.org\/{rel}","templated":true}]}}