{"id":525,"date":"2013-03-21T12:46:46","date_gmt":"2013-03-21T12:46:46","guid":{"rendered":""},"modified":"2020-04-06T22:05:50","modified_gmt":"2020-04-06T20:05:50","slug":"festimi-i-ujit-te-bekuar-ne-korce","status":"publish","type":"post","link":"https:\/\/orthodoxalbania.org\/2020\/2013\/03\/21\/festimi-i-ujit-te-bekuar-ne-korce\/","title":{"rendered":"Festimi i Ujit t\u00eb Bekuar n\u00eb Kor\u00e7\u00eb. (6 Janar 2013)"},"content":{"rendered":"<div style=\"text-align: justify;\"><span style=\"font-size: 12px; font-family: helvetica;\"><img class=\"lazyload\" decoding=\"async\" style=\"width: 200px; height: 150px; border-width: 1px; border-style: solid; margin: 10px; float: left;\" alt=\"\" src=\"data:image\/gif;base64,R0lGODlhAQABAAAAACH5BAEKAAEALAAAAAABAAEAAAICTAEAOw==\" data-orig-src=\"https:\/\/lh5.googleusercontent.com\/--RnpnK7GPKU\/UO6lyVc5M2I\/AAAAAAAAB2k\/9GLE-rrhgRU\/s640\/P1060099.JPG\" \/><span style=\"font-size: 12pt;\">&nbsp;&nbsp;<span style=\"color: #000000;\">&nbsp; M\u00eb dat\u00ebn 6 janar 1991 u mbajt dhe ceremonia e par\u00eb e Shenjt\u00ebrimit t\u00eb Uj\u00ebrave n\u00eb Shqip\u00ebri pas monizmit. Kjo u b\u00eb n\u00eb Kor\u00e7\u00eb, n\u00eb Sh\u00ebn Triadh\u00eb, me papa Kost\u00eb Kotnanin, nj\u00eb klerik t\u00eb vuajtur e t\u00eb p\u00ebrndjekur bashk\u00eb me familjen nga sistemi komunist. Ai ishte n\u00eb nj\u00eb mosh\u00eb shum\u00eb t\u00eb madhe dhe veshi rrobat e qepura nga motrat Cico disa dit\u00eb m\u00eb par\u00eb, me bezen e fshehur e t\u00eb vjet\u00ebruar nga koha. Ashtu thjesht, me zjarrin e besimit t\u00eb sapo rindezur, u d\u00ebgjua dhe predikimi i par\u00eb i thjesht\u00eb nga goja e z. Sotir Bambulla. At\u00eb dit\u00eb&nbsp; u duk m\u00eb s\u00eb miri etja e njer\u00ebzve p\u00ebr besim, p\u00ebr hyjnore p\u00ebr pranin\u00eb e Zotit n\u00eb jet\u00ebn e tyre&#8230;<\/span><\/span><\/span><\/div>\n<div style=\"text-align: justify;\"><span style=\"font-size: 12pt; font-family: helvetica;\"> <span style=\"color: #000000;\">&nbsp;&nbsp;&nbsp; Kjo dit\u00eb na kujtohet \u00e7do vit, kur n\u00eb Kor\u00e7\u00eb,&nbsp; n\u00eb kushte t\u00eb tjera, pa frik\u00eb e me Kish\u00ebn m\u00eb t\u00eb fort\u00eb se kurr\u00eb,&nbsp; kryhet ceremonia e Ujit t\u00eb Bekuar. Pas Liturgjis\u00eb Hyjnore, Mitropoliti i Kor\u00e7\u00ebs, Hir\u00ebsi Joani, b\u00ebri Sh\u00ebrbes\u00ebn e Shenjt\u00ebrimit t\u00eb Uj\u00ebrave. M\u00eb pas, n\u00eb shat\u00ebrvanin n\u00eb sheshi Vangjush Mio, n\u00eb prani t\u00eb nj\u00eb numri t\u00eb madh orthodoks\u00ebsh, por dhe t\u00eb besimeve t\u00eb tjera, u hodh kryqi n\u00eb uj\u00eb, q\u00eb u kap nga nj\u00eb i ri megjith\u00eb temperaturat e acarta.<\/span><\/span><\/div>\n<p style=\"text-align: justify;\"><span style=\"font-family: helvetica; font-size: 12pt;\"><\/span><\/p>\n<p style=\"text-align: right;\"><span style=\"color: #000000; font-family: helvetica; font-size: 12pt;\"><strong>Themistokli Bambulla <\/strong><\/span><\/p>\n<p style=\"text-align: justify;\"><span style=\"font-size: 12pt; font-family: helvetica;\"><img class=\"lazyload\" decoding=\"async\" style=\"width: 600px; height: 450px; border-width: 1px; border-style: solid; margin: 10px; float: left;\" alt=\"\" src=\"data:image\/gif;base64,R0lGODlhAQABAAAAACH5BAEKAAEALAAAAAABAAEAAAICTAEAOw==\" data-orig-src=\"https:\/\/lh4.googleusercontent.com\/-CtQ5UvVvK9s\/UO6lyRP42MI\/AAAAAAAAB2c\/nQR9vfHYQlE\/s640\/P1060118.JPG\" \/><\/span><\/p>\n<p style=\"text-align: justify;\"><span style=\"font-size: 12pt; font-family: helvetica;\"> <strong><img class=\"lazyload\" decoding=\"async\" style=\"width: 600px; height: 450px; border-width: 1px; border-style: solid; margin: 10px; float: left;\" alt=\"\" src=\"data:image\/gif;base64,R0lGODlhAQABAAAAACH5BAEKAAEALAAAAAABAAEAAAICTAEAOw==\" data-orig-src=\"https:\/\/lh5.googleusercontent.com\/-REp_5iCnRAQ\/UO6lyRt9k_I\/AAAAAAAAB2g\/V0CnCcsRWOs\/s640\/P1060114.JPG\" \/><br \/> <\/strong><\/span><\/p>\n","protected":false},"excerpt":{"rendered":"<p>&nbsp;&nbsp;&nbsp; M\u00eb dat\u00ebn 6 janar 1991 u mbajt dhe ceremonia e par\u00eb e Shenjt\u00ebrimit t\u00eb Uj\u00ebrave n\u00eb Shqip\u00ebri pas monizmit. Kjo u b\u00eb n\u00eb Kor\u00e7\u00eb, n\u00eb Sh\u00ebn Triadh\u00eb, me papa Kost\u00eb Kotnanin, nj\u00eb klerik t\u00eb vuajtur e t\u00eb p\u00ebrndjekur bashk\u00eb me familjen nga sistemi komunist. Ai ishte n\u00eb nj\u00eb mosh\u00eb shum\u00eb t\u00eb madhe dhe veshi rrobat e qepura nga motrat Cico disa dit\u00eb m\u00eb par\u00eb,<\/p>\n","protected":false},"author":1,"featured_media":0,"comment_status":"open","ping_status":"open","sticky":false,"template":"","format":"standard","meta":{"_acf_changed":false,"pagelayer_contact_templates":[],"_pagelayer_content":"","inline_featured_image":false,"fifu_image_url":"","fifu_image_alt":"","footnotes":""},"categories":[108],"tags":[141,212,181],"class_list":["post-525","post","type-post","status-publish","format-standard","hentry","category-lajme","tag-141","tag-lajme-d27","tag-korce"],"acf":[],"yoast_head":"<!-- This site is optimized with the Yoast SEO plugin v27.2 - https:\/\/yoast.com\/product\/yoast-seo-wordpress\/ -->\n<title>Festimi i Ujit t\u00eb Bekuar n\u00eb Kor\u00e7\u00eb. (6 Janar 2013) - Kisha Orthodh\u03bfkse Autoqefale e Shqip\u00ebris\u00eb<\/title>\n<meta name=\"robots\" content=\"index, follow, max-snippet:-1, max-image-preview:large, max-video-preview:-1\" \/>\n<link rel=\"canonical\" href=\"https:\/\/orthodoxalbania.org\/2020\/2013\/03\/21\/festimi-i-ujit-te-bekuar-ne-korce\/\" \/>\n<meta property=\"og:locale\" content=\"en_US\" \/>\n<meta property=\"og:type\" content=\"article\" \/>\n<meta property=\"og:title\" content=\"Festimi i Ujit t\u00eb Bekuar n\u00eb Kor\u00e7\u00eb. (6 Janar 2013) - Kisha Orthodh\u03bfkse Autoqefale e Shqip\u00ebris\u00eb\" \/>\n<meta property=\"og:description\" content=\"&nbsp;&nbsp;&nbsp; M\u00eb dat\u00ebn 6 janar 1991 u mbajt dhe ceremonia e par\u00eb e Shenjt\u00ebrimit t\u00eb Uj\u00ebrave n\u00eb Shqip\u00ebri pas monizmit. Kjo u b\u00eb n\u00eb Kor\u00e7\u00eb, n\u00eb Sh\u00ebn Triadh\u00eb, me papa Kost\u00eb Kotnanin, nj\u00eb klerik t\u00eb vuajtur e t\u00eb p\u00ebrndjekur bashk\u00eb me familjen nga sistemi komunist. Ai ishte n\u00eb nj\u00eb mosh\u00eb shum\u00eb t\u00eb madhe dhe veshi rrobat e qepura nga motrat Cico disa dit\u00eb m\u00eb par\u00eb,\" \/>\n<meta property=\"og:url\" content=\"https:\/\/orthodoxalbania.org\/2020\/2013\/03\/21\/festimi-i-ujit-te-bekuar-ne-korce\/\" \/>\n<meta property=\"og:site_name\" content=\"Kisha Orthodh\u03bfkse Autoqefale e Shqip\u00ebris\u00eb\" \/>\n<meta property=\"article:publisher\" content=\"https:\/\/www.facebook.com\/koash1991\" \/>\n<meta property=\"article:published_time\" content=\"2013-03-21T12:46:46+00:00\" \/>\n<meta property=\"article:modified_time\" content=\"2020-04-06T20:05:50+00:00\" \/>\n<meta property=\"og:image\" content=\"https:\/\/lh5.googleusercontent.com\/--RnpnK7GPKU\/UO6lyVc5M2I\/AAAAAAAAB2k\/9GLE-rrhgRU\/s640\/P1060099.JPG\" \/>\n<meta name=\"author\" content=\"Kisha Orthodhokse\" \/>\n<meta name=\"twitter:card\" content=\"summary_large_image\" \/>\n<meta name=\"twitter:label1\" content=\"Written by\" \/>\n\t<meta name=\"twitter:data1\" content=\"Kisha Orthodhokse\" \/>\n\t<meta name=\"twitter:label2\" content=\"Est. reading time\" \/>\n\t<meta name=\"twitter:data2\" content=\"1 minute\" \/>\n<script type=\"application\/ld+json\" class=\"yoast-schema-graph\">{\"@context\":\"https:\/\/schema.org\",\"@graph\":[{\"@type\":\"Article\",\"@id\":\"https:\/\/orthodoxalbania.org\/2020\/2013\/03\/21\/festimi-i-ujit-te-bekuar-ne-korce\/#article\",\"isPartOf\":{\"@id\":\"https:\/\/orthodoxalbania.org\/2020\/2013\/03\/21\/festimi-i-ujit-te-bekuar-ne-korce\/\"},\"author\":{\"name\":\"Kisha Orthodhokse\",\"@id\":\"https:\/\/orthodoxalbania.org\/2020\/#\/schema\/person\/0c387634a7063ac612d7ed9ce71c7e86\"},\"headline\":\"Festimi i Ujit t\u00eb Bekuar n\u00eb Kor\u00e7\u00eb. (6 Janar 2013)\",\"datePublished\":\"2013-03-21T12:46:46+00:00\",\"dateModified\":\"2020-04-06T20:05:50+00:00\",\"mainEntityOfPage\":{\"@id\":\"https:\/\/orthodoxalbania.org\/2020\/2013\/03\/21\/festimi-i-ujit-te-bekuar-ne-korce\/\"},\"wordCount\":239,\"commentCount\":0,\"publisher\":{\"@id\":\"https:\/\/orthodoxalbania.org\/2020\/#organization\"},\"image\":{\"@id\":\"https:\/\/orthodoxalbania.org\/2020\/2013\/03\/21\/festimi-i-ujit-te-bekuar-ne-korce\/#primaryimage\"},\"thumbnailUrl\":\"https:\/\/lh5.googleusercontent.com\/--RnpnK7GPKU\/UO6lyVc5M2I\/AAAAAAAAB2k\/9GLE-rrhgRU\/s640\/P1060099.JPG\",\"keywords\":[\"2013\",\"lajme\",\"Mitropolia Kor\u00e7\u00eb\"],\"articleSection\":[\"Lajme\"],\"inLanguage\":\"en-US\"},{\"@type\":\"WebPage\",\"@id\":\"https:\/\/orthodoxalbania.org\/2020\/2013\/03\/21\/festimi-i-ujit-te-bekuar-ne-korce\/\",\"url\":\"https:\/\/orthodoxalbania.org\/2020\/2013\/03\/21\/festimi-i-ujit-te-bekuar-ne-korce\/\",\"name\":\"Festimi i Ujit t\u00eb Bekuar n\u00eb Kor\u00e7\u00eb. (6 Janar 2013) - Kisha Orthodh\u03bfkse Autoqefale e Shqip\u00ebris\u00eb\",\"isPartOf\":{\"@id\":\"https:\/\/orthodoxalbania.org\/2020\/#website\"},\"primaryImageOfPage\":{\"@id\":\"https:\/\/orthodoxalbania.org\/2020\/2013\/03\/21\/festimi-i-ujit-te-bekuar-ne-korce\/#primaryimage\"},\"image\":{\"@id\":\"https:\/\/orthodoxalbania.org\/2020\/2013\/03\/21\/festimi-i-ujit-te-bekuar-ne-korce\/#primaryimage\"},\"thumbnailUrl\":\"https:\/\/lh5.googleusercontent.com\/--RnpnK7GPKU\/UO6lyVc5M2I\/AAAAAAAAB2k\/9GLE-rrhgRU\/s640\/P1060099.JPG\",\"datePublished\":\"2013-03-21T12:46:46+00:00\",\"dateModified\":\"2020-04-06T20:05:50+00:00\",\"breadcrumb\":{\"@id\":\"https:\/\/orthodoxalbania.org\/2020\/2013\/03\/21\/festimi-i-ujit-te-bekuar-ne-korce\/#breadcrumb\"},\"inLanguage\":\"en-US\",\"potentialAction\":[{\"@type\":\"ReadAction\",\"target\":[\"https:\/\/orthodoxalbania.org\/2020\/2013\/03\/21\/festimi-i-ujit-te-bekuar-ne-korce\/\"]}]},{\"@type\":\"ImageObject\",\"inLanguage\":\"en-US\",\"@id\":\"https:\/\/orthodoxalbania.org\/2020\/2013\/03\/21\/festimi-i-ujit-te-bekuar-ne-korce\/#primaryimage\",\"url\":\"https:\/\/lh5.googleusercontent.com\/--RnpnK7GPKU\/UO6lyVc5M2I\/AAAAAAAAB2k\/9GLE-rrhgRU\/s640\/P1060099.JPG\",\"contentUrl\":\"https:\/\/lh5.googleusercontent.com\/--RnpnK7GPKU\/UO6lyVc5M2I\/AAAAAAAAB2k\/9GLE-rrhgRU\/s640\/P1060099.JPG\"},{\"@type\":\"BreadcrumbList\",\"@id\":\"https:\/\/orthodoxalbania.org\/2020\/2013\/03\/21\/festimi-i-ujit-te-bekuar-ne-korce\/#breadcrumb\",\"itemListElement\":[{\"@type\":\"ListItem\",\"position\":1,\"name\":\"Home\",\"item\":\"https:\/\/orthodoxalbania.org\/2020\/\"},{\"@type\":\"ListItem\",\"position\":2,\"name\":\"Festimi i Ujit t\u00eb Bekuar n\u00eb Kor\u00e7\u00eb. (6 Janar 2013)\"}]},{\"@type\":\"WebSite\",\"@id\":\"https:\/\/orthodoxalbania.org\/2020\/#website\",\"url\":\"https:\/\/orthodoxalbania.org\/2020\/\",\"name\":\"Kisha Orthodh\u03bfkse Autoqefale e Shqip\u00ebris\u00eb\",\"description\":\"Fqja Zyrtare e Kish\u00ebs Orthodhokse Autoqefale e Shqip\u00ebris\u00eb me lajmet edhe informacionet zyrtare p\u00ebr struktur\u00ebn edhe veprimtarin e saj.\",\"publisher\":{\"@id\":\"https:\/\/orthodoxalbania.org\/2020\/#organization\"},\"potentialAction\":[{\"@type\":\"SearchAction\",\"target\":{\"@type\":\"EntryPoint\",\"urlTemplate\":\"https:\/\/orthodoxalbania.org\/2020\/?s={search_term_string}\"},\"query-input\":{\"@type\":\"PropertyValueSpecification\",\"valueRequired\":true,\"valueName\":\"search_term_string\"}}],\"inLanguage\":\"en-US\"},{\"@type\":\"Organization\",\"@id\":\"https:\/\/orthodoxalbania.org\/2020\/#organization\",\"name\":\"Kisha Orthodhokse Autoqefale e Shqip\u00ebris\u00eb\",\"url\":\"https:\/\/orthodoxalbania.org\/2020\/\",\"logo\":{\"@type\":\"ImageObject\",\"inLanguage\":\"en-US\",\"@id\":\"https:\/\/orthodoxalbania.org\/2020\/#\/schema\/logo\/image\/\",\"url\":\"https:\/\/orthodoxalbania.org\/2020\/wp-content\/uploads\/2020\/05\/albania.jpeg\",\"contentUrl\":\"https:\/\/orthodoxalbania.org\/2020\/wp-content\/uploads\/2020\/05\/albania.jpeg\",\"width\":540,\"height\":540,\"caption\":\"Kisha Orthodhokse Autoqefale e Shqip\u00ebris\u00eb\"},\"image\":{\"@id\":\"https:\/\/orthodoxalbania.org\/2020\/#\/schema\/logo\/image\/\"},\"sameAs\":[\"https:\/\/www.facebook.com\/koash1991\"]},{\"@type\":\"Person\",\"@id\":\"https:\/\/orthodoxalbania.org\/2020\/#\/schema\/person\/0c387634a7063ac612d7ed9ce71c7e86\",\"name\":\"Kisha Orthodhokse\",\"image\":{\"@type\":\"ImageObject\",\"inLanguage\":\"en-US\",\"@id\":\"https:\/\/secure.gravatar.com\/avatar\/596e7c417251e30f2fbb9c00e026fce61a695a00e51c889caded71c96cbbdde5?s=96&d=mm&r=g\",\"url\":\"https:\/\/secure.gravatar.com\/avatar\/596e7c417251e30f2fbb9c00e026fce61a695a00e51c889caded71c96cbbdde5?s=96&d=mm&r=g\",\"contentUrl\":\"https:\/\/secure.gravatar.com\/avatar\/596e7c417251e30f2fbb9c00e026fce61a695a00e51c889caded71c96cbbdde5?s=96&d=mm&r=g\",\"caption\":\"Kisha Orthodhokse\"}}]}<\/script>\n<!-- \/ Yoast SEO plugin. -->","yoast_head_json":{"title":"Festimi i Ujit t\u00eb Bekuar n\u00eb Kor\u00e7\u00eb. (6 Janar 2013) - Kisha Orthodh\u03bfkse Autoqefale e Shqip\u00ebris\u00eb","robots":{"index":"index","follow":"follow","max-snippet":"max-snippet:-1","max-image-preview":"max-image-preview:large","max-video-preview":"max-video-preview:-1"},"canonical":"https:\/\/orthodoxalbania.org\/2020\/2013\/03\/21\/festimi-i-ujit-te-bekuar-ne-korce\/","og_locale":"en_US","og_type":"article","og_title":"Festimi i Ujit t\u00eb Bekuar n\u00eb Kor\u00e7\u00eb. (6 Janar 2013) - Kisha Orthodh\u03bfkse Autoqefale e Shqip\u00ebris\u00eb","og_description":"&nbsp;&nbsp;&nbsp; M\u00eb dat\u00ebn 6 janar 1991 u mbajt dhe ceremonia e par\u00eb e Shenjt\u00ebrimit t\u00eb Uj\u00ebrave n\u00eb Shqip\u00ebri pas monizmit. Kjo u b\u00eb n\u00eb Kor\u00e7\u00eb, n\u00eb Sh\u00ebn Triadh\u00eb, me papa Kost\u00eb Kotnanin, nj\u00eb klerik t\u00eb vuajtur e t\u00eb p\u00ebrndjekur bashk\u00eb me familjen nga sistemi komunist. Ai ishte n\u00eb nj\u00eb mosh\u00eb shum\u00eb t\u00eb madhe dhe veshi rrobat e qepura nga motrat Cico disa dit\u00eb m\u00eb par\u00eb,","og_url":"https:\/\/orthodoxalbania.org\/2020\/2013\/03\/21\/festimi-i-ujit-te-bekuar-ne-korce\/","og_site_name":"Kisha Orthodh\u03bfkse Autoqefale e Shqip\u00ebris\u00eb","article_publisher":"https:\/\/www.facebook.com\/koash1991","article_published_time":"2013-03-21T12:46:46+00:00","article_modified_time":"2020-04-06T20:05:50+00:00","og_image":[{"url":"https:\/\/lh5.googleusercontent.com\/--RnpnK7GPKU\/UO6lyVc5M2I\/AAAAAAAAB2k\/9GLE-rrhgRU\/s640\/P1060099.JPG","type":"","width":"","height":""}],"author":"Kisha Orthodhokse","twitter_card":"summary_large_image","twitter_misc":{"Written by":"Kisha Orthodhokse","Est. reading time":"1 minute"},"schema":{"@context":"https:\/\/schema.org","@graph":[{"@type":"Article","@id":"https:\/\/orthodoxalbania.org\/2020\/2013\/03\/21\/festimi-i-ujit-te-bekuar-ne-korce\/#article","isPartOf":{"@id":"https:\/\/orthodoxalbania.org\/2020\/2013\/03\/21\/festimi-i-ujit-te-bekuar-ne-korce\/"},"author":{"name":"Kisha Orthodhokse","@id":"https:\/\/orthodoxalbania.org\/2020\/#\/schema\/person\/0c387634a7063ac612d7ed9ce71c7e86"},"headline":"Festimi i Ujit t\u00eb Bekuar n\u00eb Kor\u00e7\u00eb. (6 Janar 2013)","datePublished":"2013-03-21T12:46:46+00:00","dateModified":"2020-04-06T20:05:50+00:00","mainEntityOfPage":{"@id":"https:\/\/orthodoxalbania.org\/2020\/2013\/03\/21\/festimi-i-ujit-te-bekuar-ne-korce\/"},"wordCount":239,"commentCount":0,"publisher":{"@id":"https:\/\/orthodoxalbania.org\/2020\/#organization"},"image":{"@id":"https:\/\/orthodoxalbania.org\/2020\/2013\/03\/21\/festimi-i-ujit-te-bekuar-ne-korce\/#primaryimage"},"thumbnailUrl":"https:\/\/lh5.googleusercontent.com\/--RnpnK7GPKU\/UO6lyVc5M2I\/AAAAAAAAB2k\/9GLE-rrhgRU\/s640\/P1060099.JPG","keywords":["2013","lajme","Mitropolia Kor\u00e7\u00eb"],"articleSection":["Lajme"],"inLanguage":"en-US"},{"@type":"WebPage","@id":"https:\/\/orthodoxalbania.org\/2020\/2013\/03\/21\/festimi-i-ujit-te-bekuar-ne-korce\/","url":"https:\/\/orthodoxalbania.org\/2020\/2013\/03\/21\/festimi-i-ujit-te-bekuar-ne-korce\/","name":"Festimi i Ujit t\u00eb Bekuar n\u00eb Kor\u00e7\u00eb. (6 Janar 2013) - Kisha Orthodh\u03bfkse Autoqefale e Shqip\u00ebris\u00eb","isPartOf":{"@id":"https:\/\/orthodoxalbania.org\/2020\/#website"},"primaryImageOfPage":{"@id":"https:\/\/orthodoxalbania.org\/2020\/2013\/03\/21\/festimi-i-ujit-te-bekuar-ne-korce\/#primaryimage"},"image":{"@id":"https:\/\/orthodoxalbania.org\/2020\/2013\/03\/21\/festimi-i-ujit-te-bekuar-ne-korce\/#primaryimage"},"thumbnailUrl":"https:\/\/lh5.googleusercontent.com\/--RnpnK7GPKU\/UO6lyVc5M2I\/AAAAAAAAB2k\/9GLE-rrhgRU\/s640\/P1060099.JPG","datePublished":"2013-03-21T12:46:46+00:00","dateModified":"2020-04-06T20:05:50+00:00","breadcrumb":{"@id":"https:\/\/orthodoxalbania.org\/2020\/2013\/03\/21\/festimi-i-ujit-te-bekuar-ne-korce\/#breadcrumb"},"inLanguage":"en-US","potentialAction":[{"@type":"ReadAction","target":["https:\/\/orthodoxalbania.org\/2020\/2013\/03\/21\/festimi-i-ujit-te-bekuar-ne-korce\/"]}]},{"@type":"ImageObject","inLanguage":"en-US","@id":"https:\/\/orthodoxalbania.org\/2020\/2013\/03\/21\/festimi-i-ujit-te-bekuar-ne-korce\/#primaryimage","url":"https:\/\/lh5.googleusercontent.com\/--RnpnK7GPKU\/UO6lyVc5M2I\/AAAAAAAAB2k\/9GLE-rrhgRU\/s640\/P1060099.JPG","contentUrl":"https:\/\/lh5.googleusercontent.com\/--RnpnK7GPKU\/UO6lyVc5M2I\/AAAAAAAAB2k\/9GLE-rrhgRU\/s640\/P1060099.JPG"},{"@type":"BreadcrumbList","@id":"https:\/\/orthodoxalbania.org\/2020\/2013\/03\/21\/festimi-i-ujit-te-bekuar-ne-korce\/#breadcrumb","itemListElement":[{"@type":"ListItem","position":1,"name":"Home","item":"https:\/\/orthodoxalbania.org\/2020\/"},{"@type":"ListItem","position":2,"name":"Festimi i Ujit t\u00eb Bekuar n\u00eb Kor\u00e7\u00eb. (6 Janar 2013)"}]},{"@type":"WebSite","@id":"https:\/\/orthodoxalbania.org\/2020\/#website","url":"https:\/\/orthodoxalbania.org\/2020\/","name":"Kisha Orthodh\u03bfkse Autoqefale e Shqip\u00ebris\u00eb","description":"Fqja Zyrtare e Kish\u00ebs Orthodhokse Autoqefale e Shqip\u00ebris\u00eb me lajmet edhe informacionet zyrtare p\u00ebr struktur\u00ebn edhe veprimtarin e saj.","publisher":{"@id":"https:\/\/orthodoxalbania.org\/2020\/#organization"},"potentialAction":[{"@type":"SearchAction","target":{"@type":"EntryPoint","urlTemplate":"https:\/\/orthodoxalbania.org\/2020\/?s={search_term_string}"},"query-input":{"@type":"PropertyValueSpecification","valueRequired":true,"valueName":"search_term_string"}}],"inLanguage":"en-US"},{"@type":"Organization","@id":"https:\/\/orthodoxalbania.org\/2020\/#organization","name":"Kisha Orthodhokse Autoqefale e Shqip\u00ebris\u00eb","url":"https:\/\/orthodoxalbania.org\/2020\/","logo":{"@type":"ImageObject","inLanguage":"en-US","@id":"https:\/\/orthodoxalbania.org\/2020\/#\/schema\/logo\/image\/","url":"https:\/\/orthodoxalbania.org\/2020\/wp-content\/uploads\/2020\/05\/albania.jpeg","contentUrl":"https:\/\/orthodoxalbania.org\/2020\/wp-content\/uploads\/2020\/05\/albania.jpeg","width":540,"height":540,"caption":"Kisha Orthodhokse Autoqefale e Shqip\u00ebris\u00eb"},"image":{"@id":"https:\/\/orthodoxalbania.org\/2020\/#\/schema\/logo\/image\/"},"sameAs":["https:\/\/www.facebook.com\/koash1991"]},{"@type":"Person","@id":"https:\/\/orthodoxalbania.org\/2020\/#\/schema\/person\/0c387634a7063ac612d7ed9ce71c7e86","name":"Kisha Orthodhokse","image":{"@type":"ImageObject","inLanguage":"en-US","@id":"https:\/\/secure.gravatar.com\/avatar\/596e7c417251e30f2fbb9c00e026fce61a695a00e51c889caded71c96cbbdde5?s=96&d=mm&r=g","url":"https:\/\/secure.gravatar.com\/avatar\/596e7c417251e30f2fbb9c00e026fce61a695a00e51c889caded71c96cbbdde5?s=96&d=mm&r=g","contentUrl":"https:\/\/secure.gravatar.com\/avatar\/596e7c417251e30f2fbb9c00e026fce61a695a00e51c889caded71c96cbbdde5?s=96&d=mm&r=g","caption":"Kisha Orthodhokse"}}]}},"_links":{"self":[{"href":"https:\/\/orthodoxalbania.org\/2020\/wp-json\/wp\/v2\/posts\/525","targetHints":{"allow":["GET"]}}],"collection":[{"href":"https:\/\/orthodoxalbania.org\/2020\/wp-json\/wp\/v2\/posts"}],"about":[{"href":"https:\/\/orthodoxalbania.org\/2020\/wp-json\/wp\/v2\/types\/post"}],"author":[{"embeddable":true,"href":"https:\/\/orthodoxalbania.org\/2020\/wp-json\/wp\/v2\/users\/1"}],"replies":[{"embeddable":true,"href":"https:\/\/orthodoxalbania.org\/2020\/wp-json\/wp\/v2\/comments?post=525"}],"version-history":[{"count":1,"href":"https:\/\/orthodoxalbania.org\/2020\/wp-json\/wp\/v2\/posts\/525\/revisions"}],"predecessor-version":[{"id":15257,"href":"https:\/\/orthodoxalbania.org\/2020\/wp-json\/wp\/v2\/posts\/525\/revisions\/15257"}],"wp:attachment":[{"href":"https:\/\/orthodoxalbania.org\/2020\/wp-json\/wp\/v2\/media?parent=525"}],"wp:term":[{"taxonomy":"category","embeddable":true,"href":"https:\/\/orthodoxalbania.org\/2020\/wp-json\/wp\/v2\/categories?post=525"},{"taxonomy":"post_tag","embeddable":true,"href":"https:\/\/orthodoxalbania.org\/2020\/wp-json\/wp\/v2\/tags?post=525"}],"curies":[{"name":"wp","href":"https:\/\/api.w.org\/{rel}","templated":true}]}}