{"id":524,"date":"2013-03-21T12:48:10","date_gmt":"2013-03-21T12:48:10","guid":{"rendered":""},"modified":"2020-04-06T22:05:50","modified_gmt":"2020-04-06T20:05:50","slug":"festimi-i-35-vjetorit-te-fronezimit-te-patriarkut-te-gjeorgjise-fortlumturise-se-tij-z-ilia-ii","status":"publish","type":"post","link":"https:\/\/orthodoxalbania.org\/2020\/2013\/03\/21\/festimi-i-35-vjetorit-te-fronezimit-te-patriarkut-te-gjeorgjise-fortlumturise-se-tij-z-ilia-ii\/","title":{"rendered":"Festimi i 35-vjetorit t\u00eb Fron\u00ebzimit t\u00eb Patriarkut t\u00eb Gjeorgjis\u00eb, Fortlumturis\u00eb s\u00eb Tij z. Ilia II. (10 &#8211; 13 Janar 2013)"},"content":{"rendered":"<div style=\"text-align: justify;\"><span style=\"font-family: helvetica;\"><span style=\"font-size: 12px;\"><img class=\"lazyload\" decoding=\"async\" style=\"width: 200px; height: 423px; border-width: 1px; border-style: solid; margin: 10px; float: left;\" alt=\"\" src=\"data:image\/gif;base64,R0lGODlhAQABAAAAACH5BAEKAAEALAAAAAABAAEAAAICTAEAOw==\" data-orig-src=\"https:\/\/lh4.googleusercontent.com\/-wEMeiAIHySQ\/UPqcV7E2VhI\/AAAAAAAAB3o\/yXz14lwHPOE\/s400\/1 - Patriarku Ilia i Gjeorgjise.jpg\" \/><span style=\"font-size: 12pt;\">&nbsp;&nbsp; <span style=\"color: #000000;\">Me rastin e 35 vjetorit t\u00eb Fron\u00ebzimit dhe t\u00eb 80 vjetorit t\u00eb Patriarkut t\u00eb Gjeorgjis\u00eb, Fortlumturis\u00eb s\u00eb Tij z. Ilia II, Patriarkana e Gjeorgjis\u00eb organizoi nga data 10-13 janar 2013 nj\u00eb program disa ditor festiv t\u00eb mbushur me shum\u00eb aktivitete.<\/span><\/span><\/span><\/span><\/div>\n<div style=\"text-align: justify;\"><span style=\"font-family: helvetica; font-size: 12pt;\"> <span style=\"color: #000000;\">&nbsp;&nbsp; N\u00eb k\u00ebto festime merrnin pjes\u00eb Patriarku Ekumenik T\u00ebr\u00ebsh\u00ebnjt\u00ebria e Tij z. Bartolomeu, Patriarku i Serbis\u00eb Fortlumturia e Tij z. Irineu, Kryepiskopi i \u00c7ekis\u00eb dhe Sllovakis\u00eb Fortlumturia e Tij z. Kristofor dhe Mitropolit\u00eb e Episkop\u00eb p\u00ebrfaq\u00ebsues t\u00eb Patriarkanave dhe Kishave Autoqefale. Nga kisha e Shqip\u00ebris\u00eb mor\u00ebn pjes\u00eb Mitropoliti i Gjirokastr\u00ebs z. Dhimit\u00ebr dhe Episkopi i Bylisit z. Asti.<\/span><\/span><\/div>\n<div style=\"text-align: justify;\"><span style=\"font-family: helvetica; font-size: 12pt;\"> <span style=\"color: #000000;\">&nbsp;&nbsp;&nbsp; K\u00ebto dit\u00eb u shnd\u00ebrruan n\u00eb dit\u00eb festive, jo vet\u00ebm p\u00ebr Kish\u00ebn Orthodhokse por edhe p\u00ebr t\u00eb gjith\u00eb vendin, ku shteti dhe e gjith\u00eb media i kushtoi r\u00ebnd\u00ebsi t\u00eb madhe. Kujtojm\u00eb se besimtar\u00ebt orthodhoks\u00eb p\u00ebrb\u00ebjn\u00eb mbi 90 % t\u00eb popullsis\u00eb s\u00eb vendit. Delegacionet e Kishave Orthodhokse u nderuan edhe me pritjet dhe darkat zyrtare t\u00eb udh\u00ebheq\u00ebsve m\u00eb t\u00eb lart\u00eb t\u00eb shtetit, Presidenti i Republik\u00ebs z. Mikheil Saakashvili, Kryeministri z. Bidzina Ivanishvili dhe Kryetari i Kuvendit Popullor z. David Usupashvili.<\/span><\/span><\/div>\n<div style=\"text-align: justify;\"><span style=\"font-family: helvetica; font-size: 12pt;\"> <span style=\"color: #000000;\">&nbsp;&nbsp;&nbsp; Programi festiv disa ditor p\u00ebr nder t\u00eb Patriarkut Ilia t\u00eb Gjeorgjis\u00eb ishte i mbushur me shum\u00eb aktiviteteve, mes t\u00eb cilave Simpoziumi shkencor n\u00eb Universitetin e Patriarkan\u00ebs \u201cApostull Andrea\u201d, Koncerti festiv n\u00eb Pallatin e Kultur\u00ebs t\u00eb Kryeqytetit, vizitat n\u00eb kisha, manastire, qendra asketike historike t\u00eb Gjeorgjis\u00eb etj. &nbsp;<\/span><\/span><\/div>\n<div style=\"text-align: justify;\"><span style=\"font-family: helvetica; font-size: 12pt;\"> <span style=\"color: #000000;\">&nbsp;&nbsp;&nbsp; Programi kulmoi me Liturgjin\u00eb hyjnore patriarkale t\u00eb dit\u00ebs s\u00eb diel dt.13 janar q\u00eb u mbajt n\u00eb Katedralen e Trinis\u00eb s\u00eb Shenjt\u00eb n\u00eb Tbilisi, n\u00eb kryeqytetin e Gjeorgjis\u00eb, n\u00eb prani t\u00eb dhjet\u00ebra mij\u00ebrave besimtar\u00ebve. \u00cbsht\u00eb p\u00ebr tu theksuar se besimtar\u00ebt m\u00eb t\u00eb shumt\u00eb q\u00eb mbushin kishat jan\u00eb t\u00eb rinjt\u00eb dhe f\u00ebmij\u00ebt. N\u00eb fund t\u00eb liturgjis\u00eb, t\u00eb gjith\u00eb hierark\u00ebt p\u00ebrfaq\u00ebsues t\u00eb Kishave Orthodhokse, n\u00eb em\u00ebr t\u00eb primat\u00ebve t\u00eb Kishave t\u00eb tyre p\u00ebrkat\u00ebse, iu drejtuan personit t\u00eb nderuar, Patriarkut t\u00eb Gjeorgjis\u00eb, me fjalime p\u00ebrsh\u00ebndet\u00ebse e dhurata. P\u00ebrfaq\u00ebsuesit e Kish\u00ebs Orthodhokse Autoqefale e Shqip\u00ebris\u00eb, lexuan mesazhin e Kryepiskopit Anastas drejtuar Fortlumturis\u00eb s\u00eb Tij z. Ilia, Kryepiskop i Mtsket\u00ebs-Tbilisit dhe Patriark-Katholik t\u00eb gjith\u00eb Gjeorgjis\u00eb, duke i dhuruar edhe nj\u00eb kopje t\u00eb botimit faksimile t\u00eb Kodikut t\u00eb Kor\u00e7\u00ebs t\u00eb shek. X.<\/p>\n<p> &nbsp;&nbsp;&nbsp; P\u00ebr m\u00eb tep\u00ebr vizitoni:<\/span><br \/> <span style=\"color: #008080;\"><a href=\"http:\/\/sstv.ge\/video_promote.php?project_id=39&amp;material_id=5348&amp;prom_vid_id=228&amp;archive=0&amp;fb_action_ids=530968866921761&amp;fb_action_types=og.likes&amp;fb_source=timeline_og&amp;action_object_map={%22530968866921761%22%3A452242028162843}&amp;action_type_map={%22530968866921761%22%3A%22og.likes%22}&amp;action_ref_map=[]\">http:\/\/sstv.ge\/video_promote.php?project_id=39&amp;material_id=5348&amp;prom_vid_id=228&amp;archive=0&amp;fb_action_ids=530968866921761&amp;fb_action_types=og.likes&amp;fb_source=timeline_og&amp;action_object_map={%22530968866921761%22%3A452242028162843}&amp;action_type_map={%22530968866921761%22%3A%22og.likes%22}&amp;action_ref_map=[] <\/a><\/span><\/span><\/div>\n<p style=\"text-align: justify;\"><span style=\"font-family: helvetica; font-size: 12pt;\"><img class=\"lazyload\" decoding=\"async\" style=\"width: 600px; height: 399px; border-width: 1px; border-style: solid; margin: 10px; float: left;\" alt=\"\" src=\"data:image\/gif;base64,R0lGODlhAQABAAAAACH5BAEKAAEALAAAAAABAAEAAAICTAEAOw==\" data-orig-src=\"https:\/\/lh5.googleusercontent.com\/-7vyeEX-CkB8\/UPqcYAxinwI\/AAAAAAAAB30\/kpJ2KVJegKE\/s640\/2 - 8398.jpg\" \/><\/span><\/p>\n<p style=\"text-align: justify;\"><span style=\"font-family: helvetica; font-size: 12pt;\"><img class=\"lazyload\" decoding=\"async\" style=\"width: 600px; height: 400px; border-width: 1px; border-style: solid; margin: 10px; float: left;\" alt=\"\" src=\"data:image\/gif;base64,R0lGODlhAQABAAAAACH5BAEKAAEALAAAAAABAAEAAAICTAEAOw==\" data-orig-src=\"https:\/\/lh3.googleusercontent.com\/-yEHXbXAgShI\/UPqcXgkKk5I\/AAAAAAAAB3s\/nIpgKdAuJdI\/s640\/3 - IMG_5911.jpg\" \/><\/span><\/p>\n<p style=\"text-align: justify;\"><span style=\"font-family: helvetica; font-size: 12pt;\"><a href=\"http:\/\/sstv.ge\/video_promote.php?project_id=39&amp;material_id=5348&amp;prom_vid_id=228&amp;archive=0&amp;fb_action_ids=530968866921761&amp;fb_action_types=og.likes&amp;fb_source=timeline_og&amp;action_object_map={%22530968866921761%22%3A452242028162843}&amp;action_type_map={%22530968866921761%22%3A%22og.likes%22}&amp;action_ref_map=[]\"><\/p>\n<p> <\/a><\/span><br \/><span style=\"font-family: helvetica; font-size: 12pt;\"> &nbsp;<\/span><\/p>\n","protected":false},"excerpt":{"rendered":"<p>&nbsp;&nbsp; Me rastin e 35 vjetorit t\u00eb Fron\u00ebzimit dhe t\u00eb 80 vjetorit t\u00eb Patriarkut t\u00eb Gjeorgjis\u00eb, Fortlumturis\u00eb s\u00eb Tij z. Ilia II, Patriarkana e Gjeorgjis\u00eb organizoi nga data 10-13 janar 2013 nj\u00eb program disa ditor festiv t\u00eb mbushur me shum\u00eb aktivitete. &nbsp;&nbsp; N\u00eb k\u00ebto festime merrnin pjes\u00eb Patriarku Ekumenik T\u00ebr\u00ebsh\u00ebnjt\u00ebria e Tij z. Bartolomeu, Patriarku i Serbis\u00eb Fortlumturia e Tij z. Irineu, Kryepiskopi i \u00c7ekis\u00eb<\/p>\n","protected":false},"author":1,"featured_media":0,"comment_status":"open","ping_status":"open","sticky":false,"template":"","format":"standard","meta":{"_acf_changed":false,"pagelayer_contact_templates":[],"_pagelayer_content":"","inline_featured_image":false,"fifu_image_url":"","fifu_image_alt":"","footnotes":""},"categories":[108],"tags":[141,157,196,212],"class_list":["post-524","post","type-post","status-publish","format-standard","hentry","category-lajme","tag-141","tag-kremtime","tag-tirane","tag-lajme-d27"],"acf":[],"yoast_head":"<!-- This site is optimized with the Yoast SEO plugin v27.2 - https:\/\/yoast.com\/product\/yoast-seo-wordpress\/ -->\n<title>Festimi i 35-vjetorit t\u00eb Fron\u00ebzimit t\u00eb Patriarkut t\u00eb Gjeorgjis\u00eb, Fortlumturis\u00eb s\u00eb Tij z. Ilia II. (10 - 13 Janar 2013) - Kisha Orthodh\u03bfkse Autoqefale e Shqip\u00ebris\u00eb<\/title>\n<meta name=\"robots\" content=\"index, follow, max-snippet:-1, max-image-preview:large, max-video-preview:-1\" \/>\n<link rel=\"canonical\" href=\"https:\/\/orthodoxalbania.org\/2020\/2013\/03\/21\/festimi-i-35-vjetorit-te-fronezimit-te-patriarkut-te-gjeorgjise-fortlumturise-se-tij-z-ilia-ii\/\" \/>\n<meta property=\"og:locale\" content=\"en_US\" \/>\n<meta property=\"og:type\" content=\"article\" \/>\n<meta property=\"og:title\" content=\"Festimi i 35-vjetorit t\u00eb Fron\u00ebzimit t\u00eb Patriarkut t\u00eb Gjeorgjis\u00eb, Fortlumturis\u00eb s\u00eb Tij z. Ilia II. (10 - 13 Janar 2013) - Kisha Orthodh\u03bfkse Autoqefale e Shqip\u00ebris\u00eb\" \/>\n<meta property=\"og:description\" content=\"&nbsp;&nbsp; Me rastin e 35 vjetorit t\u00eb Fron\u00ebzimit dhe t\u00eb 80 vjetorit t\u00eb Patriarkut t\u00eb Gjeorgjis\u00eb, Fortlumturis\u00eb s\u00eb Tij z. Ilia II, Patriarkana e Gjeorgjis\u00eb organizoi nga data 10-13 janar 2013 nj\u00eb program disa ditor festiv t\u00eb mbushur me shum\u00eb aktivitete. &nbsp;&nbsp; N\u00eb k\u00ebto festime merrnin pjes\u00eb Patriarku Ekumenik T\u00ebr\u00ebsh\u00ebnjt\u00ebria e Tij z. Bartolomeu, Patriarku i Serbis\u00eb Fortlumturia e Tij z. Irineu, Kryepiskopi i \u00c7ekis\u00eb\" \/>\n<meta property=\"og:url\" content=\"https:\/\/orthodoxalbania.org\/2020\/2013\/03\/21\/festimi-i-35-vjetorit-te-fronezimit-te-patriarkut-te-gjeorgjise-fortlumturise-se-tij-z-ilia-ii\/\" \/>\n<meta property=\"og:site_name\" content=\"Kisha Orthodh\u03bfkse Autoqefale e Shqip\u00ebris\u00eb\" \/>\n<meta property=\"article:publisher\" content=\"https:\/\/www.facebook.com\/koash1991\" \/>\n<meta property=\"article:published_time\" content=\"2013-03-21T12:48:10+00:00\" \/>\n<meta property=\"article:modified_time\" content=\"2020-04-06T20:05:50+00:00\" \/>\n<meta property=\"og:image\" content=\"https:\/\/lh4.googleusercontent.com\/-wEMeiAIHySQ\/UPqcV7E2VhI\/AAAAAAAAB3o\/yXz14lwHPOE\/s400\/1%20-%20Patriarku%20Ilia%20i%20Gjeorgjise.jpg\" \/>\n<meta name=\"author\" content=\"Kisha Orthodhokse\" \/>\n<meta name=\"twitter:card\" content=\"summary_large_image\" \/>\n<meta name=\"twitter:label1\" content=\"Written by\" \/>\n\t<meta name=\"twitter:data1\" content=\"Kisha Orthodhokse\" \/>\n\t<meta name=\"twitter:label2\" content=\"Est. reading time\" \/>\n\t<meta name=\"twitter:data2\" content=\"2 minutes\" \/>\n<script type=\"application\/ld+json\" class=\"yoast-schema-graph\">{\"@context\":\"https:\/\/schema.org\",\"@graph\":[{\"@type\":\"Article\",\"@id\":\"https:\/\/orthodoxalbania.org\/2020\/2013\/03\/21\/festimi-i-35-vjetorit-te-fronezimit-te-patriarkut-te-gjeorgjise-fortlumturise-se-tij-z-ilia-ii\/#article\",\"isPartOf\":{\"@id\":\"https:\/\/orthodoxalbania.org\/2020\/2013\/03\/21\/festimi-i-35-vjetorit-te-fronezimit-te-patriarkut-te-gjeorgjise-fortlumturise-se-tij-z-ilia-ii\/\"},\"author\":{\"name\":\"Kisha Orthodhokse\",\"@id\":\"https:\/\/orthodoxalbania.org\/2020\/#\/schema\/person\/0c387634a7063ac612d7ed9ce71c7e86\"},\"headline\":\"Festimi i 35-vjetorit t\u00eb Fron\u00ebzimit t\u00eb Patriarkut t\u00eb Gjeorgjis\u00eb, Fortlumturis\u00eb s\u00eb Tij z. Ilia II. (10 &#8211; 13 Janar 2013)\",\"datePublished\":\"2013-03-21T12:48:10+00:00\",\"dateModified\":\"2020-04-06T20:05:50+00:00\",\"mainEntityOfPage\":{\"@id\":\"https:\/\/orthodoxalbania.org\/2020\/2013\/03\/21\/festimi-i-35-vjetorit-te-fronezimit-te-patriarkut-te-gjeorgjise-fortlumturise-se-tij-z-ilia-ii\/\"},\"wordCount\":484,\"commentCount\":0,\"publisher\":{\"@id\":\"https:\/\/orthodoxalbania.org\/2020\/#organization\"},\"keywords\":[\"2013\",\"Kremtime\",\"Kryepiskopata Tiran\u00eb\",\"lajme\"],\"articleSection\":[\"Lajme\"],\"inLanguage\":\"en-US\"},{\"@type\":\"WebPage\",\"@id\":\"https:\/\/orthodoxalbania.org\/2020\/2013\/03\/21\/festimi-i-35-vjetorit-te-fronezimit-te-patriarkut-te-gjeorgjise-fortlumturise-se-tij-z-ilia-ii\/\",\"url\":\"https:\/\/orthodoxalbania.org\/2020\/2013\/03\/21\/festimi-i-35-vjetorit-te-fronezimit-te-patriarkut-te-gjeorgjise-fortlumturise-se-tij-z-ilia-ii\/\",\"name\":\"Festimi i 35-vjetorit t\u00eb Fron\u00ebzimit t\u00eb Patriarkut t\u00eb Gjeorgjis\u00eb, Fortlumturis\u00eb s\u00eb Tij z. Ilia II. (10 - 13 Janar 2013) - Kisha Orthodh\u03bfkse Autoqefale e Shqip\u00ebris\u00eb\",\"isPartOf\":{\"@id\":\"https:\/\/orthodoxalbania.org\/2020\/#website\"},\"datePublished\":\"2013-03-21T12:48:10+00:00\",\"dateModified\":\"2020-04-06T20:05:50+00:00\",\"breadcrumb\":{\"@id\":\"https:\/\/orthodoxalbania.org\/2020\/2013\/03\/21\/festimi-i-35-vjetorit-te-fronezimit-te-patriarkut-te-gjeorgjise-fortlumturise-se-tij-z-ilia-ii\/#breadcrumb\"},\"inLanguage\":\"en-US\",\"potentialAction\":[{\"@type\":\"ReadAction\",\"target\":[\"https:\/\/orthodoxalbania.org\/2020\/2013\/03\/21\/festimi-i-35-vjetorit-te-fronezimit-te-patriarkut-te-gjeorgjise-fortlumturise-se-tij-z-ilia-ii\/\"]}]},{\"@type\":\"BreadcrumbList\",\"@id\":\"https:\/\/orthodoxalbania.org\/2020\/2013\/03\/21\/festimi-i-35-vjetorit-te-fronezimit-te-patriarkut-te-gjeorgjise-fortlumturise-se-tij-z-ilia-ii\/#breadcrumb\",\"itemListElement\":[{\"@type\":\"ListItem\",\"position\":1,\"name\":\"Home\",\"item\":\"https:\/\/orthodoxalbania.org\/2020\/\"},{\"@type\":\"ListItem\",\"position\":2,\"name\":\"Festimi i 35-vjetorit t\u00eb Fron\u00ebzimit t\u00eb Patriarkut t\u00eb Gjeorgjis\u00eb, Fortlumturis\u00eb s\u00eb Tij z. Ilia II. (10 &#8211; 13 Janar 2013)\"}]},{\"@type\":\"WebSite\",\"@id\":\"https:\/\/orthodoxalbania.org\/2020\/#website\",\"url\":\"https:\/\/orthodoxalbania.org\/2020\/\",\"name\":\"Kisha Orthodh\u03bfkse Autoqefale e Shqip\u00ebris\u00eb\",\"description\":\"Fqja Zyrtare e Kish\u00ebs Orthodhokse Autoqefale e Shqip\u00ebris\u00eb me lajmet edhe informacionet zyrtare p\u00ebr struktur\u00ebn edhe veprimtarin e saj.\",\"publisher\":{\"@id\":\"https:\/\/orthodoxalbania.org\/2020\/#organization\"},\"potentialAction\":[{\"@type\":\"SearchAction\",\"target\":{\"@type\":\"EntryPoint\",\"urlTemplate\":\"https:\/\/orthodoxalbania.org\/2020\/?s={search_term_string}\"},\"query-input\":{\"@type\":\"PropertyValueSpecification\",\"valueRequired\":true,\"valueName\":\"search_term_string\"}}],\"inLanguage\":\"en-US\"},{\"@type\":\"Organization\",\"@id\":\"https:\/\/orthodoxalbania.org\/2020\/#organization\",\"name\":\"Kisha Orthodhokse Autoqefale e Shqip\u00ebris\u00eb\",\"url\":\"https:\/\/orthodoxalbania.org\/2020\/\",\"logo\":{\"@type\":\"ImageObject\",\"inLanguage\":\"en-US\",\"@id\":\"https:\/\/orthodoxalbania.org\/2020\/#\/schema\/logo\/image\/\",\"url\":\"https:\/\/orthodoxalbania.org\/2020\/wp-content\/uploads\/2020\/05\/albania.jpeg\",\"contentUrl\":\"https:\/\/orthodoxalbania.org\/2020\/wp-content\/uploads\/2020\/05\/albania.jpeg\",\"width\":540,\"height\":540,\"caption\":\"Kisha Orthodhokse Autoqefale e Shqip\u00ebris\u00eb\"},\"image\":{\"@id\":\"https:\/\/orthodoxalbania.org\/2020\/#\/schema\/logo\/image\/\"},\"sameAs\":[\"https:\/\/www.facebook.com\/koash1991\"]},{\"@type\":\"Person\",\"@id\":\"https:\/\/orthodoxalbania.org\/2020\/#\/schema\/person\/0c387634a7063ac612d7ed9ce71c7e86\",\"name\":\"Kisha Orthodhokse\",\"image\":{\"@type\":\"ImageObject\",\"inLanguage\":\"en-US\",\"@id\":\"https:\/\/secure.gravatar.com\/avatar\/596e7c417251e30f2fbb9c00e026fce61a695a00e51c889caded71c96cbbdde5?s=96&d=mm&r=g\",\"url\":\"https:\/\/secure.gravatar.com\/avatar\/596e7c417251e30f2fbb9c00e026fce61a695a00e51c889caded71c96cbbdde5?s=96&d=mm&r=g\",\"contentUrl\":\"https:\/\/secure.gravatar.com\/avatar\/596e7c417251e30f2fbb9c00e026fce61a695a00e51c889caded71c96cbbdde5?s=96&d=mm&r=g\",\"caption\":\"Kisha Orthodhokse\"}}]}<\/script>\n<!-- \/ Yoast SEO plugin. -->","yoast_head_json":{"title":"Festimi i 35-vjetorit t\u00eb Fron\u00ebzimit t\u00eb Patriarkut t\u00eb Gjeorgjis\u00eb, Fortlumturis\u00eb s\u00eb Tij z. Ilia II. (10 - 13 Janar 2013) - Kisha Orthodh\u03bfkse Autoqefale e Shqip\u00ebris\u00eb","robots":{"index":"index","follow":"follow","max-snippet":"max-snippet:-1","max-image-preview":"max-image-preview:large","max-video-preview":"max-video-preview:-1"},"canonical":"https:\/\/orthodoxalbania.org\/2020\/2013\/03\/21\/festimi-i-35-vjetorit-te-fronezimit-te-patriarkut-te-gjeorgjise-fortlumturise-se-tij-z-ilia-ii\/","og_locale":"en_US","og_type":"article","og_title":"Festimi i 35-vjetorit t\u00eb Fron\u00ebzimit t\u00eb Patriarkut t\u00eb Gjeorgjis\u00eb, Fortlumturis\u00eb s\u00eb Tij z. Ilia II. (10 - 13 Janar 2013) - Kisha Orthodh\u03bfkse Autoqefale e Shqip\u00ebris\u00eb","og_description":"&nbsp;&nbsp; Me rastin e 35 vjetorit t\u00eb Fron\u00ebzimit dhe t\u00eb 80 vjetorit t\u00eb Patriarkut t\u00eb Gjeorgjis\u00eb, Fortlumturis\u00eb s\u00eb Tij z. Ilia II, Patriarkana e Gjeorgjis\u00eb organizoi nga data 10-13 janar 2013 nj\u00eb program disa ditor festiv t\u00eb mbushur me shum\u00eb aktivitete. &nbsp;&nbsp; N\u00eb k\u00ebto festime merrnin pjes\u00eb Patriarku Ekumenik T\u00ebr\u00ebsh\u00ebnjt\u00ebria e Tij z. Bartolomeu, Patriarku i Serbis\u00eb Fortlumturia e Tij z. Irineu, Kryepiskopi i \u00c7ekis\u00eb","og_url":"https:\/\/orthodoxalbania.org\/2020\/2013\/03\/21\/festimi-i-35-vjetorit-te-fronezimit-te-patriarkut-te-gjeorgjise-fortlumturise-se-tij-z-ilia-ii\/","og_site_name":"Kisha Orthodh\u03bfkse Autoqefale e Shqip\u00ebris\u00eb","article_publisher":"https:\/\/www.facebook.com\/koash1991","article_published_time":"2013-03-21T12:48:10+00:00","article_modified_time":"2020-04-06T20:05:50+00:00","og_image":[{"url":"https:\/\/lh4.googleusercontent.com\/-wEMeiAIHySQ\/UPqcV7E2VhI\/AAAAAAAAB3o\/yXz14lwHPOE\/s400\/1 - Patriarku Ilia i Gjeorgjise.jpg","type":"","width":"","height":""}],"author":"Kisha Orthodhokse","twitter_card":"summary_large_image","twitter_misc":{"Written by":"Kisha Orthodhokse","Est. reading time":"2 minutes"},"schema":{"@context":"https:\/\/schema.org","@graph":[{"@type":"Article","@id":"https:\/\/orthodoxalbania.org\/2020\/2013\/03\/21\/festimi-i-35-vjetorit-te-fronezimit-te-patriarkut-te-gjeorgjise-fortlumturise-se-tij-z-ilia-ii\/#article","isPartOf":{"@id":"https:\/\/orthodoxalbania.org\/2020\/2013\/03\/21\/festimi-i-35-vjetorit-te-fronezimit-te-patriarkut-te-gjeorgjise-fortlumturise-se-tij-z-ilia-ii\/"},"author":{"name":"Kisha Orthodhokse","@id":"https:\/\/orthodoxalbania.org\/2020\/#\/schema\/person\/0c387634a7063ac612d7ed9ce71c7e86"},"headline":"Festimi i 35-vjetorit t\u00eb Fron\u00ebzimit t\u00eb Patriarkut t\u00eb Gjeorgjis\u00eb, Fortlumturis\u00eb s\u00eb Tij z. Ilia II. (10 &#8211; 13 Janar 2013)","datePublished":"2013-03-21T12:48:10+00:00","dateModified":"2020-04-06T20:05:50+00:00","mainEntityOfPage":{"@id":"https:\/\/orthodoxalbania.org\/2020\/2013\/03\/21\/festimi-i-35-vjetorit-te-fronezimit-te-patriarkut-te-gjeorgjise-fortlumturise-se-tij-z-ilia-ii\/"},"wordCount":484,"commentCount":0,"publisher":{"@id":"https:\/\/orthodoxalbania.org\/2020\/#organization"},"keywords":["2013","Kremtime","Kryepiskopata Tiran\u00eb","lajme"],"articleSection":["Lajme"],"inLanguage":"en-US"},{"@type":"WebPage","@id":"https:\/\/orthodoxalbania.org\/2020\/2013\/03\/21\/festimi-i-35-vjetorit-te-fronezimit-te-patriarkut-te-gjeorgjise-fortlumturise-se-tij-z-ilia-ii\/","url":"https:\/\/orthodoxalbania.org\/2020\/2013\/03\/21\/festimi-i-35-vjetorit-te-fronezimit-te-patriarkut-te-gjeorgjise-fortlumturise-se-tij-z-ilia-ii\/","name":"Festimi i 35-vjetorit t\u00eb Fron\u00ebzimit t\u00eb Patriarkut t\u00eb Gjeorgjis\u00eb, Fortlumturis\u00eb s\u00eb Tij z. Ilia II. (10 - 13 Janar 2013) - Kisha Orthodh\u03bfkse Autoqefale e Shqip\u00ebris\u00eb","isPartOf":{"@id":"https:\/\/orthodoxalbania.org\/2020\/#website"},"datePublished":"2013-03-21T12:48:10+00:00","dateModified":"2020-04-06T20:05:50+00:00","breadcrumb":{"@id":"https:\/\/orthodoxalbania.org\/2020\/2013\/03\/21\/festimi-i-35-vjetorit-te-fronezimit-te-patriarkut-te-gjeorgjise-fortlumturise-se-tij-z-ilia-ii\/#breadcrumb"},"inLanguage":"en-US","potentialAction":[{"@type":"ReadAction","target":["https:\/\/orthodoxalbania.org\/2020\/2013\/03\/21\/festimi-i-35-vjetorit-te-fronezimit-te-patriarkut-te-gjeorgjise-fortlumturise-se-tij-z-ilia-ii\/"]}]},{"@type":"BreadcrumbList","@id":"https:\/\/orthodoxalbania.org\/2020\/2013\/03\/21\/festimi-i-35-vjetorit-te-fronezimit-te-patriarkut-te-gjeorgjise-fortlumturise-se-tij-z-ilia-ii\/#breadcrumb","itemListElement":[{"@type":"ListItem","position":1,"name":"Home","item":"https:\/\/orthodoxalbania.org\/2020\/"},{"@type":"ListItem","position":2,"name":"Festimi i 35-vjetorit t\u00eb Fron\u00ebzimit t\u00eb Patriarkut t\u00eb Gjeorgjis\u00eb, Fortlumturis\u00eb s\u00eb Tij z. Ilia II. (10 &#8211; 13 Janar 2013)"}]},{"@type":"WebSite","@id":"https:\/\/orthodoxalbania.org\/2020\/#website","url":"https:\/\/orthodoxalbania.org\/2020\/","name":"Kisha Orthodh\u03bfkse Autoqefale e Shqip\u00ebris\u00eb","description":"Fqja Zyrtare e Kish\u00ebs Orthodhokse Autoqefale e Shqip\u00ebris\u00eb me lajmet edhe informacionet zyrtare p\u00ebr struktur\u00ebn edhe veprimtarin e saj.","publisher":{"@id":"https:\/\/orthodoxalbania.org\/2020\/#organization"},"potentialAction":[{"@type":"SearchAction","target":{"@type":"EntryPoint","urlTemplate":"https:\/\/orthodoxalbania.org\/2020\/?s={search_term_string}"},"query-input":{"@type":"PropertyValueSpecification","valueRequired":true,"valueName":"search_term_string"}}],"inLanguage":"en-US"},{"@type":"Organization","@id":"https:\/\/orthodoxalbania.org\/2020\/#organization","name":"Kisha Orthodhokse Autoqefale e Shqip\u00ebris\u00eb","url":"https:\/\/orthodoxalbania.org\/2020\/","logo":{"@type":"ImageObject","inLanguage":"en-US","@id":"https:\/\/orthodoxalbania.org\/2020\/#\/schema\/logo\/image\/","url":"https:\/\/orthodoxalbania.org\/2020\/wp-content\/uploads\/2020\/05\/albania.jpeg","contentUrl":"https:\/\/orthodoxalbania.org\/2020\/wp-content\/uploads\/2020\/05\/albania.jpeg","width":540,"height":540,"caption":"Kisha Orthodhokse Autoqefale e Shqip\u00ebris\u00eb"},"image":{"@id":"https:\/\/orthodoxalbania.org\/2020\/#\/schema\/logo\/image\/"},"sameAs":["https:\/\/www.facebook.com\/koash1991"]},{"@type":"Person","@id":"https:\/\/orthodoxalbania.org\/2020\/#\/schema\/person\/0c387634a7063ac612d7ed9ce71c7e86","name":"Kisha Orthodhokse","image":{"@type":"ImageObject","inLanguage":"en-US","@id":"https:\/\/secure.gravatar.com\/avatar\/596e7c417251e30f2fbb9c00e026fce61a695a00e51c889caded71c96cbbdde5?s=96&d=mm&r=g","url":"https:\/\/secure.gravatar.com\/avatar\/596e7c417251e30f2fbb9c00e026fce61a695a00e51c889caded71c96cbbdde5?s=96&d=mm&r=g","contentUrl":"https:\/\/secure.gravatar.com\/avatar\/596e7c417251e30f2fbb9c00e026fce61a695a00e51c889caded71c96cbbdde5?s=96&d=mm&r=g","caption":"Kisha Orthodhokse"}}]}},"_links":{"self":[{"href":"https:\/\/orthodoxalbania.org\/2020\/wp-json\/wp\/v2\/posts\/524","targetHints":{"allow":["GET"]}}],"collection":[{"href":"https:\/\/orthodoxalbania.org\/2020\/wp-json\/wp\/v2\/posts"}],"about":[{"href":"https:\/\/orthodoxalbania.org\/2020\/wp-json\/wp\/v2\/types\/post"}],"author":[{"embeddable":true,"href":"https:\/\/orthodoxalbania.org\/2020\/wp-json\/wp\/v2\/users\/1"}],"replies":[{"embeddable":true,"href":"https:\/\/orthodoxalbania.org\/2020\/wp-json\/wp\/v2\/comments?post=524"}],"version-history":[{"count":1,"href":"https:\/\/orthodoxalbania.org\/2020\/wp-json\/wp\/v2\/posts\/524\/revisions"}],"predecessor-version":[{"id":15255,"href":"https:\/\/orthodoxalbania.org\/2020\/wp-json\/wp\/v2\/posts\/524\/revisions\/15255"}],"wp:attachment":[{"href":"https:\/\/orthodoxalbania.org\/2020\/wp-json\/wp\/v2\/media?parent=524"}],"wp:term":[{"taxonomy":"category","embeddable":true,"href":"https:\/\/orthodoxalbania.org\/2020\/wp-json\/wp\/v2\/categories?post=524"},{"taxonomy":"post_tag","embeddable":true,"href":"https:\/\/orthodoxalbania.org\/2020\/wp-json\/wp\/v2\/tags?post=524"}],"curies":[{"name":"wp","href":"https:\/\/api.w.org\/{rel}","templated":true}]}}