{"id":523,"date":"2007-02-26T00:00:00","date_gmt":"2007-02-26T00:00:00","guid":{"rendered":""},"modified":"2020-04-06T22:35:43","modified_gmt":"2020-04-06T20:35:43","slug":"festim-per-tre-hierarket-ne-institutin-fryme-dashurie-ne-tirane-shkurt-07","status":"publish","type":"post","link":"https:\/\/orthodoxalbania.org\/2020\/2007\/02\/26\/festim-per-tre-hierarket-ne-institutin-fryme-dashurie-ne-tirane-shkurt-07\/","title":{"rendered":"Festim p\u00ebr Tre Hierark\u00ebt n\u00eb Institutin \u201cFrym\u00eb Dashurie\u201d n\u00eb Tiran\u00eb. (30 Janar 2007)"},"content":{"rendered":"<table id=\"AutoNumber3\" border=\"0\">\n<tbody>\n<tr>\n<td>\n<div style=\"text-align: justify;\"><span style=\"color: #000000; font-family: helvetica; font-size: 12pt;\">&nbsp;&nbsp;&nbsp; N\u00eb nj\u00eb atmosfer\u00eb lut\u00ebse dhe dashurie v\u00ebllaz\u00ebrore u krye Liturgjia e par\u00eb Hyjnore n\u00eb kish\u00ebz\u00ebn e re t\u00eb Tre Hierark\u00ebve n\u00eb Institutin Profesional \u201cFrym\u00eb Dashurie\u201d n\u00eb Tiran\u00eb. M\u00eb 30 janar, dit\u00ebn e kremtimit t\u00eb shenjtor\u00ebve mbrojt\u00ebs t\u00eb arsimit, mes shum\u00eb student\u00ebve dhe stafit pedagogjik t\u00eb Institutit ishte i pranish\u00ebm edhe Kryepiskopi Anastas.&nbsp;<\/span><\/div>\n<\/td>\n<td>\n<div><span style=\"color: #000000; font-family: helvetica; font-size: 12pt;\"><img decoding=\"async\" class=\"lazyload HAa Eha\" style=\"border-width: 1px; border-style: solid; margin: 10px auto; display: block;\" alt=\"\" src=\"data:image\/gif;base64,R0lGODlhAQABAAAAACH5BAEKAAEALAAAAAABAAEAAAICTAEAOw==\" data-orig-src=\"https:\/\/lh5.googleusercontent.com\/-DdvL36ztAKA\/VIhB7W7g2MI\/AAAAAAAAGD8\/GFDbQ2RaJPU\/w370-h208-no\/untitled1.jpg\" \/><\/span><\/div>\n<\/td>\n<\/tr>\n<tr>\n<td>\n<div><span style=\"color: #000000; font-family: helvetica; font-size: 12pt;\"><img decoding=\"async\" class=\"lazyload HAa Eha\" style=\"border-width: 1px; border-style: solid; margin: 10px auto; display: block;\" alt=\"\" src=\"data:image\/gif;base64,R0lGODlhAQABAAAAACH5BAEKAAEALAAAAAABAAEAAAICTAEAOw==\" data-orig-src=\"https:\/\/lh4.googleusercontent.com\/-Q5Q1LsvEP98\/VIhB7aFPhsI\/AAAAAAAAGEA\/gJF4TAUwJso\/w370-h208-no\/untitled2.jpg\" \/><\/span><\/div>\n<\/td>\n<td>\n<div style=\"text-align: justify;\"><span style=\"color: #000000; font-family: helvetica; font-size: 12pt;\">&nbsp;&nbsp;&nbsp;&nbsp; \u201cDuhet t\u00eb p\u00ebrpiqemi p\u00ebr dijen e lart\u00eb dhe n\u00eb t\u00eb nj\u00ebjt\u00ebn koh\u00eb duhet t\u00eb jemi njer\u00ebz t\u00eb dashuris\u00eb q\u00eb t\u00eb transmetojm\u00eb Diellin e Drejt\u00ebsis\u00eb. Prandaj ne kryem Liturgjin\u00eb e par\u00eb Hyjnore n\u00eb kish\u00ebz\u00ebn e Tre Hierark\u00ebve dhe uroj t\u00eb jeni n\u00eb nj\u00eb nivel t\u00eb lart\u00eb shpirt\u00ebror dhe arsimor n\u00eb \u00e7do koh\u00eb.\u201d \u2013 tha n\u00eb fjal\u00ebn p\u00ebrsh\u00ebndet\u00ebse Kryepiskopi Anastas.<\/span><\/div>\n<\/td>\n<\/tr>\n<tr>\n<td>\n<div style=\"text-align: justify;\"><span style=\"color: #000000; font-family: helvetica; font-size: 12pt;\">&nbsp;&nbsp;&nbsp;&nbsp; M\u00eb tej ai n\u00ebnvizoi se k\u00ebta shenjtor\u00eb jan\u00eb bashk\u00ebkohor\u00eb edhe p\u00ebr Shqip\u00ebrin\u00eb. Prania e tyre kishte ndikim edhe n\u00eb vendin ton\u00eb q\u00eb n\u00eb shekullin e kat\u00ebrt. Shenjtor\u00ebt nuk b\u00ebjn\u00eb pjes\u00eb n\u00eb nj\u00eb koh\u00eb t\u00eb ndryshme, por jan\u00eb t\u00eb bashkuar me Per\u00ebndin\u00eb dhe me hirin e dashuris\u00eb q\u00eb kan\u00eb, ata mbeten mbrojt\u00ebsit e gjith\u00eb bijve t\u00eb tyre.<\/span><\/div>\n<\/td>\n<td>\n<div><span style=\"color: #000000; font-family: helvetica; font-size: 12pt;\"><img decoding=\"async\" class=\"lazyload HAa Eha\" style=\"border-width: 1px; border-style: solid; margin: 10px auto; display: block;\" alt=\"\" src=\"data:image\/gif;base64,R0lGODlhAQABAAAAACH5BAEKAAEALAAAAAABAAEAAAICTAEAOw==\" data-orig-src=\"https:\/\/lh3.googleusercontent.com\/-qNCfKOxd8G4\/VIhB7WJJ4HI\/AAAAAAAAGEk\/IgYpSVpKBNs\/w358-h252-no\/untitled3.jpg\" \/><\/span><\/div>\n<\/td>\n<\/tr>\n<tr>\n<td>\n<div><span style=\"color: #000000; font-family: helvetica; font-size: 12pt;\"><img decoding=\"async\" class=\"lazyload HAa Eha\" style=\"border-width: 1px; border-style: solid; margin: 10px auto; display: block;\" alt=\"\" src=\"data:image\/gif;base64,R0lGODlhAQABAAAAACH5BAEKAAEALAAAAAABAAEAAAICTAEAOw==\" data-orig-src=\"https:\/\/lh3.googleusercontent.com\/-a8sh30QUfPw\/VIhB7_cjKYI\/AAAAAAAAGEU\/JXUm4Kpw0Cs\/w370-h278-no\/untitled4.jpg\" \/><\/span><\/div>\n<\/td>\n<td>\n<div style=\"text-align: justify;\"><span style=\"color: #000000; font-family: helvetica; font-size: 12pt;\">&nbsp;&nbsp; Ata ishin dhe mbeten pararoj\u00eb e dijes dhe t\u00eb gjitha njohurit\u00eb e tyre i vendos\u00ebn n\u00eb sh\u00ebrbim t\u00eb njer\u00ebzve t\u00eb thjesht\u00eb. Ata treguan dashuri t\u00eb ve\u00e7ant\u00eb p\u00ebr t\u00eb rinjt\u00eb, t\u00eb s\u00ebmur\u00ebt ose t\u00eb p\u00ebrndjekurit. Ata njoh\u00ebn vet\u00eb Per\u00ebndin\u00eb, i Cili \u00ebsht\u00eb dashuria e mish\u00ebruar.<\/span><\/div>\n<\/td>\n<\/tr>\n<tr>\n<td>\n<div style=\"text-align: justify;\"><span style=\"color: #000000; font-family: helvetica; font-size: 12pt;\">&nbsp;&nbsp;&nbsp;&nbsp; \u201cP\u00ebrpiquni q\u00eb t\u2019i keni k\u00ebta shenjtor\u00eb si shembujt tuaj dhe p\u00ebrparoni n\u00eb njohje t\u00eb reja shkencore. Ajo q\u00eb i b\u00ebn njer\u00ebzit t\u00eb jen\u00eb t\u00eb vyer dhe bashk\u00ebkohor\u00eb \u00ebsht\u00eb q\u00eb ta p\u00ebrdorin k\u00ebt\u00eb dije p\u00ebr t\u00eb gjith\u00eb shoq\u00ebrin\u00eb dhe n\u00eb m\u00ebnyr\u00eb t\u00eb ve\u00e7ant\u00eb p\u00ebr ata q\u00eb jan\u00eb t\u00eb privuar\u201d- tha Kryepiskopi.<\/span><\/div>\n<\/td>\n<td>\n<div><span style=\"color: #000000; font-family: helvetica; font-size: 12pt;\"><img decoding=\"async\" class=\"lazyload HAa Eha\" style=\"border-width: 1px; border-style: solid; margin: 10px auto; display: block;\" alt=\"\" src=\"data:image\/gif;base64,R0lGODlhAQABAAAAACH5BAEKAAEALAAAAAABAAEAAAICTAEAOw==\" data-orig-src=\"https:\/\/lh3.googleusercontent.com\/-SqEX0I81c0o\/VIhB8MlI4rI\/AAAAAAAAGEc\/44zl0rn_-es\/w370-h278-no\/untitled5.jpg\" \/><\/span><\/div>\n<\/td>\n<\/tr>\n<tr>\n<td dir=\"ltr\">\n<div><span style=\"color: #000000; font-family: helvetica; font-size: 12pt;\"><img decoding=\"async\" class=\"lazyload HAa Eha\" style=\"border-width: 1px; border-style: solid; margin: 10px auto; display: block;\" alt=\"\" src=\"data:image\/gif;base64,R0lGODlhAQABAAAAACH5BAEKAAEALAAAAAABAAEAAAICTAEAOw==\" data-orig-src=\"https:\/\/lh4.googleusercontent.com\/-jK5khad7z_8\/VIhB8OSPHEI\/AAAAAAAAGEY\/Svc1ijeaHSo\/w370-h278-no\/untitled6.jpg\" \/><\/span><\/div>\n<\/td>\n<td dir=\"ltr\">\n<div style=\"text-align: justify;\"><span style=\"color: #000000; font-family: helvetica; font-size: 12pt;\">&nbsp;&nbsp;&nbsp;&nbsp; Duke uruar gjith\u00eb personelin e shkoll\u00ebs dhe t\u00eb gjith\u00eb student\u00ebt, Kryepiskopi Anastas u b\u00ebri thirrje q\u00eb t\u00eb nd\u00ebrtojn\u00eb b\u00ebrtham\u00ebn q\u00eb lidh dashurin\u00eb, njohurin\u00eb dhe besimin. Ky institut duhet t\u00eb jet\u00eb n\u00eb pararoj\u00eb t\u00eb k\u00ebtyre vlerave. &nbsp;M\u00eb&nbsp; pas p\u00ebr t\u00eb gjith\u00eb t\u00eb pranishmit dhe student\u00ebt u shtrua nj\u00eb koktej dhe u pre e u nda edhe keku i Sh\u00ebn Vasilit, si \u00e7do fillim viti t\u00eb ri. &nbsp;Pak me von\u00eb n\u00eb or\u00ebn 12 n\u00eb sall\u00ebn e mbledhjeve u zhvillua sesioni shkencor me tem\u00eb \u201cZhvillimi k\u00ebrkon ndryshim\u201d \u2013 kreativiteti n\u00eb trajtimin e problemeve ekonomike, opsion n\u00eb rrug\u00ebn e zhvillimit dhe suksesit \u2013 p\u00ebrgatitur nga student\u00ebt e Departamentit Ekonomis\u00eb.<\/span><\/div>\n<\/td>\n<\/tr>\n<tr>\n<td dir=\"ltr\">\n<div style=\"text-align: justify;\"><span style=\"color: #000000; font-family: helvetica; font-size: 12pt;\">&nbsp;&nbsp;&nbsp;&nbsp; Kumtesat t\u00eb p\u00ebrgatitur nga student\u00ebt n\u00ebn drejtimin e profesor\u00ebve t\u00eb tyre u paraqiten me shum\u00eb interes: \u201cFeja, tatimet, kontabiliteti dhe tatimpaguesi\u201d, \u201cReformat n\u00eb sistemin tatimor domosdoshm\u00ebri objektive\u201d, &nbsp;\u201cEkonomia dixhitale, Ekonomia e s\u00eb ardhmes\u201d, \u201cVarf\u00ebria dhe rrug\u00ebt p\u00ebr uljen e saj\u201d, Standardet evropiane n\u00eb kontabilitetin shqiptar\u201d, \u201cBurimet energjetike si faktor p\u00ebrparimi dhe prosperiteti t\u00eb vendit\u201d. <\/span><\/div>\n<\/td>\n<td dir=\"ltr\">\n<div><span style=\"color: #000000; font-family: helvetica; font-size: 12pt;\"><img decoding=\"async\" class=\"lazyload HAa Eha\" style=\"border-width: 1px; border-style: solid; margin: 10px auto; display: block;\" alt=\"\" src=\"data:image\/gif;base64,R0lGODlhAQABAAAAACH5BAEKAAEALAAAAAABAAEAAAICTAEAOw==\" data-orig-src=\"https:\/\/lh5.googleusercontent.com\/-x1y8he1xGrw\/VIhB9MdcShI\/AAAAAAAAGEg\/0cAq8KWwTAc\/w370-h278-no\/untitled7.jpg\" \/><\/span><\/div>\n<\/td>\n<\/tr>\n<tr>\n<td dir=\"ltr\" colspan=\"2\">\n<div style=\"text-align: justify;\"><span style=\"color: #000000; font-family: helvetica; font-size: 12pt;\">&nbsp;&nbsp;&nbsp;&nbsp;<br \/> &nbsp;&nbsp;&nbsp;&nbsp; Instituti i Formimit Profesional\u201cFrym\u00eb Dashurie\u201du krijua n\u00eb vitin 2000 dhe ka nj\u00eb profil t\u00eb mir\u00ebfillt\u00eb profesional n\u00eb fusha dhe shkenca t\u00eb ndryshme. Ai ofron mund\u00ebsin\u00eb e arsimimit pas mbarimit t\u00eb shkoll\u00ebs s\u00eb mesme, duke pasur si q\u00ebllim nj\u00eb vend pune t\u00eb suksessh\u00ebm. Studimet n\u00eb Institut zgjatin 2 vjet dhe b\u00ebjn\u00eb t\u00eb mundur p\u00ebrgatitjen dhe afirmimin e nj\u00eb brezi t\u00eb ri profesionist\u00ebsh me njohuri bashk\u00ebkohore. S\u00eb shpejti n\u00eb k\u00ebt\u00eb vend do t\u00eb nisin edhe veprimtarit\u00eb e shumta shpirt\u00ebrore dhe kulturore me student\u00ebt e Institutit dhe t\u00eb rinjt\u00eb e t\u00eb rejat e zon\u00ebs p\u00ebrreth.<\/span><\/div>\n<\/td>\n<\/tr>\n<tr>\n<td dir=\"ltr\" colspan=\"2\">\n<div><span style=\"font-family: helvetica; font-size: 12pt;\"><\/span><\/div>\n<div><span style=\"font-family: helvetica; font-size: 12pt;\"><\/span><\/div>\n<div><span style=\"color: #000000; font-family: helvetica; font-size: 12pt;\"><strong>Isidor Koti<\/strong><\/span><\/div>\n<\/td>\n<\/tr>\n<\/tbody>\n<\/table>\n<p>&nbsp;<\/p>\n","protected":false},"excerpt":{"rendered":"<p>&nbsp;&nbsp;&nbsp; N\u00eb nj\u00eb atmosfer\u00eb lut\u00ebse dhe dashurie v\u00ebllaz\u00ebrore u krye Liturgjia e par\u00eb Hyjnore n\u00eb kish\u00ebz\u00ebn e re t\u00eb Tre Hierark\u00ebve n\u00eb Institutin Profesional \u201cFrym\u00eb Dashurie\u201d n\u00eb Tiran\u00eb. M\u00eb 30 janar, dit\u00ebn e kremtimit t\u00eb shenjtor\u00ebve mbrojt\u00ebs t\u00eb arsimit, mes shum\u00eb student\u00ebve dhe stafit pedagogjik t\u00eb Institutit ishte i pranish\u00ebm edhe Kryepiskopi Anastas.&nbsp; &nbsp;&nbsp;&nbsp;&nbsp; \u201cDuhet t\u00eb p\u00ebrpiqemi p\u00ebr dijen e lart\u00eb dhe n\u00eb t\u00eb nj\u00ebjt\u00ebn<\/p>\n","protected":false},"author":1,"featured_media":0,"comment_status":"open","ping_status":"open","sticky":false,"template":"","format":"standard","meta":{"_acf_changed":false,"pagelayer_contact_templates":[],"_pagelayer_content":"","inline_featured_image":false,"fifu_image_url":"","fifu_image_alt":"","footnotes":""},"categories":[108],"tags":[147,157,196,201,212,195],"class_list":["post-523","post","type-post","status-publish","format-standard","hentry","category-lajme","tag-147","tag-kremtime","tag-tirane","tag-kryepiskopi-anastas","tag-lajme-d27","tag-universiteti-logos"],"acf":[],"yoast_head":"<!-- This site is optimized with the Yoast SEO plugin v27.2 - https:\/\/yoast.com\/product\/yoast-seo-wordpress\/ -->\n<title>Festim p\u00ebr Tre Hierark\u00ebt n\u00eb Institutin \u201cFrym\u00eb Dashurie\u201d n\u00eb Tiran\u00eb. (30 Janar 2007) - Kisha Orthodh\u03bfkse Autoqefale e Shqip\u00ebris\u00eb<\/title>\n<meta name=\"robots\" content=\"index, follow, max-snippet:-1, max-image-preview:large, max-video-preview:-1\" \/>\n<link rel=\"canonical\" href=\"https:\/\/orthodoxalbania.org\/2020\/2007\/02\/26\/festim-per-tre-hierarket-ne-institutin-fryme-dashurie-ne-tirane-shkurt-07\/\" \/>\n<meta property=\"og:locale\" content=\"en_US\" \/>\n<meta property=\"og:type\" content=\"article\" \/>\n<meta property=\"og:title\" content=\"Festim p\u00ebr Tre Hierark\u00ebt n\u00eb Institutin \u201cFrym\u00eb Dashurie\u201d n\u00eb Tiran\u00eb. (30 Janar 2007) - Kisha Orthodh\u03bfkse Autoqefale e Shqip\u00ebris\u00eb\" \/>\n<meta property=\"og:description\" content=\"&nbsp;&nbsp;&nbsp; N\u00eb nj\u00eb atmosfer\u00eb lut\u00ebse dhe dashurie v\u00ebllaz\u00ebrore u krye Liturgjia e par\u00eb Hyjnore n\u00eb kish\u00ebz\u00ebn e re t\u00eb Tre Hierark\u00ebve n\u00eb Institutin Profesional \u201cFrym\u00eb Dashurie\u201d n\u00eb Tiran\u00eb. M\u00eb 30 janar, dit\u00ebn e kremtimit t\u00eb shenjtor\u00ebve mbrojt\u00ebs t\u00eb arsimit, mes shum\u00eb student\u00ebve dhe stafit pedagogjik t\u00eb Institutit ishte i pranish\u00ebm edhe Kryepiskopi Anastas.&nbsp; &nbsp;&nbsp;&nbsp;&nbsp; \u201cDuhet t\u00eb p\u00ebrpiqemi p\u00ebr dijen e lart\u00eb dhe n\u00eb t\u00eb nj\u00ebjt\u00ebn\" \/>\n<meta property=\"og:url\" content=\"https:\/\/orthodoxalbania.org\/2020\/2007\/02\/26\/festim-per-tre-hierarket-ne-institutin-fryme-dashurie-ne-tirane-shkurt-07\/\" \/>\n<meta property=\"og:site_name\" content=\"Kisha Orthodh\u03bfkse Autoqefale e Shqip\u00ebris\u00eb\" \/>\n<meta property=\"article:publisher\" content=\"https:\/\/www.facebook.com\/koash1991\" \/>\n<meta property=\"article:published_time\" content=\"2007-02-26T00:00:00+00:00\" \/>\n<meta property=\"article:modified_time\" content=\"2020-04-06T20:35:43+00:00\" \/>\n<meta property=\"og:image\" content=\"https:\/\/lh5.googleusercontent.com\/-DdvL36ztAKA\/VIhB7W7g2MI\/AAAAAAAAGD8\/GFDbQ2RaJPU\/w370-h208-no\/untitled1.jpg\" \/>\n<meta name=\"author\" content=\"Kisha Orthodhokse\" \/>\n<meta name=\"twitter:card\" content=\"summary_large_image\" \/>\n<meta name=\"twitter:label1\" content=\"Written by\" \/>\n\t<meta name=\"twitter:data1\" content=\"Kisha Orthodhokse\" \/>\n\t<meta name=\"twitter:label2\" content=\"Est. reading time\" \/>\n\t<meta name=\"twitter:data2\" content=\"3 minutes\" \/>\n<script type=\"application\/ld+json\" class=\"yoast-schema-graph\">{\"@context\":\"https:\/\/schema.org\",\"@graph\":[{\"@type\":\"Article\",\"@id\":\"https:\/\/orthodoxalbania.org\/2020\/2007\/02\/26\/festim-per-tre-hierarket-ne-institutin-fryme-dashurie-ne-tirane-shkurt-07\/#article\",\"isPartOf\":{\"@id\":\"https:\/\/orthodoxalbania.org\/2020\/2007\/02\/26\/festim-per-tre-hierarket-ne-institutin-fryme-dashurie-ne-tirane-shkurt-07\/\"},\"author\":{\"name\":\"Kisha Orthodhokse\",\"@id\":\"https:\/\/orthodoxalbania.org\/2020\/#\/schema\/person\/0c387634a7063ac612d7ed9ce71c7e86\"},\"headline\":\"Festim p\u00ebr Tre Hierark\u00ebt n\u00eb Institutin \u201cFrym\u00eb Dashurie\u201d n\u00eb Tiran\u00eb. (30 Janar 2007)\",\"datePublished\":\"2007-02-26T00:00:00+00:00\",\"dateModified\":\"2020-04-06T20:35:43+00:00\",\"mainEntityOfPage\":{\"@id\":\"https:\/\/orthodoxalbania.org\/2020\/2007\/02\/26\/festim-per-tre-hierarket-ne-institutin-fryme-dashurie-ne-tirane-shkurt-07\/\"},\"wordCount\":660,\"commentCount\":0,\"publisher\":{\"@id\":\"https:\/\/orthodoxalbania.org\/2020\/#organization\"},\"image\":{\"@id\":\"https:\/\/orthodoxalbania.org\/2020\/2007\/02\/26\/festim-per-tre-hierarket-ne-institutin-fryme-dashurie-ne-tirane-shkurt-07\/#primaryimage\"},\"thumbnailUrl\":\"https:\/\/lh5.googleusercontent.com\/-DdvL36ztAKA\/VIhB7W7g2MI\/AAAAAAAAGD8\/GFDbQ2RaJPU\/w370-h208-no\/untitled1.jpg\",\"keywords\":[\"2007\",\"Kremtime\",\"Kryepiskopata Tiran\u00eb\",\"Kryepiskopi Anastas\",\"lajme\",\"Universiteti \\\"Logos\\\"\"],\"articleSection\":[\"Lajme\"],\"inLanguage\":\"en-US\"},{\"@type\":\"WebPage\",\"@id\":\"https:\/\/orthodoxalbania.org\/2020\/2007\/02\/26\/festim-per-tre-hierarket-ne-institutin-fryme-dashurie-ne-tirane-shkurt-07\/\",\"url\":\"https:\/\/orthodoxalbania.org\/2020\/2007\/02\/26\/festim-per-tre-hierarket-ne-institutin-fryme-dashurie-ne-tirane-shkurt-07\/\",\"name\":\"Festim p\u00ebr Tre Hierark\u00ebt n\u00eb Institutin \u201cFrym\u00eb Dashurie\u201d n\u00eb Tiran\u00eb. (30 Janar 2007) - Kisha Orthodh\u03bfkse Autoqefale e Shqip\u00ebris\u00eb\",\"isPartOf\":{\"@id\":\"https:\/\/orthodoxalbania.org\/2020\/#website\"},\"primaryImageOfPage\":{\"@id\":\"https:\/\/orthodoxalbania.org\/2020\/2007\/02\/26\/festim-per-tre-hierarket-ne-institutin-fryme-dashurie-ne-tirane-shkurt-07\/#primaryimage\"},\"image\":{\"@id\":\"https:\/\/orthodoxalbania.org\/2020\/2007\/02\/26\/festim-per-tre-hierarket-ne-institutin-fryme-dashurie-ne-tirane-shkurt-07\/#primaryimage\"},\"thumbnailUrl\":\"https:\/\/lh5.googleusercontent.com\/-DdvL36ztAKA\/VIhB7W7g2MI\/AAAAAAAAGD8\/GFDbQ2RaJPU\/w370-h208-no\/untitled1.jpg\",\"datePublished\":\"2007-02-26T00:00:00+00:00\",\"dateModified\":\"2020-04-06T20:35:43+00:00\",\"breadcrumb\":{\"@id\":\"https:\/\/orthodoxalbania.org\/2020\/2007\/02\/26\/festim-per-tre-hierarket-ne-institutin-fryme-dashurie-ne-tirane-shkurt-07\/#breadcrumb\"},\"inLanguage\":\"en-US\",\"potentialAction\":[{\"@type\":\"ReadAction\",\"target\":[\"https:\/\/orthodoxalbania.org\/2020\/2007\/02\/26\/festim-per-tre-hierarket-ne-institutin-fryme-dashurie-ne-tirane-shkurt-07\/\"]}]},{\"@type\":\"ImageObject\",\"inLanguage\":\"en-US\",\"@id\":\"https:\/\/orthodoxalbania.org\/2020\/2007\/02\/26\/festim-per-tre-hierarket-ne-institutin-fryme-dashurie-ne-tirane-shkurt-07\/#primaryimage\",\"url\":\"https:\/\/lh5.googleusercontent.com\/-DdvL36ztAKA\/VIhB7W7g2MI\/AAAAAAAAGD8\/GFDbQ2RaJPU\/w370-h208-no\/untitled1.jpg\",\"contentUrl\":\"https:\/\/lh5.googleusercontent.com\/-DdvL36ztAKA\/VIhB7W7g2MI\/AAAAAAAAGD8\/GFDbQ2RaJPU\/w370-h208-no\/untitled1.jpg\"},{\"@type\":\"BreadcrumbList\",\"@id\":\"https:\/\/orthodoxalbania.org\/2020\/2007\/02\/26\/festim-per-tre-hierarket-ne-institutin-fryme-dashurie-ne-tirane-shkurt-07\/#breadcrumb\",\"itemListElement\":[{\"@type\":\"ListItem\",\"position\":1,\"name\":\"Home\",\"item\":\"https:\/\/orthodoxalbania.org\/2020\/\"},{\"@type\":\"ListItem\",\"position\":2,\"name\":\"Festim p\u00ebr Tre Hierark\u00ebt n\u00eb Institutin \u201cFrym\u00eb Dashurie\u201d n\u00eb Tiran\u00eb. (30 Janar 2007)\"}]},{\"@type\":\"WebSite\",\"@id\":\"https:\/\/orthodoxalbania.org\/2020\/#website\",\"url\":\"https:\/\/orthodoxalbania.org\/2020\/\",\"name\":\"Kisha Orthodh\u03bfkse Autoqefale e Shqip\u00ebris\u00eb\",\"description\":\"Fqja Zyrtare e Kish\u00ebs Orthodhokse Autoqefale e Shqip\u00ebris\u00eb me lajmet edhe informacionet zyrtare p\u00ebr struktur\u00ebn edhe veprimtarin e saj.\",\"publisher\":{\"@id\":\"https:\/\/orthodoxalbania.org\/2020\/#organization\"},\"potentialAction\":[{\"@type\":\"SearchAction\",\"target\":{\"@type\":\"EntryPoint\",\"urlTemplate\":\"https:\/\/orthodoxalbania.org\/2020\/?s={search_term_string}\"},\"query-input\":{\"@type\":\"PropertyValueSpecification\",\"valueRequired\":true,\"valueName\":\"search_term_string\"}}],\"inLanguage\":\"en-US\"},{\"@type\":\"Organization\",\"@id\":\"https:\/\/orthodoxalbania.org\/2020\/#organization\",\"name\":\"Kisha Orthodhokse Autoqefale e Shqip\u00ebris\u00eb\",\"url\":\"https:\/\/orthodoxalbania.org\/2020\/\",\"logo\":{\"@type\":\"ImageObject\",\"inLanguage\":\"en-US\",\"@id\":\"https:\/\/orthodoxalbania.org\/2020\/#\/schema\/logo\/image\/\",\"url\":\"https:\/\/orthodoxalbania.org\/2020\/wp-content\/uploads\/2020\/05\/albania.jpeg\",\"contentUrl\":\"https:\/\/orthodoxalbania.org\/2020\/wp-content\/uploads\/2020\/05\/albania.jpeg\",\"width\":540,\"height\":540,\"caption\":\"Kisha Orthodhokse Autoqefale e Shqip\u00ebris\u00eb\"},\"image\":{\"@id\":\"https:\/\/orthodoxalbania.org\/2020\/#\/schema\/logo\/image\/\"},\"sameAs\":[\"https:\/\/www.facebook.com\/koash1991\"]},{\"@type\":\"Person\",\"@id\":\"https:\/\/orthodoxalbania.org\/2020\/#\/schema\/person\/0c387634a7063ac612d7ed9ce71c7e86\",\"name\":\"Kisha Orthodhokse\",\"image\":{\"@type\":\"ImageObject\",\"inLanguage\":\"en-US\",\"@id\":\"https:\/\/secure.gravatar.com\/avatar\/596e7c417251e30f2fbb9c00e026fce61a695a00e51c889caded71c96cbbdde5?s=96&d=mm&r=g\",\"url\":\"https:\/\/secure.gravatar.com\/avatar\/596e7c417251e30f2fbb9c00e026fce61a695a00e51c889caded71c96cbbdde5?s=96&d=mm&r=g\",\"contentUrl\":\"https:\/\/secure.gravatar.com\/avatar\/596e7c417251e30f2fbb9c00e026fce61a695a00e51c889caded71c96cbbdde5?s=96&d=mm&r=g\",\"caption\":\"Kisha Orthodhokse\"}}]}<\/script>\n<!-- \/ Yoast SEO plugin. -->","yoast_head_json":{"title":"Festim p\u00ebr Tre Hierark\u00ebt n\u00eb Institutin \u201cFrym\u00eb Dashurie\u201d n\u00eb Tiran\u00eb. (30 Janar 2007) - Kisha Orthodh\u03bfkse Autoqefale e Shqip\u00ebris\u00eb","robots":{"index":"index","follow":"follow","max-snippet":"max-snippet:-1","max-image-preview":"max-image-preview:large","max-video-preview":"max-video-preview:-1"},"canonical":"https:\/\/orthodoxalbania.org\/2020\/2007\/02\/26\/festim-per-tre-hierarket-ne-institutin-fryme-dashurie-ne-tirane-shkurt-07\/","og_locale":"en_US","og_type":"article","og_title":"Festim p\u00ebr Tre Hierark\u00ebt n\u00eb Institutin \u201cFrym\u00eb Dashurie\u201d n\u00eb Tiran\u00eb. (30 Janar 2007) - Kisha Orthodh\u03bfkse Autoqefale e Shqip\u00ebris\u00eb","og_description":"&nbsp;&nbsp;&nbsp; N\u00eb nj\u00eb atmosfer\u00eb lut\u00ebse dhe dashurie v\u00ebllaz\u00ebrore u krye Liturgjia e par\u00eb Hyjnore n\u00eb kish\u00ebz\u00ebn e re t\u00eb Tre Hierark\u00ebve n\u00eb Institutin Profesional \u201cFrym\u00eb Dashurie\u201d n\u00eb Tiran\u00eb. M\u00eb 30 janar, dit\u00ebn e kremtimit t\u00eb shenjtor\u00ebve mbrojt\u00ebs t\u00eb arsimit, mes shum\u00eb student\u00ebve dhe stafit pedagogjik t\u00eb Institutit ishte i pranish\u00ebm edhe Kryepiskopi Anastas.&nbsp; &nbsp;&nbsp;&nbsp;&nbsp; \u201cDuhet t\u00eb p\u00ebrpiqemi p\u00ebr dijen e lart\u00eb dhe n\u00eb t\u00eb nj\u00ebjt\u00ebn","og_url":"https:\/\/orthodoxalbania.org\/2020\/2007\/02\/26\/festim-per-tre-hierarket-ne-institutin-fryme-dashurie-ne-tirane-shkurt-07\/","og_site_name":"Kisha Orthodh\u03bfkse Autoqefale e Shqip\u00ebris\u00eb","article_publisher":"https:\/\/www.facebook.com\/koash1991","article_published_time":"2007-02-26T00:00:00+00:00","article_modified_time":"2020-04-06T20:35:43+00:00","og_image":[{"url":"https:\/\/lh5.googleusercontent.com\/-DdvL36ztAKA\/VIhB7W7g2MI\/AAAAAAAAGD8\/GFDbQ2RaJPU\/w370-h208-no\/untitled1.jpg","type":"","width":"","height":""}],"author":"Kisha Orthodhokse","twitter_card":"summary_large_image","twitter_misc":{"Written by":"Kisha Orthodhokse","Est. reading time":"3 minutes"},"schema":{"@context":"https:\/\/schema.org","@graph":[{"@type":"Article","@id":"https:\/\/orthodoxalbania.org\/2020\/2007\/02\/26\/festim-per-tre-hierarket-ne-institutin-fryme-dashurie-ne-tirane-shkurt-07\/#article","isPartOf":{"@id":"https:\/\/orthodoxalbania.org\/2020\/2007\/02\/26\/festim-per-tre-hierarket-ne-institutin-fryme-dashurie-ne-tirane-shkurt-07\/"},"author":{"name":"Kisha Orthodhokse","@id":"https:\/\/orthodoxalbania.org\/2020\/#\/schema\/person\/0c387634a7063ac612d7ed9ce71c7e86"},"headline":"Festim p\u00ebr Tre Hierark\u00ebt n\u00eb Institutin \u201cFrym\u00eb Dashurie\u201d n\u00eb Tiran\u00eb. (30 Janar 2007)","datePublished":"2007-02-26T00:00:00+00:00","dateModified":"2020-04-06T20:35:43+00:00","mainEntityOfPage":{"@id":"https:\/\/orthodoxalbania.org\/2020\/2007\/02\/26\/festim-per-tre-hierarket-ne-institutin-fryme-dashurie-ne-tirane-shkurt-07\/"},"wordCount":660,"commentCount":0,"publisher":{"@id":"https:\/\/orthodoxalbania.org\/2020\/#organization"},"image":{"@id":"https:\/\/orthodoxalbania.org\/2020\/2007\/02\/26\/festim-per-tre-hierarket-ne-institutin-fryme-dashurie-ne-tirane-shkurt-07\/#primaryimage"},"thumbnailUrl":"https:\/\/lh5.googleusercontent.com\/-DdvL36ztAKA\/VIhB7W7g2MI\/AAAAAAAAGD8\/GFDbQ2RaJPU\/w370-h208-no\/untitled1.jpg","keywords":["2007","Kremtime","Kryepiskopata Tiran\u00eb","Kryepiskopi Anastas","lajme","Universiteti \"Logos\""],"articleSection":["Lajme"],"inLanguage":"en-US"},{"@type":"WebPage","@id":"https:\/\/orthodoxalbania.org\/2020\/2007\/02\/26\/festim-per-tre-hierarket-ne-institutin-fryme-dashurie-ne-tirane-shkurt-07\/","url":"https:\/\/orthodoxalbania.org\/2020\/2007\/02\/26\/festim-per-tre-hierarket-ne-institutin-fryme-dashurie-ne-tirane-shkurt-07\/","name":"Festim p\u00ebr Tre Hierark\u00ebt n\u00eb Institutin \u201cFrym\u00eb Dashurie\u201d n\u00eb Tiran\u00eb. (30 Janar 2007) - Kisha Orthodh\u03bfkse Autoqefale e Shqip\u00ebris\u00eb","isPartOf":{"@id":"https:\/\/orthodoxalbania.org\/2020\/#website"},"primaryImageOfPage":{"@id":"https:\/\/orthodoxalbania.org\/2020\/2007\/02\/26\/festim-per-tre-hierarket-ne-institutin-fryme-dashurie-ne-tirane-shkurt-07\/#primaryimage"},"image":{"@id":"https:\/\/orthodoxalbania.org\/2020\/2007\/02\/26\/festim-per-tre-hierarket-ne-institutin-fryme-dashurie-ne-tirane-shkurt-07\/#primaryimage"},"thumbnailUrl":"https:\/\/lh5.googleusercontent.com\/-DdvL36ztAKA\/VIhB7W7g2MI\/AAAAAAAAGD8\/GFDbQ2RaJPU\/w370-h208-no\/untitled1.jpg","datePublished":"2007-02-26T00:00:00+00:00","dateModified":"2020-04-06T20:35:43+00:00","breadcrumb":{"@id":"https:\/\/orthodoxalbania.org\/2020\/2007\/02\/26\/festim-per-tre-hierarket-ne-institutin-fryme-dashurie-ne-tirane-shkurt-07\/#breadcrumb"},"inLanguage":"en-US","potentialAction":[{"@type":"ReadAction","target":["https:\/\/orthodoxalbania.org\/2020\/2007\/02\/26\/festim-per-tre-hierarket-ne-institutin-fryme-dashurie-ne-tirane-shkurt-07\/"]}]},{"@type":"ImageObject","inLanguage":"en-US","@id":"https:\/\/orthodoxalbania.org\/2020\/2007\/02\/26\/festim-per-tre-hierarket-ne-institutin-fryme-dashurie-ne-tirane-shkurt-07\/#primaryimage","url":"https:\/\/lh5.googleusercontent.com\/-DdvL36ztAKA\/VIhB7W7g2MI\/AAAAAAAAGD8\/GFDbQ2RaJPU\/w370-h208-no\/untitled1.jpg","contentUrl":"https:\/\/lh5.googleusercontent.com\/-DdvL36ztAKA\/VIhB7W7g2MI\/AAAAAAAAGD8\/GFDbQ2RaJPU\/w370-h208-no\/untitled1.jpg"},{"@type":"BreadcrumbList","@id":"https:\/\/orthodoxalbania.org\/2020\/2007\/02\/26\/festim-per-tre-hierarket-ne-institutin-fryme-dashurie-ne-tirane-shkurt-07\/#breadcrumb","itemListElement":[{"@type":"ListItem","position":1,"name":"Home","item":"https:\/\/orthodoxalbania.org\/2020\/"},{"@type":"ListItem","position":2,"name":"Festim p\u00ebr Tre Hierark\u00ebt n\u00eb Institutin \u201cFrym\u00eb Dashurie\u201d n\u00eb Tiran\u00eb. (30 Janar 2007)"}]},{"@type":"WebSite","@id":"https:\/\/orthodoxalbania.org\/2020\/#website","url":"https:\/\/orthodoxalbania.org\/2020\/","name":"Kisha Orthodh\u03bfkse Autoqefale e Shqip\u00ebris\u00eb","description":"Fqja Zyrtare e Kish\u00ebs Orthodhokse Autoqefale e Shqip\u00ebris\u00eb me lajmet edhe informacionet zyrtare p\u00ebr struktur\u00ebn edhe veprimtarin e saj.","publisher":{"@id":"https:\/\/orthodoxalbania.org\/2020\/#organization"},"potentialAction":[{"@type":"SearchAction","target":{"@type":"EntryPoint","urlTemplate":"https:\/\/orthodoxalbania.org\/2020\/?s={search_term_string}"},"query-input":{"@type":"PropertyValueSpecification","valueRequired":true,"valueName":"search_term_string"}}],"inLanguage":"en-US"},{"@type":"Organization","@id":"https:\/\/orthodoxalbania.org\/2020\/#organization","name":"Kisha Orthodhokse Autoqefale e Shqip\u00ebris\u00eb","url":"https:\/\/orthodoxalbania.org\/2020\/","logo":{"@type":"ImageObject","inLanguage":"en-US","@id":"https:\/\/orthodoxalbania.org\/2020\/#\/schema\/logo\/image\/","url":"https:\/\/orthodoxalbania.org\/2020\/wp-content\/uploads\/2020\/05\/albania.jpeg","contentUrl":"https:\/\/orthodoxalbania.org\/2020\/wp-content\/uploads\/2020\/05\/albania.jpeg","width":540,"height":540,"caption":"Kisha Orthodhokse Autoqefale e Shqip\u00ebris\u00eb"},"image":{"@id":"https:\/\/orthodoxalbania.org\/2020\/#\/schema\/logo\/image\/"},"sameAs":["https:\/\/www.facebook.com\/koash1991"]},{"@type":"Person","@id":"https:\/\/orthodoxalbania.org\/2020\/#\/schema\/person\/0c387634a7063ac612d7ed9ce71c7e86","name":"Kisha Orthodhokse","image":{"@type":"ImageObject","inLanguage":"en-US","@id":"https:\/\/secure.gravatar.com\/avatar\/596e7c417251e30f2fbb9c00e026fce61a695a00e51c889caded71c96cbbdde5?s=96&d=mm&r=g","url":"https:\/\/secure.gravatar.com\/avatar\/596e7c417251e30f2fbb9c00e026fce61a695a00e51c889caded71c96cbbdde5?s=96&d=mm&r=g","contentUrl":"https:\/\/secure.gravatar.com\/avatar\/596e7c417251e30f2fbb9c00e026fce61a695a00e51c889caded71c96cbbdde5?s=96&d=mm&r=g","caption":"Kisha Orthodhokse"}}]}},"_links":{"self":[{"href":"https:\/\/orthodoxalbania.org\/2020\/wp-json\/wp\/v2\/posts\/523","targetHints":{"allow":["GET"]}}],"collection":[{"href":"https:\/\/orthodoxalbania.org\/2020\/wp-json\/wp\/v2\/posts"}],"about":[{"href":"https:\/\/orthodoxalbania.org\/2020\/wp-json\/wp\/v2\/types\/post"}],"author":[{"embeddable":true,"href":"https:\/\/orthodoxalbania.org\/2020\/wp-json\/wp\/v2\/users\/1"}],"replies":[{"embeddable":true,"href":"https:\/\/orthodoxalbania.org\/2020\/wp-json\/wp\/v2\/comments?post=523"}],"version-history":[{"count":1,"href":"https:\/\/orthodoxalbania.org\/2020\/wp-json\/wp\/v2\/posts\/523\/revisions"}],"predecessor-version":[{"id":15749,"href":"https:\/\/orthodoxalbania.org\/2020\/wp-json\/wp\/v2\/posts\/523\/revisions\/15749"}],"wp:attachment":[{"href":"https:\/\/orthodoxalbania.org\/2020\/wp-json\/wp\/v2\/media?parent=523"}],"wp:term":[{"taxonomy":"category","embeddable":true,"href":"https:\/\/orthodoxalbania.org\/2020\/wp-json\/wp\/v2\/categories?post=523"},{"taxonomy":"post_tag","embeddable":true,"href":"https:\/\/orthodoxalbania.org\/2020\/wp-json\/wp\/v2\/tags?post=523"}],"curies":[{"name":"wp","href":"https:\/\/api.w.org\/{rel}","templated":true}]}}