{"id":5228,"date":"2017-05-19T08:59:23","date_gmt":"2017-05-19T08:59:23","guid":{"rendered":""},"modified":"2020-04-06T21:58:21","modified_gmt":"2020-04-06T19:58:21","slug":"kryepiskopi-anastas-ne-ekspoziten-nderkombetare-te-librit-ne-selanik","status":"publish","type":"post","link":"https:\/\/orthodoxalbania.org\/2020\/2017\/05\/19\/kryepiskopi-anastas-ne-ekspoziten-nderkombetare-te-librit-ne-selanik\/","title":{"rendered":"Kryepiskopi Anastas  n\u00eb Ekspozit\u00ebn Nd\u00ebrkomb\u00ebtare t\u00eb Librit n\u00eb Selanik"},"content":{"rendered":"<p style=\"text-align: justify;\"><span style=\"font-size: 12pt; font-family: helvetica; color: #000000;\">Prania n\u00eb veprimtari dhe fjala e Kryepiskopit t\u00eb Tiran\u00ebs, Durr\u00ebsit dhe t\u00eb Gjith\u00eb Shqip\u00ebris\u00eb, Anastasit, u quajt nga profesori i Shkencave Politike n\u00eb Universitetin e Athin\u00ebs, z. Paskalis Qitromilidhis, si evenimenti m\u00eb i r\u00ebnd\u00ebsish\u00ebm i edicionit t\u00eb 14-t\u00eb t\u00eb Ekspozit\u00ebs Nd\u00ebrkomb\u00ebtare t\u00eb Librit t\u00eb Selanikut. Kjo Ekspozit\u00eb p\u00ebrb\u00ebn nj\u00eb nga mjediset kulturore dhe intelektuale m\u00eb k\u00ebrkuese dhe cil\u00ebsore dhe, nga ana e shtypit dhe kritik\u00ebs, takimi i dy figurave intelektuale si Kryepiskopi Anastas dhe Prof. Qitromilidhis u konsiderua koincidenc\u00eb fatlume p\u00ebr k\u00ebmbimin e mesazheve dhe ideve n\u00eb l\u00ebmin e mendimit filozofik dhe zhvillimeve sociale.<\/span><\/p>\n<p style=\"text-align: justify;\"><span style=\"font-size: 12pt; font-family: helvetica; color: #000000;\">T\u00eb shtun\u00ebn pasdite, 13 maj, Prof. Qitromilidhis prezantoi para nj\u00eb publiku si rrall\u00ebher\u00eb t\u00eb shumt\u00eb n\u00eb num\u00ebr, personalitetin e nderit t\u00eb Edicionit t\u00eb vitit 2017 &#8211; Kryepiskopin Anastas, duke iu referuar jet\u00ebs dhe vepr\u00ebs s\u00eb tij shkencore. Ai e ndau vepr\u00ebn e Kryepiskopit Anastas n\u00eb tri grupe t\u00eb m\u00ebdha: Fetarologji, me hulumtimet e tij origjinale dhe t\u00eb thelluara; Hierapostullimi, si nj\u00eb nga fushat ku spikati dhe \u00ebsht\u00eb gjer\u00ebsisht i njohur dhe Ekumenike, si p\u00ebrjetim i problemeve t\u00eb njer\u00ebzimit dhe p\u00ebrpjekje solidarizimi me njeriun.<\/span><\/p>\n<p style=\"text-align: justify;\"><span style=\"font-size: 12pt; font-family: helvetica; color: #000000;\">Kryepiskopi fal\u00ebnderoi p\u00ebr pranin\u00eb dhe atmosfer\u00ebn e ngroht\u00eb publikun e interesuar p\u00ebr t\u00eb d\u00ebgjuar fjal\u00eb shpirt\u00ebrore dhe meditim intelektual, p\u00ebr t\u00eb cilin Selaniku spikat, dhe vijoi duke ilustruar me p\u00ebrvoj\u00ebn e tij t\u00eb pasur t\u00eb jet\u00ebs, hulumtimit e didaktik\u00ebs shkencore dhe baritimit at\u00ebror, d\u00ebshmin\u00eb e hierapostullimit Orthodhoks. Ligj\u00ebrata e tij ishte e mbushur me ide p\u00ebr rolin e misionin dhe mund\u00ebsit\u00eb e pakufizuara t\u00eb Orthodhoks\u00ebve p\u00ebr t\u2019iu p\u00ebrgjigjur atij.<\/span><\/p>\n<p style=\"text-align: justify;\"><span style=\"font-size: 12pt; font-family: helvetica; color: #000000;\">T\u00eb nes\u00ebrmen, e diel 14 maj, n\u00eb sall\u00ebn e Teatrit \u201cAristotelio: t\u00eb Selanikut, t\u00eb mbushur plot e p\u00ebrplot tej kapacitetit (m\u00eb shum\u00eb se 1500 vet\u00eb sipas organizator\u00ebve), nga ana e Sht\u00ebpis\u00eb Botuese \u201cEn Pllo\u201d, u organizua prezantimi i librit m\u00eb t\u00eb ri t\u00eb Kryepiskopit Anastas: \u201cEgrigorsi \u2013 chreos ton Christianon\u201d (Zgjim \u2013 detyr\u00eb e t\u00eb Krishter\u00ebve). Prania e autorit, Kryepiskopit Anastas, t\u00ebrhoqi t\u00eb interesuarit jo thjesht p\u00ebr pjes\u00ebmarrje formale n\u00eb event, por p\u00ebr nj\u00eb p\u00ebrjetim t\u00eb thell\u00eb t\u00eb ideve q\u00eb Kryepiskopi shpalosi n\u00eb ligj\u00ebrat\u00ebn e tij t\u00eb rastit.<\/span><\/p>\n<p style=\"text-align: justify;\"><span style=\"font-size: 12pt; font-family: helvetica; color: #000000;\">N\u00eb hyrje t\u00eb veprimtaris\u00eb promovuese foli botuesi, z. Aleksandros Karavanis, duke i m\u00ebshuar ides\u00eb se me reputacionin e tij Kryepiskopi Anastas ngre barrikada ndaj fanatizmit, linjave t\u00eb ndasis\u00eb, polarizimit shoq\u00ebror dhe etnoracizmit dhe theksoi nuanc\u00ebn apostolike t\u00eb vepr\u00ebs s\u00eb Tij.<\/span><\/p>\n<p style=\"text-align: justify;\"><span style=\"font-size: 12pt; font-family: helvetica; color: #000000;\">Mbi librin fol\u00ebn edhe Prof. i Kirurgjis\u00eb, z. Jeorjios Papajeorjio, i cili b\u00ebri nj\u00eb vler\u00ebsim t\u00eb p\u00ebrgjithsh\u00ebm t\u00eb librit, me referime t\u00eb posa\u00e7me p\u00ebr kapitujt q\u00eb p\u00ebrmban. Profesori i Fakultetit t\u00eb Theologjis\u00eb s\u00eb Universitetit Aristotelian, z. Harallambos Atmatzidhis, iu p\u00ebrqas tekstit t\u00eb librit nga k\u00ebndv\u00ebshtrimi i theologut biblik, nd\u00ebrsa z. Kristos Tsironis, Profesor i t\u00eb nj\u00ebjtit Fakultet, interpretoi aspektin social t\u00eb v\u00ebzhgimit t\u00eb shkrimtarit n\u00eb vep\u00ebr.<\/span><\/p>\n<p style=\"text-align: justify;\"><span style=\"font-size: 12pt; font-family: helvetica; color: #000000;\">Theodhoros Jango, Profesor i Departamentit t\u00eb Pimantik\u00ebs dhe Theologjis\u00eb Sociale t\u00eb Universitetit Aristotelian t\u00eb Selanikut foli dhe analizoi librin tjet\u00ebr t\u00eb Kryepiskopit Anastas, \u201cRingritja Kanonike e Kish\u00ebs Orthodhokse Atoqefale t\u00eb Shqip\u00ebris\u00eb\u201d.<\/span><\/p>\n<p style=\"text-align: justify;\"><span style=\"font-size: 12pt; font-family: helvetica; color: #000000;\">Mes duartrokitjesh t\u00eb zgjatura mori fjal\u00ebn edhe Kryepiskopi Anastas, duke i nxitur pjes\u00ebmarr\u00ebsit e shumt\u00eb n\u00eb p\u00ebrjetim t\u00eb thelluar t\u00eb thesarit t\u00eb besimit n\u00eb Zotin e Ngjallur Jisu Krisht, urt\u00ebsin\u00eb e pamat\u00eb t\u00eb p\u00ebruljes dhe sidomos d\u00ebshir\u00ebn p\u00ebr kontribut dhe solidaritet social.<\/span><\/p>\n<p style=\"text-align: justify;\"><span style=\"font-size: 12pt; font-family: helvetica; color: #000000;\">P\u00ebr t\u00eb pranishmit u shfaq nj\u00eb dokumentar i shkurt\u00ebr, ku jepej p\u00ebrmbledhtazi vepra titanike dhe shm\u00ebdimensionale p\u00ebr ringritjen nga hiri i persekutimit ateist t\u00eb Kish\u00ebs son\u00eb Orthodhokse. Veprimtaria zgjati p\u00ebrtej parashikimeve, p\u00ebr shkak t\u00eb d\u00ebshir\u00ebs s\u00eb t\u00eb pranishm\u00ebve p\u00ebr t\u00eb p\u00ebrsh\u00ebndetur dhe marr\u00eb bekimin e Kryepiskopit, i cili ndaloi t\u00eb nderonte secilin prej tyre.<\/span><\/p>\n<p style=\"text-align: justify;\">&nbsp;<\/p>\n<p style=\"text-align: justify;\">&nbsp;<\/p>\n<p style=\"text-align: center;\"><img class=\"lazyload\" decoding=\"async\" style=\"display: block; margin: 10px auto; border: 1px solid #000000;\" alt=\"\" src=\"data:image\/svg+xml,%3Csvg%20xmlns%3D%27http%3A%2F%2Fwww.w3.org%2F2000%2Fsvg%27%20width%3D%27450%27%20height%3D%27300%27%20viewBox%3D%270%200%20450%20300%27%3E%3Crect%20width%3D%27450%27%20height%3D%27300%27%20fill-opacity%3D%220%22%2F%3E%3C%2Fsvg%3E\" data-orig-src=\"https:\/\/orthodoxalbania.org\/2020\/wp-content\/uploads\/2020\/04\/1-5-0.jpg\" height=\"300\" width=\"450\" \/><\/p>\n<p style=\"text-align: center;\"><img class=\"lazyload\" decoding=\"async\" style=\"display: block; margin: 10px auto; border: 1px solid #000000;\" alt=\"\" src=\"data:image\/svg+xml,%3Csvg%20xmlns%3D%27http%3A%2F%2Fwww.w3.org%2F2000%2Fsvg%27%20width%3D%27450%27%20height%3D%27710%27%20viewBox%3D%270%200%20450%20710%27%3E%3Crect%20width%3D%27450%27%20height%3D%27710%27%20fill-opacity%3D%220%22%2F%3E%3C%2Fsvg%3E\" data-orig-src=\"https:\/\/orthodoxalbania.org\/2020\/wp-content\/uploads\/2020\/04\/2-7-0.jpg\" height=\"710\" width=\"450\" \/><\/p>\n<p style=\"text-align: center;\"><img class=\"lazyload\" decoding=\"async\" style=\"display: block; margin: 10px auto; border: 1px solid #000000;\" alt=\"\" src=\"data:image\/svg+xml,%3Csvg%20xmlns%3D%27http%3A%2F%2Fwww.w3.org%2F2000%2Fsvg%27%20width%3D%27450%27%20height%3D%27300%27%20viewBox%3D%270%200%20450%20300%27%3E%3Crect%20width%3D%27450%27%20height%3D%27300%27%20fill-opacity%3D%220%22%2F%3E%3C%2Fsvg%3E\" data-orig-src=\"https:\/\/orthodoxalbania.org\/2020\/wp-content\/uploads\/2020\/04\/3-8-8.jpg\" height=\"300\" width=\"450\" \/><\/p>\n<p style=\"text-align: center;\"><img class=\"lazyload\" decoding=\"async\" style=\"display: block; margin: 10px auto; border: 1px solid #000000;\" alt=\"\" src=\"data:image\/svg+xml,%3Csvg%20xmlns%3D%27http%3A%2F%2Fwww.w3.org%2F2000%2Fsvg%27%20width%3D%27450%27%20height%3D%27300%27%20viewBox%3D%270%200%20450%20300%27%3E%3Crect%20width%3D%27450%27%20height%3D%27300%27%20fill-opacity%3D%220%22%2F%3E%3C%2Fsvg%3E\" data-orig-src=\"https:\/\/orthodoxalbania.org\/2020\/wp-content\/uploads\/2020\/04\/4-7-7.jpg\" height=\"300\" width=\"450\" \/><\/p>\n<p style=\"text-align: center;\"><img class=\"lazyload\" decoding=\"async\" style=\"display: block; margin: 10px auto; border: 1px solid #000000;\" alt=\"\" src=\"data:image\/svg+xml,%3Csvg%20xmlns%3D%27http%3A%2F%2Fwww.w3.org%2F2000%2Fsvg%27%20width%3D%27450%27%20height%3D%27216%27%20viewBox%3D%270%200%20450%20216%27%3E%3Crect%20width%3D%27450%27%20height%3D%27216%27%20fill-opacity%3D%220%22%2F%3E%3C%2Fsvg%3E\" data-orig-src=\"https:\/\/orthodoxalbania.org\/2020\/wp-content\/uploads\/2020\/04\/5-3-4-3.jpg\" height=\"216\" width=\"450\" \/><\/p>\n<p style=\"text-align: center;\"><img class=\"lazyload\" decoding=\"async\" style=\"display: block; margin: 10px auto; border: 1px solid #000000;\" alt=\"\" src=\"data:image\/svg+xml,%3Csvg%20xmlns%3D%27http%3A%2F%2Fwww.w3.org%2F2000%2Fsvg%27%20width%3D%27450%27%20height%3D%27221%27%20viewBox%3D%270%200%20450%20221%27%3E%3Crect%20width%3D%27450%27%20height%3D%27221%27%20fill-opacity%3D%220%22%2F%3E%3C%2Fsvg%3E\" data-orig-src=\"https:\/\/orthodoxalbania.org\/2020\/wp-content\/uploads\/2020\/04\/6-2-0.jpg\" height=\"221\" width=\"450\" \/><\/p>\n","protected":false},"excerpt":{"rendered":"<p>Prania n\u00eb veprimtari dhe fjala e Kryepiskopit t\u00eb Tiran\u00ebs, Durr\u00ebsit dhe t\u00eb Gjith\u00eb Shqip\u00ebris\u00eb, Anastasit, u quajt nga profesori i Shkencave Politike n\u00eb Universitetin e Athin\u00ebs, z. Paskalis Qitromilidhis, si evenimenti m\u00eb i r\u00ebnd\u00ebsish\u00ebm i edicionit t\u00eb 14-t\u00eb t\u00eb Ekspozit\u00ebs Nd\u00ebrkomb\u00ebtare t\u00eb Librit t\u00eb Selanikut. Kjo Ekspozit\u00eb p\u00ebrb\u00ebn nj\u00eb nga mjediset kulturore dhe intelektuale m\u00eb k\u00ebrkuese dhe cil\u00ebsore dhe, nga ana e shtypit dhe kritik\u00ebs,<\/p>\n","protected":false},"author":1,"featured_media":5229,"comment_status":"open","ping_status":"open","sticky":false,"template":"","format":"standard","meta":{"_acf_changed":false,"pagelayer_contact_templates":[],"_pagelayer_content":"","inline_featured_image":false,"fifu_image_url":"","fifu_image_alt":"","footnotes":""},"categories":[108],"tags":[209,196,201,212,607],"class_list":["post-5228","post","type-post","status-publish","format-standard","has-post-thumbnail","hentry","category-lajme","tag-209","tag-tirane","tag-kryepiskopi-anastas","tag-lajme-d27","tag-promovimepublikime"],"acf":[],"yoast_head":"<!-- This site is optimized with the Yoast SEO plugin v27.2 - https:\/\/yoast.com\/product\/yoast-seo-wordpress\/ -->\n<title>Kryepiskopi Anastas n\u00eb Ekspozit\u00ebn Nd\u00ebrkomb\u00ebtare t\u00eb Librit n\u00eb Selanik - Kisha Orthodh\u03bfkse Autoqefale e Shqip\u00ebris\u00eb<\/title>\n<meta name=\"robots\" content=\"index, follow, max-snippet:-1, max-image-preview:large, max-video-preview:-1\" \/>\n<link rel=\"canonical\" href=\"https:\/\/orthodoxalbania.org\/2020\/2017\/05\/19\/kryepiskopi-anastas-ne-ekspoziten-nderkombetare-te-librit-ne-selanik\/\" \/>\n<meta property=\"og:locale\" content=\"en_US\" \/>\n<meta property=\"og:type\" content=\"article\" \/>\n<meta property=\"og:title\" content=\"Kryepiskopi Anastas n\u00eb Ekspozit\u00ebn Nd\u00ebrkomb\u00ebtare t\u00eb Librit n\u00eb Selanik - Kisha Orthodh\u03bfkse Autoqefale e Shqip\u00ebris\u00eb\" \/>\n<meta property=\"og:description\" content=\"Prania n\u00eb veprimtari dhe fjala e Kryepiskopit t\u00eb Tiran\u00ebs, Durr\u00ebsit dhe t\u00eb Gjith\u00eb Shqip\u00ebris\u00eb, Anastasit, u quajt nga profesori i Shkencave Politike n\u00eb Universitetin e Athin\u00ebs, z. Paskalis Qitromilidhis, si evenimenti m\u00eb i r\u00ebnd\u00ebsish\u00ebm i edicionit t\u00eb 14-t\u00eb t\u00eb Ekspozit\u00ebs Nd\u00ebrkomb\u00ebtare t\u00eb Librit t\u00eb Selanikut. Kjo Ekspozit\u00eb p\u00ebrb\u00ebn nj\u00eb nga mjediset kulturore dhe intelektuale m\u00eb k\u00ebrkuese dhe cil\u00ebsore dhe, nga ana e shtypit dhe kritik\u00ebs,\" \/>\n<meta property=\"og:url\" content=\"https:\/\/orthodoxalbania.org\/2020\/2017\/05\/19\/kryepiskopi-anastas-ne-ekspoziten-nderkombetare-te-librit-ne-selanik\/\" \/>\n<meta property=\"og:site_name\" content=\"Kisha Orthodh\u03bfkse Autoqefale e Shqip\u00ebris\u00eb\" \/>\n<meta property=\"article:publisher\" content=\"https:\/\/www.facebook.com\/koash1991\" \/>\n<meta property=\"article:published_time\" content=\"2017-05-19T08:59:23+00:00\" \/>\n<meta property=\"article:modified_time\" content=\"2020-04-06T19:58:21+00:00\" \/>\n<meta property=\"og:image\" content=\"https:\/\/orthodoxalbania.org\/2020\/wp-content\/uploads\/2020\/04\/1-6-7.jpg\" \/>\n\t<meta property=\"og:image:width\" content=\"150\" \/>\n\t<meta property=\"og:image:height\" content=\"150\" \/>\n\t<meta property=\"og:image:type\" content=\"image\/jpeg\" \/>\n<meta name=\"author\" content=\"Kisha Orthodhokse\" \/>\n<meta name=\"twitter:card\" content=\"summary_large_image\" \/>\n<meta name=\"twitter:label1\" content=\"Written by\" \/>\n\t<meta name=\"twitter:data1\" content=\"Kisha Orthodhokse\" \/>\n\t<meta name=\"twitter:label2\" content=\"Est. reading time\" \/>\n\t<meta name=\"twitter:data2\" content=\"3 minutes\" \/>\n<script type=\"application\/ld+json\" class=\"yoast-schema-graph\">{\"@context\":\"https:\/\/schema.org\",\"@graph\":[{\"@type\":\"Article\",\"@id\":\"https:\/\/orthodoxalbania.org\/2020\/2017\/05\/19\/kryepiskopi-anastas-ne-ekspoziten-nderkombetare-te-librit-ne-selanik\/#article\",\"isPartOf\":{\"@id\":\"https:\/\/orthodoxalbania.org\/2020\/2017\/05\/19\/kryepiskopi-anastas-ne-ekspoziten-nderkombetare-te-librit-ne-selanik\/\"},\"author\":{\"name\":\"Kisha Orthodhokse\",\"@id\":\"https:\/\/orthodoxalbania.org\/2020\/#\/schema\/person\/0c387634a7063ac612d7ed9ce71c7e86\"},\"headline\":\"Kryepiskopi Anastas n\u00eb Ekspozit\u00ebn Nd\u00ebrkomb\u00ebtare t\u00eb Librit n\u00eb Selanik\",\"datePublished\":\"2017-05-19T08:59:23+00:00\",\"dateModified\":\"2020-04-06T19:58:21+00:00\",\"mainEntityOfPage\":{\"@id\":\"https:\/\/orthodoxalbania.org\/2020\/2017\/05\/19\/kryepiskopi-anastas-ne-ekspoziten-nderkombetare-te-librit-ne-selanik\/\"},\"wordCount\":683,\"commentCount\":0,\"publisher\":{\"@id\":\"https:\/\/orthodoxalbania.org\/2020\/#organization\"},\"image\":{\"@id\":\"https:\/\/orthodoxalbania.org\/2020\/2017\/05\/19\/kryepiskopi-anastas-ne-ekspoziten-nderkombetare-te-librit-ne-selanik\/#primaryimage\"},\"thumbnailUrl\":\"https:\/\/orthodoxalbania.org\/2020\/wp-content\/uploads\/2020\/04\/1-6-7.jpg\",\"keywords\":[\"2017\",\"Kryepiskopata Tiran\u00eb\",\"Kryepiskopi Anastas\",\"lajme\",\"PromovimePublikime\"],\"articleSection\":[\"Lajme\"],\"inLanguage\":\"en-US\"},{\"@type\":\"WebPage\",\"@id\":\"https:\/\/orthodoxalbania.org\/2020\/2017\/05\/19\/kryepiskopi-anastas-ne-ekspoziten-nderkombetare-te-librit-ne-selanik\/\",\"url\":\"https:\/\/orthodoxalbania.org\/2020\/2017\/05\/19\/kryepiskopi-anastas-ne-ekspoziten-nderkombetare-te-librit-ne-selanik\/\",\"name\":\"Kryepiskopi Anastas n\u00eb Ekspozit\u00ebn Nd\u00ebrkomb\u00ebtare t\u00eb Librit n\u00eb Selanik - Kisha Orthodh\u03bfkse Autoqefale e Shqip\u00ebris\u00eb\",\"isPartOf\":{\"@id\":\"https:\/\/orthodoxalbania.org\/2020\/#website\"},\"primaryImageOfPage\":{\"@id\":\"https:\/\/orthodoxalbania.org\/2020\/2017\/05\/19\/kryepiskopi-anastas-ne-ekspoziten-nderkombetare-te-librit-ne-selanik\/#primaryimage\"},\"image\":{\"@id\":\"https:\/\/orthodoxalbania.org\/2020\/2017\/05\/19\/kryepiskopi-anastas-ne-ekspoziten-nderkombetare-te-librit-ne-selanik\/#primaryimage\"},\"thumbnailUrl\":\"https:\/\/orthodoxalbania.org\/2020\/wp-content\/uploads\/2020\/04\/1-6-7.jpg\",\"datePublished\":\"2017-05-19T08:59:23+00:00\",\"dateModified\":\"2020-04-06T19:58:21+00:00\",\"breadcrumb\":{\"@id\":\"https:\/\/orthodoxalbania.org\/2020\/2017\/05\/19\/kryepiskopi-anastas-ne-ekspoziten-nderkombetare-te-librit-ne-selanik\/#breadcrumb\"},\"inLanguage\":\"en-US\",\"potentialAction\":[{\"@type\":\"ReadAction\",\"target\":[\"https:\/\/orthodoxalbania.org\/2020\/2017\/05\/19\/kryepiskopi-anastas-ne-ekspoziten-nderkombetare-te-librit-ne-selanik\/\"]}]},{\"@type\":\"ImageObject\",\"inLanguage\":\"en-US\",\"@id\":\"https:\/\/orthodoxalbania.org\/2020\/2017\/05\/19\/kryepiskopi-anastas-ne-ekspoziten-nderkombetare-te-librit-ne-selanik\/#primaryimage\",\"url\":\"https:\/\/orthodoxalbania.org\/2020\/wp-content\/uploads\/2020\/04\/1-6-7.jpg\",\"contentUrl\":\"https:\/\/orthodoxalbania.org\/2020\/wp-content\/uploads\/2020\/04\/1-6-7.jpg\",\"width\":150,\"height\":150},{\"@type\":\"BreadcrumbList\",\"@id\":\"https:\/\/orthodoxalbania.org\/2020\/2017\/05\/19\/kryepiskopi-anastas-ne-ekspoziten-nderkombetare-te-librit-ne-selanik\/#breadcrumb\",\"itemListElement\":[{\"@type\":\"ListItem\",\"position\":1,\"name\":\"Home\",\"item\":\"https:\/\/orthodoxalbania.org\/2020\/\"},{\"@type\":\"ListItem\",\"position\":2,\"name\":\"Kryepiskopi Anastas n\u00eb Ekspozit\u00ebn Nd\u00ebrkomb\u00ebtare t\u00eb Librit n\u00eb Selanik\"}]},{\"@type\":\"WebSite\",\"@id\":\"https:\/\/orthodoxalbania.org\/2020\/#website\",\"url\":\"https:\/\/orthodoxalbania.org\/2020\/\",\"name\":\"Kisha Orthodh\u03bfkse Autoqefale e Shqip\u00ebris\u00eb\",\"description\":\"Fqja Zyrtare e Kish\u00ebs Orthodhokse Autoqefale e Shqip\u00ebris\u00eb me lajmet edhe informacionet zyrtare p\u00ebr struktur\u00ebn edhe veprimtarin e saj.\",\"publisher\":{\"@id\":\"https:\/\/orthodoxalbania.org\/2020\/#organization\"},\"potentialAction\":[{\"@type\":\"SearchAction\",\"target\":{\"@type\":\"EntryPoint\",\"urlTemplate\":\"https:\/\/orthodoxalbania.org\/2020\/?s={search_term_string}\"},\"query-input\":{\"@type\":\"PropertyValueSpecification\",\"valueRequired\":true,\"valueName\":\"search_term_string\"}}],\"inLanguage\":\"en-US\"},{\"@type\":\"Organization\",\"@id\":\"https:\/\/orthodoxalbania.org\/2020\/#organization\",\"name\":\"Kisha Orthodhokse Autoqefale e Shqip\u00ebris\u00eb\",\"url\":\"https:\/\/orthodoxalbania.org\/2020\/\",\"logo\":{\"@type\":\"ImageObject\",\"inLanguage\":\"en-US\",\"@id\":\"https:\/\/orthodoxalbania.org\/2020\/#\/schema\/logo\/image\/\",\"url\":\"https:\/\/orthodoxalbania.org\/2020\/wp-content\/uploads\/2020\/05\/albania.jpeg\",\"contentUrl\":\"https:\/\/orthodoxalbania.org\/2020\/wp-content\/uploads\/2020\/05\/albania.jpeg\",\"width\":540,\"height\":540,\"caption\":\"Kisha Orthodhokse Autoqefale e Shqip\u00ebris\u00eb\"},\"image\":{\"@id\":\"https:\/\/orthodoxalbania.org\/2020\/#\/schema\/logo\/image\/\"},\"sameAs\":[\"https:\/\/www.facebook.com\/koash1991\"]},{\"@type\":\"Person\",\"@id\":\"https:\/\/orthodoxalbania.org\/2020\/#\/schema\/person\/0c387634a7063ac612d7ed9ce71c7e86\",\"name\":\"Kisha Orthodhokse\",\"image\":{\"@type\":\"ImageObject\",\"inLanguage\":\"en-US\",\"@id\":\"https:\/\/secure.gravatar.com\/avatar\/596e7c417251e30f2fbb9c00e026fce61a695a00e51c889caded71c96cbbdde5?s=96&d=mm&r=g\",\"url\":\"https:\/\/secure.gravatar.com\/avatar\/596e7c417251e30f2fbb9c00e026fce61a695a00e51c889caded71c96cbbdde5?s=96&d=mm&r=g\",\"contentUrl\":\"https:\/\/secure.gravatar.com\/avatar\/596e7c417251e30f2fbb9c00e026fce61a695a00e51c889caded71c96cbbdde5?s=96&d=mm&r=g\",\"caption\":\"Kisha Orthodhokse\"}}]}<\/script>\n<!-- \/ Yoast SEO plugin. -->","yoast_head_json":{"title":"Kryepiskopi Anastas n\u00eb Ekspozit\u00ebn Nd\u00ebrkomb\u00ebtare t\u00eb Librit n\u00eb Selanik - Kisha Orthodh\u03bfkse Autoqefale e Shqip\u00ebris\u00eb","robots":{"index":"index","follow":"follow","max-snippet":"max-snippet:-1","max-image-preview":"max-image-preview:large","max-video-preview":"max-video-preview:-1"},"canonical":"https:\/\/orthodoxalbania.org\/2020\/2017\/05\/19\/kryepiskopi-anastas-ne-ekspoziten-nderkombetare-te-librit-ne-selanik\/","og_locale":"en_US","og_type":"article","og_title":"Kryepiskopi Anastas n\u00eb Ekspozit\u00ebn Nd\u00ebrkomb\u00ebtare t\u00eb Librit n\u00eb Selanik - Kisha Orthodh\u03bfkse Autoqefale e Shqip\u00ebris\u00eb","og_description":"Prania n\u00eb veprimtari dhe fjala e Kryepiskopit t\u00eb Tiran\u00ebs, Durr\u00ebsit dhe t\u00eb Gjith\u00eb Shqip\u00ebris\u00eb, Anastasit, u quajt nga profesori i Shkencave Politike n\u00eb Universitetin e Athin\u00ebs, z. Paskalis Qitromilidhis, si evenimenti m\u00eb i r\u00ebnd\u00ebsish\u00ebm i edicionit t\u00eb 14-t\u00eb t\u00eb Ekspozit\u00ebs Nd\u00ebrkomb\u00ebtare t\u00eb Librit t\u00eb Selanikut. Kjo Ekspozit\u00eb p\u00ebrb\u00ebn nj\u00eb nga mjediset kulturore dhe intelektuale m\u00eb k\u00ebrkuese dhe cil\u00ebsore dhe, nga ana e shtypit dhe kritik\u00ebs,","og_url":"https:\/\/orthodoxalbania.org\/2020\/2017\/05\/19\/kryepiskopi-anastas-ne-ekspoziten-nderkombetare-te-librit-ne-selanik\/","og_site_name":"Kisha Orthodh\u03bfkse Autoqefale e Shqip\u00ebris\u00eb","article_publisher":"https:\/\/www.facebook.com\/koash1991","article_published_time":"2017-05-19T08:59:23+00:00","article_modified_time":"2020-04-06T19:58:21+00:00","og_image":[{"width":150,"height":150,"url":"https:\/\/orthodoxalbania.org\/2020\/wp-content\/uploads\/2020\/04\/1-6-7.jpg","type":"image\/jpeg"}],"author":"Kisha Orthodhokse","twitter_card":"summary_large_image","twitter_misc":{"Written by":"Kisha Orthodhokse","Est. reading time":"3 minutes"},"schema":{"@context":"https:\/\/schema.org","@graph":[{"@type":"Article","@id":"https:\/\/orthodoxalbania.org\/2020\/2017\/05\/19\/kryepiskopi-anastas-ne-ekspoziten-nderkombetare-te-librit-ne-selanik\/#article","isPartOf":{"@id":"https:\/\/orthodoxalbania.org\/2020\/2017\/05\/19\/kryepiskopi-anastas-ne-ekspoziten-nderkombetare-te-librit-ne-selanik\/"},"author":{"name":"Kisha Orthodhokse","@id":"https:\/\/orthodoxalbania.org\/2020\/#\/schema\/person\/0c387634a7063ac612d7ed9ce71c7e86"},"headline":"Kryepiskopi Anastas n\u00eb Ekspozit\u00ebn Nd\u00ebrkomb\u00ebtare t\u00eb Librit n\u00eb Selanik","datePublished":"2017-05-19T08:59:23+00:00","dateModified":"2020-04-06T19:58:21+00:00","mainEntityOfPage":{"@id":"https:\/\/orthodoxalbania.org\/2020\/2017\/05\/19\/kryepiskopi-anastas-ne-ekspoziten-nderkombetare-te-librit-ne-selanik\/"},"wordCount":683,"commentCount":0,"publisher":{"@id":"https:\/\/orthodoxalbania.org\/2020\/#organization"},"image":{"@id":"https:\/\/orthodoxalbania.org\/2020\/2017\/05\/19\/kryepiskopi-anastas-ne-ekspoziten-nderkombetare-te-librit-ne-selanik\/#primaryimage"},"thumbnailUrl":"https:\/\/orthodoxalbania.org\/2020\/wp-content\/uploads\/2020\/04\/1-6-7.jpg","keywords":["2017","Kryepiskopata Tiran\u00eb","Kryepiskopi Anastas","lajme","PromovimePublikime"],"articleSection":["Lajme"],"inLanguage":"en-US"},{"@type":"WebPage","@id":"https:\/\/orthodoxalbania.org\/2020\/2017\/05\/19\/kryepiskopi-anastas-ne-ekspoziten-nderkombetare-te-librit-ne-selanik\/","url":"https:\/\/orthodoxalbania.org\/2020\/2017\/05\/19\/kryepiskopi-anastas-ne-ekspoziten-nderkombetare-te-librit-ne-selanik\/","name":"Kryepiskopi Anastas n\u00eb Ekspozit\u00ebn Nd\u00ebrkomb\u00ebtare t\u00eb Librit n\u00eb Selanik - Kisha Orthodh\u03bfkse Autoqefale e Shqip\u00ebris\u00eb","isPartOf":{"@id":"https:\/\/orthodoxalbania.org\/2020\/#website"},"primaryImageOfPage":{"@id":"https:\/\/orthodoxalbania.org\/2020\/2017\/05\/19\/kryepiskopi-anastas-ne-ekspoziten-nderkombetare-te-librit-ne-selanik\/#primaryimage"},"image":{"@id":"https:\/\/orthodoxalbania.org\/2020\/2017\/05\/19\/kryepiskopi-anastas-ne-ekspoziten-nderkombetare-te-librit-ne-selanik\/#primaryimage"},"thumbnailUrl":"https:\/\/orthodoxalbania.org\/2020\/wp-content\/uploads\/2020\/04\/1-6-7.jpg","datePublished":"2017-05-19T08:59:23+00:00","dateModified":"2020-04-06T19:58:21+00:00","breadcrumb":{"@id":"https:\/\/orthodoxalbania.org\/2020\/2017\/05\/19\/kryepiskopi-anastas-ne-ekspoziten-nderkombetare-te-librit-ne-selanik\/#breadcrumb"},"inLanguage":"en-US","potentialAction":[{"@type":"ReadAction","target":["https:\/\/orthodoxalbania.org\/2020\/2017\/05\/19\/kryepiskopi-anastas-ne-ekspoziten-nderkombetare-te-librit-ne-selanik\/"]}]},{"@type":"ImageObject","inLanguage":"en-US","@id":"https:\/\/orthodoxalbania.org\/2020\/2017\/05\/19\/kryepiskopi-anastas-ne-ekspoziten-nderkombetare-te-librit-ne-selanik\/#primaryimage","url":"https:\/\/orthodoxalbania.org\/2020\/wp-content\/uploads\/2020\/04\/1-6-7.jpg","contentUrl":"https:\/\/orthodoxalbania.org\/2020\/wp-content\/uploads\/2020\/04\/1-6-7.jpg","width":150,"height":150},{"@type":"BreadcrumbList","@id":"https:\/\/orthodoxalbania.org\/2020\/2017\/05\/19\/kryepiskopi-anastas-ne-ekspoziten-nderkombetare-te-librit-ne-selanik\/#breadcrumb","itemListElement":[{"@type":"ListItem","position":1,"name":"Home","item":"https:\/\/orthodoxalbania.org\/2020\/"},{"@type":"ListItem","position":2,"name":"Kryepiskopi Anastas n\u00eb Ekspozit\u00ebn Nd\u00ebrkomb\u00ebtare t\u00eb Librit n\u00eb Selanik"}]},{"@type":"WebSite","@id":"https:\/\/orthodoxalbania.org\/2020\/#website","url":"https:\/\/orthodoxalbania.org\/2020\/","name":"Kisha Orthodh\u03bfkse Autoqefale e Shqip\u00ebris\u00eb","description":"Fqja Zyrtare e Kish\u00ebs Orthodhokse Autoqefale e Shqip\u00ebris\u00eb me lajmet edhe informacionet zyrtare p\u00ebr struktur\u00ebn edhe veprimtarin e saj.","publisher":{"@id":"https:\/\/orthodoxalbania.org\/2020\/#organization"},"potentialAction":[{"@type":"SearchAction","target":{"@type":"EntryPoint","urlTemplate":"https:\/\/orthodoxalbania.org\/2020\/?s={search_term_string}"},"query-input":{"@type":"PropertyValueSpecification","valueRequired":true,"valueName":"search_term_string"}}],"inLanguage":"en-US"},{"@type":"Organization","@id":"https:\/\/orthodoxalbania.org\/2020\/#organization","name":"Kisha Orthodhokse Autoqefale e Shqip\u00ebris\u00eb","url":"https:\/\/orthodoxalbania.org\/2020\/","logo":{"@type":"ImageObject","inLanguage":"en-US","@id":"https:\/\/orthodoxalbania.org\/2020\/#\/schema\/logo\/image\/","url":"https:\/\/orthodoxalbania.org\/2020\/wp-content\/uploads\/2020\/05\/albania.jpeg","contentUrl":"https:\/\/orthodoxalbania.org\/2020\/wp-content\/uploads\/2020\/05\/albania.jpeg","width":540,"height":540,"caption":"Kisha Orthodhokse Autoqefale e Shqip\u00ebris\u00eb"},"image":{"@id":"https:\/\/orthodoxalbania.org\/2020\/#\/schema\/logo\/image\/"},"sameAs":["https:\/\/www.facebook.com\/koash1991"]},{"@type":"Person","@id":"https:\/\/orthodoxalbania.org\/2020\/#\/schema\/person\/0c387634a7063ac612d7ed9ce71c7e86","name":"Kisha Orthodhokse","image":{"@type":"ImageObject","inLanguage":"en-US","@id":"https:\/\/secure.gravatar.com\/avatar\/596e7c417251e30f2fbb9c00e026fce61a695a00e51c889caded71c96cbbdde5?s=96&d=mm&r=g","url":"https:\/\/secure.gravatar.com\/avatar\/596e7c417251e30f2fbb9c00e026fce61a695a00e51c889caded71c96cbbdde5?s=96&d=mm&r=g","contentUrl":"https:\/\/secure.gravatar.com\/avatar\/596e7c417251e30f2fbb9c00e026fce61a695a00e51c889caded71c96cbbdde5?s=96&d=mm&r=g","caption":"Kisha Orthodhokse"}}]}},"_links":{"self":[{"href":"https:\/\/orthodoxalbania.org\/2020\/wp-json\/wp\/v2\/posts\/5228","targetHints":{"allow":["GET"]}}],"collection":[{"href":"https:\/\/orthodoxalbania.org\/2020\/wp-json\/wp\/v2\/posts"}],"about":[{"href":"https:\/\/orthodoxalbania.org\/2020\/wp-json\/wp\/v2\/types\/post"}],"author":[{"embeddable":true,"href":"https:\/\/orthodoxalbania.org\/2020\/wp-json\/wp\/v2\/users\/1"}],"replies":[{"embeddable":true,"href":"https:\/\/orthodoxalbania.org\/2020\/wp-json\/wp\/v2\/comments?post=5228"}],"version-history":[{"count":1,"href":"https:\/\/orthodoxalbania.org\/2020\/wp-json\/wp\/v2\/posts\/5228\/revisions"}],"predecessor-version":[{"id":14848,"href":"https:\/\/orthodoxalbania.org\/2020\/wp-json\/wp\/v2\/posts\/5228\/revisions\/14848"}],"wp:featuredmedia":[{"embeddable":true,"href":"https:\/\/orthodoxalbania.org\/2020\/wp-json\/wp\/v2\/media\/5229"}],"wp:attachment":[{"href":"https:\/\/orthodoxalbania.org\/2020\/wp-json\/wp\/v2\/media?parent=5228"}],"wp:term":[{"taxonomy":"category","embeddable":true,"href":"https:\/\/orthodoxalbania.org\/2020\/wp-json\/wp\/v2\/categories?post=5228"},{"taxonomy":"post_tag","embeddable":true,"href":"https:\/\/orthodoxalbania.org\/2020\/wp-json\/wp\/v2\/tags?post=5228"}],"curies":[{"name":"wp","href":"https:\/\/api.w.org\/{rel}","templated":true}]}}