{"id":5213,"date":"2017-05-12T15:26:38","date_gmt":"2017-05-12T15:26:38","guid":{"rendered":""},"modified":"2020-04-06T21:58:21","modified_gmt":"2020-04-06T19:58:21","slug":"deklarate-e-komuniteteve-fetare-ne-shqiperi-per-paqe-dhe-urtesi-ne-situaten-politike-shqiptare","status":"publish","type":"post","link":"https:\/\/orthodoxalbania.org\/2020\/2017\/05\/12\/deklarate-e-komuniteteve-fetare-ne-shqiperi-per-paqe-dhe-urtesi-ne-situaten-politike-shqiptare\/","title":{"rendered":"Deklarat\u00eb  e Komuniteteve Fetare n\u00eb Shqip\u00ebri p\u00ebr paqe dhe urt\u00ebsi n\u00eb situat\u00ebn politike shqiptare"},"content":{"rendered":"<p style=\"text-align: center;\"><span style=\"color: #000000;\"><\/span><\/p>\n<p style=\"text-align: center;\"><span style=\"font-size: 12pt; font-family: helvetica; color: #000000;\"><strong>Deklarat\u00eb<\/strong><\/span><br \/><span style=\"font-size: 12pt; font-family: helvetica; color: #000000;\"><strong>e Komuniteteve Fetare n\u00eb Shqip\u00ebri p\u00ebr paqe dhe urt\u00ebsi n\u00eb situat\u00ebn politike shqiptare<\/strong><\/span><\/p>\n<p style=\"text-align: center;\">&nbsp;<\/p>\n<p style=\"text-align: center;\"><span style=\"color: #000000;\"><\/span><\/p>\n<p style=\"text-align: center;\"><span style=\"color: #000000;\"><\/span><\/p>\n<p style=\"text-align: justify;\"><span style=\"color: #000000;\"><span style=\"font-size: 12pt; font-family: helvetica;\">Ne Komunitetet Fetare n\u00eb Shqip\u00ebri, Komuniteti Mysliman, Kisha Orthodhokse Autoqefale, Kisha Katolike, Kryegjyshata Bot\u00ebrore e Bektashinj\u00ebve dhe V\u00ebllaz\u00ebria Ungjillore, n\u00eb p\u00ebrputhje me natyr\u00ebn e veprimtaris\u00eb ton\u00eb shpirt\u00ebrore, ndiejm\u00eb p\u00ebrgjegj\u00ebsin\u00eb shpirt\u00ebrore dhe morale q\u00eb kemi p\u00ebr besimtar\u00ebt tan\u00eb, por edhe p\u00ebr shoq\u00ebrin\u00eb shqiptare n\u00eb p\u00ebrgjith\u00ebsi. Me an\u00eb t\u00eb k\u00ebsaj deklarate t\u00eb p\u00ebrbashk\u00ebt, duke u nisur edhe nga situatat e fundit t\u00eb krijuara, ashtu sikurse edhe n\u00eb ndonj\u00eb rast n\u00eb t\u00eb kaluar\u00ebn, d\u00ebshirojm\u00eb t\u2019i drejtohemi klas\u00ebs politike dhe t\u00eb gjith\u00eb atyre q\u00eb kan\u00eb p\u00ebrgjegj\u00ebsi institucionale p\u00ebr t\u00eb mir\u00ebn e vendit.<\/span><span style=\"font-size: 12pt; font-family: helvetica;\"><br \/><\/span><\/span><\/p>\n<p style=\"text-align: justify;\"><span style=\"color: #000000;\"><span style=\"font-size: 12pt; font-family: helvetica;\">Nuk \u00ebsht\u00eb detyra jon\u00eb t\u00eb gjejm\u00eb apo t\u00eb tregojm\u00eb zgjidhje konkrete p\u00ebr situat\u00ebn e krijuar. Ajo \u00ebsht\u00eb pun\u00eb e politik\u00ebs, e cila ka fush\u00ebn e saj t\u00eb veprimit dhe \u00ebsht\u00eb e mandatuar nga populli p\u00ebr k\u00ebt\u00eb gj\u00eb. Fal\u00ebnderojm\u00eb Zotin p\u00ebr shum\u00eb pun\u00eb t\u00eb mira q\u00eb jan\u00eb b\u00ebr\u00eb dhe po vazhdojn\u00eb t\u00eb b\u00ebhen, si edhe p\u00ebr seriozitetin e shum\u00eb njer\u00ebzve q\u00eb punojn\u00eb pa u lodhur, edhe pse shpesh t\u00eb panjohur, n\u00eb zbatim t\u00eb ligjit e p\u00ebr t\u00eb mir\u00ebn e shoq\u00ebris\u00eb.<\/span><span style=\"font-size: 12pt; font-family: helvetica;\"><\/span><\/span><\/p>\n<p style=\"text-align: justify;\"><span style=\"font-size: 12pt; font-family: helvetica; color: #000000;\">Por gjithashtu, ne jemi t\u00eb shqet\u00ebsuar p\u00ebr klim\u00ebn e krijuar n\u00eb vend e n\u00eb m\u00ebnyr\u00eb t\u00eb ve\u00e7ant\u00eb:<\/span><\/p>\n<ul>\n<li style=\"text-align: justify;\"><span style=\"font-size: 12pt; font-family: helvetica; color: #000000;\">p\u00ebr munges\u00ebn e dialogut politik dhe t\u00eb vullnetit p\u00ebr dialog p\u00ebr zgjidhjen e ng\u00ebr\u00e7eve, sidomos p\u00ebr \u00e7\u00ebshtjen e zgjedhjeve, q\u00eb jan\u00eb nj\u00eb instrument i domosdosh\u00ebm p\u00ebr mir\u00ebqenien shoq\u00ebrore t\u00eb shqiptar\u00ebve;<\/span><\/li>\n<li style=\"text-align: justify;\"><span style=\"font-size: 12pt; font-family: helvetica; color: #000000;\">p\u00ebr retorik\u00ebn e dhunshme dhe p\u00ebr\u00e7muese q\u00eb p\u00ebrcillet n\u00ebp\u00ebrmjet kanaleve t\u00eb informimit publik dhe n\u00eb rrjetet sociale nga ana e atyre q\u00eb mbajn\u00eb poste apo kan\u00eb pozicione publike dhe t\u00eb r\u00ebnd\u00ebsishme n\u00eb jet\u00ebn e vendit;<\/span><\/li>\n<li style=\"text-align: justify;\"><span style=\"font-size: 12pt; font-family: helvetica; color: #000000;\">p\u00ebr dukurit\u00eb e korrupsionit dhe t\u00eb prodhimit t\u00eb l\u00ebnd\u00ebve narkotike, q\u00eb d\u00ebmtojn\u00eb sot dhe n\u00eb t\u00eb ardhmen jet\u00ebn e qytetar\u00ebve dhe mir\u00ebqenien e tyre;<\/span><\/li>\n<\/ul>\n<p style=\"text-align: justify;\"><span style=\"font-size: 12pt; font-family: helvetica; color: #000000;\">T\u00eb gjitha k\u00ebto q\u00eb u than\u00eb m\u00eb sip\u00ebr mund t\u00eb rrezikojn\u00eb stabilitetin e vendit, q\u00eb p\u00ebr ne \u00ebsht\u00eb nj\u00eb e mir\u00eb e madhe p\u00ebr t\u00eb gjith\u00eb shoq\u00ebrin\u00eb e p\u00ebr \u00e7do njeri dhe q\u00eb duhet ta ruajm\u00eb me \u00e7do kusht.<\/span><\/p>\n<p style=\"text-align: justify;\"><span style=\"font-size: 12pt; font-family: helvetica; color: #000000;\">Prandaj, ne ftojm\u00eb me ngulm dhe me forc\u00eb t\u00eb gjith\u00eb faktor\u00ebt politik\u00eb n\u00eb Shqip\u00ebri, nga ana e opozit\u00ebs dhe e qeveris\u00eb, parti t\u00eb vogla e t\u00eb m\u00ebdha:<\/span><\/p>\n<ul>\n<li style=\"text-align: justify;\"><span style=\"font-size: 12pt; font-family: helvetica; color: #000000;\">p\u00ebr nd\u00ebrtimin e urave dhe jo t\u00eb mureve. Duhet nj\u00eb dialog i sinqert\u00eb, i b\u00ebr\u00eb n\u00eb shum\u00eb nivele, duke p\u00ebrfshir\u00eb sa m\u00eb shum\u00eb aktor\u00eb dhe faktor\u00eb. Keni p\u00ebrgjegj\u00ebsi p\u00ebrpara popullit dhe duhet t\u00eb mendoni p\u00ebr t\u00eb qysh nga dita q\u00eb keni marr\u00eb p\u00ebrsip\u00ebr t\u00eb hyni n\u00eb politik\u00eb. E mira e popullit \u00ebsht\u00eb synimi juaj madhor.<\/span><\/li>\n<li style=\"text-align: justify;\"><span style=\"font-size: 12pt; font-family: helvetica; color: #000000;\">p\u00ebr uljen e toneve t\u00eb retorik\u00ebs s\u00eb dhunshme dhe p\u00ebr\u00e7muese ndaj kund\u00ebrshtarit politik. Kjo vet\u00ebm nxeh gjakrat dhe nxit veprime t\u00eb dhunshme.<\/span><\/li>\n<li style=\"text-align: justify;\"><span style=\"font-size: 12pt; font-family: helvetica; color: #000000;\">p\u00ebr garantimin e nj\u00eb procesi parazgjedhor dhe zgjedhor transparent dhe gjith\u00ebp\u00ebrfshir\u00ebs. N\u00eb m\u00ebnyr\u00eb t\u00eb ve\u00e7ant\u00eb e sidomos u b\u00ebjm\u00eb thirrje t\u00eb gjith\u00eb qytetar\u00ebve t\u00eb mos bien pre e tundimit t\u00eb shitblerjes s\u00eb vot\u00ebs apo t\u00eb votimit n\u00ebn k\u00ebrc\u00ebnim p\u00ebr vendin e pun\u00ebs q\u00eb \u00ebsht\u00eb buka e f\u00ebmij\u00ebve. Gjithashtu, u b\u00ebjm\u00eb thirrje t\u00eb gjitha institucioneve q\u00eb kan\u00eb p\u00ebrgjegj\u00ebsi p\u00ebr zgjedhjet, q\u00eb t\u00eb luftojn\u00eb t\u00eb gjith\u00eb dukurin\u00eb e shitblerjes s\u00eb vot\u00ebs dhe k\u00ebrc\u00ebnimit p\u00ebr vendin e pun\u00ebs.<\/span><\/li>\n<li style=\"text-align: justify;\"><span style=\"font-size: 12pt; font-family: helvetica; color: #000000;\">p\u00ebr krijimin e kushteve q\u00eb ligji dhe e drejta t\u00eb sundoj\u00eb n\u00eb jet\u00ebn shoq\u00ebrore t\u00eb Shqip\u00ebris\u00eb dhe shqiptar\u00ebve.<\/span><\/li>\n<\/ul>\n<p style=\"text-align: justify;\"><span style=\"font-size: 12pt; font-family: helvetica; color: #000000;\">Po ashtu b\u00ebjm\u00eb thirrje q\u00eb \u00e7do nism\u00eb qytetare dhe politike p\u00ebr t\u00eb shprehur mendimin dhe d\u00ebshirat t\u00eb sh\u00ebrbej\u00eb p\u00ebr t\u00eb mir\u00ebn e p\u00ebrbashk\u00ebt dhe t\u00eb shmang\u00eb \u00e7do lloj dhune ndaj njer\u00ebzve, objekteve dhe institucioneve.<\/span><\/p>\n<p style=\"text-align: justify;\"><span style=\"font-size: 12pt; font-family: helvetica; color: #000000;\">T\u00eb bindur se me an\u00eb t\u00eb k\u00ebsaj deklarate po japim nj\u00eb kontribut p\u00ebr mbar\u00ebvajtjen e vendit, ne do t\u00eb vazhdojm\u00eb t\u00eb lutemi p\u00ebr t\u00eb ardhmen dhe mir\u00ebqenien e vendit ton\u00eb.<\/span><\/p>\n<p style=\"text-align: justify;\"><span style=\"color: #000000;\"><em><span style=\"font-size: 12pt; font-family: helvetica;\">Tiran\u00eb, 12 maj 2017<\/span><\/em><\/span><\/p>\n<p style=\"text-align: center;\"><span style=\"color: #000000;\"><strong><span style=\"font-size: 12pt; font-family: helvetica;\">Komunitetet Fetare n\u00eb Shqip\u00ebri<\/span><\/strong><\/span><\/p>\n<p><img class=\"lazyload\" decoding=\"async\" style=\"display: block; margin-left: auto; margin-right: auto;\" alt=\"\" src=\"data:image\/svg+xml,%3Csvg%20xmlns%3D%27http%3A%2F%2Fwww.w3.org%2F2000%2Fsvg%27%20width%3D%27719%27%20height%3D%27141%27%20viewBox%3D%270%200%20719%20141%27%3E%3Crect%20width%3D%27719%27%20height%3D%27141%27%20fill-opacity%3D%220%22%2F%3E%3C%2Fsvg%3E\" data-orig-src=\"https:\/\/orthodoxalbania.org\/2020\/wp-content\/uploads\/2020\/04\/x.jpg\" \/><\/p>\n","protected":false},"excerpt":{"rendered":"<p>Deklarat\u00ebe Komuniteteve Fetare n\u00eb Shqip\u00ebri p\u00ebr paqe dhe urt\u00ebsi n\u00eb situat\u00ebn politike shqiptare &nbsp; Ne Komunitetet Fetare n\u00eb Shqip\u00ebri, Komuniteti Mysliman, Kisha Orthodhokse Autoqefale, Kisha Katolike, Kryegjyshata Bot\u00ebrore e Bektashinj\u00ebve dhe V\u00ebllaz\u00ebria Ungjillore, n\u00eb p\u00ebrputhje me natyr\u00ebn e veprimtaris\u00eb ton\u00eb shpirt\u00ebrore, ndiejm\u00eb p\u00ebrgjegj\u00ebsin\u00eb shpirt\u00ebrore dhe morale q\u00eb kemi p\u00ebr besimtar\u00ebt tan\u00eb, por edhe p\u00ebr shoq\u00ebrin\u00eb shqiptare n\u00eb p\u00ebrgjith\u00ebsi. Me an\u00eb t\u00eb k\u00ebsaj deklarate t\u00eb p\u00ebrbashk\u00ebt,<\/p>\n","protected":false},"author":1,"featured_media":5214,"comment_status":"open","ping_status":"open","sticky":false,"template":"","format":"standard","meta":{"_acf_changed":false,"pagelayer_contact_templates":[],"_pagelayer_content":"","inline_featured_image":false,"fifu_image_url":"","fifu_image_alt":"","footnotes":""},"categories":[108],"tags":[209,153,196,212],"class_list":["post-5213","post","type-post","status-publish","format-standard","has-post-thumbnail","hentry","category-lajme","tag-209","tag-deklarata-njoftime-zyrtare-d75","tag-tirane","tag-lajme-d27"],"acf":[],"yoast_head":"<!-- This site is optimized with the Yoast SEO plugin v27.2 - https:\/\/yoast.com\/product\/yoast-seo-wordpress\/ -->\n<title>Deklarat\u00eb e Komuniteteve Fetare n\u00eb Shqip\u00ebri p\u00ebr paqe dhe urt\u00ebsi n\u00eb situat\u00ebn politike shqiptare - Kisha Orthodh\u03bfkse Autoqefale e Shqip\u00ebris\u00eb<\/title>\n<meta name=\"robots\" content=\"index, follow, max-snippet:-1, max-image-preview:large, max-video-preview:-1\" \/>\n<link rel=\"canonical\" href=\"https:\/\/orthodoxalbania.org\/2020\/2017\/05\/12\/deklarate-e-komuniteteve-fetare-ne-shqiperi-per-paqe-dhe-urtesi-ne-situaten-politike-shqiptare\/\" \/>\n<meta property=\"og:locale\" content=\"en_US\" \/>\n<meta property=\"og:type\" content=\"article\" \/>\n<meta property=\"og:title\" content=\"Deklarat\u00eb e Komuniteteve Fetare n\u00eb Shqip\u00ebri p\u00ebr paqe dhe urt\u00ebsi n\u00eb situat\u00ebn politike shqiptare - Kisha Orthodh\u03bfkse Autoqefale e Shqip\u00ebris\u00eb\" \/>\n<meta property=\"og:description\" content=\"Deklarat\u00ebe Komuniteteve Fetare n\u00eb Shqip\u00ebri p\u00ebr paqe dhe urt\u00ebsi n\u00eb situat\u00ebn politike shqiptare &nbsp; Ne Komunitetet Fetare n\u00eb Shqip\u00ebri, Komuniteti Mysliman, Kisha Orthodhokse Autoqefale, Kisha Katolike, Kryegjyshata Bot\u00ebrore e Bektashinj\u00ebve dhe V\u00ebllaz\u00ebria Ungjillore, n\u00eb p\u00ebrputhje me natyr\u00ebn e veprimtaris\u00eb ton\u00eb shpirt\u00ebrore, ndiejm\u00eb p\u00ebrgjegj\u00ebsin\u00eb shpirt\u00ebrore dhe morale q\u00eb kemi p\u00ebr besimtar\u00ebt tan\u00eb, por edhe p\u00ebr shoq\u00ebrin\u00eb shqiptare n\u00eb p\u00ebrgjith\u00ebsi. Me an\u00eb t\u00eb k\u00ebsaj deklarate t\u00eb p\u00ebrbashk\u00ebt,\" \/>\n<meta property=\"og:url\" content=\"https:\/\/orthodoxalbania.org\/2020\/2017\/05\/12\/deklarate-e-komuniteteve-fetare-ne-shqiperi-per-paqe-dhe-urtesi-ne-situaten-politike-shqiptare\/\" \/>\n<meta property=\"og:site_name\" content=\"Kisha Orthodh\u03bfkse Autoqefale e Shqip\u00ebris\u00eb\" \/>\n<meta property=\"article:publisher\" content=\"https:\/\/www.facebook.com\/koash1991\" \/>\n<meta property=\"article:published_time\" content=\"2017-05-12T15:26:38+00:00\" \/>\n<meta property=\"article:modified_time\" content=\"2020-04-06T19:58:21+00:00\" \/>\n<meta property=\"og:image\" content=\"https:\/\/orthodoxalbania.org\/2020\/wp-content\/uploads\/2020\/04\/bjf.jpg\" \/>\n\t<meta property=\"og:image:width\" content=\"1415\" \/>\n\t<meta property=\"og:image:height\" content=\"943\" \/>\n\t<meta property=\"og:image:type\" content=\"image\/jpeg\" \/>\n<meta name=\"author\" content=\"Kisha Orthodhokse\" \/>\n<meta name=\"twitter:card\" content=\"summary_large_image\" \/>\n<meta name=\"twitter:label1\" content=\"Written by\" \/>\n\t<meta name=\"twitter:data1\" content=\"Kisha Orthodhokse\" \/>\n\t<meta name=\"twitter:label2\" content=\"Est. reading time\" \/>\n\t<meta name=\"twitter:data2\" content=\"4 minutes\" \/>\n<script type=\"application\/ld+json\" class=\"yoast-schema-graph\">{\"@context\":\"https:\/\/schema.org\",\"@graph\":[{\"@type\":\"Article\",\"@id\":\"https:\/\/orthodoxalbania.org\/2020\/2017\/05\/12\/deklarate-e-komuniteteve-fetare-ne-shqiperi-per-paqe-dhe-urtesi-ne-situaten-politike-shqiptare\/#article\",\"isPartOf\":{\"@id\":\"https:\/\/orthodoxalbania.org\/2020\/2017\/05\/12\/deklarate-e-komuniteteve-fetare-ne-shqiperi-per-paqe-dhe-urtesi-ne-situaten-politike-shqiptare\/\"},\"author\":{\"name\":\"Kisha Orthodhokse\",\"@id\":\"https:\/\/orthodoxalbania.org\/2020\/#\/schema\/person\/0c387634a7063ac612d7ed9ce71c7e86\"},\"headline\":\"Deklarat\u00eb e Komuniteteve Fetare n\u00eb Shqip\u00ebri p\u00ebr paqe dhe urt\u00ebsi n\u00eb situat\u00ebn politike shqiptare\",\"datePublished\":\"2017-05-12T15:26:38+00:00\",\"dateModified\":\"2020-04-06T19:58:21+00:00\",\"mainEntityOfPage\":{\"@id\":\"https:\/\/orthodoxalbania.org\/2020\/2017\/05\/12\/deklarate-e-komuniteteve-fetare-ne-shqiperi-per-paqe-dhe-urtesi-ne-situaten-politike-shqiptare\/\"},\"wordCount\":764,\"commentCount\":0,\"publisher\":{\"@id\":\"https:\/\/orthodoxalbania.org\/2020\/#organization\"},\"image\":{\"@id\":\"https:\/\/orthodoxalbania.org\/2020\/2017\/05\/12\/deklarate-e-komuniteteve-fetare-ne-shqiperi-per-paqe-dhe-urtesi-ne-situaten-politike-shqiptare\/#primaryimage\"},\"thumbnailUrl\":\"https:\/\/orthodoxalbania.org\/2020\/wp-content\/uploads\/2020\/04\/bjf.jpg\",\"keywords\":[\"2017\",\"Deklarata - Njoftime Zyrtare\",\"Kryepiskopata Tiran\u00eb\",\"lajme\"],\"articleSection\":[\"Lajme\"],\"inLanguage\":\"en-US\"},{\"@type\":\"WebPage\",\"@id\":\"https:\/\/orthodoxalbania.org\/2020\/2017\/05\/12\/deklarate-e-komuniteteve-fetare-ne-shqiperi-per-paqe-dhe-urtesi-ne-situaten-politike-shqiptare\/\",\"url\":\"https:\/\/orthodoxalbania.org\/2020\/2017\/05\/12\/deklarate-e-komuniteteve-fetare-ne-shqiperi-per-paqe-dhe-urtesi-ne-situaten-politike-shqiptare\/\",\"name\":\"Deklarat\u00eb e Komuniteteve Fetare n\u00eb Shqip\u00ebri p\u00ebr paqe dhe urt\u00ebsi n\u00eb situat\u00ebn politike shqiptare - Kisha Orthodh\u03bfkse Autoqefale e Shqip\u00ebris\u00eb\",\"isPartOf\":{\"@id\":\"https:\/\/orthodoxalbania.org\/2020\/#website\"},\"primaryImageOfPage\":{\"@id\":\"https:\/\/orthodoxalbania.org\/2020\/2017\/05\/12\/deklarate-e-komuniteteve-fetare-ne-shqiperi-per-paqe-dhe-urtesi-ne-situaten-politike-shqiptare\/#primaryimage\"},\"image\":{\"@id\":\"https:\/\/orthodoxalbania.org\/2020\/2017\/05\/12\/deklarate-e-komuniteteve-fetare-ne-shqiperi-per-paqe-dhe-urtesi-ne-situaten-politike-shqiptare\/#primaryimage\"},\"thumbnailUrl\":\"https:\/\/orthodoxalbania.org\/2020\/wp-content\/uploads\/2020\/04\/bjf.jpg\",\"datePublished\":\"2017-05-12T15:26:38+00:00\",\"dateModified\":\"2020-04-06T19:58:21+00:00\",\"breadcrumb\":{\"@id\":\"https:\/\/orthodoxalbania.org\/2020\/2017\/05\/12\/deklarate-e-komuniteteve-fetare-ne-shqiperi-per-paqe-dhe-urtesi-ne-situaten-politike-shqiptare\/#breadcrumb\"},\"inLanguage\":\"en-US\",\"potentialAction\":[{\"@type\":\"ReadAction\",\"target\":[\"https:\/\/orthodoxalbania.org\/2020\/2017\/05\/12\/deklarate-e-komuniteteve-fetare-ne-shqiperi-per-paqe-dhe-urtesi-ne-situaten-politike-shqiptare\/\"]}]},{\"@type\":\"ImageObject\",\"inLanguage\":\"en-US\",\"@id\":\"https:\/\/orthodoxalbania.org\/2020\/2017\/05\/12\/deklarate-e-komuniteteve-fetare-ne-shqiperi-per-paqe-dhe-urtesi-ne-situaten-politike-shqiptare\/#primaryimage\",\"url\":\"https:\/\/orthodoxalbania.org\/2020\/wp-content\/uploads\/2020\/04\/bjf.jpg\",\"contentUrl\":\"https:\/\/orthodoxalbania.org\/2020\/wp-content\/uploads\/2020\/04\/bjf.jpg\",\"width\":1415,\"height\":943},{\"@type\":\"BreadcrumbList\",\"@id\":\"https:\/\/orthodoxalbania.org\/2020\/2017\/05\/12\/deklarate-e-komuniteteve-fetare-ne-shqiperi-per-paqe-dhe-urtesi-ne-situaten-politike-shqiptare\/#breadcrumb\",\"itemListElement\":[{\"@type\":\"ListItem\",\"position\":1,\"name\":\"Home\",\"item\":\"https:\/\/orthodoxalbania.org\/2020\/\"},{\"@type\":\"ListItem\",\"position\":2,\"name\":\"Deklarat\u00eb e Komuniteteve Fetare n\u00eb Shqip\u00ebri p\u00ebr paqe dhe urt\u00ebsi n\u00eb situat\u00ebn politike shqiptare\"}]},{\"@type\":\"WebSite\",\"@id\":\"https:\/\/orthodoxalbania.org\/2020\/#website\",\"url\":\"https:\/\/orthodoxalbania.org\/2020\/\",\"name\":\"Kisha Orthodh\u03bfkse Autoqefale e Shqip\u00ebris\u00eb\",\"description\":\"Fqja Zyrtare e Kish\u00ebs Orthodhokse Autoqefale e Shqip\u00ebris\u00eb me lajmet edhe informacionet zyrtare p\u00ebr struktur\u00ebn edhe veprimtarin e saj.\",\"publisher\":{\"@id\":\"https:\/\/orthodoxalbania.org\/2020\/#organization\"},\"potentialAction\":[{\"@type\":\"SearchAction\",\"target\":{\"@type\":\"EntryPoint\",\"urlTemplate\":\"https:\/\/orthodoxalbania.org\/2020\/?s={search_term_string}\"},\"query-input\":{\"@type\":\"PropertyValueSpecification\",\"valueRequired\":true,\"valueName\":\"search_term_string\"}}],\"inLanguage\":\"en-US\"},{\"@type\":\"Organization\",\"@id\":\"https:\/\/orthodoxalbania.org\/2020\/#organization\",\"name\":\"Kisha Orthodhokse Autoqefale e Shqip\u00ebris\u00eb\",\"url\":\"https:\/\/orthodoxalbania.org\/2020\/\",\"logo\":{\"@type\":\"ImageObject\",\"inLanguage\":\"en-US\",\"@id\":\"https:\/\/orthodoxalbania.org\/2020\/#\/schema\/logo\/image\/\",\"url\":\"https:\/\/orthodoxalbania.org\/2020\/wp-content\/uploads\/2020\/05\/albania.jpeg\",\"contentUrl\":\"https:\/\/orthodoxalbania.org\/2020\/wp-content\/uploads\/2020\/05\/albania.jpeg\",\"width\":540,\"height\":540,\"caption\":\"Kisha Orthodhokse Autoqefale e Shqip\u00ebris\u00eb\"},\"image\":{\"@id\":\"https:\/\/orthodoxalbania.org\/2020\/#\/schema\/logo\/image\/\"},\"sameAs\":[\"https:\/\/www.facebook.com\/koash1991\"]},{\"@type\":\"Person\",\"@id\":\"https:\/\/orthodoxalbania.org\/2020\/#\/schema\/person\/0c387634a7063ac612d7ed9ce71c7e86\",\"name\":\"Kisha Orthodhokse\",\"image\":{\"@type\":\"ImageObject\",\"inLanguage\":\"en-US\",\"@id\":\"https:\/\/secure.gravatar.com\/avatar\/596e7c417251e30f2fbb9c00e026fce61a695a00e51c889caded71c96cbbdde5?s=96&d=mm&r=g\",\"url\":\"https:\/\/secure.gravatar.com\/avatar\/596e7c417251e30f2fbb9c00e026fce61a695a00e51c889caded71c96cbbdde5?s=96&d=mm&r=g\",\"contentUrl\":\"https:\/\/secure.gravatar.com\/avatar\/596e7c417251e30f2fbb9c00e026fce61a695a00e51c889caded71c96cbbdde5?s=96&d=mm&r=g\",\"caption\":\"Kisha Orthodhokse\"}}]}<\/script>\n<!-- \/ Yoast SEO plugin. -->","yoast_head_json":{"title":"Deklarat\u00eb e Komuniteteve Fetare n\u00eb Shqip\u00ebri p\u00ebr paqe dhe urt\u00ebsi n\u00eb situat\u00ebn politike shqiptare - Kisha Orthodh\u03bfkse Autoqefale e Shqip\u00ebris\u00eb","robots":{"index":"index","follow":"follow","max-snippet":"max-snippet:-1","max-image-preview":"max-image-preview:large","max-video-preview":"max-video-preview:-1"},"canonical":"https:\/\/orthodoxalbania.org\/2020\/2017\/05\/12\/deklarate-e-komuniteteve-fetare-ne-shqiperi-per-paqe-dhe-urtesi-ne-situaten-politike-shqiptare\/","og_locale":"en_US","og_type":"article","og_title":"Deklarat\u00eb e Komuniteteve Fetare n\u00eb Shqip\u00ebri p\u00ebr paqe dhe urt\u00ebsi n\u00eb situat\u00ebn politike shqiptare - Kisha Orthodh\u03bfkse Autoqefale e Shqip\u00ebris\u00eb","og_description":"Deklarat\u00ebe Komuniteteve Fetare n\u00eb Shqip\u00ebri p\u00ebr paqe dhe urt\u00ebsi n\u00eb situat\u00ebn politike shqiptare &nbsp; Ne Komunitetet Fetare n\u00eb Shqip\u00ebri, Komuniteti Mysliman, Kisha Orthodhokse Autoqefale, Kisha Katolike, Kryegjyshata Bot\u00ebrore e Bektashinj\u00ebve dhe V\u00ebllaz\u00ebria Ungjillore, n\u00eb p\u00ebrputhje me natyr\u00ebn e veprimtaris\u00eb ton\u00eb shpirt\u00ebrore, ndiejm\u00eb p\u00ebrgjegj\u00ebsin\u00eb shpirt\u00ebrore dhe morale q\u00eb kemi p\u00ebr besimtar\u00ebt tan\u00eb, por edhe p\u00ebr shoq\u00ebrin\u00eb shqiptare n\u00eb p\u00ebrgjith\u00ebsi. Me an\u00eb t\u00eb k\u00ebsaj deklarate t\u00eb p\u00ebrbashk\u00ebt,","og_url":"https:\/\/orthodoxalbania.org\/2020\/2017\/05\/12\/deklarate-e-komuniteteve-fetare-ne-shqiperi-per-paqe-dhe-urtesi-ne-situaten-politike-shqiptare\/","og_site_name":"Kisha Orthodh\u03bfkse Autoqefale e Shqip\u00ebris\u00eb","article_publisher":"https:\/\/www.facebook.com\/koash1991","article_published_time":"2017-05-12T15:26:38+00:00","article_modified_time":"2020-04-06T19:58:21+00:00","og_image":[{"width":1415,"height":943,"url":"https:\/\/orthodoxalbania.org\/2020\/wp-content\/uploads\/2020\/04\/bjf.jpg","type":"image\/jpeg"}],"author":"Kisha Orthodhokse","twitter_card":"summary_large_image","twitter_misc":{"Written by":"Kisha Orthodhokse","Est. reading time":"4 minutes"},"schema":{"@context":"https:\/\/schema.org","@graph":[{"@type":"Article","@id":"https:\/\/orthodoxalbania.org\/2020\/2017\/05\/12\/deklarate-e-komuniteteve-fetare-ne-shqiperi-per-paqe-dhe-urtesi-ne-situaten-politike-shqiptare\/#article","isPartOf":{"@id":"https:\/\/orthodoxalbania.org\/2020\/2017\/05\/12\/deklarate-e-komuniteteve-fetare-ne-shqiperi-per-paqe-dhe-urtesi-ne-situaten-politike-shqiptare\/"},"author":{"name":"Kisha Orthodhokse","@id":"https:\/\/orthodoxalbania.org\/2020\/#\/schema\/person\/0c387634a7063ac612d7ed9ce71c7e86"},"headline":"Deklarat\u00eb e Komuniteteve Fetare n\u00eb Shqip\u00ebri p\u00ebr paqe dhe urt\u00ebsi n\u00eb situat\u00ebn politike shqiptare","datePublished":"2017-05-12T15:26:38+00:00","dateModified":"2020-04-06T19:58:21+00:00","mainEntityOfPage":{"@id":"https:\/\/orthodoxalbania.org\/2020\/2017\/05\/12\/deklarate-e-komuniteteve-fetare-ne-shqiperi-per-paqe-dhe-urtesi-ne-situaten-politike-shqiptare\/"},"wordCount":764,"commentCount":0,"publisher":{"@id":"https:\/\/orthodoxalbania.org\/2020\/#organization"},"image":{"@id":"https:\/\/orthodoxalbania.org\/2020\/2017\/05\/12\/deklarate-e-komuniteteve-fetare-ne-shqiperi-per-paqe-dhe-urtesi-ne-situaten-politike-shqiptare\/#primaryimage"},"thumbnailUrl":"https:\/\/orthodoxalbania.org\/2020\/wp-content\/uploads\/2020\/04\/bjf.jpg","keywords":["2017","Deklarata - Njoftime Zyrtare","Kryepiskopata Tiran\u00eb","lajme"],"articleSection":["Lajme"],"inLanguage":"en-US"},{"@type":"WebPage","@id":"https:\/\/orthodoxalbania.org\/2020\/2017\/05\/12\/deklarate-e-komuniteteve-fetare-ne-shqiperi-per-paqe-dhe-urtesi-ne-situaten-politike-shqiptare\/","url":"https:\/\/orthodoxalbania.org\/2020\/2017\/05\/12\/deklarate-e-komuniteteve-fetare-ne-shqiperi-per-paqe-dhe-urtesi-ne-situaten-politike-shqiptare\/","name":"Deklarat\u00eb e Komuniteteve Fetare n\u00eb Shqip\u00ebri p\u00ebr paqe dhe urt\u00ebsi n\u00eb situat\u00ebn politike shqiptare - Kisha Orthodh\u03bfkse Autoqefale e Shqip\u00ebris\u00eb","isPartOf":{"@id":"https:\/\/orthodoxalbania.org\/2020\/#website"},"primaryImageOfPage":{"@id":"https:\/\/orthodoxalbania.org\/2020\/2017\/05\/12\/deklarate-e-komuniteteve-fetare-ne-shqiperi-per-paqe-dhe-urtesi-ne-situaten-politike-shqiptare\/#primaryimage"},"image":{"@id":"https:\/\/orthodoxalbania.org\/2020\/2017\/05\/12\/deklarate-e-komuniteteve-fetare-ne-shqiperi-per-paqe-dhe-urtesi-ne-situaten-politike-shqiptare\/#primaryimage"},"thumbnailUrl":"https:\/\/orthodoxalbania.org\/2020\/wp-content\/uploads\/2020\/04\/bjf.jpg","datePublished":"2017-05-12T15:26:38+00:00","dateModified":"2020-04-06T19:58:21+00:00","breadcrumb":{"@id":"https:\/\/orthodoxalbania.org\/2020\/2017\/05\/12\/deklarate-e-komuniteteve-fetare-ne-shqiperi-per-paqe-dhe-urtesi-ne-situaten-politike-shqiptare\/#breadcrumb"},"inLanguage":"en-US","potentialAction":[{"@type":"ReadAction","target":["https:\/\/orthodoxalbania.org\/2020\/2017\/05\/12\/deklarate-e-komuniteteve-fetare-ne-shqiperi-per-paqe-dhe-urtesi-ne-situaten-politike-shqiptare\/"]}]},{"@type":"ImageObject","inLanguage":"en-US","@id":"https:\/\/orthodoxalbania.org\/2020\/2017\/05\/12\/deklarate-e-komuniteteve-fetare-ne-shqiperi-per-paqe-dhe-urtesi-ne-situaten-politike-shqiptare\/#primaryimage","url":"https:\/\/orthodoxalbania.org\/2020\/wp-content\/uploads\/2020\/04\/bjf.jpg","contentUrl":"https:\/\/orthodoxalbania.org\/2020\/wp-content\/uploads\/2020\/04\/bjf.jpg","width":1415,"height":943},{"@type":"BreadcrumbList","@id":"https:\/\/orthodoxalbania.org\/2020\/2017\/05\/12\/deklarate-e-komuniteteve-fetare-ne-shqiperi-per-paqe-dhe-urtesi-ne-situaten-politike-shqiptare\/#breadcrumb","itemListElement":[{"@type":"ListItem","position":1,"name":"Home","item":"https:\/\/orthodoxalbania.org\/2020\/"},{"@type":"ListItem","position":2,"name":"Deklarat\u00eb e Komuniteteve Fetare n\u00eb Shqip\u00ebri p\u00ebr paqe dhe urt\u00ebsi n\u00eb situat\u00ebn politike shqiptare"}]},{"@type":"WebSite","@id":"https:\/\/orthodoxalbania.org\/2020\/#website","url":"https:\/\/orthodoxalbania.org\/2020\/","name":"Kisha Orthodh\u03bfkse Autoqefale e Shqip\u00ebris\u00eb","description":"Fqja Zyrtare e Kish\u00ebs Orthodhokse Autoqefale e Shqip\u00ebris\u00eb me lajmet edhe informacionet zyrtare p\u00ebr struktur\u00ebn edhe veprimtarin e saj.","publisher":{"@id":"https:\/\/orthodoxalbania.org\/2020\/#organization"},"potentialAction":[{"@type":"SearchAction","target":{"@type":"EntryPoint","urlTemplate":"https:\/\/orthodoxalbania.org\/2020\/?s={search_term_string}"},"query-input":{"@type":"PropertyValueSpecification","valueRequired":true,"valueName":"search_term_string"}}],"inLanguage":"en-US"},{"@type":"Organization","@id":"https:\/\/orthodoxalbania.org\/2020\/#organization","name":"Kisha Orthodhokse Autoqefale e Shqip\u00ebris\u00eb","url":"https:\/\/orthodoxalbania.org\/2020\/","logo":{"@type":"ImageObject","inLanguage":"en-US","@id":"https:\/\/orthodoxalbania.org\/2020\/#\/schema\/logo\/image\/","url":"https:\/\/orthodoxalbania.org\/2020\/wp-content\/uploads\/2020\/05\/albania.jpeg","contentUrl":"https:\/\/orthodoxalbania.org\/2020\/wp-content\/uploads\/2020\/05\/albania.jpeg","width":540,"height":540,"caption":"Kisha Orthodhokse Autoqefale e Shqip\u00ebris\u00eb"},"image":{"@id":"https:\/\/orthodoxalbania.org\/2020\/#\/schema\/logo\/image\/"},"sameAs":["https:\/\/www.facebook.com\/koash1991"]},{"@type":"Person","@id":"https:\/\/orthodoxalbania.org\/2020\/#\/schema\/person\/0c387634a7063ac612d7ed9ce71c7e86","name":"Kisha Orthodhokse","image":{"@type":"ImageObject","inLanguage":"en-US","@id":"https:\/\/secure.gravatar.com\/avatar\/596e7c417251e30f2fbb9c00e026fce61a695a00e51c889caded71c96cbbdde5?s=96&d=mm&r=g","url":"https:\/\/secure.gravatar.com\/avatar\/596e7c417251e30f2fbb9c00e026fce61a695a00e51c889caded71c96cbbdde5?s=96&d=mm&r=g","contentUrl":"https:\/\/secure.gravatar.com\/avatar\/596e7c417251e30f2fbb9c00e026fce61a695a00e51c889caded71c96cbbdde5?s=96&d=mm&r=g","caption":"Kisha Orthodhokse"}}]}},"_links":{"self":[{"href":"https:\/\/orthodoxalbania.org\/2020\/wp-json\/wp\/v2\/posts\/5213","targetHints":{"allow":["GET"]}}],"collection":[{"href":"https:\/\/orthodoxalbania.org\/2020\/wp-json\/wp\/v2\/posts"}],"about":[{"href":"https:\/\/orthodoxalbania.org\/2020\/wp-json\/wp\/v2\/types\/post"}],"author":[{"embeddable":true,"href":"https:\/\/orthodoxalbania.org\/2020\/wp-json\/wp\/v2\/users\/1"}],"replies":[{"embeddable":true,"href":"https:\/\/orthodoxalbania.org\/2020\/wp-json\/wp\/v2\/comments?post=5213"}],"version-history":[{"count":1,"href":"https:\/\/orthodoxalbania.org\/2020\/wp-json\/wp\/v2\/posts\/5213\/revisions"}],"predecessor-version":[{"id":14850,"href":"https:\/\/orthodoxalbania.org\/2020\/wp-json\/wp\/v2\/posts\/5213\/revisions\/14850"}],"wp:featuredmedia":[{"embeddable":true,"href":"https:\/\/orthodoxalbania.org\/2020\/wp-json\/wp\/v2\/media\/5214"}],"wp:attachment":[{"href":"https:\/\/orthodoxalbania.org\/2020\/wp-json\/wp\/v2\/media?parent=5213"}],"wp:term":[{"taxonomy":"category","embeddable":true,"href":"https:\/\/orthodoxalbania.org\/2020\/wp-json\/wp\/v2\/categories?post=5213"},{"taxonomy":"post_tag","embeddable":true,"href":"https:\/\/orthodoxalbania.org\/2020\/wp-json\/wp\/v2\/tags?post=5213"}],"curies":[{"name":"wp","href":"https:\/\/api.w.org\/{rel}","templated":true}]}}