{"id":521,"date":"2014-01-24T08:16:15","date_gmt":"2014-01-24T08:16:15","guid":{"rendered":""},"modified":"2020-04-06T22:05:22","modified_gmt":"2020-04-06T20:05:22","slug":"festim-i-trefisht-ne-diten-e-emrit-te-kryepiskopit-anastas","status":"publish","type":"post","link":"https:\/\/orthodoxalbania.org\/2020\/2014\/01\/24\/festim-i-trefisht-ne-diten-e-emrit-te-kryepiskopit-anastas\/","title":{"rendered":"Festim i trefisht n\u00eb dit\u00ebn e emrit t\u00eb Kryepiskopit Anastas. (22 Janar 2014)"},"content":{"rendered":"<p style=\"text-align: justify;\"><span style=\"font-family: tahoma,geneva,sans-serif;\"><span style=\"font-size: 12px;\"><img decoding=\"async\" class=\"lazyload HAa Eha\" style=\"height: 200px; width: 300px; margin: 10px; float: left; border-width: 1px; border-style: solid;\" alt=\"\" src=\"data:image\/gif;base64,R0lGODlhAQABAAAAACH5BAEKAAEALAAAAAABAAEAAAICTAEAOw==\" data-orig-src=\"https:\/\/lh4.googleusercontent.com\/-OOtSxXpyNxc\/UuIfPCpXKKI\/AAAAAAAAHZ8\/Rbw11hTWYEk\/w702-h468-no\/foto+22+janari+7.jpg\" \/><\/span><\/span><\/p>\n<p style=\"text-align: justify;\">&nbsp;<\/p>\n<p class=\"MsoNormal\" style=\"text-align: justify;\"><span style=\"color: #000000;\"><span style=\"font-family: Tahoma; font-size: 9pt; line-height: 1.3em;\">&nbsp;&nbsp;&nbsp; <span style=\"font-size: 12pt; font-family: helvetica;\">N\u00eb kish\u00ebn &#8220;Ungjill\u00ebzimi i Hyjlind\u00ebses&#8221; n\u00eb Tiran\u00eb, dt. 22.1.2014, n\u00ebn pranin\u00eb e Sinodit t\u00eb Shenjt\u00eb t\u00eb Kish\u00ebs Orthodhokse Autoqefale t\u00eb Shqip\u00ebris\u00eb, u kremtua n\u00eb m\u00ebnyr\u00eb panegjirike festa e Sh\u00ebn Anastas Persianit, em\u00ebr t\u00eb cilin mban dhe Kryepiskopi yn\u00eb Anastas.<\/span><\/span><\/span><\/p>\n<p class=\"MsoNormal\" style=\"text-align: justify;\"><span style=\"color: #000000;\"><span style=\"font-family: Tahoma; font-size: 9pt; line-height: 1.3em;\"><span style=\"font-size: 12pt; font-family: helvetica;\">&nbsp;&nbsp;&nbsp; N\u00eb k\u00ebt\u00eb dit\u00eb t\u00eb sh\u00ebnuar, g\u00ebzimi ishte i trefisht\u00eb. U dor\u00ebzua n\u00eb grad\u00ebn e dhjakonit Stephan Ritsi, misionar nga SHBA, i ardhur rishtas me nusen e tij Aleksandra, p\u00ebr t\u00eb kontribuar n\u00eb Kish\u00ebn ton\u00eb.<\/span><\/span><\/span><\/p>\n<p class=\"MsoNormal\" style=\"text-align: justify;\"><span style=\"color: #000000;\"><span style=\"font-family: Tahoma; font-size: 9pt; line-height: 1.3em;\"><span style=\"font-size: 12pt; font-family: helvetica;\">&nbsp;&nbsp;&nbsp; Nd\u00ebrsa At\u00eb Gjerasim \u00c7akallit iu dha grada e kryqmbajt\u00ebsit (stavroforit), p\u00ebr kontributin e tij t\u00eb vazhduesh\u00ebm n\u00eb Manastirin e Sh\u00ebn Vlashit dhe n\u00eb Akademin\u00eb Teologjike, si edhe s\u00eb fundi n\u00eb Gjimnazin kishtar \u201cKryqi i Nderuar\u201d n\u00eb Sukth. N\u00eb fund t\u00eb gjith\u00eb t\u00eb pranishmit vizituan dhe uruan kryepiskopin te salla e veprimtarive shpirterore, pran\u00eb kish\u00ebs. &nbsp;<\/span><\/span> <\/span><\/p>\n<p style=\"text-align: justify;\">&nbsp;<\/p>\n<p style=\"text-align: justify;\"><img decoding=\"async\" class=\"lazyload HAa Eha\" style=\"height: 400px; width: 600px; margin: 10px; border-width: 1px; border-style: solid;\" alt=\"\" src=\"data:image\/gif;base64,R0lGODlhAQABAAAAACH5BAEKAAEALAAAAAABAAEAAAICTAEAOw==\" data-orig-src=\"https:\/\/lh4.googleusercontent.com\/-FTSEC8PVRu0\/UuIfOOaHRQI\/AAAAAAAAHZU\/HdOARpbQLIA\/w702-h468-no\/foto+22+janari+2.jpg\" \/><\/p>\n<p style=\"text-align: justify;\"><span style=\"font-family: tahoma,geneva,sans-serif;\"><span style=\"font-size: 12px;\"><img decoding=\"async\" class=\"lazyload HAa Eha\" style=\"height: 406px; width: 600px; margin: 10px; border-width: 1px; border-style: solid;\" alt=\"\" src=\"data:image\/gif;base64,R0lGODlhAQABAAAAACH5BAEKAAEALAAAAAABAAEAAAICTAEAOw==\" data-orig-src=\"https:\/\/lh4.googleusercontent.com\/-8Xdr4ZggPPA\/UuIfRBAfopI\/AAAAAAAAHaM\/5OY_hMknF5A\/w702-h475-no\/foto+9.jpg\" \/><\/span><\/span><\/p>\n<p style=\"text-align: justify;\"><span style=\"font-family: tahoma,geneva,sans-serif;\"><span style=\"font-size: 12px;\"><img decoding=\"async\" class=\"lazyload HAa Eha\" style=\"margin: 10px; border-width: 1px; border-style: solid;\" alt=\"\" src=\"data:image\/gif;base64,R0lGODlhAQABAAAAACH5BAEKAAEALAAAAAABAAEAAAICTAEAOw==\" data-orig-src=\"https:\/\/lh6.googleusercontent.com\/-eh1LEPWBZO8\/UuIfMmyf4wI\/AAAAAAAAHZE\/3DejZ0_Hank\/w451-h506-no\/foto+10.jpg\" \/><\/span><\/span><\/p>\n<p style=\"text-align: justify;\"><span style=\"font-family: tahoma,geneva,sans-serif;\"><span style=\"font-size: 12px;\"><img decoding=\"async\" class=\"lazyload HAa Eha\" style=\"height: 546px; width: 600px; margin: 10px; border-width: 1px; border-style: solid;\" alt=\"\" src=\"data:image\/gif;base64,R0lGODlhAQABAAAAACH5BAEKAAEALAAAAAABAAEAAAICTAEAOw==\" data-orig-src=\"https:\/\/lh3.googleusercontent.com\/-xJg8-3e96ng\/UuJbxaWrbZI\/AAAAAAAAHa0\/uNgD7MHT6yI\/w556-h506-no\/ate+martini.jpg\" \/><\/span><\/span><\/p>\n<p style=\"text-align: justify;\"><span style=\"font-family: tahoma,geneva,sans-serif;\"><span style=\"font-size: 12px;\"><img decoding=\"async\" class=\"lazyload HAa Eha\" style=\"height: 399px; width: 600px; margin: 10px; border-width: 1px; border-style: solid;\" alt=\"\" src=\"data:image\/gif;base64,R0lGODlhAQABAAAAACH5BAEKAAEALAAAAAABAAEAAAICTAEAOw==\" data-orig-src=\"https:\/\/lh3.googleusercontent.com\/-jn7-XT1p-WA\/UuIfOFK3WoI\/AAAAAAAAHZY\/EoMeLukvuJs\/w702-h467-no\/foto+22+janari+3.jpg\" \/><\/span><\/span><\/p>\n<p style=\"text-align: justify;\"><span style=\"font-family: tahoma,geneva,sans-serif;\"><span style=\"font-size: 12px;\"><img decoding=\"async\" class=\"lazyload HAa Eha\" style=\"height: 400px; width: 600px; margin: 10px; border-width: 1px; border-style: solid;\" alt=\"\" src=\"data:image\/gif;base64,R0lGODlhAQABAAAAACH5BAEKAAEALAAAAAABAAEAAAICTAEAOw==\" data-orig-src=\"https:\/\/lh5.googleusercontent.com\/-fAaif4cca4I\/UuIfOTCPwSI\/AAAAAAAAHZg\/nWT1VGlv_-I\/w702-h468-no\/foto+22+janari+4.jpg\" \/><\/span><\/span><\/p>\n<p style=\"text-align: justify;\"><span style=\"font-family: tahoma,geneva,sans-serif;\"><span style=\"font-size: 12px;\"><img decoding=\"async\" class=\"lazyload HAa Eha\" style=\"height: 399px; width: 600px; margin: 10px; border-width: 1px; border-style: solid;\" alt=\"\" src=\"data:image\/gif;base64,R0lGODlhAQABAAAAACH5BAEKAAEALAAAAAABAAEAAAICTAEAOw==\" data-orig-src=\"https:\/\/lh3.googleusercontent.com\/-Nsm-vsltvmw\/UuIfOmjpOkI\/AAAAAAAAHZs\/ADlhdEzEunY\/w702-h467-no\/foto+22+janari+5.jpg\" \/><\/span><\/span><\/p>\n<p style=\"text-align: justify;\"><span style=\"font-family: tahoma,geneva,sans-serif;\"><span style=\"font-size: 12px;\"><img decoding=\"async\" class=\"lazyload HAa Eha\" style=\"height: 709px; width: 360px; margin: 10px; border-width: 1px; border-style: solid;\" alt=\"\" src=\"data:image\/gif;base64,R0lGODlhAQABAAAAACH5BAEKAAEALAAAAAABAAEAAAICTAEAOw==\" data-orig-src=\"https:\/\/lh3.googleusercontent.com\/-F7sbBWSlMIQ\/UuJbxTtbSuI\/AAAAAAAAHaw\/ClhCshPOt7U\/w257-h506-no\/kryepiskopi+dhe+stefani.jpg\" \/><\/span><\/span><\/p>\n<p style=\"text-align: justify;\"><span style=\"font-family: tahoma,geneva,sans-serif;\"><span style=\"font-size: 12px;\"><img decoding=\"async\" class=\"lazyload HAa Eha\" style=\"margin: 10px; border-width: 1px; border-style: solid;\" alt=\"\" src=\"data:image\/gif;base64,R0lGODlhAQABAAAAACH5BAEKAAEALAAAAAABAAEAAAICTAEAOw==\" data-orig-src=\"https:\/\/lh5.googleusercontent.com\/-8UvhTdiSUzs\/UuIfPIBdHpI\/AAAAAAAAHZw\/3hHOX5_1RNY\/w358-h505-no\/foto+22+janari+6.jpg\" \/><\/span><\/span><\/p>\n<p style=\"text-align: justify;\"><span style=\"font-family: tahoma,geneva,sans-serif;\"><span style=\"font-size: 12px;\"><img decoding=\"async\" class=\"lazyload HAa Eha\" style=\"height: 400px; width: 600px; margin: 10px; border-width: 1px; border-style: solid;\" alt=\"\" src=\"data:image\/gif;base64,R0lGODlhAQABAAAAACH5BAEKAAEALAAAAAABAAEAAAICTAEAOw==\" data-orig-src=\"https:\/\/lh4.googleusercontent.com\/-OOtSxXpyNxc\/UuIfPCpXKKI\/AAAAAAAAHZ8\/Rbw11hTWYEk\/w702-h468-no\/foto+22+janari+7.jpg\" \/><\/span><\/span><\/p>\n<p style=\"text-align: justify;\"><span style=\"font-family: tahoma,geneva,sans-serif;\"><span style=\"font-size: 12px;\"><img decoding=\"async\" class=\"lazyload HAa Eha\" style=\"height: 385px; width: 600px; margin: 10px; border-width: 1px; border-style: solid;\" alt=\"\" src=\"data:image\/gif;base64,R0lGODlhAQABAAAAACH5BAEKAAEALAAAAAABAAEAAAICTAEAOw==\" data-orig-src=\"https:\/\/lh6.googleusercontent.com\/-cKxCWzcdkq4\/UuIfPhWhHuI\/AAAAAAAAHaA\/MR3z60UOT1E\/w702-h451-no\/foto+22+janari+8.jpg\" \/><\/span><\/span><\/p>\n<p style=\"text-align: justify;\"><span style=\"font-family: tahoma,geneva,sans-serif;\"><span style=\"font-size: 12px;\"><img decoding=\"async\" class=\"lazyload HAa Eha\" style=\"height: 469px; width: 600px; margin: 10px; border-width: 1px; border-style: solid;\" alt=\"\" src=\"data:image\/gif;base64,R0lGODlhAQABAAAAACH5BAEKAAEALAAAAAABAAEAAAICTAEAOw==\" data-orig-src=\"https:\/\/lh5.googleusercontent.com\/-Myb0bz_rbyg\/UuIfQMX8tVI\/AAAAAAAAHaE\/YwEYGCi9xiA\/w648-h506-no\/foto+familja.jpg\" \/><\/span><\/span><\/p>\n","protected":false},"excerpt":{"rendered":"<p>&nbsp; &nbsp;&nbsp;&nbsp; N\u00eb kish\u00ebn &#8220;Ungjill\u00ebzimi i Hyjlind\u00ebses&#8221; n\u00eb Tiran\u00eb, dt. 22.1.2014, n\u00ebn pranin\u00eb e Sinodit t\u00eb Shenjt\u00eb t\u00eb Kish\u00ebs Orthodhokse Autoqefale t\u00eb Shqip\u00ebris\u00eb, u kremtua n\u00eb m\u00ebnyr\u00eb panegjirike festa e Sh\u00ebn Anastas Persianit, em\u00ebr t\u00eb cilin mban dhe Kryepiskopi yn\u00eb Anastas. &nbsp;&nbsp;&nbsp; N\u00eb k\u00ebt\u00eb dit\u00eb t\u00eb sh\u00ebnuar, g\u00ebzimi ishte i trefisht\u00eb. U dor\u00ebzua n\u00eb grad\u00ebn e dhjakonit Stephan Ritsi, misionar nga SHBA, i ardhur rishtas<\/p>\n","protected":false},"author":1,"featured_media":522,"comment_status":"open","ping_status":"open","sticky":false,"template":"","format":"standard","meta":{"_acf_changed":false,"pagelayer_contact_templates":[],"_pagelayer_content":"","inline_featured_image":false,"fifu_image_url":"","fifu_image_alt":"","footnotes":""},"categories":[108],"tags":[140,157,196,201,212],"class_list":["post-521","post","type-post","status-publish","format-standard","has-post-thumbnail","hentry","category-lajme","tag-140","tag-kremtime","tag-tirane","tag-kryepiskopi-anastas","tag-lajme-d27"],"acf":[],"yoast_head":"<!-- This site is optimized with the Yoast SEO plugin v27.2 - https:\/\/yoast.com\/product\/yoast-seo-wordpress\/ -->\n<title>Festim i trefisht n\u00eb dit\u00ebn e emrit t\u00eb Kryepiskopit Anastas. (22 Janar 2014) - Kisha Orthodh\u03bfkse Autoqefale e Shqip\u00ebris\u00eb<\/title>\n<meta name=\"robots\" content=\"index, follow, max-snippet:-1, max-image-preview:large, max-video-preview:-1\" \/>\n<link rel=\"canonical\" href=\"https:\/\/orthodoxalbania.org\/2020\/2014\/01\/24\/festim-i-trefisht-ne-diten-e-emrit-te-kryepiskopit-anastas\/\" \/>\n<meta property=\"og:locale\" content=\"en_US\" \/>\n<meta property=\"og:type\" content=\"article\" \/>\n<meta property=\"og:title\" content=\"Festim i trefisht n\u00eb dit\u00ebn e emrit t\u00eb Kryepiskopit Anastas. (22 Janar 2014) - Kisha Orthodh\u03bfkse Autoqefale e Shqip\u00ebris\u00eb\" \/>\n<meta property=\"og:description\" content=\"&nbsp; &nbsp;&nbsp;&nbsp; N\u00eb kish\u00ebn &#8220;Ungjill\u00ebzimi i Hyjlind\u00ebses&#8221; n\u00eb Tiran\u00eb, dt. 22.1.2014, n\u00ebn pranin\u00eb e Sinodit t\u00eb Shenjt\u00eb t\u00eb Kish\u00ebs Orthodhokse Autoqefale t\u00eb Shqip\u00ebris\u00eb, u kremtua n\u00eb m\u00ebnyr\u00eb panegjirike festa e Sh\u00ebn Anastas Persianit, em\u00ebr t\u00eb cilin mban dhe Kryepiskopi yn\u00eb Anastas. &nbsp;&nbsp;&nbsp; N\u00eb k\u00ebt\u00eb dit\u00eb t\u00eb sh\u00ebnuar, g\u00ebzimi ishte i trefisht\u00eb. U dor\u00ebzua n\u00eb grad\u00ebn e dhjakonit Stephan Ritsi, misionar nga SHBA, i ardhur rishtas\" \/>\n<meta property=\"og:url\" content=\"https:\/\/orthodoxalbania.org\/2020\/2014\/01\/24\/festim-i-trefisht-ne-diten-e-emrit-te-kryepiskopit-anastas\/\" \/>\n<meta property=\"og:site_name\" content=\"Kisha Orthodh\u03bfkse Autoqefale e Shqip\u00ebris\u00eb\" \/>\n<meta property=\"article:publisher\" content=\"https:\/\/www.facebook.com\/koash1991\" \/>\n<meta property=\"article:published_time\" content=\"2014-01-24T08:16:15+00:00\" \/>\n<meta property=\"article:modified_time\" content=\"2020-04-06T20:05:22+00:00\" \/>\n<meta property=\"og:image\" content=\"https:\/\/orthodoxalbania.org\/2020\/wp-content\/uploads\/2020\/04\/foto-22-janari-7.jpg\" \/>\n\t<meta property=\"og:image:width\" content=\"702\" \/>\n\t<meta property=\"og:image:height\" content=\"468\" \/>\n\t<meta property=\"og:image:type\" content=\"image\/jpeg\" \/>\n<meta name=\"author\" content=\"Kisha Orthodhokse\" \/>\n<meta name=\"twitter:card\" content=\"summary_large_image\" \/>\n<meta name=\"twitter:label1\" content=\"Written by\" \/>\n\t<meta name=\"twitter:data1\" content=\"Kisha Orthodhokse\" \/>\n\t<meta name=\"twitter:label2\" content=\"Est. reading time\" \/>\n\t<meta name=\"twitter:data2\" content=\"1 minute\" \/>\n<script type=\"application\/ld+json\" class=\"yoast-schema-graph\">{\"@context\":\"https:\/\/schema.org\",\"@graph\":[{\"@type\":\"Article\",\"@id\":\"https:\/\/orthodoxalbania.org\/2020\/2014\/01\/24\/festim-i-trefisht-ne-diten-e-emrit-te-kryepiskopit-anastas\/#article\",\"isPartOf\":{\"@id\":\"https:\/\/orthodoxalbania.org\/2020\/2014\/01\/24\/festim-i-trefisht-ne-diten-e-emrit-te-kryepiskopit-anastas\/\"},\"author\":{\"name\":\"Kisha Orthodhokse\",\"@id\":\"https:\/\/orthodoxalbania.org\/2020\/#\/schema\/person\/0c387634a7063ac612d7ed9ce71c7e86\"},\"headline\":\"Festim i trefisht n\u00eb dit\u00ebn e emrit t\u00eb Kryepiskopit Anastas. (22 Janar 2014)\",\"datePublished\":\"2014-01-24T08:16:15+00:00\",\"dateModified\":\"2020-04-06T20:05:22+00:00\",\"mainEntityOfPage\":{\"@id\":\"https:\/\/orthodoxalbania.org\/2020\/2014\/01\/24\/festim-i-trefisht-ne-diten-e-emrit-te-kryepiskopit-anastas\/\"},\"wordCount\":172,\"commentCount\":0,\"publisher\":{\"@id\":\"https:\/\/orthodoxalbania.org\/2020\/#organization\"},\"image\":{\"@id\":\"https:\/\/orthodoxalbania.org\/2020\/2014\/01\/24\/festim-i-trefisht-ne-diten-e-emrit-te-kryepiskopit-anastas\/#primaryimage\"},\"thumbnailUrl\":\"https:\/\/orthodoxalbania.org\/2020\/wp-content\/uploads\/2020\/04\/foto-22-janari-7.jpg\",\"keywords\":[\"2014\",\"Kremtime\",\"Kryepiskopata Tiran\u00eb\",\"Kryepiskopi Anastas\",\"lajme\"],\"articleSection\":[\"Lajme\"],\"inLanguage\":\"en-US\"},{\"@type\":\"WebPage\",\"@id\":\"https:\/\/orthodoxalbania.org\/2020\/2014\/01\/24\/festim-i-trefisht-ne-diten-e-emrit-te-kryepiskopit-anastas\/\",\"url\":\"https:\/\/orthodoxalbania.org\/2020\/2014\/01\/24\/festim-i-trefisht-ne-diten-e-emrit-te-kryepiskopit-anastas\/\",\"name\":\"Festim i trefisht n\u00eb dit\u00ebn e emrit t\u00eb Kryepiskopit Anastas. (22 Janar 2014) - Kisha Orthodh\u03bfkse Autoqefale e Shqip\u00ebris\u00eb\",\"isPartOf\":{\"@id\":\"https:\/\/orthodoxalbania.org\/2020\/#website\"},\"primaryImageOfPage\":{\"@id\":\"https:\/\/orthodoxalbania.org\/2020\/2014\/01\/24\/festim-i-trefisht-ne-diten-e-emrit-te-kryepiskopit-anastas\/#primaryimage\"},\"image\":{\"@id\":\"https:\/\/orthodoxalbania.org\/2020\/2014\/01\/24\/festim-i-trefisht-ne-diten-e-emrit-te-kryepiskopit-anastas\/#primaryimage\"},\"thumbnailUrl\":\"https:\/\/orthodoxalbania.org\/2020\/wp-content\/uploads\/2020\/04\/foto-22-janari-7.jpg\",\"datePublished\":\"2014-01-24T08:16:15+00:00\",\"dateModified\":\"2020-04-06T20:05:22+00:00\",\"breadcrumb\":{\"@id\":\"https:\/\/orthodoxalbania.org\/2020\/2014\/01\/24\/festim-i-trefisht-ne-diten-e-emrit-te-kryepiskopit-anastas\/#breadcrumb\"},\"inLanguage\":\"en-US\",\"potentialAction\":[{\"@type\":\"ReadAction\",\"target\":[\"https:\/\/orthodoxalbania.org\/2020\/2014\/01\/24\/festim-i-trefisht-ne-diten-e-emrit-te-kryepiskopit-anastas\/\"]}]},{\"@type\":\"ImageObject\",\"inLanguage\":\"en-US\",\"@id\":\"https:\/\/orthodoxalbania.org\/2020\/2014\/01\/24\/festim-i-trefisht-ne-diten-e-emrit-te-kryepiskopit-anastas\/#primaryimage\",\"url\":\"https:\/\/orthodoxalbania.org\/2020\/wp-content\/uploads\/2020\/04\/foto-22-janari-7.jpg\",\"contentUrl\":\"https:\/\/orthodoxalbania.org\/2020\/wp-content\/uploads\/2020\/04\/foto-22-janari-7.jpg\",\"width\":702,\"height\":468},{\"@type\":\"BreadcrumbList\",\"@id\":\"https:\/\/orthodoxalbania.org\/2020\/2014\/01\/24\/festim-i-trefisht-ne-diten-e-emrit-te-kryepiskopit-anastas\/#breadcrumb\",\"itemListElement\":[{\"@type\":\"ListItem\",\"position\":1,\"name\":\"Home\",\"item\":\"https:\/\/orthodoxalbania.org\/2020\/\"},{\"@type\":\"ListItem\",\"position\":2,\"name\":\"Festim i trefisht n\u00eb dit\u00ebn e emrit t\u00eb Kryepiskopit Anastas. (22 Janar 2014)\"}]},{\"@type\":\"WebSite\",\"@id\":\"https:\/\/orthodoxalbania.org\/2020\/#website\",\"url\":\"https:\/\/orthodoxalbania.org\/2020\/\",\"name\":\"Kisha Orthodh\u03bfkse Autoqefale e Shqip\u00ebris\u00eb\",\"description\":\"Fqja Zyrtare e Kish\u00ebs Orthodhokse Autoqefale e Shqip\u00ebris\u00eb me lajmet edhe informacionet zyrtare p\u00ebr struktur\u00ebn edhe veprimtarin e saj.\",\"publisher\":{\"@id\":\"https:\/\/orthodoxalbania.org\/2020\/#organization\"},\"potentialAction\":[{\"@type\":\"SearchAction\",\"target\":{\"@type\":\"EntryPoint\",\"urlTemplate\":\"https:\/\/orthodoxalbania.org\/2020\/?s={search_term_string}\"},\"query-input\":{\"@type\":\"PropertyValueSpecification\",\"valueRequired\":true,\"valueName\":\"search_term_string\"}}],\"inLanguage\":\"en-US\"},{\"@type\":\"Organization\",\"@id\":\"https:\/\/orthodoxalbania.org\/2020\/#organization\",\"name\":\"Kisha Orthodhokse Autoqefale e Shqip\u00ebris\u00eb\",\"url\":\"https:\/\/orthodoxalbania.org\/2020\/\",\"logo\":{\"@type\":\"ImageObject\",\"inLanguage\":\"en-US\",\"@id\":\"https:\/\/orthodoxalbania.org\/2020\/#\/schema\/logo\/image\/\",\"url\":\"https:\/\/orthodoxalbania.org\/2020\/wp-content\/uploads\/2020\/05\/albania.jpeg\",\"contentUrl\":\"https:\/\/orthodoxalbania.org\/2020\/wp-content\/uploads\/2020\/05\/albania.jpeg\",\"width\":540,\"height\":540,\"caption\":\"Kisha Orthodhokse Autoqefale e Shqip\u00ebris\u00eb\"},\"image\":{\"@id\":\"https:\/\/orthodoxalbania.org\/2020\/#\/schema\/logo\/image\/\"},\"sameAs\":[\"https:\/\/www.facebook.com\/koash1991\"]},{\"@type\":\"Person\",\"@id\":\"https:\/\/orthodoxalbania.org\/2020\/#\/schema\/person\/0c387634a7063ac612d7ed9ce71c7e86\",\"name\":\"Kisha Orthodhokse\",\"image\":{\"@type\":\"ImageObject\",\"inLanguage\":\"en-US\",\"@id\":\"https:\/\/secure.gravatar.com\/avatar\/596e7c417251e30f2fbb9c00e026fce61a695a00e51c889caded71c96cbbdde5?s=96&d=mm&r=g\",\"url\":\"https:\/\/secure.gravatar.com\/avatar\/596e7c417251e30f2fbb9c00e026fce61a695a00e51c889caded71c96cbbdde5?s=96&d=mm&r=g\",\"contentUrl\":\"https:\/\/secure.gravatar.com\/avatar\/596e7c417251e30f2fbb9c00e026fce61a695a00e51c889caded71c96cbbdde5?s=96&d=mm&r=g\",\"caption\":\"Kisha Orthodhokse\"}}]}<\/script>\n<!-- \/ Yoast SEO plugin. -->","yoast_head_json":{"title":"Festim i trefisht n\u00eb dit\u00ebn e emrit t\u00eb Kryepiskopit Anastas. (22 Janar 2014) - Kisha Orthodh\u03bfkse Autoqefale e Shqip\u00ebris\u00eb","robots":{"index":"index","follow":"follow","max-snippet":"max-snippet:-1","max-image-preview":"max-image-preview:large","max-video-preview":"max-video-preview:-1"},"canonical":"https:\/\/orthodoxalbania.org\/2020\/2014\/01\/24\/festim-i-trefisht-ne-diten-e-emrit-te-kryepiskopit-anastas\/","og_locale":"en_US","og_type":"article","og_title":"Festim i trefisht n\u00eb dit\u00ebn e emrit t\u00eb Kryepiskopit Anastas. (22 Janar 2014) - Kisha Orthodh\u03bfkse Autoqefale e Shqip\u00ebris\u00eb","og_description":"&nbsp; &nbsp;&nbsp;&nbsp; N\u00eb kish\u00ebn &#8220;Ungjill\u00ebzimi i Hyjlind\u00ebses&#8221; n\u00eb Tiran\u00eb, dt. 22.1.2014, n\u00ebn pranin\u00eb e Sinodit t\u00eb Shenjt\u00eb t\u00eb Kish\u00ebs Orthodhokse Autoqefale t\u00eb Shqip\u00ebris\u00eb, u kremtua n\u00eb m\u00ebnyr\u00eb panegjirike festa e Sh\u00ebn Anastas Persianit, em\u00ebr t\u00eb cilin mban dhe Kryepiskopi yn\u00eb Anastas. &nbsp;&nbsp;&nbsp; N\u00eb k\u00ebt\u00eb dit\u00eb t\u00eb sh\u00ebnuar, g\u00ebzimi ishte i trefisht\u00eb. U dor\u00ebzua n\u00eb grad\u00ebn e dhjakonit Stephan Ritsi, misionar nga SHBA, i ardhur rishtas","og_url":"https:\/\/orthodoxalbania.org\/2020\/2014\/01\/24\/festim-i-trefisht-ne-diten-e-emrit-te-kryepiskopit-anastas\/","og_site_name":"Kisha Orthodh\u03bfkse Autoqefale e Shqip\u00ebris\u00eb","article_publisher":"https:\/\/www.facebook.com\/koash1991","article_published_time":"2014-01-24T08:16:15+00:00","article_modified_time":"2020-04-06T20:05:22+00:00","og_image":[{"width":702,"height":468,"url":"https:\/\/orthodoxalbania.org\/2020\/wp-content\/uploads\/2020\/04\/foto-22-janari-7.jpg","type":"image\/jpeg"}],"author":"Kisha Orthodhokse","twitter_card":"summary_large_image","twitter_misc":{"Written by":"Kisha Orthodhokse","Est. reading time":"1 minute"},"schema":{"@context":"https:\/\/schema.org","@graph":[{"@type":"Article","@id":"https:\/\/orthodoxalbania.org\/2020\/2014\/01\/24\/festim-i-trefisht-ne-diten-e-emrit-te-kryepiskopit-anastas\/#article","isPartOf":{"@id":"https:\/\/orthodoxalbania.org\/2020\/2014\/01\/24\/festim-i-trefisht-ne-diten-e-emrit-te-kryepiskopit-anastas\/"},"author":{"name":"Kisha Orthodhokse","@id":"https:\/\/orthodoxalbania.org\/2020\/#\/schema\/person\/0c387634a7063ac612d7ed9ce71c7e86"},"headline":"Festim i trefisht n\u00eb dit\u00ebn e emrit t\u00eb Kryepiskopit Anastas. (22 Janar 2014)","datePublished":"2014-01-24T08:16:15+00:00","dateModified":"2020-04-06T20:05:22+00:00","mainEntityOfPage":{"@id":"https:\/\/orthodoxalbania.org\/2020\/2014\/01\/24\/festim-i-trefisht-ne-diten-e-emrit-te-kryepiskopit-anastas\/"},"wordCount":172,"commentCount":0,"publisher":{"@id":"https:\/\/orthodoxalbania.org\/2020\/#organization"},"image":{"@id":"https:\/\/orthodoxalbania.org\/2020\/2014\/01\/24\/festim-i-trefisht-ne-diten-e-emrit-te-kryepiskopit-anastas\/#primaryimage"},"thumbnailUrl":"https:\/\/orthodoxalbania.org\/2020\/wp-content\/uploads\/2020\/04\/foto-22-janari-7.jpg","keywords":["2014","Kremtime","Kryepiskopata Tiran\u00eb","Kryepiskopi Anastas","lajme"],"articleSection":["Lajme"],"inLanguage":"en-US"},{"@type":"WebPage","@id":"https:\/\/orthodoxalbania.org\/2020\/2014\/01\/24\/festim-i-trefisht-ne-diten-e-emrit-te-kryepiskopit-anastas\/","url":"https:\/\/orthodoxalbania.org\/2020\/2014\/01\/24\/festim-i-trefisht-ne-diten-e-emrit-te-kryepiskopit-anastas\/","name":"Festim i trefisht n\u00eb dit\u00ebn e emrit t\u00eb Kryepiskopit Anastas. (22 Janar 2014) - Kisha Orthodh\u03bfkse Autoqefale e Shqip\u00ebris\u00eb","isPartOf":{"@id":"https:\/\/orthodoxalbania.org\/2020\/#website"},"primaryImageOfPage":{"@id":"https:\/\/orthodoxalbania.org\/2020\/2014\/01\/24\/festim-i-trefisht-ne-diten-e-emrit-te-kryepiskopit-anastas\/#primaryimage"},"image":{"@id":"https:\/\/orthodoxalbania.org\/2020\/2014\/01\/24\/festim-i-trefisht-ne-diten-e-emrit-te-kryepiskopit-anastas\/#primaryimage"},"thumbnailUrl":"https:\/\/orthodoxalbania.org\/2020\/wp-content\/uploads\/2020\/04\/foto-22-janari-7.jpg","datePublished":"2014-01-24T08:16:15+00:00","dateModified":"2020-04-06T20:05:22+00:00","breadcrumb":{"@id":"https:\/\/orthodoxalbania.org\/2020\/2014\/01\/24\/festim-i-trefisht-ne-diten-e-emrit-te-kryepiskopit-anastas\/#breadcrumb"},"inLanguage":"en-US","potentialAction":[{"@type":"ReadAction","target":["https:\/\/orthodoxalbania.org\/2020\/2014\/01\/24\/festim-i-trefisht-ne-diten-e-emrit-te-kryepiskopit-anastas\/"]}]},{"@type":"ImageObject","inLanguage":"en-US","@id":"https:\/\/orthodoxalbania.org\/2020\/2014\/01\/24\/festim-i-trefisht-ne-diten-e-emrit-te-kryepiskopit-anastas\/#primaryimage","url":"https:\/\/orthodoxalbania.org\/2020\/wp-content\/uploads\/2020\/04\/foto-22-janari-7.jpg","contentUrl":"https:\/\/orthodoxalbania.org\/2020\/wp-content\/uploads\/2020\/04\/foto-22-janari-7.jpg","width":702,"height":468},{"@type":"BreadcrumbList","@id":"https:\/\/orthodoxalbania.org\/2020\/2014\/01\/24\/festim-i-trefisht-ne-diten-e-emrit-te-kryepiskopit-anastas\/#breadcrumb","itemListElement":[{"@type":"ListItem","position":1,"name":"Home","item":"https:\/\/orthodoxalbania.org\/2020\/"},{"@type":"ListItem","position":2,"name":"Festim i trefisht n\u00eb dit\u00ebn e emrit t\u00eb Kryepiskopit Anastas. (22 Janar 2014)"}]},{"@type":"WebSite","@id":"https:\/\/orthodoxalbania.org\/2020\/#website","url":"https:\/\/orthodoxalbania.org\/2020\/","name":"Kisha Orthodh\u03bfkse Autoqefale e Shqip\u00ebris\u00eb","description":"Fqja Zyrtare e Kish\u00ebs Orthodhokse Autoqefale e Shqip\u00ebris\u00eb me lajmet edhe informacionet zyrtare p\u00ebr struktur\u00ebn edhe veprimtarin e saj.","publisher":{"@id":"https:\/\/orthodoxalbania.org\/2020\/#organization"},"potentialAction":[{"@type":"SearchAction","target":{"@type":"EntryPoint","urlTemplate":"https:\/\/orthodoxalbania.org\/2020\/?s={search_term_string}"},"query-input":{"@type":"PropertyValueSpecification","valueRequired":true,"valueName":"search_term_string"}}],"inLanguage":"en-US"},{"@type":"Organization","@id":"https:\/\/orthodoxalbania.org\/2020\/#organization","name":"Kisha Orthodhokse Autoqefale e Shqip\u00ebris\u00eb","url":"https:\/\/orthodoxalbania.org\/2020\/","logo":{"@type":"ImageObject","inLanguage":"en-US","@id":"https:\/\/orthodoxalbania.org\/2020\/#\/schema\/logo\/image\/","url":"https:\/\/orthodoxalbania.org\/2020\/wp-content\/uploads\/2020\/05\/albania.jpeg","contentUrl":"https:\/\/orthodoxalbania.org\/2020\/wp-content\/uploads\/2020\/05\/albania.jpeg","width":540,"height":540,"caption":"Kisha Orthodhokse Autoqefale e Shqip\u00ebris\u00eb"},"image":{"@id":"https:\/\/orthodoxalbania.org\/2020\/#\/schema\/logo\/image\/"},"sameAs":["https:\/\/www.facebook.com\/koash1991"]},{"@type":"Person","@id":"https:\/\/orthodoxalbania.org\/2020\/#\/schema\/person\/0c387634a7063ac612d7ed9ce71c7e86","name":"Kisha Orthodhokse","image":{"@type":"ImageObject","inLanguage":"en-US","@id":"https:\/\/secure.gravatar.com\/avatar\/596e7c417251e30f2fbb9c00e026fce61a695a00e51c889caded71c96cbbdde5?s=96&d=mm&r=g","url":"https:\/\/secure.gravatar.com\/avatar\/596e7c417251e30f2fbb9c00e026fce61a695a00e51c889caded71c96cbbdde5?s=96&d=mm&r=g","contentUrl":"https:\/\/secure.gravatar.com\/avatar\/596e7c417251e30f2fbb9c00e026fce61a695a00e51c889caded71c96cbbdde5?s=96&d=mm&r=g","caption":"Kisha Orthodhokse"}}]}},"_links":{"self":[{"href":"https:\/\/orthodoxalbania.org\/2020\/wp-json\/wp\/v2\/posts\/521","targetHints":{"allow":["GET"]}}],"collection":[{"href":"https:\/\/orthodoxalbania.org\/2020\/wp-json\/wp\/v2\/posts"}],"about":[{"href":"https:\/\/orthodoxalbania.org\/2020\/wp-json\/wp\/v2\/types\/post"}],"author":[{"embeddable":true,"href":"https:\/\/orthodoxalbania.org\/2020\/wp-json\/wp\/v2\/users\/1"}],"replies":[{"embeddable":true,"href":"https:\/\/orthodoxalbania.org\/2020\/wp-json\/wp\/v2\/comments?post=521"}],"version-history":[{"count":1,"href":"https:\/\/orthodoxalbania.org\/2020\/wp-json\/wp\/v2\/posts\/521\/revisions"}],"predecessor-version":[{"id":15128,"href":"https:\/\/orthodoxalbania.org\/2020\/wp-json\/wp\/v2\/posts\/521\/revisions\/15128"}],"wp:featuredmedia":[{"embeddable":true,"href":"https:\/\/orthodoxalbania.org\/2020\/wp-json\/wp\/v2\/media\/522"}],"wp:attachment":[{"href":"https:\/\/orthodoxalbania.org\/2020\/wp-json\/wp\/v2\/media?parent=521"}],"wp:term":[{"taxonomy":"category","embeddable":true,"href":"https:\/\/orthodoxalbania.org\/2020\/wp-json\/wp\/v2\/categories?post=521"},{"taxonomy":"post_tag","embeddable":true,"href":"https:\/\/orthodoxalbania.org\/2020\/wp-json\/wp\/v2\/tags?post=521"}],"curies":[{"name":"wp","href":"https:\/\/api.w.org\/{rel}","templated":true}]}}