{"id":518,"date":"2013-03-21T10:19:23","date_gmt":"2013-03-21T10:19:23","guid":{"rendered":""},"modified":"2020-04-06T22:31:56","modified_gmt":"2020-04-06T20:31:56","slug":"festa-e-krishtlindjeve-ndihet-kudo-vecanerisht-ne-zemrat-e-femijeve-te-shkolles-protagonistet","status":"publish","type":"post","link":"https:\/\/orthodoxalbania.org\/2020\/2013\/03\/21\/festa-e-krishtlindjeve-ndihet-kudo-vecanerisht-ne-zemrat-e-femijeve-te-shkolles-protagonistet\/","title":{"rendered":"Festa e Krishtlindjeve ndihet kudo, ve\u00e7an\u00ebrisht n\u00eb zemrat e f\u00ebmij\u00ebve t\u00eb shkoll\u00ebs \u201cProtagonist\u00ebt\u201d. (21 Dhjetor 2011)"},"content":{"rendered":"<div style=\"text-align: justify;\"><span style=\"color: #000000; font-family: helvetica;\"><span style=\"font-size: 12px;\"><img decoding=\"async\" class=\"lazyload HAa Eha\" style=\"border-width: 1px; border-style: solid; margin: 10px; float: left;\" alt=\"\" src=\"data:image\/svg+xml,%3Csvg%20xmlns%3D%27http%3A%2F%2Fwww.w3.org%2F2000%2Fsvg%27%20width%3D%27253%27%20height%3D%27191%27%20viewBox%3D%270%200%20253%20191%27%3E%3Crect%20width%3D%27253%27%20height%3D%27191%27%20fill-opacity%3D%220%22%2F%3E%3C%2Fsvg%3E\" data-orig-src=\"https:\/\/lh6.googleusercontent.com\/-K_d_P9vr6ow\/VARNctTGl-I\/AAAAAAAACoY\/wZ87cdon5dk\/w448-h336-no\/14%2Bshtator%2B2007%2B256.jpg\" height=\"191\" width=\"253\" \/><span style=\"font-size: 12pt;\">&nbsp; <span class=\"style10\">\u201cEngj\u00ebjt e vegj\u00ebl\u201d t\u00eb shkoll\u00ebs shqiptaro-amerikane \u201cProtagonist\u00ebt\u201d, n\u00eb Tiran\u00eb, e prit\u00ebn fest\u00ebn e Krishtlindjeve me nj\u00eb program t\u00eb ve\u00e7ant\u00eb pasditen e 21 dhjetorit. Mes shum\u00eb t\u00eb ftuarve: klerik\u00eb, prind\u00ebr, t\u00eb rinj etj., n\u00eb ambientet e shkoll\u00ebs, pik\u00ebrisht n\u00eb katin e par\u00eb ku organizohen veprimtarit\u00eb kulturore, koncerti i p\u00ebrvitsh\u00ebm i nx\u00ebn\u00ebsve t\u00eb k\u00ebsaj shkolle dhuroi emocione t\u00eb ve\u00e7anta. \u201cG\u00ebzuar Krishtlindjet\u201d, ishte ky urimi q\u00eb lexohej n\u00eb qend\u00ebr t\u00eb sken\u00ebs festive, e shoq\u00ebruar me dritat e bukura. Programi nisi me p\u00ebrcjelljen e mesazheve nga ana e f\u00ebmij\u00ebve si p\u00ebr t\u2019i lajm\u00ebruar njer\u00ebzit se po afrojn\u00eb Krishtlindjet dhe duhet t\u00eb b\u00ebhen gati, duke i shtuar k\u00ebshtu edhe m\u00eb shum\u00eb g\u00ebzimin k\u00ebsaj feste.<\/span><\/span><\/span><\/span><\/div>\n<div style=\"text-align: justify;\"><span style=\"color: #000000; font-family: helvetica; font-size: 12pt;\"> <span class=\"style10\">&nbsp;&nbsp;&nbsp; N\u00eb vazhdim, nx\u00ebn\u00ebsit e k\u00ebsaj shkolle k\u00ebnduan k\u00ebng\u00eb, recituan poezi, luajt\u00ebn n\u00eb piano, duke treguar se \u00e7far\u00eb kishin m\u00ebsuar gjat\u00eb gjith\u00eb vitit n\u00eb gjuh\u00ebn shqip, anglisht dhe greqisht dhe duke shprehur nj\u00ebkoh\u00ebsisht edhe talentet e tyre n\u00eb fusha t\u00eb ndryshme. Ata mor\u00ebn shum\u00eb p\u00ebrg\u00ebzime dhe duartrokitje, duke u p\u00ebrcjell\u00eb me dashamir\u00ebsi nga t\u00eb gjith\u00eb t\u00eb pranishmit p\u00ebr kuraj\u00ebn, shpres\u00ebtarin\u00eb dhe dashurin\u00eb q\u00eb shprehnin p\u00ebr Krishtin foshnje, n\u00eb \u00e7do pjes\u00eb interpretimi.<\/span><\/span><\/div>\n<div style=\"text-align: justify;\"><span style=\"font-family: helvetica; font-size: 12pt;\"><\/span><\/div>\n<div class=\"style10\" style=\"text-align: right;\"><span style=\"color: #000000; font-family: helvetica; font-size: 12pt;\"><strong>Isidor Koti<\/strong><\/span><\/div>\n<div class=\"style10\" style=\"text-align: right;\"><span style=\"font-family: helvetica; font-size: 12pt;\"><\/span><\/div>\n<div class=\"style10\" style=\"text-align: right;\"><span style=\"font-family: helvetica; font-size: 12pt;\"><\/span><\/div>\n<p><span style=\"font-family: helvetica; font-size: 12pt;\"><img decoding=\"async\" class=\"lazyload HAa Eha\" style=\"height: 263px; width: 350px; border-width: 1px; border-style: solid; margin: 10px;\" alt=\"\" src=\"data:image\/gif;base64,R0lGODlhAQABAAAAACH5BAEKAAEALAAAAAABAAEAAAICTAEAOw==\" data-orig-src=\"https:\/\/lh5.googleusercontent.com\/-sZWBRYHDAPU\/VK-Ga-CfHeI\/AAAAAAAAKks\/_94_ojRMCj4\/w448-h336-no\/14%2Bshtator%2B2007%2B264.jpg\" \/><img decoding=\"async\" class=\"lazyload HAa Eha\" style=\"height: 263px; width: 350px; border-width: 1px; border-style: solid; margin: 10px;\" alt=\"\" src=\"data:image\/gif;base64,R0lGODlhAQABAAAAACH5BAEKAAEALAAAAAABAAEAAAICTAEAOw==\" data-orig-src=\"https:\/\/lh4.googleusercontent.com\/-hdBIf4FdnWA\/VK-GagankgI\/AAAAAAAAKkw\/ZF2068KIRwQ\/w448-h336-no\/14%2Bshtator%2B2007%2B265.jpg\" \/><img decoding=\"async\" class=\"lazyload HAa Eha\" style=\"height: 263px; width: 350px; border-width: 1px; border-style: solid; margin: 10px;\" alt=\"\" src=\"data:image\/gif;base64,R0lGODlhAQABAAAAACH5BAEKAAEALAAAAAABAAEAAAICTAEAOw==\" data-orig-src=\"https:\/\/lh3.googleusercontent.com\/-yjpBvrmZnDQ\/VK-GbYrJfNI\/AAAAAAAAKkk\/1f3lbmY8Y_M\/w448-h336-no\/14%2Bshtator%2B2007%2B272.jpg\" \/><img decoding=\"async\" class=\"lazyload HAa Eha\" style=\"height: 263px; width: 350px; border-width: 1px; border-style: solid; margin: 10px;\" alt=\"\" src=\"data:image\/gif;base64,R0lGODlhAQABAAAAACH5BAEKAAEALAAAAAABAAEAAAICTAEAOw==\" data-orig-src=\"https:\/\/lh3.googleusercontent.com\/-mxsKawFe7DE\/VK-GblYoWDI\/AAAAAAAAKko\/i7abURkx8aM\/w448-h336-no\/14%2Bshtator%2B2007%2B275.jpg\" \/><img decoding=\"async\" class=\"lazyload HAa Eha\" style=\"height: 467px; width: 350px; border-width: 1px; border-style: solid; margin: 10px;\" alt=\"\" src=\"data:image\/gif;base64,R0lGODlhAQABAAAAACH5BAEKAAEALAAAAAABAAEAAAICTAEAOw==\" data-orig-src=\"https:\/\/lh3.googleusercontent.com\/-coNBrbzVKmo\/VK-GbcvbyFI\/AAAAAAAAKk4\/J_A3HPh_svg\/w336-h448-no\/14%2Bshtator%2B2007%2B270.jpg\" \/><\/span><\/p>\n<div class=\"style10\" style=\"text-align: right;\"><span style=\"font-family: helvetica; font-size: 12pt;\"><\/span><\/div>\n<div class=\"style10\" style=\"text-align: center;\"><span style=\"font-family: helvetica; font-size: 12pt;\"><\/span><\/div>\n","protected":false},"excerpt":{"rendered":"<p>&nbsp; \u201cEngj\u00ebjt e vegj\u00ebl\u201d t\u00eb shkoll\u00ebs shqiptaro-amerikane \u201cProtagonist\u00ebt\u201d, n\u00eb Tiran\u00eb, e prit\u00ebn fest\u00ebn e Krishtlindjeve me nj\u00eb program t\u00eb ve\u00e7ant\u00eb pasditen e 21 dhjetorit. Mes shum\u00eb t\u00eb ftuarve: klerik\u00eb, prind\u00ebr, t\u00eb rinj etj., n\u00eb ambientet e shkoll\u00ebs, pik\u00ebrisht n\u00eb katin e par\u00eb ku organizohen veprimtarit\u00eb kulturore, koncerti i p\u00ebrvitsh\u00ebm i nx\u00ebn\u00ebsve t\u00eb k\u00ebsaj shkolle dhuroi emocione t\u00eb ve\u00e7anta. \u201cG\u00ebzuar Krishtlindjet\u201d, ishte ky urimi q\u00eb lexohej<\/p>\n","protected":false},"author":1,"featured_media":0,"comment_status":"open","ping_status":"open","sticky":false,"template":"","format":"standard","meta":{"_acf_changed":false,"pagelayer_contact_templates":[],"_pagelayer_content":"","inline_featured_image":false,"fifu_image_url":"","fifu_image_alt":"","footnotes":""},"categories":[108],"tags":[143,192,196,212],"class_list":["post-518","post","type-post","status-publish","format-standard","hentry","category-lajme","tag-143","tag-krishtlindje","tag-tirane","tag-lajme-d27"],"acf":[],"yoast_head":"<!-- This site is optimized with the Yoast SEO plugin v27.2 - https:\/\/yoast.com\/product\/yoast-seo-wordpress\/ -->\n<title>Festa e Krishtlindjeve ndihet kudo, ve\u00e7an\u00ebrisht n\u00eb zemrat e f\u00ebmij\u00ebve t\u00eb shkoll\u00ebs \u201cProtagonist\u00ebt\u201d. (21 Dhjetor 2011) - Kisha Orthodh\u03bfkse Autoqefale e Shqip\u00ebris\u00eb<\/title>\n<meta name=\"robots\" content=\"index, follow, max-snippet:-1, max-image-preview:large, max-video-preview:-1\" \/>\n<link rel=\"canonical\" href=\"https:\/\/orthodoxalbania.org\/2020\/2013\/03\/21\/festa-e-krishtlindjeve-ndihet-kudo-vecanerisht-ne-zemrat-e-femijeve-te-shkolles-protagonistet\/\" \/>\n<meta property=\"og:locale\" content=\"en_US\" \/>\n<meta property=\"og:type\" content=\"article\" \/>\n<meta property=\"og:title\" content=\"Festa e Krishtlindjeve ndihet kudo, ve\u00e7an\u00ebrisht n\u00eb zemrat e f\u00ebmij\u00ebve t\u00eb shkoll\u00ebs \u201cProtagonist\u00ebt\u201d. (21 Dhjetor 2011) - Kisha Orthodh\u03bfkse Autoqefale e Shqip\u00ebris\u00eb\" \/>\n<meta property=\"og:description\" content=\"&nbsp; \u201cEngj\u00ebjt e vegj\u00ebl\u201d t\u00eb shkoll\u00ebs shqiptaro-amerikane \u201cProtagonist\u00ebt\u201d, n\u00eb Tiran\u00eb, e prit\u00ebn fest\u00ebn e Krishtlindjeve me nj\u00eb program t\u00eb ve\u00e7ant\u00eb pasditen e 21 dhjetorit. Mes shum\u00eb t\u00eb ftuarve: klerik\u00eb, prind\u00ebr, t\u00eb rinj etj., n\u00eb ambientet e shkoll\u00ebs, pik\u00ebrisht n\u00eb katin e par\u00eb ku organizohen veprimtarit\u00eb kulturore, koncerti i p\u00ebrvitsh\u00ebm i nx\u00ebn\u00ebsve t\u00eb k\u00ebsaj shkolle dhuroi emocione t\u00eb ve\u00e7anta. \u201cG\u00ebzuar Krishtlindjet\u201d, ishte ky urimi q\u00eb lexohej\" \/>\n<meta property=\"og:url\" content=\"https:\/\/orthodoxalbania.org\/2020\/2013\/03\/21\/festa-e-krishtlindjeve-ndihet-kudo-vecanerisht-ne-zemrat-e-femijeve-te-shkolles-protagonistet\/\" \/>\n<meta property=\"og:site_name\" content=\"Kisha Orthodh\u03bfkse Autoqefale e Shqip\u00ebris\u00eb\" \/>\n<meta property=\"article:publisher\" content=\"https:\/\/www.facebook.com\/koash1991\" \/>\n<meta property=\"article:published_time\" content=\"2013-03-21T10:19:23+00:00\" \/>\n<meta property=\"article:modified_time\" content=\"2020-04-06T20:31:56+00:00\" \/>\n<meta property=\"og:image\" content=\"https:\/\/lh6.googleusercontent.com\/-K_d_P9vr6ow\/VARNctTGl-I\/AAAAAAAACoY\/wZ87cdon5dk\/w448-h336-no\/14%2Bshtator%2B2007%2B256.jpg\" \/>\n<meta name=\"author\" content=\"Kisha Orthodhokse\" \/>\n<meta name=\"twitter:card\" content=\"summary_large_image\" \/>\n<meta name=\"twitter:label1\" content=\"Written by\" \/>\n\t<meta name=\"twitter:data1\" content=\"Kisha Orthodhokse\" \/>\n\t<meta name=\"twitter:label2\" content=\"Est. reading time\" \/>\n\t<meta name=\"twitter:data2\" content=\"1 minute\" \/>\n<script type=\"application\/ld+json\" class=\"yoast-schema-graph\">{\"@context\":\"https:\/\/schema.org\",\"@graph\":[{\"@type\":\"Article\",\"@id\":\"https:\/\/orthodoxalbania.org\/2020\/2013\/03\/21\/festa-e-krishtlindjeve-ndihet-kudo-vecanerisht-ne-zemrat-e-femijeve-te-shkolles-protagonistet\/#article\",\"isPartOf\":{\"@id\":\"https:\/\/orthodoxalbania.org\/2020\/2013\/03\/21\/festa-e-krishtlindjeve-ndihet-kudo-vecanerisht-ne-zemrat-e-femijeve-te-shkolles-protagonistet\/\"},\"author\":{\"name\":\"Kisha Orthodhokse\",\"@id\":\"https:\/\/orthodoxalbania.org\/2020\/#\/schema\/person\/0c387634a7063ac612d7ed9ce71c7e86\"},\"headline\":\"Festa e Krishtlindjeve ndihet kudo, ve\u00e7an\u00ebrisht n\u00eb zemrat e f\u00ebmij\u00ebve t\u00eb shkoll\u00ebs \u201cProtagonist\u00ebt\u201d. (21 Dhjetor 2011)\",\"datePublished\":\"2013-03-21T10:19:23+00:00\",\"dateModified\":\"2020-04-06T20:31:56+00:00\",\"mainEntityOfPage\":{\"@id\":\"https:\/\/orthodoxalbania.org\/2020\/2013\/03\/21\/festa-e-krishtlindjeve-ndihet-kudo-vecanerisht-ne-zemrat-e-femijeve-te-shkolles-protagonistet\/\"},\"wordCount\":254,\"commentCount\":0,\"publisher\":{\"@id\":\"https:\/\/orthodoxalbania.org\/2020\/#organization\"},\"image\":{\"@id\":\"https:\/\/orthodoxalbania.org\/2020\/2013\/03\/21\/festa-e-krishtlindjeve-ndihet-kudo-vecanerisht-ne-zemrat-e-femijeve-te-shkolles-protagonistet\/#primaryimage\"},\"thumbnailUrl\":\"https:\/\/lh6.googleusercontent.com\/-K_d_P9vr6ow\/VARNctTGl-I\/AAAAAAAACoY\/wZ87cdon5dk\/w448-h336-no\/14%2Bshtator%2B2007%2B256.jpg\",\"keywords\":[\"2011\",\"Krishtlindje\",\"Kryepiskopata Tiran\u00eb\",\"lajme\"],\"articleSection\":[\"Lajme\"],\"inLanguage\":\"en-US\"},{\"@type\":\"WebPage\",\"@id\":\"https:\/\/orthodoxalbania.org\/2020\/2013\/03\/21\/festa-e-krishtlindjeve-ndihet-kudo-vecanerisht-ne-zemrat-e-femijeve-te-shkolles-protagonistet\/\",\"url\":\"https:\/\/orthodoxalbania.org\/2020\/2013\/03\/21\/festa-e-krishtlindjeve-ndihet-kudo-vecanerisht-ne-zemrat-e-femijeve-te-shkolles-protagonistet\/\",\"name\":\"Festa e Krishtlindjeve ndihet kudo, ve\u00e7an\u00ebrisht n\u00eb zemrat e f\u00ebmij\u00ebve t\u00eb shkoll\u00ebs \u201cProtagonist\u00ebt\u201d. (21 Dhjetor 2011) - Kisha Orthodh\u03bfkse Autoqefale e Shqip\u00ebris\u00eb\",\"isPartOf\":{\"@id\":\"https:\/\/orthodoxalbania.org\/2020\/#website\"},\"primaryImageOfPage\":{\"@id\":\"https:\/\/orthodoxalbania.org\/2020\/2013\/03\/21\/festa-e-krishtlindjeve-ndihet-kudo-vecanerisht-ne-zemrat-e-femijeve-te-shkolles-protagonistet\/#primaryimage\"},\"image\":{\"@id\":\"https:\/\/orthodoxalbania.org\/2020\/2013\/03\/21\/festa-e-krishtlindjeve-ndihet-kudo-vecanerisht-ne-zemrat-e-femijeve-te-shkolles-protagonistet\/#primaryimage\"},\"thumbnailUrl\":\"https:\/\/lh6.googleusercontent.com\/-K_d_P9vr6ow\/VARNctTGl-I\/AAAAAAAACoY\/wZ87cdon5dk\/w448-h336-no\/14%2Bshtator%2B2007%2B256.jpg\",\"datePublished\":\"2013-03-21T10:19:23+00:00\",\"dateModified\":\"2020-04-06T20:31:56+00:00\",\"breadcrumb\":{\"@id\":\"https:\/\/orthodoxalbania.org\/2020\/2013\/03\/21\/festa-e-krishtlindjeve-ndihet-kudo-vecanerisht-ne-zemrat-e-femijeve-te-shkolles-protagonistet\/#breadcrumb\"},\"inLanguage\":\"en-US\",\"potentialAction\":[{\"@type\":\"ReadAction\",\"target\":[\"https:\/\/orthodoxalbania.org\/2020\/2013\/03\/21\/festa-e-krishtlindjeve-ndihet-kudo-vecanerisht-ne-zemrat-e-femijeve-te-shkolles-protagonistet\/\"]}]},{\"@type\":\"ImageObject\",\"inLanguage\":\"en-US\",\"@id\":\"https:\/\/orthodoxalbania.org\/2020\/2013\/03\/21\/festa-e-krishtlindjeve-ndihet-kudo-vecanerisht-ne-zemrat-e-femijeve-te-shkolles-protagonistet\/#primaryimage\",\"url\":\"https:\/\/lh6.googleusercontent.com\/-K_d_P9vr6ow\/VARNctTGl-I\/AAAAAAAACoY\/wZ87cdon5dk\/w448-h336-no\/14%2Bshtator%2B2007%2B256.jpg\",\"contentUrl\":\"https:\/\/lh6.googleusercontent.com\/-K_d_P9vr6ow\/VARNctTGl-I\/AAAAAAAACoY\/wZ87cdon5dk\/w448-h336-no\/14%2Bshtator%2B2007%2B256.jpg\"},{\"@type\":\"BreadcrumbList\",\"@id\":\"https:\/\/orthodoxalbania.org\/2020\/2013\/03\/21\/festa-e-krishtlindjeve-ndihet-kudo-vecanerisht-ne-zemrat-e-femijeve-te-shkolles-protagonistet\/#breadcrumb\",\"itemListElement\":[{\"@type\":\"ListItem\",\"position\":1,\"name\":\"Home\",\"item\":\"https:\/\/orthodoxalbania.org\/2020\/\"},{\"@type\":\"ListItem\",\"position\":2,\"name\":\"Festa e Krishtlindjeve ndihet kudo, ve\u00e7an\u00ebrisht n\u00eb zemrat e f\u00ebmij\u00ebve t\u00eb shkoll\u00ebs \u201cProtagonist\u00ebt\u201d. (21 Dhjetor 2011)\"}]},{\"@type\":\"WebSite\",\"@id\":\"https:\/\/orthodoxalbania.org\/2020\/#website\",\"url\":\"https:\/\/orthodoxalbania.org\/2020\/\",\"name\":\"Kisha Orthodh\u03bfkse Autoqefale e Shqip\u00ebris\u00eb\",\"description\":\"Fqja Zyrtare e Kish\u00ebs Orthodhokse Autoqefale e Shqip\u00ebris\u00eb me lajmet edhe informacionet zyrtare p\u00ebr struktur\u00ebn edhe veprimtarin e saj.\",\"publisher\":{\"@id\":\"https:\/\/orthodoxalbania.org\/2020\/#organization\"},\"potentialAction\":[{\"@type\":\"SearchAction\",\"target\":{\"@type\":\"EntryPoint\",\"urlTemplate\":\"https:\/\/orthodoxalbania.org\/2020\/?s={search_term_string}\"},\"query-input\":{\"@type\":\"PropertyValueSpecification\",\"valueRequired\":true,\"valueName\":\"search_term_string\"}}],\"inLanguage\":\"en-US\"},{\"@type\":\"Organization\",\"@id\":\"https:\/\/orthodoxalbania.org\/2020\/#organization\",\"name\":\"Kisha Orthodhokse Autoqefale e Shqip\u00ebris\u00eb\",\"url\":\"https:\/\/orthodoxalbania.org\/2020\/\",\"logo\":{\"@type\":\"ImageObject\",\"inLanguage\":\"en-US\",\"@id\":\"https:\/\/orthodoxalbania.org\/2020\/#\/schema\/logo\/image\/\",\"url\":\"https:\/\/orthodoxalbania.org\/2020\/wp-content\/uploads\/2020\/05\/albania.jpeg\",\"contentUrl\":\"https:\/\/orthodoxalbania.org\/2020\/wp-content\/uploads\/2020\/05\/albania.jpeg\",\"width\":540,\"height\":540,\"caption\":\"Kisha Orthodhokse Autoqefale e Shqip\u00ebris\u00eb\"},\"image\":{\"@id\":\"https:\/\/orthodoxalbania.org\/2020\/#\/schema\/logo\/image\/\"},\"sameAs\":[\"https:\/\/www.facebook.com\/koash1991\"]},{\"@type\":\"Person\",\"@id\":\"https:\/\/orthodoxalbania.org\/2020\/#\/schema\/person\/0c387634a7063ac612d7ed9ce71c7e86\",\"name\":\"Kisha Orthodhokse\",\"image\":{\"@type\":\"ImageObject\",\"inLanguage\":\"en-US\",\"@id\":\"https:\/\/secure.gravatar.com\/avatar\/596e7c417251e30f2fbb9c00e026fce61a695a00e51c889caded71c96cbbdde5?s=96&d=mm&r=g\",\"url\":\"https:\/\/secure.gravatar.com\/avatar\/596e7c417251e30f2fbb9c00e026fce61a695a00e51c889caded71c96cbbdde5?s=96&d=mm&r=g\",\"contentUrl\":\"https:\/\/secure.gravatar.com\/avatar\/596e7c417251e30f2fbb9c00e026fce61a695a00e51c889caded71c96cbbdde5?s=96&d=mm&r=g\",\"caption\":\"Kisha Orthodhokse\"}}]}<\/script>\n<!-- \/ Yoast SEO plugin. -->","yoast_head_json":{"title":"Festa e Krishtlindjeve ndihet kudo, ve\u00e7an\u00ebrisht n\u00eb zemrat e f\u00ebmij\u00ebve t\u00eb shkoll\u00ebs \u201cProtagonist\u00ebt\u201d. (21 Dhjetor 2011) - Kisha Orthodh\u03bfkse Autoqefale e Shqip\u00ebris\u00eb","robots":{"index":"index","follow":"follow","max-snippet":"max-snippet:-1","max-image-preview":"max-image-preview:large","max-video-preview":"max-video-preview:-1"},"canonical":"https:\/\/orthodoxalbania.org\/2020\/2013\/03\/21\/festa-e-krishtlindjeve-ndihet-kudo-vecanerisht-ne-zemrat-e-femijeve-te-shkolles-protagonistet\/","og_locale":"en_US","og_type":"article","og_title":"Festa e Krishtlindjeve ndihet kudo, ve\u00e7an\u00ebrisht n\u00eb zemrat e f\u00ebmij\u00ebve t\u00eb shkoll\u00ebs \u201cProtagonist\u00ebt\u201d. (21 Dhjetor 2011) - Kisha Orthodh\u03bfkse Autoqefale e Shqip\u00ebris\u00eb","og_description":"&nbsp; \u201cEngj\u00ebjt e vegj\u00ebl\u201d t\u00eb shkoll\u00ebs shqiptaro-amerikane \u201cProtagonist\u00ebt\u201d, n\u00eb Tiran\u00eb, e prit\u00ebn fest\u00ebn e Krishtlindjeve me nj\u00eb program t\u00eb ve\u00e7ant\u00eb pasditen e 21 dhjetorit. Mes shum\u00eb t\u00eb ftuarve: klerik\u00eb, prind\u00ebr, t\u00eb rinj etj., n\u00eb ambientet e shkoll\u00ebs, pik\u00ebrisht n\u00eb katin e par\u00eb ku organizohen veprimtarit\u00eb kulturore, koncerti i p\u00ebrvitsh\u00ebm i nx\u00ebn\u00ebsve t\u00eb k\u00ebsaj shkolle dhuroi emocione t\u00eb ve\u00e7anta. \u201cG\u00ebzuar Krishtlindjet\u201d, ishte ky urimi q\u00eb lexohej","og_url":"https:\/\/orthodoxalbania.org\/2020\/2013\/03\/21\/festa-e-krishtlindjeve-ndihet-kudo-vecanerisht-ne-zemrat-e-femijeve-te-shkolles-protagonistet\/","og_site_name":"Kisha Orthodh\u03bfkse Autoqefale e Shqip\u00ebris\u00eb","article_publisher":"https:\/\/www.facebook.com\/koash1991","article_published_time":"2013-03-21T10:19:23+00:00","article_modified_time":"2020-04-06T20:31:56+00:00","og_image":[{"url":"https:\/\/lh6.googleusercontent.com\/-K_d_P9vr6ow\/VARNctTGl-I\/AAAAAAAACoY\/wZ87cdon5dk\/w448-h336-no\/14%2Bshtator%2B2007%2B256.jpg","type":"","width":"","height":""}],"author":"Kisha Orthodhokse","twitter_card":"summary_large_image","twitter_misc":{"Written by":"Kisha Orthodhokse","Est. reading time":"1 minute"},"schema":{"@context":"https:\/\/schema.org","@graph":[{"@type":"Article","@id":"https:\/\/orthodoxalbania.org\/2020\/2013\/03\/21\/festa-e-krishtlindjeve-ndihet-kudo-vecanerisht-ne-zemrat-e-femijeve-te-shkolles-protagonistet\/#article","isPartOf":{"@id":"https:\/\/orthodoxalbania.org\/2020\/2013\/03\/21\/festa-e-krishtlindjeve-ndihet-kudo-vecanerisht-ne-zemrat-e-femijeve-te-shkolles-protagonistet\/"},"author":{"name":"Kisha Orthodhokse","@id":"https:\/\/orthodoxalbania.org\/2020\/#\/schema\/person\/0c387634a7063ac612d7ed9ce71c7e86"},"headline":"Festa e Krishtlindjeve ndihet kudo, ve\u00e7an\u00ebrisht n\u00eb zemrat e f\u00ebmij\u00ebve t\u00eb shkoll\u00ebs \u201cProtagonist\u00ebt\u201d. (21 Dhjetor 2011)","datePublished":"2013-03-21T10:19:23+00:00","dateModified":"2020-04-06T20:31:56+00:00","mainEntityOfPage":{"@id":"https:\/\/orthodoxalbania.org\/2020\/2013\/03\/21\/festa-e-krishtlindjeve-ndihet-kudo-vecanerisht-ne-zemrat-e-femijeve-te-shkolles-protagonistet\/"},"wordCount":254,"commentCount":0,"publisher":{"@id":"https:\/\/orthodoxalbania.org\/2020\/#organization"},"image":{"@id":"https:\/\/orthodoxalbania.org\/2020\/2013\/03\/21\/festa-e-krishtlindjeve-ndihet-kudo-vecanerisht-ne-zemrat-e-femijeve-te-shkolles-protagonistet\/#primaryimage"},"thumbnailUrl":"https:\/\/lh6.googleusercontent.com\/-K_d_P9vr6ow\/VARNctTGl-I\/AAAAAAAACoY\/wZ87cdon5dk\/w448-h336-no\/14%2Bshtator%2B2007%2B256.jpg","keywords":["2011","Krishtlindje","Kryepiskopata Tiran\u00eb","lajme"],"articleSection":["Lajme"],"inLanguage":"en-US"},{"@type":"WebPage","@id":"https:\/\/orthodoxalbania.org\/2020\/2013\/03\/21\/festa-e-krishtlindjeve-ndihet-kudo-vecanerisht-ne-zemrat-e-femijeve-te-shkolles-protagonistet\/","url":"https:\/\/orthodoxalbania.org\/2020\/2013\/03\/21\/festa-e-krishtlindjeve-ndihet-kudo-vecanerisht-ne-zemrat-e-femijeve-te-shkolles-protagonistet\/","name":"Festa e Krishtlindjeve ndihet kudo, ve\u00e7an\u00ebrisht n\u00eb zemrat e f\u00ebmij\u00ebve t\u00eb shkoll\u00ebs \u201cProtagonist\u00ebt\u201d. (21 Dhjetor 2011) - Kisha Orthodh\u03bfkse Autoqefale e Shqip\u00ebris\u00eb","isPartOf":{"@id":"https:\/\/orthodoxalbania.org\/2020\/#website"},"primaryImageOfPage":{"@id":"https:\/\/orthodoxalbania.org\/2020\/2013\/03\/21\/festa-e-krishtlindjeve-ndihet-kudo-vecanerisht-ne-zemrat-e-femijeve-te-shkolles-protagonistet\/#primaryimage"},"image":{"@id":"https:\/\/orthodoxalbania.org\/2020\/2013\/03\/21\/festa-e-krishtlindjeve-ndihet-kudo-vecanerisht-ne-zemrat-e-femijeve-te-shkolles-protagonistet\/#primaryimage"},"thumbnailUrl":"https:\/\/lh6.googleusercontent.com\/-K_d_P9vr6ow\/VARNctTGl-I\/AAAAAAAACoY\/wZ87cdon5dk\/w448-h336-no\/14%2Bshtator%2B2007%2B256.jpg","datePublished":"2013-03-21T10:19:23+00:00","dateModified":"2020-04-06T20:31:56+00:00","breadcrumb":{"@id":"https:\/\/orthodoxalbania.org\/2020\/2013\/03\/21\/festa-e-krishtlindjeve-ndihet-kudo-vecanerisht-ne-zemrat-e-femijeve-te-shkolles-protagonistet\/#breadcrumb"},"inLanguage":"en-US","potentialAction":[{"@type":"ReadAction","target":["https:\/\/orthodoxalbania.org\/2020\/2013\/03\/21\/festa-e-krishtlindjeve-ndihet-kudo-vecanerisht-ne-zemrat-e-femijeve-te-shkolles-protagonistet\/"]}]},{"@type":"ImageObject","inLanguage":"en-US","@id":"https:\/\/orthodoxalbania.org\/2020\/2013\/03\/21\/festa-e-krishtlindjeve-ndihet-kudo-vecanerisht-ne-zemrat-e-femijeve-te-shkolles-protagonistet\/#primaryimage","url":"https:\/\/lh6.googleusercontent.com\/-K_d_P9vr6ow\/VARNctTGl-I\/AAAAAAAACoY\/wZ87cdon5dk\/w448-h336-no\/14%2Bshtator%2B2007%2B256.jpg","contentUrl":"https:\/\/lh6.googleusercontent.com\/-K_d_P9vr6ow\/VARNctTGl-I\/AAAAAAAACoY\/wZ87cdon5dk\/w448-h336-no\/14%2Bshtator%2B2007%2B256.jpg"},{"@type":"BreadcrumbList","@id":"https:\/\/orthodoxalbania.org\/2020\/2013\/03\/21\/festa-e-krishtlindjeve-ndihet-kudo-vecanerisht-ne-zemrat-e-femijeve-te-shkolles-protagonistet\/#breadcrumb","itemListElement":[{"@type":"ListItem","position":1,"name":"Home","item":"https:\/\/orthodoxalbania.org\/2020\/"},{"@type":"ListItem","position":2,"name":"Festa e Krishtlindjeve ndihet kudo, ve\u00e7an\u00ebrisht n\u00eb zemrat e f\u00ebmij\u00ebve t\u00eb shkoll\u00ebs \u201cProtagonist\u00ebt\u201d. (21 Dhjetor 2011)"}]},{"@type":"WebSite","@id":"https:\/\/orthodoxalbania.org\/2020\/#website","url":"https:\/\/orthodoxalbania.org\/2020\/","name":"Kisha Orthodh\u03bfkse Autoqefale e Shqip\u00ebris\u00eb","description":"Fqja Zyrtare e Kish\u00ebs Orthodhokse Autoqefale e Shqip\u00ebris\u00eb me lajmet edhe informacionet zyrtare p\u00ebr struktur\u00ebn edhe veprimtarin e saj.","publisher":{"@id":"https:\/\/orthodoxalbania.org\/2020\/#organization"},"potentialAction":[{"@type":"SearchAction","target":{"@type":"EntryPoint","urlTemplate":"https:\/\/orthodoxalbania.org\/2020\/?s={search_term_string}"},"query-input":{"@type":"PropertyValueSpecification","valueRequired":true,"valueName":"search_term_string"}}],"inLanguage":"en-US"},{"@type":"Organization","@id":"https:\/\/orthodoxalbania.org\/2020\/#organization","name":"Kisha Orthodhokse Autoqefale e Shqip\u00ebris\u00eb","url":"https:\/\/orthodoxalbania.org\/2020\/","logo":{"@type":"ImageObject","inLanguage":"en-US","@id":"https:\/\/orthodoxalbania.org\/2020\/#\/schema\/logo\/image\/","url":"https:\/\/orthodoxalbania.org\/2020\/wp-content\/uploads\/2020\/05\/albania.jpeg","contentUrl":"https:\/\/orthodoxalbania.org\/2020\/wp-content\/uploads\/2020\/05\/albania.jpeg","width":540,"height":540,"caption":"Kisha Orthodhokse Autoqefale e Shqip\u00ebris\u00eb"},"image":{"@id":"https:\/\/orthodoxalbania.org\/2020\/#\/schema\/logo\/image\/"},"sameAs":["https:\/\/www.facebook.com\/koash1991"]},{"@type":"Person","@id":"https:\/\/orthodoxalbania.org\/2020\/#\/schema\/person\/0c387634a7063ac612d7ed9ce71c7e86","name":"Kisha Orthodhokse","image":{"@type":"ImageObject","inLanguage":"en-US","@id":"https:\/\/secure.gravatar.com\/avatar\/596e7c417251e30f2fbb9c00e026fce61a695a00e51c889caded71c96cbbdde5?s=96&d=mm&r=g","url":"https:\/\/secure.gravatar.com\/avatar\/596e7c417251e30f2fbb9c00e026fce61a695a00e51c889caded71c96cbbdde5?s=96&d=mm&r=g","contentUrl":"https:\/\/secure.gravatar.com\/avatar\/596e7c417251e30f2fbb9c00e026fce61a695a00e51c889caded71c96cbbdde5?s=96&d=mm&r=g","caption":"Kisha Orthodhokse"}}]}},"_links":{"self":[{"href":"https:\/\/orthodoxalbania.org\/2020\/wp-json\/wp\/v2\/posts\/518","targetHints":{"allow":["GET"]}}],"collection":[{"href":"https:\/\/orthodoxalbania.org\/2020\/wp-json\/wp\/v2\/posts"}],"about":[{"href":"https:\/\/orthodoxalbania.org\/2020\/wp-json\/wp\/v2\/types\/post"}],"author":[{"embeddable":true,"href":"https:\/\/orthodoxalbania.org\/2020\/wp-json\/wp\/v2\/users\/1"}],"replies":[{"embeddable":true,"href":"https:\/\/orthodoxalbania.org\/2020\/wp-json\/wp\/v2\/comments?post=518"}],"version-history":[{"count":1,"href":"https:\/\/orthodoxalbania.org\/2020\/wp-json\/wp\/v2\/posts\/518\/revisions"}],"predecessor-version":[{"id":15353,"href":"https:\/\/orthodoxalbania.org\/2020\/wp-json\/wp\/v2\/posts\/518\/revisions\/15353"}],"wp:attachment":[{"href":"https:\/\/orthodoxalbania.org\/2020\/wp-json\/wp\/v2\/media?parent=518"}],"wp:term":[{"taxonomy":"category","embeddable":true,"href":"https:\/\/orthodoxalbania.org\/2020\/wp-json\/wp\/v2\/categories?post=518"},{"taxonomy":"post_tag","embeddable":true,"href":"https:\/\/orthodoxalbania.org\/2020\/wp-json\/wp\/v2\/tags?post=518"}],"curies":[{"name":"wp","href":"https:\/\/api.w.org\/{rel}","templated":true}]}}