{"id":513,"date":"2007-02-26T00:00:00","date_gmt":"2007-02-26T00:00:00","guid":{"rendered":""},"modified":"2020-04-06T22:35:52","modified_gmt":"2020-04-06T20:35:52","slug":"femijet-kosovare-po-marrin-pjese-aktive-ne-kampet-e-kishes-sone-qershor-2007","status":"publish","type":"post","link":"https:\/\/orthodoxalbania.org\/2020\/2007\/02\/26\/femijet-kosovare-po-marrin-pjese-aktive-ne-kampet-e-kishes-sone-qershor-2007\/","title":{"rendered":"F\u00ebmij\u00ebt kosovar\u00eb po marrin pjes\u00eb aktive n\u00eb kampet e Kish\u00ebs son\u00eb. (Qershor 2007)"},"content":{"rendered":"<div style=\"text-align: justify;\"><span style=\"color: #000000; font-family: helvetica; font-size: 12pt;\">&nbsp;&nbsp;&nbsp; Kisha Orthodhokse Autoqefale e Shqip\u00ebris\u00eb, duke patur parasysh k\u00ebrkes\u00ebn e drejtorive t\u00eb disa shkollave si dhe me lejen e Kuvendit Komunal t\u00eb Komun\u00ebs s\u00eb Malishev\u00ebs, organizoi dhe financoi p\u00ebr t\u00eb gjasht\u00ebn vit radhazi kampingjet p\u00ebr f\u00ebmij\u00eb n\u00eb Kosov\u00eb.<\/span><\/div>\n<table id=\"AutoNumber3\" style=\"width: 853px; height: 2688px;\" border=\"0\">\n<tbody>\n<tr>\n<td>\n<div style=\"text-align: justify;\"><span style=\"color: #000000; font-family: helvetica; font-size: 12pt;\">&nbsp;&nbsp;&nbsp; Ky aktivitet drejtohet nga Zyra e F\u00ebmij\u00ebve me drejtues t\u00eb saj Z. Nathan Hoppe, i mb\u00ebshtetur nga nj\u00eb staf i p\u00ebrb\u00ebr\u00eb prej 25 vet\u00ebsh, kryesisht student\u00eb t\u00eb Akademis\u00eb Theologjike \u201cNgjallja e Krishtit\u201d, Sh\u00ebn Vlash, Durr\u00ebs, si dhe p\u00ebrfaq\u00ebsues nga rinit\u00eb orthodhokse t\u00eb qyteteve t\u00eb ndryshme t\u00eb Shqip\u00ebris\u00eb.<\/span><\/div>\n<\/td>\n<td>\n<div><span style=\"font-family: helvetica; font-size: 12pt;\"><\/span><\/div>\n<p><span style=\"color: #000000; font-family: helvetica; font-size: 12pt;\"><img decoding=\"async\" class=\"lazyload HAa Eha\" style=\"border-width: 1px; border-style: solid; margin: 10px auto; display: block;\" alt=\"\" src=\"data:image\/gif;base64,R0lGODlhAQABAAAAACH5BAEKAAEALAAAAAABAAEAAAICTAEAOw==\" data-orig-src=\"https:\/\/lh5.googleusercontent.com\/-a3MTPb43LF8\/VIl-3gtsP4I\/AAAAAAAAGb0\/gALj_8KCQOQ\/w400-h266-no\/pic1.jpg\" \/><\/span><\/td>\n<\/tr>\n<tr>\n<td>\n<div style=\"text-align: justify;\"><span style=\"font-family: helvetica; font-size: 12pt;\"><\/span><\/div>\n<p><span style=\"color: #000000; font-family: helvetica; font-size: 12pt;\"><img decoding=\"async\" class=\"lazyload HAa Eha\" style=\"border-width: 1px; border-style: solid; margin: 10px auto; display: block;\" alt=\"\" src=\"data:image\/gif;base64,R0lGODlhAQABAAAAACH5BAEKAAEALAAAAAABAAEAAAICTAEAOw==\" data-orig-src=\"https:\/\/lh6.googleusercontent.com\/-_Uv2f_kae9E\/VIl-35UA66I\/AAAAAAAAGbo\/JGgl2HpweYk\/w400-h266-no\/pic2.jpg\" \/><\/span><\/td>\n<td>\n<div style=\"text-align: justify;\"><span style=\"color: #000000; font-family: helvetica; font-size: 12pt;\">&nbsp;&nbsp;&nbsp; Kampi i par\u00eb u zhvillua n\u00eb fshatin Caralluk\u00eb t\u00eb komun\u00ebs s\u00eb Malishev\u00ebs, n\u00eb shkoll\u00ebn \u201cHilmi Hoti\u201d, n\u00eb datat 21-24 Qershor dhe mbante tem\u00ebn \u201cZem\u00ebrgj\u00ebr\u00ebsia\u201d.<\/span><\/div>\n<\/td>\n<\/tr>\n<tr>\n<td>\n<div style=\"text-align: justify;\"><span style=\"color: #000000; font-family: helvetica; font-size: 12pt;\">&nbsp;&nbsp;&nbsp; N\u00eb k\u00ebt\u00eb aktivitet kat\u00ebr ditor mor\u00ebn pjes\u00eb rreth 400 f\u00ebmij\u00eb t\u00eb moshave nga parashkollor\u00ebt deri n\u00eb f\u00ebmij\u00ebt e klasave t\u00eb teta dhe t\u00eb n\u00ebnta, t\u00eb cil\u00ebt u ndan\u00eb sipas grupmoshave.<\/span><\/div>\n<\/td>\n<td>\n<div style=\"text-align: justify;\"><span style=\"font-family: helvetica; font-size: 12pt;\"><\/span><\/div>\n<p><span style=\"color: #000000; font-family: helvetica; font-size: 12pt;\"><img decoding=\"async\" class=\"lazyload HAa Eha\" style=\"border-width: 1px; border-style: solid; margin: 10px auto; display: block;\" alt=\"\" src=\"data:image\/gif;base64,R0lGODlhAQABAAAAACH5BAEKAAEALAAAAAABAAEAAAICTAEAOw==\" data-orig-src=\"https:\/\/lh6.googleusercontent.com\/-g-yiz4Wiqnw\/VIl-32Bn5tI\/AAAAAAAAGbs\/Mczg56m_AAE\/w400-h300-no\/pic3.jpg\" \/><\/span><\/td>\n<\/tr>\n<tr>\n<td>\n<div><span style=\"color: #000000; font-family: helvetica; font-size: 12pt;\"><img decoding=\"async\" class=\"lazyload HAa Eha\" style=\"border-width: 1px; border-style: solid; margin: 10px auto; display: block;\" alt=\"\" src=\"data:image\/gif;base64,R0lGODlhAQABAAAAACH5BAEKAAEALAAAAAABAAEAAAICTAEAOw==\" data-orig-src=\"https:\/\/lh5.googleusercontent.com\/-oMVaaB90iV8\/VIl-4KPBGlI\/AAAAAAAAGb4\/5DNOAOctzkA\/w400-h300-no\/pic4.jpg\" \/><\/span><\/div>\n<\/td>\n<td>\n<div style=\"text-align: justify;\"><span style=\"color: #000000; font-family: helvetica; font-size: 12pt;\">&nbsp;&nbsp;&nbsp; Kampi zhvillohej n\u00eb m\u00ebngjes p\u00ebr f\u00ebmij\u00ebt nga parashkollor\u00ebt n\u00eb klas\u00ebn e &nbsp;kat\u00ebrt dhe pasdite me f\u00ebmij\u00ebt e klasave t\u00eb pesta deri n\u00eb t\u00eb tet\u00ebn. T\u00eb gjith\u00eb f\u00ebmij\u00ebt mor\u00ebn pjes\u00eb aktive n\u00eb t\u00eb gjith\u00eb programin e kampit q\u00eb p\u00ebrmbante:<\/span><\/div>\n<\/td>\n<\/tr>\n<tr>\n<td>\n<div style=\"text-align: justify;\"><span style=\"color: #000000; font-family: helvetica; font-size: 12pt;\">1. M\u00ebsimdh\u00ebnie me karakter social-kulturor<br \/> 2. Loj\u00ebra arg\u00ebtuese n\u00eb grup t\u00eb vog\u00ebl dhe t\u00eb madh,<br \/> &nbsp;&nbsp;&nbsp; k\u00ebng\u00eb, dramatizime etj.<br \/> 3. Loj\u00ebra Olimpike, p\u00ebr t\u00eb cilat u ndan\u00eb dhe \u00e7mime.<br \/> 4. Pun\u00ebdore<br \/> 5. Kokteil<br \/> 6. Festa e fundit<\/span><\/div>\n<\/td>\n<td>\n<div style=\"text-align: justify;\"><span style=\"font-family: helvetica; font-size: 12pt;\"><\/span><\/div>\n<p><span style=\"color: #000000; font-family: helvetica; font-size: 12pt;\"><img decoding=\"async\" class=\"lazyload HAa Eha\" style=\"border-width: 1px; border-style: solid; margin: 10px auto; display: block;\" alt=\"\" src=\"data:image\/gif;base64,R0lGODlhAQABAAAAACH5BAEKAAEALAAAAAABAAEAAAICTAEAOw==\" data-orig-src=\"https:\/\/lh4.googleusercontent.com\/-if30BjFoMgY\/VIl-4Xm7HtI\/AAAAAAAAGbk\/Odn55wUrXA0\/w400-h300-no\/pic5.jpg\" \/><\/span><\/td>\n<\/tr>\n<tr>\n<td>\n<div><span style=\"color: #000000; font-family: helvetica; font-size: 12pt;\"><img decoding=\"async\" class=\"lazyload HAa Eha\" style=\"border-width: 1px; border-style: solid; margin: 10px auto; display: block;\" alt=\"\" src=\"data:image\/gif;base64,R0lGODlhAQABAAAAACH5BAEKAAEALAAAAAABAAEAAAICTAEAOw==\" data-orig-src=\"https:\/\/lh6.googleusercontent.com\/-cRLAHoqDlZM\/VIl-4l_QX3I\/AAAAAAAAGbg\/vMbEjx1RQck\/w400-h300-no\/pic6.jpg\" \/><\/span><\/div>\n<\/td>\n<td>\n<div style=\"text-align: justify;\"><span style=\"color: #000000; font-family: helvetica; font-size: 12pt;\">&nbsp;&nbsp;&nbsp;&nbsp;Risi p\u00ebr k\u00ebt\u00eb vit ishin dhe dy dramatizimet \u201cTre Fluturat\u201d dhe \u201cPema q\u00eb jep\u201d t\u00eb p\u00ebrgatitura nga stafi i Kampit. Gjithashtu vet\u00eb f\u00ebmij\u00ebt shpalos\u00ebn dijet dhe talentet e tyre p\u00ebrgjat\u00eb kampit, t\u00eb cilat u kuror\u00ebzuan n\u00eb fest\u00ebn e fundit ku \u00e7do grup kishte p\u00ebrgatitur materiale artistike si: k\u00ebng\u00eb, valle, drama etj., t\u00eb cilat i dhan\u00eb nj\u00eb atmosfer\u00eb festive ambientit dhe nj\u00eb ndjenj\u00eb g\u00ebzimi arsimtar\u00ebve t\u00eb asaj shkolle.<\/span><\/div>\n<\/td>\n<\/tr>\n<tr>\n<td>\n<div dir=\"ltr\" style=\"text-align: justify;\"><span style=\"color: #000000; font-family: helvetica; font-size: 12pt;\">&nbsp;&nbsp;&nbsp; \u00c7do gj\u00eb p\u00ebrfundoi me sukses fal\u00eb mb\u00ebshtetjes dhe ndihm\u00ebs s\u00eb drejtorit t\u00eb shkoll\u00ebs \u201cHilmi Hoti\u201d z. Mifail Krasniqi si dhe stafit t\u00eb arsimtar\u00ebve t\u00eb shkoll\u00ebs me t\u00eb cil\u00ebt n\u00eb shenj\u00eb mir\u00ebnjohjeje dhe miq\u00ebsie u organizua nj\u00eb dark\u00eb festive. Kisha Orthodhokse Autoqefale e Shqip\u00ebris\u00eb i dhuroi k\u00ebsaj shkolle dy kompjutera dhe nj\u00eb printer t\u00eb modelit printer-fotokopje-skaner, gj\u00eb p\u00ebr t\u00eb cil\u00ebn stafi pedagogjik dhe drejtori i shkoll\u00ebs ishin shum\u00eb mir\u00ebnjoh\u00ebs pasi kishin shum\u00eb nevoj\u00eb p\u00ebr to.<\/span><\/div>\n<\/td>\n<td>\n<div><span style=\"color: #000000; font-family: helvetica; font-size: 12pt;\"><img decoding=\"async\" class=\"lazyload HAa Eha\" style=\"border-width: 1px; border-style: solid; margin: 10px auto; display: block;\" alt=\"\" src=\"data:image\/gif;base64,R0lGODlhAQABAAAAACH5BAEKAAEALAAAAAABAAEAAAICTAEAOw==\" data-orig-src=\"https:\/\/lh3.googleusercontent.com\/-sL69SIk7oIg\/VIl-42yAcOI\/AAAAAAAAGbY\/53GCDLSE5XY\/w400-h300-no\/pic7.jpg\" \/><\/span><\/div>\n<\/td>\n<\/tr>\n<tr>\n<td>\n<div style=\"text-align: justify;\"><span style=\"font-family: helvetica; font-size: 12pt;\"><\/span><\/div>\n<p><span style=\"color: #000000; font-family: helvetica; font-size: 12pt;\"><img decoding=\"async\" class=\"lazyload HAa Eha\" style=\"border-width: 1px; border-style: solid; margin: 10px auto; display: block;\" alt=\"\" src=\"data:image\/gif;base64,R0lGODlhAQABAAAAACH5BAEKAAEALAAAAAABAAEAAAICTAEAOw==\" data-orig-src=\"https:\/\/lh3.googleusercontent.com\/-zNLL5r7d1cc\/VIl-5A7j0iI\/AAAAAAAAGbc\/sbWdJxjMpM8\/w400-h300-no\/pic8.jpg\" \/><\/span><\/td>\n<td>\n<div style=\"text-align: justify;\"><span style=\"color: #000000; font-family: helvetica; font-size: 12pt;\">&nbsp;&nbsp;&nbsp; N\u00eb t\u00eb nj\u00ebjtat linja u zhvillua edhe kampi tjet\u00ebr \u201cShpresa\u201d n\u00eb datat 26-29 Qershor n\u00eb Malishev\u00eb n\u00eb shkoll\u00ebn \u201cIbrahim Mazreku\u201d, me drejtor Z. Rexhep Mazreku. N\u00eb k\u00ebt\u00eb shkoll\u00eb ishte viti i dyt\u00eb radhazi q\u00eb u zhvillua ky aktivitet, ku mor\u00ebn pjes\u00eb rreth 400 f\u00ebmij\u00eb. Edhe nj\u00ebher\u00eb tjet\u00ebr u demonstrua energjia dhe dinamika q\u00eb k\u00ebta f\u00ebmij\u00eb mbartin brenda vetes s\u00eb tyre.<\/span><\/div>\n<\/td>\n<\/tr>\n<tr>\n<td dir=\"ltr\" colspan=\"2\">\n<div style=\"text-align: justify;\"><span style=\"color: #000000; font-family: helvetica; font-size: 12pt;\"> &nbsp;&nbsp;&nbsp;&nbsp; S\u00eb fundi, duhet t\u00eb theksojm\u00eb se t\u00eb dy k\u00ebto aktivitete 4-ditore kishin si q\u00ebllim zhvillimin social, edukues dhe kulturor t\u00eb f\u00ebmij\u00ebve n\u00ebp\u00ebrmjet aktiviteteve p\u00ebrfshir\u00ebse, zbavit\u00ebse dhe edukuese. N\u00eb vazhd\u00ebn e kampeve po organizohet kampi Mir\u00ebsia n\u00eb Begaj dhe pas tij do t\u00eb organizohet kampi G\u00ebzimi n\u00eb fshatin Banja. &nbsp;<\/span><\/div>\n<div style=\"text-align: justify;\"><span style=\"font-family: helvetica; font-size: 12pt;\"><\/span><\/div>\n<div style=\"text-align: justify;\"><span style=\"color: #000000; font-family: helvetica; font-size: 12pt;\"><strong>Elena Krakulli &#8211; Sevastiani Semini<\/strong><\/span><\/div>\n<\/td>\n<\/tr>\n<\/tbody>\n<\/table>\n<p>&nbsp;<\/p>\n","protected":false},"excerpt":{"rendered":"<p>&nbsp;&nbsp;&nbsp; Kisha Orthodhokse Autoqefale e Shqip\u00ebris\u00eb, duke patur parasysh k\u00ebrkes\u00ebn e drejtorive t\u00eb disa shkollave si dhe me lejen e Kuvendit Komunal t\u00eb Komun\u00ebs s\u00eb Malishev\u00ebs, organizoi dhe financoi p\u00ebr t\u00eb gjasht\u00ebn vit radhazi kampingjet p\u00ebr f\u00ebmij\u00eb n\u00eb Kosov\u00eb. &nbsp;&nbsp;&nbsp; Ky aktivitet drejtohet nga Zyra e F\u00ebmij\u00ebve me drejtues t\u00eb saj Z. Nathan Hoppe, i mb\u00ebshtetur nga nj\u00eb staf i p\u00ebrb\u00ebr\u00eb prej 25 vet\u00ebsh, kryesisht<\/p>\n","protected":false},"author":1,"featured_media":0,"comment_status":"open","ping_status":"open","sticky":false,"template":"","format":"standard","meta":{"_acf_changed":false,"pagelayer_contact_templates":[],"_pagelayer_content":"","inline_featured_image":false,"fifu_image_url":"","fifu_image_alt":"","footnotes":""},"categories":[108],"tags":[147,200,196,212,156],"class_list":["post-513","post","type-post","status-publish","format-standard","hentry","category-lajme","tag-147","tag-kampe-verore","tag-tirane","tag-lajme-d27","tag-femijet"],"acf":[],"yoast_head":"<!-- This site is optimized with the Yoast SEO plugin v27.2 - https:\/\/yoast.com\/product\/yoast-seo-wordpress\/ -->\n<title>F\u00ebmij\u00ebt kosovar\u00eb po marrin pjes\u00eb aktive n\u00eb kampet e Kish\u00ebs son\u00eb. (Qershor 2007) - Kisha Orthodh\u03bfkse Autoqefale e Shqip\u00ebris\u00eb<\/title>\n<meta name=\"robots\" content=\"index, follow, max-snippet:-1, max-image-preview:large, max-video-preview:-1\" \/>\n<link rel=\"canonical\" href=\"https:\/\/orthodoxalbania.org\/2020\/2007\/02\/26\/femijet-kosovare-po-marrin-pjese-aktive-ne-kampet-e-kishes-sone-qershor-2007\/\" \/>\n<meta property=\"og:locale\" content=\"en_US\" \/>\n<meta property=\"og:type\" content=\"article\" \/>\n<meta property=\"og:title\" content=\"F\u00ebmij\u00ebt kosovar\u00eb po marrin pjes\u00eb aktive n\u00eb kampet e Kish\u00ebs son\u00eb. (Qershor 2007) - Kisha Orthodh\u03bfkse Autoqefale e Shqip\u00ebris\u00eb\" \/>\n<meta property=\"og:description\" content=\"&nbsp;&nbsp;&nbsp; Kisha Orthodhokse Autoqefale e Shqip\u00ebris\u00eb, duke patur parasysh k\u00ebrkes\u00ebn e drejtorive t\u00eb disa shkollave si dhe me lejen e Kuvendit Komunal t\u00eb Komun\u00ebs s\u00eb Malishev\u00ebs, organizoi dhe financoi p\u00ebr t\u00eb gjasht\u00ebn vit radhazi kampingjet p\u00ebr f\u00ebmij\u00eb n\u00eb Kosov\u00eb. &nbsp;&nbsp;&nbsp; Ky aktivitet drejtohet nga Zyra e F\u00ebmij\u00ebve me drejtues t\u00eb saj Z. Nathan Hoppe, i mb\u00ebshtetur nga nj\u00eb staf i p\u00ebrb\u00ebr\u00eb prej 25 vet\u00ebsh, kryesisht\" \/>\n<meta property=\"og:url\" content=\"https:\/\/orthodoxalbania.org\/2020\/2007\/02\/26\/femijet-kosovare-po-marrin-pjese-aktive-ne-kampet-e-kishes-sone-qershor-2007\/\" \/>\n<meta property=\"og:site_name\" content=\"Kisha Orthodh\u03bfkse Autoqefale e Shqip\u00ebris\u00eb\" \/>\n<meta property=\"article:publisher\" content=\"https:\/\/www.facebook.com\/koash1991\" \/>\n<meta property=\"article:published_time\" content=\"2007-02-26T00:00:00+00:00\" \/>\n<meta property=\"article:modified_time\" content=\"2020-04-06T20:35:52+00:00\" \/>\n<meta property=\"og:image\" content=\"https:\/\/lh5.googleusercontent.com\/-a3MTPb43LF8\/VIl-3gtsP4I\/AAAAAAAAGb0\/gALj_8KCQOQ\/w400-h266-no\/pic1.jpg\" \/>\n<meta name=\"author\" content=\"Kisha Orthodhokse\" \/>\n<meta name=\"twitter:card\" content=\"summary_large_image\" \/>\n<meta name=\"twitter:label1\" content=\"Written by\" \/>\n\t<meta name=\"twitter:data1\" content=\"Kisha Orthodhokse\" \/>\n\t<meta name=\"twitter:label2\" content=\"Est. reading time\" \/>\n\t<meta name=\"twitter:data2\" content=\"3 minutes\" \/>\n<script type=\"application\/ld+json\" class=\"yoast-schema-graph\">{\"@context\":\"https:\/\/schema.org\",\"@graph\":[{\"@type\":\"Article\",\"@id\":\"https:\/\/orthodoxalbania.org\/2020\/2007\/02\/26\/femijet-kosovare-po-marrin-pjese-aktive-ne-kampet-e-kishes-sone-qershor-2007\/#article\",\"isPartOf\":{\"@id\":\"https:\/\/orthodoxalbania.org\/2020\/2007\/02\/26\/femijet-kosovare-po-marrin-pjese-aktive-ne-kampet-e-kishes-sone-qershor-2007\/\"},\"author\":{\"name\":\"Kisha Orthodhokse\",\"@id\":\"https:\/\/orthodoxalbania.org\/2020\/#\/schema\/person\/0c387634a7063ac612d7ed9ce71c7e86\"},\"headline\":\"F\u00ebmij\u00ebt kosovar\u00eb po marrin pjes\u00eb aktive n\u00eb kampet e Kish\u00ebs son\u00eb. (Qershor 2007)\",\"datePublished\":\"2007-02-26T00:00:00+00:00\",\"dateModified\":\"2020-04-06T20:35:52+00:00\",\"mainEntityOfPage\":{\"@id\":\"https:\/\/orthodoxalbania.org\/2020\/2007\/02\/26\/femijet-kosovare-po-marrin-pjese-aktive-ne-kampet-e-kishes-sone-qershor-2007\/\"},\"wordCount\":619,\"commentCount\":0,\"publisher\":{\"@id\":\"https:\/\/orthodoxalbania.org\/2020\/#organization\"},\"image\":{\"@id\":\"https:\/\/orthodoxalbania.org\/2020\/2007\/02\/26\/femijet-kosovare-po-marrin-pjese-aktive-ne-kampet-e-kishes-sone-qershor-2007\/#primaryimage\"},\"thumbnailUrl\":\"https:\/\/lh5.googleusercontent.com\/-a3MTPb43LF8\/VIl-3gtsP4I\/AAAAAAAAGb0\/gALj_8KCQOQ\/w400-h266-no\/pic1.jpg\",\"keywords\":[\"2007\",\"Kampe verore\",\"Kryepiskopata Tiran\u00eb\",\"lajme\",\"Zyra e F\u00ebmij\u00ebve\"],\"articleSection\":[\"Lajme\"],\"inLanguage\":\"en-US\"},{\"@type\":\"WebPage\",\"@id\":\"https:\/\/orthodoxalbania.org\/2020\/2007\/02\/26\/femijet-kosovare-po-marrin-pjese-aktive-ne-kampet-e-kishes-sone-qershor-2007\/\",\"url\":\"https:\/\/orthodoxalbania.org\/2020\/2007\/02\/26\/femijet-kosovare-po-marrin-pjese-aktive-ne-kampet-e-kishes-sone-qershor-2007\/\",\"name\":\"F\u00ebmij\u00ebt kosovar\u00eb po marrin pjes\u00eb aktive n\u00eb kampet e Kish\u00ebs son\u00eb. (Qershor 2007) - Kisha Orthodh\u03bfkse Autoqefale e Shqip\u00ebris\u00eb\",\"isPartOf\":{\"@id\":\"https:\/\/orthodoxalbania.org\/2020\/#website\"},\"primaryImageOfPage\":{\"@id\":\"https:\/\/orthodoxalbania.org\/2020\/2007\/02\/26\/femijet-kosovare-po-marrin-pjese-aktive-ne-kampet-e-kishes-sone-qershor-2007\/#primaryimage\"},\"image\":{\"@id\":\"https:\/\/orthodoxalbania.org\/2020\/2007\/02\/26\/femijet-kosovare-po-marrin-pjese-aktive-ne-kampet-e-kishes-sone-qershor-2007\/#primaryimage\"},\"thumbnailUrl\":\"https:\/\/lh5.googleusercontent.com\/-a3MTPb43LF8\/VIl-3gtsP4I\/AAAAAAAAGb0\/gALj_8KCQOQ\/w400-h266-no\/pic1.jpg\",\"datePublished\":\"2007-02-26T00:00:00+00:00\",\"dateModified\":\"2020-04-06T20:35:52+00:00\",\"breadcrumb\":{\"@id\":\"https:\/\/orthodoxalbania.org\/2020\/2007\/02\/26\/femijet-kosovare-po-marrin-pjese-aktive-ne-kampet-e-kishes-sone-qershor-2007\/#breadcrumb\"},\"inLanguage\":\"en-US\",\"potentialAction\":[{\"@type\":\"ReadAction\",\"target\":[\"https:\/\/orthodoxalbania.org\/2020\/2007\/02\/26\/femijet-kosovare-po-marrin-pjese-aktive-ne-kampet-e-kishes-sone-qershor-2007\/\"]}]},{\"@type\":\"ImageObject\",\"inLanguage\":\"en-US\",\"@id\":\"https:\/\/orthodoxalbania.org\/2020\/2007\/02\/26\/femijet-kosovare-po-marrin-pjese-aktive-ne-kampet-e-kishes-sone-qershor-2007\/#primaryimage\",\"url\":\"https:\/\/lh5.googleusercontent.com\/-a3MTPb43LF8\/VIl-3gtsP4I\/AAAAAAAAGb0\/gALj_8KCQOQ\/w400-h266-no\/pic1.jpg\",\"contentUrl\":\"https:\/\/lh5.googleusercontent.com\/-a3MTPb43LF8\/VIl-3gtsP4I\/AAAAAAAAGb0\/gALj_8KCQOQ\/w400-h266-no\/pic1.jpg\"},{\"@type\":\"BreadcrumbList\",\"@id\":\"https:\/\/orthodoxalbania.org\/2020\/2007\/02\/26\/femijet-kosovare-po-marrin-pjese-aktive-ne-kampet-e-kishes-sone-qershor-2007\/#breadcrumb\",\"itemListElement\":[{\"@type\":\"ListItem\",\"position\":1,\"name\":\"Home\",\"item\":\"https:\/\/orthodoxalbania.org\/2020\/\"},{\"@type\":\"ListItem\",\"position\":2,\"name\":\"F\u00ebmij\u00ebt kosovar\u00eb po marrin pjes\u00eb aktive n\u00eb kampet e Kish\u00ebs son\u00eb. (Qershor 2007)\"}]},{\"@type\":\"WebSite\",\"@id\":\"https:\/\/orthodoxalbania.org\/2020\/#website\",\"url\":\"https:\/\/orthodoxalbania.org\/2020\/\",\"name\":\"Kisha Orthodh\u03bfkse Autoqefale e Shqip\u00ebris\u00eb\",\"description\":\"Fqja Zyrtare e Kish\u00ebs Orthodhokse Autoqefale e Shqip\u00ebris\u00eb me lajmet edhe informacionet zyrtare p\u00ebr struktur\u00ebn edhe veprimtarin e saj.\",\"publisher\":{\"@id\":\"https:\/\/orthodoxalbania.org\/2020\/#organization\"},\"potentialAction\":[{\"@type\":\"SearchAction\",\"target\":{\"@type\":\"EntryPoint\",\"urlTemplate\":\"https:\/\/orthodoxalbania.org\/2020\/?s={search_term_string}\"},\"query-input\":{\"@type\":\"PropertyValueSpecification\",\"valueRequired\":true,\"valueName\":\"search_term_string\"}}],\"inLanguage\":\"en-US\"},{\"@type\":\"Organization\",\"@id\":\"https:\/\/orthodoxalbania.org\/2020\/#organization\",\"name\":\"Kisha Orthodhokse Autoqefale e Shqip\u00ebris\u00eb\",\"url\":\"https:\/\/orthodoxalbania.org\/2020\/\",\"logo\":{\"@type\":\"ImageObject\",\"inLanguage\":\"en-US\",\"@id\":\"https:\/\/orthodoxalbania.org\/2020\/#\/schema\/logo\/image\/\",\"url\":\"https:\/\/orthodoxalbania.org\/2020\/wp-content\/uploads\/2020\/05\/albania.jpeg\",\"contentUrl\":\"https:\/\/orthodoxalbania.org\/2020\/wp-content\/uploads\/2020\/05\/albania.jpeg\",\"width\":540,\"height\":540,\"caption\":\"Kisha Orthodhokse Autoqefale e Shqip\u00ebris\u00eb\"},\"image\":{\"@id\":\"https:\/\/orthodoxalbania.org\/2020\/#\/schema\/logo\/image\/\"},\"sameAs\":[\"https:\/\/www.facebook.com\/koash1991\"]},{\"@type\":\"Person\",\"@id\":\"https:\/\/orthodoxalbania.org\/2020\/#\/schema\/person\/0c387634a7063ac612d7ed9ce71c7e86\",\"name\":\"Kisha Orthodhokse\",\"image\":{\"@type\":\"ImageObject\",\"inLanguage\":\"en-US\",\"@id\":\"https:\/\/secure.gravatar.com\/avatar\/596e7c417251e30f2fbb9c00e026fce61a695a00e51c889caded71c96cbbdde5?s=96&d=mm&r=g\",\"url\":\"https:\/\/secure.gravatar.com\/avatar\/596e7c417251e30f2fbb9c00e026fce61a695a00e51c889caded71c96cbbdde5?s=96&d=mm&r=g\",\"contentUrl\":\"https:\/\/secure.gravatar.com\/avatar\/596e7c417251e30f2fbb9c00e026fce61a695a00e51c889caded71c96cbbdde5?s=96&d=mm&r=g\",\"caption\":\"Kisha Orthodhokse\"}}]}<\/script>\n<!-- \/ Yoast SEO plugin. -->","yoast_head_json":{"title":"F\u00ebmij\u00ebt kosovar\u00eb po marrin pjes\u00eb aktive n\u00eb kampet e Kish\u00ebs son\u00eb. (Qershor 2007) - Kisha Orthodh\u03bfkse Autoqefale e Shqip\u00ebris\u00eb","robots":{"index":"index","follow":"follow","max-snippet":"max-snippet:-1","max-image-preview":"max-image-preview:large","max-video-preview":"max-video-preview:-1"},"canonical":"https:\/\/orthodoxalbania.org\/2020\/2007\/02\/26\/femijet-kosovare-po-marrin-pjese-aktive-ne-kampet-e-kishes-sone-qershor-2007\/","og_locale":"en_US","og_type":"article","og_title":"F\u00ebmij\u00ebt kosovar\u00eb po marrin pjes\u00eb aktive n\u00eb kampet e Kish\u00ebs son\u00eb. (Qershor 2007) - Kisha Orthodh\u03bfkse Autoqefale e Shqip\u00ebris\u00eb","og_description":"&nbsp;&nbsp;&nbsp; Kisha Orthodhokse Autoqefale e Shqip\u00ebris\u00eb, duke patur parasysh k\u00ebrkes\u00ebn e drejtorive t\u00eb disa shkollave si dhe me lejen e Kuvendit Komunal t\u00eb Komun\u00ebs s\u00eb Malishev\u00ebs, organizoi dhe financoi p\u00ebr t\u00eb gjasht\u00ebn vit radhazi kampingjet p\u00ebr f\u00ebmij\u00eb n\u00eb Kosov\u00eb. &nbsp;&nbsp;&nbsp; Ky aktivitet drejtohet nga Zyra e F\u00ebmij\u00ebve me drejtues t\u00eb saj Z. Nathan Hoppe, i mb\u00ebshtetur nga nj\u00eb staf i p\u00ebrb\u00ebr\u00eb prej 25 vet\u00ebsh, kryesisht","og_url":"https:\/\/orthodoxalbania.org\/2020\/2007\/02\/26\/femijet-kosovare-po-marrin-pjese-aktive-ne-kampet-e-kishes-sone-qershor-2007\/","og_site_name":"Kisha Orthodh\u03bfkse Autoqefale e Shqip\u00ebris\u00eb","article_publisher":"https:\/\/www.facebook.com\/koash1991","article_published_time":"2007-02-26T00:00:00+00:00","article_modified_time":"2020-04-06T20:35:52+00:00","og_image":[{"url":"https:\/\/lh5.googleusercontent.com\/-a3MTPb43LF8\/VIl-3gtsP4I\/AAAAAAAAGb0\/gALj_8KCQOQ\/w400-h266-no\/pic1.jpg","type":"","width":"","height":""}],"author":"Kisha Orthodhokse","twitter_card":"summary_large_image","twitter_misc":{"Written by":"Kisha Orthodhokse","Est. reading time":"3 minutes"},"schema":{"@context":"https:\/\/schema.org","@graph":[{"@type":"Article","@id":"https:\/\/orthodoxalbania.org\/2020\/2007\/02\/26\/femijet-kosovare-po-marrin-pjese-aktive-ne-kampet-e-kishes-sone-qershor-2007\/#article","isPartOf":{"@id":"https:\/\/orthodoxalbania.org\/2020\/2007\/02\/26\/femijet-kosovare-po-marrin-pjese-aktive-ne-kampet-e-kishes-sone-qershor-2007\/"},"author":{"name":"Kisha Orthodhokse","@id":"https:\/\/orthodoxalbania.org\/2020\/#\/schema\/person\/0c387634a7063ac612d7ed9ce71c7e86"},"headline":"F\u00ebmij\u00ebt kosovar\u00eb po marrin pjes\u00eb aktive n\u00eb kampet e Kish\u00ebs son\u00eb. (Qershor 2007)","datePublished":"2007-02-26T00:00:00+00:00","dateModified":"2020-04-06T20:35:52+00:00","mainEntityOfPage":{"@id":"https:\/\/orthodoxalbania.org\/2020\/2007\/02\/26\/femijet-kosovare-po-marrin-pjese-aktive-ne-kampet-e-kishes-sone-qershor-2007\/"},"wordCount":619,"commentCount":0,"publisher":{"@id":"https:\/\/orthodoxalbania.org\/2020\/#organization"},"image":{"@id":"https:\/\/orthodoxalbania.org\/2020\/2007\/02\/26\/femijet-kosovare-po-marrin-pjese-aktive-ne-kampet-e-kishes-sone-qershor-2007\/#primaryimage"},"thumbnailUrl":"https:\/\/lh5.googleusercontent.com\/-a3MTPb43LF8\/VIl-3gtsP4I\/AAAAAAAAGb0\/gALj_8KCQOQ\/w400-h266-no\/pic1.jpg","keywords":["2007","Kampe verore","Kryepiskopata Tiran\u00eb","lajme","Zyra e F\u00ebmij\u00ebve"],"articleSection":["Lajme"],"inLanguage":"en-US"},{"@type":"WebPage","@id":"https:\/\/orthodoxalbania.org\/2020\/2007\/02\/26\/femijet-kosovare-po-marrin-pjese-aktive-ne-kampet-e-kishes-sone-qershor-2007\/","url":"https:\/\/orthodoxalbania.org\/2020\/2007\/02\/26\/femijet-kosovare-po-marrin-pjese-aktive-ne-kampet-e-kishes-sone-qershor-2007\/","name":"F\u00ebmij\u00ebt kosovar\u00eb po marrin pjes\u00eb aktive n\u00eb kampet e Kish\u00ebs son\u00eb. (Qershor 2007) - Kisha Orthodh\u03bfkse Autoqefale e Shqip\u00ebris\u00eb","isPartOf":{"@id":"https:\/\/orthodoxalbania.org\/2020\/#website"},"primaryImageOfPage":{"@id":"https:\/\/orthodoxalbania.org\/2020\/2007\/02\/26\/femijet-kosovare-po-marrin-pjese-aktive-ne-kampet-e-kishes-sone-qershor-2007\/#primaryimage"},"image":{"@id":"https:\/\/orthodoxalbania.org\/2020\/2007\/02\/26\/femijet-kosovare-po-marrin-pjese-aktive-ne-kampet-e-kishes-sone-qershor-2007\/#primaryimage"},"thumbnailUrl":"https:\/\/lh5.googleusercontent.com\/-a3MTPb43LF8\/VIl-3gtsP4I\/AAAAAAAAGb0\/gALj_8KCQOQ\/w400-h266-no\/pic1.jpg","datePublished":"2007-02-26T00:00:00+00:00","dateModified":"2020-04-06T20:35:52+00:00","breadcrumb":{"@id":"https:\/\/orthodoxalbania.org\/2020\/2007\/02\/26\/femijet-kosovare-po-marrin-pjese-aktive-ne-kampet-e-kishes-sone-qershor-2007\/#breadcrumb"},"inLanguage":"en-US","potentialAction":[{"@type":"ReadAction","target":["https:\/\/orthodoxalbania.org\/2020\/2007\/02\/26\/femijet-kosovare-po-marrin-pjese-aktive-ne-kampet-e-kishes-sone-qershor-2007\/"]}]},{"@type":"ImageObject","inLanguage":"en-US","@id":"https:\/\/orthodoxalbania.org\/2020\/2007\/02\/26\/femijet-kosovare-po-marrin-pjese-aktive-ne-kampet-e-kishes-sone-qershor-2007\/#primaryimage","url":"https:\/\/lh5.googleusercontent.com\/-a3MTPb43LF8\/VIl-3gtsP4I\/AAAAAAAAGb0\/gALj_8KCQOQ\/w400-h266-no\/pic1.jpg","contentUrl":"https:\/\/lh5.googleusercontent.com\/-a3MTPb43LF8\/VIl-3gtsP4I\/AAAAAAAAGb0\/gALj_8KCQOQ\/w400-h266-no\/pic1.jpg"},{"@type":"BreadcrumbList","@id":"https:\/\/orthodoxalbania.org\/2020\/2007\/02\/26\/femijet-kosovare-po-marrin-pjese-aktive-ne-kampet-e-kishes-sone-qershor-2007\/#breadcrumb","itemListElement":[{"@type":"ListItem","position":1,"name":"Home","item":"https:\/\/orthodoxalbania.org\/2020\/"},{"@type":"ListItem","position":2,"name":"F\u00ebmij\u00ebt kosovar\u00eb po marrin pjes\u00eb aktive n\u00eb kampet e Kish\u00ebs son\u00eb. (Qershor 2007)"}]},{"@type":"WebSite","@id":"https:\/\/orthodoxalbania.org\/2020\/#website","url":"https:\/\/orthodoxalbania.org\/2020\/","name":"Kisha Orthodh\u03bfkse Autoqefale e Shqip\u00ebris\u00eb","description":"Fqja Zyrtare e Kish\u00ebs Orthodhokse Autoqefale e Shqip\u00ebris\u00eb me lajmet edhe informacionet zyrtare p\u00ebr struktur\u00ebn edhe veprimtarin e saj.","publisher":{"@id":"https:\/\/orthodoxalbania.org\/2020\/#organization"},"potentialAction":[{"@type":"SearchAction","target":{"@type":"EntryPoint","urlTemplate":"https:\/\/orthodoxalbania.org\/2020\/?s={search_term_string}"},"query-input":{"@type":"PropertyValueSpecification","valueRequired":true,"valueName":"search_term_string"}}],"inLanguage":"en-US"},{"@type":"Organization","@id":"https:\/\/orthodoxalbania.org\/2020\/#organization","name":"Kisha Orthodhokse Autoqefale e Shqip\u00ebris\u00eb","url":"https:\/\/orthodoxalbania.org\/2020\/","logo":{"@type":"ImageObject","inLanguage":"en-US","@id":"https:\/\/orthodoxalbania.org\/2020\/#\/schema\/logo\/image\/","url":"https:\/\/orthodoxalbania.org\/2020\/wp-content\/uploads\/2020\/05\/albania.jpeg","contentUrl":"https:\/\/orthodoxalbania.org\/2020\/wp-content\/uploads\/2020\/05\/albania.jpeg","width":540,"height":540,"caption":"Kisha Orthodhokse Autoqefale e Shqip\u00ebris\u00eb"},"image":{"@id":"https:\/\/orthodoxalbania.org\/2020\/#\/schema\/logo\/image\/"},"sameAs":["https:\/\/www.facebook.com\/koash1991"]},{"@type":"Person","@id":"https:\/\/orthodoxalbania.org\/2020\/#\/schema\/person\/0c387634a7063ac612d7ed9ce71c7e86","name":"Kisha Orthodhokse","image":{"@type":"ImageObject","inLanguage":"en-US","@id":"https:\/\/secure.gravatar.com\/avatar\/596e7c417251e30f2fbb9c00e026fce61a695a00e51c889caded71c96cbbdde5?s=96&d=mm&r=g","url":"https:\/\/secure.gravatar.com\/avatar\/596e7c417251e30f2fbb9c00e026fce61a695a00e51c889caded71c96cbbdde5?s=96&d=mm&r=g","contentUrl":"https:\/\/secure.gravatar.com\/avatar\/596e7c417251e30f2fbb9c00e026fce61a695a00e51c889caded71c96cbbdde5?s=96&d=mm&r=g","caption":"Kisha Orthodhokse"}}]}},"_links":{"self":[{"href":"https:\/\/orthodoxalbania.org\/2020\/wp-json\/wp\/v2\/posts\/513","targetHints":{"allow":["GET"]}}],"collection":[{"href":"https:\/\/orthodoxalbania.org\/2020\/wp-json\/wp\/v2\/posts"}],"about":[{"href":"https:\/\/orthodoxalbania.org\/2020\/wp-json\/wp\/v2\/types\/post"}],"author":[{"embeddable":true,"href":"https:\/\/orthodoxalbania.org\/2020\/wp-json\/wp\/v2\/users\/1"}],"replies":[{"embeddable":true,"href":"https:\/\/orthodoxalbania.org\/2020\/wp-json\/wp\/v2\/comments?post=513"}],"version-history":[{"count":1,"href":"https:\/\/orthodoxalbania.org\/2020\/wp-json\/wp\/v2\/posts\/513\/revisions"}],"predecessor-version":[{"id":15787,"href":"https:\/\/orthodoxalbania.org\/2020\/wp-json\/wp\/v2\/posts\/513\/revisions\/15787"}],"wp:attachment":[{"href":"https:\/\/orthodoxalbania.org\/2020\/wp-json\/wp\/v2\/media?parent=513"}],"wp:term":[{"taxonomy":"category","embeddable":true,"href":"https:\/\/orthodoxalbania.org\/2020\/wp-json\/wp\/v2\/categories?post=513"},{"taxonomy":"post_tag","embeddable":true,"href":"https:\/\/orthodoxalbania.org\/2020\/wp-json\/wp\/v2\/tags?post=513"}],"curies":[{"name":"wp","href":"https:\/\/api.w.org\/{rel}","templated":true}]}}