{"id":512,"date":"2006-02-26T00:00:00","date_gmt":"2006-02-26T00:00:00","guid":{"rendered":""},"modified":"2020-04-06T22:41:52","modified_gmt":"2020-04-06T20:41:52","slug":"femijet-e-tiranes-me-kolendrat-krishtlindje-06","status":"publish","type":"post","link":"https:\/\/orthodoxalbania.org\/2020\/2006\/02\/26\/femijet-e-tiranes-me-kolendrat-krishtlindje-06\/","title":{"rendered":"F\u00ebmij\u00ebt e Tiran\u00ebs me Kolendrat. (Dhjetor  2006)"},"content":{"rendered":"<table id=\"AutoNumber4\" style=\"width: 758px; height: 2240px;\" border=\"0\">\n<tbody>\n<tr>\n<td>\n<div style=\"text-align: justify;\"><span style=\"color: #000000; font-family: helvetica; font-size: 12pt;\">&nbsp;&nbsp;&nbsp; Edhe k\u00ebt\u00eb vit f\u00ebmij\u00ebt e kryeqytetit u mblodh\u00ebn s\u00eb bashku dhe shkuan n\u00eb disa familje besimtar\u00ebsh tiranase p\u00ebr t\u2019iu lajm\u00ebruar atyre ardhjen e fest\u00ebs s\u00eb Krishtlindjes, n\u00ebp\u00ebrmjet kolendrave (k\u00ebng\u00ebve tradicionale) dhe vizitave t\u00eb tyre ngaz\u00eblluese.<\/span><\/div>\n<\/td>\n<td>\n<div><span style=\"color: #000000; font-family: helvetica; font-size: 12pt;\"><img decoding=\"async\" class=\"lazyload HAa Eha\" style=\"border-width: 1px; border-style: solid; margin: 10px auto; display: block;\" alt=\"\" src=\"data:image\/gif;base64,R0lGODlhAQABAAAAACH5BAEKAAEALAAAAAABAAEAAAICTAEAOw==\" data-orig-src=\"https:\/\/lh6.googleusercontent.com\/-6ABAk-AqFoY\/VIgt4k5BLgI\/AAAAAAAAF4g\/68MnPcCFnH8\/w370-h278-no\/untitled1.jpg\" \/><\/span><\/div>\n<\/td>\n<\/tr>\n<tr>\n<td>\n<div><span style=\"color: #000000; font-family: helvetica; font-size: 12pt;\">&nbsp;&nbsp;&nbsp; <img decoding=\"async\" class=\"lazyload HAa Eha\" style=\"border-width: 1px; border-style: solid; margin: 10px auto; display: block;\" alt=\"\" src=\"data:image\/gif;base64,R0lGODlhAQABAAAAACH5BAEKAAEALAAAAAABAAEAAAICTAEAOw==\" data-orig-src=\"https:\/\/lh6.googleusercontent.com\/-VmWCsnX9nW8\/VIgt451O1fI\/AAAAAAAAF5M\/3rmrcq81mlo\/w370-h278-no\/untitled2.jpg\" \/><\/span><\/div>\n<\/td>\n<td>\n<div style=\"text-align: justify;\"><span style=\"color: #000000; font-family: helvetica; font-size: 12pt;\">&nbsp;&nbsp;&nbsp; Ata duke trokitur n\u00eb \u00e7do der\u00eb, k\u00ebndonin&nbsp; k\u00ebng\u00ebt tradicionale dhe t\u00eb reja krishtlindjesh, ku me z\u00ebrin e tyre t\u00eb \u00ebmb\u00ebl dhe melodioz ndan\u00eb me familjet tiranase g\u00ebzimin e k\u00ebsaj feste. Ata vizituan 35 familje, Mens\u00ebn e Kish\u00ebs son\u00eb p\u00ebr t\u00eb varfrit si edhe Kryepiskopat\u00ebn.<\/span><\/div>\n<\/td>\n<\/tr>\n<tr>\n<td>\n<div style=\"text-align: justify;\"><span style=\"color: #000000; font-family: helvetica; font-size: 12pt;\">&nbsp;&nbsp;&nbsp; Mbres\u00ebl\u00ebn\u00ebse ishte dhe vizita e tyre n\u00eb radion \u201cNgjalla\u201d ku drejtp\u00ebrs\u00ebdrejti n\u00eb val\u00ebt 88.5 MHz ata lajm\u00ebruan t\u00eb gjith\u00eb d\u00ebgjuesit p\u00ebr ardhjen e fest\u00ebs s\u00eb Krishtlindjes.<\/span><\/div>\n<\/td>\n<td>\n<div><span style=\"color: #000000; font-family: helvetica; font-size: 12pt;\"><img decoding=\"async\" class=\"lazyload HAa Eha\" style=\"border-width: 1px; border-style: solid; margin: 10px auto; display: block;\" alt=\"\" src=\"data:image\/gif;base64,R0lGODlhAQABAAAAACH5BAEKAAEALAAAAAABAAEAAAICTAEAOw==\" data-orig-src=\"https:\/\/lh6.googleusercontent.com\/-ckt5i2WnrZs\/VIgt4ifHuBI\/AAAAAAAAF5E\/ffJLQpCbG0g\/w370-h278-no\/untitled3.jpg\" \/><\/span><\/div>\n<\/td>\n<\/tr>\n<tr>\n<td>\n<div><span style=\"color: #000000; font-family: helvetica; font-size: 12pt;\">&nbsp;&nbsp;&nbsp; <img decoding=\"async\" class=\"lazyload HAa Eha\" style=\"border-width: 1px; border-style: solid; margin: 10px auto; display: block;\" alt=\"\" src=\"data:image\/gif;base64,R0lGODlhAQABAAAAACH5BAEKAAEALAAAAAABAAEAAAICTAEAOw==\" data-orig-src=\"https:\/\/lh5.googleusercontent.com\/-TMTK_ZpxHLc\/VIgt5K-Vq1I\/AAAAAAAAF48\/CLP7Tlk7wIc\/w370-h277-no\/untitled4.jpg\" \/><\/span><\/div>\n<\/td>\n<td>\n<div style=\"text-align: justify;\"><span style=\"color: #000000; font-family: helvetica; font-size: 12pt;\">&nbsp;&nbsp;&nbsp; N\u00eb nj\u00eb intervist\u00eb t\u00eb shkurt\u00ebr, f\u00ebmij\u00ebt shpreh\u00ebn g\u00ebzimin dhe k\u00ebnaq\u00ebsin\u00eb q\u00eb kishin ndjer\u00eb nga mikpritja e besimtar\u00ebve. N\u00eb fund t\u00eb emisionit f\u00ebmij\u00ebt u larguan duke dh\u00ebn\u00eb urimin e tyre p\u00ebr t\u00eb gjith\u00eb njer\u00ebzit: \u201cKrishti lindi! Lavd\u00ebrojeni At\u00eb!\u201d<\/span><\/div>\n<\/td>\n<\/tr>\n<tr>\n<td>\n<div style=\"text-align: justify;\"><span style=\"color: #000000; font-family: helvetica; font-size: 12pt;\">&nbsp;&nbsp;&nbsp; N\u00eb fund t\u00eb vizitave t\u00eb ardhurat q\u00eb f\u00ebmij\u00ebt mblodh\u00ebn nga besimtar\u00ebt vendos\u00ebn q\u00eb t\u2019ua shp\u00ebrndanin t\u00eb varf\u00ebrve\u201d.<\/span><\/div>\n<\/td>\n<td>\n<div><span style=\"color: #000000; font-family: helvetica; font-size: 12pt;\"><img decoding=\"async\" class=\"lazyload HAa Eha\" style=\"border-width: 1px; border-style: solid; margin: 10px auto; display: block;\" alt=\"\" src=\"data:image\/gif;base64,R0lGODlhAQABAAAAACH5BAEKAAEALAAAAAABAAEAAAICTAEAOw==\" data-orig-src=\"https:\/\/lh6.googleusercontent.com\/-asKBYg3X0qg\/VIgt5eXpS6I\/AAAAAAAAF4k\/i91OzSZOJjA\/w370-h277-no\/untitled5.jpg\" \/><\/span><\/div>\n<\/td>\n<\/tr>\n<tr>\n<td>\n<p><span style=\"color: #000000; font-family: helvetica; font-size: 12pt;\"><img decoding=\"async\" class=\"lazyload HAa Eha\" style=\"border-width: 1px; border-style: solid; margin: 10px auto; display: block;\" alt=\"\" src=\"data:image\/svg+xml,%3Csvg%20xmlns%3D%27http%3A%2F%2Fwww.w3.org%2F2000%2Fsvg%27%20width%3D%27334%27%20height%3D%27263%27%20viewBox%3D%270%200%20334%20263%27%3E%3Crect%20width%3D%27334%27%20height%3D%27263%27%20fill-opacity%3D%220%22%2F%3E%3C%2Fsvg%3E\" data-orig-src=\"https:\/\/lh4.googleusercontent.com\/-Cp7URR5nYtQ\/VIgt5mstCxI\/AAAAAAAAF4w\/I62zL672Mw8\/w370-h278-no\/untitled6.jpg\" height=\"263\" width=\"334\" \/><\/span><\/p>\n<\/td>\n<td>\n<div><span style=\"color: #000000; font-family: helvetica; font-size: 12pt;\"><img decoding=\"async\" class=\"lazyload HAa Eha\" style=\"margin: 10px auto; display: block; border: 1px solid;\" alt=\"\" src=\"data:image\/svg+xml,%3Csvg%20xmlns%3D%27http%3A%2F%2Fwww.w3.org%2F2000%2Fsvg%27%20width%3D%27334%27%20height%3D%27271%27%20viewBox%3D%270%200%20334%20271%27%3E%3Crect%20width%3D%27334%27%20height%3D%27271%27%20fill-opacity%3D%220%22%2F%3E%3C%2Fsvg%3E\" data-orig-src=\"https:\/\/lh6.googleusercontent.com\/-3HnC8iG1PzM\/VIgt54QaLnI\/AAAAAAAAF44\/WT91OzkkNVs\/w370-h278-no\/untitled7.jpg\" height=\"271\" width=\"334\" \/><\/span><\/div>\n<\/td>\n<\/tr>\n<tr>\n<td>\n<div><span style=\"color: #000000; font-family: helvetica; font-size: 12pt;\"><img decoding=\"async\" class=\"lazyload HAa Eha\" style=\"margin: 10px auto; display: block; border: 1px solid;\" alt=\"\" src=\"data:image\/svg+xml,%3Csvg%20xmlns%3D%27http%3A%2F%2Fwww.w3.org%2F2000%2Fsvg%27%20width%3D%27334%27%20height%3D%27251%27%20viewBox%3D%270%200%20334%20251%27%3E%3Crect%20width%3D%27334%27%20height%3D%27251%27%20fill-opacity%3D%220%22%2F%3E%3C%2Fsvg%3E\" data-orig-src=\"https:\/\/lh6.googleusercontent.com\/-wiu1nLGw2KE\/VIgt6cYsPYI\/AAAAAAAAF5A\/LqP236g205Q\/w370-h278-no\/untitled8.jpg\" height=\"251\" width=\"334\" \/><\/span><\/div>\n<\/td>\n<td>\n<div style=\"text-align: justify;\"><span style=\"font-family: helvetica; font-size: 12pt;\"><\/span><\/div>\n<\/td>\n<\/tr>\n<tr>\n<td>\n<div style=\"text-align: justify;\"><span style=\"font-family: helvetica; font-size: 12pt;\"><\/span><\/div>\n<\/td>\n<td style=\"text-align: justify;\">\n<div><span style=\"font-family: helvetica; font-size: 12pt;\"><\/span><\/div>\n<\/td>\n<\/tr>\n<tr>\n<td>\n<div style=\"text-align: justify;\"><span style=\"color: #000000; font-family: helvetica; font-size: 12pt;\">&nbsp;&nbsp;&nbsp;&nbsp;<\/span><\/div>\n<\/td>\n<td>\n<div style=\"text-align: justify;\"><span style=\"font-family: helvetica; font-size: 12pt;\"><\/span><\/div>\n<\/td>\n<\/tr>\n<tr>\n<td>\n<div style=\"text-align: justify;\"><span style=\"font-family: helvetica; font-size: 12pt;\"><\/span><\/div>\n<div style=\"text-align: justify;\"><span style=\"font-family: helvetica; font-size: 12pt;\"><\/span><\/div>\n<div style=\"text-align: justify;\"><span style=\"color: #000000; font-family: helvetica; font-size: 12pt;\"><strong>Gabriela Bezhani<\/strong><\/span><\/div>\n<\/td>\n<\/tr>\n<\/tbody>\n<\/table>\n<p>&nbsp;<\/p>\n","protected":false},"excerpt":{"rendered":"<p>&nbsp;&nbsp;&nbsp; Edhe k\u00ebt\u00eb vit f\u00ebmij\u00ebt e kryeqytetit u mblodh\u00ebn s\u00eb bashku dhe shkuan n\u00eb disa familje besimtar\u00ebsh tiranase p\u00ebr t\u2019iu lajm\u00ebruar atyre ardhjen e fest\u00ebs s\u00eb Krishtlindjes, n\u00ebp\u00ebrmjet kolendrave (k\u00ebng\u00ebve tradicionale) dhe vizitave t\u00eb tyre ngaz\u00eblluese. &nbsp;&nbsp;&nbsp; &nbsp;&nbsp;&nbsp; Ata duke trokitur n\u00eb \u00e7do der\u00eb, k\u00ebndonin&nbsp; k\u00ebng\u00ebt tradicionale dhe t\u00eb reja krishtlindjesh, ku me z\u00ebrin e tyre t\u00eb \u00ebmb\u00ebl dhe melodioz ndan\u00eb me familjet tiranase g\u00ebzimin<\/p>\n","protected":false},"author":1,"featured_media":0,"comment_status":"open","ping_status":"open","sticky":false,"template":"","format":"standard","meta":{"_acf_changed":false,"pagelayer_contact_templates":[],"_pagelayer_content":"","inline_featured_image":false,"fifu_image_url":"","fifu_image_alt":"","footnotes":""},"categories":[108],"tags":[148,192,196,212],"class_list":["post-512","post","type-post","status-publish","format-standard","hentry","category-lajme","tag-148","tag-krishtlindje","tag-tirane","tag-lajme-d27"],"acf":[],"yoast_head":"<!-- This site is optimized with the Yoast SEO plugin v27.2 - https:\/\/yoast.com\/product\/yoast-seo-wordpress\/ -->\n<title>F\u00ebmij\u00ebt e Tiran\u00ebs me Kolendrat. (Dhjetor 2006) - Kisha Orthodh\u03bfkse Autoqefale e Shqip\u00ebris\u00eb<\/title>\n<meta name=\"robots\" content=\"index, follow, max-snippet:-1, max-image-preview:large, max-video-preview:-1\" \/>\n<link rel=\"canonical\" href=\"https:\/\/orthodoxalbania.org\/2020\/2006\/02\/26\/femijet-e-tiranes-me-kolendrat-krishtlindje-06\/\" \/>\n<meta property=\"og:locale\" content=\"en_US\" \/>\n<meta property=\"og:type\" content=\"article\" \/>\n<meta property=\"og:title\" content=\"F\u00ebmij\u00ebt e Tiran\u00ebs me Kolendrat. (Dhjetor 2006) - Kisha Orthodh\u03bfkse Autoqefale e Shqip\u00ebris\u00eb\" \/>\n<meta property=\"og:description\" content=\"&nbsp;&nbsp;&nbsp; Edhe k\u00ebt\u00eb vit f\u00ebmij\u00ebt e kryeqytetit u mblodh\u00ebn s\u00eb bashku dhe shkuan n\u00eb disa familje besimtar\u00ebsh tiranase p\u00ebr t\u2019iu lajm\u00ebruar atyre ardhjen e fest\u00ebs s\u00eb Krishtlindjes, n\u00ebp\u00ebrmjet kolendrave (k\u00ebng\u00ebve tradicionale) dhe vizitave t\u00eb tyre ngaz\u00eblluese. &nbsp;&nbsp;&nbsp; &nbsp;&nbsp;&nbsp; Ata duke trokitur n\u00eb \u00e7do der\u00eb, k\u00ebndonin&nbsp; k\u00ebng\u00ebt tradicionale dhe t\u00eb reja krishtlindjesh, ku me z\u00ebrin e tyre t\u00eb \u00ebmb\u00ebl dhe melodioz ndan\u00eb me familjet tiranase g\u00ebzimin\" \/>\n<meta property=\"og:url\" content=\"https:\/\/orthodoxalbania.org\/2020\/2006\/02\/26\/femijet-e-tiranes-me-kolendrat-krishtlindje-06\/\" \/>\n<meta property=\"og:site_name\" content=\"Kisha Orthodh\u03bfkse Autoqefale e Shqip\u00ebris\u00eb\" \/>\n<meta property=\"article:publisher\" content=\"https:\/\/www.facebook.com\/koash1991\" \/>\n<meta property=\"article:published_time\" content=\"2006-02-26T00:00:00+00:00\" \/>\n<meta property=\"article:modified_time\" content=\"2020-04-06T20:41:52+00:00\" \/>\n<meta property=\"og:image\" content=\"https:\/\/lh6.googleusercontent.com\/-6ABAk-AqFoY\/VIgt4k5BLgI\/AAAAAAAAF4g\/68MnPcCFnH8\/w370-h278-no\/untitled1.jpg\" \/>\n<meta name=\"author\" content=\"Kisha Orthodhokse\" \/>\n<meta name=\"twitter:card\" content=\"summary_large_image\" \/>\n<meta name=\"twitter:label1\" content=\"Written by\" \/>\n\t<meta name=\"twitter:data1\" content=\"Kisha Orthodhokse\" \/>\n\t<meta name=\"twitter:label2\" content=\"Est. reading time\" \/>\n\t<meta name=\"twitter:data2\" content=\"1 minute\" \/>\n<script type=\"application\/ld+json\" class=\"yoast-schema-graph\">{\"@context\":\"https:\/\/schema.org\",\"@graph\":[{\"@type\":\"Article\",\"@id\":\"https:\/\/orthodoxalbania.org\/2020\/2006\/02\/26\/femijet-e-tiranes-me-kolendrat-krishtlindje-06\/#article\",\"isPartOf\":{\"@id\":\"https:\/\/orthodoxalbania.org\/2020\/2006\/02\/26\/femijet-e-tiranes-me-kolendrat-krishtlindje-06\/\"},\"author\":{\"name\":\"Kisha Orthodhokse\",\"@id\":\"https:\/\/orthodoxalbania.org\/2020\/#\/schema\/person\/0c387634a7063ac612d7ed9ce71c7e86\"},\"headline\":\"F\u00ebmij\u00ebt e Tiran\u00ebs me Kolendrat. (Dhjetor 2006)\",\"datePublished\":\"2006-02-26T00:00:00+00:00\",\"dateModified\":\"2020-04-06T20:41:52+00:00\",\"mainEntityOfPage\":{\"@id\":\"https:\/\/orthodoxalbania.org\/2020\/2006\/02\/26\/femijet-e-tiranes-me-kolendrat-krishtlindje-06\/\"},\"wordCount\":252,\"commentCount\":0,\"publisher\":{\"@id\":\"https:\/\/orthodoxalbania.org\/2020\/#organization\"},\"image\":{\"@id\":\"https:\/\/orthodoxalbania.org\/2020\/2006\/02\/26\/femijet-e-tiranes-me-kolendrat-krishtlindje-06\/#primaryimage\"},\"thumbnailUrl\":\"https:\/\/lh6.googleusercontent.com\/-6ABAk-AqFoY\/VIgt4k5BLgI\/AAAAAAAAF4g\/68MnPcCFnH8\/w370-h278-no\/untitled1.jpg\",\"keywords\":[\"2006\",\"Krishtlindje\",\"Kryepiskopata Tiran\u00eb\",\"lajme\"],\"articleSection\":[\"Lajme\"],\"inLanguage\":\"en-US\"},{\"@type\":\"WebPage\",\"@id\":\"https:\/\/orthodoxalbania.org\/2020\/2006\/02\/26\/femijet-e-tiranes-me-kolendrat-krishtlindje-06\/\",\"url\":\"https:\/\/orthodoxalbania.org\/2020\/2006\/02\/26\/femijet-e-tiranes-me-kolendrat-krishtlindje-06\/\",\"name\":\"F\u00ebmij\u00ebt e Tiran\u00ebs me Kolendrat. (Dhjetor 2006) - Kisha Orthodh\u03bfkse Autoqefale e Shqip\u00ebris\u00eb\",\"isPartOf\":{\"@id\":\"https:\/\/orthodoxalbania.org\/2020\/#website\"},\"primaryImageOfPage\":{\"@id\":\"https:\/\/orthodoxalbania.org\/2020\/2006\/02\/26\/femijet-e-tiranes-me-kolendrat-krishtlindje-06\/#primaryimage\"},\"image\":{\"@id\":\"https:\/\/orthodoxalbania.org\/2020\/2006\/02\/26\/femijet-e-tiranes-me-kolendrat-krishtlindje-06\/#primaryimage\"},\"thumbnailUrl\":\"https:\/\/lh6.googleusercontent.com\/-6ABAk-AqFoY\/VIgt4k5BLgI\/AAAAAAAAF4g\/68MnPcCFnH8\/w370-h278-no\/untitled1.jpg\",\"datePublished\":\"2006-02-26T00:00:00+00:00\",\"dateModified\":\"2020-04-06T20:41:52+00:00\",\"breadcrumb\":{\"@id\":\"https:\/\/orthodoxalbania.org\/2020\/2006\/02\/26\/femijet-e-tiranes-me-kolendrat-krishtlindje-06\/#breadcrumb\"},\"inLanguage\":\"en-US\",\"potentialAction\":[{\"@type\":\"ReadAction\",\"target\":[\"https:\/\/orthodoxalbania.org\/2020\/2006\/02\/26\/femijet-e-tiranes-me-kolendrat-krishtlindje-06\/\"]}]},{\"@type\":\"ImageObject\",\"inLanguage\":\"en-US\",\"@id\":\"https:\/\/orthodoxalbania.org\/2020\/2006\/02\/26\/femijet-e-tiranes-me-kolendrat-krishtlindje-06\/#primaryimage\",\"url\":\"https:\/\/lh6.googleusercontent.com\/-6ABAk-AqFoY\/VIgt4k5BLgI\/AAAAAAAAF4g\/68MnPcCFnH8\/w370-h278-no\/untitled1.jpg\",\"contentUrl\":\"https:\/\/lh6.googleusercontent.com\/-6ABAk-AqFoY\/VIgt4k5BLgI\/AAAAAAAAF4g\/68MnPcCFnH8\/w370-h278-no\/untitled1.jpg\"},{\"@type\":\"BreadcrumbList\",\"@id\":\"https:\/\/orthodoxalbania.org\/2020\/2006\/02\/26\/femijet-e-tiranes-me-kolendrat-krishtlindje-06\/#breadcrumb\",\"itemListElement\":[{\"@type\":\"ListItem\",\"position\":1,\"name\":\"Home\",\"item\":\"https:\/\/orthodoxalbania.org\/2020\/\"},{\"@type\":\"ListItem\",\"position\":2,\"name\":\"F\u00ebmij\u00ebt e Tiran\u00ebs me Kolendrat. (Dhjetor 2006)\"}]},{\"@type\":\"WebSite\",\"@id\":\"https:\/\/orthodoxalbania.org\/2020\/#website\",\"url\":\"https:\/\/orthodoxalbania.org\/2020\/\",\"name\":\"Kisha Orthodh\u03bfkse Autoqefale e Shqip\u00ebris\u00eb\",\"description\":\"Fqja Zyrtare e Kish\u00ebs Orthodhokse Autoqefale e Shqip\u00ebris\u00eb me lajmet edhe informacionet zyrtare p\u00ebr struktur\u00ebn edhe veprimtarin e saj.\",\"publisher\":{\"@id\":\"https:\/\/orthodoxalbania.org\/2020\/#organization\"},\"potentialAction\":[{\"@type\":\"SearchAction\",\"target\":{\"@type\":\"EntryPoint\",\"urlTemplate\":\"https:\/\/orthodoxalbania.org\/2020\/?s={search_term_string}\"},\"query-input\":{\"@type\":\"PropertyValueSpecification\",\"valueRequired\":true,\"valueName\":\"search_term_string\"}}],\"inLanguage\":\"en-US\"},{\"@type\":\"Organization\",\"@id\":\"https:\/\/orthodoxalbania.org\/2020\/#organization\",\"name\":\"Kisha Orthodhokse Autoqefale e Shqip\u00ebris\u00eb\",\"url\":\"https:\/\/orthodoxalbania.org\/2020\/\",\"logo\":{\"@type\":\"ImageObject\",\"inLanguage\":\"en-US\",\"@id\":\"https:\/\/orthodoxalbania.org\/2020\/#\/schema\/logo\/image\/\",\"url\":\"https:\/\/orthodoxalbania.org\/2020\/wp-content\/uploads\/2020\/05\/albania.jpeg\",\"contentUrl\":\"https:\/\/orthodoxalbania.org\/2020\/wp-content\/uploads\/2020\/05\/albania.jpeg\",\"width\":540,\"height\":540,\"caption\":\"Kisha Orthodhokse Autoqefale e Shqip\u00ebris\u00eb\"},\"image\":{\"@id\":\"https:\/\/orthodoxalbania.org\/2020\/#\/schema\/logo\/image\/\"},\"sameAs\":[\"https:\/\/www.facebook.com\/koash1991\"]},{\"@type\":\"Person\",\"@id\":\"https:\/\/orthodoxalbania.org\/2020\/#\/schema\/person\/0c387634a7063ac612d7ed9ce71c7e86\",\"name\":\"Kisha Orthodhokse\",\"image\":{\"@type\":\"ImageObject\",\"inLanguage\":\"en-US\",\"@id\":\"https:\/\/secure.gravatar.com\/avatar\/596e7c417251e30f2fbb9c00e026fce61a695a00e51c889caded71c96cbbdde5?s=96&d=mm&r=g\",\"url\":\"https:\/\/secure.gravatar.com\/avatar\/596e7c417251e30f2fbb9c00e026fce61a695a00e51c889caded71c96cbbdde5?s=96&d=mm&r=g\",\"contentUrl\":\"https:\/\/secure.gravatar.com\/avatar\/596e7c417251e30f2fbb9c00e026fce61a695a00e51c889caded71c96cbbdde5?s=96&d=mm&r=g\",\"caption\":\"Kisha Orthodhokse\"}}]}<\/script>\n<!-- \/ Yoast SEO plugin. -->","yoast_head_json":{"title":"F\u00ebmij\u00ebt e Tiran\u00ebs me Kolendrat. (Dhjetor 2006) - Kisha Orthodh\u03bfkse Autoqefale e Shqip\u00ebris\u00eb","robots":{"index":"index","follow":"follow","max-snippet":"max-snippet:-1","max-image-preview":"max-image-preview:large","max-video-preview":"max-video-preview:-1"},"canonical":"https:\/\/orthodoxalbania.org\/2020\/2006\/02\/26\/femijet-e-tiranes-me-kolendrat-krishtlindje-06\/","og_locale":"en_US","og_type":"article","og_title":"F\u00ebmij\u00ebt e Tiran\u00ebs me Kolendrat. (Dhjetor 2006) - Kisha Orthodh\u03bfkse Autoqefale e Shqip\u00ebris\u00eb","og_description":"&nbsp;&nbsp;&nbsp; Edhe k\u00ebt\u00eb vit f\u00ebmij\u00ebt e kryeqytetit u mblodh\u00ebn s\u00eb bashku dhe shkuan n\u00eb disa familje besimtar\u00ebsh tiranase p\u00ebr t\u2019iu lajm\u00ebruar atyre ardhjen e fest\u00ebs s\u00eb Krishtlindjes, n\u00ebp\u00ebrmjet kolendrave (k\u00ebng\u00ebve tradicionale) dhe vizitave t\u00eb tyre ngaz\u00eblluese. &nbsp;&nbsp;&nbsp; &nbsp;&nbsp;&nbsp; Ata duke trokitur n\u00eb \u00e7do der\u00eb, k\u00ebndonin&nbsp; k\u00ebng\u00ebt tradicionale dhe t\u00eb reja krishtlindjesh, ku me z\u00ebrin e tyre t\u00eb \u00ebmb\u00ebl dhe melodioz ndan\u00eb me familjet tiranase g\u00ebzimin","og_url":"https:\/\/orthodoxalbania.org\/2020\/2006\/02\/26\/femijet-e-tiranes-me-kolendrat-krishtlindje-06\/","og_site_name":"Kisha Orthodh\u03bfkse Autoqefale e Shqip\u00ebris\u00eb","article_publisher":"https:\/\/www.facebook.com\/koash1991","article_published_time":"2006-02-26T00:00:00+00:00","article_modified_time":"2020-04-06T20:41:52+00:00","og_image":[{"url":"https:\/\/lh6.googleusercontent.com\/-6ABAk-AqFoY\/VIgt4k5BLgI\/AAAAAAAAF4g\/68MnPcCFnH8\/w370-h278-no\/untitled1.jpg","type":"","width":"","height":""}],"author":"Kisha Orthodhokse","twitter_card":"summary_large_image","twitter_misc":{"Written by":"Kisha Orthodhokse","Est. reading time":"1 minute"},"schema":{"@context":"https:\/\/schema.org","@graph":[{"@type":"Article","@id":"https:\/\/orthodoxalbania.org\/2020\/2006\/02\/26\/femijet-e-tiranes-me-kolendrat-krishtlindje-06\/#article","isPartOf":{"@id":"https:\/\/orthodoxalbania.org\/2020\/2006\/02\/26\/femijet-e-tiranes-me-kolendrat-krishtlindje-06\/"},"author":{"name":"Kisha Orthodhokse","@id":"https:\/\/orthodoxalbania.org\/2020\/#\/schema\/person\/0c387634a7063ac612d7ed9ce71c7e86"},"headline":"F\u00ebmij\u00ebt e Tiran\u00ebs me Kolendrat. (Dhjetor 2006)","datePublished":"2006-02-26T00:00:00+00:00","dateModified":"2020-04-06T20:41:52+00:00","mainEntityOfPage":{"@id":"https:\/\/orthodoxalbania.org\/2020\/2006\/02\/26\/femijet-e-tiranes-me-kolendrat-krishtlindje-06\/"},"wordCount":252,"commentCount":0,"publisher":{"@id":"https:\/\/orthodoxalbania.org\/2020\/#organization"},"image":{"@id":"https:\/\/orthodoxalbania.org\/2020\/2006\/02\/26\/femijet-e-tiranes-me-kolendrat-krishtlindje-06\/#primaryimage"},"thumbnailUrl":"https:\/\/lh6.googleusercontent.com\/-6ABAk-AqFoY\/VIgt4k5BLgI\/AAAAAAAAF4g\/68MnPcCFnH8\/w370-h278-no\/untitled1.jpg","keywords":["2006","Krishtlindje","Kryepiskopata Tiran\u00eb","lajme"],"articleSection":["Lajme"],"inLanguage":"en-US"},{"@type":"WebPage","@id":"https:\/\/orthodoxalbania.org\/2020\/2006\/02\/26\/femijet-e-tiranes-me-kolendrat-krishtlindje-06\/","url":"https:\/\/orthodoxalbania.org\/2020\/2006\/02\/26\/femijet-e-tiranes-me-kolendrat-krishtlindje-06\/","name":"F\u00ebmij\u00ebt e Tiran\u00ebs me Kolendrat. (Dhjetor 2006) - Kisha Orthodh\u03bfkse Autoqefale e Shqip\u00ebris\u00eb","isPartOf":{"@id":"https:\/\/orthodoxalbania.org\/2020\/#website"},"primaryImageOfPage":{"@id":"https:\/\/orthodoxalbania.org\/2020\/2006\/02\/26\/femijet-e-tiranes-me-kolendrat-krishtlindje-06\/#primaryimage"},"image":{"@id":"https:\/\/orthodoxalbania.org\/2020\/2006\/02\/26\/femijet-e-tiranes-me-kolendrat-krishtlindje-06\/#primaryimage"},"thumbnailUrl":"https:\/\/lh6.googleusercontent.com\/-6ABAk-AqFoY\/VIgt4k5BLgI\/AAAAAAAAF4g\/68MnPcCFnH8\/w370-h278-no\/untitled1.jpg","datePublished":"2006-02-26T00:00:00+00:00","dateModified":"2020-04-06T20:41:52+00:00","breadcrumb":{"@id":"https:\/\/orthodoxalbania.org\/2020\/2006\/02\/26\/femijet-e-tiranes-me-kolendrat-krishtlindje-06\/#breadcrumb"},"inLanguage":"en-US","potentialAction":[{"@type":"ReadAction","target":["https:\/\/orthodoxalbania.org\/2020\/2006\/02\/26\/femijet-e-tiranes-me-kolendrat-krishtlindje-06\/"]}]},{"@type":"ImageObject","inLanguage":"en-US","@id":"https:\/\/orthodoxalbania.org\/2020\/2006\/02\/26\/femijet-e-tiranes-me-kolendrat-krishtlindje-06\/#primaryimage","url":"https:\/\/lh6.googleusercontent.com\/-6ABAk-AqFoY\/VIgt4k5BLgI\/AAAAAAAAF4g\/68MnPcCFnH8\/w370-h278-no\/untitled1.jpg","contentUrl":"https:\/\/lh6.googleusercontent.com\/-6ABAk-AqFoY\/VIgt4k5BLgI\/AAAAAAAAF4g\/68MnPcCFnH8\/w370-h278-no\/untitled1.jpg"},{"@type":"BreadcrumbList","@id":"https:\/\/orthodoxalbania.org\/2020\/2006\/02\/26\/femijet-e-tiranes-me-kolendrat-krishtlindje-06\/#breadcrumb","itemListElement":[{"@type":"ListItem","position":1,"name":"Home","item":"https:\/\/orthodoxalbania.org\/2020\/"},{"@type":"ListItem","position":2,"name":"F\u00ebmij\u00ebt e Tiran\u00ebs me Kolendrat. (Dhjetor 2006)"}]},{"@type":"WebSite","@id":"https:\/\/orthodoxalbania.org\/2020\/#website","url":"https:\/\/orthodoxalbania.org\/2020\/","name":"Kisha Orthodh\u03bfkse Autoqefale e Shqip\u00ebris\u00eb","description":"Fqja Zyrtare e Kish\u00ebs Orthodhokse Autoqefale e Shqip\u00ebris\u00eb me lajmet edhe informacionet zyrtare p\u00ebr struktur\u00ebn edhe veprimtarin e saj.","publisher":{"@id":"https:\/\/orthodoxalbania.org\/2020\/#organization"},"potentialAction":[{"@type":"SearchAction","target":{"@type":"EntryPoint","urlTemplate":"https:\/\/orthodoxalbania.org\/2020\/?s={search_term_string}"},"query-input":{"@type":"PropertyValueSpecification","valueRequired":true,"valueName":"search_term_string"}}],"inLanguage":"en-US"},{"@type":"Organization","@id":"https:\/\/orthodoxalbania.org\/2020\/#organization","name":"Kisha Orthodhokse Autoqefale e Shqip\u00ebris\u00eb","url":"https:\/\/orthodoxalbania.org\/2020\/","logo":{"@type":"ImageObject","inLanguage":"en-US","@id":"https:\/\/orthodoxalbania.org\/2020\/#\/schema\/logo\/image\/","url":"https:\/\/orthodoxalbania.org\/2020\/wp-content\/uploads\/2020\/05\/albania.jpeg","contentUrl":"https:\/\/orthodoxalbania.org\/2020\/wp-content\/uploads\/2020\/05\/albania.jpeg","width":540,"height":540,"caption":"Kisha Orthodhokse Autoqefale e Shqip\u00ebris\u00eb"},"image":{"@id":"https:\/\/orthodoxalbania.org\/2020\/#\/schema\/logo\/image\/"},"sameAs":["https:\/\/www.facebook.com\/koash1991"]},{"@type":"Person","@id":"https:\/\/orthodoxalbania.org\/2020\/#\/schema\/person\/0c387634a7063ac612d7ed9ce71c7e86","name":"Kisha Orthodhokse","image":{"@type":"ImageObject","inLanguage":"en-US","@id":"https:\/\/secure.gravatar.com\/avatar\/596e7c417251e30f2fbb9c00e026fce61a695a00e51c889caded71c96cbbdde5?s=96&d=mm&r=g","url":"https:\/\/secure.gravatar.com\/avatar\/596e7c417251e30f2fbb9c00e026fce61a695a00e51c889caded71c96cbbdde5?s=96&d=mm&r=g","contentUrl":"https:\/\/secure.gravatar.com\/avatar\/596e7c417251e30f2fbb9c00e026fce61a695a00e51c889caded71c96cbbdde5?s=96&d=mm&r=g","caption":"Kisha Orthodhokse"}}]}},"_links":{"self":[{"href":"https:\/\/orthodoxalbania.org\/2020\/wp-json\/wp\/v2\/posts\/512","targetHints":{"allow":["GET"]}}],"collection":[{"href":"https:\/\/orthodoxalbania.org\/2020\/wp-json\/wp\/v2\/posts"}],"about":[{"href":"https:\/\/orthodoxalbania.org\/2020\/wp-json\/wp\/v2\/types\/post"}],"author":[{"embeddable":true,"href":"https:\/\/orthodoxalbania.org\/2020\/wp-json\/wp\/v2\/users\/1"}],"replies":[{"embeddable":true,"href":"https:\/\/orthodoxalbania.org\/2020\/wp-json\/wp\/v2\/comments?post=512"}],"version-history":[{"count":1,"href":"https:\/\/orthodoxalbania.org\/2020\/wp-json\/wp\/v2\/posts\/512\/revisions"}],"predecessor-version":[{"id":15849,"href":"https:\/\/orthodoxalbania.org\/2020\/wp-json\/wp\/v2\/posts\/512\/revisions\/15849"}],"wp:attachment":[{"href":"https:\/\/orthodoxalbania.org\/2020\/wp-json\/wp\/v2\/media?parent=512"}],"wp:term":[{"taxonomy":"category","embeddable":true,"href":"https:\/\/orthodoxalbania.org\/2020\/wp-json\/wp\/v2\/categories?post=512"},{"taxonomy":"post_tag","embeddable":true,"href":"https:\/\/orthodoxalbania.org\/2020\/wp-json\/wp\/v2\/tags?post=512"}],"curies":[{"name":"wp","href":"https:\/\/api.w.org\/{rel}","templated":true}]}}