{"id":511,"date":"2007-02-26T00:00:00","date_gmt":"2007-02-26T00:00:00","guid":{"rendered":""},"modified":"2020-04-06T22:35:51","modified_gmt":"2020-04-06T20:35:51","slug":"femije-dhe-te-rinj-duke-kenduar-kolendrat-ne-tirane-dhjetor-2007","status":"publish","type":"post","link":"https:\/\/orthodoxalbania.org\/2020\/2007\/02\/26\/femije-dhe-te-rinj-duke-kenduar-kolendrat-ne-tirane-dhjetor-2007\/","title":{"rendered":"F\u00ebmij\u00eb dhe t\u00eb rinj duke k\u00ebnduar kolendrat n\u00eb Tiran\u00eb. (Dhjetor 2007)"},"content":{"rendered":"<p style=\"text-align: justify;\"><span style=\"color: #000000;\"><span style=\"font-family: tahoma,geneva,sans-serif;\"><span style=\"font-size: 12px;\">&nbsp;<img decoding=\"async\" class=\"lazyload HAa Eha\" style=\"border-width: 1px; border-style: solid; margin: 10px; float: left;\" alt=\"\" src=\"data:image\/gif;base64,R0lGODlhAQABAAAAACH5BAEKAAEALAAAAAABAAEAAAICTAEAOw==\" data-orig-src=\"https:\/\/lh3.googleusercontent.com\/-S2yByybSqoo\/VIrlP5mMBSI\/AAAAAAAAHKg\/kxhwuwxazoI\/w320-h236-no\/1.jpg\" \/>&nbsp;&nbsp; \u201cKolendrat, kolendrat sot, g\u00ebzuar p\u00ebr shum\u00eb mot, zot\u00ebrinj dhe zonja. Neve vijm\u00eb t\u2019ju urojm\u00eb si edhe t\u2019ju lajm\u00ebrojm\u00eb zot\u00ebrinj dhe zonja.\u201d K\u00ebto ishin vargjet t\u00eb cilat pushtuan shumic\u00ebn e rrug\u00ebve t\u00eb Tiran\u00ebs, gjat\u00eb datave 23 dhe 24 dhjetor.<\/span><\/span><\/span><\/p>\n<p style=\"text-align: justify;\"><span style=\"color: #000000;\"><span style=\"font-family: tahoma,geneva,sans-serif;\"><span style=\"font-size: 12px;\">&nbsp;&nbsp;&nbsp; P\u00ebrcjellja e mesazhit t\u00eb lindjes s\u00eb Krishtit n\u00eb familjet e krishtera, \u00ebsht\u00eb b\u00ebr\u00eb nj\u00eb iniciativ\u00eb e p\u00ebrvitshme, ku t\u00eb rinj dhe f\u00ebmij\u00eb t\u00eb g\u00ebzuar trokasin n\u00eb dyert e familjeve p\u00ebr t\u2019i lajm\u00ebruar se po afrojn\u00eb Krishtlindjet dhe duhet t\u00eb b\u00ebhen gati, duke i shtuar k\u00ebshtu edhe m\u00eb shum\u00eb g\u00ebzimin k\u00ebsaj feste.<\/span><\/span><\/span><\/p>\n<p style=\"text-align: justify;\"><span style=\"color: #000000;\"><span style=\"font-family: tahoma,geneva,sans-serif;\"><span style=\"font-size: 12px;\">&nbsp;&nbsp;&nbsp; Edhe k\u00ebt\u00eb vit rreth 45 f\u00ebmij\u00eb t\u00eb organizuar nga koordinator\u00ebt e Zyr\u00ebs Komb\u00ebtare t\u00eb F\u00ebmij\u00ebve k\u00ebnduan kolendrat n\u00eb 30 familje besimtar\u00ebsh t\u00eb qytetit. Por ata k\u00ebnduan kolendrat edhe n\u00eb Kryepiskopat\u00ebn e Hirshme, ku pat\u00ebn bekimin t\u00eb takonin dhe Fortlumturin\u00eb e Tij Kryepiskopin Anastas, i cili i priti ata me shum\u00eb g\u00ebzim. Ai i k\u00ebrkoi f\u00ebmij\u00ebve q\u00eb t\u00eb vinin n\u00eb kish\u00eb dhe t\u00eb merrnin pjes\u00eb n\u00eb Liturgjin\u00eb Hyjnore dhe t\u00eb festonim s\u00eb bashku Krishtlindjet. Kryepiskopi&nbsp; n\u00eb fund u ndau f\u00ebmij\u00ebve dhurata me rastin e fest\u00ebs. Ai gjithashtu i pyeti f\u00ebmij\u00ebt:&nbsp; \u201c\u00c7far\u00eb do t\u00eb b\u00ebni me parat\u00eb e mbledhura nga kolendrat?\u201d&nbsp; dhe ata iu p\u00ebrgjigj\u00ebn se do t\u00eb shkonin n\u00eb ndihm\u00eb t\u00eb nj\u00eb gruaje t\u00eb paralizuar, e cila ka p\u00ebsuar nj\u00eb aksident t\u00eb r\u00ebnd\u00eb automobilistik koh\u00ebt e fundit. N\u00eb dit\u00ebn e fest\u00ebs k\u00ebto para t\u00eb mbledhura iu d\u00ebrguan k\u00ebsaj gruaje si dhurat\u00eb p\u00ebr Krishtlindje.<\/span><\/span><\/span><\/p>\n<p style=\"text-align: justify;\"><span style=\"color: #000000;\"><span style=\"font-family: tahoma,geneva,sans-serif;\"><span style=\"font-size: 12px;\"><img decoding=\"async\" class=\"lazyload HAa Eha\" style=\"border-width: 1px; border-style: solid; margin: 10px; float: right;\" alt=\"\" src=\"data:image\/gif;base64,R0lGODlhAQABAAAAACH5BAEKAAEALAAAAAABAAEAAAICTAEAOw==\" data-orig-src=\"https:\/\/lh4.googleusercontent.com\/-EGyyVIpc0gw\/VIrlP2_VJ-I\/AAAAAAAAHKs\/bVPct7n29sI\/w320-h212-no\/2.jpg\" \/>&nbsp;&nbsp;&nbsp; Gjithashtu f\u00ebmij\u00ebt k\u00ebnduan kolendrat edhe tek sht\u00ebpia e motrave t\u00eb N\u00ebn\u00eb Terez\u00ebs, t\u00eb cilat kujdesen p\u00ebr njer\u00ebzit e braktisur dhe pa p\u00ebrkrahje. Kolendrat soll\u00ebn shum\u00eb g\u00ebzim tek k\u00ebta njer\u00ebz, t\u00eb cil\u00ebt jan\u00eb pothuajse t\u00eb harruar nga pjesa m\u00eb e madhe e shoq\u00ebris\u00eb.<\/span><\/span><\/span><\/p>\n<p style=\"text-align: justify;\"><span style=\"color: #000000;\"><span style=\"font-family: tahoma,geneva,sans-serif;\"><span style=\"font-size: 12px;\">&nbsp;&nbsp;&nbsp; Z\u00ebrat e g\u00ebzuar t\u00eb f\u00ebmij\u00ebve u d\u00ebgjuan t\u00eb k\u00ebndonin kolendrat drejt p\u00ebr drejt edhe n\u00eb val\u00ebt e Radios \u201cNgjallja\u201d, Fm 88.5 Mhz, n\u00ebp\u00ebrmjet s\u00eb cil\u00ebs ata lajm\u00ebruan ardhjen e Krishtlindjeve edhe tek ato familje t\u00eb cilat nuk mund\u00ebn t\u2019i lajm\u00ebronin personalisht. N\u00ebp\u00ebrmjet radios f\u00ebmij\u00ebt p\u00ebrcoll\u00ebn edhe urimet e tyre p\u00ebr t\u00eb gjith\u00eb besimtar\u00ebt.<\/span><\/span><\/span><\/p>\n<p style=\"text-align: justify;\"><span style=\"color: #000000;\"><span style=\"font-family: tahoma,geneva,sans-serif;\"><span style=\"font-size: 12px;\"><img decoding=\"async\" class=\"lazyload HAa Eha\" style=\"border-width: 1px; border-style: solid; margin: 10px; float: left;\" alt=\"\" src=\"data:image\/svg+xml,%3Csvg%20xmlns%3D%27http%3A%2F%2Fwww.w3.org%2F2000%2Fsvg%27%20width%3D%27259%27%20height%3D%27194%27%20viewBox%3D%270%200%20259%20194%27%3E%3Crect%20width%3D%27259%27%20height%3D%27194%27%20fill-opacity%3D%220%22%2F%3E%3C%2Fsvg%3E\" data-orig-src=\"https:\/\/lh5.googleusercontent.com\/-oSOhdQbeoSg\/VIrlP6mPWiI\/AAAAAAAAHKo\/lo7NjAXw8WQ\/w320-h240-no\/3.jpg\" height=\"194\" width=\"259\" \/>&nbsp;&nbsp;&nbsp;&nbsp; Por edhe t\u00eb rinjt\u00eb me grazhdin e Krishtit foshnje n\u00eb duar, nuk harruan t\u00eb drejtoheshin p\u00ebr n\u00eb Kryepiskopat\u00ebn e Hirshme. Ky ishte edhe stacioni i fundit i \u201ckolendrave\u201d. P\u00ebrve\u00e7 lajmit t\u00eb ardhjes s\u00eb Krishtit n\u00eb tok\u00eb, t\u00eb rinjt\u00eb kishin mund\u00ebsi t\u00eb takonin Fortlumturin\u00eb e Tij, Imzot Anastasin.<\/span><\/span><\/span><\/p>\n<p style=\"text-align: justify;\"><span style=\"color: #000000;\"><span style=\"font-family: tahoma,geneva,sans-serif;\"><span style=\"font-size: 12px;\">&nbsp;&nbsp;&nbsp; Si \u00e7do vit, me nj\u00eb g\u00ebzim t\u00eb madh Fortlumturia priti k\u00ebta t\u00eb rinj dhe i kujtoi q\u00ebllimin e v\u00ebrtet\u00eb t\u00eb fest\u00ebs, e cila \u00ebsht\u00eb t\u00eb shtojm\u00eb edhe m\u00eb shum\u00eb dashurin\u00eb p\u00ebr Per\u00ebndin\u00eb dhe p\u00ebr t\u00eb af\u00ebrmin. Ashtu si mag\u00ebt i ofruan tre dhurata simbolike, por mjaft dometh\u00ebn\u00ebse Krishtit foshnje, edhe Fortlumturia i dhuroi tre dhurata k\u00ebtyre t\u00eb rinjve, t\u00eb cilat jan\u00eb mjaft t\u00eb r\u00ebnd\u00ebsishme p\u00ebr gjith\u00eb jet\u00ebn ton\u00eb.<\/span><\/span><\/span><\/p>\n<p style=\"text-align: justify;\"><span style=\"color: #000000;\"><span style=\"font-family: tahoma,geneva,sans-serif;\"><span style=\"font-size: 12px;\">&nbsp;&nbsp;&nbsp; <img decoding=\"async\" class=\"lazyload HAa Eha\" style=\"border-width: 1px; border-style: solid; margin: 10px; float: right;\" alt=\"\" src=\"data:image\/gif;base64,R0lGODlhAQABAAAAACH5BAEKAAEALAAAAAABAAEAAAICTAEAOw==\" data-orig-src=\"https:\/\/lh5.googleusercontent.com\/-FYTRFmsLwfc\/VIrlQSal0yI\/AAAAAAAAHKw\/UJxMemUus1A\/w320-h240-no\/4.jpg\" \/>Imzot Anastasi i dhuroi t\u00eb rinjve ikon\u00ebn e Lindjes s\u00eb Krishtit, e cila do t\u00eb sh\u00ebrbej\u00eb q\u00eb gjithmon\u00eb t\u2019u kujtoj\u00eb lajmin e g\u00ebzuar dhe shpres\u00ebdh\u00ebn\u00ebs q\u00eb soll\u00ebn engj\u00ebjt; kalendarin e vog\u00ebl orthodhoks 2008, i cili \u00ebsht\u00eb nj\u00eb udh\u00ebrr\u00ebfyes p\u00ebr \u00e7do fest\u00eb t\u00eb kish\u00ebs son\u00eb; dhe thesarin m\u00eb t\u00eb \u00e7muar p\u00ebr t\u00eb gjith\u00eb t\u00eb krishter\u00ebt, Dhiat\u00ebn e Re. Duke ndar\u00eb me t\u00eb rinjt\u00eb p\u00ebrvoj\u00ebn e tij personale n\u00eb lidhje me Shkrimin e Shenjt\u00eb, kryepiskopi theksoi se: \u201cSa her\u00eb q\u00eb lexoj Shkrimin e Shenjt\u00eb gjej nj\u00eb mesazh t\u00eb ri i cili m\u00eb sh\u00ebrben p\u00ebr jet\u00ebn time shpirt\u00ebrore. \u00cbsht\u00eb udh\u00ebrr\u00ebfyesi m\u00eb i sigurt n\u00eb jet\u00ebn ton\u00eb shpirt\u00ebrore, ku mund t\u00eb ndri\u00e7oheni p\u00ebr udh\u00ebtimin n\u00eb Mbret\u00ebrin\u00eb e Qiejve.\u201d<\/span><\/span><\/span><\/p>\n<p style=\"text-align: justify;\"><span style=\"color: #000000;\"><span style=\"font-family: tahoma,geneva,sans-serif;\"><span style=\"font-size: 12px;\">&nbsp;&nbsp;&nbsp; Pasi shpreh\u00ebn mir\u00ebnjohjen dhe fal\u00ebnderimet e tyre p\u00ebr Fortlumturin\u00eb, t\u00eb rinjt\u00eb u larguan nga Kryepiskopata me nj\u00eb mendim t\u00eb ri: \u201cT\u00eb jetojm\u00eb sipas porosive q\u00eb Per\u00ebndia na urdh\u00ebron n\u00eb Shkrimin e Shenjt\u00eb, n\u00eb m\u00ebnyr\u00eb q\u00eb \u00e7do dit\u00eb shpirti yn\u00eb t\u00eb festoj\u00eb Krishtlindjen.\u201d<\/span><\/span><\/span><\/p>\n<p style=\"text-align: justify;\">&nbsp;<\/p>\n<p style=\"text-align: justify;\"><span style=\"color: #000000;\"><span style=\"font-family: tahoma,geneva,sans-serif;\"><span style=\"font-size: 12px;\"><strong>&nbsp;&nbsp;&nbsp;&nbsp; Marina Marini <\/strong>dhe <strong>Gabriela Bezhani<\/strong><\/span><\/span><\/span><\/p>\n","protected":false},"excerpt":{"rendered":"<p>&nbsp;&nbsp;&nbsp; \u201cKolendrat, kolendrat sot, g\u00ebzuar p\u00ebr shum\u00eb mot, zot\u00ebrinj dhe zonja. Neve vijm\u00eb t\u2019ju urojm\u00eb si edhe t\u2019ju lajm\u00ebrojm\u00eb zot\u00ebrinj dhe zonja.\u201d K\u00ebto ishin vargjet t\u00eb cilat pushtuan shumic\u00ebn e rrug\u00ebve t\u00eb Tiran\u00ebs, gjat\u00eb datave 23 dhe 24 dhjetor. &nbsp;&nbsp;&nbsp; P\u00ebrcjellja e mesazhit t\u00eb lindjes s\u00eb Krishtit n\u00eb familjet e krishtera, \u00ebsht\u00eb b\u00ebr\u00eb nj\u00eb iniciativ\u00eb e p\u00ebrvitshme, ku t\u00eb rinj dhe f\u00ebmij\u00eb t\u00eb g\u00ebzuar trokasin<\/p>\n","protected":false},"author":1,"featured_media":0,"comment_status":"open","ping_status":"open","sticky":false,"template":"","format":"standard","meta":{"_acf_changed":false,"pagelayer_contact_templates":[],"_pagelayer_content":"","inline_featured_image":false,"fifu_image_url":"","fifu_image_alt":"","footnotes":""},"categories":[108],"tags":[147,200,192,196,201,212],"class_list":["post-511","post","type-post","status-publish","format-standard","hentry","category-lajme","tag-147","tag-kampe-verore","tag-krishtlindje","tag-tirane","tag-kryepiskopi-anastas","tag-lajme-d27"],"acf":[],"yoast_head":"<!-- This site is optimized with the Yoast SEO plugin v27.2 - https:\/\/yoast.com\/product\/yoast-seo-wordpress\/ -->\n<title>F\u00ebmij\u00eb dhe t\u00eb rinj duke k\u00ebnduar kolendrat n\u00eb Tiran\u00eb. (Dhjetor 2007) - Kisha Orthodh\u03bfkse Autoqefale e Shqip\u00ebris\u00eb<\/title>\n<meta name=\"robots\" content=\"index, follow, max-snippet:-1, max-image-preview:large, max-video-preview:-1\" \/>\n<link rel=\"canonical\" href=\"https:\/\/orthodoxalbania.org\/2020\/2007\/02\/26\/femije-dhe-te-rinj-duke-kenduar-kolendrat-ne-tirane-dhjetor-2007\/\" \/>\n<meta property=\"og:locale\" content=\"en_US\" \/>\n<meta property=\"og:type\" content=\"article\" \/>\n<meta property=\"og:title\" content=\"F\u00ebmij\u00eb dhe t\u00eb rinj duke k\u00ebnduar kolendrat n\u00eb Tiran\u00eb. (Dhjetor 2007) - Kisha Orthodh\u03bfkse Autoqefale e Shqip\u00ebris\u00eb\" \/>\n<meta property=\"og:description\" content=\"&nbsp;&nbsp;&nbsp; \u201cKolendrat, kolendrat sot, g\u00ebzuar p\u00ebr shum\u00eb mot, zot\u00ebrinj dhe zonja. Neve vijm\u00eb t\u2019ju urojm\u00eb si edhe t\u2019ju lajm\u00ebrojm\u00eb zot\u00ebrinj dhe zonja.\u201d K\u00ebto ishin vargjet t\u00eb cilat pushtuan shumic\u00ebn e rrug\u00ebve t\u00eb Tiran\u00ebs, gjat\u00eb datave 23 dhe 24 dhjetor. &nbsp;&nbsp;&nbsp; P\u00ebrcjellja e mesazhit t\u00eb lindjes s\u00eb Krishtit n\u00eb familjet e krishtera, \u00ebsht\u00eb b\u00ebr\u00eb nj\u00eb iniciativ\u00eb e p\u00ebrvitshme, ku t\u00eb rinj dhe f\u00ebmij\u00eb t\u00eb g\u00ebzuar trokasin\" \/>\n<meta property=\"og:url\" content=\"https:\/\/orthodoxalbania.org\/2020\/2007\/02\/26\/femije-dhe-te-rinj-duke-kenduar-kolendrat-ne-tirane-dhjetor-2007\/\" \/>\n<meta property=\"og:site_name\" content=\"Kisha Orthodh\u03bfkse Autoqefale e Shqip\u00ebris\u00eb\" \/>\n<meta property=\"article:publisher\" content=\"https:\/\/www.facebook.com\/koash1991\" \/>\n<meta property=\"article:published_time\" content=\"2007-02-26T00:00:00+00:00\" \/>\n<meta property=\"article:modified_time\" content=\"2020-04-06T20:35:51+00:00\" \/>\n<meta property=\"og:image\" content=\"https:\/\/lh3.googleusercontent.com\/-S2yByybSqoo\/VIrlP5mMBSI\/AAAAAAAAHKg\/kxhwuwxazoI\/w320-h236-no\/1.jpg\" \/>\n<meta name=\"author\" content=\"Kisha Orthodhokse\" \/>\n<meta name=\"twitter:card\" content=\"summary_large_image\" \/>\n<meta name=\"twitter:label1\" content=\"Written by\" \/>\n\t<meta name=\"twitter:data1\" content=\"Kisha Orthodhokse\" \/>\n\t<meta name=\"twitter:label2\" content=\"Est. reading time\" \/>\n\t<meta name=\"twitter:data2\" content=\"4 minutes\" \/>\n<script type=\"application\/ld+json\" class=\"yoast-schema-graph\">{\"@context\":\"https:\/\/schema.org\",\"@graph\":[{\"@type\":\"Article\",\"@id\":\"https:\/\/orthodoxalbania.org\/2020\/2007\/02\/26\/femije-dhe-te-rinj-duke-kenduar-kolendrat-ne-tirane-dhjetor-2007\/#article\",\"isPartOf\":{\"@id\":\"https:\/\/orthodoxalbania.org\/2020\/2007\/02\/26\/femije-dhe-te-rinj-duke-kenduar-kolendrat-ne-tirane-dhjetor-2007\/\"},\"author\":{\"name\":\"Kisha Orthodhokse\",\"@id\":\"https:\/\/orthodoxalbania.org\/2020\/#\/schema\/person\/0c387634a7063ac612d7ed9ce71c7e86\"},\"headline\":\"F\u00ebmij\u00eb dhe t\u00eb rinj duke k\u00ebnduar kolendrat n\u00eb Tiran\u00eb. (Dhjetor 2007)\",\"datePublished\":\"2007-02-26T00:00:00+00:00\",\"dateModified\":\"2020-04-06T20:35:51+00:00\",\"mainEntityOfPage\":{\"@id\":\"https:\/\/orthodoxalbania.org\/2020\/2007\/02\/26\/femije-dhe-te-rinj-duke-kenduar-kolendrat-ne-tirane-dhjetor-2007\/\"},\"wordCount\":797,\"commentCount\":0,\"publisher\":{\"@id\":\"https:\/\/orthodoxalbania.org\/2020\/#organization\"},\"image\":{\"@id\":\"https:\/\/orthodoxalbania.org\/2020\/2007\/02\/26\/femije-dhe-te-rinj-duke-kenduar-kolendrat-ne-tirane-dhjetor-2007\/#primaryimage\"},\"thumbnailUrl\":\"https:\/\/lh3.googleusercontent.com\/-S2yByybSqoo\/VIrlP5mMBSI\/AAAAAAAAHKg\/kxhwuwxazoI\/w320-h236-no\/1.jpg\",\"keywords\":[\"2007\",\"Kampe verore\",\"Krishtlindje\",\"Kryepiskopata Tiran\u00eb\",\"Kryepiskopi Anastas\",\"lajme\"],\"articleSection\":[\"Lajme\"],\"inLanguage\":\"en-US\"},{\"@type\":\"WebPage\",\"@id\":\"https:\/\/orthodoxalbania.org\/2020\/2007\/02\/26\/femije-dhe-te-rinj-duke-kenduar-kolendrat-ne-tirane-dhjetor-2007\/\",\"url\":\"https:\/\/orthodoxalbania.org\/2020\/2007\/02\/26\/femije-dhe-te-rinj-duke-kenduar-kolendrat-ne-tirane-dhjetor-2007\/\",\"name\":\"F\u00ebmij\u00eb dhe t\u00eb rinj duke k\u00ebnduar kolendrat n\u00eb Tiran\u00eb. (Dhjetor 2007) - Kisha Orthodh\u03bfkse Autoqefale e Shqip\u00ebris\u00eb\",\"isPartOf\":{\"@id\":\"https:\/\/orthodoxalbania.org\/2020\/#website\"},\"primaryImageOfPage\":{\"@id\":\"https:\/\/orthodoxalbania.org\/2020\/2007\/02\/26\/femije-dhe-te-rinj-duke-kenduar-kolendrat-ne-tirane-dhjetor-2007\/#primaryimage\"},\"image\":{\"@id\":\"https:\/\/orthodoxalbania.org\/2020\/2007\/02\/26\/femije-dhe-te-rinj-duke-kenduar-kolendrat-ne-tirane-dhjetor-2007\/#primaryimage\"},\"thumbnailUrl\":\"https:\/\/lh3.googleusercontent.com\/-S2yByybSqoo\/VIrlP5mMBSI\/AAAAAAAAHKg\/kxhwuwxazoI\/w320-h236-no\/1.jpg\",\"datePublished\":\"2007-02-26T00:00:00+00:00\",\"dateModified\":\"2020-04-06T20:35:51+00:00\",\"breadcrumb\":{\"@id\":\"https:\/\/orthodoxalbania.org\/2020\/2007\/02\/26\/femije-dhe-te-rinj-duke-kenduar-kolendrat-ne-tirane-dhjetor-2007\/#breadcrumb\"},\"inLanguage\":\"en-US\",\"potentialAction\":[{\"@type\":\"ReadAction\",\"target\":[\"https:\/\/orthodoxalbania.org\/2020\/2007\/02\/26\/femije-dhe-te-rinj-duke-kenduar-kolendrat-ne-tirane-dhjetor-2007\/\"]}]},{\"@type\":\"ImageObject\",\"inLanguage\":\"en-US\",\"@id\":\"https:\/\/orthodoxalbania.org\/2020\/2007\/02\/26\/femije-dhe-te-rinj-duke-kenduar-kolendrat-ne-tirane-dhjetor-2007\/#primaryimage\",\"url\":\"https:\/\/lh3.googleusercontent.com\/-S2yByybSqoo\/VIrlP5mMBSI\/AAAAAAAAHKg\/kxhwuwxazoI\/w320-h236-no\/1.jpg\",\"contentUrl\":\"https:\/\/lh3.googleusercontent.com\/-S2yByybSqoo\/VIrlP5mMBSI\/AAAAAAAAHKg\/kxhwuwxazoI\/w320-h236-no\/1.jpg\"},{\"@type\":\"BreadcrumbList\",\"@id\":\"https:\/\/orthodoxalbania.org\/2020\/2007\/02\/26\/femije-dhe-te-rinj-duke-kenduar-kolendrat-ne-tirane-dhjetor-2007\/#breadcrumb\",\"itemListElement\":[{\"@type\":\"ListItem\",\"position\":1,\"name\":\"Home\",\"item\":\"https:\/\/orthodoxalbania.org\/2020\/\"},{\"@type\":\"ListItem\",\"position\":2,\"name\":\"F\u00ebmij\u00eb dhe t\u00eb rinj duke k\u00ebnduar kolendrat n\u00eb Tiran\u00eb. (Dhjetor 2007)\"}]},{\"@type\":\"WebSite\",\"@id\":\"https:\/\/orthodoxalbania.org\/2020\/#website\",\"url\":\"https:\/\/orthodoxalbania.org\/2020\/\",\"name\":\"Kisha Orthodh\u03bfkse Autoqefale e Shqip\u00ebris\u00eb\",\"description\":\"Fqja Zyrtare e Kish\u00ebs Orthodhokse Autoqefale e Shqip\u00ebris\u00eb me lajmet edhe informacionet zyrtare p\u00ebr struktur\u00ebn edhe veprimtarin e saj.\",\"publisher\":{\"@id\":\"https:\/\/orthodoxalbania.org\/2020\/#organization\"},\"potentialAction\":[{\"@type\":\"SearchAction\",\"target\":{\"@type\":\"EntryPoint\",\"urlTemplate\":\"https:\/\/orthodoxalbania.org\/2020\/?s={search_term_string}\"},\"query-input\":{\"@type\":\"PropertyValueSpecification\",\"valueRequired\":true,\"valueName\":\"search_term_string\"}}],\"inLanguage\":\"en-US\"},{\"@type\":\"Organization\",\"@id\":\"https:\/\/orthodoxalbania.org\/2020\/#organization\",\"name\":\"Kisha Orthodhokse Autoqefale e Shqip\u00ebris\u00eb\",\"url\":\"https:\/\/orthodoxalbania.org\/2020\/\",\"logo\":{\"@type\":\"ImageObject\",\"inLanguage\":\"en-US\",\"@id\":\"https:\/\/orthodoxalbania.org\/2020\/#\/schema\/logo\/image\/\",\"url\":\"https:\/\/orthodoxalbania.org\/2020\/wp-content\/uploads\/2020\/05\/albania.jpeg\",\"contentUrl\":\"https:\/\/orthodoxalbania.org\/2020\/wp-content\/uploads\/2020\/05\/albania.jpeg\",\"width\":540,\"height\":540,\"caption\":\"Kisha Orthodhokse Autoqefale e Shqip\u00ebris\u00eb\"},\"image\":{\"@id\":\"https:\/\/orthodoxalbania.org\/2020\/#\/schema\/logo\/image\/\"},\"sameAs\":[\"https:\/\/www.facebook.com\/koash1991\"]},{\"@type\":\"Person\",\"@id\":\"https:\/\/orthodoxalbania.org\/2020\/#\/schema\/person\/0c387634a7063ac612d7ed9ce71c7e86\",\"name\":\"Kisha Orthodhokse\",\"image\":{\"@type\":\"ImageObject\",\"inLanguage\":\"en-US\",\"@id\":\"https:\/\/secure.gravatar.com\/avatar\/596e7c417251e30f2fbb9c00e026fce61a695a00e51c889caded71c96cbbdde5?s=96&d=mm&r=g\",\"url\":\"https:\/\/secure.gravatar.com\/avatar\/596e7c417251e30f2fbb9c00e026fce61a695a00e51c889caded71c96cbbdde5?s=96&d=mm&r=g\",\"contentUrl\":\"https:\/\/secure.gravatar.com\/avatar\/596e7c417251e30f2fbb9c00e026fce61a695a00e51c889caded71c96cbbdde5?s=96&d=mm&r=g\",\"caption\":\"Kisha Orthodhokse\"}}]}<\/script>\n<!-- \/ Yoast SEO plugin. -->","yoast_head_json":{"title":"F\u00ebmij\u00eb dhe t\u00eb rinj duke k\u00ebnduar kolendrat n\u00eb Tiran\u00eb. (Dhjetor 2007) - Kisha Orthodh\u03bfkse Autoqefale e Shqip\u00ebris\u00eb","robots":{"index":"index","follow":"follow","max-snippet":"max-snippet:-1","max-image-preview":"max-image-preview:large","max-video-preview":"max-video-preview:-1"},"canonical":"https:\/\/orthodoxalbania.org\/2020\/2007\/02\/26\/femije-dhe-te-rinj-duke-kenduar-kolendrat-ne-tirane-dhjetor-2007\/","og_locale":"en_US","og_type":"article","og_title":"F\u00ebmij\u00eb dhe t\u00eb rinj duke k\u00ebnduar kolendrat n\u00eb Tiran\u00eb. (Dhjetor 2007) - Kisha Orthodh\u03bfkse Autoqefale e Shqip\u00ebris\u00eb","og_description":"&nbsp;&nbsp;&nbsp; \u201cKolendrat, kolendrat sot, g\u00ebzuar p\u00ebr shum\u00eb mot, zot\u00ebrinj dhe zonja. Neve vijm\u00eb t\u2019ju urojm\u00eb si edhe t\u2019ju lajm\u00ebrojm\u00eb zot\u00ebrinj dhe zonja.\u201d K\u00ebto ishin vargjet t\u00eb cilat pushtuan shumic\u00ebn e rrug\u00ebve t\u00eb Tiran\u00ebs, gjat\u00eb datave 23 dhe 24 dhjetor. &nbsp;&nbsp;&nbsp; P\u00ebrcjellja e mesazhit t\u00eb lindjes s\u00eb Krishtit n\u00eb familjet e krishtera, \u00ebsht\u00eb b\u00ebr\u00eb nj\u00eb iniciativ\u00eb e p\u00ebrvitshme, ku t\u00eb rinj dhe f\u00ebmij\u00eb t\u00eb g\u00ebzuar trokasin","og_url":"https:\/\/orthodoxalbania.org\/2020\/2007\/02\/26\/femije-dhe-te-rinj-duke-kenduar-kolendrat-ne-tirane-dhjetor-2007\/","og_site_name":"Kisha Orthodh\u03bfkse Autoqefale e Shqip\u00ebris\u00eb","article_publisher":"https:\/\/www.facebook.com\/koash1991","article_published_time":"2007-02-26T00:00:00+00:00","article_modified_time":"2020-04-06T20:35:51+00:00","og_image":[{"url":"https:\/\/lh3.googleusercontent.com\/-S2yByybSqoo\/VIrlP5mMBSI\/AAAAAAAAHKg\/kxhwuwxazoI\/w320-h236-no\/1.jpg","type":"","width":"","height":""}],"author":"Kisha Orthodhokse","twitter_card":"summary_large_image","twitter_misc":{"Written by":"Kisha Orthodhokse","Est. reading time":"4 minutes"},"schema":{"@context":"https:\/\/schema.org","@graph":[{"@type":"Article","@id":"https:\/\/orthodoxalbania.org\/2020\/2007\/02\/26\/femije-dhe-te-rinj-duke-kenduar-kolendrat-ne-tirane-dhjetor-2007\/#article","isPartOf":{"@id":"https:\/\/orthodoxalbania.org\/2020\/2007\/02\/26\/femije-dhe-te-rinj-duke-kenduar-kolendrat-ne-tirane-dhjetor-2007\/"},"author":{"name":"Kisha Orthodhokse","@id":"https:\/\/orthodoxalbania.org\/2020\/#\/schema\/person\/0c387634a7063ac612d7ed9ce71c7e86"},"headline":"F\u00ebmij\u00eb dhe t\u00eb rinj duke k\u00ebnduar kolendrat n\u00eb Tiran\u00eb. (Dhjetor 2007)","datePublished":"2007-02-26T00:00:00+00:00","dateModified":"2020-04-06T20:35:51+00:00","mainEntityOfPage":{"@id":"https:\/\/orthodoxalbania.org\/2020\/2007\/02\/26\/femije-dhe-te-rinj-duke-kenduar-kolendrat-ne-tirane-dhjetor-2007\/"},"wordCount":797,"commentCount":0,"publisher":{"@id":"https:\/\/orthodoxalbania.org\/2020\/#organization"},"image":{"@id":"https:\/\/orthodoxalbania.org\/2020\/2007\/02\/26\/femije-dhe-te-rinj-duke-kenduar-kolendrat-ne-tirane-dhjetor-2007\/#primaryimage"},"thumbnailUrl":"https:\/\/lh3.googleusercontent.com\/-S2yByybSqoo\/VIrlP5mMBSI\/AAAAAAAAHKg\/kxhwuwxazoI\/w320-h236-no\/1.jpg","keywords":["2007","Kampe verore","Krishtlindje","Kryepiskopata Tiran\u00eb","Kryepiskopi Anastas","lajme"],"articleSection":["Lajme"],"inLanguage":"en-US"},{"@type":"WebPage","@id":"https:\/\/orthodoxalbania.org\/2020\/2007\/02\/26\/femije-dhe-te-rinj-duke-kenduar-kolendrat-ne-tirane-dhjetor-2007\/","url":"https:\/\/orthodoxalbania.org\/2020\/2007\/02\/26\/femije-dhe-te-rinj-duke-kenduar-kolendrat-ne-tirane-dhjetor-2007\/","name":"F\u00ebmij\u00eb dhe t\u00eb rinj duke k\u00ebnduar kolendrat n\u00eb Tiran\u00eb. (Dhjetor 2007) - Kisha Orthodh\u03bfkse Autoqefale e Shqip\u00ebris\u00eb","isPartOf":{"@id":"https:\/\/orthodoxalbania.org\/2020\/#website"},"primaryImageOfPage":{"@id":"https:\/\/orthodoxalbania.org\/2020\/2007\/02\/26\/femije-dhe-te-rinj-duke-kenduar-kolendrat-ne-tirane-dhjetor-2007\/#primaryimage"},"image":{"@id":"https:\/\/orthodoxalbania.org\/2020\/2007\/02\/26\/femije-dhe-te-rinj-duke-kenduar-kolendrat-ne-tirane-dhjetor-2007\/#primaryimage"},"thumbnailUrl":"https:\/\/lh3.googleusercontent.com\/-S2yByybSqoo\/VIrlP5mMBSI\/AAAAAAAAHKg\/kxhwuwxazoI\/w320-h236-no\/1.jpg","datePublished":"2007-02-26T00:00:00+00:00","dateModified":"2020-04-06T20:35:51+00:00","breadcrumb":{"@id":"https:\/\/orthodoxalbania.org\/2020\/2007\/02\/26\/femije-dhe-te-rinj-duke-kenduar-kolendrat-ne-tirane-dhjetor-2007\/#breadcrumb"},"inLanguage":"en-US","potentialAction":[{"@type":"ReadAction","target":["https:\/\/orthodoxalbania.org\/2020\/2007\/02\/26\/femije-dhe-te-rinj-duke-kenduar-kolendrat-ne-tirane-dhjetor-2007\/"]}]},{"@type":"ImageObject","inLanguage":"en-US","@id":"https:\/\/orthodoxalbania.org\/2020\/2007\/02\/26\/femije-dhe-te-rinj-duke-kenduar-kolendrat-ne-tirane-dhjetor-2007\/#primaryimage","url":"https:\/\/lh3.googleusercontent.com\/-S2yByybSqoo\/VIrlP5mMBSI\/AAAAAAAAHKg\/kxhwuwxazoI\/w320-h236-no\/1.jpg","contentUrl":"https:\/\/lh3.googleusercontent.com\/-S2yByybSqoo\/VIrlP5mMBSI\/AAAAAAAAHKg\/kxhwuwxazoI\/w320-h236-no\/1.jpg"},{"@type":"BreadcrumbList","@id":"https:\/\/orthodoxalbania.org\/2020\/2007\/02\/26\/femije-dhe-te-rinj-duke-kenduar-kolendrat-ne-tirane-dhjetor-2007\/#breadcrumb","itemListElement":[{"@type":"ListItem","position":1,"name":"Home","item":"https:\/\/orthodoxalbania.org\/2020\/"},{"@type":"ListItem","position":2,"name":"F\u00ebmij\u00eb dhe t\u00eb rinj duke k\u00ebnduar kolendrat n\u00eb Tiran\u00eb. (Dhjetor 2007)"}]},{"@type":"WebSite","@id":"https:\/\/orthodoxalbania.org\/2020\/#website","url":"https:\/\/orthodoxalbania.org\/2020\/","name":"Kisha Orthodh\u03bfkse Autoqefale e Shqip\u00ebris\u00eb","description":"Fqja Zyrtare e Kish\u00ebs Orthodhokse Autoqefale e Shqip\u00ebris\u00eb me lajmet edhe informacionet zyrtare p\u00ebr struktur\u00ebn edhe veprimtarin e saj.","publisher":{"@id":"https:\/\/orthodoxalbania.org\/2020\/#organization"},"potentialAction":[{"@type":"SearchAction","target":{"@type":"EntryPoint","urlTemplate":"https:\/\/orthodoxalbania.org\/2020\/?s={search_term_string}"},"query-input":{"@type":"PropertyValueSpecification","valueRequired":true,"valueName":"search_term_string"}}],"inLanguage":"en-US"},{"@type":"Organization","@id":"https:\/\/orthodoxalbania.org\/2020\/#organization","name":"Kisha Orthodhokse Autoqefale e Shqip\u00ebris\u00eb","url":"https:\/\/orthodoxalbania.org\/2020\/","logo":{"@type":"ImageObject","inLanguage":"en-US","@id":"https:\/\/orthodoxalbania.org\/2020\/#\/schema\/logo\/image\/","url":"https:\/\/orthodoxalbania.org\/2020\/wp-content\/uploads\/2020\/05\/albania.jpeg","contentUrl":"https:\/\/orthodoxalbania.org\/2020\/wp-content\/uploads\/2020\/05\/albania.jpeg","width":540,"height":540,"caption":"Kisha Orthodhokse Autoqefale e Shqip\u00ebris\u00eb"},"image":{"@id":"https:\/\/orthodoxalbania.org\/2020\/#\/schema\/logo\/image\/"},"sameAs":["https:\/\/www.facebook.com\/koash1991"]},{"@type":"Person","@id":"https:\/\/orthodoxalbania.org\/2020\/#\/schema\/person\/0c387634a7063ac612d7ed9ce71c7e86","name":"Kisha Orthodhokse","image":{"@type":"ImageObject","inLanguage":"en-US","@id":"https:\/\/secure.gravatar.com\/avatar\/596e7c417251e30f2fbb9c00e026fce61a695a00e51c889caded71c96cbbdde5?s=96&d=mm&r=g","url":"https:\/\/secure.gravatar.com\/avatar\/596e7c417251e30f2fbb9c00e026fce61a695a00e51c889caded71c96cbbdde5?s=96&d=mm&r=g","contentUrl":"https:\/\/secure.gravatar.com\/avatar\/596e7c417251e30f2fbb9c00e026fce61a695a00e51c889caded71c96cbbdde5?s=96&d=mm&r=g","caption":"Kisha Orthodhokse"}}]}},"_links":{"self":[{"href":"https:\/\/orthodoxalbania.org\/2020\/wp-json\/wp\/v2\/posts\/511","targetHints":{"allow":["GET"]}}],"collection":[{"href":"https:\/\/orthodoxalbania.org\/2020\/wp-json\/wp\/v2\/posts"}],"about":[{"href":"https:\/\/orthodoxalbania.org\/2020\/wp-json\/wp\/v2\/types\/post"}],"author":[{"embeddable":true,"href":"https:\/\/orthodoxalbania.org\/2020\/wp-json\/wp\/v2\/users\/1"}],"replies":[{"embeddable":true,"href":"https:\/\/orthodoxalbania.org\/2020\/wp-json\/wp\/v2\/comments?post=511"}],"version-history":[{"count":1,"href":"https:\/\/orthodoxalbania.org\/2020\/wp-json\/wp\/v2\/posts\/511\/revisions"}],"predecessor-version":[{"id":15780,"href":"https:\/\/orthodoxalbania.org\/2020\/wp-json\/wp\/v2\/posts\/511\/revisions\/15780"}],"wp:attachment":[{"href":"https:\/\/orthodoxalbania.org\/2020\/wp-json\/wp\/v2\/media?parent=511"}],"wp:term":[{"taxonomy":"category","embeddable":true,"href":"https:\/\/orthodoxalbania.org\/2020\/wp-json\/wp\/v2\/categories?post=511"},{"taxonomy":"post_tag","embeddable":true,"href":"https:\/\/orthodoxalbania.org\/2020\/wp-json\/wp\/v2\/tags?post=511"}],"curies":[{"name":"wp","href":"https:\/\/api.w.org\/{rel}","templated":true}]}}