{"id":510,"date":"2013-03-21T10:01:01","date_gmt":"2013-03-21T10:01:01","guid":{"rendered":""},"modified":"2020-04-13T00:31:04","modified_gmt":"2020-04-12T22:31:04","slug":"feast-of-st-kosmas-of-kolkondas-in-fier-from-etolia-august-2011","status":"publish","type":"post","link":"https:\/\/orthodoxalbania.org\/2020\/en\/2013\/03\/21\/feast-of-st-kosmas-of-kolkondas-in-fier-from-etolia-august-2011\/","title":{"rendered":"Feast of st. Kosmas of Kolkondas in Fier (from Etolia). (August 2011)"},"content":{"rendered":"<div class=\"style10\" style=\"text-align: justify;\"><span style=\"font-family: helvetica;\"><span style=\"font-size: 12px;\"><span style=\"color: #000000;\"><img decoding=\"async\" class=\"lazyload HAa Eha\" style=\"height: 204px; width: 272px; border-width: 1px; border-style: solid; margin: 10px; float: left;\" alt=\"\" src=\"data:image\/gif;base64,R0lGODlhAQABAAAAACH5BAEKAAEALAAAAAABAAEAAAICTAEAOw==\" data-orig-src=\"https:\/\/lh4.googleusercontent.com\/-AhSaY4NekkE\/VAQ1EbCNPoI\/AAAAAAAACew\/Kkan0yj3G4U\/w640-h480-no\/000_0164.JPG\" \/><span style=\"font-size: 12pt;\">&nbsp;&nbsp;&nbsp; On August 24, the Orthodox Church commemorates the death of St. Kosmas <span class=\"style10\">of Kolkondas in Fier ( fro<\/span>m Etolia) who is a holy martyr to our church. He was martyred in Myzeqe, an area in the west of Albania. Every year, on August 23 and 24, hundreds of faithful come to the church and the monastery dedicated to the martyr to venerate the saint and pray to him. Pilgrims come from different places in Albania but also from Greece.<\/span><\/span><\/span><\/span><\/div>\n<div class=\"style10\" style=\"text-align: justify;\"><span style=\"font-family: helvetica; font-size: 12pt;\"> <span style=\"color: #000000;\">&nbsp;&nbsp; The holy services started on August 23 with the Vespers late in the afternoon and continued during the whole night. The next day, the morning prayers were spoken and the Divine Liturgy followed afterwards. The services were conducted by the Metropolitan of Berati, Vlora, Kanina and Myzeqe, His Grace Ignati. Some members of the clergy had come from Greece, our neighbor country. <\/span><\/span><\/div>\n<div class=\"style10\" style=\"text-align: justify;\"><span style=\"font-family: helvetica; font-size: 12pt;\"> <span style=\"color: #000000;\"><img decoding=\"async\" class=\"lazyload HAa Eha\" style=\"height: 198px; width: 264px; border-width: 1px; border-style: solid; margin: 10px; float: right;\" alt=\"\" src=\"data:image\/gif;base64,R0lGODlhAQABAAAAACH5BAEKAAEALAAAAAABAAEAAAICTAEAOw==\" data-orig-src=\"https:\/\/lh4.googleusercontent.com\/-r4YNjM0gJD4\/VAQ1HYSFx6I\/AAAAAAAACfM\/yU-Ud20V3J0\/w640-h480-no\/100_1963.JPG\" \/>&nbsp;&nbsp; Most of the faithful received the Holy Communion on this blessed day. Also the blessing of bread and holy corn were part of the holy services. At the end a litany took place around the monastery. In his speech, His Grace Ignati conveyed some important messages which were extracted from the valuable teachings of St. Kosmas.<\/span><\/span><\/div>\n<div style=\"text-align: justify;\"><span style=\"font-family: helvetica; font-size: 12pt;\"><\/span><\/div>\n<div style=\"text-align: justify;\"><span style=\"font-family: helvetica; font-size: 12pt;\"><\/span><\/div>\n<div style=\"text-align: justify;\"><span style=\"font-family: helvetica; font-size: 12pt;\"><\/span><\/div>\n<div style=\"text-align: right;\"><span style=\"font-family: helvetica; font-size: 12pt;\"><\/span><\/div>\n<div style=\"text-align: right;\"><span style=\"font-family: helvetica; font-size: 12pt;\"><\/span><\/div>\n<div style=\"text-align: right;\"><span style=\"font-family: helvetica; font-size: 12pt;\"><\/span><\/div>\n<div style=\"text-align: right;\"><span style=\"font-family: helvetica; font-size: 12pt;\"><\/span><\/div>\n<div style=\"text-align: right;\"><span style=\"font-family: helvetica; font-size: 12pt;\"><\/span><\/div>\n<div style=\"text-align: right;\"><span style=\"font-family: helvetica; font-size: 12pt;\"><span style=\"color: #000000;\"><span class=\"style10\"><strong>Joan Qako<\/strong><\/span><\/span><\/span><\/div>\n<div style=\"text-align: right;\"><span style=\"font-family: helvetica; font-size: 12pt;\"> <span style=\"color: #000000;\"><span class=\"style10\">Translated <strong>Juljana Kodheli<\/strong><\/span><\/span><\/span><\/div>\n<div style=\"text-align: right;\"><span style=\"font-family: helvetica; font-size: 12pt;\"><\/span><\/div>\n<div style=\"text-align: center;\"><span style=\"font-family: helvetica; font-size: 12pt;\"><\/span><\/div>\n<div style=\"text-align: center;\">\n<div class=\"style10\" style=\"text-align: right;\"><span style=\"font-family: helvetica; font-size: 12pt;\"><\/span><\/div>\n<div><span style=\"color: #000000; font-family: helvetica; font-size: 12pt;\"><img decoding=\"async\" class=\"lazyload HAa Eha\" style=\"height: 270px; width: 360px; border-width: 1px; border-style: solid; margin: 10px;\" alt=\"\" src=\"data:image\/gif;base64,R0lGODlhAQABAAAAACH5BAEKAAEALAAAAAABAAEAAAICTAEAOw==\" data-orig-src=\"https:\/\/lh6.googleusercontent.com\/-AXPOEFTXMKQ\/VAQ1Eiz--WI\/AAAAAAAACek\/TDdhvrhxVoQ\/w640-h480-no\/100_1895.JPG\" \/><\/span><\/div>\n<div><span style=\"color: #000000; font-family: helvetica; font-size: 12pt;\"><img decoding=\"async\" class=\"lazyload HAa Eha\" style=\"height: 270px; width: 360px; border-width: 1px; border-style: solid; margin: 10px;\" alt=\"\" src=\"data:image\/gif;base64,R0lGODlhAQABAAAAACH5BAEKAAEALAAAAAABAAEAAAICTAEAOw==\" data-orig-src=\"https:\/\/lh4.googleusercontent.com\/a-kql-FHhSBesRa7_3lodhpkkW9wUsqiRW8nOm1CTPg=w640-h480-no\" \/><\/span><\/div>\n<div><span style=\"color: #000000; font-family: helvetica; font-size: 12pt;\"><img decoding=\"async\" class=\"lazyload HAa Eha\" style=\"height: 270px; width: 360px; border-width: 1px; border-style: solid; margin: 10px;\" alt=\"\" src=\"data:image\/gif;base64,R0lGODlhAQABAAAAACH5BAEKAAEALAAAAAABAAEAAAICTAEAOw==\" data-orig-src=\"https:\/\/lh4.googleusercontent.com\/-YHzG43VKjAk\/VAQ1Er4kCrI\/AAAAAAAACeo\/kWJr2MvrKro\/w640-h480-no\/100_1910.JPG\" \/><\/span><\/div>\n<div><span style=\"color: #000000; font-family: helvetica; font-size: 12pt;\"><img decoding=\"async\" class=\"lazyload HAa Eha\" style=\"height: 270px; width: 360px; border-width: 1px; border-style: solid; margin: 10px;\" alt=\"\" src=\"data:image\/gif;base64,R0lGODlhAQABAAAAACH5BAEKAAEALAAAAAABAAEAAAICTAEAOw==\" data-orig-src=\"https:\/\/lh6.googleusercontent.com\/-8ksAXVMSvEw\/VAQ1FcfbKPI\/AAAAAAAACe8\/UIHJrGAUCXA\/w640-h480-no\/100_1918.JPG\" \/><\/span><\/div>\n<div><span style=\"color: #000000; font-family: helvetica; font-size: 12pt;\"><img decoding=\"async\" class=\"lazyload HAa Eha\" style=\"height: 270px; width: 360px; border-width: 1px; border-style: solid; margin: 10px;\" alt=\"\" src=\"data:image\/gif;base64,R0lGODlhAQABAAAAACH5BAEKAAEALAAAAAABAAEAAAICTAEAOw==\" data-orig-src=\"https:\/\/lh5.googleusercontent.com\/-ox8_2qLaG50\/VAQ1GjqFfkI\/AAAAAAAACfQ\/Cg32lSpGzI0\/w640-h480-no\/100_1948.JPG\" \/><\/span><\/div>\n<div><span style=\"color: #000000; font-family: helvetica; font-size: 12pt;\"><img decoding=\"async\" class=\"lazyload HAa Eha\" style=\"height: 270px; width: 360px; border-width: 1px; border-style: solid; margin: 10px;\" alt=\"\" src=\"data:image\/gif;base64,R0lGODlhAQABAAAAACH5BAEKAAEALAAAAAABAAEAAAICTAEAOw==\" data-orig-src=\"https:\/\/lh3.googleusercontent.com\/IWkJVqXtH0ixph25TLH_Ny-XyA5UszfCQ-nSsCF3TxQ=w640-h480-no\" \/><\/span><\/div>\n<div><span style=\"color: #000000; font-family: helvetica; font-size: 12pt;\"><img decoding=\"async\" class=\"lazyload HAa Eha\" style=\"height: 400px; width: 300px; border-width: 1px; border-style: solid; margin: 10px;\" alt=\"\" src=\"data:image\/gif;base64,R0lGODlhAQABAAAAACH5BAEKAAEALAAAAAABAAEAAAICTAEAOw==\" data-orig-src=\"https:\/\/lh4.googleusercontent.com\/-IFnXQCSz99g\/VAQ1FmxM8JI\/AAAAAAAACfU\/twQWDvxSFfk\/w480-h640-no\/100_1935.JPG\" \/><\/span><\/div>\n<\/div>\n<p><span style=\"font-family: helvetica; font-size: 12pt;\"><\/span><\/p>\n","protected":false},"excerpt":{"rendered":"<p>&nbsp;&nbsp;&nbsp; On August 24, the Orthodox Church commemorates the death of St. Kosmas of Kolkondas in Fier ( from Etolia) who is a holy martyr to our church. He was martyred in Myzeqe, an area in the west of Albania. Every year, on August 23 and 24, hundreds of faithful come to the church and the monastery dedicated to the martyr to venerate the saint<\/p>\n","protected":false},"author":7,"featured_media":0,"comment_status":"open","ping_status":"open","sticky":false,"template":"","format":"standard","meta":{"_acf_changed":false,"pagelayer_contact_templates":[],"_pagelayer_content":"","inline_featured_image":false,"fifu_image_url":"","fifu_image_alt":"","footnotes":""},"categories":[1455,311],"tags":[1133,1786],"class_list":["post-510","post","type-post","status-publish","format-standard","hentry","category-news-en","category-news-d25","tag-2011-en","tag-kremtime-en"],"acf":[],"yoast_head":"<!-- This site is optimized with the Yoast SEO plugin v27.2 - https:\/\/yoast.com\/product\/yoast-seo-wordpress\/ -->\n<title>Feast of st. Kosmas of Kolkondas in Fier (from Etolia). (August 2011) - Kisha Orthodh\u03bfkse Autoqefale e Shqip\u00ebris\u00eb<\/title>\n<meta name=\"robots\" content=\"index, follow, max-snippet:-1, max-image-preview:large, max-video-preview:-1\" \/>\n<link rel=\"canonical\" href=\"https:\/\/orthodoxalbania.org\/2020\/en\/2013\/03\/21\/feast-of-st-kosmas-of-kolkondas-in-fier-from-etolia-august-2011\/\" \/>\n<meta property=\"og:locale\" content=\"en_US\" \/>\n<meta property=\"og:type\" content=\"article\" \/>\n<meta property=\"og:title\" content=\"Feast of st. Kosmas of Kolkondas in Fier (from Etolia). (August 2011) - Kisha Orthodh\u03bfkse Autoqefale e Shqip\u00ebris\u00eb\" \/>\n<meta property=\"og:description\" content=\"&nbsp;&nbsp;&nbsp; On August 24, the Orthodox Church commemorates the death of St. Kosmas of Kolkondas in Fier ( from Etolia) who is a holy martyr to our church. He was martyred in Myzeqe, an area in the west of Albania. Every year, on August 23 and 24, hundreds of faithful come to the church and the monastery dedicated to the martyr to venerate the saint\" \/>\n<meta property=\"og:url\" content=\"https:\/\/orthodoxalbania.org\/2020\/en\/2013\/03\/21\/feast-of-st-kosmas-of-kolkondas-in-fier-from-etolia-august-2011\/\" \/>\n<meta property=\"og:site_name\" content=\"Kisha Orthodh\u03bfkse Autoqefale e Shqip\u00ebris\u00eb\" \/>\n<meta property=\"article:publisher\" content=\"https:\/\/www.facebook.com\/koash1991\" \/>\n<meta property=\"article:published_time\" content=\"2013-03-21T10:01:01+00:00\" \/>\n<meta property=\"article:modified_time\" content=\"2020-04-12T22:31:04+00:00\" \/>\n<meta property=\"og:image\" content=\"https:\/\/lh4.googleusercontent.com\/-AhSaY4NekkE\/VAQ1EbCNPoI\/AAAAAAAACew\/Kkan0yj3G4U\/w640-h480-no\/000_0164.JPG\" \/>\n<meta name=\"author\" content=\"Kisha Orthodhokse\" \/>\n<meta name=\"twitter:card\" content=\"summary_large_image\" \/>\n<meta name=\"twitter:label1\" content=\"Written by\" \/>\n\t<meta name=\"twitter:data1\" content=\"Kisha Orthodhokse\" \/>\n\t<meta name=\"twitter:label2\" content=\"Est. reading time\" \/>\n\t<meta name=\"twitter:data2\" content=\"1 minute\" \/>\n<script type=\"application\/ld+json\" class=\"yoast-schema-graph\">{\"@context\":\"https:\/\/schema.org\",\"@graph\":[{\"@type\":\"Article\",\"@id\":\"https:\/\/orthodoxalbania.org\/2020\/en\/2013\/03\/21\/feast-of-st-kosmas-of-kolkondas-in-fier-from-etolia-august-2011\/#article\",\"isPartOf\":{\"@id\":\"https:\/\/orthodoxalbania.org\/2020\/en\/2013\/03\/21\/feast-of-st-kosmas-of-kolkondas-in-fier-from-etolia-august-2011\/\"},\"author\":{\"name\":\"Kisha Orthodhokse\",\"@id\":\"https:\/\/orthodoxalbania.org\/2020\/#\/schema\/person\/df745f942b70e045b3dc05a30211f0de\"},\"headline\":\"Feast of st. Kosmas of Kolkondas in Fier (from Etolia). (August 2011)\",\"datePublished\":\"2013-03-21T10:01:01+00:00\",\"dateModified\":\"2020-04-12T22:31:04+00:00\",\"mainEntityOfPage\":{\"@id\":\"https:\/\/orthodoxalbania.org\/2020\/en\/2013\/03\/21\/feast-of-st-kosmas-of-kolkondas-in-fier-from-etolia-august-2011\/\"},\"wordCount\":215,\"commentCount\":0,\"publisher\":{\"@id\":\"https:\/\/orthodoxalbania.org\/2020\/#organization\"},\"image\":{\"@id\":\"https:\/\/orthodoxalbania.org\/2020\/en\/2013\/03\/21\/feast-of-st-kosmas-of-kolkondas-in-fier-from-etolia-august-2011\/#primaryimage\"},\"thumbnailUrl\":\"https:\/\/lh4.googleusercontent.com\/-AhSaY4NekkE\/VAQ1EbCNPoI\/AAAAAAAACew\/Kkan0yj3G4U\/w640-h480-no\/000_0164.JPG\",\"keywords\":[\"2011\",\"Kremtime\"],\"articleSection\":[\"News - \u0395\u039d\",\"News old page\"],\"inLanguage\":\"en-US\"},{\"@type\":\"WebPage\",\"@id\":\"https:\/\/orthodoxalbania.org\/2020\/en\/2013\/03\/21\/feast-of-st-kosmas-of-kolkondas-in-fier-from-etolia-august-2011\/\",\"url\":\"https:\/\/orthodoxalbania.org\/2020\/en\/2013\/03\/21\/feast-of-st-kosmas-of-kolkondas-in-fier-from-etolia-august-2011\/\",\"name\":\"Feast of st. Kosmas of Kolkondas in Fier (from Etolia). (August 2011) - Kisha Orthodh\u03bfkse Autoqefale e Shqip\u00ebris\u00eb\",\"isPartOf\":{\"@id\":\"https:\/\/orthodoxalbania.org\/2020\/#website\"},\"primaryImageOfPage\":{\"@id\":\"https:\/\/orthodoxalbania.org\/2020\/en\/2013\/03\/21\/feast-of-st-kosmas-of-kolkondas-in-fier-from-etolia-august-2011\/#primaryimage\"},\"image\":{\"@id\":\"https:\/\/orthodoxalbania.org\/2020\/en\/2013\/03\/21\/feast-of-st-kosmas-of-kolkondas-in-fier-from-etolia-august-2011\/#primaryimage\"},\"thumbnailUrl\":\"https:\/\/lh4.googleusercontent.com\/-AhSaY4NekkE\/VAQ1EbCNPoI\/AAAAAAAACew\/Kkan0yj3G4U\/w640-h480-no\/000_0164.JPG\",\"datePublished\":\"2013-03-21T10:01:01+00:00\",\"dateModified\":\"2020-04-12T22:31:04+00:00\",\"breadcrumb\":{\"@id\":\"https:\/\/orthodoxalbania.org\/2020\/en\/2013\/03\/21\/feast-of-st-kosmas-of-kolkondas-in-fier-from-etolia-august-2011\/#breadcrumb\"},\"inLanguage\":\"en-US\",\"potentialAction\":[{\"@type\":\"ReadAction\",\"target\":[\"https:\/\/orthodoxalbania.org\/2020\/en\/2013\/03\/21\/feast-of-st-kosmas-of-kolkondas-in-fier-from-etolia-august-2011\/\"]}]},{\"@type\":\"ImageObject\",\"inLanguage\":\"en-US\",\"@id\":\"https:\/\/orthodoxalbania.org\/2020\/en\/2013\/03\/21\/feast-of-st-kosmas-of-kolkondas-in-fier-from-etolia-august-2011\/#primaryimage\",\"url\":\"https:\/\/lh4.googleusercontent.com\/-AhSaY4NekkE\/VAQ1EbCNPoI\/AAAAAAAACew\/Kkan0yj3G4U\/w640-h480-no\/000_0164.JPG\",\"contentUrl\":\"https:\/\/lh4.googleusercontent.com\/-AhSaY4NekkE\/VAQ1EbCNPoI\/AAAAAAAACew\/Kkan0yj3G4U\/w640-h480-no\/000_0164.JPG\"},{\"@type\":\"BreadcrumbList\",\"@id\":\"https:\/\/orthodoxalbania.org\/2020\/en\/2013\/03\/21\/feast-of-st-kosmas-of-kolkondas-in-fier-from-etolia-august-2011\/#breadcrumb\",\"itemListElement\":[{\"@type\":\"ListItem\",\"position\":1,\"name\":\"Home\",\"item\":\"https:\/\/orthodoxalbania.org\/2020\/\"},{\"@type\":\"ListItem\",\"position\":2,\"name\":\"Feast of st. Kosmas of Kolkondas in Fier (from Etolia). (August 2011)\"}]},{\"@type\":\"WebSite\",\"@id\":\"https:\/\/orthodoxalbania.org\/2020\/#website\",\"url\":\"https:\/\/orthodoxalbania.org\/2020\/\",\"name\":\"Kisha Orthodh\u03bfkse Autoqefale e Shqip\u00ebris\u00eb\",\"description\":\"Fqja Zyrtare e Kish\u00ebs Orthodhokse Autoqefale e Shqip\u00ebris\u00eb me lajmet edhe informacionet zyrtare p\u00ebr struktur\u00ebn edhe veprimtarin e saj.\",\"publisher\":{\"@id\":\"https:\/\/orthodoxalbania.org\/2020\/#organization\"},\"potentialAction\":[{\"@type\":\"SearchAction\",\"target\":{\"@type\":\"EntryPoint\",\"urlTemplate\":\"https:\/\/orthodoxalbania.org\/2020\/?s={search_term_string}\"},\"query-input\":{\"@type\":\"PropertyValueSpecification\",\"valueRequired\":true,\"valueName\":\"search_term_string\"}}],\"inLanguage\":\"en-US\"},{\"@type\":\"Organization\",\"@id\":\"https:\/\/orthodoxalbania.org\/2020\/#organization\",\"name\":\"Kisha Orthodhokse Autoqefale e Shqip\u00ebris\u00eb\",\"url\":\"https:\/\/orthodoxalbania.org\/2020\/\",\"logo\":{\"@type\":\"ImageObject\",\"inLanguage\":\"en-US\",\"@id\":\"https:\/\/orthodoxalbania.org\/2020\/#\/schema\/logo\/image\/\",\"url\":\"https:\/\/orthodoxalbania.org\/2020\/wp-content\/uploads\/2020\/05\/albania.jpeg\",\"contentUrl\":\"https:\/\/orthodoxalbania.org\/2020\/wp-content\/uploads\/2020\/05\/albania.jpeg\",\"width\":540,\"height\":540,\"caption\":\"Kisha Orthodhokse Autoqefale e Shqip\u00ebris\u00eb\"},\"image\":{\"@id\":\"https:\/\/orthodoxalbania.org\/2020\/#\/schema\/logo\/image\/\"},\"sameAs\":[\"https:\/\/www.facebook.com\/koash1991\"]},{\"@type\":\"Person\",\"@id\":\"https:\/\/orthodoxalbania.org\/2020\/#\/schema\/person\/df745f942b70e045b3dc05a30211f0de\",\"name\":\"Kisha Orthodhokse\",\"image\":{\"@type\":\"ImageObject\",\"inLanguage\":\"en-US\",\"@id\":\"https:\/\/secure.gravatar.com\/avatar\/2676eb8d97178435c9f691a7871595a1da6c33542dec218bce40885573150e28?s=96&d=mm&r=g\",\"url\":\"https:\/\/secure.gravatar.com\/avatar\/2676eb8d97178435c9f691a7871595a1da6c33542dec218bce40885573150e28?s=96&d=mm&r=g\",\"contentUrl\":\"https:\/\/secure.gravatar.com\/avatar\/2676eb8d97178435c9f691a7871595a1da6c33542dec218bce40885573150e28?s=96&d=mm&r=g\",\"caption\":\"Kisha Orthodhokse\"}}]}<\/script>\n<!-- \/ Yoast SEO plugin. -->","yoast_head_json":{"title":"Feast of st. Kosmas of Kolkondas in Fier (from Etolia). (August 2011) - Kisha Orthodh\u03bfkse Autoqefale e Shqip\u00ebris\u00eb","robots":{"index":"index","follow":"follow","max-snippet":"max-snippet:-1","max-image-preview":"max-image-preview:large","max-video-preview":"max-video-preview:-1"},"canonical":"https:\/\/orthodoxalbania.org\/2020\/en\/2013\/03\/21\/feast-of-st-kosmas-of-kolkondas-in-fier-from-etolia-august-2011\/","og_locale":"en_US","og_type":"article","og_title":"Feast of st. Kosmas of Kolkondas in Fier (from Etolia). (August 2011) - Kisha Orthodh\u03bfkse Autoqefale e Shqip\u00ebris\u00eb","og_description":"&nbsp;&nbsp;&nbsp; On August 24, the Orthodox Church commemorates the death of St. Kosmas of Kolkondas in Fier ( from Etolia) who is a holy martyr to our church. He was martyred in Myzeqe, an area in the west of Albania. Every year, on August 23 and 24, hundreds of faithful come to the church and the monastery dedicated to the martyr to venerate the saint","og_url":"https:\/\/orthodoxalbania.org\/2020\/en\/2013\/03\/21\/feast-of-st-kosmas-of-kolkondas-in-fier-from-etolia-august-2011\/","og_site_name":"Kisha Orthodh\u03bfkse Autoqefale e Shqip\u00ebris\u00eb","article_publisher":"https:\/\/www.facebook.com\/koash1991","article_published_time":"2013-03-21T10:01:01+00:00","article_modified_time":"2020-04-12T22:31:04+00:00","og_image":[{"url":"https:\/\/lh4.googleusercontent.com\/-AhSaY4NekkE\/VAQ1EbCNPoI\/AAAAAAAACew\/Kkan0yj3G4U\/w640-h480-no\/000_0164.JPG","type":"","width":"","height":""}],"author":"Kisha Orthodhokse","twitter_card":"summary_large_image","twitter_misc":{"Written by":"Kisha Orthodhokse","Est. reading time":"1 minute"},"schema":{"@context":"https:\/\/schema.org","@graph":[{"@type":"Article","@id":"https:\/\/orthodoxalbania.org\/2020\/en\/2013\/03\/21\/feast-of-st-kosmas-of-kolkondas-in-fier-from-etolia-august-2011\/#article","isPartOf":{"@id":"https:\/\/orthodoxalbania.org\/2020\/en\/2013\/03\/21\/feast-of-st-kosmas-of-kolkondas-in-fier-from-etolia-august-2011\/"},"author":{"name":"Kisha Orthodhokse","@id":"https:\/\/orthodoxalbania.org\/2020\/#\/schema\/person\/df745f942b70e045b3dc05a30211f0de"},"headline":"Feast of st. Kosmas of Kolkondas in Fier (from Etolia). (August 2011)","datePublished":"2013-03-21T10:01:01+00:00","dateModified":"2020-04-12T22:31:04+00:00","mainEntityOfPage":{"@id":"https:\/\/orthodoxalbania.org\/2020\/en\/2013\/03\/21\/feast-of-st-kosmas-of-kolkondas-in-fier-from-etolia-august-2011\/"},"wordCount":215,"commentCount":0,"publisher":{"@id":"https:\/\/orthodoxalbania.org\/2020\/#organization"},"image":{"@id":"https:\/\/orthodoxalbania.org\/2020\/en\/2013\/03\/21\/feast-of-st-kosmas-of-kolkondas-in-fier-from-etolia-august-2011\/#primaryimage"},"thumbnailUrl":"https:\/\/lh4.googleusercontent.com\/-AhSaY4NekkE\/VAQ1EbCNPoI\/AAAAAAAACew\/Kkan0yj3G4U\/w640-h480-no\/000_0164.JPG","keywords":["2011","Kremtime"],"articleSection":["News - \u0395\u039d","News old page"],"inLanguage":"en-US"},{"@type":"WebPage","@id":"https:\/\/orthodoxalbania.org\/2020\/en\/2013\/03\/21\/feast-of-st-kosmas-of-kolkondas-in-fier-from-etolia-august-2011\/","url":"https:\/\/orthodoxalbania.org\/2020\/en\/2013\/03\/21\/feast-of-st-kosmas-of-kolkondas-in-fier-from-etolia-august-2011\/","name":"Feast of st. Kosmas of Kolkondas in Fier (from Etolia). (August 2011) - Kisha Orthodh\u03bfkse Autoqefale e Shqip\u00ebris\u00eb","isPartOf":{"@id":"https:\/\/orthodoxalbania.org\/2020\/#website"},"primaryImageOfPage":{"@id":"https:\/\/orthodoxalbania.org\/2020\/en\/2013\/03\/21\/feast-of-st-kosmas-of-kolkondas-in-fier-from-etolia-august-2011\/#primaryimage"},"image":{"@id":"https:\/\/orthodoxalbania.org\/2020\/en\/2013\/03\/21\/feast-of-st-kosmas-of-kolkondas-in-fier-from-etolia-august-2011\/#primaryimage"},"thumbnailUrl":"https:\/\/lh4.googleusercontent.com\/-AhSaY4NekkE\/VAQ1EbCNPoI\/AAAAAAAACew\/Kkan0yj3G4U\/w640-h480-no\/000_0164.JPG","datePublished":"2013-03-21T10:01:01+00:00","dateModified":"2020-04-12T22:31:04+00:00","breadcrumb":{"@id":"https:\/\/orthodoxalbania.org\/2020\/en\/2013\/03\/21\/feast-of-st-kosmas-of-kolkondas-in-fier-from-etolia-august-2011\/#breadcrumb"},"inLanguage":"en-US","potentialAction":[{"@type":"ReadAction","target":["https:\/\/orthodoxalbania.org\/2020\/en\/2013\/03\/21\/feast-of-st-kosmas-of-kolkondas-in-fier-from-etolia-august-2011\/"]}]},{"@type":"ImageObject","inLanguage":"en-US","@id":"https:\/\/orthodoxalbania.org\/2020\/en\/2013\/03\/21\/feast-of-st-kosmas-of-kolkondas-in-fier-from-etolia-august-2011\/#primaryimage","url":"https:\/\/lh4.googleusercontent.com\/-AhSaY4NekkE\/VAQ1EbCNPoI\/AAAAAAAACew\/Kkan0yj3G4U\/w640-h480-no\/000_0164.JPG","contentUrl":"https:\/\/lh4.googleusercontent.com\/-AhSaY4NekkE\/VAQ1EbCNPoI\/AAAAAAAACew\/Kkan0yj3G4U\/w640-h480-no\/000_0164.JPG"},{"@type":"BreadcrumbList","@id":"https:\/\/orthodoxalbania.org\/2020\/en\/2013\/03\/21\/feast-of-st-kosmas-of-kolkondas-in-fier-from-etolia-august-2011\/#breadcrumb","itemListElement":[{"@type":"ListItem","position":1,"name":"Home","item":"https:\/\/orthodoxalbania.org\/2020\/"},{"@type":"ListItem","position":2,"name":"Feast of st. Kosmas of Kolkondas in Fier (from Etolia). (August 2011)"}]},{"@type":"WebSite","@id":"https:\/\/orthodoxalbania.org\/2020\/#website","url":"https:\/\/orthodoxalbania.org\/2020\/","name":"Kisha Orthodh\u03bfkse Autoqefale e Shqip\u00ebris\u00eb","description":"Fqja Zyrtare e Kish\u00ebs Orthodhokse Autoqefale e Shqip\u00ebris\u00eb me lajmet edhe informacionet zyrtare p\u00ebr struktur\u00ebn edhe veprimtarin e saj.","publisher":{"@id":"https:\/\/orthodoxalbania.org\/2020\/#organization"},"potentialAction":[{"@type":"SearchAction","target":{"@type":"EntryPoint","urlTemplate":"https:\/\/orthodoxalbania.org\/2020\/?s={search_term_string}"},"query-input":{"@type":"PropertyValueSpecification","valueRequired":true,"valueName":"search_term_string"}}],"inLanguage":"en-US"},{"@type":"Organization","@id":"https:\/\/orthodoxalbania.org\/2020\/#organization","name":"Kisha Orthodhokse Autoqefale e Shqip\u00ebris\u00eb","url":"https:\/\/orthodoxalbania.org\/2020\/","logo":{"@type":"ImageObject","inLanguage":"en-US","@id":"https:\/\/orthodoxalbania.org\/2020\/#\/schema\/logo\/image\/","url":"https:\/\/orthodoxalbania.org\/2020\/wp-content\/uploads\/2020\/05\/albania.jpeg","contentUrl":"https:\/\/orthodoxalbania.org\/2020\/wp-content\/uploads\/2020\/05\/albania.jpeg","width":540,"height":540,"caption":"Kisha Orthodhokse Autoqefale e Shqip\u00ebris\u00eb"},"image":{"@id":"https:\/\/orthodoxalbania.org\/2020\/#\/schema\/logo\/image\/"},"sameAs":["https:\/\/www.facebook.com\/koash1991"]},{"@type":"Person","@id":"https:\/\/orthodoxalbania.org\/2020\/#\/schema\/person\/df745f942b70e045b3dc05a30211f0de","name":"Kisha Orthodhokse","image":{"@type":"ImageObject","inLanguage":"en-US","@id":"https:\/\/secure.gravatar.com\/avatar\/2676eb8d97178435c9f691a7871595a1da6c33542dec218bce40885573150e28?s=96&d=mm&r=g","url":"https:\/\/secure.gravatar.com\/avatar\/2676eb8d97178435c9f691a7871595a1da6c33542dec218bce40885573150e28?s=96&d=mm&r=g","contentUrl":"https:\/\/secure.gravatar.com\/avatar\/2676eb8d97178435c9f691a7871595a1da6c33542dec218bce40885573150e28?s=96&d=mm&r=g","caption":"Kisha Orthodhokse"}}]}},"_links":{"self":[{"href":"https:\/\/orthodoxalbania.org\/2020\/wp-json\/wp\/v2\/posts\/510","targetHints":{"allow":["GET"]}}],"collection":[{"href":"https:\/\/orthodoxalbania.org\/2020\/wp-json\/wp\/v2\/posts"}],"about":[{"href":"https:\/\/orthodoxalbania.org\/2020\/wp-json\/wp\/v2\/types\/post"}],"author":[{"embeddable":true,"href":"https:\/\/orthodoxalbania.org\/2020\/wp-json\/wp\/v2\/users\/7"}],"replies":[{"embeddable":true,"href":"https:\/\/orthodoxalbania.org\/2020\/wp-json\/wp\/v2\/comments?post=510"}],"version-history":[{"count":1,"href":"https:\/\/orthodoxalbania.org\/2020\/wp-json\/wp\/v2\/posts\/510\/revisions"}],"predecessor-version":[{"id":17776,"href":"https:\/\/orthodoxalbania.org\/2020\/wp-json\/wp\/v2\/posts\/510\/revisions\/17776"}],"wp:attachment":[{"href":"https:\/\/orthodoxalbania.org\/2020\/wp-json\/wp\/v2\/media?parent=510"}],"wp:term":[{"taxonomy":"category","embeddable":true,"href":"https:\/\/orthodoxalbania.org\/2020\/wp-json\/wp\/v2\/categories?post=510"},{"taxonomy":"post_tag","embeddable":true,"href":"https:\/\/orthodoxalbania.org\/2020\/wp-json\/wp\/v2\/tags?post=510"}],"curies":[{"name":"wp","href":"https:\/\/api.w.org\/{rel}","templated":true}]}}