{"id":5042,"date":"2017-03-28T06:47:33","date_gmt":"2017-03-28T06:47:33","guid":{"rendered":""},"modified":"2020-04-06T22:01:50","modified_gmt":"2020-04-06T20:01:50","slug":"doli-ne-qarkullim-gazeta-ngjallja-e-muajit-mars-2017","status":"publish","type":"post","link":"https:\/\/orthodoxalbania.org\/2020\/2017\/03\/28\/doli-ne-qarkullim-gazeta-ngjallja-e-muajit-mars-2017\/","title":{"rendered":"Doli n\u00eb qarkullim gazeta &#8220;Ngjallja&#8221; e muajit Mars 2017"},"content":{"rendered":"<p style=\"text-align: center;\">\n\t<strong style=\"color: rgb(128, 0, 0);\"><span style=\"font-size: 12pt; font-family: helvetica;\">Doli n\u00eb qarkullim gazeta &#8220;Ngjallja&#8221; e muajit Mars 2017<\/span><\/strong><\/p>\n<p style=\"text-align: center;\">\n\t&nbsp;<\/p>\n<p style=\"text-align: center;\">\n\t<span style=\"color: #800000;\"><strong><span style=\"font-size: 12pt; font-family: helvetica;\">N\u00eb k\u00ebt\u00eb num\u00ebr do t\u00eb lexoni:<\/span><\/strong><\/span><\/p>\n<p style=\"text-align: justify;\">\n\t&nbsp;<\/p>\n<p style=\"text-align: justify;\">\n\t<span style=\"font-size: 12pt; font-family: helvetica; color: #000000;\">&#8211; 25 Mars &#8211; Ungjill\u00ebzimi i s\u00eb T\u00ebr\u00ebshenjt\u00ebs Mari<\/span><\/p>\n<p style=\"text-align: justify;\">\n\t<span style=\"font-size: 12pt; font-family: helvetica; color: #000000;\">&#8211; U zhvillua Konferenca Nd\u00ebrkomb\u00ebtare \u201cZhvillimet Aktuale dhe Perspektivat e Reja n\u00eb Shkencat e Aplikuara dhe Ekonomi\u201d&nbsp;&#8211; nga Msc. Entela Kostrista<\/span><\/p>\n<p style=\"text-align: justify;\">\n\t<span style=\"font-size: 12pt; font-family: helvetica; color: #000000;\">&#8211; Kryqi i nx\u00ebn\u00ebsit t\u00eb v\u00ebrtet\u00eb &#8211; Marr\u00eb nga libri \u201cSi do t\u00eb besojn\u00eb, po t\u00eb mos d\u00ebgjojn\u00eb?\u201d &#8211; Apostol Papakonstandini<\/span><\/p>\n<p style=\"text-align: justify;\">\n\t<span style=\"font-size: 12pt; font-family: helvetica; color: #000000;\">&#8211; Veprimtari shpirt\u00ebrore me t\u00eb d\u00ebnuarit<\/span><\/p>\n<p style=\"text-align: justify;\">\n\t<span style=\"font-size: 12pt; font-family: helvetica; color: #000000;\">&#8211; Doli n\u00eb qarkullim SINAKSARI III, Janar-Shkurt<\/span><\/p>\n<p style=\"text-align: justify;\">\n\t<span style=\"font-size: 12pt; font-family: helvetica; color: #000000;\">&#8211; Do t\u2019i k\u00ebndoj Zotit sa t\u00eb rroj! &#8211; Mbresat e nj\u00eb studenti t\u00eb vitit t\u00eb par\u00eb t\u00eb shkoll\u00ebs s\u00eb Muzik\u00ebs Bizantine &#8211; nga Llazarion Tenqexhiu<\/span><\/p>\n<p style=\"text-align: justify;\">\n\t<span style=\"font-size: 12pt; font-family: helvetica; color: #000000;\">&#8211; 50 vjet m\u00eb pas (1967-2017) &#8211; T\u00eb th\u00ebna&#8230; t\u00eb path\u00ebna&#8230; t\u00eb p\u00ebrs\u00ebritura. Konstatime, konkluzione &#8211; nga Arkimandrit Kozma Sovjani<\/span><\/p>\n<p style=\"text-align: justify;\">\n\t<span style=\"font-size: 12pt; font-family: helvetica; color: #000000;\">&#8211; Seminar p\u00ebr Arsimin n\u00ebn kujdesin e Mitropolis\u00eb s\u00eb Gjirokastr\u00ebs &#8211; \u201cVlera themelore dhe probleme n\u00eb arsim\u201d &#8211; nga Korrespondenti i \u201cNgjallja\u201d<\/span><\/p>\n<p style=\"text-align: justify;\">\n\t<span style=\"font-size: 12pt; font-family: helvetica; color: #000000;\">&#8211; E kremtja e sh\u00ebn Theodhorit u festua si dit\u00eb Pashke! &#8211; nga Miron \u00c7ako<\/span><\/p>\n<p style=\"text-align: justify;\">\n\t<span style=\"font-size: 12pt; font-family: helvetica; color: #000000;\">&#8211; \u201cDuke mbajtur Kryqin\u201d &#8211; Veprimtari me t\u00eb rinjt\u00eb orthodhoks\u00eb t\u00eb Beratit<\/span><\/p>\n<p style=\"text-align: justify;\">\n\t<span style=\"font-size: 12pt; font-family: helvetica; color: #000000;\">&#8211; Veprimtari me t\u00eb rinjt\u00eb orthodhoks\u00eb n\u00eb Manastirin e Sh\u00ebn Joan Vladimirit<\/span><\/p>\n<p style=\"text-align: justify;\">\n\t<span style=\"font-size: 12pt; font-family: helvetica; color: #000000;\">&#8211; P\u00ebrfundoi restaurimi i Kish\u00ebs s\u00eb shenjt\u00eb t\u00eb Varrit t\u00eb Zotit Krisht<\/span><\/p>\n<p style=\"text-align: justify;\">\n\t<span style=\"font-size: 12pt; font-family: helvetica; color: #000000;\">&#8211; Vler\u00ebsim dhe nj\u00eb p\u00ebrvoj\u00eb e paharruar<\/span><\/p>\n<p style=\"text-align: justify;\">\n\t<span style=\"font-size: 12pt; font-family: helvetica; color: #000000;\">&#8211; \u201cArt dhe Trash\u00ebgimi\u201d &#8211; Revist\u00eb kushtuar historis\u00eb, tradit\u00ebs dhe nd\u00ebrtimeve orthodhokse<\/span><\/p>\n<p style=\"text-align: center;\">\n\t<iframe class=\"scribd_iframe_embed\" data-aspect-ratio=\"0.734910277324633\" data-auto-height=\"false\" frameborder=\"0\" height=\"800\" id=\"doc_30151\" scrolling=\"no\" src=\"https:\/\/www.scribd.com\/embeds\/343253857\/content?start_page=1&amp;view_mode=slideshow&amp;access_key=key-TT1ExQRDN5bnqcnRqSjl&amp;show_recommendations=true\" width=\"600\"><\/iframe><\/p>\n","protected":false},"excerpt":{"rendered":"<p>Doli n\u00eb qarkullim gazeta &#8220;Ngjallja&#8221; e muajit Mars 2017 &nbsp; N\u00eb k\u00ebt\u00eb num\u00ebr do t\u00eb lexoni: &nbsp; &#8211; 25 Mars &#8211; Ungjill\u00ebzimi i s\u00eb T\u00ebr\u00ebshenjt\u00ebs Mari &#8211; U zhvillua Konferenca Nd\u00ebrkomb\u00ebtare \u201cZhvillimet Aktuale dhe Perspektivat e Reja n\u00eb Shkencat e Aplikuara dhe Ekonomi\u201d&nbsp;&#8211; nga Msc. Entela Kostrista &#8211; Kryqi i nx\u00ebn\u00ebsit t\u00eb v\u00ebrtet\u00eb &#8211; Marr\u00eb nga libri \u201cSi do t\u00eb besojn\u00eb, po t\u00eb mos d\u00ebgjojn\u00eb?\u201d<\/p>\n","protected":false},"author":1,"featured_media":5043,"comment_status":"open","ping_status":"open","sticky":false,"template":"","format":"standard","meta":{"_acf_changed":false,"pagelayer_contact_templates":[],"_pagelayer_content":"","inline_featured_image":false,"fifu_image_url":"","fifu_image_alt":"","footnotes":""},"categories":[108],"tags":[209,161,196,212,607],"class_list":["post-5042","post","type-post","status-publish","format-standard","has-post-thumbnail","hentry","category-lajme","tag-209","tag-gazeta-ngjallja","tag-tirane","tag-lajme-d27","tag-promovimepublikime"],"acf":[],"yoast_head":"<!-- This site is optimized with the Yoast SEO plugin v27.2 - https:\/\/yoast.com\/product\/yoast-seo-wordpress\/ -->\n<title>Doli n\u00eb qarkullim gazeta &quot;Ngjallja&quot; e muajit Mars 2017 - Kisha Orthodh\u03bfkse Autoqefale e Shqip\u00ebris\u00eb<\/title>\n<meta name=\"robots\" content=\"index, follow, max-snippet:-1, max-image-preview:large, max-video-preview:-1\" \/>\n<link rel=\"canonical\" href=\"https:\/\/orthodoxalbania.org\/2020\/2017\/03\/28\/doli-ne-qarkullim-gazeta-ngjallja-e-muajit-mars-2017\/\" \/>\n<meta property=\"og:locale\" content=\"en_US\" \/>\n<meta property=\"og:type\" content=\"article\" \/>\n<meta property=\"og:title\" content=\"Doli n\u00eb qarkullim gazeta &quot;Ngjallja&quot; e muajit Mars 2017 - Kisha Orthodh\u03bfkse Autoqefale e Shqip\u00ebris\u00eb\" \/>\n<meta property=\"og:description\" content=\"Doli n\u00eb qarkullim gazeta &#8220;Ngjallja&#8221; e muajit Mars 2017 &nbsp; N\u00eb k\u00ebt\u00eb num\u00ebr do t\u00eb lexoni: &nbsp; &#8211; 25 Mars &#8211; Ungjill\u00ebzimi i s\u00eb T\u00ebr\u00ebshenjt\u00ebs Mari &#8211; U zhvillua Konferenca Nd\u00ebrkomb\u00ebtare \u201cZhvillimet Aktuale dhe Perspektivat e Reja n\u00eb Shkencat e Aplikuara dhe Ekonomi\u201d&nbsp;&#8211; nga Msc. Entela Kostrista &#8211; Kryqi i nx\u00ebn\u00ebsit t\u00eb v\u00ebrtet\u00eb &#8211; Marr\u00eb nga libri \u201cSi do t\u00eb besojn\u00eb, po t\u00eb mos d\u00ebgjojn\u00eb?\u201d\" \/>\n<meta property=\"og:url\" content=\"https:\/\/orthodoxalbania.org\/2020\/2017\/03\/28\/doli-ne-qarkullim-gazeta-ngjallja-e-muajit-mars-2017\/\" \/>\n<meta property=\"og:site_name\" content=\"Kisha Orthodh\u03bfkse Autoqefale e Shqip\u00ebris\u00eb\" \/>\n<meta property=\"article:publisher\" content=\"https:\/\/www.facebook.com\/koash1991\" \/>\n<meta property=\"article:published_time\" content=\"2017-03-28T06:47:33+00:00\" \/>\n<meta property=\"article:modified_time\" content=\"2020-04-06T20:01:50+00:00\" \/>\n<meta property=\"og:image\" content=\"https:\/\/orthodoxalbania.org\/2020\/wp-content\/uploads\/2020\/04\/mars.JPG\" \/>\n\t<meta property=\"og:image:width\" content=\"591\" \/>\n\t<meta property=\"og:image:height\" content=\"765\" \/>\n\t<meta property=\"og:image:type\" content=\"image\/jpeg\" \/>\n<meta name=\"author\" content=\"Kisha Orthodhokse\" \/>\n<meta name=\"twitter:card\" content=\"summary_large_image\" \/>\n<meta name=\"twitter:label1\" content=\"Written by\" \/>\n\t<meta name=\"twitter:data1\" content=\"Kisha Orthodhokse\" \/>\n\t<meta name=\"twitter:label2\" content=\"Est. reading time\" \/>\n\t<meta name=\"twitter:data2\" content=\"1 minute\" \/>\n<script type=\"application\/ld+json\" class=\"yoast-schema-graph\">{\"@context\":\"https:\/\/schema.org\",\"@graph\":[{\"@type\":\"Article\",\"@id\":\"https:\/\/orthodoxalbania.org\/2020\/2017\/03\/28\/doli-ne-qarkullim-gazeta-ngjallja-e-muajit-mars-2017\/#article\",\"isPartOf\":{\"@id\":\"https:\/\/orthodoxalbania.org\/2020\/2017\/03\/28\/doli-ne-qarkullim-gazeta-ngjallja-e-muajit-mars-2017\/\"},\"author\":{\"name\":\"Kisha Orthodhokse\",\"@id\":\"https:\/\/orthodoxalbania.org\/2020\/#\/schema\/person\/0c387634a7063ac612d7ed9ce71c7e86\"},\"headline\":\"Doli n\u00eb qarkullim gazeta &#8220;Ngjallja&#8221; e muajit Mars 2017\",\"datePublished\":\"2017-03-28T06:47:33+00:00\",\"dateModified\":\"2020-04-06T20:01:50+00:00\",\"mainEntityOfPage\":{\"@id\":\"https:\/\/orthodoxalbania.org\/2020\/2017\/03\/28\/doli-ne-qarkullim-gazeta-ngjallja-e-muajit-mars-2017\/\"},\"wordCount\":260,\"commentCount\":0,\"publisher\":{\"@id\":\"https:\/\/orthodoxalbania.org\/2020\/#organization\"},\"image\":{\"@id\":\"https:\/\/orthodoxalbania.org\/2020\/2017\/03\/28\/doli-ne-qarkullim-gazeta-ngjallja-e-muajit-mars-2017\/#primaryimage\"},\"thumbnailUrl\":\"https:\/\/orthodoxalbania.org\/2020\/wp-content\/uploads\/2020\/04\/mars.JPG\",\"keywords\":[\"2017\",\"Gazeta \\\"Ngjallja\\\"\",\"Kryepiskopata Tiran\u00eb\",\"lajme\",\"PromovimePublikime\"],\"articleSection\":[\"Lajme\"],\"inLanguage\":\"en-US\"},{\"@type\":\"WebPage\",\"@id\":\"https:\/\/orthodoxalbania.org\/2020\/2017\/03\/28\/doli-ne-qarkullim-gazeta-ngjallja-e-muajit-mars-2017\/\",\"url\":\"https:\/\/orthodoxalbania.org\/2020\/2017\/03\/28\/doli-ne-qarkullim-gazeta-ngjallja-e-muajit-mars-2017\/\",\"name\":\"Doli n\u00eb qarkullim gazeta \\\"Ngjallja\\\" e muajit Mars 2017 - Kisha Orthodh\u03bfkse Autoqefale e Shqip\u00ebris\u00eb\",\"isPartOf\":{\"@id\":\"https:\/\/orthodoxalbania.org\/2020\/#website\"},\"primaryImageOfPage\":{\"@id\":\"https:\/\/orthodoxalbania.org\/2020\/2017\/03\/28\/doli-ne-qarkullim-gazeta-ngjallja-e-muajit-mars-2017\/#primaryimage\"},\"image\":{\"@id\":\"https:\/\/orthodoxalbania.org\/2020\/2017\/03\/28\/doli-ne-qarkullim-gazeta-ngjallja-e-muajit-mars-2017\/#primaryimage\"},\"thumbnailUrl\":\"https:\/\/orthodoxalbania.org\/2020\/wp-content\/uploads\/2020\/04\/mars.JPG\",\"datePublished\":\"2017-03-28T06:47:33+00:00\",\"dateModified\":\"2020-04-06T20:01:50+00:00\",\"breadcrumb\":{\"@id\":\"https:\/\/orthodoxalbania.org\/2020\/2017\/03\/28\/doli-ne-qarkullim-gazeta-ngjallja-e-muajit-mars-2017\/#breadcrumb\"},\"inLanguage\":\"en-US\",\"potentialAction\":[{\"@type\":\"ReadAction\",\"target\":[\"https:\/\/orthodoxalbania.org\/2020\/2017\/03\/28\/doli-ne-qarkullim-gazeta-ngjallja-e-muajit-mars-2017\/\"]}]},{\"@type\":\"ImageObject\",\"inLanguage\":\"en-US\",\"@id\":\"https:\/\/orthodoxalbania.org\/2020\/2017\/03\/28\/doli-ne-qarkullim-gazeta-ngjallja-e-muajit-mars-2017\/#primaryimage\",\"url\":\"https:\/\/orthodoxalbania.org\/2020\/wp-content\/uploads\/2020\/04\/mars.JPG\",\"contentUrl\":\"https:\/\/orthodoxalbania.org\/2020\/wp-content\/uploads\/2020\/04\/mars.JPG\",\"width\":591,\"height\":765},{\"@type\":\"BreadcrumbList\",\"@id\":\"https:\/\/orthodoxalbania.org\/2020\/2017\/03\/28\/doli-ne-qarkullim-gazeta-ngjallja-e-muajit-mars-2017\/#breadcrumb\",\"itemListElement\":[{\"@type\":\"ListItem\",\"position\":1,\"name\":\"Home\",\"item\":\"https:\/\/orthodoxalbania.org\/2020\/\"},{\"@type\":\"ListItem\",\"position\":2,\"name\":\"Doli n\u00eb qarkullim gazeta &#8220;Ngjallja&#8221; e muajit Mars 2017\"}]},{\"@type\":\"WebSite\",\"@id\":\"https:\/\/orthodoxalbania.org\/2020\/#website\",\"url\":\"https:\/\/orthodoxalbania.org\/2020\/\",\"name\":\"Kisha Orthodh\u03bfkse Autoqefale e Shqip\u00ebris\u00eb\",\"description\":\"Fqja Zyrtare e Kish\u00ebs Orthodhokse Autoqefale e Shqip\u00ebris\u00eb me lajmet edhe informacionet zyrtare p\u00ebr struktur\u00ebn edhe veprimtarin e saj.\",\"publisher\":{\"@id\":\"https:\/\/orthodoxalbania.org\/2020\/#organization\"},\"potentialAction\":[{\"@type\":\"SearchAction\",\"target\":{\"@type\":\"EntryPoint\",\"urlTemplate\":\"https:\/\/orthodoxalbania.org\/2020\/?s={search_term_string}\"},\"query-input\":{\"@type\":\"PropertyValueSpecification\",\"valueRequired\":true,\"valueName\":\"search_term_string\"}}],\"inLanguage\":\"en-US\"},{\"@type\":\"Organization\",\"@id\":\"https:\/\/orthodoxalbania.org\/2020\/#organization\",\"name\":\"Kisha Orthodhokse Autoqefale e Shqip\u00ebris\u00eb\",\"url\":\"https:\/\/orthodoxalbania.org\/2020\/\",\"logo\":{\"@type\":\"ImageObject\",\"inLanguage\":\"en-US\",\"@id\":\"https:\/\/orthodoxalbania.org\/2020\/#\/schema\/logo\/image\/\",\"url\":\"https:\/\/orthodoxalbania.org\/2020\/wp-content\/uploads\/2020\/05\/albania.jpeg\",\"contentUrl\":\"https:\/\/orthodoxalbania.org\/2020\/wp-content\/uploads\/2020\/05\/albania.jpeg\",\"width\":540,\"height\":540,\"caption\":\"Kisha Orthodhokse Autoqefale e Shqip\u00ebris\u00eb\"},\"image\":{\"@id\":\"https:\/\/orthodoxalbania.org\/2020\/#\/schema\/logo\/image\/\"},\"sameAs\":[\"https:\/\/www.facebook.com\/koash1991\"]},{\"@type\":\"Person\",\"@id\":\"https:\/\/orthodoxalbania.org\/2020\/#\/schema\/person\/0c387634a7063ac612d7ed9ce71c7e86\",\"name\":\"Kisha Orthodhokse\",\"image\":{\"@type\":\"ImageObject\",\"inLanguage\":\"en-US\",\"@id\":\"https:\/\/secure.gravatar.com\/avatar\/596e7c417251e30f2fbb9c00e026fce61a695a00e51c889caded71c96cbbdde5?s=96&d=mm&r=g\",\"url\":\"https:\/\/secure.gravatar.com\/avatar\/596e7c417251e30f2fbb9c00e026fce61a695a00e51c889caded71c96cbbdde5?s=96&d=mm&r=g\",\"contentUrl\":\"https:\/\/secure.gravatar.com\/avatar\/596e7c417251e30f2fbb9c00e026fce61a695a00e51c889caded71c96cbbdde5?s=96&d=mm&r=g\",\"caption\":\"Kisha Orthodhokse\"}}]}<\/script>\n<!-- \/ Yoast SEO plugin. -->","yoast_head_json":{"title":"Doli n\u00eb qarkullim gazeta \"Ngjallja\" e muajit Mars 2017 - Kisha Orthodh\u03bfkse Autoqefale e Shqip\u00ebris\u00eb","robots":{"index":"index","follow":"follow","max-snippet":"max-snippet:-1","max-image-preview":"max-image-preview:large","max-video-preview":"max-video-preview:-1"},"canonical":"https:\/\/orthodoxalbania.org\/2020\/2017\/03\/28\/doli-ne-qarkullim-gazeta-ngjallja-e-muajit-mars-2017\/","og_locale":"en_US","og_type":"article","og_title":"Doli n\u00eb qarkullim gazeta \"Ngjallja\" e muajit Mars 2017 - Kisha Orthodh\u03bfkse Autoqefale e Shqip\u00ebris\u00eb","og_description":"Doli n\u00eb qarkullim gazeta &#8220;Ngjallja&#8221; e muajit Mars 2017 &nbsp; N\u00eb k\u00ebt\u00eb num\u00ebr do t\u00eb lexoni: &nbsp; &#8211; 25 Mars &#8211; Ungjill\u00ebzimi i s\u00eb T\u00ebr\u00ebshenjt\u00ebs Mari &#8211; U zhvillua Konferenca Nd\u00ebrkomb\u00ebtare \u201cZhvillimet Aktuale dhe Perspektivat e Reja n\u00eb Shkencat e Aplikuara dhe Ekonomi\u201d&nbsp;&#8211; nga Msc. Entela Kostrista &#8211; Kryqi i nx\u00ebn\u00ebsit t\u00eb v\u00ebrtet\u00eb &#8211; Marr\u00eb nga libri \u201cSi do t\u00eb besojn\u00eb, po t\u00eb mos d\u00ebgjojn\u00eb?\u201d","og_url":"https:\/\/orthodoxalbania.org\/2020\/2017\/03\/28\/doli-ne-qarkullim-gazeta-ngjallja-e-muajit-mars-2017\/","og_site_name":"Kisha Orthodh\u03bfkse Autoqefale e Shqip\u00ebris\u00eb","article_publisher":"https:\/\/www.facebook.com\/koash1991","article_published_time":"2017-03-28T06:47:33+00:00","article_modified_time":"2020-04-06T20:01:50+00:00","og_image":[{"width":591,"height":765,"url":"https:\/\/orthodoxalbania.org\/2020\/wp-content\/uploads\/2020\/04\/mars.JPG","type":"image\/jpeg"}],"author":"Kisha Orthodhokse","twitter_card":"summary_large_image","twitter_misc":{"Written by":"Kisha Orthodhokse","Est. reading time":"1 minute"},"schema":{"@context":"https:\/\/schema.org","@graph":[{"@type":"Article","@id":"https:\/\/orthodoxalbania.org\/2020\/2017\/03\/28\/doli-ne-qarkullim-gazeta-ngjallja-e-muajit-mars-2017\/#article","isPartOf":{"@id":"https:\/\/orthodoxalbania.org\/2020\/2017\/03\/28\/doli-ne-qarkullim-gazeta-ngjallja-e-muajit-mars-2017\/"},"author":{"name":"Kisha Orthodhokse","@id":"https:\/\/orthodoxalbania.org\/2020\/#\/schema\/person\/0c387634a7063ac612d7ed9ce71c7e86"},"headline":"Doli n\u00eb qarkullim gazeta &#8220;Ngjallja&#8221; e muajit Mars 2017","datePublished":"2017-03-28T06:47:33+00:00","dateModified":"2020-04-06T20:01:50+00:00","mainEntityOfPage":{"@id":"https:\/\/orthodoxalbania.org\/2020\/2017\/03\/28\/doli-ne-qarkullim-gazeta-ngjallja-e-muajit-mars-2017\/"},"wordCount":260,"commentCount":0,"publisher":{"@id":"https:\/\/orthodoxalbania.org\/2020\/#organization"},"image":{"@id":"https:\/\/orthodoxalbania.org\/2020\/2017\/03\/28\/doli-ne-qarkullim-gazeta-ngjallja-e-muajit-mars-2017\/#primaryimage"},"thumbnailUrl":"https:\/\/orthodoxalbania.org\/2020\/wp-content\/uploads\/2020\/04\/mars.JPG","keywords":["2017","Gazeta \"Ngjallja\"","Kryepiskopata Tiran\u00eb","lajme","PromovimePublikime"],"articleSection":["Lajme"],"inLanguage":"en-US"},{"@type":"WebPage","@id":"https:\/\/orthodoxalbania.org\/2020\/2017\/03\/28\/doli-ne-qarkullim-gazeta-ngjallja-e-muajit-mars-2017\/","url":"https:\/\/orthodoxalbania.org\/2020\/2017\/03\/28\/doli-ne-qarkullim-gazeta-ngjallja-e-muajit-mars-2017\/","name":"Doli n\u00eb qarkullim gazeta \"Ngjallja\" e muajit Mars 2017 - Kisha Orthodh\u03bfkse Autoqefale e Shqip\u00ebris\u00eb","isPartOf":{"@id":"https:\/\/orthodoxalbania.org\/2020\/#website"},"primaryImageOfPage":{"@id":"https:\/\/orthodoxalbania.org\/2020\/2017\/03\/28\/doli-ne-qarkullim-gazeta-ngjallja-e-muajit-mars-2017\/#primaryimage"},"image":{"@id":"https:\/\/orthodoxalbania.org\/2020\/2017\/03\/28\/doli-ne-qarkullim-gazeta-ngjallja-e-muajit-mars-2017\/#primaryimage"},"thumbnailUrl":"https:\/\/orthodoxalbania.org\/2020\/wp-content\/uploads\/2020\/04\/mars.JPG","datePublished":"2017-03-28T06:47:33+00:00","dateModified":"2020-04-06T20:01:50+00:00","breadcrumb":{"@id":"https:\/\/orthodoxalbania.org\/2020\/2017\/03\/28\/doli-ne-qarkullim-gazeta-ngjallja-e-muajit-mars-2017\/#breadcrumb"},"inLanguage":"en-US","potentialAction":[{"@type":"ReadAction","target":["https:\/\/orthodoxalbania.org\/2020\/2017\/03\/28\/doli-ne-qarkullim-gazeta-ngjallja-e-muajit-mars-2017\/"]}]},{"@type":"ImageObject","inLanguage":"en-US","@id":"https:\/\/orthodoxalbania.org\/2020\/2017\/03\/28\/doli-ne-qarkullim-gazeta-ngjallja-e-muajit-mars-2017\/#primaryimage","url":"https:\/\/orthodoxalbania.org\/2020\/wp-content\/uploads\/2020\/04\/mars.JPG","contentUrl":"https:\/\/orthodoxalbania.org\/2020\/wp-content\/uploads\/2020\/04\/mars.JPG","width":591,"height":765},{"@type":"BreadcrumbList","@id":"https:\/\/orthodoxalbania.org\/2020\/2017\/03\/28\/doli-ne-qarkullim-gazeta-ngjallja-e-muajit-mars-2017\/#breadcrumb","itemListElement":[{"@type":"ListItem","position":1,"name":"Home","item":"https:\/\/orthodoxalbania.org\/2020\/"},{"@type":"ListItem","position":2,"name":"Doli n\u00eb qarkullim gazeta &#8220;Ngjallja&#8221; e muajit Mars 2017"}]},{"@type":"WebSite","@id":"https:\/\/orthodoxalbania.org\/2020\/#website","url":"https:\/\/orthodoxalbania.org\/2020\/","name":"Kisha Orthodh\u03bfkse Autoqefale e Shqip\u00ebris\u00eb","description":"Fqja Zyrtare e Kish\u00ebs Orthodhokse Autoqefale e Shqip\u00ebris\u00eb me lajmet edhe informacionet zyrtare p\u00ebr struktur\u00ebn edhe veprimtarin e saj.","publisher":{"@id":"https:\/\/orthodoxalbania.org\/2020\/#organization"},"potentialAction":[{"@type":"SearchAction","target":{"@type":"EntryPoint","urlTemplate":"https:\/\/orthodoxalbania.org\/2020\/?s={search_term_string}"},"query-input":{"@type":"PropertyValueSpecification","valueRequired":true,"valueName":"search_term_string"}}],"inLanguage":"en-US"},{"@type":"Organization","@id":"https:\/\/orthodoxalbania.org\/2020\/#organization","name":"Kisha Orthodhokse Autoqefale e Shqip\u00ebris\u00eb","url":"https:\/\/orthodoxalbania.org\/2020\/","logo":{"@type":"ImageObject","inLanguage":"en-US","@id":"https:\/\/orthodoxalbania.org\/2020\/#\/schema\/logo\/image\/","url":"https:\/\/orthodoxalbania.org\/2020\/wp-content\/uploads\/2020\/05\/albania.jpeg","contentUrl":"https:\/\/orthodoxalbania.org\/2020\/wp-content\/uploads\/2020\/05\/albania.jpeg","width":540,"height":540,"caption":"Kisha Orthodhokse Autoqefale e Shqip\u00ebris\u00eb"},"image":{"@id":"https:\/\/orthodoxalbania.org\/2020\/#\/schema\/logo\/image\/"},"sameAs":["https:\/\/www.facebook.com\/koash1991"]},{"@type":"Person","@id":"https:\/\/orthodoxalbania.org\/2020\/#\/schema\/person\/0c387634a7063ac612d7ed9ce71c7e86","name":"Kisha Orthodhokse","image":{"@type":"ImageObject","inLanguage":"en-US","@id":"https:\/\/secure.gravatar.com\/avatar\/596e7c417251e30f2fbb9c00e026fce61a695a00e51c889caded71c96cbbdde5?s=96&d=mm&r=g","url":"https:\/\/secure.gravatar.com\/avatar\/596e7c417251e30f2fbb9c00e026fce61a695a00e51c889caded71c96cbbdde5?s=96&d=mm&r=g","contentUrl":"https:\/\/secure.gravatar.com\/avatar\/596e7c417251e30f2fbb9c00e026fce61a695a00e51c889caded71c96cbbdde5?s=96&d=mm&r=g","caption":"Kisha Orthodhokse"}}]}},"_links":{"self":[{"href":"https:\/\/orthodoxalbania.org\/2020\/wp-json\/wp\/v2\/posts\/5042","targetHints":{"allow":["GET"]}}],"collection":[{"href":"https:\/\/orthodoxalbania.org\/2020\/wp-json\/wp\/v2\/posts"}],"about":[{"href":"https:\/\/orthodoxalbania.org\/2020\/wp-json\/wp\/v2\/types\/post"}],"author":[{"embeddable":true,"href":"https:\/\/orthodoxalbania.org\/2020\/wp-json\/wp\/v2\/users\/1"}],"replies":[{"embeddable":true,"href":"https:\/\/orthodoxalbania.org\/2020\/wp-json\/wp\/v2\/comments?post=5042"}],"version-history":[{"count":1,"href":"https:\/\/orthodoxalbania.org\/2020\/wp-json\/wp\/v2\/posts\/5042\/revisions"}],"predecessor-version":[{"id":14302,"href":"https:\/\/orthodoxalbania.org\/2020\/wp-json\/wp\/v2\/posts\/5042\/revisions\/14302"}],"wp:featuredmedia":[{"embeddable":true,"href":"https:\/\/orthodoxalbania.org\/2020\/wp-json\/wp\/v2\/media\/5043"}],"wp:attachment":[{"href":"https:\/\/orthodoxalbania.org\/2020\/wp-json\/wp\/v2\/media?parent=5042"}],"wp:term":[{"taxonomy":"category","embeddable":true,"href":"https:\/\/orthodoxalbania.org\/2020\/wp-json\/wp\/v2\/categories?post=5042"},{"taxonomy":"post_tag","embeddable":true,"href":"https:\/\/orthodoxalbania.org\/2020\/wp-json\/wp\/v2\/tags?post=5042"}],"curies":[{"name":"wp","href":"https:\/\/api.w.org\/{rel}","templated":true}]}}