{"id":5032,"date":"2017-03-24T10:26:38","date_gmt":"2017-03-24T10:26:38","guid":{"rendered":""},"modified":"2020-04-06T22:01:50","modified_gmt":"2020-04-06T20:01:50","slug":"u-zhvillua-konferenca-nderkombetare-zhvillimet-aktuale-dhe-perspektivat-e-reja-ne-shkencat-e-aplikuara-dhe-ekonomi","status":"publish","type":"post","link":"https:\/\/orthodoxalbania.org\/2020\/2017\/03\/24\/u-zhvillua-konferenca-nderkombetare-zhvillimet-aktuale-dhe-perspektivat-e-reja-ne-shkencat-e-aplikuara-dhe-ekonomi\/","title":{"rendered":"U zhvillua Konferenca Nd\u00ebrkomb\u00ebtare \u201cZhvillimet Aktuale dhe Perspektivat e Reja n\u00eb Shkencat e Aplikuara dhe Ekonomi\u201d"},"content":{"rendered":"<p style=\"text-align: center;\"><span style=\"font-size: 12pt; font-family: helvetica; color: #000000;\"><em>Organizuar nga Kolegji Universitar \u201cLogos\u201d<\/em><\/span><\/p>\n<p style=\"text-align: center;\"><span style=\"font-size: 12pt; font-family: helvetica; color: #000000;\"><em><strong>U zhvillua Konferenca Nd\u00ebrkomb\u00ebtare \u201cZhvillimet Aktuale dhe Perspektivat e Reja n\u00eb Shkencat e Aplikuara dhe Ekonomi\u201d<\/strong><\/em><\/span><\/p>\n<p style=\"text-align: justify;\">&nbsp;<\/p>\n<p style=\"text-align: justify;\"><span style=\"font-size: 12pt; font-family: helvetica; color: #000000;\">&nbsp; &nbsp; M\u00eb 17 mars 2017 u zhvillua Konferenca Nd\u00ebrkomb\u00ebtare \u201cZhvillimet Aktuale dhe Perspektivat e Reja n\u00eb Shkencat e Aplikuara dhe Ekonomi\u201d e organizuar nga Kolegji Universitar \u201cLogos\u201d, i Kish\u00ebs Orthodhokse Autoqefale t\u00eb Shqip\u00ebris\u00eb, n\u00eb bashk\u00ebpunim me Universitetin Katolik \u201cZoja e K\u00ebshillit t\u00eb Mir\u00eb\u201d, Universitetin e Mjek\u00ebsis\u00eb &#8211; Tiran\u00eb, Universitetin e Pireut &#8211; Greqi, Universitetin Bujq\u00ebsor t\u00eb Tiran\u00ebs, Universitetin e Kalabris\u00eb &#8211; Itali, si dhe me Shoqat\u00ebn e Biokimis\u00eb Klinike dhe Mjek\u00ebsis\u00eb Laboratorike Shqiptare e Shoqat\u00ebn Amerikane p\u00ebr Patologjit\u00eb Klinike n\u00eb Evrop\u00eb-Greqi. Aktiviteti u zhvillua n\u00eb sall\u00ebn e madhe t\u00eb Qendr\u00ebs Kulturore t\u00eb Katedrales \u201cNgjallja e Krishtit\u201d, Tiran\u00eb.<\/span><\/p>\n<p style=\"text-align: justify;\"><span style=\"font-size: 12pt; font-family: helvetica; color: #000000;\">&nbsp; &nbsp; Konferenca u hap me seanc\u00ebn plenare n\u00eb t\u00eb cil\u00ebn mor\u00ebn pjes\u00eb dhe mbajt\u00ebn fjal\u00ebn e tyre autoritetet m\u00eb t\u00eb larta t\u00eb institucioneve pjes\u00ebmarr\u00ebse, si: Fortlumturia e Tij, Kryepiskopi i Tiran\u00ebs, Durr\u00ebsit dhe i Gjith\u00eb Shqip\u00ebris\u00eb, Prof. Dr. Anastasi &#8211; President i Fondacionit \u201cLogos\u201d; Prof. Dr. Xhezair Teliti &#8211; Rektor i Kolegjit Universitar \u201cLogos\u201d; Prof. Bruno Giardina &#8211; Rektor i Universitetit Katolik \u201cZoja e K\u00ebshillit t\u00eb Mir\u00eb\u201d; Prof. Dr. Anila Bulo &#8211; kryetare e Shoqat\u00ebs s\u00eb Biokimis\u00eb Klinike dhe Mjek\u00ebsis\u00eb Laboratorike Shqiptare. Gjithashtu mor\u00ebn pjes\u00eb stafi akademik dhe student\u00ebt e Kolegjit Universitar \u201cLogos\u201d dhe nga universitetet bashk\u00ebpun\u00ebtore, personalitete e profesor\u00eb t\u00eb nderuar q\u00eb kan\u00eb dh\u00ebn\u00eb nd\u00ebr vite kontributin e tyre t\u00eb \u00e7muar n\u00eb \u201cLogos\u201d, specialist\u00eb t\u00eb fushave e t\u00eb ftuar t\u00eb tjer\u00eb.<\/span><\/p>\n<p style=\"text-align: justify;\"><span style=\"font-size: 12pt; font-family: helvetica; color: #000000;\">&nbsp; &nbsp; Konferenca u zhvillua n\u00eb dy sesione paralele, n\u00eb t\u00eb cilat u prezantuan gjithsej 25 kumtesa: Sesioni i Mjek\u00ebsis\u00eb \u201cE tashmja dhe e Ardhmja e Mjek\u00ebsis\u00eb Laboratorike\u201d dhe sesioni i Ekonomis\u00eb \u201cMendimi Shkencor n\u00eb Zhvillimin Ekonomik dhe Sfidat e s\u00eb Ardhmes\u201d.<\/span><\/p>\n<p style=\"text-align: justify;\"><span style=\"font-size: 12pt; font-family: helvetica; color: #000000;\">&nbsp; &nbsp; Nj\u00eb vler\u00eb e shtuar p\u00ebr konferenc\u00ebn ishin referimet e mbajtura nga profesor\u00eb t\u00eb nderuar jasht\u00eb kufijve t\u00eb Shqip\u00ebris\u00eb, si: Prof. Ettore Capoluongo, Prof. Andrea Urbani, Prof. Carlo de Giuli Morghen, Prof. Rubino Franco Ernesto, Prof. Asc. Filotheos Ntalianis, Prof. Asc. Jostina Dhimitri, Dionysis Vourtsis, Pietro Iaquinta, Miracco Rosetta, Tonia Tassone, Eleni Didaskalou, Francesco Favia, Antonella Biscione, Thais Garcia &#8211; Pereiro, t\u00eb cil\u00ebt jan\u00eb personalitete t\u00eb fushave p\u00ebrkat\u00ebse t\u00eb Mjek\u00ebsis\u00eb e t\u00eb Ekonomis\u00eb.<\/span><\/p>\n<p style=\"text-align: justify;\"><span style=\"font-size: 12pt; font-family: helvetica; color: #000000;\">&nbsp; &nbsp; Konferenca, e cila gjithashtu kishte edhe 37 prezantime me poster, sh\u00ebnoi nj\u00eb ngjarje t\u00eb ve\u00e7ant\u00eb jo vet\u00ebm p\u00ebr dimensionin shkencor q\u00eb karakterizon nj\u00eb konferenc\u00eb nd\u00ebrkomb\u00ebtare, por edhe p\u00ebr mund\u00ebsin\u00eb e futjes s\u00eb k\u00ebrkimit shkencor n\u00eb m\u00ebnyr\u00eb cil\u00ebsore te personeli akademik aktual i Kolegjit Universitar \u201cLogos\u201d. Kjo konferenc\u00eb ishte nj\u00eb ngjarje e ve\u00e7ant\u00eb edhe p\u00ebr student\u00ebt e universitetit ton\u00eb q\u00eb do t\u00eb jen\u00eb k\u00ebrkuesit shkencor\u00eb t\u00eb s\u00eb ardhmes.<\/span><\/p>\n<p style=\"text-align: justify;\"><span style=\"font-size: 12pt; font-family: helvetica; color: #000000;\">&nbsp; &nbsp; Q\u00ebllimi i k\u00ebsaj konference nuk ishte vet\u00ebm p\u00ebr t\u00eb mund\u00ebsuar prezantimin e rezultateve t\u00eb reja t\u00eb hulumtimit, por edhe p\u00ebr t\u00eb shk\u00ebmbyer mendime, k\u00ebndv\u00ebshtrime e ide t\u00eb reja k\u00ebrkimore shkencore mes kapaciteteve t\u00eb njohura n\u00eb fush\u00ebn e mjek\u00ebsis\u00eb dhe ekonomis\u00eb.<\/span><\/p>\n<p style=\"text-align: justify;\"><span style=\"font-size: 12pt; font-family: helvetica; color: #000000;\">&nbsp; &nbsp; Organizimi i p\u00ebrbashk\u00ebt i k\u00ebsaj konference nd\u00ebrmjet Institucioneve Universitare t\u00eb lartp\u00ebrmendura sh\u00ebrben si nj\u00eb fillim i mbar\u00eb bashk\u00ebpunimi n\u00eb kuad\u00ebr t\u00eb p\u00ebrmir\u00ebsimit t\u00eb procesit m\u00ebsimor dhe t\u00eb k\u00ebrkimit shkencor, kaq shum\u00eb t\u00eb r\u00ebnd\u00ebsishme p\u00ebr shoq\u00ebrin\u00eb ton\u00eb e p\u00ebr t\u00eb ardhmen e vendit.<\/span><\/p>\n<p style=\"text-align: justify;\">&nbsp;<\/p>\n<p style=\"text-align: right;\"><strong><span style=\"font-size: 12pt; font-family: helvetica; color: #000000;\"><em>Msc<\/em>. Entela Kostrista<\/span><\/strong><\/p>\n<p style=\"text-align: right;\"><strong><span style=\"font-size: 12pt; font-family: helvetica; color: #000000;\">Qendra e K\u00ebrkimit Shkencor<\/span><\/strong><\/p>\n<p style=\"text-align: right;\"><strong><span style=\"font-size: 12pt; font-family: helvetica; color: #000000;\">Kolegji Universitar \u201c<em>Logos<\/em>\u201d<\/span><\/strong><\/p>\n<p style=\"text-align: right;\">&nbsp;<\/p>\n<p style=\"text-align: center;\"><img class=\"lazyload\" decoding=\"async\" style=\"display: block; margin: 10px auto; border: 1px solid #000000;\" alt=\"\" src=\"data:image\/svg+xml,%3Csvg%20xmlns%3D%27http%3A%2F%2Fwww.w3.org%2F2000%2Fsvg%27%20width%3D%27450%27%20height%3D%27750%27%20viewBox%3D%270%200%20450%20750%27%3E%3Crect%20width%3D%27450%27%20height%3D%27750%27%20fill-opacity%3D%220%22%2F%3E%3C%2Fsvg%3E\" data-orig-src=\"https:\/\/orthodoxalbania.org\/2020\/wp-content\/uploads\/2020\/04\/7-2.jpg\" height=\"750\" width=\"450\" \/><\/p>\n<p style=\"text-align: center;\"><img class=\"lazyload\" decoding=\"async\" style=\"display: block; margin: 10px auto; border: 1px solid #000000;\" alt=\"\" src=\"data:image\/svg+xml,%3Csvg%20xmlns%3D%27http%3A%2F%2Fwww.w3.org%2F2000%2Fsvg%27%20width%3D%27450%27%20height%3D%27272%27%20viewBox%3D%270%200%20450%20272%27%3E%3Crect%20width%3D%27450%27%20height%3D%27272%27%20fill-opacity%3D%220%22%2F%3E%3C%2Fsvg%3E\" data-orig-src=\"https:\/\/orthodoxalbania.org\/2020\/wp-content\/uploads\/2020\/04\/a.jpg\" height=\"272\" width=\"450\" \/><\/p>\n<p style=\"text-align: center;\"><img class=\"lazyload\" decoding=\"async\" style=\"display: block; margin: 10px auto; border: 1px solid #000000;\" alt=\"\" src=\"data:image\/svg+xml,%3Csvg%20xmlns%3D%27http%3A%2F%2Fwww.w3.org%2F2000%2Fsvg%27%20width%3D%27450%27%20height%3D%27337%27%20viewBox%3D%270%200%20450%20337%27%3E%3Crect%20width%3D%27450%27%20height%3D%27337%27%20fill-opacity%3D%220%22%2F%3E%3C%2Fsvg%3E\" data-orig-src=\"https:\/\/orthodoxalbania.org\/2020\/wp-content\/uploads\/2020\/04\/2-1.jpg\" height=\"337\" width=\"450\" \/><\/p>\n<p style=\"text-align: center;\"><img class=\"lazyload\" decoding=\"async\" style=\"display: block; margin: 10px auto; border: 1px solid #000000;\" alt=\"\" src=\"data:image\/svg+xml,%3Csvg%20xmlns%3D%27http%3A%2F%2Fwww.w3.org%2F2000%2Fsvg%27%20width%3D%27450%27%20height%3D%27337%27%20viewBox%3D%270%200%20450%20337%27%3E%3Crect%20width%3D%27450%27%20height%3D%27337%27%20fill-opacity%3D%220%22%2F%3E%3C%2Fsvg%3E\" data-orig-src=\"https:\/\/orthodoxalbania.org\/2020\/wp-content\/uploads\/2020\/04\/3-9.jpg\" height=\"337\" width=\"450\" \/><\/p>\n<p style=\"text-align: center;\"><img class=\"lazyload\" decoding=\"async\" style=\"display: block; margin: 10px auto; border: 1px solid #000000;\" alt=\"\" src=\"data:image\/svg+xml,%3Csvg%20xmlns%3D%27http%3A%2F%2Fwww.w3.org%2F2000%2Fsvg%27%20width%3D%27450%27%20height%3D%27337%27%20viewBox%3D%270%200%20450%20337%27%3E%3Crect%20width%3D%27450%27%20height%3D%27337%27%20fill-opacity%3D%220%22%2F%3E%3C%2Fsvg%3E\" data-orig-src=\"https:\/\/orthodoxalbania.org\/2020\/wp-content\/uploads\/2020\/04\/4-8-9.jpg\" height=\"337\" width=\"450\" \/><img class=\"lazyload\" decoding=\"async\" style=\"display: block; margin: 10px auto; border: 1px solid #000000;\" alt=\"\" src=\"data:image\/svg+xml,%3Csvg%20xmlns%3D%27http%3A%2F%2Fwww.w3.org%2F2000%2Fsvg%27%20width%3D%27450%27%20height%3D%27337%27%20viewBox%3D%270%200%20450%20337%27%3E%3Crect%20width%3D%27450%27%20height%3D%27337%27%20fill-opacity%3D%220%22%2F%3E%3C%2Fsvg%3E\" data-orig-src=\"https:\/\/orthodoxalbania.org\/2020\/wp-content\/uploads\/2020\/04\/5-3.jpg\" height=\"337\" width=\"450\" \/><\/p>\n<p style=\"text-align: center;\"><img class=\"lazyload\" decoding=\"async\" style=\"display: block; margin: 10px auto; border: 1px solid #000000;\" alt=\"\" src=\"data:image\/svg+xml,%3Csvg%20xmlns%3D%27http%3A%2F%2Fwww.w3.org%2F2000%2Fsvg%27%20width%3D%27450%27%20height%3D%27337%27%20viewBox%3D%270%200%20450%20337%27%3E%3Crect%20width%3D%27450%27%20height%3D%27337%27%20fill-opacity%3D%220%22%2F%3E%3C%2Fsvg%3E\" data-orig-src=\"https:\/\/orthodoxalbania.org\/2020\/wp-content\/uploads\/2020\/04\/6-3.jpg\" height=\"337\" width=\"450\" \/><\/p>\n<p style=\"text-align: center;\">&nbsp;<\/p>\n","protected":false},"excerpt":{"rendered":"<p>Organizuar nga Kolegji Universitar \u201cLogos\u201d U zhvillua Konferenca Nd\u00ebrkomb\u00ebtare \u201cZhvillimet Aktuale dhe Perspektivat e Reja n\u00eb Shkencat e Aplikuara dhe Ekonomi\u201d &nbsp; &nbsp; &nbsp; M\u00eb 17 mars 2017 u zhvillua Konferenca Nd\u00ebrkomb\u00ebtare \u201cZhvillimet Aktuale dhe Perspektivat e Reja n\u00eb Shkencat e Aplikuara dhe Ekonomi\u201d e organizuar nga Kolegji Universitar \u201cLogos\u201d, i Kish\u00ebs Orthodhokse Autoqefale t\u00eb Shqip\u00ebris\u00eb, n\u00eb bashk\u00ebpunim me Universitetin Katolik \u201cZoja e K\u00ebshillit t\u00eb<\/p>\n","protected":false},"author":1,"featured_media":5033,"comment_status":"open","ping_status":"open","sticky":false,"template":"","format":"standard","meta":{"_acf_changed":false,"pagelayer_contact_templates":[],"_pagelayer_content":"","inline_featured_image":false,"fifu_image_url":"","fifu_image_alt":"","footnotes":""},"categories":[108],"tags":[209,172,196,212,195],"class_list":["post-5032","post","type-post","status-publish","format-standard","has-post-thumbnail","hentry","category-lajme","tag-209","tag-konferenca","tag-tirane","tag-lajme-d27","tag-universiteti-logos"],"acf":[],"yoast_head":"<!-- This site is optimized with the Yoast SEO plugin v27.2 - https:\/\/yoast.com\/product\/yoast-seo-wordpress\/ -->\n<title>U zhvillua Konferenca Nd\u00ebrkomb\u00ebtare \u201cZhvillimet Aktuale dhe Perspektivat e Reja n\u00eb Shkencat e Aplikuara dhe Ekonomi\u201d - Kisha Orthodh\u03bfkse Autoqefale e Shqip\u00ebris\u00eb<\/title>\n<meta name=\"robots\" content=\"index, follow, max-snippet:-1, max-image-preview:large, max-video-preview:-1\" \/>\n<link rel=\"canonical\" href=\"https:\/\/orthodoxalbania.org\/2020\/2017\/03\/24\/u-zhvillua-konferenca-nderkombetare-zhvillimet-aktuale-dhe-perspektivat-e-reja-ne-shkencat-e-aplikuara-dhe-ekonomi\/\" \/>\n<meta property=\"og:locale\" content=\"en_US\" \/>\n<meta property=\"og:type\" content=\"article\" \/>\n<meta property=\"og:title\" content=\"U zhvillua Konferenca Nd\u00ebrkomb\u00ebtare \u201cZhvillimet Aktuale dhe Perspektivat e Reja n\u00eb Shkencat e Aplikuara dhe Ekonomi\u201d - Kisha Orthodh\u03bfkse Autoqefale e Shqip\u00ebris\u00eb\" \/>\n<meta property=\"og:description\" content=\"Organizuar nga Kolegji Universitar \u201cLogos\u201d U zhvillua Konferenca Nd\u00ebrkomb\u00ebtare \u201cZhvillimet Aktuale dhe Perspektivat e Reja n\u00eb Shkencat e Aplikuara dhe Ekonomi\u201d &nbsp; &nbsp; &nbsp; M\u00eb 17 mars 2017 u zhvillua Konferenca Nd\u00ebrkomb\u00ebtare \u201cZhvillimet Aktuale dhe Perspektivat e Reja n\u00eb Shkencat e Aplikuara dhe Ekonomi\u201d e organizuar nga Kolegji Universitar \u201cLogos\u201d, i Kish\u00ebs Orthodhokse Autoqefale t\u00eb Shqip\u00ebris\u00eb, n\u00eb bashk\u00ebpunim me Universitetin Katolik \u201cZoja e K\u00ebshillit t\u00eb\" \/>\n<meta property=\"og:url\" content=\"https:\/\/orthodoxalbania.org\/2020\/2017\/03\/24\/u-zhvillua-konferenca-nderkombetare-zhvillimet-aktuale-dhe-perspektivat-e-reja-ne-shkencat-e-aplikuara-dhe-ekonomi\/\" \/>\n<meta property=\"og:site_name\" content=\"Kisha Orthodh\u03bfkse Autoqefale e Shqip\u00ebris\u00eb\" \/>\n<meta property=\"article:publisher\" content=\"https:\/\/www.facebook.com\/koash1991\" \/>\n<meta property=\"article:published_time\" content=\"2017-03-24T10:26:38+00:00\" \/>\n<meta property=\"article:modified_time\" content=\"2020-04-06T20:01:50+00:00\" \/>\n<meta property=\"og:image\" content=\"https:\/\/orthodoxalbania.org\/2020\/wp-content\/uploads\/2020\/04\/6-3-1024x768.jpg\" \/>\n\t<meta property=\"og:image:width\" content=\"1024\" \/>\n\t<meta property=\"og:image:height\" content=\"768\" \/>\n\t<meta property=\"og:image:type\" content=\"image\/jpeg\" \/>\n<meta name=\"author\" content=\"Kisha Orthodhokse\" \/>\n<meta name=\"twitter:card\" content=\"summary_large_image\" \/>\n<meta name=\"twitter:label1\" content=\"Written by\" \/>\n\t<meta name=\"twitter:data1\" content=\"Kisha Orthodhokse\" \/>\n\t<meta name=\"twitter:label2\" content=\"Est. reading time\" \/>\n\t<meta name=\"twitter:data2\" content=\"3 minutes\" \/>\n<script type=\"application\/ld+json\" class=\"yoast-schema-graph\">{\"@context\":\"https:\/\/schema.org\",\"@graph\":[{\"@type\":\"Article\",\"@id\":\"https:\/\/orthodoxalbania.org\/2020\/2017\/03\/24\/u-zhvillua-konferenca-nderkombetare-zhvillimet-aktuale-dhe-perspektivat-e-reja-ne-shkencat-e-aplikuara-dhe-ekonomi\/#article\",\"isPartOf\":{\"@id\":\"https:\/\/orthodoxalbania.org\/2020\/2017\/03\/24\/u-zhvillua-konferenca-nderkombetare-zhvillimet-aktuale-dhe-perspektivat-e-reja-ne-shkencat-e-aplikuara-dhe-ekonomi\/\"},\"author\":{\"name\":\"Kisha Orthodhokse\",\"@id\":\"https:\/\/orthodoxalbania.org\/2020\/#\/schema\/person\/0c387634a7063ac612d7ed9ce71c7e86\"},\"headline\":\"U zhvillua Konferenca Nd\u00ebrkomb\u00ebtare \u201cZhvillimet Aktuale dhe Perspektivat e Reja n\u00eb Shkencat e Aplikuara dhe Ekonomi\u201d\",\"datePublished\":\"2017-03-24T10:26:38+00:00\",\"dateModified\":\"2020-04-06T20:01:50+00:00\",\"mainEntityOfPage\":{\"@id\":\"https:\/\/orthodoxalbania.org\/2020\/2017\/03\/24\/u-zhvillua-konferenca-nderkombetare-zhvillimet-aktuale-dhe-perspektivat-e-reja-ne-shkencat-e-aplikuara-dhe-ekonomi\/\"},\"wordCount\":632,\"commentCount\":0,\"publisher\":{\"@id\":\"https:\/\/orthodoxalbania.org\/2020\/#organization\"},\"image\":{\"@id\":\"https:\/\/orthodoxalbania.org\/2020\/2017\/03\/24\/u-zhvillua-konferenca-nderkombetare-zhvillimet-aktuale-dhe-perspektivat-e-reja-ne-shkencat-e-aplikuara-dhe-ekonomi\/#primaryimage\"},\"thumbnailUrl\":\"https:\/\/orthodoxalbania.org\/2020\/wp-content\/uploads\/2020\/04\/6-3.jpg\",\"keywords\":[\"2017\",\"Konferenca\",\"Kryepiskopata Tiran\u00eb\",\"lajme\",\"Universiteti \\\"Logos\\\"\"],\"articleSection\":[\"Lajme\"],\"inLanguage\":\"en-US\"},{\"@type\":\"WebPage\",\"@id\":\"https:\/\/orthodoxalbania.org\/2020\/2017\/03\/24\/u-zhvillua-konferenca-nderkombetare-zhvillimet-aktuale-dhe-perspektivat-e-reja-ne-shkencat-e-aplikuara-dhe-ekonomi\/\",\"url\":\"https:\/\/orthodoxalbania.org\/2020\/2017\/03\/24\/u-zhvillua-konferenca-nderkombetare-zhvillimet-aktuale-dhe-perspektivat-e-reja-ne-shkencat-e-aplikuara-dhe-ekonomi\/\",\"name\":\"U zhvillua Konferenca Nd\u00ebrkomb\u00ebtare \u201cZhvillimet Aktuale dhe Perspektivat e Reja n\u00eb Shkencat e Aplikuara dhe Ekonomi\u201d - Kisha Orthodh\u03bfkse Autoqefale e Shqip\u00ebris\u00eb\",\"isPartOf\":{\"@id\":\"https:\/\/orthodoxalbania.org\/2020\/#website\"},\"primaryImageOfPage\":{\"@id\":\"https:\/\/orthodoxalbania.org\/2020\/2017\/03\/24\/u-zhvillua-konferenca-nderkombetare-zhvillimet-aktuale-dhe-perspektivat-e-reja-ne-shkencat-e-aplikuara-dhe-ekonomi\/#primaryimage\"},\"image\":{\"@id\":\"https:\/\/orthodoxalbania.org\/2020\/2017\/03\/24\/u-zhvillua-konferenca-nderkombetare-zhvillimet-aktuale-dhe-perspektivat-e-reja-ne-shkencat-e-aplikuara-dhe-ekonomi\/#primaryimage\"},\"thumbnailUrl\":\"https:\/\/orthodoxalbania.org\/2020\/wp-content\/uploads\/2020\/04\/6-3.jpg\",\"datePublished\":\"2017-03-24T10:26:38+00:00\",\"dateModified\":\"2020-04-06T20:01:50+00:00\",\"breadcrumb\":{\"@id\":\"https:\/\/orthodoxalbania.org\/2020\/2017\/03\/24\/u-zhvillua-konferenca-nderkombetare-zhvillimet-aktuale-dhe-perspektivat-e-reja-ne-shkencat-e-aplikuara-dhe-ekonomi\/#breadcrumb\"},\"inLanguage\":\"en-US\",\"potentialAction\":[{\"@type\":\"ReadAction\",\"target\":[\"https:\/\/orthodoxalbania.org\/2020\/2017\/03\/24\/u-zhvillua-konferenca-nderkombetare-zhvillimet-aktuale-dhe-perspektivat-e-reja-ne-shkencat-e-aplikuara-dhe-ekonomi\/\"]}]},{\"@type\":\"ImageObject\",\"inLanguage\":\"en-US\",\"@id\":\"https:\/\/orthodoxalbania.org\/2020\/2017\/03\/24\/u-zhvillua-konferenca-nderkombetare-zhvillimet-aktuale-dhe-perspektivat-e-reja-ne-shkencat-e-aplikuara-dhe-ekonomi\/#primaryimage\",\"url\":\"https:\/\/orthodoxalbania.org\/2020\/wp-content\/uploads\/2020\/04\/6-3.jpg\",\"contentUrl\":\"https:\/\/orthodoxalbania.org\/2020\/wp-content\/uploads\/2020\/04\/6-3.jpg\",\"width\":1299,\"height\":974},{\"@type\":\"BreadcrumbList\",\"@id\":\"https:\/\/orthodoxalbania.org\/2020\/2017\/03\/24\/u-zhvillua-konferenca-nderkombetare-zhvillimet-aktuale-dhe-perspektivat-e-reja-ne-shkencat-e-aplikuara-dhe-ekonomi\/#breadcrumb\",\"itemListElement\":[{\"@type\":\"ListItem\",\"position\":1,\"name\":\"Home\",\"item\":\"https:\/\/orthodoxalbania.org\/2020\/\"},{\"@type\":\"ListItem\",\"position\":2,\"name\":\"U zhvillua Konferenca Nd\u00ebrkomb\u00ebtare \u201cZhvillimet Aktuale dhe Perspektivat e Reja n\u00eb Shkencat e Aplikuara dhe Ekonomi\u201d\"}]},{\"@type\":\"WebSite\",\"@id\":\"https:\/\/orthodoxalbania.org\/2020\/#website\",\"url\":\"https:\/\/orthodoxalbania.org\/2020\/\",\"name\":\"Kisha Orthodh\u03bfkse Autoqefale e Shqip\u00ebris\u00eb\",\"description\":\"Fqja Zyrtare e Kish\u00ebs Orthodhokse Autoqefale e Shqip\u00ebris\u00eb me lajmet edhe informacionet zyrtare p\u00ebr struktur\u00ebn edhe veprimtarin e saj.\",\"publisher\":{\"@id\":\"https:\/\/orthodoxalbania.org\/2020\/#organization\"},\"potentialAction\":[{\"@type\":\"SearchAction\",\"target\":{\"@type\":\"EntryPoint\",\"urlTemplate\":\"https:\/\/orthodoxalbania.org\/2020\/?s={search_term_string}\"},\"query-input\":{\"@type\":\"PropertyValueSpecification\",\"valueRequired\":true,\"valueName\":\"search_term_string\"}}],\"inLanguage\":\"en-US\"},{\"@type\":\"Organization\",\"@id\":\"https:\/\/orthodoxalbania.org\/2020\/#organization\",\"name\":\"Kisha Orthodhokse Autoqefale e Shqip\u00ebris\u00eb\",\"url\":\"https:\/\/orthodoxalbania.org\/2020\/\",\"logo\":{\"@type\":\"ImageObject\",\"inLanguage\":\"en-US\",\"@id\":\"https:\/\/orthodoxalbania.org\/2020\/#\/schema\/logo\/image\/\",\"url\":\"https:\/\/orthodoxalbania.org\/2020\/wp-content\/uploads\/2020\/05\/albania.jpeg\",\"contentUrl\":\"https:\/\/orthodoxalbania.org\/2020\/wp-content\/uploads\/2020\/05\/albania.jpeg\",\"width\":540,\"height\":540,\"caption\":\"Kisha Orthodhokse Autoqefale e Shqip\u00ebris\u00eb\"},\"image\":{\"@id\":\"https:\/\/orthodoxalbania.org\/2020\/#\/schema\/logo\/image\/\"},\"sameAs\":[\"https:\/\/www.facebook.com\/koash1991\"]},{\"@type\":\"Person\",\"@id\":\"https:\/\/orthodoxalbania.org\/2020\/#\/schema\/person\/0c387634a7063ac612d7ed9ce71c7e86\",\"name\":\"Kisha Orthodhokse\",\"image\":{\"@type\":\"ImageObject\",\"inLanguage\":\"en-US\",\"@id\":\"https:\/\/secure.gravatar.com\/avatar\/596e7c417251e30f2fbb9c00e026fce61a695a00e51c889caded71c96cbbdde5?s=96&d=mm&r=g\",\"url\":\"https:\/\/secure.gravatar.com\/avatar\/596e7c417251e30f2fbb9c00e026fce61a695a00e51c889caded71c96cbbdde5?s=96&d=mm&r=g\",\"contentUrl\":\"https:\/\/secure.gravatar.com\/avatar\/596e7c417251e30f2fbb9c00e026fce61a695a00e51c889caded71c96cbbdde5?s=96&d=mm&r=g\",\"caption\":\"Kisha Orthodhokse\"}}]}<\/script>\n<!-- \/ Yoast SEO plugin. -->","yoast_head_json":{"title":"U zhvillua Konferenca Nd\u00ebrkomb\u00ebtare \u201cZhvillimet Aktuale dhe Perspektivat e Reja n\u00eb Shkencat e Aplikuara dhe Ekonomi\u201d - Kisha Orthodh\u03bfkse Autoqefale e Shqip\u00ebris\u00eb","robots":{"index":"index","follow":"follow","max-snippet":"max-snippet:-1","max-image-preview":"max-image-preview:large","max-video-preview":"max-video-preview:-1"},"canonical":"https:\/\/orthodoxalbania.org\/2020\/2017\/03\/24\/u-zhvillua-konferenca-nderkombetare-zhvillimet-aktuale-dhe-perspektivat-e-reja-ne-shkencat-e-aplikuara-dhe-ekonomi\/","og_locale":"en_US","og_type":"article","og_title":"U zhvillua Konferenca Nd\u00ebrkomb\u00ebtare \u201cZhvillimet Aktuale dhe Perspektivat e Reja n\u00eb Shkencat e Aplikuara dhe Ekonomi\u201d - Kisha Orthodh\u03bfkse Autoqefale e Shqip\u00ebris\u00eb","og_description":"Organizuar nga Kolegji Universitar \u201cLogos\u201d U zhvillua Konferenca Nd\u00ebrkomb\u00ebtare \u201cZhvillimet Aktuale dhe Perspektivat e Reja n\u00eb Shkencat e Aplikuara dhe Ekonomi\u201d &nbsp; &nbsp; &nbsp; M\u00eb 17 mars 2017 u zhvillua Konferenca Nd\u00ebrkomb\u00ebtare \u201cZhvillimet Aktuale dhe Perspektivat e Reja n\u00eb Shkencat e Aplikuara dhe Ekonomi\u201d e organizuar nga Kolegji Universitar \u201cLogos\u201d, i Kish\u00ebs Orthodhokse Autoqefale t\u00eb Shqip\u00ebris\u00eb, n\u00eb bashk\u00ebpunim me Universitetin Katolik \u201cZoja e K\u00ebshillit t\u00eb","og_url":"https:\/\/orthodoxalbania.org\/2020\/2017\/03\/24\/u-zhvillua-konferenca-nderkombetare-zhvillimet-aktuale-dhe-perspektivat-e-reja-ne-shkencat-e-aplikuara-dhe-ekonomi\/","og_site_name":"Kisha Orthodh\u03bfkse Autoqefale e Shqip\u00ebris\u00eb","article_publisher":"https:\/\/www.facebook.com\/koash1991","article_published_time":"2017-03-24T10:26:38+00:00","article_modified_time":"2020-04-06T20:01:50+00:00","og_image":[{"width":1024,"height":768,"url":"https:\/\/orthodoxalbania.org\/2020\/wp-content\/uploads\/2020\/04\/6-3-1024x768.jpg","type":"image\/jpeg"}],"author":"Kisha Orthodhokse","twitter_card":"summary_large_image","twitter_misc":{"Written by":"Kisha Orthodhokse","Est. reading time":"3 minutes"},"schema":{"@context":"https:\/\/schema.org","@graph":[{"@type":"Article","@id":"https:\/\/orthodoxalbania.org\/2020\/2017\/03\/24\/u-zhvillua-konferenca-nderkombetare-zhvillimet-aktuale-dhe-perspektivat-e-reja-ne-shkencat-e-aplikuara-dhe-ekonomi\/#article","isPartOf":{"@id":"https:\/\/orthodoxalbania.org\/2020\/2017\/03\/24\/u-zhvillua-konferenca-nderkombetare-zhvillimet-aktuale-dhe-perspektivat-e-reja-ne-shkencat-e-aplikuara-dhe-ekonomi\/"},"author":{"name":"Kisha Orthodhokse","@id":"https:\/\/orthodoxalbania.org\/2020\/#\/schema\/person\/0c387634a7063ac612d7ed9ce71c7e86"},"headline":"U zhvillua Konferenca Nd\u00ebrkomb\u00ebtare \u201cZhvillimet Aktuale dhe Perspektivat e Reja n\u00eb Shkencat e Aplikuara dhe Ekonomi\u201d","datePublished":"2017-03-24T10:26:38+00:00","dateModified":"2020-04-06T20:01:50+00:00","mainEntityOfPage":{"@id":"https:\/\/orthodoxalbania.org\/2020\/2017\/03\/24\/u-zhvillua-konferenca-nderkombetare-zhvillimet-aktuale-dhe-perspektivat-e-reja-ne-shkencat-e-aplikuara-dhe-ekonomi\/"},"wordCount":632,"commentCount":0,"publisher":{"@id":"https:\/\/orthodoxalbania.org\/2020\/#organization"},"image":{"@id":"https:\/\/orthodoxalbania.org\/2020\/2017\/03\/24\/u-zhvillua-konferenca-nderkombetare-zhvillimet-aktuale-dhe-perspektivat-e-reja-ne-shkencat-e-aplikuara-dhe-ekonomi\/#primaryimage"},"thumbnailUrl":"https:\/\/orthodoxalbania.org\/2020\/wp-content\/uploads\/2020\/04\/6-3.jpg","keywords":["2017","Konferenca","Kryepiskopata Tiran\u00eb","lajme","Universiteti \"Logos\""],"articleSection":["Lajme"],"inLanguage":"en-US"},{"@type":"WebPage","@id":"https:\/\/orthodoxalbania.org\/2020\/2017\/03\/24\/u-zhvillua-konferenca-nderkombetare-zhvillimet-aktuale-dhe-perspektivat-e-reja-ne-shkencat-e-aplikuara-dhe-ekonomi\/","url":"https:\/\/orthodoxalbania.org\/2020\/2017\/03\/24\/u-zhvillua-konferenca-nderkombetare-zhvillimet-aktuale-dhe-perspektivat-e-reja-ne-shkencat-e-aplikuara-dhe-ekonomi\/","name":"U zhvillua Konferenca Nd\u00ebrkomb\u00ebtare \u201cZhvillimet Aktuale dhe Perspektivat e Reja n\u00eb Shkencat e Aplikuara dhe Ekonomi\u201d - Kisha Orthodh\u03bfkse Autoqefale e Shqip\u00ebris\u00eb","isPartOf":{"@id":"https:\/\/orthodoxalbania.org\/2020\/#website"},"primaryImageOfPage":{"@id":"https:\/\/orthodoxalbania.org\/2020\/2017\/03\/24\/u-zhvillua-konferenca-nderkombetare-zhvillimet-aktuale-dhe-perspektivat-e-reja-ne-shkencat-e-aplikuara-dhe-ekonomi\/#primaryimage"},"image":{"@id":"https:\/\/orthodoxalbania.org\/2020\/2017\/03\/24\/u-zhvillua-konferenca-nderkombetare-zhvillimet-aktuale-dhe-perspektivat-e-reja-ne-shkencat-e-aplikuara-dhe-ekonomi\/#primaryimage"},"thumbnailUrl":"https:\/\/orthodoxalbania.org\/2020\/wp-content\/uploads\/2020\/04\/6-3.jpg","datePublished":"2017-03-24T10:26:38+00:00","dateModified":"2020-04-06T20:01:50+00:00","breadcrumb":{"@id":"https:\/\/orthodoxalbania.org\/2020\/2017\/03\/24\/u-zhvillua-konferenca-nderkombetare-zhvillimet-aktuale-dhe-perspektivat-e-reja-ne-shkencat-e-aplikuara-dhe-ekonomi\/#breadcrumb"},"inLanguage":"en-US","potentialAction":[{"@type":"ReadAction","target":["https:\/\/orthodoxalbania.org\/2020\/2017\/03\/24\/u-zhvillua-konferenca-nderkombetare-zhvillimet-aktuale-dhe-perspektivat-e-reja-ne-shkencat-e-aplikuara-dhe-ekonomi\/"]}]},{"@type":"ImageObject","inLanguage":"en-US","@id":"https:\/\/orthodoxalbania.org\/2020\/2017\/03\/24\/u-zhvillua-konferenca-nderkombetare-zhvillimet-aktuale-dhe-perspektivat-e-reja-ne-shkencat-e-aplikuara-dhe-ekonomi\/#primaryimage","url":"https:\/\/orthodoxalbania.org\/2020\/wp-content\/uploads\/2020\/04\/6-3.jpg","contentUrl":"https:\/\/orthodoxalbania.org\/2020\/wp-content\/uploads\/2020\/04\/6-3.jpg","width":1299,"height":974},{"@type":"BreadcrumbList","@id":"https:\/\/orthodoxalbania.org\/2020\/2017\/03\/24\/u-zhvillua-konferenca-nderkombetare-zhvillimet-aktuale-dhe-perspektivat-e-reja-ne-shkencat-e-aplikuara-dhe-ekonomi\/#breadcrumb","itemListElement":[{"@type":"ListItem","position":1,"name":"Home","item":"https:\/\/orthodoxalbania.org\/2020\/"},{"@type":"ListItem","position":2,"name":"U zhvillua Konferenca Nd\u00ebrkomb\u00ebtare \u201cZhvillimet Aktuale dhe Perspektivat e Reja n\u00eb Shkencat e Aplikuara dhe Ekonomi\u201d"}]},{"@type":"WebSite","@id":"https:\/\/orthodoxalbania.org\/2020\/#website","url":"https:\/\/orthodoxalbania.org\/2020\/","name":"Kisha Orthodh\u03bfkse Autoqefale e Shqip\u00ebris\u00eb","description":"Fqja Zyrtare e Kish\u00ebs Orthodhokse Autoqefale e Shqip\u00ebris\u00eb me lajmet edhe informacionet zyrtare p\u00ebr struktur\u00ebn edhe veprimtarin e saj.","publisher":{"@id":"https:\/\/orthodoxalbania.org\/2020\/#organization"},"potentialAction":[{"@type":"SearchAction","target":{"@type":"EntryPoint","urlTemplate":"https:\/\/orthodoxalbania.org\/2020\/?s={search_term_string}"},"query-input":{"@type":"PropertyValueSpecification","valueRequired":true,"valueName":"search_term_string"}}],"inLanguage":"en-US"},{"@type":"Organization","@id":"https:\/\/orthodoxalbania.org\/2020\/#organization","name":"Kisha Orthodhokse Autoqefale e Shqip\u00ebris\u00eb","url":"https:\/\/orthodoxalbania.org\/2020\/","logo":{"@type":"ImageObject","inLanguage":"en-US","@id":"https:\/\/orthodoxalbania.org\/2020\/#\/schema\/logo\/image\/","url":"https:\/\/orthodoxalbania.org\/2020\/wp-content\/uploads\/2020\/05\/albania.jpeg","contentUrl":"https:\/\/orthodoxalbania.org\/2020\/wp-content\/uploads\/2020\/05\/albania.jpeg","width":540,"height":540,"caption":"Kisha Orthodhokse Autoqefale e Shqip\u00ebris\u00eb"},"image":{"@id":"https:\/\/orthodoxalbania.org\/2020\/#\/schema\/logo\/image\/"},"sameAs":["https:\/\/www.facebook.com\/koash1991"]},{"@type":"Person","@id":"https:\/\/orthodoxalbania.org\/2020\/#\/schema\/person\/0c387634a7063ac612d7ed9ce71c7e86","name":"Kisha Orthodhokse","image":{"@type":"ImageObject","inLanguage":"en-US","@id":"https:\/\/secure.gravatar.com\/avatar\/596e7c417251e30f2fbb9c00e026fce61a695a00e51c889caded71c96cbbdde5?s=96&d=mm&r=g","url":"https:\/\/secure.gravatar.com\/avatar\/596e7c417251e30f2fbb9c00e026fce61a695a00e51c889caded71c96cbbdde5?s=96&d=mm&r=g","contentUrl":"https:\/\/secure.gravatar.com\/avatar\/596e7c417251e30f2fbb9c00e026fce61a695a00e51c889caded71c96cbbdde5?s=96&d=mm&r=g","caption":"Kisha Orthodhokse"}}]}},"_links":{"self":[{"href":"https:\/\/orthodoxalbania.org\/2020\/wp-json\/wp\/v2\/posts\/5032","targetHints":{"allow":["GET"]}}],"collection":[{"href":"https:\/\/orthodoxalbania.org\/2020\/wp-json\/wp\/v2\/posts"}],"about":[{"href":"https:\/\/orthodoxalbania.org\/2020\/wp-json\/wp\/v2\/types\/post"}],"author":[{"embeddable":true,"href":"https:\/\/orthodoxalbania.org\/2020\/wp-json\/wp\/v2\/users\/1"}],"replies":[{"embeddable":true,"href":"https:\/\/orthodoxalbania.org\/2020\/wp-json\/wp\/v2\/comments?post=5032"}],"version-history":[{"count":1,"href":"https:\/\/orthodoxalbania.org\/2020\/wp-json\/wp\/v2\/posts\/5032\/revisions"}],"predecessor-version":[{"id":14860,"href":"https:\/\/orthodoxalbania.org\/2020\/wp-json\/wp\/v2\/posts\/5032\/revisions\/14860"}],"wp:featuredmedia":[{"embeddable":true,"href":"https:\/\/orthodoxalbania.org\/2020\/wp-json\/wp\/v2\/media\/5033"}],"wp:attachment":[{"href":"https:\/\/orthodoxalbania.org\/2020\/wp-json\/wp\/v2\/media?parent=5032"}],"wp:term":[{"taxonomy":"category","embeddable":true,"href":"https:\/\/orthodoxalbania.org\/2020\/wp-json\/wp\/v2\/categories?post=5032"},{"taxonomy":"post_tag","embeddable":true,"href":"https:\/\/orthodoxalbania.org\/2020\/wp-json\/wp\/v2\/tags?post=5032"}],"curies":[{"name":"wp","href":"https:\/\/api.w.org\/{rel}","templated":true}]}}