{"id":503,"date":"2013-03-20T12:41:04","date_gmt":"2013-03-20T12:41:04","guid":{"rendered":""},"modified":"2020-04-06T22:32:27","modified_gmt":"2020-04-06T20:32:27","slug":"ekspozite-e-doreshkrimeve-bizantine-dhe-pasbizantine-ne-shqiperi-4-maj-2010","status":"publish","type":"post","link":"https:\/\/orthodoxalbania.org\/2020\/2013\/03\/20\/ekspozite-e-doreshkrimeve-bizantine-dhe-pasbizantine-ne-shqiperi-4-maj-2010\/","title":{"rendered":"EKSPOZIT\u00cb E DOR\u00cbSHKRIMEVE BIZANTINE DHE PASBIZANTINE N\u00cb SHQIP\u00cbRI. (4 maj 2010)"},"content":{"rendered":"<div><span style=\"font-family: helvetica;\"><span style=\"font-size: 12px;\"><img decoding=\"async\" class=\"lazyload HAa Eha\" style=\"display: block; margin-left: auto; margin-right: auto;\" alt=\"\" src=\"data:image\/gif;base64,R0lGODlhAQABAAAAACH5BAEKAAEALAAAAAABAAEAAAICTAEAOw==\" data-orig-src=\"https:\/\/lh4.googleusercontent.com\/-_QUu6gCtTf8\/VKpo6CZhFcI\/AAAAAAAAJ3c\/FM1uNZjBsyo\/w958-h157-no\/DSC_0133e.gif\" \/><\/span><\/span><\/div>\n<table style=\"margin-right: auto; margin-left: auto;\">\n<tbody>\n<tr>\n<td>\n<div><span style=\"font-family: helvetica; font-size: 12pt;\"><\/span><\/div>\n<\/td>\n<\/tr>\n<tr>\n<td>\n<div><span style=\"font-family: helvetica; font-size: 12pt;\"><\/span><\/div>\n<\/td>\n<\/tr>\n<tr>\n<td>\n<div class=\"style7\">\n<table style=\"float: left; width: 244px; height: 498px;\">\n<tbody>\n<tr>\n<td class=\"style6\" style=\"text-align: center;\">\n<div><span style=\"font-family: helvetica; font-size: 12pt;\"><img decoding=\"async\" class=\"lazyload HAa Eha\" style=\"border-width: 1px; border-style: solid; margin: 10px;\" alt=\"\" src=\"data:image\/svg+xml,%3Csvg%20xmlns%3D%27http%3A%2F%2Fwww.w3.org%2F2000%2Fsvg%27%20width%3D%27209%27%20height%3D%27201%27%20viewBox%3D%270%200%20209%20201%27%3E%3Crect%20width%3D%27209%27%20height%3D%27201%27%20fill-opacity%3D%220%22%2F%3E%3C%2Fsvg%3E\" data-orig-src=\"https:\/\/lh6.googleusercontent.com\/-gZk6l-0Y0Ks\/VKpoeKKuDkI\/AAAAAAAAJ24\/PKSt5V6xcl4\/w285-h272-no\/BR%2B1-45.gif\" height=\"201\" width=\"209\" \/><\/span><\/div>\n<\/td>\n<\/tr>\n<tr>\n<td class=\"style6\" style=\"text-align: center;\">\n<div><span style=\"font-family: helvetica; font-size: 12pt;\"><img decoding=\"async\" class=\"lazyload HAa Eha\" style=\"border-width: 1px; border-style: solid; margin: 10px;\" alt=\"\" src=\"data:image\/svg+xml,%3Csvg%20xmlns%3D%27http%3A%2F%2Fwww.w3.org%2F2000%2Fsvg%27%20width%3D%27211%27%20height%3D%27268%27%20viewBox%3D%270%200%20211%20268%27%3E%3Crect%20width%3D%27211%27%20height%3D%27268%27%20fill-opacity%3D%220%22%2F%3E%3C%2Fsvg%3E\" data-orig-src=\"https:\/\/lh4.googleusercontent.com\/-YYpEqgzJypc\/VKpoeHC1wKI\/AAAAAAAAJ20\/6Fu_IhqgOMo\/w300-h381-no\/BR2-414.gif\" height=\"268\" width=\"211\" \/><\/span><\/div>\n<\/td>\n<\/tr>\n<\/tbody>\n<\/table>\n<div class=\"style6\"><span style=\"color: #000000; font-family: helvetica; font-size: 12pt;\"><span class=\"style13\">&nbsp;&nbsp;&nbsp; N<\/span>\u00ebn kujdesin e Kryeministrit t\u00eb Shqip\u00ebris\u00eb, Prof. Dr. Sali Berish\u00ebs, m\u00eb 4 maj 2010, n\u00eb or\u00ebn 11:00, n\u00eb mjediset e Arkivit Qendror Shtet\u00ebror do t\u00eb p\u00ebrurohet ekspozita <strong>\u201cDor\u00ebshkrime Bizantine dhe Pasbizantine n\u00eb Shqip\u00ebri\u201d<\/strong>. Ekspozita organizohet nga:<\/span><\/div>\n<div class=\"style6\"><span style=\"font-family: helvetica; font-size: 12pt;\"><\/span><\/div>\n<div class=\"style6\"><span style=\"font-family: helvetica; font-size: 12pt;\"><a href=\"http:\/\/www.albarchive.gov.al\">Drejtoria e P\u00ebrgjithshme e Arkivave,<\/a><br \/> <a href=\"http:\/\/www.hfc-tirana.com\/wmt\/webpages\/index.php?lid=3&amp;pid=1\">Fondacioni Grek i Kultur\u00ebs &#8211; Vatra e Tiran\u00ebs,<\/a><br \/> <a href=\"http:\/\/www.miet.gr\/web\/default.asp\">Fondacioni Kulturor i Bank\u00ebs Komb\u00ebtare t\u00eb Greqis\u00eb,<\/a><\/span><br \/><span style=\"font-family: helvetica; font-size: 12pt;\"> <span style=\"color: #000000;\">Kisha Orthodhokse Autoqefale e Shqip\u00ebris\u00eb.<\/span><\/span><\/div>\n<div class=\"style6\"><span style=\"font-family: helvetica; font-size: 12pt;\"><\/span><\/div>\n<div class=\"style6\" style=\"text-align: justify;\"><span style=\"font-family: helvetica; font-size: 12pt;\">&nbsp;<span style=\"color: #000000;\">&nbsp;&nbsp;&nbsp; Q\u00ebllimi i k\u00ebsaj ekspozite \u00ebsht\u00eb njohja e studiuesve dhe e publikut t\u00eb gjer\u00eb me nj\u00eb pjes\u00eb t\u00eb vyer t\u00eb historis\u00eb dhe tradit\u00ebs s\u00eb pasur kulturore t\u00eb krishter\u00ebn\u00eb vendin ton\u00eb, konkretisht me historin\u00eb dhe tradit\u00ebn e dor\u00ebshkrimeve bizantine dhe pasbizantine, e cila \u00ebsht\u00eb krijuar kultivuar dhe sjell\u00eb p\u00ebrgjat\u00eb shekujve nga t\u00eb krishter\u00ebt orthodhoks\u00eb dhe q\u00eb sot ruhen n\u00eb AQSh. Mes 46 kodik\u00ebve, q\u00eb mbulojn\u00eb nj\u00eb periudh\u00eb historike nga shek. VI deri n\u00eb shek. XVIII, do t\u00eb ekspozohen edhe dy kodik\u00ebt e njohur, Beratinus Purpureus 1 dhe Beratinus Purpureus 2, pjes\u00eb e Regjistrit t\u00eb Kujtes\u00ebs Bot\u00ebrore t\u00eb UNESCO-s q\u00eb prej vitit 2005.<\/span><\/span><\/div>\n<div class=\"style6\"><span style=\"font-family: helvetica; font-size: 12pt;\"><\/span><\/div>\n<table style=\"margin-right: auto; margin-left: auto; width: 836px; height: 301px;\">\n<tbody>\n<tr>\n<td style=\"text-align: center; width: 486px;\">\n<div><span style=\"font-family: helvetica; font-size: 12pt;\"><img decoding=\"async\" class=\"lazyload HAa Eha\" style=\"width: 397px; height: 257px; margin: 10px auto; display: block; border: 1px solid;\" alt=\"\" src=\"data:image\/svg+xml,%3Csvg%20xmlns%3D%27http%3A%2F%2Fwww.w3.org%2F2000%2Fsvg%27%20width%3D%27397%27%20height%3D%27257%27%20viewBox%3D%270%200%20397%20257%27%3E%3Crect%20width%3D%27397%27%20height%3D%27257%27%20fill-opacity%3D%220%22%2F%3E%3C%2Fsvg%3E\" data-orig-src=\"https:\/\/lh3.googleusercontent.com\/-31-9EqWks0Y\/VKpoe03vLvI\/AAAAAAAAJ2A\/R36-7GqpPoQ\/w300-h194-no\/Kod_4.gif\" height=\"257px\" width=\"397px\" \/><\/span><\/div>\n<\/td>\n<td style=\"text-align: center; width: 481px;\">\n<div><span style=\"font-family: helvetica; font-size: 12pt;\"><img decoding=\"async\" class=\"lazyload HAa Eha\" style=\"margin: 10px auto; display: block; border: 1px solid;\" alt=\"\" src=\"data:image\/svg+xml,%3Csvg%20xmlns%3D%27http%3A%2F%2Fwww.w3.org%2F2000%2Fsvg%27%20width%3D%27378%27%20height%3D%27260%27%20viewBox%3D%270%200%20378%20260%27%3E%3Crect%20width%3D%27378%27%20height%3D%27260%27%20fill-opacity%3D%220%22%2F%3E%3C%2Fsvg%3E\" data-orig-src=\"https:\/\/lh6.googleusercontent.com\/-HNu3Ck9ZnTY\/VKpoeFz5XtI\/AAAAAAAAJ3A\/a8nOVWqOiMw\/w395-h277-no\/Kod_10.gif\" height=\"260\" width=\"378\" \/><\/span><\/div>\n<\/td>\n<\/tr>\n<\/tbody>\n<\/table>\n<div class=\"style6\" style=\"text-align: justify;\"><span style=\"color: #000000; font-family: helvetica; font-size: 12pt;\"><\/span><\/div>\n<div class=\"style6\" style=\"text-align: justify;\"><span style=\"font-family: helvetica; font-size: 12pt;\"><\/span><\/div>\n<div class=\"style6\" style=\"text-align: justify;\"><span style=\"color: #000000; font-family: helvetica; font-size: 12pt;\">&nbsp;&nbsp;&nbsp; \u00cbsht\u00eb e para her\u00eb q\u00eb n\u00eb hap\u00ebsir\u00ebn shqiptare organizohet nj\u00eb ekspozit\u00eb e k\u00ebsaj natyre dhe e p\u00ebrmasave t\u00eb tilla me q\u00ebllim afrimin e publikut t\u00eb gjer\u00eb tek thesaret e kultur\u00ebs dhe historis\u00eb s\u00eb vendit.<\/span><\/div>\n<div class=\"style6\" style=\"text-align: justify;\"><span style=\"font-family: helvetica; font-size: 12pt;\"><\/span><\/div>\n<div class=\"style6\" style=\"text-align: justify;\"><span style=\"color: #000000; font-family: helvetica; font-size: 12pt;\">&nbsp;&nbsp;&nbsp; P\u00ebr t\u00eb dh\u00ebn\u00eb nj\u00eb pamje m\u00eb t\u00eb plot\u00eb t\u00eb k\u00ebtyre dor\u00ebshkrimeve, s\u00eb bashku me materialet origjinale do t\u00eb paraqiten edhe 28 panele fotografike, q\u00ebllimi i t\u00eb cil\u00ebve \u00ebsht\u00eb t\u00eb japin nj\u00eb informacion m\u00eb t\u00eb zgjeruar t\u00eb brendis\u00eb s\u00eb kodik\u00ebve. N\u00eb k\u00ebto panele do t\u00eb jen\u00eb paraqitur 54 kodik\u00eb, ku p\u00ebrfshihen edhe ata t\u00eb ekspozuar n\u00eb origjinal.<\/span><\/div>\n<div class=\"style6\" style=\"text-align: justify;\"><span style=\"font-family: helvetica; font-size: 12pt;\"><\/span><\/div>\n<div class=\"style6\" style=\"text-align: justify;\">\n<table style=\"width: 950px; height: 484px; margin-right: auto; margin-left: auto;\">\n<tbody>\n<tr>\n<td><span style=\"font-family: helvetica; font-size: 12pt;\"><img decoding=\"async\" class=\"lazyload HAa Eha\" style=\"margin: 10px auto; display: block; border: 1px solid;\" alt=\"\" src=\"data:image\/gif;base64,R0lGODlhAQABAAAAACH5BAEKAAEALAAAAAABAAEAAAICTAEAOw==\" data-orig-src=\"https:\/\/lh5.googleusercontent.com\/-O1qhfaEatMs\/VKpoexW8fqI\/AAAAAAAAJ2M\/Z7QlfzUkC28\/w300-h450-no\/Kod_13.gif\" \/><\/span><\/td>\n<td><span style=\"font-family: helvetica; font-size: 12pt;\"><img decoding=\"async\" class=\"lazyload HAa Eha\" style=\"margin: 10px auto; display: block; border: 1px solid;\" alt=\"\" src=\"data:image\/svg+xml,%3Csvg%20xmlns%3D%27http%3A%2F%2Fwww.w3.org%2F2000%2Fsvg%27%20width%3D%27304%27%20height%3D%27456%27%20viewBox%3D%270%200%20304%20456%27%3E%3Crect%20width%3D%27304%27%20height%3D%27456%27%20fill-opacity%3D%220%22%2F%3E%3C%2Fsvg%3E\" data-orig-src=\"https:\/\/lh5.googleusercontent.com\/-NpY9CJyNRoo\/VKpofA2QUxI\/AAAAAAAAJ28\/2T5pobWBbw0\/w300-h420-no\/Kod_60.gif\" height=\"456\" width=\"304\" \/><\/span><\/td>\n<td><span style=\"font-family: helvetica; font-size: 12pt;\"><img decoding=\"async\" class=\"lazyload HAa Eha\" style=\"margin: 10px auto; display: block; border: 1px solid;\" alt=\"\" src=\"data:image\/svg+xml,%3Csvg%20xmlns%3D%27http%3A%2F%2Fwww.w3.org%2F2000%2Fsvg%27%20width%3D%27302%27%20height%3D%27438%27%20viewBox%3D%270%200%20302%20438%27%3E%3Crect%20width%3D%27302%27%20height%3D%27438%27%20fill-opacity%3D%220%22%2F%3E%3C%2Fsvg%3E\" data-orig-src=\"https:\/\/lh4.googleusercontent.com\/-bicpNmfk1J0\/VKpofp1WtTI\/AAAAAAAAJ2s\/eilLpCUFNIs\/w300-h430-no\/Kod_68.gif\" height=\"438\" width=\"302\" \/><\/span><\/td>\n<\/tr>\n<\/tbody>\n<\/table>\n<\/div>\n<div class=\"style6\" style=\"text-align: justify;\"><span style=\"font-family: helvetica; font-size: 12pt;\"><\/span><\/div>\n<div class=\"style6\" style=\"text-align: justify;\">\n<table style=\"margin-right: auto; margin-left: auto; width: 733px; height: 263px;\">\n<tbody>\n<tr>\n<td><span style=\"font-family: helvetica; font-size: 12pt;\"><img decoding=\"async\" class=\"lazyload HAa Eha\" style=\"margin: 10px auto; display: block; border: 1px solid;\" alt=\"\" src=\"data:image\/svg+xml,%3Csvg%20xmlns%3D%27http%3A%2F%2Fwww.w3.org%2F2000%2Fsvg%27%20width%3D%27329%27%20height%3D%27220%27%20viewBox%3D%270%200%20329%20220%27%3E%3Crect%20width%3D%27329%27%20height%3D%27220%27%20fill-opacity%3D%220%22%2F%3E%3C%2Fsvg%3E\" data-orig-src=\"https:\/\/lh5.googleusercontent.com\/-vHvT_5W-k2k\/VKpofqzWGLI\/AAAAAAAAJ2k\/v6OErwmoLwk\/w300-h200-no\/Kod_93.gif\" height=\"220\" width=\"329\" \/><\/span><\/td>\n<td><span style=\"font-family: helvetica; font-size: 12pt;\"><img decoding=\"async\" class=\"lazyload HAa Eha\" style=\"margin: 10px auto; display: block; border: 1px solid;\" alt=\"\" src=\"data:image\/svg+xml,%3Csvg%20xmlns%3D%27http%3A%2F%2Fwww.w3.org%2F2000%2Fsvg%27%20width%3D%27308%27%20height%3D%27224%27%20viewBox%3D%270%200%20308%20224%27%3E%3Crect%20width%3D%27308%27%20height%3D%27224%27%20fill-opacity%3D%220%22%2F%3E%3C%2Fsvg%3E\" data-orig-src=\"https:\/\/lh6.googleusercontent.com\/-RL7QM6Bkjmk\/VKpof9BfcvI\/AAAAAAAAJ2Y\/6h-jk6jPqR8\/w300-h218-no\/Kod_94.gif\" height=\"224\" width=\"308\" \/><\/span><\/td>\n<\/tr>\n<\/tbody>\n<\/table>\n<\/div>\n<div class=\"style6\" style=\"text-align: justify;\"><span style=\"color: #000000; font-family: helvetica; font-size: 12pt;\"><\/p>\n<p>&nbsp; &nbsp; Ekspozita do t\u00eb shoq\u00ebrohet me nj\u00eb katalog t\u00eb eksponateve, me nj\u00eb udh\u00ebzues t\u00eb ekspozit\u00ebs dhe broshura informative. Mbik\u00ebqyrja shkencore e k\u00ebsaj veprimtarie \u00ebsht\u00eb p\u00ebrgjegj\u00ebsi e filologut\/paleografit z. Agamemnon Celikas, p\u00ebrgjegj\u00ebs i Arkivit Historik dhe Paleografik t\u00eb Fondacionit Kulturor t\u00eb Bank\u00ebs Komb\u00ebtare t\u00eb Greqis\u00eb, nd\u00ebrsa p\u00ebrfaq\u00ebsuesit shkencor\u00eb t\u00eb Kish\u00ebs Orthodhokse Autoqefale t\u00eb Shqip\u00ebris\u00eb n\u00eb komisionin organizativ t\u00eb ekspozit\u00ebs jan\u00eb arkimandriti Justin Anthimiadhi dhe historiani\/paleografi <em>MA<\/em> Andi (Andrea) Rembeci.<\/span><\/div>\n<div class=\"style6\" style=\"text-align: justify;\"><span style=\"font-family: helvetica; font-size: 12pt;\"><\/span><\/div>\n<div class=\"style6\" style=\"text-align: justify;\"><span style=\"font-family: helvetica; font-size: 12pt;\"><\/span><\/div>\n<div class=\"style6\" style=\"text-align: justify;\"><span style=\"font-family: helvetica; font-size: 12pt;\"><\/span><\/div>\n<div class=\"style6\" style=\"text-align: justify;\">\n<table style=\"margin-right: auto; margin-left: auto;\">\n<tbody>\n<tr>\n<td><span style=\"font-family: helvetica; font-size: 12pt;\"><img decoding=\"async\" class=\"lazyload HAa Eha\" style=\"margin: 10px auto; width: 235px; height: 338px; border-width: 1px; border-style: solid;\" alt=\"\" src=\"data:image\/svg+xml,%3Csvg%20xmlns%3D%27http%3A%2F%2Fwww.w3.org%2F2000%2Fsvg%27%20width%3D%27235%27%20height%3D%27338%27%20viewBox%3D%270%200%20235%20338%27%3E%3Crect%20width%3D%27235%27%20height%3D%27338%27%20fill-opacity%3D%220%22%2F%3E%3C%2Fsvg%3E\" data-orig-src=\"https:\/\/lh5.googleusercontent.com\/-YIXIlxetcv0\/VKpog5kLFEI\/AAAAAAAAJ2o\/ggYPIxCP5i8\/w572-h823-no\/Untitled-2.gif\" height=\"338px\" width=\"235px\" \/>&nbsp;<\/span><\/td>\n<td>\n<div class=\"style13\" style=\"font-family: Verdana, Arial, Helvetica, sans-serif; font-size: 11px; text-align: center; background-color: #ffffff;\"><span style=\"font-family: helvetica; font-size: 12pt;\"><span style=\"color: #000000;\">Ekspozita<\/span>&nbsp;<span style=\"color: #b22222;\"><strong><span class=\"style16\">\u201cDor\u00ebshkrime Bizantine dhe Pasbizantine n\u00eb Shqip\u00ebri\u201d<\/span><\/strong><\/span><\/span><\/div>\n<div class=\"style13\" style=\"font-family: Verdana, Arial, Helvetica, sans-serif; font-size: 11px; text-align: center; background-color: #ffffff;\"><span style=\"font-family: helvetica; font-size: 12pt;\"><\/span><\/div>\n<div class=\"style13\" style=\"font-family: Verdana, Arial, Helvetica, sans-serif; font-size: 11px; text-align: center; background-color: #ffffff;\"><span style=\"color: #000000; font-family: helvetica; font-size: 12pt;\">do t\u00eb jet\u00eb hapur nga data&nbsp;<strong>04 maj&nbsp;<\/strong>deri n\u00eb dat\u00ebn<strong>&nbsp;04 qershor 2010<\/strong>.<\/span><\/div>\n<div class=\"style13\" style=\"font-family: Verdana, Arial, Helvetica, sans-serif; font-size: 11px; text-align: center; background-color: #ffffff;\"><span style=\"color: #000000; font-family: helvetica; font-size: 12pt;\"><\/span><\/div>\n<div class=\"style13\" style=\"font-family: Verdana, Arial, Helvetica, sans-serif; font-size: 11px; text-align: center; background-color: #ffffff;\"><span style=\"color: #000000; font-family: helvetica; font-size: 12pt;\"><span class=\"style14\"><strong>Orari:<\/strong><\/span><br \/>e h\u00ebn\u00eb \u2013 e enjte:&nbsp;<strong>10:00-17:00<\/strong><br \/>e premte, e shtun\u00eb:&nbsp;<strong>10:00-14:00<\/strong><\/span><\/div>\n<\/td>\n<td><span style=\"font-family: helvetica; font-size: 12pt;\"><img decoding=\"async\" class=\"lazyload HAa Eha\" style=\"width: 235px; margin: 10px auto; height: 338px; border-width: 1px; border-style: solid;\" alt=\"\" src=\"data:image\/svg+xml,%3Csvg%20xmlns%3D%27http%3A%2F%2Fwww.w3.org%2F2000%2Fsvg%27%20width%3D%27235%27%20height%3D%27338%27%20viewBox%3D%270%200%20235%20338%27%3E%3Crect%20width%3D%27235%27%20height%3D%27338%27%20fill-opacity%3D%220%22%2F%3E%3C%2Fsvg%3E\" data-orig-src=\"https:\/\/lh5.googleusercontent.com\/-KvE6tp8RUQc\/VKpogXKVMlI\/AAAAAAAAJ2g\/AQ6UQkyqLag\/w572-h823-no\/Untitled-1.gif\" height=\"338px\" width=\"235px\" \/>&nbsp;<\/span><\/td>\n<\/tr>\n<\/tbody>\n<\/table>\n<\/div>\n<div class=\"style13\"><span style=\"font-family: helvetica; font-size: 12pt;\"><\/span><\/div>\n<\/div>\n<\/td>\n<\/tr>\n<\/tbody>\n<\/table>\n<p>&nbsp;<\/p>\n","protected":false},"excerpt":{"rendered":"<p>&nbsp;&nbsp;&nbsp; N\u00ebn kujdesin e Kryeministrit t\u00eb Shqip\u00ebris\u00eb, Prof. Dr. Sali Berish\u00ebs, m\u00eb 4 maj 2010, n\u00eb or\u00ebn 11:00, n\u00eb mjediset e Arkivit Qendror Shtet\u00ebror do t\u00eb p\u00ebrurohet ekspozita \u201cDor\u00ebshkrime Bizantine dhe Pasbizantine n\u00eb Shqip\u00ebri\u201d. Ekspozita organizohet nga: Drejtoria e P\u00ebrgjithshme e Arkivave, Fondacioni Grek i Kultur\u00ebs &#8211; Vatra e Tiran\u00ebs, Fondacioni Kulturor i Bank\u00ebs Komb\u00ebtare t\u00eb Greqis\u00eb, Kisha Orthodhokse Autoqefale e Shqip\u00ebris\u00eb. &nbsp;&nbsp;&nbsp;&nbsp; Q\u00ebllimi i<\/p>\n","protected":false},"author":1,"featured_media":0,"comment_status":"open","ping_status":"open","sticky":false,"template":"","format":"standard","meta":{"_acf_changed":false,"pagelayer_contact_templates":[],"_pagelayer_content":"","inline_featured_image":false,"fifu_image_url":"","fifu_image_alt":"","footnotes":""},"categories":[108],"tags":[144,153,196,212],"class_list":["post-503","post","type-post","status-publish","format-standard","hentry","category-lajme","tag-144","tag-deklarata-njoftime-zyrtare-d75","tag-tirane","tag-lajme-d27"],"acf":[],"yoast_head":"<!-- This site is optimized with the Yoast SEO plugin v27.2 - https:\/\/yoast.com\/product\/yoast-seo-wordpress\/ -->\n<title>EKSPOZIT\u00cb E DOR\u00cbSHKRIMEVE BIZANTINE DHE PASBIZANTINE N\u00cb SHQIP\u00cbRI. (4 maj 2010) - Kisha Orthodh\u03bfkse Autoqefale e Shqip\u00ebris\u00eb<\/title>\n<meta name=\"robots\" content=\"index, follow, max-snippet:-1, max-image-preview:large, max-video-preview:-1\" \/>\n<link rel=\"canonical\" href=\"https:\/\/orthodoxalbania.org\/2020\/2013\/03\/20\/ekspozite-e-doreshkrimeve-bizantine-dhe-pasbizantine-ne-shqiperi-4-maj-2010\/\" \/>\n<meta property=\"og:locale\" content=\"en_US\" \/>\n<meta property=\"og:type\" content=\"article\" \/>\n<meta property=\"og:title\" content=\"EKSPOZIT\u00cb E DOR\u00cbSHKRIMEVE BIZANTINE DHE PASBIZANTINE N\u00cb SHQIP\u00cbRI. (4 maj 2010) - Kisha Orthodh\u03bfkse Autoqefale e Shqip\u00ebris\u00eb\" \/>\n<meta property=\"og:description\" content=\"&nbsp;&nbsp;&nbsp; N\u00ebn kujdesin e Kryeministrit t\u00eb Shqip\u00ebris\u00eb, Prof. Dr. Sali Berish\u00ebs, m\u00eb 4 maj 2010, n\u00eb or\u00ebn 11:00, n\u00eb mjediset e Arkivit Qendror Shtet\u00ebror do t\u00eb p\u00ebrurohet ekspozita \u201cDor\u00ebshkrime Bizantine dhe Pasbizantine n\u00eb Shqip\u00ebri\u201d. Ekspozita organizohet nga: Drejtoria e P\u00ebrgjithshme e Arkivave, Fondacioni Grek i Kultur\u00ebs &#8211; Vatra e Tiran\u00ebs, Fondacioni Kulturor i Bank\u00ebs Komb\u00ebtare t\u00eb Greqis\u00eb, Kisha Orthodhokse Autoqefale e Shqip\u00ebris\u00eb. &nbsp;&nbsp;&nbsp;&nbsp; Q\u00ebllimi i\" \/>\n<meta property=\"og:url\" content=\"https:\/\/orthodoxalbania.org\/2020\/2013\/03\/20\/ekspozite-e-doreshkrimeve-bizantine-dhe-pasbizantine-ne-shqiperi-4-maj-2010\/\" \/>\n<meta property=\"og:site_name\" content=\"Kisha Orthodh\u03bfkse Autoqefale e Shqip\u00ebris\u00eb\" \/>\n<meta property=\"article:publisher\" content=\"https:\/\/www.facebook.com\/koash1991\" \/>\n<meta property=\"article:published_time\" content=\"2013-03-20T12:41:04+00:00\" \/>\n<meta property=\"article:modified_time\" content=\"2020-04-06T20:32:27+00:00\" \/>\n<meta property=\"og:image\" content=\"https:\/\/lh4.googleusercontent.com\/-_QUu6gCtTf8\/VKpo6CZhFcI\/AAAAAAAAJ3c\/FM1uNZjBsyo\/w958-h157-no\/DSC_0133e.gif\" \/>\n<meta name=\"author\" content=\"Kisha Orthodhokse\" \/>\n<meta name=\"twitter:card\" content=\"summary_large_image\" \/>\n<meta name=\"twitter:label1\" content=\"Written by\" \/>\n\t<meta name=\"twitter:data1\" content=\"Kisha Orthodhokse\" \/>\n\t<meta name=\"twitter:label2\" content=\"Est. reading time\" \/>\n\t<meta name=\"twitter:data2\" content=\"2 minutes\" \/>\n<script type=\"application\/ld+json\" class=\"yoast-schema-graph\">{\"@context\":\"https:\/\/schema.org\",\"@graph\":[{\"@type\":\"Article\",\"@id\":\"https:\/\/orthodoxalbania.org\/2020\/2013\/03\/20\/ekspozite-e-doreshkrimeve-bizantine-dhe-pasbizantine-ne-shqiperi-4-maj-2010\/#article\",\"isPartOf\":{\"@id\":\"https:\/\/orthodoxalbania.org\/2020\/2013\/03\/20\/ekspozite-e-doreshkrimeve-bizantine-dhe-pasbizantine-ne-shqiperi-4-maj-2010\/\"},\"author\":{\"name\":\"Kisha Orthodhokse\",\"@id\":\"https:\/\/orthodoxalbania.org\/2020\/#\/schema\/person\/0c387634a7063ac612d7ed9ce71c7e86\"},\"headline\":\"EKSPOZIT\u00cb E DOR\u00cbSHKRIMEVE BIZANTINE DHE PASBIZANTINE N\u00cb SHQIP\u00cbRI. (4 maj 2010)\",\"datePublished\":\"2013-03-20T12:41:04+00:00\",\"dateModified\":\"2020-04-06T20:32:27+00:00\",\"mainEntityOfPage\":{\"@id\":\"https:\/\/orthodoxalbania.org\/2020\/2013\/03\/20\/ekspozite-e-doreshkrimeve-bizantine-dhe-pasbizantine-ne-shqiperi-4-maj-2010\/\"},\"wordCount\":437,\"commentCount\":0,\"publisher\":{\"@id\":\"https:\/\/orthodoxalbania.org\/2020\/#organization\"},\"image\":{\"@id\":\"https:\/\/orthodoxalbania.org\/2020\/2013\/03\/20\/ekspozite-e-doreshkrimeve-bizantine-dhe-pasbizantine-ne-shqiperi-4-maj-2010\/#primaryimage\"},\"thumbnailUrl\":\"https:\/\/lh4.googleusercontent.com\/-_QUu6gCtTf8\/VKpo6CZhFcI\/AAAAAAAAJ3c\/FM1uNZjBsyo\/w958-h157-no\/DSC_0133e.gif\",\"keywords\":[\"2010\",\"Deklarata - Njoftime Zyrtare\",\"Kryepiskopata Tiran\u00eb\",\"lajme\"],\"articleSection\":[\"Lajme\"],\"inLanguage\":\"en-US\"},{\"@type\":\"WebPage\",\"@id\":\"https:\/\/orthodoxalbania.org\/2020\/2013\/03\/20\/ekspozite-e-doreshkrimeve-bizantine-dhe-pasbizantine-ne-shqiperi-4-maj-2010\/\",\"url\":\"https:\/\/orthodoxalbania.org\/2020\/2013\/03\/20\/ekspozite-e-doreshkrimeve-bizantine-dhe-pasbizantine-ne-shqiperi-4-maj-2010\/\",\"name\":\"EKSPOZIT\u00cb E DOR\u00cbSHKRIMEVE BIZANTINE DHE PASBIZANTINE N\u00cb SHQIP\u00cbRI. (4 maj 2010) - Kisha Orthodh\u03bfkse Autoqefale e Shqip\u00ebris\u00eb\",\"isPartOf\":{\"@id\":\"https:\/\/orthodoxalbania.org\/2020\/#website\"},\"primaryImageOfPage\":{\"@id\":\"https:\/\/orthodoxalbania.org\/2020\/2013\/03\/20\/ekspozite-e-doreshkrimeve-bizantine-dhe-pasbizantine-ne-shqiperi-4-maj-2010\/#primaryimage\"},\"image\":{\"@id\":\"https:\/\/orthodoxalbania.org\/2020\/2013\/03\/20\/ekspozite-e-doreshkrimeve-bizantine-dhe-pasbizantine-ne-shqiperi-4-maj-2010\/#primaryimage\"},\"thumbnailUrl\":\"https:\/\/lh4.googleusercontent.com\/-_QUu6gCtTf8\/VKpo6CZhFcI\/AAAAAAAAJ3c\/FM1uNZjBsyo\/w958-h157-no\/DSC_0133e.gif\",\"datePublished\":\"2013-03-20T12:41:04+00:00\",\"dateModified\":\"2020-04-06T20:32:27+00:00\",\"breadcrumb\":{\"@id\":\"https:\/\/orthodoxalbania.org\/2020\/2013\/03\/20\/ekspozite-e-doreshkrimeve-bizantine-dhe-pasbizantine-ne-shqiperi-4-maj-2010\/#breadcrumb\"},\"inLanguage\":\"en-US\",\"potentialAction\":[{\"@type\":\"ReadAction\",\"target\":[\"https:\/\/orthodoxalbania.org\/2020\/2013\/03\/20\/ekspozite-e-doreshkrimeve-bizantine-dhe-pasbizantine-ne-shqiperi-4-maj-2010\/\"]}]},{\"@type\":\"ImageObject\",\"inLanguage\":\"en-US\",\"@id\":\"https:\/\/orthodoxalbania.org\/2020\/2013\/03\/20\/ekspozite-e-doreshkrimeve-bizantine-dhe-pasbizantine-ne-shqiperi-4-maj-2010\/#primaryimage\",\"url\":\"https:\/\/lh4.googleusercontent.com\/-_QUu6gCtTf8\/VKpo6CZhFcI\/AAAAAAAAJ3c\/FM1uNZjBsyo\/w958-h157-no\/DSC_0133e.gif\",\"contentUrl\":\"https:\/\/lh4.googleusercontent.com\/-_QUu6gCtTf8\/VKpo6CZhFcI\/AAAAAAAAJ3c\/FM1uNZjBsyo\/w958-h157-no\/DSC_0133e.gif\"},{\"@type\":\"BreadcrumbList\",\"@id\":\"https:\/\/orthodoxalbania.org\/2020\/2013\/03\/20\/ekspozite-e-doreshkrimeve-bizantine-dhe-pasbizantine-ne-shqiperi-4-maj-2010\/#breadcrumb\",\"itemListElement\":[{\"@type\":\"ListItem\",\"position\":1,\"name\":\"Home\",\"item\":\"https:\/\/orthodoxalbania.org\/2020\/\"},{\"@type\":\"ListItem\",\"position\":2,\"name\":\"EKSPOZIT\u00cb E DOR\u00cbSHKRIMEVE BIZANTINE DHE PASBIZANTINE N\u00cb SHQIP\u00cbRI. (4 maj 2010)\"}]},{\"@type\":\"WebSite\",\"@id\":\"https:\/\/orthodoxalbania.org\/2020\/#website\",\"url\":\"https:\/\/orthodoxalbania.org\/2020\/\",\"name\":\"Kisha Orthodh\u03bfkse Autoqefale e Shqip\u00ebris\u00eb\",\"description\":\"Fqja Zyrtare e Kish\u00ebs Orthodhokse Autoqefale e Shqip\u00ebris\u00eb me lajmet edhe informacionet zyrtare p\u00ebr struktur\u00ebn edhe veprimtarin e saj.\",\"publisher\":{\"@id\":\"https:\/\/orthodoxalbania.org\/2020\/#organization\"},\"potentialAction\":[{\"@type\":\"SearchAction\",\"target\":{\"@type\":\"EntryPoint\",\"urlTemplate\":\"https:\/\/orthodoxalbania.org\/2020\/?s={search_term_string}\"},\"query-input\":{\"@type\":\"PropertyValueSpecification\",\"valueRequired\":true,\"valueName\":\"search_term_string\"}}],\"inLanguage\":\"en-US\"},{\"@type\":\"Organization\",\"@id\":\"https:\/\/orthodoxalbania.org\/2020\/#organization\",\"name\":\"Kisha Orthodhokse Autoqefale e Shqip\u00ebris\u00eb\",\"url\":\"https:\/\/orthodoxalbania.org\/2020\/\",\"logo\":{\"@type\":\"ImageObject\",\"inLanguage\":\"en-US\",\"@id\":\"https:\/\/orthodoxalbania.org\/2020\/#\/schema\/logo\/image\/\",\"url\":\"https:\/\/orthodoxalbania.org\/2020\/wp-content\/uploads\/2020\/05\/albania.jpeg\",\"contentUrl\":\"https:\/\/orthodoxalbania.org\/2020\/wp-content\/uploads\/2020\/05\/albania.jpeg\",\"width\":540,\"height\":540,\"caption\":\"Kisha Orthodhokse Autoqefale e Shqip\u00ebris\u00eb\"},\"image\":{\"@id\":\"https:\/\/orthodoxalbania.org\/2020\/#\/schema\/logo\/image\/\"},\"sameAs\":[\"https:\/\/www.facebook.com\/koash1991\"]},{\"@type\":\"Person\",\"@id\":\"https:\/\/orthodoxalbania.org\/2020\/#\/schema\/person\/0c387634a7063ac612d7ed9ce71c7e86\",\"name\":\"Kisha Orthodhokse\",\"image\":{\"@type\":\"ImageObject\",\"inLanguage\":\"en-US\",\"@id\":\"https:\/\/secure.gravatar.com\/avatar\/596e7c417251e30f2fbb9c00e026fce61a695a00e51c889caded71c96cbbdde5?s=96&d=mm&r=g\",\"url\":\"https:\/\/secure.gravatar.com\/avatar\/596e7c417251e30f2fbb9c00e026fce61a695a00e51c889caded71c96cbbdde5?s=96&d=mm&r=g\",\"contentUrl\":\"https:\/\/secure.gravatar.com\/avatar\/596e7c417251e30f2fbb9c00e026fce61a695a00e51c889caded71c96cbbdde5?s=96&d=mm&r=g\",\"caption\":\"Kisha Orthodhokse\"}}]}<\/script>\n<!-- \/ Yoast SEO plugin. -->","yoast_head_json":{"title":"EKSPOZIT\u00cb E DOR\u00cbSHKRIMEVE BIZANTINE DHE PASBIZANTINE N\u00cb SHQIP\u00cbRI. (4 maj 2010) - Kisha Orthodh\u03bfkse Autoqefale e Shqip\u00ebris\u00eb","robots":{"index":"index","follow":"follow","max-snippet":"max-snippet:-1","max-image-preview":"max-image-preview:large","max-video-preview":"max-video-preview:-1"},"canonical":"https:\/\/orthodoxalbania.org\/2020\/2013\/03\/20\/ekspozite-e-doreshkrimeve-bizantine-dhe-pasbizantine-ne-shqiperi-4-maj-2010\/","og_locale":"en_US","og_type":"article","og_title":"EKSPOZIT\u00cb E DOR\u00cbSHKRIMEVE BIZANTINE DHE PASBIZANTINE N\u00cb SHQIP\u00cbRI. (4 maj 2010) - Kisha Orthodh\u03bfkse Autoqefale e Shqip\u00ebris\u00eb","og_description":"&nbsp;&nbsp;&nbsp; N\u00ebn kujdesin e Kryeministrit t\u00eb Shqip\u00ebris\u00eb, Prof. Dr. Sali Berish\u00ebs, m\u00eb 4 maj 2010, n\u00eb or\u00ebn 11:00, n\u00eb mjediset e Arkivit Qendror Shtet\u00ebror do t\u00eb p\u00ebrurohet ekspozita \u201cDor\u00ebshkrime Bizantine dhe Pasbizantine n\u00eb Shqip\u00ebri\u201d. Ekspozita organizohet nga: Drejtoria e P\u00ebrgjithshme e Arkivave, Fondacioni Grek i Kultur\u00ebs &#8211; Vatra e Tiran\u00ebs, Fondacioni Kulturor i Bank\u00ebs Komb\u00ebtare t\u00eb Greqis\u00eb, Kisha Orthodhokse Autoqefale e Shqip\u00ebris\u00eb. &nbsp;&nbsp;&nbsp;&nbsp; Q\u00ebllimi i","og_url":"https:\/\/orthodoxalbania.org\/2020\/2013\/03\/20\/ekspozite-e-doreshkrimeve-bizantine-dhe-pasbizantine-ne-shqiperi-4-maj-2010\/","og_site_name":"Kisha Orthodh\u03bfkse Autoqefale e Shqip\u00ebris\u00eb","article_publisher":"https:\/\/www.facebook.com\/koash1991","article_published_time":"2013-03-20T12:41:04+00:00","article_modified_time":"2020-04-06T20:32:27+00:00","og_image":[{"url":"https:\/\/lh4.googleusercontent.com\/-_QUu6gCtTf8\/VKpo6CZhFcI\/AAAAAAAAJ3c\/FM1uNZjBsyo\/w958-h157-no\/DSC_0133e.gif","type":"","width":"","height":""}],"author":"Kisha Orthodhokse","twitter_card":"summary_large_image","twitter_misc":{"Written by":"Kisha Orthodhokse","Est. reading time":"2 minutes"},"schema":{"@context":"https:\/\/schema.org","@graph":[{"@type":"Article","@id":"https:\/\/orthodoxalbania.org\/2020\/2013\/03\/20\/ekspozite-e-doreshkrimeve-bizantine-dhe-pasbizantine-ne-shqiperi-4-maj-2010\/#article","isPartOf":{"@id":"https:\/\/orthodoxalbania.org\/2020\/2013\/03\/20\/ekspozite-e-doreshkrimeve-bizantine-dhe-pasbizantine-ne-shqiperi-4-maj-2010\/"},"author":{"name":"Kisha Orthodhokse","@id":"https:\/\/orthodoxalbania.org\/2020\/#\/schema\/person\/0c387634a7063ac612d7ed9ce71c7e86"},"headline":"EKSPOZIT\u00cb E DOR\u00cbSHKRIMEVE BIZANTINE DHE PASBIZANTINE N\u00cb SHQIP\u00cbRI. (4 maj 2010)","datePublished":"2013-03-20T12:41:04+00:00","dateModified":"2020-04-06T20:32:27+00:00","mainEntityOfPage":{"@id":"https:\/\/orthodoxalbania.org\/2020\/2013\/03\/20\/ekspozite-e-doreshkrimeve-bizantine-dhe-pasbizantine-ne-shqiperi-4-maj-2010\/"},"wordCount":437,"commentCount":0,"publisher":{"@id":"https:\/\/orthodoxalbania.org\/2020\/#organization"},"image":{"@id":"https:\/\/orthodoxalbania.org\/2020\/2013\/03\/20\/ekspozite-e-doreshkrimeve-bizantine-dhe-pasbizantine-ne-shqiperi-4-maj-2010\/#primaryimage"},"thumbnailUrl":"https:\/\/lh4.googleusercontent.com\/-_QUu6gCtTf8\/VKpo6CZhFcI\/AAAAAAAAJ3c\/FM1uNZjBsyo\/w958-h157-no\/DSC_0133e.gif","keywords":["2010","Deklarata - Njoftime Zyrtare","Kryepiskopata Tiran\u00eb","lajme"],"articleSection":["Lajme"],"inLanguage":"en-US"},{"@type":"WebPage","@id":"https:\/\/orthodoxalbania.org\/2020\/2013\/03\/20\/ekspozite-e-doreshkrimeve-bizantine-dhe-pasbizantine-ne-shqiperi-4-maj-2010\/","url":"https:\/\/orthodoxalbania.org\/2020\/2013\/03\/20\/ekspozite-e-doreshkrimeve-bizantine-dhe-pasbizantine-ne-shqiperi-4-maj-2010\/","name":"EKSPOZIT\u00cb E DOR\u00cbSHKRIMEVE BIZANTINE DHE PASBIZANTINE N\u00cb SHQIP\u00cbRI. (4 maj 2010) - Kisha Orthodh\u03bfkse Autoqefale e Shqip\u00ebris\u00eb","isPartOf":{"@id":"https:\/\/orthodoxalbania.org\/2020\/#website"},"primaryImageOfPage":{"@id":"https:\/\/orthodoxalbania.org\/2020\/2013\/03\/20\/ekspozite-e-doreshkrimeve-bizantine-dhe-pasbizantine-ne-shqiperi-4-maj-2010\/#primaryimage"},"image":{"@id":"https:\/\/orthodoxalbania.org\/2020\/2013\/03\/20\/ekspozite-e-doreshkrimeve-bizantine-dhe-pasbizantine-ne-shqiperi-4-maj-2010\/#primaryimage"},"thumbnailUrl":"https:\/\/lh4.googleusercontent.com\/-_QUu6gCtTf8\/VKpo6CZhFcI\/AAAAAAAAJ3c\/FM1uNZjBsyo\/w958-h157-no\/DSC_0133e.gif","datePublished":"2013-03-20T12:41:04+00:00","dateModified":"2020-04-06T20:32:27+00:00","breadcrumb":{"@id":"https:\/\/orthodoxalbania.org\/2020\/2013\/03\/20\/ekspozite-e-doreshkrimeve-bizantine-dhe-pasbizantine-ne-shqiperi-4-maj-2010\/#breadcrumb"},"inLanguage":"en-US","potentialAction":[{"@type":"ReadAction","target":["https:\/\/orthodoxalbania.org\/2020\/2013\/03\/20\/ekspozite-e-doreshkrimeve-bizantine-dhe-pasbizantine-ne-shqiperi-4-maj-2010\/"]}]},{"@type":"ImageObject","inLanguage":"en-US","@id":"https:\/\/orthodoxalbania.org\/2020\/2013\/03\/20\/ekspozite-e-doreshkrimeve-bizantine-dhe-pasbizantine-ne-shqiperi-4-maj-2010\/#primaryimage","url":"https:\/\/lh4.googleusercontent.com\/-_QUu6gCtTf8\/VKpo6CZhFcI\/AAAAAAAAJ3c\/FM1uNZjBsyo\/w958-h157-no\/DSC_0133e.gif","contentUrl":"https:\/\/lh4.googleusercontent.com\/-_QUu6gCtTf8\/VKpo6CZhFcI\/AAAAAAAAJ3c\/FM1uNZjBsyo\/w958-h157-no\/DSC_0133e.gif"},{"@type":"BreadcrumbList","@id":"https:\/\/orthodoxalbania.org\/2020\/2013\/03\/20\/ekspozite-e-doreshkrimeve-bizantine-dhe-pasbizantine-ne-shqiperi-4-maj-2010\/#breadcrumb","itemListElement":[{"@type":"ListItem","position":1,"name":"Home","item":"https:\/\/orthodoxalbania.org\/2020\/"},{"@type":"ListItem","position":2,"name":"EKSPOZIT\u00cb E DOR\u00cbSHKRIMEVE BIZANTINE DHE PASBIZANTINE N\u00cb SHQIP\u00cbRI. (4 maj 2010)"}]},{"@type":"WebSite","@id":"https:\/\/orthodoxalbania.org\/2020\/#website","url":"https:\/\/orthodoxalbania.org\/2020\/","name":"Kisha Orthodh\u03bfkse Autoqefale e Shqip\u00ebris\u00eb","description":"Fqja Zyrtare e Kish\u00ebs Orthodhokse Autoqefale e Shqip\u00ebris\u00eb me lajmet edhe informacionet zyrtare p\u00ebr struktur\u00ebn edhe veprimtarin e saj.","publisher":{"@id":"https:\/\/orthodoxalbania.org\/2020\/#organization"},"potentialAction":[{"@type":"SearchAction","target":{"@type":"EntryPoint","urlTemplate":"https:\/\/orthodoxalbania.org\/2020\/?s={search_term_string}"},"query-input":{"@type":"PropertyValueSpecification","valueRequired":true,"valueName":"search_term_string"}}],"inLanguage":"en-US"},{"@type":"Organization","@id":"https:\/\/orthodoxalbania.org\/2020\/#organization","name":"Kisha Orthodhokse Autoqefale e Shqip\u00ebris\u00eb","url":"https:\/\/orthodoxalbania.org\/2020\/","logo":{"@type":"ImageObject","inLanguage":"en-US","@id":"https:\/\/orthodoxalbania.org\/2020\/#\/schema\/logo\/image\/","url":"https:\/\/orthodoxalbania.org\/2020\/wp-content\/uploads\/2020\/05\/albania.jpeg","contentUrl":"https:\/\/orthodoxalbania.org\/2020\/wp-content\/uploads\/2020\/05\/albania.jpeg","width":540,"height":540,"caption":"Kisha Orthodhokse Autoqefale e Shqip\u00ebris\u00eb"},"image":{"@id":"https:\/\/orthodoxalbania.org\/2020\/#\/schema\/logo\/image\/"},"sameAs":["https:\/\/www.facebook.com\/koash1991"]},{"@type":"Person","@id":"https:\/\/orthodoxalbania.org\/2020\/#\/schema\/person\/0c387634a7063ac612d7ed9ce71c7e86","name":"Kisha Orthodhokse","image":{"@type":"ImageObject","inLanguage":"en-US","@id":"https:\/\/secure.gravatar.com\/avatar\/596e7c417251e30f2fbb9c00e026fce61a695a00e51c889caded71c96cbbdde5?s=96&d=mm&r=g","url":"https:\/\/secure.gravatar.com\/avatar\/596e7c417251e30f2fbb9c00e026fce61a695a00e51c889caded71c96cbbdde5?s=96&d=mm&r=g","contentUrl":"https:\/\/secure.gravatar.com\/avatar\/596e7c417251e30f2fbb9c00e026fce61a695a00e51c889caded71c96cbbdde5?s=96&d=mm&r=g","caption":"Kisha Orthodhokse"}}]}},"_links":{"self":[{"href":"https:\/\/orthodoxalbania.org\/2020\/wp-json\/wp\/v2\/posts\/503","targetHints":{"allow":["GET"]}}],"collection":[{"href":"https:\/\/orthodoxalbania.org\/2020\/wp-json\/wp\/v2\/posts"}],"about":[{"href":"https:\/\/orthodoxalbania.org\/2020\/wp-json\/wp\/v2\/types\/post"}],"author":[{"embeddable":true,"href":"https:\/\/orthodoxalbania.org\/2020\/wp-json\/wp\/v2\/users\/1"}],"replies":[{"embeddable":true,"href":"https:\/\/orthodoxalbania.org\/2020\/wp-json\/wp\/v2\/comments?post=503"}],"version-history":[{"count":1,"href":"https:\/\/orthodoxalbania.org\/2020\/wp-json\/wp\/v2\/posts\/503\/revisions"}],"predecessor-version":[{"id":15506,"href":"https:\/\/orthodoxalbania.org\/2020\/wp-json\/wp\/v2\/posts\/503\/revisions\/15506"}],"wp:attachment":[{"href":"https:\/\/orthodoxalbania.org\/2020\/wp-json\/wp\/v2\/media?parent=503"}],"wp:term":[{"taxonomy":"category","embeddable":true,"href":"https:\/\/orthodoxalbania.org\/2020\/wp-json\/wp\/v2\/categories?post=503"},{"taxonomy":"post_tag","embeddable":true,"href":"https:\/\/orthodoxalbania.org\/2020\/wp-json\/wp\/v2\/tags?post=503"}],"curies":[{"name":"wp","href":"https:\/\/api.w.org\/{rel}","templated":true}]}}