{"id":5018,"date":"2017-03-10T12:21:47","date_gmt":"2017-03-10T12:21:47","guid":{"rendered":""},"modified":"2020-04-06T01:03:17","modified_gmt":"2020-04-06T01:03:17","slug":"festimi-i-ditelindjes-sone-shpirterore-dita-e-pagezimit","status":"publish","type":"post","link":"https:\/\/orthodoxalbania.org\/2020\/2017\/03\/10\/festimi-i-ditelindjes-sone-shpirterore-dita-e-pagezimit\/","title":{"rendered":"Festimi i dit\u00eblindjes son\u00eb shpirt\u00ebrore: Dita e pag\u00ebzimit (7)"},"content":{"rendered":"<p style=\"text-align: center;\"><span style=\"font-size: 12pt; font-family: helvetica; color: #000000;\"><strong>Festimi i dit\u00eblindjes son\u00eb shpirt\u00ebrore: <\/strong><\/span><\/p>\n<p style=\"text-align: center;\"><span style=\"font-size: 12pt; font-family: helvetica; color: #000000;\"><strong>Dita e pag\u00ebzimit<\/strong><\/span><\/p>\n<p style=\"text-align: center;\"><span style=\"font-size: 12pt; font-family: helvetica; color: #000000;\"><strong>AT\u00cb ANTHONY M. CONIARIS<\/strong><\/span><br \/><span style=\"font-size: 12pt; font-family: helvetica; color: #000000;\"><strong>FAMILJA ORTHODHOKSE &#8211; KISHA E PER\u00cbNDIS\u00cb<\/strong><\/span><\/p>\n<p style=\"text-align: justify;\">&nbsp;<\/p>\n<p style=\"text-align: justify;\"><span style=\"font-size: 12pt; font-family: helvetica; color: #000000;\">&nbsp; &nbsp; I krishteri orthodhoks feston dy dit\u00eblindje: dit\u00eblindjen trupore dhe dit\u00eblindjen shpirt\u00ebrore. Pas lindjes trupore vjen lindja tjet\u00ebr, lindja \u201cp\u00ebrmes ujit dhe Shpirtit t\u00eb Shenjt\u00eb\u201d, dit\u00eblindja shpirt\u00ebrore.<\/span><\/p>\n<p style=\"text-align: justify;\"><span style=\"font-size: 12pt; font-family: helvetica; color: #000000;\">&nbsp; &nbsp; N\u00eb k\u00ebt\u00eb dit\u00eb Jisui m\u00eb bir\u00ebsoi si f\u00ebmij\u00ebn e Tij. Ai m\u00eb pastroi nga t\u00eb gjitha m\u00ebkatet. Ai erdhi t\u00eb banoj\u00eb tek un\u00eb n\u00ebp\u00ebrmjet Misterit t\u00eb Kungimit t\u00eb Shenjt\u00eb. Shpirti i Shenjt\u00eb erdhi t\u00eb ngrej\u00eb tend\u00ebn e Tij tek un\u00eb. Z\u00ebri i Per\u00ebndis\u00eb At\u00eb tha: \u201cKy \u00ebsht\u00eb biri im i dashur, q\u00eb e kam p\u00eblqyer.\u201d<\/span><\/p>\n<p> <\/p>\n<p style=\"text-align: justify;\"><span style=\"font-size: 12pt; font-family: helvetica; color: #000000;\"><\/span><span style=\"font-size: 12pt; font-family: helvetica; color: #000000;\">&nbsp; &nbsp; Cila dit\u00eb mund t\u00eb jet\u00eb m\u00eb e r\u00ebnd\u00ebsishme se kjo? Ajo \u00ebsht\u00eb nj\u00eb ngjarje q\u00eb duhet t\u00eb kujtohet dhe t\u00eb festohet \u00e7do vit. Pse t\u00eb mos e kthejm\u00eb at\u00eb n\u00eb nj\u00eb dit\u00eblindje t\u00eb dyt\u00eb p\u00ebr f\u00ebmij\u00ebt tan\u00eb dhe ta kremtojm\u00eb me fest\u00eb dhe me tort\u00eb? N\u00ebna mund t\u00eb p\u00ebrgatis\u00eb nj\u00eb \u201cTort\u00eb dit\u00eblindjeje p\u00ebr Jisuin\u201d dhe t\u00eb gjith\u00eb mund t\u00eb k\u00ebndojn\u00eb \u201cG\u00ebzuar Dit\u00eb- lindjen\u201d. Organizator\u00ebt (nuna dhe nuni) dhe pjesa tjet\u00ebr e familjes mund t\u00eb jen\u00eb t\u00eb pranish\u00ebm p\u00ebr t\u00eb dh\u00ebn\u00eb dhurata dit\u00eblindjeje, ashtu sikurse ata veprojn\u00eb n\u00eb nj\u00eb dit\u00eblindje t\u00eb zakonshme. Ne mund t\u00eb ndezim qiriun e&nbsp;pag\u00ebzimit, p\u00ebr t\u00eb kuptuar drit\u00ebn q\u00eb mor\u00ebm nga Jisui. Prind\u00ebrit mund ta p\u00ebrdorin k\u00ebt\u00eb rast si nj\u00eb mund\u00ebsi p\u00ebr t\u00eb diskutuar se \u00e7far\u00eb do t\u00eb thot\u00eb t\u00eb jesh f\u00ebmij\u00eb i Jisuit, \u00e7far\u00eb do t\u00eb thot\u00eb t\u00eb jesh pjes\u00ebtar i vet\u00eb familjes s\u00eb Per\u00ebndis\u00eb dhe t\u00eb mbash emrin e vet\u00eb Krishtit, i KRISHT- er\u00eb.<\/span><\/p>\n<p style=\"text-align: justify;\"><span style=\"font-size: 12pt; font-family: helvetica; color: #000000;\">&nbsp; &nbsp; Nj\u00eb festim i till\u00eb familjar do t\u00eb ndihmoj\u00eb f\u00ebmij\u00ebn t\u00eb kujtoj\u00eb cili \u00ebsht\u00eb ai dhe kujt i p\u00ebrket. Kjo gj\u00eb do t\u00eb ndihmoj\u00eb t\u00eb rifitoj\u00eb at\u00eb \u00e7far\u00eb tashm\u00eb \u00ebsht\u00eb nj\u00eb dit\u00eb e harruar dhe ta kthej\u00eb n\u00eb nj\u00eb dit\u00eb me t\u00eb v\u00ebrtet\u00eb t\u00eb r\u00ebnd\u00ebsishme, ashtu sikurse \u00ebsht\u00eb realisht.<\/span><\/p>\n<p style=\"text-align: justify;\"><span style=\"font-size: 12pt; font-family: helvetica; color: #000000;\">&nbsp; &nbsp; Pjes\u00eb e festimit t\u00eb dit\u00eblindjes s\u00eb dyt\u00eb duhet gjithashtu t\u00eb jet\u00eb marrja e Kungat\u00ebs s\u00eb Shenjt\u00eb n\u00eb t\u00eb diel\u00ebn m\u00eb t\u00eb af\u00ebrt me t\u00eb. P\u00ebr k\u00ebt\u00eb ngjarje, qiriu i pag\u00ebzimit duhet t\u00eb merret n\u00eb kish\u00eb dhe t\u00eb ndizet teksa shkojm\u00eb t\u00eb marrim Trupin dhe Gjakun e \u00e7muar t\u00eb Jisuit.<\/span><\/p>\n<p style=\"text-align: justify;\"><span style=\"font-size: 12pt; font-family: helvetica; color: #000000;\">&nbsp; &nbsp; Festimi i pag\u00ebzimit \u00ebsht\u00eb nj\u00eb \u00e7ast i p\u00ebrshtatsh\u00ebm p\u00ebr t\u2019i th\u00ebn\u00eb f\u00ebmij\u00ebs suaj sa shum\u00eb e doni. Prind\u00ebrit, p\u00ebr shembull, mund t\u00eb thon\u00eb: \u201cNiko, kur u pag\u00ebzove, Per\u00ebndia t\u00eb tha: Ky \u00ebsht\u00eb biri im i dashur, q\u00eb e kam p\u00eblqyer\u201d. M\u00eb lejo t\u00eb t\u00eb them se edhe mami me babin ndihen k\u00ebshtu p\u00ebr ty. Ne t\u00eb duam. Ti je i r\u00ebnd\u00ebsish\u00ebm p\u00ebr ne. Ne jemi t\u00eb g\u00ebzuar q\u00eb ti je pjes\u00ebtar i familjes son\u00eb. Jemi t\u00eb lumtur q\u00eb ndodhesh k\u00ebtu. Jeta jon\u00eb nuk do t\u00eb ishte e nj\u00ebjt\u00eb pa ty. Ka raste, Niko, q\u00eb ne si prind\u00ebr nuk jemi aq t\u00eb ndjesh\u00ebm dhe t\u00eb kujdessh\u00ebm sa duhet dhe na vjen keq p\u00ebr k\u00ebt\u00eb. T\u00eb lutemi, mos mendo se indiferenca&nbsp;dhe sjellja jon\u00eb pa takt n\u00ebnkupton q\u00eb ti nuk je i r\u00ebnd\u00ebsish\u00ebm. Ti je i r\u00ebnd\u00ebsish\u00ebm! Ne t\u00eb duam shum\u00eb\u201d. Ky \u00ebsht\u00eb edhe nj\u00eb moment i mir\u00eb p\u00ebr t\u2019u folur f\u00ebmij\u00ebve rreth pag\u00ebzimit, se si u zgjodh\u00ebn nun\u00ebt e tyre dhe se si ua vendos\u00ebn emrat. Tregojuni atyre fotot e k\u00ebsaj ngjarjeje, certifikat\u00ebn e pag\u00ebzimit. N\u00ebse nuk e keni, k\u00ebrkojeni nga kisha ku u pag\u00ebzuan.<\/span><\/p>\n","protected":false},"excerpt":{"rendered":"<p>Festimi i dit\u00eblindjes son\u00eb shpirt\u00ebrore: Dita e pag\u00ebzimit AT\u00cb ANTHONY M. CONIARISFAMILJA ORTHODHOKSE &#8211; KISHA E PER\u00cbNDIS\u00cb &nbsp; &nbsp; &nbsp; I krishteri orthodhoks feston dy dit\u00eblindje: dit\u00eblindjen trupore dhe dit\u00eblindjen shpirt\u00ebrore. Pas lindjes trupore vjen lindja tjet\u00ebr, lindja \u201cp\u00ebrmes ujit dhe Shpirtit t\u00eb Shenjt\u00eb\u201d, dit\u00eblindja shpirt\u00ebrore. &nbsp; &nbsp; N\u00eb k\u00ebt\u00eb dit\u00eb Jisui m\u00eb bir\u00ebsoi si f\u00ebmij\u00ebn e Tij. Ai m\u00eb pastroi nga t\u00eb gjitha m\u00ebkatet.<\/p>\n","protected":false},"author":1,"featured_media":0,"comment_status":"open","ping_status":"open","sticky":false,"template":"","format":"standard","meta":{"_acf_changed":false,"pagelayer_contact_templates":[],"_pagelayer_content":"","inline_featured_image":false,"fifu_image_url":"","fifu_image_alt":"","footnotes":""},"categories":[112],"tags":[346,609,347],"class_list":["post-5018","post","type-post","status-publish","format-standard","hentry","category-materiale-shpirterore-d72","tag-familja-mat-shpirterore","tag-materiale-shpirterore","tag-pagezimi-mat-shpirterore"],"acf":[],"yoast_head":"<!-- This site is optimized with the Yoast SEO plugin v27.2 - https:\/\/yoast.com\/product\/yoast-seo-wordpress\/ -->\n<title>Festimi i dit\u00eblindjes son\u00eb shpirt\u00ebrore: Dita e pag\u00ebzimit (7) - Kisha Orthodh\u03bfkse Autoqefale e Shqip\u00ebris\u00eb<\/title>\n<meta name=\"robots\" content=\"index, follow, max-snippet:-1, max-image-preview:large, max-video-preview:-1\" \/>\n<link rel=\"canonical\" href=\"https:\/\/orthodoxalbania.org\/2020\/2017\/03\/10\/festimi-i-ditelindjes-sone-shpirterore-dita-e-pagezimit\/\" \/>\n<meta property=\"og:locale\" content=\"en_US\" \/>\n<meta property=\"og:type\" content=\"article\" \/>\n<meta property=\"og:title\" content=\"Festimi i dit\u00eblindjes son\u00eb shpirt\u00ebrore: Dita e pag\u00ebzimit (7) - Kisha Orthodh\u03bfkse Autoqefale e Shqip\u00ebris\u00eb\" \/>\n<meta property=\"og:description\" content=\"Festimi i dit\u00eblindjes son\u00eb shpirt\u00ebrore: Dita e pag\u00ebzimit AT\u00cb ANTHONY M. CONIARISFAMILJA ORTHODHOKSE &#8211; KISHA E PER\u00cbNDIS\u00cb &nbsp; &nbsp; &nbsp; I krishteri orthodhoks feston dy dit\u00eblindje: dit\u00eblindjen trupore dhe dit\u00eblindjen shpirt\u00ebrore. Pas lindjes trupore vjen lindja tjet\u00ebr, lindja \u201cp\u00ebrmes ujit dhe Shpirtit t\u00eb Shenjt\u00eb\u201d, dit\u00eblindja shpirt\u00ebrore. &nbsp; &nbsp; N\u00eb k\u00ebt\u00eb dit\u00eb Jisui m\u00eb bir\u00ebsoi si f\u00ebmij\u00ebn e Tij. Ai m\u00eb pastroi nga t\u00eb gjitha m\u00ebkatet.\" \/>\n<meta property=\"og:url\" content=\"https:\/\/orthodoxalbania.org\/2020\/2017\/03\/10\/festimi-i-ditelindjes-sone-shpirterore-dita-e-pagezimit\/\" \/>\n<meta property=\"og:site_name\" content=\"Kisha Orthodh\u03bfkse Autoqefale e Shqip\u00ebris\u00eb\" \/>\n<meta property=\"article:publisher\" content=\"https:\/\/www.facebook.com\/koash1991\" \/>\n<meta property=\"article:published_time\" content=\"2017-03-10T12:21:47+00:00\" \/>\n<meta property=\"article:modified_time\" content=\"2020-04-06T01:03:17+00:00\" \/>\n<meta property=\"og:image\" content=\"https:\/\/orthodoxalbania.org\/2020\/wp-content\/uploads\/2021\/02\/LogoLastALb-200.png\" \/>\n\t<meta property=\"og:image:width\" content=\"200\" \/>\n\t<meta property=\"og:image:height\" content=\"172\" \/>\n\t<meta property=\"og:image:type\" content=\"image\/png\" \/>\n<meta name=\"author\" content=\"Kisha Orthodhokse\" \/>\n<meta name=\"twitter:card\" content=\"summary_large_image\" \/>\n<meta name=\"twitter:label1\" content=\"Written by\" \/>\n\t<meta name=\"twitter:data1\" content=\"Kisha Orthodhokse\" \/>\n\t<meta name=\"twitter:label2\" content=\"Est. reading time\" \/>\n\t<meta name=\"twitter:data2\" content=\"3 minutes\" \/>\n<script type=\"application\/ld+json\" class=\"yoast-schema-graph\">{\"@context\":\"https:\/\/schema.org\",\"@graph\":[{\"@type\":\"Article\",\"@id\":\"https:\/\/orthodoxalbania.org\/2020\/2017\/03\/10\/festimi-i-ditelindjes-sone-shpirterore-dita-e-pagezimit\/#article\",\"isPartOf\":{\"@id\":\"https:\/\/orthodoxalbania.org\/2020\/2017\/03\/10\/festimi-i-ditelindjes-sone-shpirterore-dita-e-pagezimit\/\"},\"author\":{\"name\":\"Kisha Orthodhokse\",\"@id\":\"https:\/\/orthodoxalbania.org\/2020\/#\/schema\/person\/0c387634a7063ac612d7ed9ce71c7e86\"},\"headline\":\"Festimi i dit\u00eblindjes son\u00eb shpirt\u00ebrore: Dita e pag\u00ebzimit (7)\",\"datePublished\":\"2017-03-10T12:21:47+00:00\",\"dateModified\":\"2020-04-06T01:03:17+00:00\",\"mainEntityOfPage\":{\"@id\":\"https:\/\/orthodoxalbania.org\/2020\/2017\/03\/10\/festimi-i-ditelindjes-sone-shpirterore-dita-e-pagezimit\/\"},\"wordCount\":673,\"commentCount\":0,\"publisher\":{\"@id\":\"https:\/\/orthodoxalbania.org\/2020\/#organization\"},\"keywords\":[\"Familja\/Mat.Shpirterore\",\"Materiale Shpirterore\",\"Pagezimi\/Mat. Shpirterore\"],\"articleSection\":[\"Materiale Shpirt\u00ebrore\"],\"inLanguage\":\"en-US\"},{\"@type\":\"WebPage\",\"@id\":\"https:\/\/orthodoxalbania.org\/2020\/2017\/03\/10\/festimi-i-ditelindjes-sone-shpirterore-dita-e-pagezimit\/\",\"url\":\"https:\/\/orthodoxalbania.org\/2020\/2017\/03\/10\/festimi-i-ditelindjes-sone-shpirterore-dita-e-pagezimit\/\",\"name\":\"Festimi i dit\u00eblindjes son\u00eb shpirt\u00ebrore: Dita e pag\u00ebzimit (7) - Kisha Orthodh\u03bfkse Autoqefale e Shqip\u00ebris\u00eb\",\"isPartOf\":{\"@id\":\"https:\/\/orthodoxalbania.org\/2020\/#website\"},\"datePublished\":\"2017-03-10T12:21:47+00:00\",\"dateModified\":\"2020-04-06T01:03:17+00:00\",\"breadcrumb\":{\"@id\":\"https:\/\/orthodoxalbania.org\/2020\/2017\/03\/10\/festimi-i-ditelindjes-sone-shpirterore-dita-e-pagezimit\/#breadcrumb\"},\"inLanguage\":\"en-US\",\"potentialAction\":[{\"@type\":\"ReadAction\",\"target\":[\"https:\/\/orthodoxalbania.org\/2020\/2017\/03\/10\/festimi-i-ditelindjes-sone-shpirterore-dita-e-pagezimit\/\"]}]},{\"@type\":\"BreadcrumbList\",\"@id\":\"https:\/\/orthodoxalbania.org\/2020\/2017\/03\/10\/festimi-i-ditelindjes-sone-shpirterore-dita-e-pagezimit\/#breadcrumb\",\"itemListElement\":[{\"@type\":\"ListItem\",\"position\":1,\"name\":\"Home\",\"item\":\"https:\/\/orthodoxalbania.org\/2020\/\"},{\"@type\":\"ListItem\",\"position\":2,\"name\":\"Festimi i dit\u00eblindjes son\u00eb shpirt\u00ebrore: Dita e pag\u00ebzimit (7)\"}]},{\"@type\":\"WebSite\",\"@id\":\"https:\/\/orthodoxalbania.org\/2020\/#website\",\"url\":\"https:\/\/orthodoxalbania.org\/2020\/\",\"name\":\"Kisha Orthodh\u03bfkse Autoqefale e Shqip\u00ebris\u00eb\",\"description\":\"Fqja Zyrtare e Kish\u00ebs Orthodhokse Autoqefale e Shqip\u00ebris\u00eb me lajmet edhe informacionet zyrtare p\u00ebr struktur\u00ebn edhe veprimtarin e saj.\",\"publisher\":{\"@id\":\"https:\/\/orthodoxalbania.org\/2020\/#organization\"},\"potentialAction\":[{\"@type\":\"SearchAction\",\"target\":{\"@type\":\"EntryPoint\",\"urlTemplate\":\"https:\/\/orthodoxalbania.org\/2020\/?s={search_term_string}\"},\"query-input\":{\"@type\":\"PropertyValueSpecification\",\"valueRequired\":true,\"valueName\":\"search_term_string\"}}],\"inLanguage\":\"en-US\"},{\"@type\":\"Organization\",\"@id\":\"https:\/\/orthodoxalbania.org\/2020\/#organization\",\"name\":\"Kisha Orthodhokse Autoqefale e Shqip\u00ebris\u00eb\",\"url\":\"https:\/\/orthodoxalbania.org\/2020\/\",\"logo\":{\"@type\":\"ImageObject\",\"inLanguage\":\"en-US\",\"@id\":\"https:\/\/orthodoxalbania.org\/2020\/#\/schema\/logo\/image\/\",\"url\":\"https:\/\/orthodoxalbania.org\/2020\/wp-content\/uploads\/2020\/05\/albania.jpeg\",\"contentUrl\":\"https:\/\/orthodoxalbania.org\/2020\/wp-content\/uploads\/2020\/05\/albania.jpeg\",\"width\":540,\"height\":540,\"caption\":\"Kisha Orthodhokse Autoqefale e Shqip\u00ebris\u00eb\"},\"image\":{\"@id\":\"https:\/\/orthodoxalbania.org\/2020\/#\/schema\/logo\/image\/\"},\"sameAs\":[\"https:\/\/www.facebook.com\/koash1991\"]},{\"@type\":\"Person\",\"@id\":\"https:\/\/orthodoxalbania.org\/2020\/#\/schema\/person\/0c387634a7063ac612d7ed9ce71c7e86\",\"name\":\"Kisha Orthodhokse\",\"image\":{\"@type\":\"ImageObject\",\"inLanguage\":\"en-US\",\"@id\":\"https:\/\/secure.gravatar.com\/avatar\/596e7c417251e30f2fbb9c00e026fce61a695a00e51c889caded71c96cbbdde5?s=96&d=mm&r=g\",\"url\":\"https:\/\/secure.gravatar.com\/avatar\/596e7c417251e30f2fbb9c00e026fce61a695a00e51c889caded71c96cbbdde5?s=96&d=mm&r=g\",\"contentUrl\":\"https:\/\/secure.gravatar.com\/avatar\/596e7c417251e30f2fbb9c00e026fce61a695a00e51c889caded71c96cbbdde5?s=96&d=mm&r=g\",\"caption\":\"Kisha Orthodhokse\"}}]}<\/script>\n<!-- \/ Yoast SEO plugin. -->","yoast_head_json":{"title":"Festimi i dit\u00eblindjes son\u00eb shpirt\u00ebrore: Dita e pag\u00ebzimit (7) - Kisha Orthodh\u03bfkse Autoqefale e Shqip\u00ebris\u00eb","robots":{"index":"index","follow":"follow","max-snippet":"max-snippet:-1","max-image-preview":"max-image-preview:large","max-video-preview":"max-video-preview:-1"},"canonical":"https:\/\/orthodoxalbania.org\/2020\/2017\/03\/10\/festimi-i-ditelindjes-sone-shpirterore-dita-e-pagezimit\/","og_locale":"en_US","og_type":"article","og_title":"Festimi i dit\u00eblindjes son\u00eb shpirt\u00ebrore: Dita e pag\u00ebzimit (7) - Kisha Orthodh\u03bfkse Autoqefale e Shqip\u00ebris\u00eb","og_description":"Festimi i dit\u00eblindjes son\u00eb shpirt\u00ebrore: Dita e pag\u00ebzimit AT\u00cb ANTHONY M. CONIARISFAMILJA ORTHODHOKSE &#8211; KISHA E PER\u00cbNDIS\u00cb &nbsp; &nbsp; &nbsp; I krishteri orthodhoks feston dy dit\u00eblindje: dit\u00eblindjen trupore dhe dit\u00eblindjen shpirt\u00ebrore. Pas lindjes trupore vjen lindja tjet\u00ebr, lindja \u201cp\u00ebrmes ujit dhe Shpirtit t\u00eb Shenjt\u00eb\u201d, dit\u00eblindja shpirt\u00ebrore. &nbsp; &nbsp; N\u00eb k\u00ebt\u00eb dit\u00eb Jisui m\u00eb bir\u00ebsoi si f\u00ebmij\u00ebn e Tij. Ai m\u00eb pastroi nga t\u00eb gjitha m\u00ebkatet.","og_url":"https:\/\/orthodoxalbania.org\/2020\/2017\/03\/10\/festimi-i-ditelindjes-sone-shpirterore-dita-e-pagezimit\/","og_site_name":"Kisha Orthodh\u03bfkse Autoqefale e Shqip\u00ebris\u00eb","article_publisher":"https:\/\/www.facebook.com\/koash1991","article_published_time":"2017-03-10T12:21:47+00:00","article_modified_time":"2020-04-06T01:03:17+00:00","og_image":[{"width":200,"height":172,"url":"https:\/\/orthodoxalbania.org\/2020\/wp-content\/uploads\/2021\/02\/LogoLastALb-200.png","type":"image\/png"}],"author":"Kisha Orthodhokse","twitter_card":"summary_large_image","twitter_misc":{"Written by":"Kisha Orthodhokse","Est. reading time":"3 minutes"},"schema":{"@context":"https:\/\/schema.org","@graph":[{"@type":"Article","@id":"https:\/\/orthodoxalbania.org\/2020\/2017\/03\/10\/festimi-i-ditelindjes-sone-shpirterore-dita-e-pagezimit\/#article","isPartOf":{"@id":"https:\/\/orthodoxalbania.org\/2020\/2017\/03\/10\/festimi-i-ditelindjes-sone-shpirterore-dita-e-pagezimit\/"},"author":{"name":"Kisha Orthodhokse","@id":"https:\/\/orthodoxalbania.org\/2020\/#\/schema\/person\/0c387634a7063ac612d7ed9ce71c7e86"},"headline":"Festimi i dit\u00eblindjes son\u00eb shpirt\u00ebrore: Dita e pag\u00ebzimit (7)","datePublished":"2017-03-10T12:21:47+00:00","dateModified":"2020-04-06T01:03:17+00:00","mainEntityOfPage":{"@id":"https:\/\/orthodoxalbania.org\/2020\/2017\/03\/10\/festimi-i-ditelindjes-sone-shpirterore-dita-e-pagezimit\/"},"wordCount":673,"commentCount":0,"publisher":{"@id":"https:\/\/orthodoxalbania.org\/2020\/#organization"},"keywords":["Familja\/Mat.Shpirterore","Materiale Shpirterore","Pagezimi\/Mat. Shpirterore"],"articleSection":["Materiale Shpirt\u00ebrore"],"inLanguage":"en-US"},{"@type":"WebPage","@id":"https:\/\/orthodoxalbania.org\/2020\/2017\/03\/10\/festimi-i-ditelindjes-sone-shpirterore-dita-e-pagezimit\/","url":"https:\/\/orthodoxalbania.org\/2020\/2017\/03\/10\/festimi-i-ditelindjes-sone-shpirterore-dita-e-pagezimit\/","name":"Festimi i dit\u00eblindjes son\u00eb shpirt\u00ebrore: Dita e pag\u00ebzimit (7) - Kisha Orthodh\u03bfkse Autoqefale e Shqip\u00ebris\u00eb","isPartOf":{"@id":"https:\/\/orthodoxalbania.org\/2020\/#website"},"datePublished":"2017-03-10T12:21:47+00:00","dateModified":"2020-04-06T01:03:17+00:00","breadcrumb":{"@id":"https:\/\/orthodoxalbania.org\/2020\/2017\/03\/10\/festimi-i-ditelindjes-sone-shpirterore-dita-e-pagezimit\/#breadcrumb"},"inLanguage":"en-US","potentialAction":[{"@type":"ReadAction","target":["https:\/\/orthodoxalbania.org\/2020\/2017\/03\/10\/festimi-i-ditelindjes-sone-shpirterore-dita-e-pagezimit\/"]}]},{"@type":"BreadcrumbList","@id":"https:\/\/orthodoxalbania.org\/2020\/2017\/03\/10\/festimi-i-ditelindjes-sone-shpirterore-dita-e-pagezimit\/#breadcrumb","itemListElement":[{"@type":"ListItem","position":1,"name":"Home","item":"https:\/\/orthodoxalbania.org\/2020\/"},{"@type":"ListItem","position":2,"name":"Festimi i dit\u00eblindjes son\u00eb shpirt\u00ebrore: Dita e pag\u00ebzimit (7)"}]},{"@type":"WebSite","@id":"https:\/\/orthodoxalbania.org\/2020\/#website","url":"https:\/\/orthodoxalbania.org\/2020\/","name":"Kisha Orthodh\u03bfkse Autoqefale e Shqip\u00ebris\u00eb","description":"Fqja Zyrtare e Kish\u00ebs Orthodhokse Autoqefale e Shqip\u00ebris\u00eb me lajmet edhe informacionet zyrtare p\u00ebr struktur\u00ebn edhe veprimtarin e saj.","publisher":{"@id":"https:\/\/orthodoxalbania.org\/2020\/#organization"},"potentialAction":[{"@type":"SearchAction","target":{"@type":"EntryPoint","urlTemplate":"https:\/\/orthodoxalbania.org\/2020\/?s={search_term_string}"},"query-input":{"@type":"PropertyValueSpecification","valueRequired":true,"valueName":"search_term_string"}}],"inLanguage":"en-US"},{"@type":"Organization","@id":"https:\/\/orthodoxalbania.org\/2020\/#organization","name":"Kisha Orthodhokse Autoqefale e Shqip\u00ebris\u00eb","url":"https:\/\/orthodoxalbania.org\/2020\/","logo":{"@type":"ImageObject","inLanguage":"en-US","@id":"https:\/\/orthodoxalbania.org\/2020\/#\/schema\/logo\/image\/","url":"https:\/\/orthodoxalbania.org\/2020\/wp-content\/uploads\/2020\/05\/albania.jpeg","contentUrl":"https:\/\/orthodoxalbania.org\/2020\/wp-content\/uploads\/2020\/05\/albania.jpeg","width":540,"height":540,"caption":"Kisha Orthodhokse Autoqefale e Shqip\u00ebris\u00eb"},"image":{"@id":"https:\/\/orthodoxalbania.org\/2020\/#\/schema\/logo\/image\/"},"sameAs":["https:\/\/www.facebook.com\/koash1991"]},{"@type":"Person","@id":"https:\/\/orthodoxalbania.org\/2020\/#\/schema\/person\/0c387634a7063ac612d7ed9ce71c7e86","name":"Kisha Orthodhokse","image":{"@type":"ImageObject","inLanguage":"en-US","@id":"https:\/\/secure.gravatar.com\/avatar\/596e7c417251e30f2fbb9c00e026fce61a695a00e51c889caded71c96cbbdde5?s=96&d=mm&r=g","url":"https:\/\/secure.gravatar.com\/avatar\/596e7c417251e30f2fbb9c00e026fce61a695a00e51c889caded71c96cbbdde5?s=96&d=mm&r=g","contentUrl":"https:\/\/secure.gravatar.com\/avatar\/596e7c417251e30f2fbb9c00e026fce61a695a00e51c889caded71c96cbbdde5?s=96&d=mm&r=g","caption":"Kisha Orthodhokse"}}]}},"_links":{"self":[{"href":"https:\/\/orthodoxalbania.org\/2020\/wp-json\/wp\/v2\/posts\/5018","targetHints":{"allow":["GET"]}}],"collection":[{"href":"https:\/\/orthodoxalbania.org\/2020\/wp-json\/wp\/v2\/posts"}],"about":[{"href":"https:\/\/orthodoxalbania.org\/2020\/wp-json\/wp\/v2\/types\/post"}],"author":[{"embeddable":true,"href":"https:\/\/orthodoxalbania.org\/2020\/wp-json\/wp\/v2\/users\/1"}],"replies":[{"embeddable":true,"href":"https:\/\/orthodoxalbania.org\/2020\/wp-json\/wp\/v2\/comments?post=5018"}],"version-history":[{"count":1,"href":"https:\/\/orthodoxalbania.org\/2020\/wp-json\/wp\/v2\/posts\/5018\/revisions"}],"predecessor-version":[{"id":14464,"href":"https:\/\/orthodoxalbania.org\/2020\/wp-json\/wp\/v2\/posts\/5018\/revisions\/14464"}],"wp:attachment":[{"href":"https:\/\/orthodoxalbania.org\/2020\/wp-json\/wp\/v2\/media?parent=5018"}],"wp:term":[{"taxonomy":"category","embeddable":true,"href":"https:\/\/orthodoxalbania.org\/2020\/wp-json\/wp\/v2\/categories?post=5018"},{"taxonomy":"post_tag","embeddable":true,"href":"https:\/\/orthodoxalbania.org\/2020\/wp-json\/wp\/v2\/tags?post=5018"}],"curies":[{"name":"wp","href":"https:\/\/api.w.org\/{rel}","templated":true}]}}