{"id":5014,"date":"2017-03-01T13:09:56","date_gmt":"2017-03-01T13:09:56","guid":{"rendered":""},"modified":"2020-04-06T01:03:17","modified_gmt":"2020-04-06T01:03:17","slug":"folu-femijeve-rreth-jeteve-te-shenjtoreve-dhe-te-kremteve-te-medha","status":"publish","type":"post","link":"https:\/\/orthodoxalbania.org\/2020\/2017\/03\/01\/folu-femijeve-rreth-jeteve-te-shenjtoreve-dhe-te-kremteve-te-medha\/","title":{"rendered":"Folu f\u00ebmij\u00ebve rreth jet\u00ebve t\u00eb shenjtor\u00ebve dhe t\u00eb kremteve t\u00eb m\u00ebdha (5)"},"content":{"rendered":"<p style=\"text-align: center;\"><span style=\"font-size: 12pt; font-family: helvetica; color: #000000;\"><strong>Folu f\u00ebmij\u00ebve rreth jet\u00ebve t\u00eb shenjtor\u00ebve dhe t\u00eb kremteve t\u00eb m\u00ebdha<\/strong><\/span><\/p>\n<div style=\"text-align: center;\"><span style=\"font-size: 12pt; font-family: helvetica; color: #000000;\"><strong>AT\u00cb ANTHONY M. CONIARIS<\/strong><\/span><\/div>\n<div style=\"text-align: center;\"><span style=\"font-size: 12pt; font-family: helvetica; color: #000000;\"><strong>FAMILJA ORTHODHOKSE &#8211; KISHA E PER\u00cbNDIS\u00cb<\/strong><\/span><\/div>\n<p style=\"text-align: justify;\">&nbsp;<\/p>\n<p style=\"text-align: justify;\"><span style=\"font-size: 12pt; font-family: helvetica; color: #000000;\">&nbsp; &nbsp; Shenjtor\u00ebt jan\u00eb heronjt\u00eb e besimit ton\u00eb. T\u00eb rinjt\u00eb kan\u00eb nevoj\u00eb p\u00ebr heronj, p\u00ebr njer\u00ebz q\u00eb t\u2019i shohin si shembuj, q\u00eb t\u00eb frym\u00ebzohen e t\u00eb nxiten prej tyre. Shumica e t\u00eb krishter\u00ebve orthodhoks\u00eb mbajn\u00eb emra shenjtor\u00ebsh. Q\u00ebllimi i vendosjes s\u00eb emrave t\u00eb shenjtor\u00ebve \u00ebsht\u00eb q\u00eb t\u2019u japim atyre nj\u00eb em\u00ebr t\u00eb r\u00ebnd\u00ebsish\u00ebm, q\u00eb ta imitojn\u00eb n\u00eb jet\u00eb.<\/span><\/p>\n<p style=\"text-align: justify;\"><span style=\"font-size: 12pt; font-family: helvetica; color: #000000;\">&nbsp; &nbsp;Kur Aleksandri i Madh mori vesh se ushtari q\u00eb mbante emrin e tij kishte vepruar si frikacak n\u00eb nj\u00eb betej\u00eb, e detyroi at\u00eb ose t\u00eb ndryshonte emrin, ose sjelljen. Asnj\u00eb nga ata q\u00eb quheshin Aleksand\u00ebr nuk mund t\u00eb vepronin si frikacak\u00eb.<\/span><span style=\"font-size: 12pt; font-family: helvetica; color: #000000;\"><\/span><\/p>\n<p style=\"text-align: justify;\"><span style=\"font-size: 12pt; font-family: helvetica; color: #000000;\">&nbsp; &nbsp; Prind\u00ebrit orthodhoks\u00eb mund t\u2019i njohin f\u00ebmij\u00ebt e tyre me jet\u00ebt e heronjve t\u00eb m\u00ebdhenj t\u00eb besimit ton\u00eb, duke ndjekur disiplin\u00ebn e m\u00ebposhtme. Shikoni kalendarin kishtar, n\u00eb t\u00eb cilin gjenden emrat e shenjtor\u00ebve dhe dit\u00ebt e kremtimit t\u00eb tyre. Le t\u00eb marrim shembullin e sh\u00ebn Nikoll\u00ebs, i cili festohet m\u00eb 6 dhjetor.<\/span><\/p>\n<p> <\/p>\n<p style=\"text-align: justify;\"><span style=\"font-size: 12pt; font-family: helvetica; color: #000000;\"><\/span><\/p>\n<p style=\"text-align: justify;\"><span style=\"font-size: 12pt; font-family: helvetica; color: #000000;\">&nbsp; &nbsp; N\u00eb mbr\u00ebmjen e dat\u00ebs 5 shiko n\u00eb librin: Jet\u00eb Shenjtor\u00ebsh ose Sinaksari. Tregoju f\u00ebmij\u00ebve historin\u00eb e jet\u00ebs s\u00eb shenjtorit. N\u00ebse nj\u00eb nga f\u00ebmij\u00ebt e tu quhet Nikolla dhe&nbsp;\u00ebsht\u00eb i rritur sa t\u00eb kuptoj\u00eb, ai mund t\u00eb caktohet t\u00eb lexoj\u00eb jet\u00ebn e sh\u00ebn Nikoll\u00ebs dhe t\u2019ua tregoj\u00eb pjes\u00ebtar\u00ebve t\u00eb tjer\u00eb t\u00eb familjes.<\/span><\/p>\n<p style=\"text-align: justify;\"><span style=\"font-size: 12pt; font-family: helvetica; color: #000000;\">&nbsp; &nbsp; Pas k\u00ebsaj, familja mund t\u00eb k\u00ebndoj\u00eb: \u201cVite t\u00eb bekuara\u201d. Gjithashtu mund t\u00eb sh\u00ebrbehet nj\u00eb \u00ebmb\u00eblsir\u00eb e ve\u00e7ant\u00eb p\u00ebr dit\u00ebn e emrit. I nj\u00ebjti person, Nikolla, mund t\u00eb ket\u00eb privilegjin t\u00eb ndez\u00eb kandilin para ikon\u00ebs s\u00eb familjes at\u00eb mbr\u00ebmje. Sigurisht, personi q\u00eb feston dit\u00ebn e emrit, duhet t\u00eb ndjek\u00eb liturgjin\u00eb n\u00eb dit\u00ebn e tij\/saj t\u00eb emrit (ose t\u00eb diel\u00ebn q\u00eb vjen) dhe t\u00eb marr\u00eb Zotin ton\u00eb n\u00ebp\u00ebrmjet Kungimit t\u00eb Shenjt\u00eb.<\/span><\/p>\n<p style=\"text-align: justify;\"><span style=\"font-size: 12pt; font-family: helvetica; color: #000000;\">&nbsp; &nbsp; N\u00ebse ngjarja q\u00eb festohet \u00ebsht\u00eb nga Shkrimi i Shenjt\u00eb, p\u00ebr shembull Metamorfoza e Shp\u00ebtimtarit, lexoni Apostullin dhe Ungjillin e asaj dite sipas kalendarit kishtar. Tregoju f\u00ebmij\u00ebve p\u00ebr leximet dhe si t\u00eb p\u00ebrdorin kalendarin kishtar. M\u00ebsimi i Ungjillit lidhet me historin\u00eb e ngjarjes q\u00eb festohet. Fol rreth k\u00ebsaj ngjarjeje dhe pyeti: \u00e7far\u00eb kuptimi ka ajo p\u00ebr ty. K\u00ebrkoju f\u00ebmij\u00ebve t\u00eb tregojn\u00eb se \u00e7far\u00eb shikojn\u00eb n\u00eb at\u00eb histori dhe t\u00eb diskutojn\u00eb ndonj\u00eb pyetje q\u00eb mund t\u00eb ken\u00eb.<\/span><\/p>\n<p style=\"text-align: justify;\"><span style=\"font-size: 12pt; font-family: helvetica; color: #000000;\">&nbsp; &nbsp; Kjo lloj disipline familjare do t\u2019i njoh\u00eb f\u00ebmij\u00ebt me tradit\u00ebn e gjall\u00eb t\u00eb besimit ton\u00eb Orthodhoks. Jet\u00ebt e shenjtor\u00ebve dhe ngjarjet e shenjta t\u00eb Shkrimeve do t\u00eb p\u00ebrjetohen prej tyre. Ata do t\u00eb motivohen t\u00eb ndjekin Krishtin, ashtu si\u00e7 b\u00ebn\u00eb edhe shenjtor\u00ebt, t\u00eb jetojn\u00eb jet\u00ebn, q\u00eb do t\u2019i sjell\u00eb lavdi Per\u00ebndis\u00eb dhe bekim njer\u00ebzve. Kjo \u00ebsht\u00eb m\u00ebnyra p\u00ebr t\u00eb nxjerr\u00eb n\u00eb bot\u00ebn e sotme et\u00ebr t\u00eb rinj dhe shenjtor\u00eb t\u00eb Kish\u00ebs.<\/span><\/p>\n<p style=\"text-align: justify;\"><span style=\"font-size: 12pt; font-family: helvetica; color: #000000;\">&nbsp; &nbsp; Nj\u00eb m\u00ebsues ka th\u00ebn\u00eb: \u201cF\u00ebmij\u00ebt kan\u00eb nevoj\u00eb p\u00ebr heronj, ashtu si\u00e7 kan\u00eb nevoj\u00eb p\u00ebr ushqim\u201d. Mir\u00ebpo, ne sot u ofrojm\u00eb heronj t\u00eb rrem\u00eb. Heronjt\u00eb e v\u00ebrtet\u00eb jan\u00eb shenjtor\u00ebt e Kish\u00ebs. Ne duhet ta tregojm\u00eb historin\u00eb e tyre.<\/span><\/p>\n","protected":false},"excerpt":{"rendered":"<p>Folu f\u00ebmij\u00ebve rreth jet\u00ebve t\u00eb shenjtor\u00ebve dhe t\u00eb kremteve t\u00eb m\u00ebdha AT\u00cb ANTHONY M. CONIARIS FAMILJA ORTHODHOKSE &#8211; KISHA E PER\u00cbNDIS\u00cb &nbsp; &nbsp; &nbsp; Shenjtor\u00ebt jan\u00eb heronjt\u00eb e besimit ton\u00eb. T\u00eb rinjt\u00eb kan\u00eb nevoj\u00eb p\u00ebr heronj, p\u00ebr njer\u00ebz q\u00eb t\u2019i shohin si shembuj, q\u00eb t\u00eb frym\u00ebzohen e t\u00eb nxiten prej tyre. Shumica e t\u00eb krishter\u00ebve orthodhoks\u00eb mbajn\u00eb emra shenjtor\u00ebsh. Q\u00ebllimi i vendosjes s\u00eb emrave t\u00eb<\/p>\n","protected":false},"author":1,"featured_media":0,"comment_status":"open","ping_status":"open","sticky":false,"template":"","format":"standard","meta":{"_acf_changed":false,"pagelayer_contact_templates":[],"_pagelayer_content":"","inline_featured_image":false,"fifu_image_url":"","fifu_image_alt":"","footnotes":""},"categories":[112],"tags":[346,609],"class_list":["post-5014","post","type-post","status-publish","format-standard","hentry","category-materiale-shpirterore-d72","tag-familja-mat-shpirterore","tag-materiale-shpirterore"],"acf":[],"yoast_head":"<!-- This site is optimized with the Yoast SEO plugin v27.2 - https:\/\/yoast.com\/product\/yoast-seo-wordpress\/ -->\n<title>Folu f\u00ebmij\u00ebve rreth jet\u00ebve t\u00eb shenjtor\u00ebve dhe t\u00eb kremteve t\u00eb m\u00ebdha (5) - Kisha Orthodh\u03bfkse Autoqefale e Shqip\u00ebris\u00eb<\/title>\n<meta name=\"robots\" content=\"index, follow, max-snippet:-1, max-image-preview:large, max-video-preview:-1\" \/>\n<link rel=\"canonical\" href=\"https:\/\/orthodoxalbania.org\/2020\/2017\/03\/01\/folu-femijeve-rreth-jeteve-te-shenjtoreve-dhe-te-kremteve-te-medha\/\" \/>\n<meta property=\"og:locale\" content=\"en_US\" \/>\n<meta property=\"og:type\" content=\"article\" \/>\n<meta property=\"og:title\" content=\"Folu f\u00ebmij\u00ebve rreth jet\u00ebve t\u00eb shenjtor\u00ebve dhe t\u00eb kremteve t\u00eb m\u00ebdha (5) - Kisha Orthodh\u03bfkse Autoqefale e Shqip\u00ebris\u00eb\" \/>\n<meta property=\"og:description\" content=\"Folu f\u00ebmij\u00ebve rreth jet\u00ebve t\u00eb shenjtor\u00ebve dhe t\u00eb kremteve t\u00eb m\u00ebdha AT\u00cb ANTHONY M. CONIARIS FAMILJA ORTHODHOKSE &#8211; KISHA E PER\u00cbNDIS\u00cb &nbsp; &nbsp; &nbsp; Shenjtor\u00ebt jan\u00eb heronjt\u00eb e besimit ton\u00eb. T\u00eb rinjt\u00eb kan\u00eb nevoj\u00eb p\u00ebr heronj, p\u00ebr njer\u00ebz q\u00eb t\u2019i shohin si shembuj, q\u00eb t\u00eb frym\u00ebzohen e t\u00eb nxiten prej tyre. Shumica e t\u00eb krishter\u00ebve orthodhoks\u00eb mbajn\u00eb emra shenjtor\u00ebsh. Q\u00ebllimi i vendosjes s\u00eb emrave t\u00eb\" \/>\n<meta property=\"og:url\" content=\"https:\/\/orthodoxalbania.org\/2020\/2017\/03\/01\/folu-femijeve-rreth-jeteve-te-shenjtoreve-dhe-te-kremteve-te-medha\/\" \/>\n<meta property=\"og:site_name\" content=\"Kisha Orthodh\u03bfkse Autoqefale e Shqip\u00ebris\u00eb\" \/>\n<meta property=\"article:publisher\" content=\"https:\/\/www.facebook.com\/koash1991\" \/>\n<meta property=\"article:published_time\" content=\"2017-03-01T13:09:56+00:00\" \/>\n<meta property=\"article:modified_time\" content=\"2020-04-06T01:03:17+00:00\" \/>\n<meta property=\"og:image\" content=\"https:\/\/orthodoxalbania.org\/2020\/wp-content\/uploads\/2021\/02\/LogoLastALb-200.png\" \/>\n\t<meta property=\"og:image:width\" content=\"200\" \/>\n\t<meta property=\"og:image:height\" content=\"172\" \/>\n\t<meta property=\"og:image:type\" content=\"image\/png\" \/>\n<meta name=\"author\" content=\"Kisha Orthodhokse\" \/>\n<meta name=\"twitter:card\" content=\"summary_large_image\" \/>\n<meta name=\"twitter:label1\" content=\"Written by\" \/>\n\t<meta name=\"twitter:data1\" content=\"Kisha Orthodhokse\" \/>\n\t<meta name=\"twitter:label2\" content=\"Est. reading time\" \/>\n\t<meta name=\"twitter:data2\" content=\"3 minutes\" \/>\n<script type=\"application\/ld+json\" class=\"yoast-schema-graph\">{\"@context\":\"https:\/\/schema.org\",\"@graph\":[{\"@type\":\"Article\",\"@id\":\"https:\/\/orthodoxalbania.org\/2020\/2017\/03\/01\/folu-femijeve-rreth-jeteve-te-shenjtoreve-dhe-te-kremteve-te-medha\/#article\",\"isPartOf\":{\"@id\":\"https:\/\/orthodoxalbania.org\/2020\/2017\/03\/01\/folu-femijeve-rreth-jeteve-te-shenjtoreve-dhe-te-kremteve-te-medha\/\"},\"author\":{\"name\":\"Kisha Orthodhokse\",\"@id\":\"https:\/\/orthodoxalbania.org\/2020\/#\/schema\/person\/0c387634a7063ac612d7ed9ce71c7e86\"},\"headline\":\"Folu f\u00ebmij\u00ebve rreth jet\u00ebve t\u00eb shenjtor\u00ebve dhe t\u00eb kremteve t\u00eb m\u00ebdha (5)\",\"datePublished\":\"2017-03-01T13:09:56+00:00\",\"dateModified\":\"2020-04-06T01:03:17+00:00\",\"mainEntityOfPage\":{\"@id\":\"https:\/\/orthodoxalbania.org\/2020\/2017\/03\/01\/folu-femijeve-rreth-jeteve-te-shenjtoreve-dhe-te-kremteve-te-medha\/\"},\"wordCount\":611,\"commentCount\":0,\"publisher\":{\"@id\":\"https:\/\/orthodoxalbania.org\/2020\/#organization\"},\"keywords\":[\"Familja\/Mat.Shpirterore\",\"Materiale Shpirterore\"],\"articleSection\":[\"Materiale Shpirt\u00ebrore\"],\"inLanguage\":\"en-US\"},{\"@type\":\"WebPage\",\"@id\":\"https:\/\/orthodoxalbania.org\/2020\/2017\/03\/01\/folu-femijeve-rreth-jeteve-te-shenjtoreve-dhe-te-kremteve-te-medha\/\",\"url\":\"https:\/\/orthodoxalbania.org\/2020\/2017\/03\/01\/folu-femijeve-rreth-jeteve-te-shenjtoreve-dhe-te-kremteve-te-medha\/\",\"name\":\"Folu f\u00ebmij\u00ebve rreth jet\u00ebve t\u00eb shenjtor\u00ebve dhe t\u00eb kremteve t\u00eb m\u00ebdha (5) - Kisha Orthodh\u03bfkse Autoqefale e Shqip\u00ebris\u00eb\",\"isPartOf\":{\"@id\":\"https:\/\/orthodoxalbania.org\/2020\/#website\"},\"datePublished\":\"2017-03-01T13:09:56+00:00\",\"dateModified\":\"2020-04-06T01:03:17+00:00\",\"breadcrumb\":{\"@id\":\"https:\/\/orthodoxalbania.org\/2020\/2017\/03\/01\/folu-femijeve-rreth-jeteve-te-shenjtoreve-dhe-te-kremteve-te-medha\/#breadcrumb\"},\"inLanguage\":\"en-US\",\"potentialAction\":[{\"@type\":\"ReadAction\",\"target\":[\"https:\/\/orthodoxalbania.org\/2020\/2017\/03\/01\/folu-femijeve-rreth-jeteve-te-shenjtoreve-dhe-te-kremteve-te-medha\/\"]}]},{\"@type\":\"BreadcrumbList\",\"@id\":\"https:\/\/orthodoxalbania.org\/2020\/2017\/03\/01\/folu-femijeve-rreth-jeteve-te-shenjtoreve-dhe-te-kremteve-te-medha\/#breadcrumb\",\"itemListElement\":[{\"@type\":\"ListItem\",\"position\":1,\"name\":\"Home\",\"item\":\"https:\/\/orthodoxalbania.org\/2020\/\"},{\"@type\":\"ListItem\",\"position\":2,\"name\":\"Folu f\u00ebmij\u00ebve rreth jet\u00ebve t\u00eb shenjtor\u00ebve dhe t\u00eb kremteve t\u00eb m\u00ebdha (5)\"}]},{\"@type\":\"WebSite\",\"@id\":\"https:\/\/orthodoxalbania.org\/2020\/#website\",\"url\":\"https:\/\/orthodoxalbania.org\/2020\/\",\"name\":\"Kisha Orthodh\u03bfkse Autoqefale e Shqip\u00ebris\u00eb\",\"description\":\"Fqja Zyrtare e Kish\u00ebs Orthodhokse Autoqefale e Shqip\u00ebris\u00eb me lajmet edhe informacionet zyrtare p\u00ebr struktur\u00ebn edhe veprimtarin e saj.\",\"publisher\":{\"@id\":\"https:\/\/orthodoxalbania.org\/2020\/#organization\"},\"potentialAction\":[{\"@type\":\"SearchAction\",\"target\":{\"@type\":\"EntryPoint\",\"urlTemplate\":\"https:\/\/orthodoxalbania.org\/2020\/?s={search_term_string}\"},\"query-input\":{\"@type\":\"PropertyValueSpecification\",\"valueRequired\":true,\"valueName\":\"search_term_string\"}}],\"inLanguage\":\"en-US\"},{\"@type\":\"Organization\",\"@id\":\"https:\/\/orthodoxalbania.org\/2020\/#organization\",\"name\":\"Kisha Orthodhokse Autoqefale e Shqip\u00ebris\u00eb\",\"url\":\"https:\/\/orthodoxalbania.org\/2020\/\",\"logo\":{\"@type\":\"ImageObject\",\"inLanguage\":\"en-US\",\"@id\":\"https:\/\/orthodoxalbania.org\/2020\/#\/schema\/logo\/image\/\",\"url\":\"https:\/\/orthodoxalbania.org\/2020\/wp-content\/uploads\/2020\/05\/albania.jpeg\",\"contentUrl\":\"https:\/\/orthodoxalbania.org\/2020\/wp-content\/uploads\/2020\/05\/albania.jpeg\",\"width\":540,\"height\":540,\"caption\":\"Kisha Orthodhokse Autoqefale e Shqip\u00ebris\u00eb\"},\"image\":{\"@id\":\"https:\/\/orthodoxalbania.org\/2020\/#\/schema\/logo\/image\/\"},\"sameAs\":[\"https:\/\/www.facebook.com\/koash1991\"]},{\"@type\":\"Person\",\"@id\":\"https:\/\/orthodoxalbania.org\/2020\/#\/schema\/person\/0c387634a7063ac612d7ed9ce71c7e86\",\"name\":\"Kisha Orthodhokse\",\"image\":{\"@type\":\"ImageObject\",\"inLanguage\":\"en-US\",\"@id\":\"https:\/\/secure.gravatar.com\/avatar\/596e7c417251e30f2fbb9c00e026fce61a695a00e51c889caded71c96cbbdde5?s=96&d=mm&r=g\",\"url\":\"https:\/\/secure.gravatar.com\/avatar\/596e7c417251e30f2fbb9c00e026fce61a695a00e51c889caded71c96cbbdde5?s=96&d=mm&r=g\",\"contentUrl\":\"https:\/\/secure.gravatar.com\/avatar\/596e7c417251e30f2fbb9c00e026fce61a695a00e51c889caded71c96cbbdde5?s=96&d=mm&r=g\",\"caption\":\"Kisha Orthodhokse\"}}]}<\/script>\n<!-- \/ Yoast SEO plugin. -->","yoast_head_json":{"title":"Folu f\u00ebmij\u00ebve rreth jet\u00ebve t\u00eb shenjtor\u00ebve dhe t\u00eb kremteve t\u00eb m\u00ebdha (5) - Kisha Orthodh\u03bfkse Autoqefale e Shqip\u00ebris\u00eb","robots":{"index":"index","follow":"follow","max-snippet":"max-snippet:-1","max-image-preview":"max-image-preview:large","max-video-preview":"max-video-preview:-1"},"canonical":"https:\/\/orthodoxalbania.org\/2020\/2017\/03\/01\/folu-femijeve-rreth-jeteve-te-shenjtoreve-dhe-te-kremteve-te-medha\/","og_locale":"en_US","og_type":"article","og_title":"Folu f\u00ebmij\u00ebve rreth jet\u00ebve t\u00eb shenjtor\u00ebve dhe t\u00eb kremteve t\u00eb m\u00ebdha (5) - Kisha Orthodh\u03bfkse Autoqefale e Shqip\u00ebris\u00eb","og_description":"Folu f\u00ebmij\u00ebve rreth jet\u00ebve t\u00eb shenjtor\u00ebve dhe t\u00eb kremteve t\u00eb m\u00ebdha AT\u00cb ANTHONY M. CONIARIS FAMILJA ORTHODHOKSE &#8211; KISHA E PER\u00cbNDIS\u00cb &nbsp; &nbsp; &nbsp; Shenjtor\u00ebt jan\u00eb heronjt\u00eb e besimit ton\u00eb. T\u00eb rinjt\u00eb kan\u00eb nevoj\u00eb p\u00ebr heronj, p\u00ebr njer\u00ebz q\u00eb t\u2019i shohin si shembuj, q\u00eb t\u00eb frym\u00ebzohen e t\u00eb nxiten prej tyre. Shumica e t\u00eb krishter\u00ebve orthodhoks\u00eb mbajn\u00eb emra shenjtor\u00ebsh. Q\u00ebllimi i vendosjes s\u00eb emrave t\u00eb","og_url":"https:\/\/orthodoxalbania.org\/2020\/2017\/03\/01\/folu-femijeve-rreth-jeteve-te-shenjtoreve-dhe-te-kremteve-te-medha\/","og_site_name":"Kisha Orthodh\u03bfkse Autoqefale e Shqip\u00ebris\u00eb","article_publisher":"https:\/\/www.facebook.com\/koash1991","article_published_time":"2017-03-01T13:09:56+00:00","article_modified_time":"2020-04-06T01:03:17+00:00","og_image":[{"width":200,"height":172,"url":"https:\/\/orthodoxalbania.org\/2020\/wp-content\/uploads\/2021\/02\/LogoLastALb-200.png","type":"image\/png"}],"author":"Kisha Orthodhokse","twitter_card":"summary_large_image","twitter_misc":{"Written by":"Kisha Orthodhokse","Est. reading time":"3 minutes"},"schema":{"@context":"https:\/\/schema.org","@graph":[{"@type":"Article","@id":"https:\/\/orthodoxalbania.org\/2020\/2017\/03\/01\/folu-femijeve-rreth-jeteve-te-shenjtoreve-dhe-te-kremteve-te-medha\/#article","isPartOf":{"@id":"https:\/\/orthodoxalbania.org\/2020\/2017\/03\/01\/folu-femijeve-rreth-jeteve-te-shenjtoreve-dhe-te-kremteve-te-medha\/"},"author":{"name":"Kisha Orthodhokse","@id":"https:\/\/orthodoxalbania.org\/2020\/#\/schema\/person\/0c387634a7063ac612d7ed9ce71c7e86"},"headline":"Folu f\u00ebmij\u00ebve rreth jet\u00ebve t\u00eb shenjtor\u00ebve dhe t\u00eb kremteve t\u00eb m\u00ebdha (5)","datePublished":"2017-03-01T13:09:56+00:00","dateModified":"2020-04-06T01:03:17+00:00","mainEntityOfPage":{"@id":"https:\/\/orthodoxalbania.org\/2020\/2017\/03\/01\/folu-femijeve-rreth-jeteve-te-shenjtoreve-dhe-te-kremteve-te-medha\/"},"wordCount":611,"commentCount":0,"publisher":{"@id":"https:\/\/orthodoxalbania.org\/2020\/#organization"},"keywords":["Familja\/Mat.Shpirterore","Materiale Shpirterore"],"articleSection":["Materiale Shpirt\u00ebrore"],"inLanguage":"en-US"},{"@type":"WebPage","@id":"https:\/\/orthodoxalbania.org\/2020\/2017\/03\/01\/folu-femijeve-rreth-jeteve-te-shenjtoreve-dhe-te-kremteve-te-medha\/","url":"https:\/\/orthodoxalbania.org\/2020\/2017\/03\/01\/folu-femijeve-rreth-jeteve-te-shenjtoreve-dhe-te-kremteve-te-medha\/","name":"Folu f\u00ebmij\u00ebve rreth jet\u00ebve t\u00eb shenjtor\u00ebve dhe t\u00eb kremteve t\u00eb m\u00ebdha (5) - Kisha Orthodh\u03bfkse Autoqefale e Shqip\u00ebris\u00eb","isPartOf":{"@id":"https:\/\/orthodoxalbania.org\/2020\/#website"},"datePublished":"2017-03-01T13:09:56+00:00","dateModified":"2020-04-06T01:03:17+00:00","breadcrumb":{"@id":"https:\/\/orthodoxalbania.org\/2020\/2017\/03\/01\/folu-femijeve-rreth-jeteve-te-shenjtoreve-dhe-te-kremteve-te-medha\/#breadcrumb"},"inLanguage":"en-US","potentialAction":[{"@type":"ReadAction","target":["https:\/\/orthodoxalbania.org\/2020\/2017\/03\/01\/folu-femijeve-rreth-jeteve-te-shenjtoreve-dhe-te-kremteve-te-medha\/"]}]},{"@type":"BreadcrumbList","@id":"https:\/\/orthodoxalbania.org\/2020\/2017\/03\/01\/folu-femijeve-rreth-jeteve-te-shenjtoreve-dhe-te-kremteve-te-medha\/#breadcrumb","itemListElement":[{"@type":"ListItem","position":1,"name":"Home","item":"https:\/\/orthodoxalbania.org\/2020\/"},{"@type":"ListItem","position":2,"name":"Folu f\u00ebmij\u00ebve rreth jet\u00ebve t\u00eb shenjtor\u00ebve dhe t\u00eb kremteve t\u00eb m\u00ebdha (5)"}]},{"@type":"WebSite","@id":"https:\/\/orthodoxalbania.org\/2020\/#website","url":"https:\/\/orthodoxalbania.org\/2020\/","name":"Kisha Orthodh\u03bfkse Autoqefale e Shqip\u00ebris\u00eb","description":"Fqja Zyrtare e Kish\u00ebs Orthodhokse Autoqefale e Shqip\u00ebris\u00eb me lajmet edhe informacionet zyrtare p\u00ebr struktur\u00ebn edhe veprimtarin e saj.","publisher":{"@id":"https:\/\/orthodoxalbania.org\/2020\/#organization"},"potentialAction":[{"@type":"SearchAction","target":{"@type":"EntryPoint","urlTemplate":"https:\/\/orthodoxalbania.org\/2020\/?s={search_term_string}"},"query-input":{"@type":"PropertyValueSpecification","valueRequired":true,"valueName":"search_term_string"}}],"inLanguage":"en-US"},{"@type":"Organization","@id":"https:\/\/orthodoxalbania.org\/2020\/#organization","name":"Kisha Orthodhokse Autoqefale e Shqip\u00ebris\u00eb","url":"https:\/\/orthodoxalbania.org\/2020\/","logo":{"@type":"ImageObject","inLanguage":"en-US","@id":"https:\/\/orthodoxalbania.org\/2020\/#\/schema\/logo\/image\/","url":"https:\/\/orthodoxalbania.org\/2020\/wp-content\/uploads\/2020\/05\/albania.jpeg","contentUrl":"https:\/\/orthodoxalbania.org\/2020\/wp-content\/uploads\/2020\/05\/albania.jpeg","width":540,"height":540,"caption":"Kisha Orthodhokse Autoqefale e Shqip\u00ebris\u00eb"},"image":{"@id":"https:\/\/orthodoxalbania.org\/2020\/#\/schema\/logo\/image\/"},"sameAs":["https:\/\/www.facebook.com\/koash1991"]},{"@type":"Person","@id":"https:\/\/orthodoxalbania.org\/2020\/#\/schema\/person\/0c387634a7063ac612d7ed9ce71c7e86","name":"Kisha Orthodhokse","image":{"@type":"ImageObject","inLanguage":"en-US","@id":"https:\/\/secure.gravatar.com\/avatar\/596e7c417251e30f2fbb9c00e026fce61a695a00e51c889caded71c96cbbdde5?s=96&d=mm&r=g","url":"https:\/\/secure.gravatar.com\/avatar\/596e7c417251e30f2fbb9c00e026fce61a695a00e51c889caded71c96cbbdde5?s=96&d=mm&r=g","contentUrl":"https:\/\/secure.gravatar.com\/avatar\/596e7c417251e30f2fbb9c00e026fce61a695a00e51c889caded71c96cbbdde5?s=96&d=mm&r=g","caption":"Kisha Orthodhokse"}}]}},"_links":{"self":[{"href":"https:\/\/orthodoxalbania.org\/2020\/wp-json\/wp\/v2\/posts\/5014","targetHints":{"allow":["GET"]}}],"collection":[{"href":"https:\/\/orthodoxalbania.org\/2020\/wp-json\/wp\/v2\/posts"}],"about":[{"href":"https:\/\/orthodoxalbania.org\/2020\/wp-json\/wp\/v2\/types\/post"}],"author":[{"embeddable":true,"href":"https:\/\/orthodoxalbania.org\/2020\/wp-json\/wp\/v2\/users\/1"}],"replies":[{"embeddable":true,"href":"https:\/\/orthodoxalbania.org\/2020\/wp-json\/wp\/v2\/comments?post=5014"}],"version-history":[{"count":1,"href":"https:\/\/orthodoxalbania.org\/2020\/wp-json\/wp\/v2\/posts\/5014\/revisions"}],"predecessor-version":[{"id":14466,"href":"https:\/\/orthodoxalbania.org\/2020\/wp-json\/wp\/v2\/posts\/5014\/revisions\/14466"}],"wp:attachment":[{"href":"https:\/\/orthodoxalbania.org\/2020\/wp-json\/wp\/v2\/media?parent=5014"}],"wp:term":[{"taxonomy":"category","embeddable":true,"href":"https:\/\/orthodoxalbania.org\/2020\/wp-json\/wp\/v2\/categories?post=5014"},{"taxonomy":"post_tag","embeddable":true,"href":"https:\/\/orthodoxalbania.org\/2020\/wp-json\/wp\/v2\/tags?post=5014"}],"curies":[{"name":"wp","href":"https:\/\/api.w.org\/{rel}","templated":true}]}}