{"id":5013,"date":"2017-03-01T13:03:13","date_gmt":"2017-03-01T13:03:13","guid":{"rendered":""},"modified":"2020-04-06T01:03:17","modified_gmt":"2020-04-06T01:03:17","slug":"tryeza-e-familjes","status":"publish","type":"post","link":"https:\/\/orthodoxalbania.org\/2020\/2017\/03\/01\/tryeza-e-familjes\/","title":{"rendered":"Tryeza e familjes (4)"},"content":{"rendered":"<p style=\"text-align: center;\"><span style=\"font-size: 12pt; font-family: helvetica; color: #000000;\"><strong>Tryeza e familjes<\/strong><\/span><\/p>\n<div style=\"text-align: center;\"><span style=\"font-size: 12pt; font-family: helvetica; color: #000000;\"><strong>AT\u00cb ANTHONY M. CONIARIS<\/strong><\/span><\/div>\n<div style=\"text-align: center;\"><span style=\"font-size: 12pt; font-family: helvetica; color: #000000;\"><strong>FAMILJA ORTHODHOKSE &#8211; KISHA E PER\u00cbNDIS\u00cb<\/strong><\/span><\/div>\n<div style=\"text-align: justify;\">&nbsp;<\/div>\n<p style=\"text-align: justify;\"><span style=\"font-size: 12pt; font-family: helvetica; color: #000000;\">&nbsp; &nbsp; Thuhet se pajisja m\u00eb e r\u00ebnd\u00ebsishme e sht\u00ebpis\u00eb \u00ebsht\u00eb tryeza e familjes. Edmund Barbotin e quan at\u00eb \u201c&#8230; furnizimi social. Ajo \u00ebsht\u00eb bashkimi i familjes. Duke u ulur rreth e rrotull saj, ajo na bashkon t\u00eb gjith\u00eb.&nbsp;<\/span><span style=\"font-size: 12pt; font-family: helvetica; color: #000000;\">Pik\u00ebrisht q\u00eb nga tryeza, familja shp\u00ebrndahet dhe bashkohet \u00e7do dit\u00eb\u201d. Sido q\u00eb t\u00eb jet\u00eb, e pasur ose e varf\u00ebr, tryeza \u00ebsht\u00eb thesari i sht\u00ebpis\u00eb. T\u00eb mbledhurit rreth tryez\u00ebs p\u00ebr \u00e7do vakt shihet si kungim p\u00ebrmes ndarjes s\u00eb ushqimit, p\u00ebrmes bashk\u00ebbisedimeve dhe lutjeve tona. T\u00eb kremtet m\u00eb t\u00eb m\u00ebdha fetare t\u00eb Dhiat\u00ebs s\u00eb Vjet\u00ebr festoheshin, dhe vazhdojn\u00eb t\u00eb festohen edhe sot nga judenjt\u00eb, rreth tryez\u00ebs s\u00eb familjes. Shpesh harrojm\u00eb se ne t\u00eb krishter\u00ebt orthodhoks\u00eb kemi dal\u00eb nga Dhiata e Vjet\u00ebr. Rr\u00ebnj\u00ebt tona i kemi atje.<\/span><\/p>\n<p> <\/p>\n<p style=\"text-align: justify;\"><span style=\"font-size: 12pt; font-family: helvetica; color: #000000;\"><\/span><span style=\"font-size: 12pt; font-family: helvetica; color: #000000;\">&nbsp; &nbsp; \u00cbsht\u00eb e nevojshme t\u00eb rivendosim praktik\u00ebn e kremtimit t\u00eb festave t\u00eb m\u00ebdha kishtare rreth tryez\u00ebs s\u00eb familjes n\u00eb sht\u00ebpit\u00eb tona. N\u00eb k\u00ebt\u00eb m\u00ebnyr\u00eb, ato p\u00ebrjetohen dhe b\u00ebhen t\u00eb paz\u00ebvend\u00ebsueshme p\u00ebr f\u00ebmij\u00ebt tan\u00eb. Sh\u00ebn Joan Gojarti, n\u00eb nj\u00eb predikim t\u00eb tij, i udh\u00ebzon burrat p\u00ebr sa i p\u00ebrket vaktit t\u00eb ngr\u00ebnies n\u00eb familje: \u201cPasi t\u00eb ken\u00eb ngr\u00ebn\u00eb, ata duhet t\u00eb ngrihen me grat\u00eb e tyre dhe&nbsp;me f\u00ebmij\u00ebt e t\u00eb k\u00ebndojn\u00eb himne s\u00eb bashku. Gjith\u00e7ka duhet t\u00eb mbyllet me nj\u00eb lutje&#8230;\u201d. Disa familje vendosin nj\u00eb ikon\u00eb t\u00eb vog\u00ebl t\u00eb Jisuit n\u00eb tryez\u00ebn e dark\u00ebs, me nj\u00eb kandil para saj. F\u00ebmij\u00ebt me radh\u00eb e ndezin kandilin. Ata i mbajn\u00eb duart t\u00eb bashkuara nd\u00ebrsa babai b\u00ebn lutjen. Pas dark\u00ebs kan\u00eb nj\u00eb koh\u00eb p\u00ebrkushtimi dhe diskutimi, ku flasin p\u00ebr besimin dhe tregojn\u00eb p\u00ebr vlerat e krishtera. Gjithashtu, ata lexojn\u00eb fjal\u00ebn e Per\u00ebndis\u00eb s\u00eb bashku dhe e mbyllin me lutje.<\/span><\/p>\n<p style=\"text-align: justify;\"><span style=\"font-size: 12pt; font-family: helvetica; color: #000000;\"><\/span><span style=\"font-size: 12pt; font-family: helvetica; color: #000000;\">&nbsp; &nbsp;Dr. Lee Salk, nj\u00eb psikolog i njohur p\u00ebr f\u00ebmij\u00eb, shkruan: \u201cVakti ushqimor \u00ebsht\u00eb jasht\u00ebzakonisht i r\u00ebnd\u00ebsish\u00ebm. N\u00eb t\u00eb shkuar\u00ebn, njer\u00ebzit e kishin zakon t\u00eb bisedonin dhe t\u00eb d\u00ebgjonin nj\u00ebri-tjetrin gjat\u00eb ngr\u00ebnies, nd\u00ebrsa sot ata ulen p\u00ebrball\u00eb televizorit, q\u00eb t\u00eb han\u00eb dark\u00ebn e tyre televizive. Nuk m\u00eb intereson ta di sa t\u00eb z\u00ebn\u00eb jeni; k\u00ebt\u00eb koh\u00eb duhet ta shpenzoni me f\u00ebmij\u00ebt tuaj. Ju mund t\u00eb flisni rreth \u00ebndrrave tuaja, rreth dit\u00ebs suaj, rreth m\u00ebrzitjeve tuaja etj. Sa m\u00eb shum\u00eb koh\u00eb kaloni me f\u00ebmij\u00ebt, aq m\u00eb i vlefsh\u00ebm b\u00ebhet vakti i ngr\u00ebnies p\u00ebr ta. N\u00ebse nuk e shpenzojm\u00eb k\u00ebt\u00eb koh\u00eb me f\u00ebmij\u00ebt, ata nuk do t\u00eb fitojn\u00eb zakone t\u00eb sh\u00ebndetshme p\u00ebr jet\u00ebn n\u00eb familje.<\/span><\/p>\n<p style=\"text-align: justify;\"><span style=\"font-size: 12pt; font-family: helvetica; color: #000000;\"><strong>&nbsp; &nbsp; Liturgjia rreth tryez\u00ebs familjare<\/strong><\/span><\/p>\n<p style=\"text-align: justify;\"><span style=\"font-size: 12pt; font-family: helvetica; color: #000000;\">&nbsp; &nbsp; Ajo q\u00eb ndodh rreth tryez\u00ebs familjare gjat\u00eb vaktit t\u00eb ngr\u00ebnies, mund t\u00eb p\u00ebrshkruhet si \u201cliturgjia\u201d e familjes. Ajo fillon dhe mbaron me lutje. Gjat\u00eb vaktit mund t\u00eb lexohen pjes\u00eb nga Shkrimi i Shenjt\u00eb, nga literatura&nbsp;kishtare ose nga jet\u00ebt e shenjtor\u00ebve. Duhet ta shohim vaktin ushqimor t\u00eb familjes si nj\u00eb vend m\u00ebsimdh\u00ebnieje, shk\u00ebmbim p\u00ebrvojash dhe lutjeje. P\u00ebr disa nga ne, kjo \u00ebsht\u00eb koha e vetme ku e gjith\u00eb familja mblidhet s\u00eb bashku. K\u00ebtu f\u00ebmija mund t\u00eb nd\u00ebrveproj\u00eb me t\u00eb rriturit; t\u00eb m\u00ebsoj\u00eb artin e t\u00eb biseduarit, t\u00eb folurin dhe t\u00eb d\u00ebgjuarin; t\u00eb kuptoj\u00eb \u00e7far\u00eb ndodh n\u00eb jet\u00ebn e v\u00ebllez\u00ebrve, motrave dhe prind\u00ebrve; t\u00eb festoj\u00eb dit\u00ebt e sh\u00ebnuara p\u00ebr familjen dhe ato t\u00eb jet\u00ebs s\u00eb krishter\u00eb si, p\u00ebr shembull, dit\u00eblindjet, mbarimin e provimeve, dit\u00ebn e par\u00eb t\u00eb pun\u00ebs, dit\u00ebt e festave t\u00eb m\u00ebdha, daljen e dh\u00ebmbit t\u00eb ri e shum\u00eb ngjarje t\u00eb tjera q\u00eb kan\u00eb m\u00eb shum\u00eb kuptim kur i festojm\u00eb me njer\u00ebzit tan\u00eb t\u00eb af\u00ebrm.<\/span><\/p>\n<p style=\"text-align: justify;\"><span style=\"font-size: 12pt; font-family: helvetica; color: #000000;\">&nbsp; &nbsp; Nj\u00eb prind shprehet k\u00ebshtu:<\/span><\/p>\n<p style=\"text-align: justify;\"><span style=\"font-size: 12pt; font-family: helvetica; color: #000000;\"><em>&nbsp; &nbsp; Gjat\u00eb ngr\u00ebnies, \u00e7donj\u00ebrit nga ne i takon t\u00eb thot\u00eb di\u00e7ka p\u00ebr t\u00eb cil\u00ebn \u00ebsht\u00eb mir\u00ebnjoh\u00ebs, di\u00e7ka q\u00eb ka ndodhur te ne gjat\u00eb dit\u00ebs\u201d. N\u00eb k\u00ebt\u00eb m\u00ebnyr\u00eb, vakti i familjes \u00ebsht\u00eb nj\u00eb koh\u00eb ideale p\u00ebr bashkim familjar, p\u00ebr lutje dhe p\u00ebrkushtim. P\u00ebr k\u00ebt\u00eb arsye gj\u00ebrat m\u00eb t\u00eb shk\u00eblqyera t\u00eb jet\u00ebs familjare jan\u00eb vaktet e ngr\u00ebnies, kungimi dhe shoq\u00ebria q\u00eb i ofrojm\u00eb nj\u00ebri-tjetrit. Vaktin q\u00eb ndahet me t\u00eb gjith\u00eb pjes\u00ebtar\u00ebt rreth tryez\u00ebs s\u00eb familjes, mund ta quajm\u00eb \u201cmisteri\u201d i familjes, nj\u00eb mjet hiri, q\u00eb bashkon familjen me Per\u00ebndin\u00eb dhe me nj\u00ebri-tjetrin. Nd\u00ebrsa nj\u00eb tjet\u00ebr shkruan: \u201cVakti ushqimor ka qen\u00eb gjithmon\u00eb i r\u00ebnd\u00ebsish\u00ebm p\u00ebr mua, sepse pika qendrore e gjith\u00eb dit\u00ebs&nbsp;\u00ebsht\u00eb tryeza e ngr\u00ebnies, nj\u00eb parashijim i banketit qiellor. Koha e ngr\u00ebnies \u00ebsht\u00eb koh\u00eb misteri p\u00ebr mua, nj\u00eb koh\u00eb fal\u00ebnderimi p\u00ebr k\u00ebdo q\u00eb gjendet n\u00eb at\u00eb tavolin\u00eb, p\u00ebr ushqimin, p\u00ebr t\u00eb qenit pjes\u00eb e historis\u00eb s\u00eb madhe t\u00eb Krijimit. Ne ndajm\u00eb ngjarjet e dit\u00ebs, tregojm\u00eb histori, shikojm\u00eb p\u00ebr fjal\u00eb n\u00eb fjalor\u00eb; \u00ebsht\u00eb vakt q\u00eb zgjat shum\u00eb m\u00eb tep\u00ebr pasi ngr\u00ebnia ka mbaruar dhe qirinjt\u00eb jan\u00eb djegur.<\/em><\/span><\/p>\n<p style=\"text-align: justify;\"><span style=\"font-size: 12pt; font-family: helvetica; color: #000000;\"><strong>&nbsp; &nbsp; Lutjet p\u00ebr bekimin e ushqimit<\/strong><\/span><\/p>\n<p style=\"text-align: justify;\"><span style=\"font-size: 12pt; font-family: helvetica; color: #000000;\"><em>&nbsp; &nbsp; N\u00eb m\u00ebngjes<\/em><\/span><\/p>\n<p style=\"text-align: justify;\"><span style=\"font-size: 12pt; font-family: helvetica; color: #000000;\"><em><span style=\"text-decoration: underline;\"><\/span><\/em><strong>&nbsp; &nbsp; Para buke<\/strong><\/span><\/p>\n<p style=\"text-align: justify;\"><span style=\"font-size: 12pt; font-family: helvetica; color: #000000;\">&nbsp; &nbsp; Lavdi Atit e Birit edhe Shpirtit t\u00eb Shenjt\u00eb tani e p\u00ebrher\u00eb e n\u00eb jet\u00eb t\u00eb jet\u00ebve. Amin.<\/span><\/p>\n<p style=\"text-align: justify;\"><span style=\"color: #000000;\"><span style=\"font-size: 12pt; font-family: helvetica;\"><\/span><span style=\"font-size: 12pt; font-family: helvetica;\">&nbsp; &nbsp; M\u00ebshiro, o Zot. (3 her\u00eb)<\/span><\/span><\/p>\n<p style=\"text-align: justify;\"><span style=\"font-size: 12pt; font-family: helvetica; color: #000000;\"><strong>&nbsp; &nbsp; Prifti<\/strong>: O Krisht, Per\u00ebndia yn\u00eb, beko ngr\u00ebnien dhe pirjen e sh\u00ebrb\u00ebtor\u00ebve t\u00eb Tu, se i shenjt\u00eb je gjithmon\u00eb, tani e p\u00ebrher\u00eb dhe n\u00eb jet\u00eb t\u00eb jet\u00ebve. Amin.<\/span><\/p>\n<p style=\"text-align: justify;\"><span style=\"font-size: 12pt; font-family: helvetica; color: #000000;\"><strong>&nbsp; &nbsp; Pas buke<\/strong><\/span><\/p>\n<p style=\"text-align: justify;\"><span style=\"font-size: 12pt; font-family: helvetica; color: #000000;\">&nbsp; &nbsp; Lavdi Atit e Birit edhe Shpirtit t\u00eb Shenjt\u00eb, tani e p\u00ebrher\u00eb e n\u00eb jet\u00eb t\u00eb jet\u00ebve. Amin.<\/span><\/p>\n<p style=\"text-align: justify;\"><span style=\"font-size: 12pt; font-family: helvetica; color: #000000;\">&nbsp; &nbsp; M\u00ebshiro, o Zot. (3 her\u00eb)<\/span><\/p>\n<p style=\"text-align: justify;\"><span style=\"font-size: 12pt; font-family: helvetica; color: #000000;\"><strong>&nbsp; &nbsp; Prifti<\/strong>: Me uratat e Et\u00ebrve tan\u00eb t\u00eb shenjt\u00eb, o Zot Jisu Krisht, Per\u00ebndi, m\u00ebshirona dhe shp\u00ebtona. Amin.<\/span><\/p>\n<p style=\"text-align: justify;\"><span style=\"font-size: 12pt; font-family: helvetica; color: #000000;\"><strong>&nbsp; &nbsp; N\u00eb drek\u00eb<\/strong><\/span><\/p>\n<p style=\"text-align: justify;\"><span style=\"font-size: 12pt; font-family: helvetica; color: #000000;\"><strong>&nbsp; &nbsp; Para buke<\/strong><\/span><\/p>\n<p style=\"text-align: justify;\"><span style=\"font-size: 12pt; font-family: helvetica; color: #000000;\">&nbsp; &nbsp; Ati yn\u00eb q\u00eb je n\u00eb qiejt; u shenjt\u00ebroft\u00eb emri yt; ardht\u00eb mbret\u00ebria jote; u b\u00ebft\u00eb d\u00ebshira jote si n\u00eb qiell ashtu edhe mbi dhe.<\/span><\/p>\n<p style=\"text-align: justify;\"><span style=\"font-size: 12pt; font-family: helvetica; color: #000000;\">&nbsp; &nbsp;Buk\u00ebn ton\u00eb t\u00eb p\u00ebrditshme jepna neve sot; dhe falna fajet tona sikurse edhe ne ua falim fajtor\u00ebve tan\u00eb; dhe mos na shtjer n\u00eb ngasje, po shp\u00ebtona nga i ligu. Amin.<\/span><\/p>\n<p style=\"text-align: justify;\"><span style=\"font-size: 12pt; font-family: helvetica; color: #000000;\">&nbsp; &nbsp; Lavdi Atit e Birit dhe Shpirtit t\u00eb Shenjt\u00eb. Tani e p\u00ebrher\u00eb e n\u00eb jet\u00eb t\u00eb jet\u00ebve. Amin.<\/span><\/p>\n<p style=\"text-align: justify;\"><span style=\"font-size: 12pt; font-family: helvetica; color: #000000;\">&nbsp; &nbsp; M\u00ebshiro, o Zot. (3 her\u00eb) Beko, o At\u00eb i shenjt\u00eb.<\/span><\/p>\n<p style=\"text-align: justify;\"><span style=\"font-size: 12pt; font-family: helvetica; color: #000000;\"><strong>&nbsp; &nbsp; Prifti<\/strong>: O Krisht, Per\u00ebndia yn\u00eb, beko ngr\u00ebnien dhe pirjen e sh\u00ebrb\u00ebtor\u00ebve t\u00eb Tu, se i shenjt\u00eb je gjithmon\u00eb, tani e p\u00ebrher\u00eb dhe n\u00eb jet\u00eb t\u00eb jet\u00ebve. Amin.<\/span><\/p>\n<p style=\"text-align: justify;\"><span style=\"font-size: 12pt; font-family: helvetica; color: #000000;\">&nbsp; &nbsp; Fal\u00ebnderim pas buke<\/span><\/p>\n<p style=\"text-align: justify;\"><span style=\"font-size: 12pt; font-family: helvetica; color: #000000;\">&nbsp; &nbsp;T\u00eb fal\u00ebnderojm\u00eb, o Krisht Per\u00ebndia yn\u00eb, se na ngope me t\u00eb mirat e Tua t\u00eb mbidheshme, b\u00ebna t\u00eb denj\u00eb dhe p\u00ebr mbret\u00ebrin\u00eb T\u00ebnde qiellore, dhe ashtu si\u00e7 erdhe, o Shp\u00ebtimtar, n\u00eb mes t\u00eb nx\u00ebn\u00ebsve t\u00eb Tu dhe u dhurove paqen, eja mes nesh dhe shp\u00ebtona. Amin.<\/span><\/p>\n<p style=\"text-align: justify;\"><span style=\"font-size: 12pt; font-family: helvetica; color: #000000;\"><strong>&nbsp; &nbsp; Prifti<\/strong>: Me uratat e Et\u00ebrve t\u00eb shenjt\u00eb, O Zot Jisu Krisht, Per\u00ebndi, m\u00ebshirona dhe shp\u00ebtona. Amin.<\/span><\/p>\n<p style=\"text-align: justify;\"><span style=\"font-size: 12pt; font-family: helvetica; color: #000000;\"><strong>&nbsp; &nbsp; N\u00eb dark\u00eb<\/strong><\/span><\/p>\n<p style=\"text-align: justify;\"><span style=\"font-size: 12pt; font-family: helvetica; color: #000000;\"><strong>&nbsp; &nbsp; Para buke<\/strong><\/span><\/p>\n<p style=\"text-align: justify;\"><span style=\"font-size: 12pt; font-family: helvetica; color: #000000;\">&nbsp; &nbsp;Le t\u00eb han\u00eb t\u00eb varfrit dhe le t\u00eb ngopen, le t\u00eb lavd\u00ebrojn\u00eb Zotin ata q\u00eb e k\u00ebrkojn\u00eb, se zemrat e tyre do t\u00eb rrojn\u00eb n\u00eb jet\u00eb t\u00eb jet\u00ebve. Amin.<\/span><\/p>\n<p style=\"text-align: justify;\"><span style=\"font-size: 12pt; font-family: helvetica; color: #000000;\">&nbsp; &nbsp; Lavdi Atit e Birit dhe Shpirtit t\u00eb Shenjt\u00eb, tani e p\u00ebrher\u00eb e n\u00eb jet\u00eb t\u00eb jet\u00ebve. Amin.<\/span><\/p>\n<p style=\"text-align: justify;\"><span style=\"font-size: 12pt; font-family: helvetica; color: #000000;\">&nbsp; &nbsp; M\u00ebshiro, o Zot. (3 her\u00eb)<\/span><\/p>\n<p style=\"text-align: justify;\"><span style=\"font-size: 12pt; font-family: helvetica; color: #000000;\"><strong>&nbsp; &nbsp; Prifti<\/strong>: O Krisht, Per\u00ebndia yn\u00eb, beko ngr\u00ebnien dhe pirjen e sh\u00ebrb\u00ebtor\u00ebve t\u00eb Tu, se i shenjt\u00eb je gjithmon\u00eb tani e p\u00ebrher\u00eb e n\u00eb jet\u00eb t\u00eb jet\u00ebve. Amin.<\/span><\/p>\n<p style=\"text-align: justify;\"><span style=\"font-size: 12pt; font-family: helvetica; color: #000000;\">&nbsp; &nbsp; Fal\u00ebnderim pas buke<\/span><\/p>\n<p style=\"text-align: justify;\"><span style=\"font-size: 12pt; font-family: helvetica; color: #000000;\">&nbsp; &nbsp; Na ngaz\u00ebllove, o Zot, me veprat e Tua, dhe me pun\u00ebt e duarve t\u00eb Tua u g\u00ebzuam. U sh\u00ebnua mbi ne drita e fytyr\u00ebs Sate, u dhe g\u00ebzim zemrave tona. Nga pema e grurit, ver\u00ebs dhe vajit u mbush\u00ebm dhe tani do t\u00eb biem t\u00eb flem\u00eb se Ti, o Zot, gjendesh me shpres\u00eb te secili prej nesh.<\/span><\/p>\n<p style=\"text-align: justify;\"><span style=\"font-size: 12pt; font-family: helvetica; color: #000000;\">&nbsp; &nbsp; Lavdi Atit e Birit e Shpirtit t\u00eb Shenjt\u00eb, tani e p\u00ebrher\u00eb e n\u00eb jet\u00eb t\u00eb jet\u00ebve.<\/span><\/p>\n<p style=\"text-align: justify;\"><span style=\"font-size: 12pt; font-family: helvetica; color: #000000;\">&nbsp; &nbsp; M\u00ebshiro, o Zot. ( 3 her\u00eb)<\/span><\/p>\n<p style=\"text-align: justify;\"><span style=\"font-size: 12pt; font-family: helvetica; color: #000000;\"><strong>&nbsp; &nbsp; Prifti<\/strong>: Me uratat e Et\u00ebrve tan\u00eb t\u00eb shenjt\u00eb, o Zot Jisu Krisht, Per\u00ebndi, m\u00ebshirona dhe shp\u00ebtona. Amin.<\/span><\/p>\n","protected":false},"excerpt":{"rendered":"<p>Tryeza e familjes AT\u00cb ANTHONY M. CONIARIS FAMILJA ORTHODHOKSE &#8211; KISHA E PER\u00cbNDIS\u00cb &nbsp; &nbsp; &nbsp; Thuhet se pajisja m\u00eb e r\u00ebnd\u00ebsishme e sht\u00ebpis\u00eb \u00ebsht\u00eb tryeza e familjes. Edmund Barbotin e quan at\u00eb \u201c&#8230; furnizimi social. Ajo \u00ebsht\u00eb bashkimi i familjes. Duke u ulur rreth e rrotull saj, ajo na bashkon t\u00eb gjith\u00eb.&nbsp;Pik\u00ebrisht q\u00eb nga tryeza, familja shp\u00ebrndahet dhe bashkohet \u00e7do dit\u00eb\u201d. Sido q\u00eb t\u00eb<\/p>\n","protected":false},"author":1,"featured_media":0,"comment_status":"open","ping_status":"open","sticky":false,"template":"","format":"standard","meta":{"_acf_changed":false,"pagelayer_contact_templates":[],"_pagelayer_content":"","inline_featured_image":false,"fifu_image_url":"","fifu_image_alt":"","footnotes":""},"categories":[112],"tags":[346,609],"class_list":["post-5013","post","type-post","status-publish","format-standard","hentry","category-materiale-shpirterore-d72","tag-familja-mat-shpirterore","tag-materiale-shpirterore"],"acf":[],"yoast_head":"<!-- This site is optimized with the Yoast SEO plugin v27.2 - https:\/\/yoast.com\/product\/yoast-seo-wordpress\/ -->\n<title>Tryeza e familjes (4) - Kisha Orthodh\u03bfkse Autoqefale e Shqip\u00ebris\u00eb<\/title>\n<meta name=\"robots\" content=\"index, follow, max-snippet:-1, max-image-preview:large, max-video-preview:-1\" \/>\n<link rel=\"canonical\" href=\"https:\/\/orthodoxalbania.org\/2020\/2017\/03\/01\/tryeza-e-familjes\/\" \/>\n<meta property=\"og:locale\" content=\"en_US\" \/>\n<meta property=\"og:type\" content=\"article\" \/>\n<meta property=\"og:title\" content=\"Tryeza e familjes (4) - Kisha Orthodh\u03bfkse Autoqefale e Shqip\u00ebris\u00eb\" \/>\n<meta property=\"og:description\" content=\"Tryeza e familjes AT\u00cb ANTHONY M. CONIARIS FAMILJA ORTHODHOKSE &#8211; KISHA E PER\u00cbNDIS\u00cb &nbsp; &nbsp; &nbsp; Thuhet se pajisja m\u00eb e r\u00ebnd\u00ebsishme e sht\u00ebpis\u00eb \u00ebsht\u00eb tryeza e familjes. Edmund Barbotin e quan at\u00eb \u201c&#8230; furnizimi social. Ajo \u00ebsht\u00eb bashkimi i familjes. Duke u ulur rreth e rrotull saj, ajo na bashkon t\u00eb gjith\u00eb.&nbsp;Pik\u00ebrisht q\u00eb nga tryeza, familja shp\u00ebrndahet dhe bashkohet \u00e7do dit\u00eb\u201d. Sido q\u00eb t\u00eb\" \/>\n<meta property=\"og:url\" content=\"https:\/\/orthodoxalbania.org\/2020\/2017\/03\/01\/tryeza-e-familjes\/\" \/>\n<meta property=\"og:site_name\" content=\"Kisha Orthodh\u03bfkse Autoqefale e Shqip\u00ebris\u00eb\" \/>\n<meta property=\"article:publisher\" content=\"https:\/\/www.facebook.com\/koash1991\" \/>\n<meta property=\"article:published_time\" content=\"2017-03-01T13:03:13+00:00\" \/>\n<meta property=\"article:modified_time\" content=\"2020-04-06T01:03:17+00:00\" \/>\n<meta property=\"og:image\" content=\"https:\/\/orthodoxalbania.org\/2020\/wp-content\/uploads\/2021\/02\/LogoLastALb-200.png\" \/>\n\t<meta property=\"og:image:width\" content=\"200\" \/>\n\t<meta property=\"og:image:height\" content=\"172\" \/>\n\t<meta property=\"og:image:type\" content=\"image\/png\" \/>\n<meta name=\"author\" content=\"Kisha Orthodhokse\" \/>\n<meta name=\"twitter:card\" content=\"summary_large_image\" \/>\n<meta name=\"twitter:label1\" content=\"Written by\" \/>\n\t<meta name=\"twitter:data1\" content=\"Kisha Orthodhokse\" \/>\n\t<meta name=\"twitter:label2\" content=\"Est. reading time\" \/>\n\t<meta name=\"twitter:data2\" content=\"8 minutes\" \/>\n<script type=\"application\/ld+json\" class=\"yoast-schema-graph\">{\"@context\":\"https:\/\/schema.org\",\"@graph\":[{\"@type\":\"Article\",\"@id\":\"https:\/\/orthodoxalbania.org\/2020\/2017\/03\/01\/tryeza-e-familjes\/#article\",\"isPartOf\":{\"@id\":\"https:\/\/orthodoxalbania.org\/2020\/2017\/03\/01\/tryeza-e-familjes\/\"},\"author\":{\"name\":\"Kisha Orthodhokse\",\"@id\":\"https:\/\/orthodoxalbania.org\/2020\/#\/schema\/person\/0c387634a7063ac612d7ed9ce71c7e86\"},\"headline\":\"Tryeza e familjes (4)\",\"datePublished\":\"2017-03-01T13:03:13+00:00\",\"dateModified\":\"2020-04-06T01:03:17+00:00\",\"mainEntityOfPage\":{\"@id\":\"https:\/\/orthodoxalbania.org\/2020\/2017\/03\/01\/tryeza-e-familjes\/\"},\"wordCount\":1513,\"commentCount\":0,\"publisher\":{\"@id\":\"https:\/\/orthodoxalbania.org\/2020\/#organization\"},\"keywords\":[\"Familja\/Mat.Shpirterore\",\"Materiale Shpirterore\"],\"articleSection\":[\"Materiale Shpirt\u00ebrore\"],\"inLanguage\":\"en-US\"},{\"@type\":\"WebPage\",\"@id\":\"https:\/\/orthodoxalbania.org\/2020\/2017\/03\/01\/tryeza-e-familjes\/\",\"url\":\"https:\/\/orthodoxalbania.org\/2020\/2017\/03\/01\/tryeza-e-familjes\/\",\"name\":\"Tryeza e familjes (4) - Kisha Orthodh\u03bfkse Autoqefale e Shqip\u00ebris\u00eb\",\"isPartOf\":{\"@id\":\"https:\/\/orthodoxalbania.org\/2020\/#website\"},\"datePublished\":\"2017-03-01T13:03:13+00:00\",\"dateModified\":\"2020-04-06T01:03:17+00:00\",\"breadcrumb\":{\"@id\":\"https:\/\/orthodoxalbania.org\/2020\/2017\/03\/01\/tryeza-e-familjes\/#breadcrumb\"},\"inLanguage\":\"en-US\",\"potentialAction\":[{\"@type\":\"ReadAction\",\"target\":[\"https:\/\/orthodoxalbania.org\/2020\/2017\/03\/01\/tryeza-e-familjes\/\"]}]},{\"@type\":\"BreadcrumbList\",\"@id\":\"https:\/\/orthodoxalbania.org\/2020\/2017\/03\/01\/tryeza-e-familjes\/#breadcrumb\",\"itemListElement\":[{\"@type\":\"ListItem\",\"position\":1,\"name\":\"Home\",\"item\":\"https:\/\/orthodoxalbania.org\/2020\/\"},{\"@type\":\"ListItem\",\"position\":2,\"name\":\"Tryeza e familjes (4)\"}]},{\"@type\":\"WebSite\",\"@id\":\"https:\/\/orthodoxalbania.org\/2020\/#website\",\"url\":\"https:\/\/orthodoxalbania.org\/2020\/\",\"name\":\"Kisha Orthodh\u03bfkse Autoqefale e Shqip\u00ebris\u00eb\",\"description\":\"Fqja Zyrtare e Kish\u00ebs Orthodhokse Autoqefale e Shqip\u00ebris\u00eb me lajmet edhe informacionet zyrtare p\u00ebr struktur\u00ebn edhe veprimtarin e saj.\",\"publisher\":{\"@id\":\"https:\/\/orthodoxalbania.org\/2020\/#organization\"},\"potentialAction\":[{\"@type\":\"SearchAction\",\"target\":{\"@type\":\"EntryPoint\",\"urlTemplate\":\"https:\/\/orthodoxalbania.org\/2020\/?s={search_term_string}\"},\"query-input\":{\"@type\":\"PropertyValueSpecification\",\"valueRequired\":true,\"valueName\":\"search_term_string\"}}],\"inLanguage\":\"en-US\"},{\"@type\":\"Organization\",\"@id\":\"https:\/\/orthodoxalbania.org\/2020\/#organization\",\"name\":\"Kisha Orthodhokse Autoqefale e Shqip\u00ebris\u00eb\",\"url\":\"https:\/\/orthodoxalbania.org\/2020\/\",\"logo\":{\"@type\":\"ImageObject\",\"inLanguage\":\"en-US\",\"@id\":\"https:\/\/orthodoxalbania.org\/2020\/#\/schema\/logo\/image\/\",\"url\":\"https:\/\/orthodoxalbania.org\/2020\/wp-content\/uploads\/2020\/05\/albania.jpeg\",\"contentUrl\":\"https:\/\/orthodoxalbania.org\/2020\/wp-content\/uploads\/2020\/05\/albania.jpeg\",\"width\":540,\"height\":540,\"caption\":\"Kisha Orthodhokse Autoqefale e Shqip\u00ebris\u00eb\"},\"image\":{\"@id\":\"https:\/\/orthodoxalbania.org\/2020\/#\/schema\/logo\/image\/\"},\"sameAs\":[\"https:\/\/www.facebook.com\/koash1991\"]},{\"@type\":\"Person\",\"@id\":\"https:\/\/orthodoxalbania.org\/2020\/#\/schema\/person\/0c387634a7063ac612d7ed9ce71c7e86\",\"name\":\"Kisha Orthodhokse\",\"image\":{\"@type\":\"ImageObject\",\"inLanguage\":\"en-US\",\"@id\":\"https:\/\/secure.gravatar.com\/avatar\/596e7c417251e30f2fbb9c00e026fce61a695a00e51c889caded71c96cbbdde5?s=96&d=mm&r=g\",\"url\":\"https:\/\/secure.gravatar.com\/avatar\/596e7c417251e30f2fbb9c00e026fce61a695a00e51c889caded71c96cbbdde5?s=96&d=mm&r=g\",\"contentUrl\":\"https:\/\/secure.gravatar.com\/avatar\/596e7c417251e30f2fbb9c00e026fce61a695a00e51c889caded71c96cbbdde5?s=96&d=mm&r=g\",\"caption\":\"Kisha Orthodhokse\"}}]}<\/script>\n<!-- \/ Yoast SEO plugin. -->","yoast_head_json":{"title":"Tryeza e familjes (4) - Kisha Orthodh\u03bfkse Autoqefale e Shqip\u00ebris\u00eb","robots":{"index":"index","follow":"follow","max-snippet":"max-snippet:-1","max-image-preview":"max-image-preview:large","max-video-preview":"max-video-preview:-1"},"canonical":"https:\/\/orthodoxalbania.org\/2020\/2017\/03\/01\/tryeza-e-familjes\/","og_locale":"en_US","og_type":"article","og_title":"Tryeza e familjes (4) - Kisha Orthodh\u03bfkse Autoqefale e Shqip\u00ebris\u00eb","og_description":"Tryeza e familjes AT\u00cb ANTHONY M. CONIARIS FAMILJA ORTHODHOKSE &#8211; KISHA E PER\u00cbNDIS\u00cb &nbsp; &nbsp; &nbsp; Thuhet se pajisja m\u00eb e r\u00ebnd\u00ebsishme e sht\u00ebpis\u00eb \u00ebsht\u00eb tryeza e familjes. Edmund Barbotin e quan at\u00eb \u201c&#8230; furnizimi social. Ajo \u00ebsht\u00eb bashkimi i familjes. Duke u ulur rreth e rrotull saj, ajo na bashkon t\u00eb gjith\u00eb.&nbsp;Pik\u00ebrisht q\u00eb nga tryeza, familja shp\u00ebrndahet dhe bashkohet \u00e7do dit\u00eb\u201d. Sido q\u00eb t\u00eb","og_url":"https:\/\/orthodoxalbania.org\/2020\/2017\/03\/01\/tryeza-e-familjes\/","og_site_name":"Kisha Orthodh\u03bfkse Autoqefale e Shqip\u00ebris\u00eb","article_publisher":"https:\/\/www.facebook.com\/koash1991","article_published_time":"2017-03-01T13:03:13+00:00","article_modified_time":"2020-04-06T01:03:17+00:00","og_image":[{"width":200,"height":172,"url":"https:\/\/orthodoxalbania.org\/2020\/wp-content\/uploads\/2021\/02\/LogoLastALb-200.png","type":"image\/png"}],"author":"Kisha Orthodhokse","twitter_card":"summary_large_image","twitter_misc":{"Written by":"Kisha Orthodhokse","Est. reading time":"8 minutes"},"schema":{"@context":"https:\/\/schema.org","@graph":[{"@type":"Article","@id":"https:\/\/orthodoxalbania.org\/2020\/2017\/03\/01\/tryeza-e-familjes\/#article","isPartOf":{"@id":"https:\/\/orthodoxalbania.org\/2020\/2017\/03\/01\/tryeza-e-familjes\/"},"author":{"name":"Kisha Orthodhokse","@id":"https:\/\/orthodoxalbania.org\/2020\/#\/schema\/person\/0c387634a7063ac612d7ed9ce71c7e86"},"headline":"Tryeza e familjes (4)","datePublished":"2017-03-01T13:03:13+00:00","dateModified":"2020-04-06T01:03:17+00:00","mainEntityOfPage":{"@id":"https:\/\/orthodoxalbania.org\/2020\/2017\/03\/01\/tryeza-e-familjes\/"},"wordCount":1513,"commentCount":0,"publisher":{"@id":"https:\/\/orthodoxalbania.org\/2020\/#organization"},"keywords":["Familja\/Mat.Shpirterore","Materiale Shpirterore"],"articleSection":["Materiale Shpirt\u00ebrore"],"inLanguage":"en-US"},{"@type":"WebPage","@id":"https:\/\/orthodoxalbania.org\/2020\/2017\/03\/01\/tryeza-e-familjes\/","url":"https:\/\/orthodoxalbania.org\/2020\/2017\/03\/01\/tryeza-e-familjes\/","name":"Tryeza e familjes (4) - Kisha Orthodh\u03bfkse Autoqefale e Shqip\u00ebris\u00eb","isPartOf":{"@id":"https:\/\/orthodoxalbania.org\/2020\/#website"},"datePublished":"2017-03-01T13:03:13+00:00","dateModified":"2020-04-06T01:03:17+00:00","breadcrumb":{"@id":"https:\/\/orthodoxalbania.org\/2020\/2017\/03\/01\/tryeza-e-familjes\/#breadcrumb"},"inLanguage":"en-US","potentialAction":[{"@type":"ReadAction","target":["https:\/\/orthodoxalbania.org\/2020\/2017\/03\/01\/tryeza-e-familjes\/"]}]},{"@type":"BreadcrumbList","@id":"https:\/\/orthodoxalbania.org\/2020\/2017\/03\/01\/tryeza-e-familjes\/#breadcrumb","itemListElement":[{"@type":"ListItem","position":1,"name":"Home","item":"https:\/\/orthodoxalbania.org\/2020\/"},{"@type":"ListItem","position":2,"name":"Tryeza e familjes (4)"}]},{"@type":"WebSite","@id":"https:\/\/orthodoxalbania.org\/2020\/#website","url":"https:\/\/orthodoxalbania.org\/2020\/","name":"Kisha Orthodh\u03bfkse Autoqefale e Shqip\u00ebris\u00eb","description":"Fqja Zyrtare e Kish\u00ebs Orthodhokse Autoqefale e Shqip\u00ebris\u00eb me lajmet edhe informacionet zyrtare p\u00ebr struktur\u00ebn edhe veprimtarin e saj.","publisher":{"@id":"https:\/\/orthodoxalbania.org\/2020\/#organization"},"potentialAction":[{"@type":"SearchAction","target":{"@type":"EntryPoint","urlTemplate":"https:\/\/orthodoxalbania.org\/2020\/?s={search_term_string}"},"query-input":{"@type":"PropertyValueSpecification","valueRequired":true,"valueName":"search_term_string"}}],"inLanguage":"en-US"},{"@type":"Organization","@id":"https:\/\/orthodoxalbania.org\/2020\/#organization","name":"Kisha Orthodhokse Autoqefale e Shqip\u00ebris\u00eb","url":"https:\/\/orthodoxalbania.org\/2020\/","logo":{"@type":"ImageObject","inLanguage":"en-US","@id":"https:\/\/orthodoxalbania.org\/2020\/#\/schema\/logo\/image\/","url":"https:\/\/orthodoxalbania.org\/2020\/wp-content\/uploads\/2020\/05\/albania.jpeg","contentUrl":"https:\/\/orthodoxalbania.org\/2020\/wp-content\/uploads\/2020\/05\/albania.jpeg","width":540,"height":540,"caption":"Kisha Orthodhokse Autoqefale e Shqip\u00ebris\u00eb"},"image":{"@id":"https:\/\/orthodoxalbania.org\/2020\/#\/schema\/logo\/image\/"},"sameAs":["https:\/\/www.facebook.com\/koash1991"]},{"@type":"Person","@id":"https:\/\/orthodoxalbania.org\/2020\/#\/schema\/person\/0c387634a7063ac612d7ed9ce71c7e86","name":"Kisha Orthodhokse","image":{"@type":"ImageObject","inLanguage":"en-US","@id":"https:\/\/secure.gravatar.com\/avatar\/596e7c417251e30f2fbb9c00e026fce61a695a00e51c889caded71c96cbbdde5?s=96&d=mm&r=g","url":"https:\/\/secure.gravatar.com\/avatar\/596e7c417251e30f2fbb9c00e026fce61a695a00e51c889caded71c96cbbdde5?s=96&d=mm&r=g","contentUrl":"https:\/\/secure.gravatar.com\/avatar\/596e7c417251e30f2fbb9c00e026fce61a695a00e51c889caded71c96cbbdde5?s=96&d=mm&r=g","caption":"Kisha Orthodhokse"}}]}},"_links":{"self":[{"href":"https:\/\/orthodoxalbania.org\/2020\/wp-json\/wp\/v2\/posts\/5013","targetHints":{"allow":["GET"]}}],"collection":[{"href":"https:\/\/orthodoxalbania.org\/2020\/wp-json\/wp\/v2\/posts"}],"about":[{"href":"https:\/\/orthodoxalbania.org\/2020\/wp-json\/wp\/v2\/types\/post"}],"author":[{"embeddable":true,"href":"https:\/\/orthodoxalbania.org\/2020\/wp-json\/wp\/v2\/users\/1"}],"replies":[{"embeddable":true,"href":"https:\/\/orthodoxalbania.org\/2020\/wp-json\/wp\/v2\/comments?post=5013"}],"version-history":[{"count":1,"href":"https:\/\/orthodoxalbania.org\/2020\/wp-json\/wp\/v2\/posts\/5013\/revisions"}],"predecessor-version":[{"id":14467,"href":"https:\/\/orthodoxalbania.org\/2020\/wp-json\/wp\/v2\/posts\/5013\/revisions\/14467"}],"wp:attachment":[{"href":"https:\/\/orthodoxalbania.org\/2020\/wp-json\/wp\/v2\/media?parent=5013"}],"wp:term":[{"taxonomy":"category","embeddable":true,"href":"https:\/\/orthodoxalbania.org\/2020\/wp-json\/wp\/v2\/categories?post=5013"},{"taxonomy":"post_tag","embeddable":true,"href":"https:\/\/orthodoxalbania.org\/2020\/wp-json\/wp\/v2\/tags?post=5013"}],"curies":[{"name":"wp","href":"https:\/\/api.w.org\/{rel}","templated":true}]}}