{"id":5010,"date":"2017-03-01T11:50:11","date_gmt":"2017-03-01T11:50:11","guid":{"rendered":""},"modified":"2020-04-06T01:04:44","modified_gmt":"2020-04-06T01:04:44","slug":"krijimi-i-nje-atmosfere-besimi-ne-shtepi","status":"publish","type":"post","link":"https:\/\/orthodoxalbania.org\/2020\/2017\/03\/01\/krijimi-i-nje-atmosfere-besimi-ne-shtepi\/","title":{"rendered":"Krijimi i nj\u00eb atmosfere  besimi n\u00eb sht\u00ebpi (1)"},"content":{"rendered":"<div style=\"text-align: center;\"><span style=\"font-size: 12pt; font-family: helvetica; color: #000000;\"><strong>Krijimi i nj\u00eb atmosfere<\/strong><\/span><br \/><span style=\"font-size: 12pt; font-family: helvetica; color: #000000;\"><strong>besimi n\u00eb sht\u00ebpi<\/strong><\/span><\/div>\n<p>&nbsp;<\/p>\n<div style=\"text-align: center;\"><span style=\"font-size: 12pt; font-family: helvetica; color: #000000;\"><strong>AT\u00cb ANTHONY M. CONIARIS<\/strong><\/span><\/div>\n<div style=\"text-align: center;\"><span style=\"font-size: 12pt; font-family: helvetica; color: #000000;\"><strong>FAMILJA ORTHODHOKSE &#8211; KISHA E PER\u00cbNDIS\u00cb<\/strong><\/span><\/div>\n<p>&nbsp;<\/p>\n<p style=\"text-align: justify;\"><span style=\"font-size: 12pt; font-family: helvetica; color: #000000;\">&nbsp; &nbsp; Niveli i par\u00eb i besimit quhet \u201cbesim empirik (p\u00ebrmes p\u00ebrvoj\u00ebs)\u201d. Ky \u00ebsht\u00eb niveli i besimit t\u00eb f\u00ebmij\u00ebris\u00eb, kur f\u00ebmij\u00ebt e p\u00ebrjetojn\u00eb besimin n\u00ebp\u00ebrmjet njer\u00ebzve q\u00eb ndodhen p\u00ebrreth tyre.&nbsp;<\/span><span style=\"font-size: 12pt; font-family: helvetica; color: #000000;\">F\u00ebmij\u00ebt, n\u00eb k\u00ebt\u00eb faz\u00eb t\u00eb jet\u00ebs, nuk mund ta kuptojn\u00eb dot teologjin\u00eb, doktrin\u00ebn apo katekizmin, por ata mund ta kuptojn\u00eb Per\u00ebndin\u00eb n\u00ebp\u00ebrmjet p\u00ebrvoj\u00ebs s\u00eb p\u00ebrditshme t\u00eb besimit, veprimeve teleturgjike, simboleve dhe traditave t\u00eb njer\u00ebzve t\u00eb dashur q\u00eb ndodhen pran\u00eb tyre. \u00c7far\u00eb b\u00ebn familja n\u00eb sht\u00ebpi? P\u00ebr t\u00eb krijuar n\u00eb sht\u00ebpi nj\u00eb atmosfer\u00eb t\u00eb till\u00eb \u201cbesimi\u201d, prind\u00ebrve do t\u2019u duhet t\u00eb punojn\u00eb shum\u00eb.<\/span><\/p>\n<p style=\"text-align: justify;\"><span style=\"font-size: 12pt; font-family: helvetica; color: #000000;\">&nbsp; &nbsp; N\u00ebse kemi marr\u00ebdh\u00ebnie personale me Per\u00ebndin\u00eb, at\u00ebher\u00eb Per\u00ebndia b\u00ebhet Per\u00ebndi i gjall\u00eb, ashtu si\u00e7 shkruan edhe Niko Kazanxakis: \u201cAty ku ndodhet burri dhe gruaja, aty \u00ebsht\u00eb edhe Per\u00ebndia; aty ku jan\u00eb f\u00ebmij\u00ebt, gatimi, diskutimi dhe pajtimi, aty ndodhet edhe Per\u00ebndia\u201d. Ja \u00e7far\u00eb na thot\u00eb nj\u00eb i krishter\u00eb orthodhoks nga Greqia rreth atmosfer\u00ebs s\u00eb \u201cbesimit\u201d, &#8211; rreth faz\u00ebs empirike &#8211; ashtu si\u00e7 ishte n\u00eb f\u00ebmij\u00ebrin\u00eb e tij:<\/span><\/p>\n<p> <\/p>\n<p style=\"text-align: justify;\"><span style=\"font-size: 12pt; font-family: helvetica; color: #000000;\"><\/span><\/p>\n<p style=\"text-align: justify;\"><span style=\"font-size: 12pt; font-family: helvetica; color: #000000;\"><em>&nbsp; &nbsp; Ende ndiej mall p\u00ebr kish\u00ebn e vog\u00ebl t\u00eb fshatit, p\u00ebr procesionin e gjat\u00eb t\u00eb s\u00eb Premtes s\u00eb Madhe me qirinj t\u00eb ndezur n\u00eb duar dhe p\u00ebr kremtimin e Ngjalljes jasht\u00eb kish\u00ebs (p\u00ebr \u201cAnastasis\u201d, si\u00e7 i themi n\u00eb greqisht), me llambadhet dhe tryezat e bollshme. Java e Madhe n\u00eb Greqi ka nj\u00eb atmosfer\u00eb m\u00eb familjare. Gjat\u00eb jav\u00ebs kreshmohet dhe b\u00ebhen shum\u00eb p\u00ebrgatitje n\u00eb sht\u00ebpi: piqen kule\u00e7\u00eb, lyhen vez\u00eb t\u00eb kuqe, b\u00ebhet nj\u00eb sup\u00eb e ve\u00e7ant\u00eb, piqet qengj n\u00eb hell p\u00ebr t\u00eb kremten e Pashk\u00ebs. Praktikisht, \u00e7do pjes\u00ebtar i familjes jepet i t\u00ebri pas k\u00ebtyre parap\u00ebrgatitjeve, k\u00ebshtu q\u00eb Pashka kremtohet brenda nj\u00eb atmosfere t\u00eb g\u00ebzueshme familjare, ashtu si\u00e7 kremtohet Krishtlindja n\u00eb Amerik\u00eb, madje, edhe m\u00eb shum\u00eb se ajo.<\/em><\/span><\/p>\n<p style=\"text-align: justify;\"><strong><span style=\"font-size: 12pt; font-family: helvetica; color: #000000;\">&nbsp; &nbsp; \u201cHalakah\u201dose m\u00ebnyr\u00eb jetese<\/span><\/strong><\/p>\n<p style=\"text-align: justify;\"><span style=\"font-size: 12pt; font-family: helvetica; color: #000000;\">&nbsp; &nbsp; N\u00eb gjuh\u00ebn hebraike, m\u00ebnyra e jetes\u00ebs quhet \u201chalakah\u201d. Judaizmi, mbi t\u00eb gjitha, ishte nj\u00eb halakah, nj\u00eb m\u00ebnyr\u00eb jetese. T\u00eb ishe jude, n\u00ebnkuptonte t\u00eb ishe i ve\u00e7ant\u00eb. Kjo dukej n\u00eb m\u00ebnyr\u00ebn se si haje, si visheshe, si e kaloje mbr\u00ebmjen e s\u00eb premtes, sa hapa hidhje dit\u00ebn e Sabatit, etj. T\u00eb qen\u00ebt jude dukej n\u00eb \u00e7do aspekt t\u00eb jet\u00ebs. Kjo do t\u00eb thot\u00eb: t\u00eb luteshe kat\u00ebr her\u00eb n\u00eb dit\u00eb dhe t\u2019u m\u00ebsoje besimin f\u00ebmij\u00ebve t\u00eb tu.<\/span><\/p>\n<p style=\"text-align: justify;\"><span style=\"font-size: 12pt; font-family: helvetica; color: #000000;\">&nbsp; &nbsp;Sociologu i Harvardit, Harvey Cox, shkruan: \u201cFamilja, q\u00eb t\u00eb mbijetoj\u00eb, ka nevoj\u00eb p\u00ebr nj\u00eb m\u00ebnyr\u00eb jetese&nbsp;t\u00ebr\u00ebsisht t\u00eb re\u201d. Ne t\u00eb krishter\u00ebt orthodhoks\u00eb kemi pasur gjithmon\u00eb nj\u00eb halakah t\u00eb till\u00eb, nj\u00eb m\u00ebnyr\u00eb jetese brenda familjes. Problemi yn\u00eb \u00ebsht\u00eb se, p\u00ebr arsye t\u00eb ndryshme, e kemi shp\u00ebrfillur at\u00eb. Ky lib\u00ebr q\u00eb keni n\u00eb dor\u00eb, ju ofron nj\u00eb m\u00ebnyr\u00eb jetese orthodhokse t\u00eb jetuar n\u00eb familje. Q\u00ebllimi yn\u00eb, p\u00ebrmes zbatimit t\u00eb praktikave shpirt\u00ebrore n\u00eb familje, t\u00eb cilat gjenden n\u00eb k\u00ebt\u00eb lib\u00ebr, \u00ebsht\u00eb q\u00eb t\u2019ju ndihmojm\u00eb t\u00eb krijoni nj\u00eb atmosfer\u00eb t\u00eb sigurt e t\u00eb sh\u00ebndetshme \u201cbesimi\u201d n\u00eb sht\u00ebpi, jo thjesht p\u00ebr nj\u00eb jav\u00eb ose p\u00ebr nj\u00eb periudh\u00eb, por p\u00ebrgjat\u00eb gjith\u00eb vitit, duke ndjekur vitin kishtar. Ky lib\u00ebr p\u00ebrmban shum\u00eb m\u00ebnyra praktike q\u00eb do t\u00eb na ndihmojn\u00eb p\u00ebr t\u00eb krijuar nj\u00eb tradit\u00eb familjare orthodhokse t\u00eb sh\u00ebndosh\u00eb n\u00eb sht\u00ebpi.<\/span><\/p>\n","protected":false},"excerpt":{"rendered":"<p>Krijimi i nj\u00eb atmosferebesimi n\u00eb sht\u00ebpi &nbsp; AT\u00cb ANTHONY M. CONIARIS FAMILJA ORTHODHOKSE &#8211; KISHA E PER\u00cbNDIS\u00cb &nbsp; &nbsp; &nbsp; Niveli i par\u00eb i besimit quhet \u201cbesim empirik (p\u00ebrmes p\u00ebrvoj\u00ebs)\u201d. Ky \u00ebsht\u00eb niveli i besimit t\u00eb f\u00ebmij\u00ebris\u00eb, kur f\u00ebmij\u00ebt e p\u00ebrjetojn\u00eb besimin n\u00ebp\u00ebrmjet njer\u00ebzve q\u00eb ndodhen p\u00ebrreth tyre.&nbsp;F\u00ebmij\u00ebt, n\u00eb k\u00ebt\u00eb faz\u00eb t\u00eb jet\u00ebs, nuk mund ta kuptojn\u00eb dot teologjin\u00eb, doktrin\u00ebn apo katekizmin, por ata mund<\/p>\n","protected":false},"author":1,"featured_media":0,"comment_status":"open","ping_status":"open","sticky":false,"template":"","format":"standard","meta":{"_acf_changed":false,"pagelayer_contact_templates":[],"_pagelayer_content":"","inline_featured_image":false,"fifu_image_url":"","fifu_image_alt":"","footnotes":""},"categories":[112],"tags":[346,609],"class_list":["post-5010","post","type-post","status-publish","format-standard","hentry","category-materiale-shpirterore-d72","tag-familja-mat-shpirterore","tag-materiale-shpirterore"],"acf":[],"yoast_head":"<!-- This site is optimized with the Yoast SEO plugin v27.2 - https:\/\/yoast.com\/product\/yoast-seo-wordpress\/ -->\n<title>Krijimi i nj\u00eb atmosfere besimi n\u00eb sht\u00ebpi (1) - Kisha Orthodh\u03bfkse Autoqefale e Shqip\u00ebris\u00eb<\/title>\n<meta name=\"robots\" content=\"index, follow, max-snippet:-1, max-image-preview:large, max-video-preview:-1\" \/>\n<link rel=\"canonical\" href=\"https:\/\/orthodoxalbania.org\/2020\/2017\/03\/01\/krijimi-i-nje-atmosfere-besimi-ne-shtepi\/\" \/>\n<meta property=\"og:locale\" content=\"en_US\" \/>\n<meta property=\"og:type\" content=\"article\" \/>\n<meta property=\"og:title\" content=\"Krijimi i nj\u00eb atmosfere besimi n\u00eb sht\u00ebpi (1) - Kisha Orthodh\u03bfkse Autoqefale e Shqip\u00ebris\u00eb\" \/>\n<meta property=\"og:description\" content=\"Krijimi i nj\u00eb atmosferebesimi n\u00eb sht\u00ebpi &nbsp; AT\u00cb ANTHONY M. CONIARIS FAMILJA ORTHODHOKSE &#8211; KISHA E PER\u00cbNDIS\u00cb &nbsp; &nbsp; &nbsp; Niveli i par\u00eb i besimit quhet \u201cbesim empirik (p\u00ebrmes p\u00ebrvoj\u00ebs)\u201d. Ky \u00ebsht\u00eb niveli i besimit t\u00eb f\u00ebmij\u00ebris\u00eb, kur f\u00ebmij\u00ebt e p\u00ebrjetojn\u00eb besimin n\u00ebp\u00ebrmjet njer\u00ebzve q\u00eb ndodhen p\u00ebrreth tyre.&nbsp;F\u00ebmij\u00ebt, n\u00eb k\u00ebt\u00eb faz\u00eb t\u00eb jet\u00ebs, nuk mund ta kuptojn\u00eb dot teologjin\u00eb, doktrin\u00ebn apo katekizmin, por ata mund\" \/>\n<meta property=\"og:url\" content=\"https:\/\/orthodoxalbania.org\/2020\/2017\/03\/01\/krijimi-i-nje-atmosfere-besimi-ne-shtepi\/\" \/>\n<meta property=\"og:site_name\" content=\"Kisha Orthodh\u03bfkse Autoqefale e Shqip\u00ebris\u00eb\" \/>\n<meta property=\"article:publisher\" content=\"https:\/\/www.facebook.com\/koash1991\" \/>\n<meta property=\"article:published_time\" content=\"2017-03-01T11:50:11+00:00\" \/>\n<meta property=\"article:modified_time\" content=\"2020-04-06T01:04:44+00:00\" \/>\n<meta property=\"og:image\" content=\"https:\/\/orthodoxalbania.org\/2020\/wp-content\/uploads\/2021\/02\/LogoLastALb-200.png\" \/>\n\t<meta property=\"og:image:width\" content=\"200\" \/>\n\t<meta property=\"og:image:height\" content=\"172\" \/>\n\t<meta property=\"og:image:type\" content=\"image\/png\" \/>\n<meta name=\"author\" content=\"Kisha Orthodhokse\" \/>\n<meta name=\"twitter:card\" content=\"summary_large_image\" \/>\n<meta name=\"twitter:label1\" content=\"Written by\" \/>\n\t<meta name=\"twitter:data1\" content=\"Kisha Orthodhokse\" \/>\n\t<meta name=\"twitter:label2\" content=\"Est. reading time\" \/>\n\t<meta name=\"twitter:data2\" content=\"3 minutes\" \/>\n<script type=\"application\/ld+json\" class=\"yoast-schema-graph\">{\"@context\":\"https:\/\/schema.org\",\"@graph\":[{\"@type\":\"Article\",\"@id\":\"https:\/\/orthodoxalbania.org\/2020\/2017\/03\/01\/krijimi-i-nje-atmosfere-besimi-ne-shtepi\/#article\",\"isPartOf\":{\"@id\":\"https:\/\/orthodoxalbania.org\/2020\/2017\/03\/01\/krijimi-i-nje-atmosfere-besimi-ne-shtepi\/\"},\"author\":{\"name\":\"Kisha Orthodhokse\",\"@id\":\"https:\/\/orthodoxalbania.org\/2020\/#\/schema\/person\/0c387634a7063ac612d7ed9ce71c7e86\"},\"headline\":\"Krijimi i nj\u00eb atmosfere besimi n\u00eb sht\u00ebpi (1)\",\"datePublished\":\"2017-03-01T11:50:11+00:00\",\"dateModified\":\"2020-04-06T01:04:44+00:00\",\"mainEntityOfPage\":{\"@id\":\"https:\/\/orthodoxalbania.org\/2020\/2017\/03\/01\/krijimi-i-nje-atmosfere-besimi-ne-shtepi\/\"},\"wordCount\":639,\"commentCount\":0,\"publisher\":{\"@id\":\"https:\/\/orthodoxalbania.org\/2020\/#organization\"},\"keywords\":[\"Familja\/Mat.Shpirterore\",\"Materiale Shpirterore\"],\"articleSection\":[\"Materiale Shpirt\u00ebrore\"],\"inLanguage\":\"en-US\"},{\"@type\":\"WebPage\",\"@id\":\"https:\/\/orthodoxalbania.org\/2020\/2017\/03\/01\/krijimi-i-nje-atmosfere-besimi-ne-shtepi\/\",\"url\":\"https:\/\/orthodoxalbania.org\/2020\/2017\/03\/01\/krijimi-i-nje-atmosfere-besimi-ne-shtepi\/\",\"name\":\"Krijimi i nj\u00eb atmosfere besimi n\u00eb sht\u00ebpi (1) - Kisha Orthodh\u03bfkse Autoqefale e Shqip\u00ebris\u00eb\",\"isPartOf\":{\"@id\":\"https:\/\/orthodoxalbania.org\/2020\/#website\"},\"datePublished\":\"2017-03-01T11:50:11+00:00\",\"dateModified\":\"2020-04-06T01:04:44+00:00\",\"breadcrumb\":{\"@id\":\"https:\/\/orthodoxalbania.org\/2020\/2017\/03\/01\/krijimi-i-nje-atmosfere-besimi-ne-shtepi\/#breadcrumb\"},\"inLanguage\":\"en-US\",\"potentialAction\":[{\"@type\":\"ReadAction\",\"target\":[\"https:\/\/orthodoxalbania.org\/2020\/2017\/03\/01\/krijimi-i-nje-atmosfere-besimi-ne-shtepi\/\"]}]},{\"@type\":\"BreadcrumbList\",\"@id\":\"https:\/\/orthodoxalbania.org\/2020\/2017\/03\/01\/krijimi-i-nje-atmosfere-besimi-ne-shtepi\/#breadcrumb\",\"itemListElement\":[{\"@type\":\"ListItem\",\"position\":1,\"name\":\"Home\",\"item\":\"https:\/\/orthodoxalbania.org\/2020\/\"},{\"@type\":\"ListItem\",\"position\":2,\"name\":\"Krijimi i nj\u00eb atmosfere besimi n\u00eb sht\u00ebpi (1)\"}]},{\"@type\":\"WebSite\",\"@id\":\"https:\/\/orthodoxalbania.org\/2020\/#website\",\"url\":\"https:\/\/orthodoxalbania.org\/2020\/\",\"name\":\"Kisha Orthodh\u03bfkse Autoqefale e Shqip\u00ebris\u00eb\",\"description\":\"Fqja Zyrtare e Kish\u00ebs Orthodhokse Autoqefale e Shqip\u00ebris\u00eb me lajmet edhe informacionet zyrtare p\u00ebr struktur\u00ebn edhe veprimtarin e saj.\",\"publisher\":{\"@id\":\"https:\/\/orthodoxalbania.org\/2020\/#organization\"},\"potentialAction\":[{\"@type\":\"SearchAction\",\"target\":{\"@type\":\"EntryPoint\",\"urlTemplate\":\"https:\/\/orthodoxalbania.org\/2020\/?s={search_term_string}\"},\"query-input\":{\"@type\":\"PropertyValueSpecification\",\"valueRequired\":true,\"valueName\":\"search_term_string\"}}],\"inLanguage\":\"en-US\"},{\"@type\":\"Organization\",\"@id\":\"https:\/\/orthodoxalbania.org\/2020\/#organization\",\"name\":\"Kisha Orthodhokse Autoqefale e Shqip\u00ebris\u00eb\",\"url\":\"https:\/\/orthodoxalbania.org\/2020\/\",\"logo\":{\"@type\":\"ImageObject\",\"inLanguage\":\"en-US\",\"@id\":\"https:\/\/orthodoxalbania.org\/2020\/#\/schema\/logo\/image\/\",\"url\":\"https:\/\/orthodoxalbania.org\/2020\/wp-content\/uploads\/2020\/05\/albania.jpeg\",\"contentUrl\":\"https:\/\/orthodoxalbania.org\/2020\/wp-content\/uploads\/2020\/05\/albania.jpeg\",\"width\":540,\"height\":540,\"caption\":\"Kisha Orthodhokse Autoqefale e Shqip\u00ebris\u00eb\"},\"image\":{\"@id\":\"https:\/\/orthodoxalbania.org\/2020\/#\/schema\/logo\/image\/\"},\"sameAs\":[\"https:\/\/www.facebook.com\/koash1991\"]},{\"@type\":\"Person\",\"@id\":\"https:\/\/orthodoxalbania.org\/2020\/#\/schema\/person\/0c387634a7063ac612d7ed9ce71c7e86\",\"name\":\"Kisha Orthodhokse\",\"image\":{\"@type\":\"ImageObject\",\"inLanguage\":\"en-US\",\"@id\":\"https:\/\/secure.gravatar.com\/avatar\/596e7c417251e30f2fbb9c00e026fce61a695a00e51c889caded71c96cbbdde5?s=96&d=mm&r=g\",\"url\":\"https:\/\/secure.gravatar.com\/avatar\/596e7c417251e30f2fbb9c00e026fce61a695a00e51c889caded71c96cbbdde5?s=96&d=mm&r=g\",\"contentUrl\":\"https:\/\/secure.gravatar.com\/avatar\/596e7c417251e30f2fbb9c00e026fce61a695a00e51c889caded71c96cbbdde5?s=96&d=mm&r=g\",\"caption\":\"Kisha Orthodhokse\"}}]}<\/script>\n<!-- \/ Yoast SEO plugin. -->","yoast_head_json":{"title":"Krijimi i nj\u00eb atmosfere besimi n\u00eb sht\u00ebpi (1) - Kisha Orthodh\u03bfkse Autoqefale e Shqip\u00ebris\u00eb","robots":{"index":"index","follow":"follow","max-snippet":"max-snippet:-1","max-image-preview":"max-image-preview:large","max-video-preview":"max-video-preview:-1"},"canonical":"https:\/\/orthodoxalbania.org\/2020\/2017\/03\/01\/krijimi-i-nje-atmosfere-besimi-ne-shtepi\/","og_locale":"en_US","og_type":"article","og_title":"Krijimi i nj\u00eb atmosfere besimi n\u00eb sht\u00ebpi (1) - Kisha Orthodh\u03bfkse Autoqefale e Shqip\u00ebris\u00eb","og_description":"Krijimi i nj\u00eb atmosferebesimi n\u00eb sht\u00ebpi &nbsp; AT\u00cb ANTHONY M. CONIARIS FAMILJA ORTHODHOKSE &#8211; KISHA E PER\u00cbNDIS\u00cb &nbsp; &nbsp; &nbsp; Niveli i par\u00eb i besimit quhet \u201cbesim empirik (p\u00ebrmes p\u00ebrvoj\u00ebs)\u201d. Ky \u00ebsht\u00eb niveli i besimit t\u00eb f\u00ebmij\u00ebris\u00eb, kur f\u00ebmij\u00ebt e p\u00ebrjetojn\u00eb besimin n\u00ebp\u00ebrmjet njer\u00ebzve q\u00eb ndodhen p\u00ebrreth tyre.&nbsp;F\u00ebmij\u00ebt, n\u00eb k\u00ebt\u00eb faz\u00eb t\u00eb jet\u00ebs, nuk mund ta kuptojn\u00eb dot teologjin\u00eb, doktrin\u00ebn apo katekizmin, por ata mund","og_url":"https:\/\/orthodoxalbania.org\/2020\/2017\/03\/01\/krijimi-i-nje-atmosfere-besimi-ne-shtepi\/","og_site_name":"Kisha Orthodh\u03bfkse Autoqefale e Shqip\u00ebris\u00eb","article_publisher":"https:\/\/www.facebook.com\/koash1991","article_published_time":"2017-03-01T11:50:11+00:00","article_modified_time":"2020-04-06T01:04:44+00:00","og_image":[{"width":200,"height":172,"url":"https:\/\/orthodoxalbania.org\/2020\/wp-content\/uploads\/2021\/02\/LogoLastALb-200.png","type":"image\/png"}],"author":"Kisha Orthodhokse","twitter_card":"summary_large_image","twitter_misc":{"Written by":"Kisha Orthodhokse","Est. reading time":"3 minutes"},"schema":{"@context":"https:\/\/schema.org","@graph":[{"@type":"Article","@id":"https:\/\/orthodoxalbania.org\/2020\/2017\/03\/01\/krijimi-i-nje-atmosfere-besimi-ne-shtepi\/#article","isPartOf":{"@id":"https:\/\/orthodoxalbania.org\/2020\/2017\/03\/01\/krijimi-i-nje-atmosfere-besimi-ne-shtepi\/"},"author":{"name":"Kisha Orthodhokse","@id":"https:\/\/orthodoxalbania.org\/2020\/#\/schema\/person\/0c387634a7063ac612d7ed9ce71c7e86"},"headline":"Krijimi i nj\u00eb atmosfere besimi n\u00eb sht\u00ebpi (1)","datePublished":"2017-03-01T11:50:11+00:00","dateModified":"2020-04-06T01:04:44+00:00","mainEntityOfPage":{"@id":"https:\/\/orthodoxalbania.org\/2020\/2017\/03\/01\/krijimi-i-nje-atmosfere-besimi-ne-shtepi\/"},"wordCount":639,"commentCount":0,"publisher":{"@id":"https:\/\/orthodoxalbania.org\/2020\/#organization"},"keywords":["Familja\/Mat.Shpirterore","Materiale Shpirterore"],"articleSection":["Materiale Shpirt\u00ebrore"],"inLanguage":"en-US"},{"@type":"WebPage","@id":"https:\/\/orthodoxalbania.org\/2020\/2017\/03\/01\/krijimi-i-nje-atmosfere-besimi-ne-shtepi\/","url":"https:\/\/orthodoxalbania.org\/2020\/2017\/03\/01\/krijimi-i-nje-atmosfere-besimi-ne-shtepi\/","name":"Krijimi i nj\u00eb atmosfere besimi n\u00eb sht\u00ebpi (1) - Kisha Orthodh\u03bfkse Autoqefale e Shqip\u00ebris\u00eb","isPartOf":{"@id":"https:\/\/orthodoxalbania.org\/2020\/#website"},"datePublished":"2017-03-01T11:50:11+00:00","dateModified":"2020-04-06T01:04:44+00:00","breadcrumb":{"@id":"https:\/\/orthodoxalbania.org\/2020\/2017\/03\/01\/krijimi-i-nje-atmosfere-besimi-ne-shtepi\/#breadcrumb"},"inLanguage":"en-US","potentialAction":[{"@type":"ReadAction","target":["https:\/\/orthodoxalbania.org\/2020\/2017\/03\/01\/krijimi-i-nje-atmosfere-besimi-ne-shtepi\/"]}]},{"@type":"BreadcrumbList","@id":"https:\/\/orthodoxalbania.org\/2020\/2017\/03\/01\/krijimi-i-nje-atmosfere-besimi-ne-shtepi\/#breadcrumb","itemListElement":[{"@type":"ListItem","position":1,"name":"Home","item":"https:\/\/orthodoxalbania.org\/2020\/"},{"@type":"ListItem","position":2,"name":"Krijimi i nj\u00eb atmosfere besimi n\u00eb sht\u00ebpi (1)"}]},{"@type":"WebSite","@id":"https:\/\/orthodoxalbania.org\/2020\/#website","url":"https:\/\/orthodoxalbania.org\/2020\/","name":"Kisha Orthodh\u03bfkse Autoqefale e Shqip\u00ebris\u00eb","description":"Fqja Zyrtare e Kish\u00ebs Orthodhokse Autoqefale e Shqip\u00ebris\u00eb me lajmet edhe informacionet zyrtare p\u00ebr struktur\u00ebn edhe veprimtarin e saj.","publisher":{"@id":"https:\/\/orthodoxalbania.org\/2020\/#organization"},"potentialAction":[{"@type":"SearchAction","target":{"@type":"EntryPoint","urlTemplate":"https:\/\/orthodoxalbania.org\/2020\/?s={search_term_string}"},"query-input":{"@type":"PropertyValueSpecification","valueRequired":true,"valueName":"search_term_string"}}],"inLanguage":"en-US"},{"@type":"Organization","@id":"https:\/\/orthodoxalbania.org\/2020\/#organization","name":"Kisha Orthodhokse Autoqefale e Shqip\u00ebris\u00eb","url":"https:\/\/orthodoxalbania.org\/2020\/","logo":{"@type":"ImageObject","inLanguage":"en-US","@id":"https:\/\/orthodoxalbania.org\/2020\/#\/schema\/logo\/image\/","url":"https:\/\/orthodoxalbania.org\/2020\/wp-content\/uploads\/2020\/05\/albania.jpeg","contentUrl":"https:\/\/orthodoxalbania.org\/2020\/wp-content\/uploads\/2020\/05\/albania.jpeg","width":540,"height":540,"caption":"Kisha Orthodhokse Autoqefale e Shqip\u00ebris\u00eb"},"image":{"@id":"https:\/\/orthodoxalbania.org\/2020\/#\/schema\/logo\/image\/"},"sameAs":["https:\/\/www.facebook.com\/koash1991"]},{"@type":"Person","@id":"https:\/\/orthodoxalbania.org\/2020\/#\/schema\/person\/0c387634a7063ac612d7ed9ce71c7e86","name":"Kisha Orthodhokse","image":{"@type":"ImageObject","inLanguage":"en-US","@id":"https:\/\/secure.gravatar.com\/avatar\/596e7c417251e30f2fbb9c00e026fce61a695a00e51c889caded71c96cbbdde5?s=96&d=mm&r=g","url":"https:\/\/secure.gravatar.com\/avatar\/596e7c417251e30f2fbb9c00e026fce61a695a00e51c889caded71c96cbbdde5?s=96&d=mm&r=g","contentUrl":"https:\/\/secure.gravatar.com\/avatar\/596e7c417251e30f2fbb9c00e026fce61a695a00e51c889caded71c96cbbdde5?s=96&d=mm&r=g","caption":"Kisha Orthodhokse"}}]}},"_links":{"self":[{"href":"https:\/\/orthodoxalbania.org\/2020\/wp-json\/wp\/v2\/posts\/5010","targetHints":{"allow":["GET"]}}],"collection":[{"href":"https:\/\/orthodoxalbania.org\/2020\/wp-json\/wp\/v2\/posts"}],"about":[{"href":"https:\/\/orthodoxalbania.org\/2020\/wp-json\/wp\/v2\/types\/post"}],"author":[{"embeddable":true,"href":"https:\/\/orthodoxalbania.org\/2020\/wp-json\/wp\/v2\/users\/1"}],"replies":[{"embeddable":true,"href":"https:\/\/orthodoxalbania.org\/2020\/wp-json\/wp\/v2\/comments?post=5010"}],"version-history":[{"count":1,"href":"https:\/\/orthodoxalbania.org\/2020\/wp-json\/wp\/v2\/posts\/5010\/revisions"}],"predecessor-version":[{"id":14470,"href":"https:\/\/orthodoxalbania.org\/2020\/wp-json\/wp\/v2\/posts\/5010\/revisions\/14470"}],"wp:attachment":[{"href":"https:\/\/orthodoxalbania.org\/2020\/wp-json\/wp\/v2\/media?parent=5010"}],"wp:term":[{"taxonomy":"category","embeddable":true,"href":"https:\/\/orthodoxalbania.org\/2020\/wp-json\/wp\/v2\/categories?post=5010"},{"taxonomy":"post_tag","embeddable":true,"href":"https:\/\/orthodoxalbania.org\/2020\/wp-json\/wp\/v2\/tags?post=5010"}],"curies":[{"name":"wp","href":"https:\/\/api.w.org\/{rel}","templated":true}]}}