{"id":5007,"date":"2017-02-16T12:42:49","date_gmt":"2017-02-16T12:42:49","guid":{"rendered":""},"modified":"2020-04-06T01:04:44","modified_gmt":"2020-04-06T01:04:44","slug":"edukimi-fetar-i-femijeve","status":"publish","type":"post","link":"https:\/\/orthodoxalbania.org\/2020\/2017\/02\/16\/edukimi-fetar-i-femijeve\/","title":{"rendered":"Edukimi fetar i f\u00ebmij\u00ebve (5)"},"content":{"rendered":"<p style=\"text-align: center;\"><strong><span style=\"font-size: 12pt; font-family: helvetica; color: #000000;\">EDUKIMI FETAR I F\u00cbMIJ\u00cbVE<\/span><\/strong><\/p>\n<p style=\"text-align: center;\"><strong><span style=\"font-size: 12pt; font-family: helvetica; color: #000000;\">Motra Magdalen<\/span><\/strong><\/p>\n<p style=\"text-align: center;\"><strong><span style=\"font-size: 12pt; font-family: helvetica; color: #000000;\">Reflektime mbi F\u00ebmij\u00ebt N\u00eb Kish\u00eb Sot<\/span><\/strong><\/p>\n<p style=\"text-align: justify;\">&nbsp;<\/p>\n<p style=\"text-align: justify;\"><span style=\"font-size: 12pt; font-family: helvetica; color: #000000;\">&nbsp; &nbsp; Q\u00ebllimi q\u00eb duhet t\u00eb mbajn\u00eb n\u00eb mendje prind\u00ebrit dhe m\u00ebsuesit e krishter\u00eb \u00ebsht\u00eb: t\u00eb frym\u00ebzojn\u00eb tek f\u00ebmij\u00ebt dashurin\u00eb personale p\u00ebr Krishtin dhe N\u00ebn\u00ebn e Per\u00ebndis\u00eb.<\/span><\/p>\n<p> <\/p>\n<p style=\"text-align: justify;\"><span style=\"font-size: 12pt; font-family: helvetica; color: #000000;\"> N\u00ebse f\u00ebmija rritet duke nderuar Krishtin dhe N\u00ebn\u00ebn e Per\u00ebndis\u00eb si persona t\u00eb dashur, kjo dashuri do t\u00eb nd\u00ebrtoj\u00eb zemr\u00ebn e tij n\u00eb Per\u00ebndin\u00eb dhe n\u00ebse m\u00eb von\u00eb ai ka dyshime apo braktis dhe Kish\u00ebn, t\u00eb pakt\u00ebn nuk do t\u00eb dal\u00eb kund\u00ebr Krishtit n\u00eb zemr\u00ebn e tij dhe kjo gj\u00eb mund t\u00eb ndihmoj\u00eb p\u00ebr shp\u00ebtimin e tij.<\/span><span style=\"font-size: 12pt; font-family: helvetica; color: #000000;\"><\/span><\/p>\n<p style=\"text-align: justify;\"><span style=\"font-size: 12pt; font-family: helvetica; color: #000000;\">&nbsp; &nbsp; Edukimi fetar i f\u00ebmij\u00ebve b\u00ebhet i mundur kryesisht nga shembulli dhe atmosfera e dashuris\u00eb dhe lutjes n\u00eb sht\u00ebpi. Zemra e f\u00ebmij\u00ebs preket edhe pa shpjegim dhe ai e merr lutjen si nj\u00eb veprimtari t\u00eb natyrshme dhe njeh pranin\u00eb e Per\u00ebndis\u00eb pa pasur nevoj\u00eb p\u00ebr prova logjike.<\/span><\/p>\n<p style=\"text-align: justify;\"><span style=\"font-size: 12pt; font-family: helvetica; color: #000000;\">N\u00eb jet\u00ebn e shenjtor\u00ebve shpesh dikush kupton se si jeta e shenjtorit ndikohet nga nj\u00eb person i shenjt\u00eb t\u00eb cilin ai e sheh. Sh\u00ebn Nektari gjithmon\u00eb e kujtonte dashurin\u00eb e gjyshes dhe m\u00ebnyr\u00ebn se si ajo q\u00ebndronte n\u00eb k\u00ebmb\u00eb duke u lutur para ikonave.<\/span><\/p>\n<p style=\"text-align: justify;\"><span style=\"font-size: 12pt; font-family: helvetica; color: #000000;\">&nbsp; &nbsp; Dashuria, lutja dhe shembulli jan\u00eb m\u00eb shum\u00eb efektive se fjal\u00ebt &#8211; n\u00eb t\u00eb v\u00ebrtet\u00eb k\u00ebto gj\u00ebra iu japin vler\u00eb fjal\u00ebve kur b\u00ebhet fjal\u00eb p\u00ebr ta drejtuar f\u00ebmij\u00ebn te Per\u00ebndia. Puna jon\u00eb si prind\u00ebr apo si m\u00ebsues shpirt\u00ebror\u00eb \u00ebsht\u00eb shpesh nj\u00eb pun\u00eb jo e dukshme, dhe na jep p\u00ebrvoj\u00ebn e aspektit \u201ct\u00eb tmerrsh\u00ebm\u201d t\u00eb liris\u00eb njer\u00ebzore: q\u00eb askush nuk mund t\u00eb imponoj\u00eb dashurin\u00eb p\u00ebr Per\u00ebndin\u00eb tek nj\u00eb person tjet\u00ebr. Ne d\u00ebshirojm\u00eb q\u00eb Per\u00ebndia t\u00eb pranohet me vullnet t\u00eb lir\u00eb tek \u00e7do njeri. Por n\u00eb t\u00eb nj\u00ebjt\u00ebn koh\u00eb lutja jon\u00eb p\u00ebr f\u00ebmij\u00ebt tan\u00eb t\u00eb dashur na shkakton dhimbje t\u00eb brendshme t\u00eb vazhdueshme. \u00cbsht\u00eb m\u00eb e leht\u00eb t\u00eb flas\u00ebsh sesa t\u00eb lutesh.<\/span><\/p>\n<p style=\"text-align: justify;\"><span style=\"font-size: 12pt; font-family: helvetica; color: #000000;\">&nbsp; &nbsp; Kur p\u00ebrpiqemi t\u2019i m\u00ebsojm\u00eb f\u00ebmij\u00ebt p\u00ebr Per\u00ebndin\u00eb me fjal\u00eb dhe nuk mund t\u00eb gjejm\u00eb shprehjen e duhur apo tema ndryshon, nuk duhet q\u00eb me patjet\u00ebr t\u00eb imponojm\u00eb shpjegimin ton\u00eb &#8211; duhet t\u2019i shkojm\u00eb pas frym\u00ebzimit t\u00eb Per\u00ebndis\u00eb dhe mendjes s\u00eb vet\u00eb f\u00ebmij\u00ebs. Ndihma q\u00eb u japim f\u00ebmij\u00ebve tan\u00eb nuk varet aq shum\u00eb nga fjal\u00ebt tona p\u00ebr Per\u00ebndin\u00eb, por nga q\u00ebndrimi yn\u00eb n\u00eb pranin\u00eb e Per\u00ebndis\u00eb. T\u00eb krishter\u00ebt n\u00eb mosh\u00eb t\u00eb rritur priren t\u00eb mendojn\u00eb q\u00eb Per\u00ebndia nuk ndodhet n\u00eb nj\u00eb bised\u00eb n\u00ebse Ai nuk \u00ebsht\u00eb tema e bised\u00ebs.<\/span><\/p>\n<p style=\"text-align: justify;\"><span style=\"font-size: 12pt; font-family: helvetica; color: #000000;\">&nbsp; &nbsp; Metodat m\u00eb t\u00eb mira edukative synojn\u00eb t\u2019u m\u00ebsojn\u00eb f\u00ebmij\u00ebve si t\u00eb m\u00ebsojn\u00eb. Ka nj\u00eb proverb i cili thot\u00eb: \u201cJepi nj\u00eb peshk f\u00ebmij\u00ebs t\u00ebnd dhe ai do t\u00eb haj\u00eb mir\u00eb sot. M\u00ebsoje si t\u00eb p\u00ebrdor\u00eb nj\u00eb rrjet\u00eb peshkimi dhe ai do t\u00eb haj\u00eb mir\u00eb gjith\u00eb jet\u00ebn e tij\u201d.<\/span><\/p>\n<p style=\"text-align: justify;\"><span style=\"font-size: 12pt; font-family: helvetica; color: #000000;\">&nbsp; &nbsp; Ne e kuptojm\u00eb n\u00eb t\u00eb nj\u00ebjt\u00ebn m\u00ebnyr\u00eb detyr\u00ebn ton\u00eb si prind\u00ebr dhe m\u00ebsues t\u00eb krishter\u00eb. Ne i frym\u00ebzojm\u00eb f\u00ebmij\u00ebt tan\u00eb t\u00eb duan Per\u00ebndin\u00eb dhe i m\u00ebsojm\u00eb se si t\u00eb zbulojn\u00eb vullnetin e Per\u00ebndis\u00eb p\u00ebr veten e tyre. N\u00ebse f\u00ebmij\u00ebve tan\u00eb u m\u00ebsohet t\u00eb duan Per\u00ebndin\u00eb dhe shenjtor\u00ebt, \u201ct\u00eb gjitha t\u00eb tjerat do t\u2019u shtohen\u201d (Math. 6:33).<\/span><\/p>\n<p style=\"text-align: justify;\"><span style=\"font-size: 12pt; font-family: helvetica; color: #000000;\">&nbsp; &nbsp; F\u00ebmij\u00ebt n\u00eb familjet e krishtera, ndonj\u00ebher\u00eb vuajn\u00eb nga nj\u00eb lloj \u201cdhimbje e mosasimilimit\u201d shkaktuar nga mbidoza e d\u00ebgjimit p\u00ebr Per\u00ebndin\u00eb ose p\u00ebr \u00e7\u00ebshtjet e Kish\u00ebs. Ata nga mir\u00ebsjellja mund t\u00eb vazhdojn\u00eb t\u00eb d\u00ebgjojn\u00eb, por dikush mund ta dalloj\u00eb q\u00eb n\u00eb t\u00eb v\u00ebrtet\u00eb ata nuk jan\u00eb t\u00eb interesuar t\u00eb d\u00ebgjojn\u00eb m\u00eb p\u00ebr Per\u00ebndin\u00eb dhe madje jan\u00eb t\u00eb lodhur e duan t\u00eb pushojn\u00eb. N\u00eb nj\u00eb or\u00eb katekizmi dikush v\u00ebren ndryshime t\u00eb m\u00ebdha midis f\u00ebmij\u00ebve p\u00ebr sa i p\u00ebrket aft\u00ebsis\u00eb dhe d\u00ebshir\u00ebs s\u00eb tyre p\u00ebr t\u00eb d\u00ebgjuar p\u00ebr Per\u00ebndin\u00eb. Ne si t\u00eb rritur mund t\u00eb shkaktojm\u00eb d\u00ebm serioz shpirt\u00ebror duke mos folur me f\u00ebmij\u00ebn me mas\u00eb. Ne duhet t\u00eb p\u00ebrpiqemi t\u00eb frym\u00ebzojm\u00eb, por nuk duhet t\u00eb imponojm\u00eb. Ka f\u00ebmij\u00eb q\u00eb nuk nx\u00ebn\u00eb gjithmon\u00eb nj\u00eblloj, her\u00eb m\u00eb shum\u00eb e her\u00eb m\u00eb pak.<\/span><\/p>\n<p style=\"text-align: justify;\"><span style=\"font-size: 12pt; font-family: helvetica; color: #000000;\"><strong>&nbsp; &nbsp; Vlera e nj\u00eb ore katekizmi<\/strong><\/span><\/p>\n<p style=\"text-align: justify;\"><span style=\"font-size: 12pt; font-family: helvetica; color: #000000;\">&nbsp; &nbsp; Si e gjykojm\u00eb ne vler\u00ebn e nj\u00eb ore katekizmi? \u00cbsht\u00eb shum\u00eb m\u00eb tep\u00ebr e r\u00ebnd\u00ebsishme q\u00eb f\u00ebmij\u00ebt t\u00eb l\u00ebn\u00eb klas\u00ebn t\u00eb frym\u00ebzuar dhe t\u00eb duan m\u00eb shum\u00eb Per\u00ebndin\u00eb sesa t\u00eb plot\u00ebsohet programi i m\u00ebsuesit. Ka raste q\u00eb f\u00ebmij\u00ebt kan\u00eb nj\u00eb tem\u00eb q\u00eb i shqet\u00ebson n\u00eb mendjen e tyre dhe mund t\u00eb ishte shpirt\u00ebrisht m\u00eb dobiprur\u00ebse t\u00eb flisnim rreth k\u00ebsaj teme me ta. Ka raste q\u00eb nd\u00ebrhyrjet dhe komentet e tyre na japin t\u00eb dh\u00ebna p\u00ebr shqet\u00ebsimet dhe gjendjet reale t\u00eb f\u00ebmij\u00ebve. Testi i v\u00ebrtet\u00eb i katekizmit nuk \u00ebsht\u00eb sa shum\u00eb fakte kan\u00eb m\u00ebsuar f\u00ebmij\u00ebt, por fakti n\u00ebse krijohet tek ata nj\u00eb bindje m\u00eb e p\u00ebrzem\u00ebrt se rruga e Kish\u00ebs \u00ebsht\u00eb rruga e jet\u00ebs s\u00eb v\u00ebrtet\u00eb. Emrat dhe faktet duhen menduar si var\u00ebse mbi t\u00eb cilat mund t\u00eb varim k\u00ebt\u00eb frym\u00ebzim.<\/span><\/p>\n<p style=\"text-align: justify;\"><span style=\"font-size: 12pt; font-family: helvetica; color: #000000;\">&nbsp; &nbsp; Njer\u00ebzve u p\u00eblqen t\u00eb d\u00ebgjojn\u00eb kur m\u00ebsuesit tregojn\u00eb p\u00ebr pyetjet dhe p\u00ebrgjigjet e f\u00ebmij\u00ebve rreth Per\u00ebndis\u00eb. N\u00eb t\u00eb v\u00ebrtet\u00eb, f\u00ebmij\u00ebt thon\u00eb shum\u00eb gj\u00ebra arg\u00ebtuese dhe prek\u00ebse. Biseda me f\u00ebmij\u00ebt nuk \u00ebsht\u00eb nj\u00eb \u00e7\u00ebshtje p\u00ebr t\u00eb mbledhur th\u00ebnie t\u00eb bukura. M\u00ebsuesi mund t\u00eb ket\u00eb folur p\u00ebr or\u00eb t\u00eb t\u00ebra p\u00ebr televizorin, shkoll\u00ebn, ushqimin ose loj\u00ebrat, madje para se t\u00eb ken\u00eb p\u00ebrmendur Per\u00ebndin\u00eb.<\/span><\/p>\n<p style=\"text-align: justify;\"><span style=\"font-size: 12pt; font-family: helvetica; color: #000000;\">&nbsp; &nbsp; M\u00ebsuesit m\u00eb t\u00eb vlefsh\u00ebm jan\u00eb ata q\u00eb kan\u00eb marr\u00ebdh\u00ebnie t\u00eb mira me f\u00ebmij\u00ebt. F\u00ebmij\u00ebt shpesh do t\u00eb marrin p\u00ebrgjigje kategorike nga nj\u00eb i rritur, dashurin\u00eb e t\u00eb cilit e ndiejn\u00eb dhe opinionin e t\u00eb cilit e besojn\u00eb. \u201cAsgj\u00eb nuk e \u00e7on p\u00ebrpara m\u00ebsimdh\u00ebnien m\u00eb shum\u00eb sesa kjo: \u2018t\u00eb duash dhe t\u00eb ndihesh i dashur\u2019\u201d (Sh\u00ebn Joan Gojarti).<\/span><\/p>\n<p style=\"text-align: justify;\"><span style=\"font-size: 12pt; font-family: helvetica; color: #000000;\">&nbsp; &nbsp; F\u00ebmij\u00ebt rreth mosh\u00ebs 7 vje\u00e7 mund t\u00eb fillojn\u00eb t\u00eb mendojn\u00eb seriozisht p\u00ebr \u00e7\u00ebshtje metafizike t\u00eb tilla si \u201cKush e krijoi Per\u00ebndin\u00eb?\u201d dhe t\u00eb p\u00ebrpiqen t\u00eb kuptojn\u00eb t\u00eb qenit t\u00eb p\u00ebrjetsh\u00ebm.<\/span><\/p>\n<p style=\"text-align: justify;\"><span style=\"font-size: 12pt; font-family: helvetica; color: #000000;\"><strong>&nbsp; &nbsp; Ikonat dhe Shkrimi i Shenjt\u00eb si burime<\/strong><\/span><\/p>\n<p style=\"text-align: justify;\"><span style=\"font-size: 12pt; font-family: helvetica; color: #000000;\">&nbsp; &nbsp; Ikonat jan\u00eb nj\u00eb m\u00ebnyr\u00eb e mir\u00eb q\u00eb f\u00ebmij\u00ebt t\u00eb njohin dhe t\u00eb duan Krishtin dhe shenjtor\u00ebt; madje edhe kur f\u00ebmija \u00ebsht\u00eb shum\u00eb i vog\u00ebl, ai mund t\u00eb ket\u00eb n\u00eb dhom\u00ebn e tij ikon\u00ebn e Zotit, N\u00ebn\u00ebs s\u00eb Per\u00ebndis\u00eb ose t\u00eb ndonj\u00eb shenjtori. Ikonat nxisin pyetje tek f\u00ebmij\u00ebt dhe ato vet\u00eb u japin atyre p\u00ebrgjigje. Ikonat duhet t\u00eb na flasin t\u00eb gjith\u00ebve n\u00eb m\u00ebnyr\u00eb t\u00eb drejtp\u00ebrdrejt\u00eb, vizuale. T\u00eb rriturit priren t\u00eb shprehin me fjal\u00eb ose ta arsyetojn\u00eb p\u00ebrjetimin e tyre vizual. F\u00ebmij\u00ebt shpesh kuptojn\u00eb mistere t\u00eb thella teologjike n\u00ebp\u00ebrmjet ikonave &#8211; p\u00ebr shembull duke krahasuar ikon\u00ebn e Kryq\u00ebzimit me ikon\u00ebn e Ngjalljes. Ata nuk mund t\u00eb thellohen n\u00eb shpjegimin e misterit, por fjal\u00ebt e tyre dhe shprehit\u00eb e fytyr\u00ebs s\u00eb tyre tregojn\u00eb q\u00eb ikona ka dep\u00ebrtuar n\u00eb zemr\u00ebn dhe mendjen e tyre.<\/span><\/p>\n<p style=\"text-align: justify;\"><span style=\"font-size: 12pt; font-family: helvetica; color: #000000;\">&nbsp; &nbsp; Ikona p\u00ebrb\u00ebn nj\u00eb fokus shum\u00eb t\u00eb dobish\u00ebm n\u00eb nj\u00eb m\u00ebsim katekizmi; por ajo duhet trajtuar gjithmon\u00eb me respekt, si nj\u00eb objekt nderimi, madje edhe kur theksohet aspekti i saj pedagogjik.<\/span><\/p>\n<p style=\"text-align: justify;\"><span style=\"font-size: 12pt; font-family: helvetica; color: #000000;\">&nbsp; &nbsp; Q\u00eb n\u00eb mosh\u00eb t\u00eb vog\u00ebl f\u00ebmij\u00ebt mund t\u00eb frym\u00ebzohen t\u00eb duan Shkrimin e Shenjt\u00eb dhe jet\u00ebt e shenjtor\u00ebve. \u00cbsht\u00eb e r\u00ebnd\u00ebsishme q\u00eb f\u00ebmij\u00ebt t\u00eb kuptojn\u00eb nga prind\u00ebrit dhe m\u00ebsuesit e tyre se Shkrimi i Shenjt\u00eb dhe jet\u00ebt e shenjtor\u00ebve jan\u00eb frym\u00ebzuese dhe t\u00eb p\u00ebrshtatshme p\u00ebr ne sot, dhe kjo \u00ebsht\u00eb m\u00eb me shum\u00eb vler\u00eb sesa sasia q\u00eb lexohet apo faktet q\u00eb duhet t\u00eb mbahen mend. Ne duhet t\u00eb jemi t\u00eb p\u00ebrgatitur p\u00ebr t\u2019u th\u00ebn\u00eb f\u00ebmij\u00ebve tregime t\u00eb ndryshme nga Bibla apo nga jet\u00ebt e shenjt\u00ebrove, n\u00eb m\u00ebnyr\u00eb q\u00eb k\u00ebto tregime t\u00eb mos jen\u00eb t\u00eb nj\u00ebjtat e t\u00eb b\u00ebhen t\u00eb m\u00ebrzitshme p\u00ebr f\u00ebmij\u00ebt. (\u00cbsht\u00eb mir\u00eb q\u00eb t\u00eb familjarizohen edhe me tregime t\u00eb mir\u00ebnjohura jofetare.) Shkrimi i Shenjt\u00eb dhe jet\u00ebt e shenjtor\u00ebve duhen konsideruar si tregimet me vler\u00ebn m\u00eb t\u00eb madhe; leximi i tyre nuk duhet paraqitur si nj\u00eb detyrim shpres\u00ebtarie.<\/span><\/p>\n","protected":false},"excerpt":{"rendered":"<p>EDUKIMI FETAR I F\u00cbMIJ\u00cbVE Motra Magdalen Reflektime mbi F\u00ebmij\u00ebt N\u00eb Kish\u00eb Sot &nbsp; &nbsp; &nbsp; Q\u00ebllimi q\u00eb duhet t\u00eb mbajn\u00eb n\u00eb mendje prind\u00ebrit dhe m\u00ebsuesit e krishter\u00eb \u00ebsht\u00eb: t\u00eb frym\u00ebzojn\u00eb tek f\u00ebmij\u00ebt dashurin\u00eb personale p\u00ebr Krishtin dhe N\u00ebn\u00ebn e Per\u00ebndis\u00eb. N\u00ebse f\u00ebmija rritet duke nderuar Krishtin dhe N\u00ebn\u00ebn e Per\u00ebndis\u00eb si persona t\u00eb dashur, kjo dashuri do t\u00eb nd\u00ebrtoj\u00eb zemr\u00ebn e tij n\u00eb Per\u00ebndin\u00eb dhe<\/p>\n","protected":false},"author":1,"featured_media":0,"comment_status":"open","ping_status":"open","sticky":false,"template":"","format":"standard","meta":{"_acf_changed":false,"pagelayer_contact_templates":[],"_pagelayer_content":"","inline_featured_image":false,"fifu_image_url":"","fifu_image_alt":"","footnotes":""},"categories":[112],"tags":[346,609],"class_list":["post-5007","post","type-post","status-publish","format-standard","hentry","category-materiale-shpirterore-d72","tag-familja-mat-shpirterore","tag-materiale-shpirterore"],"acf":[],"yoast_head":"<!-- This site is optimized with the Yoast SEO plugin v27.2 - https:\/\/yoast.com\/product\/yoast-seo-wordpress\/ -->\n<title>Edukimi fetar i f\u00ebmij\u00ebve (5) - Kisha Orthodh\u03bfkse Autoqefale e Shqip\u00ebris\u00eb<\/title>\n<meta name=\"robots\" content=\"index, follow, max-snippet:-1, max-image-preview:large, max-video-preview:-1\" \/>\n<link rel=\"canonical\" href=\"https:\/\/orthodoxalbania.org\/2020\/2017\/02\/16\/edukimi-fetar-i-femijeve\/\" \/>\n<meta property=\"og:locale\" content=\"en_US\" \/>\n<meta property=\"og:type\" content=\"article\" \/>\n<meta property=\"og:title\" content=\"Edukimi fetar i f\u00ebmij\u00ebve (5) - Kisha Orthodh\u03bfkse Autoqefale e Shqip\u00ebris\u00eb\" \/>\n<meta property=\"og:description\" content=\"EDUKIMI FETAR I F\u00cbMIJ\u00cbVE Motra Magdalen Reflektime mbi F\u00ebmij\u00ebt N\u00eb Kish\u00eb Sot &nbsp; &nbsp; &nbsp; Q\u00ebllimi q\u00eb duhet t\u00eb mbajn\u00eb n\u00eb mendje prind\u00ebrit dhe m\u00ebsuesit e krishter\u00eb \u00ebsht\u00eb: t\u00eb frym\u00ebzojn\u00eb tek f\u00ebmij\u00ebt dashurin\u00eb personale p\u00ebr Krishtin dhe N\u00ebn\u00ebn e Per\u00ebndis\u00eb. N\u00ebse f\u00ebmija rritet duke nderuar Krishtin dhe N\u00ebn\u00ebn e Per\u00ebndis\u00eb si persona t\u00eb dashur, kjo dashuri do t\u00eb nd\u00ebrtoj\u00eb zemr\u00ebn e tij n\u00eb Per\u00ebndin\u00eb dhe\" \/>\n<meta property=\"og:url\" content=\"https:\/\/orthodoxalbania.org\/2020\/2017\/02\/16\/edukimi-fetar-i-femijeve\/\" \/>\n<meta property=\"og:site_name\" content=\"Kisha Orthodh\u03bfkse Autoqefale e Shqip\u00ebris\u00eb\" \/>\n<meta property=\"article:publisher\" content=\"https:\/\/www.facebook.com\/koash1991\" \/>\n<meta property=\"article:published_time\" content=\"2017-02-16T12:42:49+00:00\" \/>\n<meta property=\"article:modified_time\" content=\"2020-04-06T01:04:44+00:00\" \/>\n<meta property=\"og:image\" content=\"https:\/\/orthodoxalbania.org\/2020\/wp-content\/uploads\/2021\/02\/LogoLastALb-200.png\" \/>\n\t<meta property=\"og:image:width\" content=\"200\" \/>\n\t<meta property=\"og:image:height\" content=\"172\" \/>\n\t<meta property=\"og:image:type\" content=\"image\/png\" \/>\n<meta name=\"author\" content=\"Kisha Orthodhokse\" \/>\n<meta name=\"twitter:card\" content=\"summary_large_image\" \/>\n<meta name=\"twitter:label1\" content=\"Written by\" \/>\n\t<meta name=\"twitter:data1\" content=\"Kisha Orthodhokse\" \/>\n\t<meta name=\"twitter:label2\" content=\"Est. reading time\" \/>\n\t<meta name=\"twitter:data2\" content=\"8 minutes\" \/>\n<script type=\"application\/ld+json\" class=\"yoast-schema-graph\">{\"@context\":\"https:\/\/schema.org\",\"@graph\":[{\"@type\":\"Article\",\"@id\":\"https:\/\/orthodoxalbania.org\/2020\/2017\/02\/16\/edukimi-fetar-i-femijeve\/#article\",\"isPartOf\":{\"@id\":\"https:\/\/orthodoxalbania.org\/2020\/2017\/02\/16\/edukimi-fetar-i-femijeve\/\"},\"author\":{\"name\":\"Kisha Orthodhokse\",\"@id\":\"https:\/\/orthodoxalbania.org\/2020\/#\/schema\/person\/0c387634a7063ac612d7ed9ce71c7e86\"},\"headline\":\"Edukimi fetar i f\u00ebmij\u00ebve (5)\",\"datePublished\":\"2017-02-16T12:42:49+00:00\",\"dateModified\":\"2020-04-06T01:04:44+00:00\",\"mainEntityOfPage\":{\"@id\":\"https:\/\/orthodoxalbania.org\/2020\/2017\/02\/16\/edukimi-fetar-i-femijeve\/\"},\"wordCount\":1559,\"commentCount\":0,\"publisher\":{\"@id\":\"https:\/\/orthodoxalbania.org\/2020\/#organization\"},\"keywords\":[\"Familja\/Mat.Shpirterore\",\"Materiale Shpirterore\"],\"articleSection\":[\"Materiale Shpirt\u00ebrore\"],\"inLanguage\":\"en-US\"},{\"@type\":\"WebPage\",\"@id\":\"https:\/\/orthodoxalbania.org\/2020\/2017\/02\/16\/edukimi-fetar-i-femijeve\/\",\"url\":\"https:\/\/orthodoxalbania.org\/2020\/2017\/02\/16\/edukimi-fetar-i-femijeve\/\",\"name\":\"Edukimi fetar i f\u00ebmij\u00ebve (5) - Kisha Orthodh\u03bfkse Autoqefale e Shqip\u00ebris\u00eb\",\"isPartOf\":{\"@id\":\"https:\/\/orthodoxalbania.org\/2020\/#website\"},\"datePublished\":\"2017-02-16T12:42:49+00:00\",\"dateModified\":\"2020-04-06T01:04:44+00:00\",\"breadcrumb\":{\"@id\":\"https:\/\/orthodoxalbania.org\/2020\/2017\/02\/16\/edukimi-fetar-i-femijeve\/#breadcrumb\"},\"inLanguage\":\"en-US\",\"potentialAction\":[{\"@type\":\"ReadAction\",\"target\":[\"https:\/\/orthodoxalbania.org\/2020\/2017\/02\/16\/edukimi-fetar-i-femijeve\/\"]}]},{\"@type\":\"BreadcrumbList\",\"@id\":\"https:\/\/orthodoxalbania.org\/2020\/2017\/02\/16\/edukimi-fetar-i-femijeve\/#breadcrumb\",\"itemListElement\":[{\"@type\":\"ListItem\",\"position\":1,\"name\":\"Home\",\"item\":\"https:\/\/orthodoxalbania.org\/2020\/\"},{\"@type\":\"ListItem\",\"position\":2,\"name\":\"Edukimi fetar i f\u00ebmij\u00ebve (5)\"}]},{\"@type\":\"WebSite\",\"@id\":\"https:\/\/orthodoxalbania.org\/2020\/#website\",\"url\":\"https:\/\/orthodoxalbania.org\/2020\/\",\"name\":\"Kisha Orthodh\u03bfkse Autoqefale e Shqip\u00ebris\u00eb\",\"description\":\"Fqja Zyrtare e Kish\u00ebs Orthodhokse Autoqefale e Shqip\u00ebris\u00eb me lajmet edhe informacionet zyrtare p\u00ebr struktur\u00ebn edhe veprimtarin e saj.\",\"publisher\":{\"@id\":\"https:\/\/orthodoxalbania.org\/2020\/#organization\"},\"potentialAction\":[{\"@type\":\"SearchAction\",\"target\":{\"@type\":\"EntryPoint\",\"urlTemplate\":\"https:\/\/orthodoxalbania.org\/2020\/?s={search_term_string}\"},\"query-input\":{\"@type\":\"PropertyValueSpecification\",\"valueRequired\":true,\"valueName\":\"search_term_string\"}}],\"inLanguage\":\"en-US\"},{\"@type\":\"Organization\",\"@id\":\"https:\/\/orthodoxalbania.org\/2020\/#organization\",\"name\":\"Kisha Orthodhokse Autoqefale e Shqip\u00ebris\u00eb\",\"url\":\"https:\/\/orthodoxalbania.org\/2020\/\",\"logo\":{\"@type\":\"ImageObject\",\"inLanguage\":\"en-US\",\"@id\":\"https:\/\/orthodoxalbania.org\/2020\/#\/schema\/logo\/image\/\",\"url\":\"https:\/\/orthodoxalbania.org\/2020\/wp-content\/uploads\/2020\/05\/albania.jpeg\",\"contentUrl\":\"https:\/\/orthodoxalbania.org\/2020\/wp-content\/uploads\/2020\/05\/albania.jpeg\",\"width\":540,\"height\":540,\"caption\":\"Kisha Orthodhokse Autoqefale e Shqip\u00ebris\u00eb\"},\"image\":{\"@id\":\"https:\/\/orthodoxalbania.org\/2020\/#\/schema\/logo\/image\/\"},\"sameAs\":[\"https:\/\/www.facebook.com\/koash1991\"]},{\"@type\":\"Person\",\"@id\":\"https:\/\/orthodoxalbania.org\/2020\/#\/schema\/person\/0c387634a7063ac612d7ed9ce71c7e86\",\"name\":\"Kisha Orthodhokse\",\"image\":{\"@type\":\"ImageObject\",\"inLanguage\":\"en-US\",\"@id\":\"https:\/\/secure.gravatar.com\/avatar\/596e7c417251e30f2fbb9c00e026fce61a695a00e51c889caded71c96cbbdde5?s=96&d=mm&r=g\",\"url\":\"https:\/\/secure.gravatar.com\/avatar\/596e7c417251e30f2fbb9c00e026fce61a695a00e51c889caded71c96cbbdde5?s=96&d=mm&r=g\",\"contentUrl\":\"https:\/\/secure.gravatar.com\/avatar\/596e7c417251e30f2fbb9c00e026fce61a695a00e51c889caded71c96cbbdde5?s=96&d=mm&r=g\",\"caption\":\"Kisha Orthodhokse\"}}]}<\/script>\n<!-- \/ Yoast SEO plugin. -->","yoast_head_json":{"title":"Edukimi fetar i f\u00ebmij\u00ebve (5) - Kisha Orthodh\u03bfkse Autoqefale e Shqip\u00ebris\u00eb","robots":{"index":"index","follow":"follow","max-snippet":"max-snippet:-1","max-image-preview":"max-image-preview:large","max-video-preview":"max-video-preview:-1"},"canonical":"https:\/\/orthodoxalbania.org\/2020\/2017\/02\/16\/edukimi-fetar-i-femijeve\/","og_locale":"en_US","og_type":"article","og_title":"Edukimi fetar i f\u00ebmij\u00ebve (5) - Kisha Orthodh\u03bfkse Autoqefale e Shqip\u00ebris\u00eb","og_description":"EDUKIMI FETAR I F\u00cbMIJ\u00cbVE Motra Magdalen Reflektime mbi F\u00ebmij\u00ebt N\u00eb Kish\u00eb Sot &nbsp; &nbsp; &nbsp; Q\u00ebllimi q\u00eb duhet t\u00eb mbajn\u00eb n\u00eb mendje prind\u00ebrit dhe m\u00ebsuesit e krishter\u00eb \u00ebsht\u00eb: t\u00eb frym\u00ebzojn\u00eb tek f\u00ebmij\u00ebt dashurin\u00eb personale p\u00ebr Krishtin dhe N\u00ebn\u00ebn e Per\u00ebndis\u00eb. N\u00ebse f\u00ebmija rritet duke nderuar Krishtin dhe N\u00ebn\u00ebn e Per\u00ebndis\u00eb si persona t\u00eb dashur, kjo dashuri do t\u00eb nd\u00ebrtoj\u00eb zemr\u00ebn e tij n\u00eb Per\u00ebndin\u00eb dhe","og_url":"https:\/\/orthodoxalbania.org\/2020\/2017\/02\/16\/edukimi-fetar-i-femijeve\/","og_site_name":"Kisha Orthodh\u03bfkse Autoqefale e Shqip\u00ebris\u00eb","article_publisher":"https:\/\/www.facebook.com\/koash1991","article_published_time":"2017-02-16T12:42:49+00:00","article_modified_time":"2020-04-06T01:04:44+00:00","og_image":[{"width":200,"height":172,"url":"https:\/\/orthodoxalbania.org\/2020\/wp-content\/uploads\/2021\/02\/LogoLastALb-200.png","type":"image\/png"}],"author":"Kisha Orthodhokse","twitter_card":"summary_large_image","twitter_misc":{"Written by":"Kisha Orthodhokse","Est. reading time":"8 minutes"},"schema":{"@context":"https:\/\/schema.org","@graph":[{"@type":"Article","@id":"https:\/\/orthodoxalbania.org\/2020\/2017\/02\/16\/edukimi-fetar-i-femijeve\/#article","isPartOf":{"@id":"https:\/\/orthodoxalbania.org\/2020\/2017\/02\/16\/edukimi-fetar-i-femijeve\/"},"author":{"name":"Kisha Orthodhokse","@id":"https:\/\/orthodoxalbania.org\/2020\/#\/schema\/person\/0c387634a7063ac612d7ed9ce71c7e86"},"headline":"Edukimi fetar i f\u00ebmij\u00ebve (5)","datePublished":"2017-02-16T12:42:49+00:00","dateModified":"2020-04-06T01:04:44+00:00","mainEntityOfPage":{"@id":"https:\/\/orthodoxalbania.org\/2020\/2017\/02\/16\/edukimi-fetar-i-femijeve\/"},"wordCount":1559,"commentCount":0,"publisher":{"@id":"https:\/\/orthodoxalbania.org\/2020\/#organization"},"keywords":["Familja\/Mat.Shpirterore","Materiale Shpirterore"],"articleSection":["Materiale Shpirt\u00ebrore"],"inLanguage":"en-US"},{"@type":"WebPage","@id":"https:\/\/orthodoxalbania.org\/2020\/2017\/02\/16\/edukimi-fetar-i-femijeve\/","url":"https:\/\/orthodoxalbania.org\/2020\/2017\/02\/16\/edukimi-fetar-i-femijeve\/","name":"Edukimi fetar i f\u00ebmij\u00ebve (5) - Kisha Orthodh\u03bfkse Autoqefale e Shqip\u00ebris\u00eb","isPartOf":{"@id":"https:\/\/orthodoxalbania.org\/2020\/#website"},"datePublished":"2017-02-16T12:42:49+00:00","dateModified":"2020-04-06T01:04:44+00:00","breadcrumb":{"@id":"https:\/\/orthodoxalbania.org\/2020\/2017\/02\/16\/edukimi-fetar-i-femijeve\/#breadcrumb"},"inLanguage":"en-US","potentialAction":[{"@type":"ReadAction","target":["https:\/\/orthodoxalbania.org\/2020\/2017\/02\/16\/edukimi-fetar-i-femijeve\/"]}]},{"@type":"BreadcrumbList","@id":"https:\/\/orthodoxalbania.org\/2020\/2017\/02\/16\/edukimi-fetar-i-femijeve\/#breadcrumb","itemListElement":[{"@type":"ListItem","position":1,"name":"Home","item":"https:\/\/orthodoxalbania.org\/2020\/"},{"@type":"ListItem","position":2,"name":"Edukimi fetar i f\u00ebmij\u00ebve (5)"}]},{"@type":"WebSite","@id":"https:\/\/orthodoxalbania.org\/2020\/#website","url":"https:\/\/orthodoxalbania.org\/2020\/","name":"Kisha Orthodh\u03bfkse Autoqefale e Shqip\u00ebris\u00eb","description":"Fqja Zyrtare e Kish\u00ebs Orthodhokse Autoqefale e Shqip\u00ebris\u00eb me lajmet edhe informacionet zyrtare p\u00ebr struktur\u00ebn edhe veprimtarin e saj.","publisher":{"@id":"https:\/\/orthodoxalbania.org\/2020\/#organization"},"potentialAction":[{"@type":"SearchAction","target":{"@type":"EntryPoint","urlTemplate":"https:\/\/orthodoxalbania.org\/2020\/?s={search_term_string}"},"query-input":{"@type":"PropertyValueSpecification","valueRequired":true,"valueName":"search_term_string"}}],"inLanguage":"en-US"},{"@type":"Organization","@id":"https:\/\/orthodoxalbania.org\/2020\/#organization","name":"Kisha Orthodhokse Autoqefale e Shqip\u00ebris\u00eb","url":"https:\/\/orthodoxalbania.org\/2020\/","logo":{"@type":"ImageObject","inLanguage":"en-US","@id":"https:\/\/orthodoxalbania.org\/2020\/#\/schema\/logo\/image\/","url":"https:\/\/orthodoxalbania.org\/2020\/wp-content\/uploads\/2020\/05\/albania.jpeg","contentUrl":"https:\/\/orthodoxalbania.org\/2020\/wp-content\/uploads\/2020\/05\/albania.jpeg","width":540,"height":540,"caption":"Kisha Orthodhokse Autoqefale e Shqip\u00ebris\u00eb"},"image":{"@id":"https:\/\/orthodoxalbania.org\/2020\/#\/schema\/logo\/image\/"},"sameAs":["https:\/\/www.facebook.com\/koash1991"]},{"@type":"Person","@id":"https:\/\/orthodoxalbania.org\/2020\/#\/schema\/person\/0c387634a7063ac612d7ed9ce71c7e86","name":"Kisha Orthodhokse","image":{"@type":"ImageObject","inLanguage":"en-US","@id":"https:\/\/secure.gravatar.com\/avatar\/596e7c417251e30f2fbb9c00e026fce61a695a00e51c889caded71c96cbbdde5?s=96&d=mm&r=g","url":"https:\/\/secure.gravatar.com\/avatar\/596e7c417251e30f2fbb9c00e026fce61a695a00e51c889caded71c96cbbdde5?s=96&d=mm&r=g","contentUrl":"https:\/\/secure.gravatar.com\/avatar\/596e7c417251e30f2fbb9c00e026fce61a695a00e51c889caded71c96cbbdde5?s=96&d=mm&r=g","caption":"Kisha Orthodhokse"}}]}},"_links":{"self":[{"href":"https:\/\/orthodoxalbania.org\/2020\/wp-json\/wp\/v2\/posts\/5007","targetHints":{"allow":["GET"]}}],"collection":[{"href":"https:\/\/orthodoxalbania.org\/2020\/wp-json\/wp\/v2\/posts"}],"about":[{"href":"https:\/\/orthodoxalbania.org\/2020\/wp-json\/wp\/v2\/types\/post"}],"author":[{"embeddable":true,"href":"https:\/\/orthodoxalbania.org\/2020\/wp-json\/wp\/v2\/users\/1"}],"replies":[{"embeddable":true,"href":"https:\/\/orthodoxalbania.org\/2020\/wp-json\/wp\/v2\/comments?post=5007"}],"version-history":[{"count":1,"href":"https:\/\/orthodoxalbania.org\/2020\/wp-json\/wp\/v2\/posts\/5007\/revisions"}],"predecessor-version":[{"id":14471,"href":"https:\/\/orthodoxalbania.org\/2020\/wp-json\/wp\/v2\/posts\/5007\/revisions\/14471"}],"wp:attachment":[{"href":"https:\/\/orthodoxalbania.org\/2020\/wp-json\/wp\/v2\/media?parent=5007"}],"wp:term":[{"taxonomy":"category","embeddable":true,"href":"https:\/\/orthodoxalbania.org\/2020\/wp-json\/wp\/v2\/categories?post=5007"},{"taxonomy":"post_tag","embeddable":true,"href":"https:\/\/orthodoxalbania.org\/2020\/wp-json\/wp\/v2\/tags?post=5007"}],"curies":[{"name":"wp","href":"https:\/\/api.w.org\/{rel}","templated":true}]}}