{"id":5003,"date":"2017-02-16T11:58:32","date_gmt":"2017-02-16T11:58:32","guid":{"rendered":""},"modified":"2020-04-06T01:04:44","modified_gmt":"2020-04-06T01:04:44","slug":"martesa-dhe-familja-e-krishtere","status":"publish","type":"post","link":"https:\/\/orthodoxalbania.org\/2020\/2017\/02\/16\/martesa-dhe-familja-e-krishtere\/","title":{"rendered":"Martesa dhe familja e krishter\u00eb (1)"},"content":{"rendered":"<p style=\"text-align: center;\"><span style=\"color: #000000;\"><strong><span style=\"font-size: 12pt; font-family: helvetica;\">MARTESA DHE FAMILJA E KRISHTER\u00cb<\/span><\/strong><\/span><\/p>\n<p style=\"text-align: center;\"><strong><span style=\"color: #000000;\"><span style=\"font-size: 12pt; font-family: helvetica;\">Motra Magdalen<\/span><\/span><\/strong><\/p>\n<p style=\"text-align: center;\"><strong><span style=\"color: #000000;\"><span style=\"font-size: 12pt; font-family: helvetica;\"><\/span><span style=\"font-size: 12pt; font-family: helvetica;\">Reflektime mbi F\u00ebmij\u00ebt N\u00eb Kish\u00eb Sot<\/span><\/span><\/strong><\/p>\n<p style=\"text-align: center;\">&nbsp;<\/p>\n<p style=\"text-align: justify;\"><span style=\"color: #000000;\"><\/span><\/p>\n<p style=\"text-align: justify;\"><span style=\"color: #000000;\"><span style=\"font-size: 12pt; font-family: helvetica;\">&nbsp; &nbsp;&nbsp;<\/span><span style=\"font-size: 12pt; font-family: helvetica;\">F\u00ebmij\u00ebt rriten n\u00eb nj\u00eb familje t\u00eb krishter\u00eb n\u00eb kontekstin e martes\u00ebs. Mund t\u00eb duket se po i largohemi tem\u00ebs kur flasim rreth martes\u00ebs, sepse kemi p\u00ebr t\u00eb folur p\u00ebr f\u00ebmij\u00ebt, por kur flasim p\u00ebr martes\u00ebn, kemi parasysh hedhjen e sigurt t\u00eb themeleve para se t\u00eb vazhdojm\u00eb t\u00eb ngrem\u00eb nd\u00ebrtes\u00ebn, dhe nd\u00ebrtesa jan\u00eb f\u00ebmij\u00ebt. N\u00ebse kuptimi i prind\u00ebrve p\u00ebr martes\u00ebn \u00ebsht\u00eb i shtremb\u00ebruar, ose n\u00ebse frym\u00ebzimi i tyre nuk \u00ebsht\u00eb drejtuar tek jeta e familjes s\u00eb tyre, f\u00ebmij\u00ebt e tyre e vuajn\u00eb k\u00ebt\u00eb n\u00eb m\u00ebnyr\u00eb t\u00eb drejtp\u00ebrdrejt\u00eb. S\u00eb dyti, f\u00ebmij\u00ebt duhet t\u00eb shohin tek prind\u00ebrit e tyre nj\u00eb shembull p\u00ebr martes\u00ebn e tyre t\u00eb m\u00ebvonshme.<\/span><\/span><\/p>\n<p> <\/p>\n<p style=\"text-align: justify;\"><span style=\"color: #000000;\"><span style=\"font-size: 12pt; font-family: helvetica;\"><\/span><\/span><\/p>\n<p style=\"text-align: justify;\"><span style=\"color: #000000;\"><span style=\"font-size: 12pt; font-family: helvetica;\">&nbsp; &nbsp;&nbsp;<\/span><span style=\"font-size: 12pt; font-family: helvetica;\">N\u00eb rrethet kishtare mund t\u00eb ndeshemi shpesh me biseda ku b\u00ebhet krahasimi i jet\u00ebs murg\u00ebrore me at\u00eb martesore, dhe njeriu mund t\u00eb krijoj\u00eb p\u00ebrshtypjen, nga ajo q\u00eb disa thon\u00eb, se njer\u00ebzit p\u00ebr\u00e7mojn\u00eb murg\u00ebrin\u00eb ose martes\u00ebn. F\u00ebmij\u00ebt vuajn\u00eb kur prind\u00ebrit e tyre nuk jan\u00eb me gjith\u00eb zem\u00ebr p\u00ebr martes\u00eb ose p\u00ebr jet\u00ebn familjare. K\u00ebshtu q\u00eb un\u00eb do t\u00eb d\u00ebshiroja t\u00eb theksoja se martesa \u00ebsht\u00eb nj\u00eb m\u00ebnyr\u00eb shp\u00ebtimi. Diskutimet q\u00eb krahasojn\u00eb martes\u00ebn me jet\u00ebn monakale jan\u00eb shum\u00eb rrall\u00eb p\u00ebrfituese. \u00c7do person duhet t\u00eb gjej\u00eb udh\u00ebn e tij t\u00eb shp\u00ebtimit, duke i k\u00ebrkuar Per\u00ebndis\u00eb t\u2019i tregoj\u00eb se cila udh\u00eb \u00ebsht\u00eb m\u00eb e mira p\u00ebr at\u00eb dhe \u201ct\u00eb p\u00ebrpiqet p\u00ebr shp\u00ebtimin e tij\u201d (Filip. 2:12) n\u00eb rrethanat q\u00eb Per\u00ebndia i jep. Ne kompromentojm\u00eb shp\u00ebtimin ton\u00eb jo nga t\u00eb zgjedhurit e nj\u00ebr\u00ebs m\u00ebnyr\u00eb jetese apo tjetr\u00ebs, por nga t\u00eb ikurit larg vullnetit t\u00eb Per\u00ebndis\u00eb. Askush nuk lejohet t\u00eb b\u00ebhet murg, sepse ai p\u00ebrbuz martes\u00ebn; dhe askush nuk duhet t\u00eb martohet dhe t\u00eb p\u00ebr\u00e7moj\u00eb murg\u00ebrin\u00eb (Kanoni 9 dhe 10 i K\u00ebshillit t\u00eb Gangras).<\/span><\/span><\/p>\n<p style=\"text-align: justify;\"><span style=\"color: #000000;\"><span style=\"font-size: 12pt; font-family: helvetica;\"><\/span><span style=\"font-size: 12pt; font-family: helvetica;\">&nbsp; &nbsp;&nbsp;<\/span><span style=\"font-size: 12pt; font-family: helvetica;\">Fjal\u00ebt e Krishtit p\u00ebr murg\u00ebrin\u00eb tregojn\u00eb se Ai e konsideron at\u00eb nj\u00eb m\u00ebnyr\u00eb jetese jo t\u00eb arritshme p\u00ebr \u00e7do njeri (Matth. 19:11). (Ndodh k\u00ebshtu, sepse \u00ebsht\u00eb mister p\u00ebr ne &#8211; misteri i liris\u00eb s\u00eb Per\u00ebndis\u00eb dhe i liris\u00eb son\u00eb). Ne kemi fjal\u00ebt e Tij si autoritet, autoritet dhe bekim hyjnor, t\u00eb mb\u00ebshtesim jet\u00ebn martesore: \u201cPo q\u00eb n\u00eb fillim t\u00eb krijes\u00ebs, mashkull e fem\u00ebr i b\u00ebri ata Per\u00ebndia. P\u00ebr k\u00ebt\u00eb pun\u00eb njeriu do t\u00eb l\u00ebr\u00eb t\u00eb atin e t\u00eb \u00ebm\u00ebn, dhe do t\u00eb ngjitet pas gruas s\u00eb tij dhe do t\u00eb jen\u00eb t\u00eb dy n\u00eb nj\u00eb mish; kaq sa nuk jan\u00eb m\u00eb dy, po nj\u00eb mish\u201d (Mark. 10. 6-8).<\/span><\/span><\/p>\n<p style=\"text-align: justify;\"><span style=\"color: #000000;\"><span style=\"font-size: 12pt; font-family: helvetica;\">&nbsp; &nbsp;&nbsp;<\/span><span style=\"font-size: 12pt; font-family: helvetica;\">Mrekullia e par\u00eb e Krishtit ishte shnd\u00ebrrimi i ujit n\u00eb ver\u00eb n\u00eb dasm\u00ebn n\u00eb Kana t\u00eb Galiles\u00eb; nga sh\u00ebrbesa e martes\u00ebs n\u00eb Kish\u00ebn ton\u00eb shikojm\u00eb se kjo mrekulli konsiderohet si shenj\u00eb e bekimit t\u00eb Per\u00ebndis\u00eb p\u00ebr martes\u00ebn. Zoti vet\u00eb i ka dh\u00ebn\u00eb njeriut martes\u00ebn si mister dhe si m\u00ebnyr\u00eb jetese; kjo do t\u00eb thot\u00eb se \u00ebsht\u00eb nj\u00eb m\u00ebnyr\u00eb shp\u00ebtimi, nj\u00eb m\u00ebnyr\u00eb q\u00eb drejton p\u00ebr n\u00eb jet\u00ebn e p\u00ebrjetshme. Krishti nuk urdh\u00ebroi jet\u00ebn monakale si nj\u00eb urdh\u00ebr t\u00eb p\u00ebrgjithsh\u00ebm &#8211; urdh\u00ebrimi i Tij \u00ebsht\u00eb q\u00eb t\u00eb duam Per\u00ebndin\u00eb me gjith\u00eb zem\u00ebr, me gjith\u00eb shpirt, me gjith\u00eb fuqin\u00eb ton\u00eb dhe t\u00eb duam t\u00eb af\u00ebrmin si veten. P\u00ebr t\u00eb krishter\u00ebt q\u00eb tashm\u00eb jan\u00eb t\u00eb martuar e me f\u00ebmij\u00eb, nuk duhet b\u00ebr\u00eb kjo pyetje: \u201cSi mundem un\u00eb t\u00eb reduktoj n\u00eb minimum detyrimet e mia familjare n\u00eb m\u00ebnyr\u00eb q\u00eb t\u00eb jem i\/e \u201clir\u00eb\u201d dhe t\u00eb kem \u201cnj\u00eb jet\u00eb m\u00eb shum\u00eb shpirt\u00ebrore\u201d? Por: \u201c\u00c7far\u00eb duhet t\u00eb b\u00ebj q\u00eb t\u00eb ushqej brenda familjes sime dashurin\u00eb p\u00ebr Per\u00ebndin\u00eb dhe t\u00eb af\u00ebrmin?\u201d<\/span><\/span><\/p>\n<p style=\"text-align: justify;\"><span style=\"color: #000000;\"><span style=\"font-size: 12pt; font-family: helvetica;\">&nbsp; &nbsp;<\/span><span style=\"font-size: 12pt; font-family: helvetica;\">Nj\u00eb ati shpirt\u00ebror iu b\u00eb nj\u00eb pyetje nga nj\u00eb i martuar: \u201cSi mundem un\u00eb, duke jetuar n\u00eb bot\u00eb, t\u00eb banoj n\u00eb prani t\u00eb Per\u00ebndis\u00eb?\u201d Ati iu p\u00ebrgjigj: \u201cB\u00ebj \u00e7do gj\u00eb si nj\u00eb person q\u00eb bashk\u00ebpunon n\u00eb pun\u00ebn e Per\u00ebndis\u00eb\u201d. T\u00eb jesh nj\u00eb bashk\u00ebpun\u00ebtor i Per\u00ebndis\u00eb n\u00eb detyr\u00ebn e martes\u00ebs dhe n\u00eb rritjen e f\u00ebmij\u00ebve n\u00eb m\u00ebnyr\u00eb t\u00eb krishter\u00eb, \u00ebsht\u00eb nj\u00eb rol i madh dhe i shenjt\u00eb.<\/span><\/span><\/p>\n<p style=\"text-align: justify;\"><span style=\"color: #000000;\"><span style=\"font-size: 12pt; font-family: helvetica;\">&nbsp; &nbsp;&nbsp;<\/span><span style=\"font-size: 12pt; font-family: helvetica;\">Jeta e krishter\u00eb \u00ebsht\u00eb jeta sipas ikon\u00ebs s\u00eb Per\u00ebndis\u00eb n\u00eb tre Persona &#8211; jeta bashk\u00eb me t\u00eb tjer\u00ebt. Shum\u00eb rrall\u00eb dikush mund t\u00eb jetoj\u00eb n\u00eb vetmi t\u00eb plot\u00eb ose t\u00eb thirret nga Per\u00ebndia n\u00eb shkret\u00ebtir\u00eb; at\u00ebher\u00eb ai \u00ebsht\u00eb i detyruar t\u00eb jetoj\u00eb i vetmuar. P\u00ebr shumic\u00ebn e t\u00eb krishter\u00ebve, jet\u00eb e krishter\u00eb do t\u00eb thot\u00eb jet\u00eb n\u00eb mes t\u00eb komunitetit, shoq\u00ebror apo murg\u00ebror. &#8211; Edhe vet\u00eb eremit\u00ebve i duhen dekada t\u00eb jetojn\u00eb n\u00eb nj\u00eb komunitet para se t\u00eb jetojn\u00eb n\u00eb vetmi. Ashtu si Sh\u00ebn Siluani shprehet: \u201cV\u00ebllai im \u00ebsht\u00eb jeta ime\u201d. Nj\u00eb person i martuar mund t\u00eb thot\u00eb &#8211; dhe kjo \u00ebsht\u00eb m\u00ebnyra e vetme korrekte teologjike p\u00ebr t\u00eb jetuar &#8211; \u201cGruaja ime (ose burri im) dhe f\u00ebmij\u00ebt e mi jan\u00eb jeta ime\u201d. Ata jan\u00eb p\u00ebrb\u00ebrja e jet\u00ebs sime; t\u00eb jetuarit me ta m\u00eb b\u00ebn t\u00eb m\u00ebsoj Krishtin &#8211; si dashuri. Kriteri i sh\u00ebndetit tim shpirt\u00ebror \u00ebsht\u00eb ky: cili \u00ebsht\u00eb stadi i marr\u00ebdh\u00ebnieve midis meje dhe atyre q\u00eb un\u00eb jetoj? Nuk ka asnj\u00eb kriter tjet\u00ebr m\u00eb t\u00eb madh. Jeta familjare \u00ebsht\u00eb nj\u00ebsia mat\u00ebse e progresit t\u00eb krishter\u00eb p\u00ebr ata q\u00eb jetojn\u00eb n\u00eb bot\u00eb.<\/span><\/span><\/p>\n<p style=\"text-align: justify;\"><span style=\"color: #000000;\"><span style=\"font-size: 12pt; font-family: helvetica;\">&nbsp; &nbsp;&nbsp;<\/span><span style=\"font-size: 12pt; font-family: helvetica;\">E gjith\u00eb ajo q\u00eb m\u00ebsoni rreth martes\u00ebs, e gjith\u00eb puna juaj p\u00ebr martes\u00ebn, \u00ebsht\u00eb pun\u00eb p\u00ebr shp\u00ebtimin e f\u00ebmij\u00ebve tuaj dhe kjo nuk \u00ebsht\u00eb di\u00e7ka e vog\u00ebl, por di\u00e7ka me vler\u00eb t\u00eb p\u00ebrjetshme.<\/span><\/span><\/p>\n<p style=\"text-align: justify;\"><span style=\"color: #000000;\"><span style=\"font-size: 12pt; font-family: helvetica;\">&nbsp; &nbsp;&nbsp;<\/span><span style=\"font-size: 12pt; font-family: helvetica;\">P\u00ebr jet\u00ebn familjare nuk ka udh\u00ebheqje m\u00eb t\u00eb mir\u00eb se Shkrimet e Shenjta. Me dashuri ju rekomandoj t\u00eb rilexoni shpesh fjal\u00ebt e Apostujve t\u00eb shenjt\u00eb p\u00ebr jet\u00ebn familjare dhe t\u2019i merrni ato seriozisht si fjal\u00eb t\u00eb Per\u00ebndis\u00eb q\u00eb gjejn\u00eb zbatim n\u00eb \u00e7do epok\u00eb. Kur lexojm\u00eb Shkrimet, duhet t\u2019i lutemi Per\u00ebndis\u00eb, edhe autorit t\u00eb \u00e7do libri t\u2019i k\u00ebrkojm\u00eb nd\u00ebrmjetimet n\u00eb m\u00ebnyr\u00eb q\u00eb t\u00eb kuptojm\u00eb dhe t\u00eb aplikojm\u00eb n\u00eb jet\u00ebt tona personale ato q\u00eb lexojm\u00eb. Ka shum\u00eb gj\u00ebra q\u00eb mund t\u00eb drejtojn\u00eb dhe frym\u00ebzojn\u00eb t\u00eb krishter\u00ebt orthodhoks\u00eb t\u00eb martuar, ve\u00e7an\u00ebrisht letra e par\u00eb e Sh\u00ebn Pjetrit si edhe letrat e Sh\u00ebn Pavlit drejtuar Korinthian\u00ebve dhe Efesian\u00ebve.<\/span><\/span><\/p>\n<p style=\"text-align: justify;\"><span style=\"color: #000000;\"><span style=\"font-size: 12pt; font-family: helvetica;\">&nbsp; &nbsp;<\/span><span style=\"font-size: 12pt; font-family: helvetica;\">\u201cMartesa le t\u00eb jet\u00eb e ndershme p\u00ebr t\u00eb gjith\u00eb, dhe shtrati i paturp\u00ebruar\u201d (Hebr. 13:4). Shum\u00eb njer\u00ebz sot nuk e konsiderojn\u00eb marr\u00ebdh\u00ebnien seksuale p\u00ebr at\u00eb q\u00eb ajo \u00ebsht\u00eb dh\u00ebn\u00eb. Dhe m\u00eb e keqja \u00ebsht\u00eb se t\u00eb gjitha llojet e \u00e7oroditjeve dhe epsheve inkurajohen nga standardet etike bashk\u00ebkohore. Ka edhe njer\u00ebz q\u00eb p\u00ebrpiqen t\u00eb ken\u00eb nj\u00eb q\u00ebndrim t\u00eb krishter\u00eb ndaj martes\u00ebs, madje edhe n\u00eb aspektet m\u00eb intime, dhe n\u00eb t\u00eb nj\u00ebjt\u00ebn koh\u00eb jan\u00eb gati t\u00eb denigrojn\u00eb virgj\u00ebrin\u00eb. Jan\u00eb edhe t\u00eb krishter\u00eb t\u00eb martuar q\u00eb mohojn\u00eb marr\u00ebdh\u00ebnien e plot\u00eb bashk\u00ebshortore p\u00ebr arsye t\u00eb nj\u00eb thirrjeje t\u00eb g\u00ebnjesht\u00ebrt p\u00ebr t\u00eb jetuar n\u00eb past\u00ebrti, kur Sh\u00ebn Pavli thot\u00eb se \u00e7iftet e martuara duhet t\u00eb privojn\u00eb nj\u00ebri-tjetrin n\u00ebse jan\u00eb marr\u00eb vesh p\u00ebr nj\u00ebfar\u00eb kohe, q\u00eb t\u2019i kushtohen agj\u00ebrimit dhe lutjes (1Kor. 7:5). Ndonj\u00ebher\u00eb, ky problem krijon nj\u00eb s\u00ebr\u00eb problemesh p\u00ebr \u00e7donj\u00ebrin nga bashk\u00ebshort\u00ebt &#8211; kjo p\u00ebr faktin se dikush \u00ebsht\u00eb i konvertuar ose vjen m\u00eb af\u00ebr Krishtit pas martese. M\u00ebsimi i Sh\u00ebn Pavlit na thot\u00eb se martesa duhet t\u00eb vazhdoj\u00eb n\u00ebse jobesimtari pranon bashk\u00ebshortin e krishter\u00eb. N\u00eb k\u00ebt\u00eb rast bashk\u00ebshorti i krishter\u00eb ka nj\u00eb p\u00ebrgjegj\u00ebsi t\u00eb madhe para Per\u00ebndis\u00eb p\u00ebr veprat e tij ndaj bashk\u00ebshortit dhe familjes. Nj\u00eb kthim i vazhduesh\u00ebm ose nj\u00eb progres shpirt\u00ebror e drejton nj\u00eb t\u00eb krishter\u00eb t\u00eb martuar t\u00eb jetoj\u00eb nj\u00eb jet\u00eb familjare me dashuri m\u00eb me pak egoiz\u00ebm dhe me shum\u00eb d\u00ebshir\u00eb q\u00eb ta b\u00ebj\u00eb jet\u00ebn e bashk\u00ebshortit t\u00eb rehatshme. (Nuk mund t\u00eb marrim shembuj t\u00eb ve\u00e7ant\u00eb si ai i Sh\u00ebn Aleksit, \u201cnjeriut t\u00eb Per\u00ebndis\u00eb\u201d si nj\u00eb shembull t\u00eb p\u00ebrgjithsh\u00ebm). Fatkeq\u00ebsisht, ajo q\u00eb ndodh shpesh \u00ebsht\u00eb se t\u00eb krishter\u00ebt fillojn\u00eb t\u00eb predikojn\u00eb ose ndalojn\u00eb s\u00eb dh\u00ebni interes n\u00eb \u00e7do gj\u00eb \u201ct\u00eb bot\u00ebs\u201d. Sh\u00ebn Pjetri thot\u00eb me pak fjal\u00eb se sjellja e nj\u00eb gruaje t\u00eb krishter\u00eb mund t\u00eb sjell\u00eb nj\u00eb burr\u00eb jobesimtar te Zoti (1Petr. 3:1). Kur kemi nj\u00eb zbulim nga Per\u00ebndia, duhet t\u00eb kujtojm\u00eb N\u00ebn\u00ebn e Zotit q\u00eb i \u201cmbajti t\u00eb gjitha k\u00ebto th\u00ebnie n\u00eb zemr\u00ebn e saj\u201d (Lluk. 2:51). Dhe ashtu si N\u00ebna e Per\u00ebndis\u00eb merr konfirmimin nga kush\u00ebrira e saj Elisabet\u00eb pas Ungjill\u00ebzimit, k\u00ebshtu edhe ne nuk drejtojm\u00eb veten ton\u00eb, por k\u00ebrkojm\u00eb konfirmim nga et\u00ebrit tan\u00eb shpirt\u00ebror\u00eb.<\/span><\/span><\/p>\n<p style=\"text-align: justify;\"><span style=\"color: #000000;\"><span style=\"font-size: 12pt; font-family: helvetica;\">&nbsp; &nbsp;&nbsp;<\/span><span style=\"font-size: 12pt; font-family: helvetica;\">Dikush mund t\u00eb k\u00ebshilloj\u00eb ata q\u00eb d\u00ebshirojn\u00eb t\u00eb martohen t\u2019i k\u00ebrkojn\u00eb Per\u00ebndis\u00eb q\u00eb t\u00eb gjej\u00eb p\u00ebr ata nj\u00eb bashk\u00ebshort me t\u00eb cilin do t\u00eb mund t\u00eb jetojn\u00eb nj\u00eb jet\u00eb t\u00eb krishter\u00eb dhe t\u00eb rritin f\u00ebmij\u00ebt e tyre t\u00eb krishter\u00eb.<\/span><\/span><\/p>\n","protected":false},"excerpt":{"rendered":"<p>MARTESA DHE FAMILJA E KRISHTER\u00cb Motra Magdalen Reflektime mbi F\u00ebmij\u00ebt N\u00eb Kish\u00eb Sot &nbsp; &nbsp; &nbsp;&nbsp;F\u00ebmij\u00ebt rriten n\u00eb nj\u00eb familje t\u00eb krishter\u00eb n\u00eb kontekstin e martes\u00ebs. Mund t\u00eb duket se po i largohemi tem\u00ebs kur flasim rreth martes\u00ebs, sepse kemi p\u00ebr t\u00eb folur p\u00ebr f\u00ebmij\u00ebt, por kur flasim p\u00ebr martes\u00ebn, kemi parasysh hedhjen e sigurt t\u00eb themeleve para se t\u00eb vazhdojm\u00eb t\u00eb ngrem\u00eb nd\u00ebrtes\u00ebn, dhe<\/p>\n","protected":false},"author":1,"featured_media":0,"comment_status":"open","ping_status":"open","sticky":false,"template":"","format":"standard","meta":{"_acf_changed":false,"pagelayer_contact_templates":[],"_pagelayer_content":"","inline_featured_image":false,"fifu_image_url":"","fifu_image_alt":"","footnotes":""},"categories":[112],"tags":[346,609],"class_list":["post-5003","post","type-post","status-publish","format-standard","hentry","category-materiale-shpirterore-d72","tag-familja-mat-shpirterore","tag-materiale-shpirterore"],"acf":[],"yoast_head":"<!-- This site is optimized with the Yoast SEO plugin v27.2 - https:\/\/yoast.com\/product\/yoast-seo-wordpress\/ -->\n<title>Martesa dhe familja e krishter\u00eb (1) - Kisha Orthodh\u03bfkse Autoqefale e Shqip\u00ebris\u00eb<\/title>\n<meta name=\"robots\" content=\"index, follow, max-snippet:-1, max-image-preview:large, max-video-preview:-1\" \/>\n<link rel=\"canonical\" href=\"https:\/\/orthodoxalbania.org\/2020\/2017\/02\/16\/martesa-dhe-familja-e-krishtere\/\" \/>\n<meta property=\"og:locale\" content=\"en_US\" \/>\n<meta property=\"og:type\" content=\"article\" \/>\n<meta property=\"og:title\" content=\"Martesa dhe familja e krishter\u00eb (1) - Kisha Orthodh\u03bfkse Autoqefale e Shqip\u00ebris\u00eb\" \/>\n<meta property=\"og:description\" content=\"MARTESA DHE FAMILJA E KRISHTER\u00cb Motra Magdalen Reflektime mbi F\u00ebmij\u00ebt N\u00eb Kish\u00eb Sot &nbsp; &nbsp; &nbsp;&nbsp;F\u00ebmij\u00ebt rriten n\u00eb nj\u00eb familje t\u00eb krishter\u00eb n\u00eb kontekstin e martes\u00ebs. Mund t\u00eb duket se po i largohemi tem\u00ebs kur flasim rreth martes\u00ebs, sepse kemi p\u00ebr t\u00eb folur p\u00ebr f\u00ebmij\u00ebt, por kur flasim p\u00ebr martes\u00ebn, kemi parasysh hedhjen e sigurt t\u00eb themeleve para se t\u00eb vazhdojm\u00eb t\u00eb ngrem\u00eb nd\u00ebrtes\u00ebn, dhe\" \/>\n<meta property=\"og:url\" content=\"https:\/\/orthodoxalbania.org\/2020\/2017\/02\/16\/martesa-dhe-familja-e-krishtere\/\" \/>\n<meta property=\"og:site_name\" content=\"Kisha Orthodh\u03bfkse Autoqefale e Shqip\u00ebris\u00eb\" \/>\n<meta property=\"article:publisher\" content=\"https:\/\/www.facebook.com\/koash1991\" \/>\n<meta property=\"article:published_time\" content=\"2017-02-16T11:58:32+00:00\" \/>\n<meta property=\"article:modified_time\" content=\"2020-04-06T01:04:44+00:00\" \/>\n<meta property=\"og:image\" content=\"https:\/\/orthodoxalbania.org\/2020\/wp-content\/uploads\/2021\/02\/LogoLastALb-200.png\" \/>\n\t<meta property=\"og:image:width\" content=\"200\" \/>\n\t<meta property=\"og:image:height\" content=\"172\" \/>\n\t<meta property=\"og:image:type\" content=\"image\/png\" \/>\n<meta name=\"author\" content=\"Kisha Orthodhokse\" \/>\n<meta name=\"twitter:card\" content=\"summary_large_image\" \/>\n<meta name=\"twitter:label1\" content=\"Written by\" \/>\n\t<meta name=\"twitter:data1\" content=\"Kisha Orthodhokse\" \/>\n\t<meta name=\"twitter:label2\" content=\"Est. reading time\" \/>\n\t<meta name=\"twitter:data2\" content=\"8 minutes\" \/>\n<script type=\"application\/ld+json\" class=\"yoast-schema-graph\">{\"@context\":\"https:\/\/schema.org\",\"@graph\":[{\"@type\":\"Article\",\"@id\":\"https:\/\/orthodoxalbania.org\/2020\/2017\/02\/16\/martesa-dhe-familja-e-krishtere\/#article\",\"isPartOf\":{\"@id\":\"https:\/\/orthodoxalbania.org\/2020\/2017\/02\/16\/martesa-dhe-familja-e-krishtere\/\"},\"author\":{\"name\":\"Kisha Orthodhokse\",\"@id\":\"https:\/\/orthodoxalbania.org\/2020\/#\/schema\/person\/0c387634a7063ac612d7ed9ce71c7e86\"},\"headline\":\"Martesa dhe familja e krishter\u00eb (1)\",\"datePublished\":\"2017-02-16T11:58:32+00:00\",\"dateModified\":\"2020-04-06T01:04:44+00:00\",\"mainEntityOfPage\":{\"@id\":\"https:\/\/orthodoxalbania.org\/2020\/2017\/02\/16\/martesa-dhe-familja-e-krishtere\/\"},\"wordCount\":1663,\"commentCount\":0,\"publisher\":{\"@id\":\"https:\/\/orthodoxalbania.org\/2020\/#organization\"},\"keywords\":[\"Familja\/Mat.Shpirterore\",\"Materiale Shpirterore\"],\"articleSection\":[\"Materiale Shpirt\u00ebrore\"],\"inLanguage\":\"en-US\"},{\"@type\":\"WebPage\",\"@id\":\"https:\/\/orthodoxalbania.org\/2020\/2017\/02\/16\/martesa-dhe-familja-e-krishtere\/\",\"url\":\"https:\/\/orthodoxalbania.org\/2020\/2017\/02\/16\/martesa-dhe-familja-e-krishtere\/\",\"name\":\"Martesa dhe familja e krishter\u00eb (1) - Kisha Orthodh\u03bfkse Autoqefale e Shqip\u00ebris\u00eb\",\"isPartOf\":{\"@id\":\"https:\/\/orthodoxalbania.org\/2020\/#website\"},\"datePublished\":\"2017-02-16T11:58:32+00:00\",\"dateModified\":\"2020-04-06T01:04:44+00:00\",\"breadcrumb\":{\"@id\":\"https:\/\/orthodoxalbania.org\/2020\/2017\/02\/16\/martesa-dhe-familja-e-krishtere\/#breadcrumb\"},\"inLanguage\":\"en-US\",\"potentialAction\":[{\"@type\":\"ReadAction\",\"target\":[\"https:\/\/orthodoxalbania.org\/2020\/2017\/02\/16\/martesa-dhe-familja-e-krishtere\/\"]}]},{\"@type\":\"BreadcrumbList\",\"@id\":\"https:\/\/orthodoxalbania.org\/2020\/2017\/02\/16\/martesa-dhe-familja-e-krishtere\/#breadcrumb\",\"itemListElement\":[{\"@type\":\"ListItem\",\"position\":1,\"name\":\"Home\",\"item\":\"https:\/\/orthodoxalbania.org\/2020\/\"},{\"@type\":\"ListItem\",\"position\":2,\"name\":\"Martesa dhe familja e krishter\u00eb (1)\"}]},{\"@type\":\"WebSite\",\"@id\":\"https:\/\/orthodoxalbania.org\/2020\/#website\",\"url\":\"https:\/\/orthodoxalbania.org\/2020\/\",\"name\":\"Kisha Orthodh\u03bfkse Autoqefale e Shqip\u00ebris\u00eb\",\"description\":\"Fqja Zyrtare e Kish\u00ebs Orthodhokse Autoqefale e Shqip\u00ebris\u00eb me lajmet edhe informacionet zyrtare p\u00ebr struktur\u00ebn edhe veprimtarin e saj.\",\"publisher\":{\"@id\":\"https:\/\/orthodoxalbania.org\/2020\/#organization\"},\"potentialAction\":[{\"@type\":\"SearchAction\",\"target\":{\"@type\":\"EntryPoint\",\"urlTemplate\":\"https:\/\/orthodoxalbania.org\/2020\/?s={search_term_string}\"},\"query-input\":{\"@type\":\"PropertyValueSpecification\",\"valueRequired\":true,\"valueName\":\"search_term_string\"}}],\"inLanguage\":\"en-US\"},{\"@type\":\"Organization\",\"@id\":\"https:\/\/orthodoxalbania.org\/2020\/#organization\",\"name\":\"Kisha Orthodhokse Autoqefale e Shqip\u00ebris\u00eb\",\"url\":\"https:\/\/orthodoxalbania.org\/2020\/\",\"logo\":{\"@type\":\"ImageObject\",\"inLanguage\":\"en-US\",\"@id\":\"https:\/\/orthodoxalbania.org\/2020\/#\/schema\/logo\/image\/\",\"url\":\"https:\/\/orthodoxalbania.org\/2020\/wp-content\/uploads\/2020\/05\/albania.jpeg\",\"contentUrl\":\"https:\/\/orthodoxalbania.org\/2020\/wp-content\/uploads\/2020\/05\/albania.jpeg\",\"width\":540,\"height\":540,\"caption\":\"Kisha Orthodhokse Autoqefale e Shqip\u00ebris\u00eb\"},\"image\":{\"@id\":\"https:\/\/orthodoxalbania.org\/2020\/#\/schema\/logo\/image\/\"},\"sameAs\":[\"https:\/\/www.facebook.com\/koash1991\"]},{\"@type\":\"Person\",\"@id\":\"https:\/\/orthodoxalbania.org\/2020\/#\/schema\/person\/0c387634a7063ac612d7ed9ce71c7e86\",\"name\":\"Kisha Orthodhokse\",\"image\":{\"@type\":\"ImageObject\",\"inLanguage\":\"en-US\",\"@id\":\"https:\/\/secure.gravatar.com\/avatar\/596e7c417251e30f2fbb9c00e026fce61a695a00e51c889caded71c96cbbdde5?s=96&d=mm&r=g\",\"url\":\"https:\/\/secure.gravatar.com\/avatar\/596e7c417251e30f2fbb9c00e026fce61a695a00e51c889caded71c96cbbdde5?s=96&d=mm&r=g\",\"contentUrl\":\"https:\/\/secure.gravatar.com\/avatar\/596e7c417251e30f2fbb9c00e026fce61a695a00e51c889caded71c96cbbdde5?s=96&d=mm&r=g\",\"caption\":\"Kisha Orthodhokse\"}}]}<\/script>\n<!-- \/ Yoast SEO plugin. -->","yoast_head_json":{"title":"Martesa dhe familja e krishter\u00eb (1) - Kisha Orthodh\u03bfkse Autoqefale e Shqip\u00ebris\u00eb","robots":{"index":"index","follow":"follow","max-snippet":"max-snippet:-1","max-image-preview":"max-image-preview:large","max-video-preview":"max-video-preview:-1"},"canonical":"https:\/\/orthodoxalbania.org\/2020\/2017\/02\/16\/martesa-dhe-familja-e-krishtere\/","og_locale":"en_US","og_type":"article","og_title":"Martesa dhe familja e krishter\u00eb (1) - Kisha Orthodh\u03bfkse Autoqefale e Shqip\u00ebris\u00eb","og_description":"MARTESA DHE FAMILJA E KRISHTER\u00cb Motra Magdalen Reflektime mbi F\u00ebmij\u00ebt N\u00eb Kish\u00eb Sot &nbsp; &nbsp; &nbsp;&nbsp;F\u00ebmij\u00ebt rriten n\u00eb nj\u00eb familje t\u00eb krishter\u00eb n\u00eb kontekstin e martes\u00ebs. Mund t\u00eb duket se po i largohemi tem\u00ebs kur flasim rreth martes\u00ebs, sepse kemi p\u00ebr t\u00eb folur p\u00ebr f\u00ebmij\u00ebt, por kur flasim p\u00ebr martes\u00ebn, kemi parasysh hedhjen e sigurt t\u00eb themeleve para se t\u00eb vazhdojm\u00eb t\u00eb ngrem\u00eb nd\u00ebrtes\u00ebn, dhe","og_url":"https:\/\/orthodoxalbania.org\/2020\/2017\/02\/16\/martesa-dhe-familja-e-krishtere\/","og_site_name":"Kisha Orthodh\u03bfkse Autoqefale e Shqip\u00ebris\u00eb","article_publisher":"https:\/\/www.facebook.com\/koash1991","article_published_time":"2017-02-16T11:58:32+00:00","article_modified_time":"2020-04-06T01:04:44+00:00","og_image":[{"width":200,"height":172,"url":"https:\/\/orthodoxalbania.org\/2020\/wp-content\/uploads\/2021\/02\/LogoLastALb-200.png","type":"image\/png"}],"author":"Kisha Orthodhokse","twitter_card":"summary_large_image","twitter_misc":{"Written by":"Kisha Orthodhokse","Est. reading time":"8 minutes"},"schema":{"@context":"https:\/\/schema.org","@graph":[{"@type":"Article","@id":"https:\/\/orthodoxalbania.org\/2020\/2017\/02\/16\/martesa-dhe-familja-e-krishtere\/#article","isPartOf":{"@id":"https:\/\/orthodoxalbania.org\/2020\/2017\/02\/16\/martesa-dhe-familja-e-krishtere\/"},"author":{"name":"Kisha Orthodhokse","@id":"https:\/\/orthodoxalbania.org\/2020\/#\/schema\/person\/0c387634a7063ac612d7ed9ce71c7e86"},"headline":"Martesa dhe familja e krishter\u00eb (1)","datePublished":"2017-02-16T11:58:32+00:00","dateModified":"2020-04-06T01:04:44+00:00","mainEntityOfPage":{"@id":"https:\/\/orthodoxalbania.org\/2020\/2017\/02\/16\/martesa-dhe-familja-e-krishtere\/"},"wordCount":1663,"commentCount":0,"publisher":{"@id":"https:\/\/orthodoxalbania.org\/2020\/#organization"},"keywords":["Familja\/Mat.Shpirterore","Materiale Shpirterore"],"articleSection":["Materiale Shpirt\u00ebrore"],"inLanguage":"en-US"},{"@type":"WebPage","@id":"https:\/\/orthodoxalbania.org\/2020\/2017\/02\/16\/martesa-dhe-familja-e-krishtere\/","url":"https:\/\/orthodoxalbania.org\/2020\/2017\/02\/16\/martesa-dhe-familja-e-krishtere\/","name":"Martesa dhe familja e krishter\u00eb (1) - Kisha Orthodh\u03bfkse Autoqefale e Shqip\u00ebris\u00eb","isPartOf":{"@id":"https:\/\/orthodoxalbania.org\/2020\/#website"},"datePublished":"2017-02-16T11:58:32+00:00","dateModified":"2020-04-06T01:04:44+00:00","breadcrumb":{"@id":"https:\/\/orthodoxalbania.org\/2020\/2017\/02\/16\/martesa-dhe-familja-e-krishtere\/#breadcrumb"},"inLanguage":"en-US","potentialAction":[{"@type":"ReadAction","target":["https:\/\/orthodoxalbania.org\/2020\/2017\/02\/16\/martesa-dhe-familja-e-krishtere\/"]}]},{"@type":"BreadcrumbList","@id":"https:\/\/orthodoxalbania.org\/2020\/2017\/02\/16\/martesa-dhe-familja-e-krishtere\/#breadcrumb","itemListElement":[{"@type":"ListItem","position":1,"name":"Home","item":"https:\/\/orthodoxalbania.org\/2020\/"},{"@type":"ListItem","position":2,"name":"Martesa dhe familja e krishter\u00eb (1)"}]},{"@type":"WebSite","@id":"https:\/\/orthodoxalbania.org\/2020\/#website","url":"https:\/\/orthodoxalbania.org\/2020\/","name":"Kisha Orthodh\u03bfkse Autoqefale e Shqip\u00ebris\u00eb","description":"Fqja Zyrtare e Kish\u00ebs Orthodhokse Autoqefale e Shqip\u00ebris\u00eb me lajmet edhe informacionet zyrtare p\u00ebr struktur\u00ebn edhe veprimtarin e saj.","publisher":{"@id":"https:\/\/orthodoxalbania.org\/2020\/#organization"},"potentialAction":[{"@type":"SearchAction","target":{"@type":"EntryPoint","urlTemplate":"https:\/\/orthodoxalbania.org\/2020\/?s={search_term_string}"},"query-input":{"@type":"PropertyValueSpecification","valueRequired":true,"valueName":"search_term_string"}}],"inLanguage":"en-US"},{"@type":"Organization","@id":"https:\/\/orthodoxalbania.org\/2020\/#organization","name":"Kisha Orthodhokse Autoqefale e Shqip\u00ebris\u00eb","url":"https:\/\/orthodoxalbania.org\/2020\/","logo":{"@type":"ImageObject","inLanguage":"en-US","@id":"https:\/\/orthodoxalbania.org\/2020\/#\/schema\/logo\/image\/","url":"https:\/\/orthodoxalbania.org\/2020\/wp-content\/uploads\/2020\/05\/albania.jpeg","contentUrl":"https:\/\/orthodoxalbania.org\/2020\/wp-content\/uploads\/2020\/05\/albania.jpeg","width":540,"height":540,"caption":"Kisha Orthodhokse Autoqefale e Shqip\u00ebris\u00eb"},"image":{"@id":"https:\/\/orthodoxalbania.org\/2020\/#\/schema\/logo\/image\/"},"sameAs":["https:\/\/www.facebook.com\/koash1991"]},{"@type":"Person","@id":"https:\/\/orthodoxalbania.org\/2020\/#\/schema\/person\/0c387634a7063ac612d7ed9ce71c7e86","name":"Kisha Orthodhokse","image":{"@type":"ImageObject","inLanguage":"en-US","@id":"https:\/\/secure.gravatar.com\/avatar\/596e7c417251e30f2fbb9c00e026fce61a695a00e51c889caded71c96cbbdde5?s=96&d=mm&r=g","url":"https:\/\/secure.gravatar.com\/avatar\/596e7c417251e30f2fbb9c00e026fce61a695a00e51c889caded71c96cbbdde5?s=96&d=mm&r=g","contentUrl":"https:\/\/secure.gravatar.com\/avatar\/596e7c417251e30f2fbb9c00e026fce61a695a00e51c889caded71c96cbbdde5?s=96&d=mm&r=g","caption":"Kisha Orthodhokse"}}]}},"_links":{"self":[{"href":"https:\/\/orthodoxalbania.org\/2020\/wp-json\/wp\/v2\/posts\/5003","targetHints":{"allow":["GET"]}}],"collection":[{"href":"https:\/\/orthodoxalbania.org\/2020\/wp-json\/wp\/v2\/posts"}],"about":[{"href":"https:\/\/orthodoxalbania.org\/2020\/wp-json\/wp\/v2\/types\/post"}],"author":[{"embeddable":true,"href":"https:\/\/orthodoxalbania.org\/2020\/wp-json\/wp\/v2\/users\/1"}],"replies":[{"embeddable":true,"href":"https:\/\/orthodoxalbania.org\/2020\/wp-json\/wp\/v2\/comments?post=5003"}],"version-history":[{"count":1,"href":"https:\/\/orthodoxalbania.org\/2020\/wp-json\/wp\/v2\/posts\/5003\/revisions"}],"predecessor-version":[{"id":14475,"href":"https:\/\/orthodoxalbania.org\/2020\/wp-json\/wp\/v2\/posts\/5003\/revisions\/14475"}],"wp:attachment":[{"href":"https:\/\/orthodoxalbania.org\/2020\/wp-json\/wp\/v2\/media?parent=5003"}],"wp:term":[{"taxonomy":"category","embeddable":true,"href":"https:\/\/orthodoxalbania.org\/2020\/wp-json\/wp\/v2\/categories?post=5003"},{"taxonomy":"post_tag","embeddable":true,"href":"https:\/\/orthodoxalbania.org\/2020\/wp-json\/wp\/v2\/tags?post=5003"}],"curies":[{"name":"wp","href":"https:\/\/api.w.org\/{rel}","templated":true}]}}