{"id":4990,"date":"2017-01-27T10:11:55","date_gmt":"2017-01-27T10:11:55","guid":{"rendered":""},"modified":"2020-04-06T22:01:51","modified_gmt":"2020-04-06T20:01:51","slug":"doli-ne-qarkullim-gazeta-ngjallja-e-muajit-janar-2017","status":"publish","type":"post","link":"https:\/\/orthodoxalbania.org\/2020\/2017\/01\/27\/doli-ne-qarkullim-gazeta-ngjallja-e-muajit-janar-2017\/","title":{"rendered":"Doli n\u00eb qarkullim gazeta &#8220;Ngjallja&#8221; e muajit Janar 2017"},"content":{"rendered":"<p style=\"text-align: center;\">\n\t<strong style=\"color: #800000;\"><span style=\"font-size: 12pt; font-family: helvetica;\">Doli n\u00eb qarkullim gazeta &#8220;Ngjallja&#8221; e muajit Janar 2017<\/span><\/strong><\/p>\n<p style=\"text-align: center;\">\n\t&nbsp;<\/p>\n<p style=\"text-align: center;\">\n\t<span style=\"color: #800000;\"><strong><span style=\"font-size: 12pt; font-family: helvetica;\">N\u00eb k\u00ebt\u00eb num\u00ebr do t\u00eb lexoni:<\/span><\/strong><\/span><\/p>\n<p>\n\t&nbsp;<\/p>\n<p style=\"text-align: justify;\">\n\t<span style=\"font-size: 12pt; font-family: helvetica; color: #000000;\">&#8211; Mposhtja e arroganc\u00ebs &#8211; nga Anastasi Kryepiskop i Tiran\u00ebs, Durr\u00ebsit dhe i Gjith\u00eb Shqip\u00ebris\u00eb, Krishtlindje 2016<\/span><\/p>\n<p style=\"text-align: justify;\">\n\t<span style=\"font-size: 12pt; font-family: helvetica; color: #000000;\">&#8211; Dor\u00ebzohet leja e legalizimit p\u00ebr Manastirin e Sh\u00ebn Vlashit<\/span><\/p>\n<p style=\"text-align: justify;\">\n\t<span style=\"font-size: 12pt; font-family: helvetica; color: #000000;\">&#8211; Mbledhje dhe ndarje ndihmash p\u00ebr njer\u00ebzit n\u00eb nevoj\u00eb me rastin e Krishtlindjes<\/span><\/p>\n<p style=\"text-align: justify;\">\n\t<span style=\"font-size: 12pt; font-family: helvetica; color: #000000;\">&#8211; Simpozium Nd\u00ebrfetar n\u00eb Tiran\u00eb &#8211; nga Dhimit\u00ebr Qosja<\/span><\/p>\n<p style=\"text-align: justify;\">\n\t<span style=\"font-size: 12pt; font-family: helvetica; color: #000000;\">&#8211; 135 vjet nga lindja e Imzot Theofanit (Nolit) &#8211; nga At\u00eb Arthur Liolini<\/span><\/p>\n<p style=\"text-align: justify;\">\n\t<span style=\"font-size: 12pt; font-family: helvetica; color: #000000;\">&#8211; Nga p\u00ebrsh\u00ebndetja me rastin e Krishtlindjes e Patriarkut Ekumenik t\u00eb Konstandinopoj\u00ebs, Vartholomeut &#8211; 2017-a shpallet Vit i Mbrojtjes s\u00eb Shenjt\u00ebris\u00eb s\u00eb F\u00ebmij\u00ebris\u00eb &#8211; nga Patriarku i Konstandinopoj\u00ebs, Vartholomeu<\/span><\/p>\n<p style=\"text-align: justify;\">\n\t<span style=\"font-size: 12pt; font-family: helvetica; color: #000000;\">&#8211; Urimi i Presidentit Nishani p\u00ebr Krishtlindje<\/span><\/p>\n<p style=\"text-align: justify;\">\n\t<span style=\"font-size: 12pt; font-family: helvetica; color: #000000;\">&#8211; T\u00eb njohim personalitetet e shquara intelektuale orthodhokse Dr. Dhimit\u00ebr Kajana &#8211; Intelektual i ndritur, mjek i shquar, humanist i madh, martir i paharruar &#8211; nga Prof. Dr. Robert Andoni<\/span><\/p>\n<p style=\"text-align: justify;\">\n\t<span style=\"font-size: 12pt; font-family: helvetica; color: #000000;\">&#8211; Sh\u00ebn Vasili i Madh, sh\u00ebn Nikolla dhe Santa Clausi &#8211; Ngat\u00ebrresa, deformime, mite dhe e v\u00ebrteta rreth tyre &#8211; nga Arkimandrit Kozma Sovjani<\/span><\/p>\n<p style=\"text-align: justify;\">\n\t<span style=\"font-size: 12pt; font-family: helvetica; color: #000000;\">&#8211; \u201cRoli i gruas n\u00eb Kish\u00eb\u201d &#8211; Aktivitet me grat\u00eb e Kryepiskopat\u00ebs s\u00eb Tiran\u00ebs &#8211; nga Elisabeta Shqau<\/span><\/p>\n<p style=\"text-align: justify;\">\n\t<span style=\"font-size: 12pt; font-family: helvetica; color: #000000;\">&#8211; Forumi V Evropian Katoliko-Orthodhoks &#8211; Evropa n\u00ebn frik\u00ebn e k\u00ebrc\u00ebnimit terrorist fundamentalist dhe vlera e personit e liria fetare<\/span><\/p>\n<p style=\"text-align: justify;\">\n\t<span style=\"font-size: 12pt; font-family: helvetica; color: #000000;\">&#8211; Gjinar &#8211; T\u00eb rinjt\u00eb orthodhoks\u00eb pran\u00eb m\u00eb nevojtar\u00ebve &#8211; nga Armand Oga<\/span><\/p>\n<p style=\"text-align: justify;\">\n\t<span style=\"font-size: 12pt; font-family: helvetica; color: #000000;\">&#8211; Urime t\u00eb ngrohta p\u00ebr Kryepiskopin n\u00eb t\u00eb kremten e Sh\u00ebn Anastas Persianit<\/span><\/p>\n<p style=\"text-align: center;\">\n\t<iframe class=\"scribd_iframe_embed\" data-aspect-ratio=\"0.734910277324633\" data-auto-height=\"false\" frameborder=\"0\" height=\"600\" id=\"doc_35057\" scrolling=\"no\" src=\"https:\/\/www.scribd.com\/embeds\/337688574\/content?start_page=1&amp;view_mode=slideshow&amp;access_key=key-5gkNnutF0GlHptmAdS4J&amp;show_recommendations=false\" width=\"100%\"><\/iframe><\/p>\n","protected":false},"excerpt":{"rendered":"<p>Doli n\u00eb qarkullim gazeta &#8220;Ngjallja&#8221; e muajit Janar 2017 &nbsp; N\u00eb k\u00ebt\u00eb num\u00ebr do t\u00eb lexoni: &nbsp; &#8211; Mposhtja e arroganc\u00ebs &#8211; nga Anastasi Kryepiskop i Tiran\u00ebs, Durr\u00ebsit dhe i Gjith\u00eb Shqip\u00ebris\u00eb, Krishtlindje 2016 &#8211; Dor\u00ebzohet leja e legalizimit p\u00ebr Manastirin e Sh\u00ebn Vlashit &#8211; Mbledhje dhe ndarje ndihmash p\u00ebr njer\u00ebzit n\u00eb nevoj\u00eb me rastin e Krishtlindjes &#8211; Simpozium Nd\u00ebrfetar n\u00eb Tiran\u00eb &#8211; nga Dhimit\u00ebr<\/p>\n","protected":false},"author":1,"featured_media":4991,"comment_status":"open","ping_status":"open","sticky":false,"template":"","format":"standard","meta":{"_acf_changed":false,"pagelayer_contact_templates":[],"_pagelayer_content":"","inline_featured_image":false,"fifu_image_url":"","fifu_image_alt":"","footnotes":""},"categories":[108],"tags":[209,161,196,212,607],"class_list":["post-4990","post","type-post","status-publish","format-standard","has-post-thumbnail","hentry","category-lajme","tag-209","tag-gazeta-ngjallja","tag-tirane","tag-lajme-d27","tag-promovimepublikime"],"acf":[],"yoast_head":"<!-- This site is optimized with the Yoast SEO plugin v27.2 - https:\/\/yoast.com\/product\/yoast-seo-wordpress\/ -->\n<title>Doli n\u00eb qarkullim gazeta &quot;Ngjallja&quot; e muajit Janar 2017 - Kisha Orthodh\u03bfkse Autoqefale e Shqip\u00ebris\u00eb<\/title>\n<meta name=\"robots\" content=\"index, follow, max-snippet:-1, max-image-preview:large, max-video-preview:-1\" \/>\n<link rel=\"canonical\" href=\"https:\/\/orthodoxalbania.org\/2020\/2017\/01\/27\/doli-ne-qarkullim-gazeta-ngjallja-e-muajit-janar-2017\/\" \/>\n<meta property=\"og:locale\" content=\"en_US\" \/>\n<meta property=\"og:type\" content=\"article\" \/>\n<meta property=\"og:title\" content=\"Doli n\u00eb qarkullim gazeta &quot;Ngjallja&quot; e muajit Janar 2017 - Kisha Orthodh\u03bfkse Autoqefale e Shqip\u00ebris\u00eb\" \/>\n<meta property=\"og:description\" content=\"Doli n\u00eb qarkullim gazeta &#8220;Ngjallja&#8221; e muajit Janar 2017 &nbsp; N\u00eb k\u00ebt\u00eb num\u00ebr do t\u00eb lexoni: &nbsp; &#8211; Mposhtja e arroganc\u00ebs &#8211; nga Anastasi Kryepiskop i Tiran\u00ebs, Durr\u00ebsit dhe i Gjith\u00eb Shqip\u00ebris\u00eb, Krishtlindje 2016 &#8211; Dor\u00ebzohet leja e legalizimit p\u00ebr Manastirin e Sh\u00ebn Vlashit &#8211; Mbledhje dhe ndarje ndihmash p\u00ebr njer\u00ebzit n\u00eb nevoj\u00eb me rastin e Krishtlindjes &#8211; Simpozium Nd\u00ebrfetar n\u00eb Tiran\u00eb &#8211; nga Dhimit\u00ebr\" \/>\n<meta property=\"og:url\" content=\"https:\/\/orthodoxalbania.org\/2020\/2017\/01\/27\/doli-ne-qarkullim-gazeta-ngjallja-e-muajit-janar-2017\/\" \/>\n<meta property=\"og:site_name\" content=\"Kisha Orthodh\u03bfkse Autoqefale e Shqip\u00ebris\u00eb\" \/>\n<meta property=\"article:publisher\" content=\"https:\/\/www.facebook.com\/koash1991\" \/>\n<meta property=\"article:published_time\" content=\"2017-01-27T10:11:55+00:00\" \/>\n<meta property=\"article:modified_time\" content=\"2020-04-06T20:01:51+00:00\" \/>\n<meta property=\"og:image\" content=\"https:\/\/orthodoxalbania.org\/2020\/wp-content\/uploads\/2020\/04\/janar.JPG\" \/>\n\t<meta property=\"og:image:width\" content=\"592\" \/>\n\t<meta property=\"og:image:height\" content=\"771\" \/>\n\t<meta property=\"og:image:type\" content=\"image\/jpeg\" \/>\n<meta name=\"author\" content=\"Kisha Orthodhokse\" \/>\n<meta name=\"twitter:card\" content=\"summary_large_image\" \/>\n<meta name=\"twitter:label1\" content=\"Written by\" \/>\n\t<meta name=\"twitter:data1\" content=\"Kisha Orthodhokse\" \/>\n\t<meta name=\"twitter:label2\" content=\"Est. reading time\" \/>\n\t<meta name=\"twitter:data2\" content=\"1 minute\" \/>\n<script type=\"application\/ld+json\" class=\"yoast-schema-graph\">{\"@context\":\"https:\/\/schema.org\",\"@graph\":[{\"@type\":\"Article\",\"@id\":\"https:\/\/orthodoxalbania.org\/2020\/2017\/01\/27\/doli-ne-qarkullim-gazeta-ngjallja-e-muajit-janar-2017\/#article\",\"isPartOf\":{\"@id\":\"https:\/\/orthodoxalbania.org\/2020\/2017\/01\/27\/doli-ne-qarkullim-gazeta-ngjallja-e-muajit-janar-2017\/\"},\"author\":{\"name\":\"Kisha Orthodhokse\",\"@id\":\"https:\/\/orthodoxalbania.org\/2020\/#\/schema\/person\/0c387634a7063ac612d7ed9ce71c7e86\"},\"headline\":\"Doli n\u00eb qarkullim gazeta &#8220;Ngjallja&#8221; e muajit Janar 2017\",\"datePublished\":\"2017-01-27T10:11:55+00:00\",\"dateModified\":\"2020-04-06T20:01:51+00:00\",\"mainEntityOfPage\":{\"@id\":\"https:\/\/orthodoxalbania.org\/2020\/2017\/01\/27\/doli-ne-qarkullim-gazeta-ngjallja-e-muajit-janar-2017\/\"},\"wordCount\":274,\"commentCount\":0,\"publisher\":{\"@id\":\"https:\/\/orthodoxalbania.org\/2020\/#organization\"},\"image\":{\"@id\":\"https:\/\/orthodoxalbania.org\/2020\/2017\/01\/27\/doli-ne-qarkullim-gazeta-ngjallja-e-muajit-janar-2017\/#primaryimage\"},\"thumbnailUrl\":\"https:\/\/orthodoxalbania.org\/2020\/wp-content\/uploads\/2020\/04\/janar.JPG\",\"keywords\":[\"2017\",\"Gazeta \\\"Ngjallja\\\"\",\"Kryepiskopata Tiran\u00eb\",\"lajme\",\"PromovimePublikime\"],\"articleSection\":[\"Lajme\"],\"inLanguage\":\"en-US\"},{\"@type\":\"WebPage\",\"@id\":\"https:\/\/orthodoxalbania.org\/2020\/2017\/01\/27\/doli-ne-qarkullim-gazeta-ngjallja-e-muajit-janar-2017\/\",\"url\":\"https:\/\/orthodoxalbania.org\/2020\/2017\/01\/27\/doli-ne-qarkullim-gazeta-ngjallja-e-muajit-janar-2017\/\",\"name\":\"Doli n\u00eb qarkullim gazeta \\\"Ngjallja\\\" e muajit Janar 2017 - Kisha Orthodh\u03bfkse Autoqefale e Shqip\u00ebris\u00eb\",\"isPartOf\":{\"@id\":\"https:\/\/orthodoxalbania.org\/2020\/#website\"},\"primaryImageOfPage\":{\"@id\":\"https:\/\/orthodoxalbania.org\/2020\/2017\/01\/27\/doli-ne-qarkullim-gazeta-ngjallja-e-muajit-janar-2017\/#primaryimage\"},\"image\":{\"@id\":\"https:\/\/orthodoxalbania.org\/2020\/2017\/01\/27\/doli-ne-qarkullim-gazeta-ngjallja-e-muajit-janar-2017\/#primaryimage\"},\"thumbnailUrl\":\"https:\/\/orthodoxalbania.org\/2020\/wp-content\/uploads\/2020\/04\/janar.JPG\",\"datePublished\":\"2017-01-27T10:11:55+00:00\",\"dateModified\":\"2020-04-06T20:01:51+00:00\",\"breadcrumb\":{\"@id\":\"https:\/\/orthodoxalbania.org\/2020\/2017\/01\/27\/doli-ne-qarkullim-gazeta-ngjallja-e-muajit-janar-2017\/#breadcrumb\"},\"inLanguage\":\"en-US\",\"potentialAction\":[{\"@type\":\"ReadAction\",\"target\":[\"https:\/\/orthodoxalbania.org\/2020\/2017\/01\/27\/doli-ne-qarkullim-gazeta-ngjallja-e-muajit-janar-2017\/\"]}]},{\"@type\":\"ImageObject\",\"inLanguage\":\"en-US\",\"@id\":\"https:\/\/orthodoxalbania.org\/2020\/2017\/01\/27\/doli-ne-qarkullim-gazeta-ngjallja-e-muajit-janar-2017\/#primaryimage\",\"url\":\"https:\/\/orthodoxalbania.org\/2020\/wp-content\/uploads\/2020\/04\/janar.JPG\",\"contentUrl\":\"https:\/\/orthodoxalbania.org\/2020\/wp-content\/uploads\/2020\/04\/janar.JPG\",\"width\":592,\"height\":771},{\"@type\":\"BreadcrumbList\",\"@id\":\"https:\/\/orthodoxalbania.org\/2020\/2017\/01\/27\/doli-ne-qarkullim-gazeta-ngjallja-e-muajit-janar-2017\/#breadcrumb\",\"itemListElement\":[{\"@type\":\"ListItem\",\"position\":1,\"name\":\"Home\",\"item\":\"https:\/\/orthodoxalbania.org\/2020\/\"},{\"@type\":\"ListItem\",\"position\":2,\"name\":\"Doli n\u00eb qarkullim gazeta &#8220;Ngjallja&#8221; e muajit Janar 2017\"}]},{\"@type\":\"WebSite\",\"@id\":\"https:\/\/orthodoxalbania.org\/2020\/#website\",\"url\":\"https:\/\/orthodoxalbania.org\/2020\/\",\"name\":\"Kisha Orthodh\u03bfkse Autoqefale e Shqip\u00ebris\u00eb\",\"description\":\"Fqja Zyrtare e Kish\u00ebs Orthodhokse Autoqefale e Shqip\u00ebris\u00eb me lajmet edhe informacionet zyrtare p\u00ebr struktur\u00ebn edhe veprimtarin e saj.\",\"publisher\":{\"@id\":\"https:\/\/orthodoxalbania.org\/2020\/#organization\"},\"potentialAction\":[{\"@type\":\"SearchAction\",\"target\":{\"@type\":\"EntryPoint\",\"urlTemplate\":\"https:\/\/orthodoxalbania.org\/2020\/?s={search_term_string}\"},\"query-input\":{\"@type\":\"PropertyValueSpecification\",\"valueRequired\":true,\"valueName\":\"search_term_string\"}}],\"inLanguage\":\"en-US\"},{\"@type\":\"Organization\",\"@id\":\"https:\/\/orthodoxalbania.org\/2020\/#organization\",\"name\":\"Kisha Orthodhokse Autoqefale e Shqip\u00ebris\u00eb\",\"url\":\"https:\/\/orthodoxalbania.org\/2020\/\",\"logo\":{\"@type\":\"ImageObject\",\"inLanguage\":\"en-US\",\"@id\":\"https:\/\/orthodoxalbania.org\/2020\/#\/schema\/logo\/image\/\",\"url\":\"https:\/\/orthodoxalbania.org\/2020\/wp-content\/uploads\/2020\/05\/albania.jpeg\",\"contentUrl\":\"https:\/\/orthodoxalbania.org\/2020\/wp-content\/uploads\/2020\/05\/albania.jpeg\",\"width\":540,\"height\":540,\"caption\":\"Kisha Orthodhokse Autoqefale e Shqip\u00ebris\u00eb\"},\"image\":{\"@id\":\"https:\/\/orthodoxalbania.org\/2020\/#\/schema\/logo\/image\/\"},\"sameAs\":[\"https:\/\/www.facebook.com\/koash1991\"]},{\"@type\":\"Person\",\"@id\":\"https:\/\/orthodoxalbania.org\/2020\/#\/schema\/person\/0c387634a7063ac612d7ed9ce71c7e86\",\"name\":\"Kisha Orthodhokse\",\"image\":{\"@type\":\"ImageObject\",\"inLanguage\":\"en-US\",\"@id\":\"https:\/\/secure.gravatar.com\/avatar\/596e7c417251e30f2fbb9c00e026fce61a695a00e51c889caded71c96cbbdde5?s=96&d=mm&r=g\",\"url\":\"https:\/\/secure.gravatar.com\/avatar\/596e7c417251e30f2fbb9c00e026fce61a695a00e51c889caded71c96cbbdde5?s=96&d=mm&r=g\",\"contentUrl\":\"https:\/\/secure.gravatar.com\/avatar\/596e7c417251e30f2fbb9c00e026fce61a695a00e51c889caded71c96cbbdde5?s=96&d=mm&r=g\",\"caption\":\"Kisha Orthodhokse\"}}]}<\/script>\n<!-- \/ Yoast SEO plugin. -->","yoast_head_json":{"title":"Doli n\u00eb qarkullim gazeta \"Ngjallja\" e muajit Janar 2017 - Kisha Orthodh\u03bfkse Autoqefale e Shqip\u00ebris\u00eb","robots":{"index":"index","follow":"follow","max-snippet":"max-snippet:-1","max-image-preview":"max-image-preview:large","max-video-preview":"max-video-preview:-1"},"canonical":"https:\/\/orthodoxalbania.org\/2020\/2017\/01\/27\/doli-ne-qarkullim-gazeta-ngjallja-e-muajit-janar-2017\/","og_locale":"en_US","og_type":"article","og_title":"Doli n\u00eb qarkullim gazeta \"Ngjallja\" e muajit Janar 2017 - Kisha Orthodh\u03bfkse Autoqefale e Shqip\u00ebris\u00eb","og_description":"Doli n\u00eb qarkullim gazeta &#8220;Ngjallja&#8221; e muajit Janar 2017 &nbsp; N\u00eb k\u00ebt\u00eb num\u00ebr do t\u00eb lexoni: &nbsp; &#8211; Mposhtja e arroganc\u00ebs &#8211; nga Anastasi Kryepiskop i Tiran\u00ebs, Durr\u00ebsit dhe i Gjith\u00eb Shqip\u00ebris\u00eb, Krishtlindje 2016 &#8211; Dor\u00ebzohet leja e legalizimit p\u00ebr Manastirin e Sh\u00ebn Vlashit &#8211; Mbledhje dhe ndarje ndihmash p\u00ebr njer\u00ebzit n\u00eb nevoj\u00eb me rastin e Krishtlindjes &#8211; Simpozium Nd\u00ebrfetar n\u00eb Tiran\u00eb &#8211; nga Dhimit\u00ebr","og_url":"https:\/\/orthodoxalbania.org\/2020\/2017\/01\/27\/doli-ne-qarkullim-gazeta-ngjallja-e-muajit-janar-2017\/","og_site_name":"Kisha Orthodh\u03bfkse Autoqefale e Shqip\u00ebris\u00eb","article_publisher":"https:\/\/www.facebook.com\/koash1991","article_published_time":"2017-01-27T10:11:55+00:00","article_modified_time":"2020-04-06T20:01:51+00:00","og_image":[{"width":592,"height":771,"url":"https:\/\/orthodoxalbania.org\/2020\/wp-content\/uploads\/2020\/04\/janar.JPG","type":"image\/jpeg"}],"author":"Kisha Orthodhokse","twitter_card":"summary_large_image","twitter_misc":{"Written by":"Kisha Orthodhokse","Est. reading time":"1 minute"},"schema":{"@context":"https:\/\/schema.org","@graph":[{"@type":"Article","@id":"https:\/\/orthodoxalbania.org\/2020\/2017\/01\/27\/doli-ne-qarkullim-gazeta-ngjallja-e-muajit-janar-2017\/#article","isPartOf":{"@id":"https:\/\/orthodoxalbania.org\/2020\/2017\/01\/27\/doli-ne-qarkullim-gazeta-ngjallja-e-muajit-janar-2017\/"},"author":{"name":"Kisha Orthodhokse","@id":"https:\/\/orthodoxalbania.org\/2020\/#\/schema\/person\/0c387634a7063ac612d7ed9ce71c7e86"},"headline":"Doli n\u00eb qarkullim gazeta &#8220;Ngjallja&#8221; e muajit Janar 2017","datePublished":"2017-01-27T10:11:55+00:00","dateModified":"2020-04-06T20:01:51+00:00","mainEntityOfPage":{"@id":"https:\/\/orthodoxalbania.org\/2020\/2017\/01\/27\/doli-ne-qarkullim-gazeta-ngjallja-e-muajit-janar-2017\/"},"wordCount":274,"commentCount":0,"publisher":{"@id":"https:\/\/orthodoxalbania.org\/2020\/#organization"},"image":{"@id":"https:\/\/orthodoxalbania.org\/2020\/2017\/01\/27\/doli-ne-qarkullim-gazeta-ngjallja-e-muajit-janar-2017\/#primaryimage"},"thumbnailUrl":"https:\/\/orthodoxalbania.org\/2020\/wp-content\/uploads\/2020\/04\/janar.JPG","keywords":["2017","Gazeta \"Ngjallja\"","Kryepiskopata Tiran\u00eb","lajme","PromovimePublikime"],"articleSection":["Lajme"],"inLanguage":"en-US"},{"@type":"WebPage","@id":"https:\/\/orthodoxalbania.org\/2020\/2017\/01\/27\/doli-ne-qarkullim-gazeta-ngjallja-e-muajit-janar-2017\/","url":"https:\/\/orthodoxalbania.org\/2020\/2017\/01\/27\/doli-ne-qarkullim-gazeta-ngjallja-e-muajit-janar-2017\/","name":"Doli n\u00eb qarkullim gazeta \"Ngjallja\" e muajit Janar 2017 - Kisha Orthodh\u03bfkse Autoqefale e Shqip\u00ebris\u00eb","isPartOf":{"@id":"https:\/\/orthodoxalbania.org\/2020\/#website"},"primaryImageOfPage":{"@id":"https:\/\/orthodoxalbania.org\/2020\/2017\/01\/27\/doli-ne-qarkullim-gazeta-ngjallja-e-muajit-janar-2017\/#primaryimage"},"image":{"@id":"https:\/\/orthodoxalbania.org\/2020\/2017\/01\/27\/doli-ne-qarkullim-gazeta-ngjallja-e-muajit-janar-2017\/#primaryimage"},"thumbnailUrl":"https:\/\/orthodoxalbania.org\/2020\/wp-content\/uploads\/2020\/04\/janar.JPG","datePublished":"2017-01-27T10:11:55+00:00","dateModified":"2020-04-06T20:01:51+00:00","breadcrumb":{"@id":"https:\/\/orthodoxalbania.org\/2020\/2017\/01\/27\/doli-ne-qarkullim-gazeta-ngjallja-e-muajit-janar-2017\/#breadcrumb"},"inLanguage":"en-US","potentialAction":[{"@type":"ReadAction","target":["https:\/\/orthodoxalbania.org\/2020\/2017\/01\/27\/doli-ne-qarkullim-gazeta-ngjallja-e-muajit-janar-2017\/"]}]},{"@type":"ImageObject","inLanguage":"en-US","@id":"https:\/\/orthodoxalbania.org\/2020\/2017\/01\/27\/doli-ne-qarkullim-gazeta-ngjallja-e-muajit-janar-2017\/#primaryimage","url":"https:\/\/orthodoxalbania.org\/2020\/wp-content\/uploads\/2020\/04\/janar.JPG","contentUrl":"https:\/\/orthodoxalbania.org\/2020\/wp-content\/uploads\/2020\/04\/janar.JPG","width":592,"height":771},{"@type":"BreadcrumbList","@id":"https:\/\/orthodoxalbania.org\/2020\/2017\/01\/27\/doli-ne-qarkullim-gazeta-ngjallja-e-muajit-janar-2017\/#breadcrumb","itemListElement":[{"@type":"ListItem","position":1,"name":"Home","item":"https:\/\/orthodoxalbania.org\/2020\/"},{"@type":"ListItem","position":2,"name":"Doli n\u00eb qarkullim gazeta &#8220;Ngjallja&#8221; e muajit Janar 2017"}]},{"@type":"WebSite","@id":"https:\/\/orthodoxalbania.org\/2020\/#website","url":"https:\/\/orthodoxalbania.org\/2020\/","name":"Kisha Orthodh\u03bfkse Autoqefale e Shqip\u00ebris\u00eb","description":"Fqja Zyrtare e Kish\u00ebs Orthodhokse Autoqefale e Shqip\u00ebris\u00eb me lajmet edhe informacionet zyrtare p\u00ebr struktur\u00ebn edhe veprimtarin e saj.","publisher":{"@id":"https:\/\/orthodoxalbania.org\/2020\/#organization"},"potentialAction":[{"@type":"SearchAction","target":{"@type":"EntryPoint","urlTemplate":"https:\/\/orthodoxalbania.org\/2020\/?s={search_term_string}"},"query-input":{"@type":"PropertyValueSpecification","valueRequired":true,"valueName":"search_term_string"}}],"inLanguage":"en-US"},{"@type":"Organization","@id":"https:\/\/orthodoxalbania.org\/2020\/#organization","name":"Kisha Orthodhokse Autoqefale e Shqip\u00ebris\u00eb","url":"https:\/\/orthodoxalbania.org\/2020\/","logo":{"@type":"ImageObject","inLanguage":"en-US","@id":"https:\/\/orthodoxalbania.org\/2020\/#\/schema\/logo\/image\/","url":"https:\/\/orthodoxalbania.org\/2020\/wp-content\/uploads\/2020\/05\/albania.jpeg","contentUrl":"https:\/\/orthodoxalbania.org\/2020\/wp-content\/uploads\/2020\/05\/albania.jpeg","width":540,"height":540,"caption":"Kisha Orthodhokse Autoqefale e Shqip\u00ebris\u00eb"},"image":{"@id":"https:\/\/orthodoxalbania.org\/2020\/#\/schema\/logo\/image\/"},"sameAs":["https:\/\/www.facebook.com\/koash1991"]},{"@type":"Person","@id":"https:\/\/orthodoxalbania.org\/2020\/#\/schema\/person\/0c387634a7063ac612d7ed9ce71c7e86","name":"Kisha Orthodhokse","image":{"@type":"ImageObject","inLanguage":"en-US","@id":"https:\/\/secure.gravatar.com\/avatar\/596e7c417251e30f2fbb9c00e026fce61a695a00e51c889caded71c96cbbdde5?s=96&d=mm&r=g","url":"https:\/\/secure.gravatar.com\/avatar\/596e7c417251e30f2fbb9c00e026fce61a695a00e51c889caded71c96cbbdde5?s=96&d=mm&r=g","contentUrl":"https:\/\/secure.gravatar.com\/avatar\/596e7c417251e30f2fbb9c00e026fce61a695a00e51c889caded71c96cbbdde5?s=96&d=mm&r=g","caption":"Kisha Orthodhokse"}}]}},"_links":{"self":[{"href":"https:\/\/orthodoxalbania.org\/2020\/wp-json\/wp\/v2\/posts\/4990","targetHints":{"allow":["GET"]}}],"collection":[{"href":"https:\/\/orthodoxalbania.org\/2020\/wp-json\/wp\/v2\/posts"}],"about":[{"href":"https:\/\/orthodoxalbania.org\/2020\/wp-json\/wp\/v2\/types\/post"}],"author":[{"embeddable":true,"href":"https:\/\/orthodoxalbania.org\/2020\/wp-json\/wp\/v2\/users\/1"}],"replies":[{"embeddable":true,"href":"https:\/\/orthodoxalbania.org\/2020\/wp-json\/wp\/v2\/comments?post=4990"}],"version-history":[{"count":1,"href":"https:\/\/orthodoxalbania.org\/2020\/wp-json\/wp\/v2\/posts\/4990\/revisions"}],"predecessor-version":[{"id":14304,"href":"https:\/\/orthodoxalbania.org\/2020\/wp-json\/wp\/v2\/posts\/4990\/revisions\/14304"}],"wp:featuredmedia":[{"embeddable":true,"href":"https:\/\/orthodoxalbania.org\/2020\/wp-json\/wp\/v2\/media\/4991"}],"wp:attachment":[{"href":"https:\/\/orthodoxalbania.org\/2020\/wp-json\/wp\/v2\/media?parent=4990"}],"wp:term":[{"taxonomy":"category","embeddable":true,"href":"https:\/\/orthodoxalbania.org\/2020\/wp-json\/wp\/v2\/categories?post=4990"},{"taxonomy":"post_tag","embeddable":true,"href":"https:\/\/orthodoxalbania.org\/2020\/wp-json\/wp\/v2\/tags?post=4990"}],"curies":[{"name":"wp","href":"https:\/\/api.w.org\/{rel}","templated":true}]}}