{"id":499,"date":"2013-03-20T12:56:32","date_gmt":"2013-03-20T12:56:32","guid":{"rendered":""},"modified":"2020-04-06T22:32:22","modified_gmt":"2020-04-06T20:32:22","slug":"edhe-kete-vit-u-organizuan-me-gezim-kampet-me-femijet-kosovare-malisheve-2010","status":"publish","type":"post","link":"https:\/\/orthodoxalbania.org\/2020\/2013\/03\/20\/edhe-kete-vit-u-organizuan-me-gezim-kampet-me-femijet-kosovare-malisheve-2010\/","title":{"rendered":"Edhe k\u00ebt\u00eb vit u organizuan me g\u00ebzim kampet me f\u00ebmij\u00ebt kosovar\u00eb, Malishev\u00eb, 16 &#8211; 31 Gusht 2010."},"content":{"rendered":"<p style=\"text-align: justify;\"><span style=\"color: #000000; font-size: 10pt; font-family: helvetica;\"><img decoding=\"async\" class=\"lazyload HAa Eha\" style=\"height: 258px; width: 388px; border-width: 1px; border-style: solid; margin: 10px; float: left;\" alt=\"\" src=\"data:image\/svg+xml,%3Csvg%20xmlns%3D%27http%3A%2F%2Fwww.w3.org%2F2000%2Fsvg%27%20width%3D%27332%27%20height%3D%27221%27%20viewBox%3D%270%200%20332%20221%27%3E%3Crect%20width%3D%27332%27%20height%3D%27221%27%20fill-opacity%3D%220%22%2F%3E%3C%2Fsvg%3E\" data-orig-src=\"https:\/\/lh5.googleusercontent.com\/-bZcokxvpNJw\/U_7sS9dRiDI\/AAAAAAAABks\/XLFcNdc9zX0\/w800-h531-no\/1%2B-%2Btekst.JPG\" height=\"221\" width=\"332\" \/><span style=\"font-size: 12pt;\">&nbsp;&nbsp;&nbsp; Sapo shfaqet mikrobusi, ata gum\u00ebzhijn\u00eb dhe i p\u00ebrsh\u00ebndesin duke rendur p\u00ebr t\u2019i takuar. Me buz\u00ebqeshjen dhe \u00e7ilt\u00ebrsin\u00eb f\u00ebmij\u00ebrore, nisin t\u00eb k\u00ebndojn\u00eb dhe t\u00eb k\u00ebrcejn\u00eb sikur t\u00eb jet\u00eb edhe piku i vap\u00ebs, madje edhe n\u00eb t\u00eb ftohtin e pragvjesht\u00ebs. Ndon\u00ebse n\u00eb klasat fillore i kan\u00eb b\u00ebr\u00eb miq t\u00eb vjet\u00ebr dhe shum\u00eb t\u00eb dashur. I quajn\u00eb m\u00ebsues, edhe pse jan\u00eb disa t\u00eb rinj vullnetar\u00eb q\u00eb vijn\u00eb nga Kisha Orthodhokse Autoqefale e Shqip\u00ebris\u00eb dhe zhvillojn\u00eb me ta veprimtari edukative dhe loj\u00ebra arg\u00ebtuese. P\u00ebrtej k\u00ebsaj, f\u00ebmij\u00ebt kosovar\u00eb dhe t\u00eb rinjt\u00eb shqiptar\u00eb kan\u00eb krijuar nj\u00eb lidhje t\u00eb fort\u00eb v\u00ebllaz\u00ebrie, e cila reflektohet bindsh\u00ebm edhe te arsimtar\u00ebt e prind\u00ebrit. M\u00eb shum\u00eb se nj\u00eb dekad\u00eb miq\u00ebsi q\u00eb p\u00ebrjetohet dhe p\u00ebrcillet brez pas brezi p\u00ebrmes k\u00ebtyre aktiviteteve, t\u00eb cilat kan\u00eb l\u00ebn\u00eb gjurm\u00eb t\u00eb thella n\u00eb kujtimet e tyre.<\/span><\/span><\/p>\n<p style=\"text-align: justify;\"><span style=\"color: #000000; font-size: 12pt; font-family: helvetica;\"><img decoding=\"async\" class=\"lazyload HAa Eha\" style=\"height: 199px; width: 300px; border-width: 1px; border-style: solid; margin: 10px; float: right;\" alt=\"\" src=\"data:image\/gif;base64,R0lGODlhAQABAAAAACH5BAEKAAEALAAAAAABAAEAAAICTAEAOw==\" data-orig-src=\"https:\/\/lh3.googleusercontent.com\/-aXQ6F6QoESw\/U_7sSqWMCMI\/AAAAAAAABko\/IEHg2Uj8bOc\/w800-h531-no\/2%2B-%2Btekst.JPG\" \/>&nbsp;&nbsp;&nbsp; Sivjet, pik\u00ebrisht n\u00eb komun\u00ebn e Malishev\u00ebs, gjat\u00eb periudh\u00ebs 16-31 gusht u zhvilluan tri kampe n\u00eb shkollat e fshatrave Begaj, Banj\u00eb dhe Caralluk\u00eb. Tema qendrore ishte \u201cBukuria e natyr\u00ebs\u201d. \u00c7do dit\u00eb f\u00ebmij\u00ebt ndiqnin nj\u00eb dram\u00eb n\u00eb lidhje me aspekte t\u00eb ndryshme t\u00eb p\u00ebrkujdesjes s\u00eb mjedisit n\u00eb familje, n\u00eb shkoll\u00eb dhe n\u00eb vend.<\/span><\/p>\n<p style=\"text-align: justify;\"><span style=\"color: #000000; font-size: 12pt; font-family: helvetica;\">&nbsp;&nbsp;&nbsp; Programi p\u00ebrmbante loj\u00ebra, k\u00ebng\u00eb, diskutime n\u00eb grupe, pun\u00ebdore e kokteil. F\u00ebmij\u00ebt ishin n\u00eb aktivitet p\u00ebr rreth kat\u00ebr or\u00eb n\u00eb dit\u00eb. Paradite merrnin pjes\u00eb f\u00ebmij\u00eb nga parashkollor\u00ebt deri te klasat e kat\u00ebrta dhe mbasdite nga klasat e pesta deri n\u00eb klasat e n\u00ebnta. Nj\u00eb dit\u00eb ishin programuar loj\u00ebrat olimpike, dhe n\u00eb fund festa e p\u00ebrgatitur nga vet\u00eb grupet e f\u00ebmij\u00ebve pjes\u00ebmarr\u00ebs.<\/span><\/p>\n<p style=\"text-align: justify;\"><span style=\"color: #000000; font-size: 12pt; font-family: helvetica;\">&nbsp;&nbsp;&nbsp; \u201cKy aktivitet m\u00eb p\u00eblqen shum\u00eb dhe mezi ju pres t\u00eb vini p\u00ebrs\u00ebri vitin tjet\u00ebr\u201d \u2013 thot\u00eb Erjona Krasniqi, nx\u00ebn\u00ebse e shkoll\u00ebs \u201cImer Krasniqi\u201d n\u00eb Caralluk\u00eb t\u00eb Malishev\u00ebs. Ajo iu ka treguar plot zell edhe familjar\u00ebve e miqve t\u00eb saj p\u00ebr dit\u00ebt e kampit, m\u00ebsimet dhe loj\u00ebrat e shumta q\u00eb zhvillohen \u00e7do dit\u00eb. F\u00ebmij\u00ebt, m\u00eb shum\u00eb se kushdo tjet\u00ebr kan\u00eb pasur nevoj\u00eb p\u00ebr aktivitete t\u00eb k\u00ebsaj natyre, sepse edhe luajn\u00eb, edhe g\u00ebzohen, edhe m\u00ebsojn\u00eb. Ky \u00ebsht\u00eb nj\u00eb bashk\u00ebpunim i frytsh\u00ebm, duke i b\u00ebr\u00eb edhe m\u00ebsuesit e prind\u00ebrit t\u00eb ndihen t\u00eb k\u00ebnaqur me lumturin\u00eb q\u00eb ndjejn\u00eb f\u00ebmij\u00ebt e tyre.<\/span><\/p>\n<p style=\"text-align: justify;\"><span style=\"color: #000000; font-size: 12pt; font-family: helvetica;\">&nbsp;&nbsp;&nbsp; Drejtuesi i k\u00ebsaj veprimtarie, z. Nathan Hoppe tha para nx\u00ebn\u00ebsve kosovar\u00eb:<\/span><\/p>\n<p style=\"text-align: justify;\"><span style=\"color: #000000; font-size: 12pt; font-family: helvetica;\"><img decoding=\"async\" class=\"lazyload HAa Eha\" style=\"height: 199px; width: 300px; border-width: 1px; border-style: solid; margin: 10px; float: left;\" alt=\"\" src=\"data:image\/gif;base64,R0lGODlhAQABAAAAACH5BAEKAAEALAAAAAABAAEAAAICTAEAOw==\" data-orig-src=\"https:\/\/lh3.googleusercontent.com\/-4ctLAwYip6w\/U_7sZ7kl6QI\/AAAAAAAABmc\/k76lJOIlK4g\/w800-h531-no\/3%2B-%2Btekst.JPG\" \/>&nbsp;&nbsp;&nbsp; \u201cKemi g\u00ebzimin t\u2019ju p\u00ebrsh\u00ebndesim nga Kryepiskopi Anastas dhe Kisha Orthodhokse Autoqefale e Shqip\u00ebris\u00eb. Bukuria \u00ebsht\u00eb nj\u00eb nga vlerat m\u00eb t\u00eb m\u00ebdha t\u00eb jet\u00ebs njer\u00ebzore. Kemi shum\u00eb gj\u00ebra t\u00eb bukura rreth e rrotull q\u00eb duhet t\u2019i vler\u00ebsojm\u00eb dhe ky kamp shpresojm\u00eb t\u00eb ndikoj\u00eb n\u00eb zhvillimin e tyre\u201d.<\/span><\/p>\n<p style=\"text-align: justify;\"><span style=\"color: #000000; font-size: 12pt; font-family: helvetica;\">&nbsp;&nbsp;&nbsp; N\u00eb shenj\u00eb respekti p\u00ebr zhvillimin e kampeve me f\u00ebmij\u00ebt, stafi pedagogjik i shkoll\u00ebs \u201cImer Krasniqi\u201d kishte p\u00ebrgatitur nj\u00eb koktej dhe nj\u00eb program t\u00eb ve\u00e7ant\u00eb, shoq\u00ebruar edhe me nj\u00eb dhurat\u00eb mir\u00ebnjohjeje. Nd\u00ebrsa drejtori i shkoll\u00ebs s\u00eb fshatit Begaj, z. Izet Shala e konsideroi programin me shum\u00eb nivel. \u201cNe e vler\u00ebsojm\u00eb lart tematik\u00ebn p\u00ebr mbrojtjen e natyr\u00ebs shqiptare. Ishte nj\u00eb parap\u00ebrgatitje e vlefshme e nx\u00ebn\u00ebsve n\u00eb prag t\u00eb fillimit t\u00eb vitit t\u00eb ri shkollor\u201d \u2013 tha ai.<\/span><\/p>\n<p style=\"text-align: justify;\"><span style=\"color: #000000; font-size: 12pt; font-family: helvetica;\">&nbsp;&nbsp;&nbsp; F\u00ebmij\u00ebt dhe stafi u ndan\u00eb t\u00eb g\u00ebzuar sepse pat\u00ebn mund\u00ebsi t\u00eb ishin s\u00eb bashku p\u00ebr disa dit\u00eb, por dhe me nj\u00eb ndjenj\u00eb trishtimi pasi nuk do ta shohin nj\u00ebri-tjetrin deri vitin e ardhsh\u00ebm.<\/span><\/p>\n<p style=\"text-align: justify;\"><span style=\"font-family: helvetica; font-size: 12pt;\"><\/span><\/p>\n<p style=\"text-align: right;\"><span style=\"color: #000000; font-family: helvetica; font-size: 12pt;\"><strong>Isidor Koti<\/strong><\/span><\/p>\n<div class=\"style30\" style=\"font-size: 18px; font-family: 'Palatino Linotype'; line-height: 1.5; text-align: justify;\"><span style=\"font-family: helvetica; font-size: 12pt;\"><\/span><\/div>\n<table style=\"width: 917px; height: 2865px; margin-right: auto; margin-left: auto;\">\n<tbody>\n<tr>\n<td>\n<div><span style=\"color: #000000; font-family: helvetica; font-size: 12pt;\"><img decoding=\"async\" class=\"lazyload HAa Eha\" style=\"height: 292px; width: 440px; border-width: 1px; border-style: solid; margin: 10px auto; display: block;\" alt=\"\" src=\"data:image\/gif;base64,R0lGODlhAQABAAAAACH5BAEKAAEALAAAAAABAAEAAAICTAEAOw==\" data-orig-src=\"https:\/\/lh3.googleusercontent.com\/-H7U8Z632J8U\/U_7sTLHx5qI\/AAAAAAAABk4\/fxvjXtMPzhA\/w600-h398-no\/DSC_0071_600x398.JPG\" \/><\/span><\/div>\n<\/td>\n<td>\n<div><span style=\"color: #000000; font-family: helvetica; font-size: 12pt;\"><img decoding=\"async\" class=\"lazyload HAa Eha\" style=\"height: 292px; width: 440px; border-width: 1px; border-style: solid; margin: 10px auto; display: block;\" alt=\"\" src=\"data:image\/gif;base64,R0lGODlhAQABAAAAACH5BAEKAAEALAAAAAABAAEAAAICTAEAOw==\" data-orig-src=\"https:\/\/lh4.googleusercontent.com\/-U-qbDHw1F0U\/U_7sTs5M32I\/AAAAAAAABmY\/c4IzAY_7AZo\/w600-h398-no\/DSC_0113_600x398.JPG\" \/><\/span><\/div>\n<\/td>\n<\/tr>\n<tr>\n<td>\n<div><span style=\"color: #000000; font-family: helvetica; font-size: 12pt;\"><span class=\"Apple-style-span\" style=\"border-collapse: separate; font-style: normal; font-variant: normal; font-weight: normal; letter-spacing: normal; line-height: normal; orphans: 2; text-indent: 0px; text-transform: none; white-space: normal; widows: 2; word-spacing: 0px;\"><span class=\"Apple-style-span\"><img decoding=\"async\" class=\"lazyload HAa Eha\" style=\"height: 292px; width: 440px; border-width: 1px; border-style: solid; margin: 10px auto; display: block;\" alt=\"\" src=\"data:image\/gif;base64,R0lGODlhAQABAAAAACH5BAEKAAEALAAAAAABAAEAAAICTAEAOw==\" data-orig-src=\"https:\/\/lh6.googleusercontent.com\/-hYZD0gLL2u8\/U_7sT4u5RRI\/AAAAAAAABlE\/62-vgxmOTNg\/w600-h398-no\/DSC_0261_600x398.JPG\" \/><\/span><\/span><\/span><\/div>\n<\/td>\n<td>\n<div><span style=\"color: #000000; font-family: helvetica; font-size: 12pt;\"><span class=\"Apple-style-span\" style=\"border-collapse: separate; font-style: normal; font-variant: normal; font-weight: normal; letter-spacing: normal; line-height: normal; orphans: 2; text-indent: 0px; text-transform: none; white-space: normal; widows: 2; word-spacing: 0px;\"><span class=\"Apple-style-span\"><img decoding=\"async\" class=\"lazyload HAa Eha\" style=\"height: 292px; width: 440px; border-width: 1px; border-style: solid; margin: 10px auto; display: block;\" alt=\"\" src=\"data:image\/gif;base64,R0lGODlhAQABAAAAACH5BAEKAAEALAAAAAABAAEAAAICTAEAOw==\" data-orig-src=\"https:\/\/lh5.googleusercontent.com\/-vIzXAIObfo4\/U_7sULdnQeI\/AAAAAAAABlo\/6071nDvusQo\/w600-h398-no\/DSC_0269_600x398.JPG\" \/><\/span><\/span><\/span><\/div>\n<\/td>\n<\/tr>\n<tr>\n<td>\n<div><span style=\"color: #000000; font-family: helvetica; font-size: 12pt;\"><span class=\"Apple-style-span\" style=\"border-collapse: separate; font-style: normal; font-variant: normal; font-weight: normal; letter-spacing: normal; line-height: normal; orphans: 2; text-indent: 0px; text-transform: none; white-space: normal; widows: 2; word-spacing: 0px;\"><span class=\"Apple-style-span\"><img decoding=\"async\" class=\"lazyload HAa Eha\" style=\"height: 292px; width: 440px; border-width: 1px; border-style: solid; margin: 10px auto; display: block;\" alt=\"\" src=\"data:image\/gif;base64,R0lGODlhAQABAAAAACH5BAEKAAEALAAAAAABAAEAAAICTAEAOw==\" data-orig-src=\"https:\/\/lh3.googleusercontent.com\/-hcNlE3Xw1NY\/U_7sVIypSyI\/AAAAAAAABlU\/BwF1Iacu9q4\/w600-h398-no\/DSC_0386_600x398.JPG\" \/><\/span><\/span><\/span><\/div>\n<\/td>\n<td>\n<div><span style=\"color: #000000; font-family: helvetica; font-size: 12pt;\"><img decoding=\"async\" class=\"lazyload HAa Eha\" style=\"border-width: 1px; border-style: solid; margin: 10px auto; width: 440px; height: 286px; display: block;\" alt=\"\" src=\"data:image\/svg+xml,%3Csvg%20xmlns%3D%27http%3A%2F%2Fwww.w3.org%2F2000%2Fsvg%27%20width%3D%27440%27%20height%3D%27292%27%20viewBox%3D%270%200%20440%20292%27%3E%3Crect%20width%3D%27440%27%20height%3D%27292%27%20fill-opacity%3D%220%22%2F%3E%3C%2Fsvg%3E\" data-orig-src=\"https:\/\/lh5.googleusercontent.com\/-0j6sJ5KpLjQ\/U_7sUnXpfNI\/AAAAAAAABlY\/T6wqD3nfQmw\/w600-h398-no\/DSC_0308_600x398.JPG\" height=\"292\" width=\"440\" \/><\/span><\/div>\n<\/td>\n<\/tr>\n<tr>\n<td>\n<div><span style=\"color: #000000; font-family: helvetica; font-size: 12pt;\"><span class=\"Apple-style-span\" style=\"border-collapse: separate; font-style: normal; font-variant: normal; font-weight: normal; letter-spacing: normal; line-height: normal; orphans: 2; text-indent: 0px; text-transform: none; white-space: normal; widows: 2; word-spacing: 0px;\"><span class=\"Apple-style-span\"><img decoding=\"async\" class=\"lazyload HAa Eha\" style=\"height: 603px; width: 400px; margin: 10px auto; border: 1px solid; display: block;\" alt=\"\" src=\"data:image\/svg+xml,%3Csvg%20xmlns%3D%27http%3A%2F%2Fwww.w3.org%2F2000%2Fsvg%27%20width%3D%27400%27%20height%3D%27603%27%20viewBox%3D%270%200%20400%20603%27%3E%3Crect%20width%3D%27400%27%20height%3D%27603%27%20fill-opacity%3D%220%22%2F%3E%3C%2Fsvg%3E\" data-orig-src=\"https:\/\/lh3.googleusercontent.com\/-IfEHG30u21M\/U_7sWPmljMI\/AAAAAAAABls\/4NH2CJ7uJLk\/w398-h600-no\/DSC_0460_398x600.JPG\" height=\"603px\" width=\"400px\" \/><\/span><\/span><\/span><\/div>\n<\/td>\n<td>\n<div><span style=\"color: #000000; font-family: helvetica; font-size: 12pt;\"><span class=\"Apple-style-span\" style=\"border-collapse: separate; font-style: normal; font-variant: normal; font-weight: normal; letter-spacing: normal; line-height: normal; orphans: 2; text-indent: 0px; text-transform: none; white-space: normal; widows: 2; word-spacing: 0px;\"><span class=\"Apple-style-span\"><img decoding=\"async\" class=\"lazyload HAa Eha\" style=\"height: 603px; width: 400px; margin: 10px auto; border: 1px solid; display: block;\" alt=\"\" src=\"data:image\/svg+xml,%3Csvg%20xmlns%3D%27http%3A%2F%2Fwww.w3.org%2F2000%2Fsvg%27%20width%3D%27400%27%20height%3D%27603%27%20viewBox%3D%270%200%20400%20603%27%3E%3Crect%20width%3D%27400%27%20height%3D%27603%27%20fill-opacity%3D%220%22%2F%3E%3C%2Fsvg%3E\" data-orig-src=\"https:\/\/lh5.googleusercontent.com\/-HnUWRrNBpgI\/U_7sVZ4mFSI\/AAAAAAAABlc\/jvRPkkFBIgs\/w398-h600-no\/DSC_0437_398x600.JPG\" height=\"603px\" width=\"400px\" \/><\/span><\/span><\/span><\/div>\n<\/td>\n<\/tr>\n<tr>\n<td>\n<div><span style=\"color: #000000; font-family: helvetica; font-size: 12pt;\"><span class=\"Apple-style-span\" style=\"border-collapse: separate; font-style: normal; font-variant: normal; font-weight: normal; letter-spacing: normal; line-height: normal; orphans: 2; text-indent: 0px; text-transform: none; white-space: normal; widows: 2; word-spacing: 0px;\"><span class=\"Apple-style-span\"><img decoding=\"async\" class=\"lazyload HAa Eha\" style=\"height: 292px; width: 440px; border-width: 1px; border-style: solid; margin: 10px auto; display: block;\" alt=\"\" src=\"data:image\/gif;base64,R0lGODlhAQABAAAAACH5BAEKAAEALAAAAAABAAEAAAICTAEAOw==\" data-orig-src=\"https:\/\/lh4.googleusercontent.com\/-lxjf28DkIo0\/U_7sXGeSIxI\/AAAAAAAABmA\/cxov8hrCwQA\/w600-h398-no\/DSC_0487_600x398.JPG\" \/><\/span><\/span><\/span><\/div>\n<\/td>\n<td>\n<div><span style=\"color: #000000; font-family: helvetica; font-size: 12pt;\"><span class=\"Apple-style-span\" style=\"border-collapse: separate; font-style: normal; font-variant: normal; font-weight: normal; letter-spacing: normal; line-height: normal; orphans: 2; text-indent: 0px; text-transform: none; white-space: normal; widows: 2; word-spacing: 0px;\"><span class=\"Apple-style-span\"><img decoding=\"async\" class=\"lazyload HAa Eha\" style=\"height: 292px; width: 440px; border-width: 1px; border-style: solid; margin: 10px auto; display: block;\" alt=\"\" src=\"data:image\/gif;base64,R0lGODlhAQABAAAAACH5BAEKAAEALAAAAAABAAEAAAICTAEAOw==\" data-orig-src=\"https:\/\/lh6.googleusercontent.com\/-U0gD3xCnNdE\/U_7sXGB4gTI\/AAAAAAAABl4\/9KHry1re9_A\/w600-h398-no\/DSC_0498_600x398.JPG\" \/><\/span><\/span><\/span><\/div>\n<\/td>\n<\/tr>\n<tr>\n<td>\n<div><span style=\"color: #000000; font-family: helvetica; font-size: 12pt;\"><span class=\"Apple-style-span\" style=\"border-collapse: separate; font-style: normal; font-variant: normal; font-weight: normal; letter-spacing: normal; line-height: normal; orphans: 2; text-indent: 0px; text-transform: none; white-space: normal; widows: 2; word-spacing: 0px;\"><span class=\"Apple-style-span\"><img decoding=\"async\" class=\"lazyload HAa Eha\" style=\"height: 603px; width: 400px; margin: 10px auto; display: block; border: 1px solid;\" alt=\"\" src=\"data:image\/svg+xml,%3Csvg%20xmlns%3D%27http%3A%2F%2Fwww.w3.org%2F2000%2Fsvg%27%20width%3D%27400%27%20height%3D%27603%27%20viewBox%3D%270%200%20400%20603%27%3E%3Crect%20width%3D%27400%27%20height%3D%27603%27%20fill-opacity%3D%220%22%2F%3E%3C%2Fsvg%3E\" data-orig-src=\"https:\/\/lh6.googleusercontent.com\/-kjaeBH2XlKw\/U_7sYdpjoAI\/AAAAAAAABmQ\/eYZr0C7v4XM\/w398-h600-no\/DSC_0799_398x600.JPG\" height=\"603px\" width=\"400px\" \/><\/span><\/span><\/span><\/div>\n<\/td>\n<td>\n<div><span style=\"color: #000000; font-family: helvetica; font-size: 12pt;\"><span class=\"Apple-style-span\" style=\"border-collapse: separate; font-style: normal; font-variant: normal; font-weight: normal; letter-spacing: normal; line-height: normal; orphans: 2; text-indent: 0px; text-transform: none; white-space: normal; widows: 2; word-spacing: 0px;\"><span class=\"Apple-style-span\"><img decoding=\"async\" class=\"lazyload HAa Eha\" style=\"height: 603px; width: 400px; margin: 10px auto; display: block; border: 1px solid;\" alt=\"\" src=\"data:image\/svg+xml,%3Csvg%20xmlns%3D%27http%3A%2F%2Fwww.w3.org%2F2000%2Fsvg%27%20width%3D%27400%27%20height%3D%27603%27%20viewBox%3D%270%200%20400%20603%27%3E%3Crect%20width%3D%27400%27%20height%3D%27603%27%20fill-opacity%3D%220%22%2F%3E%3C%2Fsvg%3E\" data-orig-src=\"https:\/\/lh5.googleusercontent.com\/-jxX6bv_LDOA\/U_7sYnsF4jI\/AAAAAAAABmI\/hR8prhQvSzw\/w398-h600-no\/DSC_0831_398x600.JPG\" height=\"603px\" width=\"400px\" \/><\/span><\/span><\/span><\/div>\n<\/td>\n<\/tr>\n<tr>\n<td>\n<div><span style=\"color: #000000; font-family: helvetica; font-size: 12pt;\"><span class=\"Apple-style-span\" style=\"border-collapse: separate; font-style: normal; font-variant: normal; font-weight: normal; letter-spacing: normal; line-height: normal; orphans: 2; text-indent: 0px; text-transform: none; white-space: normal; widows: 2; word-spacing: 0px;\"><span class=\"Apple-style-span\"><img decoding=\"async\" class=\"lazyload HAa Eha\" style=\"height: 292px; width: 440px; margin: 10px auto; display: block; border: 1px solid;\" alt=\"\" src=\"data:image\/svg+xml,%3Csvg%20xmlns%3D%27http%3A%2F%2Fwww.w3.org%2F2000%2Fsvg%27%20width%3D%27440%27%20height%3D%27292%27%20viewBox%3D%270%200%20440%20292%27%3E%3Crect%20width%3D%27440%27%20height%3D%27292%27%20fill-opacity%3D%220%22%2F%3E%3C%2Fsvg%3E\" data-orig-src=\"https:\/\/lh3.googleusercontent.com\/-jOPeZh3J9wA\/U_7sWUz4gtI\/AAAAAAAABmM\/3021SdGLObY\/w600-h398-no\/DSC_0463_600x398.JPG\" height=\"292px\" width=\"440px\" \/><\/span><\/span><\/span><\/div>\n<\/td>\n<td>\n<div><span style=\"font-family: helvetica; font-size: 12pt;\"><\/span><\/div>\n<\/td>\n<\/tr>\n<\/tbody>\n<\/table>\n<p>&nbsp;<\/p>\n","protected":false},"excerpt":{"rendered":"<p>&nbsp;&nbsp;&nbsp; Sapo shfaqet mikrobusi, ata gum\u00ebzhijn\u00eb dhe i p\u00ebrsh\u00ebndesin duke rendur p\u00ebr t\u2019i takuar. Me buz\u00ebqeshjen dhe \u00e7ilt\u00ebrsin\u00eb f\u00ebmij\u00ebrore, nisin t\u00eb k\u00ebndojn\u00eb dhe t\u00eb k\u00ebrcejn\u00eb sikur t\u00eb jet\u00eb edhe piku i vap\u00ebs, madje edhe n\u00eb t\u00eb ftohtin e pragvjesht\u00ebs. Ndon\u00ebse n\u00eb klasat fillore i kan\u00eb b\u00ebr\u00eb miq t\u00eb vjet\u00ebr dhe shum\u00eb t\u00eb dashur. I quajn\u00eb m\u00ebsues, edhe pse jan\u00eb disa t\u00eb rinj vullnetar\u00eb q\u00eb vijn\u00eb<\/p>\n","protected":false},"author":1,"featured_media":0,"comment_status":"open","ping_status":"open","sticky":false,"template":"","format":"standard","meta":{"_acf_changed":false,"pagelayer_contact_templates":[],"_pagelayer_content":"","inline_featured_image":false,"fifu_image_url":"","fifu_image_alt":"","footnotes":""},"categories":[108],"tags":[144,200,196,212,156],"class_list":["post-499","post","type-post","status-publish","format-standard","hentry","category-lajme","tag-144","tag-kampe-verore","tag-tirane","tag-lajme-d27","tag-femijet"],"acf":[],"yoast_head":"<!-- This site is optimized with the Yoast SEO plugin v27.2 - https:\/\/yoast.com\/product\/yoast-seo-wordpress\/ -->\n<title>Edhe k\u00ebt\u00eb vit u organizuan me g\u00ebzim kampet me f\u00ebmij\u00ebt kosovar\u00eb, Malishev\u00eb, 16 - 31 Gusht 2010. - Kisha Orthodh\u03bfkse Autoqefale e Shqip\u00ebris\u00eb<\/title>\n<meta name=\"robots\" content=\"index, follow, max-snippet:-1, max-image-preview:large, max-video-preview:-1\" \/>\n<link rel=\"canonical\" href=\"https:\/\/orthodoxalbania.org\/2020\/2013\/03\/20\/edhe-kete-vit-u-organizuan-me-gezim-kampet-me-femijet-kosovare-malisheve-2010\/\" \/>\n<meta property=\"og:locale\" content=\"en_US\" \/>\n<meta property=\"og:type\" content=\"article\" \/>\n<meta property=\"og:title\" content=\"Edhe k\u00ebt\u00eb vit u organizuan me g\u00ebzim kampet me f\u00ebmij\u00ebt kosovar\u00eb, Malishev\u00eb, 16 - 31 Gusht 2010. - Kisha Orthodh\u03bfkse Autoqefale e Shqip\u00ebris\u00eb\" \/>\n<meta property=\"og:description\" content=\"&nbsp;&nbsp;&nbsp; Sapo shfaqet mikrobusi, ata gum\u00ebzhijn\u00eb dhe i p\u00ebrsh\u00ebndesin duke rendur p\u00ebr t\u2019i takuar. Me buz\u00ebqeshjen dhe \u00e7ilt\u00ebrsin\u00eb f\u00ebmij\u00ebrore, nisin t\u00eb k\u00ebndojn\u00eb dhe t\u00eb k\u00ebrcejn\u00eb sikur t\u00eb jet\u00eb edhe piku i vap\u00ebs, madje edhe n\u00eb t\u00eb ftohtin e pragvjesht\u00ebs. Ndon\u00ebse n\u00eb klasat fillore i kan\u00eb b\u00ebr\u00eb miq t\u00eb vjet\u00ebr dhe shum\u00eb t\u00eb dashur. I quajn\u00eb m\u00ebsues, edhe pse jan\u00eb disa t\u00eb rinj vullnetar\u00eb q\u00eb vijn\u00eb\" \/>\n<meta property=\"og:url\" content=\"https:\/\/orthodoxalbania.org\/2020\/2013\/03\/20\/edhe-kete-vit-u-organizuan-me-gezim-kampet-me-femijet-kosovare-malisheve-2010\/\" \/>\n<meta property=\"og:site_name\" content=\"Kisha Orthodh\u03bfkse Autoqefale e Shqip\u00ebris\u00eb\" \/>\n<meta property=\"article:publisher\" content=\"https:\/\/www.facebook.com\/koash1991\" \/>\n<meta property=\"article:published_time\" content=\"2013-03-20T12:56:32+00:00\" \/>\n<meta property=\"article:modified_time\" content=\"2020-04-06T20:32:22+00:00\" \/>\n<meta property=\"og:image\" content=\"https:\/\/lh5.googleusercontent.com\/-bZcokxvpNJw\/U_7sS9dRiDI\/AAAAAAAABks\/XLFcNdc9zX0\/w800-h531-no\/1%2B-%2Btekst.JPG\" \/>\n<meta name=\"author\" content=\"Kisha Orthodhokse\" \/>\n<meta name=\"twitter:card\" content=\"summary_large_image\" \/>\n<meta name=\"twitter:label1\" content=\"Written by\" \/>\n\t<meta name=\"twitter:data1\" content=\"Kisha Orthodhokse\" \/>\n\t<meta name=\"twitter:label2\" content=\"Est. reading time\" \/>\n\t<meta name=\"twitter:data2\" content=\"3 minutes\" \/>\n<script type=\"application\/ld+json\" class=\"yoast-schema-graph\">{\"@context\":\"https:\/\/schema.org\",\"@graph\":[{\"@type\":\"Article\",\"@id\":\"https:\/\/orthodoxalbania.org\/2020\/2013\/03\/20\/edhe-kete-vit-u-organizuan-me-gezim-kampet-me-femijet-kosovare-malisheve-2010\/#article\",\"isPartOf\":{\"@id\":\"https:\/\/orthodoxalbania.org\/2020\/2013\/03\/20\/edhe-kete-vit-u-organizuan-me-gezim-kampet-me-femijet-kosovare-malisheve-2010\/\"},\"author\":{\"name\":\"Kisha Orthodhokse\",\"@id\":\"https:\/\/orthodoxalbania.org\/2020\/#\/schema\/person\/0c387634a7063ac612d7ed9ce71c7e86\"},\"headline\":\"Edhe k\u00ebt\u00eb vit u organizuan me g\u00ebzim kampet me f\u00ebmij\u00ebt kosovar\u00eb, Malishev\u00eb, 16 &#8211; 31 Gusht 2010.\",\"datePublished\":\"2013-03-20T12:56:32+00:00\",\"dateModified\":\"2020-04-06T20:32:22+00:00\",\"mainEntityOfPage\":{\"@id\":\"https:\/\/orthodoxalbania.org\/2020\/2013\/03\/20\/edhe-kete-vit-u-organizuan-me-gezim-kampet-me-femijet-kosovare-malisheve-2010\/\"},\"wordCount\":674,\"commentCount\":0,\"publisher\":{\"@id\":\"https:\/\/orthodoxalbania.org\/2020\/#organization\"},\"image\":{\"@id\":\"https:\/\/orthodoxalbania.org\/2020\/2013\/03\/20\/edhe-kete-vit-u-organizuan-me-gezim-kampet-me-femijet-kosovare-malisheve-2010\/#primaryimage\"},\"thumbnailUrl\":\"https:\/\/lh5.googleusercontent.com\/-bZcokxvpNJw\/U_7sS9dRiDI\/AAAAAAAABks\/XLFcNdc9zX0\/w800-h531-no\/1%2B-%2Btekst.JPG\",\"keywords\":[\"2010\",\"Kampe verore\",\"Kryepiskopata Tiran\u00eb\",\"lajme\",\"Zyra e F\u00ebmij\u00ebve\"],\"articleSection\":[\"Lajme\"],\"inLanguage\":\"en-US\"},{\"@type\":\"WebPage\",\"@id\":\"https:\/\/orthodoxalbania.org\/2020\/2013\/03\/20\/edhe-kete-vit-u-organizuan-me-gezim-kampet-me-femijet-kosovare-malisheve-2010\/\",\"url\":\"https:\/\/orthodoxalbania.org\/2020\/2013\/03\/20\/edhe-kete-vit-u-organizuan-me-gezim-kampet-me-femijet-kosovare-malisheve-2010\/\",\"name\":\"Edhe k\u00ebt\u00eb vit u organizuan me g\u00ebzim kampet me f\u00ebmij\u00ebt kosovar\u00eb, Malishev\u00eb, 16 - 31 Gusht 2010. - Kisha Orthodh\u03bfkse Autoqefale e Shqip\u00ebris\u00eb\",\"isPartOf\":{\"@id\":\"https:\/\/orthodoxalbania.org\/2020\/#website\"},\"primaryImageOfPage\":{\"@id\":\"https:\/\/orthodoxalbania.org\/2020\/2013\/03\/20\/edhe-kete-vit-u-organizuan-me-gezim-kampet-me-femijet-kosovare-malisheve-2010\/#primaryimage\"},\"image\":{\"@id\":\"https:\/\/orthodoxalbania.org\/2020\/2013\/03\/20\/edhe-kete-vit-u-organizuan-me-gezim-kampet-me-femijet-kosovare-malisheve-2010\/#primaryimage\"},\"thumbnailUrl\":\"https:\/\/lh5.googleusercontent.com\/-bZcokxvpNJw\/U_7sS9dRiDI\/AAAAAAAABks\/XLFcNdc9zX0\/w800-h531-no\/1%2B-%2Btekst.JPG\",\"datePublished\":\"2013-03-20T12:56:32+00:00\",\"dateModified\":\"2020-04-06T20:32:22+00:00\",\"breadcrumb\":{\"@id\":\"https:\/\/orthodoxalbania.org\/2020\/2013\/03\/20\/edhe-kete-vit-u-organizuan-me-gezim-kampet-me-femijet-kosovare-malisheve-2010\/#breadcrumb\"},\"inLanguage\":\"en-US\",\"potentialAction\":[{\"@type\":\"ReadAction\",\"target\":[\"https:\/\/orthodoxalbania.org\/2020\/2013\/03\/20\/edhe-kete-vit-u-organizuan-me-gezim-kampet-me-femijet-kosovare-malisheve-2010\/\"]}]},{\"@type\":\"ImageObject\",\"inLanguage\":\"en-US\",\"@id\":\"https:\/\/orthodoxalbania.org\/2020\/2013\/03\/20\/edhe-kete-vit-u-organizuan-me-gezim-kampet-me-femijet-kosovare-malisheve-2010\/#primaryimage\",\"url\":\"https:\/\/lh5.googleusercontent.com\/-bZcokxvpNJw\/U_7sS9dRiDI\/AAAAAAAABks\/XLFcNdc9zX0\/w800-h531-no\/1%2B-%2Btekst.JPG\",\"contentUrl\":\"https:\/\/lh5.googleusercontent.com\/-bZcokxvpNJw\/U_7sS9dRiDI\/AAAAAAAABks\/XLFcNdc9zX0\/w800-h531-no\/1%2B-%2Btekst.JPG\"},{\"@type\":\"BreadcrumbList\",\"@id\":\"https:\/\/orthodoxalbania.org\/2020\/2013\/03\/20\/edhe-kete-vit-u-organizuan-me-gezim-kampet-me-femijet-kosovare-malisheve-2010\/#breadcrumb\",\"itemListElement\":[{\"@type\":\"ListItem\",\"position\":1,\"name\":\"Home\",\"item\":\"https:\/\/orthodoxalbania.org\/2020\/\"},{\"@type\":\"ListItem\",\"position\":2,\"name\":\"Edhe k\u00ebt\u00eb vit u organizuan me g\u00ebzim kampet me f\u00ebmij\u00ebt kosovar\u00eb, Malishev\u00eb, 16 &#8211; 31 Gusht 2010.\"}]},{\"@type\":\"WebSite\",\"@id\":\"https:\/\/orthodoxalbania.org\/2020\/#website\",\"url\":\"https:\/\/orthodoxalbania.org\/2020\/\",\"name\":\"Kisha Orthodh\u03bfkse Autoqefale e Shqip\u00ebris\u00eb\",\"description\":\"Fqja Zyrtare e Kish\u00ebs Orthodhokse Autoqefale e Shqip\u00ebris\u00eb me lajmet edhe informacionet zyrtare p\u00ebr struktur\u00ebn edhe veprimtarin e saj.\",\"publisher\":{\"@id\":\"https:\/\/orthodoxalbania.org\/2020\/#organization\"},\"potentialAction\":[{\"@type\":\"SearchAction\",\"target\":{\"@type\":\"EntryPoint\",\"urlTemplate\":\"https:\/\/orthodoxalbania.org\/2020\/?s={search_term_string}\"},\"query-input\":{\"@type\":\"PropertyValueSpecification\",\"valueRequired\":true,\"valueName\":\"search_term_string\"}}],\"inLanguage\":\"en-US\"},{\"@type\":\"Organization\",\"@id\":\"https:\/\/orthodoxalbania.org\/2020\/#organization\",\"name\":\"Kisha Orthodhokse Autoqefale e Shqip\u00ebris\u00eb\",\"url\":\"https:\/\/orthodoxalbania.org\/2020\/\",\"logo\":{\"@type\":\"ImageObject\",\"inLanguage\":\"en-US\",\"@id\":\"https:\/\/orthodoxalbania.org\/2020\/#\/schema\/logo\/image\/\",\"url\":\"https:\/\/orthodoxalbania.org\/2020\/wp-content\/uploads\/2020\/05\/albania.jpeg\",\"contentUrl\":\"https:\/\/orthodoxalbania.org\/2020\/wp-content\/uploads\/2020\/05\/albania.jpeg\",\"width\":540,\"height\":540,\"caption\":\"Kisha Orthodhokse Autoqefale e Shqip\u00ebris\u00eb\"},\"image\":{\"@id\":\"https:\/\/orthodoxalbania.org\/2020\/#\/schema\/logo\/image\/\"},\"sameAs\":[\"https:\/\/www.facebook.com\/koash1991\"]},{\"@type\":\"Person\",\"@id\":\"https:\/\/orthodoxalbania.org\/2020\/#\/schema\/person\/0c387634a7063ac612d7ed9ce71c7e86\",\"name\":\"Kisha Orthodhokse\",\"image\":{\"@type\":\"ImageObject\",\"inLanguage\":\"en-US\",\"@id\":\"https:\/\/secure.gravatar.com\/avatar\/596e7c417251e30f2fbb9c00e026fce61a695a00e51c889caded71c96cbbdde5?s=96&d=mm&r=g\",\"url\":\"https:\/\/secure.gravatar.com\/avatar\/596e7c417251e30f2fbb9c00e026fce61a695a00e51c889caded71c96cbbdde5?s=96&d=mm&r=g\",\"contentUrl\":\"https:\/\/secure.gravatar.com\/avatar\/596e7c417251e30f2fbb9c00e026fce61a695a00e51c889caded71c96cbbdde5?s=96&d=mm&r=g\",\"caption\":\"Kisha Orthodhokse\"}}]}<\/script>\n<!-- \/ Yoast SEO plugin. -->","yoast_head_json":{"title":"Edhe k\u00ebt\u00eb vit u organizuan me g\u00ebzim kampet me f\u00ebmij\u00ebt kosovar\u00eb, Malishev\u00eb, 16 - 31 Gusht 2010. - Kisha Orthodh\u03bfkse Autoqefale e Shqip\u00ebris\u00eb","robots":{"index":"index","follow":"follow","max-snippet":"max-snippet:-1","max-image-preview":"max-image-preview:large","max-video-preview":"max-video-preview:-1"},"canonical":"https:\/\/orthodoxalbania.org\/2020\/2013\/03\/20\/edhe-kete-vit-u-organizuan-me-gezim-kampet-me-femijet-kosovare-malisheve-2010\/","og_locale":"en_US","og_type":"article","og_title":"Edhe k\u00ebt\u00eb vit u organizuan me g\u00ebzim kampet me f\u00ebmij\u00ebt kosovar\u00eb, Malishev\u00eb, 16 - 31 Gusht 2010. - Kisha Orthodh\u03bfkse Autoqefale e Shqip\u00ebris\u00eb","og_description":"&nbsp;&nbsp;&nbsp; Sapo shfaqet mikrobusi, ata gum\u00ebzhijn\u00eb dhe i p\u00ebrsh\u00ebndesin duke rendur p\u00ebr t\u2019i takuar. Me buz\u00ebqeshjen dhe \u00e7ilt\u00ebrsin\u00eb f\u00ebmij\u00ebrore, nisin t\u00eb k\u00ebndojn\u00eb dhe t\u00eb k\u00ebrcejn\u00eb sikur t\u00eb jet\u00eb edhe piku i vap\u00ebs, madje edhe n\u00eb t\u00eb ftohtin e pragvjesht\u00ebs. Ndon\u00ebse n\u00eb klasat fillore i kan\u00eb b\u00ebr\u00eb miq t\u00eb vjet\u00ebr dhe shum\u00eb t\u00eb dashur. I quajn\u00eb m\u00ebsues, edhe pse jan\u00eb disa t\u00eb rinj vullnetar\u00eb q\u00eb vijn\u00eb","og_url":"https:\/\/orthodoxalbania.org\/2020\/2013\/03\/20\/edhe-kete-vit-u-organizuan-me-gezim-kampet-me-femijet-kosovare-malisheve-2010\/","og_site_name":"Kisha Orthodh\u03bfkse Autoqefale e Shqip\u00ebris\u00eb","article_publisher":"https:\/\/www.facebook.com\/koash1991","article_published_time":"2013-03-20T12:56:32+00:00","article_modified_time":"2020-04-06T20:32:22+00:00","og_image":[{"url":"https:\/\/lh5.googleusercontent.com\/-bZcokxvpNJw\/U_7sS9dRiDI\/AAAAAAAABks\/XLFcNdc9zX0\/w800-h531-no\/1%2B-%2Btekst.JPG","type":"","width":"","height":""}],"author":"Kisha Orthodhokse","twitter_card":"summary_large_image","twitter_misc":{"Written by":"Kisha Orthodhokse","Est. reading time":"3 minutes"},"schema":{"@context":"https:\/\/schema.org","@graph":[{"@type":"Article","@id":"https:\/\/orthodoxalbania.org\/2020\/2013\/03\/20\/edhe-kete-vit-u-organizuan-me-gezim-kampet-me-femijet-kosovare-malisheve-2010\/#article","isPartOf":{"@id":"https:\/\/orthodoxalbania.org\/2020\/2013\/03\/20\/edhe-kete-vit-u-organizuan-me-gezim-kampet-me-femijet-kosovare-malisheve-2010\/"},"author":{"name":"Kisha Orthodhokse","@id":"https:\/\/orthodoxalbania.org\/2020\/#\/schema\/person\/0c387634a7063ac612d7ed9ce71c7e86"},"headline":"Edhe k\u00ebt\u00eb vit u organizuan me g\u00ebzim kampet me f\u00ebmij\u00ebt kosovar\u00eb, Malishev\u00eb, 16 &#8211; 31 Gusht 2010.","datePublished":"2013-03-20T12:56:32+00:00","dateModified":"2020-04-06T20:32:22+00:00","mainEntityOfPage":{"@id":"https:\/\/orthodoxalbania.org\/2020\/2013\/03\/20\/edhe-kete-vit-u-organizuan-me-gezim-kampet-me-femijet-kosovare-malisheve-2010\/"},"wordCount":674,"commentCount":0,"publisher":{"@id":"https:\/\/orthodoxalbania.org\/2020\/#organization"},"image":{"@id":"https:\/\/orthodoxalbania.org\/2020\/2013\/03\/20\/edhe-kete-vit-u-organizuan-me-gezim-kampet-me-femijet-kosovare-malisheve-2010\/#primaryimage"},"thumbnailUrl":"https:\/\/lh5.googleusercontent.com\/-bZcokxvpNJw\/U_7sS9dRiDI\/AAAAAAAABks\/XLFcNdc9zX0\/w800-h531-no\/1%2B-%2Btekst.JPG","keywords":["2010","Kampe verore","Kryepiskopata Tiran\u00eb","lajme","Zyra e F\u00ebmij\u00ebve"],"articleSection":["Lajme"],"inLanguage":"en-US"},{"@type":"WebPage","@id":"https:\/\/orthodoxalbania.org\/2020\/2013\/03\/20\/edhe-kete-vit-u-organizuan-me-gezim-kampet-me-femijet-kosovare-malisheve-2010\/","url":"https:\/\/orthodoxalbania.org\/2020\/2013\/03\/20\/edhe-kete-vit-u-organizuan-me-gezim-kampet-me-femijet-kosovare-malisheve-2010\/","name":"Edhe k\u00ebt\u00eb vit u organizuan me g\u00ebzim kampet me f\u00ebmij\u00ebt kosovar\u00eb, Malishev\u00eb, 16 - 31 Gusht 2010. - Kisha Orthodh\u03bfkse Autoqefale e Shqip\u00ebris\u00eb","isPartOf":{"@id":"https:\/\/orthodoxalbania.org\/2020\/#website"},"primaryImageOfPage":{"@id":"https:\/\/orthodoxalbania.org\/2020\/2013\/03\/20\/edhe-kete-vit-u-organizuan-me-gezim-kampet-me-femijet-kosovare-malisheve-2010\/#primaryimage"},"image":{"@id":"https:\/\/orthodoxalbania.org\/2020\/2013\/03\/20\/edhe-kete-vit-u-organizuan-me-gezim-kampet-me-femijet-kosovare-malisheve-2010\/#primaryimage"},"thumbnailUrl":"https:\/\/lh5.googleusercontent.com\/-bZcokxvpNJw\/U_7sS9dRiDI\/AAAAAAAABks\/XLFcNdc9zX0\/w800-h531-no\/1%2B-%2Btekst.JPG","datePublished":"2013-03-20T12:56:32+00:00","dateModified":"2020-04-06T20:32:22+00:00","breadcrumb":{"@id":"https:\/\/orthodoxalbania.org\/2020\/2013\/03\/20\/edhe-kete-vit-u-organizuan-me-gezim-kampet-me-femijet-kosovare-malisheve-2010\/#breadcrumb"},"inLanguage":"en-US","potentialAction":[{"@type":"ReadAction","target":["https:\/\/orthodoxalbania.org\/2020\/2013\/03\/20\/edhe-kete-vit-u-organizuan-me-gezim-kampet-me-femijet-kosovare-malisheve-2010\/"]}]},{"@type":"ImageObject","inLanguage":"en-US","@id":"https:\/\/orthodoxalbania.org\/2020\/2013\/03\/20\/edhe-kete-vit-u-organizuan-me-gezim-kampet-me-femijet-kosovare-malisheve-2010\/#primaryimage","url":"https:\/\/lh5.googleusercontent.com\/-bZcokxvpNJw\/U_7sS9dRiDI\/AAAAAAAABks\/XLFcNdc9zX0\/w800-h531-no\/1%2B-%2Btekst.JPG","contentUrl":"https:\/\/lh5.googleusercontent.com\/-bZcokxvpNJw\/U_7sS9dRiDI\/AAAAAAAABks\/XLFcNdc9zX0\/w800-h531-no\/1%2B-%2Btekst.JPG"},{"@type":"BreadcrumbList","@id":"https:\/\/orthodoxalbania.org\/2020\/2013\/03\/20\/edhe-kete-vit-u-organizuan-me-gezim-kampet-me-femijet-kosovare-malisheve-2010\/#breadcrumb","itemListElement":[{"@type":"ListItem","position":1,"name":"Home","item":"https:\/\/orthodoxalbania.org\/2020\/"},{"@type":"ListItem","position":2,"name":"Edhe k\u00ebt\u00eb vit u organizuan me g\u00ebzim kampet me f\u00ebmij\u00ebt kosovar\u00eb, Malishev\u00eb, 16 &#8211; 31 Gusht 2010."}]},{"@type":"WebSite","@id":"https:\/\/orthodoxalbania.org\/2020\/#website","url":"https:\/\/orthodoxalbania.org\/2020\/","name":"Kisha Orthodh\u03bfkse Autoqefale e Shqip\u00ebris\u00eb","description":"Fqja Zyrtare e Kish\u00ebs Orthodhokse Autoqefale e Shqip\u00ebris\u00eb me lajmet edhe informacionet zyrtare p\u00ebr struktur\u00ebn edhe veprimtarin e saj.","publisher":{"@id":"https:\/\/orthodoxalbania.org\/2020\/#organization"},"potentialAction":[{"@type":"SearchAction","target":{"@type":"EntryPoint","urlTemplate":"https:\/\/orthodoxalbania.org\/2020\/?s={search_term_string}"},"query-input":{"@type":"PropertyValueSpecification","valueRequired":true,"valueName":"search_term_string"}}],"inLanguage":"en-US"},{"@type":"Organization","@id":"https:\/\/orthodoxalbania.org\/2020\/#organization","name":"Kisha Orthodhokse Autoqefale e Shqip\u00ebris\u00eb","url":"https:\/\/orthodoxalbania.org\/2020\/","logo":{"@type":"ImageObject","inLanguage":"en-US","@id":"https:\/\/orthodoxalbania.org\/2020\/#\/schema\/logo\/image\/","url":"https:\/\/orthodoxalbania.org\/2020\/wp-content\/uploads\/2020\/05\/albania.jpeg","contentUrl":"https:\/\/orthodoxalbania.org\/2020\/wp-content\/uploads\/2020\/05\/albania.jpeg","width":540,"height":540,"caption":"Kisha Orthodhokse Autoqefale e Shqip\u00ebris\u00eb"},"image":{"@id":"https:\/\/orthodoxalbania.org\/2020\/#\/schema\/logo\/image\/"},"sameAs":["https:\/\/www.facebook.com\/koash1991"]},{"@type":"Person","@id":"https:\/\/orthodoxalbania.org\/2020\/#\/schema\/person\/0c387634a7063ac612d7ed9ce71c7e86","name":"Kisha Orthodhokse","image":{"@type":"ImageObject","inLanguage":"en-US","@id":"https:\/\/secure.gravatar.com\/avatar\/596e7c417251e30f2fbb9c00e026fce61a695a00e51c889caded71c96cbbdde5?s=96&d=mm&r=g","url":"https:\/\/secure.gravatar.com\/avatar\/596e7c417251e30f2fbb9c00e026fce61a695a00e51c889caded71c96cbbdde5?s=96&d=mm&r=g","contentUrl":"https:\/\/secure.gravatar.com\/avatar\/596e7c417251e30f2fbb9c00e026fce61a695a00e51c889caded71c96cbbdde5?s=96&d=mm&r=g","caption":"Kisha Orthodhokse"}}]}},"_links":{"self":[{"href":"https:\/\/orthodoxalbania.org\/2020\/wp-json\/wp\/v2\/posts\/499","targetHints":{"allow":["GET"]}}],"collection":[{"href":"https:\/\/orthodoxalbania.org\/2020\/wp-json\/wp\/v2\/posts"}],"about":[{"href":"https:\/\/orthodoxalbania.org\/2020\/wp-json\/wp\/v2\/types\/post"}],"author":[{"embeddable":true,"href":"https:\/\/orthodoxalbania.org\/2020\/wp-json\/wp\/v2\/users\/1"}],"replies":[{"embeddable":true,"href":"https:\/\/orthodoxalbania.org\/2020\/wp-json\/wp\/v2\/comments?post=499"}],"version-history":[{"count":1,"href":"https:\/\/orthodoxalbania.org\/2020\/wp-json\/wp\/v2\/posts\/499\/revisions"}],"predecessor-version":[{"id":15478,"href":"https:\/\/orthodoxalbania.org\/2020\/wp-json\/wp\/v2\/posts\/499\/revisions\/15478"}],"wp:attachment":[{"href":"https:\/\/orthodoxalbania.org\/2020\/wp-json\/wp\/v2\/media?parent=499"}],"wp:term":[{"taxonomy":"category","embeddable":true,"href":"https:\/\/orthodoxalbania.org\/2020\/wp-json\/wp\/v2\/categories?post=499"},{"taxonomy":"post_tag","embeddable":true,"href":"https:\/\/orthodoxalbania.org\/2020\/wp-json\/wp\/v2\/tags?post=499"}],"curies":[{"name":"wp","href":"https:\/\/api.w.org\/{rel}","templated":true}]}}