{"id":4989,"date":"2017-01-24T12:01:10","date_gmt":"2017-01-24T12:01:10","guid":{"rendered":""},"modified":"2020-04-06T22:01:51","modified_gmt":"2020-04-06T20:01:51","slug":"kisha-e-ngritur-nga-germadhat-interviste-e-kryepiskopit-anastas-ne-albanian-daily-news","status":"publish","type":"post","link":"https:\/\/orthodoxalbania.org\/2020\/2017\/01\/24\/kisha-e-ngritur-nga-germadhat-interviste-e-kryepiskopit-anastas-ne-albanian-daily-news\/","title":{"rendered":"&#8220;Kisha e ngritur nga g\u00ebrmadhat&#8221;, Intervist\u00eb e Kryepiskopit Anastas, n\u00eb &#8220;Albanian Daily News&#8221;"},"content":{"rendered":"<p style=\"text-align: justify;\"><span style=\"color: #000000;\"><span style=\"font-size: 12pt; font-family: helvetica;\"><\/span><span style=\"line-height: 107%; font-family: helvetica; font-size: 12pt;\">&#8220;Kisha e ngritur mga g\u00ebrmadhat&#8221;, Intervist\u00eb e Fortlumturis\u00eb s\u00eb Tij, Kryepiskopit t\u00eb Tiran\u00ebs, Durr\u00ebsit dhe t\u00eb Gjith\u00eb Shqip\u00ebris\u00eb, Anastasit, dh\u00ebn\u00eb z. Genc Mlloja, n\u00eb gazet\u00ebn &#8220;Albanian Daily News&#8221; (origjinal n\u00eb anglisht &#8220;Church Raized from the ruins&#8221;).&nbsp;<b><em>(Pjes\u00ebt me t\u00eb zeza jan\u00eb ato q\u00eb u hoq\u00ebn nga artikulli i botuar n\u00eb gazet\u00ebn, \u201cAlbanian Daily News\u201d dt. 23.1.2017)<\/em>.<\/b><\/span><\/span><\/p>\n<p style=\"text-align: justify;\">&nbsp;<\/p>\n<p style=\"text-align: justify;\"><span style=\"font-size: 12pt; font-family: helvetica; color: #000000;\"><\/span><\/p>\n<p style=\"text-align: center;\"><span style=\"font-size: 12pt; font-family: helvetica; color: #800000;\"><b><span style=\"line-height: 107%;\">NGA SHKAT\u00cbRRIMI I PLOT\u00cb<br \/><\/span><\/b><b style=\"font-family: arial, helvetica, sans-serif; font-size: 12pt;\"><span style=\"line-height: 107%;\">DREJT ZHVILLIMIT T\u00cb PASHPRESUAR<\/span><\/b><\/span><\/p>\n<p style=\"text-align: center;\">&nbsp;<\/p>\n<p style=\"text-align: center;\"><span style=\"font-size: 12pt; font-family: helvetica; color: #000000;\"><\/span><\/p>\n<p style=\"text-align: justify; text-indent: 21.3pt;\"><span style=\"font-size: 12pt; font-family: helvetica; color: #000000;\"><i><span style=\"line-height: 107%;\">Ishte fillimi i vitit 1991, kur Fortlumturia e Tij Kryepiskopi Anastas i Tiran\u00ebs, Durr\u00ebsit dhei Gjith\u00eb Shqip\u00ebris\u00eb, u caktua Eksark Patriarkal n\u00eb Shqip\u00ebri. N\u00eb nj\u00eb intervist\u00ebe eskluzive me Albanian Daily News, Fortlumturia e Tij zbulon detaje t\u00eb p\u00ebrpjekjes s\u00eb Tij p\u00ebr t\u00ebringjallur Kish\u00ebn Orthodhokse Autoqefale t\u00eb Shqip\u00ebris\u00eb, plot\u00ebsisht t\u00eb shkat\u00ebrruar prej vitit 1967 nga&nbsp;<\/span><\/i><i style=\"font-family: arial, helvetica, sans-serif; font-size: 16px; text-indent: 28.4px;\"><span style=\"line-height: 107%;\">regjimi&nbsp;<\/span><\/i><i style=\"font-family: arial, helvetica, sans-serif; font-size: 12pt; text-indent: 21.3pt;\"><span style=\"line-height: 107%;\">komunist, n\u00eb k\u00ebt\u00eb vend t\u00eb Ballkanit.<\/span><\/i><\/span><\/p>\n<p style=\"text-align: justify; text-indent: 21.3pt;\"><span style=\"font-family: helvetica; font-size: 12pt; color: #000000;\"><i><span style=\"line-height: 107%;\">\u201cM\u00eb s\u00eb shumti ne mblidheshin n\u00eb g\u00ebrmadhat e kishave, n\u00ebn pem\u00eb ose p\u00ebrjashta n\u00eb mbar\u00eb vendin dhe konstatova d\u00ebshp\u00ebrim dhe shpres\u00eb\u201d &#8211; thot\u00eb kryepiskopi Anastas, n\u00eb lidhje me p\u00ebrpjekjen sfiduese p\u00ebr zhvillimin e Kish\u00ebs&nbsp;&nbsp; Orthodhokse &nbsp;t\u00eb Shqip\u00ebris\u00eb, p\u00ebr t\u00eb cil\u00ebn, si\u00e7 ai pohon, u b\u00eb nj\u00eb lyp\u00ebs nd\u00ebrkomb\u00ebtar.<\/span><\/i><\/span><\/p>\n<p style=\"text-align: justify; text-indent: 21.3pt;\"><span style=\"font-family: helvetica; font-size: 12pt; color: #000000;\"><i><span style=\"line-height: 107%;\">&nbsp;\u201cUn\u00eb e dija mir\u00eb se po lypja p\u00ebr di\u00e7ka shum\u00eb thelb\u00ebsore dhe jo p\u00ebr veten time\u201d-thot\u00eb ai duke shpjeguar se p\u00ebr realizimin e projekteve t\u00eb domosdoshme, iu desh t\u00ebrendte n\u00eb drejtime t\u00eb ndryshme, p\u00ebr t\u00eb shpjeguar, p\u00ebr t\u00eb bindur dhe p\u00ebr t\u00eb lypur. \u201cFolame t\u00eb&nbsp; gjith\u00eb miqt\u00eb&nbsp; e mi n\u00eb Evrop\u00eb, Shtetet e Bashkuara&nbsp; dhe Australi duke&nbsp; k\u00ebrkuarndihm\u00eb nga fondacione dhe individ\u00eb t\u00eb ndrysh\u00ebm. Lavdi Per\u00ebndis\u00eb, ndihma erdhi ngadrejtime q\u00eb nuk i kisha shpresuar kurr\u00eb\u201d, thot\u00eb kryepiskopi Anastas. Ai flet p\u00ebr dyshimin,ve\u00e7an\u00ebrisht p\u00ebr shkak t\u00eb origjin\u00ebs s\u00eb tij greke, p\u00ebr mundimet, keqkuptimet, akuzat dheshpifjet, me t\u00eb cilat u p\u00ebrball gjat\u00eb gjith\u00eb k\u00ebtyre viteve. \u201cN\u00eb t\u00eb gjitha situatat e v\u00ebshtiradhe sfiduese streha dhe ngush\u00ebllimi yn\u00eb \u00ebsht\u00eb siguria se \u201cN\u00ebse Per\u00ebndia \u00ebsht\u00eb me ne,kush&nbsp; mund t\u00eb&nbsp; jet\u00eb&nbsp; kund\u00ebr nesh?\u201d. K\u00ebshtu pohon me&nbsp; vendosm\u00ebri Fortlumturia e&nbsp; Tij,Kryepiskopi Anastas n\u00eb intervist\u00ebn q\u00eb vijon:<\/span><\/i><\/span><\/p>\n<p style=\"text-align: justify; text-indent: 36pt;\"><span style=\"font-family: helvetica; font-size: 12pt; color: #000000;\"><i><span style=\"line-height: 107%;\"><i style=\"text-align: justify; font-family: arial, helvetica, sans-serif; font-size: 18.6667px; text-indent: 48px;\"><span style=\"line-height: 19.9734px;\"><img class=\"lazyload\" decoding=\"async\" style=\"border-width: 1px; border-style: solid; border-color: #000000; margin: 10px; float: left;\" alt=\"\" src=\"data:image\/svg+xml,%3Csvg%20xmlns%3D%27http%3A%2F%2Fwww.w3.org%2F2000%2Fsvg%27%20width%3D%27220%27%20height%3D%27275%27%20viewBox%3D%270%200%20220%20275%27%3E%3Crect%20width%3D%27220%27%20height%3D%27275%27%20fill-opacity%3D%220%22%2F%3E%3C%2Fsvg%3E\" data-orig-src=\"https:\/\/orthodoxalbania.org\/2020\/wp-content\/uploads\/2020\/04\/10364153_386974491456652_3229297348249764478_n.jpg\" height=\"275\" width=\"220\" \/><\/span><\/i>Fortlumturia Juaj, si u zgjodh\u00ebt Primat i Tiran\u00ebs, Durr\u00ebsit dhe i Gjith\u00eb Shqip\u00ebris\u00eb, dhe cili ishte reagimi juaj kur feja rilindi n\u00eb Shqip\u00ebri, pas r\u00ebnies s\u00eb regjimit komunist?<\/span><\/i><\/span><\/p>\n<p style=\"text-align: justify; text-indent: 36pt;\"><span style=\"line-height: 107%; font-family: helvetica; font-size: 12pt; color: #000000;\">Reagimi i par\u00eb ishte befasimi. Ishte fillimi i vitit 1991, kur mora nj\u00eb telefonat\u00eb nga Patriarkana Ekumenike e Konstandinopoj\u00ebs, q\u00eb kishte p\u00ebrgjegj\u00ebsin\u00eb p\u00ebr t\u2019u kujdesur dhe mb\u00ebshtetur Kishat Orthodhokse n\u00eb v\u00ebshtir\u00ebsi,&nbsp; e cila m\u00eb k\u00ebrkoi t\u00eb isha Ekzark Patriarkal n\u00eb Shqip\u00ebri.<b> N\u00eb at\u00eb koh\u00eb, isha profesor i Historis\u00eb s\u00eb Fes\u00eb n\u00eb Universitetin Komb\u00ebtar t\u00eb Athin\u00ebs, Kryepiskop n\u00eb detyr\u00eb n\u00eb Afrik\u00ebn Lindore p\u00ebr organizimin e Hierapostullimit Orthodhoks dhe moderator (kryetar) i Komisionit dhe Konferenc\u00ebs p\u00ebr Misionin Bot\u00ebror dhe Ungjill\u00ebzmin\u201d t\u00eb K\u00ebshillit Bot\u00ebror t\u00eb Kishave (studimet e mia pasuniversitare n\u00eb Gjermani dhe shkrimet q\u00eb vijuan u fokusuan mbi Fet\u00eb e bot\u00ebs dhe d\u00ebshmin\u00eb e krishter\u00eb). <\/b><\/span><\/p>\n<p style=\"text-align: justify; text-indent: 36pt;\"><span style=\"line-height: 107%; font-family: helvetica; font-size: 12pt; color: #000000;\">Mb\u00ebrrita n\u00eb Tiran\u00eb n\u00eb korrik t\u00eb vitit 1991. Pas kontakteve t\u00eb para me udh\u00ebheqjen politike, vizitova qytetet kryesore dhe nj\u00eb num\u00ebr t\u00eb madh fshatrash ku tradicionalisht jetonin komunitetet orthodhokse. N\u00eb shumic\u00ebn e rasteve, mblidheshim n\u00eb g\u00ebrmadhat e kishave, n\u00eb vende t\u00eb hapura posht\u00eb pem\u00ebve dhe kudo, n\u00eb mbar\u00eb vendin, vura re d\u00ebshp\u00ebrim dhe shpres\u00eb. Mesazhi im i par\u00eb ishte: \u201cGuxojm\u00eb t\u00eb shpresojm\u00eb. Per\u00ebndia i dashuris\u00eb nuk ka p\u00ebr t\u00eb na braktisur!\u201d. Fjal\u00ebt e para q\u00eb m\u00ebsova n\u00eb shqip- at\u00ebher\u00eb isha 62 vje\u00e7 -ishin p\u00ebrsh\u00ebndetja paskale: \u201cKrishti u Ngjall\u201d. Pozita e kryepiskopit, ve\u00e7an\u00ebrisht n\u00eb rastin e Shqip\u00ebris\u00eb, ku Kisha ishte krejt\u00ebsisht e shkat\u00ebrruar, nuk ishte nj\u00eb fron rehatie, pushteti dhe lavdie, por nj\u00eb fron sh\u00ebrbimi me frym\u00ebn e Kryqit. Jisu Krishti e p\u00ebrshkroi mjaft qart\u00eb k\u00ebt\u00eb detyr\u00eb: \u201cAi q\u00eb do t\u00eb jet\u00eb i pari, duhet t\u00eb jet\u00eb i fundit, dhe sh\u00ebrb\u00ebtori i t\u00eb gjith\u00ebve\u201d. <\/span><\/p>\n<p style=\"text-align: justify; text-indent: 36pt;\"><span style=\"font-family: helvetica; font-size: 12pt; color: #000000;\"><i><span style=\"line-height: 107%;\">Cil\u00ebt ishin hapat e par\u00eb p\u00ebr ringritjen e Kish\u00ebs Orthodhokse Autoqefale t\u00eb Shqip\u00ebris\u00eb n\u00eb at\u00eb koh\u00eb dhe ku e gjet\u00ebt forc\u00ebn p\u00ebr t\u00eb kryer misionin tuaj? Cil\u00ebt ishin mb\u00ebshtet\u00ebsit tuaj moral\u00eb dhe financiar\u00eb?<\/span><\/i><\/span><\/p>\n<p style=\"text-align: justify; text-indent: 36pt;\"><span style=\"line-height: 107%; font-family: helvetica; font-size: 12pt; color: #000000;\">Ne nis\u00ebm t\u00eb meshonim, t\u00eb predikonim dhe t\u00eb qarkullonim Shkrimin e Shenjt\u00eb dhe Literatur\u00ebn e krishter\u00eb n\u00eb gjuh\u00ebn shqipe. Organizuam nj\u00eb komitet, ku merrte pjes\u00eb nj\u00eb prift i moshuar dhe nj\u00eb laik nga \u00e7do rreth p\u00ebr t\u00eb p\u00ebrfaq\u00ebsuar Kish\u00ebn Orthodhokse n\u00eb marr\u00ebdh\u00ebniet publike. Krijuam nj\u00eb seminar p\u00ebr p\u00ebrgatitjen e klerit vendas. Meqen\u00ebse nuk kishim godinat e nevojshme dhe mjetet&nbsp; p\u00ebr k\u00ebt\u00eb gj\u00eb, mor\u00ebm me qira nj\u00eb hotel n\u00eb Durr\u00ebs dhe e hap\u00ebm me shum\u00eb v\u00ebshtir\u00ebsi Seminarin ton\u00eb atje. Pranuam student\u00eb, me kusht, q\u00eb t\u00eb kishin p\u00ebrfunduar t\u00eb pakt\u00ebn arsimin e mes\u00ebm. Me hirin e Per\u00ebndis\u00eb, gjat\u00eb sh\u00ebrbimit tim k\u00ebtu, kemi shkolluar, dor\u00ebzuar prift\u00ebrinj dhe kemi mb\u00ebshtetur n\u00eb vepr\u00ebn e tyre m\u00eb tep\u00ebr se 160 n\u00ebnshtetas shqiptar\u00eb. <\/span><\/p>\n<p style=\"text-align: justify; text-indent: 36pt;\"><span style=\"line-height: 107%; font-family: helvetica; font-size: 12pt; color: #000000;\">Kur fillova pun\u00ebn k\u00ebtu, nuk kisha asnj\u00eb premtim si p\u00ebr mb\u00ebshtetje financiare, ashtu dhe p\u00ebr njer\u00ebz q\u00eb do t\u00eb m\u00eb ndihmonin. E pranova k\u00ebt\u00eb sfid\u00eb me besim spontan te Per\u00ebndia dhe duke iu bindur n\u00eb m\u00ebnyr\u00eb t\u00eb pakusht\u00ebzuar Kish\u00ebs. E vetmja gj\u00eb e sigurt nga ana financiare p\u00ebr mua ishte pensioni nga Universiteti i Athin\u00ebs. P\u00ebr realizimin e projekteve t\u00eb nevojshme, duhej t\u00eb shkoja n\u00eb drejtime t\u00eb ndryshme: t\u00eb shpjegoja, t\u00eb bindja dhe t\u00eb lypja. Trokita tek t\u00eb gjith\u00eb miqt\u00eb e mi n\u00eb Evrop\u00eb, Shtetet e Bashkuara dhe Australi, duke k\u00ebrkuar mb\u00ebshtetje nga fondacione dhe individ\u00eb t\u00eb ndrysh\u00ebm. Lavdi Per\u00ebndis\u00eb, ndihma m\u00eb erdhi nga drejtime q\u00eb nuk i kisha shpresuar. P\u00ebr hir t\u00eb zhvillimit t\u00eb Kish\u00ebs Orthodhokse t\u00eb Shqip\u00ebris\u00eb, un\u00eb u b\u00ebra nj\u00eb \u201clyp\u00ebs nd\u00ebrkomb\u00ebtar\u201d, por gjat\u00eb k\u00ebsaj rruge, e dija fare mir\u00eb se gjithmon\u00eb lypja p\u00ebr di\u00e7ka shum\u00eb esenciale dhe aspak p\u00ebr veten time.&nbsp; <\/span><\/p>\n<p style=\"text-align: justify; text-indent: 36pt;\"><span style=\"line-height: 107%; font-family: helvetica; font-size: 12pt; color: #000000;\">Sa i takon pyetjes, \u201cKu e gjet\u00ebt forc\u00ebn p\u00ebr t\u00eb kryer misionin tuaj?\u201d, m\u00eb duhet t\u2019ju kujtoj se e gjith\u00eb jeta ime \u00ebsht\u00eb bazuar n\u00eb sigurin\u00eb se Realiteti Suprem n\u00eb univers \u00ebsht\u00eb Per\u00ebndia i Dashuris\u00eb. Gjithmon\u00eb sjell n\u00eb mendje vargun e mrekulluesh\u00ebm t\u00eb sh\u00ebn Joan Ungjillorit: \u201cPer\u00ebndia \u00ebsht\u00eb dashuri dhe kush q\u00ebndron n\u00eb dashuri, rri n\u00eb Per\u00ebndin\u00eb dhe Per\u00ebndia n\u00eb at\u00eb\u201d. <b>Dhe jam i bindur se ky p\u00ebrkufizim rreth Realitetit Suprem \u00ebsht\u00eb m\u00eb i r\u00ebnd\u00ebsishmi, gjithmon\u00eb aktual dhe burim frym\u00ebzimi. Sigurisht, un\u00eb e di se ka shum\u00eb njer\u00ebz q\u00eb nuk besojn\u00eb n\u00eb Per\u00ebndi, ca m\u00eb pak n\u00eb Per\u00ebndin\u00eb e Dashuris\u00eb dhe ndoshta k\u00ebta njer\u00ebz jan\u00eb dyshues p\u00ebr keq, kur na d\u00ebgjojn\u00eb t\u00eb flasim rreth bindjeve tona. Respektoj lirin\u00eb e tyre p\u00ebr t\u00eb pasur secili idet\u00eb e tij, por un\u00eb nuk resht s\u00eb frym\u00ebzuari prej besimit tim t\u00eb krishter\u00eb, prej siguris\u00eb s\u00eb pranis\u00eb s\u00eb Krishtit n\u00eb \u00e7do hap t\u00eb p\u00ebrpjekjeve tona.<\/b> Besoj me gjith\u00eb zem\u00ebr se gj\u00ebja m\u00eb e r\u00ebnd\u00ebsishme q\u00eb ne mund t\u00eb ofrojm\u00eb dhe t\u00eb provojm\u00eb n\u00eb k\u00ebt\u00eb jet\u00eb \u00ebsht\u00eb dashuria. Se p\u00ebrpjekja m\u00eb esenciale e Kish\u00ebs \u00ebsht\u00eb t\u00eb jet\u00eb nj\u00eb punishte e dashuris\u00eb q\u00eb rrezaton dashurin\u00eb e Per\u00ebndis\u00eb. <\/span><\/p>\n<p style=\"text-align: justify; text-indent: 36pt;\"><span style=\"line-height: 107%; font-family: helvetica; font-size: 12pt; color: #000000;\">Gjat\u00eb gjith\u00eb k\u00ebtyre viteve, jemi p\u00ebrballur shum\u00eb her\u00eb me dyshime (ve\u00e7an\u00ebrisht p\u00ebr shkak t\u00eb origjin\u00ebs sime greke), me sprova, keqkuptime, akuza dhe shpifje. N\u00eb t\u00eb gjitha situatat e v\u00ebshtira dhe sfiduese streha dhe ngush\u00ebllimi yn\u00eb ka qen\u00eb dhe \u00ebsht\u00eb siguria se \u201cN\u00ebse Per\u00ebndia \u00ebsht\u00eb me ne, kush \u00ebsht\u00eb kund\u00ebr nesh?\u201d dhe n\u00eb m\u00ebnyr\u00eb t\u00eb ve\u00e7ant\u00eb eksperienca e apostull Pavlit, sipas t\u00eb cilit: \u201cMund t\u2019i b\u00ebj t\u00eb gjitha me an\u00eb t\u00eb Krishtit q\u00eb m\u00eb fal fuqi\u201d. <b>Un\u00eb e kuptoj se kjo gjuh\u00eb p\u00ebr njer\u00ebz q\u00eb kan\u00eb bindje t\u00eb ndryshme fetare \u00ebsht\u00eb e huaj. I p\u00ebrmend k\u00ebto p\u00ebr t\u00eb d\u00ebshmuar se ka nj\u00eb fush\u00eb t\u00eb besimit dhe t\u00eb p\u00ebrvoj\u00ebs, e cila na fal fuqin\u00eb shpirt\u00ebrore p\u00ebr t\u00eb kap\u00ebrcyer pengesa dhe sprova.<\/b> Besimi dhe lutja mbeten fuqia e fsheht\u00eb e \u00e7do njeriu q\u00eb p\u00ebrpiqet t\u00eb ket\u00eb nj\u00eb marr\u00ebdh\u00ebnie me Per\u00ebndin\u00eb dhe t\u00eb sh\u00ebrbej\u00eb. N\u00eb k\u00ebto p\u00ebrpjekje, nuk isha i vet\u00ebm; gjat\u00eb 25 viteve kam pasur bashk\u00ebpun\u00ebtor\u00eb t\u00eb mrekulluesh\u00ebm, pjesa m\u00eb e madhe e tyre vendas, por edhe nga 4-5 klerik\u00eb t\u00eb huaj dhe 5-8&nbsp; laik\u00eb t\u00eb ardhur nga vende t\u00eb tjera, njer\u00ebz me frym\u00eb dashurie dhe sakrifice. <\/span><\/p>\n<p style=\"text-align: justify; text-indent: 36pt;\"><span style=\"font-family: helvetica; font-size: 12pt; color: #000000;\"><i><span style=\"line-height: 107%;\">\u00cbsht\u00eb nj\u00eb fakt i r\u00ebnd\u00ebsish\u00ebm historik se n\u00eb vitin 1912,&nbsp; me krijimin e shtetit shqiptar, nisi nj\u00eb faz\u00eb e re p\u00ebr Kish\u00ebn Orthodhokse. Ardhja e pavar\u00ebsis\u00eb politike solli k\u00ebrkesa t\u00eb p\u00ebrs\u00ebritura p\u00ebr pavar\u00ebsin\u00eb e t\u00eb gjitha komuniteteve fetare nga qendrat e tyre n\u00eb vendet e tjera. Si e konsideroni at\u00eb periudh\u00eb?<\/span><\/i><\/span><\/p>\n<p style=\"text-align: justify; text-indent: 36pt;\"><span style=\"line-height: 107%; font-family: helvetica; font-size: 12pt; color: #000000;\">Ky ishte nj\u00eb synim i natyrsh\u00ebm (meqen\u00ebse shtetet e tjera ballkanike e kishin marr\u00eb Autoqefalin\u00eb prej Patriarkan\u00ebs Ekumenike). Gjithashtu ishte e domosdoshme q\u00eb autoqefalia t\u00eb realizohej n\u00ebp\u00ebrmjet Tradit\u00ebs dhe procedur\u00ebs s\u00eb duhur kishtare. Gjithashtu duhej t\u00eb ruhej identiteti global kishtar si nj\u00eb gjymtyr\u00eb e Orthodhoksis\u00eb dhe shprehja vendore brenda Shtetit shqiptar. Zgjidhja u realizua m\u00eb n\u00eb fund pas nj\u00eb marr\u00ebveshjeje t\u00eb nd\u00ebrsjell\u00eb midis Patriarkan\u00ebs Ekumenike dhe autoriteteve shqiptare me ofrimin kanonik t\u00eb Autoqefalis\u00eb n\u00eb prill t\u00eb vitit 1937.&nbsp; Ashtu si\u00e7 shkruhet qartazi n\u00eb nenin e par\u00eb t\u00eb Statutit t\u00eb saj: \u201cKisha Orthodhokse Autoqefale e Shqip\u00ebris\u00eb, q\u00eb ka si themelues dhe Krye t\u00eb saj Zotin dhe Per\u00ebndin\u00eb ton\u00eb Jisu Krisht \u00ebsht\u00eb institucion hyjnor si prania dhe shfaqja n\u00eb vend e Nj\u00eb Kishe t\u00eb Shenjt\u00eb Katholike dhe Apostolike, e bashkuar n\u00eb m\u00ebnyr\u00eb t\u00eb pandashme me Patriarkan\u00ebn Ekumenike, me t\u00eb gjitha Kishat simotra Autoqefale dhe ruan t\u00eb paluajtshme burimet e besimit, d.m.th. Shkrimin e Shenjt\u00eb dhe Tradit\u00ebn e Shenjt\u00eb, si dhe Kanonet e Shenjta apostolike e sinodike\u201d. <\/span><\/p>\n<p style=\"text-align: justify; text-indent: 36pt;\"><span style=\"line-height: 107%; font-family: helvetica; font-size: 12pt; color: #000000;\">N\u00eb Tradit\u00ebn Orthodhokse, ne kemi nj\u00eb sistem sinodial: asnj\u00eb Kish\u00eb \u201cAutoqefale\u201d nuk \u00ebsht\u00eb e pavarur n\u00eb kuptimin e nj\u00eb institucioni shekullar. Ekzistojn\u00eb shum\u00eb marr\u00ebdh\u00ebnie t\u00eb brendshme t\u00eb vazhdueshme dhe nd\u00ebrvar\u00ebsi. Si\u00e7 u theksua edhe n\u00eb Sinodin e Shenjt\u00eb dhe t\u00eb Madh t\u00eb Orthodhoksis\u00eb n\u00eb Kret\u00eb, n\u00eb 2016, \u201cKishat Orthodhokse Autoqefale nuk p\u00ebrb\u00ebjn\u00eb nj\u00eb federat\u00eb Kishash, por Nj\u00eb Kish\u00eb, t\u00eb Shenjt\u00eb, Katholike dhe Apostolike. \u00c7do Kish\u00eb lokale nd\u00ebrsa ofron Eukaristin\u00eb e Shenjt\u00eb, \u00ebsht\u00eb prania lokale dhe shfaqja e Nj\u00eb Kishe, t\u00eb Shenjt\u00eb, Katholike, dhe Apostolike. <b>\u201cUniteti i Kish\u00ebs Orthodhokse bazohet n\u00eb radh\u00eb t\u00eb par\u00eb n\u00eb Eukaristin\u00eb dhe n\u00eb vijim\u00ebsin\u00eb e pand\u00ebrprer\u00eb apostolike t\u00eb episkop\u00ebve t\u00eb saj\u201d.<\/b><\/span><\/p>\n<p style=\"text-align: justify; text-indent: 36pt;\"><span style=\"font-family: helvetica; font-size: 12pt; color: #000000;\"><b><span style=\"line-height: 107%;\">&nbsp;N\u00eb k\u00ebt\u00eb korniz\u00eb theologjike ringritja e Kish\u00ebs Orthodhokse Autoqefale t\u00eb Shqip\u00ebris\u00eb, pas shkat\u00ebrrimit t\u00eb saj t\u00eb plot\u00eb t\u00eb kryer nga sistemi ateist, ishte e domosdoshme t\u00eb b\u00ebhej sipas tradit\u00ebs orthodhokse. Patriarkana Ekumenike, q\u00eb i dha Autoqefalin\u00eb Kish\u00ebs s\u00eb Shqip\u00ebris\u00eb, mori iniciativ\u00ebn e ringritjes s\u00eb Kish\u00ebs s\u00eb shkat\u00ebrruar. \u00c7do gj\u00eb \u00ebsht\u00eb b\u00ebr\u00eb sipas rregullit t\u00eb sakt\u00eb kishtar; ky fakt njihet jo vet\u00ebm n\u00eb qarqet orthodhokse, por p\u00ebrgjith\u00ebsisht n\u00eb bot\u00ebn e krishter\u00eb. <\/span><\/b><\/span><\/p>\n<p style=\"text-align: justify; text-indent: 36pt;\"><span style=\"font-family: helvetica; font-size: 12pt; color: #000000;\"><i><span style=\"line-height: 107%;\">N\u00eb n\u00ebntor t\u00eb vitit 1967, Shqip\u00ebria u shpall shtet ateist- i vetmi i k\u00ebtij lloji n\u00eb bot\u00eb dhe n\u00eb histori. N\u00eb k\u00ebt\u00eb shtet, t\u00eb gjitha format e shprehjes fetare ishin t\u00eb ndaluara me kushtetut\u00eb. Qindra kisha u shkat\u00ebrruan dhe shum\u00eb prej tyre iu ndryshua destinacioni. Si e pat\u00eb at\u00eb koh\u00eb t\u00eb v\u00ebshtir\u00eb q\u00eb kaloi populli shqiptar? Cilat jan\u00eb disa nga p\u00ebrpjekjet dhe arritjet n\u00eb pun\u00ebn tuaj p\u00ebr ringritjen e Kish\u00ebs Orthodhokse Autoqefale t\u00eb Shqip\u00ebris\u00eb?<\/span><\/i><\/span><\/p>\n<p style=\"text-align: justify; text-indent: 36pt;\"><span style=\"line-height: 107%; font-family: helvetica; font-size: 12pt; color: #000000;\">Para se t\u00eb vija k\u00ebtu, ndiqja me dhimbje dhe shqet\u00ebsim t\u00eb madh persekutimin e tmerrsh\u00ebm ateist n\u00eb Shqip\u00ebri. Shkat\u00ebrrimi jo vet\u00ebm i nd\u00ebrtesave fetare, por edhe i besimit n\u00eb shpirtrat e njer\u00ebzve ishte padrejt\u00ebsia m\u00eb e tmerrshme. <b>\u00c7rr\u00ebnjosja e besimit fetar nga nd\u00ebrgjegjja e popullit ishte me t\u00eb v\u00ebrtet\u00eb nj\u00eb krim kund\u00ebr njer\u00ebzimit.<\/b> <b>Por brenda meje ruaja sigurin\u00eb se Per\u00ebndia do t\u00eb b\u00ebnte mrekullin\u00eb e liris\u00eb fetare, q\u00eb do t\u2019i dhurohej p\u00ebrs\u00ebri Shqip\u00ebris\u00eb.<\/b> <\/span><\/p>\n<p style=\"text-align: justify; text-indent: 36pt;\"><span style=\"line-height: 107%; font-family: helvetica; font-size: 12pt; color: #000000;\">Sa i takon p\u00ebrpjekjes sime, dua t\u00eb shtoj n\u00eb lidhje me ato q\u00eb p\u00ebrmenda m\u00eb lart rreth p\u00ebrgatitjes s\u00eb qytetar\u00ebve t\u00eb Shqip\u00ebris\u00eb p\u00ebr sh\u00ebrbimin ndaj Kish\u00ebs, se n\u00eb vitet pasardh\u00ebse ne ngrit\u00ebm Akademin\u00eb Teologjike \u201cNgjallja e Krishtit\u201d n\u00eb Durr\u00ebs dhe dy shkolla t\u00eb mesme kishtare me emrin \u201cKryqi i Nderuar\u201d, si edhe nj\u00eb shkoll\u00eb t\u00eb muzik\u00ebs bizantine, t\u00eb gjitha me konvikt. Nj\u00eb prioritet kryesor, sipas standardeve t\u00eb Orthodhoksis\u00eb, ishte krijimi dhe zhvillimi i Sinodit t\u00eb Shenjt\u00eb. Sot Sinodi p\u00ebrb\u00ebhet nga kryepiskopi, gjasht\u00eb mitropolit\u00eb dhe nj\u00eb episkop. Dy hapa t\u00eb tjer\u00eb t\u00eb r\u00ebnd\u00ebsish\u00ebm ishin hartimi i Statutit t\u00eb Kish\u00ebs Orthodhokse Autoqefale t\u00eb Shqip\u00ebris\u00eb dhe Marr\u00ebveshja me Qeverin\u00eb e Shqip\u00ebris\u00eb, q\u00eb u b\u00eb ligji nr. 10057 dt. 22. 2. 2009, t\u00eb cilat p\u00ebrb\u00ebjn\u00eb dokumentet legale baz\u00eb t\u00eb Kish\u00ebs son\u00eb.&nbsp;&nbsp; <\/span><\/p>\n<p style=\"text-align: justify; text-indent: 36pt;\"><span style=\"line-height: 107%; font-family: helvetica; font-size: 12pt; color: #000000;\">Gjat\u00eb k\u00ebsaj periudhe, ne arrit\u00ebm t\u00eb nd\u00ebrtojm\u00eb m\u00eb shum\u00eb se 150 kisha t\u00eb reja, t\u00eb m\u00ebdha e t\u00eb vogla, restauruam mbi 60 kisha e manastire-monumente kulture dhe mbi 160 kisha ekzistuese. Gjithashtu jan\u00eb ngritur, bler\u00eb dhe rikonstruktuar m\u00eb shum\u00eb se 70 godina p\u00ebr kopshte, shkolla, qendra rinore, qendra sh\u00ebndet\u00ebsore, seli metropolitane, sht\u00ebpi pritjeje, punishte, mensa p\u00ebr t\u00eb varfrit etj. E gjith\u00eb vepra nd\u00ebrtuese arrin n\u00eb mbi 450 objekte. Jan\u00eb botuar me dhjet\u00ebra libra teologjik\u00eb dhe shpirt\u00ebror\u00eb s\u00eb bashku me periodik\u00eb t\u00eb ndrysh\u00ebm; Kisha Orthodhokse ka shtypshkronj\u00ebn e saj. Jan\u00eb formuar lidhjet rinore, lidhjet e grave dhe t\u00eb intelektual\u00ebve; si edhe nj\u00eb stacion radiofonik, p\u00ebr t\u00eb zhvilluar m\u00eb tej jet\u00ebn dhe d\u00ebshmin\u00eb e krishter\u00eb. <\/span><\/p>\n<p style=\"text-align: justify; text-indent: 36pt;\"><span style=\"line-height: 107%; font-family: helvetica; font-size: 12pt; color: #000000;\">Gjat\u00eb k\u00ebtyre viteve nj\u00eb \u00e7\u00ebshtje primare ishte sigurimi i vazhdim\u00ebsis\u00eb financiare p\u00ebr t\u00eb gjitha p\u00ebrpjekjet n\u00eb t\u00eb ardhmen. Kjo \u00ebnd\u00ebrr ishte m\u00eb e v\u00ebshtir\u00eb p\u00ebr t\u2019u realizuar. Me fuqin\u00eb e Per\u00ebndis\u00eb, n\u00eb vitin 2016 arrit\u00ebm t\u00eb nd\u00ebrtojm\u00eb nj\u00eb hidrocentral af\u00ebr Librazhdit. Ky projekt pati kat\u00ebr parametra kryesor\u00eb:&nbsp; plot\u00ebson t\u00eb gjitha standardet mjedisore, p\u00ebrdor vet\u00ebm burime energjie t\u00eb rinovueshme, ndihmon n\u00eb zhvillimin e infrastruktur\u00ebs s\u00eb Shqip\u00ebris\u00eb, duke kontribuuar n\u00eb shtimin e energjis\u00eb q\u00eb disponon vendi dhe ka nj\u00eb perspektiv\u00eb t\u00eb qart\u00eb sociale: t\u00eb ardhurat e p\u00ebrftuara nga kjo vep\u00ebr do t\u00eb mund\u00ebsojn\u00eb vazhdimin e vepr\u00ebs son\u00eb shpirt\u00ebrore, filantropike, edukuese dhe sociale.&nbsp; <\/span><\/p>\n<p style=\"text-align: justify; text-indent: 36pt;\"><span style=\"font-family: helvetica; font-size: 12pt; color: #000000;\"><i><span style=\"line-height: 107%;\">P\u00ebrve\u00e7 fes\u00eb, a u p\u00ebrfshit\u00eb n\u00eb projekte t\u00eb tjera p\u00ebr t\u00eb mb\u00ebshtetur njer\u00ebzit e zakonsh\u00ebm, gjendja e t\u00eb cil\u00ebve ishte e v\u00ebshtir\u00eb n\u00eb at\u00eb koh\u00eb?<\/span><\/i><\/span><\/p>\n<p style=\"text-align: justify; text-indent: 36pt;\"><span style=\"line-height: 107%; font-family: helvetica; font-size: 12pt; color: #000000;\">&nbsp;Gjat\u00eb periudhave t\u00eb v\u00ebshtira q\u00eb kaloi vendi (1992, 1994, 1997, etj.), ne u p\u00ebrpoq\u00ebm t\u00eb leht\u00ebsonim gjendjen e popullit q\u00eb vuante. Ofruam nj\u00eb ndihm\u00eb t\u00eb gjer\u00eb humanitare, duke siguruar e shp\u00ebrndar\u00eb mij\u00ebra ton\u00eb ushqime, rroba e medikamente. Nj\u00eb r\u00ebnd\u00ebsi t\u00eb ve\u00e7ant\u00eb i kemi kushtuar edukimit t\u00eb p\u00ebrgjithsh\u00ebm, q\u00eb evidentohet me ngritjen e rreth 30 shkollave n\u00eb t\u00eb gjitha nivelet\u201d kopshte, shkolla fillore e t\u00eb mesme, Institute t\u00eb Formimit Teknik dhe nj\u00eb Kolegj universitar (Kolegji universitar \u201cLogos\u201d). Gjat\u00eb k\u00ebtyre viteve kemi ofruar mbi 30.000 bursa dhe kemi ndihmuar mbi 11.000 f\u00ebmij\u00eb e student\u00eb n\u00eb shkollimin e tyre. <\/span><\/p>\n<p style=\"text-align: justify; text-indent: 36pt;\"><span style=\"line-height: 107%; font-family: helvetica; font-size: 12pt; color: #000000;\">&nbsp;N\u00eb fush\u00ebn e sh\u00ebndet\u00ebsis\u00eb, Qendra jon\u00eb Mjek\u00ebsore Diagnostike \u201cUngjill\u00ebzimi\u201d n\u00eb Tiran\u00eb, ofron sh\u00ebrbime t\u00eb kujdesit sh\u00ebndet\u00ebsor me kontributin e mjek\u00ebve t\u00eb njohur dhe t\u00eb pajisjeve mjek\u00ebsore moderne. Gjat\u00eb 17 viteve t\u00eb funksionimit t\u00eb saj jan\u00eb kryer m\u00eb tep\u00ebr se 2 milion\u00eb vizita dhe miliona analiza. <b>N\u00eb disa qytete dhe n\u00eb fshatra jan\u00eb organizuar programe t\u00eb tjera mjek\u00ebsore n\u00eb sh\u00ebrbim t\u00eb banor\u00ebve. Gjithashtu kemi zhvilluar dhe mb\u00ebshtetur nj\u00eb num\u00ebr t\u00eb madh programesh sociale, ku p\u00ebrfshihen edhe projekte zhvillimi n\u00eb zona malore.<\/b> <\/span><\/p>\n<p style=\"text-align: justify; text-indent: 36pt;\"><span style=\"line-height: 107%; font-family: helvetica; font-size: 12pt; color: #000000;\">Nj\u00eb p\u00ebrpjekje shum\u00eb e r\u00ebnd\u00ebsishme u b\u00eb n\u00eb vitin 1999, kur mij\u00ebra refugjat\u00eb nga Kosova mb\u00ebrrit\u00ebn n\u00eb Shqip\u00ebri. Kisha jon\u00eb, n\u00eb bashk\u00ebpunim me Kishat e tjera Evropiane, ndihmoi dhe strehoi mbi 33.000 refugjat\u00eb. K\u00ebto jan\u00eb nj\u00eb pjes\u00eb e vog\u00ebl e p\u00ebrpjekjeve konkrete q\u00eb kemi realizuar, por n\u00eb k\u00ebt\u00eb intervist\u00eb nuk \u00ebsht\u00eb e mundur t\u00eb hyjm\u00eb n\u00eb m\u00eb shum\u00eb detaje (informacion shtes\u00eb mund t\u00eb gjendet n\u00eb faqen ton\u00eb t\u00eb internetit&nbsp; <a href=\"http:\/\/www.orthodoxalbania.org\/\"><span style=\"color: #000000;\">www.orthodoxalbania.org<\/span><\/a>, si dhe n\u00eb botime t\u00eb tjera t\u00eb r\u00ebnd\u00ebsishme t\u00eb Kish\u00ebs).<\/span><\/p>\n<p style=\"text-align: justify; text-indent: 36pt;\"><span style=\"line-height: 107%; font-family: helvetica; font-size: 12pt; color: #000000;\">Mbi 800 persona jan\u00eb pun\u00ebsuar n\u00ebp\u00ebr departamente t\u00eb ndryshme, fondacione dhe institucione t\u00eb krijuara nga Kisha, dhe kan\u00eb punuar gjat\u00eb gjith\u00eb k\u00ebtyre viteve; duke i shtuar k\u00ebsaj shifre edhe numrin e madh t\u00eb punonj\u00ebsve t\u00eb kompanive t\u00eb nd\u00ebrtimit t\u00eb cilat kan\u00eb punuar n\u00eb shum\u00eb projekte t\u00eb ndryshme t\u00eb Kish\u00ebs gjat\u00eb 25 viteve. K\u00ebto shifra flasin sado pak rreth kontributit social dhe financiar t\u00eb Kish\u00ebs p\u00ebr zhvillimin e vendit. <i>P\u00ebrmbledhtazi, Kisha jon\u00eb ka kontribuuar n\u00eb m\u00ebnyr\u00eb substanciale p\u00ebr rind\u00ebrtimin dhe zhvillimin social e shpirt\u00ebror t\u00eb Shqip\u00ebris\u00eb. <\/i><\/span><\/p>\n<p style=\"text-align: justify; text-indent: 36pt;\"><span style=\"font-family: helvetica; font-size: 12pt; color: #000000;\"><b><i><span style=\"line-height: 107%;\">Cilat jan\u00eb lidhjet dhe bashk\u00ebpunimi i Kish\u00ebs Orthodhokse t\u00eb Shqip\u00ebris\u00eb n\u00eb nivelin nd\u00ebrkomb\u00ebtar?<\/span><\/i><\/b><\/span><\/p>\n<p style=\"text-align: justify; text-indent: 36pt;\"><span style=\"font-family: helvetica; font-size: 12pt; color: #000000;\"><b><span style=\"line-height: 107%;\">Ne marrim pjes\u00eb me t\u00eb drejta t\u00eb plota n\u00eb t\u00eb gjitha aktivitetet e Kishave Orthodhokse. Vitet e fundit, Kontributi i Kish\u00ebs son\u00eb ka qen\u00eb shum\u00eb i r\u00ebnd\u00ebsish\u00ebm n\u00eb \u201cSinakset\u201d- Mbledhjet e Primat\u00ebve t\u00eb Kishave Orthodhokse dhe ve\u00e7an\u00ebrisht n\u00eb Sinodin e Shenjt\u00eb dhe t\u00eb Madh t\u00eb Orthodhoksis\u00eb n\u00eb Kret\u00eb, qershor 2016. Kisha jon\u00eb \u00ebsht\u00eb gjithashtu an\u00ebtare e Konferenc\u00ebs s\u00eb Kishave Evropiane (Gjenev\u00eb), e K\u00ebshillit Bot\u00ebror t\u00eb Kishave (Gjenev\u00eb), si edhe e Konferenc\u00ebs Bot\u00ebrore Nd\u00ebrfetare Fet\u00eb p\u00ebr Paqen (Nju-Jork). \u00cbsht\u00eb fakt i njohur se n\u00eb t\u00eb gjitha k\u00ebto organizata nd\u00ebrkomb\u00ebtare, ne pat\u00ebm nj\u00eb pjes\u00ebmarrje aktive (n\u00eb Konferenc\u00ebn e Kishave Evropiane kam qen\u00eb z\u00ebvend\u00ebs-president, n\u00eb K\u00ebshillin Bot\u00ebror t\u00eb Kishave president dhe n\u00eb Fet\u00eb p\u00ebr Paqe president nderi i k\u00ebsaj organizate nd\u00ebrfetare).<\/span><\/b><\/span><\/p>\n<p style=\"text-align: justify; text-indent: 36pt;\"><span style=\"font-family: helvetica; font-size: 12pt; color: #000000;\"><i><span style=\"line-height: 107%;\">Shqip\u00ebria \u00ebsht\u00eb vler\u00ebsuar p\u00ebr harmonin\u00eb fetare n\u00eb vend. Si e konsideroni k\u00ebt\u00eb fakt dhe cili \u00ebsht\u00eb roli juaj n\u00eb k\u00ebt\u00eb p\u00ebrpjekje?&nbsp; <\/span><\/i><\/span><\/p>\n<p style=\"text-align: justify; text-indent: 36pt;\"><span style=\"line-height: 107%; font-family: helvetica; font-size: 12pt; color: #000000;\">Edhe para se t\u00eb vija n\u00eb Shqip\u00ebri, isha an\u00ebtar i \u201cGrupit Theologjik t\u00eb Pun\u00ebs p\u00ebr Dialog me Njer\u00ebz t\u00eb Feve dhe Ideologjive t\u00eb Tjera\u201d, t\u00eb K\u00ebshillit Bot\u00ebror t\u00eb Kishave. K\u00ebtu n\u00eb Shqip\u00ebri, ne jemi n\u00eb nj\u00eb \u201cdialog jete\u201d t\u00eb vazhduesh\u00ebm, me respekt t\u00eb thell\u00eb p\u00ebr \u00e7do person njer\u00ebzor pavar\u00ebsisht bindjeve t\u00eb tij fetare apo se \u00e7far\u00eb idesh filozofike ose bindje ka. Q\u00eb n\u00eb vitin e par\u00eb, ne punuam p\u00ebr marr\u00ebdh\u00ebnie t\u00eb p\u00ebrzem\u00ebrta midis kryetar\u00ebve t\u00eb Komuniteteve t\u00eb ndryshme fetare. Mor\u00ebm iniciativ\u00ebn p\u00ebr krijimin e Shoq\u00ebris\u00eb Biblike Nd\u00ebrkonfesionale. Gjithashtu kemi krijuar K\u00ebshillin Nd\u00ebrfetar t\u00eb Shqip\u00ebris\u00eb dhe jemi b\u00ebr\u00eb an\u00ebtar\u00eb t\u00eb Konferenc\u00ebs Bot\u00ebrore t\u00eb Feve p\u00ebr Paqen. N\u00eb p\u00ebrgjith\u00ebsi, jemi p\u00ebrpjekur p\u00ebr promovimin jo vet\u00ebm t\u00eb toleranc\u00ebs, por edhe t\u00eb bashk\u00ebpunimit v\u00ebllaz\u00ebror dhe t\u00eb bashk\u00ebjetes\u00ebs harmonike. Ky fakt \u00ebsht\u00eb njohur publikisht prej autoriteteve shtet\u00ebrore. <i>Harmonia fetare n\u00eb Shqip\u00ebri, \u00ebsht\u00eb nj\u00eb fryt konkret i p\u00ebrpjekjeve t\u00eb nd\u00ebrgjegjshme dhe t\u00eb zellshme nga t\u00eb gjitha komunitetet fetare gjat\u00eb gjith\u00eb k\u00ebtyre viteve dhe duhet t\u00eb vazhdoj\u00eb t\u00eb jet\u00eb nj\u00eb aset i vyer shpirt\u00ebror i shoq\u00ebris\u00eb shqiptare. <\/i><\/span><\/p>\n","protected":false},"excerpt":{"rendered":"<p>&#8220;Kisha e ngritur mga g\u00ebrmadhat&#8221;, Intervist\u00eb e Fortlumturis\u00eb s\u00eb Tij, Kryepiskopit t\u00eb Tiran\u00ebs, Durr\u00ebsit dhe t\u00eb Gjith\u00eb Shqip\u00ebris\u00eb, Anastasit, dh\u00ebn\u00eb z. Genc Mlloja, n\u00eb gazet\u00ebn &#8220;Albanian Daily News&#8221; (origjinal n\u00eb anglisht &#8220;Church Raized from the ruins&#8221;).&nbsp;(Pjes\u00ebt me t\u00eb zeza jan\u00eb ato q\u00eb u hoq\u00ebn nga artikulli i botuar n\u00eb gazet\u00ebn, \u201cAlbanian Daily News\u201d dt. 23.1.2017). &nbsp; NGA SHKAT\u00cbRRIMI I PLOT\u00cbDREJT ZHVILLIMIT T\u00cb PASHPRESUAR &nbsp; Ishte<\/p>\n","protected":false},"author":1,"featured_media":4987,"comment_status":"open","ping_status":"open","sticky":false,"template":"","format":"standard","meta":{"_acf_changed":false,"pagelayer_contact_templates":[],"_pagelayer_content":"","inline_featured_image":false,"fifu_image_url":"","fifu_image_alt":"","footnotes":""},"categories":[108],"tags":[209,180,196,201,212],"class_list":["post-4989","post","type-post","status-publish","format-standard","has-post-thumbnail","hentry","category-lajme","tag-209","tag-interviste","tag-tirane","tag-kryepiskopi-anastas","tag-lajme-d27"],"acf":[],"yoast_head":"<!-- This site is optimized with the Yoast SEO plugin v27.2 - https:\/\/yoast.com\/product\/yoast-seo-wordpress\/ -->\n<title>&quot;Kisha e ngritur nga g\u00ebrmadhat&quot;, Intervist\u00eb e Kryepiskopit Anastas, n\u00eb &quot;Albanian Daily News&quot; - Kisha Orthodh\u03bfkse Autoqefale e Shqip\u00ebris\u00eb<\/title>\n<meta name=\"robots\" content=\"index, follow, max-snippet:-1, max-image-preview:large, max-video-preview:-1\" \/>\n<link rel=\"canonical\" href=\"https:\/\/orthodoxalbania.org\/2020\/2017\/01\/24\/kisha-e-ngritur-nga-germadhat-interviste-e-kryepiskopit-anastas-ne-albanian-daily-news\/\" \/>\n<meta property=\"og:locale\" content=\"en_US\" \/>\n<meta property=\"og:type\" content=\"article\" \/>\n<meta property=\"og:title\" content=\"&quot;Kisha e ngritur nga g\u00ebrmadhat&quot;, Intervist\u00eb e Kryepiskopit Anastas, n\u00eb &quot;Albanian Daily News&quot; - Kisha Orthodh\u03bfkse Autoqefale e Shqip\u00ebris\u00eb\" \/>\n<meta property=\"og:description\" content=\"&#8220;Kisha e ngritur mga g\u00ebrmadhat&#8221;, Intervist\u00eb e Fortlumturis\u00eb s\u00eb Tij, Kryepiskopit t\u00eb Tiran\u00ebs, Durr\u00ebsit dhe t\u00eb Gjith\u00eb Shqip\u00ebris\u00eb, Anastasit, dh\u00ebn\u00eb z. Genc Mlloja, n\u00eb gazet\u00ebn &#8220;Albanian Daily News&#8221; (origjinal n\u00eb anglisht &#8220;Church Raized from the ruins&#8221;).&nbsp;(Pjes\u00ebt me t\u00eb zeza jan\u00eb ato q\u00eb u hoq\u00ebn nga artikulli i botuar n\u00eb gazet\u00ebn, \u201cAlbanian Daily News\u201d dt. 23.1.2017). &nbsp; NGA SHKAT\u00cbRRIMI I PLOT\u00cbDREJT ZHVILLIMIT T\u00cb PASHPRESUAR &nbsp; Ishte\" \/>\n<meta property=\"og:url\" content=\"https:\/\/orthodoxalbania.org\/2020\/2017\/01\/24\/kisha-e-ngritur-nga-germadhat-interviste-e-kryepiskopit-anastas-ne-albanian-daily-news\/\" \/>\n<meta property=\"og:site_name\" content=\"Kisha Orthodh\u03bfkse Autoqefale e Shqip\u00ebris\u00eb\" \/>\n<meta property=\"article:publisher\" content=\"https:\/\/www.facebook.com\/koash1991\" \/>\n<meta property=\"article:published_time\" content=\"2017-01-24T12:01:10+00:00\" \/>\n<meta property=\"article:modified_time\" content=\"2020-04-06T20:01:51+00:00\" \/>\n<meta property=\"og:image\" content=\"https:\/\/orthodoxalbania.org\/2020\/wp-content\/uploads\/2020\/04\/10364153_386974491456652_3229297348249764478_n.jpg\" \/>\n\t<meta property=\"og:image:width\" content=\"768\" \/>\n\t<meta property=\"og:image:height\" content=\"960\" \/>\n\t<meta property=\"og:image:type\" content=\"image\/jpeg\" \/>\n<meta name=\"author\" content=\"Kisha Orthodhokse\" \/>\n<meta name=\"twitter:card\" content=\"summary_large_image\" \/>\n<meta name=\"twitter:label1\" content=\"Written by\" \/>\n\t<meta name=\"twitter:data1\" content=\"Kisha Orthodhokse\" \/>\n\t<meta name=\"twitter:label2\" content=\"Est. reading time\" \/>\n\t<meta name=\"twitter:data2\" content=\"17 minutes\" \/>\n<script type=\"application\/ld+json\" class=\"yoast-schema-graph\">{\"@context\":\"https:\/\/schema.org\",\"@graph\":[{\"@type\":\"Article\",\"@id\":\"https:\/\/orthodoxalbania.org\/2020\/2017\/01\/24\/kisha-e-ngritur-nga-germadhat-interviste-e-kryepiskopit-anastas-ne-albanian-daily-news\/#article\",\"isPartOf\":{\"@id\":\"https:\/\/orthodoxalbania.org\/2020\/2017\/01\/24\/kisha-e-ngritur-nga-germadhat-interviste-e-kryepiskopit-anastas-ne-albanian-daily-news\/\"},\"author\":{\"name\":\"Kisha Orthodhokse\",\"@id\":\"https:\/\/orthodoxalbania.org\/2020\/#\/schema\/person\/0c387634a7063ac612d7ed9ce71c7e86\"},\"headline\":\"&#8220;Kisha e ngritur nga g\u00ebrmadhat&#8221;, Intervist\u00eb e Kryepiskopit Anastas, n\u00eb &#8220;Albanian Daily News&#8221;\",\"datePublished\":\"2017-01-24T12:01:10+00:00\",\"dateModified\":\"2020-04-06T20:01:51+00:00\",\"mainEntityOfPage\":{\"@id\":\"https:\/\/orthodoxalbania.org\/2020\/2017\/01\/24\/kisha-e-ngritur-nga-germadhat-interviste-e-kryepiskopit-anastas-ne-albanian-daily-news\/\"},\"wordCount\":3410,\"commentCount\":0,\"publisher\":{\"@id\":\"https:\/\/orthodoxalbania.org\/2020\/#organization\"},\"image\":{\"@id\":\"https:\/\/orthodoxalbania.org\/2020\/2017\/01\/24\/kisha-e-ngritur-nga-germadhat-interviste-e-kryepiskopit-anastas-ne-albanian-daily-news\/#primaryimage\"},\"thumbnailUrl\":\"https:\/\/orthodoxalbania.org\/2020\/wp-content\/uploads\/2020\/04\/10364153_386974491456652_3229297348249764478_n.jpg\",\"keywords\":[\"2017\",\"Intervist\u00eb\",\"Kryepiskopata Tiran\u00eb\",\"Kryepiskopi Anastas\",\"lajme\"],\"articleSection\":[\"Lajme\"],\"inLanguage\":\"en-US\"},{\"@type\":\"WebPage\",\"@id\":\"https:\/\/orthodoxalbania.org\/2020\/2017\/01\/24\/kisha-e-ngritur-nga-germadhat-interviste-e-kryepiskopit-anastas-ne-albanian-daily-news\/\",\"url\":\"https:\/\/orthodoxalbania.org\/2020\/2017\/01\/24\/kisha-e-ngritur-nga-germadhat-interviste-e-kryepiskopit-anastas-ne-albanian-daily-news\/\",\"name\":\"\\\"Kisha e ngritur nga g\u00ebrmadhat\\\", Intervist\u00eb e Kryepiskopit Anastas, n\u00eb \\\"Albanian Daily News\\\" - Kisha Orthodh\u03bfkse Autoqefale e Shqip\u00ebris\u00eb\",\"isPartOf\":{\"@id\":\"https:\/\/orthodoxalbania.org\/2020\/#website\"},\"primaryImageOfPage\":{\"@id\":\"https:\/\/orthodoxalbania.org\/2020\/2017\/01\/24\/kisha-e-ngritur-nga-germadhat-interviste-e-kryepiskopit-anastas-ne-albanian-daily-news\/#primaryimage\"},\"image\":{\"@id\":\"https:\/\/orthodoxalbania.org\/2020\/2017\/01\/24\/kisha-e-ngritur-nga-germadhat-interviste-e-kryepiskopit-anastas-ne-albanian-daily-news\/#primaryimage\"},\"thumbnailUrl\":\"https:\/\/orthodoxalbania.org\/2020\/wp-content\/uploads\/2020\/04\/10364153_386974491456652_3229297348249764478_n.jpg\",\"datePublished\":\"2017-01-24T12:01:10+00:00\",\"dateModified\":\"2020-04-06T20:01:51+00:00\",\"breadcrumb\":{\"@id\":\"https:\/\/orthodoxalbania.org\/2020\/2017\/01\/24\/kisha-e-ngritur-nga-germadhat-interviste-e-kryepiskopit-anastas-ne-albanian-daily-news\/#breadcrumb\"},\"inLanguage\":\"en-US\",\"potentialAction\":[{\"@type\":\"ReadAction\",\"target\":[\"https:\/\/orthodoxalbania.org\/2020\/2017\/01\/24\/kisha-e-ngritur-nga-germadhat-interviste-e-kryepiskopit-anastas-ne-albanian-daily-news\/\"]}]},{\"@type\":\"ImageObject\",\"inLanguage\":\"en-US\",\"@id\":\"https:\/\/orthodoxalbania.org\/2020\/2017\/01\/24\/kisha-e-ngritur-nga-germadhat-interviste-e-kryepiskopit-anastas-ne-albanian-daily-news\/#primaryimage\",\"url\":\"https:\/\/orthodoxalbania.org\/2020\/wp-content\/uploads\/2020\/04\/10364153_386974491456652_3229297348249764478_n.jpg\",\"contentUrl\":\"https:\/\/orthodoxalbania.org\/2020\/wp-content\/uploads\/2020\/04\/10364153_386974491456652_3229297348249764478_n.jpg\",\"width\":768,\"height\":960},{\"@type\":\"BreadcrumbList\",\"@id\":\"https:\/\/orthodoxalbania.org\/2020\/2017\/01\/24\/kisha-e-ngritur-nga-germadhat-interviste-e-kryepiskopit-anastas-ne-albanian-daily-news\/#breadcrumb\",\"itemListElement\":[{\"@type\":\"ListItem\",\"position\":1,\"name\":\"Home\",\"item\":\"https:\/\/orthodoxalbania.org\/2020\/\"},{\"@type\":\"ListItem\",\"position\":2,\"name\":\"&#8220;Kisha e ngritur nga g\u00ebrmadhat&#8221;, Intervist\u00eb e Kryepiskopit Anastas, n\u00eb &#8220;Albanian Daily News&#8221;\"}]},{\"@type\":\"WebSite\",\"@id\":\"https:\/\/orthodoxalbania.org\/2020\/#website\",\"url\":\"https:\/\/orthodoxalbania.org\/2020\/\",\"name\":\"Kisha Orthodh\u03bfkse Autoqefale e Shqip\u00ebris\u00eb\",\"description\":\"Fqja Zyrtare e Kish\u00ebs Orthodhokse Autoqefale e Shqip\u00ebris\u00eb me lajmet edhe informacionet zyrtare p\u00ebr struktur\u00ebn edhe veprimtarin e saj.\",\"publisher\":{\"@id\":\"https:\/\/orthodoxalbania.org\/2020\/#organization\"},\"potentialAction\":[{\"@type\":\"SearchAction\",\"target\":{\"@type\":\"EntryPoint\",\"urlTemplate\":\"https:\/\/orthodoxalbania.org\/2020\/?s={search_term_string}\"},\"query-input\":{\"@type\":\"PropertyValueSpecification\",\"valueRequired\":true,\"valueName\":\"search_term_string\"}}],\"inLanguage\":\"en-US\"},{\"@type\":\"Organization\",\"@id\":\"https:\/\/orthodoxalbania.org\/2020\/#organization\",\"name\":\"Kisha Orthodhokse Autoqefale e Shqip\u00ebris\u00eb\",\"url\":\"https:\/\/orthodoxalbania.org\/2020\/\",\"logo\":{\"@type\":\"ImageObject\",\"inLanguage\":\"en-US\",\"@id\":\"https:\/\/orthodoxalbania.org\/2020\/#\/schema\/logo\/image\/\",\"url\":\"https:\/\/orthodoxalbania.org\/2020\/wp-content\/uploads\/2020\/05\/albania.jpeg\",\"contentUrl\":\"https:\/\/orthodoxalbania.org\/2020\/wp-content\/uploads\/2020\/05\/albania.jpeg\",\"width\":540,\"height\":540,\"caption\":\"Kisha Orthodhokse Autoqefale e Shqip\u00ebris\u00eb\"},\"image\":{\"@id\":\"https:\/\/orthodoxalbania.org\/2020\/#\/schema\/logo\/image\/\"},\"sameAs\":[\"https:\/\/www.facebook.com\/koash1991\"]},{\"@type\":\"Person\",\"@id\":\"https:\/\/orthodoxalbania.org\/2020\/#\/schema\/person\/0c387634a7063ac612d7ed9ce71c7e86\",\"name\":\"Kisha Orthodhokse\",\"image\":{\"@type\":\"ImageObject\",\"inLanguage\":\"en-US\",\"@id\":\"https:\/\/secure.gravatar.com\/avatar\/596e7c417251e30f2fbb9c00e026fce61a695a00e51c889caded71c96cbbdde5?s=96&d=mm&r=g\",\"url\":\"https:\/\/secure.gravatar.com\/avatar\/596e7c417251e30f2fbb9c00e026fce61a695a00e51c889caded71c96cbbdde5?s=96&d=mm&r=g\",\"contentUrl\":\"https:\/\/secure.gravatar.com\/avatar\/596e7c417251e30f2fbb9c00e026fce61a695a00e51c889caded71c96cbbdde5?s=96&d=mm&r=g\",\"caption\":\"Kisha Orthodhokse\"}}]}<\/script>\n<!-- \/ Yoast SEO plugin. -->","yoast_head_json":{"title":"\"Kisha e ngritur nga g\u00ebrmadhat\", Intervist\u00eb e Kryepiskopit Anastas, n\u00eb \"Albanian Daily News\" - Kisha Orthodh\u03bfkse Autoqefale e Shqip\u00ebris\u00eb","robots":{"index":"index","follow":"follow","max-snippet":"max-snippet:-1","max-image-preview":"max-image-preview:large","max-video-preview":"max-video-preview:-1"},"canonical":"https:\/\/orthodoxalbania.org\/2020\/2017\/01\/24\/kisha-e-ngritur-nga-germadhat-interviste-e-kryepiskopit-anastas-ne-albanian-daily-news\/","og_locale":"en_US","og_type":"article","og_title":"\"Kisha e ngritur nga g\u00ebrmadhat\", Intervist\u00eb e Kryepiskopit Anastas, n\u00eb \"Albanian Daily News\" - Kisha Orthodh\u03bfkse Autoqefale e Shqip\u00ebris\u00eb","og_description":"&#8220;Kisha e ngritur mga g\u00ebrmadhat&#8221;, Intervist\u00eb e Fortlumturis\u00eb s\u00eb Tij, Kryepiskopit t\u00eb Tiran\u00ebs, Durr\u00ebsit dhe t\u00eb Gjith\u00eb Shqip\u00ebris\u00eb, Anastasit, dh\u00ebn\u00eb z. Genc Mlloja, n\u00eb gazet\u00ebn &#8220;Albanian Daily News&#8221; (origjinal n\u00eb anglisht &#8220;Church Raized from the ruins&#8221;).&nbsp;(Pjes\u00ebt me t\u00eb zeza jan\u00eb ato q\u00eb u hoq\u00ebn nga artikulli i botuar n\u00eb gazet\u00ebn, \u201cAlbanian Daily News\u201d dt. 23.1.2017). &nbsp; NGA SHKAT\u00cbRRIMI I PLOT\u00cbDREJT ZHVILLIMIT T\u00cb PASHPRESUAR &nbsp; Ishte","og_url":"https:\/\/orthodoxalbania.org\/2020\/2017\/01\/24\/kisha-e-ngritur-nga-germadhat-interviste-e-kryepiskopit-anastas-ne-albanian-daily-news\/","og_site_name":"Kisha Orthodh\u03bfkse Autoqefale e Shqip\u00ebris\u00eb","article_publisher":"https:\/\/www.facebook.com\/koash1991","article_published_time":"2017-01-24T12:01:10+00:00","article_modified_time":"2020-04-06T20:01:51+00:00","og_image":[{"width":768,"height":960,"url":"https:\/\/orthodoxalbania.org\/2020\/wp-content\/uploads\/2020\/04\/10364153_386974491456652_3229297348249764478_n.jpg","type":"image\/jpeg"}],"author":"Kisha Orthodhokse","twitter_card":"summary_large_image","twitter_misc":{"Written by":"Kisha Orthodhokse","Est. reading time":"17 minutes"},"schema":{"@context":"https:\/\/schema.org","@graph":[{"@type":"Article","@id":"https:\/\/orthodoxalbania.org\/2020\/2017\/01\/24\/kisha-e-ngritur-nga-germadhat-interviste-e-kryepiskopit-anastas-ne-albanian-daily-news\/#article","isPartOf":{"@id":"https:\/\/orthodoxalbania.org\/2020\/2017\/01\/24\/kisha-e-ngritur-nga-germadhat-interviste-e-kryepiskopit-anastas-ne-albanian-daily-news\/"},"author":{"name":"Kisha Orthodhokse","@id":"https:\/\/orthodoxalbania.org\/2020\/#\/schema\/person\/0c387634a7063ac612d7ed9ce71c7e86"},"headline":"&#8220;Kisha e ngritur nga g\u00ebrmadhat&#8221;, Intervist\u00eb e Kryepiskopit Anastas, n\u00eb &#8220;Albanian Daily News&#8221;","datePublished":"2017-01-24T12:01:10+00:00","dateModified":"2020-04-06T20:01:51+00:00","mainEntityOfPage":{"@id":"https:\/\/orthodoxalbania.org\/2020\/2017\/01\/24\/kisha-e-ngritur-nga-germadhat-interviste-e-kryepiskopit-anastas-ne-albanian-daily-news\/"},"wordCount":3410,"commentCount":0,"publisher":{"@id":"https:\/\/orthodoxalbania.org\/2020\/#organization"},"image":{"@id":"https:\/\/orthodoxalbania.org\/2020\/2017\/01\/24\/kisha-e-ngritur-nga-germadhat-interviste-e-kryepiskopit-anastas-ne-albanian-daily-news\/#primaryimage"},"thumbnailUrl":"https:\/\/orthodoxalbania.org\/2020\/wp-content\/uploads\/2020\/04\/10364153_386974491456652_3229297348249764478_n.jpg","keywords":["2017","Intervist\u00eb","Kryepiskopata Tiran\u00eb","Kryepiskopi Anastas","lajme"],"articleSection":["Lajme"],"inLanguage":"en-US"},{"@type":"WebPage","@id":"https:\/\/orthodoxalbania.org\/2020\/2017\/01\/24\/kisha-e-ngritur-nga-germadhat-interviste-e-kryepiskopit-anastas-ne-albanian-daily-news\/","url":"https:\/\/orthodoxalbania.org\/2020\/2017\/01\/24\/kisha-e-ngritur-nga-germadhat-interviste-e-kryepiskopit-anastas-ne-albanian-daily-news\/","name":"\"Kisha e ngritur nga g\u00ebrmadhat\", Intervist\u00eb e Kryepiskopit Anastas, n\u00eb \"Albanian Daily News\" - Kisha Orthodh\u03bfkse Autoqefale e Shqip\u00ebris\u00eb","isPartOf":{"@id":"https:\/\/orthodoxalbania.org\/2020\/#website"},"primaryImageOfPage":{"@id":"https:\/\/orthodoxalbania.org\/2020\/2017\/01\/24\/kisha-e-ngritur-nga-germadhat-interviste-e-kryepiskopit-anastas-ne-albanian-daily-news\/#primaryimage"},"image":{"@id":"https:\/\/orthodoxalbania.org\/2020\/2017\/01\/24\/kisha-e-ngritur-nga-germadhat-interviste-e-kryepiskopit-anastas-ne-albanian-daily-news\/#primaryimage"},"thumbnailUrl":"https:\/\/orthodoxalbania.org\/2020\/wp-content\/uploads\/2020\/04\/10364153_386974491456652_3229297348249764478_n.jpg","datePublished":"2017-01-24T12:01:10+00:00","dateModified":"2020-04-06T20:01:51+00:00","breadcrumb":{"@id":"https:\/\/orthodoxalbania.org\/2020\/2017\/01\/24\/kisha-e-ngritur-nga-germadhat-interviste-e-kryepiskopit-anastas-ne-albanian-daily-news\/#breadcrumb"},"inLanguage":"en-US","potentialAction":[{"@type":"ReadAction","target":["https:\/\/orthodoxalbania.org\/2020\/2017\/01\/24\/kisha-e-ngritur-nga-germadhat-interviste-e-kryepiskopit-anastas-ne-albanian-daily-news\/"]}]},{"@type":"ImageObject","inLanguage":"en-US","@id":"https:\/\/orthodoxalbania.org\/2020\/2017\/01\/24\/kisha-e-ngritur-nga-germadhat-interviste-e-kryepiskopit-anastas-ne-albanian-daily-news\/#primaryimage","url":"https:\/\/orthodoxalbania.org\/2020\/wp-content\/uploads\/2020\/04\/10364153_386974491456652_3229297348249764478_n.jpg","contentUrl":"https:\/\/orthodoxalbania.org\/2020\/wp-content\/uploads\/2020\/04\/10364153_386974491456652_3229297348249764478_n.jpg","width":768,"height":960},{"@type":"BreadcrumbList","@id":"https:\/\/orthodoxalbania.org\/2020\/2017\/01\/24\/kisha-e-ngritur-nga-germadhat-interviste-e-kryepiskopit-anastas-ne-albanian-daily-news\/#breadcrumb","itemListElement":[{"@type":"ListItem","position":1,"name":"Home","item":"https:\/\/orthodoxalbania.org\/2020\/"},{"@type":"ListItem","position":2,"name":"&#8220;Kisha e ngritur nga g\u00ebrmadhat&#8221;, Intervist\u00eb e Kryepiskopit Anastas, n\u00eb &#8220;Albanian Daily News&#8221;"}]},{"@type":"WebSite","@id":"https:\/\/orthodoxalbania.org\/2020\/#website","url":"https:\/\/orthodoxalbania.org\/2020\/","name":"Kisha Orthodh\u03bfkse Autoqefale e Shqip\u00ebris\u00eb","description":"Fqja Zyrtare e Kish\u00ebs Orthodhokse Autoqefale e Shqip\u00ebris\u00eb me lajmet edhe informacionet zyrtare p\u00ebr struktur\u00ebn edhe veprimtarin e saj.","publisher":{"@id":"https:\/\/orthodoxalbania.org\/2020\/#organization"},"potentialAction":[{"@type":"SearchAction","target":{"@type":"EntryPoint","urlTemplate":"https:\/\/orthodoxalbania.org\/2020\/?s={search_term_string}"},"query-input":{"@type":"PropertyValueSpecification","valueRequired":true,"valueName":"search_term_string"}}],"inLanguage":"en-US"},{"@type":"Organization","@id":"https:\/\/orthodoxalbania.org\/2020\/#organization","name":"Kisha Orthodhokse Autoqefale e Shqip\u00ebris\u00eb","url":"https:\/\/orthodoxalbania.org\/2020\/","logo":{"@type":"ImageObject","inLanguage":"en-US","@id":"https:\/\/orthodoxalbania.org\/2020\/#\/schema\/logo\/image\/","url":"https:\/\/orthodoxalbania.org\/2020\/wp-content\/uploads\/2020\/05\/albania.jpeg","contentUrl":"https:\/\/orthodoxalbania.org\/2020\/wp-content\/uploads\/2020\/05\/albania.jpeg","width":540,"height":540,"caption":"Kisha Orthodhokse Autoqefale e Shqip\u00ebris\u00eb"},"image":{"@id":"https:\/\/orthodoxalbania.org\/2020\/#\/schema\/logo\/image\/"},"sameAs":["https:\/\/www.facebook.com\/koash1991"]},{"@type":"Person","@id":"https:\/\/orthodoxalbania.org\/2020\/#\/schema\/person\/0c387634a7063ac612d7ed9ce71c7e86","name":"Kisha Orthodhokse","image":{"@type":"ImageObject","inLanguage":"en-US","@id":"https:\/\/secure.gravatar.com\/avatar\/596e7c417251e30f2fbb9c00e026fce61a695a00e51c889caded71c96cbbdde5?s=96&d=mm&r=g","url":"https:\/\/secure.gravatar.com\/avatar\/596e7c417251e30f2fbb9c00e026fce61a695a00e51c889caded71c96cbbdde5?s=96&d=mm&r=g","contentUrl":"https:\/\/secure.gravatar.com\/avatar\/596e7c417251e30f2fbb9c00e026fce61a695a00e51c889caded71c96cbbdde5?s=96&d=mm&r=g","caption":"Kisha Orthodhokse"}}]}},"_links":{"self":[{"href":"https:\/\/orthodoxalbania.org\/2020\/wp-json\/wp\/v2\/posts\/4989","targetHints":{"allow":["GET"]}}],"collection":[{"href":"https:\/\/orthodoxalbania.org\/2020\/wp-json\/wp\/v2\/posts"}],"about":[{"href":"https:\/\/orthodoxalbania.org\/2020\/wp-json\/wp\/v2\/types\/post"}],"author":[{"embeddable":true,"href":"https:\/\/orthodoxalbania.org\/2020\/wp-json\/wp\/v2\/users\/1"}],"replies":[{"embeddable":true,"href":"https:\/\/orthodoxalbania.org\/2020\/wp-json\/wp\/v2\/comments?post=4989"}],"version-history":[{"count":1,"href":"https:\/\/orthodoxalbania.org\/2020\/wp-json\/wp\/v2\/posts\/4989\/revisions"}],"predecessor-version":[{"id":14861,"href":"https:\/\/orthodoxalbania.org\/2020\/wp-json\/wp\/v2\/posts\/4989\/revisions\/14861"}],"wp:featuredmedia":[{"embeddable":true,"href":"https:\/\/orthodoxalbania.org\/2020\/wp-json\/wp\/v2\/media\/4987"}],"wp:attachment":[{"href":"https:\/\/orthodoxalbania.org\/2020\/wp-json\/wp\/v2\/media?parent=4989"}],"wp:term":[{"taxonomy":"category","embeddable":true,"href":"https:\/\/orthodoxalbania.org\/2020\/wp-json\/wp\/v2\/categories?post=4989"},{"taxonomy":"post_tag","embeddable":true,"href":"https:\/\/orthodoxalbania.org\/2020\/wp-json\/wp\/v2\/tags?post=4989"}],"curies":[{"name":"wp","href":"https:\/\/api.w.org\/{rel}","templated":true}]}}