{"id":4939,"date":"2017-01-20T09:55:01","date_gmt":"2017-01-20T09:55:01","guid":{"rendered":""},"modified":"2020-04-06T22:01:51","modified_gmt":"2020-04-06T20:01:51","slug":"u-zhvillua-simpoziumi-nd-rfetar-me-tem-familja-n-k-ndv-shtrimin-e-krishter-dhe-islam","status":"publish","type":"post","link":"https:\/\/orthodoxalbania.org\/2020\/2017\/01\/20\/u-zhvillua-simpoziumi-nd-rfetar-me-tem-familja-n-k-ndv-shtrimin-e-krishter-dhe-islam\/","title":{"rendered":"U zhvillua Simpoziumi Nd\u0451rfetar me tem\u0451: \u201cFamilja n\u0451 k\u0451ndv\u0451shtrimin e Krishter\u0451 dhe Islam\u201d"},"content":{"rendered":"<p style=\"text-align: justify;\"><span style=\"font-size: 12pt; font-family: helvetica; color: #000000;\">M\u0451 18 janar 2017, n\u0451 mjediset e Shkoll\u0451s s\u0451 Lart\u0451 \u201cBed\u0451r\u201d, Tiran\u00eb, u zhvillua Simpoziumi Nd\u0451rfetar \u201cFamilja n\u0451 k\u0451ndv\u0451shtrimin e Krishter\u0451 dhe Islam\u201d. Ai u organizua n\u0451 bashk\u0451punim nga tri institucione t\u0451 larta t\u00eb lidhura me besimin: Departamenti i Shkencave Islame n\u00eb \u201cBed\u00ebr\u201d, Akademia Teologjike Orthodhokse \u201cNgjallja e Krishtit\u201d, Sh\u00ebn Vlash, Durr\u00ebs dhe Seminari Nd\u0451rdioqezan Katolik \u201cZonja e K\u0451shillit t\u0451 Mir\u0451&#8221;, Shkod\u0451r.<\/span><\/p>\n<p style=\"text-align: justify;\"><span style=\"font-size: 12pt; font-family: helvetica; color: #000000;\">Moderatori i simpoziumit ishte z. Genti Kruja, P\u00ebrgjegj\u00ebs i Departamentit t\u00eb Shkencave Islame, i cili n\u0451 hapje t\u0451 tij theksoi: \u201cInstitucionet tona akademike prej disa koh\u0451sh kan\u0451 marr\u0451 nisma konkrete n\u0451 bashk\u0451punime nd\u0451rfetare n\u0451p\u0451rmjet leksioneve t\u0451 hapura nga pedagog\u0451 t\u0451 shkollave p\u0451rkat\u0451se, duke referuar p\u0451r student\u0451t \u04ab\u0451shtje themelore t\u0451 teologjis\u0451 e besimit. M\u0451 par\u0451 jan\u0451 zhvilluar simpoziume t\u0451 tilla si: \u201825 vjet liri besimi\u2019, organizuar nga Shkolla e Lart\u0451 \u201cBed\u0451r\u201d dhe \u2018Krijimi, njeriu kujdestar i tij\u2019, organizuar nga Akademia Teologjike \u201cNgjallja e Krishtit\u201d. N\u0451 vazhdim p\u0451rsh\u0451ndeti rektori i Shkoll\u0451s s\u0451 Lart\u0451 \u201cBed\u0451r\u201d prof. dr. Ferdinand Gjana.<\/span><\/p>\n<p style=\"text-align: justify;\"><span style=\"font-size: 12pt; font-family: helvetica; color: #000000;\">N\u0451 fillim referoi kumtes\u0451n e tij at\u00eb Mario Imperatori, drejtor i Seminarit Nd\u0451rdioqezan Katolik, Shkod\u0451r, me tem\u0451: \u201cFamilja si ikon\u0451 e familjes s\u0451 Nazaretit\u201d. Ai e vuri theksin mbi rrezikun e individualizmit dhe t\u00eb fondamentalizmit ekonomik, koncepte t\u0451 cilat rrezikojn\u0451 q\u0451ndrueshm\u0451rin\u0451 e familjes sot, si dhe faktor\u0451 t\u0451 tjer\u0451 q\u0451 \u04abojn\u0451 n\u0451 shkat\u0451rrimin e saj.<\/span><\/p>\n<p style=\"text-align: justify;\"><span style=\"font-size: 12pt; font-family: helvetica; color: #000000;\">Referimi i dyt\u0451 u b\u0451 nga z. Thoma \u04aaom\u0451ni, pedagog i Akademis\u0451 Teologjike, i cili referoi p\u00ebr tem\u0451n: \u201cFamilja e krishter\u0451 dhe roli i gruas n\u0451 t\u0451\u201d. Ai u ndal te familja si b\u0451rtham\u0451 e shoq\u00ebris\u00eb, duke theksuar se: \u201cBurri dhe gruaja u krijuan t\u0451 barabart\u0451 nga Per\u0451ndia. Gruaja u krijua p\u0451r t\u0451 qen\u0451 bashk\u0451pun\u0451tore e burrit, e cila meriton t\u0451 respektohet brenda familjes, n\u0451 t\u0451 cil\u0451n duhet t\u0451 ekzistoj\u0451 dashuria, komunikimi dhe vler\u0451simi n\u0451 m\u0451nyr\u0451 q\u0451 t\u0451 ket\u0451 mbar\u0451vajtje\u201d. Ai iu referua martes\u0451s monogamike dhe tha se Krishterimi e ka ruajtur k\u0451t\u0451 t\u0451 v\u0451rtet\u0451 themelore q\u0451 nga krijimi i njeriut. Duke iu referuar treguesve biblik\u0451, ai prezantoi si shembull t\u0451 gruas n\u00eb Krishterim t\u0451 T\u0451r\u0451shenjt\u0451n Mari, e cila brenda liris\u0451, dashuris\u0451 dhe nd\u0451rgjegjes s\u0451 saj u b\u0451 e denj\u0451 p\u0451r rolin e saj n\u0451 formimin fizik dhe edukimin shpirt\u0451ror e shoq\u0451ror. Ajo \u0451sht\u0451 shembulli i transformimit p\u0451r njeriun dhe shoq\u0451rin\u0451, ura lidh\u0451se midis familjes dhe Zotit, personi n\u00eb t\u00eb cilin familja gjen mb\u0451shtetjen drejt p\u0451rmbushjes.<\/span><\/p>\n<p style=\"text-align: justify;\"><span style=\"font-size: 12pt; font-family: helvetica; color: #000000;\">Referimi i tret\u0451 u b\u0451 nga z. Elton Karaj, pedagog n\u00eb Shkoll\u0451n e Lart\u00eb \u201cBed\u0451r\u201d, i cili n\u0451 kumtes\u0451n e tij u p\u0451rqendrua te shembujt profetik\u0451 p\u00ebr familjen, duke theksuar komunikimin, respektin e nd\u0451rsjell\u0451 prind \u2013f\u0451mij\u0451, edukimin fetar dhe p\u0451rkujdesjen ndaj saj, n\u0451 m\u0451nyr\u0451 q\u0451 familja t\u0451 jet\u0451 e sh\u0451ndetshme.<\/span><\/p>\n<p style=\"text-align: justify;\"><span style=\"font-size: 12pt; font-family: helvetica; color: #000000;\">N\u0451 vazhdim student\u0451 t\u0451 t\u00eb tri shkollave iu drejtuan me pyetje referuesve.<\/span><\/p>\n<p style=\"text-align: justify;\"><span style=\"font-size: 12pt; font-family: helvetica; color: #000000;\">N\u0451 fund t\u0451 aktivitetit pjes\u0451marr\u0451sit vizituan ekspozit\u0451n fotografike me tem\u0451: \u201cHarmonia nd\u0451rfetare n\u0451 Shqip\u0451ri\u201d E konceptuar me fotografi t\u0451 ndryshme t\u00eb realizuara n\u0451 vite, q\u0451 d\u00ebshmonin aktivitete t\u0451 p\u0451rbashk\u0451ta nd\u0451rfetare p\u0451rgjat\u0451 shekullit t\u0451 kaluar.<\/span><\/p>\n<p style=\"text-align: justify;\"><span style=\"color: #000000;\"><\/span><\/p>\n<p style=\"text-align: right;\"><strong><span style=\"font-size: 12pt; font-family: helvetica; color: #000000;\">P\u0451rgatiti: Dhimit\u00ebr Qosja<\/span><\/strong><\/p>\n<p style=\"text-align: right;\">&nbsp;<\/p>\n<p style=\"text-align: center;\">&nbsp;<img class=\"lazyload\" decoding=\"async\" style=\"display: block; margin: 10px auto; border: 1px solid #000000;\" alt=\"\" src=\"data:image\/svg+xml,%3Csvg%20xmlns%3D%27http%3A%2F%2Fwww.w3.org%2F2000%2Fsvg%27%20width%3D%27450%27%20height%3D%27193%27%20viewBox%3D%270%200%20450%20193%27%3E%3Crect%20width%3D%27450%27%20height%3D%27193%27%20fill-opacity%3D%220%22%2F%3E%3C%2Fsvg%3E\" data-orig-src=\"https:\/\/orthodoxalbania.org\/2020\/wp-content\/uploads\/2020\/04\/16105533_730125903829097_4999695824008377303_n.jpg\" height=\"193\" width=\"450\" \/><img class=\"lazyload\" decoding=\"async\" style=\"display: block; margin: 10px auto; border: 1px solid #000000;\" alt=\"\" src=\"data:image\/svg+xml,%3Csvg%20xmlns%3D%27http%3A%2F%2Fwww.w3.org%2F2000%2Fsvg%27%20width%3D%27450%27%20height%3D%27270%27%20viewBox%3D%270%200%20450%20270%27%3E%3Crect%20width%3D%27450%27%20height%3D%27270%27%20fill-opacity%3D%220%22%2F%3E%3C%2Fsvg%3E\" data-orig-src=\"https:\/\/orthodoxalbania.org\/2020\/wp-content\/uploads\/2020\/04\/16105594_730125930495761_2649743668467230499_n.jpg\" height=\"270\" width=\"450\" \/><\/p>\n<p><img class=\"lazyload\" decoding=\"async\" style=\"margin: 10px auto; border: 1px solid #000000; display: block;\" alt=\"\" src=\"data:image\/svg+xml,%3Csvg%20xmlns%3D%27http%3A%2F%2Fwww.w3.org%2F2000%2Fsvg%27%20width%3D%27450%27%20height%3D%27280%27%20viewBox%3D%270%200%20450%20280%27%3E%3Crect%20width%3D%27450%27%20height%3D%27280%27%20fill-opacity%3D%220%22%2F%3E%3C%2Fsvg%3E\" data-orig-src=\"https:\/\/orthodoxalbania.org\/2020\/wp-content\/uploads\/2020\/04\/16143677_730125970495757_1034737957156096737_o.jpg\" height=\"280\" width=\"450\" \/><\/p>\n<p style=\"text-align: center;\"><img class=\"lazyload\" decoding=\"async\" style=\"display: block; margin: 10px auto; border: 1px solid #000000;\" alt=\"\" src=\"data:image\/svg+xml,%3Csvg%20xmlns%3D%27http%3A%2F%2Fwww.w3.org%2F2000%2Fsvg%27%20width%3D%27450%27%20height%3D%27310%27%20viewBox%3D%270%200%20450%20310%27%3E%3Crect%20width%3D%27450%27%20height%3D%27310%27%20fill-opacity%3D%220%22%2F%3E%3C%2Fsvg%3E\" data-orig-src=\"https:\/\/orthodoxalbania.org\/2020\/wp-content\/uploads\/2020\/04\/16113210_730125993829088_6658298734955134340_o.jpg\" height=\"310\" width=\"450\" \/><\/p>\n<p><img class=\"lazyload\" decoding=\"async\" style=\"display: block; margin: 10px auto; border: 1px solid #000000;\" alt=\"\" src=\"data:image\/svg+xml,%3Csvg%20xmlns%3D%27http%3A%2F%2Fwww.w3.org%2F2000%2Fsvg%27%20width%3D%27450%27%20height%3D%27304%27%20viewBox%3D%270%200%20450%20304%27%3E%3Crect%20width%3D%27450%27%20height%3D%27304%27%20fill-opacity%3D%220%22%2F%3E%3C%2Fsvg%3E\" data-orig-src=\"https:\/\/orthodoxalbania.org\/2020\/wp-content\/uploads\/2020\/04\/16143794_730126020495752_421115078880134293_o.jpg\" height=\"304\" width=\"450\" \/><\/p>\n<p><img class=\"lazyload\" decoding=\"async\" style=\"display: block; margin: 10px auto; border: 1px solid #000000;\" alt=\"\" src=\"data:image\/svg+xml,%3Csvg%20xmlns%3D%27http%3A%2F%2Fwww.w3.org%2F2000%2Fsvg%27%20width%3D%27450%27%20height%3D%27291%27%20viewBox%3D%270%200%20450%20291%27%3E%3Crect%20width%3D%27450%27%20height%3D%27291%27%20fill-opacity%3D%220%22%2F%3E%3C%2Fsvg%3E\" data-orig-src=\"https:\/\/orthodoxalbania.org\/2020\/wp-content\/uploads\/2020\/04\/16177674_730126073829080_4855481205108867407_o.jpg\" height=\"291\" width=\"450\" \/><img class=\"lazyload\" decoding=\"async\" style=\"margin: 10px auto; border: 1px solid #000000; display: block;\" alt=\"\" src=\"data:image\/svg+xml,%3Csvg%20xmlns%3D%27http%3A%2F%2Fwww.w3.org%2F2000%2Fsvg%27%20width%3D%27450%27%20height%3D%27313%27%20viewBox%3D%270%200%20450%20313%27%3E%3Crect%20width%3D%27450%27%20height%3D%27313%27%20fill-opacity%3D%220%22%2F%3E%3C%2Fsvg%3E\" data-orig-src=\"https:\/\/orthodoxalbania.org\/2020\/wp-content\/uploads\/2020\/04\/16107535_730127753828912_1791417848329810126_o.jpg\" height=\"313\" width=\"450\" \/><\/p>\n","protected":false},"excerpt":{"rendered":"<p>M\u0451 18 janar 2017, n\u0451 mjediset e Shkoll\u0451s s\u0451 Lart\u0451 \u201cBed\u0451r\u201d, Tiran\u00eb, u zhvillua Simpoziumi Nd\u0451rfetar \u201cFamilja n\u0451 k\u0451ndv\u0451shtrimin e Krishter\u0451 dhe Islam\u201d. Ai u organizua n\u0451 bashk\u0451punim nga tri institucione t\u0451 larta t\u00eb lidhura me besimin: Departamenti i Shkencave Islame n\u00eb \u201cBed\u00ebr\u201d, Akademia Teologjike Orthodhokse \u201cNgjallja e Krishtit\u201d, Sh\u00ebn Vlash, Durr\u00ebs dhe Seminari Nd\u0451rdioqezan Katolik \u201cZonja e K\u0451shillit t\u0451 Mir\u0451&#8221;, Shkod\u0451r. Moderatori i simpoziumit<\/p>\n","protected":false},"author":1,"featured_media":4940,"comment_status":"open","ping_status":"open","sticky":false,"template":"","format":"standard","meta":{"_acf_changed":false,"pagelayer_contact_templates":[],"_pagelayer_content":"","inline_featured_image":false,"fifu_image_url":"","fifu_image_alt":"","footnotes":""},"categories":[108],"tags":[209,162,196,212],"class_list":["post-4939","post","type-post","status-publish","format-standard","has-post-thumbnail","hentry","category-lajme","tag-209","tag-aktivitete-nderfetare","tag-tirane","tag-lajme-d27"],"acf":[],"yoast_head":"<!-- This site is optimized with the Yoast SEO plugin v27.2 - https:\/\/yoast.com\/product\/yoast-seo-wordpress\/ -->\n<title>U zhvillua Simpoziumi Nd\u0451rfetar me tem\u0451: \u201cFamilja n\u0451 k\u0451ndv\u0451shtrimin e Krishter\u0451 dhe Islam\u201d - Kisha Orthodh\u03bfkse Autoqefale e Shqip\u00ebris\u00eb<\/title>\n<meta name=\"robots\" content=\"index, follow, max-snippet:-1, max-image-preview:large, max-video-preview:-1\" \/>\n<link rel=\"canonical\" href=\"https:\/\/orthodoxalbania.org\/2020\/2017\/01\/20\/u-zhvillua-simpoziumi-nd-rfetar-me-tem-familja-n-k-ndv-shtrimin-e-krishter-dhe-islam\/\" \/>\n<meta property=\"og:locale\" content=\"en_US\" \/>\n<meta property=\"og:type\" content=\"article\" \/>\n<meta property=\"og:title\" content=\"U zhvillua Simpoziumi Nd\u0451rfetar me tem\u0451: \u201cFamilja n\u0451 k\u0451ndv\u0451shtrimin e Krishter\u0451 dhe Islam\u201d - Kisha Orthodh\u03bfkse Autoqefale e Shqip\u00ebris\u00eb\" \/>\n<meta property=\"og:description\" content=\"M\u0451 18 janar 2017, n\u0451 mjediset e Shkoll\u0451s s\u0451 Lart\u0451 \u201cBed\u0451r\u201d, Tiran\u00eb, u zhvillua Simpoziumi Nd\u0451rfetar \u201cFamilja n\u0451 k\u0451ndv\u0451shtrimin e Krishter\u0451 dhe Islam\u201d. Ai u organizua n\u0451 bashk\u0451punim nga tri institucione t\u0451 larta t\u00eb lidhura me besimin: Departamenti i Shkencave Islame n\u00eb \u201cBed\u00ebr\u201d, Akademia Teologjike Orthodhokse \u201cNgjallja e Krishtit\u201d, Sh\u00ebn Vlash, Durr\u00ebs dhe Seminari Nd\u0451rdioqezan Katolik \u201cZonja e K\u0451shillit t\u0451 Mir\u0451&#8221;, Shkod\u0451r. Moderatori i simpoziumit\" \/>\n<meta property=\"og:url\" content=\"https:\/\/orthodoxalbania.org\/2020\/2017\/01\/20\/u-zhvillua-simpoziumi-nd-rfetar-me-tem-familja-n-k-ndv-shtrimin-e-krishter-dhe-islam\/\" \/>\n<meta property=\"og:site_name\" content=\"Kisha Orthodh\u03bfkse Autoqefale e Shqip\u00ebris\u00eb\" \/>\n<meta property=\"article:publisher\" content=\"https:\/\/www.facebook.com\/koash1991\" \/>\n<meta property=\"article:published_time\" content=\"2017-01-20T09:55:01+00:00\" \/>\n<meta property=\"article:modified_time\" content=\"2020-04-06T20:01:51+00:00\" \/>\n<meta property=\"og:image\" content=\"https:\/\/orthodoxalbania.org\/2020\/wp-content\/uploads\/2020\/04\/16177674_730126073829080_4855481205108867407_o.jpg\" \/>\n\t<meta property=\"og:image:width\" content=\"150\" \/>\n\t<meta property=\"og:image:height\" content=\"150\" \/>\n\t<meta property=\"og:image:type\" content=\"image\/jpeg\" \/>\n<meta name=\"author\" content=\"Kisha Orthodhokse\" \/>\n<meta name=\"twitter:card\" content=\"summary_large_image\" \/>\n<meta name=\"twitter:label1\" content=\"Written by\" \/>\n\t<meta name=\"twitter:data1\" content=\"Kisha Orthodhokse\" \/>\n\t<meta name=\"twitter:label2\" content=\"Est. reading time\" \/>\n\t<meta name=\"twitter:data2\" content=\"3 minutes\" \/>\n<script type=\"application\/ld+json\" class=\"yoast-schema-graph\">{\"@context\":\"https:\/\/schema.org\",\"@graph\":[{\"@type\":\"Article\",\"@id\":\"https:\/\/orthodoxalbania.org\/2020\/2017\/01\/20\/u-zhvillua-simpoziumi-nd-rfetar-me-tem-familja-n-k-ndv-shtrimin-e-krishter-dhe-islam\/#article\",\"isPartOf\":{\"@id\":\"https:\/\/orthodoxalbania.org\/2020\/2017\/01\/20\/u-zhvillua-simpoziumi-nd-rfetar-me-tem-familja-n-k-ndv-shtrimin-e-krishter-dhe-islam\/\"},\"author\":{\"name\":\"Kisha Orthodhokse\",\"@id\":\"https:\/\/orthodoxalbania.org\/2020\/#\/schema\/person\/0c387634a7063ac612d7ed9ce71c7e86\"},\"headline\":\"U zhvillua Simpoziumi Nd\u0451rfetar me tem\u0451: \u201cFamilja n\u0451 k\u0451ndv\u0451shtrimin e Krishter\u0451 dhe Islam\u201d\",\"datePublished\":\"2017-01-20T09:55:01+00:00\",\"dateModified\":\"2020-04-06T20:01:51+00:00\",\"mainEntityOfPage\":{\"@id\":\"https:\/\/orthodoxalbania.org\/2020\/2017\/01\/20\/u-zhvillua-simpoziumi-nd-rfetar-me-tem-familja-n-k-ndv-shtrimin-e-krishter-dhe-islam\/\"},\"wordCount\":577,\"commentCount\":0,\"publisher\":{\"@id\":\"https:\/\/orthodoxalbania.org\/2020\/#organization\"},\"image\":{\"@id\":\"https:\/\/orthodoxalbania.org\/2020\/2017\/01\/20\/u-zhvillua-simpoziumi-nd-rfetar-me-tem-familja-n-k-ndv-shtrimin-e-krishter-dhe-islam\/#primaryimage\"},\"thumbnailUrl\":\"https:\/\/orthodoxalbania.org\/2020\/wp-content\/uploads\/2020\/04\/16177674_730126073829080_4855481205108867407_o.jpg\",\"keywords\":[\"2017\",\"Aktivitete Nd\u00ebrfetare\",\"Kryepiskopata Tiran\u00eb\",\"lajme\"],\"articleSection\":[\"Lajme\"],\"inLanguage\":\"en-US\"},{\"@type\":\"WebPage\",\"@id\":\"https:\/\/orthodoxalbania.org\/2020\/2017\/01\/20\/u-zhvillua-simpoziumi-nd-rfetar-me-tem-familja-n-k-ndv-shtrimin-e-krishter-dhe-islam\/\",\"url\":\"https:\/\/orthodoxalbania.org\/2020\/2017\/01\/20\/u-zhvillua-simpoziumi-nd-rfetar-me-tem-familja-n-k-ndv-shtrimin-e-krishter-dhe-islam\/\",\"name\":\"U zhvillua Simpoziumi Nd\u0451rfetar me tem\u0451: \u201cFamilja n\u0451 k\u0451ndv\u0451shtrimin e Krishter\u0451 dhe Islam\u201d - Kisha Orthodh\u03bfkse Autoqefale e Shqip\u00ebris\u00eb\",\"isPartOf\":{\"@id\":\"https:\/\/orthodoxalbania.org\/2020\/#website\"},\"primaryImageOfPage\":{\"@id\":\"https:\/\/orthodoxalbania.org\/2020\/2017\/01\/20\/u-zhvillua-simpoziumi-nd-rfetar-me-tem-familja-n-k-ndv-shtrimin-e-krishter-dhe-islam\/#primaryimage\"},\"image\":{\"@id\":\"https:\/\/orthodoxalbania.org\/2020\/2017\/01\/20\/u-zhvillua-simpoziumi-nd-rfetar-me-tem-familja-n-k-ndv-shtrimin-e-krishter-dhe-islam\/#primaryimage\"},\"thumbnailUrl\":\"https:\/\/orthodoxalbania.org\/2020\/wp-content\/uploads\/2020\/04\/16177674_730126073829080_4855481205108867407_o.jpg\",\"datePublished\":\"2017-01-20T09:55:01+00:00\",\"dateModified\":\"2020-04-06T20:01:51+00:00\",\"breadcrumb\":{\"@id\":\"https:\/\/orthodoxalbania.org\/2020\/2017\/01\/20\/u-zhvillua-simpoziumi-nd-rfetar-me-tem-familja-n-k-ndv-shtrimin-e-krishter-dhe-islam\/#breadcrumb\"},\"inLanguage\":\"en-US\",\"potentialAction\":[{\"@type\":\"ReadAction\",\"target\":[\"https:\/\/orthodoxalbania.org\/2020\/2017\/01\/20\/u-zhvillua-simpoziumi-nd-rfetar-me-tem-familja-n-k-ndv-shtrimin-e-krishter-dhe-islam\/\"]}]},{\"@type\":\"ImageObject\",\"inLanguage\":\"en-US\",\"@id\":\"https:\/\/orthodoxalbania.org\/2020\/2017\/01\/20\/u-zhvillua-simpoziumi-nd-rfetar-me-tem-familja-n-k-ndv-shtrimin-e-krishter-dhe-islam\/#primaryimage\",\"url\":\"https:\/\/orthodoxalbania.org\/2020\/wp-content\/uploads\/2020\/04\/16177674_730126073829080_4855481205108867407_o.jpg\",\"contentUrl\":\"https:\/\/orthodoxalbania.org\/2020\/wp-content\/uploads\/2020\/04\/16177674_730126073829080_4855481205108867407_o.jpg\",\"width\":150,\"height\":150},{\"@type\":\"BreadcrumbList\",\"@id\":\"https:\/\/orthodoxalbania.org\/2020\/2017\/01\/20\/u-zhvillua-simpoziumi-nd-rfetar-me-tem-familja-n-k-ndv-shtrimin-e-krishter-dhe-islam\/#breadcrumb\",\"itemListElement\":[{\"@type\":\"ListItem\",\"position\":1,\"name\":\"Home\",\"item\":\"https:\/\/orthodoxalbania.org\/2020\/\"},{\"@type\":\"ListItem\",\"position\":2,\"name\":\"U zhvillua Simpoziumi Nd\u0451rfetar me tem\u0451: \u201cFamilja n\u0451 k\u0451ndv\u0451shtrimin e Krishter\u0451 dhe Islam\u201d\"}]},{\"@type\":\"WebSite\",\"@id\":\"https:\/\/orthodoxalbania.org\/2020\/#website\",\"url\":\"https:\/\/orthodoxalbania.org\/2020\/\",\"name\":\"Kisha Orthodh\u03bfkse Autoqefale e Shqip\u00ebris\u00eb\",\"description\":\"Fqja Zyrtare e Kish\u00ebs Orthodhokse Autoqefale e Shqip\u00ebris\u00eb me lajmet edhe informacionet zyrtare p\u00ebr struktur\u00ebn edhe veprimtarin e saj.\",\"publisher\":{\"@id\":\"https:\/\/orthodoxalbania.org\/2020\/#organization\"},\"potentialAction\":[{\"@type\":\"SearchAction\",\"target\":{\"@type\":\"EntryPoint\",\"urlTemplate\":\"https:\/\/orthodoxalbania.org\/2020\/?s={search_term_string}\"},\"query-input\":{\"@type\":\"PropertyValueSpecification\",\"valueRequired\":true,\"valueName\":\"search_term_string\"}}],\"inLanguage\":\"en-US\"},{\"@type\":\"Organization\",\"@id\":\"https:\/\/orthodoxalbania.org\/2020\/#organization\",\"name\":\"Kisha Orthodhokse Autoqefale e Shqip\u00ebris\u00eb\",\"url\":\"https:\/\/orthodoxalbania.org\/2020\/\",\"logo\":{\"@type\":\"ImageObject\",\"inLanguage\":\"en-US\",\"@id\":\"https:\/\/orthodoxalbania.org\/2020\/#\/schema\/logo\/image\/\",\"url\":\"https:\/\/orthodoxalbania.org\/2020\/wp-content\/uploads\/2020\/05\/albania.jpeg\",\"contentUrl\":\"https:\/\/orthodoxalbania.org\/2020\/wp-content\/uploads\/2020\/05\/albania.jpeg\",\"width\":540,\"height\":540,\"caption\":\"Kisha Orthodhokse Autoqefale e Shqip\u00ebris\u00eb\"},\"image\":{\"@id\":\"https:\/\/orthodoxalbania.org\/2020\/#\/schema\/logo\/image\/\"},\"sameAs\":[\"https:\/\/www.facebook.com\/koash1991\"]},{\"@type\":\"Person\",\"@id\":\"https:\/\/orthodoxalbania.org\/2020\/#\/schema\/person\/0c387634a7063ac612d7ed9ce71c7e86\",\"name\":\"Kisha Orthodhokse\",\"image\":{\"@type\":\"ImageObject\",\"inLanguage\":\"en-US\",\"@id\":\"https:\/\/secure.gravatar.com\/avatar\/596e7c417251e30f2fbb9c00e026fce61a695a00e51c889caded71c96cbbdde5?s=96&d=mm&r=g\",\"url\":\"https:\/\/secure.gravatar.com\/avatar\/596e7c417251e30f2fbb9c00e026fce61a695a00e51c889caded71c96cbbdde5?s=96&d=mm&r=g\",\"contentUrl\":\"https:\/\/secure.gravatar.com\/avatar\/596e7c417251e30f2fbb9c00e026fce61a695a00e51c889caded71c96cbbdde5?s=96&d=mm&r=g\",\"caption\":\"Kisha Orthodhokse\"}}]}<\/script>\n<!-- \/ Yoast SEO plugin. -->","yoast_head_json":{"title":"U zhvillua Simpoziumi Nd\u0451rfetar me tem\u0451: \u201cFamilja n\u0451 k\u0451ndv\u0451shtrimin e Krishter\u0451 dhe Islam\u201d - Kisha Orthodh\u03bfkse Autoqefale e Shqip\u00ebris\u00eb","robots":{"index":"index","follow":"follow","max-snippet":"max-snippet:-1","max-image-preview":"max-image-preview:large","max-video-preview":"max-video-preview:-1"},"canonical":"https:\/\/orthodoxalbania.org\/2020\/2017\/01\/20\/u-zhvillua-simpoziumi-nd-rfetar-me-tem-familja-n-k-ndv-shtrimin-e-krishter-dhe-islam\/","og_locale":"en_US","og_type":"article","og_title":"U zhvillua Simpoziumi Nd\u0451rfetar me tem\u0451: \u201cFamilja n\u0451 k\u0451ndv\u0451shtrimin e Krishter\u0451 dhe Islam\u201d - Kisha Orthodh\u03bfkse Autoqefale e Shqip\u00ebris\u00eb","og_description":"M\u0451 18 janar 2017, n\u0451 mjediset e Shkoll\u0451s s\u0451 Lart\u0451 \u201cBed\u0451r\u201d, Tiran\u00eb, u zhvillua Simpoziumi Nd\u0451rfetar \u201cFamilja n\u0451 k\u0451ndv\u0451shtrimin e Krishter\u0451 dhe Islam\u201d. Ai u organizua n\u0451 bashk\u0451punim nga tri institucione t\u0451 larta t\u00eb lidhura me besimin: Departamenti i Shkencave Islame n\u00eb \u201cBed\u00ebr\u201d, Akademia Teologjike Orthodhokse \u201cNgjallja e Krishtit\u201d, Sh\u00ebn Vlash, Durr\u00ebs dhe Seminari Nd\u0451rdioqezan Katolik \u201cZonja e K\u0451shillit t\u0451 Mir\u0451&#8221;, Shkod\u0451r. Moderatori i simpoziumit","og_url":"https:\/\/orthodoxalbania.org\/2020\/2017\/01\/20\/u-zhvillua-simpoziumi-nd-rfetar-me-tem-familja-n-k-ndv-shtrimin-e-krishter-dhe-islam\/","og_site_name":"Kisha Orthodh\u03bfkse Autoqefale e Shqip\u00ebris\u00eb","article_publisher":"https:\/\/www.facebook.com\/koash1991","article_published_time":"2017-01-20T09:55:01+00:00","article_modified_time":"2020-04-06T20:01:51+00:00","og_image":[{"width":150,"height":150,"url":"https:\/\/orthodoxalbania.org\/2020\/wp-content\/uploads\/2020\/04\/16177674_730126073829080_4855481205108867407_o.jpg","type":"image\/jpeg"}],"author":"Kisha Orthodhokse","twitter_card":"summary_large_image","twitter_misc":{"Written by":"Kisha Orthodhokse","Est. reading time":"3 minutes"},"schema":{"@context":"https:\/\/schema.org","@graph":[{"@type":"Article","@id":"https:\/\/orthodoxalbania.org\/2020\/2017\/01\/20\/u-zhvillua-simpoziumi-nd-rfetar-me-tem-familja-n-k-ndv-shtrimin-e-krishter-dhe-islam\/#article","isPartOf":{"@id":"https:\/\/orthodoxalbania.org\/2020\/2017\/01\/20\/u-zhvillua-simpoziumi-nd-rfetar-me-tem-familja-n-k-ndv-shtrimin-e-krishter-dhe-islam\/"},"author":{"name":"Kisha Orthodhokse","@id":"https:\/\/orthodoxalbania.org\/2020\/#\/schema\/person\/0c387634a7063ac612d7ed9ce71c7e86"},"headline":"U zhvillua Simpoziumi Nd\u0451rfetar me tem\u0451: \u201cFamilja n\u0451 k\u0451ndv\u0451shtrimin e Krishter\u0451 dhe Islam\u201d","datePublished":"2017-01-20T09:55:01+00:00","dateModified":"2020-04-06T20:01:51+00:00","mainEntityOfPage":{"@id":"https:\/\/orthodoxalbania.org\/2020\/2017\/01\/20\/u-zhvillua-simpoziumi-nd-rfetar-me-tem-familja-n-k-ndv-shtrimin-e-krishter-dhe-islam\/"},"wordCount":577,"commentCount":0,"publisher":{"@id":"https:\/\/orthodoxalbania.org\/2020\/#organization"},"image":{"@id":"https:\/\/orthodoxalbania.org\/2020\/2017\/01\/20\/u-zhvillua-simpoziumi-nd-rfetar-me-tem-familja-n-k-ndv-shtrimin-e-krishter-dhe-islam\/#primaryimage"},"thumbnailUrl":"https:\/\/orthodoxalbania.org\/2020\/wp-content\/uploads\/2020\/04\/16177674_730126073829080_4855481205108867407_o.jpg","keywords":["2017","Aktivitete Nd\u00ebrfetare","Kryepiskopata Tiran\u00eb","lajme"],"articleSection":["Lajme"],"inLanguage":"en-US"},{"@type":"WebPage","@id":"https:\/\/orthodoxalbania.org\/2020\/2017\/01\/20\/u-zhvillua-simpoziumi-nd-rfetar-me-tem-familja-n-k-ndv-shtrimin-e-krishter-dhe-islam\/","url":"https:\/\/orthodoxalbania.org\/2020\/2017\/01\/20\/u-zhvillua-simpoziumi-nd-rfetar-me-tem-familja-n-k-ndv-shtrimin-e-krishter-dhe-islam\/","name":"U zhvillua Simpoziumi Nd\u0451rfetar me tem\u0451: \u201cFamilja n\u0451 k\u0451ndv\u0451shtrimin e Krishter\u0451 dhe Islam\u201d - Kisha Orthodh\u03bfkse Autoqefale e Shqip\u00ebris\u00eb","isPartOf":{"@id":"https:\/\/orthodoxalbania.org\/2020\/#website"},"primaryImageOfPage":{"@id":"https:\/\/orthodoxalbania.org\/2020\/2017\/01\/20\/u-zhvillua-simpoziumi-nd-rfetar-me-tem-familja-n-k-ndv-shtrimin-e-krishter-dhe-islam\/#primaryimage"},"image":{"@id":"https:\/\/orthodoxalbania.org\/2020\/2017\/01\/20\/u-zhvillua-simpoziumi-nd-rfetar-me-tem-familja-n-k-ndv-shtrimin-e-krishter-dhe-islam\/#primaryimage"},"thumbnailUrl":"https:\/\/orthodoxalbania.org\/2020\/wp-content\/uploads\/2020\/04\/16177674_730126073829080_4855481205108867407_o.jpg","datePublished":"2017-01-20T09:55:01+00:00","dateModified":"2020-04-06T20:01:51+00:00","breadcrumb":{"@id":"https:\/\/orthodoxalbania.org\/2020\/2017\/01\/20\/u-zhvillua-simpoziumi-nd-rfetar-me-tem-familja-n-k-ndv-shtrimin-e-krishter-dhe-islam\/#breadcrumb"},"inLanguage":"en-US","potentialAction":[{"@type":"ReadAction","target":["https:\/\/orthodoxalbania.org\/2020\/2017\/01\/20\/u-zhvillua-simpoziumi-nd-rfetar-me-tem-familja-n-k-ndv-shtrimin-e-krishter-dhe-islam\/"]}]},{"@type":"ImageObject","inLanguage":"en-US","@id":"https:\/\/orthodoxalbania.org\/2020\/2017\/01\/20\/u-zhvillua-simpoziumi-nd-rfetar-me-tem-familja-n-k-ndv-shtrimin-e-krishter-dhe-islam\/#primaryimage","url":"https:\/\/orthodoxalbania.org\/2020\/wp-content\/uploads\/2020\/04\/16177674_730126073829080_4855481205108867407_o.jpg","contentUrl":"https:\/\/orthodoxalbania.org\/2020\/wp-content\/uploads\/2020\/04\/16177674_730126073829080_4855481205108867407_o.jpg","width":150,"height":150},{"@type":"BreadcrumbList","@id":"https:\/\/orthodoxalbania.org\/2020\/2017\/01\/20\/u-zhvillua-simpoziumi-nd-rfetar-me-tem-familja-n-k-ndv-shtrimin-e-krishter-dhe-islam\/#breadcrumb","itemListElement":[{"@type":"ListItem","position":1,"name":"Home","item":"https:\/\/orthodoxalbania.org\/2020\/"},{"@type":"ListItem","position":2,"name":"U zhvillua Simpoziumi Nd\u0451rfetar me tem\u0451: \u201cFamilja n\u0451 k\u0451ndv\u0451shtrimin e Krishter\u0451 dhe Islam\u201d"}]},{"@type":"WebSite","@id":"https:\/\/orthodoxalbania.org\/2020\/#website","url":"https:\/\/orthodoxalbania.org\/2020\/","name":"Kisha Orthodh\u03bfkse Autoqefale e Shqip\u00ebris\u00eb","description":"Fqja Zyrtare e Kish\u00ebs Orthodhokse Autoqefale e Shqip\u00ebris\u00eb me lajmet edhe informacionet zyrtare p\u00ebr struktur\u00ebn edhe veprimtarin e saj.","publisher":{"@id":"https:\/\/orthodoxalbania.org\/2020\/#organization"},"potentialAction":[{"@type":"SearchAction","target":{"@type":"EntryPoint","urlTemplate":"https:\/\/orthodoxalbania.org\/2020\/?s={search_term_string}"},"query-input":{"@type":"PropertyValueSpecification","valueRequired":true,"valueName":"search_term_string"}}],"inLanguage":"en-US"},{"@type":"Organization","@id":"https:\/\/orthodoxalbania.org\/2020\/#organization","name":"Kisha Orthodhokse Autoqefale e Shqip\u00ebris\u00eb","url":"https:\/\/orthodoxalbania.org\/2020\/","logo":{"@type":"ImageObject","inLanguage":"en-US","@id":"https:\/\/orthodoxalbania.org\/2020\/#\/schema\/logo\/image\/","url":"https:\/\/orthodoxalbania.org\/2020\/wp-content\/uploads\/2020\/05\/albania.jpeg","contentUrl":"https:\/\/orthodoxalbania.org\/2020\/wp-content\/uploads\/2020\/05\/albania.jpeg","width":540,"height":540,"caption":"Kisha Orthodhokse Autoqefale e Shqip\u00ebris\u00eb"},"image":{"@id":"https:\/\/orthodoxalbania.org\/2020\/#\/schema\/logo\/image\/"},"sameAs":["https:\/\/www.facebook.com\/koash1991"]},{"@type":"Person","@id":"https:\/\/orthodoxalbania.org\/2020\/#\/schema\/person\/0c387634a7063ac612d7ed9ce71c7e86","name":"Kisha Orthodhokse","image":{"@type":"ImageObject","inLanguage":"en-US","@id":"https:\/\/secure.gravatar.com\/avatar\/596e7c417251e30f2fbb9c00e026fce61a695a00e51c889caded71c96cbbdde5?s=96&d=mm&r=g","url":"https:\/\/secure.gravatar.com\/avatar\/596e7c417251e30f2fbb9c00e026fce61a695a00e51c889caded71c96cbbdde5?s=96&d=mm&r=g","contentUrl":"https:\/\/secure.gravatar.com\/avatar\/596e7c417251e30f2fbb9c00e026fce61a695a00e51c889caded71c96cbbdde5?s=96&d=mm&r=g","caption":"Kisha Orthodhokse"}}]}},"_links":{"self":[{"href":"https:\/\/orthodoxalbania.org\/2020\/wp-json\/wp\/v2\/posts\/4939","targetHints":{"allow":["GET"]}}],"collection":[{"href":"https:\/\/orthodoxalbania.org\/2020\/wp-json\/wp\/v2\/posts"}],"about":[{"href":"https:\/\/orthodoxalbania.org\/2020\/wp-json\/wp\/v2\/types\/post"}],"author":[{"embeddable":true,"href":"https:\/\/orthodoxalbania.org\/2020\/wp-json\/wp\/v2\/users\/1"}],"replies":[{"embeddable":true,"href":"https:\/\/orthodoxalbania.org\/2020\/wp-json\/wp\/v2\/comments?post=4939"}],"version-history":[{"count":1,"href":"https:\/\/orthodoxalbania.org\/2020\/wp-json\/wp\/v2\/posts\/4939\/revisions"}],"predecessor-version":[{"id":14863,"href":"https:\/\/orthodoxalbania.org\/2020\/wp-json\/wp\/v2\/posts\/4939\/revisions\/14863"}],"wp:featuredmedia":[{"embeddable":true,"href":"https:\/\/orthodoxalbania.org\/2020\/wp-json\/wp\/v2\/media\/4940"}],"wp:attachment":[{"href":"https:\/\/orthodoxalbania.org\/2020\/wp-json\/wp\/v2\/media?parent=4939"}],"wp:term":[{"taxonomy":"category","embeddable":true,"href":"https:\/\/orthodoxalbania.org\/2020\/wp-json\/wp\/v2\/categories?post=4939"},{"taxonomy":"post_tag","embeddable":true,"href":"https:\/\/orthodoxalbania.org\/2020\/wp-json\/wp\/v2\/tags?post=4939"}],"curies":[{"name":"wp","href":"https:\/\/api.w.org\/{rel}","templated":true}]}}