{"id":4937,"date":"2017-01-19T13:34:47","date_gmt":"2017-01-19T13:34:47","guid":{"rendered":""},"modified":"2020-04-06T22:01:51","modified_gmt":"2020-04-06T20:01:51","slug":"forumi-v-evropian-katoliko-orthodhoks","status":"publish","type":"post","link":"https:\/\/orthodoxalbania.org\/2020\/2017\/01\/19\/forumi-v-evropian-katoliko-orthodhoks\/","title":{"rendered":"Forumi V Evropian Katoliko-Orthodhoks"},"content":{"rendered":"<p style=\"text-align: justify;\"> <\/p>\n<p style=\"text-align: center;\">&nbsp;<\/p>\n<p style=\"text-align: center;\"><span style=\"color: #800000;\"><strong><span style=\"font-size: 12pt; font-family: helvetica;\">\u201cEvropa n\u00ebn frik\u00ebn e k\u00ebrc\u00ebnimit terrorist fundamentalist dhe vlera e personit e liria fetare\u201d<\/span><\/strong><\/span><\/p>\n<p style=\"text-align: justify;\">&nbsp;<\/p>\n<p style=\"text-align: justify;\"><span style=\"color: #000000;\"><span style=\"font-size: 12pt; font-family: helvetica;\"><\/span><span style=\"font-size: 12pt; font-family: helvetica;\">Nga 9-12 janar 2016, n\u00eb Paris u Zhvillua Forumi i V Evropian Katoliko-Orthodhoks, organizuar nga Patriarkana Ekumenike dhe K\u00ebshilli i Konferencave Ipeshkvnore t\u00eb Evrop\u00ebs. Tema e k\u00ebtij Forumi ishte \u201cEvropa n\u00ebn frik\u00ebn e k\u00ebrc\u00ebnimit terrorist fundamentalist dhe vlera e personit e liria fetare\u201d. Punimet u hap\u00ebn me p\u00ebrsh\u00ebndetjen e Arqipeshkvit t\u00eb Parisit, kardinalit Andr\u00e9 Vingt-Trois dhe m\u00eb pas e mor\u00ebn fjal\u00ebn dy bashk\u00ebkryetar\u00ebt e tij, Mitropoliti Genadi i Sasim\u00ebs dhe Arqipeshkvi i Budapestit Esztergom. N\u00eb takim mor\u00ebn pjes\u00eb p\u00ebrfaq\u00ebsues nga Kishat Orthodhokse t\u00eb Evrop\u00ebs dhe nga Konferencat Ipeshkvnore romanokatolike. Kisha jon\u00eb u p\u00ebrfaq\u00ebsua nga Mitropoliti i Elbasanit, Hir\u00ebsia e Tij, Andoni.<\/span><\/span><\/p>\n<p style=\"text-align: justify;\"><span style=\"font-size: 12pt; font-family: helvetica; color: #000000;\">Pjes\u00ebmarr\u00ebsit diskutuan p\u00ebr tema si: Dinjiteti njer\u00ebzor dhe liria fetare; Intoleranca religjioze, Diskriminimi dhe persekutimi; fundamentalizmi dhe terrorizmi i sot\u00ebm; kohezioni social dhe dukuria e frik\u00ebs n\u00eb Shtetin e s\u00eb Drejt\u00ebs, Duke par\u00eb misionin e qeveris\u00ebsve dhe t\u00eb Kish\u00ebs; Impenjimi i Kishave n\u00eb administrimin e konflikteve dhe promovimin e t\u00eb mir\u00ebs s\u00eb p\u00ebrbashk\u00ebt dhe t\u00eb solidaritetit; Shpallja e Jisu Krishtit si p\u00ebrgjigje ndaj k\u00ebrc\u00ebnimit, si t\u00eb fundamentalizmit, ashtu edhe terrorizmit. N\u00eb fund Forumi doli edhe me nj\u00eb deklarat\u00eb t\u00eb p\u00ebrbashk\u00ebt. At afirmuan nevoj\u00ebn e nj\u00eb q\u00ebndrimi solidar mes komuniteteve t\u00eb krishtera, p\u00ebr t\u00eb p\u00ebrballuar intoleranc\u00ebn antikristiane n\u00eb rritje, si dhe r\u00ebnd\u00ebsin\u00eb e njohjes dhe kultivimit t\u00eb rr\u00ebnj\u00ebve dhe vlerave t\u00eb krishtera mbi t\u00eb cilat ngrihet Evropa.<\/span><\/p>\n<p style=\"text-align: justify;\"><span style=\"font-size: 12pt; font-family: helvetica; color: #000000;\">P\u00ebrfaq\u00ebsuesit e kishave mor\u00ebn pjes\u00eb edhe n\u00eb sh\u00ebrbesat e komuniteteve lokale, n\u00eb takim me gazetar\u00ebt etj.<\/span><\/p>\n<p style=\"text-align: justify;\">&nbsp;<\/p>\n<p style=\"text-align: center;\"><img class=\"lazyload\" decoding=\"async\" alt=\"Photo: \" src=\"data:image\/svg+xml,%3Csvg%20xmlns%3D%27http%3A%2F%2Fwww.w3.org%2F2000%2Fsvg%27%20width%3D%27450%27%20height%3D%27225%27%20viewBox%3D%270%200%20450%20225%27%3E%3Crect%20width%3D%27450%27%20height%3D%27225%27%20fill-opacity%3D%220%22%2F%3E%3C%2Fsvg%3E\" data-orig-src=\"https:\/\/lh3.googleusercontent.com\/rP-lon-g637J3m9gMYWyoi2pMhh0S2K-b-FjGu7lBsY9xg3Jf0u9v8vu9YIAC1v907BlTvLVI7swbIfq14__JiJMUb5p17uQ8A=w1280-h1024-rw-no\" width=\"450\" height=\"225\" style=\"display: block; margin: 10px auto; border: 1px solid #000000;\" \/><img class=\"lazyload\" decoding=\"async\" alt=\"Photo: \" src=\"data:image\/svg+xml,%3Csvg%20xmlns%3D%27http%3A%2F%2Fwww.w3.org%2F2000%2Fsvg%27%20width%3D%27450%27%20height%3D%27293%27%20viewBox%3D%270%200%20450%20293%27%3E%3Crect%20width%3D%27450%27%20height%3D%27293%27%20fill-opacity%3D%220%22%2F%3E%3C%2Fsvg%3E\" data-orig-src=\"https:\/\/lh3.googleusercontent.com\/BLyIqOC02r2Z29K5BP36QEbhT87vxVXZtRpAIJrA3xZvWUlcpa6BPTQ3BXpbnXOkMFfppj23cDlBrVFqxTJvRYKt0TjqnrNbGA=w1280-h1024-rw-no\" width=\"450\" height=\"293\" style=\"display: block; margin: 10px auto; border: 1px solid #000000;\" \/><\/p>\n","protected":false},"excerpt":{"rendered":"<p>&nbsp; \u201cEvropa n\u00ebn frik\u00ebn e k\u00ebrc\u00ebnimit terrorist fundamentalist dhe vlera e personit e liria fetare\u201d &nbsp; Nga 9-12 janar 2016, n\u00eb Paris u Zhvillua Forumi i V Evropian Katoliko-Orthodhoks, organizuar nga Patriarkana Ekumenike dhe K\u00ebshilli i Konferencave Ipeshkvnore t\u00eb Evrop\u00ebs. Tema e k\u00ebtij Forumi ishte \u201cEvropa n\u00ebn frik\u00ebn e k\u00ebrc\u00ebnimit terrorist fundamentalist dhe vlera e personit e liria fetare\u201d. Punimet u hap\u00ebn me p\u00ebrsh\u00ebndetjen e<\/p>\n","protected":false},"author":1,"featured_media":4938,"comment_status":"open","ping_status":"open","sticky":false,"template":"","format":"standard","meta":{"_acf_changed":false,"pagelayer_contact_templates":[],"_pagelayer_content":"","inline_featured_image":false,"fifu_image_url":"","fifu_image_alt":"","footnotes":""},"categories":[108],"tags":[209,162,196,212,207],"class_list":["post-4937","post","type-post","status-publish","format-standard","has-post-thumbnail","hentry","category-lajme","tag-209","tag-aktivitete-nderfetare","tag-tirane","tag-lajme-d27","tag-mitropolia-e-elbasanit-shpatit-dhe-librazhdit"],"acf":[],"yoast_head":"<!-- This site is optimized with the Yoast SEO plugin v27.2 - https:\/\/yoast.com\/product\/yoast-seo-wordpress\/ -->\n<title>Forumi V Evropian Katoliko-Orthodhoks - Kisha Orthodh\u03bfkse Autoqefale e Shqip\u00ebris\u00eb<\/title>\n<meta name=\"robots\" content=\"index, follow, max-snippet:-1, max-image-preview:large, max-video-preview:-1\" \/>\n<link rel=\"canonical\" href=\"https:\/\/orthodoxalbania.org\/2020\/2017\/01\/19\/forumi-v-evropian-katoliko-orthodhoks\/\" \/>\n<meta property=\"og:locale\" content=\"en_US\" \/>\n<meta property=\"og:type\" content=\"article\" \/>\n<meta property=\"og:title\" content=\"Forumi V Evropian Katoliko-Orthodhoks - Kisha Orthodh\u03bfkse Autoqefale e Shqip\u00ebris\u00eb\" \/>\n<meta property=\"og:description\" content=\"&nbsp; \u201cEvropa n\u00ebn frik\u00ebn e k\u00ebrc\u00ebnimit terrorist fundamentalist dhe vlera e personit e liria fetare\u201d &nbsp; Nga 9-12 janar 2016, n\u00eb Paris u Zhvillua Forumi i V Evropian Katoliko-Orthodhoks, organizuar nga Patriarkana Ekumenike dhe K\u00ebshilli i Konferencave Ipeshkvnore t\u00eb Evrop\u00ebs. Tema e k\u00ebtij Forumi ishte \u201cEvropa n\u00ebn frik\u00ebn e k\u00ebrc\u00ebnimit terrorist fundamentalist dhe vlera e personit e liria fetare\u201d. Punimet u hap\u00ebn me p\u00ebrsh\u00ebndetjen e\" \/>\n<meta property=\"og:url\" content=\"https:\/\/orthodoxalbania.org\/2020\/2017\/01\/19\/forumi-v-evropian-katoliko-orthodhoks\/\" \/>\n<meta property=\"og:site_name\" content=\"Kisha Orthodh\u03bfkse Autoqefale e Shqip\u00ebris\u00eb\" \/>\n<meta property=\"article:publisher\" content=\"https:\/\/www.facebook.com\/koash1991\" \/>\n<meta property=\"article:published_time\" content=\"2017-01-19T13:34:47+00:00\" \/>\n<meta property=\"article:modified_time\" content=\"2020-04-06T20:01:51+00:00\" \/>\n<meta property=\"og:image\" content=\"https:\/\/orthodoxalbania.org\/2020\/wp-content\/uploads\/2020\/04\/rP-lon-g637J3m9gMYWyoi2pMhh0S2K-b-FjGu7lBsY9xg3Jf0u9v8vu9YIAC1v907BlTvLVI7swbIfq14__JiJMUb5p17uQ8A-w1280-h1024-rw-no.jpg\" \/>\n\t<meta property=\"og:image:width\" content=\"150\" \/>\n\t<meta property=\"og:image:height\" content=\"150\" \/>\n\t<meta property=\"og:image:type\" content=\"image\/jpeg\" \/>\n<meta name=\"author\" content=\"Kisha Orthodhokse\" \/>\n<meta name=\"twitter:card\" content=\"summary_large_image\" \/>\n<meta name=\"twitter:label1\" content=\"Written by\" \/>\n\t<meta name=\"twitter:data1\" content=\"Kisha Orthodhokse\" \/>\n\t<meta name=\"twitter:label2\" content=\"Est. reading time\" \/>\n\t<meta name=\"twitter:data2\" content=\"2 minutes\" \/>\n<script type=\"application\/ld+json\" class=\"yoast-schema-graph\">{\"@context\":\"https:\/\/schema.org\",\"@graph\":[{\"@type\":\"Article\",\"@id\":\"https:\/\/orthodoxalbania.org\/2020\/2017\/01\/19\/forumi-v-evropian-katoliko-orthodhoks\/#article\",\"isPartOf\":{\"@id\":\"https:\/\/orthodoxalbania.org\/2020\/2017\/01\/19\/forumi-v-evropian-katoliko-orthodhoks\/\"},\"author\":{\"name\":\"Kisha Orthodhokse\",\"@id\":\"https:\/\/orthodoxalbania.org\/2020\/#\/schema\/person\/0c387634a7063ac612d7ed9ce71c7e86\"},\"headline\":\"Forumi V Evropian Katoliko-Orthodhoks\",\"datePublished\":\"2017-01-19T13:34:47+00:00\",\"dateModified\":\"2020-04-06T20:01:51+00:00\",\"mainEntityOfPage\":{\"@id\":\"https:\/\/orthodoxalbania.org\/2020\/2017\/01\/19\/forumi-v-evropian-katoliko-orthodhoks\/\"},\"wordCount\":310,\"commentCount\":0,\"publisher\":{\"@id\":\"https:\/\/orthodoxalbania.org\/2020\/#organization\"},\"image\":{\"@id\":\"https:\/\/orthodoxalbania.org\/2020\/2017\/01\/19\/forumi-v-evropian-katoliko-orthodhoks\/#primaryimage\"},\"thumbnailUrl\":\"https:\/\/orthodoxalbania.org\/2020\/wp-content\/uploads\/2020\/04\/rP-lon-g637J3m9gMYWyoi2pMhh0S2K-b-FjGu7lBsY9xg3Jf0u9v8vu9YIAC1v907BlTvLVI7swbIfq14__JiJMUb5p17uQ8A-w1280-h1024-rw-no.jpg\",\"keywords\":[\"2017\",\"Aktivitete Nd\u00ebrfetare\",\"Kryepiskopata Tiran\u00eb\",\"lajme\",\"Mitropolia e Elbasanit, Shpatit dhe Librazhdit\"],\"articleSection\":[\"Lajme\"],\"inLanguage\":\"en-US\"},{\"@type\":\"WebPage\",\"@id\":\"https:\/\/orthodoxalbania.org\/2020\/2017\/01\/19\/forumi-v-evropian-katoliko-orthodhoks\/\",\"url\":\"https:\/\/orthodoxalbania.org\/2020\/2017\/01\/19\/forumi-v-evropian-katoliko-orthodhoks\/\",\"name\":\"Forumi V Evropian Katoliko-Orthodhoks - Kisha Orthodh\u03bfkse Autoqefale e Shqip\u00ebris\u00eb\",\"isPartOf\":{\"@id\":\"https:\/\/orthodoxalbania.org\/2020\/#website\"},\"primaryImageOfPage\":{\"@id\":\"https:\/\/orthodoxalbania.org\/2020\/2017\/01\/19\/forumi-v-evropian-katoliko-orthodhoks\/#primaryimage\"},\"image\":{\"@id\":\"https:\/\/orthodoxalbania.org\/2020\/2017\/01\/19\/forumi-v-evropian-katoliko-orthodhoks\/#primaryimage\"},\"thumbnailUrl\":\"https:\/\/orthodoxalbania.org\/2020\/wp-content\/uploads\/2020\/04\/rP-lon-g637J3m9gMYWyoi2pMhh0S2K-b-FjGu7lBsY9xg3Jf0u9v8vu9YIAC1v907BlTvLVI7swbIfq14__JiJMUb5p17uQ8A-w1280-h1024-rw-no.jpg\",\"datePublished\":\"2017-01-19T13:34:47+00:00\",\"dateModified\":\"2020-04-06T20:01:51+00:00\",\"breadcrumb\":{\"@id\":\"https:\/\/orthodoxalbania.org\/2020\/2017\/01\/19\/forumi-v-evropian-katoliko-orthodhoks\/#breadcrumb\"},\"inLanguage\":\"en-US\",\"potentialAction\":[{\"@type\":\"ReadAction\",\"target\":[\"https:\/\/orthodoxalbania.org\/2020\/2017\/01\/19\/forumi-v-evropian-katoliko-orthodhoks\/\"]}]},{\"@type\":\"ImageObject\",\"inLanguage\":\"en-US\",\"@id\":\"https:\/\/orthodoxalbania.org\/2020\/2017\/01\/19\/forumi-v-evropian-katoliko-orthodhoks\/#primaryimage\",\"url\":\"https:\/\/orthodoxalbania.org\/2020\/wp-content\/uploads\/2020\/04\/rP-lon-g637J3m9gMYWyoi2pMhh0S2K-b-FjGu7lBsY9xg3Jf0u9v8vu9YIAC1v907BlTvLVI7swbIfq14__JiJMUb5p17uQ8A-w1280-h1024-rw-no.jpg\",\"contentUrl\":\"https:\/\/orthodoxalbania.org\/2020\/wp-content\/uploads\/2020\/04\/rP-lon-g637J3m9gMYWyoi2pMhh0S2K-b-FjGu7lBsY9xg3Jf0u9v8vu9YIAC1v907BlTvLVI7swbIfq14__JiJMUb5p17uQ8A-w1280-h1024-rw-no.jpg\",\"width\":150,\"height\":150},{\"@type\":\"BreadcrumbList\",\"@id\":\"https:\/\/orthodoxalbania.org\/2020\/2017\/01\/19\/forumi-v-evropian-katoliko-orthodhoks\/#breadcrumb\",\"itemListElement\":[{\"@type\":\"ListItem\",\"position\":1,\"name\":\"Home\",\"item\":\"https:\/\/orthodoxalbania.org\/2020\/\"},{\"@type\":\"ListItem\",\"position\":2,\"name\":\"Forumi V Evropian Katoliko-Orthodhoks\"}]},{\"@type\":\"WebSite\",\"@id\":\"https:\/\/orthodoxalbania.org\/2020\/#website\",\"url\":\"https:\/\/orthodoxalbania.org\/2020\/\",\"name\":\"Kisha Orthodh\u03bfkse Autoqefale e Shqip\u00ebris\u00eb\",\"description\":\"Fqja Zyrtare e Kish\u00ebs Orthodhokse Autoqefale e Shqip\u00ebris\u00eb me lajmet edhe informacionet zyrtare p\u00ebr struktur\u00ebn edhe veprimtarin e saj.\",\"publisher\":{\"@id\":\"https:\/\/orthodoxalbania.org\/2020\/#organization\"},\"potentialAction\":[{\"@type\":\"SearchAction\",\"target\":{\"@type\":\"EntryPoint\",\"urlTemplate\":\"https:\/\/orthodoxalbania.org\/2020\/?s={search_term_string}\"},\"query-input\":{\"@type\":\"PropertyValueSpecification\",\"valueRequired\":true,\"valueName\":\"search_term_string\"}}],\"inLanguage\":\"en-US\"},{\"@type\":\"Organization\",\"@id\":\"https:\/\/orthodoxalbania.org\/2020\/#organization\",\"name\":\"Kisha Orthodhokse Autoqefale e Shqip\u00ebris\u00eb\",\"url\":\"https:\/\/orthodoxalbania.org\/2020\/\",\"logo\":{\"@type\":\"ImageObject\",\"inLanguage\":\"en-US\",\"@id\":\"https:\/\/orthodoxalbania.org\/2020\/#\/schema\/logo\/image\/\",\"url\":\"https:\/\/orthodoxalbania.org\/2020\/wp-content\/uploads\/2020\/05\/albania.jpeg\",\"contentUrl\":\"https:\/\/orthodoxalbania.org\/2020\/wp-content\/uploads\/2020\/05\/albania.jpeg\",\"width\":540,\"height\":540,\"caption\":\"Kisha Orthodhokse Autoqefale e Shqip\u00ebris\u00eb\"},\"image\":{\"@id\":\"https:\/\/orthodoxalbania.org\/2020\/#\/schema\/logo\/image\/\"},\"sameAs\":[\"https:\/\/www.facebook.com\/koash1991\"]},{\"@type\":\"Person\",\"@id\":\"https:\/\/orthodoxalbania.org\/2020\/#\/schema\/person\/0c387634a7063ac612d7ed9ce71c7e86\",\"name\":\"Kisha Orthodhokse\",\"image\":{\"@type\":\"ImageObject\",\"inLanguage\":\"en-US\",\"@id\":\"https:\/\/secure.gravatar.com\/avatar\/596e7c417251e30f2fbb9c00e026fce61a695a00e51c889caded71c96cbbdde5?s=96&d=mm&r=g\",\"url\":\"https:\/\/secure.gravatar.com\/avatar\/596e7c417251e30f2fbb9c00e026fce61a695a00e51c889caded71c96cbbdde5?s=96&d=mm&r=g\",\"contentUrl\":\"https:\/\/secure.gravatar.com\/avatar\/596e7c417251e30f2fbb9c00e026fce61a695a00e51c889caded71c96cbbdde5?s=96&d=mm&r=g\",\"caption\":\"Kisha Orthodhokse\"}}]}<\/script>\n<!-- \/ Yoast SEO plugin. -->","yoast_head_json":{"title":"Forumi V Evropian Katoliko-Orthodhoks - Kisha Orthodh\u03bfkse Autoqefale e Shqip\u00ebris\u00eb","robots":{"index":"index","follow":"follow","max-snippet":"max-snippet:-1","max-image-preview":"max-image-preview:large","max-video-preview":"max-video-preview:-1"},"canonical":"https:\/\/orthodoxalbania.org\/2020\/2017\/01\/19\/forumi-v-evropian-katoliko-orthodhoks\/","og_locale":"en_US","og_type":"article","og_title":"Forumi V Evropian Katoliko-Orthodhoks - Kisha Orthodh\u03bfkse Autoqefale e Shqip\u00ebris\u00eb","og_description":"&nbsp; \u201cEvropa n\u00ebn frik\u00ebn e k\u00ebrc\u00ebnimit terrorist fundamentalist dhe vlera e personit e liria fetare\u201d &nbsp; Nga 9-12 janar 2016, n\u00eb Paris u Zhvillua Forumi i V Evropian Katoliko-Orthodhoks, organizuar nga Patriarkana Ekumenike dhe K\u00ebshilli i Konferencave Ipeshkvnore t\u00eb Evrop\u00ebs. Tema e k\u00ebtij Forumi ishte \u201cEvropa n\u00ebn frik\u00ebn e k\u00ebrc\u00ebnimit terrorist fundamentalist dhe vlera e personit e liria fetare\u201d. Punimet u hap\u00ebn me p\u00ebrsh\u00ebndetjen e","og_url":"https:\/\/orthodoxalbania.org\/2020\/2017\/01\/19\/forumi-v-evropian-katoliko-orthodhoks\/","og_site_name":"Kisha Orthodh\u03bfkse Autoqefale e Shqip\u00ebris\u00eb","article_publisher":"https:\/\/www.facebook.com\/koash1991","article_published_time":"2017-01-19T13:34:47+00:00","article_modified_time":"2020-04-06T20:01:51+00:00","og_image":[{"width":150,"height":150,"url":"https:\/\/orthodoxalbania.org\/2020\/wp-content\/uploads\/2020\/04\/rP-lon-g637J3m9gMYWyoi2pMhh0S2K-b-FjGu7lBsY9xg3Jf0u9v8vu9YIAC1v907BlTvLVI7swbIfq14__JiJMUb5p17uQ8A-w1280-h1024-rw-no.jpg","type":"image\/jpeg"}],"author":"Kisha Orthodhokse","twitter_card":"summary_large_image","twitter_misc":{"Written by":"Kisha Orthodhokse","Est. reading time":"2 minutes"},"schema":{"@context":"https:\/\/schema.org","@graph":[{"@type":"Article","@id":"https:\/\/orthodoxalbania.org\/2020\/2017\/01\/19\/forumi-v-evropian-katoliko-orthodhoks\/#article","isPartOf":{"@id":"https:\/\/orthodoxalbania.org\/2020\/2017\/01\/19\/forumi-v-evropian-katoliko-orthodhoks\/"},"author":{"name":"Kisha Orthodhokse","@id":"https:\/\/orthodoxalbania.org\/2020\/#\/schema\/person\/0c387634a7063ac612d7ed9ce71c7e86"},"headline":"Forumi V Evropian Katoliko-Orthodhoks","datePublished":"2017-01-19T13:34:47+00:00","dateModified":"2020-04-06T20:01:51+00:00","mainEntityOfPage":{"@id":"https:\/\/orthodoxalbania.org\/2020\/2017\/01\/19\/forumi-v-evropian-katoliko-orthodhoks\/"},"wordCount":310,"commentCount":0,"publisher":{"@id":"https:\/\/orthodoxalbania.org\/2020\/#organization"},"image":{"@id":"https:\/\/orthodoxalbania.org\/2020\/2017\/01\/19\/forumi-v-evropian-katoliko-orthodhoks\/#primaryimage"},"thumbnailUrl":"https:\/\/orthodoxalbania.org\/2020\/wp-content\/uploads\/2020\/04\/rP-lon-g637J3m9gMYWyoi2pMhh0S2K-b-FjGu7lBsY9xg3Jf0u9v8vu9YIAC1v907BlTvLVI7swbIfq14__JiJMUb5p17uQ8A-w1280-h1024-rw-no.jpg","keywords":["2017","Aktivitete Nd\u00ebrfetare","Kryepiskopata Tiran\u00eb","lajme","Mitropolia e Elbasanit, Shpatit dhe Librazhdit"],"articleSection":["Lajme"],"inLanguage":"en-US"},{"@type":"WebPage","@id":"https:\/\/orthodoxalbania.org\/2020\/2017\/01\/19\/forumi-v-evropian-katoliko-orthodhoks\/","url":"https:\/\/orthodoxalbania.org\/2020\/2017\/01\/19\/forumi-v-evropian-katoliko-orthodhoks\/","name":"Forumi V Evropian Katoliko-Orthodhoks - Kisha Orthodh\u03bfkse Autoqefale e Shqip\u00ebris\u00eb","isPartOf":{"@id":"https:\/\/orthodoxalbania.org\/2020\/#website"},"primaryImageOfPage":{"@id":"https:\/\/orthodoxalbania.org\/2020\/2017\/01\/19\/forumi-v-evropian-katoliko-orthodhoks\/#primaryimage"},"image":{"@id":"https:\/\/orthodoxalbania.org\/2020\/2017\/01\/19\/forumi-v-evropian-katoliko-orthodhoks\/#primaryimage"},"thumbnailUrl":"https:\/\/orthodoxalbania.org\/2020\/wp-content\/uploads\/2020\/04\/rP-lon-g637J3m9gMYWyoi2pMhh0S2K-b-FjGu7lBsY9xg3Jf0u9v8vu9YIAC1v907BlTvLVI7swbIfq14__JiJMUb5p17uQ8A-w1280-h1024-rw-no.jpg","datePublished":"2017-01-19T13:34:47+00:00","dateModified":"2020-04-06T20:01:51+00:00","breadcrumb":{"@id":"https:\/\/orthodoxalbania.org\/2020\/2017\/01\/19\/forumi-v-evropian-katoliko-orthodhoks\/#breadcrumb"},"inLanguage":"en-US","potentialAction":[{"@type":"ReadAction","target":["https:\/\/orthodoxalbania.org\/2020\/2017\/01\/19\/forumi-v-evropian-katoliko-orthodhoks\/"]}]},{"@type":"ImageObject","inLanguage":"en-US","@id":"https:\/\/orthodoxalbania.org\/2020\/2017\/01\/19\/forumi-v-evropian-katoliko-orthodhoks\/#primaryimage","url":"https:\/\/orthodoxalbania.org\/2020\/wp-content\/uploads\/2020\/04\/rP-lon-g637J3m9gMYWyoi2pMhh0S2K-b-FjGu7lBsY9xg3Jf0u9v8vu9YIAC1v907BlTvLVI7swbIfq14__JiJMUb5p17uQ8A-w1280-h1024-rw-no.jpg","contentUrl":"https:\/\/orthodoxalbania.org\/2020\/wp-content\/uploads\/2020\/04\/rP-lon-g637J3m9gMYWyoi2pMhh0S2K-b-FjGu7lBsY9xg3Jf0u9v8vu9YIAC1v907BlTvLVI7swbIfq14__JiJMUb5p17uQ8A-w1280-h1024-rw-no.jpg","width":150,"height":150},{"@type":"BreadcrumbList","@id":"https:\/\/orthodoxalbania.org\/2020\/2017\/01\/19\/forumi-v-evropian-katoliko-orthodhoks\/#breadcrumb","itemListElement":[{"@type":"ListItem","position":1,"name":"Home","item":"https:\/\/orthodoxalbania.org\/2020\/"},{"@type":"ListItem","position":2,"name":"Forumi V Evropian Katoliko-Orthodhoks"}]},{"@type":"WebSite","@id":"https:\/\/orthodoxalbania.org\/2020\/#website","url":"https:\/\/orthodoxalbania.org\/2020\/","name":"Kisha Orthodh\u03bfkse Autoqefale e Shqip\u00ebris\u00eb","description":"Fqja Zyrtare e Kish\u00ebs Orthodhokse Autoqefale e Shqip\u00ebris\u00eb me lajmet edhe informacionet zyrtare p\u00ebr struktur\u00ebn edhe veprimtarin e saj.","publisher":{"@id":"https:\/\/orthodoxalbania.org\/2020\/#organization"},"potentialAction":[{"@type":"SearchAction","target":{"@type":"EntryPoint","urlTemplate":"https:\/\/orthodoxalbania.org\/2020\/?s={search_term_string}"},"query-input":{"@type":"PropertyValueSpecification","valueRequired":true,"valueName":"search_term_string"}}],"inLanguage":"en-US"},{"@type":"Organization","@id":"https:\/\/orthodoxalbania.org\/2020\/#organization","name":"Kisha Orthodhokse Autoqefale e Shqip\u00ebris\u00eb","url":"https:\/\/orthodoxalbania.org\/2020\/","logo":{"@type":"ImageObject","inLanguage":"en-US","@id":"https:\/\/orthodoxalbania.org\/2020\/#\/schema\/logo\/image\/","url":"https:\/\/orthodoxalbania.org\/2020\/wp-content\/uploads\/2020\/05\/albania.jpeg","contentUrl":"https:\/\/orthodoxalbania.org\/2020\/wp-content\/uploads\/2020\/05\/albania.jpeg","width":540,"height":540,"caption":"Kisha Orthodhokse Autoqefale e Shqip\u00ebris\u00eb"},"image":{"@id":"https:\/\/orthodoxalbania.org\/2020\/#\/schema\/logo\/image\/"},"sameAs":["https:\/\/www.facebook.com\/koash1991"]},{"@type":"Person","@id":"https:\/\/orthodoxalbania.org\/2020\/#\/schema\/person\/0c387634a7063ac612d7ed9ce71c7e86","name":"Kisha Orthodhokse","image":{"@type":"ImageObject","inLanguage":"en-US","@id":"https:\/\/secure.gravatar.com\/avatar\/596e7c417251e30f2fbb9c00e026fce61a695a00e51c889caded71c96cbbdde5?s=96&d=mm&r=g","url":"https:\/\/secure.gravatar.com\/avatar\/596e7c417251e30f2fbb9c00e026fce61a695a00e51c889caded71c96cbbdde5?s=96&d=mm&r=g","contentUrl":"https:\/\/secure.gravatar.com\/avatar\/596e7c417251e30f2fbb9c00e026fce61a695a00e51c889caded71c96cbbdde5?s=96&d=mm&r=g","caption":"Kisha Orthodhokse"}}]}},"_links":{"self":[{"href":"https:\/\/orthodoxalbania.org\/2020\/wp-json\/wp\/v2\/posts\/4937","targetHints":{"allow":["GET"]}}],"collection":[{"href":"https:\/\/orthodoxalbania.org\/2020\/wp-json\/wp\/v2\/posts"}],"about":[{"href":"https:\/\/orthodoxalbania.org\/2020\/wp-json\/wp\/v2\/types\/post"}],"author":[{"embeddable":true,"href":"https:\/\/orthodoxalbania.org\/2020\/wp-json\/wp\/v2\/users\/1"}],"replies":[{"embeddable":true,"href":"https:\/\/orthodoxalbania.org\/2020\/wp-json\/wp\/v2\/comments?post=4937"}],"version-history":[{"count":1,"href":"https:\/\/orthodoxalbania.org\/2020\/wp-json\/wp\/v2\/posts\/4937\/revisions"}],"predecessor-version":[{"id":14864,"href":"https:\/\/orthodoxalbania.org\/2020\/wp-json\/wp\/v2\/posts\/4937\/revisions\/14864"}],"wp:featuredmedia":[{"embeddable":true,"href":"https:\/\/orthodoxalbania.org\/2020\/wp-json\/wp\/v2\/media\/4938"}],"wp:attachment":[{"href":"https:\/\/orthodoxalbania.org\/2020\/wp-json\/wp\/v2\/media?parent=4937"}],"wp:term":[{"taxonomy":"category","embeddable":true,"href":"https:\/\/orthodoxalbania.org\/2020\/wp-json\/wp\/v2\/categories?post=4937"},{"taxonomy":"post_tag","embeddable":true,"href":"https:\/\/orthodoxalbania.org\/2020\/wp-json\/wp\/v2\/tags?post=4937"}],"curies":[{"name":"wp","href":"https:\/\/api.w.org\/{rel}","templated":true}]}}