{"id":491,"date":"2008-02-26T00:00:00","date_gmt":"2008-02-26T00:00:00","guid":{"rendered":""},"modified":"2020-04-06T22:35:16","modified_gmt":"2020-04-06T20:35:16","slug":"e-kremtja-e-tre-hierarkeve-ne-akademine-teologjike-dhe-institutin-e-formimit-profesional-janar-2008","status":"publish","type":"post","link":"https:\/\/orthodoxalbania.org\/2020\/2008\/02\/26\/e-kremtja-e-tre-hierarkeve-ne-akademine-teologjike-dhe-institutin-e-formimit-profesional-janar-2008\/","title":{"rendered":"E kremtja e Tre Hierark\u00ebve n\u00eb Akademin\u00eb Teologjike dhe Institutin e Formimit Profesional. (Janar 2008)"},"content":{"rendered":"<table id=\"AutoNumber2\" style=\"width: 897px; height: 1592px;\" border=\"0\">\n<tbody>\n<tr>\n<td colspan=\"2\">\n<div style=\"text-align: justify;\"><span style=\"color: #000000; font-family: helvetica; font-size: 12pt;\">&nbsp;&nbsp;&nbsp; Festa e Tre Hierark\u00ebve (Sh\u00ebn Vasili i Madh, Sh\u00ebn Grigor Teologu dhe Sh\u00ebn Joan Gojarti) n\u00eb bot\u00ebn e Krishter\u00eb Orthodhokse kremtohet n\u00eb m\u00ebnyr\u00eb t\u00eb ve\u00e7ant\u00eb, sepse k\u00ebta shenjtor\u00eb njihen si mbrojt\u00ebs dhe ndri\u00e7ues t\u00eb arsimit, t\u00eb m\u00ebsuesve, pedagog\u00ebve dhe nx\u00ebn\u00ebsve.<\/span><br \/><span style=\"font-family: helvetica; font-size: 12pt;\"> &nbsp;<\/span><\/div>\n<\/td>\n<\/tr>\n<tr>\n<td>\n<div><span style=\"color: #000000; font-family: helvetica; font-size: 12pt;\"><img decoding=\"async\" class=\"lazyload HAa Eha\" style=\"border-width: 1px; border-style: solid; margin: 10px auto; display: block;\" alt=\"\" src=\"data:image\/gif;base64,R0lGODlhAQABAAAAACH5BAEKAAEALAAAAAABAAEAAAICTAEAOw==\" data-orig-src=\"https:\/\/lh6.googleusercontent.com\/-HLUxWPE_xuY\/VI6qfYZkc7I\/AAAAAAAAHiw\/fi2m2T4nKWA\/w400-h225-no\/Sh[1].%2BVlash%2B1.jpg\" \/><\/span><\/div>\n<\/td>\n<td>\n<div style=\"text-align: justify;\"><span style=\"color: #000000; font-family: helvetica; font-size: 12pt;\">&nbsp;&nbsp;&nbsp; Akademia Teologjike \u201cNgjallja e Krishtit\u201d n\u00eb Manastirin e Sh\u00ebn Vlashit, pran\u00eb qytetit bregdetar t\u00eb Durr\u00ebsit, e vler\u00ebson k\u00ebt\u00eb dit\u00eb si i fest\u00ebn e shkoll\u00ebs. Q\u00eb n\u00eb or\u00ebt e para t\u00eb dat\u00ebs 30 janar, klerik\u00ebt, student\u00ebt, pedagog\u00ebt, banor\u00eb t\u00eb zon\u00ebs p\u00ebrreth, nx\u00ebn\u00ebs t\u00eb Shkoll\u00ebs s\u00eb re t\u00eb Mesme Kishtare \u201cKryqi i Nderuar\u201d n\u00eb Sukth si edhe pjes\u00ebtar\u00eb t\u00eb Sht\u00ebpis\u00eb Orthodhokse e Shpres\u00ebs u mblodh\u00ebn s\u00eb bashku n\u00eb kish\u00ebn e Manastirit t\u00eb Sh\u00ebn Vlashit p\u00ebr t\u00eb marr\u00eb pjes\u00eb n\u00eb Liturgjin\u00eb Hyjnore n\u00eb kujtim t\u00eb Tre Arkond\u00ebve. Liturgjia Hyjnore kryesohej nga N\u00ebndrejtori i k\u00ebsaj Akademie, Episkopi i Apollonis\u00eb, Hir\u00ebsi Nikolla.<\/span><\/div>\n<\/td>\n<\/tr>\n<tr>\n<td>\n<div style=\"text-align: justify;\"><span style=\"color: #000000; font-family: helvetica; font-size: 12pt;\">&nbsp;&nbsp;&nbsp; T\u00eb tre Hierark\u00ebt kishin njohuri t\u00eb thella n\u00eb shkenc\u00ebn dhe diturin\u00eb e epok\u00ebs s\u00eb tyre. I kishin t\u00eb gjitha mund\u00ebsit\u00eb p\u00ebr tu b\u00ebr\u00eb njer\u00ebz t\u00eb famsh\u00ebm e t\u00eb pushtetsh\u00ebm, por preferuan Urt\u00ebsin\u00eb e Per\u00ebndis\u00eb. Shum\u00eb njer\u00ebz menduan se k\u00ebta njer\u00ebz humb\u00ebn, por p\u00ebr 17 shekuj radhazi, ata jo vet\u00ebm q\u00eb u admiruan nga njer\u00ebzit, por edhe nga Per\u00ebndia, duke u dh\u00ebn\u00eb atyre kuror\u00ebn e lavdis\u00eb qiellore.<\/span><\/div>\n<\/td>\n<td>\n<div><span style=\"color: #000000; font-family: helvetica; font-size: 12pt;\"><img decoding=\"async\" class=\"lazyload HAa Eha\" style=\"border-width: 1px; border-style: solid; margin: 10px auto; display: block;\" alt=\"\" src=\"data:image\/gif;base64,R0lGODlhAQABAAAAACH5BAEKAAEALAAAAAABAAEAAAICTAEAOw==\" data-orig-src=\"https:\/\/lh4.googleusercontent.com\/-Z_TSEL3Q9ug\/VI6qfVoObhI\/AAAAAAAAHi8\/4mKpsWtvPVY\/w400-h225-no\/Sh[1].%2BVlash%2B2.jpg\" \/><\/span><\/div>\n<\/td>\n<\/tr>\n<tr>\n<td>\n<div><span style=\"color: #000000; font-family: helvetica; font-size: 12pt;\"><img decoding=\"async\" class=\"lazyload HAa Eha\" style=\"border-width: 1px; border-style: solid; margin: 10px auto; display: block;\" alt=\"\" src=\"data:image\/gif;base64,R0lGODlhAQABAAAAACH5BAEKAAEALAAAAAABAAEAAAICTAEAOw==\" data-orig-src=\"https:\/\/lh6.googleusercontent.com\/-1bz-2OrqjWI\/VI6qfbGMXWI\/AAAAAAAAHjI\/lQ9sy2R8SQk\/w400-h225-no\/Sh[1].%2BVlash%2B3.jpg\" \/><\/span><\/div>\n<\/td>\n<td>\n<div style=\"text-align: justify;\"><span style=\"color: #000000; font-family: helvetica; font-size: 12pt;\">&nbsp;&nbsp;&nbsp; \u201cShum\u00eb nga ju student\u00eb dhe pedagog\u00eb mund t\u00eb zgjidhnit drejtime t\u00eb tjera n\u00eb jet\u00eb, me mund\u00ebsi edhe m\u00eb t\u00eb m\u00ebdha, por zgjodh\u00ebt Akademin\u00eb Teologjike. Mos u pendoni p\u00ebr k\u00ebt\u00eb, sepse nuk keni humbur, por keni fituar ujin e gjall\u00eb t\u00eb jet\u00ebs, si Tre Hierark\u00ebt. Nuk ka gj\u00eb m\u00eb t\u00eb lart\u00eb se t\u00eb punosh n\u00eb ar\u00ebn e Per\u00ebndis\u00eb\u201d \u2013 theksoi n\u00eb predikimin e tij, Hir\u00ebsi Nikolla.<\/span><\/div>\n<\/td>\n<\/tr>\n<tr>\n<td>\n<div style=\"text-align: justify;\"><span style=\"color: #000000; font-family: helvetica; font-size: 12pt;\">&nbsp;&nbsp;&nbsp; Dy karakteristika vendimmarr\u00ebse kan\u00eb qen\u00eb n\u00eb jet\u00ebn e tyre: dashuria p\u00ebr Shkrimin e Shenjt\u00eb dhe dashuria p\u00ebr t\u00eb af\u00ebrmin. \u201cK\u00ebto dy dashuri duhet t\u00eb kemi parasysh n\u00eb jet\u00ebn ton\u00eb dhe t\u00eb lutemi t\u00eb gjith\u00eb ne, q\u00eb Tre Hierark\u00ebt t\u00eb nd\u00ebrmjetojn\u00eb tek Zoti p\u00ebr tu b\u00ebr\u00eb edhe ne transmetues t\u00eb ujit t\u00eb gjall\u00eb t\u00eb Per\u00ebndis\u00eb\u201d.<\/span><\/div>\n<\/td>\n<td>\n<div><span style=\"color: #000000; font-family: helvetica; font-size: 12pt;\"><img decoding=\"async\" class=\"lazyload HAa Eha\" style=\"border-width: 1px; border-style: solid; margin: 10px auto; display: block;\" alt=\"\" src=\"data:image\/gif;base64,R0lGODlhAQABAAAAACH5BAEKAAEALAAAAAABAAEAAAICTAEAOw==\" data-orig-src=\"https:\/\/lh4.googleusercontent.com\/-lmeLmieMm84\/VI6qf7KmWBI\/AAAAAAAAHi0\/InRhvcXWyeQ\/w225-h400-no\/Sh[1].%2BVlash%2B4.jpg\" \/><\/span><\/div>\n<\/td>\n<\/tr>\n<tr>\n<td>\n<div><span style=\"color: #000000; font-family: helvetica; font-size: 12pt;\"><img decoding=\"async\" class=\"lazyload HAa Eha\" style=\"border-width: 1px; border-style: solid; margin: 10px auto; display: block;\" alt=\"\" src=\"data:image\/gif;base64,R0lGODlhAQABAAAAACH5BAEKAAEALAAAAAABAAEAAAICTAEAOw==\" data-orig-src=\"https:\/\/lh6.googleusercontent.com\/-SKhvoOfxSzA\/VI6qgPRNoGI\/AAAAAAAAHjE\/q_s6Hh8f6B8\/w400-h225-no\/Sh[1].%2BVlash%2B5.jpg\" \/><\/span><\/div>\n<\/td>\n<td>\n<div style=\"text-align: justify;\"><span style=\"color: #000000; font-family: helvetica; font-size: 12pt;\">&nbsp;&nbsp;&nbsp; Pas Liturgjis\u00eb Hyjnore student\u00eb t\u00eb vitit IV t\u00eb Akademis\u00eb lexuan nga jeta dhe shkrimet e k\u00ebtyre shenjtor\u00ebve.&nbsp;&nbsp;N\u00eb fund, student\u00ebt k\u00ebnduan himnin e Akademis\u00eb si nj\u00eb premtim n\u00eb Kish\u00eb p\u00ebrpara Tre Arkond\u00ebve, dhe vet\u00eb Per\u00ebndis\u00eb p\u00ebr rrug\u00ebn e nj\u00eb jete t\u00eb past\u00ebr t\u00eb udh\u00ebhequr nga Krishti, duke ndjekur shembullin e shenjtor\u00ebve, q\u00eb mbeten p\u00ebrher\u00eb pararoj\u00eb e dijes dhe t\u00eb gjitha njohurit\u00eb e tyre i vendosin n\u00eb sh\u00ebrbim t\u00eb njer\u00ebzve t\u00eb thjesht\u00eb.<\/span><\/div>\n<\/td>\n<\/tr>\n<tr>\n<td dir=\"ltr\" colspan=\"2\">\n<div style=\"text-align: justify;\"><span style=\"color: #000000; font-family: helvetica; font-size: 12pt;\"> &nbsp;&nbsp;&nbsp; Po k\u00ebshtu edhe n\u00eb ambientet e Institutit t\u00eb Formimit Profesional \u201cFrym\u00eb Dashurie\u201d, n\u00eb Tiran\u00eb, u organizua nga pedagog\u00ebt dhe student\u00ebt e k\u00ebtij instituti nj\u00eb program festiv p\u00ebr k\u00ebt\u00eb dit\u00eb kremtuese t\u00eb Tre Hierark\u00ebve t\u00eb m\u00ebdhenj, si festa e arsimtar\u00ebve. N\u00eb k\u00ebt\u00eb festim znj. Leni Galanopulu foli p\u00ebr jet\u00ebn, vepr\u00ebn e k\u00ebtyre hierark\u00ebve ekumenik\u00eb, si edhe p\u00ebr r\u00ebnd\u00ebsin\u00eb e vepr\u00ebs s\u00eb tyre, duke sjell\u00eb mendime dhe fjal\u00eb p\u00ebr ta nga mendimtar\u00eb e shkenc\u00ebtar\u00eb t\u00eb ndrysh\u00ebm n\u00eb shekuj. N\u00eb fund student\u00eb t\u00eb institutit lexuan poezi nga k\u00ebta Et\u00ebr t\u00eb m\u00ebdhenj t\u00eb Kish\u00ebs.<\/span><\/div>\n<div style=\"text-align: justify;\"><span style=\"font-family: helvetica; font-size: 12pt;\"><\/span><\/div>\n<div><span style=\"font-family: helvetica; font-size: 12pt;\"><\/span><\/div>\n<div><span style=\"color: #000000; font-family: helvetica; font-size: 12pt;\"><strong>I.Koti &amp; L.Pjetri<\/strong><\/span><\/div>\n<\/td>\n<\/tr>\n<\/tbody>\n<\/table>\n<p>&nbsp;<\/p>\n","protected":false},"excerpt":{"rendered":"<p>&nbsp;&nbsp;&nbsp; Festa e Tre Hierark\u00ebve (Sh\u00ebn Vasili i Madh, Sh\u00ebn Grigor Teologu dhe Sh\u00ebn Joan Gojarti) n\u00eb bot\u00ebn e Krishter\u00eb Orthodhokse kremtohet n\u00eb m\u00ebnyr\u00eb t\u00eb ve\u00e7ant\u00eb, sepse k\u00ebta shenjtor\u00eb njihen si mbrojt\u00ebs dhe ndri\u00e7ues t\u00eb arsimit, t\u00eb m\u00ebsuesve, pedagog\u00ebve dhe nx\u00ebn\u00ebsve. &nbsp; &nbsp;&nbsp;&nbsp; Akademia Teologjike \u201cNgjallja e Krishtit\u201d n\u00eb Manastirin e Sh\u00ebn Vlashit, pran\u00eb qytetit bregdetar t\u00eb Durr\u00ebsit, e vler\u00ebson k\u00ebt\u00eb dit\u00eb si i fest\u00ebn<\/p>\n","protected":false},"author":1,"featured_media":0,"comment_status":"open","ping_status":"open","sticky":false,"template":"","format":"standard","meta":{"_acf_changed":false,"pagelayer_contact_templates":[],"_pagelayer_content":"","inline_featured_image":false,"fifu_image_url":"","fifu_image_alt":"","footnotes":""},"categories":[108],"tags":[146,157,196,212],"class_list":["post-491","post","type-post","status-publish","format-standard","hentry","category-lajme","tag-146","tag-kremtime","tag-tirane","tag-lajme-d27"],"acf":[],"yoast_head":"<!-- This site is optimized with the Yoast SEO plugin v27.2 - https:\/\/yoast.com\/product\/yoast-seo-wordpress\/ -->\n<title>E kremtja e Tre Hierark\u00ebve n\u00eb Akademin\u00eb Teologjike dhe Institutin e Formimit Profesional. (Janar 2008) - Kisha Orthodh\u03bfkse Autoqefale e Shqip\u00ebris\u00eb<\/title>\n<meta name=\"robots\" content=\"index, follow, max-snippet:-1, max-image-preview:large, max-video-preview:-1\" \/>\n<link rel=\"canonical\" href=\"https:\/\/orthodoxalbania.org\/2020\/2008\/02\/26\/e-kremtja-e-tre-hierarkeve-ne-akademine-teologjike-dhe-institutin-e-formimit-profesional-janar-2008\/\" \/>\n<meta property=\"og:locale\" content=\"en_US\" \/>\n<meta property=\"og:type\" content=\"article\" \/>\n<meta property=\"og:title\" content=\"E kremtja e Tre Hierark\u00ebve n\u00eb Akademin\u00eb Teologjike dhe Institutin e Formimit Profesional. (Janar 2008) - Kisha Orthodh\u03bfkse Autoqefale e Shqip\u00ebris\u00eb\" \/>\n<meta property=\"og:description\" content=\"&nbsp;&nbsp;&nbsp; Festa e Tre Hierark\u00ebve (Sh\u00ebn Vasili i Madh, Sh\u00ebn Grigor Teologu dhe Sh\u00ebn Joan Gojarti) n\u00eb bot\u00ebn e Krishter\u00eb Orthodhokse kremtohet n\u00eb m\u00ebnyr\u00eb t\u00eb ve\u00e7ant\u00eb, sepse k\u00ebta shenjtor\u00eb njihen si mbrojt\u00ebs dhe ndri\u00e7ues t\u00eb arsimit, t\u00eb m\u00ebsuesve, pedagog\u00ebve dhe nx\u00ebn\u00ebsve. &nbsp; &nbsp;&nbsp;&nbsp; Akademia Teologjike \u201cNgjallja e Krishtit\u201d n\u00eb Manastirin e Sh\u00ebn Vlashit, pran\u00eb qytetit bregdetar t\u00eb Durr\u00ebsit, e vler\u00ebson k\u00ebt\u00eb dit\u00eb si i fest\u00ebn\" \/>\n<meta property=\"og:url\" content=\"https:\/\/orthodoxalbania.org\/2020\/2008\/02\/26\/e-kremtja-e-tre-hierarkeve-ne-akademine-teologjike-dhe-institutin-e-formimit-profesional-janar-2008\/\" \/>\n<meta property=\"og:site_name\" content=\"Kisha Orthodh\u03bfkse Autoqefale e Shqip\u00ebris\u00eb\" \/>\n<meta property=\"article:publisher\" content=\"https:\/\/www.facebook.com\/koash1991\" \/>\n<meta property=\"article:published_time\" content=\"2008-02-26T00:00:00+00:00\" \/>\n<meta property=\"article:modified_time\" content=\"2020-04-06T20:35:16+00:00\" \/>\n<meta property=\"og:image\" content=\"https:\/\/lh6.googleusercontent.com\/-HLUxWPE_xuY\/VI6qfYZkc7I\/AAAAAAAAHiw\/fi2m2T4nKWA\/w400-h225-no\/Sh%5B1%5D.%2BVlash%2B1.jpg\" \/>\n<meta name=\"author\" content=\"Kisha Orthodhokse\" \/>\n<meta name=\"twitter:card\" content=\"summary_large_image\" \/>\n<meta name=\"twitter:label1\" content=\"Written by\" \/>\n\t<meta name=\"twitter:data1\" content=\"Kisha Orthodhokse\" \/>\n\t<meta name=\"twitter:label2\" content=\"Est. reading time\" \/>\n\t<meta name=\"twitter:data2\" content=\"3 minutes\" \/>\n<script type=\"application\/ld+json\" class=\"yoast-schema-graph\">{\"@context\":\"https:\/\/schema.org\",\"@graph\":[{\"@type\":\"Article\",\"@id\":\"https:\/\/orthodoxalbania.org\/2020\/2008\/02\/26\/e-kremtja-e-tre-hierarkeve-ne-akademine-teologjike-dhe-institutin-e-formimit-profesional-janar-2008\/#article\",\"isPartOf\":{\"@id\":\"https:\/\/orthodoxalbania.org\/2020\/2008\/02\/26\/e-kremtja-e-tre-hierarkeve-ne-akademine-teologjike-dhe-institutin-e-formimit-profesional-janar-2008\/\"},\"author\":{\"name\":\"Kisha Orthodhokse\",\"@id\":\"https:\/\/orthodoxalbania.org\/2020\/#\/schema\/person\/0c387634a7063ac612d7ed9ce71c7e86\"},\"headline\":\"E kremtja e Tre Hierark\u00ebve n\u00eb Akademin\u00eb Teologjike dhe Institutin e Formimit Profesional. (Janar 2008)\",\"datePublished\":\"2008-02-26T00:00:00+00:00\",\"dateModified\":\"2020-04-06T20:35:16+00:00\",\"mainEntityOfPage\":{\"@id\":\"https:\/\/orthodoxalbania.org\/2020\/2008\/02\/26\/e-kremtja-e-tre-hierarkeve-ne-akademine-teologjike-dhe-institutin-e-formimit-profesional-janar-2008\/\"},\"wordCount\":650,\"commentCount\":0,\"publisher\":{\"@id\":\"https:\/\/orthodoxalbania.org\/2020\/#organization\"},\"image\":{\"@id\":\"https:\/\/orthodoxalbania.org\/2020\/2008\/02\/26\/e-kremtja-e-tre-hierarkeve-ne-akademine-teologjike-dhe-institutin-e-formimit-profesional-janar-2008\/#primaryimage\"},\"thumbnailUrl\":\"https:\/\/lh6.googleusercontent.com\/-HLUxWPE_xuY\/VI6qfYZkc7I\/AAAAAAAAHiw\/fi2m2T4nKWA\/w400-h225-no\/Sh[1].%2BVlash%2B1.jpg\",\"keywords\":[\"2008\",\"Kremtime\",\"Kryepiskopata Tiran\u00eb\",\"lajme\"],\"articleSection\":[\"Lajme\"],\"inLanguage\":\"en-US\"},{\"@type\":\"WebPage\",\"@id\":\"https:\/\/orthodoxalbania.org\/2020\/2008\/02\/26\/e-kremtja-e-tre-hierarkeve-ne-akademine-teologjike-dhe-institutin-e-formimit-profesional-janar-2008\/\",\"url\":\"https:\/\/orthodoxalbania.org\/2020\/2008\/02\/26\/e-kremtja-e-tre-hierarkeve-ne-akademine-teologjike-dhe-institutin-e-formimit-profesional-janar-2008\/\",\"name\":\"E kremtja e Tre Hierark\u00ebve n\u00eb Akademin\u00eb Teologjike dhe Institutin e Formimit Profesional. (Janar 2008) - Kisha Orthodh\u03bfkse Autoqefale e Shqip\u00ebris\u00eb\",\"isPartOf\":{\"@id\":\"https:\/\/orthodoxalbania.org\/2020\/#website\"},\"primaryImageOfPage\":{\"@id\":\"https:\/\/orthodoxalbania.org\/2020\/2008\/02\/26\/e-kremtja-e-tre-hierarkeve-ne-akademine-teologjike-dhe-institutin-e-formimit-profesional-janar-2008\/#primaryimage\"},\"image\":{\"@id\":\"https:\/\/orthodoxalbania.org\/2020\/2008\/02\/26\/e-kremtja-e-tre-hierarkeve-ne-akademine-teologjike-dhe-institutin-e-formimit-profesional-janar-2008\/#primaryimage\"},\"thumbnailUrl\":\"https:\/\/lh6.googleusercontent.com\/-HLUxWPE_xuY\/VI6qfYZkc7I\/AAAAAAAAHiw\/fi2m2T4nKWA\/w400-h225-no\/Sh[1].%2BVlash%2B1.jpg\",\"datePublished\":\"2008-02-26T00:00:00+00:00\",\"dateModified\":\"2020-04-06T20:35:16+00:00\",\"breadcrumb\":{\"@id\":\"https:\/\/orthodoxalbania.org\/2020\/2008\/02\/26\/e-kremtja-e-tre-hierarkeve-ne-akademine-teologjike-dhe-institutin-e-formimit-profesional-janar-2008\/#breadcrumb\"},\"inLanguage\":\"en-US\",\"potentialAction\":[{\"@type\":\"ReadAction\",\"target\":[\"https:\/\/orthodoxalbania.org\/2020\/2008\/02\/26\/e-kremtja-e-tre-hierarkeve-ne-akademine-teologjike-dhe-institutin-e-formimit-profesional-janar-2008\/\"]}]},{\"@type\":\"ImageObject\",\"inLanguage\":\"en-US\",\"@id\":\"https:\/\/orthodoxalbania.org\/2020\/2008\/02\/26\/e-kremtja-e-tre-hierarkeve-ne-akademine-teologjike-dhe-institutin-e-formimit-profesional-janar-2008\/#primaryimage\",\"url\":\"https:\/\/lh6.googleusercontent.com\/-HLUxWPE_xuY\/VI6qfYZkc7I\/AAAAAAAAHiw\/fi2m2T4nKWA\/w400-h225-no\/Sh[1].%2BVlash%2B1.jpg\",\"contentUrl\":\"https:\/\/lh6.googleusercontent.com\/-HLUxWPE_xuY\/VI6qfYZkc7I\/AAAAAAAAHiw\/fi2m2T4nKWA\/w400-h225-no\/Sh[1].%2BVlash%2B1.jpg\"},{\"@type\":\"BreadcrumbList\",\"@id\":\"https:\/\/orthodoxalbania.org\/2020\/2008\/02\/26\/e-kremtja-e-tre-hierarkeve-ne-akademine-teologjike-dhe-institutin-e-formimit-profesional-janar-2008\/#breadcrumb\",\"itemListElement\":[{\"@type\":\"ListItem\",\"position\":1,\"name\":\"Home\",\"item\":\"https:\/\/orthodoxalbania.org\/2020\/\"},{\"@type\":\"ListItem\",\"position\":2,\"name\":\"E kremtja e Tre Hierark\u00ebve n\u00eb Akademin\u00eb Teologjike dhe Institutin e Formimit Profesional. (Janar 2008)\"}]},{\"@type\":\"WebSite\",\"@id\":\"https:\/\/orthodoxalbania.org\/2020\/#website\",\"url\":\"https:\/\/orthodoxalbania.org\/2020\/\",\"name\":\"Kisha Orthodh\u03bfkse Autoqefale e Shqip\u00ebris\u00eb\",\"description\":\"Fqja Zyrtare e Kish\u00ebs Orthodhokse Autoqefale e Shqip\u00ebris\u00eb me lajmet edhe informacionet zyrtare p\u00ebr struktur\u00ebn edhe veprimtarin e saj.\",\"publisher\":{\"@id\":\"https:\/\/orthodoxalbania.org\/2020\/#organization\"},\"potentialAction\":[{\"@type\":\"SearchAction\",\"target\":{\"@type\":\"EntryPoint\",\"urlTemplate\":\"https:\/\/orthodoxalbania.org\/2020\/?s={search_term_string}\"},\"query-input\":{\"@type\":\"PropertyValueSpecification\",\"valueRequired\":true,\"valueName\":\"search_term_string\"}}],\"inLanguage\":\"en-US\"},{\"@type\":\"Organization\",\"@id\":\"https:\/\/orthodoxalbania.org\/2020\/#organization\",\"name\":\"Kisha Orthodhokse Autoqefale e Shqip\u00ebris\u00eb\",\"url\":\"https:\/\/orthodoxalbania.org\/2020\/\",\"logo\":{\"@type\":\"ImageObject\",\"inLanguage\":\"en-US\",\"@id\":\"https:\/\/orthodoxalbania.org\/2020\/#\/schema\/logo\/image\/\",\"url\":\"https:\/\/orthodoxalbania.org\/2020\/wp-content\/uploads\/2020\/05\/albania.jpeg\",\"contentUrl\":\"https:\/\/orthodoxalbania.org\/2020\/wp-content\/uploads\/2020\/05\/albania.jpeg\",\"width\":540,\"height\":540,\"caption\":\"Kisha Orthodhokse Autoqefale e Shqip\u00ebris\u00eb\"},\"image\":{\"@id\":\"https:\/\/orthodoxalbania.org\/2020\/#\/schema\/logo\/image\/\"},\"sameAs\":[\"https:\/\/www.facebook.com\/koash1991\"]},{\"@type\":\"Person\",\"@id\":\"https:\/\/orthodoxalbania.org\/2020\/#\/schema\/person\/0c387634a7063ac612d7ed9ce71c7e86\",\"name\":\"Kisha Orthodhokse\",\"image\":{\"@type\":\"ImageObject\",\"inLanguage\":\"en-US\",\"@id\":\"https:\/\/secure.gravatar.com\/avatar\/596e7c417251e30f2fbb9c00e026fce61a695a00e51c889caded71c96cbbdde5?s=96&d=mm&r=g\",\"url\":\"https:\/\/secure.gravatar.com\/avatar\/596e7c417251e30f2fbb9c00e026fce61a695a00e51c889caded71c96cbbdde5?s=96&d=mm&r=g\",\"contentUrl\":\"https:\/\/secure.gravatar.com\/avatar\/596e7c417251e30f2fbb9c00e026fce61a695a00e51c889caded71c96cbbdde5?s=96&d=mm&r=g\",\"caption\":\"Kisha Orthodhokse\"}}]}<\/script>\n<!-- \/ Yoast SEO plugin. -->","yoast_head_json":{"title":"E kremtja e Tre Hierark\u00ebve n\u00eb Akademin\u00eb Teologjike dhe Institutin e Formimit Profesional. (Janar 2008) - Kisha Orthodh\u03bfkse Autoqefale e Shqip\u00ebris\u00eb","robots":{"index":"index","follow":"follow","max-snippet":"max-snippet:-1","max-image-preview":"max-image-preview:large","max-video-preview":"max-video-preview:-1"},"canonical":"https:\/\/orthodoxalbania.org\/2020\/2008\/02\/26\/e-kremtja-e-tre-hierarkeve-ne-akademine-teologjike-dhe-institutin-e-formimit-profesional-janar-2008\/","og_locale":"en_US","og_type":"article","og_title":"E kremtja e Tre Hierark\u00ebve n\u00eb Akademin\u00eb Teologjike dhe Institutin e Formimit Profesional. (Janar 2008) - Kisha Orthodh\u03bfkse Autoqefale e Shqip\u00ebris\u00eb","og_description":"&nbsp;&nbsp;&nbsp; Festa e Tre Hierark\u00ebve (Sh\u00ebn Vasili i Madh, Sh\u00ebn Grigor Teologu dhe Sh\u00ebn Joan Gojarti) n\u00eb bot\u00ebn e Krishter\u00eb Orthodhokse kremtohet n\u00eb m\u00ebnyr\u00eb t\u00eb ve\u00e7ant\u00eb, sepse k\u00ebta shenjtor\u00eb njihen si mbrojt\u00ebs dhe ndri\u00e7ues t\u00eb arsimit, t\u00eb m\u00ebsuesve, pedagog\u00ebve dhe nx\u00ebn\u00ebsve. &nbsp; &nbsp;&nbsp;&nbsp; Akademia Teologjike \u201cNgjallja e Krishtit\u201d n\u00eb Manastirin e Sh\u00ebn Vlashit, pran\u00eb qytetit bregdetar t\u00eb Durr\u00ebsit, e vler\u00ebson k\u00ebt\u00eb dit\u00eb si i fest\u00ebn","og_url":"https:\/\/orthodoxalbania.org\/2020\/2008\/02\/26\/e-kremtja-e-tre-hierarkeve-ne-akademine-teologjike-dhe-institutin-e-formimit-profesional-janar-2008\/","og_site_name":"Kisha Orthodh\u03bfkse Autoqefale e Shqip\u00ebris\u00eb","article_publisher":"https:\/\/www.facebook.com\/koash1991","article_published_time":"2008-02-26T00:00:00+00:00","article_modified_time":"2020-04-06T20:35:16+00:00","og_image":[{"url":"https:\/\/lh6.googleusercontent.com\/-HLUxWPE_xuY\/VI6qfYZkc7I\/AAAAAAAAHiw\/fi2m2T4nKWA\/w400-h225-no\/Sh[1].%2BVlash%2B1.jpg","type":"","width":"","height":""}],"author":"Kisha Orthodhokse","twitter_card":"summary_large_image","twitter_misc":{"Written by":"Kisha Orthodhokse","Est. reading time":"3 minutes"},"schema":{"@context":"https:\/\/schema.org","@graph":[{"@type":"Article","@id":"https:\/\/orthodoxalbania.org\/2020\/2008\/02\/26\/e-kremtja-e-tre-hierarkeve-ne-akademine-teologjike-dhe-institutin-e-formimit-profesional-janar-2008\/#article","isPartOf":{"@id":"https:\/\/orthodoxalbania.org\/2020\/2008\/02\/26\/e-kremtja-e-tre-hierarkeve-ne-akademine-teologjike-dhe-institutin-e-formimit-profesional-janar-2008\/"},"author":{"name":"Kisha Orthodhokse","@id":"https:\/\/orthodoxalbania.org\/2020\/#\/schema\/person\/0c387634a7063ac612d7ed9ce71c7e86"},"headline":"E kremtja e Tre Hierark\u00ebve n\u00eb Akademin\u00eb Teologjike dhe Institutin e Formimit Profesional. (Janar 2008)","datePublished":"2008-02-26T00:00:00+00:00","dateModified":"2020-04-06T20:35:16+00:00","mainEntityOfPage":{"@id":"https:\/\/orthodoxalbania.org\/2020\/2008\/02\/26\/e-kremtja-e-tre-hierarkeve-ne-akademine-teologjike-dhe-institutin-e-formimit-profesional-janar-2008\/"},"wordCount":650,"commentCount":0,"publisher":{"@id":"https:\/\/orthodoxalbania.org\/2020\/#organization"},"image":{"@id":"https:\/\/orthodoxalbania.org\/2020\/2008\/02\/26\/e-kremtja-e-tre-hierarkeve-ne-akademine-teologjike-dhe-institutin-e-formimit-profesional-janar-2008\/#primaryimage"},"thumbnailUrl":"https:\/\/lh6.googleusercontent.com\/-HLUxWPE_xuY\/VI6qfYZkc7I\/AAAAAAAAHiw\/fi2m2T4nKWA\/w400-h225-no\/Sh[1].%2BVlash%2B1.jpg","keywords":["2008","Kremtime","Kryepiskopata Tiran\u00eb","lajme"],"articleSection":["Lajme"],"inLanguage":"en-US"},{"@type":"WebPage","@id":"https:\/\/orthodoxalbania.org\/2020\/2008\/02\/26\/e-kremtja-e-tre-hierarkeve-ne-akademine-teologjike-dhe-institutin-e-formimit-profesional-janar-2008\/","url":"https:\/\/orthodoxalbania.org\/2020\/2008\/02\/26\/e-kremtja-e-tre-hierarkeve-ne-akademine-teologjike-dhe-institutin-e-formimit-profesional-janar-2008\/","name":"E kremtja e Tre Hierark\u00ebve n\u00eb Akademin\u00eb Teologjike dhe Institutin e Formimit Profesional. (Janar 2008) - Kisha Orthodh\u03bfkse Autoqefale e Shqip\u00ebris\u00eb","isPartOf":{"@id":"https:\/\/orthodoxalbania.org\/2020\/#website"},"primaryImageOfPage":{"@id":"https:\/\/orthodoxalbania.org\/2020\/2008\/02\/26\/e-kremtja-e-tre-hierarkeve-ne-akademine-teologjike-dhe-institutin-e-formimit-profesional-janar-2008\/#primaryimage"},"image":{"@id":"https:\/\/orthodoxalbania.org\/2020\/2008\/02\/26\/e-kremtja-e-tre-hierarkeve-ne-akademine-teologjike-dhe-institutin-e-formimit-profesional-janar-2008\/#primaryimage"},"thumbnailUrl":"https:\/\/lh6.googleusercontent.com\/-HLUxWPE_xuY\/VI6qfYZkc7I\/AAAAAAAAHiw\/fi2m2T4nKWA\/w400-h225-no\/Sh[1].%2BVlash%2B1.jpg","datePublished":"2008-02-26T00:00:00+00:00","dateModified":"2020-04-06T20:35:16+00:00","breadcrumb":{"@id":"https:\/\/orthodoxalbania.org\/2020\/2008\/02\/26\/e-kremtja-e-tre-hierarkeve-ne-akademine-teologjike-dhe-institutin-e-formimit-profesional-janar-2008\/#breadcrumb"},"inLanguage":"en-US","potentialAction":[{"@type":"ReadAction","target":["https:\/\/orthodoxalbania.org\/2020\/2008\/02\/26\/e-kremtja-e-tre-hierarkeve-ne-akademine-teologjike-dhe-institutin-e-formimit-profesional-janar-2008\/"]}]},{"@type":"ImageObject","inLanguage":"en-US","@id":"https:\/\/orthodoxalbania.org\/2020\/2008\/02\/26\/e-kremtja-e-tre-hierarkeve-ne-akademine-teologjike-dhe-institutin-e-formimit-profesional-janar-2008\/#primaryimage","url":"https:\/\/lh6.googleusercontent.com\/-HLUxWPE_xuY\/VI6qfYZkc7I\/AAAAAAAAHiw\/fi2m2T4nKWA\/w400-h225-no\/Sh[1].%2BVlash%2B1.jpg","contentUrl":"https:\/\/lh6.googleusercontent.com\/-HLUxWPE_xuY\/VI6qfYZkc7I\/AAAAAAAAHiw\/fi2m2T4nKWA\/w400-h225-no\/Sh[1].%2BVlash%2B1.jpg"},{"@type":"BreadcrumbList","@id":"https:\/\/orthodoxalbania.org\/2020\/2008\/02\/26\/e-kremtja-e-tre-hierarkeve-ne-akademine-teologjike-dhe-institutin-e-formimit-profesional-janar-2008\/#breadcrumb","itemListElement":[{"@type":"ListItem","position":1,"name":"Home","item":"https:\/\/orthodoxalbania.org\/2020\/"},{"@type":"ListItem","position":2,"name":"E kremtja e Tre Hierark\u00ebve n\u00eb Akademin\u00eb Teologjike dhe Institutin e Formimit Profesional. (Janar 2008)"}]},{"@type":"WebSite","@id":"https:\/\/orthodoxalbania.org\/2020\/#website","url":"https:\/\/orthodoxalbania.org\/2020\/","name":"Kisha Orthodh\u03bfkse Autoqefale e Shqip\u00ebris\u00eb","description":"Fqja Zyrtare e Kish\u00ebs Orthodhokse Autoqefale e Shqip\u00ebris\u00eb me lajmet edhe informacionet zyrtare p\u00ebr struktur\u00ebn edhe veprimtarin e saj.","publisher":{"@id":"https:\/\/orthodoxalbania.org\/2020\/#organization"},"potentialAction":[{"@type":"SearchAction","target":{"@type":"EntryPoint","urlTemplate":"https:\/\/orthodoxalbania.org\/2020\/?s={search_term_string}"},"query-input":{"@type":"PropertyValueSpecification","valueRequired":true,"valueName":"search_term_string"}}],"inLanguage":"en-US"},{"@type":"Organization","@id":"https:\/\/orthodoxalbania.org\/2020\/#organization","name":"Kisha Orthodhokse Autoqefale e Shqip\u00ebris\u00eb","url":"https:\/\/orthodoxalbania.org\/2020\/","logo":{"@type":"ImageObject","inLanguage":"en-US","@id":"https:\/\/orthodoxalbania.org\/2020\/#\/schema\/logo\/image\/","url":"https:\/\/orthodoxalbania.org\/2020\/wp-content\/uploads\/2020\/05\/albania.jpeg","contentUrl":"https:\/\/orthodoxalbania.org\/2020\/wp-content\/uploads\/2020\/05\/albania.jpeg","width":540,"height":540,"caption":"Kisha Orthodhokse Autoqefale e Shqip\u00ebris\u00eb"},"image":{"@id":"https:\/\/orthodoxalbania.org\/2020\/#\/schema\/logo\/image\/"},"sameAs":["https:\/\/www.facebook.com\/koash1991"]},{"@type":"Person","@id":"https:\/\/orthodoxalbania.org\/2020\/#\/schema\/person\/0c387634a7063ac612d7ed9ce71c7e86","name":"Kisha Orthodhokse","image":{"@type":"ImageObject","inLanguage":"en-US","@id":"https:\/\/secure.gravatar.com\/avatar\/596e7c417251e30f2fbb9c00e026fce61a695a00e51c889caded71c96cbbdde5?s=96&d=mm&r=g","url":"https:\/\/secure.gravatar.com\/avatar\/596e7c417251e30f2fbb9c00e026fce61a695a00e51c889caded71c96cbbdde5?s=96&d=mm&r=g","contentUrl":"https:\/\/secure.gravatar.com\/avatar\/596e7c417251e30f2fbb9c00e026fce61a695a00e51c889caded71c96cbbdde5?s=96&d=mm&r=g","caption":"Kisha Orthodhokse"}}]}},"_links":{"self":[{"href":"https:\/\/orthodoxalbania.org\/2020\/wp-json\/wp\/v2\/posts\/491","targetHints":{"allow":["GET"]}}],"collection":[{"href":"https:\/\/orthodoxalbania.org\/2020\/wp-json\/wp\/v2\/posts"}],"about":[{"href":"https:\/\/orthodoxalbania.org\/2020\/wp-json\/wp\/v2\/types\/post"}],"author":[{"embeddable":true,"href":"https:\/\/orthodoxalbania.org\/2020\/wp-json\/wp\/v2\/users\/1"}],"replies":[{"embeddable":true,"href":"https:\/\/orthodoxalbania.org\/2020\/wp-json\/wp\/v2\/comments?post=491"}],"version-history":[{"count":1,"href":"https:\/\/orthodoxalbania.org\/2020\/wp-json\/wp\/v2\/posts\/491\/revisions"}],"predecessor-version":[{"id":15635,"href":"https:\/\/orthodoxalbania.org\/2020\/wp-json\/wp\/v2\/posts\/491\/revisions\/15635"}],"wp:attachment":[{"href":"https:\/\/orthodoxalbania.org\/2020\/wp-json\/wp\/v2\/media?parent=491"}],"wp:term":[{"taxonomy":"category","embeddable":true,"href":"https:\/\/orthodoxalbania.org\/2020\/wp-json\/wp\/v2\/categories?post=491"},{"taxonomy":"post_tag","embeddable":true,"href":"https:\/\/orthodoxalbania.org\/2020\/wp-json\/wp\/v2\/tags?post=491"}],"curies":[{"name":"wp","href":"https:\/\/api.w.org\/{rel}","templated":true}]}}