{"id":490,"date":"2008-02-26T00:00:00","date_gmt":"2008-02-26T00:00:00","guid":{"rendered":""},"modified":"2020-04-06T22:35:14","modified_gmt":"2020-04-06T20:35:14","slug":"e-kremtja-e-theofanise-ne-tirane-janar-2008","status":"publish","type":"post","link":"https:\/\/orthodoxalbania.org\/2020\/2008\/02\/26\/e-kremtja-e-theofanise-ne-tirane-janar-2008\/","title":{"rendered":"E kremtja e Theofanis\u00eb n\u00eb Tiran\u00eb. (Janar 2008)"},"content":{"rendered":"<p style=\"text-align: justify;\"><span style=\"color: #000000; font-family: helvetica; font-size: 12pt;\">&nbsp;&nbsp;&nbsp; Kremtimi i Ujit t\u00eb Bekuar \u00ebsht\u00eb nj\u00eb nga m\u00eb tradicional\u00ebt dhe m\u00eb t\u00eb ndjer\u00ebt nd\u00ebr festat orthodhokse. Ndaj kisha \u201cUngjill\u00ebzimi i Hyjlind\u00ebses\u201d ishte e mbushur nga besimtar\u00ebt q\u00eb her\u00ebt n\u00eb m\u00ebngjes, p\u00ebr t\u00eb marr\u00eb pjes\u00eb n\u00eb sh\u00ebrbesat e shenjta. Ato u kryen nga Kryepiskopi i Tiran\u00ebs, Durr\u00ebsit dhe i gjith\u00eb Shqip\u00ebris\u00eb Anastasi, i ndihmuar nga Episkopi i Kruj\u00ebs Andoni dhe klerik\u00eb t\u00eb tjer\u00eb.<\/span><\/p>\n<p style=\"text-align: justify;\"><span style=\"color: #000000; font-family: helvetica; font-size: 12pt;\"><img decoding=\"async\" class=\"lazyload HAa Eha\" style=\"border-width: 1px; border-style: solid; margin: 10px; height: 225px; width: 300px; float: left;\" alt=\"\" src=\"data:image\/gif;base64,R0lGODlhAQABAAAAACH5BAEKAAEALAAAAAABAAEAAAICTAEAOw==\" data-orig-src=\"https:\/\/lh6.googleusercontent.com\/-p3Uw71EPi_4\/VIvyWn4q31I\/AAAAAAAAHTc\/_3QlsYGq3jw\/w400-h300-no\/1.jpg\" \/>&nbsp;&nbsp;&nbsp; Pas Liturgjis\u00eb Hyjnore u krye Bekimi i Madh i Ujit. P\u00ebr shkak t\u00eb motit t\u00eb keq, ai u krye nga Kryepiskopi Anastas n\u00eb brend\u00ebsi t\u00eb kish\u00ebs, i shoq\u00ebruar nga psaljet e korit bizantin dhe leximet e profecive, q\u00eb paralajm\u00ebronin k\u00ebt\u00eb shfaqje (Theofani) t\u00eb Zotit. Mbas k\u00ebndimit t\u00eb Apostullit (I Korinthian\u00ebt 1:10-14) dhe Ungjillit (Marku 1:9-11), u krye litania e madhe e ve\u00e7ant\u00eb, duke e thirrur hirin e Shpirtit t\u00eb Shenjt\u00eb t\u00eb vij\u00eb mbi ujin dhe mbi t\u00eb gjith\u00eb ata q\u00eb marrin pjes\u00eb n\u00eb sh\u00ebrbes\u00eb. Ajo mbaroi me lutjen e lavd\u00ebrimit kozmik t\u00eb Per\u00ebndis\u00eb, n\u00eb t\u00eb cil\u00ebn Krishti thirret t\u00eb shenjt\u00ebroj\u00eb ujin, t\u00eb gjith\u00eb njer\u00ebzit dhe t\u00eb gjith\u00eb krijimin, n\u00ebp\u00ebrmjet shfaqjes s\u00eb pranis\u00eb s\u00eb tij hyjnore dhe shenjt\u00ebruese, me an\u00eb t\u00eb banimit t\u00eb Shpirtit t\u00eb Shenjt\u00eb, t\u00eb Mir\u00eb e Jet\u00ebb\u00ebr\u00ebs.<\/span><\/p>\n<p style=\"text-align: justify;\"><span style=\"color: #000000; font-family: helvetica; font-size: 12pt;\"><img decoding=\"async\" class=\"lazyload HAa Eha\" style=\"height: 225px; width: 300px; border-width: 1px; border-style: solid; margin: 10px; float: right;\" alt=\"\" src=\"data:image\/gif;base64,R0lGODlhAQABAAAAACH5BAEKAAEALAAAAAABAAEAAAICTAEAOw==\" data-orig-src=\"https:\/\/lh4.googleusercontent.com\/-pXvbCpS_RSk\/VIvyWv5gbnI\/AAAAAAAAHTY\/kFlRl9ZDdQg\/w400-h300-no\/2.jpg\" \/>&nbsp;&nbsp;&nbsp; Nd\u00ebrsa psalej p\u00ebrl\u00ebshorja e fest\u00ebs \u201cN\u00eb Jordan kur pag\u00ebzoheshe o Zot\u2026\u201d, Fortlumturia e Tij e zhyti tri her\u00eb kryqin n\u00eb en\u00ebn me uj\u00eb t\u00eb bekuar dhe m\u00eb pas sp\u00ebrkati me t\u00eb, me an\u00eb t\u00eb nj\u00eb tufe borziloku, besimtar\u00ebt n\u00eb t\u00eb kat\u00ebr an\u00ebt.<\/span><\/p>\n<p style=\"text-align: justify;\"><span style=\"color: #000000; font-family: helvetica; font-size: 12pt;\">&nbsp;&nbsp;&nbsp;&nbsp; M\u00eb pas, Kryepiskopi dhe klerik\u00ebt e tjer\u00eb, me en\u00eb t\u00eb mbushura me ujin e bekuar, dol\u00ebn jasht\u00eb kish\u00ebs, p\u00ebr t\u00eb bekuar ujin q\u00eb do t\u00eb merrnin besimtar\u00ebt. Aty, n\u00eb dy pika, ishin vendosur en\u00eb t\u00eb m\u00ebdha t\u00eb posa\u00e7me dhe depozita t\u00eb m\u00ebdha, t\u00eb lidhura me rreth dyzet\u00eb gjasht\u00eb rrubineta, p\u00ebr t\u00eb leht\u00ebsuar marrjen e ujit.<\/span><\/p>\n<p style=\"text-align: justify;\"><span style=\"color: #000000; font-family: helvetica; font-size: 12pt;\">&nbsp;&nbsp;&nbsp;&nbsp; Besimtar\u00ebt, madje edhe qytetar\u00eb t\u00eb besimeve t\u00eb tjera, nuk resht\u00ebn s\u00eb ardhuri n\u00eb kish\u00eb deri n\u00eb or\u00ebt e vona t\u00eb mbr\u00ebmjes, p\u00ebr t\u00eb marr\u00eb dhe \u00e7uar n\u00eb sht\u00ebpit\u00eb e tyre ujin q\u00eb bekon gjith\u00eb krijes\u00ebn.<\/span><\/p>\n<p style=\"text-align: justify;\"><span style=\"font-family: helvetica; font-size: 12pt;\"><\/span><\/p>\n<p style=\"text-align: justify;\"><span style=\"color: #000000; font-family: helvetica; font-size: 12pt;\">&nbsp;&nbsp;&nbsp;&nbsp;&nbsp;<br \/> &nbsp; Thoma Dhima<\/span><\/p>\n","protected":false},"excerpt":{"rendered":"<p>&nbsp;&nbsp;&nbsp; Kremtimi i Ujit t\u00eb Bekuar \u00ebsht\u00eb nj\u00eb nga m\u00eb tradicional\u00ebt dhe m\u00eb t\u00eb ndjer\u00ebt nd\u00ebr festat orthodhokse. Ndaj kisha \u201cUngjill\u00ebzimi i Hyjlind\u00ebses\u201d ishte e mbushur nga besimtar\u00ebt q\u00eb her\u00ebt n\u00eb m\u00ebngjes, p\u00ebr t\u00eb marr\u00eb pjes\u00eb n\u00eb sh\u00ebrbesat e shenjta. Ato u kryen nga Kryepiskopi i Tiran\u00ebs, Durr\u00ebsit dhe i gjith\u00eb Shqip\u00ebris\u00eb Anastasi, i ndihmuar nga Episkopi i Kruj\u00ebs Andoni dhe klerik\u00eb t\u00eb tjer\u00eb. &nbsp;&nbsp;&nbsp;<\/p>\n","protected":false},"author":1,"featured_media":0,"comment_status":"open","ping_status":"open","sticky":false,"template":"","format":"standard","meta":{"_acf_changed":false,"pagelayer_contact_templates":[],"_pagelayer_content":"","inline_featured_image":false,"fifu_image_url":"","fifu_image_alt":"","footnotes":""},"categories":[108],"tags":[146,157,196,201,212,193],"class_list":["post-490","post","type-post","status-publish","format-standard","hentry","category-lajme","tag-146","tag-kremtime","tag-tirane","tag-kryepiskopi-anastas","tag-lajme-d27","tag-uji-i-bekuar"],"acf":[],"yoast_head":"<!-- This site is optimized with the Yoast SEO plugin v27.2 - https:\/\/yoast.com\/product\/yoast-seo-wordpress\/ -->\n<title>E kremtja e Theofanis\u00eb n\u00eb Tiran\u00eb. (Janar 2008) - Kisha Orthodh\u03bfkse Autoqefale e Shqip\u00ebris\u00eb<\/title>\n<meta name=\"robots\" content=\"index, follow, max-snippet:-1, max-image-preview:large, max-video-preview:-1\" \/>\n<link rel=\"canonical\" href=\"https:\/\/orthodoxalbania.org\/2020\/2008\/02\/26\/e-kremtja-e-theofanise-ne-tirane-janar-2008\/\" \/>\n<meta property=\"og:locale\" content=\"en_US\" \/>\n<meta property=\"og:type\" content=\"article\" \/>\n<meta property=\"og:title\" content=\"E kremtja e Theofanis\u00eb n\u00eb Tiran\u00eb. (Janar 2008) - Kisha Orthodh\u03bfkse Autoqefale e Shqip\u00ebris\u00eb\" \/>\n<meta property=\"og:description\" content=\"&nbsp;&nbsp;&nbsp; Kremtimi i Ujit t\u00eb Bekuar \u00ebsht\u00eb nj\u00eb nga m\u00eb tradicional\u00ebt dhe m\u00eb t\u00eb ndjer\u00ebt nd\u00ebr festat orthodhokse. Ndaj kisha \u201cUngjill\u00ebzimi i Hyjlind\u00ebses\u201d ishte e mbushur nga besimtar\u00ebt q\u00eb her\u00ebt n\u00eb m\u00ebngjes, p\u00ebr t\u00eb marr\u00eb pjes\u00eb n\u00eb sh\u00ebrbesat e shenjta. Ato u kryen nga Kryepiskopi i Tiran\u00ebs, Durr\u00ebsit dhe i gjith\u00eb Shqip\u00ebris\u00eb Anastasi, i ndihmuar nga Episkopi i Kruj\u00ebs Andoni dhe klerik\u00eb t\u00eb tjer\u00eb. &nbsp;&nbsp;&nbsp;\" \/>\n<meta property=\"og:url\" content=\"https:\/\/orthodoxalbania.org\/2020\/2008\/02\/26\/e-kremtja-e-theofanise-ne-tirane-janar-2008\/\" \/>\n<meta property=\"og:site_name\" content=\"Kisha Orthodh\u03bfkse Autoqefale e Shqip\u00ebris\u00eb\" \/>\n<meta property=\"article:publisher\" content=\"https:\/\/www.facebook.com\/koash1991\" \/>\n<meta property=\"article:published_time\" content=\"2008-02-26T00:00:00+00:00\" \/>\n<meta property=\"article:modified_time\" content=\"2020-04-06T20:35:14+00:00\" \/>\n<meta property=\"og:image\" content=\"https:\/\/lh6.googleusercontent.com\/-p3Uw71EPi_4\/VIvyWn4q31I\/AAAAAAAAHTc\/_3QlsYGq3jw\/w400-h300-no\/1.jpg\" \/>\n<meta name=\"author\" content=\"Kisha Orthodhokse\" \/>\n<meta name=\"twitter:card\" content=\"summary_large_image\" \/>\n<meta name=\"twitter:label1\" content=\"Written by\" \/>\n\t<meta name=\"twitter:data1\" content=\"Kisha Orthodhokse\" \/>\n\t<meta name=\"twitter:label2\" content=\"Est. reading time\" \/>\n\t<meta name=\"twitter:data2\" content=\"2 minutes\" \/>\n<script type=\"application\/ld+json\" class=\"yoast-schema-graph\">{\"@context\":\"https:\/\/schema.org\",\"@graph\":[{\"@type\":\"Article\",\"@id\":\"https:\/\/orthodoxalbania.org\/2020\/2008\/02\/26\/e-kremtja-e-theofanise-ne-tirane-janar-2008\/#article\",\"isPartOf\":{\"@id\":\"https:\/\/orthodoxalbania.org\/2020\/2008\/02\/26\/e-kremtja-e-theofanise-ne-tirane-janar-2008\/\"},\"author\":{\"name\":\"Kisha Orthodhokse\",\"@id\":\"https:\/\/orthodoxalbania.org\/2020\/#\/schema\/person\/0c387634a7063ac612d7ed9ce71c7e86\"},\"headline\":\"E kremtja e Theofanis\u00eb n\u00eb Tiran\u00eb. (Janar 2008)\",\"datePublished\":\"2008-02-26T00:00:00+00:00\",\"dateModified\":\"2020-04-06T20:35:14+00:00\",\"mainEntityOfPage\":{\"@id\":\"https:\/\/orthodoxalbania.org\/2020\/2008\/02\/26\/e-kremtja-e-theofanise-ne-tirane-janar-2008\/\"},\"wordCount\":418,\"commentCount\":0,\"publisher\":{\"@id\":\"https:\/\/orthodoxalbania.org\/2020\/#organization\"},\"image\":{\"@id\":\"https:\/\/orthodoxalbania.org\/2020\/2008\/02\/26\/e-kremtja-e-theofanise-ne-tirane-janar-2008\/#primaryimage\"},\"thumbnailUrl\":\"https:\/\/lh6.googleusercontent.com\/-p3Uw71EPi_4\/VIvyWn4q31I\/AAAAAAAAHTc\/_3QlsYGq3jw\/w400-h300-no\/1.jpg\",\"keywords\":[\"2008\",\"Kremtime\",\"Kryepiskopata Tiran\u00eb\",\"Kryepiskopi Anastas\",\"lajme\",\"Uji i Bekuar\"],\"articleSection\":[\"Lajme\"],\"inLanguage\":\"en-US\"},{\"@type\":\"WebPage\",\"@id\":\"https:\/\/orthodoxalbania.org\/2020\/2008\/02\/26\/e-kremtja-e-theofanise-ne-tirane-janar-2008\/\",\"url\":\"https:\/\/orthodoxalbania.org\/2020\/2008\/02\/26\/e-kremtja-e-theofanise-ne-tirane-janar-2008\/\",\"name\":\"E kremtja e Theofanis\u00eb n\u00eb Tiran\u00eb. (Janar 2008) - Kisha Orthodh\u03bfkse Autoqefale e Shqip\u00ebris\u00eb\",\"isPartOf\":{\"@id\":\"https:\/\/orthodoxalbania.org\/2020\/#website\"},\"primaryImageOfPage\":{\"@id\":\"https:\/\/orthodoxalbania.org\/2020\/2008\/02\/26\/e-kremtja-e-theofanise-ne-tirane-janar-2008\/#primaryimage\"},\"image\":{\"@id\":\"https:\/\/orthodoxalbania.org\/2020\/2008\/02\/26\/e-kremtja-e-theofanise-ne-tirane-janar-2008\/#primaryimage\"},\"thumbnailUrl\":\"https:\/\/lh6.googleusercontent.com\/-p3Uw71EPi_4\/VIvyWn4q31I\/AAAAAAAAHTc\/_3QlsYGq3jw\/w400-h300-no\/1.jpg\",\"datePublished\":\"2008-02-26T00:00:00+00:00\",\"dateModified\":\"2020-04-06T20:35:14+00:00\",\"breadcrumb\":{\"@id\":\"https:\/\/orthodoxalbania.org\/2020\/2008\/02\/26\/e-kremtja-e-theofanise-ne-tirane-janar-2008\/#breadcrumb\"},\"inLanguage\":\"en-US\",\"potentialAction\":[{\"@type\":\"ReadAction\",\"target\":[\"https:\/\/orthodoxalbania.org\/2020\/2008\/02\/26\/e-kremtja-e-theofanise-ne-tirane-janar-2008\/\"]}]},{\"@type\":\"ImageObject\",\"inLanguage\":\"en-US\",\"@id\":\"https:\/\/orthodoxalbania.org\/2020\/2008\/02\/26\/e-kremtja-e-theofanise-ne-tirane-janar-2008\/#primaryimage\",\"url\":\"https:\/\/lh6.googleusercontent.com\/-p3Uw71EPi_4\/VIvyWn4q31I\/AAAAAAAAHTc\/_3QlsYGq3jw\/w400-h300-no\/1.jpg\",\"contentUrl\":\"https:\/\/lh6.googleusercontent.com\/-p3Uw71EPi_4\/VIvyWn4q31I\/AAAAAAAAHTc\/_3QlsYGq3jw\/w400-h300-no\/1.jpg\"},{\"@type\":\"BreadcrumbList\",\"@id\":\"https:\/\/orthodoxalbania.org\/2020\/2008\/02\/26\/e-kremtja-e-theofanise-ne-tirane-janar-2008\/#breadcrumb\",\"itemListElement\":[{\"@type\":\"ListItem\",\"position\":1,\"name\":\"Home\",\"item\":\"https:\/\/orthodoxalbania.org\/2020\/\"},{\"@type\":\"ListItem\",\"position\":2,\"name\":\"E kremtja e Theofanis\u00eb n\u00eb Tiran\u00eb. (Janar 2008)\"}]},{\"@type\":\"WebSite\",\"@id\":\"https:\/\/orthodoxalbania.org\/2020\/#website\",\"url\":\"https:\/\/orthodoxalbania.org\/2020\/\",\"name\":\"Kisha Orthodh\u03bfkse Autoqefale e Shqip\u00ebris\u00eb\",\"description\":\"Fqja Zyrtare e Kish\u00ebs Orthodhokse Autoqefale e Shqip\u00ebris\u00eb me lajmet edhe informacionet zyrtare p\u00ebr struktur\u00ebn edhe veprimtarin e saj.\",\"publisher\":{\"@id\":\"https:\/\/orthodoxalbania.org\/2020\/#organization\"},\"potentialAction\":[{\"@type\":\"SearchAction\",\"target\":{\"@type\":\"EntryPoint\",\"urlTemplate\":\"https:\/\/orthodoxalbania.org\/2020\/?s={search_term_string}\"},\"query-input\":{\"@type\":\"PropertyValueSpecification\",\"valueRequired\":true,\"valueName\":\"search_term_string\"}}],\"inLanguage\":\"en-US\"},{\"@type\":\"Organization\",\"@id\":\"https:\/\/orthodoxalbania.org\/2020\/#organization\",\"name\":\"Kisha Orthodhokse Autoqefale e Shqip\u00ebris\u00eb\",\"url\":\"https:\/\/orthodoxalbania.org\/2020\/\",\"logo\":{\"@type\":\"ImageObject\",\"inLanguage\":\"en-US\",\"@id\":\"https:\/\/orthodoxalbania.org\/2020\/#\/schema\/logo\/image\/\",\"url\":\"https:\/\/orthodoxalbania.org\/2020\/wp-content\/uploads\/2020\/05\/albania.jpeg\",\"contentUrl\":\"https:\/\/orthodoxalbania.org\/2020\/wp-content\/uploads\/2020\/05\/albania.jpeg\",\"width\":540,\"height\":540,\"caption\":\"Kisha Orthodhokse Autoqefale e Shqip\u00ebris\u00eb\"},\"image\":{\"@id\":\"https:\/\/orthodoxalbania.org\/2020\/#\/schema\/logo\/image\/\"},\"sameAs\":[\"https:\/\/www.facebook.com\/koash1991\"]},{\"@type\":\"Person\",\"@id\":\"https:\/\/orthodoxalbania.org\/2020\/#\/schema\/person\/0c387634a7063ac612d7ed9ce71c7e86\",\"name\":\"Kisha Orthodhokse\",\"image\":{\"@type\":\"ImageObject\",\"inLanguage\":\"en-US\",\"@id\":\"https:\/\/secure.gravatar.com\/avatar\/596e7c417251e30f2fbb9c00e026fce61a695a00e51c889caded71c96cbbdde5?s=96&d=mm&r=g\",\"url\":\"https:\/\/secure.gravatar.com\/avatar\/596e7c417251e30f2fbb9c00e026fce61a695a00e51c889caded71c96cbbdde5?s=96&d=mm&r=g\",\"contentUrl\":\"https:\/\/secure.gravatar.com\/avatar\/596e7c417251e30f2fbb9c00e026fce61a695a00e51c889caded71c96cbbdde5?s=96&d=mm&r=g\",\"caption\":\"Kisha Orthodhokse\"}}]}<\/script>\n<!-- \/ Yoast SEO plugin. -->","yoast_head_json":{"title":"E kremtja e Theofanis\u00eb n\u00eb Tiran\u00eb. (Janar 2008) - Kisha Orthodh\u03bfkse Autoqefale e Shqip\u00ebris\u00eb","robots":{"index":"index","follow":"follow","max-snippet":"max-snippet:-1","max-image-preview":"max-image-preview:large","max-video-preview":"max-video-preview:-1"},"canonical":"https:\/\/orthodoxalbania.org\/2020\/2008\/02\/26\/e-kremtja-e-theofanise-ne-tirane-janar-2008\/","og_locale":"en_US","og_type":"article","og_title":"E kremtja e Theofanis\u00eb n\u00eb Tiran\u00eb. (Janar 2008) - Kisha Orthodh\u03bfkse Autoqefale e Shqip\u00ebris\u00eb","og_description":"&nbsp;&nbsp;&nbsp; Kremtimi i Ujit t\u00eb Bekuar \u00ebsht\u00eb nj\u00eb nga m\u00eb tradicional\u00ebt dhe m\u00eb t\u00eb ndjer\u00ebt nd\u00ebr festat orthodhokse. Ndaj kisha \u201cUngjill\u00ebzimi i Hyjlind\u00ebses\u201d ishte e mbushur nga besimtar\u00ebt q\u00eb her\u00ebt n\u00eb m\u00ebngjes, p\u00ebr t\u00eb marr\u00eb pjes\u00eb n\u00eb sh\u00ebrbesat e shenjta. Ato u kryen nga Kryepiskopi i Tiran\u00ebs, Durr\u00ebsit dhe i gjith\u00eb Shqip\u00ebris\u00eb Anastasi, i ndihmuar nga Episkopi i Kruj\u00ebs Andoni dhe klerik\u00eb t\u00eb tjer\u00eb. &nbsp;&nbsp;&nbsp;","og_url":"https:\/\/orthodoxalbania.org\/2020\/2008\/02\/26\/e-kremtja-e-theofanise-ne-tirane-janar-2008\/","og_site_name":"Kisha Orthodh\u03bfkse Autoqefale e Shqip\u00ebris\u00eb","article_publisher":"https:\/\/www.facebook.com\/koash1991","article_published_time":"2008-02-26T00:00:00+00:00","article_modified_time":"2020-04-06T20:35:14+00:00","og_image":[{"url":"https:\/\/lh6.googleusercontent.com\/-p3Uw71EPi_4\/VIvyWn4q31I\/AAAAAAAAHTc\/_3QlsYGq3jw\/w400-h300-no\/1.jpg","type":"","width":"","height":""}],"author":"Kisha Orthodhokse","twitter_card":"summary_large_image","twitter_misc":{"Written by":"Kisha Orthodhokse","Est. reading time":"2 minutes"},"schema":{"@context":"https:\/\/schema.org","@graph":[{"@type":"Article","@id":"https:\/\/orthodoxalbania.org\/2020\/2008\/02\/26\/e-kremtja-e-theofanise-ne-tirane-janar-2008\/#article","isPartOf":{"@id":"https:\/\/orthodoxalbania.org\/2020\/2008\/02\/26\/e-kremtja-e-theofanise-ne-tirane-janar-2008\/"},"author":{"name":"Kisha Orthodhokse","@id":"https:\/\/orthodoxalbania.org\/2020\/#\/schema\/person\/0c387634a7063ac612d7ed9ce71c7e86"},"headline":"E kremtja e Theofanis\u00eb n\u00eb Tiran\u00eb. (Janar 2008)","datePublished":"2008-02-26T00:00:00+00:00","dateModified":"2020-04-06T20:35:14+00:00","mainEntityOfPage":{"@id":"https:\/\/orthodoxalbania.org\/2020\/2008\/02\/26\/e-kremtja-e-theofanise-ne-tirane-janar-2008\/"},"wordCount":418,"commentCount":0,"publisher":{"@id":"https:\/\/orthodoxalbania.org\/2020\/#organization"},"image":{"@id":"https:\/\/orthodoxalbania.org\/2020\/2008\/02\/26\/e-kremtja-e-theofanise-ne-tirane-janar-2008\/#primaryimage"},"thumbnailUrl":"https:\/\/lh6.googleusercontent.com\/-p3Uw71EPi_4\/VIvyWn4q31I\/AAAAAAAAHTc\/_3QlsYGq3jw\/w400-h300-no\/1.jpg","keywords":["2008","Kremtime","Kryepiskopata Tiran\u00eb","Kryepiskopi Anastas","lajme","Uji i Bekuar"],"articleSection":["Lajme"],"inLanguage":"en-US"},{"@type":"WebPage","@id":"https:\/\/orthodoxalbania.org\/2020\/2008\/02\/26\/e-kremtja-e-theofanise-ne-tirane-janar-2008\/","url":"https:\/\/orthodoxalbania.org\/2020\/2008\/02\/26\/e-kremtja-e-theofanise-ne-tirane-janar-2008\/","name":"E kremtja e Theofanis\u00eb n\u00eb Tiran\u00eb. (Janar 2008) - Kisha Orthodh\u03bfkse Autoqefale e Shqip\u00ebris\u00eb","isPartOf":{"@id":"https:\/\/orthodoxalbania.org\/2020\/#website"},"primaryImageOfPage":{"@id":"https:\/\/orthodoxalbania.org\/2020\/2008\/02\/26\/e-kremtja-e-theofanise-ne-tirane-janar-2008\/#primaryimage"},"image":{"@id":"https:\/\/orthodoxalbania.org\/2020\/2008\/02\/26\/e-kremtja-e-theofanise-ne-tirane-janar-2008\/#primaryimage"},"thumbnailUrl":"https:\/\/lh6.googleusercontent.com\/-p3Uw71EPi_4\/VIvyWn4q31I\/AAAAAAAAHTc\/_3QlsYGq3jw\/w400-h300-no\/1.jpg","datePublished":"2008-02-26T00:00:00+00:00","dateModified":"2020-04-06T20:35:14+00:00","breadcrumb":{"@id":"https:\/\/orthodoxalbania.org\/2020\/2008\/02\/26\/e-kremtja-e-theofanise-ne-tirane-janar-2008\/#breadcrumb"},"inLanguage":"en-US","potentialAction":[{"@type":"ReadAction","target":["https:\/\/orthodoxalbania.org\/2020\/2008\/02\/26\/e-kremtja-e-theofanise-ne-tirane-janar-2008\/"]}]},{"@type":"ImageObject","inLanguage":"en-US","@id":"https:\/\/orthodoxalbania.org\/2020\/2008\/02\/26\/e-kremtja-e-theofanise-ne-tirane-janar-2008\/#primaryimage","url":"https:\/\/lh6.googleusercontent.com\/-p3Uw71EPi_4\/VIvyWn4q31I\/AAAAAAAAHTc\/_3QlsYGq3jw\/w400-h300-no\/1.jpg","contentUrl":"https:\/\/lh6.googleusercontent.com\/-p3Uw71EPi_4\/VIvyWn4q31I\/AAAAAAAAHTc\/_3QlsYGq3jw\/w400-h300-no\/1.jpg"},{"@type":"BreadcrumbList","@id":"https:\/\/orthodoxalbania.org\/2020\/2008\/02\/26\/e-kremtja-e-theofanise-ne-tirane-janar-2008\/#breadcrumb","itemListElement":[{"@type":"ListItem","position":1,"name":"Home","item":"https:\/\/orthodoxalbania.org\/2020\/"},{"@type":"ListItem","position":2,"name":"E kremtja e Theofanis\u00eb n\u00eb Tiran\u00eb. (Janar 2008)"}]},{"@type":"WebSite","@id":"https:\/\/orthodoxalbania.org\/2020\/#website","url":"https:\/\/orthodoxalbania.org\/2020\/","name":"Kisha Orthodh\u03bfkse Autoqefale e Shqip\u00ebris\u00eb","description":"Fqja Zyrtare e Kish\u00ebs Orthodhokse Autoqefale e Shqip\u00ebris\u00eb me lajmet edhe informacionet zyrtare p\u00ebr struktur\u00ebn edhe veprimtarin e saj.","publisher":{"@id":"https:\/\/orthodoxalbania.org\/2020\/#organization"},"potentialAction":[{"@type":"SearchAction","target":{"@type":"EntryPoint","urlTemplate":"https:\/\/orthodoxalbania.org\/2020\/?s={search_term_string}"},"query-input":{"@type":"PropertyValueSpecification","valueRequired":true,"valueName":"search_term_string"}}],"inLanguage":"en-US"},{"@type":"Organization","@id":"https:\/\/orthodoxalbania.org\/2020\/#organization","name":"Kisha Orthodhokse Autoqefale e Shqip\u00ebris\u00eb","url":"https:\/\/orthodoxalbania.org\/2020\/","logo":{"@type":"ImageObject","inLanguage":"en-US","@id":"https:\/\/orthodoxalbania.org\/2020\/#\/schema\/logo\/image\/","url":"https:\/\/orthodoxalbania.org\/2020\/wp-content\/uploads\/2020\/05\/albania.jpeg","contentUrl":"https:\/\/orthodoxalbania.org\/2020\/wp-content\/uploads\/2020\/05\/albania.jpeg","width":540,"height":540,"caption":"Kisha Orthodhokse Autoqefale e Shqip\u00ebris\u00eb"},"image":{"@id":"https:\/\/orthodoxalbania.org\/2020\/#\/schema\/logo\/image\/"},"sameAs":["https:\/\/www.facebook.com\/koash1991"]},{"@type":"Person","@id":"https:\/\/orthodoxalbania.org\/2020\/#\/schema\/person\/0c387634a7063ac612d7ed9ce71c7e86","name":"Kisha Orthodhokse","image":{"@type":"ImageObject","inLanguage":"en-US","@id":"https:\/\/secure.gravatar.com\/avatar\/596e7c417251e30f2fbb9c00e026fce61a695a00e51c889caded71c96cbbdde5?s=96&d=mm&r=g","url":"https:\/\/secure.gravatar.com\/avatar\/596e7c417251e30f2fbb9c00e026fce61a695a00e51c889caded71c96cbbdde5?s=96&d=mm&r=g","contentUrl":"https:\/\/secure.gravatar.com\/avatar\/596e7c417251e30f2fbb9c00e026fce61a695a00e51c889caded71c96cbbdde5?s=96&d=mm&r=g","caption":"Kisha Orthodhokse"}}]}},"_links":{"self":[{"href":"https:\/\/orthodoxalbania.org\/2020\/wp-json\/wp\/v2\/posts\/490","targetHints":{"allow":["GET"]}}],"collection":[{"href":"https:\/\/orthodoxalbania.org\/2020\/wp-json\/wp\/v2\/posts"}],"about":[{"href":"https:\/\/orthodoxalbania.org\/2020\/wp-json\/wp\/v2\/types\/post"}],"author":[{"embeddable":true,"href":"https:\/\/orthodoxalbania.org\/2020\/wp-json\/wp\/v2\/users\/1"}],"replies":[{"embeddable":true,"href":"https:\/\/orthodoxalbania.org\/2020\/wp-json\/wp\/v2\/comments?post=490"}],"version-history":[{"count":1,"href":"https:\/\/orthodoxalbania.org\/2020\/wp-json\/wp\/v2\/posts\/490\/revisions"}],"predecessor-version":[{"id":15628,"href":"https:\/\/orthodoxalbania.org\/2020\/wp-json\/wp\/v2\/posts\/490\/revisions\/15628"}],"wp:attachment":[{"href":"https:\/\/orthodoxalbania.org\/2020\/wp-json\/wp\/v2\/media?parent=490"}],"wp:term":[{"taxonomy":"category","embeddable":true,"href":"https:\/\/orthodoxalbania.org\/2020\/wp-json\/wp\/v2\/categories?post=490"},{"taxonomy":"post_tag","embeddable":true,"href":"https:\/\/orthodoxalbania.org\/2020\/wp-json\/wp\/v2\/tags?post=490"}],"curies":[{"name":"wp","href":"https:\/\/api.w.org\/{rel}","templated":true}]}}