{"id":489,"date":"2008-02-26T00:00:00","date_gmt":"2008-02-26T00:00:00","guid":{"rendered":""},"modified":"2020-04-06T22:35:33","modified_gmt":"2020-04-06T20:35:33","slug":"e-kremtja-e-theofanise-ne-mitropoline-e-korces-dhe-ne-mitropoline-e-gjirokastres-janar-2008","status":"publish","type":"post","link":"https:\/\/orthodoxalbania.org\/2020\/2008\/02\/26\/e-kremtja-e-theofanise-ne-mitropoline-e-korces-dhe-ne-mitropoline-e-gjirokastres-janar-2008\/","title":{"rendered":"E kremtja e Theofanis\u00eb n\u00eb Mitropolin\u00eb e Kor\u00e7\u00ebs dhe n\u00eb Mitropolin\u00eb e Gjirokastr\u00ebs. (Janar 2008)"},"content":{"rendered":"<p style=\"text-align: justify;\"><span style=\"color: #000000; font-family: helvetica; font-size: 12pt;\">&nbsp;&nbsp;&nbsp; N\u00eb qytetin e Kor\u00e7\u00ebs Liturgjia Hyjnore filloi m\u00eb her\u00ebt se dit\u00ebt e tjera dhe Sh\u00ebrbesa u drejtua nga Mitropoliti, Hir\u00ebsia e Tij Joani.<\/span><\/p>\n<p style=\"text-align: justify;\"><span style=\"color: #000000; font-family: helvetica; font-size: 12pt;\">&nbsp;&nbsp;&nbsp; M\u00eb pas u hodh Kryqi i Shp\u00ebtimtarit ton\u00eb n\u00eb shat\u00ebrvanin pran\u00eb Katedrales \u201cNgjallja e Krishtit\u201d, t\u00eb cili e nxori 25 -vje\u00e7ari Olger Lena . Ai pas sh\u00ebrbes\u00ebs filloi t\u00eb dilte n\u00ebp\u00ebr sht\u00ebpit\u00eb e besimtar\u00ebve kor\u00e7ar\u00eb.<\/span><\/p>\n<p style=\"text-align: justify;\"><span style=\"color: #000000; font-family: helvetica; font-size: 12pt;\">&nbsp;&nbsp;&nbsp; N\u00eb vazhdim t\u00eb asaj dite, Mitropoliti i Kor\u00e7\u00ebs udh\u00ebtoi drejt qytetit t\u00eb Pogradecit, p\u00ebr t\u00eb kryer edhe aty Sh\u00ebrbes\u00ebn e Bekimit t\u00eb Ujit. Kryqi u hodh n\u00eb liqen tek moli n\u00eb qend\u00ebr t\u00eb plazhit, ku ishin mbledhur qindra vet\u00eb dhe u kap nga 18- vje\u00e7ari Altin Vila.<\/span><\/p>\n<p style=\"text-align: justify;\"><span style=\"color: #000000; font-family: helvetica; font-size: 12pt;\">&nbsp;&nbsp;&nbsp; P\u00ebrve\u00e7 besimtar\u00ebve t\u00eb shumt\u00eb, ishte edhe Ministri i Financave, z. Ridvan Bode, Kryetari i Bashkis\u00eb t\u00eb qytetit, si edhe personalitete t\u00eb tjera. Duke uruar t\u00eb gjith\u00eb besimtar\u00ebt e Pogradecit, Hir\u00ebsi Joani u lut p\u00ebr m\u00eb shum\u00eb paqe, g\u00ebzim dhe harmoni n\u00eb familjet e tyre.<\/span><\/p>\n<p style=\"text-align: justify;\"><span style=\"color: #000000; font-family: helvetica; font-size: 12pt;\">&nbsp;&nbsp;&nbsp;&nbsp; Uji i Bekuar n\u00eb t\u00eb gjith\u00eb dioqez\u00ebn u kremtua n\u00eb nj\u00eb atmosfer\u00eb feste popullore, mb\u00ebshtetur mbi tradit\u00ebn. Mitropoliti, Hir\u00ebsia e Tij Dhimitri, ishte n\u00eb k\u00ebt\u00eb dit\u00eb n\u00eb Sarand\u00eb, ku kreu Liturgjin\u00eb dhe Sh\u00ebrbes\u00ebn n\u00eb kish\u00ebn e re t\u00eb Sh\u00ebn Harallambit. Pastaj, i shoq\u00ebruar nga klerik\u00ebt dhe besimtar\u00ebt u drejtua p\u00ebr nga bregu i detit, ku ishin mbledhur mij\u00ebra njer\u00ebz, nga qyteti dhe fshatrat, ku u b\u00eb hedhja e kryqit n\u00eb uj\u00eb.<\/span><\/p>\n<p style=\"text-align: justify;\"><span style=\"color: #000000; font-family: helvetica; font-size: 12pt;\">&nbsp;&nbsp;&nbsp;&nbsp; Ai u kap, p\u00ebr t\u00eb tretin vit radhazi, nga Vasil Mosho, nga Mursia. N\u00eb qytetin e Gjirokastr\u00ebs Bekimi i Ujit, p\u00ebr shkak t\u00eb motit t\u00eb keq u b\u00eb brenda kish\u00ebs s\u00eb Kryeengj\u00ebjve, nd\u00ebrsa n\u00eb P\u00ebrmet, sipas nj\u00eb tradite t\u00eb konsoliduar n\u00eb vite, pas Liturgjis\u00eb Hyjnore n\u00eb kishat \u201cSh\u00ebn Maria e Pazarit\u201d dhe \u201cSh\u00ebn Nikolla\u201d, kryqi u hodh n\u00eb prani t\u00eb banor\u00ebve t\u00eb qytetit dhe t\u00eb zon\u00ebs, n\u00eb uj\u00ebrat e Vjos\u00ebs.<\/span><\/p>\n<p style=\"text-align: justify;\"><span style=\"font-family: helvetica; font-size: 12pt;\"><\/span><\/p>\n","protected":false},"excerpt":{"rendered":"<p>&nbsp;&nbsp;&nbsp; N\u00eb qytetin e Kor\u00e7\u00ebs Liturgjia Hyjnore filloi m\u00eb her\u00ebt se dit\u00ebt e tjera dhe Sh\u00ebrbesa u drejtua nga Mitropoliti, Hir\u00ebsia e Tij Joani. &nbsp;&nbsp;&nbsp; M\u00eb pas u hodh Kryqi i Shp\u00ebtimtarit ton\u00eb n\u00eb shat\u00ebrvanin pran\u00eb Katedrales \u201cNgjallja e Krishtit\u201d, t\u00eb cili e nxori 25 -vje\u00e7ari Olger Lena . Ai pas sh\u00ebrbes\u00ebs filloi t\u00eb dilte n\u00ebp\u00ebr sht\u00ebpit\u00eb e besimtar\u00ebve kor\u00e7ar\u00eb. &nbsp;&nbsp;&nbsp; N\u00eb vazhdim t\u00eb asaj<\/p>\n","protected":false},"author":1,"featured_media":0,"comment_status":"open","ping_status":"open","sticky":false,"template":"","format":"standard","meta":{"_acf_changed":false,"pagelayer_contact_templates":[],"_pagelayer_content":"","inline_featured_image":false,"fifu_image_url":"","fifu_image_alt":"","footnotes":""},"categories":[108],"tags":[146,157,212,198,181,193],"class_list":["post-489","post","type-post","status-publish","format-standard","hentry","category-lajme","tag-146","tag-kremtime","tag-lajme-d27","tag-gjirokaster","tag-korce","tag-uji-i-bekuar"],"acf":[],"yoast_head":"<!-- This site is optimized with the Yoast SEO plugin v27.2 - https:\/\/yoast.com\/product\/yoast-seo-wordpress\/ -->\n<title>E kremtja e Theofanis\u00eb n\u00eb Mitropolin\u00eb e Kor\u00e7\u00ebs dhe n\u00eb Mitropolin\u00eb e Gjirokastr\u00ebs. (Janar 2008) - Kisha Orthodh\u03bfkse Autoqefale e Shqip\u00ebris\u00eb<\/title>\n<meta name=\"robots\" content=\"index, follow, max-snippet:-1, max-image-preview:large, max-video-preview:-1\" \/>\n<link rel=\"canonical\" href=\"https:\/\/orthodoxalbania.org\/2020\/2008\/02\/26\/e-kremtja-e-theofanise-ne-mitropoline-e-korces-dhe-ne-mitropoline-e-gjirokastres-janar-2008\/\" \/>\n<meta property=\"og:locale\" content=\"en_US\" \/>\n<meta property=\"og:type\" content=\"article\" \/>\n<meta property=\"og:title\" content=\"E kremtja e Theofanis\u00eb n\u00eb Mitropolin\u00eb e Kor\u00e7\u00ebs dhe n\u00eb Mitropolin\u00eb e Gjirokastr\u00ebs. (Janar 2008) - Kisha Orthodh\u03bfkse Autoqefale e Shqip\u00ebris\u00eb\" \/>\n<meta property=\"og:description\" content=\"&nbsp;&nbsp;&nbsp; N\u00eb qytetin e Kor\u00e7\u00ebs Liturgjia Hyjnore filloi m\u00eb her\u00ebt se dit\u00ebt e tjera dhe Sh\u00ebrbesa u drejtua nga Mitropoliti, Hir\u00ebsia e Tij Joani. &nbsp;&nbsp;&nbsp; M\u00eb pas u hodh Kryqi i Shp\u00ebtimtarit ton\u00eb n\u00eb shat\u00ebrvanin pran\u00eb Katedrales \u201cNgjallja e Krishtit\u201d, t\u00eb cili e nxori 25 -vje\u00e7ari Olger Lena . Ai pas sh\u00ebrbes\u00ebs filloi t\u00eb dilte n\u00ebp\u00ebr sht\u00ebpit\u00eb e besimtar\u00ebve kor\u00e7ar\u00eb. &nbsp;&nbsp;&nbsp; N\u00eb vazhdim t\u00eb asaj\" \/>\n<meta property=\"og:url\" content=\"https:\/\/orthodoxalbania.org\/2020\/2008\/02\/26\/e-kremtja-e-theofanise-ne-mitropoline-e-korces-dhe-ne-mitropoline-e-gjirokastres-janar-2008\/\" \/>\n<meta property=\"og:site_name\" content=\"Kisha Orthodh\u03bfkse Autoqefale e Shqip\u00ebris\u00eb\" \/>\n<meta property=\"article:publisher\" content=\"https:\/\/www.facebook.com\/koash1991\" \/>\n<meta property=\"article:published_time\" content=\"2008-02-26T00:00:00+00:00\" \/>\n<meta property=\"article:modified_time\" content=\"2020-04-06T20:35:33+00:00\" \/>\n<meta property=\"og:image\" content=\"https:\/\/orthodoxalbania.org\/2020\/wp-content\/uploads\/2021\/02\/LogoLastALb-200.png\" \/>\n\t<meta property=\"og:image:width\" content=\"200\" \/>\n\t<meta property=\"og:image:height\" content=\"172\" \/>\n\t<meta property=\"og:image:type\" content=\"image\/png\" \/>\n<meta name=\"author\" content=\"Kisha Orthodhokse\" \/>\n<meta name=\"twitter:card\" content=\"summary_large_image\" \/>\n<meta name=\"twitter:label1\" content=\"Written by\" \/>\n\t<meta name=\"twitter:data1\" content=\"Kisha Orthodhokse\" \/>\n\t<meta name=\"twitter:label2\" content=\"Est. reading time\" \/>\n\t<meta name=\"twitter:data2\" content=\"2 minutes\" \/>\n<script type=\"application\/ld+json\" class=\"yoast-schema-graph\">{\"@context\":\"https:\/\/schema.org\",\"@graph\":[{\"@type\":\"Article\",\"@id\":\"https:\/\/orthodoxalbania.org\/2020\/2008\/02\/26\/e-kremtja-e-theofanise-ne-mitropoline-e-korces-dhe-ne-mitropoline-e-gjirokastres-janar-2008\/#article\",\"isPartOf\":{\"@id\":\"https:\/\/orthodoxalbania.org\/2020\/2008\/02\/26\/e-kremtja-e-theofanise-ne-mitropoline-e-korces-dhe-ne-mitropoline-e-gjirokastres-janar-2008\/\"},\"author\":{\"name\":\"Kisha Orthodhokse\",\"@id\":\"https:\/\/orthodoxalbania.org\/2020\/#\/schema\/person\/0c387634a7063ac612d7ed9ce71c7e86\"},\"headline\":\"E kremtja e Theofanis\u00eb n\u00eb Mitropolin\u00eb e Kor\u00e7\u00ebs dhe n\u00eb Mitropolin\u00eb e Gjirokastr\u00ebs. (Janar 2008)\",\"datePublished\":\"2008-02-26T00:00:00+00:00\",\"dateModified\":\"2020-04-06T20:35:33+00:00\",\"mainEntityOfPage\":{\"@id\":\"https:\/\/orthodoxalbania.org\/2020\/2008\/02\/26\/e-kremtja-e-theofanise-ne-mitropoline-e-korces-dhe-ne-mitropoline-e-gjirokastres-janar-2008\/\"},\"wordCount\":380,\"commentCount\":0,\"publisher\":{\"@id\":\"https:\/\/orthodoxalbania.org\/2020\/#organization\"},\"keywords\":[\"2008\",\"Kremtime\",\"lajme\",\"Mitropolia Gjirokast\u00ebr\",\"Mitropolia Kor\u00e7\u00eb\",\"Uji i Bekuar\"],\"articleSection\":[\"Lajme\"],\"inLanguage\":\"en-US\"},{\"@type\":\"WebPage\",\"@id\":\"https:\/\/orthodoxalbania.org\/2020\/2008\/02\/26\/e-kremtja-e-theofanise-ne-mitropoline-e-korces-dhe-ne-mitropoline-e-gjirokastres-janar-2008\/\",\"url\":\"https:\/\/orthodoxalbania.org\/2020\/2008\/02\/26\/e-kremtja-e-theofanise-ne-mitropoline-e-korces-dhe-ne-mitropoline-e-gjirokastres-janar-2008\/\",\"name\":\"E kremtja e Theofanis\u00eb n\u00eb Mitropolin\u00eb e Kor\u00e7\u00ebs dhe n\u00eb Mitropolin\u00eb e Gjirokastr\u00ebs. (Janar 2008) - Kisha Orthodh\u03bfkse Autoqefale e Shqip\u00ebris\u00eb\",\"isPartOf\":{\"@id\":\"https:\/\/orthodoxalbania.org\/2020\/#website\"},\"datePublished\":\"2008-02-26T00:00:00+00:00\",\"dateModified\":\"2020-04-06T20:35:33+00:00\",\"breadcrumb\":{\"@id\":\"https:\/\/orthodoxalbania.org\/2020\/2008\/02\/26\/e-kremtja-e-theofanise-ne-mitropoline-e-korces-dhe-ne-mitropoline-e-gjirokastres-janar-2008\/#breadcrumb\"},\"inLanguage\":\"en-US\",\"potentialAction\":[{\"@type\":\"ReadAction\",\"target\":[\"https:\/\/orthodoxalbania.org\/2020\/2008\/02\/26\/e-kremtja-e-theofanise-ne-mitropoline-e-korces-dhe-ne-mitropoline-e-gjirokastres-janar-2008\/\"]}]},{\"@type\":\"BreadcrumbList\",\"@id\":\"https:\/\/orthodoxalbania.org\/2020\/2008\/02\/26\/e-kremtja-e-theofanise-ne-mitropoline-e-korces-dhe-ne-mitropoline-e-gjirokastres-janar-2008\/#breadcrumb\",\"itemListElement\":[{\"@type\":\"ListItem\",\"position\":1,\"name\":\"Home\",\"item\":\"https:\/\/orthodoxalbania.org\/2020\/\"},{\"@type\":\"ListItem\",\"position\":2,\"name\":\"E kremtja e Theofanis\u00eb n\u00eb Mitropolin\u00eb e Kor\u00e7\u00ebs dhe n\u00eb Mitropolin\u00eb e Gjirokastr\u00ebs. (Janar 2008)\"}]},{\"@type\":\"WebSite\",\"@id\":\"https:\/\/orthodoxalbania.org\/2020\/#website\",\"url\":\"https:\/\/orthodoxalbania.org\/2020\/\",\"name\":\"Kisha Orthodh\u03bfkse Autoqefale e Shqip\u00ebris\u00eb\",\"description\":\"Fqja Zyrtare e Kish\u00ebs Orthodhokse Autoqefale e Shqip\u00ebris\u00eb me lajmet edhe informacionet zyrtare p\u00ebr struktur\u00ebn edhe veprimtarin e saj.\",\"publisher\":{\"@id\":\"https:\/\/orthodoxalbania.org\/2020\/#organization\"},\"potentialAction\":[{\"@type\":\"SearchAction\",\"target\":{\"@type\":\"EntryPoint\",\"urlTemplate\":\"https:\/\/orthodoxalbania.org\/2020\/?s={search_term_string}\"},\"query-input\":{\"@type\":\"PropertyValueSpecification\",\"valueRequired\":true,\"valueName\":\"search_term_string\"}}],\"inLanguage\":\"en-US\"},{\"@type\":\"Organization\",\"@id\":\"https:\/\/orthodoxalbania.org\/2020\/#organization\",\"name\":\"Kisha Orthodhokse Autoqefale e Shqip\u00ebris\u00eb\",\"url\":\"https:\/\/orthodoxalbania.org\/2020\/\",\"logo\":{\"@type\":\"ImageObject\",\"inLanguage\":\"en-US\",\"@id\":\"https:\/\/orthodoxalbania.org\/2020\/#\/schema\/logo\/image\/\",\"url\":\"https:\/\/orthodoxalbania.org\/2020\/wp-content\/uploads\/2020\/05\/albania.jpeg\",\"contentUrl\":\"https:\/\/orthodoxalbania.org\/2020\/wp-content\/uploads\/2020\/05\/albania.jpeg\",\"width\":540,\"height\":540,\"caption\":\"Kisha Orthodhokse Autoqefale e Shqip\u00ebris\u00eb\"},\"image\":{\"@id\":\"https:\/\/orthodoxalbania.org\/2020\/#\/schema\/logo\/image\/\"},\"sameAs\":[\"https:\/\/www.facebook.com\/koash1991\"]},{\"@type\":\"Person\",\"@id\":\"https:\/\/orthodoxalbania.org\/2020\/#\/schema\/person\/0c387634a7063ac612d7ed9ce71c7e86\",\"name\":\"Kisha Orthodhokse\",\"image\":{\"@type\":\"ImageObject\",\"inLanguage\":\"en-US\",\"@id\":\"https:\/\/secure.gravatar.com\/avatar\/596e7c417251e30f2fbb9c00e026fce61a695a00e51c889caded71c96cbbdde5?s=96&d=mm&r=g\",\"url\":\"https:\/\/secure.gravatar.com\/avatar\/596e7c417251e30f2fbb9c00e026fce61a695a00e51c889caded71c96cbbdde5?s=96&d=mm&r=g\",\"contentUrl\":\"https:\/\/secure.gravatar.com\/avatar\/596e7c417251e30f2fbb9c00e026fce61a695a00e51c889caded71c96cbbdde5?s=96&d=mm&r=g\",\"caption\":\"Kisha Orthodhokse\"}}]}<\/script>\n<!-- \/ Yoast SEO plugin. -->","yoast_head_json":{"title":"E kremtja e Theofanis\u00eb n\u00eb Mitropolin\u00eb e Kor\u00e7\u00ebs dhe n\u00eb Mitropolin\u00eb e Gjirokastr\u00ebs. (Janar 2008) - Kisha Orthodh\u03bfkse Autoqefale e Shqip\u00ebris\u00eb","robots":{"index":"index","follow":"follow","max-snippet":"max-snippet:-1","max-image-preview":"max-image-preview:large","max-video-preview":"max-video-preview:-1"},"canonical":"https:\/\/orthodoxalbania.org\/2020\/2008\/02\/26\/e-kremtja-e-theofanise-ne-mitropoline-e-korces-dhe-ne-mitropoline-e-gjirokastres-janar-2008\/","og_locale":"en_US","og_type":"article","og_title":"E kremtja e Theofanis\u00eb n\u00eb Mitropolin\u00eb e Kor\u00e7\u00ebs dhe n\u00eb Mitropolin\u00eb e Gjirokastr\u00ebs. (Janar 2008) - Kisha Orthodh\u03bfkse Autoqefale e Shqip\u00ebris\u00eb","og_description":"&nbsp;&nbsp;&nbsp; N\u00eb qytetin e Kor\u00e7\u00ebs Liturgjia Hyjnore filloi m\u00eb her\u00ebt se dit\u00ebt e tjera dhe Sh\u00ebrbesa u drejtua nga Mitropoliti, Hir\u00ebsia e Tij Joani. &nbsp;&nbsp;&nbsp; M\u00eb pas u hodh Kryqi i Shp\u00ebtimtarit ton\u00eb n\u00eb shat\u00ebrvanin pran\u00eb Katedrales \u201cNgjallja e Krishtit\u201d, t\u00eb cili e nxori 25 -vje\u00e7ari Olger Lena . Ai pas sh\u00ebrbes\u00ebs filloi t\u00eb dilte n\u00ebp\u00ebr sht\u00ebpit\u00eb e besimtar\u00ebve kor\u00e7ar\u00eb. &nbsp;&nbsp;&nbsp; N\u00eb vazhdim t\u00eb asaj","og_url":"https:\/\/orthodoxalbania.org\/2020\/2008\/02\/26\/e-kremtja-e-theofanise-ne-mitropoline-e-korces-dhe-ne-mitropoline-e-gjirokastres-janar-2008\/","og_site_name":"Kisha Orthodh\u03bfkse Autoqefale e Shqip\u00ebris\u00eb","article_publisher":"https:\/\/www.facebook.com\/koash1991","article_published_time":"2008-02-26T00:00:00+00:00","article_modified_time":"2020-04-06T20:35:33+00:00","og_image":[{"width":200,"height":172,"url":"https:\/\/orthodoxalbania.org\/2020\/wp-content\/uploads\/2021\/02\/LogoLastALb-200.png","type":"image\/png"}],"author":"Kisha Orthodhokse","twitter_card":"summary_large_image","twitter_misc":{"Written by":"Kisha Orthodhokse","Est. reading time":"2 minutes"},"schema":{"@context":"https:\/\/schema.org","@graph":[{"@type":"Article","@id":"https:\/\/orthodoxalbania.org\/2020\/2008\/02\/26\/e-kremtja-e-theofanise-ne-mitropoline-e-korces-dhe-ne-mitropoline-e-gjirokastres-janar-2008\/#article","isPartOf":{"@id":"https:\/\/orthodoxalbania.org\/2020\/2008\/02\/26\/e-kremtja-e-theofanise-ne-mitropoline-e-korces-dhe-ne-mitropoline-e-gjirokastres-janar-2008\/"},"author":{"name":"Kisha Orthodhokse","@id":"https:\/\/orthodoxalbania.org\/2020\/#\/schema\/person\/0c387634a7063ac612d7ed9ce71c7e86"},"headline":"E kremtja e Theofanis\u00eb n\u00eb Mitropolin\u00eb e Kor\u00e7\u00ebs dhe n\u00eb Mitropolin\u00eb e Gjirokastr\u00ebs. (Janar 2008)","datePublished":"2008-02-26T00:00:00+00:00","dateModified":"2020-04-06T20:35:33+00:00","mainEntityOfPage":{"@id":"https:\/\/orthodoxalbania.org\/2020\/2008\/02\/26\/e-kremtja-e-theofanise-ne-mitropoline-e-korces-dhe-ne-mitropoline-e-gjirokastres-janar-2008\/"},"wordCount":380,"commentCount":0,"publisher":{"@id":"https:\/\/orthodoxalbania.org\/2020\/#organization"},"keywords":["2008","Kremtime","lajme","Mitropolia Gjirokast\u00ebr","Mitropolia Kor\u00e7\u00eb","Uji i Bekuar"],"articleSection":["Lajme"],"inLanguage":"en-US"},{"@type":"WebPage","@id":"https:\/\/orthodoxalbania.org\/2020\/2008\/02\/26\/e-kremtja-e-theofanise-ne-mitropoline-e-korces-dhe-ne-mitropoline-e-gjirokastres-janar-2008\/","url":"https:\/\/orthodoxalbania.org\/2020\/2008\/02\/26\/e-kremtja-e-theofanise-ne-mitropoline-e-korces-dhe-ne-mitropoline-e-gjirokastres-janar-2008\/","name":"E kremtja e Theofanis\u00eb n\u00eb Mitropolin\u00eb e Kor\u00e7\u00ebs dhe n\u00eb Mitropolin\u00eb e Gjirokastr\u00ebs. (Janar 2008) - Kisha Orthodh\u03bfkse Autoqefale e Shqip\u00ebris\u00eb","isPartOf":{"@id":"https:\/\/orthodoxalbania.org\/2020\/#website"},"datePublished":"2008-02-26T00:00:00+00:00","dateModified":"2020-04-06T20:35:33+00:00","breadcrumb":{"@id":"https:\/\/orthodoxalbania.org\/2020\/2008\/02\/26\/e-kremtja-e-theofanise-ne-mitropoline-e-korces-dhe-ne-mitropoline-e-gjirokastres-janar-2008\/#breadcrumb"},"inLanguage":"en-US","potentialAction":[{"@type":"ReadAction","target":["https:\/\/orthodoxalbania.org\/2020\/2008\/02\/26\/e-kremtja-e-theofanise-ne-mitropoline-e-korces-dhe-ne-mitropoline-e-gjirokastres-janar-2008\/"]}]},{"@type":"BreadcrumbList","@id":"https:\/\/orthodoxalbania.org\/2020\/2008\/02\/26\/e-kremtja-e-theofanise-ne-mitropoline-e-korces-dhe-ne-mitropoline-e-gjirokastres-janar-2008\/#breadcrumb","itemListElement":[{"@type":"ListItem","position":1,"name":"Home","item":"https:\/\/orthodoxalbania.org\/2020\/"},{"@type":"ListItem","position":2,"name":"E kremtja e Theofanis\u00eb n\u00eb Mitropolin\u00eb e Kor\u00e7\u00ebs dhe n\u00eb Mitropolin\u00eb e Gjirokastr\u00ebs. (Janar 2008)"}]},{"@type":"WebSite","@id":"https:\/\/orthodoxalbania.org\/2020\/#website","url":"https:\/\/orthodoxalbania.org\/2020\/","name":"Kisha Orthodh\u03bfkse Autoqefale e Shqip\u00ebris\u00eb","description":"Fqja Zyrtare e Kish\u00ebs Orthodhokse Autoqefale e Shqip\u00ebris\u00eb me lajmet edhe informacionet zyrtare p\u00ebr struktur\u00ebn edhe veprimtarin e saj.","publisher":{"@id":"https:\/\/orthodoxalbania.org\/2020\/#organization"},"potentialAction":[{"@type":"SearchAction","target":{"@type":"EntryPoint","urlTemplate":"https:\/\/orthodoxalbania.org\/2020\/?s={search_term_string}"},"query-input":{"@type":"PropertyValueSpecification","valueRequired":true,"valueName":"search_term_string"}}],"inLanguage":"en-US"},{"@type":"Organization","@id":"https:\/\/orthodoxalbania.org\/2020\/#organization","name":"Kisha Orthodhokse Autoqefale e Shqip\u00ebris\u00eb","url":"https:\/\/orthodoxalbania.org\/2020\/","logo":{"@type":"ImageObject","inLanguage":"en-US","@id":"https:\/\/orthodoxalbania.org\/2020\/#\/schema\/logo\/image\/","url":"https:\/\/orthodoxalbania.org\/2020\/wp-content\/uploads\/2020\/05\/albania.jpeg","contentUrl":"https:\/\/orthodoxalbania.org\/2020\/wp-content\/uploads\/2020\/05\/albania.jpeg","width":540,"height":540,"caption":"Kisha Orthodhokse Autoqefale e Shqip\u00ebris\u00eb"},"image":{"@id":"https:\/\/orthodoxalbania.org\/2020\/#\/schema\/logo\/image\/"},"sameAs":["https:\/\/www.facebook.com\/koash1991"]},{"@type":"Person","@id":"https:\/\/orthodoxalbania.org\/2020\/#\/schema\/person\/0c387634a7063ac612d7ed9ce71c7e86","name":"Kisha Orthodhokse","image":{"@type":"ImageObject","inLanguage":"en-US","@id":"https:\/\/secure.gravatar.com\/avatar\/596e7c417251e30f2fbb9c00e026fce61a695a00e51c889caded71c96cbbdde5?s=96&d=mm&r=g","url":"https:\/\/secure.gravatar.com\/avatar\/596e7c417251e30f2fbb9c00e026fce61a695a00e51c889caded71c96cbbdde5?s=96&d=mm&r=g","contentUrl":"https:\/\/secure.gravatar.com\/avatar\/596e7c417251e30f2fbb9c00e026fce61a695a00e51c889caded71c96cbbdde5?s=96&d=mm&r=g","caption":"Kisha Orthodhokse"}}]}},"_links":{"self":[{"href":"https:\/\/orthodoxalbania.org\/2020\/wp-json\/wp\/v2\/posts\/489","targetHints":{"allow":["GET"]}}],"collection":[{"href":"https:\/\/orthodoxalbania.org\/2020\/wp-json\/wp\/v2\/posts"}],"about":[{"href":"https:\/\/orthodoxalbania.org\/2020\/wp-json\/wp\/v2\/types\/post"}],"author":[{"embeddable":true,"href":"https:\/\/orthodoxalbania.org\/2020\/wp-json\/wp\/v2\/users\/1"}],"replies":[{"embeddable":true,"href":"https:\/\/orthodoxalbania.org\/2020\/wp-json\/wp\/v2\/comments?post=489"}],"version-history":[{"count":1,"href":"https:\/\/orthodoxalbania.org\/2020\/wp-json\/wp\/v2\/posts\/489\/revisions"}],"predecessor-version":[{"id":15709,"href":"https:\/\/orthodoxalbania.org\/2020\/wp-json\/wp\/v2\/posts\/489\/revisions\/15709"}],"wp:attachment":[{"href":"https:\/\/orthodoxalbania.org\/2020\/wp-json\/wp\/v2\/media?parent=489"}],"wp:term":[{"taxonomy":"category","embeddable":true,"href":"https:\/\/orthodoxalbania.org\/2020\/wp-json\/wp\/v2\/categories?post=489"},{"taxonomy":"post_tag","embeddable":true,"href":"https:\/\/orthodoxalbania.org\/2020\/wp-json\/wp\/v2\/tags?post=489"}],"curies":[{"name":"wp","href":"https:\/\/api.w.org\/{rel}","templated":true}]}}