{"id":488,"date":"2008-02-26T00:00:00","date_gmt":"2008-02-26T00:00:00","guid":{"rendered":""},"modified":"2020-04-06T22:35:31","modified_gmt":"2020-04-06T20:35:31","slug":"e-kremtja-e-theofanise-ne-durres-besimtaret-moren-ujin-e-bekuar-per-t-i-bekuar-te-gjitha-janar-2008","status":"publish","type":"post","link":"https:\/\/orthodoxalbania.org\/2020\/2008\/02\/26\/e-kremtja-e-theofanise-ne-durres-besimtaret-moren-ujin-e-bekuar-per-t-i-bekuar-te-gjitha-janar-2008\/","title":{"rendered":"E kremtja e Theofanis\u00eb n\u00eb Durr\u00ebs Besimtar\u00ebt mor\u00ebn Ujin e bekuar p\u00ebr t\u2019i bekuar t\u00eb gjitha. (Janar 2008)"},"content":{"rendered":"<table id=\"AutoNumber4\" border=\"0\">\n<tbody>\n<tr>\n<td>\n<p style=\"text-align: justify;\"><span style=\"color: #000000; font-family: helvetica; font-size: 12pt;\">&nbsp;&nbsp;&nbsp; N\u00eb uj\u00ebrat e detit \u201cAdriatik\u201d n\u00eb qytetin e Durr\u00ebsit, koha e ftoht\u00eb dhe me shi nuk e ndali shpres\u00ebtarin\u00eb e besimtar\u00ebve p\u00ebr t\u00eb marr\u00eb bekimet e Zotit n\u00eb fest\u00ebn e Theofanis\u00eb.<\/span><\/p>\n<\/td>\n<td>\n<p><span style=\"color: #000000; font-family: helvetica; font-size: 12pt;\"><img decoding=\"async\" class=\"lazyload HAa Eha\" style=\"border-width: 1px; border-style: solid; margin: 10px auto; display: block;\" alt=\"\" src=\"data:image\/gif;base64,R0lGODlhAQABAAAAACH5BAEKAAEALAAAAAABAAEAAAICTAEAOw==\" data-orig-src=\"https:\/\/lh4.googleusercontent.com\/-nPMVrIq25Oc\/VIvziN_qC3I\/AAAAAAAAHT4\/Rkf69FQ0oQc\/w400-h300-no\/1.jpg\" \/><\/span><\/p>\n<\/td>\n<\/tr>\n<tr>\n<td>\n<p><span style=\"color: #000000; font-family: helvetica; font-size: 12pt;\"><img decoding=\"async\" class=\"lazyload HAa Eha\" style=\"border-width: 1px; border-style: solid; margin: 10px auto; display: block;\" alt=\"\" src=\"data:image\/gif;base64,R0lGODlhAQABAAAAACH5BAEKAAEALAAAAAABAAEAAAICTAEAOw==\" data-orig-src=\"https:\/\/lh6.googleusercontent.com\/-xXH_05oBIBE\/VIvziWSJ9-I\/AAAAAAAAHUE\/TURoltDwMY0\/w400-h300-no\/2.jpg\" \/><\/span><\/p>\n<\/td>\n<td>\n<p style=\"text-align: justify;\"><span style=\"color: #000000; font-family: helvetica; font-size: 12pt;\">&nbsp;&nbsp;&nbsp; Kisha e Apostull Pav\u00ebl dhe Sh\u00ebn Astit ishte mbushur me dhjet\u00ebra besimtar\u00eb t\u00eb ardhur n\u00eb fest\u00ebn zot\u00ebrore \u201ct\u00eb Dritave\u201d si\u00e7 quhet ndryshe, pasi Krishti q\u00eb \u00ebsht\u00eb edhe Dielli i Drejt\u00ebsis\u00eb ndri\u00e7on t\u00eb gjith\u00eb bot\u00ebn dhe mbar\u00eb njer\u00ebzimin.<\/span><\/p>\n<\/td>\n<\/tr>\n<tr>\n<td>\n<p style=\"text-align: justify;\"><span style=\"color: #000000; font-family: helvetica; font-size: 12pt;\">&nbsp;&nbsp; Episkopi i Apolonis\u00eb, Hir\u00ebsi Nikolla drejtoi Liturgjin\u00eb Hyjnore, i shoq\u00ebruar nga kleri dhe kori i student\u00ebve t\u00eb Akademis\u00eb Teologjike. Ai nuk mbajti predikim, por shpjegoi para besimtar\u00ebve se dita e Pag\u00ebzimit t\u00eb Zotit ton\u00eb Jisu Krisht sh\u00ebnon edhe fillimin e misionit t\u00eb tij shp\u00ebtimtar.<\/span><\/p>\n<\/td>\n<td>\n<p><span style=\"color: #000000; font-family: helvetica; font-size: 12pt;\"><img decoding=\"async\" class=\"lazyload HAa Eha\" style=\"border-width: 1px; border-style: solid; margin: 10px auto; display: block;\" alt=\"\" src=\"data:image\/gif;base64,R0lGODlhAQABAAAAACH5BAEKAAEALAAAAAABAAEAAAICTAEAOw==\" data-orig-src=\"https:\/\/lh6.googleusercontent.com\/-53zB6mWrJXE\/VIvziQUf9oI\/AAAAAAAAHUk\/5KRoSJL1_s8\/w400-h300-no\/3.jpg\" \/><\/span><\/p>\n<\/td>\n<\/tr>\n<tr>\n<td>\n<p><span style=\"color: #000000; font-family: helvetica; font-size: 12pt;\"><img decoding=\"async\" class=\"lazyload HAa Eha\" style=\"border-width: 1px; border-style: solid; margin: 10px auto; display: block;\" alt=\"\" src=\"data:image\/gif;base64,R0lGODlhAQABAAAAACH5BAEKAAEALAAAAAABAAEAAAICTAEAOw==\" data-orig-src=\"https:\/\/lh3.googleusercontent.com\/-RaWQtR_nKls\/VIvzim3JS4I\/AAAAAAAAHUc\/J4OZe018m2Y\/w400-h300-no\/4.jpg\" \/><\/span><\/p>\n<\/td>\n<td>\n<p style=\"text-align: justify;\"><span style=\"color: #000000; font-family: helvetica; font-size: 12pt;\">&nbsp;&nbsp;&nbsp; Mesazhet e k\u00ebsaj festeje i jep vet\u00eb urata e bekimit t\u00eb Ajazm\u00ebs s\u00eb Madhe q\u00eb mbart t\u00eb gjitha mesazhet historike, dogmatike dhe teologjike t\u00eb k\u00ebsaj festeje. N\u00eb pag\u00ebzimin e Tij, Krishti fillon t\u00eb predikoj\u00eb ardhjen e Mbret\u00ebris\u00eb s\u00eb Per\u00ebndis\u00eb. Krishti nuk kishte nevoj\u00eb t\u00eb pag\u00ebzohej, por na tregoi edhe ne se duhet t\u00eb ecim n\u00eb rrug\u00ebn q\u00eb Ai vet\u00eb e filloi.<\/span><\/p>\n<\/td>\n<\/tr>\n<tr>\n<td>\n<p style=\"text-align: justify;\"><span style=\"color: #000000; font-family: helvetica; font-size: 12pt;\">&nbsp;&nbsp;&nbsp; \u201cDo t\u00eb shkoni n\u00eb sht\u00ebpit\u00eb tuaja dhe t\u00eb gjitha t\u2019i bekoni. T\u00eb gjith\u00eb jepuni mund\u00ebsin\u00eb t\u00eb tjer\u00ebve t\u00eb marrin g\u00ebzimin dhe Hirin e Per\u00ebndis\u00eb. Sot marrim Drit\u00ebn n\u00eb fest\u00ebn e dritave\u201d \u2013 n\u00ebnvizoi Hir\u00ebsi Nikolla.<\/span><\/p>\n<\/td>\n<td>\n<p><span style=\"color: #000000; font-family: helvetica; font-size: 12pt;\"><img decoding=\"async\" class=\"lazyload HAa Eha\" style=\"border-width: 1px; border-style: solid; margin: 10px auto; display: block;\" alt=\"\" src=\"data:image\/gif;base64,R0lGODlhAQABAAAAACH5BAEKAAEALAAAAAABAAEAAAICTAEAOw==\" data-orig-src=\"https:\/\/lh3.googleusercontent.com\/-lwUhtRBmRPU\/VIvzjKc93qI\/AAAAAAAAHUY\/sajgqCcq3mE\/w400-h300-no\/5.jpg\" \/><\/span><\/p>\n<\/td>\n<\/tr>\n<tr>\n<td>\n<p><span style=\"color: #000000; font-family: helvetica; font-size: 12pt;\"><img decoding=\"async\" class=\"lazyload HAa Eha\" style=\"border-width: 1px; border-style: solid; margin: 10px auto; display: block;\" alt=\"\" src=\"data:image\/gif;base64,R0lGODlhAQABAAAAACH5BAEKAAEALAAAAAABAAEAAAICTAEAOw==\" data-orig-src=\"https:\/\/lh6.googleusercontent.com\/-CvXdp4N_jII\/VIvzjfqhEbI\/AAAAAAAAHUQ\/WZox3E1bSS4\/w400-h300-no\/6.jpg\" \/><\/span><\/p>\n<\/td>\n<td>\n<p style=\"text-align: justify;\"><span style=\"color: #000000; font-family: helvetica; font-size: 12pt;\">&nbsp;&nbsp;&nbsp; Pas sh\u00ebrbes\u00ebs s\u00eb Bekimit t\u00eb Ujit, t\u00eb gjith\u00eb u zhvendos\u00ebn n\u00eb kalat\u00ebn nr. 5 t\u00eb Portit t\u00eb Durr\u00ebsit p\u00ebr t\u00eb kryer ceremonin\u00eb tradicionale t\u00eb hedhjes s\u00eb kryqit n\u00eb det. Banda muzikore e qytetit shoq\u00ebronte pjes\u00ebmarr\u00ebsit me himnin e fest\u00ebs \u201cN\u00eb Jordan kur pag\u00ebzoheshe\u2026\u201d. Momentet emocionuese kulmuan nga guximi i tre djemve durrsak\u00eb, t\u00eb cil\u00ebt u hodh\u00ebn n\u00eb uj\u00ebrat e ftohta t\u00eb detit p\u00ebr t\u00eb kapur kryqin.<\/span><\/p>\n<\/td>\n<\/tr>\n<tr>\n<td>\n<p style=\"text-align: justify;\"><span style=\"color: #000000; font-family: helvetica; font-size: 12pt;\">&nbsp;&nbsp;&nbsp; 15 vje\u00e7ari, Dhimit\u00ebr Xhimitiku, i cili \u00ebsht\u00eb edhe an\u00ebtar i rinis\u00eb orthodhokse t\u00eb qytetit, u tregua m\u00eb i shkath\u00ebti, duke e nxjerr\u00eb nga uj\u00ebrat me entuziaz\u00ebm kryqin e shenjt\u00eb. Familjar\u00ebt dhe shum\u00eb besimtar\u00eb p\u00ebrqafuan Dhimitrin, duke e uruar me p\u00ebrzem\u00ebrsi. Pas ceremonis\u00eb, kleri dhe besimtar\u00ebt u kthyen n\u00eb kish\u00eb p\u00ebr t\u00eb marr\u00eb ujin e bekuar, duke e p\u00ebrdorur at\u00eb p\u00ebr sh\u00ebrim shpirt\u00ebror e trupor, p\u00ebr familjen dhe t\u00eb af\u00ebrmit e tyre.<\/span><\/p>\n<\/td>\n<td>\n<p><span style=\"color: #000000; font-family: helvetica; font-size: 12pt;\"><img decoding=\"async\" class=\"lazyload HAa Eha\" style=\"border-width: 1px; border-style: solid; margin: 10px auto; display: block;\" alt=\"\" src=\"data:image\/gif;base64,R0lGODlhAQABAAAAACH5BAEKAAEALAAAAAABAAEAAAICTAEAOw==\" data-orig-src=\"https:\/\/lh4.googleusercontent.com\/-GfZ328qt8Fk\/VIvzjzG7XiI\/AAAAAAAAHUU\/wpsQjQnCUH8\/w400-h300-no\/7.jpg\" \/><\/span><\/p>\n<\/td>\n<\/tr>\n<tr>\n<td>\n<p><span style=\"color: #000000; font-family: helvetica; font-size: 12pt;\"><strong>&nbsp;&nbsp;&nbsp;&nbsp; Isidor Koti<\/strong><\/span><\/p>\n<\/td>\n<\/tr>\n<\/tbody>\n<\/table>\n<p>&nbsp;<\/p>\n","protected":false},"excerpt":{"rendered":"<p>&nbsp;&nbsp;&nbsp; N\u00eb uj\u00ebrat e detit \u201cAdriatik\u201d n\u00eb qytetin e Durr\u00ebsit, koha e ftoht\u00eb dhe me shi nuk e ndali shpres\u00ebtarin\u00eb e besimtar\u00ebve p\u00ebr t\u00eb marr\u00eb bekimet e Zotit n\u00eb fest\u00ebn e Theofanis\u00eb. &nbsp;&nbsp;&nbsp; Kisha e Apostull Pav\u00ebl dhe Sh\u00ebn Astit ishte mbushur me dhjet\u00ebra besimtar\u00eb t\u00eb ardhur n\u00eb fest\u00ebn zot\u00ebrore \u201ct\u00eb Dritave\u201d si\u00e7 quhet ndryshe, pasi Krishti q\u00eb \u00ebsht\u00eb edhe Dielli i Drejt\u00ebsis\u00eb ndri\u00e7on t\u00eb<\/p>\n","protected":false},"author":1,"featured_media":0,"comment_status":"open","ping_status":"open","sticky":false,"template":"","format":"standard","meta":{"_acf_changed":false,"pagelayer_contact_templates":[],"_pagelayer_content":"","inline_featured_image":false,"fifu_image_url":"","fifu_image_alt":"","footnotes":""},"categories":[108],"tags":[146,157,196,212,193],"class_list":["post-488","post","type-post","status-publish","format-standard","hentry","category-lajme","tag-146","tag-kremtime","tag-tirane","tag-lajme-d27","tag-uji-i-bekuar"],"acf":[],"yoast_head":"<!-- This site is optimized with the Yoast SEO plugin v27.2 - https:\/\/yoast.com\/product\/yoast-seo-wordpress\/ -->\n<title>E kremtja e Theofanis\u00eb n\u00eb Durr\u00ebs Besimtar\u00ebt mor\u00ebn Ujin e bekuar p\u00ebr t\u2019i bekuar t\u00eb gjitha. (Janar 2008) - Kisha Orthodh\u03bfkse Autoqefale e Shqip\u00ebris\u00eb<\/title>\n<meta name=\"robots\" content=\"index, follow, max-snippet:-1, max-image-preview:large, max-video-preview:-1\" \/>\n<link rel=\"canonical\" href=\"https:\/\/orthodoxalbania.org\/2020\/2008\/02\/26\/e-kremtja-e-theofanise-ne-durres-besimtaret-moren-ujin-e-bekuar-per-t-i-bekuar-te-gjitha-janar-2008\/\" \/>\n<meta property=\"og:locale\" content=\"en_US\" \/>\n<meta property=\"og:type\" content=\"article\" \/>\n<meta property=\"og:title\" content=\"E kremtja e Theofanis\u00eb n\u00eb Durr\u00ebs Besimtar\u00ebt mor\u00ebn Ujin e bekuar p\u00ebr t\u2019i bekuar t\u00eb gjitha. (Janar 2008) - Kisha Orthodh\u03bfkse Autoqefale e Shqip\u00ebris\u00eb\" \/>\n<meta property=\"og:description\" content=\"&nbsp;&nbsp;&nbsp; N\u00eb uj\u00ebrat e detit \u201cAdriatik\u201d n\u00eb qytetin e Durr\u00ebsit, koha e ftoht\u00eb dhe me shi nuk e ndali shpres\u00ebtarin\u00eb e besimtar\u00ebve p\u00ebr t\u00eb marr\u00eb bekimet e Zotit n\u00eb fest\u00ebn e Theofanis\u00eb. &nbsp;&nbsp;&nbsp; Kisha e Apostull Pav\u00ebl dhe Sh\u00ebn Astit ishte mbushur me dhjet\u00ebra besimtar\u00eb t\u00eb ardhur n\u00eb fest\u00ebn zot\u00ebrore \u201ct\u00eb Dritave\u201d si\u00e7 quhet ndryshe, pasi Krishti q\u00eb \u00ebsht\u00eb edhe Dielli i Drejt\u00ebsis\u00eb ndri\u00e7on t\u00eb\" \/>\n<meta property=\"og:url\" content=\"https:\/\/orthodoxalbania.org\/2020\/2008\/02\/26\/e-kremtja-e-theofanise-ne-durres-besimtaret-moren-ujin-e-bekuar-per-t-i-bekuar-te-gjitha-janar-2008\/\" \/>\n<meta property=\"og:site_name\" content=\"Kisha Orthodh\u03bfkse Autoqefale e Shqip\u00ebris\u00eb\" \/>\n<meta property=\"article:publisher\" content=\"https:\/\/www.facebook.com\/koash1991\" \/>\n<meta property=\"article:published_time\" content=\"2008-02-26T00:00:00+00:00\" \/>\n<meta property=\"article:modified_time\" content=\"2020-04-06T20:35:31+00:00\" \/>\n<meta property=\"og:image\" content=\"https:\/\/lh4.googleusercontent.com\/-nPMVrIq25Oc\/VIvziN_qC3I\/AAAAAAAAHT4\/Rkf69FQ0oQc\/w400-h300-no\/1.jpg\" \/>\n<meta name=\"author\" content=\"Kisha Orthodhokse\" \/>\n<meta name=\"twitter:card\" content=\"summary_large_image\" \/>\n<meta name=\"twitter:label1\" content=\"Written by\" \/>\n\t<meta name=\"twitter:data1\" content=\"Kisha Orthodhokse\" \/>\n\t<meta name=\"twitter:label2\" content=\"Est. reading time\" \/>\n\t<meta name=\"twitter:data2\" content=\"2 minutes\" \/>\n<script type=\"application\/ld+json\" class=\"yoast-schema-graph\">{\"@context\":\"https:\/\/schema.org\",\"@graph\":[{\"@type\":\"Article\",\"@id\":\"https:\/\/orthodoxalbania.org\/2020\/2008\/02\/26\/e-kremtja-e-theofanise-ne-durres-besimtaret-moren-ujin-e-bekuar-per-t-i-bekuar-te-gjitha-janar-2008\/#article\",\"isPartOf\":{\"@id\":\"https:\/\/orthodoxalbania.org\/2020\/2008\/02\/26\/e-kremtja-e-theofanise-ne-durres-besimtaret-moren-ujin-e-bekuar-per-t-i-bekuar-te-gjitha-janar-2008\/\"},\"author\":{\"name\":\"Kisha Orthodhokse\",\"@id\":\"https:\/\/orthodoxalbania.org\/2020\/#\/schema\/person\/0c387634a7063ac612d7ed9ce71c7e86\"},\"headline\":\"E kremtja e Theofanis\u00eb n\u00eb Durr\u00ebs Besimtar\u00ebt mor\u00ebn Ujin e bekuar p\u00ebr t\u2019i bekuar t\u00eb gjitha. (Janar 2008)\",\"datePublished\":\"2008-02-26T00:00:00+00:00\",\"dateModified\":\"2020-04-06T20:35:31+00:00\",\"mainEntityOfPage\":{\"@id\":\"https:\/\/orthodoxalbania.org\/2020\/2008\/02\/26\/e-kremtja-e-theofanise-ne-durres-besimtaret-moren-ujin-e-bekuar-per-t-i-bekuar-te-gjitha-janar-2008\/\"},\"wordCount\":464,\"commentCount\":0,\"publisher\":{\"@id\":\"https:\/\/orthodoxalbania.org\/2020\/#organization\"},\"image\":{\"@id\":\"https:\/\/orthodoxalbania.org\/2020\/2008\/02\/26\/e-kremtja-e-theofanise-ne-durres-besimtaret-moren-ujin-e-bekuar-per-t-i-bekuar-te-gjitha-janar-2008\/#primaryimage\"},\"thumbnailUrl\":\"https:\/\/lh4.googleusercontent.com\/-nPMVrIq25Oc\/VIvziN_qC3I\/AAAAAAAAHT4\/Rkf69FQ0oQc\/w400-h300-no\/1.jpg\",\"keywords\":[\"2008\",\"Kremtime\",\"Kryepiskopata Tiran\u00eb\",\"lajme\",\"Uji i Bekuar\"],\"articleSection\":[\"Lajme\"],\"inLanguage\":\"en-US\"},{\"@type\":\"WebPage\",\"@id\":\"https:\/\/orthodoxalbania.org\/2020\/2008\/02\/26\/e-kremtja-e-theofanise-ne-durres-besimtaret-moren-ujin-e-bekuar-per-t-i-bekuar-te-gjitha-janar-2008\/\",\"url\":\"https:\/\/orthodoxalbania.org\/2020\/2008\/02\/26\/e-kremtja-e-theofanise-ne-durres-besimtaret-moren-ujin-e-bekuar-per-t-i-bekuar-te-gjitha-janar-2008\/\",\"name\":\"E kremtja e Theofanis\u00eb n\u00eb Durr\u00ebs Besimtar\u00ebt mor\u00ebn Ujin e bekuar p\u00ebr t\u2019i bekuar t\u00eb gjitha. (Janar 2008) - Kisha Orthodh\u03bfkse Autoqefale e Shqip\u00ebris\u00eb\",\"isPartOf\":{\"@id\":\"https:\/\/orthodoxalbania.org\/2020\/#website\"},\"primaryImageOfPage\":{\"@id\":\"https:\/\/orthodoxalbania.org\/2020\/2008\/02\/26\/e-kremtja-e-theofanise-ne-durres-besimtaret-moren-ujin-e-bekuar-per-t-i-bekuar-te-gjitha-janar-2008\/#primaryimage\"},\"image\":{\"@id\":\"https:\/\/orthodoxalbania.org\/2020\/2008\/02\/26\/e-kremtja-e-theofanise-ne-durres-besimtaret-moren-ujin-e-bekuar-per-t-i-bekuar-te-gjitha-janar-2008\/#primaryimage\"},\"thumbnailUrl\":\"https:\/\/lh4.googleusercontent.com\/-nPMVrIq25Oc\/VIvziN_qC3I\/AAAAAAAAHT4\/Rkf69FQ0oQc\/w400-h300-no\/1.jpg\",\"datePublished\":\"2008-02-26T00:00:00+00:00\",\"dateModified\":\"2020-04-06T20:35:31+00:00\",\"breadcrumb\":{\"@id\":\"https:\/\/orthodoxalbania.org\/2020\/2008\/02\/26\/e-kremtja-e-theofanise-ne-durres-besimtaret-moren-ujin-e-bekuar-per-t-i-bekuar-te-gjitha-janar-2008\/#breadcrumb\"},\"inLanguage\":\"en-US\",\"potentialAction\":[{\"@type\":\"ReadAction\",\"target\":[\"https:\/\/orthodoxalbania.org\/2020\/2008\/02\/26\/e-kremtja-e-theofanise-ne-durres-besimtaret-moren-ujin-e-bekuar-per-t-i-bekuar-te-gjitha-janar-2008\/\"]}]},{\"@type\":\"ImageObject\",\"inLanguage\":\"en-US\",\"@id\":\"https:\/\/orthodoxalbania.org\/2020\/2008\/02\/26\/e-kremtja-e-theofanise-ne-durres-besimtaret-moren-ujin-e-bekuar-per-t-i-bekuar-te-gjitha-janar-2008\/#primaryimage\",\"url\":\"https:\/\/lh4.googleusercontent.com\/-nPMVrIq25Oc\/VIvziN_qC3I\/AAAAAAAAHT4\/Rkf69FQ0oQc\/w400-h300-no\/1.jpg\",\"contentUrl\":\"https:\/\/lh4.googleusercontent.com\/-nPMVrIq25Oc\/VIvziN_qC3I\/AAAAAAAAHT4\/Rkf69FQ0oQc\/w400-h300-no\/1.jpg\"},{\"@type\":\"BreadcrumbList\",\"@id\":\"https:\/\/orthodoxalbania.org\/2020\/2008\/02\/26\/e-kremtja-e-theofanise-ne-durres-besimtaret-moren-ujin-e-bekuar-per-t-i-bekuar-te-gjitha-janar-2008\/#breadcrumb\",\"itemListElement\":[{\"@type\":\"ListItem\",\"position\":1,\"name\":\"Home\",\"item\":\"https:\/\/orthodoxalbania.org\/2020\/\"},{\"@type\":\"ListItem\",\"position\":2,\"name\":\"E kremtja e Theofanis\u00eb n\u00eb Durr\u00ebs Besimtar\u00ebt mor\u00ebn Ujin e bekuar p\u00ebr t\u2019i bekuar t\u00eb gjitha. (Janar 2008)\"}]},{\"@type\":\"WebSite\",\"@id\":\"https:\/\/orthodoxalbania.org\/2020\/#website\",\"url\":\"https:\/\/orthodoxalbania.org\/2020\/\",\"name\":\"Kisha Orthodh\u03bfkse Autoqefale e Shqip\u00ebris\u00eb\",\"description\":\"Fqja Zyrtare e Kish\u00ebs Orthodhokse Autoqefale e Shqip\u00ebris\u00eb me lajmet edhe informacionet zyrtare p\u00ebr struktur\u00ebn edhe veprimtarin e saj.\",\"publisher\":{\"@id\":\"https:\/\/orthodoxalbania.org\/2020\/#organization\"},\"potentialAction\":[{\"@type\":\"SearchAction\",\"target\":{\"@type\":\"EntryPoint\",\"urlTemplate\":\"https:\/\/orthodoxalbania.org\/2020\/?s={search_term_string}\"},\"query-input\":{\"@type\":\"PropertyValueSpecification\",\"valueRequired\":true,\"valueName\":\"search_term_string\"}}],\"inLanguage\":\"en-US\"},{\"@type\":\"Organization\",\"@id\":\"https:\/\/orthodoxalbania.org\/2020\/#organization\",\"name\":\"Kisha Orthodhokse Autoqefale e Shqip\u00ebris\u00eb\",\"url\":\"https:\/\/orthodoxalbania.org\/2020\/\",\"logo\":{\"@type\":\"ImageObject\",\"inLanguage\":\"en-US\",\"@id\":\"https:\/\/orthodoxalbania.org\/2020\/#\/schema\/logo\/image\/\",\"url\":\"https:\/\/orthodoxalbania.org\/2020\/wp-content\/uploads\/2020\/05\/albania.jpeg\",\"contentUrl\":\"https:\/\/orthodoxalbania.org\/2020\/wp-content\/uploads\/2020\/05\/albania.jpeg\",\"width\":540,\"height\":540,\"caption\":\"Kisha Orthodhokse Autoqefale e Shqip\u00ebris\u00eb\"},\"image\":{\"@id\":\"https:\/\/orthodoxalbania.org\/2020\/#\/schema\/logo\/image\/\"},\"sameAs\":[\"https:\/\/www.facebook.com\/koash1991\"]},{\"@type\":\"Person\",\"@id\":\"https:\/\/orthodoxalbania.org\/2020\/#\/schema\/person\/0c387634a7063ac612d7ed9ce71c7e86\",\"name\":\"Kisha Orthodhokse\",\"image\":{\"@type\":\"ImageObject\",\"inLanguage\":\"en-US\",\"@id\":\"https:\/\/secure.gravatar.com\/avatar\/596e7c417251e30f2fbb9c00e026fce61a695a00e51c889caded71c96cbbdde5?s=96&d=mm&r=g\",\"url\":\"https:\/\/secure.gravatar.com\/avatar\/596e7c417251e30f2fbb9c00e026fce61a695a00e51c889caded71c96cbbdde5?s=96&d=mm&r=g\",\"contentUrl\":\"https:\/\/secure.gravatar.com\/avatar\/596e7c417251e30f2fbb9c00e026fce61a695a00e51c889caded71c96cbbdde5?s=96&d=mm&r=g\",\"caption\":\"Kisha Orthodhokse\"}}]}<\/script>\n<!-- \/ Yoast SEO plugin. -->","yoast_head_json":{"title":"E kremtja e Theofanis\u00eb n\u00eb Durr\u00ebs Besimtar\u00ebt mor\u00ebn Ujin e bekuar p\u00ebr t\u2019i bekuar t\u00eb gjitha. (Janar 2008) - Kisha Orthodh\u03bfkse Autoqefale e Shqip\u00ebris\u00eb","robots":{"index":"index","follow":"follow","max-snippet":"max-snippet:-1","max-image-preview":"max-image-preview:large","max-video-preview":"max-video-preview:-1"},"canonical":"https:\/\/orthodoxalbania.org\/2020\/2008\/02\/26\/e-kremtja-e-theofanise-ne-durres-besimtaret-moren-ujin-e-bekuar-per-t-i-bekuar-te-gjitha-janar-2008\/","og_locale":"en_US","og_type":"article","og_title":"E kremtja e Theofanis\u00eb n\u00eb Durr\u00ebs Besimtar\u00ebt mor\u00ebn Ujin e bekuar p\u00ebr t\u2019i bekuar t\u00eb gjitha. (Janar 2008) - Kisha Orthodh\u03bfkse Autoqefale e Shqip\u00ebris\u00eb","og_description":"&nbsp;&nbsp;&nbsp; N\u00eb uj\u00ebrat e detit \u201cAdriatik\u201d n\u00eb qytetin e Durr\u00ebsit, koha e ftoht\u00eb dhe me shi nuk e ndali shpres\u00ebtarin\u00eb e besimtar\u00ebve p\u00ebr t\u00eb marr\u00eb bekimet e Zotit n\u00eb fest\u00ebn e Theofanis\u00eb. &nbsp;&nbsp;&nbsp; Kisha e Apostull Pav\u00ebl dhe Sh\u00ebn Astit ishte mbushur me dhjet\u00ebra besimtar\u00eb t\u00eb ardhur n\u00eb fest\u00ebn zot\u00ebrore \u201ct\u00eb Dritave\u201d si\u00e7 quhet ndryshe, pasi Krishti q\u00eb \u00ebsht\u00eb edhe Dielli i Drejt\u00ebsis\u00eb ndri\u00e7on t\u00eb","og_url":"https:\/\/orthodoxalbania.org\/2020\/2008\/02\/26\/e-kremtja-e-theofanise-ne-durres-besimtaret-moren-ujin-e-bekuar-per-t-i-bekuar-te-gjitha-janar-2008\/","og_site_name":"Kisha Orthodh\u03bfkse Autoqefale e Shqip\u00ebris\u00eb","article_publisher":"https:\/\/www.facebook.com\/koash1991","article_published_time":"2008-02-26T00:00:00+00:00","article_modified_time":"2020-04-06T20:35:31+00:00","og_image":[{"url":"https:\/\/lh4.googleusercontent.com\/-nPMVrIq25Oc\/VIvziN_qC3I\/AAAAAAAAHT4\/Rkf69FQ0oQc\/w400-h300-no\/1.jpg","type":"","width":"","height":""}],"author":"Kisha Orthodhokse","twitter_card":"summary_large_image","twitter_misc":{"Written by":"Kisha Orthodhokse","Est. reading time":"2 minutes"},"schema":{"@context":"https:\/\/schema.org","@graph":[{"@type":"Article","@id":"https:\/\/orthodoxalbania.org\/2020\/2008\/02\/26\/e-kremtja-e-theofanise-ne-durres-besimtaret-moren-ujin-e-bekuar-per-t-i-bekuar-te-gjitha-janar-2008\/#article","isPartOf":{"@id":"https:\/\/orthodoxalbania.org\/2020\/2008\/02\/26\/e-kremtja-e-theofanise-ne-durres-besimtaret-moren-ujin-e-bekuar-per-t-i-bekuar-te-gjitha-janar-2008\/"},"author":{"name":"Kisha Orthodhokse","@id":"https:\/\/orthodoxalbania.org\/2020\/#\/schema\/person\/0c387634a7063ac612d7ed9ce71c7e86"},"headline":"E kremtja e Theofanis\u00eb n\u00eb Durr\u00ebs Besimtar\u00ebt mor\u00ebn Ujin e bekuar p\u00ebr t\u2019i bekuar t\u00eb gjitha. (Janar 2008)","datePublished":"2008-02-26T00:00:00+00:00","dateModified":"2020-04-06T20:35:31+00:00","mainEntityOfPage":{"@id":"https:\/\/orthodoxalbania.org\/2020\/2008\/02\/26\/e-kremtja-e-theofanise-ne-durres-besimtaret-moren-ujin-e-bekuar-per-t-i-bekuar-te-gjitha-janar-2008\/"},"wordCount":464,"commentCount":0,"publisher":{"@id":"https:\/\/orthodoxalbania.org\/2020\/#organization"},"image":{"@id":"https:\/\/orthodoxalbania.org\/2020\/2008\/02\/26\/e-kremtja-e-theofanise-ne-durres-besimtaret-moren-ujin-e-bekuar-per-t-i-bekuar-te-gjitha-janar-2008\/#primaryimage"},"thumbnailUrl":"https:\/\/lh4.googleusercontent.com\/-nPMVrIq25Oc\/VIvziN_qC3I\/AAAAAAAAHT4\/Rkf69FQ0oQc\/w400-h300-no\/1.jpg","keywords":["2008","Kremtime","Kryepiskopata Tiran\u00eb","lajme","Uji i Bekuar"],"articleSection":["Lajme"],"inLanguage":"en-US"},{"@type":"WebPage","@id":"https:\/\/orthodoxalbania.org\/2020\/2008\/02\/26\/e-kremtja-e-theofanise-ne-durres-besimtaret-moren-ujin-e-bekuar-per-t-i-bekuar-te-gjitha-janar-2008\/","url":"https:\/\/orthodoxalbania.org\/2020\/2008\/02\/26\/e-kremtja-e-theofanise-ne-durres-besimtaret-moren-ujin-e-bekuar-per-t-i-bekuar-te-gjitha-janar-2008\/","name":"E kremtja e Theofanis\u00eb n\u00eb Durr\u00ebs Besimtar\u00ebt mor\u00ebn Ujin e bekuar p\u00ebr t\u2019i bekuar t\u00eb gjitha. (Janar 2008) - Kisha Orthodh\u03bfkse Autoqefale e Shqip\u00ebris\u00eb","isPartOf":{"@id":"https:\/\/orthodoxalbania.org\/2020\/#website"},"primaryImageOfPage":{"@id":"https:\/\/orthodoxalbania.org\/2020\/2008\/02\/26\/e-kremtja-e-theofanise-ne-durres-besimtaret-moren-ujin-e-bekuar-per-t-i-bekuar-te-gjitha-janar-2008\/#primaryimage"},"image":{"@id":"https:\/\/orthodoxalbania.org\/2020\/2008\/02\/26\/e-kremtja-e-theofanise-ne-durres-besimtaret-moren-ujin-e-bekuar-per-t-i-bekuar-te-gjitha-janar-2008\/#primaryimage"},"thumbnailUrl":"https:\/\/lh4.googleusercontent.com\/-nPMVrIq25Oc\/VIvziN_qC3I\/AAAAAAAAHT4\/Rkf69FQ0oQc\/w400-h300-no\/1.jpg","datePublished":"2008-02-26T00:00:00+00:00","dateModified":"2020-04-06T20:35:31+00:00","breadcrumb":{"@id":"https:\/\/orthodoxalbania.org\/2020\/2008\/02\/26\/e-kremtja-e-theofanise-ne-durres-besimtaret-moren-ujin-e-bekuar-per-t-i-bekuar-te-gjitha-janar-2008\/#breadcrumb"},"inLanguage":"en-US","potentialAction":[{"@type":"ReadAction","target":["https:\/\/orthodoxalbania.org\/2020\/2008\/02\/26\/e-kremtja-e-theofanise-ne-durres-besimtaret-moren-ujin-e-bekuar-per-t-i-bekuar-te-gjitha-janar-2008\/"]}]},{"@type":"ImageObject","inLanguage":"en-US","@id":"https:\/\/orthodoxalbania.org\/2020\/2008\/02\/26\/e-kremtja-e-theofanise-ne-durres-besimtaret-moren-ujin-e-bekuar-per-t-i-bekuar-te-gjitha-janar-2008\/#primaryimage","url":"https:\/\/lh4.googleusercontent.com\/-nPMVrIq25Oc\/VIvziN_qC3I\/AAAAAAAAHT4\/Rkf69FQ0oQc\/w400-h300-no\/1.jpg","contentUrl":"https:\/\/lh4.googleusercontent.com\/-nPMVrIq25Oc\/VIvziN_qC3I\/AAAAAAAAHT4\/Rkf69FQ0oQc\/w400-h300-no\/1.jpg"},{"@type":"BreadcrumbList","@id":"https:\/\/orthodoxalbania.org\/2020\/2008\/02\/26\/e-kremtja-e-theofanise-ne-durres-besimtaret-moren-ujin-e-bekuar-per-t-i-bekuar-te-gjitha-janar-2008\/#breadcrumb","itemListElement":[{"@type":"ListItem","position":1,"name":"Home","item":"https:\/\/orthodoxalbania.org\/2020\/"},{"@type":"ListItem","position":2,"name":"E kremtja e Theofanis\u00eb n\u00eb Durr\u00ebs Besimtar\u00ebt mor\u00ebn Ujin e bekuar p\u00ebr t\u2019i bekuar t\u00eb gjitha. (Janar 2008)"}]},{"@type":"WebSite","@id":"https:\/\/orthodoxalbania.org\/2020\/#website","url":"https:\/\/orthodoxalbania.org\/2020\/","name":"Kisha Orthodh\u03bfkse Autoqefale e Shqip\u00ebris\u00eb","description":"Fqja Zyrtare e Kish\u00ebs Orthodhokse Autoqefale e Shqip\u00ebris\u00eb me lajmet edhe informacionet zyrtare p\u00ebr struktur\u00ebn edhe veprimtarin e saj.","publisher":{"@id":"https:\/\/orthodoxalbania.org\/2020\/#organization"},"potentialAction":[{"@type":"SearchAction","target":{"@type":"EntryPoint","urlTemplate":"https:\/\/orthodoxalbania.org\/2020\/?s={search_term_string}"},"query-input":{"@type":"PropertyValueSpecification","valueRequired":true,"valueName":"search_term_string"}}],"inLanguage":"en-US"},{"@type":"Organization","@id":"https:\/\/orthodoxalbania.org\/2020\/#organization","name":"Kisha Orthodhokse Autoqefale e Shqip\u00ebris\u00eb","url":"https:\/\/orthodoxalbania.org\/2020\/","logo":{"@type":"ImageObject","inLanguage":"en-US","@id":"https:\/\/orthodoxalbania.org\/2020\/#\/schema\/logo\/image\/","url":"https:\/\/orthodoxalbania.org\/2020\/wp-content\/uploads\/2020\/05\/albania.jpeg","contentUrl":"https:\/\/orthodoxalbania.org\/2020\/wp-content\/uploads\/2020\/05\/albania.jpeg","width":540,"height":540,"caption":"Kisha Orthodhokse Autoqefale e Shqip\u00ebris\u00eb"},"image":{"@id":"https:\/\/orthodoxalbania.org\/2020\/#\/schema\/logo\/image\/"},"sameAs":["https:\/\/www.facebook.com\/koash1991"]},{"@type":"Person","@id":"https:\/\/orthodoxalbania.org\/2020\/#\/schema\/person\/0c387634a7063ac612d7ed9ce71c7e86","name":"Kisha Orthodhokse","image":{"@type":"ImageObject","inLanguage":"en-US","@id":"https:\/\/secure.gravatar.com\/avatar\/596e7c417251e30f2fbb9c00e026fce61a695a00e51c889caded71c96cbbdde5?s=96&d=mm&r=g","url":"https:\/\/secure.gravatar.com\/avatar\/596e7c417251e30f2fbb9c00e026fce61a695a00e51c889caded71c96cbbdde5?s=96&d=mm&r=g","contentUrl":"https:\/\/secure.gravatar.com\/avatar\/596e7c417251e30f2fbb9c00e026fce61a695a00e51c889caded71c96cbbdde5?s=96&d=mm&r=g","caption":"Kisha Orthodhokse"}}]}},"_links":{"self":[{"href":"https:\/\/orthodoxalbania.org\/2020\/wp-json\/wp\/v2\/posts\/488","targetHints":{"allow":["GET"]}}],"collection":[{"href":"https:\/\/orthodoxalbania.org\/2020\/wp-json\/wp\/v2\/posts"}],"about":[{"href":"https:\/\/orthodoxalbania.org\/2020\/wp-json\/wp\/v2\/types\/post"}],"author":[{"embeddable":true,"href":"https:\/\/orthodoxalbania.org\/2020\/wp-json\/wp\/v2\/users\/1"}],"replies":[{"embeddable":true,"href":"https:\/\/orthodoxalbania.org\/2020\/wp-json\/wp\/v2\/comments?post=488"}],"version-history":[{"count":1,"href":"https:\/\/orthodoxalbania.org\/2020\/wp-json\/wp\/v2\/posts\/488\/revisions"}],"predecessor-version":[{"id":15703,"href":"https:\/\/orthodoxalbania.org\/2020\/wp-json\/wp\/v2\/posts\/488\/revisions\/15703"}],"wp:attachment":[{"href":"https:\/\/orthodoxalbania.org\/2020\/wp-json\/wp\/v2\/media?parent=488"}],"wp:term":[{"taxonomy":"category","embeddable":true,"href":"https:\/\/orthodoxalbania.org\/2020\/wp-json\/wp\/v2\/categories?post=488"},{"taxonomy":"post_tag","embeddable":true,"href":"https:\/\/orthodoxalbania.org\/2020\/wp-json\/wp\/v2\/tags?post=488"}],"curies":[{"name":"wp","href":"https:\/\/api.w.org\/{rel}","templated":true}]}}