{"id":487,"date":"2008-02-26T00:00:00","date_gmt":"2008-02-26T00:00:00","guid":{"rendered":""},"modified":"2020-04-06T22:35:30","modified_gmt":"2020-04-06T20:35:30","slug":"e-kremtja-e-theofanise-ne-berat-janar-2008","status":"publish","type":"post","link":"https:\/\/orthodoxalbania.org\/2020\/2008\/02\/26\/e-kremtja-e-theofanise-ne-berat-janar-2008\/","title":{"rendered":"E kremtja e Theofanis\u00eb n\u00eb Berat. (Janar 2008)"},"content":{"rendered":"<table id=\"AutoNumber4\" border=\"0\">\n<tbody>\n<tr>\n<td>\n<p style=\"text-align: justify;\"><span style=\"color: #000000; font-family: helvetica; font-size: 12pt;\">&nbsp;&nbsp;&nbsp; \u039dj\u00eb nga festat e m\u00ebdha t\u00eb Kish\u00ebs Orthodhokse, ajo e Teofanis\u00eb s\u00eb Zotit, n\u00eb qytetin e Beratit \u00ebsht\u00eb kthyer n\u00eb nj\u00eb nga festat m\u00eb popullore dhe m\u00eb t\u00eb m\u00ebdha t\u00eb vitit. Kjo \u00ebsht\u00eb dita kur t\u00eb gjitha uj\u00ebrat bekohen, sepse Shp\u00ebtimtari i bot\u00ebs, Zoti Jisu Krisht, n\u00eb k\u00ebt\u00eb dit\u00eb u pag\u00ebzua, duke i shenjt\u00ebruar ato.<\/span><\/p>\n<\/td>\n<td>\n<p><span style=\"color: #000000; font-family: helvetica; font-size: 12pt;\"><img decoding=\"async\" class=\"lazyload HAa Eha\" style=\"border-width: 1px; border-style: solid; margin: 10px auto; display: block;\" alt=\"\" src=\"data:image\/gif;base64,R0lGODlhAQABAAAAACH5BAEKAAEALAAAAAABAAEAAAICTAEAOw==\" data-orig-src=\"https:\/\/lh3.googleusercontent.com\/-AYpuvhhqYaA\/VIvvVdC2zZI\/AAAAAAAAHS4\/xVFIdjTLm2o\/w400-h300-no\/1.jpg\" \/><\/span><\/p>\n<\/td>\n<\/tr>\n<tr>\n<td>\n<p><span style=\"color: #000000; font-family: helvetica; font-size: 12pt;\"><img decoding=\"async\" class=\"lazyload HAa Eha\" style=\"border-width: 1px; border-style: solid; margin: 10px auto; display: block;\" alt=\"\" src=\"data:image\/gif;base64,R0lGODlhAQABAAAAACH5BAEKAAEALAAAAAABAAEAAAICTAEAOw==\" data-orig-src=\"https:\/\/lh6.googleusercontent.com\/-JiTueCKE8JE\/VIvvVYtTfII\/AAAAAAAAHTA\/T3yUgyrd2XU\/w400-h300-no\/2.jpg\" \/><\/span><\/p>\n<\/td>\n<td>\n<p style=\"text-align: justify;\"><span style=\"color: #000000; font-family: helvetica; font-size: 12pt;\">&nbsp;&nbsp;&nbsp; Rreth or\u00ebs 6.00, nisi Sh\u00ebrbesa e M\u00ebngjesit, e cila u pasua nga Liturgjia Hyjnore e kryer nga Mitropoliti i Beratit, Vlor\u00ebs, Kanin\u00ebs dhe gjith\u00eb Myzeqes\u00eb, Hir\u00ebsia e Tij Ignati. N\u00eb fund t\u00eb Liturgjis\u00eb u krye dhe sh\u00ebrbesa e \u201cBekimit t\u00eb Madh t\u00eb Ujit\u201d, uj\u00eb i cili u mor nga besimtar\u00ebt p\u00ebr t\u00eb sh\u00ebrbyer p\u00ebrgjat\u00eb gjith\u00eb vitit si ila\u00e7 shpirt\u00ebror dhe trupor.<\/span><\/p>\n<\/td>\n<\/tr>\n<tr>\n<td>\n<p style=\"text-align: justify;\"><span style=\"color: #000000; font-family: helvetica; font-size: 12pt;\">&nbsp;&nbsp;&nbsp; Sh\u00ebrbesat e lartp\u00ebrmendura p\u00ebrfunduan rreth or\u00ebs 9.30. Tashm\u00eb kishte ardhur \u00e7asti i shum\u00ebpritur. Qindra besimtar\u00ebt, t\u00eb mbledhur n\u00eb kish\u00eb, por edhe t\u00eb vendosur p\u00ebr gjat\u00eb &nbsp;gjith\u00eb rrug\u00ebs, t\u00eb udh\u00ebhequr nga Mitropoliti dhe prift\u00ebrinjt\u00eb u drejtuan p\u00ebr tek ura e vjet\u00ebr e Goric\u00ebs, ku u bashkuan me mij\u00ebra njer\u00ebz t\u00eb tjer\u00eb edhe t\u00eb besimeve t\u00eb tjera, q\u00eb tashm\u00eb ishin sistemuar p\u00ebrgjat\u00eb dy brigjeve t\u00eb lumit.<\/span><\/p>\n<\/td>\n<td>\n<p><span style=\"color: #000000; font-family: helvetica; font-size: 12pt;\"><img decoding=\"async\" class=\"lazyload HAa Eha\" style=\"border-width: 1px; border-style: solid; margin: 10px auto; display: block;\" alt=\"\" src=\"data:image\/gif;base64,R0lGODlhAQABAAAAACH5BAEKAAEALAAAAAABAAEAAAICTAEAOw==\" data-orig-src=\"https:\/\/lh4.googleusercontent.com\/-TWrxnaGNOp0\/VIvvVfMFc9I\/AAAAAAAAHS8\/sB21Rzg4dAw\/w400-h300-no\/3.jpg\" \/><\/span><\/p>\n<\/td>\n<\/tr>\n<tr>\n<td>\n<p><span style=\"color: #000000; font-family: helvetica; font-size: 12pt;\"><img decoding=\"async\" class=\"lazyload HAa Eha\" style=\"border-width: 1px; border-style: solid; margin: 10px auto; display: block;\" alt=\"\" src=\"data:image\/gif;base64,R0lGODlhAQABAAAAACH5BAEKAAEALAAAAAABAAEAAAICTAEAOw==\" data-orig-src=\"https:\/\/lh6.googleusercontent.com\/-kaX9ib_A9j0\/VIvvVxwzfBI\/AAAAAAAAHSg\/4gvpXAzHSis\/w400-h300-no\/4.jpg\" \/><\/span><\/p>\n<\/td>\n<td>\n<p style=\"text-align: justify;\"><span style=\"color: #000000; font-family: helvetica; font-size: 12pt;\">&nbsp;&nbsp;&nbsp; K\u00ebt\u00eb vit, p\u00ebr t\u00eb sfiduar uj\u00ebrat e ftohta t\u00eb Osumit ishin p\u00ebrgatitur rreth 20 djem. \u00cbsht\u00eb p\u00ebr t\u2019u theksuar, se ata futen n\u00eb lum\u00eb jo si persona t\u00eb ve\u00e7ant\u00eb, q\u00eb do t\u00eb mundohen t\u00eb kapin kryqin p\u00ebr veten, por n\u00eb grupe, ku \u00e7do lagje ka grupin e saj.<\/span><\/p>\n<\/td>\n<\/tr>\n<tr>\n<td>\n<p style=\"text-align: justify;\"><span style=\"color: #000000; font-family: helvetica; font-size: 12pt;\">&nbsp;&nbsp;&nbsp; P\u00ebr ta e r\u00ebnd\u00ebsishme \u00ebsht\u00eb q\u00eb ta kap\u00eb kryqin ose m\u00eb mir\u00eb, ta nxjerr\u00eb nga lumi dikush nga lagjja e tyre dhe kjo do t\u00eb ishte e nj\u00ebjt\u00eb sikur ta kishte kapur \u00e7donj\u00ebri nga ata.<\/span><\/p>\n<\/td>\n<td>\n<p><span style=\"color: #000000; font-family: helvetica; font-size: 12pt;\"><img decoding=\"async\" class=\"lazyload HAa Eha\" style=\"border-width: 1px; border-style: solid; margin: 10px auto; display: block;\" alt=\"\" src=\"data:image\/gif;base64,R0lGODlhAQABAAAAACH5BAEKAAEALAAAAAABAAEAAAICTAEAOw==\" data-orig-src=\"https:\/\/lh6.googleusercontent.com\/-IUNLKXVu3KQ\/VIvvWMUyfQI\/AAAAAAAAHSo\/v-UCXjN5DN4\/w400-h300-no\/5.jpg\" \/><\/span><\/p>\n<\/td>\n<\/tr>\n<tr>\n<td><span style=\"color: #000000; font-family: helvetica; font-size: 12pt;\"><img decoding=\"async\" class=\"lazyload HAa Eha\" style=\"border-width: 1px; border-style: solid; margin: 10px auto; display: block;\" alt=\"\" src=\"data:image\/gif;base64,R0lGODlhAQABAAAAACH5BAEKAAEALAAAAAABAAEAAAICTAEAOw==\" data-orig-src=\"https:\/\/lh4.googleusercontent.com\/-hOCC4MnZzKA\/VIvvWN3iqlI\/AAAAAAAAHS0\/qWtwRHkc6uU\/w400-h300-no\/6.jpg\" \/><\/span><\/td>\n<td>\n<p style=\"text-align: justify;\"><span style=\"color: #000000; font-family: helvetica; font-size: 12pt;\">&nbsp;&nbsp;&nbsp; Atje nuk \u00ebsht\u00eb e vlefshme kush e kap i pari kryqin, por kush e nxjerr i pari nga lumi dhe p\u00ebr k\u00ebt\u00eb fakt n\u00eb momentin kur Kryqi u hodh nga Imzot Ignati mes djemve nuk munguan pasimet e kryqit midis shok\u00ebve.<\/span><\/p>\n<\/td>\n<\/tr>\n<tr>\n<td>\n<p style=\"text-align: justify;\"><span style=\"color: #000000; font-family: helvetica; font-size: 12pt;\">&nbsp;&nbsp;&nbsp; E kremtja e Madhe e Theofanis\u00eb edhe k\u00ebt\u00eb vit vuri n\u00eb pah n\u00eb qytetin ton\u00eb vlerat e m\u00ebdha dhe shum\u00eb t\u00eb vyera q\u00eb p\u00ebrmban brenda saj Orthodhoksia. &nbsp;&nbsp;<\/span><\/p>\n<\/td>\n<td>\n<p><span style=\"color: #000000; font-family: helvetica; font-size: 12pt;\"><img decoding=\"async\" class=\"lazyload HAa Eha\" style=\"display: block; margin-left: auto; margin-right: auto;\" alt=\"\" src=\"data:image\/gif;base64,R0lGODlhAQABAAAAACH5BAEKAAEALAAAAAABAAEAAAICTAEAOw==\" data-orig-src=\"https:\/\/lh4.googleusercontent.com\/-OHe8lgsMP8o\/VIvvWuyS5QI\/AAAAAAAAHSw\/1p_qAHZv6Uk\/w400-h300-no\/7.jpg\" \/><\/span><\/p>\n<\/td>\n<\/tr>\n<tr>\n<td colspan=\"2\">\n<p><span style=\"font-family: helvetica; font-size: 12pt;\"><\/span><\/p>\n<p><span style=\"color: #000000; font-family: helvetica; font-size: 12pt;\"> <strong>&nbsp;&nbsp;&nbsp;&nbsp; Sevastiani Qako<\/strong><\/span><\/p>\n<\/td>\n<\/tr>\n<\/tbody>\n<\/table>\n<p>&nbsp;<\/p>\n","protected":false},"excerpt":{"rendered":"<p>&nbsp;&nbsp;&nbsp; \u039dj\u00eb nga festat e m\u00ebdha t\u00eb Kish\u00ebs Orthodhokse, ajo e Teofanis\u00eb s\u00eb Zotit, n\u00eb qytetin e Beratit \u00ebsht\u00eb kthyer n\u00eb nj\u00eb nga festat m\u00eb popullore dhe m\u00eb t\u00eb m\u00ebdha t\u00eb vitit. Kjo \u00ebsht\u00eb dita kur t\u00eb gjitha uj\u00ebrat bekohen, sepse Shp\u00ebtimtari i bot\u00ebs, Zoti Jisu Krisht, n\u00eb k\u00ebt\u00eb dit\u00eb u pag\u00ebzua, duke i shenjt\u00ebruar ato. &nbsp;&nbsp;&nbsp; Rreth or\u00ebs 6.00, nisi Sh\u00ebrbesa e M\u00ebngjesit, e<\/p>\n","protected":false},"author":1,"featured_media":0,"comment_status":"open","ping_status":"open","sticky":false,"template":"","format":"standard","meta":{"_acf_changed":false,"pagelayer_contact_templates":[],"_pagelayer_content":"","inline_featured_image":false,"fifu_image_url":"","fifu_image_alt":"","footnotes":""},"categories":[108],"tags":[146,157,212,197,193],"class_list":["post-487","post","type-post","status-publish","format-standard","hentry","category-lajme","tag-146","tag-kremtime","tag-lajme-d27","tag-berat","tag-uji-i-bekuar"],"acf":[],"yoast_head":"<!-- This site is optimized with the Yoast SEO plugin v27.2 - https:\/\/yoast.com\/product\/yoast-seo-wordpress\/ -->\n<title>E kremtja e Theofanis\u00eb n\u00eb Berat. (Janar 2008) - Kisha Orthodh\u03bfkse Autoqefale e Shqip\u00ebris\u00eb<\/title>\n<meta name=\"robots\" content=\"index, follow, max-snippet:-1, max-image-preview:large, max-video-preview:-1\" \/>\n<link rel=\"canonical\" href=\"https:\/\/orthodoxalbania.org\/2020\/2008\/02\/26\/e-kremtja-e-theofanise-ne-berat-janar-2008\/\" \/>\n<meta property=\"og:locale\" content=\"en_US\" \/>\n<meta property=\"og:type\" content=\"article\" \/>\n<meta property=\"og:title\" content=\"E kremtja e Theofanis\u00eb n\u00eb Berat. (Janar 2008) - Kisha Orthodh\u03bfkse Autoqefale e Shqip\u00ebris\u00eb\" \/>\n<meta property=\"og:description\" content=\"&nbsp;&nbsp;&nbsp; \u039dj\u00eb nga festat e m\u00ebdha t\u00eb Kish\u00ebs Orthodhokse, ajo e Teofanis\u00eb s\u00eb Zotit, n\u00eb qytetin e Beratit \u00ebsht\u00eb kthyer n\u00eb nj\u00eb nga festat m\u00eb popullore dhe m\u00eb t\u00eb m\u00ebdha t\u00eb vitit. Kjo \u00ebsht\u00eb dita kur t\u00eb gjitha uj\u00ebrat bekohen, sepse Shp\u00ebtimtari i bot\u00ebs, Zoti Jisu Krisht, n\u00eb k\u00ebt\u00eb dit\u00eb u pag\u00ebzua, duke i shenjt\u00ebruar ato. &nbsp;&nbsp;&nbsp; Rreth or\u00ebs 6.00, nisi Sh\u00ebrbesa e M\u00ebngjesit, e\" \/>\n<meta property=\"og:url\" content=\"https:\/\/orthodoxalbania.org\/2020\/2008\/02\/26\/e-kremtja-e-theofanise-ne-berat-janar-2008\/\" \/>\n<meta property=\"og:site_name\" content=\"Kisha Orthodh\u03bfkse Autoqefale e Shqip\u00ebris\u00eb\" \/>\n<meta property=\"article:publisher\" content=\"https:\/\/www.facebook.com\/koash1991\" \/>\n<meta property=\"article:published_time\" content=\"2008-02-26T00:00:00+00:00\" \/>\n<meta property=\"article:modified_time\" content=\"2020-04-06T20:35:30+00:00\" \/>\n<meta property=\"og:image\" content=\"https:\/\/lh3.googleusercontent.com\/-AYpuvhhqYaA\/VIvvVdC2zZI\/AAAAAAAAHS4\/xVFIdjTLm2o\/w400-h300-no\/1.jpg\" \/>\n<meta name=\"author\" content=\"Kisha Orthodhokse\" \/>\n<meta name=\"twitter:card\" content=\"summary_large_image\" \/>\n<meta name=\"twitter:label1\" content=\"Written by\" \/>\n\t<meta name=\"twitter:data1\" content=\"Kisha Orthodhokse\" \/>\n\t<meta name=\"twitter:label2\" content=\"Est. reading time\" \/>\n\t<meta name=\"twitter:data2\" content=\"2 minutes\" \/>\n<script type=\"application\/ld+json\" class=\"yoast-schema-graph\">{\"@context\":\"https:\/\/schema.org\",\"@graph\":[{\"@type\":\"Article\",\"@id\":\"https:\/\/orthodoxalbania.org\/2020\/2008\/02\/26\/e-kremtja-e-theofanise-ne-berat-janar-2008\/#article\",\"isPartOf\":{\"@id\":\"https:\/\/orthodoxalbania.org\/2020\/2008\/02\/26\/e-kremtja-e-theofanise-ne-berat-janar-2008\/\"},\"author\":{\"name\":\"Kisha Orthodhokse\",\"@id\":\"https:\/\/orthodoxalbania.org\/2020\/#\/schema\/person\/0c387634a7063ac612d7ed9ce71c7e86\"},\"headline\":\"E kremtja e Theofanis\u00eb n\u00eb Berat. (Janar 2008)\",\"datePublished\":\"2008-02-26T00:00:00+00:00\",\"dateModified\":\"2020-04-06T20:35:30+00:00\",\"mainEntityOfPage\":{\"@id\":\"https:\/\/orthodoxalbania.org\/2020\/2008\/02\/26\/e-kremtja-e-theofanise-ne-berat-janar-2008\/\"},\"wordCount\":422,\"commentCount\":0,\"publisher\":{\"@id\":\"https:\/\/orthodoxalbania.org\/2020\/#organization\"},\"image\":{\"@id\":\"https:\/\/orthodoxalbania.org\/2020\/2008\/02\/26\/e-kremtja-e-theofanise-ne-berat-janar-2008\/#primaryimage\"},\"thumbnailUrl\":\"https:\/\/lh3.googleusercontent.com\/-AYpuvhhqYaA\/VIvvVdC2zZI\/AAAAAAAAHS4\/xVFIdjTLm2o\/w400-h300-no\/1.jpg\",\"keywords\":[\"2008\",\"Kremtime\",\"lajme\",\"Mitropolia Berat\",\"Uji i Bekuar\"],\"articleSection\":[\"Lajme\"],\"inLanguage\":\"en-US\"},{\"@type\":\"WebPage\",\"@id\":\"https:\/\/orthodoxalbania.org\/2020\/2008\/02\/26\/e-kremtja-e-theofanise-ne-berat-janar-2008\/\",\"url\":\"https:\/\/orthodoxalbania.org\/2020\/2008\/02\/26\/e-kremtja-e-theofanise-ne-berat-janar-2008\/\",\"name\":\"E kremtja e Theofanis\u00eb n\u00eb Berat. (Janar 2008) - Kisha Orthodh\u03bfkse Autoqefale e Shqip\u00ebris\u00eb\",\"isPartOf\":{\"@id\":\"https:\/\/orthodoxalbania.org\/2020\/#website\"},\"primaryImageOfPage\":{\"@id\":\"https:\/\/orthodoxalbania.org\/2020\/2008\/02\/26\/e-kremtja-e-theofanise-ne-berat-janar-2008\/#primaryimage\"},\"image\":{\"@id\":\"https:\/\/orthodoxalbania.org\/2020\/2008\/02\/26\/e-kremtja-e-theofanise-ne-berat-janar-2008\/#primaryimage\"},\"thumbnailUrl\":\"https:\/\/lh3.googleusercontent.com\/-AYpuvhhqYaA\/VIvvVdC2zZI\/AAAAAAAAHS4\/xVFIdjTLm2o\/w400-h300-no\/1.jpg\",\"datePublished\":\"2008-02-26T00:00:00+00:00\",\"dateModified\":\"2020-04-06T20:35:30+00:00\",\"breadcrumb\":{\"@id\":\"https:\/\/orthodoxalbania.org\/2020\/2008\/02\/26\/e-kremtja-e-theofanise-ne-berat-janar-2008\/#breadcrumb\"},\"inLanguage\":\"en-US\",\"potentialAction\":[{\"@type\":\"ReadAction\",\"target\":[\"https:\/\/orthodoxalbania.org\/2020\/2008\/02\/26\/e-kremtja-e-theofanise-ne-berat-janar-2008\/\"]}]},{\"@type\":\"ImageObject\",\"inLanguage\":\"en-US\",\"@id\":\"https:\/\/orthodoxalbania.org\/2020\/2008\/02\/26\/e-kremtja-e-theofanise-ne-berat-janar-2008\/#primaryimage\",\"url\":\"https:\/\/lh3.googleusercontent.com\/-AYpuvhhqYaA\/VIvvVdC2zZI\/AAAAAAAAHS4\/xVFIdjTLm2o\/w400-h300-no\/1.jpg\",\"contentUrl\":\"https:\/\/lh3.googleusercontent.com\/-AYpuvhhqYaA\/VIvvVdC2zZI\/AAAAAAAAHS4\/xVFIdjTLm2o\/w400-h300-no\/1.jpg\"},{\"@type\":\"BreadcrumbList\",\"@id\":\"https:\/\/orthodoxalbania.org\/2020\/2008\/02\/26\/e-kremtja-e-theofanise-ne-berat-janar-2008\/#breadcrumb\",\"itemListElement\":[{\"@type\":\"ListItem\",\"position\":1,\"name\":\"Home\",\"item\":\"https:\/\/orthodoxalbania.org\/2020\/\"},{\"@type\":\"ListItem\",\"position\":2,\"name\":\"E kremtja e Theofanis\u00eb n\u00eb Berat. (Janar 2008)\"}]},{\"@type\":\"WebSite\",\"@id\":\"https:\/\/orthodoxalbania.org\/2020\/#website\",\"url\":\"https:\/\/orthodoxalbania.org\/2020\/\",\"name\":\"Kisha Orthodh\u03bfkse Autoqefale e Shqip\u00ebris\u00eb\",\"description\":\"Fqja Zyrtare e Kish\u00ebs Orthodhokse Autoqefale e Shqip\u00ebris\u00eb me lajmet edhe informacionet zyrtare p\u00ebr struktur\u00ebn edhe veprimtarin e saj.\",\"publisher\":{\"@id\":\"https:\/\/orthodoxalbania.org\/2020\/#organization\"},\"potentialAction\":[{\"@type\":\"SearchAction\",\"target\":{\"@type\":\"EntryPoint\",\"urlTemplate\":\"https:\/\/orthodoxalbania.org\/2020\/?s={search_term_string}\"},\"query-input\":{\"@type\":\"PropertyValueSpecification\",\"valueRequired\":true,\"valueName\":\"search_term_string\"}}],\"inLanguage\":\"en-US\"},{\"@type\":\"Organization\",\"@id\":\"https:\/\/orthodoxalbania.org\/2020\/#organization\",\"name\":\"Kisha Orthodhokse Autoqefale e Shqip\u00ebris\u00eb\",\"url\":\"https:\/\/orthodoxalbania.org\/2020\/\",\"logo\":{\"@type\":\"ImageObject\",\"inLanguage\":\"en-US\",\"@id\":\"https:\/\/orthodoxalbania.org\/2020\/#\/schema\/logo\/image\/\",\"url\":\"https:\/\/orthodoxalbania.org\/2020\/wp-content\/uploads\/2020\/05\/albania.jpeg\",\"contentUrl\":\"https:\/\/orthodoxalbania.org\/2020\/wp-content\/uploads\/2020\/05\/albania.jpeg\",\"width\":540,\"height\":540,\"caption\":\"Kisha Orthodhokse Autoqefale e Shqip\u00ebris\u00eb\"},\"image\":{\"@id\":\"https:\/\/orthodoxalbania.org\/2020\/#\/schema\/logo\/image\/\"},\"sameAs\":[\"https:\/\/www.facebook.com\/koash1991\"]},{\"@type\":\"Person\",\"@id\":\"https:\/\/orthodoxalbania.org\/2020\/#\/schema\/person\/0c387634a7063ac612d7ed9ce71c7e86\",\"name\":\"Kisha Orthodhokse\",\"image\":{\"@type\":\"ImageObject\",\"inLanguage\":\"en-US\",\"@id\":\"https:\/\/secure.gravatar.com\/avatar\/596e7c417251e30f2fbb9c00e026fce61a695a00e51c889caded71c96cbbdde5?s=96&d=mm&r=g\",\"url\":\"https:\/\/secure.gravatar.com\/avatar\/596e7c417251e30f2fbb9c00e026fce61a695a00e51c889caded71c96cbbdde5?s=96&d=mm&r=g\",\"contentUrl\":\"https:\/\/secure.gravatar.com\/avatar\/596e7c417251e30f2fbb9c00e026fce61a695a00e51c889caded71c96cbbdde5?s=96&d=mm&r=g\",\"caption\":\"Kisha Orthodhokse\"}}]}<\/script>\n<!-- \/ Yoast SEO plugin. -->","yoast_head_json":{"title":"E kremtja e Theofanis\u00eb n\u00eb Berat. (Janar 2008) - Kisha Orthodh\u03bfkse Autoqefale e Shqip\u00ebris\u00eb","robots":{"index":"index","follow":"follow","max-snippet":"max-snippet:-1","max-image-preview":"max-image-preview:large","max-video-preview":"max-video-preview:-1"},"canonical":"https:\/\/orthodoxalbania.org\/2020\/2008\/02\/26\/e-kremtja-e-theofanise-ne-berat-janar-2008\/","og_locale":"en_US","og_type":"article","og_title":"E kremtja e Theofanis\u00eb n\u00eb Berat. (Janar 2008) - Kisha Orthodh\u03bfkse Autoqefale e Shqip\u00ebris\u00eb","og_description":"&nbsp;&nbsp;&nbsp; \u039dj\u00eb nga festat e m\u00ebdha t\u00eb Kish\u00ebs Orthodhokse, ajo e Teofanis\u00eb s\u00eb Zotit, n\u00eb qytetin e Beratit \u00ebsht\u00eb kthyer n\u00eb nj\u00eb nga festat m\u00eb popullore dhe m\u00eb t\u00eb m\u00ebdha t\u00eb vitit. Kjo \u00ebsht\u00eb dita kur t\u00eb gjitha uj\u00ebrat bekohen, sepse Shp\u00ebtimtari i bot\u00ebs, Zoti Jisu Krisht, n\u00eb k\u00ebt\u00eb dit\u00eb u pag\u00ebzua, duke i shenjt\u00ebruar ato. &nbsp;&nbsp;&nbsp; Rreth or\u00ebs 6.00, nisi Sh\u00ebrbesa e M\u00ebngjesit, e","og_url":"https:\/\/orthodoxalbania.org\/2020\/2008\/02\/26\/e-kremtja-e-theofanise-ne-berat-janar-2008\/","og_site_name":"Kisha Orthodh\u03bfkse Autoqefale e Shqip\u00ebris\u00eb","article_publisher":"https:\/\/www.facebook.com\/koash1991","article_published_time":"2008-02-26T00:00:00+00:00","article_modified_time":"2020-04-06T20:35:30+00:00","og_image":[{"url":"https:\/\/lh3.googleusercontent.com\/-AYpuvhhqYaA\/VIvvVdC2zZI\/AAAAAAAAHS4\/xVFIdjTLm2o\/w400-h300-no\/1.jpg","type":"","width":"","height":""}],"author":"Kisha Orthodhokse","twitter_card":"summary_large_image","twitter_misc":{"Written by":"Kisha Orthodhokse","Est. reading time":"2 minutes"},"schema":{"@context":"https:\/\/schema.org","@graph":[{"@type":"Article","@id":"https:\/\/orthodoxalbania.org\/2020\/2008\/02\/26\/e-kremtja-e-theofanise-ne-berat-janar-2008\/#article","isPartOf":{"@id":"https:\/\/orthodoxalbania.org\/2020\/2008\/02\/26\/e-kremtja-e-theofanise-ne-berat-janar-2008\/"},"author":{"name":"Kisha Orthodhokse","@id":"https:\/\/orthodoxalbania.org\/2020\/#\/schema\/person\/0c387634a7063ac612d7ed9ce71c7e86"},"headline":"E kremtja e Theofanis\u00eb n\u00eb Berat. (Janar 2008)","datePublished":"2008-02-26T00:00:00+00:00","dateModified":"2020-04-06T20:35:30+00:00","mainEntityOfPage":{"@id":"https:\/\/orthodoxalbania.org\/2020\/2008\/02\/26\/e-kremtja-e-theofanise-ne-berat-janar-2008\/"},"wordCount":422,"commentCount":0,"publisher":{"@id":"https:\/\/orthodoxalbania.org\/2020\/#organization"},"image":{"@id":"https:\/\/orthodoxalbania.org\/2020\/2008\/02\/26\/e-kremtja-e-theofanise-ne-berat-janar-2008\/#primaryimage"},"thumbnailUrl":"https:\/\/lh3.googleusercontent.com\/-AYpuvhhqYaA\/VIvvVdC2zZI\/AAAAAAAAHS4\/xVFIdjTLm2o\/w400-h300-no\/1.jpg","keywords":["2008","Kremtime","lajme","Mitropolia Berat","Uji i Bekuar"],"articleSection":["Lajme"],"inLanguage":"en-US"},{"@type":"WebPage","@id":"https:\/\/orthodoxalbania.org\/2020\/2008\/02\/26\/e-kremtja-e-theofanise-ne-berat-janar-2008\/","url":"https:\/\/orthodoxalbania.org\/2020\/2008\/02\/26\/e-kremtja-e-theofanise-ne-berat-janar-2008\/","name":"E kremtja e Theofanis\u00eb n\u00eb Berat. (Janar 2008) - Kisha Orthodh\u03bfkse Autoqefale e Shqip\u00ebris\u00eb","isPartOf":{"@id":"https:\/\/orthodoxalbania.org\/2020\/#website"},"primaryImageOfPage":{"@id":"https:\/\/orthodoxalbania.org\/2020\/2008\/02\/26\/e-kremtja-e-theofanise-ne-berat-janar-2008\/#primaryimage"},"image":{"@id":"https:\/\/orthodoxalbania.org\/2020\/2008\/02\/26\/e-kremtja-e-theofanise-ne-berat-janar-2008\/#primaryimage"},"thumbnailUrl":"https:\/\/lh3.googleusercontent.com\/-AYpuvhhqYaA\/VIvvVdC2zZI\/AAAAAAAAHS4\/xVFIdjTLm2o\/w400-h300-no\/1.jpg","datePublished":"2008-02-26T00:00:00+00:00","dateModified":"2020-04-06T20:35:30+00:00","breadcrumb":{"@id":"https:\/\/orthodoxalbania.org\/2020\/2008\/02\/26\/e-kremtja-e-theofanise-ne-berat-janar-2008\/#breadcrumb"},"inLanguage":"en-US","potentialAction":[{"@type":"ReadAction","target":["https:\/\/orthodoxalbania.org\/2020\/2008\/02\/26\/e-kremtja-e-theofanise-ne-berat-janar-2008\/"]}]},{"@type":"ImageObject","inLanguage":"en-US","@id":"https:\/\/orthodoxalbania.org\/2020\/2008\/02\/26\/e-kremtja-e-theofanise-ne-berat-janar-2008\/#primaryimage","url":"https:\/\/lh3.googleusercontent.com\/-AYpuvhhqYaA\/VIvvVdC2zZI\/AAAAAAAAHS4\/xVFIdjTLm2o\/w400-h300-no\/1.jpg","contentUrl":"https:\/\/lh3.googleusercontent.com\/-AYpuvhhqYaA\/VIvvVdC2zZI\/AAAAAAAAHS4\/xVFIdjTLm2o\/w400-h300-no\/1.jpg"},{"@type":"BreadcrumbList","@id":"https:\/\/orthodoxalbania.org\/2020\/2008\/02\/26\/e-kremtja-e-theofanise-ne-berat-janar-2008\/#breadcrumb","itemListElement":[{"@type":"ListItem","position":1,"name":"Home","item":"https:\/\/orthodoxalbania.org\/2020\/"},{"@type":"ListItem","position":2,"name":"E kremtja e Theofanis\u00eb n\u00eb Berat. (Janar 2008)"}]},{"@type":"WebSite","@id":"https:\/\/orthodoxalbania.org\/2020\/#website","url":"https:\/\/orthodoxalbania.org\/2020\/","name":"Kisha Orthodh\u03bfkse Autoqefale e Shqip\u00ebris\u00eb","description":"Fqja Zyrtare e Kish\u00ebs Orthodhokse Autoqefale e Shqip\u00ebris\u00eb me lajmet edhe informacionet zyrtare p\u00ebr struktur\u00ebn edhe veprimtarin e saj.","publisher":{"@id":"https:\/\/orthodoxalbania.org\/2020\/#organization"},"potentialAction":[{"@type":"SearchAction","target":{"@type":"EntryPoint","urlTemplate":"https:\/\/orthodoxalbania.org\/2020\/?s={search_term_string}"},"query-input":{"@type":"PropertyValueSpecification","valueRequired":true,"valueName":"search_term_string"}}],"inLanguage":"en-US"},{"@type":"Organization","@id":"https:\/\/orthodoxalbania.org\/2020\/#organization","name":"Kisha Orthodhokse Autoqefale e Shqip\u00ebris\u00eb","url":"https:\/\/orthodoxalbania.org\/2020\/","logo":{"@type":"ImageObject","inLanguage":"en-US","@id":"https:\/\/orthodoxalbania.org\/2020\/#\/schema\/logo\/image\/","url":"https:\/\/orthodoxalbania.org\/2020\/wp-content\/uploads\/2020\/05\/albania.jpeg","contentUrl":"https:\/\/orthodoxalbania.org\/2020\/wp-content\/uploads\/2020\/05\/albania.jpeg","width":540,"height":540,"caption":"Kisha Orthodhokse Autoqefale e Shqip\u00ebris\u00eb"},"image":{"@id":"https:\/\/orthodoxalbania.org\/2020\/#\/schema\/logo\/image\/"},"sameAs":["https:\/\/www.facebook.com\/koash1991"]},{"@type":"Person","@id":"https:\/\/orthodoxalbania.org\/2020\/#\/schema\/person\/0c387634a7063ac612d7ed9ce71c7e86","name":"Kisha Orthodhokse","image":{"@type":"ImageObject","inLanguage":"en-US","@id":"https:\/\/secure.gravatar.com\/avatar\/596e7c417251e30f2fbb9c00e026fce61a695a00e51c889caded71c96cbbdde5?s=96&d=mm&r=g","url":"https:\/\/secure.gravatar.com\/avatar\/596e7c417251e30f2fbb9c00e026fce61a695a00e51c889caded71c96cbbdde5?s=96&d=mm&r=g","contentUrl":"https:\/\/secure.gravatar.com\/avatar\/596e7c417251e30f2fbb9c00e026fce61a695a00e51c889caded71c96cbbdde5?s=96&d=mm&r=g","caption":"Kisha Orthodhokse"}}]}},"_links":{"self":[{"href":"https:\/\/orthodoxalbania.org\/2020\/wp-json\/wp\/v2\/posts\/487","targetHints":{"allow":["GET"]}}],"collection":[{"href":"https:\/\/orthodoxalbania.org\/2020\/wp-json\/wp\/v2\/posts"}],"about":[{"href":"https:\/\/orthodoxalbania.org\/2020\/wp-json\/wp\/v2\/types\/post"}],"author":[{"embeddable":true,"href":"https:\/\/orthodoxalbania.org\/2020\/wp-json\/wp\/v2\/users\/1"}],"replies":[{"embeddable":true,"href":"https:\/\/orthodoxalbania.org\/2020\/wp-json\/wp\/v2\/comments?post=487"}],"version-history":[{"count":1,"href":"https:\/\/orthodoxalbania.org\/2020\/wp-json\/wp\/v2\/posts\/487\/revisions"}],"predecessor-version":[{"id":15698,"href":"https:\/\/orthodoxalbania.org\/2020\/wp-json\/wp\/v2\/posts\/487\/revisions\/15698"}],"wp:attachment":[{"href":"https:\/\/orthodoxalbania.org\/2020\/wp-json\/wp\/v2\/media?parent=487"}],"wp:term":[{"taxonomy":"category","embeddable":true,"href":"https:\/\/orthodoxalbania.org\/2020\/wp-json\/wp\/v2\/categories?post=487"},{"taxonomy":"post_tag","embeddable":true,"href":"https:\/\/orthodoxalbania.org\/2020\/wp-json\/wp\/v2\/tags?post=487"}],"curies":[{"name":"wp","href":"https:\/\/api.w.org\/{rel}","templated":true}]}}