{"id":484,"date":"2006-02-26T00:00:00","date_gmt":"2006-02-26T00:00:00","guid":{"rendered":""},"modified":"2020-04-06T22:41:50","modified_gmt":"2020-04-06T20:41:50","slug":"e-kremtja-e-se-tereshenjtes-mari-ne-manastirin-e-ri-te-shen-vlashit-durres-gusht-06","status":"publish","type":"post","link":"https:\/\/orthodoxalbania.org\/2020\/2006\/02\/26\/e-kremtja-e-se-tereshenjtes-mari-ne-manastirin-e-ri-te-shen-vlashit-durres-gusht-06\/","title":{"rendered":"E kremtja e s\u00eb T\u00ebr\u00ebshenjt\u00ebs Mari n\u00eb Manastirin e Ri t\u00eb Sh\u00ebn Vlashit, Durr\u00ebs. (15 Gusht 2006)"},"content":{"rendered":"<div style=\"text-align: justify;\"><span style=\"color: #000000; font-family: helvetica; font-size: 12pt;\">&nbsp; <\/span><\/div>\n<table id=\"AutoNumber4\" border=\"0\">\n<tbody>\n<tr>\n<td rowspan=\"4\">\n<div style=\"text-align: justify;\"><span style=\"color: #000000; font-family: helvetica; font-size: 12pt;\"><img decoding=\"async\" class=\"lazyload HAa Eha\" style=\"height: 109px; width: 250px; border-width: 1px; border-style: solid; margin: 10px; float: left;\" alt=\"\" src=\"data:image\/gif;base64,R0lGODlhAQABAAAAACH5BAEKAAEALAAAAAABAAEAAAICTAEAOw==\" data-orig-src=\"https:\/\/lh6.googleusercontent.com\/-uOotA8Ug1LE\/VIgJU0znXGI\/AAAAAAAAFug\/y_m5D_wD2Lw\/w400-h174-no\/1text.jpg\" \/>&nbsp;&nbsp;&nbsp; Brenda k\u00ebsaj stine, nuk \u00ebsht\u00eb e rast\u00ebsishme nj\u00eb fest\u00eb e madhe q\u00eb n\u00eb gjuh\u00ebn popullore quhet \u201cPashka e ver\u00ebs\u201d. 15 gushti \u00ebsht\u00eb nj\u00eb nga t\u00eb kremtet m\u00eb t\u00eb m\u00ebdha p\u00ebr besimtar\u00ebt e krishter\u00eb orthodhoks\u00eb. \u00cbsht\u00eb dita ku p\u00ebrkujtohet Fjetja e s\u00eb T\u00ebr\u00ebshenjt\u00ebs Mari, n\u00ebn\u00ebs s\u00eb Zotit Krisht. \u00cbsht\u00eb nj\u00eb nga ngjarjet m\u00eb t\u00eb r\u00ebnd\u00ebsishme sepse me vdekjen e saj dhe ngjitjen trupore lart n\u00eb qiell tregon fitoren mbi vdekjen, duke pasuar n\u00eb k\u00ebt\u00eb m\u00ebnyr\u00eb ngjalljen e Birit t\u00eb saj Jisu Krisht.<\/span><\/div>\n<div style=\"text-align: justify;\"><span style=\"font-family: helvetica; font-size: 12pt;\"><\/span><\/div>\n<div style=\"text-align: justify;\"><span style=\"color: #000000; font-family: helvetica; font-size: 12pt;\"><img decoding=\"async\" class=\"lazyload HAa Eha\" style=\"width: 250px; border-width: 1px; border-style: solid; margin: 10px; float: right; height: 188px;\" alt=\"\" src=\"data:image\/gif;base64,R0lGODlhAQABAAAAACH5BAEKAAEALAAAAAABAAEAAAICTAEAOw==\" data-orig-src=\"https:\/\/lh3.googleusercontent.com\/-uP2iQsrD7wA\/VIgJU1aPjNI\/AAAAAAAAFu8\/MpLdtTTSDSo\/w400-h300-no\/2text.jpg\" \/>&nbsp;&nbsp;&nbsp; P\u00ebr t\u00eb festuar k\u00ebt\u00eb dit\u00eb, shum\u00eb besimtar\u00eb orthodhoks\u00eb n\u00eb mbar\u00eb vendin ishin mbledhur n\u00eb kishat pran\u00eb vendbanimeve t\u00eb tyre. N\u00eb Manastirin e Ri t\u00eb Sh\u00ebn Vlashit, n\u00eb Durr\u00ebs, prej nat\u00ebs s\u00eb 14 gushtit qindra besimtar\u00eb mor\u00ebn pjes\u00eb n\u00eb sh\u00ebrbesat fetare, duke e gdhir\u00eb t\u00eb nes\u00ebrmen me lutje dhe meditim t\u00eb thell\u00eb shpirt\u00ebror. N\u00eb m\u00ebngjes n\u00eb Liturgjin\u00eb Hyjnore, mori pjes\u00eb edhe Kryepiskopi Anastas. Gjat\u00eb predikimit t\u00eb tij, Kryebariu i Kish\u00ebs theksoi: \u201cN\u00eb nj\u00eb koh\u00eb kur ka shum\u00eb probleme n\u00eb familjet tona, Fjetja e t\u00eb T\u00ebr\u00ebshenjt\u00ebs Mari vjen p\u00ebr t\u00eb na dh\u00ebn\u00eb shpres\u00eb dhe optimiz\u00ebm. N\u00eb nj\u00eb koh\u00eb kur shum\u00eb vet\u00eb thon\u00eb se njeriu po kthehet n\u00eb xhung\u00ebl si n\u00eb ambientin nd\u00ebrkomb\u00ebtar, ashtu edhe n\u00eb ambientin e vendit ton\u00eb, e T\u00ebr\u00ebshenjta \u00ebsht\u00eb ajo q\u00eb tregon rrug\u00ebn e v\u00ebrtet\u00eb. Ajo erdhi n\u00eb bot\u00eb p\u00ebr t\u00eb lidhur njeriun me Per\u00ebndin\u00eb. N\u00ebna jon\u00eb e T\u00ebr\u00ebshenjt\u00eb \u00ebsht\u00eb prej gjinis\u00eb njer\u00ebzore. Ne jemi optimist\u00eb sepse e T\u00ebr\u00ebshenjta na tregon se ku mund t\u00eb arrij\u00eb gjinia njer\u00ebzore\u201d.&nbsp;<\/span><\/div>\n<div style=\"text-align: justify;\"><span style=\"font-family: helvetica; font-size: 12pt;\"><\/span><\/div>\n<div style=\"text-align: justify;\"><span style=\"color: #000000; font-family: helvetica; font-size: 12pt;\">&nbsp;&nbsp;&nbsp; Gjithashtu Kryepiskopi iu b\u00ebri thirrje besimtar\u00ebve q\u00eb ta b\u00ebjn\u00eb k\u00ebt\u00eb dit\u00eb t\u00eb dobishme, duke u kthyer n\u00eb faktor optimizmi. \u201cT\u00eb transmetojm\u00eb mesazhin e shpres\u00ebs n\u00eb \u00e7do ambient; n\u00eb familje, n\u00eb pun\u00eb dhe n\u00eb \u00e7do vend. N\u00eb nj\u00eb koh\u00eb kur fantazia jon\u00eb \u00ebsht\u00eb e fiksuar tek shum\u00eb imazhe t\u00eb tjera t\u00eb k\u00ebqija nga mjetet e informimit publik, \u00ebsht\u00eb mir\u00eb q\u00eb t\u00eb restaurohet brenda shpirtit ton\u00eb imazhi i s\u00eb T\u00ebr\u00ebshenjt\u00ebs. T\u00eb p\u00ebrpiqemi t\u00eb rrezatojm\u00eb nga p\u00ebrul\u00ebsia, dhembshuria dhe dashuria e saj\u201d.<\/span><\/div>\n<div style=\"text-align: justify;\"><span style=\"font-family: helvetica; font-size: 12pt;\"><\/span><\/div>\n<div style=\"text-align: justify;\"><span style=\"color: #000000; font-family: helvetica; font-size: 12pt;\">&nbsp;&nbsp;&nbsp; P\u00ebr \u00e7do besimtar e T\u00ebr\u00ebshenjta Mari mbetet udh\u00ebrr\u00ebfyesja, ngush\u00eblluesja dhe mb\u00ebshtet\u00ebsja n\u00eb \u00e7aste t\u00eb v\u00ebshtira. Fjetja dhe ngjitja lart n\u00eb qiell e s\u00eb T\u00ebr\u00ebshenjt\u00ebs Mari dhe qenia af\u00ebr Birit t\u00eb saj b\u00ebn t\u00eb mundur fuqin\u00eb dhe mund\u00ebsin\u00eb e nd\u00ebrmjetimit p\u00ebr \u00e7do njeri, i cili i k\u00ebrkon ndihm\u00eb asaj. K\u00ebto jan\u00eb arsyet p\u00ebrse besimtar\u00ebt e krishter\u00eb orthodhoks\u00eb kremtojn\u00eb 15 gushtin, kremtim i cili brenda tij ka besimin, shpres\u00ebn dhe garancin\u00eb p\u00ebr mbar\u00ebvajtjen dhe mir\u00ebqenien n\u00eb k\u00ebt\u00eb jet\u00eb dhe shp\u00ebtimin p\u00ebr jet\u00ebn tjet\u00ebr.<\/span><\/div>\n<div style=\"text-align: justify;\"><span style=\"font-family: helvetica; font-size: 12pt;\"><\/span><\/div>\n<div style=\"text-align: justify;\"><span style=\"font-family: helvetica; font-size: 12pt;\"><\/span><\/div>\n<\/td>\n<td>\n<div style=\"text-align: justify;\"><span style=\"font-family: helvetica; font-size: 12pt;\"><\/span><\/div>\n<div style=\"text-align: justify;\"><span style=\"font-family: helvetica; font-size: 12pt;\"><\/span><\/div>\n<\/td>\n<\/tr>\n<tr>\n<td>\n<div style=\"text-align: justify;\"><span style=\"font-family: helvetica; font-size: 12pt;\"><\/span><\/div>\n<div style=\"text-align: justify;\"><span style=\"font-family: helvetica; font-size: 12pt;\"><\/span><\/div>\n<\/td>\n<\/tr>\n<tr>\n<td>\n<div style=\"text-align: justify;\"><span style=\"font-family: helvetica; font-size: 12pt;\"><\/span><\/div>\n<div style=\"text-align: justify;\"><span style=\"font-family: helvetica; font-size: 12pt;\"><\/span><\/div>\n<div style=\"text-align: justify;\"><span style=\"font-family: helvetica; font-size: 12pt;\"><\/span><\/div>\n<\/td>\n<\/tr>\n<tr>\n<td>\n<div style=\"text-align: justify;\"><span style=\"font-family: helvetica; font-size: 12pt;\"><\/span><\/div>\n<\/td>\n<\/tr>\n<tr>\n<td>\n<div style=\"text-align: justify;\"><span style=\"font-family: helvetica; font-size: 12pt;\"><\/span><\/div>\n<\/td>\n<td>\n<div style=\"text-align: justify;\"><span style=\"font-family: helvetica; font-size: 12pt;\"><\/span><\/div>\n<\/td>\n<\/tr>\n<\/tbody>\n<\/table>\n<div style=\"text-align: right;\"><span style=\"color: #000000; font-family: helvetica; font-size: 12pt;\"><strong>&nbsp;&nbsp;&nbsp; Isidor Koti<\/strong><\/span><\/div>\n<div style=\"text-align: right;\"><span style=\"font-family: helvetica; font-size: 12pt;\"><\/span><\/div>\n<div style=\"text-align: center;\"><span style=\"color: #000000; font-family: helvetica; font-size: 12pt;\"><img decoding=\"async\" class=\"lazyload HAa Eha\" style=\"height: 225px; width: 300px; border-width: 1px; border-style: solid; margin: 10px;\" alt=\"\" src=\"data:image\/gif;base64,R0lGODlhAQABAAAAACH5BAEKAAEALAAAAAABAAEAAAICTAEAOw==\" data-orig-src=\"https:\/\/lh6.googleusercontent.com\/-2yFAhBirVGo\/VIgJVp6PlzI\/AAAAAAAAFvA\/E5lZa5Fe5AA\/w400-h300-no\/3text.jpg\" \/><\/span><\/div>\n<div style=\"text-align: center;\"><span style=\"color: #000000; font-family: helvetica; font-size: 12pt;\"><img decoding=\"async\" class=\"lazyload HAa Eha\" style=\"height: 225px; width: 300px; border-width: 1px; border-style: solid; margin: 10px;\" alt=\"\" src=\"data:image\/gif;base64,R0lGODlhAQABAAAAACH5BAEKAAEALAAAAAABAAEAAAICTAEAOw==\" data-orig-src=\"https:\/\/lh3.googleusercontent.com\/-DvkVY9zjBIk\/VIgJUzAhTnI\/AAAAAAAAFvE\/7KL3JIf8S7w\/w600-h450-no\/1galeri.jpg\" \/><\/span><\/div>\n<div style=\"text-align: center;\"><span style=\"color: #000000; font-family: helvetica; font-size: 12pt;\"><img decoding=\"async\" class=\"lazyload HAa Eha\" style=\"height: 225px; width: 300px; border-width: 1px; border-style: solid; margin: 10px;\" alt=\"\" src=\"data:image\/gif;base64,R0lGODlhAQABAAAAACH5BAEKAAEALAAAAAABAAEAAAICTAEAOw==\" data-orig-src=\"https:\/\/lh6.googleusercontent.com\/-UIx876FLUx4\/VIgJV9BqZGI\/AAAAAAAAFu4\/6FIAqRSlPSs\/w600-h450-no\/untitled2.jpg\" \/><\/span><\/div>\n<div style=\"text-align: center;\"><span style=\"color: #000000; font-family: helvetica; font-size: 12pt;\"><img decoding=\"async\" class=\"lazyload HAa Eha\" style=\"height: 225px; width: 300px; border-width: 1px; border-style: solid; margin: 10px;\" alt=\"\" src=\"data:image\/gif;base64,R0lGODlhAQABAAAAACH5BAEKAAEALAAAAAABAAEAAAICTAEAOw==\" data-orig-src=\"https:\/\/lh4.googleusercontent.com\/-gbdBet_MffM\/VIgJVdcqy_I\/AAAAAAAAFuo\/xeaMGTXjaD4\/w600-h450-no\/3galeri.jpg\" \/><\/span><\/div>\n<div style=\"text-align: center;\"><span style=\"color: #000000; font-family: helvetica; font-size: 12pt;\"><img decoding=\"async\" class=\"lazyload HAa Eha\" style=\"height: 225px; width: 300px; border-width: 1px; border-style: solid; margin: 10px;\" alt=\"\" src=\"data:image\/gif;base64,R0lGODlhAQABAAAAACH5BAEKAAEALAAAAAABAAEAAAICTAEAOw==\" data-orig-src=\"https:\/\/lh4.googleusercontent.com\/-L6rgCYNwWtw\/VIgJVlc9iJI\/AAAAAAAAFuw\/V82FqS-fOx4\/w600-h450-no\/4galeri.jpg\" \/><\/span><\/div>\n<div style=\"text-align: justify;\"><span style=\"font-family: helvetica; font-size: 12pt;\"><\/span><\/div>\n","protected":false},"excerpt":{"rendered":"<p>&nbsp; &nbsp;&nbsp;&nbsp; Brenda k\u00ebsaj stine, nuk \u00ebsht\u00eb e rast\u00ebsishme nj\u00eb fest\u00eb e madhe q\u00eb n\u00eb gjuh\u00ebn popullore quhet \u201cPashka e ver\u00ebs\u201d. 15 gushti \u00ebsht\u00eb nj\u00eb nga t\u00eb kremtet m\u00eb t\u00eb m\u00ebdha p\u00ebr besimtar\u00ebt e krishter\u00eb orthodhoks\u00eb. \u00cbsht\u00eb dita ku p\u00ebrkujtohet Fjetja e s\u00eb T\u00ebr\u00ebshenjt\u00ebs Mari, n\u00ebn\u00ebs s\u00eb Zotit Krisht. \u00cbsht\u00eb nj\u00eb nga ngjarjet m\u00eb t\u00eb r\u00ebnd\u00ebsishme sepse me vdekjen e saj dhe ngjitjen trupore lart<\/p>\n","protected":false},"author":1,"featured_media":0,"comment_status":"open","ping_status":"open","sticky":false,"template":"","format":"standard","meta":{"_acf_changed":false,"pagelayer_contact_templates":[],"_pagelayer_content":"","inline_featured_image":false,"fifu_image_url":"","fifu_image_alt":"","footnotes":""},"categories":[108],"tags":[148,157,196,201,212],"class_list":["post-484","post","type-post","status-publish","format-standard","hentry","category-lajme","tag-148","tag-kremtime","tag-tirane","tag-kryepiskopi-anastas","tag-lajme-d27"],"acf":[],"yoast_head":"<!-- This site is optimized with the Yoast SEO plugin v27.2 - https:\/\/yoast.com\/product\/yoast-seo-wordpress\/ -->\n<title>E kremtja e s\u00eb T\u00ebr\u00ebshenjt\u00ebs Mari n\u00eb Manastirin e Ri t\u00eb Sh\u00ebn Vlashit, Durr\u00ebs. (15 Gusht 2006) - Kisha Orthodh\u03bfkse Autoqefale e Shqip\u00ebris\u00eb<\/title>\n<meta name=\"robots\" content=\"index, follow, max-snippet:-1, max-image-preview:large, max-video-preview:-1\" \/>\n<link rel=\"canonical\" href=\"https:\/\/orthodoxalbania.org\/2020\/2006\/02\/26\/e-kremtja-e-se-tereshenjtes-mari-ne-manastirin-e-ri-te-shen-vlashit-durres-gusht-06\/\" \/>\n<meta property=\"og:locale\" content=\"en_US\" \/>\n<meta property=\"og:type\" content=\"article\" \/>\n<meta property=\"og:title\" content=\"E kremtja e s\u00eb T\u00ebr\u00ebshenjt\u00ebs Mari n\u00eb Manastirin e Ri t\u00eb Sh\u00ebn Vlashit, Durr\u00ebs. (15 Gusht 2006) - Kisha Orthodh\u03bfkse Autoqefale e Shqip\u00ebris\u00eb\" \/>\n<meta property=\"og:description\" content=\"&nbsp; &nbsp;&nbsp;&nbsp; Brenda k\u00ebsaj stine, nuk \u00ebsht\u00eb e rast\u00ebsishme nj\u00eb fest\u00eb e madhe q\u00eb n\u00eb gjuh\u00ebn popullore quhet \u201cPashka e ver\u00ebs\u201d. 15 gushti \u00ebsht\u00eb nj\u00eb nga t\u00eb kremtet m\u00eb t\u00eb m\u00ebdha p\u00ebr besimtar\u00ebt e krishter\u00eb orthodhoks\u00eb. \u00cbsht\u00eb dita ku p\u00ebrkujtohet Fjetja e s\u00eb T\u00ebr\u00ebshenjt\u00ebs Mari, n\u00ebn\u00ebs s\u00eb Zotit Krisht. \u00cbsht\u00eb nj\u00eb nga ngjarjet m\u00eb t\u00eb r\u00ebnd\u00ebsishme sepse me vdekjen e saj dhe ngjitjen trupore lart\" \/>\n<meta property=\"og:url\" content=\"https:\/\/orthodoxalbania.org\/2020\/2006\/02\/26\/e-kremtja-e-se-tereshenjtes-mari-ne-manastirin-e-ri-te-shen-vlashit-durres-gusht-06\/\" \/>\n<meta property=\"og:site_name\" content=\"Kisha Orthodh\u03bfkse Autoqefale e Shqip\u00ebris\u00eb\" \/>\n<meta property=\"article:publisher\" content=\"https:\/\/www.facebook.com\/koash1991\" \/>\n<meta property=\"article:published_time\" content=\"2006-02-26T00:00:00+00:00\" \/>\n<meta property=\"article:modified_time\" content=\"2020-04-06T20:41:50+00:00\" \/>\n<meta property=\"og:image\" content=\"https:\/\/lh6.googleusercontent.com\/-uOotA8Ug1LE\/VIgJU0znXGI\/AAAAAAAAFug\/y_m5D_wD2Lw\/w400-h174-no\/1text.jpg\" \/>\n<meta name=\"author\" content=\"Kisha Orthodhokse\" \/>\n<meta name=\"twitter:card\" content=\"summary_large_image\" \/>\n<meta name=\"twitter:label1\" content=\"Written by\" \/>\n\t<meta name=\"twitter:data1\" content=\"Kisha Orthodhokse\" \/>\n\t<meta name=\"twitter:label2\" content=\"Est. reading time\" \/>\n\t<meta name=\"twitter:data2\" content=\"3 minutes\" \/>\n<script type=\"application\/ld+json\" class=\"yoast-schema-graph\">{\"@context\":\"https:\/\/schema.org\",\"@graph\":[{\"@type\":\"Article\",\"@id\":\"https:\/\/orthodoxalbania.org\/2020\/2006\/02\/26\/e-kremtja-e-se-tereshenjtes-mari-ne-manastirin-e-ri-te-shen-vlashit-durres-gusht-06\/#article\",\"isPartOf\":{\"@id\":\"https:\/\/orthodoxalbania.org\/2020\/2006\/02\/26\/e-kremtja-e-se-tereshenjtes-mari-ne-manastirin-e-ri-te-shen-vlashit-durres-gusht-06\/\"},\"author\":{\"name\":\"Kisha Orthodhokse\",\"@id\":\"https:\/\/orthodoxalbania.org\/2020\/#\/schema\/person\/0c387634a7063ac612d7ed9ce71c7e86\"},\"headline\":\"E kremtja e s\u00eb T\u00ebr\u00ebshenjt\u00ebs Mari n\u00eb Manastirin e Ri t\u00eb Sh\u00ebn Vlashit, Durr\u00ebs. (15 Gusht 2006)\",\"datePublished\":\"2006-02-26T00:00:00+00:00\",\"dateModified\":\"2020-04-06T20:41:50+00:00\",\"mainEntityOfPage\":{\"@id\":\"https:\/\/orthodoxalbania.org\/2020\/2006\/02\/26\/e-kremtja-e-se-tereshenjtes-mari-ne-manastirin-e-ri-te-shen-vlashit-durres-gusht-06\/\"},\"wordCount\":528,\"commentCount\":0,\"publisher\":{\"@id\":\"https:\/\/orthodoxalbania.org\/2020\/#organization\"},\"image\":{\"@id\":\"https:\/\/orthodoxalbania.org\/2020\/2006\/02\/26\/e-kremtja-e-se-tereshenjtes-mari-ne-manastirin-e-ri-te-shen-vlashit-durres-gusht-06\/#primaryimage\"},\"thumbnailUrl\":\"https:\/\/lh6.googleusercontent.com\/-uOotA8Ug1LE\/VIgJU0znXGI\/AAAAAAAAFug\/y_m5D_wD2Lw\/w400-h174-no\/1text.jpg\",\"keywords\":[\"2006\",\"Kremtime\",\"Kryepiskopata Tiran\u00eb\",\"Kryepiskopi Anastas\",\"lajme\"],\"articleSection\":[\"Lajme\"],\"inLanguage\":\"en-US\"},{\"@type\":\"WebPage\",\"@id\":\"https:\/\/orthodoxalbania.org\/2020\/2006\/02\/26\/e-kremtja-e-se-tereshenjtes-mari-ne-manastirin-e-ri-te-shen-vlashit-durres-gusht-06\/\",\"url\":\"https:\/\/orthodoxalbania.org\/2020\/2006\/02\/26\/e-kremtja-e-se-tereshenjtes-mari-ne-manastirin-e-ri-te-shen-vlashit-durres-gusht-06\/\",\"name\":\"E kremtja e s\u00eb T\u00ebr\u00ebshenjt\u00ebs Mari n\u00eb Manastirin e Ri t\u00eb Sh\u00ebn Vlashit, Durr\u00ebs. (15 Gusht 2006) - Kisha Orthodh\u03bfkse Autoqefale e Shqip\u00ebris\u00eb\",\"isPartOf\":{\"@id\":\"https:\/\/orthodoxalbania.org\/2020\/#website\"},\"primaryImageOfPage\":{\"@id\":\"https:\/\/orthodoxalbania.org\/2020\/2006\/02\/26\/e-kremtja-e-se-tereshenjtes-mari-ne-manastirin-e-ri-te-shen-vlashit-durres-gusht-06\/#primaryimage\"},\"image\":{\"@id\":\"https:\/\/orthodoxalbania.org\/2020\/2006\/02\/26\/e-kremtja-e-se-tereshenjtes-mari-ne-manastirin-e-ri-te-shen-vlashit-durres-gusht-06\/#primaryimage\"},\"thumbnailUrl\":\"https:\/\/lh6.googleusercontent.com\/-uOotA8Ug1LE\/VIgJU0znXGI\/AAAAAAAAFug\/y_m5D_wD2Lw\/w400-h174-no\/1text.jpg\",\"datePublished\":\"2006-02-26T00:00:00+00:00\",\"dateModified\":\"2020-04-06T20:41:50+00:00\",\"breadcrumb\":{\"@id\":\"https:\/\/orthodoxalbania.org\/2020\/2006\/02\/26\/e-kremtja-e-se-tereshenjtes-mari-ne-manastirin-e-ri-te-shen-vlashit-durres-gusht-06\/#breadcrumb\"},\"inLanguage\":\"en-US\",\"potentialAction\":[{\"@type\":\"ReadAction\",\"target\":[\"https:\/\/orthodoxalbania.org\/2020\/2006\/02\/26\/e-kremtja-e-se-tereshenjtes-mari-ne-manastirin-e-ri-te-shen-vlashit-durres-gusht-06\/\"]}]},{\"@type\":\"ImageObject\",\"inLanguage\":\"en-US\",\"@id\":\"https:\/\/orthodoxalbania.org\/2020\/2006\/02\/26\/e-kremtja-e-se-tereshenjtes-mari-ne-manastirin-e-ri-te-shen-vlashit-durres-gusht-06\/#primaryimage\",\"url\":\"https:\/\/lh6.googleusercontent.com\/-uOotA8Ug1LE\/VIgJU0znXGI\/AAAAAAAAFug\/y_m5D_wD2Lw\/w400-h174-no\/1text.jpg\",\"contentUrl\":\"https:\/\/lh6.googleusercontent.com\/-uOotA8Ug1LE\/VIgJU0znXGI\/AAAAAAAAFug\/y_m5D_wD2Lw\/w400-h174-no\/1text.jpg\"},{\"@type\":\"BreadcrumbList\",\"@id\":\"https:\/\/orthodoxalbania.org\/2020\/2006\/02\/26\/e-kremtja-e-se-tereshenjtes-mari-ne-manastirin-e-ri-te-shen-vlashit-durres-gusht-06\/#breadcrumb\",\"itemListElement\":[{\"@type\":\"ListItem\",\"position\":1,\"name\":\"Home\",\"item\":\"https:\/\/orthodoxalbania.org\/2020\/\"},{\"@type\":\"ListItem\",\"position\":2,\"name\":\"E kremtja e s\u00eb T\u00ebr\u00ebshenjt\u00ebs Mari n\u00eb Manastirin e Ri t\u00eb Sh\u00ebn Vlashit, Durr\u00ebs. (15 Gusht 2006)\"}]},{\"@type\":\"WebSite\",\"@id\":\"https:\/\/orthodoxalbania.org\/2020\/#website\",\"url\":\"https:\/\/orthodoxalbania.org\/2020\/\",\"name\":\"Kisha Orthodh\u03bfkse Autoqefale e Shqip\u00ebris\u00eb\",\"description\":\"Fqja Zyrtare e Kish\u00ebs Orthodhokse Autoqefale e Shqip\u00ebris\u00eb me lajmet edhe informacionet zyrtare p\u00ebr struktur\u00ebn edhe veprimtarin e saj.\",\"publisher\":{\"@id\":\"https:\/\/orthodoxalbania.org\/2020\/#organization\"},\"potentialAction\":[{\"@type\":\"SearchAction\",\"target\":{\"@type\":\"EntryPoint\",\"urlTemplate\":\"https:\/\/orthodoxalbania.org\/2020\/?s={search_term_string}\"},\"query-input\":{\"@type\":\"PropertyValueSpecification\",\"valueRequired\":true,\"valueName\":\"search_term_string\"}}],\"inLanguage\":\"en-US\"},{\"@type\":\"Organization\",\"@id\":\"https:\/\/orthodoxalbania.org\/2020\/#organization\",\"name\":\"Kisha Orthodhokse Autoqefale e Shqip\u00ebris\u00eb\",\"url\":\"https:\/\/orthodoxalbania.org\/2020\/\",\"logo\":{\"@type\":\"ImageObject\",\"inLanguage\":\"en-US\",\"@id\":\"https:\/\/orthodoxalbania.org\/2020\/#\/schema\/logo\/image\/\",\"url\":\"https:\/\/orthodoxalbania.org\/2020\/wp-content\/uploads\/2020\/05\/albania.jpeg\",\"contentUrl\":\"https:\/\/orthodoxalbania.org\/2020\/wp-content\/uploads\/2020\/05\/albania.jpeg\",\"width\":540,\"height\":540,\"caption\":\"Kisha Orthodhokse Autoqefale e Shqip\u00ebris\u00eb\"},\"image\":{\"@id\":\"https:\/\/orthodoxalbania.org\/2020\/#\/schema\/logo\/image\/\"},\"sameAs\":[\"https:\/\/www.facebook.com\/koash1991\"]},{\"@type\":\"Person\",\"@id\":\"https:\/\/orthodoxalbania.org\/2020\/#\/schema\/person\/0c387634a7063ac612d7ed9ce71c7e86\",\"name\":\"Kisha Orthodhokse\",\"image\":{\"@type\":\"ImageObject\",\"inLanguage\":\"en-US\",\"@id\":\"https:\/\/secure.gravatar.com\/avatar\/596e7c417251e30f2fbb9c00e026fce61a695a00e51c889caded71c96cbbdde5?s=96&d=mm&r=g\",\"url\":\"https:\/\/secure.gravatar.com\/avatar\/596e7c417251e30f2fbb9c00e026fce61a695a00e51c889caded71c96cbbdde5?s=96&d=mm&r=g\",\"contentUrl\":\"https:\/\/secure.gravatar.com\/avatar\/596e7c417251e30f2fbb9c00e026fce61a695a00e51c889caded71c96cbbdde5?s=96&d=mm&r=g\",\"caption\":\"Kisha Orthodhokse\"}}]}<\/script>\n<!-- \/ Yoast SEO plugin. -->","yoast_head_json":{"title":"E kremtja e s\u00eb T\u00ebr\u00ebshenjt\u00ebs Mari n\u00eb Manastirin e Ri t\u00eb Sh\u00ebn Vlashit, Durr\u00ebs. (15 Gusht 2006) - Kisha Orthodh\u03bfkse Autoqefale e Shqip\u00ebris\u00eb","robots":{"index":"index","follow":"follow","max-snippet":"max-snippet:-1","max-image-preview":"max-image-preview:large","max-video-preview":"max-video-preview:-1"},"canonical":"https:\/\/orthodoxalbania.org\/2020\/2006\/02\/26\/e-kremtja-e-se-tereshenjtes-mari-ne-manastirin-e-ri-te-shen-vlashit-durres-gusht-06\/","og_locale":"en_US","og_type":"article","og_title":"E kremtja e s\u00eb T\u00ebr\u00ebshenjt\u00ebs Mari n\u00eb Manastirin e Ri t\u00eb Sh\u00ebn Vlashit, Durr\u00ebs. (15 Gusht 2006) - Kisha Orthodh\u03bfkse Autoqefale e Shqip\u00ebris\u00eb","og_description":"&nbsp; &nbsp;&nbsp;&nbsp; Brenda k\u00ebsaj stine, nuk \u00ebsht\u00eb e rast\u00ebsishme nj\u00eb fest\u00eb e madhe q\u00eb n\u00eb gjuh\u00ebn popullore quhet \u201cPashka e ver\u00ebs\u201d. 15 gushti \u00ebsht\u00eb nj\u00eb nga t\u00eb kremtet m\u00eb t\u00eb m\u00ebdha p\u00ebr besimtar\u00ebt e krishter\u00eb orthodhoks\u00eb. \u00cbsht\u00eb dita ku p\u00ebrkujtohet Fjetja e s\u00eb T\u00ebr\u00ebshenjt\u00ebs Mari, n\u00ebn\u00ebs s\u00eb Zotit Krisht. \u00cbsht\u00eb nj\u00eb nga ngjarjet m\u00eb t\u00eb r\u00ebnd\u00ebsishme sepse me vdekjen e saj dhe ngjitjen trupore lart","og_url":"https:\/\/orthodoxalbania.org\/2020\/2006\/02\/26\/e-kremtja-e-se-tereshenjtes-mari-ne-manastirin-e-ri-te-shen-vlashit-durres-gusht-06\/","og_site_name":"Kisha Orthodh\u03bfkse Autoqefale e Shqip\u00ebris\u00eb","article_publisher":"https:\/\/www.facebook.com\/koash1991","article_published_time":"2006-02-26T00:00:00+00:00","article_modified_time":"2020-04-06T20:41:50+00:00","og_image":[{"url":"https:\/\/lh6.googleusercontent.com\/-uOotA8Ug1LE\/VIgJU0znXGI\/AAAAAAAAFug\/y_m5D_wD2Lw\/w400-h174-no\/1text.jpg","type":"","width":"","height":""}],"author":"Kisha Orthodhokse","twitter_card":"summary_large_image","twitter_misc":{"Written by":"Kisha Orthodhokse","Est. reading time":"3 minutes"},"schema":{"@context":"https:\/\/schema.org","@graph":[{"@type":"Article","@id":"https:\/\/orthodoxalbania.org\/2020\/2006\/02\/26\/e-kremtja-e-se-tereshenjtes-mari-ne-manastirin-e-ri-te-shen-vlashit-durres-gusht-06\/#article","isPartOf":{"@id":"https:\/\/orthodoxalbania.org\/2020\/2006\/02\/26\/e-kremtja-e-se-tereshenjtes-mari-ne-manastirin-e-ri-te-shen-vlashit-durres-gusht-06\/"},"author":{"name":"Kisha Orthodhokse","@id":"https:\/\/orthodoxalbania.org\/2020\/#\/schema\/person\/0c387634a7063ac612d7ed9ce71c7e86"},"headline":"E kremtja e s\u00eb T\u00ebr\u00ebshenjt\u00ebs Mari n\u00eb Manastirin e Ri t\u00eb Sh\u00ebn Vlashit, Durr\u00ebs. (15 Gusht 2006)","datePublished":"2006-02-26T00:00:00+00:00","dateModified":"2020-04-06T20:41:50+00:00","mainEntityOfPage":{"@id":"https:\/\/orthodoxalbania.org\/2020\/2006\/02\/26\/e-kremtja-e-se-tereshenjtes-mari-ne-manastirin-e-ri-te-shen-vlashit-durres-gusht-06\/"},"wordCount":528,"commentCount":0,"publisher":{"@id":"https:\/\/orthodoxalbania.org\/2020\/#organization"},"image":{"@id":"https:\/\/orthodoxalbania.org\/2020\/2006\/02\/26\/e-kremtja-e-se-tereshenjtes-mari-ne-manastirin-e-ri-te-shen-vlashit-durres-gusht-06\/#primaryimage"},"thumbnailUrl":"https:\/\/lh6.googleusercontent.com\/-uOotA8Ug1LE\/VIgJU0znXGI\/AAAAAAAAFug\/y_m5D_wD2Lw\/w400-h174-no\/1text.jpg","keywords":["2006","Kremtime","Kryepiskopata Tiran\u00eb","Kryepiskopi Anastas","lajme"],"articleSection":["Lajme"],"inLanguage":"en-US"},{"@type":"WebPage","@id":"https:\/\/orthodoxalbania.org\/2020\/2006\/02\/26\/e-kremtja-e-se-tereshenjtes-mari-ne-manastirin-e-ri-te-shen-vlashit-durres-gusht-06\/","url":"https:\/\/orthodoxalbania.org\/2020\/2006\/02\/26\/e-kremtja-e-se-tereshenjtes-mari-ne-manastirin-e-ri-te-shen-vlashit-durres-gusht-06\/","name":"E kremtja e s\u00eb T\u00ebr\u00ebshenjt\u00ebs Mari n\u00eb Manastirin e Ri t\u00eb Sh\u00ebn Vlashit, Durr\u00ebs. (15 Gusht 2006) - Kisha Orthodh\u03bfkse Autoqefale e Shqip\u00ebris\u00eb","isPartOf":{"@id":"https:\/\/orthodoxalbania.org\/2020\/#website"},"primaryImageOfPage":{"@id":"https:\/\/orthodoxalbania.org\/2020\/2006\/02\/26\/e-kremtja-e-se-tereshenjtes-mari-ne-manastirin-e-ri-te-shen-vlashit-durres-gusht-06\/#primaryimage"},"image":{"@id":"https:\/\/orthodoxalbania.org\/2020\/2006\/02\/26\/e-kremtja-e-se-tereshenjtes-mari-ne-manastirin-e-ri-te-shen-vlashit-durres-gusht-06\/#primaryimage"},"thumbnailUrl":"https:\/\/lh6.googleusercontent.com\/-uOotA8Ug1LE\/VIgJU0znXGI\/AAAAAAAAFug\/y_m5D_wD2Lw\/w400-h174-no\/1text.jpg","datePublished":"2006-02-26T00:00:00+00:00","dateModified":"2020-04-06T20:41:50+00:00","breadcrumb":{"@id":"https:\/\/orthodoxalbania.org\/2020\/2006\/02\/26\/e-kremtja-e-se-tereshenjtes-mari-ne-manastirin-e-ri-te-shen-vlashit-durres-gusht-06\/#breadcrumb"},"inLanguage":"en-US","potentialAction":[{"@type":"ReadAction","target":["https:\/\/orthodoxalbania.org\/2020\/2006\/02\/26\/e-kremtja-e-se-tereshenjtes-mari-ne-manastirin-e-ri-te-shen-vlashit-durres-gusht-06\/"]}]},{"@type":"ImageObject","inLanguage":"en-US","@id":"https:\/\/orthodoxalbania.org\/2020\/2006\/02\/26\/e-kremtja-e-se-tereshenjtes-mari-ne-manastirin-e-ri-te-shen-vlashit-durres-gusht-06\/#primaryimage","url":"https:\/\/lh6.googleusercontent.com\/-uOotA8Ug1LE\/VIgJU0znXGI\/AAAAAAAAFug\/y_m5D_wD2Lw\/w400-h174-no\/1text.jpg","contentUrl":"https:\/\/lh6.googleusercontent.com\/-uOotA8Ug1LE\/VIgJU0znXGI\/AAAAAAAAFug\/y_m5D_wD2Lw\/w400-h174-no\/1text.jpg"},{"@type":"BreadcrumbList","@id":"https:\/\/orthodoxalbania.org\/2020\/2006\/02\/26\/e-kremtja-e-se-tereshenjtes-mari-ne-manastirin-e-ri-te-shen-vlashit-durres-gusht-06\/#breadcrumb","itemListElement":[{"@type":"ListItem","position":1,"name":"Home","item":"https:\/\/orthodoxalbania.org\/2020\/"},{"@type":"ListItem","position":2,"name":"E kremtja e s\u00eb T\u00ebr\u00ebshenjt\u00ebs Mari n\u00eb Manastirin e Ri t\u00eb Sh\u00ebn Vlashit, Durr\u00ebs. (15 Gusht 2006)"}]},{"@type":"WebSite","@id":"https:\/\/orthodoxalbania.org\/2020\/#website","url":"https:\/\/orthodoxalbania.org\/2020\/","name":"Kisha Orthodh\u03bfkse Autoqefale e Shqip\u00ebris\u00eb","description":"Fqja Zyrtare e Kish\u00ebs Orthodhokse Autoqefale e Shqip\u00ebris\u00eb me lajmet edhe informacionet zyrtare p\u00ebr struktur\u00ebn edhe veprimtarin e saj.","publisher":{"@id":"https:\/\/orthodoxalbania.org\/2020\/#organization"},"potentialAction":[{"@type":"SearchAction","target":{"@type":"EntryPoint","urlTemplate":"https:\/\/orthodoxalbania.org\/2020\/?s={search_term_string}"},"query-input":{"@type":"PropertyValueSpecification","valueRequired":true,"valueName":"search_term_string"}}],"inLanguage":"en-US"},{"@type":"Organization","@id":"https:\/\/orthodoxalbania.org\/2020\/#organization","name":"Kisha Orthodhokse Autoqefale e Shqip\u00ebris\u00eb","url":"https:\/\/orthodoxalbania.org\/2020\/","logo":{"@type":"ImageObject","inLanguage":"en-US","@id":"https:\/\/orthodoxalbania.org\/2020\/#\/schema\/logo\/image\/","url":"https:\/\/orthodoxalbania.org\/2020\/wp-content\/uploads\/2020\/05\/albania.jpeg","contentUrl":"https:\/\/orthodoxalbania.org\/2020\/wp-content\/uploads\/2020\/05\/albania.jpeg","width":540,"height":540,"caption":"Kisha Orthodhokse Autoqefale e Shqip\u00ebris\u00eb"},"image":{"@id":"https:\/\/orthodoxalbania.org\/2020\/#\/schema\/logo\/image\/"},"sameAs":["https:\/\/www.facebook.com\/koash1991"]},{"@type":"Person","@id":"https:\/\/orthodoxalbania.org\/2020\/#\/schema\/person\/0c387634a7063ac612d7ed9ce71c7e86","name":"Kisha Orthodhokse","image":{"@type":"ImageObject","inLanguage":"en-US","@id":"https:\/\/secure.gravatar.com\/avatar\/596e7c417251e30f2fbb9c00e026fce61a695a00e51c889caded71c96cbbdde5?s=96&d=mm&r=g","url":"https:\/\/secure.gravatar.com\/avatar\/596e7c417251e30f2fbb9c00e026fce61a695a00e51c889caded71c96cbbdde5?s=96&d=mm&r=g","contentUrl":"https:\/\/secure.gravatar.com\/avatar\/596e7c417251e30f2fbb9c00e026fce61a695a00e51c889caded71c96cbbdde5?s=96&d=mm&r=g","caption":"Kisha Orthodhokse"}}]}},"_links":{"self":[{"href":"https:\/\/orthodoxalbania.org\/2020\/wp-json\/wp\/v2\/posts\/484","targetHints":{"allow":["GET"]}}],"collection":[{"href":"https:\/\/orthodoxalbania.org\/2020\/wp-json\/wp\/v2\/posts"}],"about":[{"href":"https:\/\/orthodoxalbania.org\/2020\/wp-json\/wp\/v2\/types\/post"}],"author":[{"embeddable":true,"href":"https:\/\/orthodoxalbania.org\/2020\/wp-json\/wp\/v2\/users\/1"}],"replies":[{"embeddable":true,"href":"https:\/\/orthodoxalbania.org\/2020\/wp-json\/wp\/v2\/comments?post=484"}],"version-history":[{"count":1,"href":"https:\/\/orthodoxalbania.org\/2020\/wp-json\/wp\/v2\/posts\/484\/revisions"}],"predecessor-version":[{"id":15842,"href":"https:\/\/orthodoxalbania.org\/2020\/wp-json\/wp\/v2\/posts\/484\/revisions\/15842"}],"wp:attachment":[{"href":"https:\/\/orthodoxalbania.org\/2020\/wp-json\/wp\/v2\/media?parent=484"}],"wp:term":[{"taxonomy":"category","embeddable":true,"href":"https:\/\/orthodoxalbania.org\/2020\/wp-json\/wp\/v2\/categories?post=484"},{"taxonomy":"post_tag","embeddable":true,"href":"https:\/\/orthodoxalbania.org\/2020\/wp-json\/wp\/v2\/tags?post=484"}],"curies":[{"name":"wp","href":"https:\/\/api.w.org\/{rel}","templated":true}]}}