{"id":483,"date":"2007-02-26T00:00:00","date_gmt":"2007-02-26T00:00:00","guid":{"rendered":""},"modified":"2020-04-06T22:35:46","modified_gmt":"2020-04-06T20:35:46","slug":"e-kremtja-e-lindjes-se-hyjlindeses-mari-ne-manastirin-e-ardenices-shtator-2007","status":"publish","type":"post","link":"https:\/\/orthodoxalbania.org\/2020\/2007\/02\/26\/e-kremtja-e-lindjes-se-hyjlindeses-mari-ne-manastirin-e-ardenices-shtator-2007\/","title":{"rendered":"E kremtja e Lindjes s\u00eb Hyjlind\u00ebses Mari n\u00eb Manastirin e Ardenic\u00ebs. (Shtator 2007)"},"content":{"rendered":"<div style=\"text-align: justify;\"><span style=\"color: #000000; font-family: helvetica;\"><span style=\"font-size: 12px;\"><img decoding=\"async\" class=\"lazyload HAa Eha\" style=\"border-width: 1px; border-style: solid; margin: 10px; float: left;\" alt=\"\" src=\"data:image\/svg+xml,%3Csvg%20xmlns%3D%27http%3A%2F%2Fwww.w3.org%2F2000%2Fsvg%27%20width%3D%27257%27%20height%3D%27145%27%20viewBox%3D%270%200%20257%20145%27%3E%3Crect%20width%3D%27257%27%20height%3D%27145%27%20fill-opacity%3D%220%22%2F%3E%3C%2Fsvg%3E\" data-orig-src=\"https:\/\/lh4.googleusercontent.com\/-GRmlucI7Ty0\/VImGKVUtNgI\/AAAAAAAAGeE\/XkqfoqJPbw4\/w400-h225-no\/pic1.jpg\" height=\"145\" width=\"257\" \/><span style=\"font-size: 12pt;\">&nbsp;&nbsp;&nbsp; N\u00eb ambientin e bukur dhe piktoresk t\u00eb Ardenic\u00ebs, aty ku ndodhet Manastiri shekullor me t\u00eb nj\u00ebjtin em\u00ebr, e kremtja e \u201cLindjes s\u00eb Hyjlind\u00ebses Mari\u201d m\u00eb 8 shtator u p\u00ebrjetua me plot g\u00ebzim nga t\u00eb gjith\u00eb t\u00eb krishter\u00ebt orthodhoks\u00eb t\u00eb zon\u00ebs klerik\u00eb e laik\u00eb. Kjo dit\u00eb mban emrin e Hyjlind\u00ebses Mari, sepse roli i saj \u00ebsht\u00eb i r\u00ebnd\u00ebsish\u00ebm, ajo solli shp\u00ebtimin n\u00eb bot\u00eb. N\u00eb dit\u00ebn e hijshme t\u00eb s\u00eb kremtes, besimtar\u00ebt th\u00ebrrasin bashk\u00eb me Kryeengj\u00ebllin Gabriel: \u201cG\u00ebzohu o Hirplot\u00eb, Zoti \u00ebsht\u00eb me ty, i cili me an\u00ebn t\u00ebnde na dhuron p\u00ebrd\u00ebllimin e madh\u201d.<\/span><\/span><\/span><\/div>\n<div style=\"text-align: justify;\"><span style=\"color: #000000; font-family: helvetica; font-size: 12pt;\">&nbsp;&nbsp;&nbsp;&nbsp;&nbsp;&nbsp;&nbsp;&nbsp;&nbsp;&nbsp;&nbsp;&nbsp;&nbsp;&nbsp;&nbsp;<\/span><\/div>\n<div style=\"text-align: justify;\"><span style=\"color: #000000; font-family: helvetica; font-size: 12pt;\">&nbsp;&nbsp;&nbsp;&nbsp; P\u00ebr t\u00eb gjith\u00eb njer\u00ebzit historia fillon pas lindjes, p\u00ebr Sh\u00ebn Marin\u00eb historia fillon para se ajo t\u00eb lindte, sepse Per\u00ebndia do t\u00eb shp\u00ebtonte bot\u00ebn me an\u00ebn e Virgj\u00ebresh\u00ebs q\u00eb lindi Zotin Krisht. Ferra q\u00eb digjej por q\u00eb nuk prishej nga zjarri, q\u00eb pa profeti Moisi; guri q\u00eb shembi skulptur\u00ebn e idhujtare, q\u00eb pa profeti Daniel; dhe porta q\u00eb nuk u hap, q\u00eb pa profeti Isaia; t\u00eb gjitha k\u00ebto paratregonin Hyjlind\u00ebsen Mari.<\/span><\/div>\n<div style=\"text-align: justify;\"><span style=\"font-family: helvetica; font-size: 12pt;\"><\/span><\/div>\n<div style=\"text-align: justify;\"><span style=\"color: #000000; font-family: helvetica; font-size: 12pt;\">&nbsp;&nbsp;&nbsp;&nbsp; Pik\u00ebrisht dit\u00ebn e kujtimit t\u00eb Lindjes s\u00eb Sh\u00ebn Maris\u00eb, me bekimin e Mitropolitit t\u00eb Beratit, Hir\u00ebsi Ignatit, n\u00eb k\u00ebt\u00eb manastir u celebrua agripnia kataniktike e festive. Agripnia nisi n\u00eb or\u00ebn 2200. Lutjet i hapi sh\u00ebrbesa e Pasdark\u00ebs s\u00eb Vog\u00ebl pasi u d\u00ebgjuan goditjet e talant\u00ebs s\u00eb par\u00eb. Duke par\u00eb pjes\u00ebmarr\u00ebsit e shumt\u00eb t\u00eb ardhur nga zona t\u00eb ndryshme t\u00eb Shqip\u00ebris\u00eb, v\u00ebreje fytyra t\u00eb g\u00ebzuara, t\u00eb gjalla, q\u00eb me shpres\u00ebtari k\u00ebrkonin bekimin e Per\u00ebndis\u00eb n\u00ebp\u00ebrmjet Per\u00ebndilind\u00ebses Mari.<\/span><\/div>\n<div style=\"text-align: justify;\"><span style=\"color: #000000; font-family: helvetica; font-size: 12pt;\">&nbsp;&nbsp;&nbsp;&nbsp;&nbsp;&nbsp;&nbsp;&nbsp;&nbsp;&nbsp;&nbsp;&nbsp;&nbsp;&nbsp;&nbsp;<\/span><\/div>\n<div style=\"text-align: justify;\"><span style=\"color: #000000; font-family: helvetica; font-size: 12pt;\"><img decoding=\"async\" class=\"lazyload HAa Eha\" style=\"height: 113px; width: 200px; border-width: 1px; border-style: solid; margin: 10px; float: right;\" alt=\"\" src=\"data:image\/gif;base64,R0lGODlhAQABAAAAACH5BAEKAAEALAAAAAABAAEAAAICTAEAOw==\" data-orig-src=\"https:\/\/lh5.googleusercontent.com\/-QiWY71poSps\/VImGKHKjYKI\/AAAAAAAAGew\/zEto7fZYB18\/w400-h225-no\/pic2.jpg\" \/>&nbsp;&nbsp;&nbsp;&nbsp; Brenda n\u00eb kish\u00eb d\u00ebgjoheshin z\u00ebrat e psalt\u00ebve q\u00eb himnonin&nbsp; Per\u00ebndin\u00eb dhe N\u00ebn\u00ebn e Tij, t\u00eb g\u00ebrshetuar dhe harmonizuar bukur e nj\u00ebz\u00ebri me z\u00ebrat e besimtar\u00ebve. Pasi u d\u00ebgjua trokitja e dyt\u00eb e talant\u00ebs nisi Sh\u00ebrbesa e Mbr\u00ebm\u00ebsores me himnet e saj. Pas trokitjes s\u00eb tret\u00eb t\u00eb talant\u00ebs filloi Sh\u00ebrbesa e M\u00ebngjesores, n\u00eb t\u00eb cil\u00ebn u krye edhe sh\u00ebrbesa e Or\u00ebve.<\/span><\/div>\n<div style=\"text-align: justify;\"><span style=\"font-family: helvetica; font-size: 12pt;\"><\/span><\/div>\n<div style=\"text-align: justify;\"><span style=\"color: #000000; font-family: helvetica; font-size: 12pt;\">&nbsp;&nbsp;&nbsp;&nbsp; T\u00eb nes\u00ebrmen, sipas tradit\u00ebs, u celebrua Liturgjia Hyjnore me pjes\u00ebmarrjen e shum\u00eb besimtar\u00ebve. Mesazhi kryesor i predikimit t\u00eb&nbsp; Ungjillit nga Mitropoliti Ignat ishte: \u201cFjal\u00ebs s\u00eb Per\u00ebndis\u00eb nuk duhet&nbsp; t\u2019i vendosim nj\u00eb kapak t\u00eb shenjt\u00eb prej argjendi, prej ari dhe ta v\u00ebm\u00eb n\u00eb korniz\u00eb por ta vemi n\u00eb altarin e shpirtit ton\u00eb, t\u00eb zemr\u00ebs son\u00eb, ta b\u00ebjm\u00eb jetes\u00eb dhe ta ruajm\u00eb duke p\u00ebrmendur emrin e Zotit se mos na i marr\u00eb i ligu, ta kultivojm\u00eb si fara, ta b\u00ebjm\u00eb praktik\u00eb dhe at\u00ebher\u00eb ka vler\u00eb dhe at\u00ebher\u00eb jemi t\u00eb denj\u00eb p\u00ebr lum\u00ebrimet e Per\u00ebndis\u00eb.<\/span><\/div>\n<div style=\"text-align: justify;\"><span style=\"color: #000000; font-family: helvetica; font-size: 12pt;\">&nbsp;&nbsp;&nbsp;&nbsp;&nbsp;&nbsp;&nbsp;&nbsp;&nbsp;&nbsp;&nbsp;&nbsp;&nbsp;&nbsp;&nbsp;<\/span><\/div>\n<div style=\"text-align: justify;\"><span style=\"color: #000000; font-family: helvetica; font-size: 12pt;\"><img decoding=\"async\" class=\"lazyload HAa Eha\" style=\"height: 113px; width: 200px; border-width: 1px; border-style: solid; margin: 10px; float: left;\" alt=\"\" src=\"data:image\/gif;base64,R0lGODlhAQABAAAAACH5BAEKAAEALAAAAAABAAEAAAICTAEAOw==\" data-orig-src=\"https:\/\/lh3.googleusercontent.com\/-I9gMF3fvN_E\/VImGKdlIS0I\/AAAAAAAAGeI\/9eoq-3XYWkM\/w400-h225-no\/pic3.jpg\" \/>&nbsp;&nbsp;&nbsp;&nbsp; Le t\u00eb imitojm\u00eb t\u00eb T\u00ebr\u00ebshenjt\u00ebn Mari, e cila e mbante Fjal\u00ebn e Per\u00ebndis\u00eb n\u00eb zemr\u00ebn e saj, duke e zbatuar me p\u00ebrul\u00ebsi\u201d. Gjithashtu ai tha se Sh\u00ebn Maria \u00ebsht\u00eb si nj\u00eb shkall\u00eb q\u00eb nis n\u00eb tok\u00eb dhe vazhdon deri n\u00eb qiell. \u00cbsht\u00eb dera q\u00eb shkojm\u00eb n\u00eb Parajs\u00eb tek Per\u00ebndia. Jemi t\u00eb lumtur q\u00eb kemi Hyjlind\u00ebsen shkall\u00eb p\u00ebr tu ngjitur n\u00eb qiell. Ajo ishte njeri si ne, vuajti p\u00ebr ne dhe u provua e mbeti flori i past\u00ebr, i shk\u00eblqyer si\u00e7 i takon t\u00eb jet\u00eb N\u00ebna e Per\u00ebndis\u00eb. E kemi nd\u00ebrmjet\u00ebse t\u00eb g\u00ebzimeve dhe hidh\u00ebrimeve tona.<\/span><\/div>\n<div style=\"text-align: justify;\"><span style=\"font-family: helvetica; font-size: 12pt;\"><\/span><\/div>\n<div style=\"text-align: justify;\"><span style=\"color: #000000; font-family: helvetica; font-size: 12pt;\">&nbsp;&nbsp;&nbsp;&nbsp; Ajo \u00ebsht\u00eb n\u00ebna e Per\u00ebndis\u00eb son\u00eb, por edhe n\u00ebna&nbsp; jon\u00eb. Duhet t\u00eb nd\u00ebrgjegj\u00ebsohemi q\u00eb t\u00eb q\u00ebndrojm\u00eb para Per\u00ebndis\u00eb me frik\u00eb, me bes\u00eb dhe me heshtje, duke nderuar \u00e7udit\u00eb e m\u00ebdha t\u00eb Sh\u00ebn Maris\u00eb. Q\u00eb t\u00eb ndiejm\u00eb hirin e Per\u00ebndis\u00eb dhe g\u00ebzimin q\u00eb solli shp\u00ebtimi i Per\u00ebndis\u00eb.<\/span><\/div>\n<div style=\"text-align: justify;\"><span style=\"color: #000000; font-family: helvetica; font-size: 12pt;\">&nbsp;&nbsp;&nbsp;&nbsp;&nbsp;&nbsp;&nbsp;&nbsp;&nbsp;&nbsp;&nbsp;&nbsp;&nbsp;&nbsp;&nbsp;<\/span><\/div>\n<div style=\"text-align: justify;\"><span style=\"color: #000000; font-family: helvetica; font-size: 12pt;\">&nbsp;&nbsp;&nbsp;&nbsp; Liturgjia vazhdoi dhe me pjes\u00ebn m\u00eb kulminante t\u00eb saj, me momentin e kungimit, n\u00eb t\u00eb cil\u00ebn edhe u kunguan shum\u00eb besimtar\u00eb duke u b\u00ebr\u00eb pjes\u00ebtar\u00eb t\u00eb Dark\u00ebs Mistike t\u00eb Zotit. Pas p\u00ebrfundimit t\u00eb Liturgjis\u00eb Hyjnore d\u00ebgjoheshin z\u00ebrat plot hare dhe g\u00ebzim duke uruar: \u201cP\u00ebr shum\u00eb vjet, G\u00ebzuar\u201d.<\/span><\/div>\n<div style=\"text-align: justify;\"><span style=\"font-family: helvetica; font-size: 12pt;\"><\/span><\/div>\n<div style=\"text-align: justify;\"><span style=\"font-family: helvetica; font-size: 12pt;\"><\/span><\/div>\n<div style=\"text-align: right;\"><span style=\"color: #000000; font-family: helvetica; font-size: 12pt;\">&nbsp;&nbsp;&nbsp;&nbsp; Harallamb Meci<\/span><\/div>\n<div style=\"text-align: right;\"><span style=\"font-family: helvetica; font-size: 12pt;\"><\/span><\/div>\n<div style=\"text-align: center;\"><span style=\"color: #000000; font-family: helvetica; font-size: 12pt;\"><img decoding=\"async\" class=\"lazyload HAa Eha\" style=\"border-width: 1px; border-style: solid; margin: 10px;\" alt=\"\" src=\"data:image\/gif;base64,R0lGODlhAQABAAAAACH5BAEKAAEALAAAAAABAAEAAAICTAEAOw==\" data-orig-src=\"https:\/\/lh6.googleusercontent.com\/-dDQrZQU14iQ\/VImGKyY7BQI\/AAAAAAAAGec\/PjISfHmhbFo\/w225-h400-no\/pic4.jpg\" \/><\/span><\/div>\n<div style=\"text-align: center;\"><span style=\"color: #000000; font-family: helvetica; font-size: 12pt;\"><img decoding=\"async\" class=\"lazyload HAa Eha\" style=\"border-width: 1px; border-style: solid; margin: 10px;\" alt=\"\" src=\"data:image\/gif;base64,R0lGODlhAQABAAAAACH5BAEKAAEALAAAAAABAAEAAAICTAEAOw==\" data-orig-src=\"https:\/\/lh4.googleusercontent.com\/-xooCu7gGN3U\/VImGLPLig0I\/AAAAAAAAGeU\/iQfMbPNbFVc\/w400-h225-no\/pic5.jpg\" \/><\/span><\/div>\n<div style=\"text-align: center;\"><span style=\"color: #000000; font-family: helvetica; font-size: 12pt;\"><img decoding=\"async\" class=\"lazyload HAa Eha\" style=\"border-width: 1px; border-style: solid; margin: 10px;\" alt=\"\" src=\"data:image\/gif;base64,R0lGODlhAQABAAAAACH5BAEKAAEALAAAAAABAAEAAAICTAEAOw==\" data-orig-src=\"https:\/\/lh4.googleusercontent.com\/-u6IBpv0DyL4\/VImGL-6TiaI\/AAAAAAAAGes\/gxcAJ2txW9w\/w400-h225-no\/pic6.jpg\" \/><\/span><\/div>\n<div style=\"text-align: center;\"><span style=\"color: #000000; font-family: helvetica; font-size: 12pt;\"><img decoding=\"async\" class=\"lazyload HAa Eha\" style=\"border-width: 1px; border-style: solid; margin: 10px;\" alt=\"\" src=\"data:image\/gif;base64,R0lGODlhAQABAAAAACH5BAEKAAEALAAAAAABAAEAAAICTAEAOw==\" data-orig-src=\"https:\/\/lh5.googleusercontent.com\/-0LUNaApmx-8\/VImGMcpCe5I\/AAAAAAAAGeg\/Vzx5FoW4utQ\/w400-h225-no\/pic7.jpg\" \/><\/span><\/div>\n","protected":false},"excerpt":{"rendered":"<p>&nbsp;&nbsp;&nbsp; N\u00eb ambientin e bukur dhe piktoresk t\u00eb Ardenic\u00ebs, aty ku ndodhet Manastiri shekullor me t\u00eb nj\u00ebjtin em\u00ebr, e kremtja e \u201cLindjes s\u00eb Hyjlind\u00ebses Mari\u201d m\u00eb 8 shtator u p\u00ebrjetua me plot g\u00ebzim nga t\u00eb gjith\u00eb t\u00eb krishter\u00ebt orthodhoks\u00eb t\u00eb zon\u00ebs klerik\u00eb e laik\u00eb. Kjo dit\u00eb mban emrin e Hyjlind\u00ebses Mari, sepse roli i saj \u00ebsht\u00eb i r\u00ebnd\u00ebsish\u00ebm, ajo solli shp\u00ebtimin n\u00eb bot\u00eb. N\u00eb dit\u00ebn<\/p>\n","protected":false},"author":1,"featured_media":0,"comment_status":"open","ping_status":"open","sticky":false,"template":"","format":"standard","meta":{"_acf_changed":false,"pagelayer_contact_templates":[],"_pagelayer_content":"","inline_featured_image":false,"fifu_image_url":"","fifu_image_alt":"","footnotes":""},"categories":[108],"tags":[147,157,212,197],"class_list":["post-483","post","type-post","status-publish","format-standard","hentry","category-lajme","tag-147","tag-kremtime","tag-lajme-d27","tag-berat"],"acf":[],"yoast_head":"<!-- This site is optimized with the Yoast SEO plugin v27.2 - https:\/\/yoast.com\/product\/yoast-seo-wordpress\/ -->\n<title>E kremtja e Lindjes s\u00eb Hyjlind\u00ebses Mari n\u00eb Manastirin e Ardenic\u00ebs. (Shtator 2007) - Kisha Orthodh\u03bfkse Autoqefale e Shqip\u00ebris\u00eb<\/title>\n<meta name=\"robots\" content=\"index, follow, max-snippet:-1, max-image-preview:large, max-video-preview:-1\" \/>\n<link rel=\"canonical\" href=\"https:\/\/orthodoxalbania.org\/2020\/2007\/02\/26\/e-kremtja-e-lindjes-se-hyjlindeses-mari-ne-manastirin-e-ardenices-shtator-2007\/\" \/>\n<meta property=\"og:locale\" content=\"en_US\" \/>\n<meta property=\"og:type\" content=\"article\" \/>\n<meta property=\"og:title\" content=\"E kremtja e Lindjes s\u00eb Hyjlind\u00ebses Mari n\u00eb Manastirin e Ardenic\u00ebs. (Shtator 2007) - Kisha Orthodh\u03bfkse Autoqefale e Shqip\u00ebris\u00eb\" \/>\n<meta property=\"og:description\" content=\"&nbsp;&nbsp;&nbsp; N\u00eb ambientin e bukur dhe piktoresk t\u00eb Ardenic\u00ebs, aty ku ndodhet Manastiri shekullor me t\u00eb nj\u00ebjtin em\u00ebr, e kremtja e \u201cLindjes s\u00eb Hyjlind\u00ebses Mari\u201d m\u00eb 8 shtator u p\u00ebrjetua me plot g\u00ebzim nga t\u00eb gjith\u00eb t\u00eb krishter\u00ebt orthodhoks\u00eb t\u00eb zon\u00ebs klerik\u00eb e laik\u00eb. Kjo dit\u00eb mban emrin e Hyjlind\u00ebses Mari, sepse roli i saj \u00ebsht\u00eb i r\u00ebnd\u00ebsish\u00ebm, ajo solli shp\u00ebtimin n\u00eb bot\u00eb. N\u00eb dit\u00ebn\" \/>\n<meta property=\"og:url\" content=\"https:\/\/orthodoxalbania.org\/2020\/2007\/02\/26\/e-kremtja-e-lindjes-se-hyjlindeses-mari-ne-manastirin-e-ardenices-shtator-2007\/\" \/>\n<meta property=\"og:site_name\" content=\"Kisha Orthodh\u03bfkse Autoqefale e Shqip\u00ebris\u00eb\" \/>\n<meta property=\"article:publisher\" content=\"https:\/\/www.facebook.com\/koash1991\" \/>\n<meta property=\"article:published_time\" content=\"2007-02-26T00:00:00+00:00\" \/>\n<meta property=\"article:modified_time\" content=\"2020-04-06T20:35:46+00:00\" \/>\n<meta property=\"og:image\" content=\"https:\/\/lh4.googleusercontent.com\/-GRmlucI7Ty0\/VImGKVUtNgI\/AAAAAAAAGeE\/XkqfoqJPbw4\/w400-h225-no\/pic1.jpg\" \/>\n<meta name=\"author\" content=\"Kisha Orthodhokse\" \/>\n<meta name=\"twitter:card\" content=\"summary_large_image\" \/>\n<meta name=\"twitter:label1\" content=\"Written by\" \/>\n\t<meta name=\"twitter:data1\" content=\"Kisha Orthodhokse\" \/>\n\t<meta name=\"twitter:label2\" content=\"Est. reading time\" \/>\n\t<meta name=\"twitter:data2\" content=\"4 minutes\" \/>\n<script type=\"application\/ld+json\" class=\"yoast-schema-graph\">{\"@context\":\"https:\/\/schema.org\",\"@graph\":[{\"@type\":\"Article\",\"@id\":\"https:\/\/orthodoxalbania.org\/2020\/2007\/02\/26\/e-kremtja-e-lindjes-se-hyjlindeses-mari-ne-manastirin-e-ardenices-shtator-2007\/#article\",\"isPartOf\":{\"@id\":\"https:\/\/orthodoxalbania.org\/2020\/2007\/02\/26\/e-kremtja-e-lindjes-se-hyjlindeses-mari-ne-manastirin-e-ardenices-shtator-2007\/\"},\"author\":{\"name\":\"Kisha Orthodhokse\",\"@id\":\"https:\/\/orthodoxalbania.org\/2020\/#\/schema\/person\/0c387634a7063ac612d7ed9ce71c7e86\"},\"headline\":\"E kremtja e Lindjes s\u00eb Hyjlind\u00ebses Mari n\u00eb Manastirin e Ardenic\u00ebs. (Shtator 2007)\",\"datePublished\":\"2007-02-26T00:00:00+00:00\",\"dateModified\":\"2020-04-06T20:35:46+00:00\",\"mainEntityOfPage\":{\"@id\":\"https:\/\/orthodoxalbania.org\/2020\/2007\/02\/26\/e-kremtja-e-lindjes-se-hyjlindeses-mari-ne-manastirin-e-ardenices-shtator-2007\/\"},\"wordCount\":834,\"commentCount\":0,\"publisher\":{\"@id\":\"https:\/\/orthodoxalbania.org\/2020\/#organization\"},\"image\":{\"@id\":\"https:\/\/orthodoxalbania.org\/2020\/2007\/02\/26\/e-kremtja-e-lindjes-se-hyjlindeses-mari-ne-manastirin-e-ardenices-shtator-2007\/#primaryimage\"},\"thumbnailUrl\":\"https:\/\/lh4.googleusercontent.com\/-GRmlucI7Ty0\/VImGKVUtNgI\/AAAAAAAAGeE\/XkqfoqJPbw4\/w400-h225-no\/pic1.jpg\",\"keywords\":[\"2007\",\"Kremtime\",\"lajme\",\"Mitropolia Berat\"],\"articleSection\":[\"Lajme\"],\"inLanguage\":\"en-US\"},{\"@type\":\"WebPage\",\"@id\":\"https:\/\/orthodoxalbania.org\/2020\/2007\/02\/26\/e-kremtja-e-lindjes-se-hyjlindeses-mari-ne-manastirin-e-ardenices-shtator-2007\/\",\"url\":\"https:\/\/orthodoxalbania.org\/2020\/2007\/02\/26\/e-kremtja-e-lindjes-se-hyjlindeses-mari-ne-manastirin-e-ardenices-shtator-2007\/\",\"name\":\"E kremtja e Lindjes s\u00eb Hyjlind\u00ebses Mari n\u00eb Manastirin e Ardenic\u00ebs. (Shtator 2007) - Kisha Orthodh\u03bfkse Autoqefale e Shqip\u00ebris\u00eb\",\"isPartOf\":{\"@id\":\"https:\/\/orthodoxalbania.org\/2020\/#website\"},\"primaryImageOfPage\":{\"@id\":\"https:\/\/orthodoxalbania.org\/2020\/2007\/02\/26\/e-kremtja-e-lindjes-se-hyjlindeses-mari-ne-manastirin-e-ardenices-shtator-2007\/#primaryimage\"},\"image\":{\"@id\":\"https:\/\/orthodoxalbania.org\/2020\/2007\/02\/26\/e-kremtja-e-lindjes-se-hyjlindeses-mari-ne-manastirin-e-ardenices-shtator-2007\/#primaryimage\"},\"thumbnailUrl\":\"https:\/\/lh4.googleusercontent.com\/-GRmlucI7Ty0\/VImGKVUtNgI\/AAAAAAAAGeE\/XkqfoqJPbw4\/w400-h225-no\/pic1.jpg\",\"datePublished\":\"2007-02-26T00:00:00+00:00\",\"dateModified\":\"2020-04-06T20:35:46+00:00\",\"breadcrumb\":{\"@id\":\"https:\/\/orthodoxalbania.org\/2020\/2007\/02\/26\/e-kremtja-e-lindjes-se-hyjlindeses-mari-ne-manastirin-e-ardenices-shtator-2007\/#breadcrumb\"},\"inLanguage\":\"en-US\",\"potentialAction\":[{\"@type\":\"ReadAction\",\"target\":[\"https:\/\/orthodoxalbania.org\/2020\/2007\/02\/26\/e-kremtja-e-lindjes-se-hyjlindeses-mari-ne-manastirin-e-ardenices-shtator-2007\/\"]}]},{\"@type\":\"ImageObject\",\"inLanguage\":\"en-US\",\"@id\":\"https:\/\/orthodoxalbania.org\/2020\/2007\/02\/26\/e-kremtja-e-lindjes-se-hyjlindeses-mari-ne-manastirin-e-ardenices-shtator-2007\/#primaryimage\",\"url\":\"https:\/\/lh4.googleusercontent.com\/-GRmlucI7Ty0\/VImGKVUtNgI\/AAAAAAAAGeE\/XkqfoqJPbw4\/w400-h225-no\/pic1.jpg\",\"contentUrl\":\"https:\/\/lh4.googleusercontent.com\/-GRmlucI7Ty0\/VImGKVUtNgI\/AAAAAAAAGeE\/XkqfoqJPbw4\/w400-h225-no\/pic1.jpg\"},{\"@type\":\"BreadcrumbList\",\"@id\":\"https:\/\/orthodoxalbania.org\/2020\/2007\/02\/26\/e-kremtja-e-lindjes-se-hyjlindeses-mari-ne-manastirin-e-ardenices-shtator-2007\/#breadcrumb\",\"itemListElement\":[{\"@type\":\"ListItem\",\"position\":1,\"name\":\"Home\",\"item\":\"https:\/\/orthodoxalbania.org\/2020\/\"},{\"@type\":\"ListItem\",\"position\":2,\"name\":\"E kremtja e Lindjes s\u00eb Hyjlind\u00ebses Mari n\u00eb Manastirin e Ardenic\u00ebs. (Shtator 2007)\"}]},{\"@type\":\"WebSite\",\"@id\":\"https:\/\/orthodoxalbania.org\/2020\/#website\",\"url\":\"https:\/\/orthodoxalbania.org\/2020\/\",\"name\":\"Kisha Orthodh\u03bfkse Autoqefale e Shqip\u00ebris\u00eb\",\"description\":\"Fqja Zyrtare e Kish\u00ebs Orthodhokse Autoqefale e Shqip\u00ebris\u00eb me lajmet edhe informacionet zyrtare p\u00ebr struktur\u00ebn edhe veprimtarin e saj.\",\"publisher\":{\"@id\":\"https:\/\/orthodoxalbania.org\/2020\/#organization\"},\"potentialAction\":[{\"@type\":\"SearchAction\",\"target\":{\"@type\":\"EntryPoint\",\"urlTemplate\":\"https:\/\/orthodoxalbania.org\/2020\/?s={search_term_string}\"},\"query-input\":{\"@type\":\"PropertyValueSpecification\",\"valueRequired\":true,\"valueName\":\"search_term_string\"}}],\"inLanguage\":\"en-US\"},{\"@type\":\"Organization\",\"@id\":\"https:\/\/orthodoxalbania.org\/2020\/#organization\",\"name\":\"Kisha Orthodhokse Autoqefale e Shqip\u00ebris\u00eb\",\"url\":\"https:\/\/orthodoxalbania.org\/2020\/\",\"logo\":{\"@type\":\"ImageObject\",\"inLanguage\":\"en-US\",\"@id\":\"https:\/\/orthodoxalbania.org\/2020\/#\/schema\/logo\/image\/\",\"url\":\"https:\/\/orthodoxalbania.org\/2020\/wp-content\/uploads\/2020\/05\/albania.jpeg\",\"contentUrl\":\"https:\/\/orthodoxalbania.org\/2020\/wp-content\/uploads\/2020\/05\/albania.jpeg\",\"width\":540,\"height\":540,\"caption\":\"Kisha Orthodhokse Autoqefale e Shqip\u00ebris\u00eb\"},\"image\":{\"@id\":\"https:\/\/orthodoxalbania.org\/2020\/#\/schema\/logo\/image\/\"},\"sameAs\":[\"https:\/\/www.facebook.com\/koash1991\"]},{\"@type\":\"Person\",\"@id\":\"https:\/\/orthodoxalbania.org\/2020\/#\/schema\/person\/0c387634a7063ac612d7ed9ce71c7e86\",\"name\":\"Kisha Orthodhokse\",\"image\":{\"@type\":\"ImageObject\",\"inLanguage\":\"en-US\",\"@id\":\"https:\/\/secure.gravatar.com\/avatar\/596e7c417251e30f2fbb9c00e026fce61a695a00e51c889caded71c96cbbdde5?s=96&d=mm&r=g\",\"url\":\"https:\/\/secure.gravatar.com\/avatar\/596e7c417251e30f2fbb9c00e026fce61a695a00e51c889caded71c96cbbdde5?s=96&d=mm&r=g\",\"contentUrl\":\"https:\/\/secure.gravatar.com\/avatar\/596e7c417251e30f2fbb9c00e026fce61a695a00e51c889caded71c96cbbdde5?s=96&d=mm&r=g\",\"caption\":\"Kisha Orthodhokse\"}}]}<\/script>\n<!-- \/ Yoast SEO plugin. -->","yoast_head_json":{"title":"E kremtja e Lindjes s\u00eb Hyjlind\u00ebses Mari n\u00eb Manastirin e Ardenic\u00ebs. (Shtator 2007) - Kisha Orthodh\u03bfkse Autoqefale e Shqip\u00ebris\u00eb","robots":{"index":"index","follow":"follow","max-snippet":"max-snippet:-1","max-image-preview":"max-image-preview:large","max-video-preview":"max-video-preview:-1"},"canonical":"https:\/\/orthodoxalbania.org\/2020\/2007\/02\/26\/e-kremtja-e-lindjes-se-hyjlindeses-mari-ne-manastirin-e-ardenices-shtator-2007\/","og_locale":"en_US","og_type":"article","og_title":"E kremtja e Lindjes s\u00eb Hyjlind\u00ebses Mari n\u00eb Manastirin e Ardenic\u00ebs. (Shtator 2007) - Kisha Orthodh\u03bfkse Autoqefale e Shqip\u00ebris\u00eb","og_description":"&nbsp;&nbsp;&nbsp; N\u00eb ambientin e bukur dhe piktoresk t\u00eb Ardenic\u00ebs, aty ku ndodhet Manastiri shekullor me t\u00eb nj\u00ebjtin em\u00ebr, e kremtja e \u201cLindjes s\u00eb Hyjlind\u00ebses Mari\u201d m\u00eb 8 shtator u p\u00ebrjetua me plot g\u00ebzim nga t\u00eb gjith\u00eb t\u00eb krishter\u00ebt orthodhoks\u00eb t\u00eb zon\u00ebs klerik\u00eb e laik\u00eb. Kjo dit\u00eb mban emrin e Hyjlind\u00ebses Mari, sepse roli i saj \u00ebsht\u00eb i r\u00ebnd\u00ebsish\u00ebm, ajo solli shp\u00ebtimin n\u00eb bot\u00eb. N\u00eb dit\u00ebn","og_url":"https:\/\/orthodoxalbania.org\/2020\/2007\/02\/26\/e-kremtja-e-lindjes-se-hyjlindeses-mari-ne-manastirin-e-ardenices-shtator-2007\/","og_site_name":"Kisha Orthodh\u03bfkse Autoqefale e Shqip\u00ebris\u00eb","article_publisher":"https:\/\/www.facebook.com\/koash1991","article_published_time":"2007-02-26T00:00:00+00:00","article_modified_time":"2020-04-06T20:35:46+00:00","og_image":[{"url":"https:\/\/lh4.googleusercontent.com\/-GRmlucI7Ty0\/VImGKVUtNgI\/AAAAAAAAGeE\/XkqfoqJPbw4\/w400-h225-no\/pic1.jpg","type":"","width":"","height":""}],"author":"Kisha Orthodhokse","twitter_card":"summary_large_image","twitter_misc":{"Written by":"Kisha Orthodhokse","Est. reading time":"4 minutes"},"schema":{"@context":"https:\/\/schema.org","@graph":[{"@type":"Article","@id":"https:\/\/orthodoxalbania.org\/2020\/2007\/02\/26\/e-kremtja-e-lindjes-se-hyjlindeses-mari-ne-manastirin-e-ardenices-shtator-2007\/#article","isPartOf":{"@id":"https:\/\/orthodoxalbania.org\/2020\/2007\/02\/26\/e-kremtja-e-lindjes-se-hyjlindeses-mari-ne-manastirin-e-ardenices-shtator-2007\/"},"author":{"name":"Kisha Orthodhokse","@id":"https:\/\/orthodoxalbania.org\/2020\/#\/schema\/person\/0c387634a7063ac612d7ed9ce71c7e86"},"headline":"E kremtja e Lindjes s\u00eb Hyjlind\u00ebses Mari n\u00eb Manastirin e Ardenic\u00ebs. (Shtator 2007)","datePublished":"2007-02-26T00:00:00+00:00","dateModified":"2020-04-06T20:35:46+00:00","mainEntityOfPage":{"@id":"https:\/\/orthodoxalbania.org\/2020\/2007\/02\/26\/e-kremtja-e-lindjes-se-hyjlindeses-mari-ne-manastirin-e-ardenices-shtator-2007\/"},"wordCount":834,"commentCount":0,"publisher":{"@id":"https:\/\/orthodoxalbania.org\/2020\/#organization"},"image":{"@id":"https:\/\/orthodoxalbania.org\/2020\/2007\/02\/26\/e-kremtja-e-lindjes-se-hyjlindeses-mari-ne-manastirin-e-ardenices-shtator-2007\/#primaryimage"},"thumbnailUrl":"https:\/\/lh4.googleusercontent.com\/-GRmlucI7Ty0\/VImGKVUtNgI\/AAAAAAAAGeE\/XkqfoqJPbw4\/w400-h225-no\/pic1.jpg","keywords":["2007","Kremtime","lajme","Mitropolia Berat"],"articleSection":["Lajme"],"inLanguage":"en-US"},{"@type":"WebPage","@id":"https:\/\/orthodoxalbania.org\/2020\/2007\/02\/26\/e-kremtja-e-lindjes-se-hyjlindeses-mari-ne-manastirin-e-ardenices-shtator-2007\/","url":"https:\/\/orthodoxalbania.org\/2020\/2007\/02\/26\/e-kremtja-e-lindjes-se-hyjlindeses-mari-ne-manastirin-e-ardenices-shtator-2007\/","name":"E kremtja e Lindjes s\u00eb Hyjlind\u00ebses Mari n\u00eb Manastirin e Ardenic\u00ebs. (Shtator 2007) - Kisha Orthodh\u03bfkse Autoqefale e Shqip\u00ebris\u00eb","isPartOf":{"@id":"https:\/\/orthodoxalbania.org\/2020\/#website"},"primaryImageOfPage":{"@id":"https:\/\/orthodoxalbania.org\/2020\/2007\/02\/26\/e-kremtja-e-lindjes-se-hyjlindeses-mari-ne-manastirin-e-ardenices-shtator-2007\/#primaryimage"},"image":{"@id":"https:\/\/orthodoxalbania.org\/2020\/2007\/02\/26\/e-kremtja-e-lindjes-se-hyjlindeses-mari-ne-manastirin-e-ardenices-shtator-2007\/#primaryimage"},"thumbnailUrl":"https:\/\/lh4.googleusercontent.com\/-GRmlucI7Ty0\/VImGKVUtNgI\/AAAAAAAAGeE\/XkqfoqJPbw4\/w400-h225-no\/pic1.jpg","datePublished":"2007-02-26T00:00:00+00:00","dateModified":"2020-04-06T20:35:46+00:00","breadcrumb":{"@id":"https:\/\/orthodoxalbania.org\/2020\/2007\/02\/26\/e-kremtja-e-lindjes-se-hyjlindeses-mari-ne-manastirin-e-ardenices-shtator-2007\/#breadcrumb"},"inLanguage":"en-US","potentialAction":[{"@type":"ReadAction","target":["https:\/\/orthodoxalbania.org\/2020\/2007\/02\/26\/e-kremtja-e-lindjes-se-hyjlindeses-mari-ne-manastirin-e-ardenices-shtator-2007\/"]}]},{"@type":"ImageObject","inLanguage":"en-US","@id":"https:\/\/orthodoxalbania.org\/2020\/2007\/02\/26\/e-kremtja-e-lindjes-se-hyjlindeses-mari-ne-manastirin-e-ardenices-shtator-2007\/#primaryimage","url":"https:\/\/lh4.googleusercontent.com\/-GRmlucI7Ty0\/VImGKVUtNgI\/AAAAAAAAGeE\/XkqfoqJPbw4\/w400-h225-no\/pic1.jpg","contentUrl":"https:\/\/lh4.googleusercontent.com\/-GRmlucI7Ty0\/VImGKVUtNgI\/AAAAAAAAGeE\/XkqfoqJPbw4\/w400-h225-no\/pic1.jpg"},{"@type":"BreadcrumbList","@id":"https:\/\/orthodoxalbania.org\/2020\/2007\/02\/26\/e-kremtja-e-lindjes-se-hyjlindeses-mari-ne-manastirin-e-ardenices-shtator-2007\/#breadcrumb","itemListElement":[{"@type":"ListItem","position":1,"name":"Home","item":"https:\/\/orthodoxalbania.org\/2020\/"},{"@type":"ListItem","position":2,"name":"E kremtja e Lindjes s\u00eb Hyjlind\u00ebses Mari n\u00eb Manastirin e Ardenic\u00ebs. (Shtator 2007)"}]},{"@type":"WebSite","@id":"https:\/\/orthodoxalbania.org\/2020\/#website","url":"https:\/\/orthodoxalbania.org\/2020\/","name":"Kisha Orthodh\u03bfkse Autoqefale e Shqip\u00ebris\u00eb","description":"Fqja Zyrtare e Kish\u00ebs Orthodhokse Autoqefale e Shqip\u00ebris\u00eb me lajmet edhe informacionet zyrtare p\u00ebr struktur\u00ebn edhe veprimtarin e saj.","publisher":{"@id":"https:\/\/orthodoxalbania.org\/2020\/#organization"},"potentialAction":[{"@type":"SearchAction","target":{"@type":"EntryPoint","urlTemplate":"https:\/\/orthodoxalbania.org\/2020\/?s={search_term_string}"},"query-input":{"@type":"PropertyValueSpecification","valueRequired":true,"valueName":"search_term_string"}}],"inLanguage":"en-US"},{"@type":"Organization","@id":"https:\/\/orthodoxalbania.org\/2020\/#organization","name":"Kisha Orthodhokse Autoqefale e Shqip\u00ebris\u00eb","url":"https:\/\/orthodoxalbania.org\/2020\/","logo":{"@type":"ImageObject","inLanguage":"en-US","@id":"https:\/\/orthodoxalbania.org\/2020\/#\/schema\/logo\/image\/","url":"https:\/\/orthodoxalbania.org\/2020\/wp-content\/uploads\/2020\/05\/albania.jpeg","contentUrl":"https:\/\/orthodoxalbania.org\/2020\/wp-content\/uploads\/2020\/05\/albania.jpeg","width":540,"height":540,"caption":"Kisha Orthodhokse Autoqefale e Shqip\u00ebris\u00eb"},"image":{"@id":"https:\/\/orthodoxalbania.org\/2020\/#\/schema\/logo\/image\/"},"sameAs":["https:\/\/www.facebook.com\/koash1991"]},{"@type":"Person","@id":"https:\/\/orthodoxalbania.org\/2020\/#\/schema\/person\/0c387634a7063ac612d7ed9ce71c7e86","name":"Kisha Orthodhokse","image":{"@type":"ImageObject","inLanguage":"en-US","@id":"https:\/\/secure.gravatar.com\/avatar\/596e7c417251e30f2fbb9c00e026fce61a695a00e51c889caded71c96cbbdde5?s=96&d=mm&r=g","url":"https:\/\/secure.gravatar.com\/avatar\/596e7c417251e30f2fbb9c00e026fce61a695a00e51c889caded71c96cbbdde5?s=96&d=mm&r=g","contentUrl":"https:\/\/secure.gravatar.com\/avatar\/596e7c417251e30f2fbb9c00e026fce61a695a00e51c889caded71c96cbbdde5?s=96&d=mm&r=g","caption":"Kisha Orthodhokse"}}]}},"_links":{"self":[{"href":"https:\/\/orthodoxalbania.org\/2020\/wp-json\/wp\/v2\/posts\/483","targetHints":{"allow":["GET"]}}],"collection":[{"href":"https:\/\/orthodoxalbania.org\/2020\/wp-json\/wp\/v2\/posts"}],"about":[{"href":"https:\/\/orthodoxalbania.org\/2020\/wp-json\/wp\/v2\/types\/post"}],"author":[{"embeddable":true,"href":"https:\/\/orthodoxalbania.org\/2020\/wp-json\/wp\/v2\/users\/1"}],"replies":[{"embeddable":true,"href":"https:\/\/orthodoxalbania.org\/2020\/wp-json\/wp\/v2\/comments?post=483"}],"version-history":[{"count":1,"href":"https:\/\/orthodoxalbania.org\/2020\/wp-json\/wp\/v2\/posts\/483\/revisions"}],"predecessor-version":[{"id":15761,"href":"https:\/\/orthodoxalbania.org\/2020\/wp-json\/wp\/v2\/posts\/483\/revisions\/15761"}],"wp:attachment":[{"href":"https:\/\/orthodoxalbania.org\/2020\/wp-json\/wp\/v2\/media?parent=483"}],"wp:term":[{"taxonomy":"category","embeddable":true,"href":"https:\/\/orthodoxalbania.org\/2020\/wp-json\/wp\/v2\/categories?post=483"},{"taxonomy":"post_tag","embeddable":true,"href":"https:\/\/orthodoxalbania.org\/2020\/wp-json\/wp\/v2\/tags?post=483"}],"curies":[{"name":"wp","href":"https:\/\/api.w.org\/{rel}","templated":true}]}}