{"id":482,"date":"2013-03-21T08:58:03","date_gmt":"2013-03-21T08:58:03","guid":{"rendered":""},"modified":"2020-04-06T22:32:14","modified_gmt":"2020-04-06T20:32:14","slug":"e-kremte-krishtlindjesh-ne-tirane","status":"publish","type":"post","link":"https:\/\/orthodoxalbania.org\/2020\/2013\/03\/21\/e-kremte-krishtlindjesh-ne-tirane\/","title":{"rendered":"E kremte Krishtlindjesh n\u00eb Tiran\u00eb. (Dhjetor 2010)"},"content":{"rendered":"<div class=\"style10\" style=\"text-align: justify;\"><span style=\"font-family: helvetica;\"><span style=\"font-size: 12px;\"><span style=\"color: #000000;\"><img decoding=\"async\" class=\"lazyload HAa Eha\" style=\"height: 178px; width: 270px; border-width: 1px; border-style: solid; margin: 10px; float: left;\" alt=\"\" src=\"data:image\/gif;base64,R0lGODlhAQABAAAAACH5BAEKAAEALAAAAAABAAEAAAICTAEAOw==\" data-orig-src=\"https:\/\/lh6.googleusercontent.com\/-ttwhNSdGv18\/VAAoF-NZgEI\/AAAAAAAABxE\/KaY0ty6svH4\/w600-h396-no\/9004.jpg\" \/><span style=\"font-size: 12pt;\">&nbsp;&nbsp;&nbsp; Atmosfera festive nisi t\u00eb ndihej q\u00eb m\u00eb par\u00eb me p\u00ebrgatitjet p\u00ebr ta pritur sa m\u00eb mir\u00eb Krishtin-Foshnje, pas nj\u00eb periudhe t\u00eb gjat\u00eb p\u00ebrgatitore lutjeje dhe kreshmimi. <em>&#8220;G\u00ebzuar Krishtlindjen!&#8221;<\/em> Ky ishte refreni i nj\u00eb dite q\u00eb p\u00ebr besimtar\u00ebt e krishter\u00eb p\u00ebrb\u00ebn jo vet\u00ebm fest\u00eb, por edhe reflektim shpirt\u00ebror n\u00eb jet\u00ebn e tyre. Nj\u00eb dit\u00eb, me kuptim dhe me motivin p\u00ebr t\u00eb qen\u00eb pran\u00eb t\u00eb gjith\u00eb njer\u00ebzve, me lutje dhe fal\u00ebnderime, ku secili ka pasur nj\u00eb moment reflektimi mbi jet\u00ebn e tij dhe besimin, por edhe nj\u00eb dit\u00eb urimesh dhe dhuratash.&nbsp;<\/span><\/span><\/span><\/span><\/div>\n<div class=\"style10\" style=\"text-align: justify;\"><span style=\"font-family: helvetica; font-size: 12pt;\"><span style=\"color: #000000;\">&nbsp;&nbsp;&nbsp;&nbsp;&nbsp;&nbsp;&nbsp;&nbsp;&nbsp;&nbsp;<br \/> &nbsp;&nbsp;&nbsp; Kremtimi i par\u00eb ishte ai t\u00eb Diel\u00ebn e Para-Krishtlindjes, pasditen e s\u00eb cil\u00ebs besimtar\u00ebt t\u00eb mbledhur n\u00eb kish\u00ebn \u201cUngjill\u00ebzimi i Per\u00ebndilind\u00ebses Mari\u201d, mor\u00ebn pjes\u00eb n\u00eb Misterin e Efqelis\u00eb, at\u00eb t\u00eb lyerjes me vaj t\u00eb shenjt\u00ebruar.&nbsp;&nbsp;<\/span><\/span><\/div>\n<div class=\"style10\" style=\"text-align: justify;\"><span style=\"font-family: helvetica; font-size: 12pt;\"> <span style=\"color: #000000;\">&nbsp;&nbsp;&nbsp; N\u00eb 24 dhjetor, her\u00ebt n\u00eb m\u00ebngjes, besimtar\u00ebt mor\u00ebn pjes\u00eb n\u00eb sh\u00ebrbes\u00ebn e bukur t\u00eb Or\u00ebve t\u00eb M\u00ebdha t\u00eb Krishtlindjes, t\u00eb mbushur me tropare dhe me lexime nga Dhiata e Vjet\u00ebr dhe e Re, q\u00eb flasin p\u00ebr Lindjen e Krishtit, duke u pasuar m\u00eb pas me sh\u00ebrbes\u00ebn e Mbr\u00ebm\u00ebsores dhe at\u00eb t\u00eb Liturgjis\u00eb Hyjnore t\u00eb Vasilit t\u00eb Madh.<\/span><\/span><\/div>\n<div class=\"style10\" style=\"text-align: justify;\"><span style=\"font-family: helvetica; font-size: 12pt;\"> <span style=\"color: #000000;\">&nbsp; &nbsp; M\u00ebngjesi i vigjiljes s\u00eb Krishtlindjes nisi n\u00eb or\u00ebn 06.00. Kisha ishte tejmbushur me qindra besimtar\u00eb, t\u00eb cil\u00ebt ndoq\u00ebn Liturgjin\u00eb Hyjnore t\u00eb Joan Gojartit dhe m\u00eb pas u kunguan me Trupin dhe Gjakun e Krishtit, gj\u00eb e cila kuror\u00ebzoi p\u00ebrgatitjen p\u00ebr kremtimin e k\u00ebsaj feste. Kjo sh\u00ebrbes\u00eb u<img decoding=\"async\" class=\"lazyload HAa Eha\" style=\"height: 193px; width: 228px; border-width: 1px; border-style: solid; margin: 10px; float: right;\" alt=\"\" src=\"data:image\/gif;base64,R0lGODlhAQABAAAAACH5BAEKAAEALAAAAAABAAEAAAICTAEAOw==\" data-orig-src=\"https:\/\/lh4.googleusercontent.com\/-1IKN5sPCV9M\/VAAoGMENxVI\/AAAAAAAABxI\/NNnnNxbRjYA\/w909-h768-no\/December-25-17-1-40ortodokse.jpg\" \/> transmetua drejtp\u00ebrdrejt nga Televizioni Shqiptar (TVSH).<\/span><\/span><\/div>\n<div class=\"style10\" style=\"text-align: justify;\"><span style=\"font-family: helvetica; font-size: 12pt;\"> <span style=\"color: #000000;\">&nbsp; &nbsp; Atmosfera festive vazhdoi dhe mij\u00ebra besimtar\u00eb e qytetar\u00eb vinin n\u00eb Kish\u00eb p\u00ebrgjat\u00eb gjith\u00eb dit\u00ebs e m\u00eb pas vizitonin familjet e nj\u00ebri-tjetrit, duke shprehur urimet e tyre dhe g\u00ebzimin e ardhjes s\u00eb Krishtit n\u00eb bot\u00eb.<\/span><\/span><\/div>\n<div class=\"style10\" style=\"text-align: justify;\"><span style=\"font-family: helvetica; font-size: 12pt;\"> <span style=\"color: #000000;\">&nbsp; &nbsp; Po k\u00ebshtu erdh\u00ebn n\u00eb Kryepiskopat\u00eb t\u00eb uronin kryepiskopin Anastas Presidenti i Republik\u00ebs z. Bamir Topi, Kryeministri z. Sali Berisha, Kryetarja e Kuvendit znj. Jozefina Topalli, Kryetari i Partis\u00eb Socialiste z. Edi Rama dhe udh\u00ebheq\u00ebs t\u00eb komuniteteve fetare n\u00eb vend si edhe ministra dhe personalitete t\u00eb tjer\u00eb t\u00eb politik\u00ebs dhe kultur\u00ebs.<\/span><\/span><\/div>\n<div class=\"style10\" style=\"text-align: justify;\"><span style=\"font-family: helvetica; font-size: 12pt;\"> <span style=\"color: #000000;\">&nbsp;&nbsp;&nbsp; Atmosfera ndihej dhe u p\u00ebrjetua gjer\u00ebsisht. Zbukurimet, gatimet tradicionale, grupet e f\u00ebmij\u00ebve dhe ato rinore, q\u00eb disa dit\u00eb m\u00eb p\u00ebrpara, soll\u00ebn nj\u00eb atmosfer\u00eb ngaz\u00eblluese t\u00eb Krishtlindjeve n\u00eb Tiran\u00eb dhe rrethina.<\/span><\/span><\/div>\n<div class=\"style10\" style=\"text-align: justify;\"><span style=\"font-family: helvetica; font-size: 12pt;\"> <span style=\"color: #000000;\">&nbsp; &nbsp; Me urimet \u201cKrishtlindje t\u00eb bekuara\u201d, besimtar\u00ebt vazhduan festimet n\u00eb sht\u00ebpit\u00eb e tyre, n\u00eb vizitat tek njer\u00ebzit e af\u00ebrm, tradit\u00eb kjo e cila karakterizon k\u00ebt\u00eb fest\u00eb unike.<\/span><\/span><\/div>\n<div class=\"style10\"><span style=\"font-family: helvetica; font-size: 12pt;\"><span style=\"color: #000000;\"><strong>&nbsp;<\/strong><\/span><\/span><\/div>\n<div class=\"style10\"><span style=\"font-family: helvetica; font-size: 12pt;\"><span style=\"color: #000000;\"><strong>Isidor Koti<\/strong><\/span><\/span><\/div>\n","protected":false},"excerpt":{"rendered":"<p>&nbsp;&nbsp;&nbsp; Atmosfera festive nisi t\u00eb ndihej q\u00eb m\u00eb par\u00eb me p\u00ebrgatitjet p\u00ebr ta pritur sa m\u00eb mir\u00eb Krishtin-Foshnje, pas nj\u00eb periudhe t\u00eb gjat\u00eb p\u00ebrgatitore lutjeje dhe kreshmimi. &#8220;G\u00ebzuar Krishtlindjen!&#8221; Ky ishte refreni i nj\u00eb dite q\u00eb p\u00ebr besimtar\u00ebt e krishter\u00eb p\u00ebrb\u00ebn jo vet\u00ebm fest\u00eb, por edhe reflektim shpirt\u00ebror n\u00eb jet\u00ebn e tyre. Nj\u00eb dit\u00eb, me kuptim dhe me motivin p\u00ebr t\u00eb qen\u00eb pran\u00eb t\u00eb gjith\u00eb<\/p>\n","protected":false},"author":1,"featured_media":0,"comment_status":"open","ping_status":"open","sticky":false,"template":"","format":"standard","meta":{"_acf_changed":false,"pagelayer_contact_templates":[],"_pagelayer_content":"","inline_featured_image":false,"fifu_image_url":"","fifu_image_alt":"","footnotes":""},"categories":[108],"tags":[144,192,196,201,212],"class_list":["post-482","post","type-post","status-publish","format-standard","hentry","category-lajme","tag-144","tag-krishtlindje","tag-tirane","tag-kryepiskopi-anastas","tag-lajme-d27"],"acf":[],"yoast_head":"<!-- This site is optimized with the Yoast SEO plugin v27.2 - https:\/\/yoast.com\/product\/yoast-seo-wordpress\/ -->\n<title>E kremte Krishtlindjesh n\u00eb Tiran\u00eb. (Dhjetor 2010) - Kisha Orthodh\u03bfkse Autoqefale e Shqip\u00ebris\u00eb<\/title>\n<meta name=\"robots\" content=\"index, follow, max-snippet:-1, max-image-preview:large, max-video-preview:-1\" \/>\n<link rel=\"canonical\" href=\"https:\/\/orthodoxalbania.org\/2020\/2013\/03\/21\/e-kremte-krishtlindjesh-ne-tirane\/\" \/>\n<meta property=\"og:locale\" content=\"en_US\" \/>\n<meta property=\"og:type\" content=\"article\" \/>\n<meta property=\"og:title\" content=\"E kremte Krishtlindjesh n\u00eb Tiran\u00eb. (Dhjetor 2010) - Kisha Orthodh\u03bfkse Autoqefale e Shqip\u00ebris\u00eb\" \/>\n<meta property=\"og:description\" content=\"&nbsp;&nbsp;&nbsp; Atmosfera festive nisi t\u00eb ndihej q\u00eb m\u00eb par\u00eb me p\u00ebrgatitjet p\u00ebr ta pritur sa m\u00eb mir\u00eb Krishtin-Foshnje, pas nj\u00eb periudhe t\u00eb gjat\u00eb p\u00ebrgatitore lutjeje dhe kreshmimi. &#8220;G\u00ebzuar Krishtlindjen!&#8221; Ky ishte refreni i nj\u00eb dite q\u00eb p\u00ebr besimtar\u00ebt e krishter\u00eb p\u00ebrb\u00ebn jo vet\u00ebm fest\u00eb, por edhe reflektim shpirt\u00ebror n\u00eb jet\u00ebn e tyre. Nj\u00eb dit\u00eb, me kuptim dhe me motivin p\u00ebr t\u00eb qen\u00eb pran\u00eb t\u00eb gjith\u00eb\" \/>\n<meta property=\"og:url\" content=\"https:\/\/orthodoxalbania.org\/2020\/2013\/03\/21\/e-kremte-krishtlindjesh-ne-tirane\/\" \/>\n<meta property=\"og:site_name\" content=\"Kisha Orthodh\u03bfkse Autoqefale e Shqip\u00ebris\u00eb\" \/>\n<meta property=\"article:publisher\" content=\"https:\/\/www.facebook.com\/koash1991\" \/>\n<meta property=\"article:published_time\" content=\"2013-03-21T08:58:03+00:00\" \/>\n<meta property=\"article:modified_time\" content=\"2020-04-06T20:32:14+00:00\" \/>\n<meta property=\"og:image\" content=\"https:\/\/lh6.googleusercontent.com\/-ttwhNSdGv18\/VAAoF-NZgEI\/AAAAAAAABxE\/KaY0ty6svH4\/w600-h396-no\/9004.jpg\" \/>\n<meta name=\"author\" content=\"Kisha Orthodhokse\" \/>\n<meta name=\"twitter:card\" content=\"summary_large_image\" \/>\n<meta name=\"twitter:label1\" content=\"Written by\" \/>\n\t<meta name=\"twitter:data1\" content=\"Kisha Orthodhokse\" \/>\n\t<meta name=\"twitter:label2\" content=\"Est. reading time\" \/>\n\t<meta name=\"twitter:data2\" content=\"2 minutes\" \/>\n<script type=\"application\/ld+json\" class=\"yoast-schema-graph\">{\"@context\":\"https:\/\/schema.org\",\"@graph\":[{\"@type\":\"Article\",\"@id\":\"https:\/\/orthodoxalbania.org\/2020\/2013\/03\/21\/e-kremte-krishtlindjesh-ne-tirane\/#article\",\"isPartOf\":{\"@id\":\"https:\/\/orthodoxalbania.org\/2020\/2013\/03\/21\/e-kremte-krishtlindjesh-ne-tirane\/\"},\"author\":{\"name\":\"Kisha Orthodhokse\",\"@id\":\"https:\/\/orthodoxalbania.org\/2020\/#\/schema\/person\/0c387634a7063ac612d7ed9ce71c7e86\"},\"headline\":\"E kremte Krishtlindjesh n\u00eb Tiran\u00eb. (Dhjetor 2010)\",\"datePublished\":\"2013-03-21T08:58:03+00:00\",\"dateModified\":\"2020-04-06T20:32:14+00:00\",\"mainEntityOfPage\":{\"@id\":\"https:\/\/orthodoxalbania.org\/2020\/2013\/03\/21\/e-kremte-krishtlindjesh-ne-tirane\/\"},\"wordCount\":486,\"commentCount\":0,\"publisher\":{\"@id\":\"https:\/\/orthodoxalbania.org\/2020\/#organization\"},\"image\":{\"@id\":\"https:\/\/orthodoxalbania.org\/2020\/2013\/03\/21\/e-kremte-krishtlindjesh-ne-tirane\/#primaryimage\"},\"thumbnailUrl\":\"https:\/\/lh6.googleusercontent.com\/-ttwhNSdGv18\/VAAoF-NZgEI\/AAAAAAAABxE\/KaY0ty6svH4\/w600-h396-no\/9004.jpg\",\"keywords\":[\"2010\",\"Krishtlindje\",\"Kryepiskopata Tiran\u00eb\",\"Kryepiskopi Anastas\",\"lajme\"],\"articleSection\":[\"Lajme\"],\"inLanguage\":\"en-US\"},{\"@type\":\"WebPage\",\"@id\":\"https:\/\/orthodoxalbania.org\/2020\/2013\/03\/21\/e-kremte-krishtlindjesh-ne-tirane\/\",\"url\":\"https:\/\/orthodoxalbania.org\/2020\/2013\/03\/21\/e-kremte-krishtlindjesh-ne-tirane\/\",\"name\":\"E kremte Krishtlindjesh n\u00eb Tiran\u00eb. (Dhjetor 2010) - Kisha Orthodh\u03bfkse Autoqefale e Shqip\u00ebris\u00eb\",\"isPartOf\":{\"@id\":\"https:\/\/orthodoxalbania.org\/2020\/#website\"},\"primaryImageOfPage\":{\"@id\":\"https:\/\/orthodoxalbania.org\/2020\/2013\/03\/21\/e-kremte-krishtlindjesh-ne-tirane\/#primaryimage\"},\"image\":{\"@id\":\"https:\/\/orthodoxalbania.org\/2020\/2013\/03\/21\/e-kremte-krishtlindjesh-ne-tirane\/#primaryimage\"},\"thumbnailUrl\":\"https:\/\/lh6.googleusercontent.com\/-ttwhNSdGv18\/VAAoF-NZgEI\/AAAAAAAABxE\/KaY0ty6svH4\/w600-h396-no\/9004.jpg\",\"datePublished\":\"2013-03-21T08:58:03+00:00\",\"dateModified\":\"2020-04-06T20:32:14+00:00\",\"breadcrumb\":{\"@id\":\"https:\/\/orthodoxalbania.org\/2020\/2013\/03\/21\/e-kremte-krishtlindjesh-ne-tirane\/#breadcrumb\"},\"inLanguage\":\"en-US\",\"potentialAction\":[{\"@type\":\"ReadAction\",\"target\":[\"https:\/\/orthodoxalbania.org\/2020\/2013\/03\/21\/e-kremte-krishtlindjesh-ne-tirane\/\"]}]},{\"@type\":\"ImageObject\",\"inLanguage\":\"en-US\",\"@id\":\"https:\/\/orthodoxalbania.org\/2020\/2013\/03\/21\/e-kremte-krishtlindjesh-ne-tirane\/#primaryimage\",\"url\":\"https:\/\/lh6.googleusercontent.com\/-ttwhNSdGv18\/VAAoF-NZgEI\/AAAAAAAABxE\/KaY0ty6svH4\/w600-h396-no\/9004.jpg\",\"contentUrl\":\"https:\/\/lh6.googleusercontent.com\/-ttwhNSdGv18\/VAAoF-NZgEI\/AAAAAAAABxE\/KaY0ty6svH4\/w600-h396-no\/9004.jpg\"},{\"@type\":\"BreadcrumbList\",\"@id\":\"https:\/\/orthodoxalbania.org\/2020\/2013\/03\/21\/e-kremte-krishtlindjesh-ne-tirane\/#breadcrumb\",\"itemListElement\":[{\"@type\":\"ListItem\",\"position\":1,\"name\":\"Home\",\"item\":\"https:\/\/orthodoxalbania.org\/2020\/\"},{\"@type\":\"ListItem\",\"position\":2,\"name\":\"E kremte Krishtlindjesh n\u00eb Tiran\u00eb. (Dhjetor 2010)\"}]},{\"@type\":\"WebSite\",\"@id\":\"https:\/\/orthodoxalbania.org\/2020\/#website\",\"url\":\"https:\/\/orthodoxalbania.org\/2020\/\",\"name\":\"Kisha Orthodh\u03bfkse Autoqefale e Shqip\u00ebris\u00eb\",\"description\":\"Fqja Zyrtare e Kish\u00ebs Orthodhokse Autoqefale e Shqip\u00ebris\u00eb me lajmet edhe informacionet zyrtare p\u00ebr struktur\u00ebn edhe veprimtarin e saj.\",\"publisher\":{\"@id\":\"https:\/\/orthodoxalbania.org\/2020\/#organization\"},\"potentialAction\":[{\"@type\":\"SearchAction\",\"target\":{\"@type\":\"EntryPoint\",\"urlTemplate\":\"https:\/\/orthodoxalbania.org\/2020\/?s={search_term_string}\"},\"query-input\":{\"@type\":\"PropertyValueSpecification\",\"valueRequired\":true,\"valueName\":\"search_term_string\"}}],\"inLanguage\":\"en-US\"},{\"@type\":\"Organization\",\"@id\":\"https:\/\/orthodoxalbania.org\/2020\/#organization\",\"name\":\"Kisha Orthodhokse Autoqefale e Shqip\u00ebris\u00eb\",\"url\":\"https:\/\/orthodoxalbania.org\/2020\/\",\"logo\":{\"@type\":\"ImageObject\",\"inLanguage\":\"en-US\",\"@id\":\"https:\/\/orthodoxalbania.org\/2020\/#\/schema\/logo\/image\/\",\"url\":\"https:\/\/orthodoxalbania.org\/2020\/wp-content\/uploads\/2020\/05\/albania.jpeg\",\"contentUrl\":\"https:\/\/orthodoxalbania.org\/2020\/wp-content\/uploads\/2020\/05\/albania.jpeg\",\"width\":540,\"height\":540,\"caption\":\"Kisha Orthodhokse Autoqefale e Shqip\u00ebris\u00eb\"},\"image\":{\"@id\":\"https:\/\/orthodoxalbania.org\/2020\/#\/schema\/logo\/image\/\"},\"sameAs\":[\"https:\/\/www.facebook.com\/koash1991\"]},{\"@type\":\"Person\",\"@id\":\"https:\/\/orthodoxalbania.org\/2020\/#\/schema\/person\/0c387634a7063ac612d7ed9ce71c7e86\",\"name\":\"Kisha Orthodhokse\",\"image\":{\"@type\":\"ImageObject\",\"inLanguage\":\"en-US\",\"@id\":\"https:\/\/secure.gravatar.com\/avatar\/596e7c417251e30f2fbb9c00e026fce61a695a00e51c889caded71c96cbbdde5?s=96&d=mm&r=g\",\"url\":\"https:\/\/secure.gravatar.com\/avatar\/596e7c417251e30f2fbb9c00e026fce61a695a00e51c889caded71c96cbbdde5?s=96&d=mm&r=g\",\"contentUrl\":\"https:\/\/secure.gravatar.com\/avatar\/596e7c417251e30f2fbb9c00e026fce61a695a00e51c889caded71c96cbbdde5?s=96&d=mm&r=g\",\"caption\":\"Kisha Orthodhokse\"}}]}<\/script>\n<!-- \/ Yoast SEO plugin. -->","yoast_head_json":{"title":"E kremte Krishtlindjesh n\u00eb Tiran\u00eb. (Dhjetor 2010) - Kisha Orthodh\u03bfkse Autoqefale e Shqip\u00ebris\u00eb","robots":{"index":"index","follow":"follow","max-snippet":"max-snippet:-1","max-image-preview":"max-image-preview:large","max-video-preview":"max-video-preview:-1"},"canonical":"https:\/\/orthodoxalbania.org\/2020\/2013\/03\/21\/e-kremte-krishtlindjesh-ne-tirane\/","og_locale":"en_US","og_type":"article","og_title":"E kremte Krishtlindjesh n\u00eb Tiran\u00eb. (Dhjetor 2010) - Kisha Orthodh\u03bfkse Autoqefale e Shqip\u00ebris\u00eb","og_description":"&nbsp;&nbsp;&nbsp; Atmosfera festive nisi t\u00eb ndihej q\u00eb m\u00eb par\u00eb me p\u00ebrgatitjet p\u00ebr ta pritur sa m\u00eb mir\u00eb Krishtin-Foshnje, pas nj\u00eb periudhe t\u00eb gjat\u00eb p\u00ebrgatitore lutjeje dhe kreshmimi. &#8220;G\u00ebzuar Krishtlindjen!&#8221; Ky ishte refreni i nj\u00eb dite q\u00eb p\u00ebr besimtar\u00ebt e krishter\u00eb p\u00ebrb\u00ebn jo vet\u00ebm fest\u00eb, por edhe reflektim shpirt\u00ebror n\u00eb jet\u00ebn e tyre. Nj\u00eb dit\u00eb, me kuptim dhe me motivin p\u00ebr t\u00eb qen\u00eb pran\u00eb t\u00eb gjith\u00eb","og_url":"https:\/\/orthodoxalbania.org\/2020\/2013\/03\/21\/e-kremte-krishtlindjesh-ne-tirane\/","og_site_name":"Kisha Orthodh\u03bfkse Autoqefale e Shqip\u00ebris\u00eb","article_publisher":"https:\/\/www.facebook.com\/koash1991","article_published_time":"2013-03-21T08:58:03+00:00","article_modified_time":"2020-04-06T20:32:14+00:00","og_image":[{"url":"https:\/\/lh6.googleusercontent.com\/-ttwhNSdGv18\/VAAoF-NZgEI\/AAAAAAAABxE\/KaY0ty6svH4\/w600-h396-no\/9004.jpg","type":"","width":"","height":""}],"author":"Kisha Orthodhokse","twitter_card":"summary_large_image","twitter_misc":{"Written by":"Kisha Orthodhokse","Est. reading time":"2 minutes"},"schema":{"@context":"https:\/\/schema.org","@graph":[{"@type":"Article","@id":"https:\/\/orthodoxalbania.org\/2020\/2013\/03\/21\/e-kremte-krishtlindjesh-ne-tirane\/#article","isPartOf":{"@id":"https:\/\/orthodoxalbania.org\/2020\/2013\/03\/21\/e-kremte-krishtlindjesh-ne-tirane\/"},"author":{"name":"Kisha Orthodhokse","@id":"https:\/\/orthodoxalbania.org\/2020\/#\/schema\/person\/0c387634a7063ac612d7ed9ce71c7e86"},"headline":"E kremte Krishtlindjesh n\u00eb Tiran\u00eb. (Dhjetor 2010)","datePublished":"2013-03-21T08:58:03+00:00","dateModified":"2020-04-06T20:32:14+00:00","mainEntityOfPage":{"@id":"https:\/\/orthodoxalbania.org\/2020\/2013\/03\/21\/e-kremte-krishtlindjesh-ne-tirane\/"},"wordCount":486,"commentCount":0,"publisher":{"@id":"https:\/\/orthodoxalbania.org\/2020\/#organization"},"image":{"@id":"https:\/\/orthodoxalbania.org\/2020\/2013\/03\/21\/e-kremte-krishtlindjesh-ne-tirane\/#primaryimage"},"thumbnailUrl":"https:\/\/lh6.googleusercontent.com\/-ttwhNSdGv18\/VAAoF-NZgEI\/AAAAAAAABxE\/KaY0ty6svH4\/w600-h396-no\/9004.jpg","keywords":["2010","Krishtlindje","Kryepiskopata Tiran\u00eb","Kryepiskopi Anastas","lajme"],"articleSection":["Lajme"],"inLanguage":"en-US"},{"@type":"WebPage","@id":"https:\/\/orthodoxalbania.org\/2020\/2013\/03\/21\/e-kremte-krishtlindjesh-ne-tirane\/","url":"https:\/\/orthodoxalbania.org\/2020\/2013\/03\/21\/e-kremte-krishtlindjesh-ne-tirane\/","name":"E kremte Krishtlindjesh n\u00eb Tiran\u00eb. (Dhjetor 2010) - Kisha Orthodh\u03bfkse Autoqefale e Shqip\u00ebris\u00eb","isPartOf":{"@id":"https:\/\/orthodoxalbania.org\/2020\/#website"},"primaryImageOfPage":{"@id":"https:\/\/orthodoxalbania.org\/2020\/2013\/03\/21\/e-kremte-krishtlindjesh-ne-tirane\/#primaryimage"},"image":{"@id":"https:\/\/orthodoxalbania.org\/2020\/2013\/03\/21\/e-kremte-krishtlindjesh-ne-tirane\/#primaryimage"},"thumbnailUrl":"https:\/\/lh6.googleusercontent.com\/-ttwhNSdGv18\/VAAoF-NZgEI\/AAAAAAAABxE\/KaY0ty6svH4\/w600-h396-no\/9004.jpg","datePublished":"2013-03-21T08:58:03+00:00","dateModified":"2020-04-06T20:32:14+00:00","breadcrumb":{"@id":"https:\/\/orthodoxalbania.org\/2020\/2013\/03\/21\/e-kremte-krishtlindjesh-ne-tirane\/#breadcrumb"},"inLanguage":"en-US","potentialAction":[{"@type":"ReadAction","target":["https:\/\/orthodoxalbania.org\/2020\/2013\/03\/21\/e-kremte-krishtlindjesh-ne-tirane\/"]}]},{"@type":"ImageObject","inLanguage":"en-US","@id":"https:\/\/orthodoxalbania.org\/2020\/2013\/03\/21\/e-kremte-krishtlindjesh-ne-tirane\/#primaryimage","url":"https:\/\/lh6.googleusercontent.com\/-ttwhNSdGv18\/VAAoF-NZgEI\/AAAAAAAABxE\/KaY0ty6svH4\/w600-h396-no\/9004.jpg","contentUrl":"https:\/\/lh6.googleusercontent.com\/-ttwhNSdGv18\/VAAoF-NZgEI\/AAAAAAAABxE\/KaY0ty6svH4\/w600-h396-no\/9004.jpg"},{"@type":"BreadcrumbList","@id":"https:\/\/orthodoxalbania.org\/2020\/2013\/03\/21\/e-kremte-krishtlindjesh-ne-tirane\/#breadcrumb","itemListElement":[{"@type":"ListItem","position":1,"name":"Home","item":"https:\/\/orthodoxalbania.org\/2020\/"},{"@type":"ListItem","position":2,"name":"E kremte Krishtlindjesh n\u00eb Tiran\u00eb. (Dhjetor 2010)"}]},{"@type":"WebSite","@id":"https:\/\/orthodoxalbania.org\/2020\/#website","url":"https:\/\/orthodoxalbania.org\/2020\/","name":"Kisha Orthodh\u03bfkse Autoqefale e Shqip\u00ebris\u00eb","description":"Fqja Zyrtare e Kish\u00ebs Orthodhokse Autoqefale e Shqip\u00ebris\u00eb me lajmet edhe informacionet zyrtare p\u00ebr struktur\u00ebn edhe veprimtarin e saj.","publisher":{"@id":"https:\/\/orthodoxalbania.org\/2020\/#organization"},"potentialAction":[{"@type":"SearchAction","target":{"@type":"EntryPoint","urlTemplate":"https:\/\/orthodoxalbania.org\/2020\/?s={search_term_string}"},"query-input":{"@type":"PropertyValueSpecification","valueRequired":true,"valueName":"search_term_string"}}],"inLanguage":"en-US"},{"@type":"Organization","@id":"https:\/\/orthodoxalbania.org\/2020\/#organization","name":"Kisha Orthodhokse Autoqefale e Shqip\u00ebris\u00eb","url":"https:\/\/orthodoxalbania.org\/2020\/","logo":{"@type":"ImageObject","inLanguage":"en-US","@id":"https:\/\/orthodoxalbania.org\/2020\/#\/schema\/logo\/image\/","url":"https:\/\/orthodoxalbania.org\/2020\/wp-content\/uploads\/2020\/05\/albania.jpeg","contentUrl":"https:\/\/orthodoxalbania.org\/2020\/wp-content\/uploads\/2020\/05\/albania.jpeg","width":540,"height":540,"caption":"Kisha Orthodhokse Autoqefale e Shqip\u00ebris\u00eb"},"image":{"@id":"https:\/\/orthodoxalbania.org\/2020\/#\/schema\/logo\/image\/"},"sameAs":["https:\/\/www.facebook.com\/koash1991"]},{"@type":"Person","@id":"https:\/\/orthodoxalbania.org\/2020\/#\/schema\/person\/0c387634a7063ac612d7ed9ce71c7e86","name":"Kisha Orthodhokse","image":{"@type":"ImageObject","inLanguage":"en-US","@id":"https:\/\/secure.gravatar.com\/avatar\/596e7c417251e30f2fbb9c00e026fce61a695a00e51c889caded71c96cbbdde5?s=96&d=mm&r=g","url":"https:\/\/secure.gravatar.com\/avatar\/596e7c417251e30f2fbb9c00e026fce61a695a00e51c889caded71c96cbbdde5?s=96&d=mm&r=g","contentUrl":"https:\/\/secure.gravatar.com\/avatar\/596e7c417251e30f2fbb9c00e026fce61a695a00e51c889caded71c96cbbdde5?s=96&d=mm&r=g","caption":"Kisha Orthodhokse"}}]}},"_links":{"self":[{"href":"https:\/\/orthodoxalbania.org\/2020\/wp-json\/wp\/v2\/posts\/482","targetHints":{"allow":["GET"]}}],"collection":[{"href":"https:\/\/orthodoxalbania.org\/2020\/wp-json\/wp\/v2\/posts"}],"about":[{"href":"https:\/\/orthodoxalbania.org\/2020\/wp-json\/wp\/v2\/types\/post"}],"author":[{"embeddable":true,"href":"https:\/\/orthodoxalbania.org\/2020\/wp-json\/wp\/v2\/users\/1"}],"replies":[{"embeddable":true,"href":"https:\/\/orthodoxalbania.org\/2020\/wp-json\/wp\/v2\/comments?post=482"}],"version-history":[{"count":1,"href":"https:\/\/orthodoxalbania.org\/2020\/wp-json\/wp\/v2\/posts\/482\/revisions"}],"predecessor-version":[{"id":15437,"href":"https:\/\/orthodoxalbania.org\/2020\/wp-json\/wp\/v2\/posts\/482\/revisions\/15437"}],"wp:attachment":[{"href":"https:\/\/orthodoxalbania.org\/2020\/wp-json\/wp\/v2\/media?parent=482"}],"wp:term":[{"taxonomy":"category","embeddable":true,"href":"https:\/\/orthodoxalbania.org\/2020\/wp-json\/wp\/v2\/categories?post=482"},{"taxonomy":"post_tag","embeddable":true,"href":"https:\/\/orthodoxalbania.org\/2020\/wp-json\/wp\/v2\/tags?post=482"}],"curies":[{"name":"wp","href":"https:\/\/api.w.org\/{rel}","templated":true}]}}