{"id":478,"date":"2007-02-26T00:00:00","date_gmt":"2007-02-26T00:00:00","guid":{"rendered":""},"modified":"2020-04-06T22:35:39","modified_gmt":"2020-04-06T20:35:39","slug":"dy-kampe-rinore-edhe-ne-sarande-2007","status":"publish","type":"post","link":"https:\/\/orthodoxalbania.org\/2020\/2007\/02\/26\/dy-kampe-rinore-edhe-ne-sarande-2007\/","title":{"rendered":"Dy kampe rinore edhe n\u00eb Sarand\u00eb. (2007)"},"content":{"rendered":"<table id=\"AutoNumber2\" style=\"width: 686px; height: 1703px;\" border=\"0\">\n<tbody>\n<tr>\n<td>\n<div style=\"text-align: justify;\"><span style=\"color: #000000; font-family: helvetica; font-size: 12pt;\">&nbsp;&nbsp;&nbsp; Kampet verore me t\u00eb rinjt\u00eb dhe t\u00eb rejat orthodhokse q\u00eb po zhvillohen \u00e7do vit n\u00eb Mitropolin\u00eb e Gjirokastr\u00ebs jan\u00eb kthyer n\u00eb nj\u00eb tradit\u00eb shum\u00eb t\u00eb mir\u00eb. Nj\u00eb nd\u00ebr p\u00ebrfitimet m\u00eb t\u00eb r\u00ebnd\u00ebsishme p\u00ebrsa i p\u00ebrket edukimit t\u00eb brezit t\u00eb ri \u00ebsht\u00eb edhe m\u00ebsimi i Fjal\u00ebs s\u00eb Zotit. N\u00eb shkollat e ndryshme, t\u00eb rinjt\u00eb nuk kan\u00eb mund\u00ebsi q\u00eb t\u00eb d\u00ebgjojn\u00eb p\u00ebr Per\u00ebndin\u00eb, k\u00ebshtu q\u00eb me bekimin e Kryepiskopit Anastas atyre iu \u00ebsht\u00eb dh\u00ebn\u00eb nj\u00eb mb\u00ebshtetje e madhe p\u00ebr t\u00eb ndjekur k\u00ebto kampe.<\/span><\/div>\n<\/td>\n<td>\n<div><span style=\"color: #000000; font-family: helvetica; font-size: 12pt;\"><img decoding=\"async\" class=\"lazyload HAa Eha\" style=\"border-width: 1px; border-style: solid; margin: 10px auto; display: block;\" alt=\"\" src=\"data:image\/svg+xml,%3Csvg%20xmlns%3D%27http%3A%2F%2Fwww.w3.org%2F2000%2Fsvg%27%20width%3D%27321%27%20height%3D%27241%27%20viewBox%3D%270%200%20321%20241%27%3E%3Crect%20width%3D%27321%27%20height%3D%27241%27%20fill-opacity%3D%220%22%2F%3E%3C%2Fsvg%3E\" data-orig-src=\"https:\/\/lh3.googleusercontent.com\/-TuTUzZwmJ-I\/VIqhqt8czRI\/AAAAAAAAGqo\/v3JZUlCYBUQ\/w400-h300-no\/pic1sr.jpg\" height=\"241\" width=\"321\" \/><\/span><\/div>\n<\/td>\n<\/tr>\n<tr>\n<td>\n<div><span style=\"color: #000000; font-family: helvetica; font-size: 12pt;\"><img decoding=\"async\" class=\"lazyload HAa Eha\" style=\"border-width: 1px; border-style: solid; margin: 10px auto; display: block;\" alt=\"\" src=\"data:image\/svg+xml,%3Csvg%20xmlns%3D%27http%3A%2F%2Fwww.w3.org%2F2000%2Fsvg%27%20width%3D%27315%27%20height%3D%27236%27%20viewBox%3D%270%200%20315%20236%27%3E%3Crect%20width%3D%27315%27%20height%3D%27236%27%20fill-opacity%3D%220%22%2F%3E%3C%2Fsvg%3E\" data-orig-src=\"https:\/\/lh3.googleusercontent.com\/-z9yoeBMGvyE\/VIqhqX9JNVI\/AAAAAAAAGqc\/1rgtJHYbHLk\/w400-h300-no\/pic2sr.jpg\" height=\"236\" width=\"315\" \/><\/span><\/div>\n<\/td>\n<td>\n<div style=\"text-align: justify;\"><span style=\"color: #000000; font-family: helvetica; font-size: 12pt;\">&nbsp;&nbsp;&nbsp; K\u00ebt\u00eb vit n\u00eb manastirin e Sh\u00ebn Gjergjit, n\u00eb \u00c7uk\u00eb t\u00eb Sarand\u00ebs u zhvilluan dy kampe me t\u00eb rinjt\u00eb orthodhoks\u00eb t\u00eb Mitropolis\u00eb s\u00eb Gjirokastr\u00ebs. Sivjet tema kryesore e kampit ishte marr\u00eb si pjes\u00eb e sh\u00ebrbes\u00ebs s\u00eb Pashk\u00ebs: \u201cTani t\u00eb gjitha u mbush\u00ebn me drit\u00eb\u201d, duke iu referuar edhe librit m\u00eb t\u00eb nj\u00ebjtin titull q\u00eb ka botuar Kryepiskopi Anastas. Tema fokusohej rreth Drit\u00ebs, t\u00eb cil\u00ebn duhet ta kemi ne si besimtar\u00eb dhe k\u00ebt\u00eb drit\u00eb nuk duhet ta mbajm\u00eb p\u00ebr vete, por duhet t\u2019ia japim dhe t\u00eb tjer\u00ebve.<\/span><\/div>\n<\/td>\n<\/tr>\n<tr>\n<td>\n<div style=\"text-align: justify;\"><span style=\"color: #000000; font-family: helvetica; font-size: 12pt;\">&nbsp;&nbsp;&nbsp; Kampet n\u00eb Sh\u00ebn Gjergj u realizuan me bekimin e Mitropolitit t\u00eb Gjirokastr\u00ebs, Imzot Dhimit\u00ebr, me ndihm\u00ebn e disa t\u00eb rinjve t\u00eb Zyr\u00ebs Rinore n\u00eb Tiran\u00eb, por gjithashtu edhe n\u00eb bashk\u00ebpunim m\u00eb Zyr\u00ebn e Katekizmit dhe disa drejtues t\u00eb tjer\u00eb nga Mitropolia e Gjirokastr\u00ebs.<\/span><\/div>\n<\/td>\n<td>\n<div><span style=\"color: #000000; font-family: helvetica; font-size: 12pt;\"><img decoding=\"async\" class=\"lazyload HAa Eha\" style=\"border-width: 1px; border-style: solid; margin: 10px auto; display: block;\" alt=\"\" src=\"data:image\/svg+xml,%3Csvg%20xmlns%3D%27http%3A%2F%2Fwww.w3.org%2F2000%2Fsvg%27%20width%3D%27311%27%20height%3D%27233%27%20viewBox%3D%270%200%20311%20233%27%3E%3Crect%20width%3D%27311%27%20height%3D%27233%27%20fill-opacity%3D%220%22%2F%3E%3C%2Fsvg%3E\" data-orig-src=\"https:\/\/lh5.googleusercontent.com\/-fLcBznv2c5E\/VIqhqkteA4I\/AAAAAAAAGqQ\/gc25dBaLh1M\/w400-h300-no\/pic3sr.jpg\" height=\"233\" width=\"311\" \/><\/span><\/div>\n<\/td>\n<\/tr>\n<tr>\n<td colspan=\"2\">\n<div style=\"text-align: justify;\"><span style=\"color: #000000; font-family: helvetica; font-size: 12pt;\">&nbsp;&nbsp;&nbsp; Kampi i par\u00eb p\u00ebrb\u00ebhej nga nx\u00ebn\u00ebs t\u00eb shkoll\u00ebs s\u00eb mesme profesionale \u201cFrym\u00eb dashurie\u201d n\u00eb Mesopotam dhe t\u00eb rinj nga P\u00ebrmeti. Nd\u00ebrsa n\u00eb kampin e dyt\u00eb mor\u00ebn pjes\u00eb nx\u00ebn\u00ebs t\u00eb Liceut Kishtar \u201cKryqi i Nderuar\u201d n\u00eb Gjirokast\u00ebr. Ishte k\u00ebnaq\u00ebsi p\u00ebr t\u00eb gjith\u00eb q\u00eb manastiri i Sh\u00ebn Gjergjit po restaurohet dhe po b\u00ebhet shum\u00eb i dashur, sepse vendi aty \u00ebsht\u00eb piktoresk. Ai duket sikur p\u00ebrqafon t\u00eb gjith\u00eb Sarand\u00ebn dhe n\u00eb t\u00eb ardhmen do t\u00eb jet\u00eb nj\u00eb nd\u00ebr manastiret m\u00eb t\u00eb bukur q\u00eb do t\u00eb zbukuroj\u00eb zon\u00ebn p\u00ebrreth dhe do t\u00eb jet\u00eb vend pelegrinazhi p\u00ebr besimtar\u00ebt.<\/span><\/div>\n<\/td>\n<\/tr>\n<tr>\n<td colspan=\"2\">\n<div dir=\"ltr\"><span style=\"font-family: helvetica; font-size: 12pt;\"><\/span><\/div>\n<div dir=\"ltr\" style=\"text-align: justify;\"><span style=\"color: #000000; font-family: helvetica; font-size: 12pt;\">&nbsp;&nbsp;&nbsp; Dita e kampit niste me sh\u00ebrbes\u00ebn e M\u00ebngjesores dhe m\u00eb pas t\u00eb rinjt\u00eb zhvillonin nj\u00eb bised\u00eb shpirt\u00ebrore, duke folur secili grup p\u00ebr shenjtin e grupit t\u00eb tyre. Kishte histori interesante n\u00eb lidhje me 40 shenjtor\u00ebt e Sarand\u00ebs, gjithashtu edhe p\u00ebr jet\u00eb shenjtor\u00ebsh si Sh\u00ebn Gjergji, Sh\u00ebn Harallambi, Sh\u00ebn Dhimitri, me q\u00ebllim q\u00eb t\u00eb njiheshin me veprimtarin\u00eb e tyre dhe pse jo m\u00eb von\u00eb t\u2019i imitojn\u00eb n\u00eb jet\u00ebn e tyre shpirt\u00ebrore. Programi ishte i pasur me aktivitete t\u00eb ndryshme sportive, koh\u00eb arg\u00ebtimi, plazh n\u00eb uj\u00ebrat e detit Jon dhe konkurse n\u00eb fushat e ndryshme t\u00eb dijes.<\/span><\/div>\n<\/td>\n<\/tr>\n<tr>\n<td>\n<div><span style=\"font-family: helvetica; font-size: 12pt;\"><\/span><\/div>\n<p><span style=\"font-family: helvetica; font-size: 12pt;\"><img decoding=\"async\" class=\"lazyload HAa Eha\" style=\"border-width: 1px; border-style: solid; margin: 10px auto; display: block;\" alt=\"\" src=\"data:image\/svg+xml,%3Csvg%20xmlns%3D%27http%3A%2F%2Fwww.w3.org%2F2000%2Fsvg%27%20width%3D%27315%27%20height%3D%27210%27%20viewBox%3D%270%200%20315%20210%27%3E%3Crect%20width%3D%27315%27%20height%3D%27210%27%20fill-opacity%3D%220%22%2F%3E%3C%2Fsvg%3E\" data-orig-src=\"https:\/\/lh6.googleusercontent.com\/-haOPZcx8oUg\/VIqhrMsRiaI\/AAAAAAAAGqY\/7u1VP2U1nWo\/w400-h267-no\/pic4sr.jpg\" height=\"210\" width=\"315\" \/><\/span><\/td>\n<td>\n<div style=\"text-align: justify;\"><span style=\"color: #000000; font-family: helvetica; font-size: 12pt;\">&nbsp;&nbsp;&nbsp; Ky ishte viti i kat\u00ebrt i kampeve n\u00eb Sarand\u00eb dhe vlen t\u00eb theksohet se pjes\u00ebmarrja e t\u00eb rinjve ishte edhe m\u00eb e madhe se vitet e m\u00ebparshme. N\u00eb kampin e par\u00eb mor\u00ebn pjes\u00eb 50 t\u00eb rinj, nd\u00ebrsa n\u00eb kampin e dyt\u00eb 60 t\u00eb tjer\u00eb, me t\u00eb cil\u00ebt ishte b\u00ebr\u00eb katekiz\u00ebm dhe disa prej tyre u pag\u00ebzuan.<\/span><\/div>\n<\/td>\n<\/tr>\n<tr>\n<td>\n<div style=\"text-align: justify;\"><span style=\"color: #000000; font-family: helvetica; font-size: 12pt;\">&nbsp;&nbsp;&nbsp; Pra \u00ebsht\u00eb nj\u00eb p\u00ebrfundim i gjith\u00eb pun\u00ebs katekiste q\u00eb ishte b\u00ebr\u00eb n\u00eb at\u00eb zon\u00eb. Edhe p\u00ebr sa i p\u00ebrket kushteve, ato sa vijn\u00eb e p\u00ebrmir\u00ebsohen dhe ajo q\u00eb \u00ebsht\u00eb m\u00eb e r\u00ebnd\u00ebsishme \u00ebsht\u00eb se po krijohen kuadro t\u00eb rinj, t\u00eb cil\u00ebt n\u00eb t\u00eb ardhmen do t\u00eb b\u00ebhen drejtues dhe mund t\u00eb shp\u00ebrndahen edhe n\u00eb vende t\u00eb tjera. Kampi i Kish\u00ebs son\u00eb \u00ebsht\u00eb nj\u00eb moment shum\u00eb i r\u00ebnd\u00ebsish\u00ebm n\u00eb jet\u00ebn e tyre, sepse ata edhe do t\u00eb arg\u00ebtohen, por edhe do t\u00eb armatosen duke marr\u00eb m\u00ebsime t\u00eb vyera q\u00eb do t\u00eb sh\u00ebrbejn\u00eb shum\u00eb n\u00eb jet\u00ebn e tyre.<\/span><\/div>\n<\/td>\n<td>\n<div><span style=\"color: #000000; font-family: helvetica; font-size: 12pt;\"><img decoding=\"async\" class=\"lazyload HAa Eha\" style=\"border-width: 1px; border-style: solid; margin: 10px auto; display: block;\" alt=\"\" src=\"data:image\/svg+xml,%3Csvg%20xmlns%3D%27http%3A%2F%2Fwww.w3.org%2F2000%2Fsvg%27%20width%3D%27311%27%20height%3D%27233%27%20viewBox%3D%270%200%20311%20233%27%3E%3Crect%20width%3D%27311%27%20height%3D%27233%27%20fill-opacity%3D%220%22%2F%3E%3C%2Fsvg%3E\" data-orig-src=\"https:\/\/lh6.googleusercontent.com\/-XmGjimnqZO8\/VIqhrfk4PpI\/AAAAAAAAGqg\/80sdlQ45XGw\/w400-h300-no\/pic5sr.jpg\" height=\"233\" width=\"311\" \/><\/span><\/div>\n<\/td>\n<\/tr>\n<tr>\n<td>\n<div><span style=\"font-family: helvetica; font-size: 12pt;\"><\/span><\/div>\n<\/td>\n<td>\n<div><span style=\"font-family: helvetica; font-size: 12pt;\"><\/span><\/div>\n<\/td>\n<\/tr>\n<\/tbody>\n<\/table>\n<div><span style=\"font-family: helvetica; font-size: 12pt;\"><\/span><\/div>\n<div><span style=\"color: #000000; font-family: helvetica; font-size: 12pt;\"><strong>Jorgo Papadhopulli<\/strong><\/span><\/div>\n","protected":false},"excerpt":{"rendered":"<p>&nbsp;&nbsp;&nbsp; Kampet verore me t\u00eb rinjt\u00eb dhe t\u00eb rejat orthodhokse q\u00eb po zhvillohen \u00e7do vit n\u00eb Mitropolin\u00eb e Gjirokastr\u00ebs jan\u00eb kthyer n\u00eb nj\u00eb tradit\u00eb shum\u00eb t\u00eb mir\u00eb. Nj\u00eb nd\u00ebr p\u00ebrfitimet m\u00eb t\u00eb r\u00ebnd\u00ebsishme p\u00ebrsa i p\u00ebrket edukimit t\u00eb brezit t\u00eb ri \u00ebsht\u00eb edhe m\u00ebsimi i Fjal\u00ebs s\u00eb Zotit. N\u00eb shkollat e ndryshme, t\u00eb rinjt\u00eb nuk kan\u00eb mund\u00ebsi q\u00eb t\u00eb d\u00ebgjojn\u00eb p\u00ebr Per\u00ebndin\u00eb, k\u00ebshtu q\u00eb me<\/p>\n","protected":false},"author":1,"featured_media":0,"comment_status":"open","ping_status":"open","sticky":false,"template":"","format":"standard","meta":{"_acf_changed":false,"pagelayer_contact_templates":[],"_pagelayer_content":"","inline_featured_image":false,"fifu_image_url":"","fifu_image_alt":"","footnotes":""},"categories":[108],"tags":[147,200,212,198,176],"class_list":["post-478","post","type-post","status-publish","format-standard","hentry","category-lajme","tag-147","tag-kampe-verore","tag-lajme-d27","tag-gjirokaster","tag-rinia-orthodhokse"],"acf":[],"yoast_head":"<!-- This site is optimized with the Yoast SEO plugin v27.2 - https:\/\/yoast.com\/product\/yoast-seo-wordpress\/ -->\n<title>Dy kampe rinore edhe n\u00eb Sarand\u00eb. (2007) - Kisha Orthodh\u03bfkse Autoqefale e Shqip\u00ebris\u00eb<\/title>\n<meta name=\"robots\" content=\"index, follow, max-snippet:-1, max-image-preview:large, max-video-preview:-1\" \/>\n<link rel=\"canonical\" href=\"https:\/\/orthodoxalbania.org\/2020\/2007\/02\/26\/dy-kampe-rinore-edhe-ne-sarande-2007\/\" \/>\n<meta property=\"og:locale\" content=\"en_US\" \/>\n<meta property=\"og:type\" content=\"article\" \/>\n<meta property=\"og:title\" content=\"Dy kampe rinore edhe n\u00eb Sarand\u00eb. (2007) - Kisha Orthodh\u03bfkse Autoqefale e Shqip\u00ebris\u00eb\" \/>\n<meta property=\"og:description\" content=\"&nbsp;&nbsp;&nbsp; Kampet verore me t\u00eb rinjt\u00eb dhe t\u00eb rejat orthodhokse q\u00eb po zhvillohen \u00e7do vit n\u00eb Mitropolin\u00eb e Gjirokastr\u00ebs jan\u00eb kthyer n\u00eb nj\u00eb tradit\u00eb shum\u00eb t\u00eb mir\u00eb. Nj\u00eb nd\u00ebr p\u00ebrfitimet m\u00eb t\u00eb r\u00ebnd\u00ebsishme p\u00ebrsa i p\u00ebrket edukimit t\u00eb brezit t\u00eb ri \u00ebsht\u00eb edhe m\u00ebsimi i Fjal\u00ebs s\u00eb Zotit. N\u00eb shkollat e ndryshme, t\u00eb rinjt\u00eb nuk kan\u00eb mund\u00ebsi q\u00eb t\u00eb d\u00ebgjojn\u00eb p\u00ebr Per\u00ebndin\u00eb, k\u00ebshtu q\u00eb me\" \/>\n<meta property=\"og:url\" content=\"https:\/\/orthodoxalbania.org\/2020\/2007\/02\/26\/dy-kampe-rinore-edhe-ne-sarande-2007\/\" \/>\n<meta property=\"og:site_name\" content=\"Kisha Orthodh\u03bfkse Autoqefale e Shqip\u00ebris\u00eb\" \/>\n<meta property=\"article:publisher\" content=\"https:\/\/www.facebook.com\/koash1991\" \/>\n<meta property=\"article:published_time\" content=\"2007-02-26T00:00:00+00:00\" \/>\n<meta property=\"article:modified_time\" content=\"2020-04-06T20:35:39+00:00\" \/>\n<meta property=\"og:image\" content=\"https:\/\/lh3.googleusercontent.com\/-TuTUzZwmJ-I\/VIqhqt8czRI\/AAAAAAAAGqo\/v3JZUlCYBUQ\/w400-h300-no\/pic1sr.jpg\" \/>\n<meta name=\"author\" content=\"Kisha Orthodhokse\" \/>\n<meta name=\"twitter:card\" content=\"summary_large_image\" \/>\n<meta name=\"twitter:label1\" content=\"Written by\" \/>\n\t<meta name=\"twitter:data1\" content=\"Kisha Orthodhokse\" \/>\n\t<meta name=\"twitter:label2\" content=\"Est. reading time\" \/>\n\t<meta name=\"twitter:data2\" content=\"3 minutes\" \/>\n<script type=\"application\/ld+json\" class=\"yoast-schema-graph\">{\"@context\":\"https:\/\/schema.org\",\"@graph\":[{\"@type\":\"Article\",\"@id\":\"https:\/\/orthodoxalbania.org\/2020\/2007\/02\/26\/dy-kampe-rinore-edhe-ne-sarande-2007\/#article\",\"isPartOf\":{\"@id\":\"https:\/\/orthodoxalbania.org\/2020\/2007\/02\/26\/dy-kampe-rinore-edhe-ne-sarande-2007\/\"},\"author\":{\"name\":\"Kisha Orthodhokse\",\"@id\":\"https:\/\/orthodoxalbania.org\/2020\/#\/schema\/person\/0c387634a7063ac612d7ed9ce71c7e86\"},\"headline\":\"Dy kampe rinore edhe n\u00eb Sarand\u00eb. (2007)\",\"datePublished\":\"2007-02-26T00:00:00+00:00\",\"dateModified\":\"2020-04-06T20:35:39+00:00\",\"mainEntityOfPage\":{\"@id\":\"https:\/\/orthodoxalbania.org\/2020\/2007\/02\/26\/dy-kampe-rinore-edhe-ne-sarande-2007\/\"},\"wordCount\":687,\"commentCount\":0,\"publisher\":{\"@id\":\"https:\/\/orthodoxalbania.org\/2020\/#organization\"},\"image\":{\"@id\":\"https:\/\/orthodoxalbania.org\/2020\/2007\/02\/26\/dy-kampe-rinore-edhe-ne-sarande-2007\/#primaryimage\"},\"thumbnailUrl\":\"https:\/\/lh3.googleusercontent.com\/-TuTUzZwmJ-I\/VIqhqt8czRI\/AAAAAAAAGqo\/v3JZUlCYBUQ\/w400-h300-no\/pic1sr.jpg\",\"keywords\":[\"2007\",\"Kampe verore\",\"lajme\",\"Mitropolia Gjirokast\u00ebr\",\"Rinia Orthodhokse\"],\"articleSection\":[\"Lajme\"],\"inLanguage\":\"en-US\"},{\"@type\":\"WebPage\",\"@id\":\"https:\/\/orthodoxalbania.org\/2020\/2007\/02\/26\/dy-kampe-rinore-edhe-ne-sarande-2007\/\",\"url\":\"https:\/\/orthodoxalbania.org\/2020\/2007\/02\/26\/dy-kampe-rinore-edhe-ne-sarande-2007\/\",\"name\":\"Dy kampe rinore edhe n\u00eb Sarand\u00eb. (2007) - Kisha Orthodh\u03bfkse Autoqefale e Shqip\u00ebris\u00eb\",\"isPartOf\":{\"@id\":\"https:\/\/orthodoxalbania.org\/2020\/#website\"},\"primaryImageOfPage\":{\"@id\":\"https:\/\/orthodoxalbania.org\/2020\/2007\/02\/26\/dy-kampe-rinore-edhe-ne-sarande-2007\/#primaryimage\"},\"image\":{\"@id\":\"https:\/\/orthodoxalbania.org\/2020\/2007\/02\/26\/dy-kampe-rinore-edhe-ne-sarande-2007\/#primaryimage\"},\"thumbnailUrl\":\"https:\/\/lh3.googleusercontent.com\/-TuTUzZwmJ-I\/VIqhqt8czRI\/AAAAAAAAGqo\/v3JZUlCYBUQ\/w400-h300-no\/pic1sr.jpg\",\"datePublished\":\"2007-02-26T00:00:00+00:00\",\"dateModified\":\"2020-04-06T20:35:39+00:00\",\"breadcrumb\":{\"@id\":\"https:\/\/orthodoxalbania.org\/2020\/2007\/02\/26\/dy-kampe-rinore-edhe-ne-sarande-2007\/#breadcrumb\"},\"inLanguage\":\"en-US\",\"potentialAction\":[{\"@type\":\"ReadAction\",\"target\":[\"https:\/\/orthodoxalbania.org\/2020\/2007\/02\/26\/dy-kampe-rinore-edhe-ne-sarande-2007\/\"]}]},{\"@type\":\"ImageObject\",\"inLanguage\":\"en-US\",\"@id\":\"https:\/\/orthodoxalbania.org\/2020\/2007\/02\/26\/dy-kampe-rinore-edhe-ne-sarande-2007\/#primaryimage\",\"url\":\"https:\/\/lh3.googleusercontent.com\/-TuTUzZwmJ-I\/VIqhqt8czRI\/AAAAAAAAGqo\/v3JZUlCYBUQ\/w400-h300-no\/pic1sr.jpg\",\"contentUrl\":\"https:\/\/lh3.googleusercontent.com\/-TuTUzZwmJ-I\/VIqhqt8czRI\/AAAAAAAAGqo\/v3JZUlCYBUQ\/w400-h300-no\/pic1sr.jpg\"},{\"@type\":\"BreadcrumbList\",\"@id\":\"https:\/\/orthodoxalbania.org\/2020\/2007\/02\/26\/dy-kampe-rinore-edhe-ne-sarande-2007\/#breadcrumb\",\"itemListElement\":[{\"@type\":\"ListItem\",\"position\":1,\"name\":\"Home\",\"item\":\"https:\/\/orthodoxalbania.org\/2020\/\"},{\"@type\":\"ListItem\",\"position\":2,\"name\":\"Dy kampe rinore edhe n\u00eb Sarand\u00eb. (2007)\"}]},{\"@type\":\"WebSite\",\"@id\":\"https:\/\/orthodoxalbania.org\/2020\/#website\",\"url\":\"https:\/\/orthodoxalbania.org\/2020\/\",\"name\":\"Kisha Orthodh\u03bfkse Autoqefale e Shqip\u00ebris\u00eb\",\"description\":\"Fqja Zyrtare e Kish\u00ebs Orthodhokse Autoqefale e Shqip\u00ebris\u00eb me lajmet edhe informacionet zyrtare p\u00ebr struktur\u00ebn edhe veprimtarin e saj.\",\"publisher\":{\"@id\":\"https:\/\/orthodoxalbania.org\/2020\/#organization\"},\"potentialAction\":[{\"@type\":\"SearchAction\",\"target\":{\"@type\":\"EntryPoint\",\"urlTemplate\":\"https:\/\/orthodoxalbania.org\/2020\/?s={search_term_string}\"},\"query-input\":{\"@type\":\"PropertyValueSpecification\",\"valueRequired\":true,\"valueName\":\"search_term_string\"}}],\"inLanguage\":\"en-US\"},{\"@type\":\"Organization\",\"@id\":\"https:\/\/orthodoxalbania.org\/2020\/#organization\",\"name\":\"Kisha Orthodhokse Autoqefale e Shqip\u00ebris\u00eb\",\"url\":\"https:\/\/orthodoxalbania.org\/2020\/\",\"logo\":{\"@type\":\"ImageObject\",\"inLanguage\":\"en-US\",\"@id\":\"https:\/\/orthodoxalbania.org\/2020\/#\/schema\/logo\/image\/\",\"url\":\"https:\/\/orthodoxalbania.org\/2020\/wp-content\/uploads\/2020\/05\/albania.jpeg\",\"contentUrl\":\"https:\/\/orthodoxalbania.org\/2020\/wp-content\/uploads\/2020\/05\/albania.jpeg\",\"width\":540,\"height\":540,\"caption\":\"Kisha Orthodhokse Autoqefale e Shqip\u00ebris\u00eb\"},\"image\":{\"@id\":\"https:\/\/orthodoxalbania.org\/2020\/#\/schema\/logo\/image\/\"},\"sameAs\":[\"https:\/\/www.facebook.com\/koash1991\"]},{\"@type\":\"Person\",\"@id\":\"https:\/\/orthodoxalbania.org\/2020\/#\/schema\/person\/0c387634a7063ac612d7ed9ce71c7e86\",\"name\":\"Kisha Orthodhokse\",\"image\":{\"@type\":\"ImageObject\",\"inLanguage\":\"en-US\",\"@id\":\"https:\/\/secure.gravatar.com\/avatar\/596e7c417251e30f2fbb9c00e026fce61a695a00e51c889caded71c96cbbdde5?s=96&d=mm&r=g\",\"url\":\"https:\/\/secure.gravatar.com\/avatar\/596e7c417251e30f2fbb9c00e026fce61a695a00e51c889caded71c96cbbdde5?s=96&d=mm&r=g\",\"contentUrl\":\"https:\/\/secure.gravatar.com\/avatar\/596e7c417251e30f2fbb9c00e026fce61a695a00e51c889caded71c96cbbdde5?s=96&d=mm&r=g\",\"caption\":\"Kisha Orthodhokse\"}}]}<\/script>\n<!-- \/ Yoast SEO plugin. -->","yoast_head_json":{"title":"Dy kampe rinore edhe n\u00eb Sarand\u00eb. (2007) - Kisha Orthodh\u03bfkse Autoqefale e Shqip\u00ebris\u00eb","robots":{"index":"index","follow":"follow","max-snippet":"max-snippet:-1","max-image-preview":"max-image-preview:large","max-video-preview":"max-video-preview:-1"},"canonical":"https:\/\/orthodoxalbania.org\/2020\/2007\/02\/26\/dy-kampe-rinore-edhe-ne-sarande-2007\/","og_locale":"en_US","og_type":"article","og_title":"Dy kampe rinore edhe n\u00eb Sarand\u00eb. (2007) - Kisha Orthodh\u03bfkse Autoqefale e Shqip\u00ebris\u00eb","og_description":"&nbsp;&nbsp;&nbsp; Kampet verore me t\u00eb rinjt\u00eb dhe t\u00eb rejat orthodhokse q\u00eb po zhvillohen \u00e7do vit n\u00eb Mitropolin\u00eb e Gjirokastr\u00ebs jan\u00eb kthyer n\u00eb nj\u00eb tradit\u00eb shum\u00eb t\u00eb mir\u00eb. Nj\u00eb nd\u00ebr p\u00ebrfitimet m\u00eb t\u00eb r\u00ebnd\u00ebsishme p\u00ebrsa i p\u00ebrket edukimit t\u00eb brezit t\u00eb ri \u00ebsht\u00eb edhe m\u00ebsimi i Fjal\u00ebs s\u00eb Zotit. N\u00eb shkollat e ndryshme, t\u00eb rinjt\u00eb nuk kan\u00eb mund\u00ebsi q\u00eb t\u00eb d\u00ebgjojn\u00eb p\u00ebr Per\u00ebndin\u00eb, k\u00ebshtu q\u00eb me","og_url":"https:\/\/orthodoxalbania.org\/2020\/2007\/02\/26\/dy-kampe-rinore-edhe-ne-sarande-2007\/","og_site_name":"Kisha Orthodh\u03bfkse Autoqefale e Shqip\u00ebris\u00eb","article_publisher":"https:\/\/www.facebook.com\/koash1991","article_published_time":"2007-02-26T00:00:00+00:00","article_modified_time":"2020-04-06T20:35:39+00:00","og_image":[{"url":"https:\/\/lh3.googleusercontent.com\/-TuTUzZwmJ-I\/VIqhqt8czRI\/AAAAAAAAGqo\/v3JZUlCYBUQ\/w400-h300-no\/pic1sr.jpg","type":"","width":"","height":""}],"author":"Kisha Orthodhokse","twitter_card":"summary_large_image","twitter_misc":{"Written by":"Kisha Orthodhokse","Est. reading time":"3 minutes"},"schema":{"@context":"https:\/\/schema.org","@graph":[{"@type":"Article","@id":"https:\/\/orthodoxalbania.org\/2020\/2007\/02\/26\/dy-kampe-rinore-edhe-ne-sarande-2007\/#article","isPartOf":{"@id":"https:\/\/orthodoxalbania.org\/2020\/2007\/02\/26\/dy-kampe-rinore-edhe-ne-sarande-2007\/"},"author":{"name":"Kisha Orthodhokse","@id":"https:\/\/orthodoxalbania.org\/2020\/#\/schema\/person\/0c387634a7063ac612d7ed9ce71c7e86"},"headline":"Dy kampe rinore edhe n\u00eb Sarand\u00eb. (2007)","datePublished":"2007-02-26T00:00:00+00:00","dateModified":"2020-04-06T20:35:39+00:00","mainEntityOfPage":{"@id":"https:\/\/orthodoxalbania.org\/2020\/2007\/02\/26\/dy-kampe-rinore-edhe-ne-sarande-2007\/"},"wordCount":687,"commentCount":0,"publisher":{"@id":"https:\/\/orthodoxalbania.org\/2020\/#organization"},"image":{"@id":"https:\/\/orthodoxalbania.org\/2020\/2007\/02\/26\/dy-kampe-rinore-edhe-ne-sarande-2007\/#primaryimage"},"thumbnailUrl":"https:\/\/lh3.googleusercontent.com\/-TuTUzZwmJ-I\/VIqhqt8czRI\/AAAAAAAAGqo\/v3JZUlCYBUQ\/w400-h300-no\/pic1sr.jpg","keywords":["2007","Kampe verore","lajme","Mitropolia Gjirokast\u00ebr","Rinia Orthodhokse"],"articleSection":["Lajme"],"inLanguage":"en-US"},{"@type":"WebPage","@id":"https:\/\/orthodoxalbania.org\/2020\/2007\/02\/26\/dy-kampe-rinore-edhe-ne-sarande-2007\/","url":"https:\/\/orthodoxalbania.org\/2020\/2007\/02\/26\/dy-kampe-rinore-edhe-ne-sarande-2007\/","name":"Dy kampe rinore edhe n\u00eb Sarand\u00eb. (2007) - Kisha Orthodh\u03bfkse Autoqefale e Shqip\u00ebris\u00eb","isPartOf":{"@id":"https:\/\/orthodoxalbania.org\/2020\/#website"},"primaryImageOfPage":{"@id":"https:\/\/orthodoxalbania.org\/2020\/2007\/02\/26\/dy-kampe-rinore-edhe-ne-sarande-2007\/#primaryimage"},"image":{"@id":"https:\/\/orthodoxalbania.org\/2020\/2007\/02\/26\/dy-kampe-rinore-edhe-ne-sarande-2007\/#primaryimage"},"thumbnailUrl":"https:\/\/lh3.googleusercontent.com\/-TuTUzZwmJ-I\/VIqhqt8czRI\/AAAAAAAAGqo\/v3JZUlCYBUQ\/w400-h300-no\/pic1sr.jpg","datePublished":"2007-02-26T00:00:00+00:00","dateModified":"2020-04-06T20:35:39+00:00","breadcrumb":{"@id":"https:\/\/orthodoxalbania.org\/2020\/2007\/02\/26\/dy-kampe-rinore-edhe-ne-sarande-2007\/#breadcrumb"},"inLanguage":"en-US","potentialAction":[{"@type":"ReadAction","target":["https:\/\/orthodoxalbania.org\/2020\/2007\/02\/26\/dy-kampe-rinore-edhe-ne-sarande-2007\/"]}]},{"@type":"ImageObject","inLanguage":"en-US","@id":"https:\/\/orthodoxalbania.org\/2020\/2007\/02\/26\/dy-kampe-rinore-edhe-ne-sarande-2007\/#primaryimage","url":"https:\/\/lh3.googleusercontent.com\/-TuTUzZwmJ-I\/VIqhqt8czRI\/AAAAAAAAGqo\/v3JZUlCYBUQ\/w400-h300-no\/pic1sr.jpg","contentUrl":"https:\/\/lh3.googleusercontent.com\/-TuTUzZwmJ-I\/VIqhqt8czRI\/AAAAAAAAGqo\/v3JZUlCYBUQ\/w400-h300-no\/pic1sr.jpg"},{"@type":"BreadcrumbList","@id":"https:\/\/orthodoxalbania.org\/2020\/2007\/02\/26\/dy-kampe-rinore-edhe-ne-sarande-2007\/#breadcrumb","itemListElement":[{"@type":"ListItem","position":1,"name":"Home","item":"https:\/\/orthodoxalbania.org\/2020\/"},{"@type":"ListItem","position":2,"name":"Dy kampe rinore edhe n\u00eb Sarand\u00eb. (2007)"}]},{"@type":"WebSite","@id":"https:\/\/orthodoxalbania.org\/2020\/#website","url":"https:\/\/orthodoxalbania.org\/2020\/","name":"Kisha Orthodh\u03bfkse Autoqefale e Shqip\u00ebris\u00eb","description":"Fqja Zyrtare e Kish\u00ebs Orthodhokse Autoqefale e Shqip\u00ebris\u00eb me lajmet edhe informacionet zyrtare p\u00ebr struktur\u00ebn edhe veprimtarin e saj.","publisher":{"@id":"https:\/\/orthodoxalbania.org\/2020\/#organization"},"potentialAction":[{"@type":"SearchAction","target":{"@type":"EntryPoint","urlTemplate":"https:\/\/orthodoxalbania.org\/2020\/?s={search_term_string}"},"query-input":{"@type":"PropertyValueSpecification","valueRequired":true,"valueName":"search_term_string"}}],"inLanguage":"en-US"},{"@type":"Organization","@id":"https:\/\/orthodoxalbania.org\/2020\/#organization","name":"Kisha Orthodhokse Autoqefale e Shqip\u00ebris\u00eb","url":"https:\/\/orthodoxalbania.org\/2020\/","logo":{"@type":"ImageObject","inLanguage":"en-US","@id":"https:\/\/orthodoxalbania.org\/2020\/#\/schema\/logo\/image\/","url":"https:\/\/orthodoxalbania.org\/2020\/wp-content\/uploads\/2020\/05\/albania.jpeg","contentUrl":"https:\/\/orthodoxalbania.org\/2020\/wp-content\/uploads\/2020\/05\/albania.jpeg","width":540,"height":540,"caption":"Kisha Orthodhokse Autoqefale e Shqip\u00ebris\u00eb"},"image":{"@id":"https:\/\/orthodoxalbania.org\/2020\/#\/schema\/logo\/image\/"},"sameAs":["https:\/\/www.facebook.com\/koash1991"]},{"@type":"Person","@id":"https:\/\/orthodoxalbania.org\/2020\/#\/schema\/person\/0c387634a7063ac612d7ed9ce71c7e86","name":"Kisha Orthodhokse","image":{"@type":"ImageObject","inLanguage":"en-US","@id":"https:\/\/secure.gravatar.com\/avatar\/596e7c417251e30f2fbb9c00e026fce61a695a00e51c889caded71c96cbbdde5?s=96&d=mm&r=g","url":"https:\/\/secure.gravatar.com\/avatar\/596e7c417251e30f2fbb9c00e026fce61a695a00e51c889caded71c96cbbdde5?s=96&d=mm&r=g","contentUrl":"https:\/\/secure.gravatar.com\/avatar\/596e7c417251e30f2fbb9c00e026fce61a695a00e51c889caded71c96cbbdde5?s=96&d=mm&r=g","caption":"Kisha Orthodhokse"}}]}},"_links":{"self":[{"href":"https:\/\/orthodoxalbania.org\/2020\/wp-json\/wp\/v2\/posts\/478","targetHints":{"allow":["GET"]}}],"collection":[{"href":"https:\/\/orthodoxalbania.org\/2020\/wp-json\/wp\/v2\/posts"}],"about":[{"href":"https:\/\/orthodoxalbania.org\/2020\/wp-json\/wp\/v2\/types\/post"}],"author":[{"embeddable":true,"href":"https:\/\/orthodoxalbania.org\/2020\/wp-json\/wp\/v2\/users\/1"}],"replies":[{"embeddable":true,"href":"https:\/\/orthodoxalbania.org\/2020\/wp-json\/wp\/v2\/comments?post=478"}],"version-history":[{"count":1,"href":"https:\/\/orthodoxalbania.org\/2020\/wp-json\/wp\/v2\/posts\/478\/revisions"}],"predecessor-version":[{"id":15733,"href":"https:\/\/orthodoxalbania.org\/2020\/wp-json\/wp\/v2\/posts\/478\/revisions\/15733"}],"wp:attachment":[{"href":"https:\/\/orthodoxalbania.org\/2020\/wp-json\/wp\/v2\/media?parent=478"}],"wp:term":[{"taxonomy":"category","embeddable":true,"href":"https:\/\/orthodoxalbania.org\/2020\/wp-json\/wp\/v2\/categories?post=478"},{"taxonomy":"post_tag","embeddable":true,"href":"https:\/\/orthodoxalbania.org\/2020\/wp-json\/wp\/v2\/tags?post=478"}],"curies":[{"name":"wp","href":"https:\/\/api.w.org\/{rel}","templated":true}]}}