{"id":4775,"date":"2016-10-01T09:55:19","date_gmt":"2016-10-01T09:55:19","guid":{"rendered":""},"modified":"2020-04-06T22:01:54","modified_gmt":"2020-04-06T20:01:54","slug":"perfaqesi-e-kishes-orthodhokse-mori-pjese-ne-shenjterimin-e-kishes-per-nder-te-shen-joan-vladimirit-ne-tivar","status":"publish","type":"post","link":"https:\/\/orthodoxalbania.org\/2020\/2016\/10\/01\/perfaqesi-e-kishes-orthodhokse-mori-pjese-ne-shenjterimin-e-kishes-per-nder-te-shen-joan-vladimirit-ne-tivar\/","title":{"rendered":"P\u00ebrfaq\u00ebsi e kish\u00ebs orthodhokse mori pjes\u00eb n\u00eb shenjt\u00ebrimin e katedrales p\u00ebr nder t\u00eb sh\u00ebn Joan Vladimirit n\u00eb Tivar"},"content":{"rendered":"<p style=\"text-align: justify;\">\n\t&nbsp;<\/p>\n<p> <\/p>\n<p style=\"text-align: justify;\">\n\t<span style=\"font-size: 12pt; font-family: helvetica; color: #000000;\">T\u00eb diel\u00ebn, 25 shtator 2016, n\u00eb qytetin e Tivarit, Mali i Zi, u krye shenjt\u00ebrimi i Kish\u00ebs s\u00eb re Katedrale, e cila i kushtohet Sh\u00ebn Joan Vladimirit. Sh\u00ebrbesa e Shenjt\u00ebrimit dhe Liturgjia Hyjnore u kryesuan nga Patriarku i Jerusalemit, Theofili, i ndihmuar nga Patriarku i Serbis\u00eb, Irineu, Kryepiskopi i Tiran\u00ebs, Durr\u00ebsit dhe i Gjith\u00eb Shqip\u00ebris\u00eb, Anastasi, hierark\u00eb p\u00ebrfaq\u00ebsues nga Kishat e tjera Orthodhokse, Mitropoliti i Malit t\u00eb Zi, Hir\u00ebsi Amfillohje etj. E gjith\u00eb pjesa e sh\u00ebrbesave q\u00eb u tha nga Kryepiskopi Anastas ishte n\u00eb shqip. N\u00eb k\u00ebt\u00eb kremtim q\u00eb u kthye n\u00eb fest\u00eb p\u00ebr vendin fqinj ishin t\u00eb pranish\u00ebm mij\u00ebra besimtar\u00eb orthodhoks\u00eb dhe autoritete shtet\u00ebrore e lokale.<\/span><\/p>\n<p style=\"text-align: justify;\">\n\t<span style=\"font-size: 12pt; font-family: helvetica; color: #000000;\">N\u00eb Sh\u00ebrbesa mori pjes\u00eb dhe psali n\u00eb shqip Kori Bizantin i sh\u00ebn \u201cJoan Kukuzelit\u201d i Kish\u00ebs son\u00eb, i cili t\u00eb shtun\u00ebn mori pjes\u00eb edhe n\u00eb nj\u00eb koncert festiv t\u00eb grupeve t\u00eb muzik\u00ebs bizantine para katedrales s\u00eb re.<\/span><\/p>\n<p style=\"text-align: justify;\">\n\t<span style=\"font-size: 12pt; font-family: helvetica; color: #000000;\">Kryepiskopi Anastas shoq\u00ebrohej nga Mitropoliti i Apollonis\u00eb, Nikolla, Mitropoliti i Amantias, Nathanaili (q\u00eb mor\u00ebn pjes\u00eb n\u00eb sh\u00ebrbesa) dhe klerik\u00eb t\u00eb tjer\u00eb.<\/span><\/p>\n<p style=\"text-align: justify;\">\n\t&nbsp;<\/p>\n<p style=\"text-align: center;\">\n\t<iframe allowfullscreen=\"\" frameborder=\"0\" height=\"315\" src=\"https:\/\/www.youtube.com\/embed\/CRA-7-DlhXk\" width=\"560\"><\/iframe><\/p>\n<p style=\"text-align: center;\">\n\t&nbsp;<\/p>\n<p style=\"text-align: justify;\">\n\t<img class=\"lazyload\" decoding=\"async\" alt=\"Photo: \" height=\"299\" src=\"data:image\/svg+xml,%3Csvg%20xmlns%3D%27http%3A%2F%2Fwww.w3.org%2F2000%2Fsvg%27%20width%3D%27450%27%20height%3D%27299%27%20viewBox%3D%270%200%20450%20299%27%3E%3Crect%20width%3D%27450%27%20height%3D%27299%27%20fill-opacity%3D%220%22%2F%3E%3C%2Fsvg%3E\" data-orig-src=\"https:\/\/lh3.googleusercontent.com\/loDLFVUx6xqsRfZzgnwLqqm3Ujr-kWhscw6R3SFFZhTewR86Rd8ytjAw1GSF0i7QIQ-DgrPcVzo=w1280-h1024-rw-no\" style=\"display: block; margin: 10px auto; border: 1px solid #000000;\" width=\"450\" \/><\/p>\n<p style=\"text-align: justify;\">\n\t<img class=\"lazyload\" decoding=\"async\" alt=\"Photo: \" height=\"361\" src=\"data:image\/svg+xml,%3Csvg%20xmlns%3D%27http%3A%2F%2Fwww.w3.org%2F2000%2Fsvg%27%20width%3D%27450%27%20height%3D%27361%27%20viewBox%3D%270%200%20450%20361%27%3E%3Crect%20width%3D%27450%27%20height%3D%27361%27%20fill-opacity%3D%220%22%2F%3E%3C%2Fsvg%3E\" data-orig-src=\"https:\/\/lh3.googleusercontent.com\/DlEMqjrGRzS1HSrVYO-5Uh4FpkjeSR7jjKuh_TzlWvzqkuoN5UGVUrAGCATw8aPnEszaimLqA3Q=w1280-h1024-rw-no\" style=\"display: block; margin: 10px auto; border: 1px solid #000000;\" width=\"450\" \/><\/p>\n<p style=\"text-align: justify;\">\n\t<img class=\"lazyload\" decoding=\"async\" alt=\"Photo: \" height=\"300\" src=\"data:image\/svg+xml,%3Csvg%20xmlns%3D%27http%3A%2F%2Fwww.w3.org%2F2000%2Fsvg%27%20width%3D%27450%27%20height%3D%27300%27%20viewBox%3D%270%200%20450%20300%27%3E%3Crect%20width%3D%27450%27%20height%3D%27300%27%20fill-opacity%3D%220%22%2F%3E%3C%2Fsvg%3E\" data-orig-src=\"https:\/\/lh3.googleusercontent.com\/P1m9wVlIojB3-Y7Wu59tQodqVnB-upD97rMWl9WaxXQeNlqdxNnas_SsoPFwdDA0DeYygX8JlHg=w1280-h1024-rw-no\" style=\"display: block; margin: 10px auto; border: 1px solid #000000;\" width=\"450\" \/><\/p>\n<p style=\"text-align: justify;\">\n\t<img class=\"lazyload\" decoding=\"async\" alt=\"Photo: \" height=\"675\" src=\"data:image\/svg+xml,%3Csvg%20xmlns%3D%27http%3A%2F%2Fwww.w3.org%2F2000%2Fsvg%27%20width%3D%27450%27%20height%3D%27675%27%20viewBox%3D%270%200%20450%20675%27%3E%3Crect%20width%3D%27450%27%20height%3D%27675%27%20fill-opacity%3D%220%22%2F%3E%3C%2Fsvg%3E\" data-orig-src=\"https:\/\/lh3.googleusercontent.com\/S7B0ub-Qij4MdZ1M94OI4LeBzCkyNK4oFlZ55EuJe4Uwddb2WMdGth5LXCQXjZp32Hhb_wH_WUk=w1280-h1024-rw-no\" style=\"display: block; margin: 10px auto; border: 1px solid #000000;\" width=\"450\" \/><\/p>\n<p style=\"text-align: justify;\">\n\t<img class=\"lazyload\" decoding=\"async\" alt=\"Photo: \" height=\"298\" src=\"data:image\/svg+xml,%3Csvg%20xmlns%3D%27http%3A%2F%2Fwww.w3.org%2F2000%2Fsvg%27%20width%3D%27450%27%20height%3D%27298%27%20viewBox%3D%270%200%20450%20298%27%3E%3Crect%20width%3D%27450%27%20height%3D%27298%27%20fill-opacity%3D%220%22%2F%3E%3C%2Fsvg%3E\" data-orig-src=\"https:\/\/lh3.googleusercontent.com\/FLnX5yIzZSA5M5O3RtI2Sp5iPgZDygDi9AbUUtH6Oq79WbdTe26ILwb3hZl7fgDU-vm5poboNjw=w1280-h1024-rw-no\" style=\"display: block; margin: 10px auto; border: 1px solid #000000;\" width=\"450\" \/><\/p>\n<p style=\"text-align: justify;\">\n\t<img class=\"lazyload\" decoding=\"async\" alt=\"Photo: \" height=\"253\" src=\"data:image\/svg+xml,%3Csvg%20xmlns%3D%27http%3A%2F%2Fwww.w3.org%2F2000%2Fsvg%27%20width%3D%27450%27%20height%3D%27253%27%20viewBox%3D%270%200%20450%20253%27%3E%3Crect%20width%3D%27450%27%20height%3D%27253%27%20fill-opacity%3D%220%22%2F%3E%3C%2Fsvg%3E\" data-orig-src=\"https:\/\/lh3.googleusercontent.com\/8edxu2laqf97pZZ00rANzVEo45m7pqqkJB6OM0px3kJHVm6ImpBQIPqc5phwwPpQ2Jy_d8TGeCs=w1280-h1024-rw-no\" style=\"display: block; margin: 10px auto; border: 1px solid #000000;\" width=\"450\" \/><\/p>\n<p style=\"text-align: justify;\">\n\t<img class=\"lazyload\" decoding=\"async\" alt=\"Photo: \" height=\"300\" src=\"data:image\/svg+xml,%3Csvg%20xmlns%3D%27http%3A%2F%2Fwww.w3.org%2F2000%2Fsvg%27%20width%3D%27450%27%20height%3D%27300%27%20viewBox%3D%270%200%20450%20300%27%3E%3Crect%20width%3D%27450%27%20height%3D%27300%27%20fill-opacity%3D%220%22%2F%3E%3C%2Fsvg%3E\" data-orig-src=\"https:\/\/lh3.googleusercontent.com\/lfmGaHJi2y10_hguRktMU7xcJFZPF842cQesh9yhbSSOrXvRn5Jfw44oQdFbctnKw8PuO4eUoCk=w1280-h1024-rw-no\" style=\"display: block; margin: 10px auto; border: 1px solid #000000;\" width=\"450\" \/><\/p>\n<p style=\"text-align: justify;\">\n\t<img class=\"lazyload\" decoding=\"async\" alt=\"Photo: \" height=\"300\" src=\"data:image\/svg+xml,%3Csvg%20xmlns%3D%27http%3A%2F%2Fwww.w3.org%2F2000%2Fsvg%27%20width%3D%27450%27%20height%3D%27300%27%20viewBox%3D%270%200%20450%20300%27%3E%3Crect%20width%3D%27450%27%20height%3D%27300%27%20fill-opacity%3D%220%22%2F%3E%3C%2Fsvg%3E\" data-orig-src=\"https:\/\/lh3.googleusercontent.com\/37Rdwe-7cxxJVCX4u5WZUaK2aiWIwTouh7-I14HMwFpLSE0eS3Tip654vwRmF1t5wIrAtDzuH_8=w1280-h1024-rw-no\" style=\"display: block; margin: 10px auto; border: 1px solid #000000;\" width=\"450\" \/><\/p>\n<p style=\"text-align: justify;\">\n\t<img class=\"lazyload\" decoding=\"async\" alt=\"Photo: \" height=\"300\" src=\"data:image\/svg+xml,%3Csvg%20xmlns%3D%27http%3A%2F%2Fwww.w3.org%2F2000%2Fsvg%27%20width%3D%27450%27%20height%3D%27300%27%20viewBox%3D%270%200%20450%20300%27%3E%3Crect%20width%3D%27450%27%20height%3D%27300%27%20fill-opacity%3D%220%22%2F%3E%3C%2Fsvg%3E\" data-orig-src=\"https:\/\/lh3.googleusercontent.com\/Rwwm2vKs77KDZ37oghtk0OI72DbmiUfxz1G_T8OSLt9Qwkjua6p4neL7AXgroALLH4afidQj7yM=w1280-h1024-rw-no\" style=\"display: block; margin: 10px auto; border: 1px solid #000000;\" width=\"450\" \/><\/p>\n<p style=\"text-align: justify;\">\n\t<img class=\"lazyload\" decoding=\"async\" alt=\"Photo: \" height=\"300\" src=\"data:image\/svg+xml,%3Csvg%20xmlns%3D%27http%3A%2F%2Fwww.w3.org%2F2000%2Fsvg%27%20width%3D%27450%27%20height%3D%27300%27%20viewBox%3D%270%200%20450%20300%27%3E%3Crect%20width%3D%27450%27%20height%3D%27300%27%20fill-opacity%3D%220%22%2F%3E%3C%2Fsvg%3E\" data-orig-src=\"https:\/\/lh3.googleusercontent.com\/MlIlqj3uZN8HoCH2niqE8AcLxhJ57FQAiOXghrVqSBzUfmM261g4i33Ajwsc11f-MPos35JyIFY=w1280-h1024-rw-no\" style=\"display: block; margin: 10px auto; border: 1px solid #000000;\" width=\"450\" \/><\/p>\n<p style=\"text-align: justify;\">\n\t<img class=\"lazyload\" decoding=\"async\" alt=\"Photo: \" height=\"300\" src=\"data:image\/svg+xml,%3Csvg%20xmlns%3D%27http%3A%2F%2Fwww.w3.org%2F2000%2Fsvg%27%20width%3D%27450%27%20height%3D%27300%27%20viewBox%3D%270%200%20450%20300%27%3E%3Crect%20width%3D%27450%27%20height%3D%27300%27%20fill-opacity%3D%220%22%2F%3E%3C%2Fsvg%3E\" data-orig-src=\"https:\/\/lh3.googleusercontent.com\/5sLCaD_IE8IbTKnSFYkoO0leQw2y8TV7RErmb0n9zCpQuM5noq9UvJYBn9xod6IXqFrWCKSX7P8=w1280-h1024-rw-no\" style=\"display: block; margin: 10px auto; border: 1px solid #000000;\" width=\"450\" \/><\/p>\n<p style=\"text-align: justify;\">\n\t&nbsp;<\/p>\n","protected":false},"excerpt":{"rendered":"<p>&nbsp; T\u00eb diel\u00ebn, 25 shtator 2016, n\u00eb qytetin e Tivarit, Mali i Zi, u krye shenjt\u00ebrimi i Kish\u00ebs s\u00eb re Katedrale, e cila i kushtohet Sh\u00ebn Joan Vladimirit. Sh\u00ebrbesa e Shenjt\u00ebrimit dhe Liturgjia Hyjnore u kryesuan nga Patriarku i Jerusalemit, Theofili, i ndihmuar nga Patriarku i Serbis\u00eb, Irineu, Kryepiskopi i Tiran\u00ebs, Durr\u00ebsit dhe i Gjith\u00eb Shqip\u00ebris\u00eb, Anastasi, hierark\u00eb p\u00ebrfaq\u00ebsues nga Kishat e tjera Orthodhokse, Mitropoliti<\/p>\n","protected":false},"author":1,"featured_media":4776,"comment_status":"open","ping_status":"open","sticky":false,"template":"","format":"standard","meta":{"_acf_changed":false,"pagelayer_contact_templates":[],"_pagelayer_content":"","inline_featured_image":false,"fifu_image_url":"","fifu_image_alt":"","footnotes":""},"categories":[108],"tags":[204,196,201,212,171],"class_list":["post-4775","post","type-post","status-publish","format-standard","has-post-thumbnail","hentry","category-lajme","tag-204","tag-tirane","tag-kryepiskopi-anastas","tag-lajme-d27","tag-shenjterime"],"acf":[],"yoast_head":"<!-- This site is optimized with the Yoast SEO plugin v27.2 - https:\/\/yoast.com\/product\/yoast-seo-wordpress\/ -->\n<title>P\u00ebrfaq\u00ebsi e kish\u00ebs orthodhokse mori pjes\u00eb n\u00eb shenjt\u00ebrimin e katedrales p\u00ebr nder t\u00eb sh\u00ebn Joan Vladimirit n\u00eb Tivar - Kisha Orthodh\u03bfkse Autoqefale e Shqip\u00ebris\u00eb<\/title>\n<meta name=\"robots\" content=\"index, follow, max-snippet:-1, max-image-preview:large, max-video-preview:-1\" \/>\n<link rel=\"canonical\" href=\"https:\/\/orthodoxalbania.org\/2020\/2016\/10\/01\/perfaqesi-e-kishes-orthodhokse-mori-pjese-ne-shenjterimin-e-kishes-per-nder-te-shen-joan-vladimirit-ne-tivar\/\" \/>\n<meta property=\"og:locale\" content=\"en_US\" \/>\n<meta property=\"og:type\" content=\"article\" \/>\n<meta property=\"og:title\" content=\"P\u00ebrfaq\u00ebsi e kish\u00ebs orthodhokse mori pjes\u00eb n\u00eb shenjt\u00ebrimin e katedrales p\u00ebr nder t\u00eb sh\u00ebn Joan Vladimirit n\u00eb Tivar - Kisha Orthodh\u03bfkse Autoqefale e Shqip\u00ebris\u00eb\" \/>\n<meta property=\"og:description\" content=\"&nbsp; T\u00eb diel\u00ebn, 25 shtator 2016, n\u00eb qytetin e Tivarit, Mali i Zi, u krye shenjt\u00ebrimi i Kish\u00ebs s\u00eb re Katedrale, e cila i kushtohet Sh\u00ebn Joan Vladimirit. Sh\u00ebrbesa e Shenjt\u00ebrimit dhe Liturgjia Hyjnore u kryesuan nga Patriarku i Jerusalemit, Theofili, i ndihmuar nga Patriarku i Serbis\u00eb, Irineu, Kryepiskopi i Tiran\u00ebs, Durr\u00ebsit dhe i Gjith\u00eb Shqip\u00ebris\u00eb, Anastasi, hierark\u00eb p\u00ebrfaq\u00ebsues nga Kishat e tjera Orthodhokse, Mitropoliti\" \/>\n<meta property=\"og:url\" content=\"https:\/\/orthodoxalbania.org\/2020\/2016\/10\/01\/perfaqesi-e-kishes-orthodhokse-mori-pjese-ne-shenjterimin-e-kishes-per-nder-te-shen-joan-vladimirit-ne-tivar\/\" \/>\n<meta property=\"og:site_name\" content=\"Kisha Orthodh\u03bfkse Autoqefale e Shqip\u00ebris\u00eb\" \/>\n<meta property=\"article:publisher\" content=\"https:\/\/www.facebook.com\/koash1991\" \/>\n<meta property=\"article:published_time\" content=\"2016-10-01T09:55:19+00:00\" \/>\n<meta property=\"article:modified_time\" content=\"2020-04-06T20:01:54+00:00\" \/>\n<meta property=\"og:image\" content=\"https:\/\/orthodoxalbania.org\/2020\/wp-content\/uploads\/2020\/04\/loDLFVUx6xqsRfZzgnwLqqm3Ujr-kWhscw6R3SFFZhTewR86Rd8ytjAw1GSF0i7QIQ-DgrPcVzo-w1280-h1024-rw-no.jpg\" \/>\n\t<meta property=\"og:image:width\" content=\"150\" \/>\n\t<meta property=\"og:image:height\" content=\"150\" \/>\n\t<meta property=\"og:image:type\" content=\"image\/jpeg\" \/>\n<meta name=\"author\" content=\"Kisha Orthodhokse\" \/>\n<meta name=\"twitter:card\" content=\"summary_large_image\" \/>\n<meta name=\"twitter:label1\" content=\"Written by\" \/>\n\t<meta name=\"twitter:data1\" content=\"Kisha Orthodhokse\" \/>\n\t<meta name=\"twitter:label2\" content=\"Est. reading time\" \/>\n\t<meta name=\"twitter:data2\" content=\"1 minute\" \/>\n<script type=\"application\/ld+json\" class=\"yoast-schema-graph\">{\"@context\":\"https:\/\/schema.org\",\"@graph\":[{\"@type\":\"Article\",\"@id\":\"https:\/\/orthodoxalbania.org\/2020\/2016\/10\/01\/perfaqesi-e-kishes-orthodhokse-mori-pjese-ne-shenjterimin-e-kishes-per-nder-te-shen-joan-vladimirit-ne-tivar\/#article\",\"isPartOf\":{\"@id\":\"https:\/\/orthodoxalbania.org\/2020\/2016\/10\/01\/perfaqesi-e-kishes-orthodhokse-mori-pjese-ne-shenjterimin-e-kishes-per-nder-te-shen-joan-vladimirit-ne-tivar\/\"},\"author\":{\"name\":\"Kisha Orthodhokse\",\"@id\":\"https:\/\/orthodoxalbania.org\/2020\/#\/schema\/person\/0c387634a7063ac612d7ed9ce71c7e86\"},\"headline\":\"P\u00ebrfaq\u00ebsi e kish\u00ebs orthodhokse mori pjes\u00eb n\u00eb shenjt\u00ebrimin e katedrales p\u00ebr nder t\u00eb sh\u00ebn Joan Vladimirit n\u00eb Tivar\",\"datePublished\":\"2016-10-01T09:55:19+00:00\",\"dateModified\":\"2020-04-06T20:01:54+00:00\",\"mainEntityOfPage\":{\"@id\":\"https:\/\/orthodoxalbania.org\/2020\/2016\/10\/01\/perfaqesi-e-kishes-orthodhokse-mori-pjese-ne-shenjterimin-e-kishes-per-nder-te-shen-joan-vladimirit-ne-tivar\/\"},\"wordCount\":217,\"commentCount\":0,\"publisher\":{\"@id\":\"https:\/\/orthodoxalbania.org\/2020\/#organization\"},\"image\":{\"@id\":\"https:\/\/orthodoxalbania.org\/2020\/2016\/10\/01\/perfaqesi-e-kishes-orthodhokse-mori-pjese-ne-shenjterimin-e-kishes-per-nder-te-shen-joan-vladimirit-ne-tivar\/#primaryimage\"},\"thumbnailUrl\":\"https:\/\/orthodoxalbania.org\/2020\/wp-content\/uploads\/2020\/04\/loDLFVUx6xqsRfZzgnwLqqm3Ujr-kWhscw6R3SFFZhTewR86Rd8ytjAw1GSF0i7QIQ-DgrPcVzo-w1280-h1024-rw-no.jpg\",\"keywords\":[\"2016\",\"Kryepiskopata Tiran\u00eb\",\"Kryepiskopi Anastas\",\"lajme\",\"Shenjt\u00ebrime\"],\"articleSection\":[\"Lajme\"],\"inLanguage\":\"en-US\"},{\"@type\":\"WebPage\",\"@id\":\"https:\/\/orthodoxalbania.org\/2020\/2016\/10\/01\/perfaqesi-e-kishes-orthodhokse-mori-pjese-ne-shenjterimin-e-kishes-per-nder-te-shen-joan-vladimirit-ne-tivar\/\",\"url\":\"https:\/\/orthodoxalbania.org\/2020\/2016\/10\/01\/perfaqesi-e-kishes-orthodhokse-mori-pjese-ne-shenjterimin-e-kishes-per-nder-te-shen-joan-vladimirit-ne-tivar\/\",\"name\":\"P\u00ebrfaq\u00ebsi e kish\u00ebs orthodhokse mori pjes\u00eb n\u00eb shenjt\u00ebrimin e katedrales p\u00ebr nder t\u00eb sh\u00ebn Joan Vladimirit n\u00eb Tivar - Kisha Orthodh\u03bfkse Autoqefale e Shqip\u00ebris\u00eb\",\"isPartOf\":{\"@id\":\"https:\/\/orthodoxalbania.org\/2020\/#website\"},\"primaryImageOfPage\":{\"@id\":\"https:\/\/orthodoxalbania.org\/2020\/2016\/10\/01\/perfaqesi-e-kishes-orthodhokse-mori-pjese-ne-shenjterimin-e-kishes-per-nder-te-shen-joan-vladimirit-ne-tivar\/#primaryimage\"},\"image\":{\"@id\":\"https:\/\/orthodoxalbania.org\/2020\/2016\/10\/01\/perfaqesi-e-kishes-orthodhokse-mori-pjese-ne-shenjterimin-e-kishes-per-nder-te-shen-joan-vladimirit-ne-tivar\/#primaryimage\"},\"thumbnailUrl\":\"https:\/\/orthodoxalbania.org\/2020\/wp-content\/uploads\/2020\/04\/loDLFVUx6xqsRfZzgnwLqqm3Ujr-kWhscw6R3SFFZhTewR86Rd8ytjAw1GSF0i7QIQ-DgrPcVzo-w1280-h1024-rw-no.jpg\",\"datePublished\":\"2016-10-01T09:55:19+00:00\",\"dateModified\":\"2020-04-06T20:01:54+00:00\",\"breadcrumb\":{\"@id\":\"https:\/\/orthodoxalbania.org\/2020\/2016\/10\/01\/perfaqesi-e-kishes-orthodhokse-mori-pjese-ne-shenjterimin-e-kishes-per-nder-te-shen-joan-vladimirit-ne-tivar\/#breadcrumb\"},\"inLanguage\":\"en-US\",\"potentialAction\":[{\"@type\":\"ReadAction\",\"target\":[\"https:\/\/orthodoxalbania.org\/2020\/2016\/10\/01\/perfaqesi-e-kishes-orthodhokse-mori-pjese-ne-shenjterimin-e-kishes-per-nder-te-shen-joan-vladimirit-ne-tivar\/\"]}]},{\"@type\":\"ImageObject\",\"inLanguage\":\"en-US\",\"@id\":\"https:\/\/orthodoxalbania.org\/2020\/2016\/10\/01\/perfaqesi-e-kishes-orthodhokse-mori-pjese-ne-shenjterimin-e-kishes-per-nder-te-shen-joan-vladimirit-ne-tivar\/#primaryimage\",\"url\":\"https:\/\/orthodoxalbania.org\/2020\/wp-content\/uploads\/2020\/04\/loDLFVUx6xqsRfZzgnwLqqm3Ujr-kWhscw6R3SFFZhTewR86Rd8ytjAw1GSF0i7QIQ-DgrPcVzo-w1280-h1024-rw-no.jpg\",\"contentUrl\":\"https:\/\/orthodoxalbania.org\/2020\/wp-content\/uploads\/2020\/04\/loDLFVUx6xqsRfZzgnwLqqm3Ujr-kWhscw6R3SFFZhTewR86Rd8ytjAw1GSF0i7QIQ-DgrPcVzo-w1280-h1024-rw-no.jpg\",\"width\":150,\"height\":150},{\"@type\":\"BreadcrumbList\",\"@id\":\"https:\/\/orthodoxalbania.org\/2020\/2016\/10\/01\/perfaqesi-e-kishes-orthodhokse-mori-pjese-ne-shenjterimin-e-kishes-per-nder-te-shen-joan-vladimirit-ne-tivar\/#breadcrumb\",\"itemListElement\":[{\"@type\":\"ListItem\",\"position\":1,\"name\":\"Home\",\"item\":\"https:\/\/orthodoxalbania.org\/2020\/\"},{\"@type\":\"ListItem\",\"position\":2,\"name\":\"P\u00ebrfaq\u00ebsi e kish\u00ebs orthodhokse mori pjes\u00eb n\u00eb shenjt\u00ebrimin e katedrales p\u00ebr nder t\u00eb sh\u00ebn Joan Vladimirit n\u00eb Tivar\"}]},{\"@type\":\"WebSite\",\"@id\":\"https:\/\/orthodoxalbania.org\/2020\/#website\",\"url\":\"https:\/\/orthodoxalbania.org\/2020\/\",\"name\":\"Kisha Orthodh\u03bfkse Autoqefale e Shqip\u00ebris\u00eb\",\"description\":\"Fqja Zyrtare e Kish\u00ebs Orthodhokse Autoqefale e Shqip\u00ebris\u00eb me lajmet edhe informacionet zyrtare p\u00ebr struktur\u00ebn edhe veprimtarin e saj.\",\"publisher\":{\"@id\":\"https:\/\/orthodoxalbania.org\/2020\/#organization\"},\"potentialAction\":[{\"@type\":\"SearchAction\",\"target\":{\"@type\":\"EntryPoint\",\"urlTemplate\":\"https:\/\/orthodoxalbania.org\/2020\/?s={search_term_string}\"},\"query-input\":{\"@type\":\"PropertyValueSpecification\",\"valueRequired\":true,\"valueName\":\"search_term_string\"}}],\"inLanguage\":\"en-US\"},{\"@type\":\"Organization\",\"@id\":\"https:\/\/orthodoxalbania.org\/2020\/#organization\",\"name\":\"Kisha Orthodhokse Autoqefale e Shqip\u00ebris\u00eb\",\"url\":\"https:\/\/orthodoxalbania.org\/2020\/\",\"logo\":{\"@type\":\"ImageObject\",\"inLanguage\":\"en-US\",\"@id\":\"https:\/\/orthodoxalbania.org\/2020\/#\/schema\/logo\/image\/\",\"url\":\"https:\/\/orthodoxalbania.org\/2020\/wp-content\/uploads\/2020\/05\/albania.jpeg\",\"contentUrl\":\"https:\/\/orthodoxalbania.org\/2020\/wp-content\/uploads\/2020\/05\/albania.jpeg\",\"width\":540,\"height\":540,\"caption\":\"Kisha Orthodhokse Autoqefale e Shqip\u00ebris\u00eb\"},\"image\":{\"@id\":\"https:\/\/orthodoxalbania.org\/2020\/#\/schema\/logo\/image\/\"},\"sameAs\":[\"https:\/\/www.facebook.com\/koash1991\"]},{\"@type\":\"Person\",\"@id\":\"https:\/\/orthodoxalbania.org\/2020\/#\/schema\/person\/0c387634a7063ac612d7ed9ce71c7e86\",\"name\":\"Kisha Orthodhokse\",\"image\":{\"@type\":\"ImageObject\",\"inLanguage\":\"en-US\",\"@id\":\"https:\/\/secure.gravatar.com\/avatar\/596e7c417251e30f2fbb9c00e026fce61a695a00e51c889caded71c96cbbdde5?s=96&d=mm&r=g\",\"url\":\"https:\/\/secure.gravatar.com\/avatar\/596e7c417251e30f2fbb9c00e026fce61a695a00e51c889caded71c96cbbdde5?s=96&d=mm&r=g\",\"contentUrl\":\"https:\/\/secure.gravatar.com\/avatar\/596e7c417251e30f2fbb9c00e026fce61a695a00e51c889caded71c96cbbdde5?s=96&d=mm&r=g\",\"caption\":\"Kisha Orthodhokse\"}}]}<\/script>\n<!-- \/ Yoast SEO plugin. -->","yoast_head_json":{"title":"P\u00ebrfaq\u00ebsi e kish\u00ebs orthodhokse mori pjes\u00eb n\u00eb shenjt\u00ebrimin e katedrales p\u00ebr nder t\u00eb sh\u00ebn Joan Vladimirit n\u00eb Tivar - Kisha Orthodh\u03bfkse Autoqefale e Shqip\u00ebris\u00eb","robots":{"index":"index","follow":"follow","max-snippet":"max-snippet:-1","max-image-preview":"max-image-preview:large","max-video-preview":"max-video-preview:-1"},"canonical":"https:\/\/orthodoxalbania.org\/2020\/2016\/10\/01\/perfaqesi-e-kishes-orthodhokse-mori-pjese-ne-shenjterimin-e-kishes-per-nder-te-shen-joan-vladimirit-ne-tivar\/","og_locale":"en_US","og_type":"article","og_title":"P\u00ebrfaq\u00ebsi e kish\u00ebs orthodhokse mori pjes\u00eb n\u00eb shenjt\u00ebrimin e katedrales p\u00ebr nder t\u00eb sh\u00ebn Joan Vladimirit n\u00eb Tivar - Kisha Orthodh\u03bfkse Autoqefale e Shqip\u00ebris\u00eb","og_description":"&nbsp; T\u00eb diel\u00ebn, 25 shtator 2016, n\u00eb qytetin e Tivarit, Mali i Zi, u krye shenjt\u00ebrimi i Kish\u00ebs s\u00eb re Katedrale, e cila i kushtohet Sh\u00ebn Joan Vladimirit. Sh\u00ebrbesa e Shenjt\u00ebrimit dhe Liturgjia Hyjnore u kryesuan nga Patriarku i Jerusalemit, Theofili, i ndihmuar nga Patriarku i Serbis\u00eb, Irineu, Kryepiskopi i Tiran\u00ebs, Durr\u00ebsit dhe i Gjith\u00eb Shqip\u00ebris\u00eb, Anastasi, hierark\u00eb p\u00ebrfaq\u00ebsues nga Kishat e tjera Orthodhokse, Mitropoliti","og_url":"https:\/\/orthodoxalbania.org\/2020\/2016\/10\/01\/perfaqesi-e-kishes-orthodhokse-mori-pjese-ne-shenjterimin-e-kishes-per-nder-te-shen-joan-vladimirit-ne-tivar\/","og_site_name":"Kisha Orthodh\u03bfkse Autoqefale e Shqip\u00ebris\u00eb","article_publisher":"https:\/\/www.facebook.com\/koash1991","article_published_time":"2016-10-01T09:55:19+00:00","article_modified_time":"2020-04-06T20:01:54+00:00","og_image":[{"width":150,"height":150,"url":"https:\/\/orthodoxalbania.org\/2020\/wp-content\/uploads\/2020\/04\/loDLFVUx6xqsRfZzgnwLqqm3Ujr-kWhscw6R3SFFZhTewR86Rd8ytjAw1GSF0i7QIQ-DgrPcVzo-w1280-h1024-rw-no.jpg","type":"image\/jpeg"}],"author":"Kisha Orthodhokse","twitter_card":"summary_large_image","twitter_misc":{"Written by":"Kisha Orthodhokse","Est. reading time":"1 minute"},"schema":{"@context":"https:\/\/schema.org","@graph":[{"@type":"Article","@id":"https:\/\/orthodoxalbania.org\/2020\/2016\/10\/01\/perfaqesi-e-kishes-orthodhokse-mori-pjese-ne-shenjterimin-e-kishes-per-nder-te-shen-joan-vladimirit-ne-tivar\/#article","isPartOf":{"@id":"https:\/\/orthodoxalbania.org\/2020\/2016\/10\/01\/perfaqesi-e-kishes-orthodhokse-mori-pjese-ne-shenjterimin-e-kishes-per-nder-te-shen-joan-vladimirit-ne-tivar\/"},"author":{"name":"Kisha Orthodhokse","@id":"https:\/\/orthodoxalbania.org\/2020\/#\/schema\/person\/0c387634a7063ac612d7ed9ce71c7e86"},"headline":"P\u00ebrfaq\u00ebsi e kish\u00ebs orthodhokse mori pjes\u00eb n\u00eb shenjt\u00ebrimin e katedrales p\u00ebr nder t\u00eb sh\u00ebn Joan Vladimirit n\u00eb Tivar","datePublished":"2016-10-01T09:55:19+00:00","dateModified":"2020-04-06T20:01:54+00:00","mainEntityOfPage":{"@id":"https:\/\/orthodoxalbania.org\/2020\/2016\/10\/01\/perfaqesi-e-kishes-orthodhokse-mori-pjese-ne-shenjterimin-e-kishes-per-nder-te-shen-joan-vladimirit-ne-tivar\/"},"wordCount":217,"commentCount":0,"publisher":{"@id":"https:\/\/orthodoxalbania.org\/2020\/#organization"},"image":{"@id":"https:\/\/orthodoxalbania.org\/2020\/2016\/10\/01\/perfaqesi-e-kishes-orthodhokse-mori-pjese-ne-shenjterimin-e-kishes-per-nder-te-shen-joan-vladimirit-ne-tivar\/#primaryimage"},"thumbnailUrl":"https:\/\/orthodoxalbania.org\/2020\/wp-content\/uploads\/2020\/04\/loDLFVUx6xqsRfZzgnwLqqm3Ujr-kWhscw6R3SFFZhTewR86Rd8ytjAw1GSF0i7QIQ-DgrPcVzo-w1280-h1024-rw-no.jpg","keywords":["2016","Kryepiskopata Tiran\u00eb","Kryepiskopi Anastas","lajme","Shenjt\u00ebrime"],"articleSection":["Lajme"],"inLanguage":"en-US"},{"@type":"WebPage","@id":"https:\/\/orthodoxalbania.org\/2020\/2016\/10\/01\/perfaqesi-e-kishes-orthodhokse-mori-pjese-ne-shenjterimin-e-kishes-per-nder-te-shen-joan-vladimirit-ne-tivar\/","url":"https:\/\/orthodoxalbania.org\/2020\/2016\/10\/01\/perfaqesi-e-kishes-orthodhokse-mori-pjese-ne-shenjterimin-e-kishes-per-nder-te-shen-joan-vladimirit-ne-tivar\/","name":"P\u00ebrfaq\u00ebsi e kish\u00ebs orthodhokse mori pjes\u00eb n\u00eb shenjt\u00ebrimin e katedrales p\u00ebr nder t\u00eb sh\u00ebn Joan Vladimirit n\u00eb Tivar - Kisha Orthodh\u03bfkse Autoqefale e Shqip\u00ebris\u00eb","isPartOf":{"@id":"https:\/\/orthodoxalbania.org\/2020\/#website"},"primaryImageOfPage":{"@id":"https:\/\/orthodoxalbania.org\/2020\/2016\/10\/01\/perfaqesi-e-kishes-orthodhokse-mori-pjese-ne-shenjterimin-e-kishes-per-nder-te-shen-joan-vladimirit-ne-tivar\/#primaryimage"},"image":{"@id":"https:\/\/orthodoxalbania.org\/2020\/2016\/10\/01\/perfaqesi-e-kishes-orthodhokse-mori-pjese-ne-shenjterimin-e-kishes-per-nder-te-shen-joan-vladimirit-ne-tivar\/#primaryimage"},"thumbnailUrl":"https:\/\/orthodoxalbania.org\/2020\/wp-content\/uploads\/2020\/04\/loDLFVUx6xqsRfZzgnwLqqm3Ujr-kWhscw6R3SFFZhTewR86Rd8ytjAw1GSF0i7QIQ-DgrPcVzo-w1280-h1024-rw-no.jpg","datePublished":"2016-10-01T09:55:19+00:00","dateModified":"2020-04-06T20:01:54+00:00","breadcrumb":{"@id":"https:\/\/orthodoxalbania.org\/2020\/2016\/10\/01\/perfaqesi-e-kishes-orthodhokse-mori-pjese-ne-shenjterimin-e-kishes-per-nder-te-shen-joan-vladimirit-ne-tivar\/#breadcrumb"},"inLanguage":"en-US","potentialAction":[{"@type":"ReadAction","target":["https:\/\/orthodoxalbania.org\/2020\/2016\/10\/01\/perfaqesi-e-kishes-orthodhokse-mori-pjese-ne-shenjterimin-e-kishes-per-nder-te-shen-joan-vladimirit-ne-tivar\/"]}]},{"@type":"ImageObject","inLanguage":"en-US","@id":"https:\/\/orthodoxalbania.org\/2020\/2016\/10\/01\/perfaqesi-e-kishes-orthodhokse-mori-pjese-ne-shenjterimin-e-kishes-per-nder-te-shen-joan-vladimirit-ne-tivar\/#primaryimage","url":"https:\/\/orthodoxalbania.org\/2020\/wp-content\/uploads\/2020\/04\/loDLFVUx6xqsRfZzgnwLqqm3Ujr-kWhscw6R3SFFZhTewR86Rd8ytjAw1GSF0i7QIQ-DgrPcVzo-w1280-h1024-rw-no.jpg","contentUrl":"https:\/\/orthodoxalbania.org\/2020\/wp-content\/uploads\/2020\/04\/loDLFVUx6xqsRfZzgnwLqqm3Ujr-kWhscw6R3SFFZhTewR86Rd8ytjAw1GSF0i7QIQ-DgrPcVzo-w1280-h1024-rw-no.jpg","width":150,"height":150},{"@type":"BreadcrumbList","@id":"https:\/\/orthodoxalbania.org\/2020\/2016\/10\/01\/perfaqesi-e-kishes-orthodhokse-mori-pjese-ne-shenjterimin-e-kishes-per-nder-te-shen-joan-vladimirit-ne-tivar\/#breadcrumb","itemListElement":[{"@type":"ListItem","position":1,"name":"Home","item":"https:\/\/orthodoxalbania.org\/2020\/"},{"@type":"ListItem","position":2,"name":"P\u00ebrfaq\u00ebsi e kish\u00ebs orthodhokse mori pjes\u00eb n\u00eb shenjt\u00ebrimin e katedrales p\u00ebr nder t\u00eb sh\u00ebn Joan Vladimirit n\u00eb Tivar"}]},{"@type":"WebSite","@id":"https:\/\/orthodoxalbania.org\/2020\/#website","url":"https:\/\/orthodoxalbania.org\/2020\/","name":"Kisha Orthodh\u03bfkse Autoqefale e Shqip\u00ebris\u00eb","description":"Fqja Zyrtare e Kish\u00ebs Orthodhokse Autoqefale e Shqip\u00ebris\u00eb me lajmet edhe informacionet zyrtare p\u00ebr struktur\u00ebn edhe veprimtarin e saj.","publisher":{"@id":"https:\/\/orthodoxalbania.org\/2020\/#organization"},"potentialAction":[{"@type":"SearchAction","target":{"@type":"EntryPoint","urlTemplate":"https:\/\/orthodoxalbania.org\/2020\/?s={search_term_string}"},"query-input":{"@type":"PropertyValueSpecification","valueRequired":true,"valueName":"search_term_string"}}],"inLanguage":"en-US"},{"@type":"Organization","@id":"https:\/\/orthodoxalbania.org\/2020\/#organization","name":"Kisha Orthodhokse Autoqefale e Shqip\u00ebris\u00eb","url":"https:\/\/orthodoxalbania.org\/2020\/","logo":{"@type":"ImageObject","inLanguage":"en-US","@id":"https:\/\/orthodoxalbania.org\/2020\/#\/schema\/logo\/image\/","url":"https:\/\/orthodoxalbania.org\/2020\/wp-content\/uploads\/2020\/05\/albania.jpeg","contentUrl":"https:\/\/orthodoxalbania.org\/2020\/wp-content\/uploads\/2020\/05\/albania.jpeg","width":540,"height":540,"caption":"Kisha Orthodhokse Autoqefale e Shqip\u00ebris\u00eb"},"image":{"@id":"https:\/\/orthodoxalbania.org\/2020\/#\/schema\/logo\/image\/"},"sameAs":["https:\/\/www.facebook.com\/koash1991"]},{"@type":"Person","@id":"https:\/\/orthodoxalbania.org\/2020\/#\/schema\/person\/0c387634a7063ac612d7ed9ce71c7e86","name":"Kisha Orthodhokse","image":{"@type":"ImageObject","inLanguage":"en-US","@id":"https:\/\/secure.gravatar.com\/avatar\/596e7c417251e30f2fbb9c00e026fce61a695a00e51c889caded71c96cbbdde5?s=96&d=mm&r=g","url":"https:\/\/secure.gravatar.com\/avatar\/596e7c417251e30f2fbb9c00e026fce61a695a00e51c889caded71c96cbbdde5?s=96&d=mm&r=g","contentUrl":"https:\/\/secure.gravatar.com\/avatar\/596e7c417251e30f2fbb9c00e026fce61a695a00e51c889caded71c96cbbdde5?s=96&d=mm&r=g","caption":"Kisha Orthodhokse"}}]}},"_links":{"self":[{"href":"https:\/\/orthodoxalbania.org\/2020\/wp-json\/wp\/v2\/posts\/4775","targetHints":{"allow":["GET"]}}],"collection":[{"href":"https:\/\/orthodoxalbania.org\/2020\/wp-json\/wp\/v2\/posts"}],"about":[{"href":"https:\/\/orthodoxalbania.org\/2020\/wp-json\/wp\/v2\/types\/post"}],"author":[{"embeddable":true,"href":"https:\/\/orthodoxalbania.org\/2020\/wp-json\/wp\/v2\/users\/1"}],"replies":[{"embeddable":true,"href":"https:\/\/orthodoxalbania.org\/2020\/wp-json\/wp\/v2\/comments?post=4775"}],"version-history":[{"count":1,"href":"https:\/\/orthodoxalbania.org\/2020\/wp-json\/wp\/v2\/posts\/4775\/revisions"}],"predecessor-version":[{"id":14876,"href":"https:\/\/orthodoxalbania.org\/2020\/wp-json\/wp\/v2\/posts\/4775\/revisions\/14876"}],"wp:featuredmedia":[{"embeddable":true,"href":"https:\/\/orthodoxalbania.org\/2020\/wp-json\/wp\/v2\/media\/4776"}],"wp:attachment":[{"href":"https:\/\/orthodoxalbania.org\/2020\/wp-json\/wp\/v2\/media?parent=4775"}],"wp:term":[{"taxonomy":"category","embeddable":true,"href":"https:\/\/orthodoxalbania.org\/2020\/wp-json\/wp\/v2\/categories?post=4775"},{"taxonomy":"post_tag","embeddable":true,"href":"https:\/\/orthodoxalbania.org\/2020\/wp-json\/wp\/v2\/tags?post=4775"}],"curies":[{"name":"wp","href":"https:\/\/api.w.org\/{rel}","templated":true}]}}