{"id":477,"date":"2013-03-21T10:27:49","date_gmt":"2013-03-21T10:27:49","guid":{"rendered":""},"modified":"2020-04-06T22:31:54","modified_gmt":"2020-04-06T20:31:54","slug":"dy-episkope-te-rinj-ne-kishen-orthodhokse-autoqefale-te-shqiperise","status":"publish","type":"post","link":"https:\/\/orthodoxalbania.org\/2020\/2013\/03\/21\/dy-episkope-te-rinj-ne-kishen-orthodhokse-autoqefale-te-shqiperise\/","title":{"rendered":"Dy episkop\u00eb t\u00eb rinj n\u00eb Kish\u00ebn Orthodhokse Autoqefale t\u00eb Shqip\u00ebris\u00eb. (23 Janar 2012)"},"content":{"rendered":"<div><span style=\"font-family: helvetica; font-size: 12pt;\"><\/span><\/div>\n<div style=\"text-align: center;\"><span style=\"font-family: helvetica; font-size: 12pt;\"><\/span><\/div>\n<div style=\"text-align: center;\"><span style=\"font-family: helvetica; font-size: 12pt;\"><\/span><\/div>\n<div style=\"text-align: center;\"><span style=\"color: #000000; font-family: helvetica; font-size: 12pt;\"><img decoding=\"async\" class=\"lazyload HAa Eha\" style=\"height: 264px; width: 300px; border-width: 1px; border-style: solid; margin: 10px;\" alt=\"\" src=\"data:image\/gif;base64,R0lGODlhAQABAAAAACH5BAEKAAEALAAAAAABAAEAAAICTAEAOw==\" data-orig-src=\"https:\/\/lh6.googleusercontent.com\/-w5UHc1sN4V8\/VARa5iZtlkI\/AAAAAAAACuc\/HG2xutrqpFg\/w681-h600-no\/IMG_1394_681x600.jpg\" \/><br \/> &nbsp;&nbsp;&nbsp;&nbsp;&nbsp;&nbsp;&nbsp;<\/span><\/div>\n<div style=\"text-align: justify;\"><span style=\"color: #000000; font-family: helvetica; font-size: 12pt;\">&nbsp;&nbsp;&nbsp; Pas propozimit t\u00eb K\u00ebshillit Kleriko-Laik, si\u00e7 e p\u00ebrcakton Statuti i ri i Kish\u00ebs son\u00eb, t\u00eb enjte, 19 janar 2012, n\u00eb mbledhjen e tij Sinodi i Shenjt\u00eb i Kish\u00ebs Orthodhokse Autoqefale t\u00eb Shqip\u00ebris\u00eb, zgjodhi dy episkop\u00eb t\u00eb rinj titullar\u00eb.<\/span><\/div>\n<div style=\"text-align: justify;\"><span style=\"font-family: helvetica; font-size: 12pt;\"><\/span><\/div>\n<div style=\"text-align: justify;\"><span style=\"color: #000000; font-family: helvetica; font-size: 12pt;\"><img decoding=\"async\" class=\"lazyload HAa Eha\" style=\"height: 204px; width: 237px; border-width: 1px; border-style: solid; margin: 10px; float: left;\" alt=\"\" src=\"data:image\/gif;base64,R0lGODlhAQABAAAAACH5BAEKAAEALAAAAAABAAEAAAICTAEAOw==\" data-orig-src=\"https:\/\/lh3.googleusercontent.com\/-T5JuZqWIsfA\/VARa6vEBhJI\/AAAAAAAACuk\/u1-HvYGEMys\/w697-h600-no\/P1210147%2B-%2BCopy_697x600.JPG\" \/><\/span><\/div>\n<div style=\"text-align: justify;\"><span style=\"color: #000000; font-family: helvetica; font-size: 12pt;\">&nbsp;&nbsp;&nbsp; Me k\u00ebto dy dor\u00ebzime Sinodi i Shenjt\u00eb i Kish\u00ebs Orthodhokse Autoqefale t\u00eb Shqip\u00ebris\u00eb p\u00ebrb\u00ebhet p\u00ebr her\u00eb t\u00eb par\u00eb n\u00eb historin\u00eb tij nga 8 an\u00ebtar\u00eb.<\/span><\/div>\n<div style=\"text-align: justify;\"><span style=\"color: #000000; font-family: helvetica; font-size: 12pt;\"> &nbsp;&nbsp; <img decoding=\"async\" class=\"lazyload HAa Eha\" style=\"height: 296px; width: 215px; border-width: 1px; border-style: solid; margin: 10px; float: right;\" alt=\"\" src=\"data:image\/gif;base64,R0lGODlhAQABAAAAACH5BAEKAAEALAAAAAABAAEAAAICTAEAOw==\" data-orig-src=\"https:\/\/lh3.googleusercontent.com\/-VOXCZaXnA_s\/VARa5pKuO1I\/AAAAAAAACuQ\/MaluI-IPU4w\/w436-h600-no\/P1010102_436x600.JPG\" \/> N\u00eb baz\u00eb t\u00eb Statutit t\u00eb Kish\u00ebs Orthodhokse Autoqefale t\u00eb Shqip\u00ebris\u00eb (nenet 17, 18), Sinodi i Shenjt\u00eb vendosi me vota unanime si Episkop t\u00eb Episkopat\u00ebs dikur t\u00eb ndritshme t\u00eb Amantias, arkimandritin Nathanail dhe si Episkop t\u00eb Episkopat\u00ebs dikur t\u00eb ndritshme t\u00eb Bylisit, arkimandritin Asti. Ata jan\u00eb an\u00ebtar\u00eb titullar\u00eb me t\u00eb drejta t\u00eb plota t\u00eb Sinodit t\u00eb Shenjt\u00eb (Neni 18 i statutit: <em>Sipas nevojave t\u00eb Kish\u00ebs \u00ebsht\u00eb e mundur t\u00eb zgjidhen nga Sinodi i Shenjt\u00eb Episkop\u00eb titullar\u00eb aktiv\u00eb me detyra t\u00eb caktuara. K\u00ebta quhen kryeprift\u00ebrinj n\u00eb sh\u00ebrbim aktiv dhe marrin pjes\u00eb n\u00eb Sinodin e Shenjt\u00eb.<\/em>). K\u00ebshtu, episkop\u00ebt e rinj do t\u00eb mbulojn\u00eb sektor\u00eb t\u00eb caktuar t\u00eb jet\u00ebs kishtare, Hir\u00ebsi Nathanaili \u201cMbikqyrjen e pasuris\u00eb s\u00eb Manastireve\u201d dhe Hir\u00ebsi Asti \u201cDiakonin\u00eb Apostolike\u201d (Sh\u00ebrbimin Apostullor).<\/span><\/div>\n<div style=\"text-align: justify;\"><span style=\"color: #000000; font-family: helvetica; font-size: 12pt;\"> &nbsp;&nbsp;&nbsp; N\u00eb dat\u00ebn 21 janar, e shtun\u00eb, u krye nga Kryepiskopi Anastas, me pjes\u00ebmarrjen e gjith\u00eb Sinodit t\u00eb Shenjt\u00eb, sh\u00ebrbesa e dor\u00ebzimit n\u00eb episkop e Arkimandrit Nathanailit, n\u00eb kish\u00ebn \u201cUngjill\u00ebzimi i Hyjlind\u00ebses\u201d, n\u00eb Tiran\u00eb.<\/span><\/div>\n<div style=\"text-align: justify;\"><span style=\"font-family: helvetica; font-size: 12pt;\"><\/span><\/div>\n<div style=\"text-align: justify;\"><span style=\"color: #000000; font-family: helvetica; font-size: 12pt;\">&nbsp;&nbsp;&nbsp; Gjithashtu n\u00eb dat\u00ebn 22 janar, e diel, u krye nga Kryepiskopi Anastas, me pjes\u00ebmarrjen e gjith\u00eb Sinodit t\u00eb Shenjt\u00eb, sh\u00ebrbesa e dor\u00ebzimit n\u00eb episkop e Arkimandrit Astit, n\u00eb kish\u00ebn \u201cUngjill\u00ebzimi i Hyjlind\u00ebses\u201d, n\u00eb Tiran\u00eb.<\/span><\/div>\n<div style=\"text-align: justify;\"><span style=\"color: #000000; font-family: helvetica; font-size: 12pt;\"> &nbsp;&nbsp;&nbsp; N\u00eb t\u00eb dy k\u00ebto dor\u00ebzime mor\u00ebn pjes\u00eb edhe shum\u00eb klerik\u00eb nga Kryepiskopata e Tiran\u00ebs, nga Mitropolia e Gjirokastr\u00ebs dhe nga Mitropolit\u00eb e tjera, familjar\u00eb, miq, bashk\u00ebpun\u00ebtor\u00eb e besimtar\u00eb t\u00eb shumt\u00eb, nx\u00ebn\u00ebs e m\u00ebsues t\u00eb shkollave kishtare etj., t\u00eb cil\u00ebt uruan nga zemra \u201cAksios &#8211; I denj\u00eb!\u201d.<\/span><\/div>\n<div style=\"text-align: justify;\"><span style=\"font-family: helvetica; font-size: 12pt;\"><\/span><\/div>\n<div style=\"text-align: justify;\"><span style=\"color: #000000; font-family: helvetica; font-size: 12pt;\"><strong>&nbsp;&nbsp;&nbsp; Biografi<\/strong>&nbsp;&nbsp;<\/span><\/div>\n<div style=\"text-align: justify;\"><span style=\"font-family: helvetica; font-size: 12pt;\"><\/span><\/div>\n<div style=\"text-align: justify;\"><span style=\"color: #000000; font-family: helvetica; font-size: 12pt;\"><img decoding=\"async\" class=\"lazyload HAa Eha\" style=\"height: 287px; width: 206px; border-width: 1px; border-style: solid; margin: 10px; float: right;\" alt=\"\" src=\"data:image\/gif;base64,R0lGODlhAQABAAAAACH5BAEKAAEALAAAAAABAAEAAAICTAEAOw==\" data-orig-src=\"https:\/\/lh6.googleusercontent.com\/-R-Tn9-j1DRs\/VARa5Z1twSI\/AAAAAAAACus\/lgo9Ds3z5oc\/w335-h467-no\/DSC03362_341x600.JPG\" \/>&nbsp; &nbsp; P\u00ebr 20 vjet, <strong>Episkopi i Amantias<\/strong>, Hir\u00ebsi Nathanail Agjioriti, ka punuar dhe ndihmuar n\u00eb Kish\u00ebn ton\u00eb Orthodhokse, n\u00eb Mitropolin\u00eb e Gjirokastr\u00ebs. Ai u lind n\u00eb Trikalla, Greqi, n\u00eb vitin 1957. Shum\u00eb her\u00ebt jet\u00ebn e tij ia kushtoi Per\u00ebndis\u00eb, duke u qethur murg n\u00eb Manastirin e famsh\u00ebm t\u00eb Lavr\u00ebs s\u00eb Madhe, n\u00eb Malin e Shenjt\u00eb. Mbaroi aty Akademin\u00eb Athonite dhe m\u00eb pas fakultetin teologjik n\u00eb Universitetin Aristoteli, t\u00eb Selanikut. &nbsp;Erdhi n\u00eb Shqip\u00ebri p\u00ebr t\u00eb ndihmuar, sapo u rr\u00ebzua sistemi ateist, duke sh\u00ebrbyer me p\u00ebrkushtim e vet\u00ebmohim pavar\u00ebsisht v\u00ebshtir\u00ebsive. Duke e folur shum\u00eb mir\u00eb gjuh\u00ebn shqipe ai ka predikuar fjal\u00ebn e Per\u00ebndis\u00eb, duke pag\u00ebzuar e kryer Misteret e Shenjta deri n\u00eb fshatrat m\u00eb t\u00eb thella, duke fituar respektin e thell\u00eb t\u00eb besimtar\u00ebve dhe t\u00eb gjith\u00eb atyre q\u00eb e kan\u00eb njohur.<\/span><\/div>\n<div style=\"text-align: justify;\"><span style=\"font-family: helvetica; font-size: 12pt;\"><\/span><\/div>\n<div style=\"text-align: justify;\"><span style=\"color: #000000; font-family: helvetica; font-size: 12pt;\"><img decoding=\"async\" class=\"lazyload HAa Eha\" style=\"height: 275px; width: 252px; border-width: 1px; border-style: solid; margin: 10px; float: left;\" alt=\"\" src=\"data:image\/gif;base64,R0lGODlhAQABAAAAACH5BAEKAAEALAAAAAABAAEAAAICTAEAOw==\" data-orig-src=\"https:\/\/lh5.googleusercontent.com\/-IArdPOpDLCs\/VARa6dDSDrI\/AAAAAAAACug\/HzgElxcNzg0\/w536-h585-no\/P1010114_800x599.JPG\" \/>&nbsp;&nbsp;&nbsp;<strong> Episkopi i Bylisit<\/strong>, Hir\u00ebsi Asti Bakallbashi, u lind n\u00eb Durr\u00ebs, n\u00eb vitin 1974, n\u00eb nj\u00eb familje shpres\u00ebtare orthodhokse, q\u00eb e ruajti besimin edhe n\u00eb koh\u00ebt m\u00eb t\u00eb v\u00ebshtira. Q\u00eb n\u00eb \u00e7astet e para t\u00eb ringritjes s\u00eb Kish\u00ebs u pag\u00ebzua dhe filloi t\u00eb kontribuonte n\u00eb rinin\u00eb orthodhokse. P\u00ebr 10 vjet studioi me burs\u00eb t\u00eb akorduar nga Kryepiskopata n\u00eb Akademin\u00eb Teologjike \u201cNgjallja e Krishtit\u201d, n\u00eb Sh\u00ebn Vlash dhe fakultetin teologjik n\u00eb Universitetin Aristoteli, t\u00eb Selanikut, ku po p\u00ebrfundon edhe studime pasuniversitare. Pas k\u00ebsaj zgjodhi t\u2019i kushtohej plot\u00ebsisht Kish\u00ebs dhe u dor\u00ebzua klerik i pamartuar nga Kryepiskopi Anastas (si dhjakon 2003, kryedhjakon 2006, prift dhe arkimandrit m\u00eb 2009). Ai ka ofruar me p\u00ebrkushtim p\u00ebr 19 vjet sh\u00ebrbimin e tij kudo ku i \u00ebsht\u00eb k\u00ebrkuar si katekist, si pedagog i Akademis\u00eb Teologjike n\u00eb Sh\u00ebn Vlash dhe bashk\u00ebpun\u00ebtor n\u00eb Qendr\u00ebn Studentore n\u00eb Tiran\u00eb, n\u00eb administrat\u00ebn dhe n\u00eb median kishtare etj.<\/span><\/div>\n<div style=\"text-align: justify;\"><span style=\"font-family: helvetica; font-size: 12pt;\"><\/span><\/div>\n<div style=\"text-align: justify;\"><span style=\"font-family: helvetica; font-size: 12pt;\"><\/span><\/div>\n<div style=\"text-align: justify;\"><span style=\"font-family: helvetica; font-size: 12pt;\"><\/span><\/div>\n<div style=\"text-align: right;\">\n<p><span style=\"color: #000000; font-family: helvetica; font-size: 12pt;\"> <strong>Tiran\u00eb, 23 janar, 2012<\/strong><\/span><\/div>\n","protected":false},"excerpt":{"rendered":"<p>&nbsp;&nbsp;&nbsp;&nbsp;&nbsp;&nbsp;&nbsp; &nbsp;&nbsp;&nbsp; Pas propozimit t\u00eb K\u00ebshillit Kleriko-Laik, si\u00e7 e p\u00ebrcakton Statuti i ri i Kish\u00ebs son\u00eb, t\u00eb enjte, 19 janar 2012, n\u00eb mbledhjen e tij Sinodi i Shenjt\u00eb i Kish\u00ebs Orthodhokse Autoqefale t\u00eb Shqip\u00ebris\u00eb, zgjodhi dy episkop\u00eb t\u00eb rinj titullar\u00eb. &nbsp;&nbsp;&nbsp; Me k\u00ebto dy dor\u00ebzime Sinodi i Shenjt\u00eb i Kish\u00ebs Orthodhokse Autoqefale t\u00eb Shqip\u00ebris\u00eb p\u00ebrb\u00ebhet p\u00ebr her\u00eb t\u00eb par\u00eb n\u00eb historin\u00eb tij nga 8 an\u00ebtar\u00eb.<\/p>\n","protected":false},"author":1,"featured_media":0,"comment_status":"open","ping_status":"open","sticky":false,"template":"","format":"standard","meta":{"_acf_changed":false,"pagelayer_contact_templates":[],"_pagelayer_content":"","inline_featured_image":false,"fifu_image_url":"","fifu_image_alt":"","footnotes":""},"categories":[108],"tags":[142,153,196,201,212],"class_list":["post-477","post","type-post","status-publish","format-standard","hentry","category-lajme","tag-142","tag-deklarata-njoftime-zyrtare-d75","tag-tirane","tag-kryepiskopi-anastas","tag-lajme-d27"],"acf":[],"yoast_head":"<!-- This site is optimized with the Yoast SEO plugin v27.2 - https:\/\/yoast.com\/product\/yoast-seo-wordpress\/ -->\n<title>Dy episkop\u00eb t\u00eb rinj n\u00eb Kish\u00ebn Orthodhokse Autoqefale t\u00eb Shqip\u00ebris\u00eb. (23 Janar 2012) - Kisha Orthodh\u03bfkse Autoqefale e Shqip\u00ebris\u00eb<\/title>\n<meta name=\"robots\" content=\"index, follow, max-snippet:-1, max-image-preview:large, max-video-preview:-1\" \/>\n<link rel=\"canonical\" href=\"https:\/\/orthodoxalbania.org\/2020\/2013\/03\/21\/dy-episkope-te-rinj-ne-kishen-orthodhokse-autoqefale-te-shqiperise\/\" \/>\n<meta property=\"og:locale\" content=\"en_US\" \/>\n<meta property=\"og:type\" content=\"article\" \/>\n<meta property=\"og:title\" content=\"Dy episkop\u00eb t\u00eb rinj n\u00eb Kish\u00ebn Orthodhokse Autoqefale t\u00eb Shqip\u00ebris\u00eb. (23 Janar 2012) - Kisha Orthodh\u03bfkse Autoqefale e Shqip\u00ebris\u00eb\" \/>\n<meta property=\"og:description\" content=\"&nbsp;&nbsp;&nbsp;&nbsp;&nbsp;&nbsp;&nbsp; &nbsp;&nbsp;&nbsp; Pas propozimit t\u00eb K\u00ebshillit Kleriko-Laik, si\u00e7 e p\u00ebrcakton Statuti i ri i Kish\u00ebs son\u00eb, t\u00eb enjte, 19 janar 2012, n\u00eb mbledhjen e tij Sinodi i Shenjt\u00eb i Kish\u00ebs Orthodhokse Autoqefale t\u00eb Shqip\u00ebris\u00eb, zgjodhi dy episkop\u00eb t\u00eb rinj titullar\u00eb. &nbsp;&nbsp;&nbsp; Me k\u00ebto dy dor\u00ebzime Sinodi i Shenjt\u00eb i Kish\u00ebs Orthodhokse Autoqefale t\u00eb Shqip\u00ebris\u00eb p\u00ebrb\u00ebhet p\u00ebr her\u00eb t\u00eb par\u00eb n\u00eb historin\u00eb tij nga 8 an\u00ebtar\u00eb.\" \/>\n<meta property=\"og:url\" content=\"https:\/\/orthodoxalbania.org\/2020\/2013\/03\/21\/dy-episkope-te-rinj-ne-kishen-orthodhokse-autoqefale-te-shqiperise\/\" \/>\n<meta property=\"og:site_name\" content=\"Kisha Orthodh\u03bfkse Autoqefale e Shqip\u00ebris\u00eb\" \/>\n<meta property=\"article:publisher\" content=\"https:\/\/www.facebook.com\/koash1991\" \/>\n<meta property=\"article:published_time\" content=\"2013-03-21T10:27:49+00:00\" \/>\n<meta property=\"article:modified_time\" content=\"2020-04-06T20:31:54+00:00\" \/>\n<meta property=\"og:image\" content=\"https:\/\/lh6.googleusercontent.com\/-w5UHc1sN4V8\/VARa5iZtlkI\/AAAAAAAACuc\/HG2xutrqpFg\/w681-h600-no\/IMG_1394_681x600.jpg\" \/>\n<meta name=\"author\" content=\"Kisha Orthodhokse\" \/>\n<meta name=\"twitter:card\" content=\"summary_large_image\" \/>\n<meta name=\"twitter:label1\" content=\"Written by\" \/>\n\t<meta name=\"twitter:data1\" content=\"Kisha Orthodhokse\" \/>\n\t<meta name=\"twitter:label2\" content=\"Est. reading time\" \/>\n\t<meta name=\"twitter:data2\" content=\"3 minutes\" \/>\n<script type=\"application\/ld+json\" class=\"yoast-schema-graph\">{\"@context\":\"https:\/\/schema.org\",\"@graph\":[{\"@type\":\"Article\",\"@id\":\"https:\/\/orthodoxalbania.org\/2020\/2013\/03\/21\/dy-episkope-te-rinj-ne-kishen-orthodhokse-autoqefale-te-shqiperise\/#article\",\"isPartOf\":{\"@id\":\"https:\/\/orthodoxalbania.org\/2020\/2013\/03\/21\/dy-episkope-te-rinj-ne-kishen-orthodhokse-autoqefale-te-shqiperise\/\"},\"author\":{\"name\":\"Kisha Orthodhokse\",\"@id\":\"https:\/\/orthodoxalbania.org\/2020\/#\/schema\/person\/0c387634a7063ac612d7ed9ce71c7e86\"},\"headline\":\"Dy episkop\u00eb t\u00eb rinj n\u00eb Kish\u00ebn Orthodhokse Autoqefale t\u00eb Shqip\u00ebris\u00eb. (23 Janar 2012)\",\"datePublished\":\"2013-03-21T10:27:49+00:00\",\"dateModified\":\"2020-04-06T20:31:54+00:00\",\"mainEntityOfPage\":{\"@id\":\"https:\/\/orthodoxalbania.org\/2020\/2013\/03\/21\/dy-episkope-te-rinj-ne-kishen-orthodhokse-autoqefale-te-shqiperise\/\"},\"wordCount\":703,\"commentCount\":0,\"publisher\":{\"@id\":\"https:\/\/orthodoxalbania.org\/2020\/#organization\"},\"image\":{\"@id\":\"https:\/\/orthodoxalbania.org\/2020\/2013\/03\/21\/dy-episkope-te-rinj-ne-kishen-orthodhokse-autoqefale-te-shqiperise\/#primaryimage\"},\"thumbnailUrl\":\"https:\/\/lh6.googleusercontent.com\/-w5UHc1sN4V8\/VARa5iZtlkI\/AAAAAAAACuc\/HG2xutrqpFg\/w681-h600-no\/IMG_1394_681x600.jpg\",\"keywords\":[\"2012\",\"Deklarata - Njoftime Zyrtare\",\"Kryepiskopata Tiran\u00eb\",\"Kryepiskopi Anastas\",\"lajme\"],\"articleSection\":[\"Lajme\"],\"inLanguage\":\"en-US\"},{\"@type\":\"WebPage\",\"@id\":\"https:\/\/orthodoxalbania.org\/2020\/2013\/03\/21\/dy-episkope-te-rinj-ne-kishen-orthodhokse-autoqefale-te-shqiperise\/\",\"url\":\"https:\/\/orthodoxalbania.org\/2020\/2013\/03\/21\/dy-episkope-te-rinj-ne-kishen-orthodhokse-autoqefale-te-shqiperise\/\",\"name\":\"Dy episkop\u00eb t\u00eb rinj n\u00eb Kish\u00ebn Orthodhokse Autoqefale t\u00eb Shqip\u00ebris\u00eb. (23 Janar 2012) - Kisha Orthodh\u03bfkse Autoqefale e Shqip\u00ebris\u00eb\",\"isPartOf\":{\"@id\":\"https:\/\/orthodoxalbania.org\/2020\/#website\"},\"primaryImageOfPage\":{\"@id\":\"https:\/\/orthodoxalbania.org\/2020\/2013\/03\/21\/dy-episkope-te-rinj-ne-kishen-orthodhokse-autoqefale-te-shqiperise\/#primaryimage\"},\"image\":{\"@id\":\"https:\/\/orthodoxalbania.org\/2020\/2013\/03\/21\/dy-episkope-te-rinj-ne-kishen-orthodhokse-autoqefale-te-shqiperise\/#primaryimage\"},\"thumbnailUrl\":\"https:\/\/lh6.googleusercontent.com\/-w5UHc1sN4V8\/VARa5iZtlkI\/AAAAAAAACuc\/HG2xutrqpFg\/w681-h600-no\/IMG_1394_681x600.jpg\",\"datePublished\":\"2013-03-21T10:27:49+00:00\",\"dateModified\":\"2020-04-06T20:31:54+00:00\",\"breadcrumb\":{\"@id\":\"https:\/\/orthodoxalbania.org\/2020\/2013\/03\/21\/dy-episkope-te-rinj-ne-kishen-orthodhokse-autoqefale-te-shqiperise\/#breadcrumb\"},\"inLanguage\":\"en-US\",\"potentialAction\":[{\"@type\":\"ReadAction\",\"target\":[\"https:\/\/orthodoxalbania.org\/2020\/2013\/03\/21\/dy-episkope-te-rinj-ne-kishen-orthodhokse-autoqefale-te-shqiperise\/\"]}]},{\"@type\":\"ImageObject\",\"inLanguage\":\"en-US\",\"@id\":\"https:\/\/orthodoxalbania.org\/2020\/2013\/03\/21\/dy-episkope-te-rinj-ne-kishen-orthodhokse-autoqefale-te-shqiperise\/#primaryimage\",\"url\":\"https:\/\/lh6.googleusercontent.com\/-w5UHc1sN4V8\/VARa5iZtlkI\/AAAAAAAACuc\/HG2xutrqpFg\/w681-h600-no\/IMG_1394_681x600.jpg\",\"contentUrl\":\"https:\/\/lh6.googleusercontent.com\/-w5UHc1sN4V8\/VARa5iZtlkI\/AAAAAAAACuc\/HG2xutrqpFg\/w681-h600-no\/IMG_1394_681x600.jpg\"},{\"@type\":\"BreadcrumbList\",\"@id\":\"https:\/\/orthodoxalbania.org\/2020\/2013\/03\/21\/dy-episkope-te-rinj-ne-kishen-orthodhokse-autoqefale-te-shqiperise\/#breadcrumb\",\"itemListElement\":[{\"@type\":\"ListItem\",\"position\":1,\"name\":\"Home\",\"item\":\"https:\/\/orthodoxalbania.org\/2020\/\"},{\"@type\":\"ListItem\",\"position\":2,\"name\":\"Dy episkop\u00eb t\u00eb rinj n\u00eb Kish\u00ebn Orthodhokse Autoqefale t\u00eb Shqip\u00ebris\u00eb. (23 Janar 2012)\"}]},{\"@type\":\"WebSite\",\"@id\":\"https:\/\/orthodoxalbania.org\/2020\/#website\",\"url\":\"https:\/\/orthodoxalbania.org\/2020\/\",\"name\":\"Kisha Orthodh\u03bfkse Autoqefale e Shqip\u00ebris\u00eb\",\"description\":\"Fqja Zyrtare e Kish\u00ebs Orthodhokse Autoqefale e Shqip\u00ebris\u00eb me lajmet edhe informacionet zyrtare p\u00ebr struktur\u00ebn edhe veprimtarin e saj.\",\"publisher\":{\"@id\":\"https:\/\/orthodoxalbania.org\/2020\/#organization\"},\"potentialAction\":[{\"@type\":\"SearchAction\",\"target\":{\"@type\":\"EntryPoint\",\"urlTemplate\":\"https:\/\/orthodoxalbania.org\/2020\/?s={search_term_string}\"},\"query-input\":{\"@type\":\"PropertyValueSpecification\",\"valueRequired\":true,\"valueName\":\"search_term_string\"}}],\"inLanguage\":\"en-US\"},{\"@type\":\"Organization\",\"@id\":\"https:\/\/orthodoxalbania.org\/2020\/#organization\",\"name\":\"Kisha Orthodhokse Autoqefale e Shqip\u00ebris\u00eb\",\"url\":\"https:\/\/orthodoxalbania.org\/2020\/\",\"logo\":{\"@type\":\"ImageObject\",\"inLanguage\":\"en-US\",\"@id\":\"https:\/\/orthodoxalbania.org\/2020\/#\/schema\/logo\/image\/\",\"url\":\"https:\/\/orthodoxalbania.org\/2020\/wp-content\/uploads\/2020\/05\/albania.jpeg\",\"contentUrl\":\"https:\/\/orthodoxalbania.org\/2020\/wp-content\/uploads\/2020\/05\/albania.jpeg\",\"width\":540,\"height\":540,\"caption\":\"Kisha Orthodhokse Autoqefale e Shqip\u00ebris\u00eb\"},\"image\":{\"@id\":\"https:\/\/orthodoxalbania.org\/2020\/#\/schema\/logo\/image\/\"},\"sameAs\":[\"https:\/\/www.facebook.com\/koash1991\"]},{\"@type\":\"Person\",\"@id\":\"https:\/\/orthodoxalbania.org\/2020\/#\/schema\/person\/0c387634a7063ac612d7ed9ce71c7e86\",\"name\":\"Kisha Orthodhokse\",\"image\":{\"@type\":\"ImageObject\",\"inLanguage\":\"en-US\",\"@id\":\"https:\/\/secure.gravatar.com\/avatar\/596e7c417251e30f2fbb9c00e026fce61a695a00e51c889caded71c96cbbdde5?s=96&d=mm&r=g\",\"url\":\"https:\/\/secure.gravatar.com\/avatar\/596e7c417251e30f2fbb9c00e026fce61a695a00e51c889caded71c96cbbdde5?s=96&d=mm&r=g\",\"contentUrl\":\"https:\/\/secure.gravatar.com\/avatar\/596e7c417251e30f2fbb9c00e026fce61a695a00e51c889caded71c96cbbdde5?s=96&d=mm&r=g\",\"caption\":\"Kisha Orthodhokse\"}}]}<\/script>\n<!-- \/ Yoast SEO plugin. -->","yoast_head_json":{"title":"Dy episkop\u00eb t\u00eb rinj n\u00eb Kish\u00ebn Orthodhokse Autoqefale t\u00eb Shqip\u00ebris\u00eb. (23 Janar 2012) - Kisha Orthodh\u03bfkse Autoqefale e Shqip\u00ebris\u00eb","robots":{"index":"index","follow":"follow","max-snippet":"max-snippet:-1","max-image-preview":"max-image-preview:large","max-video-preview":"max-video-preview:-1"},"canonical":"https:\/\/orthodoxalbania.org\/2020\/2013\/03\/21\/dy-episkope-te-rinj-ne-kishen-orthodhokse-autoqefale-te-shqiperise\/","og_locale":"en_US","og_type":"article","og_title":"Dy episkop\u00eb t\u00eb rinj n\u00eb Kish\u00ebn Orthodhokse Autoqefale t\u00eb Shqip\u00ebris\u00eb. (23 Janar 2012) - Kisha Orthodh\u03bfkse Autoqefale e Shqip\u00ebris\u00eb","og_description":"&nbsp;&nbsp;&nbsp;&nbsp;&nbsp;&nbsp;&nbsp; &nbsp;&nbsp;&nbsp; Pas propozimit t\u00eb K\u00ebshillit Kleriko-Laik, si\u00e7 e p\u00ebrcakton Statuti i ri i Kish\u00ebs son\u00eb, t\u00eb enjte, 19 janar 2012, n\u00eb mbledhjen e tij Sinodi i Shenjt\u00eb i Kish\u00ebs Orthodhokse Autoqefale t\u00eb Shqip\u00ebris\u00eb, zgjodhi dy episkop\u00eb t\u00eb rinj titullar\u00eb. &nbsp;&nbsp;&nbsp; Me k\u00ebto dy dor\u00ebzime Sinodi i Shenjt\u00eb i Kish\u00ebs Orthodhokse Autoqefale t\u00eb Shqip\u00ebris\u00eb p\u00ebrb\u00ebhet p\u00ebr her\u00eb t\u00eb par\u00eb n\u00eb historin\u00eb tij nga 8 an\u00ebtar\u00eb.","og_url":"https:\/\/orthodoxalbania.org\/2020\/2013\/03\/21\/dy-episkope-te-rinj-ne-kishen-orthodhokse-autoqefale-te-shqiperise\/","og_site_name":"Kisha Orthodh\u03bfkse Autoqefale e Shqip\u00ebris\u00eb","article_publisher":"https:\/\/www.facebook.com\/koash1991","article_published_time":"2013-03-21T10:27:49+00:00","article_modified_time":"2020-04-06T20:31:54+00:00","og_image":[{"url":"https:\/\/lh6.googleusercontent.com\/-w5UHc1sN4V8\/VARa5iZtlkI\/AAAAAAAACuc\/HG2xutrqpFg\/w681-h600-no\/IMG_1394_681x600.jpg","type":"","width":"","height":""}],"author":"Kisha Orthodhokse","twitter_card":"summary_large_image","twitter_misc":{"Written by":"Kisha Orthodhokse","Est. reading time":"3 minutes"},"schema":{"@context":"https:\/\/schema.org","@graph":[{"@type":"Article","@id":"https:\/\/orthodoxalbania.org\/2020\/2013\/03\/21\/dy-episkope-te-rinj-ne-kishen-orthodhokse-autoqefale-te-shqiperise\/#article","isPartOf":{"@id":"https:\/\/orthodoxalbania.org\/2020\/2013\/03\/21\/dy-episkope-te-rinj-ne-kishen-orthodhokse-autoqefale-te-shqiperise\/"},"author":{"name":"Kisha Orthodhokse","@id":"https:\/\/orthodoxalbania.org\/2020\/#\/schema\/person\/0c387634a7063ac612d7ed9ce71c7e86"},"headline":"Dy episkop\u00eb t\u00eb rinj n\u00eb Kish\u00ebn Orthodhokse Autoqefale t\u00eb Shqip\u00ebris\u00eb. (23 Janar 2012)","datePublished":"2013-03-21T10:27:49+00:00","dateModified":"2020-04-06T20:31:54+00:00","mainEntityOfPage":{"@id":"https:\/\/orthodoxalbania.org\/2020\/2013\/03\/21\/dy-episkope-te-rinj-ne-kishen-orthodhokse-autoqefale-te-shqiperise\/"},"wordCount":703,"commentCount":0,"publisher":{"@id":"https:\/\/orthodoxalbania.org\/2020\/#organization"},"image":{"@id":"https:\/\/orthodoxalbania.org\/2020\/2013\/03\/21\/dy-episkope-te-rinj-ne-kishen-orthodhokse-autoqefale-te-shqiperise\/#primaryimage"},"thumbnailUrl":"https:\/\/lh6.googleusercontent.com\/-w5UHc1sN4V8\/VARa5iZtlkI\/AAAAAAAACuc\/HG2xutrqpFg\/w681-h600-no\/IMG_1394_681x600.jpg","keywords":["2012","Deklarata - Njoftime Zyrtare","Kryepiskopata Tiran\u00eb","Kryepiskopi Anastas","lajme"],"articleSection":["Lajme"],"inLanguage":"en-US"},{"@type":"WebPage","@id":"https:\/\/orthodoxalbania.org\/2020\/2013\/03\/21\/dy-episkope-te-rinj-ne-kishen-orthodhokse-autoqefale-te-shqiperise\/","url":"https:\/\/orthodoxalbania.org\/2020\/2013\/03\/21\/dy-episkope-te-rinj-ne-kishen-orthodhokse-autoqefale-te-shqiperise\/","name":"Dy episkop\u00eb t\u00eb rinj n\u00eb Kish\u00ebn Orthodhokse Autoqefale t\u00eb Shqip\u00ebris\u00eb. (23 Janar 2012) - Kisha Orthodh\u03bfkse Autoqefale e Shqip\u00ebris\u00eb","isPartOf":{"@id":"https:\/\/orthodoxalbania.org\/2020\/#website"},"primaryImageOfPage":{"@id":"https:\/\/orthodoxalbania.org\/2020\/2013\/03\/21\/dy-episkope-te-rinj-ne-kishen-orthodhokse-autoqefale-te-shqiperise\/#primaryimage"},"image":{"@id":"https:\/\/orthodoxalbania.org\/2020\/2013\/03\/21\/dy-episkope-te-rinj-ne-kishen-orthodhokse-autoqefale-te-shqiperise\/#primaryimage"},"thumbnailUrl":"https:\/\/lh6.googleusercontent.com\/-w5UHc1sN4V8\/VARa5iZtlkI\/AAAAAAAACuc\/HG2xutrqpFg\/w681-h600-no\/IMG_1394_681x600.jpg","datePublished":"2013-03-21T10:27:49+00:00","dateModified":"2020-04-06T20:31:54+00:00","breadcrumb":{"@id":"https:\/\/orthodoxalbania.org\/2020\/2013\/03\/21\/dy-episkope-te-rinj-ne-kishen-orthodhokse-autoqefale-te-shqiperise\/#breadcrumb"},"inLanguage":"en-US","potentialAction":[{"@type":"ReadAction","target":["https:\/\/orthodoxalbania.org\/2020\/2013\/03\/21\/dy-episkope-te-rinj-ne-kishen-orthodhokse-autoqefale-te-shqiperise\/"]}]},{"@type":"ImageObject","inLanguage":"en-US","@id":"https:\/\/orthodoxalbania.org\/2020\/2013\/03\/21\/dy-episkope-te-rinj-ne-kishen-orthodhokse-autoqefale-te-shqiperise\/#primaryimage","url":"https:\/\/lh6.googleusercontent.com\/-w5UHc1sN4V8\/VARa5iZtlkI\/AAAAAAAACuc\/HG2xutrqpFg\/w681-h600-no\/IMG_1394_681x600.jpg","contentUrl":"https:\/\/lh6.googleusercontent.com\/-w5UHc1sN4V8\/VARa5iZtlkI\/AAAAAAAACuc\/HG2xutrqpFg\/w681-h600-no\/IMG_1394_681x600.jpg"},{"@type":"BreadcrumbList","@id":"https:\/\/orthodoxalbania.org\/2020\/2013\/03\/21\/dy-episkope-te-rinj-ne-kishen-orthodhokse-autoqefale-te-shqiperise\/#breadcrumb","itemListElement":[{"@type":"ListItem","position":1,"name":"Home","item":"https:\/\/orthodoxalbania.org\/2020\/"},{"@type":"ListItem","position":2,"name":"Dy episkop\u00eb t\u00eb rinj n\u00eb Kish\u00ebn Orthodhokse Autoqefale t\u00eb Shqip\u00ebris\u00eb. (23 Janar 2012)"}]},{"@type":"WebSite","@id":"https:\/\/orthodoxalbania.org\/2020\/#website","url":"https:\/\/orthodoxalbania.org\/2020\/","name":"Kisha Orthodh\u03bfkse Autoqefale e Shqip\u00ebris\u00eb","description":"Fqja Zyrtare e Kish\u00ebs Orthodhokse Autoqefale e Shqip\u00ebris\u00eb me lajmet edhe informacionet zyrtare p\u00ebr struktur\u00ebn edhe veprimtarin e saj.","publisher":{"@id":"https:\/\/orthodoxalbania.org\/2020\/#organization"},"potentialAction":[{"@type":"SearchAction","target":{"@type":"EntryPoint","urlTemplate":"https:\/\/orthodoxalbania.org\/2020\/?s={search_term_string}"},"query-input":{"@type":"PropertyValueSpecification","valueRequired":true,"valueName":"search_term_string"}}],"inLanguage":"en-US"},{"@type":"Organization","@id":"https:\/\/orthodoxalbania.org\/2020\/#organization","name":"Kisha Orthodhokse Autoqefale e Shqip\u00ebris\u00eb","url":"https:\/\/orthodoxalbania.org\/2020\/","logo":{"@type":"ImageObject","inLanguage":"en-US","@id":"https:\/\/orthodoxalbania.org\/2020\/#\/schema\/logo\/image\/","url":"https:\/\/orthodoxalbania.org\/2020\/wp-content\/uploads\/2020\/05\/albania.jpeg","contentUrl":"https:\/\/orthodoxalbania.org\/2020\/wp-content\/uploads\/2020\/05\/albania.jpeg","width":540,"height":540,"caption":"Kisha Orthodhokse Autoqefale e Shqip\u00ebris\u00eb"},"image":{"@id":"https:\/\/orthodoxalbania.org\/2020\/#\/schema\/logo\/image\/"},"sameAs":["https:\/\/www.facebook.com\/koash1991"]},{"@type":"Person","@id":"https:\/\/orthodoxalbania.org\/2020\/#\/schema\/person\/0c387634a7063ac612d7ed9ce71c7e86","name":"Kisha Orthodhokse","image":{"@type":"ImageObject","inLanguage":"en-US","@id":"https:\/\/secure.gravatar.com\/avatar\/596e7c417251e30f2fbb9c00e026fce61a695a00e51c889caded71c96cbbdde5?s=96&d=mm&r=g","url":"https:\/\/secure.gravatar.com\/avatar\/596e7c417251e30f2fbb9c00e026fce61a695a00e51c889caded71c96cbbdde5?s=96&d=mm&r=g","contentUrl":"https:\/\/secure.gravatar.com\/avatar\/596e7c417251e30f2fbb9c00e026fce61a695a00e51c889caded71c96cbbdde5?s=96&d=mm&r=g","caption":"Kisha Orthodhokse"}}]}},"_links":{"self":[{"href":"https:\/\/orthodoxalbania.org\/2020\/wp-json\/wp\/v2\/posts\/477","targetHints":{"allow":["GET"]}}],"collection":[{"href":"https:\/\/orthodoxalbania.org\/2020\/wp-json\/wp\/v2\/posts"}],"about":[{"href":"https:\/\/orthodoxalbania.org\/2020\/wp-json\/wp\/v2\/types\/post"}],"author":[{"embeddable":true,"href":"https:\/\/orthodoxalbania.org\/2020\/wp-json\/wp\/v2\/users\/1"}],"replies":[{"embeddable":true,"href":"https:\/\/orthodoxalbania.org\/2020\/wp-json\/wp\/v2\/comments?post=477"}],"version-history":[{"count":1,"href":"https:\/\/orthodoxalbania.org\/2020\/wp-json\/wp\/v2\/posts\/477\/revisions"}],"predecessor-version":[{"id":15344,"href":"https:\/\/orthodoxalbania.org\/2020\/wp-json\/wp\/v2\/posts\/477\/revisions\/15344"}],"wp:attachment":[{"href":"https:\/\/orthodoxalbania.org\/2020\/wp-json\/wp\/v2\/media?parent=477"}],"wp:term":[{"taxonomy":"category","embeddable":true,"href":"https:\/\/orthodoxalbania.org\/2020\/wp-json\/wp\/v2\/categories?post=477"},{"taxonomy":"post_tag","embeddable":true,"href":"https:\/\/orthodoxalbania.org\/2020\/wp-json\/wp\/v2\/tags?post=477"}],"curies":[{"name":"wp","href":"https:\/\/api.w.org\/{rel}","templated":true}]}}