{"id":476,"date":"2013-03-21T12:41:53","date_gmt":"2013-03-21T12:41:53","guid":{"rendered":""},"modified":"2020-04-06T22:05:52","modified_gmt":"2020-04-06T20:05:52","slug":"durres-theofania-uji-i-bekuar-2013","status":"publish","type":"post","link":"https:\/\/orthodoxalbania.org\/2020\/2013\/03\/21\/durres-theofania-uji-i-bekuar-2013\/","title":{"rendered":"Durr\u00ebs, Theofania &#8211; Uji i Bekuar, Janar 2013."},"content":{"rendered":"<div style=\"text-align: center;\"><span style=\"font-family: helvetica; font-size: 12pt;\"><span style=\"color: #b22222;\"><strong>&nbsp;<\/strong><\/span><span style=\"color: #000000;\"><strong><img class=\"lazyload\" decoding=\"async\" style=\"border-width: 1px; border-style: solid; margin: 10px; float: left; width: 200px; height: 190px;\" alt=\"\" src=\"data:image\/gif;base64,R0lGODlhAQABAAAAACH5BAEKAAEALAAAAAABAAEAAAICTAEAOw==\" data-orig-src=\"https:\/\/lh6.googleusercontent.com\/-p7sAMKIN6ZE\/UOmx8GjE6JI\/AAAAAAAABx4\/YEHqB4zfF5c\/s720\/4.JPG\" \/><\/strong><\/span><span style=\"color: #b22222;\"><strong><em>U fanese me lavdi, n\u00eb t\u00ebr\u00eb bot\u00ebn edhe drita jote sot na u sh\u00ebnua me \u00e7udi, pra t\u00eb himnojm\u00eb me kuptim. Erdhe u duke, o Drit\u00eb, e paafrueshme.&nbsp;<\/em><br \/> <\/strong><\/span><\/span><\/div>\n<div style=\"text-align: justify;\"><span style=\"font-family: helvetica; font-size: 12pt;\"><\/span><\/div>\n<div style=\"text-align: justify;\"><span style=\"color: #000000; font-family: helvetica; font-size: 12pt;\">&nbsp; &nbsp; Me k\u00ebto fjal\u00eb t\u00eb shkurtores t\u00eb fest\u00ebs s\u00eb Theofanis\u00eb kuptojm\u00eb r\u00ebnd\u00ebsin\u00eb dhe madh\u00ebshtin\u00eb e dit\u00ebs s\u00eb sotme. Pik\u00ebrisht sot, m\u00eb dat\u00eb 6 janar e gjith\u00eb bota orthodhokse, por jo vet\u00ebm, kremton Pag\u00ebzimin e Zotit ton\u00eb Jisu Krisht n\u00eb uj\u00ebrat e lumit Jordan.&nbsp;<\/span><\/div>\n<div style=\"text-align: justify;\"><span style=\"color: #000000; font-family: helvetica; font-size: 12pt;\"> &nbsp; &nbsp; Kremtimet p\u00ebr k\u00ebt\u00eb dit\u00eb t\u00eb sh\u00ebnuar nis\u00ebn q\u00eb n\u00eb or\u00ebt e para t\u00eb m\u00ebngjesit n\u00eb katedralen &#8220;Apostull Pavli &amp; Sh\u00ebn Asti&#8221; t\u00eb Durr\u00ebsit. Liturgjia Hyjnore u drejtua nga Episkopi i Apollonis\u00eb, hir\u00ebsia e tij Imzot Nikolla. M\u00eb pas u krye sh\u00ebrbesa e Bekimit t\u00eb Madh t\u00eb Ujit.&nbsp;<\/span><\/div>\n<div style=\"text-align: justify;\"><span style=\"color: #000000; font-family: helvetica; font-size: 12pt;\"> &nbsp; &nbsp; N\u00eb mbarim t\u00eb k\u00ebsaj sh\u00ebrbese, klerik\u00ebt, kori i Akademis\u00eb Teologjike &#8220;Ngjallja e Krishtit&#8221; dhe gjith\u00eb populli besimtar t\u00eb shoq\u00ebruar nga tingujt e instrumenteve muzikore t\u00eb band\u00ebs frymore t\u00eb qytetit, kryen procesionin e hedhjes s\u00eb Kryqit t\u00eb Nderuar n\u00eb det. K\u00ebshtu qindra besimtar\u00eb u drejtuan n\u00eb ambientet e Portit Detar t\u00eb Durr\u00ebsit p\u00ebr t\u00eb marr\u00eb pjes\u00eb n\u00eb k\u00ebt\u00eb ceremoni. I pranish\u00ebm ishte edhe Kryetari i Bashkis\u00eb s\u00eb qytetit z. Vangjush Dako, i cili dha urimet e tij t\u00eb p\u00ebrzem\u00ebrta n\u00eb k\u00ebt\u00eb dit\u00eb t\u00eb bekuar.<\/span><\/div>\n<div style=\"text-align: justify;\"><span style=\"color: #000000; font-family: helvetica; font-size: 12pt;\"> &nbsp; &nbsp;Pasi u b\u00eb bekimi i uj\u00ebrave, Imzot Nikolla hodhi kryqin n\u00eb det. Kat\u00ebr djem t\u00eb rinj t\u00eb zellsh\u00ebm, t\u00eb cil\u00ebt sfiduan temperaturat e ul\u00ebta, u hodh\u00ebn p\u00ebr t\u00eb kapur kryqin. M\u00eb i shkath\u00ebti u tregua an\u00ebtari i Rinis\u00eb Orthodhokse t\u00eb Durr\u00ebsit, 22-vje\u00e7ari, Kristi (Klajdi) Beta, student n\u00eb deg\u00ebn Komunikim-Dizajn n\u00eb Universitetin Evropian t\u00eb Tiran\u00ebs. Pasi doli nga uji t\u00eb gjith\u00eb t\u00eb pranishmit e p\u00ebrg\u00ebzuan dhe iu fal\u00ebn kryqit q\u00eb mbante n\u00eb duar.&nbsp;<\/span><\/div>\n<div style=\"text-align: justify;\"><span style=\"color: #000000; font-family: helvetica; font-size: 12pt;\"> &nbsp; &nbsp; N\u00eb organizimin e k\u00ebsaj feste kontribuojn\u00eb jo vet\u00ebm besimtar\u00ebt e Kish\u00ebs, por t\u00eb gjitha instancat shtet\u00ebrore t\u00eb dikastereve p\u00ebrkat\u00ebse si Bashkia e qytetit, Policia Rrugore, Autoriteti Portual, Kapiteneria e Portit, Sh\u00ebrbimet mjek\u00ebsore, duke e shnd\u00ebrruar n\u00eb nj\u00eb fest\u00eb tradicionale dhe gjith\u00ebp\u00ebrfshir\u00ebse p\u00ebr qytetin ton\u00eb. I fal\u00ebnderojm\u00eb dhe shprehim mir\u00ebnjohjen ton\u00eb si komunitet k\u00ebtyre institucioneve.<\/span><\/div>\n<div style=\"text-align: justify;\"><span style=\"color: #000000; font-family: helvetica; font-size: 12pt;\"> &nbsp; &nbsp; T\u00ebr\u00eb populli, pa dallim feje, mori Ujin e Bekuar p\u00ebr ta pir\u00eb dhe p\u00ebr t\u00eb sp\u00ebrkatur sht\u00ebpit\u00eb me besimin dhe shpres\u00ebn p\u00ebr t\u00eb pasur nj\u00eb vit t\u00eb mbar\u00eb dhe t\u00eb bekuar nga Zoti. Ashtu si\u00e7 bekohen t\u00eb gjitha uj\u00ebrat, le t\u00eb bekohet edhe jeta e secilit prej nesh. E kremtja e sotme na kujton jo vet\u00ebm Pag\u00ebzimin e Krishtit, por edhe pag\u00ebzimin ton\u00eb. Sot, m\u00eb shum\u00eb se kurr\u00eb, t\u00eb gjith\u00eb besimtar\u00ebt e pag\u00ebzuar ose jo, duhet t\u00eb mendojn\u00eb p\u00ebr Pag\u00ebzimin dhe r\u00ebnd\u00ebsin\u00eb q\u00eb ka ky mister n\u00eb jet\u00ebn e gjithsecilit. Ai \u00ebsht\u00eb fillimi i udh\u00ebtimit ton\u00eb drejt Pastrimit, Ndri\u00e7imit dhe Shenjt\u00ebrimit. Le ta kuptojm\u00eb k\u00ebt\u00eb dhe t\u00eb afrohemi sa m\u00eb shum\u00eb me Per\u00ebndin\u00eb!<br \/> <\/span><\/div>\n<div style=\"text-align: justify;\"><span style=\"font-family: helvetica; font-size: 12pt;\"><\/span><\/div>\n<div style=\"text-align: right;\"><span style=\"color: #000000; font-family: helvetica; font-size: 12pt;\"><em><strong>Theano Kostoli<\/strong><\/em><\/span><\/div>\n<p style=\"text-align: justify;\"><span style=\"font-family: helvetica; font-size: 12pt;\"><\/span><\/p>\n<p style=\"text-align: justify;\"><span style=\"font-family: helvetica; font-size: 12pt;\"><img class=\"lazyload\" decoding=\"async\" style=\"border-width: 1px; border-style: solid; margin: 10px;\" alt=\"\" src=\"data:image\/gif;base64,R0lGODlhAQABAAAAACH5BAEKAAEALAAAAAABAAEAAAICTAEAOw==\" data-orig-src=\"https:\/\/lh6.googleusercontent.com\/-p7sAMKIN6ZE\/UOmx8GjE6JI\/AAAAAAAABx4\/YEHqB4zfF5c\/s720\/4.JPG\" \/><\/span><\/p>\n<div style=\"text-align: justify;\"><span style=\"font-family: helvetica; font-size: 12pt;\"><img class=\"lazyload\" decoding=\"async\" style=\"border-width: 1px; border-style: solid; margin: 10px;\" alt=\"\" src=\"data:image\/gif;base64,R0lGODlhAQABAAAAACH5BAEKAAEALAAAAAABAAEAAAICTAEAOw==\" data-orig-src=\"https:\/\/lh6.googleusercontent.com\/-13mZoychkyk\/UOmx5qzy9iI\/AAAAAAAABxc\/TDvHiZLXqZk\/s720\/1%20ne%20tekst.JPG\" \/><\/span><\/div>\n<div style=\"text-align: justify;\"><span style=\"font-family: helvetica; font-size: 12pt;\"><img class=\"lazyload\" decoding=\"async\" style=\"border-width: 1px; border-style: solid; margin: 10px;\" alt=\"\" src=\"data:image\/gif;base64,R0lGODlhAQABAAAAACH5BAEKAAEALAAAAAABAAEAAAICTAEAOw==\" data-orig-src=\"https:\/\/lh6.googleusercontent.com\/-7mgL6La7fpI\/UOmx5zoN4LI\/AAAAAAAABxg\/r52Fs6d5Ty4\/s720\/1.JPG\" \/><\/span><\/div>\n<div style=\"text-align: justify;\"><span style=\"font-family: helvetica; font-size: 12pt;\"><img class=\"lazyload\" decoding=\"async\" style=\"border-width: 1px; border-style: solid; margin: 10px;\" alt=\"\" src=\"data:image\/gif;base64,R0lGODlhAQABAAAAACH5BAEKAAEALAAAAAABAAEAAAICTAEAOw==\" data-orig-src=\"https:\/\/lh3.googleusercontent.com\/-juq0QUyTPKQ\/UOmx6E_xisI\/AAAAAAAABxk\/PaAwHn1dV_c\/s720\/2.JPG\" \/><\/span><\/div>\n<div style=\"text-align: justify;\"><span style=\"font-family: helvetica; font-size: 12pt;\"><img class=\"lazyload\" decoding=\"async\" style=\"border-width: 1px; border-style: solid; margin: 10px;\" alt=\"\" src=\"data:image\/gif;base64,R0lGODlhAQABAAAAACH5BAEKAAEALAAAAAABAAEAAAICTAEAOw==\" data-orig-src=\"https:\/\/lh4.googleusercontent.com\/-E3jAnBZ2OE4\/UOmx7nL8v_I\/AAAAAAAABxs\/m1v0fk_arKc\/s512\/3.JPG\" \/><\/span><\/div>\n<div style=\"text-align: justify;\"><span style=\"font-family: helvetica; font-size: 12pt;\"><img class=\"lazyload\" decoding=\"async\" style=\"border-width: 1px; border-style: solid; margin: 10px;\" alt=\"\" src=\"data:image\/gif;base64,R0lGODlhAQABAAAAACH5BAEKAAEALAAAAAABAAEAAAICTAEAOw==\" data-orig-src=\"https:\/\/lh6.googleusercontent.com\/-8W_JmCTt5ws\/UOmx733BjEI\/AAAAAAAABx0\/FNNZNJD_d9I\/s720\/5.JPG\" \/><\/span><\/div>\n<div style=\"text-align: justify;\"><span style=\"font-family: helvetica; font-size: 12pt;\"><img class=\"lazyload\" decoding=\"async\" style=\"border-width: 1px; border-style: solid; margin: 10px;\" alt=\"\" src=\"data:image\/gif;base64,R0lGODlhAQABAAAAACH5BAEKAAEALAAAAAABAAEAAAICTAEAOw==\" data-orig-src=\"https:\/\/lh6.googleusercontent.com\/-pePcAVdSEC0\/UOmx9DOAivI\/AAAAAAAAByA\/ZC-Ojz24KXI\/s720\/6.JPG\" \/><\/span><\/div>\n<p style=\"text-align: justify;\"><span style=\"font-family: helvetica; font-size: 12pt;\"><\/span><\/p>\n","protected":false},"excerpt":{"rendered":"<p>&nbsp;U fanese me lavdi, n\u00eb t\u00ebr\u00eb bot\u00ebn edhe drita jote sot na u sh\u00ebnua me \u00e7udi, pra t\u00eb himnojm\u00eb me kuptim. Erdhe u duke, o Drit\u00eb, e paafrueshme.&nbsp; &nbsp; &nbsp; Me k\u00ebto fjal\u00eb t\u00eb shkurtores t\u00eb fest\u00ebs s\u00eb Theofanis\u00eb kuptojm\u00eb r\u00ebnd\u00ebsin\u00eb dhe madh\u00ebshtin\u00eb e dit\u00ebs s\u00eb sotme. Pik\u00ebrisht sot, m\u00eb dat\u00eb 6 janar e gjith\u00eb bota orthodhokse, por jo vet\u00ebm, kremton Pag\u00ebzimin e Zotit ton\u00eb<\/p>\n","protected":false},"author":1,"featured_media":0,"comment_status":"open","ping_status":"open","sticky":false,"template":"","format":"standard","meta":{"_acf_changed":false,"pagelayer_contact_templates":[],"_pagelayer_content":"","inline_featured_image":false,"fifu_image_url":"","fifu_image_alt":"","footnotes":""},"categories":[108],"tags":[141,196,212],"class_list":["post-476","post","type-post","status-publish","format-standard","hentry","category-lajme","tag-141","tag-tirane","tag-lajme-d27"],"acf":[],"yoast_head":"<!-- This site is optimized with the Yoast SEO plugin v27.2 - https:\/\/yoast.com\/product\/yoast-seo-wordpress\/ -->\n<title>Durr\u00ebs, Theofania - Uji i Bekuar, Janar 2013. - Kisha Orthodh\u03bfkse Autoqefale e Shqip\u00ebris\u00eb<\/title>\n<meta name=\"robots\" content=\"index, follow, max-snippet:-1, max-image-preview:large, max-video-preview:-1\" \/>\n<link rel=\"canonical\" href=\"https:\/\/orthodoxalbania.org\/2020\/2013\/03\/21\/durres-theofania-uji-i-bekuar-2013\/\" \/>\n<meta property=\"og:locale\" content=\"en_US\" \/>\n<meta property=\"og:type\" content=\"article\" \/>\n<meta property=\"og:title\" content=\"Durr\u00ebs, Theofania - Uji i Bekuar, Janar 2013. - Kisha Orthodh\u03bfkse Autoqefale e Shqip\u00ebris\u00eb\" \/>\n<meta property=\"og:description\" content=\"&nbsp;U fanese me lavdi, n\u00eb t\u00ebr\u00eb bot\u00ebn edhe drita jote sot na u sh\u00ebnua me \u00e7udi, pra t\u00eb himnojm\u00eb me kuptim. Erdhe u duke, o Drit\u00eb, e paafrueshme.&nbsp; &nbsp; &nbsp; Me k\u00ebto fjal\u00eb t\u00eb shkurtores t\u00eb fest\u00ebs s\u00eb Theofanis\u00eb kuptojm\u00eb r\u00ebnd\u00ebsin\u00eb dhe madh\u00ebshtin\u00eb e dit\u00ebs s\u00eb sotme. Pik\u00ebrisht sot, m\u00eb dat\u00eb 6 janar e gjith\u00eb bota orthodhokse, por jo vet\u00ebm, kremton Pag\u00ebzimin e Zotit ton\u00eb\" \/>\n<meta property=\"og:url\" content=\"https:\/\/orthodoxalbania.org\/2020\/2013\/03\/21\/durres-theofania-uji-i-bekuar-2013\/\" \/>\n<meta property=\"og:site_name\" content=\"Kisha Orthodh\u03bfkse Autoqefale e Shqip\u00ebris\u00eb\" \/>\n<meta property=\"article:publisher\" content=\"https:\/\/www.facebook.com\/koash1991\" \/>\n<meta property=\"article:published_time\" content=\"2013-03-21T12:41:53+00:00\" \/>\n<meta property=\"article:modified_time\" content=\"2020-04-06T20:05:52+00:00\" \/>\n<meta property=\"og:image\" content=\"https:\/\/lh6.googleusercontent.com\/-p7sAMKIN6ZE\/UOmx8GjE6JI\/AAAAAAAABx4\/YEHqB4zfF5c\/s720\/4.JPG\" \/>\n<meta name=\"author\" content=\"Kisha Orthodhokse\" \/>\n<meta name=\"twitter:card\" content=\"summary_large_image\" \/>\n<meta name=\"twitter:label1\" content=\"Written by\" \/>\n\t<meta name=\"twitter:data1\" content=\"Kisha Orthodhokse\" \/>\n\t<meta name=\"twitter:label2\" content=\"Est. reading time\" \/>\n\t<meta name=\"twitter:data2\" content=\"3 minutes\" \/>\n<script type=\"application\/ld+json\" class=\"yoast-schema-graph\">{\"@context\":\"https:\/\/schema.org\",\"@graph\":[{\"@type\":\"Article\",\"@id\":\"https:\/\/orthodoxalbania.org\/2020\/2013\/03\/21\/durres-theofania-uji-i-bekuar-2013\/#article\",\"isPartOf\":{\"@id\":\"https:\/\/orthodoxalbania.org\/2020\/2013\/03\/21\/durres-theofania-uji-i-bekuar-2013\/\"},\"author\":{\"name\":\"Kisha Orthodhokse\",\"@id\":\"https:\/\/orthodoxalbania.org\/2020\/#\/schema\/person\/0c387634a7063ac612d7ed9ce71c7e86\"},\"headline\":\"Durr\u00ebs, Theofania &#8211; Uji i Bekuar, Janar 2013.\",\"datePublished\":\"2013-03-21T12:41:53+00:00\",\"dateModified\":\"2020-04-06T20:05:52+00:00\",\"mainEntityOfPage\":{\"@id\":\"https:\/\/orthodoxalbania.org\/2020\/2013\/03\/21\/durres-theofania-uji-i-bekuar-2013\/\"},\"wordCount\":557,\"commentCount\":0,\"publisher\":{\"@id\":\"https:\/\/orthodoxalbania.org\/2020\/#organization\"},\"image\":{\"@id\":\"https:\/\/orthodoxalbania.org\/2020\/2013\/03\/21\/durres-theofania-uji-i-bekuar-2013\/#primaryimage\"},\"thumbnailUrl\":\"https:\/\/lh6.googleusercontent.com\/-p7sAMKIN6ZE\/UOmx8GjE6JI\/AAAAAAAABx4\/YEHqB4zfF5c\/s720\/4.JPG\",\"keywords\":[\"2013\",\"Kryepiskopata Tiran\u00eb\",\"lajme\"],\"articleSection\":[\"Lajme\"],\"inLanguage\":\"en-US\"},{\"@type\":\"WebPage\",\"@id\":\"https:\/\/orthodoxalbania.org\/2020\/2013\/03\/21\/durres-theofania-uji-i-bekuar-2013\/\",\"url\":\"https:\/\/orthodoxalbania.org\/2020\/2013\/03\/21\/durres-theofania-uji-i-bekuar-2013\/\",\"name\":\"Durr\u00ebs, Theofania - Uji i Bekuar, Janar 2013. - Kisha Orthodh\u03bfkse Autoqefale e Shqip\u00ebris\u00eb\",\"isPartOf\":{\"@id\":\"https:\/\/orthodoxalbania.org\/2020\/#website\"},\"primaryImageOfPage\":{\"@id\":\"https:\/\/orthodoxalbania.org\/2020\/2013\/03\/21\/durres-theofania-uji-i-bekuar-2013\/#primaryimage\"},\"image\":{\"@id\":\"https:\/\/orthodoxalbania.org\/2020\/2013\/03\/21\/durres-theofania-uji-i-bekuar-2013\/#primaryimage\"},\"thumbnailUrl\":\"https:\/\/lh6.googleusercontent.com\/-p7sAMKIN6ZE\/UOmx8GjE6JI\/AAAAAAAABx4\/YEHqB4zfF5c\/s720\/4.JPG\",\"datePublished\":\"2013-03-21T12:41:53+00:00\",\"dateModified\":\"2020-04-06T20:05:52+00:00\",\"breadcrumb\":{\"@id\":\"https:\/\/orthodoxalbania.org\/2020\/2013\/03\/21\/durres-theofania-uji-i-bekuar-2013\/#breadcrumb\"},\"inLanguage\":\"en-US\",\"potentialAction\":[{\"@type\":\"ReadAction\",\"target\":[\"https:\/\/orthodoxalbania.org\/2020\/2013\/03\/21\/durres-theofania-uji-i-bekuar-2013\/\"]}]},{\"@type\":\"ImageObject\",\"inLanguage\":\"en-US\",\"@id\":\"https:\/\/orthodoxalbania.org\/2020\/2013\/03\/21\/durres-theofania-uji-i-bekuar-2013\/#primaryimage\",\"url\":\"https:\/\/lh6.googleusercontent.com\/-p7sAMKIN6ZE\/UOmx8GjE6JI\/AAAAAAAABx4\/YEHqB4zfF5c\/s720\/4.JPG\",\"contentUrl\":\"https:\/\/lh6.googleusercontent.com\/-p7sAMKIN6ZE\/UOmx8GjE6JI\/AAAAAAAABx4\/YEHqB4zfF5c\/s720\/4.JPG\"},{\"@type\":\"BreadcrumbList\",\"@id\":\"https:\/\/orthodoxalbania.org\/2020\/2013\/03\/21\/durres-theofania-uji-i-bekuar-2013\/#breadcrumb\",\"itemListElement\":[{\"@type\":\"ListItem\",\"position\":1,\"name\":\"Home\",\"item\":\"https:\/\/orthodoxalbania.org\/2020\/\"},{\"@type\":\"ListItem\",\"position\":2,\"name\":\"Durr\u00ebs, Theofania &#8211; Uji i Bekuar, Janar 2013.\"}]},{\"@type\":\"WebSite\",\"@id\":\"https:\/\/orthodoxalbania.org\/2020\/#website\",\"url\":\"https:\/\/orthodoxalbania.org\/2020\/\",\"name\":\"Kisha Orthodh\u03bfkse Autoqefale e Shqip\u00ebris\u00eb\",\"description\":\"Fqja Zyrtare e Kish\u00ebs Orthodhokse Autoqefale e Shqip\u00ebris\u00eb me lajmet edhe informacionet zyrtare p\u00ebr struktur\u00ebn edhe veprimtarin e saj.\",\"publisher\":{\"@id\":\"https:\/\/orthodoxalbania.org\/2020\/#organization\"},\"potentialAction\":[{\"@type\":\"SearchAction\",\"target\":{\"@type\":\"EntryPoint\",\"urlTemplate\":\"https:\/\/orthodoxalbania.org\/2020\/?s={search_term_string}\"},\"query-input\":{\"@type\":\"PropertyValueSpecification\",\"valueRequired\":true,\"valueName\":\"search_term_string\"}}],\"inLanguage\":\"en-US\"},{\"@type\":\"Organization\",\"@id\":\"https:\/\/orthodoxalbania.org\/2020\/#organization\",\"name\":\"Kisha Orthodhokse Autoqefale e Shqip\u00ebris\u00eb\",\"url\":\"https:\/\/orthodoxalbania.org\/2020\/\",\"logo\":{\"@type\":\"ImageObject\",\"inLanguage\":\"en-US\",\"@id\":\"https:\/\/orthodoxalbania.org\/2020\/#\/schema\/logo\/image\/\",\"url\":\"https:\/\/orthodoxalbania.org\/2020\/wp-content\/uploads\/2020\/05\/albania.jpeg\",\"contentUrl\":\"https:\/\/orthodoxalbania.org\/2020\/wp-content\/uploads\/2020\/05\/albania.jpeg\",\"width\":540,\"height\":540,\"caption\":\"Kisha Orthodhokse Autoqefale e Shqip\u00ebris\u00eb\"},\"image\":{\"@id\":\"https:\/\/orthodoxalbania.org\/2020\/#\/schema\/logo\/image\/\"},\"sameAs\":[\"https:\/\/www.facebook.com\/koash1991\"]},{\"@type\":\"Person\",\"@id\":\"https:\/\/orthodoxalbania.org\/2020\/#\/schema\/person\/0c387634a7063ac612d7ed9ce71c7e86\",\"name\":\"Kisha Orthodhokse\",\"image\":{\"@type\":\"ImageObject\",\"inLanguage\":\"en-US\",\"@id\":\"https:\/\/secure.gravatar.com\/avatar\/596e7c417251e30f2fbb9c00e026fce61a695a00e51c889caded71c96cbbdde5?s=96&d=mm&r=g\",\"url\":\"https:\/\/secure.gravatar.com\/avatar\/596e7c417251e30f2fbb9c00e026fce61a695a00e51c889caded71c96cbbdde5?s=96&d=mm&r=g\",\"contentUrl\":\"https:\/\/secure.gravatar.com\/avatar\/596e7c417251e30f2fbb9c00e026fce61a695a00e51c889caded71c96cbbdde5?s=96&d=mm&r=g\",\"caption\":\"Kisha Orthodhokse\"}}]}<\/script>\n<!-- \/ Yoast SEO plugin. -->","yoast_head_json":{"title":"Durr\u00ebs, Theofania - Uji i Bekuar, Janar 2013. - Kisha Orthodh\u03bfkse Autoqefale e Shqip\u00ebris\u00eb","robots":{"index":"index","follow":"follow","max-snippet":"max-snippet:-1","max-image-preview":"max-image-preview:large","max-video-preview":"max-video-preview:-1"},"canonical":"https:\/\/orthodoxalbania.org\/2020\/2013\/03\/21\/durres-theofania-uji-i-bekuar-2013\/","og_locale":"en_US","og_type":"article","og_title":"Durr\u00ebs, Theofania - Uji i Bekuar, Janar 2013. - Kisha Orthodh\u03bfkse Autoqefale e Shqip\u00ebris\u00eb","og_description":"&nbsp;U fanese me lavdi, n\u00eb t\u00ebr\u00eb bot\u00ebn edhe drita jote sot na u sh\u00ebnua me \u00e7udi, pra t\u00eb himnojm\u00eb me kuptim. Erdhe u duke, o Drit\u00eb, e paafrueshme.&nbsp; &nbsp; &nbsp; Me k\u00ebto fjal\u00eb t\u00eb shkurtores t\u00eb fest\u00ebs s\u00eb Theofanis\u00eb kuptojm\u00eb r\u00ebnd\u00ebsin\u00eb dhe madh\u00ebshtin\u00eb e dit\u00ebs s\u00eb sotme. Pik\u00ebrisht sot, m\u00eb dat\u00eb 6 janar e gjith\u00eb bota orthodhokse, por jo vet\u00ebm, kremton Pag\u00ebzimin e Zotit ton\u00eb","og_url":"https:\/\/orthodoxalbania.org\/2020\/2013\/03\/21\/durres-theofania-uji-i-bekuar-2013\/","og_site_name":"Kisha Orthodh\u03bfkse Autoqefale e Shqip\u00ebris\u00eb","article_publisher":"https:\/\/www.facebook.com\/koash1991","article_published_time":"2013-03-21T12:41:53+00:00","article_modified_time":"2020-04-06T20:05:52+00:00","og_image":[{"url":"https:\/\/lh6.googleusercontent.com\/-p7sAMKIN6ZE\/UOmx8GjE6JI\/AAAAAAAABx4\/YEHqB4zfF5c\/s720\/4.JPG","type":"","width":"","height":""}],"author":"Kisha Orthodhokse","twitter_card":"summary_large_image","twitter_misc":{"Written by":"Kisha Orthodhokse","Est. reading time":"3 minutes"},"schema":{"@context":"https:\/\/schema.org","@graph":[{"@type":"Article","@id":"https:\/\/orthodoxalbania.org\/2020\/2013\/03\/21\/durres-theofania-uji-i-bekuar-2013\/#article","isPartOf":{"@id":"https:\/\/orthodoxalbania.org\/2020\/2013\/03\/21\/durres-theofania-uji-i-bekuar-2013\/"},"author":{"name":"Kisha Orthodhokse","@id":"https:\/\/orthodoxalbania.org\/2020\/#\/schema\/person\/0c387634a7063ac612d7ed9ce71c7e86"},"headline":"Durr\u00ebs, Theofania &#8211; Uji i Bekuar, Janar 2013.","datePublished":"2013-03-21T12:41:53+00:00","dateModified":"2020-04-06T20:05:52+00:00","mainEntityOfPage":{"@id":"https:\/\/orthodoxalbania.org\/2020\/2013\/03\/21\/durres-theofania-uji-i-bekuar-2013\/"},"wordCount":557,"commentCount":0,"publisher":{"@id":"https:\/\/orthodoxalbania.org\/2020\/#organization"},"image":{"@id":"https:\/\/orthodoxalbania.org\/2020\/2013\/03\/21\/durres-theofania-uji-i-bekuar-2013\/#primaryimage"},"thumbnailUrl":"https:\/\/lh6.googleusercontent.com\/-p7sAMKIN6ZE\/UOmx8GjE6JI\/AAAAAAAABx4\/YEHqB4zfF5c\/s720\/4.JPG","keywords":["2013","Kryepiskopata Tiran\u00eb","lajme"],"articleSection":["Lajme"],"inLanguage":"en-US"},{"@type":"WebPage","@id":"https:\/\/orthodoxalbania.org\/2020\/2013\/03\/21\/durres-theofania-uji-i-bekuar-2013\/","url":"https:\/\/orthodoxalbania.org\/2020\/2013\/03\/21\/durres-theofania-uji-i-bekuar-2013\/","name":"Durr\u00ebs, Theofania - Uji i Bekuar, Janar 2013. - Kisha Orthodh\u03bfkse Autoqefale e Shqip\u00ebris\u00eb","isPartOf":{"@id":"https:\/\/orthodoxalbania.org\/2020\/#website"},"primaryImageOfPage":{"@id":"https:\/\/orthodoxalbania.org\/2020\/2013\/03\/21\/durres-theofania-uji-i-bekuar-2013\/#primaryimage"},"image":{"@id":"https:\/\/orthodoxalbania.org\/2020\/2013\/03\/21\/durres-theofania-uji-i-bekuar-2013\/#primaryimage"},"thumbnailUrl":"https:\/\/lh6.googleusercontent.com\/-p7sAMKIN6ZE\/UOmx8GjE6JI\/AAAAAAAABx4\/YEHqB4zfF5c\/s720\/4.JPG","datePublished":"2013-03-21T12:41:53+00:00","dateModified":"2020-04-06T20:05:52+00:00","breadcrumb":{"@id":"https:\/\/orthodoxalbania.org\/2020\/2013\/03\/21\/durres-theofania-uji-i-bekuar-2013\/#breadcrumb"},"inLanguage":"en-US","potentialAction":[{"@type":"ReadAction","target":["https:\/\/orthodoxalbania.org\/2020\/2013\/03\/21\/durres-theofania-uji-i-bekuar-2013\/"]}]},{"@type":"ImageObject","inLanguage":"en-US","@id":"https:\/\/orthodoxalbania.org\/2020\/2013\/03\/21\/durres-theofania-uji-i-bekuar-2013\/#primaryimage","url":"https:\/\/lh6.googleusercontent.com\/-p7sAMKIN6ZE\/UOmx8GjE6JI\/AAAAAAAABx4\/YEHqB4zfF5c\/s720\/4.JPG","contentUrl":"https:\/\/lh6.googleusercontent.com\/-p7sAMKIN6ZE\/UOmx8GjE6JI\/AAAAAAAABx4\/YEHqB4zfF5c\/s720\/4.JPG"},{"@type":"BreadcrumbList","@id":"https:\/\/orthodoxalbania.org\/2020\/2013\/03\/21\/durres-theofania-uji-i-bekuar-2013\/#breadcrumb","itemListElement":[{"@type":"ListItem","position":1,"name":"Home","item":"https:\/\/orthodoxalbania.org\/2020\/"},{"@type":"ListItem","position":2,"name":"Durr\u00ebs, Theofania &#8211; Uji i Bekuar, Janar 2013."}]},{"@type":"WebSite","@id":"https:\/\/orthodoxalbania.org\/2020\/#website","url":"https:\/\/orthodoxalbania.org\/2020\/","name":"Kisha Orthodh\u03bfkse Autoqefale e Shqip\u00ebris\u00eb","description":"Fqja Zyrtare e Kish\u00ebs Orthodhokse Autoqefale e Shqip\u00ebris\u00eb me lajmet edhe informacionet zyrtare p\u00ebr struktur\u00ebn edhe veprimtarin e saj.","publisher":{"@id":"https:\/\/orthodoxalbania.org\/2020\/#organization"},"potentialAction":[{"@type":"SearchAction","target":{"@type":"EntryPoint","urlTemplate":"https:\/\/orthodoxalbania.org\/2020\/?s={search_term_string}"},"query-input":{"@type":"PropertyValueSpecification","valueRequired":true,"valueName":"search_term_string"}}],"inLanguage":"en-US"},{"@type":"Organization","@id":"https:\/\/orthodoxalbania.org\/2020\/#organization","name":"Kisha Orthodhokse Autoqefale e Shqip\u00ebris\u00eb","url":"https:\/\/orthodoxalbania.org\/2020\/","logo":{"@type":"ImageObject","inLanguage":"en-US","@id":"https:\/\/orthodoxalbania.org\/2020\/#\/schema\/logo\/image\/","url":"https:\/\/orthodoxalbania.org\/2020\/wp-content\/uploads\/2020\/05\/albania.jpeg","contentUrl":"https:\/\/orthodoxalbania.org\/2020\/wp-content\/uploads\/2020\/05\/albania.jpeg","width":540,"height":540,"caption":"Kisha Orthodhokse Autoqefale e Shqip\u00ebris\u00eb"},"image":{"@id":"https:\/\/orthodoxalbania.org\/2020\/#\/schema\/logo\/image\/"},"sameAs":["https:\/\/www.facebook.com\/koash1991"]},{"@type":"Person","@id":"https:\/\/orthodoxalbania.org\/2020\/#\/schema\/person\/0c387634a7063ac612d7ed9ce71c7e86","name":"Kisha Orthodhokse","image":{"@type":"ImageObject","inLanguage":"en-US","@id":"https:\/\/secure.gravatar.com\/avatar\/596e7c417251e30f2fbb9c00e026fce61a695a00e51c889caded71c96cbbdde5?s=96&d=mm&r=g","url":"https:\/\/secure.gravatar.com\/avatar\/596e7c417251e30f2fbb9c00e026fce61a695a00e51c889caded71c96cbbdde5?s=96&d=mm&r=g","contentUrl":"https:\/\/secure.gravatar.com\/avatar\/596e7c417251e30f2fbb9c00e026fce61a695a00e51c889caded71c96cbbdde5?s=96&d=mm&r=g","caption":"Kisha Orthodhokse"}}]}},"_links":{"self":[{"href":"https:\/\/orthodoxalbania.org\/2020\/wp-json\/wp\/v2\/posts\/476","targetHints":{"allow":["GET"]}}],"collection":[{"href":"https:\/\/orthodoxalbania.org\/2020\/wp-json\/wp\/v2\/posts"}],"about":[{"href":"https:\/\/orthodoxalbania.org\/2020\/wp-json\/wp\/v2\/types\/post"}],"author":[{"embeddable":true,"href":"https:\/\/orthodoxalbania.org\/2020\/wp-json\/wp\/v2\/users\/1"}],"replies":[{"embeddable":true,"href":"https:\/\/orthodoxalbania.org\/2020\/wp-json\/wp\/v2\/comments?post=476"}],"version-history":[{"count":1,"href":"https:\/\/orthodoxalbania.org\/2020\/wp-json\/wp\/v2\/posts\/476\/revisions"}],"predecessor-version":[{"id":15264,"href":"https:\/\/orthodoxalbania.org\/2020\/wp-json\/wp\/v2\/posts\/476\/revisions\/15264"}],"wp:attachment":[{"href":"https:\/\/orthodoxalbania.org\/2020\/wp-json\/wp\/v2\/media?parent=476"}],"wp:term":[{"taxonomy":"category","embeddable":true,"href":"https:\/\/orthodoxalbania.org\/2020\/wp-json\/wp\/v2\/categories?post=476"},{"taxonomy":"post_tag","embeddable":true,"href":"https:\/\/orthodoxalbania.org\/2020\/wp-json\/wp\/v2\/tags?post=476"}],"curies":[{"name":"wp","href":"https:\/\/api.w.org\/{rel}","templated":true}]}}