{"id":475,"date":"2013-03-21T12:28:49","date_gmt":"2013-03-21T12:28:49","guid":{"rendered":""},"modified":"2020-04-06T22:05:55","modified_gmt":"2020-04-06T20:05:55","slug":"durres-koncert-festiv-me-rastin-e-100-vjetorit-te-pavarsise-se-shqiperise-me-titull-e-duam-shqiperine","status":"publish","type":"post","link":"https:\/\/orthodoxalbania.org\/2020\/2013\/03\/21\/durres-koncert-festiv-me-rastin-e-100-vjetorit-te-pavarsise-se-shqiperise-me-titull-e-duam-shqiperine\/","title":{"rendered":"Durr\u00ebs, koncert festiv me rastin e 100-vjetorit t\u00eb Pavarsis\u00eb s\u00eb Shqip\u00ebris\u00eb me titull &#8220;E duam Shqip\u00ebrin\u00eb&#8221;. (25 N\u00ebntor 2012)"},"content":{"rendered":"<div style=\"text-align: justify;\"><span style=\"color: #000000; font-family: helvetica;\"><span style=\"font-size: 12px;\"><img class=\"lazyload\" decoding=\"async\" style=\"width: 300px; height: 225px; border-width: 1px; border-style: solid; margin: 10px; float: left;\" alt=\"\" src=\"data:image\/gif;base64,R0lGODlhAQABAAAAACH5BAEKAAEALAAAAAABAAEAAAICTAEAOw==\" data-orig-src=\"https:\/\/lh5.googleusercontent.com\/-j6rwCKrT_mw\/ULM7vzoKCXI\/AAAAAAAABNE\/WOVFHZJ0ohA\/s640\/DSC09871_800x600.JPG\" \/><span style=\"font-size: 12pt;\">&nbsp; &nbsp; Veshur kuqezi, me flamuj komb\u00ebtar\u00eb n\u00eb dor\u00eb dhe me syt\u00eb plot g\u00ebzim f\u00ebmij\u00ebt, t\u00eb rinjt\u00eb dhe besimtar\u00ebt orthodhoks\u00eb t\u00eb qytetit t\u00eb Durr\u00ebsit sot, m\u00eb dat\u00ebn 25 n\u00ebntor 2012, festuan s\u00ebbashku 100-vjetorin e shpalljes s\u00eb Pavarsis\u00eb s\u00eb Shqip\u00ebris\u00eb.<\/span><\/span><\/span><\/div>\n<div style=\"text-align: justify;\"><span style=\"color: #000000; font-family: helvetica; font-size: 12pt;\"> &nbsp;&nbsp;&nbsp; Programi artistik u krye n\u00eb sall\u00ebn e shfaqjeve posht\u00eb kish\u00ebs katedrale \u201cApostull Pavli &amp; Sh\u00ebn Asti\u201d, menj\u00ebher\u00eb pas Liturgjis\u00eb Hyjnore. Ashtu si Shqip\u00ebria e ka \u00e7ar\u00eb rrjet\u00ebn e historis\u00eb me shpat\u00eb n\u00eb dor\u00eb, k\u00ebshtu edhe artist\u00ebt e vegj\u00ebl e \u00e7an\u00eb rrjet\u00ebn e suksesit me talentin dhe buz\u00ebqeshjen e tyre. Duke filluar q\u00eb nga skena e improvizuar bukur e deri tek kokteji i organizuar n\u00eb fund t\u00eb fest\u00ebs, vihej re nj\u00eb angazhim dhe seriozitet t\u00ebr\u00ebsor.<\/span><\/div>\n<div style=\"text-align: justify;\"><span style=\"color: #000000; font-family: helvetica; font-size: 12pt;\"> &nbsp;&nbsp;&nbsp; T\u00eb gjitha institucionet arsimore kishtare t\u00eb Durr\u00ebsit, t\u00eb themeluara nga Kryepiskopi i Tiran\u00ebs, Durr\u00ebsit dhe i gjith\u00eb Shqip\u00ebris\u00eb, Fortlumturia e Tij, Imzot Anastasi, b\u00ebn\u00eb t\u00eb mundur realizimin e programit festiv. Akademia Teologjike \u201cNgjallja e Krishtit\u201d, e cila ishte edhe organizatorja e fest\u00ebs, u paraqit me tri k\u00ebng\u00eb: \u201cVajta kalova gjith\u00eb Kalabrin\u00eb\u201d, \u201cIliria\u201d dhe \u201cKrishtin fal\u00ebnderojm\u00eb\u201d. Gjimnazi \u201cKryqi i Nderuar\u201d solli n\u00eb sken\u00eb nj\u00eb interpretim nga vargjet e Mitrush Kutelit e k\u00ebng\u00ebt patriotike \u201cP\u00ebr M\u00ebm\u00ebdhen\u00eb\u201d dhe \u201cO Trima luft\u00ebtar\u00eb\u201d. Sht\u00ebpia Orthodhokse e Shpres\u00ebs e zbukuroi fest\u00ebn me valle arb\u00ebreshe, k\u00ebng\u00eb patriotike dhe dy poezi atdhetare. F\u00ebmij\u00ebt e kopshtit t\u00eb Kish\u00ebs luajt\u00ebn pjes\u00ebn teatrale \u201cOr\u00ebt e H\u00ebn\u00ebs\u201d dhe recituan kat\u00ebr poezi. Sken\u00ebn e mbush\u00ebn nx\u00ebn\u00ebsit e shkoll\u00ebs 9-vje\u00e7are \u201cFrym\u00eb Dashurie\u201d, t\u00eb cil\u00ebt k\u00ebnduan dhe interpretuan shum\u00eb poezi patriotike dhe atdhetare. \u201cFlamuri\u201d, \u201cShqiponja\u201d, \u201cFlamuri i M\u00ebm\u00ebdheut\u201d ishin disa prej poezive q\u00eb recituan f\u00ebmij\u00ebt e grupit t\u00eb Katekizmit t\u00eb Durr\u00ebsit. Rinia Orthodhokse e qytetit u prezantua me dy poezi dhe nj\u00eb pjes\u00eb muzikore t\u00eb interpretuar n\u00eb piano. Nuk munguan n\u00eb k\u00ebt\u00eb program edhe psalmet bizantine \u201cSa u pag\u00ebzuat m\u00eb Krishtin\u201d, \u201cP\u00ebrluftesh\u00ebs Gjenerale\u201d dhe \u201cO Zot, shp\u00ebto popullin t\u00ebnd\u201d.<\/span><\/div>\n<div style=\"text-align: justify;\"><span style=\"color: #000000; font-family: helvetica; font-size: 12pt;\"> &nbsp;&nbsp;&nbsp; T\u00eb gjitha grupet vodh\u00ebn duartrokitjet dhe brohoritjet e t\u00eb ftuarve, klerik\u00ebve, m\u00ebsuesve, prind\u00ebrve dhe besimtar\u00ebve t\u00eb shumt\u00eb, q\u00eb kishin mbushur sall\u00ebn. N\u00eb fund Episkopi i Apollonis\u00eb dhe Episkopi ndihm\u00ebs i Kryepiskopit, Hir\u00ebsia e tij, Imzot Nikolla Hyka mbajti fjal\u00ebn e rastit duke shprehur g\u00ebzimin dhe mir\u00ebnjohjen p\u00ebr pjes\u00ebmarr\u00ebsit n\u00eb k\u00ebt\u00eb aktivitet. Ai theksoi se shpallja e Pavarsis\u00eb p\u00ebr Shqip\u00ebrin\u00eb ishte nj\u00eb mrekulli dhe dhurat\u00eb nga Zoti p\u00ebr vendin dhe popullin ton\u00eb. T\u00eb gjith\u00eb ne sot, jemi mbledhur p\u00ebr t\u00eb shprehur mir\u00ebnjohjen ton\u00eb p\u00ebr t\u00eb gjith\u00eb ata q\u00eb kontribuan si edhe p\u00ebr klerik\u00ebt e t\u00eb kat\u00ebr komuniteteve fetare q\u00eb luajt\u00ebn nj\u00eb rol shum\u00eb t\u00eb r\u00ebnd\u00ebsish\u00ebm n\u00eb shpalljen e pavarsis\u00eb s\u00eb Shqip\u00ebris\u00eb dhe n\u00eb mbar\u00ebvajtjen e shtetit Shqiptar. Duhet t\u00eb kemi mir\u00ebnjohje p\u00ebr t\u00eb gjith\u00eb ata q\u00eb dhan\u00eb gjakun e tyre p\u00ebr k\u00ebt\u00eb pavar\u00ebsi. K\u00ebt\u00eb 100-vjetor t\u00eb shpalljes s\u00eb Pavarsis\u00eb e kremtojm\u00eb p\u00ebr t\u2019u th\u00ebn\u00eb t\u00eb gjith\u00ebve se ne shqiptar\u00ebt e duam Shqip\u00ebrin\u00eb dhe kemi p\u00ebrgjegj\u00ebsi p\u00ebr vendin ton\u00eb. T\u00eb gjith\u00eb ne duhet ta ndjejm\u00eb se kemi nj\u00eb detyr\u00eb t\u00eb madhe p\u00ebr kombin. Sami Frash\u00ebri thot\u00eb: \u201cnj\u00eb popull i bashkuar p\u00ebrb\u00ebn themelin e nj\u00eb kombi\u201d. Pik\u00ebrisht k\u00ebtu mbetet detyra jon\u00eb dhe ve\u00e7an\u00ebrisht e klerik\u00ebve t\u00eb t\u00eb kat\u00ebr komuniteteve fetare q\u00eb t\u00eb jen\u00eb nj\u00eb faktor i r\u00ebnd\u00ebsish\u00ebm bashkimi dhe uniteti, por jasht\u00eb k\u00ebsaj p\u00ebrgjegj\u00ebsie nuk mbeten edhe udh\u00ebheq\u00ebsit e k\u00ebtij vendi q\u00eb mbi \u00e7do interes personal duhet t\u00eb vendosin interesat e kombit. Ne t\u00eb krishter\u00ebt orthodhoks\u00eb n\u00eb \u00e7do sh\u00ebrbes\u00eb fetare lutemi p\u00ebr mbar\u00ebvajtjen e kombit, Presidentin e Republik\u00ebs, qeverin\u00eb ushtrin\u00eb dhe gjith\u00eb popullin sepse kemi bindjen dhe besimin se ai q\u00eb \u00ebsht\u00eb nj\u00eb besimtar i mir\u00eb \u00ebsht\u00eb edhe nj\u00eb atdhetar i mir\u00eb. Imzot Nikolla duke p\u00ebrfunduar fjal\u00ebn e tij tha se: \u201cMe lirin\u00eb q\u00eb na ka dh\u00ebn\u00eb Per\u00ebndia, mund t\u00eb kuptojm\u00eb dhe shijojm\u00eb lirin\u00eb e Atdheut\u201d.<\/span><\/div>\n<div style=\"text-align: justify;\"><span style=\"color: #000000; font-family: helvetica; font-size: 12pt;\"> &nbsp;&nbsp;&nbsp; Nj\u00eb aktivitet mbres\u00ebl\u00ebn\u00ebs q\u00eb na b\u00ebri krenar\u00eb q\u00eb jemi shqip\u00ebtar\u00eb; q\u00eb na rikujtoi se duhet ta duam Shqip\u00ebrin\u00eb, folen\u00eb e shqiponjave. Flamuri i kuq me shkab\u00ebn dykrer\u00ebshe sot dukej m\u00eb madh\u00ebshtor se kurr\u00eb. Me k\u00ebt\u00eb flamur luftuan bijt\u00eb e Shqipes p\u00ebr Atdhe! Tosk\u00eb e geg\u00eb n\u00ebn nj\u00eb flamur! T\u00eb gjith\u00eb bashk\u00eb me flamurin n\u00eb gji t\u00eb punojm\u00eb, t\u00eb lutemi dhe t\u00eb besojm\u00eb se Shqip\u00ebria do t\u00eb b\u00ebhet m\u00eb e mir\u00eb, do t\u00eb lul\u00ebzoj\u00eb e do t\u00eb shndris\u00eb me plot fuqin\u00eb e saj.<\/span><\/div>\n<div style=\"text-align: justify;\"><span style=\"color: #000000; font-family: helvetica; font-size: 12pt;\"> Se Zoti vet\u00eb e tha me goj\u00eb,<br \/> Se kombet shuhen p\u00ebrmbi dh\u00e9,<br \/> Por Shqip\u00ebria do t\u00eb rroj\u00eb,<br \/> P\u00ebr t\u00eb, p\u00ebr t\u00eb luftojm\u00eb ne. (Himni i Flamurit)<\/span><\/div>\n<div><span style=\"color: #000000; font-family: helvetica; font-size: 12pt;\"> &nbsp;&nbsp;&nbsp; T\u00eb duam n\u00ebn\u00eb Shqip\u00ebri! Ne jemi e ardhmja, q\u00eb duke pasur n\u00eb mendje t\u00eb shkuar\u00ebn dhe duke jetuar t\u00eb tashmen aspirojm\u00eb p\u00ebrparimin dhe integrimin e vendit ton\u00eb t\u00eb dashur. Jemi krenar\u00eb q\u00eb jemi shqip\u00ebtar\u00eb! Zoti e bekoft\u00eb Shqip\u00ebrin\u00eb!<\/span><\/div>\n<div style=\"text-align: right;\">\n<p><span style=\"color: #000000; font-family: helvetica; font-size: 12pt;\"> <strong>Theano Kostoli<\/strong><\/span><br \/><span style=\"font-family: helvetica; font-size: 12pt;\"> &nbsp;<\/span><\/div>\n<div style=\"text-align: justify;\"><span style=\"color: #000000; font-family: helvetica; font-size: 12pt;\"><img class=\"lazyload\" decoding=\"async\" style=\"width: 600px; height: 450px; border-width: 1px; border-style: solid; margin: 10px; float: left;\" alt=\"\" src=\"data:image\/gif;base64,R0lGODlhAQABAAAAACH5BAEKAAEALAAAAAABAAEAAAICTAEAOw==\" data-orig-src=\"https:\/\/lh4.googleusercontent.com\/-oCGKVX4uuPc\/ULM7ya4LvhI\/AAAAAAAABNc\/XLgTJt1t1So\/s640\/DSC09930_800x600.JPG\" \/><\/span><\/div>\n<div style=\"text-align: justify;\"><span style=\"color: #000000; font-family: helvetica; font-size: 12pt;\"><img class=\"lazyload\" decoding=\"async\" style=\"width: 600px; height: 450px; border-width: 1px; border-style: solid; margin: 10px; float: left;\" alt=\"\" src=\"data:image\/gif;base64,R0lGODlhAQABAAAAACH5BAEKAAEALAAAAAABAAEAAAICTAEAOw==\" data-orig-src=\"https:\/\/lh6.googleusercontent.com\/-hdVluuji9TM\/ULM7xr88ZsI\/AAAAAAAABNM\/Zq58bBnqn5o\/s640\/DSC09907_800x600.JPG\" \/><\/span><\/div>\n<div style=\"text-align: justify;\"><span style=\"color: #000000; font-family: helvetica; font-size: 12pt;\"><img class=\"lazyload\" decoding=\"async\" style=\"width: 600px; height: 450px; border-width: 1px; border-style: solid; margin: 10px; float: left;\" alt=\"\" src=\"data:image\/gif;base64,R0lGODlhAQABAAAAACH5BAEKAAEALAAAAAABAAEAAAICTAEAOw==\" data-orig-src=\"https:\/\/lh4.googleusercontent.com\/-k9FSKR0XyEA\/ULM7v0odoNI\/AAAAAAAABNI\/Q9fsC_xNNdo\/s640\/DSC09897_800x600.JPG\" \/><br \/> <img class=\"lazyload\" decoding=\"async\" style=\"width: 600px; height: 450px; border-width: 1px; border-style: solid; margin: 10px; float: left;\" alt=\"\" src=\"data:image\/gif;base64,R0lGODlhAQABAAAAACH5BAEKAAEALAAAAAABAAEAAAICTAEAOw==\" data-orig-src=\"https:\/\/lh4.googleusercontent.com\/-R9Y4u5QdxhI\/ULM7vxVpoQI\/AAAAAAAABNA\/ZWu1kAwIHao\/s640\/DSC09890_800x600.JPG\" \/><\/span><\/div>\n","protected":false},"excerpt":{"rendered":"<p>&nbsp; &nbsp; Veshur kuqezi, me flamuj komb\u00ebtar\u00eb n\u00eb dor\u00eb dhe me syt\u00eb plot g\u00ebzim f\u00ebmij\u00ebt, t\u00eb rinjt\u00eb dhe besimtar\u00ebt orthodhoks\u00eb t\u00eb qytetit t\u00eb Durr\u00ebsit sot, m\u00eb dat\u00ebn 25 n\u00ebntor 2012, festuan s\u00ebbashku 100-vjetorin e shpalljes s\u00eb Pavarsis\u00eb s\u00eb Shqip\u00ebris\u00eb. &nbsp;&nbsp;&nbsp; Programi artistik u krye n\u00eb sall\u00ebn e shfaqjeve posht\u00eb kish\u00ebs katedrale \u201cApostull Pavli &amp; Sh\u00ebn Asti\u201d, menj\u00ebher\u00eb pas Liturgjis\u00eb Hyjnore. Ashtu si Shqip\u00ebria e ka<\/p>\n","protected":false},"author":1,"featured_media":0,"comment_status":"open","ping_status":"open","sticky":false,"template":"","format":"standard","meta":{"_acf_changed":false,"pagelayer_contact_templates":[],"_pagelayer_content":"","inline_featured_image":false,"fifu_image_url":"","fifu_image_alt":"","footnotes":""},"categories":[108],"tags":[142,154,196,212],"class_list":["post-475","post","type-post","status-publish","format-standard","hentry","category-lajme","tag-142","tag-aktivitete","tag-tirane","tag-lajme-d27"],"acf":[],"yoast_head":"<!-- This site is optimized with the Yoast SEO plugin v27.2 - https:\/\/yoast.com\/product\/yoast-seo-wordpress\/ -->\n<title>Durr\u00ebs, koncert festiv me rastin e 100-vjetorit t\u00eb Pavarsis\u00eb s\u00eb Shqip\u00ebris\u00eb me titull &quot;E duam Shqip\u00ebrin\u00eb&quot;. (25 N\u00ebntor 2012) - Kisha Orthodh\u03bfkse Autoqefale e Shqip\u00ebris\u00eb<\/title>\n<meta name=\"robots\" content=\"index, follow, max-snippet:-1, max-image-preview:large, max-video-preview:-1\" \/>\n<link rel=\"canonical\" href=\"https:\/\/orthodoxalbania.org\/2020\/2013\/03\/21\/durres-koncert-festiv-me-rastin-e-100-vjetorit-te-pavarsise-se-shqiperise-me-titull-e-duam-shqiperine\/\" \/>\n<meta property=\"og:locale\" content=\"en_US\" \/>\n<meta property=\"og:type\" content=\"article\" \/>\n<meta property=\"og:title\" content=\"Durr\u00ebs, koncert festiv me rastin e 100-vjetorit t\u00eb Pavarsis\u00eb s\u00eb Shqip\u00ebris\u00eb me titull &quot;E duam Shqip\u00ebrin\u00eb&quot;. (25 N\u00ebntor 2012) - Kisha Orthodh\u03bfkse Autoqefale e Shqip\u00ebris\u00eb\" \/>\n<meta property=\"og:description\" content=\"&nbsp; &nbsp; Veshur kuqezi, me flamuj komb\u00ebtar\u00eb n\u00eb dor\u00eb dhe me syt\u00eb plot g\u00ebzim f\u00ebmij\u00ebt, t\u00eb rinjt\u00eb dhe besimtar\u00ebt orthodhoks\u00eb t\u00eb qytetit t\u00eb Durr\u00ebsit sot, m\u00eb dat\u00ebn 25 n\u00ebntor 2012, festuan s\u00ebbashku 100-vjetorin e shpalljes s\u00eb Pavarsis\u00eb s\u00eb Shqip\u00ebris\u00eb. &nbsp;&nbsp;&nbsp; Programi artistik u krye n\u00eb sall\u00ebn e shfaqjeve posht\u00eb kish\u00ebs katedrale \u201cApostull Pavli &amp; Sh\u00ebn Asti\u201d, menj\u00ebher\u00eb pas Liturgjis\u00eb Hyjnore. Ashtu si Shqip\u00ebria e ka\" \/>\n<meta property=\"og:url\" content=\"https:\/\/orthodoxalbania.org\/2020\/2013\/03\/21\/durres-koncert-festiv-me-rastin-e-100-vjetorit-te-pavarsise-se-shqiperise-me-titull-e-duam-shqiperine\/\" \/>\n<meta property=\"og:site_name\" content=\"Kisha Orthodh\u03bfkse Autoqefale e Shqip\u00ebris\u00eb\" \/>\n<meta property=\"article:publisher\" content=\"https:\/\/www.facebook.com\/koash1991\" \/>\n<meta property=\"article:published_time\" content=\"2013-03-21T12:28:49+00:00\" \/>\n<meta property=\"article:modified_time\" content=\"2020-04-06T20:05:55+00:00\" \/>\n<meta property=\"og:image\" content=\"https:\/\/lh5.googleusercontent.com\/-j6rwCKrT_mw\/ULM7vzoKCXI\/AAAAAAAABNE\/WOVFHZJ0ohA\/s640\/DSC09871_800x600.JPG\" \/>\n<meta name=\"author\" content=\"Kisha Orthodhokse\" \/>\n<meta name=\"twitter:card\" content=\"summary_large_image\" \/>\n<meta name=\"twitter:label1\" content=\"Written by\" \/>\n\t<meta name=\"twitter:data1\" content=\"Kisha Orthodhokse\" \/>\n\t<meta name=\"twitter:label2\" content=\"Est. reading time\" \/>\n\t<meta name=\"twitter:data2\" content=\"5 minutes\" \/>\n<script type=\"application\/ld+json\" class=\"yoast-schema-graph\">{\"@context\":\"https:\/\/schema.org\",\"@graph\":[{\"@type\":\"Article\",\"@id\":\"https:\/\/orthodoxalbania.org\/2020\/2013\/03\/21\/durres-koncert-festiv-me-rastin-e-100-vjetorit-te-pavarsise-se-shqiperise-me-titull-e-duam-shqiperine\/#article\",\"isPartOf\":{\"@id\":\"https:\/\/orthodoxalbania.org\/2020\/2013\/03\/21\/durres-koncert-festiv-me-rastin-e-100-vjetorit-te-pavarsise-se-shqiperise-me-titull-e-duam-shqiperine\/\"},\"author\":{\"name\":\"Kisha Orthodhokse\",\"@id\":\"https:\/\/orthodoxalbania.org\/2020\/#\/schema\/person\/0c387634a7063ac612d7ed9ce71c7e86\"},\"headline\":\"Durr\u00ebs, koncert festiv me rastin e 100-vjetorit t\u00eb Pavarsis\u00eb s\u00eb Shqip\u00ebris\u00eb me titull &#8220;E duam Shqip\u00ebrin\u00eb&#8221;. (25 N\u00ebntor 2012)\",\"datePublished\":\"2013-03-21T12:28:49+00:00\",\"dateModified\":\"2020-04-06T20:05:55+00:00\",\"mainEntityOfPage\":{\"@id\":\"https:\/\/orthodoxalbania.org\/2020\/2013\/03\/21\/durres-koncert-festiv-me-rastin-e-100-vjetorit-te-pavarsise-se-shqiperise-me-titull-e-duam-shqiperine\/\"},\"wordCount\":942,\"commentCount\":0,\"publisher\":{\"@id\":\"https:\/\/orthodoxalbania.org\/2020\/#organization\"},\"image\":{\"@id\":\"https:\/\/orthodoxalbania.org\/2020\/2013\/03\/21\/durres-koncert-festiv-me-rastin-e-100-vjetorit-te-pavarsise-se-shqiperise-me-titull-e-duam-shqiperine\/#primaryimage\"},\"thumbnailUrl\":\"https:\/\/lh5.googleusercontent.com\/-j6rwCKrT_mw\/ULM7vzoKCXI\/AAAAAAAABNE\/WOVFHZJ0ohA\/s640\/DSC09871_800x600.JPG\",\"keywords\":[\"2012\",\"Aktivitete\",\"Kryepiskopata Tiran\u00eb\",\"lajme\"],\"articleSection\":[\"Lajme\"],\"inLanguage\":\"en-US\"},{\"@type\":\"WebPage\",\"@id\":\"https:\/\/orthodoxalbania.org\/2020\/2013\/03\/21\/durres-koncert-festiv-me-rastin-e-100-vjetorit-te-pavarsise-se-shqiperise-me-titull-e-duam-shqiperine\/\",\"url\":\"https:\/\/orthodoxalbania.org\/2020\/2013\/03\/21\/durres-koncert-festiv-me-rastin-e-100-vjetorit-te-pavarsise-se-shqiperise-me-titull-e-duam-shqiperine\/\",\"name\":\"Durr\u00ebs, koncert festiv me rastin e 100-vjetorit t\u00eb Pavarsis\u00eb s\u00eb Shqip\u00ebris\u00eb me titull \\\"E duam Shqip\u00ebrin\u00eb\\\". (25 N\u00ebntor 2012) - Kisha Orthodh\u03bfkse Autoqefale e Shqip\u00ebris\u00eb\",\"isPartOf\":{\"@id\":\"https:\/\/orthodoxalbania.org\/2020\/#website\"},\"primaryImageOfPage\":{\"@id\":\"https:\/\/orthodoxalbania.org\/2020\/2013\/03\/21\/durres-koncert-festiv-me-rastin-e-100-vjetorit-te-pavarsise-se-shqiperise-me-titull-e-duam-shqiperine\/#primaryimage\"},\"image\":{\"@id\":\"https:\/\/orthodoxalbania.org\/2020\/2013\/03\/21\/durres-koncert-festiv-me-rastin-e-100-vjetorit-te-pavarsise-se-shqiperise-me-titull-e-duam-shqiperine\/#primaryimage\"},\"thumbnailUrl\":\"https:\/\/lh5.googleusercontent.com\/-j6rwCKrT_mw\/ULM7vzoKCXI\/AAAAAAAABNE\/WOVFHZJ0ohA\/s640\/DSC09871_800x600.JPG\",\"datePublished\":\"2013-03-21T12:28:49+00:00\",\"dateModified\":\"2020-04-06T20:05:55+00:00\",\"breadcrumb\":{\"@id\":\"https:\/\/orthodoxalbania.org\/2020\/2013\/03\/21\/durres-koncert-festiv-me-rastin-e-100-vjetorit-te-pavarsise-se-shqiperise-me-titull-e-duam-shqiperine\/#breadcrumb\"},\"inLanguage\":\"en-US\",\"potentialAction\":[{\"@type\":\"ReadAction\",\"target\":[\"https:\/\/orthodoxalbania.org\/2020\/2013\/03\/21\/durres-koncert-festiv-me-rastin-e-100-vjetorit-te-pavarsise-se-shqiperise-me-titull-e-duam-shqiperine\/\"]}]},{\"@type\":\"ImageObject\",\"inLanguage\":\"en-US\",\"@id\":\"https:\/\/orthodoxalbania.org\/2020\/2013\/03\/21\/durres-koncert-festiv-me-rastin-e-100-vjetorit-te-pavarsise-se-shqiperise-me-titull-e-duam-shqiperine\/#primaryimage\",\"url\":\"https:\/\/lh5.googleusercontent.com\/-j6rwCKrT_mw\/ULM7vzoKCXI\/AAAAAAAABNE\/WOVFHZJ0ohA\/s640\/DSC09871_800x600.JPG\",\"contentUrl\":\"https:\/\/lh5.googleusercontent.com\/-j6rwCKrT_mw\/ULM7vzoKCXI\/AAAAAAAABNE\/WOVFHZJ0ohA\/s640\/DSC09871_800x600.JPG\"},{\"@type\":\"BreadcrumbList\",\"@id\":\"https:\/\/orthodoxalbania.org\/2020\/2013\/03\/21\/durres-koncert-festiv-me-rastin-e-100-vjetorit-te-pavarsise-se-shqiperise-me-titull-e-duam-shqiperine\/#breadcrumb\",\"itemListElement\":[{\"@type\":\"ListItem\",\"position\":1,\"name\":\"Home\",\"item\":\"https:\/\/orthodoxalbania.org\/2020\/\"},{\"@type\":\"ListItem\",\"position\":2,\"name\":\"Durr\u00ebs, koncert festiv me rastin e 100-vjetorit t\u00eb Pavarsis\u00eb s\u00eb Shqip\u00ebris\u00eb me titull &#8220;E duam Shqip\u00ebrin\u00eb&#8221;. (25 N\u00ebntor 2012)\"}]},{\"@type\":\"WebSite\",\"@id\":\"https:\/\/orthodoxalbania.org\/2020\/#website\",\"url\":\"https:\/\/orthodoxalbania.org\/2020\/\",\"name\":\"Kisha Orthodh\u03bfkse Autoqefale e Shqip\u00ebris\u00eb\",\"description\":\"Fqja Zyrtare e Kish\u00ebs Orthodhokse Autoqefale e Shqip\u00ebris\u00eb me lajmet edhe informacionet zyrtare p\u00ebr struktur\u00ebn edhe veprimtarin e saj.\",\"publisher\":{\"@id\":\"https:\/\/orthodoxalbania.org\/2020\/#organization\"},\"potentialAction\":[{\"@type\":\"SearchAction\",\"target\":{\"@type\":\"EntryPoint\",\"urlTemplate\":\"https:\/\/orthodoxalbania.org\/2020\/?s={search_term_string}\"},\"query-input\":{\"@type\":\"PropertyValueSpecification\",\"valueRequired\":true,\"valueName\":\"search_term_string\"}}],\"inLanguage\":\"en-US\"},{\"@type\":\"Organization\",\"@id\":\"https:\/\/orthodoxalbania.org\/2020\/#organization\",\"name\":\"Kisha Orthodhokse Autoqefale e Shqip\u00ebris\u00eb\",\"url\":\"https:\/\/orthodoxalbania.org\/2020\/\",\"logo\":{\"@type\":\"ImageObject\",\"inLanguage\":\"en-US\",\"@id\":\"https:\/\/orthodoxalbania.org\/2020\/#\/schema\/logo\/image\/\",\"url\":\"https:\/\/orthodoxalbania.org\/2020\/wp-content\/uploads\/2020\/05\/albania.jpeg\",\"contentUrl\":\"https:\/\/orthodoxalbania.org\/2020\/wp-content\/uploads\/2020\/05\/albania.jpeg\",\"width\":540,\"height\":540,\"caption\":\"Kisha Orthodhokse Autoqefale e Shqip\u00ebris\u00eb\"},\"image\":{\"@id\":\"https:\/\/orthodoxalbania.org\/2020\/#\/schema\/logo\/image\/\"},\"sameAs\":[\"https:\/\/www.facebook.com\/koash1991\"]},{\"@type\":\"Person\",\"@id\":\"https:\/\/orthodoxalbania.org\/2020\/#\/schema\/person\/0c387634a7063ac612d7ed9ce71c7e86\",\"name\":\"Kisha Orthodhokse\",\"image\":{\"@type\":\"ImageObject\",\"inLanguage\":\"en-US\",\"@id\":\"https:\/\/secure.gravatar.com\/avatar\/596e7c417251e30f2fbb9c00e026fce61a695a00e51c889caded71c96cbbdde5?s=96&d=mm&r=g\",\"url\":\"https:\/\/secure.gravatar.com\/avatar\/596e7c417251e30f2fbb9c00e026fce61a695a00e51c889caded71c96cbbdde5?s=96&d=mm&r=g\",\"contentUrl\":\"https:\/\/secure.gravatar.com\/avatar\/596e7c417251e30f2fbb9c00e026fce61a695a00e51c889caded71c96cbbdde5?s=96&d=mm&r=g\",\"caption\":\"Kisha Orthodhokse\"}}]}<\/script>\n<!-- \/ Yoast SEO plugin. -->","yoast_head_json":{"title":"Durr\u00ebs, koncert festiv me rastin e 100-vjetorit t\u00eb Pavarsis\u00eb s\u00eb Shqip\u00ebris\u00eb me titull \"E duam Shqip\u00ebrin\u00eb\". (25 N\u00ebntor 2012) - Kisha Orthodh\u03bfkse Autoqefale e Shqip\u00ebris\u00eb","robots":{"index":"index","follow":"follow","max-snippet":"max-snippet:-1","max-image-preview":"max-image-preview:large","max-video-preview":"max-video-preview:-1"},"canonical":"https:\/\/orthodoxalbania.org\/2020\/2013\/03\/21\/durres-koncert-festiv-me-rastin-e-100-vjetorit-te-pavarsise-se-shqiperise-me-titull-e-duam-shqiperine\/","og_locale":"en_US","og_type":"article","og_title":"Durr\u00ebs, koncert festiv me rastin e 100-vjetorit t\u00eb Pavarsis\u00eb s\u00eb Shqip\u00ebris\u00eb me titull \"E duam Shqip\u00ebrin\u00eb\". (25 N\u00ebntor 2012) - Kisha Orthodh\u03bfkse Autoqefale e Shqip\u00ebris\u00eb","og_description":"&nbsp; &nbsp; Veshur kuqezi, me flamuj komb\u00ebtar\u00eb n\u00eb dor\u00eb dhe me syt\u00eb plot g\u00ebzim f\u00ebmij\u00ebt, t\u00eb rinjt\u00eb dhe besimtar\u00ebt orthodhoks\u00eb t\u00eb qytetit t\u00eb Durr\u00ebsit sot, m\u00eb dat\u00ebn 25 n\u00ebntor 2012, festuan s\u00ebbashku 100-vjetorin e shpalljes s\u00eb Pavarsis\u00eb s\u00eb Shqip\u00ebris\u00eb. &nbsp;&nbsp;&nbsp; Programi artistik u krye n\u00eb sall\u00ebn e shfaqjeve posht\u00eb kish\u00ebs katedrale \u201cApostull Pavli &amp; Sh\u00ebn Asti\u201d, menj\u00ebher\u00eb pas Liturgjis\u00eb Hyjnore. Ashtu si Shqip\u00ebria e ka","og_url":"https:\/\/orthodoxalbania.org\/2020\/2013\/03\/21\/durres-koncert-festiv-me-rastin-e-100-vjetorit-te-pavarsise-se-shqiperise-me-titull-e-duam-shqiperine\/","og_site_name":"Kisha Orthodh\u03bfkse Autoqefale e Shqip\u00ebris\u00eb","article_publisher":"https:\/\/www.facebook.com\/koash1991","article_published_time":"2013-03-21T12:28:49+00:00","article_modified_time":"2020-04-06T20:05:55+00:00","og_image":[{"url":"https:\/\/lh5.googleusercontent.com\/-j6rwCKrT_mw\/ULM7vzoKCXI\/AAAAAAAABNE\/WOVFHZJ0ohA\/s640\/DSC09871_800x600.JPG","type":"","width":"","height":""}],"author":"Kisha Orthodhokse","twitter_card":"summary_large_image","twitter_misc":{"Written by":"Kisha Orthodhokse","Est. reading time":"5 minutes"},"schema":{"@context":"https:\/\/schema.org","@graph":[{"@type":"Article","@id":"https:\/\/orthodoxalbania.org\/2020\/2013\/03\/21\/durres-koncert-festiv-me-rastin-e-100-vjetorit-te-pavarsise-se-shqiperise-me-titull-e-duam-shqiperine\/#article","isPartOf":{"@id":"https:\/\/orthodoxalbania.org\/2020\/2013\/03\/21\/durres-koncert-festiv-me-rastin-e-100-vjetorit-te-pavarsise-se-shqiperise-me-titull-e-duam-shqiperine\/"},"author":{"name":"Kisha Orthodhokse","@id":"https:\/\/orthodoxalbania.org\/2020\/#\/schema\/person\/0c387634a7063ac612d7ed9ce71c7e86"},"headline":"Durr\u00ebs, koncert festiv me rastin e 100-vjetorit t\u00eb Pavarsis\u00eb s\u00eb Shqip\u00ebris\u00eb me titull &#8220;E duam Shqip\u00ebrin\u00eb&#8221;. (25 N\u00ebntor 2012)","datePublished":"2013-03-21T12:28:49+00:00","dateModified":"2020-04-06T20:05:55+00:00","mainEntityOfPage":{"@id":"https:\/\/orthodoxalbania.org\/2020\/2013\/03\/21\/durres-koncert-festiv-me-rastin-e-100-vjetorit-te-pavarsise-se-shqiperise-me-titull-e-duam-shqiperine\/"},"wordCount":942,"commentCount":0,"publisher":{"@id":"https:\/\/orthodoxalbania.org\/2020\/#organization"},"image":{"@id":"https:\/\/orthodoxalbania.org\/2020\/2013\/03\/21\/durres-koncert-festiv-me-rastin-e-100-vjetorit-te-pavarsise-se-shqiperise-me-titull-e-duam-shqiperine\/#primaryimage"},"thumbnailUrl":"https:\/\/lh5.googleusercontent.com\/-j6rwCKrT_mw\/ULM7vzoKCXI\/AAAAAAAABNE\/WOVFHZJ0ohA\/s640\/DSC09871_800x600.JPG","keywords":["2012","Aktivitete","Kryepiskopata Tiran\u00eb","lajme"],"articleSection":["Lajme"],"inLanguage":"en-US"},{"@type":"WebPage","@id":"https:\/\/orthodoxalbania.org\/2020\/2013\/03\/21\/durres-koncert-festiv-me-rastin-e-100-vjetorit-te-pavarsise-se-shqiperise-me-titull-e-duam-shqiperine\/","url":"https:\/\/orthodoxalbania.org\/2020\/2013\/03\/21\/durres-koncert-festiv-me-rastin-e-100-vjetorit-te-pavarsise-se-shqiperise-me-titull-e-duam-shqiperine\/","name":"Durr\u00ebs, koncert festiv me rastin e 100-vjetorit t\u00eb Pavarsis\u00eb s\u00eb Shqip\u00ebris\u00eb me titull \"E duam Shqip\u00ebrin\u00eb\". (25 N\u00ebntor 2012) - Kisha Orthodh\u03bfkse Autoqefale e Shqip\u00ebris\u00eb","isPartOf":{"@id":"https:\/\/orthodoxalbania.org\/2020\/#website"},"primaryImageOfPage":{"@id":"https:\/\/orthodoxalbania.org\/2020\/2013\/03\/21\/durres-koncert-festiv-me-rastin-e-100-vjetorit-te-pavarsise-se-shqiperise-me-titull-e-duam-shqiperine\/#primaryimage"},"image":{"@id":"https:\/\/orthodoxalbania.org\/2020\/2013\/03\/21\/durres-koncert-festiv-me-rastin-e-100-vjetorit-te-pavarsise-se-shqiperise-me-titull-e-duam-shqiperine\/#primaryimage"},"thumbnailUrl":"https:\/\/lh5.googleusercontent.com\/-j6rwCKrT_mw\/ULM7vzoKCXI\/AAAAAAAABNE\/WOVFHZJ0ohA\/s640\/DSC09871_800x600.JPG","datePublished":"2013-03-21T12:28:49+00:00","dateModified":"2020-04-06T20:05:55+00:00","breadcrumb":{"@id":"https:\/\/orthodoxalbania.org\/2020\/2013\/03\/21\/durres-koncert-festiv-me-rastin-e-100-vjetorit-te-pavarsise-se-shqiperise-me-titull-e-duam-shqiperine\/#breadcrumb"},"inLanguage":"en-US","potentialAction":[{"@type":"ReadAction","target":["https:\/\/orthodoxalbania.org\/2020\/2013\/03\/21\/durres-koncert-festiv-me-rastin-e-100-vjetorit-te-pavarsise-se-shqiperise-me-titull-e-duam-shqiperine\/"]}]},{"@type":"ImageObject","inLanguage":"en-US","@id":"https:\/\/orthodoxalbania.org\/2020\/2013\/03\/21\/durres-koncert-festiv-me-rastin-e-100-vjetorit-te-pavarsise-se-shqiperise-me-titull-e-duam-shqiperine\/#primaryimage","url":"https:\/\/lh5.googleusercontent.com\/-j6rwCKrT_mw\/ULM7vzoKCXI\/AAAAAAAABNE\/WOVFHZJ0ohA\/s640\/DSC09871_800x600.JPG","contentUrl":"https:\/\/lh5.googleusercontent.com\/-j6rwCKrT_mw\/ULM7vzoKCXI\/AAAAAAAABNE\/WOVFHZJ0ohA\/s640\/DSC09871_800x600.JPG"},{"@type":"BreadcrumbList","@id":"https:\/\/orthodoxalbania.org\/2020\/2013\/03\/21\/durres-koncert-festiv-me-rastin-e-100-vjetorit-te-pavarsise-se-shqiperise-me-titull-e-duam-shqiperine\/#breadcrumb","itemListElement":[{"@type":"ListItem","position":1,"name":"Home","item":"https:\/\/orthodoxalbania.org\/2020\/"},{"@type":"ListItem","position":2,"name":"Durr\u00ebs, koncert festiv me rastin e 100-vjetorit t\u00eb Pavarsis\u00eb s\u00eb Shqip\u00ebris\u00eb me titull &#8220;E duam Shqip\u00ebrin\u00eb&#8221;. (25 N\u00ebntor 2012)"}]},{"@type":"WebSite","@id":"https:\/\/orthodoxalbania.org\/2020\/#website","url":"https:\/\/orthodoxalbania.org\/2020\/","name":"Kisha Orthodh\u03bfkse Autoqefale e Shqip\u00ebris\u00eb","description":"Fqja Zyrtare e Kish\u00ebs Orthodhokse Autoqefale e Shqip\u00ebris\u00eb me lajmet edhe informacionet zyrtare p\u00ebr struktur\u00ebn edhe veprimtarin e saj.","publisher":{"@id":"https:\/\/orthodoxalbania.org\/2020\/#organization"},"potentialAction":[{"@type":"SearchAction","target":{"@type":"EntryPoint","urlTemplate":"https:\/\/orthodoxalbania.org\/2020\/?s={search_term_string}"},"query-input":{"@type":"PropertyValueSpecification","valueRequired":true,"valueName":"search_term_string"}}],"inLanguage":"en-US"},{"@type":"Organization","@id":"https:\/\/orthodoxalbania.org\/2020\/#organization","name":"Kisha Orthodhokse Autoqefale e Shqip\u00ebris\u00eb","url":"https:\/\/orthodoxalbania.org\/2020\/","logo":{"@type":"ImageObject","inLanguage":"en-US","@id":"https:\/\/orthodoxalbania.org\/2020\/#\/schema\/logo\/image\/","url":"https:\/\/orthodoxalbania.org\/2020\/wp-content\/uploads\/2020\/05\/albania.jpeg","contentUrl":"https:\/\/orthodoxalbania.org\/2020\/wp-content\/uploads\/2020\/05\/albania.jpeg","width":540,"height":540,"caption":"Kisha Orthodhokse Autoqefale e Shqip\u00ebris\u00eb"},"image":{"@id":"https:\/\/orthodoxalbania.org\/2020\/#\/schema\/logo\/image\/"},"sameAs":["https:\/\/www.facebook.com\/koash1991"]},{"@type":"Person","@id":"https:\/\/orthodoxalbania.org\/2020\/#\/schema\/person\/0c387634a7063ac612d7ed9ce71c7e86","name":"Kisha Orthodhokse","image":{"@type":"ImageObject","inLanguage":"en-US","@id":"https:\/\/secure.gravatar.com\/avatar\/596e7c417251e30f2fbb9c00e026fce61a695a00e51c889caded71c96cbbdde5?s=96&d=mm&r=g","url":"https:\/\/secure.gravatar.com\/avatar\/596e7c417251e30f2fbb9c00e026fce61a695a00e51c889caded71c96cbbdde5?s=96&d=mm&r=g","contentUrl":"https:\/\/secure.gravatar.com\/avatar\/596e7c417251e30f2fbb9c00e026fce61a695a00e51c889caded71c96cbbdde5?s=96&d=mm&r=g","caption":"Kisha Orthodhokse"}}]}},"_links":{"self":[{"href":"https:\/\/orthodoxalbania.org\/2020\/wp-json\/wp\/v2\/posts\/475","targetHints":{"allow":["GET"]}}],"collection":[{"href":"https:\/\/orthodoxalbania.org\/2020\/wp-json\/wp\/v2\/posts"}],"about":[{"href":"https:\/\/orthodoxalbania.org\/2020\/wp-json\/wp\/v2\/types\/post"}],"author":[{"embeddable":true,"href":"https:\/\/orthodoxalbania.org\/2020\/wp-json\/wp\/v2\/users\/1"}],"replies":[{"embeddable":true,"href":"https:\/\/orthodoxalbania.org\/2020\/wp-json\/wp\/v2\/comments?post=475"}],"version-history":[{"count":1,"href":"https:\/\/orthodoxalbania.org\/2020\/wp-json\/wp\/v2\/posts\/475\/revisions"}],"predecessor-version":[{"id":15282,"href":"https:\/\/orthodoxalbania.org\/2020\/wp-json\/wp\/v2\/posts\/475\/revisions\/15282"}],"wp:attachment":[{"href":"https:\/\/orthodoxalbania.org\/2020\/wp-json\/wp\/v2\/media?parent=475"}],"wp:term":[{"taxonomy":"category","embeddable":true,"href":"https:\/\/orthodoxalbania.org\/2020\/wp-json\/wp\/v2\/categories?post=475"},{"taxonomy":"post_tag","embeddable":true,"href":"https:\/\/orthodoxalbania.org\/2020\/wp-json\/wp\/v2\/tags?post=475"}],"curies":[{"name":"wp","href":"https:\/\/api.w.org\/{rel}","templated":true}]}}