{"id":471,"date":"2013-03-21T12:36:45","date_gmt":"2013-03-21T12:36:45","guid":{"rendered":""},"modified":"2020-04-06T22:05:53","modified_gmt":"2020-04-06T20:05:53","slug":"duke-u-pergatitur-per-krishtlindjen-2012","status":"publish","type":"post","link":"https:\/\/orthodoxalbania.org\/2020\/2013\/03\/21\/duke-u-pergatitur-per-krishtlindjen-2012\/","title":{"rendered":"Duke u p\u00ebrgatitur p\u00ebr Krishtlindjen 2012. (Dhjetor 2012)"},"content":{"rendered":"<div style=\"text-align: center;\"><span style=\"color: #b22222; font-family: helvetica; font-size: 12pt;\"><strong>EJA DHE SHIH<\/strong><\/span><\/div>\n<div style=\"text-align: justify;\"><span style=\"font-family: helvetica; font-size: 12pt;\"><\/span><\/div>\n<div style=\"text-align: justify;\"><span style=\"color: #000000; font-family: helvetica; font-size: 12pt;\">&nbsp; &nbsp; Jemi n\u00eb periudh\u00ebn p\u00ebrgatitore p\u00ebr Lindjen e Shp\u00ebtimtarit t\u00eb njer\u00ebzimit dhe t\u00eb secilit prej nesh personalisht. N\u00eb udh\u00ebtimin e jet\u00ebs shpirt\u00ebrore secili prej nesh p\u00ebrpiqet t\u00eb thellohet m\u00eb tep\u00ebr n\u00eb misterin e jet\u00ebs dhe t\u00eb m\u00ebsoj\u00eb t\u00eb v\u00ebrtetat e p\u00ebrjetshme q\u00eb hedhin drit\u00eb mbi jet\u00ebn dhe q\u00ebllimin e saj. Periudha p\u00ebrgatitore para Krishtlindjes na jep m\u00ebsime t\u00eb \u00e7muara dhe drejtimin e duhur p\u00ebr pritjen e Shp\u00ebtimtarit ton\u00eb. Le t\u00eb udh\u00ebtojm\u00eb s\u00eb bashku p\u00ebrgjat\u00eb k\u00ebsaj periudhe q\u00eb t\u00eb ndri\u00e7ohemi prej m\u00ebsimeve jet\u00ebdh\u00ebn\u00ebse q\u00eb na jep Kisha.&nbsp;<\/span><\/div>\n<div style=\"text-align: justify;\"><span style=\"color: #000000; font-family: helvetica; font-size: 12pt;\"> &nbsp; &nbsp; Periudha e Krishtlindjes n\u00eb Kish\u00ebn Orthodhokse fillon me periudh\u00ebn kreshmore 40 ditore e cila fillon n\u00eb t\u00eb kremten e apostull Filipit. Filipi pasi u thirr nga Krishti shkon dhe th\u00ebrret shokun e tij Natanael dhe i thot\u00eb \u201ceja dhe shih\u201d. Ne s\u00eb pari duhet t\u00eb vijm\u00eb t\u00eb shohim Krishtin-njeri. Duhet ta njohim si qenie konkrete njer\u00ebzore, hebre, m\u00ebsues, profet. Ta takojm\u00eb si foshnj\u00ebn e Maris\u00eb, si birin e marangozit, si Nazaretasin. &nbsp;M\u00eb pas, pasi syt\u00eb tan\u00eb t\u00eb hapen dhe zemrat t\u00eb pastrohen do t\u00eb shohim \u201cgj\u00ebra m\u00eb t\u00eb m\u00ebdha\u201d. &nbsp;Ne do ta njohim jo thjesht si nj\u00eb m\u00ebsues, por si M\u00ebsuesin, jo thjesht si nj\u00eb profet, por si Profetin, jo thjesht si nj\u00eb bir njeriu, por si Birin e njeriut i par\u00ebth\u00ebn\u00eb nga profeti Daniel. Do ta shohim jo thjesht si nj\u00eb bir i Per\u00ebndis\u00eb, por si Birin i Per\u00ebndis\u00eb, I Lindur prej Atit para gjith\u00eb shekujve. Ne do ta shohim si Fjala e Per\u00ebndis\u00eb n\u00eb trup njer\u00ebzor, si Ikona e Per\u00ebndis\u00eb n\u00eb form\u00eb njer\u00ebzore. Dhe s\u00eb fundmi do ta shohim At\u00eb si vet Per\u00ebndin\u00eb.<\/span><\/div>\n<div style=\"text-align: justify;\"><span style=\"color: #000000; font-family: helvetica; font-size: 12pt;\"> &nbsp; &nbsp; Hapi i par\u00eb n\u00eb udh\u00ebtimin drej Krishtlindjes \u00ebsht\u00eb takimi me njeriun Jisu. Ne thirremi me Filipin dhe dishepujt me ftes\u00ebn \u201cEja dhe shih\u201d. N\u00ebse d\u00ebshirojm\u00eb t\u00eb vijm\u00eb dhe t\u00eb shohim, me siguri do t\u00eb shohim. Ashtu si dishepujt do t\u00eb shohim \u201cgj\u00ebra m\u00eb t\u00eb m\u00ebdha\u201d sesa presim. Do ta njohim se kush dhe \u00e7far\u00eb \u00ebsht\u00eb Ai n\u00eb t\u00eb v\u00ebrtet\u00eb. S\u00eb pari duhet t\u00eb shkojm\u00eb. N\u00ebse nuk shkojm\u00eb, nuk do t\u00eb shohim kurr\u00eb.&nbsp;<\/span><\/div>\n<div style=\"text-align: justify;\"><span style=\"color: #000000; font-family: helvetica; font-size: 12pt;\"> &nbsp; &nbsp; P\u00ebrgjat\u00eb dit\u00ebve t\u00eb para t\u00eb kreshm\u00ebs s\u00eb Krishtlindjes Kisha kremton hyrjen e f\u00ebmij\u00ebs Mari n\u00eb tempullin e Jeruzalemit. Q\u00ebllimi i k\u00ebsaj t\u00eb kremteje \u00ebsht\u00eb t\u00eb na tregoj\u00eb q\u00eb \u00e7do q\u00ebnie njer\u00ebzore \u00ebsht\u00eb krijuar t\u00eb b\u00ebhet nj\u00eb tempull i gjall\u00eb i Per\u00ebndis\u00eb. Kjo e kremte quhet \u201cfillimi i mir\u00ebp\u00eblqimit t\u00eb Per\u00ebndis\u00eb\u201d. Ky \u00ebsht\u00eb kremtimi i par\u00eb i shp\u00ebtimit i cili vjen n\u00eb bot\u00eb me Jisuin, p\u00ebr t\u00eb cilin vet Maria \u00ebsht\u00eb marr\u00ebsja e par\u00eb dhe m\u00eb kryesorja.&nbsp;<\/span><\/div>\n<div style=\"text-align: justify;\"><span style=\"color: #000000; font-family: helvetica; font-size: 12pt;\"> &nbsp; &nbsp; Jemi krijuar p\u00ebr t\u00eb qen\u00eb tempuj t\u00eb gjall\u00eb t\u00eb Per\u00ebndis\u00eb, vendbanimi i lavdis\u00eb s\u00eb Tij. Jemi krijuar sipas imazhit dhe ngjashm\u00ebris\u00eb s\u00eb Tij q\u00eb t\u00eb jemi en\u00eb e pranis\u00eb s\u00eb Tij. &nbsp;Jisu Krishti, Biri, Fjala dhe Ikona e Per\u00ebndis\u00eb \u00ebsht\u00eb formuar fizikisht e shpirt\u00ebrisht n\u00eb trupin e Maris\u00eb, k\u00ebshtu q\u00eb Ai mund t\u00eb formohet edhe n\u00eb ne. Ky \u00ebsht\u00eb kuptimi i Krishtlindjes, i cili \u00ebsht\u00eb dhe kuptimi i vet jet\u00ebs: Krishti n\u00eb ne dhe ne n\u00eb Krishtin. Per\u00ebndia me ne dhe ne me Per\u00ebndin\u00eb.&nbsp;<\/span><\/div>\n<div style=\"text-align: justify;\"><span style=\"color: #000000; font-family: helvetica; font-size: 12pt;\"> &nbsp; &nbsp; Nd\u00ebrsa vazhdojm\u00eb udh\u00ebtimin e Pashk\u00ebs dim\u00ebrore, rruga para nesh \u00ebsht\u00eb e qart\u00eb. Ne mund t\u00eb ndjekim \u201crrug\u00ebn e ngusht\u00eb\u201d q\u00eb na \u00e7on te jeta, ose mund t\u00eb vazhdojm\u00eb \u201crrug\u00ebn e gjer\u00eb\u201d q\u00eb na \u00e7on n\u00eb shkat\u00ebrrim. (Mt.7:13-14)&nbsp;E kremtja e Hyrjes s\u00eb sh\u00ebn Maris\u00eb n\u00eb tempull sh\u00ebnon dhe fillimin e lajm\u00ebrimit t\u00eb Lindjes s\u00eb Krishtit. N\u00eb k\u00ebt\u00eb t\u00eb kremte fillon t\u00eb k\u00ebndohet kanoni madh\u00ebshtor i fest\u00ebs s\u00eb Krishtlindjes: \u201cJa Krishti lind, lavd\u00ebrojeni; Ja Krishti i qiellit vjen, dilni priteni; Ja Krishti mbi dhen\u00eb ngrehuni, Zotin pra, e k\u00ebndoni lart e mbi dh\u00e9, dhe me ngaz\u00ebllime p\u00ebrhimnojeni me mall popuj dhe me lavdi\u201d.&nbsp;Nd\u00ebrsa himnet e para t\u00eb fest\u00ebs s\u00eb Krishtlindjes k\u00ebndohen n\u00eb dit\u00ebn e sh\u00ebn Andreas, 30 n\u00ebntor, i cili u thirr nga vet Krishti me ftes\u00ebn \u201ceja dhe shih\u201d. \u201cEja dhe shih\u201d- \u00ebsht\u00eb ftesa e q\u00ebndrueshme e Kish\u00ebs n\u00eb sh\u00ebrbesat e saj liturgjike.&nbsp;<\/span><\/div>\n<div style=\"text-align: justify;\"><span style=\"color: #000000; font-family: helvetica; font-size: 12pt;\"> &nbsp; &nbsp; Sipas sh\u00ebn Grigor Teologut t\u00eb udh\u00ebtosh n\u00eb Pashk\u00ebn dim\u00ebrore \u201cdo t\u00eb thot\u00eb t\u00eb ec\u00ebsh pa gabuar n\u00eb \u00e7do etap\u00eb t\u00eb jet\u00ebs s\u00eb Krishtit\u201d.&nbsp;Festa e sh\u00ebn Andreas me k\u00ebndimet e himneve t\u00eb para t\u00eb Krishtlindjes sh\u00ebnon fillimin e udh\u00ebtimit paskal n\u00eb m\u00ebnyr\u00eb t\u00eb ve\u00e7ant\u00eb. &nbsp;N\u00ebse nuk shkojm\u00eb nuk do t\u00eb shohim kurr\u00eb. Por nuk mjafton vet\u00ebm t\u00eb shkojm\u00eb t\u00eb Krishti. Ne duhet t\u00eb shohim. Shumt\u00eb njer\u00ebz e pan\u00eb Krishtin kur erdhi n\u00eb tok\u00eb, por jo t\u00eb gjith\u00eb e pan\u00eb At\u00eb si Birin e Per\u00ebndis\u00eb dhe Shp\u00ebtimtarin e bot\u00ebs. Ka shum\u00eb njer\u00ebz q\u00eb vijn\u00eb n\u00eb kish\u00eb dhe ende nuk shohin. Krishti na m\u00ebson pse njer\u00ebzit nuk shohin. Arsyeja thot\u00eb Ai \u00ebsht\u00eb q\u00eb ata duan err\u00ebsir\u00ebn m\u00eb shum\u00eb se drita, sepse veprat e tyre jan\u00eb t\u00eb liga. (Jn 3:19)&nbsp;<\/span><\/div>\n<div style=\"text-align: justify;\"><span style=\"color: #000000; font-family: helvetica; font-size: 12pt;\"> &nbsp; &nbsp; Pas s\u00eb kremtes s\u00eb sh\u00ebn Andreas himnet e Krishtindjes d\u00ebgjohen s\u00ebrish n\u00eb t\u00eb kremten e sh\u00ebn Nikoll\u00ebs, 6 dhjetor, peshkop i Mir\u00ebs s\u00eb Likis\u00eb, i cili p\u00ebrgjat\u00eb shekujve u lidh n\u00eb m\u00ebnyr\u00eb t\u00eb ve\u00e7ant\u00eb me fest\u00ebn e Lindjes s\u00eb Krishtit. \u00cbsht\u00eb e leht\u00eb t\u00eb kuptohet pse peshkopi i shenjt\u00eb \u00ebsht\u00eb lidhur kaq shum\u00eb me k\u00ebt\u00eb t\u00eb kremte. T\u00eb gjith\u00eb tregojn\u00eb p\u00ebr besimin dhe dashurin\u00eb e thjesht\u00eb t\u00eb nj\u00eb njeriu t\u00eb njohur vet\u00ebm p\u00ebr mir\u00ebsin\u00eb e tij. Sh\u00ebn Nikolla ishte v\u00ebrtet i mir\u00eb, gj\u00eb q\u00eb tregon q\u00eb mir\u00ebsia \u00ebsht\u00eb e mundur. Me Per\u00ebndin\u00eb t\u00eb gjitha jan\u00eb t\u00eb mundura. (Mt.19:26) Q\u00ebnia njer\u00ebzore, p\u00ebr m\u00eb tep\u00ebr q\u00ebnia e pasur njer\u00ebzore e cila beson te Per\u00ebndia, mund t\u00eb jet\u00eb v\u00ebrtet e mir\u00eb me mir\u00ebsin\u00eb e vet Per\u00ebndis\u00eb. Krishti ka ardhur q\u00eb njer\u00ebzit mund t\u00eb jen\u00eb v\u00ebrtet t\u00eb mir\u00eb. Shembulli m\u00eb i madh dhe m\u00eb i dashur p\u00ebr k\u00ebt\u00eb \u00ebsht\u00eb sh\u00ebn Nikolla, p\u00ebr t\u00eb cilin \u00ebsht\u00eb m\u00eb se mjaftueshme t\u00eb dim\u00eb q\u00eb ishte i mir\u00eb. &nbsp;P\u00ebr k\u00ebt\u00eb arsye ai mbetet shpirti i Krishtlindjes.&nbsp;<\/span><\/div>\n<div style=\"text-align: justify;\"><span style=\"color: #000000; font-family: helvetica; font-size: 12pt;\"> &nbsp; &nbsp; M\u00eb 9 t\u00eb dhjetorit Kisha feston ngjizjen e sh\u00ebn Maris\u00eb nga prind\u00ebrit e saj Joakimi dhe Ana. Kjo e kremte q\u00eb z\u00eb vend n\u00eb p\u00ebrgatitjen p\u00ebr Krishtlindjen g\u00ebzon besimtar\u00ebt me faktin q\u00eb sh\u00ebn Maria ngjizet si p\u00ebrmbushje e lutjeve t\u00eb prind\u00ebrve t\u00eb saj. Edhe nj\u00eb her\u00eb kjo e kremte tregon q\u00eb me hirin e Per\u00ebndis\u00eb \u00e7do gj\u00eb \u00ebsht\u00eb e mundur.&nbsp;<\/span><\/div>\n<div style=\"text-align: justify;\"><span style=\"color: #000000; font-family: helvetica; font-size: 12pt;\"> &nbsp; &nbsp; Gjat\u00eb periudh\u00ebs para Krishtlindjes Kisha kremton kujtimin e shum\u00eb profet\u00ebve hebrenj. N\u00eb ve\u00e7anti kujtimin e profetit Daniel dhe shok\u00ebve t\u00eb tij Anania, Azarai dhe Mishaeli, (17 dhjetor) tre t\u00eb rinj q\u00eb refuzuan t\u00eb adhurojn\u00eb idhullin e mbretit Nabukodonosor n\u00eb Babiloni, t\u00eb cil\u00ebt i hodh\u00ebn n\u00eb nj\u00eb furr\u00eb t\u00eb nxeht\u00eb. Brenda furr\u00ebs ata k\u00ebndonin, k\u00ebrcenin n\u00ebp\u00ebr flak\u00eb s\u00eb bashku me nj\u00eb \u201cperson t\u00eb kat\u00ebrt\u201d i cili konsiderohet nga Kisha t\u00eb jet\u00eb parafigurimi i vet\u00eb Jisuit. Kjo e kremte \u00ebsht\u00eb festimi i besimit n\u00eb nj\u00eb Per\u00ebndi t\u00eb v\u00ebrtet\u00eb, Zoti i Izraelit, i cili shp\u00ebton ata q\u00eb besojn\u00eb n\u00eb T\u00eb, dhe q\u00eb n\u00eb dit\u00ebt e fundit do t\u00eb sjell\u00eb nj\u00eb mbret\u00ebri t\u00eb p\u00ebrjetshme, t\u00eb cilin edhe mbret\u00ebrit pagan do ta d\u00ebshmojn\u00eb. Prandaj n\u00eb fund t\u00eb jet\u00ebs s\u00eb tij vet Nabukodonosori d\u00ebshmoi p\u00ebr Per\u00ebndin\u00eb e v\u00ebrtet\u00eb. \u201cN\u00eb fund t\u00eb dit\u00ebve, un\u00eb Nabukodonosori ngrita syt\u00eb n\u00eb qiell, iu ktheva arsyes sime, bekova m\u00eb t\u00eb Lartin, lavd\u00ebrova dhe nderova At\u00eb q\u00eb jeton p\u00ebrjet\u00eb \u2026\u201d.<\/span><\/div>\n<div style=\"text-align: justify;\"><span style=\"font-family: helvetica; font-size: 12pt;\"> <span style=\"color: #000000;\">&nbsp; &nbsp; Profeti Daniel ishte shikues apokaliptik, visionet e t\u00eb cilit p\u00ebrs\u00ebriten n\u00eb Dhiat\u00ebn e Re, ku mbret\u00ebria e p\u00ebrjetshme e Per\u00ebndis\u00eb t\u00eb cil\u00ebn ai e par\u00ebtha qartazi, identifikohet me mbret\u00ebrin\u00eb e Krishtit-Mesia, q\u00eb \u00ebsht\u00eb Jisui i Nazaretit. T\u00eb krishter\u00ebt ngaz\u00ebllohen me njer\u00ebzit e besimit dhe t\u00eb vizionit q\u00eb profetizuan ardhjen e Krishtit. &nbsp;Dy t\u00eb Diela para Krishtlindjes Kisha Orthodhokse g\u00ebzon t\u00eb kremten e paraet\u00ebrve t\u00eb shenjt\u00eb t\u00eb Bes\u00eblidhjes s\u00eb Vjet\u00ebr, p\u00ebrfshir\u00eb dhe ata q\u00eb erdh\u00ebn para dh\u00ebnies s\u00eb Ligjit. Ata par\u00ebtreguan ardhjen e Mesias dhe u shpenguan nga Pashka e Tij shp\u00ebtimtare. Q\u00ebllimi i jet\u00ebs s\u00eb tyre ishte t\u00eb jetonin p\u00ebr Per\u00ebndin\u00eb. Ky \u00ebsht\u00eb ndryshimi midis t\u00eb ekzistuarit dhe t\u00eb jetuarit. Shum\u00eb njer\u00ebz ekzistojn\u00eb, por pak jetojn\u00eb n\u00eb t\u00eb v\u00ebrtet\u00eb. Vet\u00ebm ata q\u00eb k\u00ebrkojn\u00eb Per\u00ebndin\u00eb kan\u00eb jet\u00eb. Et\u00ebrit dhe n\u00ebnat e shenjta s\u00eb bashku me pasardh\u00ebsit e tyre zgjodh<\/span><span style=\"color: #000000;\">\u00ebn jet\u00ebn. Ata e gjet\u00ebn at\u00eb te Mesia i Per\u00ebndis\u00eb, Jisu Krishti, q\u00eb \u00ebsht\u00eb vet jeta, Fjala e Per\u00ebndis\u00eb e Mish\u00ebruar. &nbsp;<\/span><\/span><\/div>\n<div style=\"text-align: justify;\"><span style=\"color: #000000; font-family: helvetica; font-size: 12pt;\"> &nbsp; &nbsp; T\u00eb diel\u00ebn para Krishtlindjes edhe nj\u00eb her\u00eb Kisha kremton kujtimin e burrave dhe grave t\u00eb shenjta q\u00eb besuan n\u00eb Per\u00ebndin\u00eb e v\u00ebrtet\u00eb dhe u p\u00ebrgatit\u00ebn p\u00ebr ardhjen e Birit t\u00eb Tij dhe Fjal\u00ebs n\u00eb trup njer\u00ebzor. &nbsp;Kjo dit\u00eb \u00ebsht\u00eb festim i besimit t\u00eb tyre dhe nj\u00eb pohim q\u00eb besimi i tyre ka gjetur p\u00ebrsosm\u00ebrin\u00eb dhe p\u00ebrmbushjen n\u00eb Shp\u00ebtimtarin e premtuar, q\u00eb \u00ebsht\u00eb Jisu Krishti, Zoti. &nbsp;Periudha e Krishtlindjes \u00ebsht\u00eb koh\u00eb kremtimi, ngaz\u00ebllimi dhe g\u00ebzimi. Kisha na fton t\u00eb kremtojn\u00eb t\u00eb gjith\u00eb. Jemi krijuar t\u00eb kremtojn\u00eb dhuratat e Per\u00ebndis\u00eb dhe vet\u00eb Per\u00ebndin\u00eb. Kjo \u00ebsht\u00eb esenca e jet\u00ebs son\u00eb. Jemi krijuar t\u00eb jemi \u201cimituesit e Per\u00ebndis\u00eb\u201d dhe \u201cpjes\u00ebmarr\u00ebs t\u00eb natyr\u00ebs hyjnore\u201d. Per\u00ebndia \u00ebsht\u00eb Per\u00ebndi i t\u00eb gjall\u00ebve, gjithashtu ne jemi krijuar p\u00ebr t\u00eb jetuar. Per\u00ebndia \u00ebsht\u00eb i mir\u00eb, dhe ne jemi krijuar t\u00eb jemi t\u00eb mir\u00eb, Per\u00ebndia \u00ebsht\u00eb i urt\u00eb, dhe ne jemi krijuar t\u00eb jemi t\u00eb urt\u00eb, Per\u00ebndia \u00ebsht\u00eb i mbushur me paqe, g\u00ebzim, mir\u00ebsi, dhembshuri, fuqi dhe zem\u00ebrgj\u00ebr\u00ebsi \u2013 k\u00ebshtu duhet t\u00eb jemi dhe ne. Besimi Orthodhoks pohon q\u00eb Jisu Krishti erdhi t\u00eb restauroj\u00eb ikon\u00ebn dhe ngjashm\u00ebrin\u00eb e Per\u00ebndis\u00eb te q\u00ebniet njer\u00ebzore. Ai na denj\u00ebson t\u00eb b\u00ebhemi ajo p\u00ebr t\u00eb cil\u00ebn jemi krijuar q\u00eb n\u00eb fillim. Si Adami i dyt\u00eb dhe i fundit, Jisui b\u00ebn gjith\u00e7ka q\u00eb Adami i par\u00eb u thirr t\u00eb b\u00ebnte, por d\u00ebshtoi. Ky \u00ebsht\u00eb mesazhi i Krishtlindjes. Ja Adami i ri, ja ikona e restauruar e Per\u00ebndis\u00eb! Lindja e Jisuit lajm\u00ebrohet n\u00eb bot\u00eb si shpallja e g\u00ebzimit t\u00eb madh. Gjithashtu engj\u00ebjt q\u00eb iu soll\u00ebn barinjve lajmin e g\u00ebzimit t\u00eb madh, shpall\u00ebn me lavd\u00ebrime paqe mbi dh\u00e9 dhe mbi njer\u00ebzit mir\u00ebdashje.&nbsp;<\/span><\/div>\n<p style=\"text-align: justify;\"><span style=\"color: #000000; font-family: helvetica; font-size: 12pt;\">Krisht Lindi &#8211; prek dhe mbush qiellin dhe tok\u00ebn.<\/span><\/p>\n<p style=\"text-align: justify;\"><span style=\"color: #000000; font-family: helvetica; font-size: 12pt;\">Krishti Lindi &#8211; Biri i Per\u00ebndis\u00eb, Per\u00ebndia.<\/span><\/p>\n<p style=\"text-align: justify;\"><span style=\"color: #000000; font-family: helvetica; font-size: 12pt;\">Krishti Lindi \u2013 nd\u00ebr njer\u00ebzit mir\u00ebdashje<\/span><\/p>\n<p style=\"text-align: justify;\"><span style=\"color: #000000; font-family: helvetica; font-size: 12pt;\">Krishti Lindi \u2013 Per\u00ebndia erdhi n\u00eb tok\u00eb<\/span><\/p>\n<p style=\"text-align: justify;\"><span style=\"color: #000000; font-family: helvetica; font-size: 12pt;\">Krishti Lindi \u2013 Per\u00ebndia qerasi njeriun me dashurin\u00eb, g\u00ebzimin dhe me jet\u00ebn m\u00eb t\u00eb \u00ebmb\u00ebl.&nbsp;<\/span><\/p>\n<p style=\"text-align: justify;\"><span style=\"color: #000000; font-family: helvetica; font-size: 12pt;\">Krishti Lindi \u2013 g\u00ebzohuni!<\/span><\/p>\n<p style=\"text-align: justify;\"><span style=\"color: #000000; font-family: helvetica; font-size: 12pt;\">Per\u00ebndia t\u00eb na denj\u00ebsoj\u00eb q\u00eb k\u00ebto Krishtlindje Foshnja \u2013 Jisu t\u00eb lind\u00eb n\u00eb zemrat tona dhe t\u2018i mbush\u00eb ato me drit\u00eb.<\/span><\/p>\n<p style=\"text-align: justify;\"><span style=\"color: #000000; font-family: helvetica; font-size: 12pt;\">(Shk\u00ebputur nga libri \u201cWinter Pasca\u201d E at\u00eb Thoma Hopkos)&nbsp;<\/span><\/p>\n<p style=\"text-align: justify;\"><span style=\"font-size: 12pt; font-family: helvetica;\"><strong><span style=\"color: #ff0000;\">K\u00ebshtu festoni Krishtlindje<\/span><\/strong><\/span><\/p>\n<p style=\"text-align: justify;\"><span style=\"color: #000000; font-family: helvetica; font-size: 12pt;\">N\u00ebse harruat ato q\u00eb b\u00ebt\u00eb p\u00ebr t\u00eb tjer\u00ebt dhe kujtoni ato q\u00eb t\u00eb tjer\u00ebt b\u00ebn\u00eb p\u00ebr ju<\/span><\/p>\n<p style=\"text-align: justify;\"><span style=\"color: #000000; font-family: helvetica; font-size: 12pt;\">N\u00ebse d\u00ebshironi t\u00eb mos i vini re ato q\u00eb t\u00eb tjer\u00ebt ju detyrohen juve dhe kujtoni ato q\u00eb ju i detyroheni t\u00eb tjer\u00ebve,&nbsp;<\/span><\/p>\n<p style=\"text-align: justify;\"><span style=\"color: #000000; font-family: helvetica; font-size: 12pt;\">N\u00ebse d\u00ebshironi t\u00eb mos k\u00ebrkoni t\u00eb drejtat tuaja, t\u00eb kujtoni detyrimet tuaja dhe t\u00eb k\u00ebmb\u00ebngulni p\u00ebr t\u00eb b\u00ebr\u00eb di\u00e7ka m\u00eb tep\u00ebr se ato<\/span><\/p>\n<p style=\"text-align: justify;\"><span style=\"color: #000000; font-family: helvetica; font-size: 12pt;\">N\u00ebse d\u00ebshironi t\u00eb dini cil\u00ebt jan\u00eb v\u00ebllez\u00ebrit tuaj, dhe t\u2019i njihni duke hyr\u00eb thell\u00eb n\u00eb zemrat e tyre,&nbsp;<\/span><\/p>\n<p style=\"text-align: justify;\"><span style=\"color: #000000; font-family: helvetica; font-size: 12pt;\">N\u00ebse besoni se shkaku i ekzistenc\u00ebs suaj nuk \u00ebsht\u00eb ajo q\u00eb do t\u00eb jet\u00eb jeta juaj, por ajo q\u00eb do ta b\u00ebni t\u00eb jet\u00eb,<\/span><\/p>\n<p style=\"text-align: justify;\"><span style=\"color: #000000; font-family: helvetica; font-size: 12pt;\">N\u00ebse keni vendosur t\u00eb mos ankoheni p\u00ebr bot\u00ebn, por t\u00eb mbillni g\u00ebzim n\u00eb \u00e7do hap tuajin,&nbsp;<\/span><\/p>\n<p style=\"text-align: justify;\"><span style=\"color: #000000; font-family: helvetica; font-size: 12pt;\">N\u00ebse d\u00ebshironi ta zot\u00ebroni k\u00ebt\u00eb k\u00ebnaq\u00ebsi, qoft\u00eb edhe p\u00ebr nj\u00eb dit\u00eb, k\u00ebshtu festoni Krishtlindje.<\/span><\/p>\n<p style=\"text-align: justify;\"><span style=\"color: #000000; font-family: helvetica; font-size: 12pt;\">Mendoni p\u00ebr pak dhe meditoni se \u00e7far\u00eb duan f\u00ebmij\u00ebt e vegj\u00ebl,<\/span><\/p>\n<p style=\"text-align: justify;\"><span style=\"color: #000000; font-family: helvetica; font-size: 12pt;\">&nbsp;&nbsp;&nbsp; Mendoni p\u00ebr vetmin\u00eb dhe dob\u00ebsin\u00eb e t\u00eb moshuarve, &nbsp;ndaloni s\u00eb pyeturi veten sa prej miqve tuaj mendohen p\u00ebr ju dhe analizoni veten se sa mendoni ju p\u00ebr miqt\u00eb tuaj,&nbsp;vendoseni brenda zemr\u00ebs suaj dhimbjen q\u00eb t\u00eb tjer\u00ebt e kan\u00eb n\u00eb trupin e tyre,&nbsp;p\u00ebrpiquni t\u00eb kuptoni at\u00eb q\u00eb d\u00ebshirojn\u00eb ata q\u00eb jetojn\u00eb me ju pa i detyruar ta thon\u00eb, &nbsp;lart\u00ebsojeni drit\u00ebn tuaj aq lart, sa t\u00eb jap\u00eb m\u00eb shum\u00eb drit\u00eb dhe m\u00eb pak tym dhe t\u00eb hedh\u00eb pas saj hijen,&nbsp;varrosini mendimet tuaja t\u00eb frikshme n\u00eb kopshtin e miq\u00ebsis\u00eb dhe kultivoni mendimet q\u00eb ju g\u00ebzojn\u00eb,&nbsp;n\u00ebse d\u00ebshironi ta bir\u00ebsoni k\u00ebt\u00eb k\u00ebnaq\u00ebsi, qoft\u00eb edhe p\u00ebr nj\u00eb dit\u00eb t\u00eb vetme, k\u00ebshtu festoni Krishtlindje!<\/span><\/p>\n<p style=\"text-align: justify;\"><span style=\"font-family: helvetica; font-size: 12pt;\"><\/span><\/p>\n<p style=\"text-align: right;\"><span style=\"color: #000000; font-family: helvetica; font-size: 12pt;\"><strong>Ana Baba<\/strong><\/span><\/p>\n<p style=\"text-align: justify;\"><span style=\"font-family: helvetica; font-size: 12pt;\"><\/span><\/p>\n","protected":false},"excerpt":{"rendered":"<p>EJA DHE SHIH &nbsp; &nbsp; Jemi n\u00eb periudh\u00ebn p\u00ebrgatitore p\u00ebr Lindjen e Shp\u00ebtimtarit t\u00eb njer\u00ebzimit dhe t\u00eb secilit prej nesh personalisht. N\u00eb udh\u00ebtimin e jet\u00ebs shpirt\u00ebrore secili prej nesh p\u00ebrpiqet t\u00eb thellohet m\u00eb tep\u00ebr n\u00eb misterin e jet\u00ebs dhe t\u00eb m\u00ebsoj\u00eb t\u00eb v\u00ebrtetat e p\u00ebrjetshme q\u00eb hedhin drit\u00eb mbi jet\u00ebn dhe q\u00ebllimin e saj. Periudha p\u00ebrgatitore para Krishtlindjes na jep m\u00ebsime t\u00eb \u00e7muara dhe drejtimin<\/p>\n","protected":false},"author":1,"featured_media":0,"comment_status":"open","ping_status":"open","sticky":false,"template":"","format":"standard","meta":{"_acf_changed":false,"pagelayer_contact_templates":[],"_pagelayer_content":"","inline_featured_image":false,"fifu_image_url":"","fifu_image_alt":"","footnotes":""},"categories":[108],"tags":[142,192,196,212],"class_list":["post-471","post","type-post","status-publish","format-standard","hentry","category-lajme","tag-142","tag-krishtlindje","tag-tirane","tag-lajme-d27"],"acf":[],"yoast_head":"<!-- This site is optimized with the Yoast SEO plugin v27.2 - https:\/\/yoast.com\/product\/yoast-seo-wordpress\/ -->\n<title>Duke u p\u00ebrgatitur p\u00ebr Krishtlindjen 2012. (Dhjetor 2012) - Kisha Orthodh\u03bfkse Autoqefale e Shqip\u00ebris\u00eb<\/title>\n<meta name=\"robots\" content=\"index, follow, max-snippet:-1, max-image-preview:large, max-video-preview:-1\" \/>\n<link rel=\"canonical\" href=\"https:\/\/orthodoxalbania.org\/2020\/2013\/03\/21\/duke-u-pergatitur-per-krishtlindjen-2012\/\" \/>\n<meta property=\"og:locale\" content=\"en_US\" \/>\n<meta property=\"og:type\" content=\"article\" \/>\n<meta property=\"og:title\" content=\"Duke u p\u00ebrgatitur p\u00ebr Krishtlindjen 2012. (Dhjetor 2012) - Kisha Orthodh\u03bfkse Autoqefale e Shqip\u00ebris\u00eb\" \/>\n<meta property=\"og:description\" content=\"EJA DHE SHIH &nbsp; &nbsp; Jemi n\u00eb periudh\u00ebn p\u00ebrgatitore p\u00ebr Lindjen e Shp\u00ebtimtarit t\u00eb njer\u00ebzimit dhe t\u00eb secilit prej nesh personalisht. N\u00eb udh\u00ebtimin e jet\u00ebs shpirt\u00ebrore secili prej nesh p\u00ebrpiqet t\u00eb thellohet m\u00eb tep\u00ebr n\u00eb misterin e jet\u00ebs dhe t\u00eb m\u00ebsoj\u00eb t\u00eb v\u00ebrtetat e p\u00ebrjetshme q\u00eb hedhin drit\u00eb mbi jet\u00ebn dhe q\u00ebllimin e saj. Periudha p\u00ebrgatitore para Krishtlindjes na jep m\u00ebsime t\u00eb \u00e7muara dhe drejtimin\" \/>\n<meta property=\"og:url\" content=\"https:\/\/orthodoxalbania.org\/2020\/2013\/03\/21\/duke-u-pergatitur-per-krishtlindjen-2012\/\" \/>\n<meta property=\"og:site_name\" content=\"Kisha Orthodh\u03bfkse Autoqefale e Shqip\u00ebris\u00eb\" \/>\n<meta property=\"article:publisher\" content=\"https:\/\/www.facebook.com\/koash1991\" \/>\n<meta property=\"article:published_time\" content=\"2013-03-21T12:36:45+00:00\" \/>\n<meta property=\"article:modified_time\" content=\"2020-04-06T20:05:53+00:00\" \/>\n<meta property=\"og:image\" content=\"https:\/\/orthodoxalbania.org\/2020\/wp-content\/uploads\/2021\/02\/LogoLastALb-200.png\" \/>\n\t<meta property=\"og:image:width\" content=\"200\" \/>\n\t<meta property=\"og:image:height\" content=\"172\" \/>\n\t<meta property=\"og:image:type\" content=\"image\/png\" \/>\n<meta name=\"author\" content=\"Kisha Orthodhokse\" \/>\n<meta name=\"twitter:card\" content=\"summary_large_image\" \/>\n<meta name=\"twitter:label1\" content=\"Written by\" \/>\n\t<meta name=\"twitter:data1\" content=\"Kisha Orthodhokse\" \/>\n\t<meta name=\"twitter:label2\" content=\"Est. reading time\" \/>\n\t<meta name=\"twitter:data2\" content=\"12 minutes\" \/>\n<script type=\"application\/ld+json\" class=\"yoast-schema-graph\">{\"@context\":\"https:\/\/schema.org\",\"@graph\":[{\"@type\":\"Article\",\"@id\":\"https:\/\/orthodoxalbania.org\/2020\/2013\/03\/21\/duke-u-pergatitur-per-krishtlindjen-2012\/#article\",\"isPartOf\":{\"@id\":\"https:\/\/orthodoxalbania.org\/2020\/2013\/03\/21\/duke-u-pergatitur-per-krishtlindjen-2012\/\"},\"author\":{\"name\":\"Kisha Orthodhokse\",\"@id\":\"https:\/\/orthodoxalbania.org\/2020\/#\/schema\/person\/0c387634a7063ac612d7ed9ce71c7e86\"},\"headline\":\"Duke u p\u00ebrgatitur p\u00ebr Krishtlindjen 2012. (Dhjetor 2012)\",\"datePublished\":\"2013-03-21T12:36:45+00:00\",\"dateModified\":\"2020-04-06T20:05:53+00:00\",\"mainEntityOfPage\":{\"@id\":\"https:\/\/orthodoxalbania.org\/2020\/2013\/03\/21\/duke-u-pergatitur-per-krishtlindjen-2012\/\"},\"wordCount\":2356,\"commentCount\":0,\"publisher\":{\"@id\":\"https:\/\/orthodoxalbania.org\/2020\/#organization\"},\"keywords\":[\"2012\",\"Krishtlindje\",\"Kryepiskopata Tiran\u00eb\",\"lajme\"],\"articleSection\":[\"Lajme\"],\"inLanguage\":\"en-US\"},{\"@type\":\"WebPage\",\"@id\":\"https:\/\/orthodoxalbania.org\/2020\/2013\/03\/21\/duke-u-pergatitur-per-krishtlindjen-2012\/\",\"url\":\"https:\/\/orthodoxalbania.org\/2020\/2013\/03\/21\/duke-u-pergatitur-per-krishtlindjen-2012\/\",\"name\":\"Duke u p\u00ebrgatitur p\u00ebr Krishtlindjen 2012. (Dhjetor 2012) - Kisha Orthodh\u03bfkse Autoqefale e Shqip\u00ebris\u00eb\",\"isPartOf\":{\"@id\":\"https:\/\/orthodoxalbania.org\/2020\/#website\"},\"datePublished\":\"2013-03-21T12:36:45+00:00\",\"dateModified\":\"2020-04-06T20:05:53+00:00\",\"breadcrumb\":{\"@id\":\"https:\/\/orthodoxalbania.org\/2020\/2013\/03\/21\/duke-u-pergatitur-per-krishtlindjen-2012\/#breadcrumb\"},\"inLanguage\":\"en-US\",\"potentialAction\":[{\"@type\":\"ReadAction\",\"target\":[\"https:\/\/orthodoxalbania.org\/2020\/2013\/03\/21\/duke-u-pergatitur-per-krishtlindjen-2012\/\"]}]},{\"@type\":\"BreadcrumbList\",\"@id\":\"https:\/\/orthodoxalbania.org\/2020\/2013\/03\/21\/duke-u-pergatitur-per-krishtlindjen-2012\/#breadcrumb\",\"itemListElement\":[{\"@type\":\"ListItem\",\"position\":1,\"name\":\"Home\",\"item\":\"https:\/\/orthodoxalbania.org\/2020\/\"},{\"@type\":\"ListItem\",\"position\":2,\"name\":\"Duke u p\u00ebrgatitur p\u00ebr Krishtlindjen 2012. (Dhjetor 2012)\"}]},{\"@type\":\"WebSite\",\"@id\":\"https:\/\/orthodoxalbania.org\/2020\/#website\",\"url\":\"https:\/\/orthodoxalbania.org\/2020\/\",\"name\":\"Kisha Orthodh\u03bfkse Autoqefale e Shqip\u00ebris\u00eb\",\"description\":\"Fqja Zyrtare e Kish\u00ebs Orthodhokse Autoqefale e Shqip\u00ebris\u00eb me lajmet edhe informacionet zyrtare p\u00ebr struktur\u00ebn edhe veprimtarin e saj.\",\"publisher\":{\"@id\":\"https:\/\/orthodoxalbania.org\/2020\/#organization\"},\"potentialAction\":[{\"@type\":\"SearchAction\",\"target\":{\"@type\":\"EntryPoint\",\"urlTemplate\":\"https:\/\/orthodoxalbania.org\/2020\/?s={search_term_string}\"},\"query-input\":{\"@type\":\"PropertyValueSpecification\",\"valueRequired\":true,\"valueName\":\"search_term_string\"}}],\"inLanguage\":\"en-US\"},{\"@type\":\"Organization\",\"@id\":\"https:\/\/orthodoxalbania.org\/2020\/#organization\",\"name\":\"Kisha Orthodhokse Autoqefale e Shqip\u00ebris\u00eb\",\"url\":\"https:\/\/orthodoxalbania.org\/2020\/\",\"logo\":{\"@type\":\"ImageObject\",\"inLanguage\":\"en-US\",\"@id\":\"https:\/\/orthodoxalbania.org\/2020\/#\/schema\/logo\/image\/\",\"url\":\"https:\/\/orthodoxalbania.org\/2020\/wp-content\/uploads\/2020\/05\/albania.jpeg\",\"contentUrl\":\"https:\/\/orthodoxalbania.org\/2020\/wp-content\/uploads\/2020\/05\/albania.jpeg\",\"width\":540,\"height\":540,\"caption\":\"Kisha Orthodhokse Autoqefale e Shqip\u00ebris\u00eb\"},\"image\":{\"@id\":\"https:\/\/orthodoxalbania.org\/2020\/#\/schema\/logo\/image\/\"},\"sameAs\":[\"https:\/\/www.facebook.com\/koash1991\"]},{\"@type\":\"Person\",\"@id\":\"https:\/\/orthodoxalbania.org\/2020\/#\/schema\/person\/0c387634a7063ac612d7ed9ce71c7e86\",\"name\":\"Kisha Orthodhokse\",\"image\":{\"@type\":\"ImageObject\",\"inLanguage\":\"en-US\",\"@id\":\"https:\/\/secure.gravatar.com\/avatar\/596e7c417251e30f2fbb9c00e026fce61a695a00e51c889caded71c96cbbdde5?s=96&d=mm&r=g\",\"url\":\"https:\/\/secure.gravatar.com\/avatar\/596e7c417251e30f2fbb9c00e026fce61a695a00e51c889caded71c96cbbdde5?s=96&d=mm&r=g\",\"contentUrl\":\"https:\/\/secure.gravatar.com\/avatar\/596e7c417251e30f2fbb9c00e026fce61a695a00e51c889caded71c96cbbdde5?s=96&d=mm&r=g\",\"caption\":\"Kisha Orthodhokse\"}}]}<\/script>\n<!-- \/ Yoast SEO plugin. -->","yoast_head_json":{"title":"Duke u p\u00ebrgatitur p\u00ebr Krishtlindjen 2012. (Dhjetor 2012) - Kisha Orthodh\u03bfkse Autoqefale e Shqip\u00ebris\u00eb","robots":{"index":"index","follow":"follow","max-snippet":"max-snippet:-1","max-image-preview":"max-image-preview:large","max-video-preview":"max-video-preview:-1"},"canonical":"https:\/\/orthodoxalbania.org\/2020\/2013\/03\/21\/duke-u-pergatitur-per-krishtlindjen-2012\/","og_locale":"en_US","og_type":"article","og_title":"Duke u p\u00ebrgatitur p\u00ebr Krishtlindjen 2012. (Dhjetor 2012) - Kisha Orthodh\u03bfkse Autoqefale e Shqip\u00ebris\u00eb","og_description":"EJA DHE SHIH &nbsp; &nbsp; Jemi n\u00eb periudh\u00ebn p\u00ebrgatitore p\u00ebr Lindjen e Shp\u00ebtimtarit t\u00eb njer\u00ebzimit dhe t\u00eb secilit prej nesh personalisht. N\u00eb udh\u00ebtimin e jet\u00ebs shpirt\u00ebrore secili prej nesh p\u00ebrpiqet t\u00eb thellohet m\u00eb tep\u00ebr n\u00eb misterin e jet\u00ebs dhe t\u00eb m\u00ebsoj\u00eb t\u00eb v\u00ebrtetat e p\u00ebrjetshme q\u00eb hedhin drit\u00eb mbi jet\u00ebn dhe q\u00ebllimin e saj. Periudha p\u00ebrgatitore para Krishtlindjes na jep m\u00ebsime t\u00eb \u00e7muara dhe drejtimin","og_url":"https:\/\/orthodoxalbania.org\/2020\/2013\/03\/21\/duke-u-pergatitur-per-krishtlindjen-2012\/","og_site_name":"Kisha Orthodh\u03bfkse Autoqefale e Shqip\u00ebris\u00eb","article_publisher":"https:\/\/www.facebook.com\/koash1991","article_published_time":"2013-03-21T12:36:45+00:00","article_modified_time":"2020-04-06T20:05:53+00:00","og_image":[{"width":200,"height":172,"url":"https:\/\/orthodoxalbania.org\/2020\/wp-content\/uploads\/2021\/02\/LogoLastALb-200.png","type":"image\/png"}],"author":"Kisha Orthodhokse","twitter_card":"summary_large_image","twitter_misc":{"Written by":"Kisha Orthodhokse","Est. reading time":"12 minutes"},"schema":{"@context":"https:\/\/schema.org","@graph":[{"@type":"Article","@id":"https:\/\/orthodoxalbania.org\/2020\/2013\/03\/21\/duke-u-pergatitur-per-krishtlindjen-2012\/#article","isPartOf":{"@id":"https:\/\/orthodoxalbania.org\/2020\/2013\/03\/21\/duke-u-pergatitur-per-krishtlindjen-2012\/"},"author":{"name":"Kisha Orthodhokse","@id":"https:\/\/orthodoxalbania.org\/2020\/#\/schema\/person\/0c387634a7063ac612d7ed9ce71c7e86"},"headline":"Duke u p\u00ebrgatitur p\u00ebr Krishtlindjen 2012. (Dhjetor 2012)","datePublished":"2013-03-21T12:36:45+00:00","dateModified":"2020-04-06T20:05:53+00:00","mainEntityOfPage":{"@id":"https:\/\/orthodoxalbania.org\/2020\/2013\/03\/21\/duke-u-pergatitur-per-krishtlindjen-2012\/"},"wordCount":2356,"commentCount":0,"publisher":{"@id":"https:\/\/orthodoxalbania.org\/2020\/#organization"},"keywords":["2012","Krishtlindje","Kryepiskopata Tiran\u00eb","lajme"],"articleSection":["Lajme"],"inLanguage":"en-US"},{"@type":"WebPage","@id":"https:\/\/orthodoxalbania.org\/2020\/2013\/03\/21\/duke-u-pergatitur-per-krishtlindjen-2012\/","url":"https:\/\/orthodoxalbania.org\/2020\/2013\/03\/21\/duke-u-pergatitur-per-krishtlindjen-2012\/","name":"Duke u p\u00ebrgatitur p\u00ebr Krishtlindjen 2012. (Dhjetor 2012) - Kisha Orthodh\u03bfkse Autoqefale e Shqip\u00ebris\u00eb","isPartOf":{"@id":"https:\/\/orthodoxalbania.org\/2020\/#website"},"datePublished":"2013-03-21T12:36:45+00:00","dateModified":"2020-04-06T20:05:53+00:00","breadcrumb":{"@id":"https:\/\/orthodoxalbania.org\/2020\/2013\/03\/21\/duke-u-pergatitur-per-krishtlindjen-2012\/#breadcrumb"},"inLanguage":"en-US","potentialAction":[{"@type":"ReadAction","target":["https:\/\/orthodoxalbania.org\/2020\/2013\/03\/21\/duke-u-pergatitur-per-krishtlindjen-2012\/"]}]},{"@type":"BreadcrumbList","@id":"https:\/\/orthodoxalbania.org\/2020\/2013\/03\/21\/duke-u-pergatitur-per-krishtlindjen-2012\/#breadcrumb","itemListElement":[{"@type":"ListItem","position":1,"name":"Home","item":"https:\/\/orthodoxalbania.org\/2020\/"},{"@type":"ListItem","position":2,"name":"Duke u p\u00ebrgatitur p\u00ebr Krishtlindjen 2012. (Dhjetor 2012)"}]},{"@type":"WebSite","@id":"https:\/\/orthodoxalbania.org\/2020\/#website","url":"https:\/\/orthodoxalbania.org\/2020\/","name":"Kisha Orthodh\u03bfkse Autoqefale e Shqip\u00ebris\u00eb","description":"Fqja Zyrtare e Kish\u00ebs Orthodhokse Autoqefale e Shqip\u00ebris\u00eb me lajmet edhe informacionet zyrtare p\u00ebr struktur\u00ebn edhe veprimtarin e saj.","publisher":{"@id":"https:\/\/orthodoxalbania.org\/2020\/#organization"},"potentialAction":[{"@type":"SearchAction","target":{"@type":"EntryPoint","urlTemplate":"https:\/\/orthodoxalbania.org\/2020\/?s={search_term_string}"},"query-input":{"@type":"PropertyValueSpecification","valueRequired":true,"valueName":"search_term_string"}}],"inLanguage":"en-US"},{"@type":"Organization","@id":"https:\/\/orthodoxalbania.org\/2020\/#organization","name":"Kisha Orthodhokse Autoqefale e Shqip\u00ebris\u00eb","url":"https:\/\/orthodoxalbania.org\/2020\/","logo":{"@type":"ImageObject","inLanguage":"en-US","@id":"https:\/\/orthodoxalbania.org\/2020\/#\/schema\/logo\/image\/","url":"https:\/\/orthodoxalbania.org\/2020\/wp-content\/uploads\/2020\/05\/albania.jpeg","contentUrl":"https:\/\/orthodoxalbania.org\/2020\/wp-content\/uploads\/2020\/05\/albania.jpeg","width":540,"height":540,"caption":"Kisha Orthodhokse Autoqefale e Shqip\u00ebris\u00eb"},"image":{"@id":"https:\/\/orthodoxalbania.org\/2020\/#\/schema\/logo\/image\/"},"sameAs":["https:\/\/www.facebook.com\/koash1991"]},{"@type":"Person","@id":"https:\/\/orthodoxalbania.org\/2020\/#\/schema\/person\/0c387634a7063ac612d7ed9ce71c7e86","name":"Kisha Orthodhokse","image":{"@type":"ImageObject","inLanguage":"en-US","@id":"https:\/\/secure.gravatar.com\/avatar\/596e7c417251e30f2fbb9c00e026fce61a695a00e51c889caded71c96cbbdde5?s=96&d=mm&r=g","url":"https:\/\/secure.gravatar.com\/avatar\/596e7c417251e30f2fbb9c00e026fce61a695a00e51c889caded71c96cbbdde5?s=96&d=mm&r=g","contentUrl":"https:\/\/secure.gravatar.com\/avatar\/596e7c417251e30f2fbb9c00e026fce61a695a00e51c889caded71c96cbbdde5?s=96&d=mm&r=g","caption":"Kisha Orthodhokse"}}]}},"_links":{"self":[{"href":"https:\/\/orthodoxalbania.org\/2020\/wp-json\/wp\/v2\/posts\/471","targetHints":{"allow":["GET"]}}],"collection":[{"href":"https:\/\/orthodoxalbania.org\/2020\/wp-json\/wp\/v2\/posts"}],"about":[{"href":"https:\/\/orthodoxalbania.org\/2020\/wp-json\/wp\/v2\/types\/post"}],"author":[{"embeddable":true,"href":"https:\/\/orthodoxalbania.org\/2020\/wp-json\/wp\/v2\/users\/1"}],"replies":[{"embeddable":true,"href":"https:\/\/orthodoxalbania.org\/2020\/wp-json\/wp\/v2\/comments?post=471"}],"version-history":[{"count":1,"href":"https:\/\/orthodoxalbania.org\/2020\/wp-json\/wp\/v2\/posts\/471\/revisions"}],"predecessor-version":[{"id":15270,"href":"https:\/\/orthodoxalbania.org\/2020\/wp-json\/wp\/v2\/posts\/471\/revisions\/15270"}],"wp:attachment":[{"href":"https:\/\/orthodoxalbania.org\/2020\/wp-json\/wp\/v2\/media?parent=471"}],"wp:term":[{"taxonomy":"category","embeddable":true,"href":"https:\/\/orthodoxalbania.org\/2020\/wp-json\/wp\/v2\/categories?post=471"},{"taxonomy":"post_tag","embeddable":true,"href":"https:\/\/orthodoxalbania.org\/2020\/wp-json\/wp\/v2\/tags?post=471"}],"curies":[{"name":"wp","href":"https:\/\/api.w.org\/{rel}","templated":true}]}}