{"id":470,"date":"2013-03-20T12:51:28","date_gmt":"2013-03-20T12:51:28","guid":{"rendered":""},"modified":"2020-04-06T22:32:24","modified_gmt":"2020-04-06T20:32:24","slug":"duke-sheruar-plaget-grate-orthodhokse-perballen-me-sfidat-dhe-ambivalencat-e-shoqerive-post-moderne-ne-kerkim-te-nje-teologjie-sherimi-shen-vlash-durres-8-12-korrik","status":"publish","type":"post","link":"https:\/\/orthodoxalbania.org\/2020\/2013\/03\/20\/duke-sheruar-plaget-grate-orthodhokse-perballen-me-sfidat-dhe-ambivalencat-e-shoqerive-post-moderne-ne-kerkim-te-nje-teologjie-sherimi-shen-vlash-durres-8-12-korrik\/","title":{"rendered":"Duke sh\u00ebruar plag\u00ebt \u2026. Grat\u00eb Orthodhokse p\u00ebrballen me sfidat dhe ambivalencat e shoq\u00ebrive post \u2013 moderne. N\u00eb k\u00ebrkim t\u00eb nj\u00eb teologjie \u201csh\u00ebrimi\u201d Sh\u00ebn Vlash, Durr\u00ebs 8 \u2013 12 korrik. (2010)"},"content":{"rendered":"<div style=\"text-align: justify;\"><span style=\"font-family: helvetica;\"><span style=\"font-size: 12px;\"><span style=\"color: #000000;\"><strong><img decoding=\"async\" class=\"lazyload HAa Eha\" style=\"height: 234px; width: 350px; border-width: 1px; border-style: solid; margin: 10px; float: left;\" alt=\"\" src=\"data:image\/gif;base64,R0lGODlhAQABAAAAACH5BAEKAAEALAAAAAABAAEAAAICTAEAOw==\" data-orig-src=\"https:\/\/lh3.googleusercontent.com\/-C52Su_sMRxQ\/VK5p_fFQxeI\/AAAAAAAAKjQ\/jqm1T84eaPk\/w500-h335-no\/WCC%2Bfoto.jpg\" \/><\/strong><\/span><span style=\"color: #b22222; font-size: 12pt;\"><strong>&nbsp;&nbsp; Nevoja p\u00ebr nj\u00eb \u201cteologji sh\u00ebrimi\u201d ishte tema qendrore e takimit t\u00eb fundit nd\u00ebrkomb\u00ebtar midis grave Orthodhokse dhe t\u00eb Krishter\u00ebve t\u00eb t\u00eb dy gjinive nga tradita t\u00eb tjera .<\/strong><\/span><\/span><\/span><\/div>\n<div style=\"text-align: justify;\"><span style=\"font-family: helvetica; font-size: 12pt;\"> <span style=\"color: #000000;\">&nbsp;&nbsp;&nbsp; Drejtimi i gruas n\u00eb jet\u00ebn e kish\u00ebs \u2013 n\u00eb administrat\u00eb, ose kujdesin social, nuk duhet \u201ckuptuar si k\u00ebrkim fuqie dhe prestigji, por si zotim i thell\u00eb i dashuris\u00eb dhe sh\u00ebrbimit q\u00eb i p\u00ebrgjigjet dashuris\u00eb sakrifikuese t\u00eb Krishtit\u201d &#8211; &nbsp;u shpreh\u00ebn pjes\u00ebmarr\u00ebsit n\u00eb Konsultimin Teologjik, q\u00eb u zhvillua nga 8 -12 korrik, n\u00eb mjediset e Akademis\u00eb Teologjike \u201cNgjallja e Krishtit\u201d, n\u00eb Manastrin e Ri t\u00eb Sh\u00ebn Vlashit, Durr\u00ebs.<\/span><\/span><\/div>\n<div style=\"text-align: justify;\"><span style=\"font-family: helvetica; font-size: 12pt;\"> <span style=\"color: #000000;\">&nbsp;&nbsp;&nbsp; Pjes\u00ebmarr\u00ebsit n\u00eb nd\u00ebrhyrjet dhe diskutimet e tyre than\u00eb se k\u00ebt\u00eb zotim t\u00eb grave duhet ta shohim si \u201csh\u00ebrim i t\u00eb gjitha plag\u00ebve t\u00eb njer\u00ebzve, ve\u00e7an\u00ebrisht t\u00eb abuzuarve, t\u00eb dhunuarve, viktimave t\u00eb varf\u00ebris\u00eb dhe t\u00eb njer\u00ebzve t\u00eb tjer\u00eb t\u00eb harruar nga shoq\u00ebria, ku grat\u00eb dhe f\u00ebmij\u00ebt jan\u00eb m\u00eb t\u00eb shumt\u00eb n\u00eb num\u00ebr.\u201d<\/span><\/span><\/div>\n<div style=\"text-align: justify;\"><span style=\"font-family: helvetica; font-size: 12pt;\"> <span style=\"color: #000000;\">&nbsp;&nbsp;&nbsp; Nj\u00eb teologji sh\u00ebrimi q\u00ebndron n\u00eb faktin se \u201csh\u00ebrimi \u00ebsht\u00eb nj\u00eb dhurat\u00eb nga Per\u00ebndia i Mish\u00ebruar, i Kryq\u00ebzuar dhe i Ngjallur p\u00ebr gjith\u00eb krijimin\u201d. Ky sh\u00ebrim \u201c\u00ebsht\u00eb shprehur n\u00eb nj\u00eb m\u00ebnyr\u00eb konkrete n\u00eb p\u00ebrditshm\u00ebrin\u00eb ton\u00eb n\u00eb t\u00eb gjitha nevojat e fushave sociale, me t\u00eb cilat komunitetet e krishtera p\u00ebrballen shpesh\u201d.<\/span><\/span><\/div>\n<div style=\"text-align: justify;\"><span style=\"font-family: helvetica; font-size: 12pt;\"> <span style=\"color: #000000;\">&nbsp;&nbsp;&nbsp; K\u00ebshtu grat\u00eb dhe burrat n\u00eb kish\u00eb duhet t\u00eb vendosin \u201ct\u00eb jen\u00eb agjent\u00eb t\u00eb Per\u00ebndis\u00eb s\u00eb Ngjallur dhe instrumente t\u00eb sh\u00ebrimit n\u00eb bot\u00ebn e thyer dhe n\u00eb nevoj\u00eb\u201d.<\/span><\/span><\/div>\n<div style=\"text-align: justify;\"><span style=\"font-family: helvetica; font-size: 12pt;\"> <span style=\"color: #000000;\">&nbsp;&nbsp;&nbsp; N\u00eb takim, i cili ishte organizuar nga K\u00ebshilli Bot\u00ebror i Kishave, mor\u00ebn pjes\u00eb 23 p\u00ebrfaq\u00ebsues Orthodhoks\u00eb, Romanokatolik\u00eb dhe Protestant\u00eb, burra dhe gra, nga Afrika, Azia, Evropa, Lindja e Mesme, Amerika Lindore dhe Jugore. Mikprit\u00ebsi ishte Kisha Orthodhokse Autoqefale e Shqip\u00ebris\u00eb.<\/span><\/span><\/div>\n<div style=\"text-align: justify;\"><span style=\"font-family: helvetica; font-size: 12pt;\"> <span style=\"color: #000000;\">&nbsp;&nbsp;&nbsp;&nbsp; Takimi ishte nj\u00eb vazhdim i nj\u00eb serie takimesh konsultative t\u00eb grave Orthodhokse mbi rolin e grave n\u00eb kish\u00eb, q\u00eb e ka zanafill\u00ebn e saj n\u00eb vitin 1976.<\/span><\/span><\/div>\n<div style=\"text-align: justify;\"><span style=\"font-family: helvetica; font-size: 12pt;\"> <span style=\"color: #000000;\">&nbsp;&nbsp;&nbsp; K\u00ebshilli Bot\u00ebror i Kishave ka n\u00eb p\u00ebrb\u00ebrjen e vet 347 kisha an\u00ebtare, nga m\u00eb shum\u00eb se 100 shtete (kishat protestante e orthodhokse, nd\u00ebrsa Kisha katolike \u00ebsht\u00eb me statusin e v\u00ebzhguesit). Kisha Orthodhokse Autoqefale e Shqip\u00ebris\u00eb \u00ebsht\u00eb an\u00ebtare e WCC-KBK nga janari i vititi 1994. Kryepeshkopi Anastas \u00ebsht\u00eb nj\u00eb prej president\u00ebve t\u00eb k\u00ebtij organizmi, me nj\u00eb kontribut t\u00eb shquar nd\u00ebr vite n\u00eb l\u00ebvizjen ekumenike.&nbsp;<\/span><\/span><\/div>\n<div style=\"text-align: justify;\"><span style=\"font-family: helvetica; font-size: 12pt;\"><\/span><\/div>\n<div class=\"style9\" style=\"text-align: justify;\"><span style=\"font-family: helvetica; font-size: 12pt;\"><span style=\"color: #000000;\">&nbsp;&nbsp;&nbsp;&nbsp; P\u00ebr m\u00eb tep\u00ebr informacion rreth k\u00ebtij takimi dhe p\u00ebr mesazhin q\u00eb doli prej tij mund t\u00eb klikoni <\/span><a href=\"http:\/\/www.oikoumene.org\/en\"><span style=\"color: #000080;\"><em>www.oikoumene.org<\/em><\/span><\/a><span style=\"color: #000000;\"><em> \/15.07.2010\/<\/em><br \/> <\/span><a href=\"http:\/\/www.oikoumene.org\/news\/news-management\/eng\/a\/article\/1634\/orthodox-women-seek-theo.html\"><span style=\"color: #000080;\">Orthodox women seek &#8220;theology of healing&#8221;<\/span><\/a><\/span><\/div>\n<div class=\"style10\"><span style=\"font-family: helvetica; font-size: 12pt;\"><\/span><\/div>\n<div class=\"style9\" style=\"text-align: right;\"><span style=\"font-family: helvetica; font-size: 12pt;\"><span style=\"color: #000000;\"><strong>Korresp. i Ngjalljes<\/strong><\/span><\/span><\/div>\n","protected":false},"excerpt":{"rendered":"<p>&nbsp;&nbsp; Nevoja p\u00ebr nj\u00eb \u201cteologji sh\u00ebrimi\u201d ishte tema qendrore e takimit t\u00eb fundit nd\u00ebrkomb\u00ebtar midis grave Orthodhokse dhe t\u00eb Krishter\u00ebve t\u00eb t\u00eb dy gjinive nga tradita t\u00eb tjera . &nbsp;&nbsp;&nbsp; Drejtimi i gruas n\u00eb jet\u00ebn e kish\u00ebs \u2013 n\u00eb administrat\u00eb, ose kujdesin social, nuk duhet \u201ckuptuar si k\u00ebrkim fuqie dhe prestigji, por si zotim i thell\u00eb i dashuris\u00eb dhe sh\u00ebrbimit q\u00eb i p\u00ebrgjigjet dashuris\u00eb sakrifikuese<\/p>\n","protected":false},"author":1,"featured_media":0,"comment_status":"open","ping_status":"open","sticky":false,"template":"","format":"standard","meta":{"_acf_changed":false,"pagelayer_contact_templates":[],"_pagelayer_content":"","inline_featured_image":false,"fifu_image_url":"","fifu_image_alt":"","footnotes":""},"categories":[108],"tags":[144,196,212,187],"class_list":["post-470","post","type-post","status-publish","format-standard","hentry","category-lajme","tag-144","tag-tirane","tag-lajme-d27","tag-lidhja-e-grave-orthodhokse"],"acf":[],"yoast_head":"<!-- This site is optimized with the Yoast SEO plugin v27.2 - https:\/\/yoast.com\/product\/yoast-seo-wordpress\/ -->\n<title>Duke sh\u00ebruar plag\u00ebt \u2026. Grat\u00eb Orthodhokse p\u00ebrballen me sfidat dhe ambivalencat e shoq\u00ebrive post \u2013 moderne. N\u00eb k\u00ebrkim t\u00eb nj\u00eb teologjie \u201csh\u00ebrimi\u201d Sh\u00ebn Vlash, Durr\u00ebs 8 \u2013 12 korrik. (2010) - Kisha Orthodh\u03bfkse Autoqefale e Shqip\u00ebris\u00eb<\/title>\n<meta name=\"robots\" content=\"index, follow, max-snippet:-1, max-image-preview:large, max-video-preview:-1\" \/>\n<link rel=\"canonical\" href=\"https:\/\/orthodoxalbania.org\/2020\/2013\/03\/20\/duke-sheruar-plaget-grate-orthodhokse-perballen-me-sfidat-dhe-ambivalencat-e-shoqerive-post-moderne-ne-kerkim-te-nje-teologjie-sherimi-shen-vlash-durres-8-12-korrik\/\" \/>\n<meta property=\"og:locale\" content=\"en_US\" \/>\n<meta property=\"og:type\" content=\"article\" \/>\n<meta property=\"og:title\" content=\"Duke sh\u00ebruar plag\u00ebt \u2026. Grat\u00eb Orthodhokse p\u00ebrballen me sfidat dhe ambivalencat e shoq\u00ebrive post \u2013 moderne. N\u00eb k\u00ebrkim t\u00eb nj\u00eb teologjie \u201csh\u00ebrimi\u201d Sh\u00ebn Vlash, Durr\u00ebs 8 \u2013 12 korrik. (2010) - Kisha Orthodh\u03bfkse Autoqefale e Shqip\u00ebris\u00eb\" \/>\n<meta property=\"og:description\" content=\"&nbsp;&nbsp; Nevoja p\u00ebr nj\u00eb \u201cteologji sh\u00ebrimi\u201d ishte tema qendrore e takimit t\u00eb fundit nd\u00ebrkomb\u00ebtar midis grave Orthodhokse dhe t\u00eb Krishter\u00ebve t\u00eb t\u00eb dy gjinive nga tradita t\u00eb tjera . &nbsp;&nbsp;&nbsp; Drejtimi i gruas n\u00eb jet\u00ebn e kish\u00ebs \u2013 n\u00eb administrat\u00eb, ose kujdesin social, nuk duhet \u201ckuptuar si k\u00ebrkim fuqie dhe prestigji, por si zotim i thell\u00eb i dashuris\u00eb dhe sh\u00ebrbimit q\u00eb i p\u00ebrgjigjet dashuris\u00eb sakrifikuese\" \/>\n<meta property=\"og:url\" content=\"https:\/\/orthodoxalbania.org\/2020\/2013\/03\/20\/duke-sheruar-plaget-grate-orthodhokse-perballen-me-sfidat-dhe-ambivalencat-e-shoqerive-post-moderne-ne-kerkim-te-nje-teologjie-sherimi-shen-vlash-durres-8-12-korrik\/\" \/>\n<meta property=\"og:site_name\" content=\"Kisha Orthodh\u03bfkse Autoqefale e Shqip\u00ebris\u00eb\" \/>\n<meta property=\"article:publisher\" content=\"https:\/\/www.facebook.com\/koash1991\" \/>\n<meta property=\"article:published_time\" content=\"2013-03-20T12:51:28+00:00\" \/>\n<meta property=\"article:modified_time\" content=\"2020-04-06T20:32:24+00:00\" \/>\n<meta property=\"og:image\" content=\"https:\/\/lh3.googleusercontent.com\/-C52Su_sMRxQ\/VK5p_fFQxeI\/AAAAAAAAKjQ\/jqm1T84eaPk\/w500-h335-no\/WCC%2Bfoto.jpg\" \/>\n<meta name=\"author\" content=\"Kisha Orthodhokse\" \/>\n<meta name=\"twitter:card\" content=\"summary_large_image\" \/>\n<meta name=\"twitter:label1\" content=\"Written by\" \/>\n\t<meta name=\"twitter:data1\" content=\"Kisha Orthodhokse\" \/>\n\t<meta name=\"twitter:label2\" content=\"Est. reading time\" \/>\n\t<meta name=\"twitter:data2\" content=\"2 minutes\" \/>\n<script type=\"application\/ld+json\" class=\"yoast-schema-graph\">{\"@context\":\"https:\/\/schema.org\",\"@graph\":[{\"@type\":\"Article\",\"@id\":\"https:\/\/orthodoxalbania.org\/2020\/2013\/03\/20\/duke-sheruar-plaget-grate-orthodhokse-perballen-me-sfidat-dhe-ambivalencat-e-shoqerive-post-moderne-ne-kerkim-te-nje-teologjie-sherimi-shen-vlash-durres-8-12-korrik\/#article\",\"isPartOf\":{\"@id\":\"https:\/\/orthodoxalbania.org\/2020\/2013\/03\/20\/duke-sheruar-plaget-grate-orthodhokse-perballen-me-sfidat-dhe-ambivalencat-e-shoqerive-post-moderne-ne-kerkim-te-nje-teologjie-sherimi-shen-vlash-durres-8-12-korrik\/\"},\"author\":{\"name\":\"Kisha Orthodhokse\",\"@id\":\"https:\/\/orthodoxalbania.org\/2020\/#\/schema\/person\/0c387634a7063ac612d7ed9ce71c7e86\"},\"headline\":\"Duke sh\u00ebruar plag\u00ebt \u2026. Grat\u00eb Orthodhokse p\u00ebrballen me sfidat dhe ambivalencat e shoq\u00ebrive post \u2013 moderne. N\u00eb k\u00ebrkim t\u00eb nj\u00eb teologjie \u201csh\u00ebrimi\u201d Sh\u00ebn Vlash, Durr\u00ebs 8 \u2013 12 korrik. (2010)\",\"datePublished\":\"2013-03-20T12:51:28+00:00\",\"dateModified\":\"2020-04-06T20:32:24+00:00\",\"mainEntityOfPage\":{\"@id\":\"https:\/\/orthodoxalbania.org\/2020\/2013\/03\/20\/duke-sheruar-plaget-grate-orthodhokse-perballen-me-sfidat-dhe-ambivalencat-e-shoqerive-post-moderne-ne-kerkim-te-nje-teologjie-sherimi-shen-vlash-durres-8-12-korrik\/\"},\"wordCount\":506,\"commentCount\":0,\"publisher\":{\"@id\":\"https:\/\/orthodoxalbania.org\/2020\/#organization\"},\"image\":{\"@id\":\"https:\/\/orthodoxalbania.org\/2020\/2013\/03\/20\/duke-sheruar-plaget-grate-orthodhokse-perballen-me-sfidat-dhe-ambivalencat-e-shoqerive-post-moderne-ne-kerkim-te-nje-teologjie-sherimi-shen-vlash-durres-8-12-korrik\/#primaryimage\"},\"thumbnailUrl\":\"https:\/\/lh3.googleusercontent.com\/-C52Su_sMRxQ\/VK5p_fFQxeI\/AAAAAAAAKjQ\/jqm1T84eaPk\/w500-h335-no\/WCC%2Bfoto.jpg\",\"keywords\":[\"2010\",\"Kryepiskopata Tiran\u00eb\",\"lajme\",\"Lidhja e Grave Orthodhokse\"],\"articleSection\":[\"Lajme\"],\"inLanguage\":\"en-US\"},{\"@type\":\"WebPage\",\"@id\":\"https:\/\/orthodoxalbania.org\/2020\/2013\/03\/20\/duke-sheruar-plaget-grate-orthodhokse-perballen-me-sfidat-dhe-ambivalencat-e-shoqerive-post-moderne-ne-kerkim-te-nje-teologjie-sherimi-shen-vlash-durres-8-12-korrik\/\",\"url\":\"https:\/\/orthodoxalbania.org\/2020\/2013\/03\/20\/duke-sheruar-plaget-grate-orthodhokse-perballen-me-sfidat-dhe-ambivalencat-e-shoqerive-post-moderne-ne-kerkim-te-nje-teologjie-sherimi-shen-vlash-durres-8-12-korrik\/\",\"name\":\"Duke sh\u00ebruar plag\u00ebt \u2026. Grat\u00eb Orthodhokse p\u00ebrballen me sfidat dhe ambivalencat e shoq\u00ebrive post \u2013 moderne. N\u00eb k\u00ebrkim t\u00eb nj\u00eb teologjie \u201csh\u00ebrimi\u201d Sh\u00ebn Vlash, Durr\u00ebs 8 \u2013 12 korrik. (2010) - Kisha Orthodh\u03bfkse Autoqefale e Shqip\u00ebris\u00eb\",\"isPartOf\":{\"@id\":\"https:\/\/orthodoxalbania.org\/2020\/#website\"},\"primaryImageOfPage\":{\"@id\":\"https:\/\/orthodoxalbania.org\/2020\/2013\/03\/20\/duke-sheruar-plaget-grate-orthodhokse-perballen-me-sfidat-dhe-ambivalencat-e-shoqerive-post-moderne-ne-kerkim-te-nje-teologjie-sherimi-shen-vlash-durres-8-12-korrik\/#primaryimage\"},\"image\":{\"@id\":\"https:\/\/orthodoxalbania.org\/2020\/2013\/03\/20\/duke-sheruar-plaget-grate-orthodhokse-perballen-me-sfidat-dhe-ambivalencat-e-shoqerive-post-moderne-ne-kerkim-te-nje-teologjie-sherimi-shen-vlash-durres-8-12-korrik\/#primaryimage\"},\"thumbnailUrl\":\"https:\/\/lh3.googleusercontent.com\/-C52Su_sMRxQ\/VK5p_fFQxeI\/AAAAAAAAKjQ\/jqm1T84eaPk\/w500-h335-no\/WCC%2Bfoto.jpg\",\"datePublished\":\"2013-03-20T12:51:28+00:00\",\"dateModified\":\"2020-04-06T20:32:24+00:00\",\"breadcrumb\":{\"@id\":\"https:\/\/orthodoxalbania.org\/2020\/2013\/03\/20\/duke-sheruar-plaget-grate-orthodhokse-perballen-me-sfidat-dhe-ambivalencat-e-shoqerive-post-moderne-ne-kerkim-te-nje-teologjie-sherimi-shen-vlash-durres-8-12-korrik\/#breadcrumb\"},\"inLanguage\":\"en-US\",\"potentialAction\":[{\"@type\":\"ReadAction\",\"target\":[\"https:\/\/orthodoxalbania.org\/2020\/2013\/03\/20\/duke-sheruar-plaget-grate-orthodhokse-perballen-me-sfidat-dhe-ambivalencat-e-shoqerive-post-moderne-ne-kerkim-te-nje-teologjie-sherimi-shen-vlash-durres-8-12-korrik\/\"]}]},{\"@type\":\"ImageObject\",\"inLanguage\":\"en-US\",\"@id\":\"https:\/\/orthodoxalbania.org\/2020\/2013\/03\/20\/duke-sheruar-plaget-grate-orthodhokse-perballen-me-sfidat-dhe-ambivalencat-e-shoqerive-post-moderne-ne-kerkim-te-nje-teologjie-sherimi-shen-vlash-durres-8-12-korrik\/#primaryimage\",\"url\":\"https:\/\/lh3.googleusercontent.com\/-C52Su_sMRxQ\/VK5p_fFQxeI\/AAAAAAAAKjQ\/jqm1T84eaPk\/w500-h335-no\/WCC%2Bfoto.jpg\",\"contentUrl\":\"https:\/\/lh3.googleusercontent.com\/-C52Su_sMRxQ\/VK5p_fFQxeI\/AAAAAAAAKjQ\/jqm1T84eaPk\/w500-h335-no\/WCC%2Bfoto.jpg\"},{\"@type\":\"BreadcrumbList\",\"@id\":\"https:\/\/orthodoxalbania.org\/2020\/2013\/03\/20\/duke-sheruar-plaget-grate-orthodhokse-perballen-me-sfidat-dhe-ambivalencat-e-shoqerive-post-moderne-ne-kerkim-te-nje-teologjie-sherimi-shen-vlash-durres-8-12-korrik\/#breadcrumb\",\"itemListElement\":[{\"@type\":\"ListItem\",\"position\":1,\"name\":\"Home\",\"item\":\"https:\/\/orthodoxalbania.org\/2020\/\"},{\"@type\":\"ListItem\",\"position\":2,\"name\":\"Duke sh\u00ebruar plag\u00ebt \u2026. Grat\u00eb Orthodhokse p\u00ebrballen me sfidat dhe ambivalencat e shoq\u00ebrive post \u2013 moderne. N\u00eb k\u00ebrkim t\u00eb nj\u00eb teologjie \u201csh\u00ebrimi\u201d Sh\u00ebn Vlash, Durr\u00ebs 8 \u2013 12 korrik. (2010)\"}]},{\"@type\":\"WebSite\",\"@id\":\"https:\/\/orthodoxalbania.org\/2020\/#website\",\"url\":\"https:\/\/orthodoxalbania.org\/2020\/\",\"name\":\"Kisha Orthodh\u03bfkse Autoqefale e Shqip\u00ebris\u00eb\",\"description\":\"Fqja Zyrtare e Kish\u00ebs Orthodhokse Autoqefale e Shqip\u00ebris\u00eb me lajmet edhe informacionet zyrtare p\u00ebr struktur\u00ebn edhe veprimtarin e saj.\",\"publisher\":{\"@id\":\"https:\/\/orthodoxalbania.org\/2020\/#organization\"},\"potentialAction\":[{\"@type\":\"SearchAction\",\"target\":{\"@type\":\"EntryPoint\",\"urlTemplate\":\"https:\/\/orthodoxalbania.org\/2020\/?s={search_term_string}\"},\"query-input\":{\"@type\":\"PropertyValueSpecification\",\"valueRequired\":true,\"valueName\":\"search_term_string\"}}],\"inLanguage\":\"en-US\"},{\"@type\":\"Organization\",\"@id\":\"https:\/\/orthodoxalbania.org\/2020\/#organization\",\"name\":\"Kisha Orthodhokse Autoqefale e Shqip\u00ebris\u00eb\",\"url\":\"https:\/\/orthodoxalbania.org\/2020\/\",\"logo\":{\"@type\":\"ImageObject\",\"inLanguage\":\"en-US\",\"@id\":\"https:\/\/orthodoxalbania.org\/2020\/#\/schema\/logo\/image\/\",\"url\":\"https:\/\/orthodoxalbania.org\/2020\/wp-content\/uploads\/2020\/05\/albania.jpeg\",\"contentUrl\":\"https:\/\/orthodoxalbania.org\/2020\/wp-content\/uploads\/2020\/05\/albania.jpeg\",\"width\":540,\"height\":540,\"caption\":\"Kisha Orthodhokse Autoqefale e Shqip\u00ebris\u00eb\"},\"image\":{\"@id\":\"https:\/\/orthodoxalbania.org\/2020\/#\/schema\/logo\/image\/\"},\"sameAs\":[\"https:\/\/www.facebook.com\/koash1991\"]},{\"@type\":\"Person\",\"@id\":\"https:\/\/orthodoxalbania.org\/2020\/#\/schema\/person\/0c387634a7063ac612d7ed9ce71c7e86\",\"name\":\"Kisha Orthodhokse\",\"image\":{\"@type\":\"ImageObject\",\"inLanguage\":\"en-US\",\"@id\":\"https:\/\/secure.gravatar.com\/avatar\/596e7c417251e30f2fbb9c00e026fce61a695a00e51c889caded71c96cbbdde5?s=96&d=mm&r=g\",\"url\":\"https:\/\/secure.gravatar.com\/avatar\/596e7c417251e30f2fbb9c00e026fce61a695a00e51c889caded71c96cbbdde5?s=96&d=mm&r=g\",\"contentUrl\":\"https:\/\/secure.gravatar.com\/avatar\/596e7c417251e30f2fbb9c00e026fce61a695a00e51c889caded71c96cbbdde5?s=96&d=mm&r=g\",\"caption\":\"Kisha Orthodhokse\"}}]}<\/script>\n<!-- \/ Yoast SEO plugin. -->","yoast_head_json":{"title":"Duke sh\u00ebruar plag\u00ebt \u2026. Grat\u00eb Orthodhokse p\u00ebrballen me sfidat dhe ambivalencat e shoq\u00ebrive post \u2013 moderne. N\u00eb k\u00ebrkim t\u00eb nj\u00eb teologjie \u201csh\u00ebrimi\u201d Sh\u00ebn Vlash, Durr\u00ebs 8 \u2013 12 korrik. (2010) - Kisha Orthodh\u03bfkse Autoqefale e Shqip\u00ebris\u00eb","robots":{"index":"index","follow":"follow","max-snippet":"max-snippet:-1","max-image-preview":"max-image-preview:large","max-video-preview":"max-video-preview:-1"},"canonical":"https:\/\/orthodoxalbania.org\/2020\/2013\/03\/20\/duke-sheruar-plaget-grate-orthodhokse-perballen-me-sfidat-dhe-ambivalencat-e-shoqerive-post-moderne-ne-kerkim-te-nje-teologjie-sherimi-shen-vlash-durres-8-12-korrik\/","og_locale":"en_US","og_type":"article","og_title":"Duke sh\u00ebruar plag\u00ebt \u2026. Grat\u00eb Orthodhokse p\u00ebrballen me sfidat dhe ambivalencat e shoq\u00ebrive post \u2013 moderne. N\u00eb k\u00ebrkim t\u00eb nj\u00eb teologjie \u201csh\u00ebrimi\u201d Sh\u00ebn Vlash, Durr\u00ebs 8 \u2013 12 korrik. (2010) - Kisha Orthodh\u03bfkse Autoqefale e Shqip\u00ebris\u00eb","og_description":"&nbsp;&nbsp; Nevoja p\u00ebr nj\u00eb \u201cteologji sh\u00ebrimi\u201d ishte tema qendrore e takimit t\u00eb fundit nd\u00ebrkomb\u00ebtar midis grave Orthodhokse dhe t\u00eb Krishter\u00ebve t\u00eb t\u00eb dy gjinive nga tradita t\u00eb tjera . &nbsp;&nbsp;&nbsp; Drejtimi i gruas n\u00eb jet\u00ebn e kish\u00ebs \u2013 n\u00eb administrat\u00eb, ose kujdesin social, nuk duhet \u201ckuptuar si k\u00ebrkim fuqie dhe prestigji, por si zotim i thell\u00eb i dashuris\u00eb dhe sh\u00ebrbimit q\u00eb i p\u00ebrgjigjet dashuris\u00eb sakrifikuese","og_url":"https:\/\/orthodoxalbania.org\/2020\/2013\/03\/20\/duke-sheruar-plaget-grate-orthodhokse-perballen-me-sfidat-dhe-ambivalencat-e-shoqerive-post-moderne-ne-kerkim-te-nje-teologjie-sherimi-shen-vlash-durres-8-12-korrik\/","og_site_name":"Kisha Orthodh\u03bfkse Autoqefale e Shqip\u00ebris\u00eb","article_publisher":"https:\/\/www.facebook.com\/koash1991","article_published_time":"2013-03-20T12:51:28+00:00","article_modified_time":"2020-04-06T20:32:24+00:00","og_image":[{"url":"https:\/\/lh3.googleusercontent.com\/-C52Su_sMRxQ\/VK5p_fFQxeI\/AAAAAAAAKjQ\/jqm1T84eaPk\/w500-h335-no\/WCC%2Bfoto.jpg","type":"","width":"","height":""}],"author":"Kisha Orthodhokse","twitter_card":"summary_large_image","twitter_misc":{"Written by":"Kisha Orthodhokse","Est. reading time":"2 minutes"},"schema":{"@context":"https:\/\/schema.org","@graph":[{"@type":"Article","@id":"https:\/\/orthodoxalbania.org\/2020\/2013\/03\/20\/duke-sheruar-plaget-grate-orthodhokse-perballen-me-sfidat-dhe-ambivalencat-e-shoqerive-post-moderne-ne-kerkim-te-nje-teologjie-sherimi-shen-vlash-durres-8-12-korrik\/#article","isPartOf":{"@id":"https:\/\/orthodoxalbania.org\/2020\/2013\/03\/20\/duke-sheruar-plaget-grate-orthodhokse-perballen-me-sfidat-dhe-ambivalencat-e-shoqerive-post-moderne-ne-kerkim-te-nje-teologjie-sherimi-shen-vlash-durres-8-12-korrik\/"},"author":{"name":"Kisha Orthodhokse","@id":"https:\/\/orthodoxalbania.org\/2020\/#\/schema\/person\/0c387634a7063ac612d7ed9ce71c7e86"},"headline":"Duke sh\u00ebruar plag\u00ebt \u2026. Grat\u00eb Orthodhokse p\u00ebrballen me sfidat dhe ambivalencat e shoq\u00ebrive post \u2013 moderne. N\u00eb k\u00ebrkim t\u00eb nj\u00eb teologjie \u201csh\u00ebrimi\u201d Sh\u00ebn Vlash, Durr\u00ebs 8 \u2013 12 korrik. (2010)","datePublished":"2013-03-20T12:51:28+00:00","dateModified":"2020-04-06T20:32:24+00:00","mainEntityOfPage":{"@id":"https:\/\/orthodoxalbania.org\/2020\/2013\/03\/20\/duke-sheruar-plaget-grate-orthodhokse-perballen-me-sfidat-dhe-ambivalencat-e-shoqerive-post-moderne-ne-kerkim-te-nje-teologjie-sherimi-shen-vlash-durres-8-12-korrik\/"},"wordCount":506,"commentCount":0,"publisher":{"@id":"https:\/\/orthodoxalbania.org\/2020\/#organization"},"image":{"@id":"https:\/\/orthodoxalbania.org\/2020\/2013\/03\/20\/duke-sheruar-plaget-grate-orthodhokse-perballen-me-sfidat-dhe-ambivalencat-e-shoqerive-post-moderne-ne-kerkim-te-nje-teologjie-sherimi-shen-vlash-durres-8-12-korrik\/#primaryimage"},"thumbnailUrl":"https:\/\/lh3.googleusercontent.com\/-C52Su_sMRxQ\/VK5p_fFQxeI\/AAAAAAAAKjQ\/jqm1T84eaPk\/w500-h335-no\/WCC%2Bfoto.jpg","keywords":["2010","Kryepiskopata Tiran\u00eb","lajme","Lidhja e Grave Orthodhokse"],"articleSection":["Lajme"],"inLanguage":"en-US"},{"@type":"WebPage","@id":"https:\/\/orthodoxalbania.org\/2020\/2013\/03\/20\/duke-sheruar-plaget-grate-orthodhokse-perballen-me-sfidat-dhe-ambivalencat-e-shoqerive-post-moderne-ne-kerkim-te-nje-teologjie-sherimi-shen-vlash-durres-8-12-korrik\/","url":"https:\/\/orthodoxalbania.org\/2020\/2013\/03\/20\/duke-sheruar-plaget-grate-orthodhokse-perballen-me-sfidat-dhe-ambivalencat-e-shoqerive-post-moderne-ne-kerkim-te-nje-teologjie-sherimi-shen-vlash-durres-8-12-korrik\/","name":"Duke sh\u00ebruar plag\u00ebt \u2026. Grat\u00eb Orthodhokse p\u00ebrballen me sfidat dhe ambivalencat e shoq\u00ebrive post \u2013 moderne. N\u00eb k\u00ebrkim t\u00eb nj\u00eb teologjie \u201csh\u00ebrimi\u201d Sh\u00ebn Vlash, Durr\u00ebs 8 \u2013 12 korrik. (2010) - Kisha Orthodh\u03bfkse Autoqefale e Shqip\u00ebris\u00eb","isPartOf":{"@id":"https:\/\/orthodoxalbania.org\/2020\/#website"},"primaryImageOfPage":{"@id":"https:\/\/orthodoxalbania.org\/2020\/2013\/03\/20\/duke-sheruar-plaget-grate-orthodhokse-perballen-me-sfidat-dhe-ambivalencat-e-shoqerive-post-moderne-ne-kerkim-te-nje-teologjie-sherimi-shen-vlash-durres-8-12-korrik\/#primaryimage"},"image":{"@id":"https:\/\/orthodoxalbania.org\/2020\/2013\/03\/20\/duke-sheruar-plaget-grate-orthodhokse-perballen-me-sfidat-dhe-ambivalencat-e-shoqerive-post-moderne-ne-kerkim-te-nje-teologjie-sherimi-shen-vlash-durres-8-12-korrik\/#primaryimage"},"thumbnailUrl":"https:\/\/lh3.googleusercontent.com\/-C52Su_sMRxQ\/VK5p_fFQxeI\/AAAAAAAAKjQ\/jqm1T84eaPk\/w500-h335-no\/WCC%2Bfoto.jpg","datePublished":"2013-03-20T12:51:28+00:00","dateModified":"2020-04-06T20:32:24+00:00","breadcrumb":{"@id":"https:\/\/orthodoxalbania.org\/2020\/2013\/03\/20\/duke-sheruar-plaget-grate-orthodhokse-perballen-me-sfidat-dhe-ambivalencat-e-shoqerive-post-moderne-ne-kerkim-te-nje-teologjie-sherimi-shen-vlash-durres-8-12-korrik\/#breadcrumb"},"inLanguage":"en-US","potentialAction":[{"@type":"ReadAction","target":["https:\/\/orthodoxalbania.org\/2020\/2013\/03\/20\/duke-sheruar-plaget-grate-orthodhokse-perballen-me-sfidat-dhe-ambivalencat-e-shoqerive-post-moderne-ne-kerkim-te-nje-teologjie-sherimi-shen-vlash-durres-8-12-korrik\/"]}]},{"@type":"ImageObject","inLanguage":"en-US","@id":"https:\/\/orthodoxalbania.org\/2020\/2013\/03\/20\/duke-sheruar-plaget-grate-orthodhokse-perballen-me-sfidat-dhe-ambivalencat-e-shoqerive-post-moderne-ne-kerkim-te-nje-teologjie-sherimi-shen-vlash-durres-8-12-korrik\/#primaryimage","url":"https:\/\/lh3.googleusercontent.com\/-C52Su_sMRxQ\/VK5p_fFQxeI\/AAAAAAAAKjQ\/jqm1T84eaPk\/w500-h335-no\/WCC%2Bfoto.jpg","contentUrl":"https:\/\/lh3.googleusercontent.com\/-C52Su_sMRxQ\/VK5p_fFQxeI\/AAAAAAAAKjQ\/jqm1T84eaPk\/w500-h335-no\/WCC%2Bfoto.jpg"},{"@type":"BreadcrumbList","@id":"https:\/\/orthodoxalbania.org\/2020\/2013\/03\/20\/duke-sheruar-plaget-grate-orthodhokse-perballen-me-sfidat-dhe-ambivalencat-e-shoqerive-post-moderne-ne-kerkim-te-nje-teologjie-sherimi-shen-vlash-durres-8-12-korrik\/#breadcrumb","itemListElement":[{"@type":"ListItem","position":1,"name":"Home","item":"https:\/\/orthodoxalbania.org\/2020\/"},{"@type":"ListItem","position":2,"name":"Duke sh\u00ebruar plag\u00ebt \u2026. Grat\u00eb Orthodhokse p\u00ebrballen me sfidat dhe ambivalencat e shoq\u00ebrive post \u2013 moderne. N\u00eb k\u00ebrkim t\u00eb nj\u00eb teologjie \u201csh\u00ebrimi\u201d Sh\u00ebn Vlash, Durr\u00ebs 8 \u2013 12 korrik. (2010)"}]},{"@type":"WebSite","@id":"https:\/\/orthodoxalbania.org\/2020\/#website","url":"https:\/\/orthodoxalbania.org\/2020\/","name":"Kisha Orthodh\u03bfkse Autoqefale e Shqip\u00ebris\u00eb","description":"Fqja Zyrtare e Kish\u00ebs Orthodhokse Autoqefale e Shqip\u00ebris\u00eb me lajmet edhe informacionet zyrtare p\u00ebr struktur\u00ebn edhe veprimtarin e saj.","publisher":{"@id":"https:\/\/orthodoxalbania.org\/2020\/#organization"},"potentialAction":[{"@type":"SearchAction","target":{"@type":"EntryPoint","urlTemplate":"https:\/\/orthodoxalbania.org\/2020\/?s={search_term_string}"},"query-input":{"@type":"PropertyValueSpecification","valueRequired":true,"valueName":"search_term_string"}}],"inLanguage":"en-US"},{"@type":"Organization","@id":"https:\/\/orthodoxalbania.org\/2020\/#organization","name":"Kisha Orthodhokse Autoqefale e Shqip\u00ebris\u00eb","url":"https:\/\/orthodoxalbania.org\/2020\/","logo":{"@type":"ImageObject","inLanguage":"en-US","@id":"https:\/\/orthodoxalbania.org\/2020\/#\/schema\/logo\/image\/","url":"https:\/\/orthodoxalbania.org\/2020\/wp-content\/uploads\/2020\/05\/albania.jpeg","contentUrl":"https:\/\/orthodoxalbania.org\/2020\/wp-content\/uploads\/2020\/05\/albania.jpeg","width":540,"height":540,"caption":"Kisha Orthodhokse Autoqefale e Shqip\u00ebris\u00eb"},"image":{"@id":"https:\/\/orthodoxalbania.org\/2020\/#\/schema\/logo\/image\/"},"sameAs":["https:\/\/www.facebook.com\/koash1991"]},{"@type":"Person","@id":"https:\/\/orthodoxalbania.org\/2020\/#\/schema\/person\/0c387634a7063ac612d7ed9ce71c7e86","name":"Kisha Orthodhokse","image":{"@type":"ImageObject","inLanguage":"en-US","@id":"https:\/\/secure.gravatar.com\/avatar\/596e7c417251e30f2fbb9c00e026fce61a695a00e51c889caded71c96cbbdde5?s=96&d=mm&r=g","url":"https:\/\/secure.gravatar.com\/avatar\/596e7c417251e30f2fbb9c00e026fce61a695a00e51c889caded71c96cbbdde5?s=96&d=mm&r=g","contentUrl":"https:\/\/secure.gravatar.com\/avatar\/596e7c417251e30f2fbb9c00e026fce61a695a00e51c889caded71c96cbbdde5?s=96&d=mm&r=g","caption":"Kisha Orthodhokse"}}]}},"_links":{"self":[{"href":"https:\/\/orthodoxalbania.org\/2020\/wp-json\/wp\/v2\/posts\/470","targetHints":{"allow":["GET"]}}],"collection":[{"href":"https:\/\/orthodoxalbania.org\/2020\/wp-json\/wp\/v2\/posts"}],"about":[{"href":"https:\/\/orthodoxalbania.org\/2020\/wp-json\/wp\/v2\/types\/post"}],"author":[{"embeddable":true,"href":"https:\/\/orthodoxalbania.org\/2020\/wp-json\/wp\/v2\/users\/1"}],"replies":[{"embeddable":true,"href":"https:\/\/orthodoxalbania.org\/2020\/wp-json\/wp\/v2\/comments?post=470"}],"version-history":[{"count":1,"href":"https:\/\/orthodoxalbania.org\/2020\/wp-json\/wp\/v2\/posts\/470\/revisions"}],"predecessor-version":[{"id":15491,"href":"https:\/\/orthodoxalbania.org\/2020\/wp-json\/wp\/v2\/posts\/470\/revisions\/15491"}],"wp:attachment":[{"href":"https:\/\/orthodoxalbania.org\/2020\/wp-json\/wp\/v2\/media?parent=470"}],"wp:term":[{"taxonomy":"category","embeddable":true,"href":"https:\/\/orthodoxalbania.org\/2020\/wp-json\/wp\/v2\/categories?post=470"},{"taxonomy":"post_tag","embeddable":true,"href":"https:\/\/orthodoxalbania.org\/2020\/wp-json\/wp\/v2\/tags?post=470"}],"curies":[{"name":"wp","href":"https:\/\/api.w.org\/{rel}","templated":true}]}}