{"id":468,"date":"2009-03-19T00:00:00","date_gmt":"2009-03-19T00:00:00","guid":{"rendered":""},"modified":"2020-04-06T22:32:43","modified_gmt":"2020-04-06T20:32:43","slug":"duke-ndare-miqesine-me-mirenjohje-ne-kampet-e-femijeve-te-kosoves-2009","status":"publish","type":"post","link":"https:\/\/orthodoxalbania.org\/2020\/2009\/03\/19\/duke-ndare-miqesine-me-mirenjohje-ne-kampet-e-femijeve-te-kosoves-2009\/","title":{"rendered":"Duke ndar\u00eb miq\u00ebsin\u00eb me mir\u00ebnjohje n\u00eb kampet e f\u00ebmij\u00ebve t\u00eb Kosov\u00ebs.(2009)"},"content":{"rendered":"<table style=\"width: 972px; height: 1949px;\" border=\"0\">\n<tbody>\n<tr>\n<td>\n<div><span style=\"color: #000000; font-size: 12pt;\"><span style=\"font-family: tahoma,geneva,sans-serif;\"><img decoding=\"async\" class=\"lazyload HAa Eha\" style=\"border-width: 1px; border-style: solid; margin: 10px auto; display: block;\" alt=\"\" src=\"data:image\/gif;base64,R0lGODlhAQABAAAAACH5BAEKAAEALAAAAAABAAEAAAICTAEAOw==\" data-orig-src=\"https:\/\/lh4.googleusercontent.com\/-SQ_fqHtBI4w\/VJPoC1dJ_WI\/AAAAAAAAI2w\/omS5Nppnb_A\/w448-h298-no\/tekst%2B1%2B(Custom).JPG\" \/><\/span><\/span><\/div>\n<\/td>\n<td style=\"text-align: justify;\">\n<div><span style=\"color: #000000; font-size: 12pt; font-family: helvetica;\"><span class=\"style11\">&nbsp;&nbsp; Fatime Krasniqi, m\u00ebsuese n\u00eb komun\u00ebn e Malishev\u00ebs, mbeti pa fjal\u00eb kur lexoi n\u00eb qend\u00ebr t\u00eb dhom\u00ebs s\u00eb nipit dhe mbes\u00ebs kornizat e punimeve t\u00eb tyre mbres\u00ebl\u00ebn\u00ebse. Nj\u00eb mesazh i shkurt\u00ebr, q\u00eb ajo nuk ka p\u00ebr t\u00eb harruar kurr\u00eb: \u201cMir\u00ebnjohja\u201d. Si p\u00ebr ta shprehur m\u00eb t\u00eb plot\u00eb g\u00ebzimin e saj, ajo tregon se: \u201cF\u00ebmij\u00ebt erdh\u00ebn dit\u00ebn e par\u00eb duke k\u00ebrcyer shum\u00eb t\u00eb k\u00ebnaqur. M\u00eb tregonin se me sa shum\u00eb dashuri e p\u00ebrkushtim i kishin b\u00ebr\u00eb punimet e tyre bashk\u00eb me drejtuesin e grupit gjat\u00eb kampeve tuaja\u201d.<\/span><\/span><\/div>\n<\/td>\n<\/tr>\n<tr>\n<td style=\"text-align: justify;\">\n<div><span style=\"color: #000000; font-size: 12pt; font-family: helvetica;\"><span class=\"style11\">&nbsp;&nbsp; Si nipi dhe mbesa e saj, Arb\u00ebri e Artemisa dhe 1800 f\u00ebmij\u00eb t\u00eb komun\u00ebs s\u00eb Malishev\u00ebs p\u00ebrjetuan k\u00ebt\u00eb ver\u00eb dit\u00eb t\u00eb k\u00ebndshme n\u00eb shoq\u00ebrin\u00eb e kampeve verore edukative dhe arg\u00ebtuese t\u00eb organizuara p\u00ebr t\u00eb tetin vit radhazi nga Kisha Orthodhokse Autoqefale e Shqip\u00ebris\u00eb. Plot pes\u00eb kampe n\u00eb shkollat e Malishev\u00ebs, Caralluk\u00ebs s\u00eb sip\u00ebrme dhe t\u00eb poshtme, Banja dhe Begaj ishin panorama gjeografike m\u00eb e bukur e aktivitetit.<\/span><\/span><\/div>\n<\/td>\n<td>\n<div><span style=\"color: #000000; font-size: 12pt; font-family: helvetica;\"><img decoding=\"async\" class=\"lazyload HAa Eha\" style=\"border-width: 1px; border-style: solid; margin: 10px auto; display: block;\" alt=\"\" src=\"data:image\/gif;base64,R0lGODlhAQABAAAAACH5BAEKAAEALAAAAAABAAEAAAICTAEAOw==\" data-orig-src=\"https:\/\/lh3.googleusercontent.com\/-l3nhKLJzbEQ\/VJPoDJ6P3PI\/AAAAAAAAI2o\/aPXTWWW65SQ\/w448-h298-no\/tekst%2B2%2B(Custom).JPG\" \/><\/span><\/div>\n<\/td>\n<\/tr>\n<tr>\n<td>\n<div><span style=\"color: #000000; font-size: 12pt; font-family: helvetica;\"><img decoding=\"async\" class=\"lazyload HAa Eha\" style=\"border-width: 1px; border-style: solid; margin: 10px auto; display: block;\" alt=\"\" src=\"data:image\/gif;base64,R0lGODlhAQABAAAAACH5BAEKAAEALAAAAAABAAEAAAICTAEAOw==\" data-orig-src=\"https:\/\/lh5.googleusercontent.com\/-ZaUmyr_2JuU\/VJPoDUkkFHI\/AAAAAAAAI2U\/PPw_fpzMPRo\/w448-h298-no\/tekst%2B3%2B(Custom).JPG\" \/><\/span><\/div>\n<\/td>\n<td style=\"text-align: justify;\">\n<div><span style=\"color: #000000; font-size: 12pt; font-family: helvetica;\"><span class=\"style11\">&nbsp;&nbsp; \u00c7do dit\u00eb f\u00ebmij\u00ebt shikonin nj\u00eb dram\u00eb n\u00eb lidhje me aspekte t\u00eb ndryshme t\u00eb mir\u00ebnjohjes, e cila ishte edhe tema qendrore e kampit. Dit\u00ebn e par\u00eb fokusoheshin n\u00eb aspektin e shprehjes s\u00eb mir\u00ebnjohjes, dit\u00ebn e dyt\u00eb si t\u00eb kultivojm\u00eb frym\u00ebn e mir\u00ebnjohjes dhe t\u00eb tret\u00ebn si t\u00eb jemi mir\u00ebnjoh\u00ebs n\u00eb situata t\u00eb v\u00ebshtira. Programi p\u00ebrmbante loj\u00ebra, k\u00ebng\u00eb, diskutime n\u00eb grupe, pun\u00ebdore e kokteil. F\u00ebmij\u00ebt ishin n\u00eb aktivitet&nbsp; p\u00ebr rreth kat\u00ebr or\u00eb n\u00eb dit\u00eb. <\/span><\/span><\/div>\n<\/td>\n<\/tr>\n<tr>\n<td>\n<div class=\"style11\" style=\"text-align: justify;\"><span style=\"color: #000000; font-size: 12pt; font-family: helvetica;\">&nbsp;&nbsp;&nbsp; Paradite merrnin pjes\u00eb f\u00ebmij\u00eb nga parashkollor\u00ebt deri te klasat e kat\u00ebrta dhe mbasdite nga klasat e pesta deri n\u00eb klasat e n\u00ebnta. Nj\u00eb dit\u00eb ishin programuar loj\u00ebrat olimpike, dhe n\u00eb fund festa e p\u00ebrgatitur nga vet\u00eb grupet e f\u00ebmij\u00ebve pjes\u00ebmarr\u00ebs.<br \/> <\/span><\/div>\n<div class=\"style11\" style=\"text-align: justify;\"><span style=\"font-size: 12pt; font-family: helvetica;\"><\/span><\/div>\n<div class=\"style11\" style=\"text-align: justify;\"><span style=\"color: #000000; font-size: 12pt; font-family: helvetica;\">&nbsp;&nbsp;&nbsp; Izahir Begaj, drejtor i shkoll\u00ebs 9-vje\u00e7are n\u00eb fshatin Begaj u shpreh se: \u201cKjo pun\u00eb pasqyron qet\u00ebsin\u00eb n\u00eb shpirtin human t\u00eb 24 t\u00eb rinjve vullnetar\u00eb t\u00eb Kish\u00ebs s\u00eb Shqip\u00ebris\u00eb. Ne e vler\u00ebsojm\u00eb me not\u00ebn m\u00eb t\u00eb lart\u00eb pun\u00ebn dhe angazhimin e ekipit. Programi p\u00ebrmbante teknika arsimore, edukative dhe sociale.<\/span><\/div>\n<\/td>\n<td>\n<div><span style=\"color: #000000; font-size: 12pt; font-family: helvetica;\"><img decoding=\"async\" class=\"lazyload HAa Eha\" style=\"border-width: 1px; border-style: solid; margin: 10px auto; display: block;\" alt=\"\" src=\"data:image\/gif;base64,R0lGODlhAQABAAAAACH5BAEKAAEALAAAAAABAAEAAAICTAEAOw==\" data-orig-src=\"https:\/\/lh3.googleusercontent.com\/-dBlEa5dkYQc\/VJPoDw644sI\/AAAAAAAAI2Y\/x-qtHteiM7U\/w448-h298-no\/tekst%2B4%2B(Custom).JPG\" \/><\/span><\/div>\n<\/td>\n<\/tr>\n<tr>\n<td>\n<div><span style=\"color: #000000; font-size: 12pt; font-family: helvetica;\"><img decoding=\"async\" class=\"lazyload HAa Eha\" style=\"border-width: 1px; border-style: solid; margin: 10px auto; display: block;\" alt=\"\" src=\"data:image\/gif;base64,R0lGODlhAQABAAAAACH5BAEKAAEALAAAAAABAAEAAAICTAEAOw==\" data-orig-src=\"https:\/\/lh6.googleusercontent.com\/-na6-GdcV9kI\/VJPoEM4uJJI\/AAAAAAAAI2s\/4-qZkc3y-mU\/w448-h298-no\/tekst%2B5%2B(Custom).JPG\" \/><\/span><\/div>\n<\/td>\n<td style=\"text-align: justify;\">\n<div><span style=\"color: #000000; font-size: 12pt; font-family: helvetica;\"><span class=\"style11\">&nbsp;&nbsp;&nbsp; Ne vler\u00ebsojm\u00eb p\u00ebrpjekjet tuaja p\u00ebr nd\u00ebrtimin e t\u00eb ardhmes son\u00eb. Bashk\u00ebpunimi shpresoj t\u00eb jet\u00eb i gjat\u00eb dhe n\u00eb frym\u00ebn e miq\u00ebsis\u00eb. Nj\u00eb fal\u00ebnderim special i d\u00ebrgoni Kryepiskopit tuaj Anastas nga ne dhe gjith\u00eb miqt\u00eb tuaj q\u00eb mb\u00ebshtesin veprimtarin\u00eb n\u00eb sh\u00ebrbim t\u00eb f\u00ebmij\u00ebve. K\u00ebt\u00eb dashamir\u00ebsi, arsimtar\u00ebt e shpreh\u00ebn p\u00ebrmes nj\u00eb \u201cFlet\u00eb mir\u00ebnjohje p\u00ebr Kryepiskopin Anastas dhe p\u00ebr t\u00eb gjith\u00eb stafin e t\u00eb rinjve orthodhoks\u00eb q\u00eb ndihmuan n\u00eb organizimin dhe mbar\u00ebvajtjen e k\u00ebtij kampi\u201d.<\/span><\/span><\/div>\n<\/td>\n<\/tr>\n<tr>\n<td>\n<div class=\"style11\" style=\"text-align: justify;\"><span style=\"color: #000000; font-size: 12pt; font-family: helvetica;\">&nbsp;&nbsp;&nbsp; \u201cKampet q\u00eb ju organizoni kan\u00eb nj\u00eb em\u00ebr shum\u00eb dometh\u00ebn\u00ebs. Nj\u00eb em\u00ebr q\u00eb \u00ebsht\u00eb me perspektiv\u00eb p\u00ebr t\u00eb nes\u00ebrmen. Gjith\u00eb kjo q\u00eb b\u00ebni \u00ebsht\u00eb e vlefshme dhe ju keni par\u00eb q\u00eb f\u00ebmij\u00ebt tan\u00eb jan\u00eb shoq\u00ebrizuar, miq\u00ebsuar dhe kan\u00eb krijuar nj\u00eb dashuri p\u00ebr pun\u00ebn q\u00eb ju b\u00ebni\u201d &#8211;&nbsp; tha nd\u00ebr t\u00eb tjera Izet Shala, drejtori i shkoll\u00ebs \u201cNaim Frashri\u201d n\u00eb Banj\u00eb.<\/span><\/div>\n<\/td>\n<td>\n<div><span style=\"color: #000000; font-size: 12pt; font-family: helvetica;\"><img decoding=\"async\" class=\"lazyload HAa Eha\" style=\"border-width: 1px; border-style: solid; margin: 10px auto; display: block;\" alt=\"\" src=\"data:image\/gif;base64,R0lGODlhAQABAAAAACH5BAEKAAEALAAAAAABAAEAAAICTAEAOw==\" data-orig-src=\"https:\/\/lh3.googleusercontent.com\/-DglAU03XycU\/VJPoEZlympI\/AAAAAAAAI2k\/MUV6WSegUr8\/w448-h298-no\/tekst%2B6%2B(Custom).JPG\" \/><\/span><\/div>\n<\/td>\n<\/tr>\n<\/tbody>\n<\/table>\n<table style=\"width: 972px; height: 106px;\" border=\"0\">\n<tbody>\n<tr>\n<td>\n<div style=\"text-align: justify;\"><span style=\"color: #000000; font-size: 12pt; font-family: helvetica;\">&nbsp;&nbsp;&nbsp; <span class=\"style11\">Kampet u organizuan me leje nga Drejtoria Arsimore e komun\u00ebs s\u00eb Malishev\u00ebs dhe p\u00ebr t\u00eb gjith\u00eb k\u00ebt\u00eb bashk\u00ebpunim nism\u00ebtari dhe drejtuesi i k\u00ebtyre aktiviteteve me f\u00ebmij\u00ebt kosovar\u00eb, p\u00ebrfaq\u00ebsuesi i Kish\u00ebs Orthodhokse z. Nathan Hoppe fal\u00ebnderoi t\u00eb gjith\u00eb pjes\u00ebmarr\u00ebsit:<\/span> <span class=\"style12\">\u201cJu fal\u00ebnderojm\u00eb ju prind\u00ebr q\u00eb na mb\u00ebshtesni dhe ju jepni mund\u00ebsi f\u00ebmij\u00ebve t\u00eb marrin pjes\u00eb n\u00eb kamp. Ju urojm\u00eb nj\u00eb ver\u00eb t\u00eb mbar\u00eb, pushime t\u00eb mbara dhe nj\u00eb fillim t\u00eb ri t\u00eb vitit shkollor t\u00eb mbar\u00eb. Fal\u00ebnderojm\u00eb stafin q\u00eb ka punuar k\u00ebtu dhe ashtu si\u00e7 ka th\u00ebn\u00eb edhe drejtori i shkoll\u00ebs tuaj, nj\u00eb fal\u00ebnderim t\u00eb ve\u00e7ant\u00eb p\u00ebr Kryepiskopin Anastas dhe gjith\u00eb an\u00ebtar\u00ebt e Kish\u00ebs Orthodhokse Autoqefale t\u00eb Shqip\u00ebris\u00eb. Ju p\u00ebrcjellim p\u00ebrsh\u00ebndetjet dhe urimet e tyre p\u00ebr nj\u00eb vit t\u00eb mbar\u00eb\u201d.<\/span><\/span><\/div>\n<div style=\"text-align: justify;\"><span style=\"color: #000000; font-size: 12pt; font-family: helvetica;\"> <span class=\"style12\">&nbsp;&nbsp;&nbsp; Q\u00eb prej koh\u00ebs s\u00eb luft\u00ebs n\u00eb vitin 1999 tradita e bashk\u00ebpunimit mes t\u00eb rinjve t\u00eb Kish\u00ebs Orthodhokse Autoqefale t\u00eb Shqip\u00ebris\u00eb dhe m\u00ebsuesve kosovar\u00eb bashk\u00eb me nx\u00ebn\u00ebsit e tyre t\u00eb shkollave n\u00eb fush\u00ebn e edukimit dhe arg\u00ebtimit t\u00eb f\u00ebmij\u00ebve ka p\u00ebrcjell\u00eb mesazhe frytdh\u00ebn\u00ebse. Bashk\u00ebpunimi ka thelluar edhe m\u00eb tej miq\u00ebsin\u00eb vit pas viti. Interesi i f\u00ebmij\u00ebve p\u00ebr k\u00ebto kampe po rritet nga viti n\u00eb vit aq sa, si\u00e7 tregon edhe znj. Fatime Krasniqi, kur p\u00ebrfundon shkolla, f\u00ebmij\u00ebt e presin me padurim k\u00ebt\u00eb kamp, sepse ata \u00e7lodhen dhe m\u00ebsojn\u00eb t\u00eb b\u00ebhen njer\u00ebz t\u00eb dijes dhe t\u00eb kultur\u00ebs.<\/span><\/span><\/div>\n<\/td>\n<\/tr>\n<\/tbody>\n<\/table>\n<table style=\"width: 975px; height: 1372px;\" border=\"0\">\n<tbody>\n<tr>\n<td>\n<div><span style=\"color: #000000; font-size: 12pt; font-family: helvetica;\"><img decoding=\"async\" class=\"lazyload HAa Eha\" style=\"border-width: 1px; border-style: solid; margin: 10px auto; display: block;\" alt=\"\" src=\"data:image\/gif;base64,R0lGODlhAQABAAAAACH5BAEKAAEALAAAAAABAAEAAAICTAEAOw==\" data-orig-src=\"https:\/\/lh6.googleusercontent.com\/-KIF5uSonlZU\/VJPoA8X_ndI\/AAAAAAAAI3E\/lK7GkPD4Xak\/w448-h298-no\/album%2B1%2B(Custom).JPG\" \/><\/span><\/div>\n<\/td>\n<td>\n<div><span style=\"color: #000000; font-size: 12pt; font-family: helvetica;\"><img decoding=\"async\" class=\"lazyload HAa Eha\" style=\"border-width: 1px; border-style: solid; margin: 10px auto; display: block;\" alt=\"\" src=\"data:image\/gif;base64,R0lGODlhAQABAAAAACH5BAEKAAEALAAAAAABAAEAAAICTAEAOw==\" data-orig-src=\"https:\/\/lh4.googleusercontent.com\/-CdOiI3sBtRI\/VJPoA0r5HbI\/AAAAAAAAI28\/9Y_aGp04TLE\/w448-h298-no\/album%2B2%2B(Custom).JPG\" \/><\/span><\/div>\n<\/td>\n<\/tr>\n<tr>\n<td>\n<div><span style=\"color: #000000; font-size: 12pt; font-family: helvetica;\"><img decoding=\"async\" class=\"lazyload HAa Eha\" style=\"border-width: 1px; border-style: solid; margin: 10px auto; display: block;\" alt=\"\" src=\"data:image\/gif;base64,R0lGODlhAQABAAAAACH5BAEKAAEALAAAAAABAAEAAAICTAEAOw==\" data-orig-src=\"https:\/\/lh5.googleusercontent.com\/-PVJSP7HjUYc\/VJPoAyI-YvI\/AAAAAAAAI1s\/Aax8C0S0HwA\/w448-h298-no\/album%2B3%2B(Custom).JPG\" \/><\/span><\/div>\n<\/td>\n<td>\n<div><span style=\"color: #000000; font-size: 12pt; font-family: helvetica;\"><img decoding=\"async\" class=\"lazyload HAa Eha\" style=\"border-width: 1px; border-style: solid; margin: 10px auto; display: block;\" alt=\"\" src=\"data:image\/gif;base64,R0lGODlhAQABAAAAACH5BAEKAAEALAAAAAABAAEAAAICTAEAOw==\" data-orig-src=\"https:\/\/lh4.googleusercontent.com\/-0YvPw3I3mIE\/VJPoBUxfPrI\/AAAAAAAAI3I\/qPMDa-1g2us\/w448-h298-no\/album%2B4%2B(Custom).JPG\" \/><\/span><\/div>\n<\/td>\n<\/tr>\n<tr>\n<td>\n<div><span style=\"color: #000000; font-size: 12pt; font-family: helvetica;\"><img decoding=\"async\" class=\"lazyload HAa Eha\" style=\"border-width: 1px; border-style: solid; margin: 10px auto; display: block;\" alt=\"\" src=\"data:image\/gif;base64,R0lGODlhAQABAAAAACH5BAEKAAEALAAAAAABAAEAAAICTAEAOw==\" data-orig-src=\"https:\/\/lh4.googleusercontent.com\/-u-G3TaGmA_E\/VJPoBlsaA9I\/AAAAAAAAI24\/g9PVLIsRuFM\/w448-h298-no\/album%2B5%2B(Custom).JPG\" \/><\/span><\/div>\n<\/td>\n<td>\n<div><span style=\"color: #000000; font-size: 12pt; font-family: helvetica;\"><img decoding=\"async\" class=\"lazyload HAa Eha\" style=\"border-width: 1px; border-style: solid; margin: 10px auto; display: block;\" alt=\"\" src=\"data:image\/gif;base64,R0lGODlhAQABAAAAACH5BAEKAAEALAAAAAABAAEAAAICTAEAOw==\" data-orig-src=\"https:\/\/lh6.googleusercontent.com\/-u6CWxZdFfSI\/VJPoB4vToQI\/AAAAAAAAI14\/75TcaxHylCw\/w448-h298-no\/album%2B6%2B(Custom).JPG\" \/><\/span><\/div>\n<\/td>\n<\/tr>\n<tr>\n<td>\n<div><span style=\"color: #000000; font-size: 12pt; font-family: helvetica;\"><img decoding=\"async\" class=\"lazyload HAa Eha\" style=\"border-width: 1px; border-style: solid; margin: 10px auto; display: block;\" alt=\"\" src=\"data:image\/gif;base64,R0lGODlhAQABAAAAACH5BAEKAAEALAAAAAABAAEAAAICTAEAOw==\" data-orig-src=\"https:\/\/lh5.googleusercontent.com\/-plioHUjbuWg\/VJPoCDP5SpI\/AAAAAAAAI20\/ngoCBrDn4QE\/w448-h298-no\/album%2B7%2B(Custom).JPG\" \/><\/span><\/div>\n<\/td>\n<td>\n<div><span style=\"color: #000000; font-size: 12pt; font-family: helvetica;\"><img decoding=\"async\" class=\"lazyload HAa Eha\" style=\"border-width: 1px; border-style: solid; margin: 10px auto; display: block;\" alt=\"\" src=\"data:image\/svg+xml,%3Csvg%20xmlns%3D%27http%3A%2F%2Fwww.w3.org%2F2000%2Fsvg%27%20width%3D%27440%27%20height%3D%27300%27%20viewBox%3D%270%200%20440%20300%27%3E%3Crect%20width%3D%27440%27%20height%3D%27300%27%20fill-opacity%3D%220%22%2F%3E%3C%2Fsvg%3E\" data-orig-src=\"https:\/\/lh5.googleusercontent.com\/-q0Jurf1_2hU\/VJPoCn7n5eI\/AAAAAAAAI2E\/4J8gpbmbiRM\/w448-h331-no\/album%2B8%2B(Custom).JPG\" height=\"300\" width=\"440\" \/><\/span><\/div>\n<\/td>\n<\/tr>\n<tr>\n<td>\n<div><span style=\"color: #000000; font-size: 12pt; font-family: helvetica;\"><strong>Isidor Koti<\/strong><br \/> Foto nga Nathan Hoppe<\/span><\/div>\n<\/td>\n<td>\n<div><span style=\"font-size: 12pt; font-family: helvetica;\"><\/span><\/div>\n<\/td>\n<\/tr>\n<\/tbody>\n<\/table>\n<p>&nbsp;<\/p>\n","protected":false},"excerpt":{"rendered":"<p>&nbsp;&nbsp; Fatime Krasniqi, m\u00ebsuese n\u00eb komun\u00ebn e Malishev\u00ebs, mbeti pa fjal\u00eb kur lexoi n\u00eb qend\u00ebr t\u00eb dhom\u00ebs s\u00eb nipit dhe mbes\u00ebs kornizat e punimeve t\u00eb tyre mbres\u00ebl\u00ebn\u00ebse. Nj\u00eb mesazh i shkurt\u00ebr, q\u00eb ajo nuk ka p\u00ebr t\u00eb harruar kurr\u00eb: \u201cMir\u00ebnjohja\u201d. Si p\u00ebr ta shprehur m\u00eb t\u00eb plot\u00eb g\u00ebzimin e saj, ajo tregon se: \u201cF\u00ebmij\u00ebt erdh\u00ebn dit\u00ebn e par\u00eb duke k\u00ebrcyer shum\u00eb t\u00eb k\u00ebnaqur. M\u00eb tregonin<\/p>\n","protected":false},"author":1,"featured_media":0,"comment_status":"open","ping_status":"open","sticky":false,"template":"","format":"standard","meta":{"_acf_changed":false,"pagelayer_contact_templates":[],"_pagelayer_content":"","inline_featured_image":false,"fifu_image_url":"","fifu_image_alt":"","footnotes":""},"categories":[108],"tags":[145,200,196,212,156],"class_list":["post-468","post","type-post","status-publish","format-standard","hentry","category-lajme","tag-145","tag-kampe-verore","tag-tirane","tag-lajme-d27","tag-femijet"],"acf":[],"yoast_head":"<!-- This site is optimized with the Yoast SEO plugin v27.2 - https:\/\/yoast.com\/product\/yoast-seo-wordpress\/ -->\n<title>Duke ndar\u00eb miq\u00ebsin\u00eb me mir\u00ebnjohje n\u00eb kampet e f\u00ebmij\u00ebve t\u00eb Kosov\u00ebs.(2009) - Kisha Orthodh\u03bfkse Autoqefale e Shqip\u00ebris\u00eb<\/title>\n<meta name=\"robots\" content=\"index, follow, max-snippet:-1, max-image-preview:large, max-video-preview:-1\" \/>\n<link rel=\"canonical\" href=\"https:\/\/orthodoxalbania.org\/2020\/2009\/03\/19\/duke-ndare-miqesine-me-mirenjohje-ne-kampet-e-femijeve-te-kosoves-2009\/\" \/>\n<meta property=\"og:locale\" content=\"en_US\" \/>\n<meta property=\"og:type\" content=\"article\" \/>\n<meta property=\"og:title\" content=\"Duke ndar\u00eb miq\u00ebsin\u00eb me mir\u00ebnjohje n\u00eb kampet e f\u00ebmij\u00ebve t\u00eb Kosov\u00ebs.(2009) - Kisha Orthodh\u03bfkse Autoqefale e Shqip\u00ebris\u00eb\" \/>\n<meta property=\"og:description\" content=\"&nbsp;&nbsp; Fatime Krasniqi, m\u00ebsuese n\u00eb komun\u00ebn e Malishev\u00ebs, mbeti pa fjal\u00eb kur lexoi n\u00eb qend\u00ebr t\u00eb dhom\u00ebs s\u00eb nipit dhe mbes\u00ebs kornizat e punimeve t\u00eb tyre mbres\u00ebl\u00ebn\u00ebse. Nj\u00eb mesazh i shkurt\u00ebr, q\u00eb ajo nuk ka p\u00ebr t\u00eb harruar kurr\u00eb: \u201cMir\u00ebnjohja\u201d. Si p\u00ebr ta shprehur m\u00eb t\u00eb plot\u00eb g\u00ebzimin e saj, ajo tregon se: \u201cF\u00ebmij\u00ebt erdh\u00ebn dit\u00ebn e par\u00eb duke k\u00ebrcyer shum\u00eb t\u00eb k\u00ebnaqur. M\u00eb tregonin\" \/>\n<meta property=\"og:url\" content=\"https:\/\/orthodoxalbania.org\/2020\/2009\/03\/19\/duke-ndare-miqesine-me-mirenjohje-ne-kampet-e-femijeve-te-kosoves-2009\/\" \/>\n<meta property=\"og:site_name\" content=\"Kisha Orthodh\u03bfkse Autoqefale e Shqip\u00ebris\u00eb\" \/>\n<meta property=\"article:publisher\" content=\"https:\/\/www.facebook.com\/koash1991\" \/>\n<meta property=\"article:published_time\" content=\"2009-03-19T00:00:00+00:00\" \/>\n<meta property=\"article:modified_time\" content=\"2020-04-06T20:32:43+00:00\" \/>\n<meta property=\"og:image\" content=\"https:\/\/lh4.googleusercontent.com\/-SQ_fqHtBI4w\/VJPoC1dJ_WI\/AAAAAAAAI2w\/omS5Nppnb_A\/w448-h298-no\/tekst%2B1%2B(Custom).JPG\" \/>\n<meta name=\"author\" content=\"Kisha Orthodhokse\" \/>\n<meta name=\"twitter:card\" content=\"summary_large_image\" \/>\n<meta name=\"twitter:label1\" content=\"Written by\" \/>\n\t<meta name=\"twitter:data1\" content=\"Kisha Orthodhokse\" \/>\n\t<meta name=\"twitter:label2\" content=\"Est. reading time\" \/>\n\t<meta name=\"twitter:data2\" content=\"4 minutes\" \/>\n<script type=\"application\/ld+json\" class=\"yoast-schema-graph\">{\"@context\":\"https:\/\/schema.org\",\"@graph\":[{\"@type\":\"Article\",\"@id\":\"https:\/\/orthodoxalbania.org\/2020\/2009\/03\/19\/duke-ndare-miqesine-me-mirenjohje-ne-kampet-e-femijeve-te-kosoves-2009\/#article\",\"isPartOf\":{\"@id\":\"https:\/\/orthodoxalbania.org\/2020\/2009\/03\/19\/duke-ndare-miqesine-me-mirenjohje-ne-kampet-e-femijeve-te-kosoves-2009\/\"},\"author\":{\"name\":\"Kisha Orthodhokse\",\"@id\":\"https:\/\/orthodoxalbania.org\/2020\/#\/schema\/person\/0c387634a7063ac612d7ed9ce71c7e86\"},\"headline\":\"Duke ndar\u00eb miq\u00ebsin\u00eb me mir\u00ebnjohje n\u00eb kampet e f\u00ebmij\u00ebve t\u00eb Kosov\u00ebs.(2009)\",\"datePublished\":\"2009-03-19T00:00:00+00:00\",\"dateModified\":\"2020-04-06T20:32:43+00:00\",\"mainEntityOfPage\":{\"@id\":\"https:\/\/orthodoxalbania.org\/2020\/2009\/03\/19\/duke-ndare-miqesine-me-mirenjohje-ne-kampet-e-femijeve-te-kosoves-2009\/\"},\"wordCount\":881,\"commentCount\":0,\"publisher\":{\"@id\":\"https:\/\/orthodoxalbania.org\/2020\/#organization\"},\"image\":{\"@id\":\"https:\/\/orthodoxalbania.org\/2020\/2009\/03\/19\/duke-ndare-miqesine-me-mirenjohje-ne-kampet-e-femijeve-te-kosoves-2009\/#primaryimage\"},\"thumbnailUrl\":\"https:\/\/lh4.googleusercontent.com\/-SQ_fqHtBI4w\/VJPoC1dJ_WI\/AAAAAAAAI2w\/omS5Nppnb_A\/w448-h298-no\/tekst%2B1%2B(Custom).JPG\",\"keywords\":[\"2009\",\"Kampe verore\",\"Kryepiskopata Tiran\u00eb\",\"lajme\",\"Zyra e F\u00ebmij\u00ebve\"],\"articleSection\":[\"Lajme\"],\"inLanguage\":\"en-US\"},{\"@type\":\"WebPage\",\"@id\":\"https:\/\/orthodoxalbania.org\/2020\/2009\/03\/19\/duke-ndare-miqesine-me-mirenjohje-ne-kampet-e-femijeve-te-kosoves-2009\/\",\"url\":\"https:\/\/orthodoxalbania.org\/2020\/2009\/03\/19\/duke-ndare-miqesine-me-mirenjohje-ne-kampet-e-femijeve-te-kosoves-2009\/\",\"name\":\"Duke ndar\u00eb miq\u00ebsin\u00eb me mir\u00ebnjohje n\u00eb kampet e f\u00ebmij\u00ebve t\u00eb Kosov\u00ebs.(2009) - Kisha Orthodh\u03bfkse Autoqefale e Shqip\u00ebris\u00eb\",\"isPartOf\":{\"@id\":\"https:\/\/orthodoxalbania.org\/2020\/#website\"},\"primaryImageOfPage\":{\"@id\":\"https:\/\/orthodoxalbania.org\/2020\/2009\/03\/19\/duke-ndare-miqesine-me-mirenjohje-ne-kampet-e-femijeve-te-kosoves-2009\/#primaryimage\"},\"image\":{\"@id\":\"https:\/\/orthodoxalbania.org\/2020\/2009\/03\/19\/duke-ndare-miqesine-me-mirenjohje-ne-kampet-e-femijeve-te-kosoves-2009\/#primaryimage\"},\"thumbnailUrl\":\"https:\/\/lh4.googleusercontent.com\/-SQ_fqHtBI4w\/VJPoC1dJ_WI\/AAAAAAAAI2w\/omS5Nppnb_A\/w448-h298-no\/tekst%2B1%2B(Custom).JPG\",\"datePublished\":\"2009-03-19T00:00:00+00:00\",\"dateModified\":\"2020-04-06T20:32:43+00:00\",\"breadcrumb\":{\"@id\":\"https:\/\/orthodoxalbania.org\/2020\/2009\/03\/19\/duke-ndare-miqesine-me-mirenjohje-ne-kampet-e-femijeve-te-kosoves-2009\/#breadcrumb\"},\"inLanguage\":\"en-US\",\"potentialAction\":[{\"@type\":\"ReadAction\",\"target\":[\"https:\/\/orthodoxalbania.org\/2020\/2009\/03\/19\/duke-ndare-miqesine-me-mirenjohje-ne-kampet-e-femijeve-te-kosoves-2009\/\"]}]},{\"@type\":\"ImageObject\",\"inLanguage\":\"en-US\",\"@id\":\"https:\/\/orthodoxalbania.org\/2020\/2009\/03\/19\/duke-ndare-miqesine-me-mirenjohje-ne-kampet-e-femijeve-te-kosoves-2009\/#primaryimage\",\"url\":\"https:\/\/lh4.googleusercontent.com\/-SQ_fqHtBI4w\/VJPoC1dJ_WI\/AAAAAAAAI2w\/omS5Nppnb_A\/w448-h298-no\/tekst%2B1%2B(Custom).JPG\",\"contentUrl\":\"https:\/\/lh4.googleusercontent.com\/-SQ_fqHtBI4w\/VJPoC1dJ_WI\/AAAAAAAAI2w\/omS5Nppnb_A\/w448-h298-no\/tekst%2B1%2B(Custom).JPG\"},{\"@type\":\"BreadcrumbList\",\"@id\":\"https:\/\/orthodoxalbania.org\/2020\/2009\/03\/19\/duke-ndare-miqesine-me-mirenjohje-ne-kampet-e-femijeve-te-kosoves-2009\/#breadcrumb\",\"itemListElement\":[{\"@type\":\"ListItem\",\"position\":1,\"name\":\"Home\",\"item\":\"https:\/\/orthodoxalbania.org\/2020\/\"},{\"@type\":\"ListItem\",\"position\":2,\"name\":\"Duke ndar\u00eb miq\u00ebsin\u00eb me mir\u00ebnjohje n\u00eb kampet e f\u00ebmij\u00ebve t\u00eb Kosov\u00ebs.(2009)\"}]},{\"@type\":\"WebSite\",\"@id\":\"https:\/\/orthodoxalbania.org\/2020\/#website\",\"url\":\"https:\/\/orthodoxalbania.org\/2020\/\",\"name\":\"Kisha Orthodh\u03bfkse Autoqefale e Shqip\u00ebris\u00eb\",\"description\":\"Fqja Zyrtare e Kish\u00ebs Orthodhokse Autoqefale e Shqip\u00ebris\u00eb me lajmet edhe informacionet zyrtare p\u00ebr struktur\u00ebn edhe veprimtarin e saj.\",\"publisher\":{\"@id\":\"https:\/\/orthodoxalbania.org\/2020\/#organization\"},\"potentialAction\":[{\"@type\":\"SearchAction\",\"target\":{\"@type\":\"EntryPoint\",\"urlTemplate\":\"https:\/\/orthodoxalbania.org\/2020\/?s={search_term_string}\"},\"query-input\":{\"@type\":\"PropertyValueSpecification\",\"valueRequired\":true,\"valueName\":\"search_term_string\"}}],\"inLanguage\":\"en-US\"},{\"@type\":\"Organization\",\"@id\":\"https:\/\/orthodoxalbania.org\/2020\/#organization\",\"name\":\"Kisha Orthodhokse Autoqefale e Shqip\u00ebris\u00eb\",\"url\":\"https:\/\/orthodoxalbania.org\/2020\/\",\"logo\":{\"@type\":\"ImageObject\",\"inLanguage\":\"en-US\",\"@id\":\"https:\/\/orthodoxalbania.org\/2020\/#\/schema\/logo\/image\/\",\"url\":\"https:\/\/orthodoxalbania.org\/2020\/wp-content\/uploads\/2020\/05\/albania.jpeg\",\"contentUrl\":\"https:\/\/orthodoxalbania.org\/2020\/wp-content\/uploads\/2020\/05\/albania.jpeg\",\"width\":540,\"height\":540,\"caption\":\"Kisha Orthodhokse Autoqefale e Shqip\u00ebris\u00eb\"},\"image\":{\"@id\":\"https:\/\/orthodoxalbania.org\/2020\/#\/schema\/logo\/image\/\"},\"sameAs\":[\"https:\/\/www.facebook.com\/koash1991\"]},{\"@type\":\"Person\",\"@id\":\"https:\/\/orthodoxalbania.org\/2020\/#\/schema\/person\/0c387634a7063ac612d7ed9ce71c7e86\",\"name\":\"Kisha Orthodhokse\",\"image\":{\"@type\":\"ImageObject\",\"inLanguage\":\"en-US\",\"@id\":\"https:\/\/secure.gravatar.com\/avatar\/596e7c417251e30f2fbb9c00e026fce61a695a00e51c889caded71c96cbbdde5?s=96&d=mm&r=g\",\"url\":\"https:\/\/secure.gravatar.com\/avatar\/596e7c417251e30f2fbb9c00e026fce61a695a00e51c889caded71c96cbbdde5?s=96&d=mm&r=g\",\"contentUrl\":\"https:\/\/secure.gravatar.com\/avatar\/596e7c417251e30f2fbb9c00e026fce61a695a00e51c889caded71c96cbbdde5?s=96&d=mm&r=g\",\"caption\":\"Kisha Orthodhokse\"}}]}<\/script>\n<!-- \/ Yoast SEO plugin. -->","yoast_head_json":{"title":"Duke ndar\u00eb miq\u00ebsin\u00eb me mir\u00ebnjohje n\u00eb kampet e f\u00ebmij\u00ebve t\u00eb Kosov\u00ebs.(2009) - Kisha Orthodh\u03bfkse Autoqefale e Shqip\u00ebris\u00eb","robots":{"index":"index","follow":"follow","max-snippet":"max-snippet:-1","max-image-preview":"max-image-preview:large","max-video-preview":"max-video-preview:-1"},"canonical":"https:\/\/orthodoxalbania.org\/2020\/2009\/03\/19\/duke-ndare-miqesine-me-mirenjohje-ne-kampet-e-femijeve-te-kosoves-2009\/","og_locale":"en_US","og_type":"article","og_title":"Duke ndar\u00eb miq\u00ebsin\u00eb me mir\u00ebnjohje n\u00eb kampet e f\u00ebmij\u00ebve t\u00eb Kosov\u00ebs.(2009) - Kisha Orthodh\u03bfkse Autoqefale e Shqip\u00ebris\u00eb","og_description":"&nbsp;&nbsp; Fatime Krasniqi, m\u00ebsuese n\u00eb komun\u00ebn e Malishev\u00ebs, mbeti pa fjal\u00eb kur lexoi n\u00eb qend\u00ebr t\u00eb dhom\u00ebs s\u00eb nipit dhe mbes\u00ebs kornizat e punimeve t\u00eb tyre mbres\u00ebl\u00ebn\u00ebse. Nj\u00eb mesazh i shkurt\u00ebr, q\u00eb ajo nuk ka p\u00ebr t\u00eb harruar kurr\u00eb: \u201cMir\u00ebnjohja\u201d. Si p\u00ebr ta shprehur m\u00eb t\u00eb plot\u00eb g\u00ebzimin e saj, ajo tregon se: \u201cF\u00ebmij\u00ebt erdh\u00ebn dit\u00ebn e par\u00eb duke k\u00ebrcyer shum\u00eb t\u00eb k\u00ebnaqur. M\u00eb tregonin","og_url":"https:\/\/orthodoxalbania.org\/2020\/2009\/03\/19\/duke-ndare-miqesine-me-mirenjohje-ne-kampet-e-femijeve-te-kosoves-2009\/","og_site_name":"Kisha Orthodh\u03bfkse Autoqefale e Shqip\u00ebris\u00eb","article_publisher":"https:\/\/www.facebook.com\/koash1991","article_published_time":"2009-03-19T00:00:00+00:00","article_modified_time":"2020-04-06T20:32:43+00:00","og_image":[{"url":"https:\/\/lh4.googleusercontent.com\/-SQ_fqHtBI4w\/VJPoC1dJ_WI\/AAAAAAAAI2w\/omS5Nppnb_A\/w448-h298-no\/tekst%2B1%2B(Custom).JPG","type":"","width":"","height":""}],"author":"Kisha Orthodhokse","twitter_card":"summary_large_image","twitter_misc":{"Written by":"Kisha Orthodhokse","Est. reading time":"4 minutes"},"schema":{"@context":"https:\/\/schema.org","@graph":[{"@type":"Article","@id":"https:\/\/orthodoxalbania.org\/2020\/2009\/03\/19\/duke-ndare-miqesine-me-mirenjohje-ne-kampet-e-femijeve-te-kosoves-2009\/#article","isPartOf":{"@id":"https:\/\/orthodoxalbania.org\/2020\/2009\/03\/19\/duke-ndare-miqesine-me-mirenjohje-ne-kampet-e-femijeve-te-kosoves-2009\/"},"author":{"name":"Kisha Orthodhokse","@id":"https:\/\/orthodoxalbania.org\/2020\/#\/schema\/person\/0c387634a7063ac612d7ed9ce71c7e86"},"headline":"Duke ndar\u00eb miq\u00ebsin\u00eb me mir\u00ebnjohje n\u00eb kampet e f\u00ebmij\u00ebve t\u00eb Kosov\u00ebs.(2009)","datePublished":"2009-03-19T00:00:00+00:00","dateModified":"2020-04-06T20:32:43+00:00","mainEntityOfPage":{"@id":"https:\/\/orthodoxalbania.org\/2020\/2009\/03\/19\/duke-ndare-miqesine-me-mirenjohje-ne-kampet-e-femijeve-te-kosoves-2009\/"},"wordCount":881,"commentCount":0,"publisher":{"@id":"https:\/\/orthodoxalbania.org\/2020\/#organization"},"image":{"@id":"https:\/\/orthodoxalbania.org\/2020\/2009\/03\/19\/duke-ndare-miqesine-me-mirenjohje-ne-kampet-e-femijeve-te-kosoves-2009\/#primaryimage"},"thumbnailUrl":"https:\/\/lh4.googleusercontent.com\/-SQ_fqHtBI4w\/VJPoC1dJ_WI\/AAAAAAAAI2w\/omS5Nppnb_A\/w448-h298-no\/tekst%2B1%2B(Custom).JPG","keywords":["2009","Kampe verore","Kryepiskopata Tiran\u00eb","lajme","Zyra e F\u00ebmij\u00ebve"],"articleSection":["Lajme"],"inLanguage":"en-US"},{"@type":"WebPage","@id":"https:\/\/orthodoxalbania.org\/2020\/2009\/03\/19\/duke-ndare-miqesine-me-mirenjohje-ne-kampet-e-femijeve-te-kosoves-2009\/","url":"https:\/\/orthodoxalbania.org\/2020\/2009\/03\/19\/duke-ndare-miqesine-me-mirenjohje-ne-kampet-e-femijeve-te-kosoves-2009\/","name":"Duke ndar\u00eb miq\u00ebsin\u00eb me mir\u00ebnjohje n\u00eb kampet e f\u00ebmij\u00ebve t\u00eb Kosov\u00ebs.(2009) - Kisha Orthodh\u03bfkse Autoqefale e Shqip\u00ebris\u00eb","isPartOf":{"@id":"https:\/\/orthodoxalbania.org\/2020\/#website"},"primaryImageOfPage":{"@id":"https:\/\/orthodoxalbania.org\/2020\/2009\/03\/19\/duke-ndare-miqesine-me-mirenjohje-ne-kampet-e-femijeve-te-kosoves-2009\/#primaryimage"},"image":{"@id":"https:\/\/orthodoxalbania.org\/2020\/2009\/03\/19\/duke-ndare-miqesine-me-mirenjohje-ne-kampet-e-femijeve-te-kosoves-2009\/#primaryimage"},"thumbnailUrl":"https:\/\/lh4.googleusercontent.com\/-SQ_fqHtBI4w\/VJPoC1dJ_WI\/AAAAAAAAI2w\/omS5Nppnb_A\/w448-h298-no\/tekst%2B1%2B(Custom).JPG","datePublished":"2009-03-19T00:00:00+00:00","dateModified":"2020-04-06T20:32:43+00:00","breadcrumb":{"@id":"https:\/\/orthodoxalbania.org\/2020\/2009\/03\/19\/duke-ndare-miqesine-me-mirenjohje-ne-kampet-e-femijeve-te-kosoves-2009\/#breadcrumb"},"inLanguage":"en-US","potentialAction":[{"@type":"ReadAction","target":["https:\/\/orthodoxalbania.org\/2020\/2009\/03\/19\/duke-ndare-miqesine-me-mirenjohje-ne-kampet-e-femijeve-te-kosoves-2009\/"]}]},{"@type":"ImageObject","inLanguage":"en-US","@id":"https:\/\/orthodoxalbania.org\/2020\/2009\/03\/19\/duke-ndare-miqesine-me-mirenjohje-ne-kampet-e-femijeve-te-kosoves-2009\/#primaryimage","url":"https:\/\/lh4.googleusercontent.com\/-SQ_fqHtBI4w\/VJPoC1dJ_WI\/AAAAAAAAI2w\/omS5Nppnb_A\/w448-h298-no\/tekst%2B1%2B(Custom).JPG","contentUrl":"https:\/\/lh4.googleusercontent.com\/-SQ_fqHtBI4w\/VJPoC1dJ_WI\/AAAAAAAAI2w\/omS5Nppnb_A\/w448-h298-no\/tekst%2B1%2B(Custom).JPG"},{"@type":"BreadcrumbList","@id":"https:\/\/orthodoxalbania.org\/2020\/2009\/03\/19\/duke-ndare-miqesine-me-mirenjohje-ne-kampet-e-femijeve-te-kosoves-2009\/#breadcrumb","itemListElement":[{"@type":"ListItem","position":1,"name":"Home","item":"https:\/\/orthodoxalbania.org\/2020\/"},{"@type":"ListItem","position":2,"name":"Duke ndar\u00eb miq\u00ebsin\u00eb me mir\u00ebnjohje n\u00eb kampet e f\u00ebmij\u00ebve t\u00eb Kosov\u00ebs.(2009)"}]},{"@type":"WebSite","@id":"https:\/\/orthodoxalbania.org\/2020\/#website","url":"https:\/\/orthodoxalbania.org\/2020\/","name":"Kisha Orthodh\u03bfkse Autoqefale e Shqip\u00ebris\u00eb","description":"Fqja Zyrtare e Kish\u00ebs Orthodhokse Autoqefale e Shqip\u00ebris\u00eb me lajmet edhe informacionet zyrtare p\u00ebr struktur\u00ebn edhe veprimtarin e saj.","publisher":{"@id":"https:\/\/orthodoxalbania.org\/2020\/#organization"},"potentialAction":[{"@type":"SearchAction","target":{"@type":"EntryPoint","urlTemplate":"https:\/\/orthodoxalbania.org\/2020\/?s={search_term_string}"},"query-input":{"@type":"PropertyValueSpecification","valueRequired":true,"valueName":"search_term_string"}}],"inLanguage":"en-US"},{"@type":"Organization","@id":"https:\/\/orthodoxalbania.org\/2020\/#organization","name":"Kisha Orthodhokse Autoqefale e Shqip\u00ebris\u00eb","url":"https:\/\/orthodoxalbania.org\/2020\/","logo":{"@type":"ImageObject","inLanguage":"en-US","@id":"https:\/\/orthodoxalbania.org\/2020\/#\/schema\/logo\/image\/","url":"https:\/\/orthodoxalbania.org\/2020\/wp-content\/uploads\/2020\/05\/albania.jpeg","contentUrl":"https:\/\/orthodoxalbania.org\/2020\/wp-content\/uploads\/2020\/05\/albania.jpeg","width":540,"height":540,"caption":"Kisha Orthodhokse Autoqefale e Shqip\u00ebris\u00eb"},"image":{"@id":"https:\/\/orthodoxalbania.org\/2020\/#\/schema\/logo\/image\/"},"sameAs":["https:\/\/www.facebook.com\/koash1991"]},{"@type":"Person","@id":"https:\/\/orthodoxalbania.org\/2020\/#\/schema\/person\/0c387634a7063ac612d7ed9ce71c7e86","name":"Kisha Orthodhokse","image":{"@type":"ImageObject","inLanguage":"en-US","@id":"https:\/\/secure.gravatar.com\/avatar\/596e7c417251e30f2fbb9c00e026fce61a695a00e51c889caded71c96cbbdde5?s=96&d=mm&r=g","url":"https:\/\/secure.gravatar.com\/avatar\/596e7c417251e30f2fbb9c00e026fce61a695a00e51c889caded71c96cbbdde5?s=96&d=mm&r=g","contentUrl":"https:\/\/secure.gravatar.com\/avatar\/596e7c417251e30f2fbb9c00e026fce61a695a00e51c889caded71c96cbbdde5?s=96&d=mm&r=g","caption":"Kisha Orthodhokse"}}]}},"_links":{"self":[{"href":"https:\/\/orthodoxalbania.org\/2020\/wp-json\/wp\/v2\/posts\/468","targetHints":{"allow":["GET"]}}],"collection":[{"href":"https:\/\/orthodoxalbania.org\/2020\/wp-json\/wp\/v2\/posts"}],"about":[{"href":"https:\/\/orthodoxalbania.org\/2020\/wp-json\/wp\/v2\/types\/post"}],"author":[{"embeddable":true,"href":"https:\/\/orthodoxalbania.org\/2020\/wp-json\/wp\/v2\/users\/1"}],"replies":[{"embeddable":true,"href":"https:\/\/orthodoxalbania.org\/2020\/wp-json\/wp\/v2\/comments?post=468"}],"version-history":[{"count":1,"href":"https:\/\/orthodoxalbania.org\/2020\/wp-json\/wp\/v2\/posts\/468\/revisions"}],"predecessor-version":[{"id":15583,"href":"https:\/\/orthodoxalbania.org\/2020\/wp-json\/wp\/v2\/posts\/468\/revisions\/15583"}],"wp:attachment":[{"href":"https:\/\/orthodoxalbania.org\/2020\/wp-json\/wp\/v2\/media?parent=468"}],"wp:term":[{"taxonomy":"category","embeddable":true,"href":"https:\/\/orthodoxalbania.org\/2020\/wp-json\/wp\/v2\/categories?post=468"},{"taxonomy":"post_tag","embeddable":true,"href":"https:\/\/orthodoxalbania.org\/2020\/wp-json\/wp\/v2\/tags?post=468"}],"curies":[{"name":"wp","href":"https:\/\/api.w.org\/{rel}","templated":true}]}}