{"id":464,"date":"2015-02-11T14:06:31","date_gmt":"2015-02-11T14:06:31","guid":{"rendered":""},"modified":"2020-04-06T22:02:18","modified_gmt":"2020-04-06T20:02:18","slug":"dorezohet-ndihma-per-zonat-e-permbytura","status":"publish","type":"post","link":"https:\/\/orthodoxalbania.org\/2020\/2015\/02\/11\/dorezohet-ndihma-per-zonat-e-permbytura\/","title":{"rendered":"Dor\u00ebzohet nj\u00eb kontingjent i dyt\u00eb ndihmash p\u00ebr zonat e p\u00ebrmbytura"},"content":{"rendered":"<p style=\"text-align: justify;\"><span style=\"font-family: helvetica; font-size: 12pt;\"><\/span><\/p>\n<p> <\/p>\n<p style=\"text-align: justify;\"><span style=\"font-family: helvetica; font-size: 12pt;\">&nbsp;&nbsp;<span style=\"color: #000000;\">&nbsp; P\u00ebrmbytjet e dit\u00ebve t\u00eb fundit n\u00eb zonat e Jugut nxit\u00ebn nj\u00eb gar\u00eb solidariteti edhe midis besimtar\u00ebve orthodhoks\u00eb. Ndihmat e para u mblodh\u00ebn n\u00eb Mitropolin\u00eb e Beratit (Berat, Lushnj\u00eb, Fier, Vlor\u00eb) dhe u dor\u00ebzuan n\u00eb shtabet e emergjenc\u00ebs n\u00eb Novosel\u00eb e Levan. Por mbledhja e ndihmave dhe dhurimet vazhdojn\u00eb n\u00eb t\u00eb gjitha kishat orthodhokse t\u00eb vendit.<\/span><\/span><\/p>\n<p style=\"text-align: justify;\"><span style=\"color: #000000; font-size: 12pt; font-family: helvetica;\">&nbsp;&nbsp;&nbsp; Nj\u00eb kontigjent i dyt\u00eb me sasi ndihmash t\u00eb tjera u dor\u00ebzua edhe sot, 11 shkurt, n\u00eb magazinat e v\u00ebna n\u00eb dispozicion t\u00eb emergjencave n\u00eb Tiran\u00eb. P\u00ebr t\u00eb p\u00ebrmbyturit ishin p\u00ebrgatitur me dhuratat e besimtar\u00ebve orthodhoks\u00eb 160 pako me ushqime dhe 330 bidon\u00eb (7 lit\u00ebrsh) me uj\u00eb. Dor\u00ebzimin e b\u00ebri Episkopi i Bylisit, Hir\u00ebsi Asti.<\/span><\/p>\n<p style=\"text-align: justify;\"><span style=\"color: #000000; font-size: 12pt; font-family: helvetica;\">&nbsp;&nbsp;&nbsp;&nbsp; K\u00ebto ndihma, si dhe ato t\u00eb sjella nga Komuniteti Mysliman, u prit\u00ebn nga Kryetari i Komitetit t\u00eb Kulteve z. Ilir Hoxholli, i cili i fal\u00ebnderoi k\u00ebto komunitete p\u00ebr mobilizimin dhe mesazhin q\u00eb p\u00ebrcjellin n\u00eb k\u00ebto dit\u00eb t\u00eb v\u00ebshtira.<\/span><span style=\"color: #000000; font-size: 12pt; font-family: helvetica;\"><\/span><\/p>\n<p style=\"text-align: justify;\"><span style=\"color: #000000; font-size: 12pt; font-family: helvetica;\">&nbsp;&nbsp;&nbsp; Procesi i mbledhjes s\u00eb ndihmave do vazhdoj\u00eb edhe n\u00eb dit\u00ebt n\u00eb vijim, ku do tii bashkohen edhe nx\u00ebn\u00ebsit e institucioneve arsimore t\u00eb ngritura nga Kisha Orthodhokse.<\/span><\/p>\n<p style=\"text-align: justify;\">&nbsp;<\/p>\n<p style=\"text-align: justify;\"><span style=\"font-size: 12pt; font-family: helvetica;\"><\/span><\/p>\n<p style=\"text-align: justify;\"><span style=\"font-size: 12pt; font-family: helvetica;\"><\/span><\/p>\n<p style=\"text-align: justify;\"><span style=\"font-size: 12pt; font-family: helvetica;\"><\/span><\/p>\n<p style=\"text-align: justify;\"><span style=\"font-size: 12pt; font-family: helvetica;\"><\/span><\/p>\n<p><span style=\"font-size: 12pt; font-family: helvetica;\"><img decoding=\"async\" class=\"lazyload HAa Eha\" style=\"border-width: 1px; border-style: solid; margin: 10px auto; display: block;\" alt=\"\" src=\"data:image\/gif;base64,R0lGODlhAQABAAAAACH5BAEKAAEALAAAAAABAAEAAAICTAEAOw==\" data-orig-src=\"https:\/\/lh3.googleusercontent.com\/-OEe63H70pzg\/VNtgRg9yU4I\/AAAAAAAALNI\/30rbRHQ8pis\/w958-h639-no\/DSC_0016.JPG\" \/><\/span><\/p>\n<p style=\"text-align: center;\"><span style=\"font-size: 12pt; font-family: helvetica;\"><\/span><\/p>\n<p><span style=\"font-size: 12pt; font-family: helvetica;\"><img decoding=\"async\" class=\"lazyload HAa Eha\" style=\"border-width: 1px; border-style: solid; margin: 10px auto; display: block;\" alt=\"\" src=\"data:image\/gif;base64,R0lGODlhAQABAAAAACH5BAEKAAEALAAAAAABAAEAAAICTAEAOw==\" data-orig-src=\"https:\/\/lh6.googleusercontent.com\/-F7Iu6s9BVVE\/VNtgRk3BZuI\/AAAAAAAALNM\/t18Le0PSOEk\/w958-h639-no\/DSC_0023.JPG\" \/><\/span><\/p>\n<p style=\"text-align: center;\"><span style=\"font-size: 12pt; font-family: helvetica;\"><\/span><\/p>\n<p><span style=\"font-size: 12pt; font-family: helvetica;\"><img decoding=\"async\" class=\"lazyload HAa Eha\" style=\"border-width: 1px; border-style: solid; margin: 10px auto; display: block;\" alt=\"\" src=\"data:image\/gif;base64,R0lGODlhAQABAAAAACH5BAEKAAEALAAAAAABAAEAAAICTAEAOw==\" data-orig-src=\"https:\/\/lh5.googleusercontent.com\/-QVnS7EGdLhA\/VNtgSwSn6AI\/AAAAAAAALNU\/BjCqRYJvBpU\/w958-h639-no\/DSC_0030.JPG\" \/><\/span><\/p>\n<p style=\"text-align: center;\"><span style=\"font-size: 12pt; font-family: helvetica;\"><\/span><\/p>\n<p><span style=\"font-size: 12pt; font-family: helvetica;\"><img decoding=\"async\" class=\"lazyload HAa Eha\" style=\"border-width: 1px; border-style: solid; margin: 10px auto; display: block;\" alt=\"\" src=\"data:image\/gif;base64,R0lGODlhAQABAAAAACH5BAEKAAEALAAAAAABAAEAAAICTAEAOw==\" data-orig-src=\"https:\/\/lh5.googleusercontent.com\/-H-8r6QMxOdw\/VNtgUXrlJmI\/AAAAAAAALNc\/jrogPAzGmeI\/w958-h639-no\/DSC_0037.JPG\" \/><\/span><\/p>\n<p style=\"text-align: center;\"><span style=\"font-size: 12pt; font-family: helvetica;\"><\/span><\/p>\n<p><span style=\"font-size: 12pt; font-family: helvetica;\"><img decoding=\"async\" class=\"lazyload HAa Eha\" style=\"border-width: 1px; border-style: solid; margin: 10px auto; display: block;\" alt=\"\" src=\"data:image\/gif;base64,R0lGODlhAQABAAAAACH5BAEKAAEALAAAAAABAAEAAAICTAEAOw==\" data-orig-src=\"https:\/\/lh5.googleusercontent.com\/-pFXly0vsVJI\/VNtgVW9NUsI\/AAAAAAAALNk\/6U9g7B9aHps\/w958-h639-no\/DSC_0039.JPG\" \/><\/span><\/p>\n<p style=\"text-align: center;\"><span style=\"font-size: 12pt; font-family: helvetica;\"><\/span><\/p>\n<p><span style=\"font-size: 12pt; font-family: helvetica;\"><img decoding=\"async\" class=\"lazyload HAa Eha cke-resize\" style=\"border-width: 1px; border-style: solid; margin: 10px auto; display: block;\" alt=\"\" src=\"data:image\/gif;base64,R0lGODlhAQABAAAAACH5BAEKAAEALAAAAAABAAEAAAICTAEAOw==\" data-orig-src=\"https:\/\/lh4.googleusercontent.com\/-GuUkDD3HGGQ\/VNtgXzU6FuI\/AAAAAAAALNs\/s_HkQR0tvxU\/w958-h639-no\/DSC_0045.JPG\" \/><\/span><\/p>\n<p style=\"text-align: center;\"><span style=\"font-size: 12pt; font-family: helvetica;\"><\/span><\/p>\n<p><span style=\"font-size: 12pt; font-family: helvetica;\"><img decoding=\"async\" class=\"lazyload HAa Eha\" style=\"border-width: 1px; border-style: solid; margin: 10px auto; display: block;\" alt=\"\" src=\"data:image\/gif;base64,R0lGODlhAQABAAAAACH5BAEKAAEALAAAAAABAAEAAAICTAEAOw==\" data-orig-src=\"https:\/\/lh6.googleusercontent.com\/-bf4WZsA5Hz4\/VNtgYii55uI\/AAAAAAAALN0\/HH3VEWV8OCg\/w958-h639-no\/DSC_0057.JPG\" \/><\/span><\/p>\n<p style=\"text-align: center;\"><span style=\"font-size: 12pt; font-family: helvetica;\"><\/span><\/p>\n<p><span style=\"font-size: 12pt; font-family: helvetica;\"><img decoding=\"async\" class=\"lazyload HAa Eha\" style=\"border-width: 1px; border-style: solid; margin: 10px auto; display: block;\" alt=\"\" src=\"data:image\/gif;base64,R0lGODlhAQABAAAAACH5BAEKAAEALAAAAAABAAEAAAICTAEAOw==\" data-orig-src=\"https:\/\/lh5.googleusercontent.com\/-NAfxCGYZd8U\/VNtgaMUieaI\/AAAAAAAALN8\/yFrvp6FuYfs\/w958-h639-no\/DSC_0059.JPG\" \/><\/span><\/p>\n<p style=\"text-align: center;\"><span style=\"font-size: 12pt; font-family: helvetica;\"><\/span><\/p>\n<p><span style=\"font-size: 12pt; font-family: helvetica;\"><img decoding=\"async\" class=\"lazyload HAa Eha\" style=\"border-width: 1px; border-style: solid; margin: 10px auto; display: block;\" alt=\"\" src=\"data:image\/gif;base64,R0lGODlhAQABAAAAACH5BAEKAAEALAAAAAABAAEAAAICTAEAOw==\" data-orig-src=\"https:\/\/lh6.googleusercontent.com\/-ul6vBUCuANw\/VNtgbu0VreI\/AAAAAAAALOE\/5-9Ao0HuAqY\/w958-h639-no\/DSC_0066.JPG\" \/><\/span><\/p>\n<p style=\"text-align: center;\"><span style=\"font-size: 12pt; font-family: helvetica;\"><\/span><\/p>\n<p style=\"text-align: center;\"><span style=\"font-size: 12pt; font-family: helvetica;\"><\/span><\/p>\n<p id=\"ckimgrsz\" style=\"left: 203px; top: 3570px;\">&nbsp;<\/p>\n<div class=\"preview\"><span style=\"font-size: 12pt; font-family: helvetica;\"><\/span><\/div>\n<p>&nbsp;<\/p>\n","protected":false},"excerpt":{"rendered":"<p>&nbsp;&nbsp;&nbsp; P\u00ebrmbytjet e dit\u00ebve t\u00eb fundit n\u00eb zonat e Jugut nxit\u00ebn nj\u00eb gar\u00eb solidariteti edhe midis besimtar\u00ebve orthodhoks\u00eb. Ndihmat e para u mblodh\u00ebn n\u00eb Mitropolin\u00eb e Beratit (Berat, Lushnj\u00eb, Fier, Vlor\u00eb) dhe u dor\u00ebzuan n\u00eb shtabet e emergjenc\u00ebs n\u00eb Novosel\u00eb e Levan. Por mbledhja e ndihmave dhe dhurimet vazhdojn\u00eb n\u00eb t\u00eb gjitha kishat orthodhokse t\u00eb vendit. &nbsp;&nbsp;&nbsp; Nj\u00eb kontigjent i dyt\u00eb me sasi ndihmash t\u00eb<\/p>\n","protected":false},"author":1,"featured_media":465,"comment_status":"open","ping_status":"open","sticky":false,"template":"","format":"standard","meta":{"_acf_changed":false,"pagelayer_contact_templates":[],"_pagelayer_content":"","inline_featured_image":false,"fifu_image_url":"","fifu_image_alt":"","footnotes":""},"categories":[108],"tags":[139,633,196,212],"class_list":["post-464","post","type-post","status-publish","format-standard","has-post-thumbnail","hentry","category-lajme","tag-139","tag-donacionendihma","tag-tirane","tag-lajme-d27"],"acf":[],"yoast_head":"<!-- This site is optimized with the Yoast SEO plugin v27.2 - https:\/\/yoast.com\/product\/yoast-seo-wordpress\/ -->\n<title>Dor\u00ebzohet nj\u00eb kontingjent i dyt\u00eb ndihmash p\u00ebr zonat e p\u00ebrmbytura - Kisha Orthodh\u03bfkse Autoqefale e Shqip\u00ebris\u00eb<\/title>\n<meta name=\"robots\" content=\"index, follow, max-snippet:-1, max-image-preview:large, max-video-preview:-1\" \/>\n<link rel=\"canonical\" href=\"https:\/\/orthodoxalbania.org\/2020\/2015\/02\/11\/dorezohet-ndihma-per-zonat-e-permbytura\/\" \/>\n<meta property=\"og:locale\" content=\"en_US\" \/>\n<meta property=\"og:type\" content=\"article\" \/>\n<meta property=\"og:title\" content=\"Dor\u00ebzohet nj\u00eb kontingjent i dyt\u00eb ndihmash p\u00ebr zonat e p\u00ebrmbytura - Kisha Orthodh\u03bfkse Autoqefale e Shqip\u00ebris\u00eb\" \/>\n<meta property=\"og:description\" content=\"&nbsp;&nbsp;&nbsp; P\u00ebrmbytjet e dit\u00ebve t\u00eb fundit n\u00eb zonat e Jugut nxit\u00ebn nj\u00eb gar\u00eb solidariteti edhe midis besimtar\u00ebve orthodhoks\u00eb. Ndihmat e para u mblodh\u00ebn n\u00eb Mitropolin\u00eb e Beratit (Berat, Lushnj\u00eb, Fier, Vlor\u00eb) dhe u dor\u00ebzuan n\u00eb shtabet e emergjenc\u00ebs n\u00eb Novosel\u00eb e Levan. Por mbledhja e ndihmave dhe dhurimet vazhdojn\u00eb n\u00eb t\u00eb gjitha kishat orthodhokse t\u00eb vendit. &nbsp;&nbsp;&nbsp; Nj\u00eb kontigjent i dyt\u00eb me sasi ndihmash t\u00eb\" \/>\n<meta property=\"og:url\" content=\"https:\/\/orthodoxalbania.org\/2020\/2015\/02\/11\/dorezohet-ndihma-per-zonat-e-permbytura\/\" \/>\n<meta property=\"og:site_name\" content=\"Kisha Orthodh\u03bfkse Autoqefale e Shqip\u00ebris\u00eb\" \/>\n<meta property=\"article:publisher\" content=\"https:\/\/www.facebook.com\/koash1991\" \/>\n<meta property=\"article:published_time\" content=\"2015-02-11T14:06:31+00:00\" \/>\n<meta property=\"article:modified_time\" content=\"2020-04-06T20:02:18+00:00\" \/>\n<meta property=\"og:image\" content=\"https:\/\/orthodoxalbania.org\/2020\/wp-content\/uploads\/2020\/04\/DSC_0045.JPG\" \/>\n\t<meta property=\"og:image:width\" content=\"150\" \/>\n\t<meta property=\"og:image:height\" content=\"150\" \/>\n\t<meta property=\"og:image:type\" content=\"image\/jpeg\" \/>\n<meta name=\"author\" content=\"Kisha Orthodhokse\" \/>\n<meta name=\"twitter:card\" content=\"summary_large_image\" \/>\n<meta name=\"twitter:label1\" content=\"Written by\" \/>\n\t<meta name=\"twitter:data1\" content=\"Kisha Orthodhokse\" \/>\n\t<meta name=\"twitter:label2\" content=\"Est. reading time\" \/>\n\t<meta name=\"twitter:data2\" content=\"1 minute\" \/>\n<script type=\"application\/ld+json\" class=\"yoast-schema-graph\">{\"@context\":\"https:\/\/schema.org\",\"@graph\":[{\"@type\":\"Article\",\"@id\":\"https:\/\/orthodoxalbania.org\/2020\/2015\/02\/11\/dorezohet-ndihma-per-zonat-e-permbytura\/#article\",\"isPartOf\":{\"@id\":\"https:\/\/orthodoxalbania.org\/2020\/2015\/02\/11\/dorezohet-ndihma-per-zonat-e-permbytura\/\"},\"author\":{\"name\":\"Kisha Orthodhokse\",\"@id\":\"https:\/\/orthodoxalbania.org\/2020\/#\/schema\/person\/0c387634a7063ac612d7ed9ce71c7e86\"},\"headline\":\"Dor\u00ebzohet nj\u00eb kontingjent i dyt\u00eb ndihmash p\u00ebr zonat e p\u00ebrmbytura\",\"datePublished\":\"2015-02-11T14:06:31+00:00\",\"dateModified\":\"2020-04-06T20:02:18+00:00\",\"mainEntityOfPage\":{\"@id\":\"https:\/\/orthodoxalbania.org\/2020\/2015\/02\/11\/dorezohet-ndihma-per-zonat-e-permbytura\/\"},\"wordCount\":226,\"commentCount\":0,\"publisher\":{\"@id\":\"https:\/\/orthodoxalbania.org\/2020\/#organization\"},\"image\":{\"@id\":\"https:\/\/orthodoxalbania.org\/2020\/2015\/02\/11\/dorezohet-ndihma-per-zonat-e-permbytura\/#primaryimage\"},\"thumbnailUrl\":\"https:\/\/orthodoxalbania.org\/2020\/wp-content\/uploads\/2020\/04\/DSC_0045.JPG\",\"keywords\":[\"2015\",\"DonacioneNdihma\",\"Kryepiskopata Tiran\u00eb\",\"lajme\"],\"articleSection\":[\"Lajme\"],\"inLanguage\":\"en-US\"},{\"@type\":\"WebPage\",\"@id\":\"https:\/\/orthodoxalbania.org\/2020\/2015\/02\/11\/dorezohet-ndihma-per-zonat-e-permbytura\/\",\"url\":\"https:\/\/orthodoxalbania.org\/2020\/2015\/02\/11\/dorezohet-ndihma-per-zonat-e-permbytura\/\",\"name\":\"Dor\u00ebzohet nj\u00eb kontingjent i dyt\u00eb ndihmash p\u00ebr zonat e p\u00ebrmbytura - Kisha Orthodh\u03bfkse Autoqefale e Shqip\u00ebris\u00eb\",\"isPartOf\":{\"@id\":\"https:\/\/orthodoxalbania.org\/2020\/#website\"},\"primaryImageOfPage\":{\"@id\":\"https:\/\/orthodoxalbania.org\/2020\/2015\/02\/11\/dorezohet-ndihma-per-zonat-e-permbytura\/#primaryimage\"},\"image\":{\"@id\":\"https:\/\/orthodoxalbania.org\/2020\/2015\/02\/11\/dorezohet-ndihma-per-zonat-e-permbytura\/#primaryimage\"},\"thumbnailUrl\":\"https:\/\/orthodoxalbania.org\/2020\/wp-content\/uploads\/2020\/04\/DSC_0045.JPG\",\"datePublished\":\"2015-02-11T14:06:31+00:00\",\"dateModified\":\"2020-04-06T20:02:18+00:00\",\"breadcrumb\":{\"@id\":\"https:\/\/orthodoxalbania.org\/2020\/2015\/02\/11\/dorezohet-ndihma-per-zonat-e-permbytura\/#breadcrumb\"},\"inLanguage\":\"en-US\",\"potentialAction\":[{\"@type\":\"ReadAction\",\"target\":[\"https:\/\/orthodoxalbania.org\/2020\/2015\/02\/11\/dorezohet-ndihma-per-zonat-e-permbytura\/\"]}]},{\"@type\":\"ImageObject\",\"inLanguage\":\"en-US\",\"@id\":\"https:\/\/orthodoxalbania.org\/2020\/2015\/02\/11\/dorezohet-ndihma-per-zonat-e-permbytura\/#primaryimage\",\"url\":\"https:\/\/orthodoxalbania.org\/2020\/wp-content\/uploads\/2020\/04\/DSC_0045.JPG\",\"contentUrl\":\"https:\/\/orthodoxalbania.org\/2020\/wp-content\/uploads\/2020\/04\/DSC_0045.JPG\",\"width\":150,\"height\":150},{\"@type\":\"BreadcrumbList\",\"@id\":\"https:\/\/orthodoxalbania.org\/2020\/2015\/02\/11\/dorezohet-ndihma-per-zonat-e-permbytura\/#breadcrumb\",\"itemListElement\":[{\"@type\":\"ListItem\",\"position\":1,\"name\":\"Home\",\"item\":\"https:\/\/orthodoxalbania.org\/2020\/\"},{\"@type\":\"ListItem\",\"position\":2,\"name\":\"Dor\u00ebzohet nj\u00eb kontingjent i dyt\u00eb ndihmash p\u00ebr zonat e p\u00ebrmbytura\"}]},{\"@type\":\"WebSite\",\"@id\":\"https:\/\/orthodoxalbania.org\/2020\/#website\",\"url\":\"https:\/\/orthodoxalbania.org\/2020\/\",\"name\":\"Kisha Orthodh\u03bfkse Autoqefale e Shqip\u00ebris\u00eb\",\"description\":\"Fqja Zyrtare e Kish\u00ebs Orthodhokse Autoqefale e Shqip\u00ebris\u00eb me lajmet edhe informacionet zyrtare p\u00ebr struktur\u00ebn edhe veprimtarin e saj.\",\"publisher\":{\"@id\":\"https:\/\/orthodoxalbania.org\/2020\/#organization\"},\"potentialAction\":[{\"@type\":\"SearchAction\",\"target\":{\"@type\":\"EntryPoint\",\"urlTemplate\":\"https:\/\/orthodoxalbania.org\/2020\/?s={search_term_string}\"},\"query-input\":{\"@type\":\"PropertyValueSpecification\",\"valueRequired\":true,\"valueName\":\"search_term_string\"}}],\"inLanguage\":\"en-US\"},{\"@type\":\"Organization\",\"@id\":\"https:\/\/orthodoxalbania.org\/2020\/#organization\",\"name\":\"Kisha Orthodhokse Autoqefale e Shqip\u00ebris\u00eb\",\"url\":\"https:\/\/orthodoxalbania.org\/2020\/\",\"logo\":{\"@type\":\"ImageObject\",\"inLanguage\":\"en-US\",\"@id\":\"https:\/\/orthodoxalbania.org\/2020\/#\/schema\/logo\/image\/\",\"url\":\"https:\/\/orthodoxalbania.org\/2020\/wp-content\/uploads\/2020\/05\/albania.jpeg\",\"contentUrl\":\"https:\/\/orthodoxalbania.org\/2020\/wp-content\/uploads\/2020\/05\/albania.jpeg\",\"width\":540,\"height\":540,\"caption\":\"Kisha Orthodhokse Autoqefale e Shqip\u00ebris\u00eb\"},\"image\":{\"@id\":\"https:\/\/orthodoxalbania.org\/2020\/#\/schema\/logo\/image\/\"},\"sameAs\":[\"https:\/\/www.facebook.com\/koash1991\"]},{\"@type\":\"Person\",\"@id\":\"https:\/\/orthodoxalbania.org\/2020\/#\/schema\/person\/0c387634a7063ac612d7ed9ce71c7e86\",\"name\":\"Kisha Orthodhokse\",\"image\":{\"@type\":\"ImageObject\",\"inLanguage\":\"en-US\",\"@id\":\"https:\/\/secure.gravatar.com\/avatar\/596e7c417251e30f2fbb9c00e026fce61a695a00e51c889caded71c96cbbdde5?s=96&d=mm&r=g\",\"url\":\"https:\/\/secure.gravatar.com\/avatar\/596e7c417251e30f2fbb9c00e026fce61a695a00e51c889caded71c96cbbdde5?s=96&d=mm&r=g\",\"contentUrl\":\"https:\/\/secure.gravatar.com\/avatar\/596e7c417251e30f2fbb9c00e026fce61a695a00e51c889caded71c96cbbdde5?s=96&d=mm&r=g\",\"caption\":\"Kisha Orthodhokse\"}}]}<\/script>\n<!-- \/ Yoast SEO plugin. -->","yoast_head_json":{"title":"Dor\u00ebzohet nj\u00eb kontingjent i dyt\u00eb ndihmash p\u00ebr zonat e p\u00ebrmbytura - Kisha Orthodh\u03bfkse Autoqefale e Shqip\u00ebris\u00eb","robots":{"index":"index","follow":"follow","max-snippet":"max-snippet:-1","max-image-preview":"max-image-preview:large","max-video-preview":"max-video-preview:-1"},"canonical":"https:\/\/orthodoxalbania.org\/2020\/2015\/02\/11\/dorezohet-ndihma-per-zonat-e-permbytura\/","og_locale":"en_US","og_type":"article","og_title":"Dor\u00ebzohet nj\u00eb kontingjent i dyt\u00eb ndihmash p\u00ebr zonat e p\u00ebrmbytura - Kisha Orthodh\u03bfkse Autoqefale e Shqip\u00ebris\u00eb","og_description":"&nbsp;&nbsp;&nbsp; P\u00ebrmbytjet e dit\u00ebve t\u00eb fundit n\u00eb zonat e Jugut nxit\u00ebn nj\u00eb gar\u00eb solidariteti edhe midis besimtar\u00ebve orthodhoks\u00eb. Ndihmat e para u mblodh\u00ebn n\u00eb Mitropolin\u00eb e Beratit (Berat, Lushnj\u00eb, Fier, Vlor\u00eb) dhe u dor\u00ebzuan n\u00eb shtabet e emergjenc\u00ebs n\u00eb Novosel\u00eb e Levan. Por mbledhja e ndihmave dhe dhurimet vazhdojn\u00eb n\u00eb t\u00eb gjitha kishat orthodhokse t\u00eb vendit. &nbsp;&nbsp;&nbsp; Nj\u00eb kontigjent i dyt\u00eb me sasi ndihmash t\u00eb","og_url":"https:\/\/orthodoxalbania.org\/2020\/2015\/02\/11\/dorezohet-ndihma-per-zonat-e-permbytura\/","og_site_name":"Kisha Orthodh\u03bfkse Autoqefale e Shqip\u00ebris\u00eb","article_publisher":"https:\/\/www.facebook.com\/koash1991","article_published_time":"2015-02-11T14:06:31+00:00","article_modified_time":"2020-04-06T20:02:18+00:00","og_image":[{"width":150,"height":150,"url":"https:\/\/orthodoxalbania.org\/2020\/wp-content\/uploads\/2020\/04\/DSC_0045.JPG","type":"image\/jpeg"}],"author":"Kisha Orthodhokse","twitter_card":"summary_large_image","twitter_misc":{"Written by":"Kisha Orthodhokse","Est. reading time":"1 minute"},"schema":{"@context":"https:\/\/schema.org","@graph":[{"@type":"Article","@id":"https:\/\/orthodoxalbania.org\/2020\/2015\/02\/11\/dorezohet-ndihma-per-zonat-e-permbytura\/#article","isPartOf":{"@id":"https:\/\/orthodoxalbania.org\/2020\/2015\/02\/11\/dorezohet-ndihma-per-zonat-e-permbytura\/"},"author":{"name":"Kisha Orthodhokse","@id":"https:\/\/orthodoxalbania.org\/2020\/#\/schema\/person\/0c387634a7063ac612d7ed9ce71c7e86"},"headline":"Dor\u00ebzohet nj\u00eb kontingjent i dyt\u00eb ndihmash p\u00ebr zonat e p\u00ebrmbytura","datePublished":"2015-02-11T14:06:31+00:00","dateModified":"2020-04-06T20:02:18+00:00","mainEntityOfPage":{"@id":"https:\/\/orthodoxalbania.org\/2020\/2015\/02\/11\/dorezohet-ndihma-per-zonat-e-permbytura\/"},"wordCount":226,"commentCount":0,"publisher":{"@id":"https:\/\/orthodoxalbania.org\/2020\/#organization"},"image":{"@id":"https:\/\/orthodoxalbania.org\/2020\/2015\/02\/11\/dorezohet-ndihma-per-zonat-e-permbytura\/#primaryimage"},"thumbnailUrl":"https:\/\/orthodoxalbania.org\/2020\/wp-content\/uploads\/2020\/04\/DSC_0045.JPG","keywords":["2015","DonacioneNdihma","Kryepiskopata Tiran\u00eb","lajme"],"articleSection":["Lajme"],"inLanguage":"en-US"},{"@type":"WebPage","@id":"https:\/\/orthodoxalbania.org\/2020\/2015\/02\/11\/dorezohet-ndihma-per-zonat-e-permbytura\/","url":"https:\/\/orthodoxalbania.org\/2020\/2015\/02\/11\/dorezohet-ndihma-per-zonat-e-permbytura\/","name":"Dor\u00ebzohet nj\u00eb kontingjent i dyt\u00eb ndihmash p\u00ebr zonat e p\u00ebrmbytura - Kisha Orthodh\u03bfkse Autoqefale e Shqip\u00ebris\u00eb","isPartOf":{"@id":"https:\/\/orthodoxalbania.org\/2020\/#website"},"primaryImageOfPage":{"@id":"https:\/\/orthodoxalbania.org\/2020\/2015\/02\/11\/dorezohet-ndihma-per-zonat-e-permbytura\/#primaryimage"},"image":{"@id":"https:\/\/orthodoxalbania.org\/2020\/2015\/02\/11\/dorezohet-ndihma-per-zonat-e-permbytura\/#primaryimage"},"thumbnailUrl":"https:\/\/orthodoxalbania.org\/2020\/wp-content\/uploads\/2020\/04\/DSC_0045.JPG","datePublished":"2015-02-11T14:06:31+00:00","dateModified":"2020-04-06T20:02:18+00:00","breadcrumb":{"@id":"https:\/\/orthodoxalbania.org\/2020\/2015\/02\/11\/dorezohet-ndihma-per-zonat-e-permbytura\/#breadcrumb"},"inLanguage":"en-US","potentialAction":[{"@type":"ReadAction","target":["https:\/\/orthodoxalbania.org\/2020\/2015\/02\/11\/dorezohet-ndihma-per-zonat-e-permbytura\/"]}]},{"@type":"ImageObject","inLanguage":"en-US","@id":"https:\/\/orthodoxalbania.org\/2020\/2015\/02\/11\/dorezohet-ndihma-per-zonat-e-permbytura\/#primaryimage","url":"https:\/\/orthodoxalbania.org\/2020\/wp-content\/uploads\/2020\/04\/DSC_0045.JPG","contentUrl":"https:\/\/orthodoxalbania.org\/2020\/wp-content\/uploads\/2020\/04\/DSC_0045.JPG","width":150,"height":150},{"@type":"BreadcrumbList","@id":"https:\/\/orthodoxalbania.org\/2020\/2015\/02\/11\/dorezohet-ndihma-per-zonat-e-permbytura\/#breadcrumb","itemListElement":[{"@type":"ListItem","position":1,"name":"Home","item":"https:\/\/orthodoxalbania.org\/2020\/"},{"@type":"ListItem","position":2,"name":"Dor\u00ebzohet nj\u00eb kontingjent i dyt\u00eb ndihmash p\u00ebr zonat e p\u00ebrmbytura"}]},{"@type":"WebSite","@id":"https:\/\/orthodoxalbania.org\/2020\/#website","url":"https:\/\/orthodoxalbania.org\/2020\/","name":"Kisha Orthodh\u03bfkse Autoqefale e Shqip\u00ebris\u00eb","description":"Fqja Zyrtare e Kish\u00ebs Orthodhokse Autoqefale e Shqip\u00ebris\u00eb me lajmet edhe informacionet zyrtare p\u00ebr struktur\u00ebn edhe veprimtarin e saj.","publisher":{"@id":"https:\/\/orthodoxalbania.org\/2020\/#organization"},"potentialAction":[{"@type":"SearchAction","target":{"@type":"EntryPoint","urlTemplate":"https:\/\/orthodoxalbania.org\/2020\/?s={search_term_string}"},"query-input":{"@type":"PropertyValueSpecification","valueRequired":true,"valueName":"search_term_string"}}],"inLanguage":"en-US"},{"@type":"Organization","@id":"https:\/\/orthodoxalbania.org\/2020\/#organization","name":"Kisha Orthodhokse Autoqefale e Shqip\u00ebris\u00eb","url":"https:\/\/orthodoxalbania.org\/2020\/","logo":{"@type":"ImageObject","inLanguage":"en-US","@id":"https:\/\/orthodoxalbania.org\/2020\/#\/schema\/logo\/image\/","url":"https:\/\/orthodoxalbania.org\/2020\/wp-content\/uploads\/2020\/05\/albania.jpeg","contentUrl":"https:\/\/orthodoxalbania.org\/2020\/wp-content\/uploads\/2020\/05\/albania.jpeg","width":540,"height":540,"caption":"Kisha Orthodhokse Autoqefale e Shqip\u00ebris\u00eb"},"image":{"@id":"https:\/\/orthodoxalbania.org\/2020\/#\/schema\/logo\/image\/"},"sameAs":["https:\/\/www.facebook.com\/koash1991"]},{"@type":"Person","@id":"https:\/\/orthodoxalbania.org\/2020\/#\/schema\/person\/0c387634a7063ac612d7ed9ce71c7e86","name":"Kisha Orthodhokse","image":{"@type":"ImageObject","inLanguage":"en-US","@id":"https:\/\/secure.gravatar.com\/avatar\/596e7c417251e30f2fbb9c00e026fce61a695a00e51c889caded71c96cbbdde5?s=96&d=mm&r=g","url":"https:\/\/secure.gravatar.com\/avatar\/596e7c417251e30f2fbb9c00e026fce61a695a00e51c889caded71c96cbbdde5?s=96&d=mm&r=g","contentUrl":"https:\/\/secure.gravatar.com\/avatar\/596e7c417251e30f2fbb9c00e026fce61a695a00e51c889caded71c96cbbdde5?s=96&d=mm&r=g","caption":"Kisha Orthodhokse"}}]}},"_links":{"self":[{"href":"https:\/\/orthodoxalbania.org\/2020\/wp-json\/wp\/v2\/posts\/464","targetHints":{"allow":["GET"]}}],"collection":[{"href":"https:\/\/orthodoxalbania.org\/2020\/wp-json\/wp\/v2\/posts"}],"about":[{"href":"https:\/\/orthodoxalbania.org\/2020\/wp-json\/wp\/v2\/types\/post"}],"author":[{"embeddable":true,"href":"https:\/\/orthodoxalbania.org\/2020\/wp-json\/wp\/v2\/users\/1"}],"replies":[{"embeddable":true,"href":"https:\/\/orthodoxalbania.org\/2020\/wp-json\/wp\/v2\/comments?post=464"}],"version-history":[{"count":1,"href":"https:\/\/orthodoxalbania.org\/2020\/wp-json\/wp\/v2\/posts\/464\/revisions"}],"predecessor-version":[{"id":15031,"href":"https:\/\/orthodoxalbania.org\/2020\/wp-json\/wp\/v2\/posts\/464\/revisions\/15031"}],"wp:featuredmedia":[{"embeddable":true,"href":"https:\/\/orthodoxalbania.org\/2020\/wp-json\/wp\/v2\/media\/465"}],"wp:attachment":[{"href":"https:\/\/orthodoxalbania.org\/2020\/wp-json\/wp\/v2\/media?parent=464"}],"wp:term":[{"taxonomy":"category","embeddable":true,"href":"https:\/\/orthodoxalbania.org\/2020\/wp-json\/wp\/v2\/categories?post=464"},{"taxonomy":"post_tag","embeddable":true,"href":"https:\/\/orthodoxalbania.org\/2020\/wp-json\/wp\/v2\/tags?post=464"}],"curies":[{"name":"wp","href":"https:\/\/api.w.org\/{rel}","templated":true}]}}