{"id":463,"date":"2015-02-21T11:06:35","date_gmt":"2015-02-21T11:06:35","guid":{"rendered":""},"modified":"2020-04-06T22:02:18","modified_gmt":"2020-04-06T20:02:18","slug":"dorezohen-perseri-ndihma-nga-besimtaret-dhe-nxenesit","status":"publish","type":"post","link":"https:\/\/orthodoxalbania.org\/2020\/2015\/02\/21\/dorezohen-perseri-ndihma-nga-besimtaret-dhe-nxenesit\/","title":{"rendered":"Dor\u00ebzohen p\u00ebrs\u00ebri ndihma  nga besimtar\u00ebt dhe nx\u00ebn\u00ebsit"},"content":{"rendered":"<p style=\"text-align: justify;\"><span style=\"color: #000000; font-size: 12pt; font-family: helvetica;\"><\/span><\/p>\n<p> <\/p>\n<p style=\"text-align: justify;\"><span style=\"color: #000000; font-size: 12pt; font-family: helvetica;\">&nbsp;&nbsp; &nbsp;Sot, 21 shkurt, n\u00eb magazinat e emergjencave n\u00eb Tiran\u00eb, u dor\u00ebzuan p\u00ebrs\u00ebri ndihma, ushqime dhe veshje, p\u00ebr banor\u00ebt e zonave t\u00eb p\u00ebrmbytura n\u00eb Jug t\u00eb vendit. Ato ishin mbledhur nga besimtar\u00ebt e Tiran\u00ebs dhe Durr\u00ebsit, si dhe nga nx\u00ebn\u00ebsit e shkoll\u00ebs shqiptaro-amerikane \u201cProtagonist\u00ebt\u201d t\u00eb Kish\u00ebs son\u00eb. K\u00ebto ndihma konsistonin n\u00eb rreth 80 pako me ushqime dhe veshje dhe u dor\u00ebzuan nga Episkopi i Kruj\u00ebs, Imzot Andoni.<\/span><\/p>\n<p style=\"text-align: justify;\"><span style=\"color: #000000; font-size: 12pt; font-family: helvetica;\"><\/span><span style=\"font-size: 12pt; font-family: helvetica;\"><\/span><span style=\"color: #000000; font-size: 12pt; font-family: helvetica;\">&nbsp;&nbsp;&nbsp; Q\u00eb n\u00eb dit\u00ebt e para t\u00eb emergjenc\u00ebs besimtar\u00ebt orthodhoks\u00eb, pas thirrjeve q\u00eb u b\u00ebn\u00eb n\u00ebp\u00ebr kisha, u mobilizuan p\u00ebr t\u00eb ndihmuar. Ndihmat e para u mblodh\u00ebn n\u00eb Mitropolin\u00eb e Beratit (Berat, Lushnj\u00eb, Fier, Vlor\u00eb) dhe u dor\u00ebzuan n\u00eb shtabet e emergjenc\u00ebs n\u00eb Novosel\u00eb e Levan.<\/span><\/p>\n<p style=\"text-align: justify;\"><span style=\"font-size: 12pt; font-family: helvetica;\"><\/span><span style=\"color: #000000; font-size: 12pt; font-family: helvetica;\">&nbsp;&nbsp;&nbsp; Nj\u00eb kontigjent i dyt\u00eb, me sasi ndihmash t\u00eb tjera, u dor\u00ebzua m\u00eb 11 shkurt. P\u00ebr t\u00eb p\u00ebrmbyturit, me dhuratat e besimtar\u00ebve orthodhoks\u00eb, ishin p\u00ebrgatitur 160 pako me ushqime ( me pesh\u00eb mbi 2 ton\u00eb) dhe 330 bidon\u00eb (7 lit\u00ebrsh) me uj\u00eb.<\/span><\/p>\n<p style=\"text-align: justify;\"><span style=\"font-size: 12pt; font-family: helvetica;\"><\/span><span style=\"color: #000000; font-size: 12pt; font-family: helvetica;\">&nbsp;&nbsp;&nbsp; Po k\u00ebshtu, n\u00eb Shtabin e Emergjencave t\u00eb Fierit u dor\u00ebzuan ndihmat q\u00eb u mblodh\u00ebn n\u00eb Mitropolin\u00eb e Kor\u00e7\u00ebs, pas thirrjes dhe sensibilizimit q\u00eb u b\u00eb n\u00eb t\u00eb gjitha kishat dhe n\u00eb televizionin lokal.<\/span><\/p>\n<p style=\"text-align: justify;\"><span style=\"font-size: 12pt; font-family: helvetica;\"><\/span><span style=\"color: #000000; font-size: 12pt; font-family: helvetica;\">&nbsp;&nbsp;&nbsp; Gjithashtu, nj\u00eb ndihm\u00eb nga Kisha jon\u00eb u dha n\u00eb qytetin e Selenic\u00ebs. Pas daljes s\u00eb Vjos\u00ebs nga shtrati, u prish stacioni i pompimit dhe qyteti mbeti pa uj\u00eb. K\u00ebshtu, me kontributin e besimtar\u00ebve, u mblodh\u00ebn 600 bidon\u00eb uji 8-lit\u00ebrsh, q\u00eb u dor\u00ebzuan n\u00eb shtabin e emergjenc\u00ebs.<\/span><\/p>\n<p style=\"text-align: justify;\">&nbsp;<\/p>\n<p style=\"text-align: justify;\"><span style=\"color: #000000; font-size: 12pt; font-family: helvetica;\">&nbsp;&nbsp;&nbsp; Mbledhja e ndihmave vazhdon.<\/span><\/p>\n<p style=\"text-align: justify;\">&nbsp;<\/p>\n<p style=\"text-align: justify;\"><span style=\"font-size: 12pt; font-family: helvetica;\"><\/span><\/p>\n<p style=\"text-align: justify;\"><span style=\"font-size: 12pt; font-family: helvetica;\"><\/span><\/p>\n<p style=\"text-align: right;\"><strong><span style=\"color: #000000; font-size: 12pt; font-family: helvetica;\">Tiran\u00eb, 21 shkurt 2015<\/span><\/strong><\/p>\n<p style=\"text-align: right;\">&nbsp;<\/p>\n<p style=\"text-align: justify;\"><span style=\"font-size: 12pt; font-family: helvetica;\"><\/span><\/p>\n<p style=\"text-align: justify;\"><span style=\"font-size: 12pt; font-family: helvetica;\"><\/span><\/p>\n<p style=\"text-align: center;\"><span style=\"color: #000000; font-size: 12pt; font-family: helvetica;\"><strong>Zyra e Shtypit<\/strong><\/span><\/p>\n<p style=\"text-align: center;\"><span style=\"color: #000000; font-size: 12pt; font-family: helvetica;\"><strong>e kish\u00ebs Orthodhokse Autoqefale t\u00eb Shqip\u00ebris\u00eb<\/strong>.<\/span><\/p>\n<p style=\"text-align: center;\">&nbsp;<\/p>\n<div><img decoding=\"async\" class=\"lazyload HAa Eha\" style=\"border-width: 1px; border-style: solid; margin: 10px auto; display: block;\" alt=\"\" src=\"data:image\/gif;base64,R0lGODlhAQABAAAAACH5BAEKAAEALAAAAAABAAEAAAICTAEAOw==\" data-orig-src=\"https:\/\/lh3.googleusercontent.com\/-6isgTbg_mwQ\/VOhlduSufPI\/AAAAAAAALQg\/0KmKG4KM_ts\/w640-h427-no\/DSC_0095.JPG\" \/><\/div>\n<div><img decoding=\"async\" class=\"lazyload HAa Eha cke-resize\" style=\"border-width: 1px; border-style: solid; margin: 10px auto; display: block;\" alt=\"\" src=\"data:image\/gif;base64,R0lGODlhAQABAAAAACH5BAEKAAEALAAAAAABAAEAAAICTAEAOw==\" data-orig-src=\"https:\/\/lh4.googleusercontent.com\/-AAmpQuO1r-o\/VOhlduDzLKI\/AAAAAAAALQY\/gxPugShO76A\/w640-h427-no\/DSC_0100.JPG\" \/><\/div>\n<div><img decoding=\"async\" class=\"lazyload HAa Eha\" style=\"border-width: 1px; border-style: solid; margin: 10px auto; display: block;\" alt=\"\" src=\"data:image\/gif;base64,R0lGODlhAQABAAAAACH5BAEKAAEALAAAAAABAAEAAAICTAEAOw==\" data-orig-src=\"https:\/\/lh6.googleusercontent.com\/-a6yDN4awfy4\/VOhleHqRqyI\/AAAAAAAALQU\/1D-ingbxVks\/w427-h640-no\/DSC_0103.JPG\" \/><\/div>\n<div id=\"ckimgrsz\" style=\"left: 362px; top: 817px;\">\n<div class=\"preview\">&nbsp;<\/div>\n<\/div>\n","protected":false},"excerpt":{"rendered":"<p>&nbsp;&nbsp; &nbsp;Sot, 21 shkurt, n\u00eb magazinat e emergjencave n\u00eb Tiran\u00eb, u dor\u00ebzuan p\u00ebrs\u00ebri ndihma, ushqime dhe veshje, p\u00ebr banor\u00ebt e zonave t\u00eb p\u00ebrmbytura n\u00eb Jug t\u00eb vendit. Ato ishin mbledhur nga besimtar\u00ebt e Tiran\u00ebs dhe Durr\u00ebsit, si dhe nga nx\u00ebn\u00ebsit e shkoll\u00ebs shqiptaro-amerikane \u201cProtagonist\u00ebt\u201d t\u00eb Kish\u00ebs son\u00eb. K\u00ebto ndihma konsistonin n\u00eb rreth 80 pako me ushqime dhe veshje dhe u dor\u00ebzuan nga Episkopi i Kruj\u00ebs,<\/p>\n","protected":false},"author":1,"featured_media":255,"comment_status":"open","ping_status":"open","sticky":false,"template":"","format":"standard","meta":{"_acf_changed":false,"pagelayer_contact_templates":[],"_pagelayer_content":"","inline_featured_image":false,"fifu_image_url":"","fifu_image_alt":"","footnotes":""},"categories":[108],"tags":[139,633,196,212],"class_list":["post-463","post","type-post","status-publish","format-standard","has-post-thumbnail","hentry","category-lajme","tag-139","tag-donacionendihma","tag-tirane","tag-lajme-d27"],"acf":[],"yoast_head":"<!-- This site is optimized with the Yoast SEO plugin v27.2 - https:\/\/yoast.com\/product\/yoast-seo-wordpress\/ -->\n<title>Dor\u00ebzohen p\u00ebrs\u00ebri ndihma nga besimtar\u00ebt dhe nx\u00ebn\u00ebsit - Kisha Orthodh\u03bfkse Autoqefale e Shqip\u00ebris\u00eb<\/title>\n<meta name=\"robots\" content=\"index, follow, max-snippet:-1, max-image-preview:large, max-video-preview:-1\" \/>\n<link rel=\"canonical\" href=\"https:\/\/orthodoxalbania.org\/2020\/2015\/02\/21\/dorezohen-perseri-ndihma-nga-besimtaret-dhe-nxenesit\/\" \/>\n<meta property=\"og:locale\" content=\"en_US\" \/>\n<meta property=\"og:type\" content=\"article\" \/>\n<meta property=\"og:title\" content=\"Dor\u00ebzohen p\u00ebrs\u00ebri ndihma nga besimtar\u00ebt dhe nx\u00ebn\u00ebsit - Kisha Orthodh\u03bfkse Autoqefale e Shqip\u00ebris\u00eb\" \/>\n<meta property=\"og:description\" content=\"&nbsp;&nbsp; &nbsp;Sot, 21 shkurt, n\u00eb magazinat e emergjencave n\u00eb Tiran\u00eb, u dor\u00ebzuan p\u00ebrs\u00ebri ndihma, ushqime dhe veshje, p\u00ebr banor\u00ebt e zonave t\u00eb p\u00ebrmbytura n\u00eb Jug t\u00eb vendit. Ato ishin mbledhur nga besimtar\u00ebt e Tiran\u00ebs dhe Durr\u00ebsit, si dhe nga nx\u00ebn\u00ebsit e shkoll\u00ebs shqiptaro-amerikane \u201cProtagonist\u00ebt\u201d t\u00eb Kish\u00ebs son\u00eb. K\u00ebto ndihma konsistonin n\u00eb rreth 80 pako me ushqime dhe veshje dhe u dor\u00ebzuan nga Episkopi i Kruj\u00ebs,\" \/>\n<meta property=\"og:url\" content=\"https:\/\/orthodoxalbania.org\/2020\/2015\/02\/21\/dorezohen-perseri-ndihma-nga-besimtaret-dhe-nxenesit\/\" \/>\n<meta property=\"og:site_name\" content=\"Kisha Orthodh\u03bfkse Autoqefale e Shqip\u00ebris\u00eb\" \/>\n<meta property=\"article:publisher\" content=\"https:\/\/www.facebook.com\/koash1991\" \/>\n<meta property=\"article:published_time\" content=\"2015-02-21T11:06:35+00:00\" \/>\n<meta property=\"article:modified_time\" content=\"2020-04-06T20:02:18+00:00\" \/>\n<meta property=\"og:image\" content=\"https:\/\/orthodoxalbania.org\/2020\/wp-content\/uploads\/2020\/04\/DSC_0100.JPG\" \/>\n\t<meta property=\"og:image:width\" content=\"150\" \/>\n\t<meta property=\"og:image:height\" content=\"150\" \/>\n\t<meta property=\"og:image:type\" content=\"image\/jpeg\" \/>\n<meta name=\"author\" content=\"Kisha Orthodhokse\" \/>\n<meta name=\"twitter:card\" content=\"summary_large_image\" \/>\n<meta name=\"twitter:label1\" content=\"Written by\" \/>\n\t<meta name=\"twitter:data1\" content=\"Kisha Orthodhokse\" \/>\n\t<meta name=\"twitter:label2\" content=\"Est. reading time\" \/>\n\t<meta name=\"twitter:data2\" content=\"2 minutes\" \/>\n<script type=\"application\/ld+json\" class=\"yoast-schema-graph\">{\"@context\":\"https:\/\/schema.org\",\"@graph\":[{\"@type\":\"Article\",\"@id\":\"https:\/\/orthodoxalbania.org\/2020\/2015\/02\/21\/dorezohen-perseri-ndihma-nga-besimtaret-dhe-nxenesit\/#article\",\"isPartOf\":{\"@id\":\"https:\/\/orthodoxalbania.org\/2020\/2015\/02\/21\/dorezohen-perseri-ndihma-nga-besimtaret-dhe-nxenesit\/\"},\"author\":{\"name\":\"Kisha Orthodhokse\",\"@id\":\"https:\/\/orthodoxalbania.org\/2020\/#\/schema\/person\/0c387634a7063ac612d7ed9ce71c7e86\"},\"headline\":\"Dor\u00ebzohen p\u00ebrs\u00ebri ndihma nga besimtar\u00ebt dhe nx\u00ebn\u00ebsit\",\"datePublished\":\"2015-02-21T11:06:35+00:00\",\"dateModified\":\"2020-04-06T20:02:18+00:00\",\"mainEntityOfPage\":{\"@id\":\"https:\/\/orthodoxalbania.org\/2020\/2015\/02\/21\/dorezohen-perseri-ndihma-nga-besimtaret-dhe-nxenesit\/\"},\"wordCount\":320,\"commentCount\":0,\"publisher\":{\"@id\":\"https:\/\/orthodoxalbania.org\/2020\/#organization\"},\"image\":{\"@id\":\"https:\/\/orthodoxalbania.org\/2020\/2015\/02\/21\/dorezohen-perseri-ndihma-nga-besimtaret-dhe-nxenesit\/#primaryimage\"},\"thumbnailUrl\":\"https:\/\/orthodoxalbania.org\/2020\/wp-content\/uploads\/2020\/04\/DSC_0100.JPG\",\"keywords\":[\"2015\",\"DonacioneNdihma\",\"Kryepiskopata Tiran\u00eb\",\"lajme\"],\"articleSection\":[\"Lajme\"],\"inLanguage\":\"en-US\"},{\"@type\":\"WebPage\",\"@id\":\"https:\/\/orthodoxalbania.org\/2020\/2015\/02\/21\/dorezohen-perseri-ndihma-nga-besimtaret-dhe-nxenesit\/\",\"url\":\"https:\/\/orthodoxalbania.org\/2020\/2015\/02\/21\/dorezohen-perseri-ndihma-nga-besimtaret-dhe-nxenesit\/\",\"name\":\"Dor\u00ebzohen p\u00ebrs\u00ebri ndihma nga besimtar\u00ebt dhe nx\u00ebn\u00ebsit - Kisha Orthodh\u03bfkse Autoqefale e Shqip\u00ebris\u00eb\",\"isPartOf\":{\"@id\":\"https:\/\/orthodoxalbania.org\/2020\/#website\"},\"primaryImageOfPage\":{\"@id\":\"https:\/\/orthodoxalbania.org\/2020\/2015\/02\/21\/dorezohen-perseri-ndihma-nga-besimtaret-dhe-nxenesit\/#primaryimage\"},\"image\":{\"@id\":\"https:\/\/orthodoxalbania.org\/2020\/2015\/02\/21\/dorezohen-perseri-ndihma-nga-besimtaret-dhe-nxenesit\/#primaryimage\"},\"thumbnailUrl\":\"https:\/\/orthodoxalbania.org\/2020\/wp-content\/uploads\/2020\/04\/DSC_0100.JPG\",\"datePublished\":\"2015-02-21T11:06:35+00:00\",\"dateModified\":\"2020-04-06T20:02:18+00:00\",\"breadcrumb\":{\"@id\":\"https:\/\/orthodoxalbania.org\/2020\/2015\/02\/21\/dorezohen-perseri-ndihma-nga-besimtaret-dhe-nxenesit\/#breadcrumb\"},\"inLanguage\":\"en-US\",\"potentialAction\":[{\"@type\":\"ReadAction\",\"target\":[\"https:\/\/orthodoxalbania.org\/2020\/2015\/02\/21\/dorezohen-perseri-ndihma-nga-besimtaret-dhe-nxenesit\/\"]}]},{\"@type\":\"ImageObject\",\"inLanguage\":\"en-US\",\"@id\":\"https:\/\/orthodoxalbania.org\/2020\/2015\/02\/21\/dorezohen-perseri-ndihma-nga-besimtaret-dhe-nxenesit\/#primaryimage\",\"url\":\"https:\/\/orthodoxalbania.org\/2020\/wp-content\/uploads\/2020\/04\/DSC_0100.JPG\",\"contentUrl\":\"https:\/\/orthodoxalbania.org\/2020\/wp-content\/uploads\/2020\/04\/DSC_0100.JPG\",\"width\":150,\"height\":150},{\"@type\":\"BreadcrumbList\",\"@id\":\"https:\/\/orthodoxalbania.org\/2020\/2015\/02\/21\/dorezohen-perseri-ndihma-nga-besimtaret-dhe-nxenesit\/#breadcrumb\",\"itemListElement\":[{\"@type\":\"ListItem\",\"position\":1,\"name\":\"Home\",\"item\":\"https:\/\/orthodoxalbania.org\/2020\/\"},{\"@type\":\"ListItem\",\"position\":2,\"name\":\"Dor\u00ebzohen p\u00ebrs\u00ebri ndihma nga besimtar\u00ebt dhe nx\u00ebn\u00ebsit\"}]},{\"@type\":\"WebSite\",\"@id\":\"https:\/\/orthodoxalbania.org\/2020\/#website\",\"url\":\"https:\/\/orthodoxalbania.org\/2020\/\",\"name\":\"Kisha Orthodh\u03bfkse Autoqefale e Shqip\u00ebris\u00eb\",\"description\":\"Fqja Zyrtare e Kish\u00ebs Orthodhokse Autoqefale e Shqip\u00ebris\u00eb me lajmet edhe informacionet zyrtare p\u00ebr struktur\u00ebn edhe veprimtarin e saj.\",\"publisher\":{\"@id\":\"https:\/\/orthodoxalbania.org\/2020\/#organization\"},\"potentialAction\":[{\"@type\":\"SearchAction\",\"target\":{\"@type\":\"EntryPoint\",\"urlTemplate\":\"https:\/\/orthodoxalbania.org\/2020\/?s={search_term_string}\"},\"query-input\":{\"@type\":\"PropertyValueSpecification\",\"valueRequired\":true,\"valueName\":\"search_term_string\"}}],\"inLanguage\":\"en-US\"},{\"@type\":\"Organization\",\"@id\":\"https:\/\/orthodoxalbania.org\/2020\/#organization\",\"name\":\"Kisha Orthodhokse Autoqefale e Shqip\u00ebris\u00eb\",\"url\":\"https:\/\/orthodoxalbania.org\/2020\/\",\"logo\":{\"@type\":\"ImageObject\",\"inLanguage\":\"en-US\",\"@id\":\"https:\/\/orthodoxalbania.org\/2020\/#\/schema\/logo\/image\/\",\"url\":\"https:\/\/orthodoxalbania.org\/2020\/wp-content\/uploads\/2020\/05\/albania.jpeg\",\"contentUrl\":\"https:\/\/orthodoxalbania.org\/2020\/wp-content\/uploads\/2020\/05\/albania.jpeg\",\"width\":540,\"height\":540,\"caption\":\"Kisha Orthodhokse Autoqefale e Shqip\u00ebris\u00eb\"},\"image\":{\"@id\":\"https:\/\/orthodoxalbania.org\/2020\/#\/schema\/logo\/image\/\"},\"sameAs\":[\"https:\/\/www.facebook.com\/koash1991\"]},{\"@type\":\"Person\",\"@id\":\"https:\/\/orthodoxalbania.org\/2020\/#\/schema\/person\/0c387634a7063ac612d7ed9ce71c7e86\",\"name\":\"Kisha Orthodhokse\",\"image\":{\"@type\":\"ImageObject\",\"inLanguage\":\"en-US\",\"@id\":\"https:\/\/secure.gravatar.com\/avatar\/596e7c417251e30f2fbb9c00e026fce61a695a00e51c889caded71c96cbbdde5?s=96&d=mm&r=g\",\"url\":\"https:\/\/secure.gravatar.com\/avatar\/596e7c417251e30f2fbb9c00e026fce61a695a00e51c889caded71c96cbbdde5?s=96&d=mm&r=g\",\"contentUrl\":\"https:\/\/secure.gravatar.com\/avatar\/596e7c417251e30f2fbb9c00e026fce61a695a00e51c889caded71c96cbbdde5?s=96&d=mm&r=g\",\"caption\":\"Kisha Orthodhokse\"}}]}<\/script>\n<!-- \/ Yoast SEO plugin. -->","yoast_head_json":{"title":"Dor\u00ebzohen p\u00ebrs\u00ebri ndihma nga besimtar\u00ebt dhe nx\u00ebn\u00ebsit - Kisha Orthodh\u03bfkse Autoqefale e Shqip\u00ebris\u00eb","robots":{"index":"index","follow":"follow","max-snippet":"max-snippet:-1","max-image-preview":"max-image-preview:large","max-video-preview":"max-video-preview:-1"},"canonical":"https:\/\/orthodoxalbania.org\/2020\/2015\/02\/21\/dorezohen-perseri-ndihma-nga-besimtaret-dhe-nxenesit\/","og_locale":"en_US","og_type":"article","og_title":"Dor\u00ebzohen p\u00ebrs\u00ebri ndihma nga besimtar\u00ebt dhe nx\u00ebn\u00ebsit - Kisha Orthodh\u03bfkse Autoqefale e Shqip\u00ebris\u00eb","og_description":"&nbsp;&nbsp; &nbsp;Sot, 21 shkurt, n\u00eb magazinat e emergjencave n\u00eb Tiran\u00eb, u dor\u00ebzuan p\u00ebrs\u00ebri ndihma, ushqime dhe veshje, p\u00ebr banor\u00ebt e zonave t\u00eb p\u00ebrmbytura n\u00eb Jug t\u00eb vendit. Ato ishin mbledhur nga besimtar\u00ebt e Tiran\u00ebs dhe Durr\u00ebsit, si dhe nga nx\u00ebn\u00ebsit e shkoll\u00ebs shqiptaro-amerikane \u201cProtagonist\u00ebt\u201d t\u00eb Kish\u00ebs son\u00eb. K\u00ebto ndihma konsistonin n\u00eb rreth 80 pako me ushqime dhe veshje dhe u dor\u00ebzuan nga Episkopi i Kruj\u00ebs,","og_url":"https:\/\/orthodoxalbania.org\/2020\/2015\/02\/21\/dorezohen-perseri-ndihma-nga-besimtaret-dhe-nxenesit\/","og_site_name":"Kisha Orthodh\u03bfkse Autoqefale e Shqip\u00ebris\u00eb","article_publisher":"https:\/\/www.facebook.com\/koash1991","article_published_time":"2015-02-21T11:06:35+00:00","article_modified_time":"2020-04-06T20:02:18+00:00","og_image":[{"width":150,"height":150,"url":"https:\/\/orthodoxalbania.org\/2020\/wp-content\/uploads\/2020\/04\/DSC_0100.JPG","type":"image\/jpeg"}],"author":"Kisha Orthodhokse","twitter_card":"summary_large_image","twitter_misc":{"Written by":"Kisha Orthodhokse","Est. reading time":"2 minutes"},"schema":{"@context":"https:\/\/schema.org","@graph":[{"@type":"Article","@id":"https:\/\/orthodoxalbania.org\/2020\/2015\/02\/21\/dorezohen-perseri-ndihma-nga-besimtaret-dhe-nxenesit\/#article","isPartOf":{"@id":"https:\/\/orthodoxalbania.org\/2020\/2015\/02\/21\/dorezohen-perseri-ndihma-nga-besimtaret-dhe-nxenesit\/"},"author":{"name":"Kisha Orthodhokse","@id":"https:\/\/orthodoxalbania.org\/2020\/#\/schema\/person\/0c387634a7063ac612d7ed9ce71c7e86"},"headline":"Dor\u00ebzohen p\u00ebrs\u00ebri ndihma nga besimtar\u00ebt dhe nx\u00ebn\u00ebsit","datePublished":"2015-02-21T11:06:35+00:00","dateModified":"2020-04-06T20:02:18+00:00","mainEntityOfPage":{"@id":"https:\/\/orthodoxalbania.org\/2020\/2015\/02\/21\/dorezohen-perseri-ndihma-nga-besimtaret-dhe-nxenesit\/"},"wordCount":320,"commentCount":0,"publisher":{"@id":"https:\/\/orthodoxalbania.org\/2020\/#organization"},"image":{"@id":"https:\/\/orthodoxalbania.org\/2020\/2015\/02\/21\/dorezohen-perseri-ndihma-nga-besimtaret-dhe-nxenesit\/#primaryimage"},"thumbnailUrl":"https:\/\/orthodoxalbania.org\/2020\/wp-content\/uploads\/2020\/04\/DSC_0100.JPG","keywords":["2015","DonacioneNdihma","Kryepiskopata Tiran\u00eb","lajme"],"articleSection":["Lajme"],"inLanguage":"en-US"},{"@type":"WebPage","@id":"https:\/\/orthodoxalbania.org\/2020\/2015\/02\/21\/dorezohen-perseri-ndihma-nga-besimtaret-dhe-nxenesit\/","url":"https:\/\/orthodoxalbania.org\/2020\/2015\/02\/21\/dorezohen-perseri-ndihma-nga-besimtaret-dhe-nxenesit\/","name":"Dor\u00ebzohen p\u00ebrs\u00ebri ndihma nga besimtar\u00ebt dhe nx\u00ebn\u00ebsit - Kisha Orthodh\u03bfkse Autoqefale e Shqip\u00ebris\u00eb","isPartOf":{"@id":"https:\/\/orthodoxalbania.org\/2020\/#website"},"primaryImageOfPage":{"@id":"https:\/\/orthodoxalbania.org\/2020\/2015\/02\/21\/dorezohen-perseri-ndihma-nga-besimtaret-dhe-nxenesit\/#primaryimage"},"image":{"@id":"https:\/\/orthodoxalbania.org\/2020\/2015\/02\/21\/dorezohen-perseri-ndihma-nga-besimtaret-dhe-nxenesit\/#primaryimage"},"thumbnailUrl":"https:\/\/orthodoxalbania.org\/2020\/wp-content\/uploads\/2020\/04\/DSC_0100.JPG","datePublished":"2015-02-21T11:06:35+00:00","dateModified":"2020-04-06T20:02:18+00:00","breadcrumb":{"@id":"https:\/\/orthodoxalbania.org\/2020\/2015\/02\/21\/dorezohen-perseri-ndihma-nga-besimtaret-dhe-nxenesit\/#breadcrumb"},"inLanguage":"en-US","potentialAction":[{"@type":"ReadAction","target":["https:\/\/orthodoxalbania.org\/2020\/2015\/02\/21\/dorezohen-perseri-ndihma-nga-besimtaret-dhe-nxenesit\/"]}]},{"@type":"ImageObject","inLanguage":"en-US","@id":"https:\/\/orthodoxalbania.org\/2020\/2015\/02\/21\/dorezohen-perseri-ndihma-nga-besimtaret-dhe-nxenesit\/#primaryimage","url":"https:\/\/orthodoxalbania.org\/2020\/wp-content\/uploads\/2020\/04\/DSC_0100.JPG","contentUrl":"https:\/\/orthodoxalbania.org\/2020\/wp-content\/uploads\/2020\/04\/DSC_0100.JPG","width":150,"height":150},{"@type":"BreadcrumbList","@id":"https:\/\/orthodoxalbania.org\/2020\/2015\/02\/21\/dorezohen-perseri-ndihma-nga-besimtaret-dhe-nxenesit\/#breadcrumb","itemListElement":[{"@type":"ListItem","position":1,"name":"Home","item":"https:\/\/orthodoxalbania.org\/2020\/"},{"@type":"ListItem","position":2,"name":"Dor\u00ebzohen p\u00ebrs\u00ebri ndihma nga besimtar\u00ebt dhe nx\u00ebn\u00ebsit"}]},{"@type":"WebSite","@id":"https:\/\/orthodoxalbania.org\/2020\/#website","url":"https:\/\/orthodoxalbania.org\/2020\/","name":"Kisha Orthodh\u03bfkse Autoqefale e Shqip\u00ebris\u00eb","description":"Fqja Zyrtare e Kish\u00ebs Orthodhokse Autoqefale e Shqip\u00ebris\u00eb me lajmet edhe informacionet zyrtare p\u00ebr struktur\u00ebn edhe veprimtarin e saj.","publisher":{"@id":"https:\/\/orthodoxalbania.org\/2020\/#organization"},"potentialAction":[{"@type":"SearchAction","target":{"@type":"EntryPoint","urlTemplate":"https:\/\/orthodoxalbania.org\/2020\/?s={search_term_string}"},"query-input":{"@type":"PropertyValueSpecification","valueRequired":true,"valueName":"search_term_string"}}],"inLanguage":"en-US"},{"@type":"Organization","@id":"https:\/\/orthodoxalbania.org\/2020\/#organization","name":"Kisha Orthodhokse Autoqefale e Shqip\u00ebris\u00eb","url":"https:\/\/orthodoxalbania.org\/2020\/","logo":{"@type":"ImageObject","inLanguage":"en-US","@id":"https:\/\/orthodoxalbania.org\/2020\/#\/schema\/logo\/image\/","url":"https:\/\/orthodoxalbania.org\/2020\/wp-content\/uploads\/2020\/05\/albania.jpeg","contentUrl":"https:\/\/orthodoxalbania.org\/2020\/wp-content\/uploads\/2020\/05\/albania.jpeg","width":540,"height":540,"caption":"Kisha Orthodhokse Autoqefale e Shqip\u00ebris\u00eb"},"image":{"@id":"https:\/\/orthodoxalbania.org\/2020\/#\/schema\/logo\/image\/"},"sameAs":["https:\/\/www.facebook.com\/koash1991"]},{"@type":"Person","@id":"https:\/\/orthodoxalbania.org\/2020\/#\/schema\/person\/0c387634a7063ac612d7ed9ce71c7e86","name":"Kisha Orthodhokse","image":{"@type":"ImageObject","inLanguage":"en-US","@id":"https:\/\/secure.gravatar.com\/avatar\/596e7c417251e30f2fbb9c00e026fce61a695a00e51c889caded71c96cbbdde5?s=96&d=mm&r=g","url":"https:\/\/secure.gravatar.com\/avatar\/596e7c417251e30f2fbb9c00e026fce61a695a00e51c889caded71c96cbbdde5?s=96&d=mm&r=g","contentUrl":"https:\/\/secure.gravatar.com\/avatar\/596e7c417251e30f2fbb9c00e026fce61a695a00e51c889caded71c96cbbdde5?s=96&d=mm&r=g","caption":"Kisha Orthodhokse"}}]}},"_links":{"self":[{"href":"https:\/\/orthodoxalbania.org\/2020\/wp-json\/wp\/v2\/posts\/463","targetHints":{"allow":["GET"]}}],"collection":[{"href":"https:\/\/orthodoxalbania.org\/2020\/wp-json\/wp\/v2\/posts"}],"about":[{"href":"https:\/\/orthodoxalbania.org\/2020\/wp-json\/wp\/v2\/types\/post"}],"author":[{"embeddable":true,"href":"https:\/\/orthodoxalbania.org\/2020\/wp-json\/wp\/v2\/users\/1"}],"replies":[{"embeddable":true,"href":"https:\/\/orthodoxalbania.org\/2020\/wp-json\/wp\/v2\/comments?post=463"}],"version-history":[{"count":1,"href":"https:\/\/orthodoxalbania.org\/2020\/wp-json\/wp\/v2\/posts\/463\/revisions"}],"predecessor-version":[{"id":15029,"href":"https:\/\/orthodoxalbania.org\/2020\/wp-json\/wp\/v2\/posts\/463\/revisions\/15029"}],"wp:featuredmedia":[{"embeddable":true,"href":"https:\/\/orthodoxalbania.org\/2020\/wp-json\/wp\/v2\/media\/255"}],"wp:attachment":[{"href":"https:\/\/orthodoxalbania.org\/2020\/wp-json\/wp\/v2\/media?parent=463"}],"wp:term":[{"taxonomy":"category","embeddable":true,"href":"https:\/\/orthodoxalbania.org\/2020\/wp-json\/wp\/v2\/categories?post=463"},{"taxonomy":"post_tag","embeddable":true,"href":"https:\/\/orthodoxalbania.org\/2020\/wp-json\/wp\/v2\/tags?post=463"}],"curies":[{"name":"wp","href":"https:\/\/api.w.org\/{rel}","templated":true}]}}