{"id":462,"date":"2013-12-21T11:09:39","date_gmt":"2013-12-21T11:09:39","guid":{"rendered":""},"modified":"2020-04-06T22:05:25","modified_gmt":"2020-04-06T20:05:25","slug":"dorezimi-i-nje-dhjakoni-te-ri-ne-diten-e-emrit-te-mitropolitit-ignat","status":"publish","type":"post","link":"https:\/\/orthodoxalbania.org\/2020\/2013\/12\/21\/dorezimi-i-nje-dhjakoni-te-ri-ne-diten-e-emrit-te-mitropolitit-ignat\/","title":{"rendered":"Dor\u00ebzimi i nj\u00eb dhjakoni t\u00eb ri n\u00eb dit\u00ebn e emrit t\u00eb Mitropolitit Ignat. (20 Dhjetor 2013)"},"content":{"rendered":"<div style=\"text-align: justify;\"><span style=\"font-family: helvetica;\"><span style=\"font-size: 12px;\"><img decoding=\"async\" class=\"lazyload HAa Eha\" style=\"height: 200px; width: 300px; margin: 10px; float: left; border-width: 1px; border-style: solid;\" alt=\"\" src=\"data:image\/gif;base64,R0lGODlhAQABAAAAACH5BAEKAAEALAAAAAABAAEAAAICTAEAOw==\" data-orig-src=\"https:\/\/lh4.googleusercontent.com\/-fCY0fpoLABU\/UrV0YU27chI\/AAAAAAAAHE8\/KTTOQ2IBQKU\/w702-h468-no\/vendose+brenda+ne+tekst.jpg\" \/><span style=\"font-size: 12pt;\">&nbsp;&nbsp;&nbsp; <span style=\"color: #000000;\">M\u00eb 20 dhjetor 2013, Kisha jon\u00eb e shenjt\u00eb kremton Sh\u00ebn Ignat Hyjmbajt\u00ebsin. Emrin e k\u00ebtij shenjtori t\u00eb madh e mban edhe Mitropoliti i Beratit, Vlor\u00ebs dhe Kanin\u00ebs, Imzot Ignati.<\/span><\/span><\/span><\/span><\/div>\n<div style=\"text-align: justify;\"><span style=\"font-family: helvetica; font-size: 12pt;\"> <span style=\"color: #000000;\">&nbsp;&nbsp;&nbsp; P\u00ebr t\u00eb marr\u00eb pjes\u00eb n\u00eb g\u00ebzimin e k\u00ebsaj dite e p\u00ebr t\u2019i uruar Kryebariut t\u00eb Mitropolis\u00eb son\u00eb vite t\u00eb shumta, ishin t\u00eb pranish\u00ebm shum\u00eb klerik\u00eb e besimtar\u00eb nga Z\u00ebvend\u00ebsit\u00eb Lokale t\u00eb Vlor\u00ebs, Fierit dhe Lushnj\u00ebs.<\/span><\/span><\/div>\n<div style=\"text-align: justify;\"><span style=\"font-family: helvetica; font-size: 12pt;\"> <span style=\"color: #000000;\">&nbsp;&nbsp;&nbsp; N\u00eb dit\u00ebn e festimit t\u00eb sh\u00ebn Ignatit, nj\u00eb tjet\u00ebr ngjarje e r\u00ebnd\u00ebsishme zuri vend n\u00eb Mitropolin\u00eb e Beratit. Z. Joan Qako u pranua n\u00eb radh\u00ebn e klerik\u00ebve p\u00ebr t\u2019i sh\u00ebrbyer Per\u00ebndis\u00eb n\u00eb grad\u00ebn e dhjakonit.<\/span><\/span><\/div>\n<div style=\"text-align: justify;\"><span style=\"font-family: helvetica; font-size: 12pt;\"> <span style=\"color: #000000;\">&nbsp;&nbsp;&nbsp; Joani \u00ebsht\u00eb nga lagjja Goric\u00eb e Beratit. Q\u00eb n\u00eb mosh\u00eb t\u00eb vog\u00ebl ai u b\u00eb pjes\u00eb e Kish\u00ebs duke marr\u00eb pjes\u00eb n\u00eb katekiz\u00ebm e n\u00eb aktivitete q\u00eb organizonte Mitropolia e Beratit. Ai vazhdoi Akademin\u00eb Theologjike \u201cNgjallja e Krishtit\u201d n\u00eb Durr\u00ebs dhe m\u00eb pas n\u00ebn kujdesin e Kryepiskopit Anastas vazhdoi studimet p\u00ebr pes\u00eb vjet n\u00eb Universitetin&nbsp; e Lart\u00eb t\u00eb Athin\u00ebs n\u00eb deg\u00ebn e Theologjis\u00eb.<\/span><\/span><\/div>\n<div style=\"text-align: justify;\"><span style=\"font-family: helvetica; font-size: 12pt;\"> <span style=\"color: #000000;\">&nbsp;&nbsp;&nbsp; N\u00eb p\u00ebrfundim t\u00eb Sh\u00ebrbes\u00ebs s\u00eb M\u00ebngjesores n\u00eb Katedralen e Sh\u00ebn Dhimitrit, Mitropoliti Ignat filloi sh\u00ebrbes\u00ebn e dor\u00ebzimit (hirotonisjes) n\u00eb n\u00ebndhjakon, duke lexuar d\u00ebshmin\u00eb e atit shpirt\u00ebror i cili jepte bekimin q\u00eb kandidati t\u00eb pranohej n\u00eb radh\u00ebt e sh\u00ebrb\u00ebtor\u00ebve t\u00eb Per\u00ebndis\u00eb. M\u00eb pas ai q\u00ebndroi p\u00ebrpara ikon\u00ebs s\u00eb Krishtit p\u00ebr t\u2019ju lutur Per\u00ebndis\u00eb q\u00eb t\u2019i sh\u00ebrbej\u00eb Atij me denj\u00ebsi.<\/span><\/span><\/div>\n<div style=\"text-align: justify;\"><span style=\"font-family: helvetica; font-size: 12pt;\"> <span style=\"color: #000000;\">&nbsp;&nbsp;&nbsp; N\u00eb vazhdim u celebrua Liturgjia Hyjnore, e cila u drejtua nga vet\u00eb mitropoliti s\u00eb bashku me shum\u00eb klerik\u00eb t\u00eb tjer\u00eb t\u00eb k\u00ebsaj mitropolie. Gjat\u00eb Liturgjis\u00eb u b\u00eb edhe sh\u00ebrbesa e dor\u00ebzimit t\u00eb kandidatit n\u00eb grad\u00ebn e dhjakonit.<\/span><\/span><\/div>\n<div style=\"text-align: justify;\"><span style=\"font-family: helvetica; font-size: 12pt;\"> <span style=\"color: #000000;\">&nbsp;&nbsp;&nbsp; Emocione t\u00eb forta krijoi ky moment jo vet\u00ebm p\u00ebr kandidatin por edhe p\u00ebr besimtar\u00ebt e pranish\u00ebm n\u00eb k\u00ebt\u00eb sh\u00ebrbes\u00eb. Prek\u00ebse dhe plot kuptim ishin edhe fjal\u00ebt e dhjakonit Joan drejtuar mitropolitit q\u00eb po e hirotoniste dhe besimtar\u00ebve q\u00eb kishin ardhur p\u00ebr t\u00eb marr\u00eb pjes\u00eb.<\/span><\/span><\/div>\n<div style=\"text-align: justify;\"><span style=\"font-family: helvetica; font-size: 12pt;\"> <span style=\"color: #000000;\">&nbsp;&nbsp;&nbsp; Ai tha: \u201cHir\u00ebsi, sot me frik\u00eb q\u00ebndroj para Per\u00ebndis\u00eb dhe para jush. Dua t\u00eb pohoj se prej vitesh t\u00eb t\u00ebra brenda meje ka ekzistuar d\u00ebshira q\u00eb nj\u00eb dit\u00eb t\u00eb isha klerik, por gjithmon\u00eb m\u00eb ka shoq\u00ebruar edhe pasiguria se mos mosha dhe padenj\u00ebsia ime do t\u00eb b\u00ebheshin penges\u00eb p\u00ebr k\u00ebt\u00eb sh\u00ebrbes\u00eb t\u00eb shenjt\u00eb, p\u00ebr k\u00ebt\u00eb mister t\u00eb friksh\u00ebm. Gjithmon\u00eb n\u00eb lutjet e mia i kam k\u00ebrkuar Zotit t\u00eb mos m\u00eb dhuronte k\u00ebt\u00eb hir n\u00ebse nuk do t\u00eb isha i aft\u00eb t\u00eb mbaja nj\u00eb barr\u00eb t\u00eb till\u00eb, por gjithnj\u00eb e m\u00eb tep\u00ebr d\u00ebshira dhe thirrja rritej brenda meje.\u201d<\/span><\/span><\/div>\n<div style=\"text-align: justify;\"><span style=\"font-family: helvetica; font-size: 12pt;\"> <span style=\"color: #000000;\">&nbsp;&nbsp;&nbsp; M\u00eb pas ai vazhdoi: \u201cSot q\u00ebndroj p\u00ebrpara Jush Hir\u00ebsi dhe ju premtoj se k\u00ebshillat e Apostull Pavlit n\u00eb Letr\u00ebn e par\u00eb drejtuar Timoteut do t\u00eb jen\u00eb gjithmon\u00eb parimet e mia. Sot pasi kam marr\u00eb vendim p\u00ebr t\u2019i sh\u00ebrbyer Zotit dua t\u00eb fal\u00ebnderoj t\u00eb gjith\u00eb ata t\u00eb cil\u00ebt m\u00eb kan\u00eb shoq\u00ebruar p\u00ebrgjat\u00eb gjith\u00eb jet\u00ebs time, t\u00eb gjith\u00eb ata q\u00eb m\u00eb kan\u00eb rritur shpirt\u00ebrisht si dhe ata t\u00eb cil\u00ebt m\u00eb kan\u00eb frym\u00ebzuar p\u00ebr t\u00eb marr\u00eb k\u00ebt\u00eb sh\u00ebrbes\u00eb.\u201d<\/span><\/span><\/div>\n<div style=\"text-align: justify;\"><span style=\"font-family: helvetica; font-size: 12pt;\"> <span style=\"color: #000000;\">&nbsp;&nbsp;&nbsp;&nbsp; N\u00eb p\u00ebrfundim ai shtoi duke th\u00ebn\u00eb: \u201cHir\u00ebsi, un\u00eb ju premtoj se do t\u2019ju bindem ashtu si Sh\u00ebn Ignati na k\u00ebshillon, dhe deri n\u00eb fund t\u00eb jet\u00ebs time do t\u00eb p\u00ebrpiqem dhe si shembull imitimi do t\u2019ju kem pik\u00ebrisht juve.\u201d<\/span><\/span><\/div>\n<div style=\"text-align: justify;\"><span style=\"font-family: helvetica; font-size: 12pt;\"> <span style=\"color: #000000;\">&nbsp;&nbsp;&nbsp;&nbsp; Pas k\u00ebtij premtimi t\u00eb marr\u00eb nga dhjakoni, Mitropoliti u drejtua atij duke i th\u00ebn\u00eb: \u201dKjo \u00ebsht\u00eb nj\u00eb dit\u00eb \u00ebsht\u00eb shum\u00eb e ve\u00e7ant\u00eb n\u00eb jet\u00ebn t\u00ebnde, sepse po merr ftes\u00ebn nga Zoti yn\u00eb Jisu Krisht q\u00eb t\u00eb regjistrohesh n\u00eb katalogun e sh\u00ebrb\u00ebtor\u00ebve t\u00eb Kish\u00ebs son\u00eb Orthodhokse, n\u00eb grad\u00ebn e par\u00eb t\u00eb prift\u00ebris\u00eb. Bashk\u00eb me ftes\u00ebn e Zotit ke edhe d\u00ebshmin\u00eb e besimtar\u00ebve t\u00eb krishter\u00eb q\u00eb p\u00ebrputhet me d\u00ebshmin\u00eb e klerik\u00ebve. T\u00eb kemi njohur q\u00eb nga f\u00ebmij\u00ebria dhe rinia jote, kur Zoti, s\u00eb pari, t\u00eb ftoi n\u00ebp\u00ebrmjet katekizmit dhe kryerjes s\u00eb Misterit t\u00eb madh, t\u00eb shenjt\u00eb dhe mbiqiellor t\u00eb Pag\u00ebzimit, duke u b\u00ebr\u00eb gjymtyr\u00eb e trupit t\u00eb Krishtit, dometh\u00ebn\u00eb e Kish\u00ebs.\u201d<\/span><\/span><\/div>\n<div style=\"text-align: justify;\"><span style=\"font-family: helvetica; font-size: 12pt;\"> <span style=\"color: #000000;\">&nbsp;&nbsp;&nbsp; Mitropoliti n\u00eb fund t\u00eb fjal\u00ebs s\u00eb tij e porositi: \u201cJeta e brendshme e bariut \u00ebsht\u00eb sekreti i vepr\u00ebs s\u00eb tij baritore. Q\u00ebndro vigjilues si atlet i Per\u00ebndis\u00eb, n\u00eb gar\u00ebn e vazhdueshme p\u00ebr t\u00eb pastruar shpirtin nga mendimet, ndjenjat dhe d\u00ebshirat m\u00ebkatare. Kjo do t\u00eb thot\u00eb q\u00eb bariu duhet t\u00eb ket\u00eb frym\u00eb asketike n\u00eb kuptimin e gjer\u00eb t\u00eb fjal\u00ebs. Krishterimi \u00ebsht\u00eb i thurur me asketizmin, si\u00e7 pasqyrohet n\u00eb jet\u00ebt e t\u00eb gjith\u00eb shenjtor\u00ebve. Me k\u00ebt\u00eb armatim shpirt\u00ebror, Zoti do t\u00eb bekoj\u00eb p\u00ebrpjekjet e tua dhe do t\u2019i shum\u00ebfishoj\u00eb dhuntit\u00eb e tua, duke dh\u00ebn\u00eb maksimumin n\u00eb mang\u00ebsit\u00eb e tua, kur ti me gjith\u00eb shpirt e me bes\u00eb ia k\u00ebrkon. Prandaj do t\u00eb denj\u00ebsohesh t\u00eb d\u00ebgjosh z\u00ebrin e Zotit, i cili t\u00eb fton duke th\u00ebn\u00eb: \u2018T\u00eb lumt\u00eb sh\u00ebrb\u00ebtor i mir\u00eb dhe besnik. Mbi t\u00eb pakta qe besnik, mbi t\u00eb shumta do t\u00eb t\u00eb v\u00eb. Hyr n\u00eb g\u00ebzimin e Zotit t\u00ebnd!\u2019(Mat.25:21)\u201d<\/span><\/span><\/div>\n<div style=\"text-align: justify;\"><span style=\"font-family: helvetica; font-size: 12pt;\"> <span style=\"color: #000000;\">&nbsp;&nbsp;&nbsp; Pas porosive t\u00eb Mitropolitit, Kisha ushtoi nga thirrjet \u201cI denj\u00eb\u201d. Populli i Per\u00ebndis\u00eb miratonte dhe pranonte q\u00eb biri i tyre Joan t\u2019u sh\u00ebrbente si dhjakon. M\u00eb pas i shoq\u00ebruar nga klerik\u00ebt ai u shpu n\u00eb ajodhim\u00eb ku do t\u00eb kryente sh\u00ebrbes\u00ebn e tij t\u00eb sh\u00ebrb\u00ebtorit t\u00eb Per\u00ebndis\u00eb. Pas Liturgjis\u00eb p\u00ebrsh\u00ebndeti n\u00eb em\u00ebr t\u00eb student\u00ebve t\u00eb Akademis\u00eb Theologjike profesori Dhimit\u00ebr Qosja, i cili i uroi vite t\u00eb shumta mitropolitit dhe gjithashtu uroi edhe dhjakonin e ri.<\/span><\/span><\/div>\n<div style=\"text-align: justify;\"><span style=\"font-family: helvetica; font-size: 12pt;\"> <span style=\"color: #000000;\">&nbsp;&nbsp;&nbsp; Pjes\u00eb e k\u00ebtyre ceremonive ishin edhe student\u00ebt e shkoll\u00ebs s\u00eb Muzik\u00ebs Bizantine t\u00eb drejtuar nga pedagogu Theodhor Peci, t\u00eb cil\u00ebt me z\u00ebrat e tyre krijuan nj\u00eb atmosfer\u00eb t\u00eb bukur shpirt\u00ebrore.<\/span><\/span><\/div>\n<div style=\"text-align: justify;\"><span style=\"font-family: helvetica; font-size: 12pt;\"> <span style=\"color: #000000;\">&nbsp;&nbsp;&nbsp; N\u00eb p\u00ebrfundim mitropoliti i fal\u00ebnderoi t\u00eb gjith\u00eb klerik\u00ebt dhe besimtar\u00ebt q\u00eb kishin ardhur p\u00ebr t\u2019u lutur e p\u00ebr t\u00eb marr\u00eb pjes\u00eb n\u00eb g\u00ebzimin e festimit t\u00eb emrit t\u00eb Sh\u00ebn Ignatit. Pas ceremonive n\u00eb kish\u00eb, Imzot Ignati organizoi nj\u00eb pritje n\u00eb ambientet e Mitropolis\u00eb ku shkuan p\u00ebr ta uruar klerik\u00ebt, besimtar\u00ebt dhe p\u00ebrfaq\u00ebsues t\u00eb pushtetit lokal. Pjes\u00eb e urimit u b\u00ebn\u00eb edhe f\u00ebmij\u00ebt e kopshtit t\u00eb Kish\u00ebs t\u00eb cil\u00ebt e p\u00ebrsh\u00ebndet\u00ebn Mitropolitin dhe recituan p\u00ebrpara tij disa vjersha p\u00ebr Krishtlindjet.<\/span><\/span><\/div>\n<div style=\"text-align: justify;\"><span style=\"font-family: helvetica; font-size: 12pt;\"> <span style=\"color: #000000;\">&nbsp;&nbsp;&nbsp; I urojm\u00eb Mitropolitit vite t\u00eb shumta n\u00eb krye t\u00eb grigj\u00ebs s\u00eb Per\u00ebndis\u00eb.<\/p>\n<p> &nbsp;&nbsp;&nbsp;&nbsp; <strong>At\u00eb Spiro Bulika<\/strong><\/span><\/span><\/div>\n<p style=\"text-align: justify;\"><span style=\"font-family: helvetica; font-size: 12pt;\"><strong><img decoding=\"async\" class=\"lazyload HAa Eha\" style=\"height: 400px; width: 600px; margin: 10px; border-width: 1px; border-style: solid;\" alt=\"\" src=\"data:image\/gif;base64,R0lGODlhAQABAAAAACH5BAEKAAEALAAAAAABAAEAAAICTAEAOw==\" data-orig-src=\"https:\/\/lh3.googleusercontent.com\/-XXDXCyr7UY0\/UrV0TV6CruI\/AAAAAAAAHEM\/EWsdbGR_qhk\/w702-h468-no\/1.jpg\" \/><\/strong><\/span><\/p>\n<p style=\"text-align: justify;\"><span style=\"font-family: helvetica; font-size: 12pt;\"><strong><img decoding=\"async\" class=\"lazyload HAa Eha\" style=\"height: 676px; width: 450px; margin: 10px; border-width: 1px; border-style: solid;\" alt=\"\" src=\"data:image\/gif;base64,R0lGODlhAQABAAAAACH5BAEKAAEALAAAAAABAAEAAAICTAEAOw==\" data-orig-src=\"https:\/\/lh4.googleusercontent.com\/-EtBxANDOcOQ\/UrV0TQ-DGkI\/AAAAAAAAHEU\/6kDMIAbCscs\/w365-h548-no\/2.jpg\" \/><\/strong><\/span><\/p>\n<p style=\"text-align: justify;\"><span style=\"font-family: helvetica; font-size: 12pt;\"><strong><img decoding=\"async\" class=\"lazyload HAa Eha\" style=\"height: 406px; width: 600px; margin: 10px; border-width: 1px; border-style: solid;\" alt=\"\" src=\"data:image\/gif;base64,R0lGODlhAQABAAAAACH5BAEKAAEALAAAAAABAAEAAAICTAEAOw==\" data-orig-src=\"https:\/\/lh4.googleusercontent.com\/-F502JccruSs\/UrV0TdqznhI\/AAAAAAAAHEY\/npxiGujBUHg\/w702-h475-no\/3.jpg\" \/><\/strong><\/span><\/p>\n<p style=\"text-align: justify;\"><span style=\"font-family: helvetica; font-size: 12pt;\"><strong><img decoding=\"async\" class=\"lazyload HAa Eha\" style=\"height: 400px; width: 600px; margin: 10px; border-width: 1px; border-style: solid;\" alt=\"\" src=\"data:image\/gif;base64,R0lGODlhAQABAAAAACH5BAEKAAEALAAAAAABAAEAAAICTAEAOw==\" data-orig-src=\"https:\/\/lh4.googleusercontent.com\/-0xOreRWc-AA\/UrV0T9p7SkI\/AAAAAAAAHEg\/wkC6HMOeOJ4\/w702-h468-no\/4.jpg\" \/><\/strong><\/span><\/p>\n<p style=\"text-align: justify;\"><span style=\"font-family: helvetica; font-size: 12pt;\"><strong><img decoding=\"async\" class=\"lazyload HAa Eha\" style=\"height: 400px; width: 600px; margin: 10px; border-width: 1px; border-style: solid;\" alt=\"\" src=\"data:image\/gif;base64,R0lGODlhAQABAAAAACH5BAEKAAEALAAAAAABAAEAAAICTAEAOw==\" data-orig-src=\"https:\/\/lh5.googleusercontent.com\/-meyoeb0HUCs\/UrV0UsBz_MI\/AAAAAAAAHEo\/1qudIQK9AEc\/w702-h468-no\/5.jpg\" \/><\/strong><\/span><\/p>\n<p style=\"text-align: justify;\"><span style=\"font-family: helvetica; font-size: 12pt;\"><strong><img decoding=\"async\" class=\"lazyload HAa Eha\" style=\"height: 400px; width: 600px; margin: 10px; border-width: 1px; border-style: solid;\" alt=\"\" src=\"data:image\/gif;base64,R0lGODlhAQABAAAAACH5BAEKAAEALAAAAAABAAEAAAICTAEAOw==\" data-orig-src=\"https:\/\/lh4.googleusercontent.com\/-RCI54LwJ70A\/UrV0UnoayrI\/AAAAAAAAHEs\/oaonyrIBtqI\/w702-h468-no\/6.jpg\" \/><\/strong><\/span><\/p>\n<p style=\"text-align: justify;\"><span style=\"font-family: helvetica; font-size: 12pt;\"><strong><img decoding=\"async\" class=\"lazyload HAa Eha\" style=\"height: 400px; width: 600px; margin: 10px; border-width: 1px; border-style: solid;\" alt=\"\" src=\"data:image\/gif;base64,R0lGODlhAQABAAAAACH5BAEKAAEALAAAAAABAAEAAAICTAEAOw==\" data-orig-src=\"https:\/\/lh4.googleusercontent.com\/-kjmL7nUGV_8\/UrV0WoVcoBI\/AAAAAAAAHE0\/BsnJN_DiuX4\/w702-h468-no\/7.jpg\" \/><\/strong><\/span><\/p>\n","protected":false},"excerpt":{"rendered":"<p>&nbsp;&nbsp;&nbsp; M\u00eb 20 dhjetor 2013, Kisha jon\u00eb e shenjt\u00eb kremton Sh\u00ebn Ignat Hyjmbajt\u00ebsin. Emrin e k\u00ebtij shenjtori t\u00eb madh e mban edhe Mitropoliti i Beratit, Vlor\u00ebs dhe Kanin\u00ebs, Imzot Ignati. &nbsp;&nbsp;&nbsp; P\u00ebr t\u00eb marr\u00eb pjes\u00eb n\u00eb g\u00ebzimin e k\u00ebsaj dite e p\u00ebr t\u2019i uruar Kryebariut t\u00eb Mitropolis\u00eb son\u00eb vite t\u00eb shumta, ishin t\u00eb pranish\u00ebm shum\u00eb klerik\u00eb e besimtar\u00eb nga Z\u00ebvend\u00ebsit\u00eb Lokale t\u00eb Vlor\u00ebs, Fierit dhe<\/p>\n","protected":false},"author":1,"featured_media":0,"comment_status":"open","ping_status":"open","sticky":false,"template":"","format":"standard","meta":{"_acf_changed":false,"pagelayer_contact_templates":[],"_pagelayer_content":"","inline_featured_image":false,"fifu_image_url":"","fifu_image_alt":"","footnotes":""},"categories":[108],"tags":[141,212,197],"class_list":["post-462","post","type-post","status-publish","format-standard","hentry","category-lajme","tag-141","tag-lajme-d27","tag-berat"],"acf":[],"yoast_head":"<!-- This site is optimized with the Yoast SEO plugin v27.2 - https:\/\/yoast.com\/product\/yoast-seo-wordpress\/ -->\n<title>Dor\u00ebzimi i nj\u00eb dhjakoni t\u00eb ri n\u00eb dit\u00ebn e emrit t\u00eb Mitropolitit Ignat. (20 Dhjetor 2013) - Kisha Orthodh\u03bfkse Autoqefale e Shqip\u00ebris\u00eb<\/title>\n<meta name=\"robots\" content=\"index, follow, max-snippet:-1, max-image-preview:large, max-video-preview:-1\" \/>\n<link rel=\"canonical\" href=\"https:\/\/orthodoxalbania.org\/2020\/2013\/12\/21\/dorezimi-i-nje-dhjakoni-te-ri-ne-diten-e-emrit-te-mitropolitit-ignat\/\" \/>\n<meta property=\"og:locale\" content=\"en_US\" \/>\n<meta property=\"og:type\" content=\"article\" \/>\n<meta property=\"og:title\" content=\"Dor\u00ebzimi i nj\u00eb dhjakoni t\u00eb ri n\u00eb dit\u00ebn e emrit t\u00eb Mitropolitit Ignat. (20 Dhjetor 2013) - Kisha Orthodh\u03bfkse Autoqefale e Shqip\u00ebris\u00eb\" \/>\n<meta property=\"og:description\" content=\"&nbsp;&nbsp;&nbsp; M\u00eb 20 dhjetor 2013, Kisha jon\u00eb e shenjt\u00eb kremton Sh\u00ebn Ignat Hyjmbajt\u00ebsin. Emrin e k\u00ebtij shenjtori t\u00eb madh e mban edhe Mitropoliti i Beratit, Vlor\u00ebs dhe Kanin\u00ebs, Imzot Ignati. &nbsp;&nbsp;&nbsp; P\u00ebr t\u00eb marr\u00eb pjes\u00eb n\u00eb g\u00ebzimin e k\u00ebsaj dite e p\u00ebr t\u2019i uruar Kryebariut t\u00eb Mitropolis\u00eb son\u00eb vite t\u00eb shumta, ishin t\u00eb pranish\u00ebm shum\u00eb klerik\u00eb e besimtar\u00eb nga Z\u00ebvend\u00ebsit\u00eb Lokale t\u00eb Vlor\u00ebs, Fierit dhe\" \/>\n<meta property=\"og:url\" content=\"https:\/\/orthodoxalbania.org\/2020\/2013\/12\/21\/dorezimi-i-nje-dhjakoni-te-ri-ne-diten-e-emrit-te-mitropolitit-ignat\/\" \/>\n<meta property=\"og:site_name\" content=\"Kisha Orthodh\u03bfkse Autoqefale e Shqip\u00ebris\u00eb\" \/>\n<meta property=\"article:publisher\" content=\"https:\/\/www.facebook.com\/koash1991\" \/>\n<meta property=\"article:published_time\" content=\"2013-12-21T11:09:39+00:00\" \/>\n<meta property=\"article:modified_time\" content=\"2020-04-06T20:05:25+00:00\" \/>\n<meta property=\"og:image\" content=\"https:\/\/lh4.googleusercontent.com\/-fCY0fpoLABU\/UrV0YU27chI\/AAAAAAAAHE8\/KTTOQ2IBQKU\/w702-h468-no\/vendose+brenda+ne+tekst.jpg\" \/>\n<meta name=\"author\" content=\"Kisha Orthodhokse\" \/>\n<meta name=\"twitter:card\" content=\"summary_large_image\" \/>\n<meta name=\"twitter:label1\" content=\"Written by\" \/>\n\t<meta name=\"twitter:data1\" content=\"Kisha Orthodhokse\" \/>\n\t<meta name=\"twitter:label2\" content=\"Est. reading time\" \/>\n\t<meta name=\"twitter:data2\" content=\"6 minutes\" \/>\n<script type=\"application\/ld+json\" class=\"yoast-schema-graph\">{\"@context\":\"https:\/\/schema.org\",\"@graph\":[{\"@type\":\"Article\",\"@id\":\"https:\/\/orthodoxalbania.org\/2020\/2013\/12\/21\/dorezimi-i-nje-dhjakoni-te-ri-ne-diten-e-emrit-te-mitropolitit-ignat\/#article\",\"isPartOf\":{\"@id\":\"https:\/\/orthodoxalbania.org\/2020\/2013\/12\/21\/dorezimi-i-nje-dhjakoni-te-ri-ne-diten-e-emrit-te-mitropolitit-ignat\/\"},\"author\":{\"name\":\"Kisha Orthodhokse\",\"@id\":\"https:\/\/orthodoxalbania.org\/2020\/#\/schema\/person\/0c387634a7063ac612d7ed9ce71c7e86\"},\"headline\":\"Dor\u00ebzimi i nj\u00eb dhjakoni t\u00eb ri n\u00eb dit\u00ebn e emrit t\u00eb Mitropolitit Ignat. (20 Dhjetor 2013)\",\"datePublished\":\"2013-12-21T11:09:39+00:00\",\"dateModified\":\"2020-04-06T20:05:25+00:00\",\"mainEntityOfPage\":{\"@id\":\"https:\/\/orthodoxalbania.org\/2020\/2013\/12\/21\/dorezimi-i-nje-dhjakoni-te-ri-ne-diten-e-emrit-te-mitropolitit-ignat\/\"},\"wordCount\":1261,\"commentCount\":0,\"publisher\":{\"@id\":\"https:\/\/orthodoxalbania.org\/2020\/#organization\"},\"image\":{\"@id\":\"https:\/\/orthodoxalbania.org\/2020\/2013\/12\/21\/dorezimi-i-nje-dhjakoni-te-ri-ne-diten-e-emrit-te-mitropolitit-ignat\/#primaryimage\"},\"thumbnailUrl\":\"https:\/\/lh4.googleusercontent.com\/-fCY0fpoLABU\/UrV0YU27chI\/AAAAAAAAHE8\/KTTOQ2IBQKU\/w702-h468-no\/vendose+brenda+ne+tekst.jpg\",\"keywords\":[\"2013\",\"lajme\",\"Mitropolia Berat\"],\"articleSection\":[\"Lajme\"],\"inLanguage\":\"en-US\"},{\"@type\":\"WebPage\",\"@id\":\"https:\/\/orthodoxalbania.org\/2020\/2013\/12\/21\/dorezimi-i-nje-dhjakoni-te-ri-ne-diten-e-emrit-te-mitropolitit-ignat\/\",\"url\":\"https:\/\/orthodoxalbania.org\/2020\/2013\/12\/21\/dorezimi-i-nje-dhjakoni-te-ri-ne-diten-e-emrit-te-mitropolitit-ignat\/\",\"name\":\"Dor\u00ebzimi i nj\u00eb dhjakoni t\u00eb ri n\u00eb dit\u00ebn e emrit t\u00eb Mitropolitit Ignat. (20 Dhjetor 2013) - Kisha Orthodh\u03bfkse Autoqefale e Shqip\u00ebris\u00eb\",\"isPartOf\":{\"@id\":\"https:\/\/orthodoxalbania.org\/2020\/#website\"},\"primaryImageOfPage\":{\"@id\":\"https:\/\/orthodoxalbania.org\/2020\/2013\/12\/21\/dorezimi-i-nje-dhjakoni-te-ri-ne-diten-e-emrit-te-mitropolitit-ignat\/#primaryimage\"},\"image\":{\"@id\":\"https:\/\/orthodoxalbania.org\/2020\/2013\/12\/21\/dorezimi-i-nje-dhjakoni-te-ri-ne-diten-e-emrit-te-mitropolitit-ignat\/#primaryimage\"},\"thumbnailUrl\":\"https:\/\/lh4.googleusercontent.com\/-fCY0fpoLABU\/UrV0YU27chI\/AAAAAAAAHE8\/KTTOQ2IBQKU\/w702-h468-no\/vendose+brenda+ne+tekst.jpg\",\"datePublished\":\"2013-12-21T11:09:39+00:00\",\"dateModified\":\"2020-04-06T20:05:25+00:00\",\"breadcrumb\":{\"@id\":\"https:\/\/orthodoxalbania.org\/2020\/2013\/12\/21\/dorezimi-i-nje-dhjakoni-te-ri-ne-diten-e-emrit-te-mitropolitit-ignat\/#breadcrumb\"},\"inLanguage\":\"en-US\",\"potentialAction\":[{\"@type\":\"ReadAction\",\"target\":[\"https:\/\/orthodoxalbania.org\/2020\/2013\/12\/21\/dorezimi-i-nje-dhjakoni-te-ri-ne-diten-e-emrit-te-mitropolitit-ignat\/\"]}]},{\"@type\":\"ImageObject\",\"inLanguage\":\"en-US\",\"@id\":\"https:\/\/orthodoxalbania.org\/2020\/2013\/12\/21\/dorezimi-i-nje-dhjakoni-te-ri-ne-diten-e-emrit-te-mitropolitit-ignat\/#primaryimage\",\"url\":\"https:\/\/lh4.googleusercontent.com\/-fCY0fpoLABU\/UrV0YU27chI\/AAAAAAAAHE8\/KTTOQ2IBQKU\/w702-h468-no\/vendose+brenda+ne+tekst.jpg\",\"contentUrl\":\"https:\/\/lh4.googleusercontent.com\/-fCY0fpoLABU\/UrV0YU27chI\/AAAAAAAAHE8\/KTTOQ2IBQKU\/w702-h468-no\/vendose+brenda+ne+tekst.jpg\"},{\"@type\":\"BreadcrumbList\",\"@id\":\"https:\/\/orthodoxalbania.org\/2020\/2013\/12\/21\/dorezimi-i-nje-dhjakoni-te-ri-ne-diten-e-emrit-te-mitropolitit-ignat\/#breadcrumb\",\"itemListElement\":[{\"@type\":\"ListItem\",\"position\":1,\"name\":\"Home\",\"item\":\"https:\/\/orthodoxalbania.org\/2020\/\"},{\"@type\":\"ListItem\",\"position\":2,\"name\":\"Dor\u00ebzimi i nj\u00eb dhjakoni t\u00eb ri n\u00eb dit\u00ebn e emrit t\u00eb Mitropolitit Ignat. (20 Dhjetor 2013)\"}]},{\"@type\":\"WebSite\",\"@id\":\"https:\/\/orthodoxalbania.org\/2020\/#website\",\"url\":\"https:\/\/orthodoxalbania.org\/2020\/\",\"name\":\"Kisha Orthodh\u03bfkse Autoqefale e Shqip\u00ebris\u00eb\",\"description\":\"Fqja Zyrtare e Kish\u00ebs Orthodhokse Autoqefale e Shqip\u00ebris\u00eb me lajmet edhe informacionet zyrtare p\u00ebr struktur\u00ebn edhe veprimtarin e saj.\",\"publisher\":{\"@id\":\"https:\/\/orthodoxalbania.org\/2020\/#organization\"},\"potentialAction\":[{\"@type\":\"SearchAction\",\"target\":{\"@type\":\"EntryPoint\",\"urlTemplate\":\"https:\/\/orthodoxalbania.org\/2020\/?s={search_term_string}\"},\"query-input\":{\"@type\":\"PropertyValueSpecification\",\"valueRequired\":true,\"valueName\":\"search_term_string\"}}],\"inLanguage\":\"en-US\"},{\"@type\":\"Organization\",\"@id\":\"https:\/\/orthodoxalbania.org\/2020\/#organization\",\"name\":\"Kisha Orthodhokse Autoqefale e Shqip\u00ebris\u00eb\",\"url\":\"https:\/\/orthodoxalbania.org\/2020\/\",\"logo\":{\"@type\":\"ImageObject\",\"inLanguage\":\"en-US\",\"@id\":\"https:\/\/orthodoxalbania.org\/2020\/#\/schema\/logo\/image\/\",\"url\":\"https:\/\/orthodoxalbania.org\/2020\/wp-content\/uploads\/2020\/05\/albania.jpeg\",\"contentUrl\":\"https:\/\/orthodoxalbania.org\/2020\/wp-content\/uploads\/2020\/05\/albania.jpeg\",\"width\":540,\"height\":540,\"caption\":\"Kisha Orthodhokse Autoqefale e Shqip\u00ebris\u00eb\"},\"image\":{\"@id\":\"https:\/\/orthodoxalbania.org\/2020\/#\/schema\/logo\/image\/\"},\"sameAs\":[\"https:\/\/www.facebook.com\/koash1991\"]},{\"@type\":\"Person\",\"@id\":\"https:\/\/orthodoxalbania.org\/2020\/#\/schema\/person\/0c387634a7063ac612d7ed9ce71c7e86\",\"name\":\"Kisha Orthodhokse\",\"image\":{\"@type\":\"ImageObject\",\"inLanguage\":\"en-US\",\"@id\":\"https:\/\/secure.gravatar.com\/avatar\/596e7c417251e30f2fbb9c00e026fce61a695a00e51c889caded71c96cbbdde5?s=96&d=mm&r=g\",\"url\":\"https:\/\/secure.gravatar.com\/avatar\/596e7c417251e30f2fbb9c00e026fce61a695a00e51c889caded71c96cbbdde5?s=96&d=mm&r=g\",\"contentUrl\":\"https:\/\/secure.gravatar.com\/avatar\/596e7c417251e30f2fbb9c00e026fce61a695a00e51c889caded71c96cbbdde5?s=96&d=mm&r=g\",\"caption\":\"Kisha Orthodhokse\"}}]}<\/script>\n<!-- \/ Yoast SEO plugin. -->","yoast_head_json":{"title":"Dor\u00ebzimi i nj\u00eb dhjakoni t\u00eb ri n\u00eb dit\u00ebn e emrit t\u00eb Mitropolitit Ignat. (20 Dhjetor 2013) - Kisha Orthodh\u03bfkse Autoqefale e Shqip\u00ebris\u00eb","robots":{"index":"index","follow":"follow","max-snippet":"max-snippet:-1","max-image-preview":"max-image-preview:large","max-video-preview":"max-video-preview:-1"},"canonical":"https:\/\/orthodoxalbania.org\/2020\/2013\/12\/21\/dorezimi-i-nje-dhjakoni-te-ri-ne-diten-e-emrit-te-mitropolitit-ignat\/","og_locale":"en_US","og_type":"article","og_title":"Dor\u00ebzimi i nj\u00eb dhjakoni t\u00eb ri n\u00eb dit\u00ebn e emrit t\u00eb Mitropolitit Ignat. (20 Dhjetor 2013) - Kisha Orthodh\u03bfkse Autoqefale e Shqip\u00ebris\u00eb","og_description":"&nbsp;&nbsp;&nbsp; M\u00eb 20 dhjetor 2013, Kisha jon\u00eb e shenjt\u00eb kremton Sh\u00ebn Ignat Hyjmbajt\u00ebsin. Emrin e k\u00ebtij shenjtori t\u00eb madh e mban edhe Mitropoliti i Beratit, Vlor\u00ebs dhe Kanin\u00ebs, Imzot Ignati. &nbsp;&nbsp;&nbsp; P\u00ebr t\u00eb marr\u00eb pjes\u00eb n\u00eb g\u00ebzimin e k\u00ebsaj dite e p\u00ebr t\u2019i uruar Kryebariut t\u00eb Mitropolis\u00eb son\u00eb vite t\u00eb shumta, ishin t\u00eb pranish\u00ebm shum\u00eb klerik\u00eb e besimtar\u00eb nga Z\u00ebvend\u00ebsit\u00eb Lokale t\u00eb Vlor\u00ebs, Fierit dhe","og_url":"https:\/\/orthodoxalbania.org\/2020\/2013\/12\/21\/dorezimi-i-nje-dhjakoni-te-ri-ne-diten-e-emrit-te-mitropolitit-ignat\/","og_site_name":"Kisha Orthodh\u03bfkse Autoqefale e Shqip\u00ebris\u00eb","article_publisher":"https:\/\/www.facebook.com\/koash1991","article_published_time":"2013-12-21T11:09:39+00:00","article_modified_time":"2020-04-06T20:05:25+00:00","og_image":[{"url":"https:\/\/lh4.googleusercontent.com\/-fCY0fpoLABU\/UrV0YU27chI\/AAAAAAAAHE8\/KTTOQ2IBQKU\/w702-h468-no\/vendose+brenda+ne+tekst.jpg","type":"","width":"","height":""}],"author":"Kisha Orthodhokse","twitter_card":"summary_large_image","twitter_misc":{"Written by":"Kisha Orthodhokse","Est. reading time":"6 minutes"},"schema":{"@context":"https:\/\/schema.org","@graph":[{"@type":"Article","@id":"https:\/\/orthodoxalbania.org\/2020\/2013\/12\/21\/dorezimi-i-nje-dhjakoni-te-ri-ne-diten-e-emrit-te-mitropolitit-ignat\/#article","isPartOf":{"@id":"https:\/\/orthodoxalbania.org\/2020\/2013\/12\/21\/dorezimi-i-nje-dhjakoni-te-ri-ne-diten-e-emrit-te-mitropolitit-ignat\/"},"author":{"name":"Kisha Orthodhokse","@id":"https:\/\/orthodoxalbania.org\/2020\/#\/schema\/person\/0c387634a7063ac612d7ed9ce71c7e86"},"headline":"Dor\u00ebzimi i nj\u00eb dhjakoni t\u00eb ri n\u00eb dit\u00ebn e emrit t\u00eb Mitropolitit Ignat. (20 Dhjetor 2013)","datePublished":"2013-12-21T11:09:39+00:00","dateModified":"2020-04-06T20:05:25+00:00","mainEntityOfPage":{"@id":"https:\/\/orthodoxalbania.org\/2020\/2013\/12\/21\/dorezimi-i-nje-dhjakoni-te-ri-ne-diten-e-emrit-te-mitropolitit-ignat\/"},"wordCount":1261,"commentCount":0,"publisher":{"@id":"https:\/\/orthodoxalbania.org\/2020\/#organization"},"image":{"@id":"https:\/\/orthodoxalbania.org\/2020\/2013\/12\/21\/dorezimi-i-nje-dhjakoni-te-ri-ne-diten-e-emrit-te-mitropolitit-ignat\/#primaryimage"},"thumbnailUrl":"https:\/\/lh4.googleusercontent.com\/-fCY0fpoLABU\/UrV0YU27chI\/AAAAAAAAHE8\/KTTOQ2IBQKU\/w702-h468-no\/vendose+brenda+ne+tekst.jpg","keywords":["2013","lajme","Mitropolia Berat"],"articleSection":["Lajme"],"inLanguage":"en-US"},{"@type":"WebPage","@id":"https:\/\/orthodoxalbania.org\/2020\/2013\/12\/21\/dorezimi-i-nje-dhjakoni-te-ri-ne-diten-e-emrit-te-mitropolitit-ignat\/","url":"https:\/\/orthodoxalbania.org\/2020\/2013\/12\/21\/dorezimi-i-nje-dhjakoni-te-ri-ne-diten-e-emrit-te-mitropolitit-ignat\/","name":"Dor\u00ebzimi i nj\u00eb dhjakoni t\u00eb ri n\u00eb dit\u00ebn e emrit t\u00eb Mitropolitit Ignat. (20 Dhjetor 2013) - Kisha Orthodh\u03bfkse Autoqefale e Shqip\u00ebris\u00eb","isPartOf":{"@id":"https:\/\/orthodoxalbania.org\/2020\/#website"},"primaryImageOfPage":{"@id":"https:\/\/orthodoxalbania.org\/2020\/2013\/12\/21\/dorezimi-i-nje-dhjakoni-te-ri-ne-diten-e-emrit-te-mitropolitit-ignat\/#primaryimage"},"image":{"@id":"https:\/\/orthodoxalbania.org\/2020\/2013\/12\/21\/dorezimi-i-nje-dhjakoni-te-ri-ne-diten-e-emrit-te-mitropolitit-ignat\/#primaryimage"},"thumbnailUrl":"https:\/\/lh4.googleusercontent.com\/-fCY0fpoLABU\/UrV0YU27chI\/AAAAAAAAHE8\/KTTOQ2IBQKU\/w702-h468-no\/vendose+brenda+ne+tekst.jpg","datePublished":"2013-12-21T11:09:39+00:00","dateModified":"2020-04-06T20:05:25+00:00","breadcrumb":{"@id":"https:\/\/orthodoxalbania.org\/2020\/2013\/12\/21\/dorezimi-i-nje-dhjakoni-te-ri-ne-diten-e-emrit-te-mitropolitit-ignat\/#breadcrumb"},"inLanguage":"en-US","potentialAction":[{"@type":"ReadAction","target":["https:\/\/orthodoxalbania.org\/2020\/2013\/12\/21\/dorezimi-i-nje-dhjakoni-te-ri-ne-diten-e-emrit-te-mitropolitit-ignat\/"]}]},{"@type":"ImageObject","inLanguage":"en-US","@id":"https:\/\/orthodoxalbania.org\/2020\/2013\/12\/21\/dorezimi-i-nje-dhjakoni-te-ri-ne-diten-e-emrit-te-mitropolitit-ignat\/#primaryimage","url":"https:\/\/lh4.googleusercontent.com\/-fCY0fpoLABU\/UrV0YU27chI\/AAAAAAAAHE8\/KTTOQ2IBQKU\/w702-h468-no\/vendose+brenda+ne+tekst.jpg","contentUrl":"https:\/\/lh4.googleusercontent.com\/-fCY0fpoLABU\/UrV0YU27chI\/AAAAAAAAHE8\/KTTOQ2IBQKU\/w702-h468-no\/vendose+brenda+ne+tekst.jpg"},{"@type":"BreadcrumbList","@id":"https:\/\/orthodoxalbania.org\/2020\/2013\/12\/21\/dorezimi-i-nje-dhjakoni-te-ri-ne-diten-e-emrit-te-mitropolitit-ignat\/#breadcrumb","itemListElement":[{"@type":"ListItem","position":1,"name":"Home","item":"https:\/\/orthodoxalbania.org\/2020\/"},{"@type":"ListItem","position":2,"name":"Dor\u00ebzimi i nj\u00eb dhjakoni t\u00eb ri n\u00eb dit\u00ebn e emrit t\u00eb Mitropolitit Ignat. (20 Dhjetor 2013)"}]},{"@type":"WebSite","@id":"https:\/\/orthodoxalbania.org\/2020\/#website","url":"https:\/\/orthodoxalbania.org\/2020\/","name":"Kisha Orthodh\u03bfkse Autoqefale e Shqip\u00ebris\u00eb","description":"Fqja Zyrtare e Kish\u00ebs Orthodhokse Autoqefale e Shqip\u00ebris\u00eb me lajmet edhe informacionet zyrtare p\u00ebr struktur\u00ebn edhe veprimtarin e saj.","publisher":{"@id":"https:\/\/orthodoxalbania.org\/2020\/#organization"},"potentialAction":[{"@type":"SearchAction","target":{"@type":"EntryPoint","urlTemplate":"https:\/\/orthodoxalbania.org\/2020\/?s={search_term_string}"},"query-input":{"@type":"PropertyValueSpecification","valueRequired":true,"valueName":"search_term_string"}}],"inLanguage":"en-US"},{"@type":"Organization","@id":"https:\/\/orthodoxalbania.org\/2020\/#organization","name":"Kisha Orthodhokse Autoqefale e Shqip\u00ebris\u00eb","url":"https:\/\/orthodoxalbania.org\/2020\/","logo":{"@type":"ImageObject","inLanguage":"en-US","@id":"https:\/\/orthodoxalbania.org\/2020\/#\/schema\/logo\/image\/","url":"https:\/\/orthodoxalbania.org\/2020\/wp-content\/uploads\/2020\/05\/albania.jpeg","contentUrl":"https:\/\/orthodoxalbania.org\/2020\/wp-content\/uploads\/2020\/05\/albania.jpeg","width":540,"height":540,"caption":"Kisha Orthodhokse Autoqefale e Shqip\u00ebris\u00eb"},"image":{"@id":"https:\/\/orthodoxalbania.org\/2020\/#\/schema\/logo\/image\/"},"sameAs":["https:\/\/www.facebook.com\/koash1991"]},{"@type":"Person","@id":"https:\/\/orthodoxalbania.org\/2020\/#\/schema\/person\/0c387634a7063ac612d7ed9ce71c7e86","name":"Kisha Orthodhokse","image":{"@type":"ImageObject","inLanguage":"en-US","@id":"https:\/\/secure.gravatar.com\/avatar\/596e7c417251e30f2fbb9c00e026fce61a695a00e51c889caded71c96cbbdde5?s=96&d=mm&r=g","url":"https:\/\/secure.gravatar.com\/avatar\/596e7c417251e30f2fbb9c00e026fce61a695a00e51c889caded71c96cbbdde5?s=96&d=mm&r=g","contentUrl":"https:\/\/secure.gravatar.com\/avatar\/596e7c417251e30f2fbb9c00e026fce61a695a00e51c889caded71c96cbbdde5?s=96&d=mm&r=g","caption":"Kisha Orthodhokse"}}]}},"_links":{"self":[{"href":"https:\/\/orthodoxalbania.org\/2020\/wp-json\/wp\/v2\/posts\/462","targetHints":{"allow":["GET"]}}],"collection":[{"href":"https:\/\/orthodoxalbania.org\/2020\/wp-json\/wp\/v2\/posts"}],"about":[{"href":"https:\/\/orthodoxalbania.org\/2020\/wp-json\/wp\/v2\/types\/post"}],"author":[{"embeddable":true,"href":"https:\/\/orthodoxalbania.org\/2020\/wp-json\/wp\/v2\/users\/1"}],"replies":[{"embeddable":true,"href":"https:\/\/orthodoxalbania.org\/2020\/wp-json\/wp\/v2\/comments?post=462"}],"version-history":[{"count":1,"href":"https:\/\/orthodoxalbania.org\/2020\/wp-json\/wp\/v2\/posts\/462\/revisions"}],"predecessor-version":[{"id":15143,"href":"https:\/\/orthodoxalbania.org\/2020\/wp-json\/wp\/v2\/posts\/462\/revisions\/15143"}],"wp:attachment":[{"href":"https:\/\/orthodoxalbania.org\/2020\/wp-json\/wp\/v2\/media?parent=462"}],"wp:term":[{"taxonomy":"category","embeddable":true,"href":"https:\/\/orthodoxalbania.org\/2020\/wp-json\/wp\/v2\/categories?post=462"},{"taxonomy":"post_tag","embeddable":true,"href":"https:\/\/orthodoxalbania.org\/2020\/wp-json\/wp\/v2\/tags?post=462"}],"curies":[{"name":"wp","href":"https:\/\/api.w.org\/{rel}","templated":true}]}}