{"id":461,"date":"2013-12-20T13:46:51","date_gmt":"2013-12-20T13:46:51","guid":{"rendered":""},"modified":"2020-04-06T22:05:25","modified_gmt":"2020-04-06T20:05:25","slug":"dorezimi-i-diplomave-per-studentet-qe-mbaruan-sistemin-tre-vjecar-ne-universitetin-logos","status":"publish","type":"post","link":"https:\/\/orthodoxalbania.org\/2020\/2013\/12\/20\/dorezimi-i-diplomave-per-studentet-qe-mbaruan-sistemin-tre-vjecar-ne-universitetin-logos\/","title":{"rendered":"Dor\u00ebzimi i diplomave p\u00ebr student\u00ebt q\u00eb mbaruan sistemin tre vje\u00e7ar n\u00eb Universitetin LOGOS. (7 Dhjetor 2013)"},"content":{"rendered":"<div style=\"text-align: justify;\"><span style=\"font-family: helvetica;\"><span style=\"font-size: 12px;\"><img decoding=\"async\" class=\"lazyload HAa Eha\" style=\"height: 216px; width: 300px; margin: 10px; float: left; border-width: 1px; border-style: solid;\" alt=\"\" src=\"data:image\/gif;base64,R0lGODlhAQABAAAAACH5BAEKAAEALAAAAAABAAEAAAICTAEAOw==\" data-orig-src=\"https:\/\/lh5.googleusercontent.com\/-HAub_omzugs\/UrRJnMB7suI\/AAAAAAAAHDo\/gp-Kgv_XlPg\/w599-h432-no\/Fotoja+e+Logosit.JPG\" \/><span style=\"font-size: 12pt;\">&nbsp;&nbsp;&nbsp; <span style=\"color: #000000;\">T\u00eb shtun\u00ebn, m\u00eb 7 dhjetor 2013, n\u00eb sall\u00ebn e konferencave t\u00eb Universitetit LOGOS, n\u00eb Tiran\u00eb, u krye ceremonia e dor\u00ebzimit t\u00eb diplomave p\u00ebr 50 student\u00ebt q\u00eb mbaruan sistemin 3 vje\u00e7ar n\u00eb deg\u00ebt: Ekonomik, Laborator dhe Informatik\u00eb.<\/span><\/span><\/span><\/span><\/div>\n<div style=\"text-align: justify;\"><span style=\"font-family: helvetica; font-size: 12pt;\"> <span style=\"color: #000000;\">&nbsp;&nbsp; Salla e konferencave ishte e mbushur me shum\u00eb pjes\u00ebmarr\u00ebs. T\u00eb pranish\u00ebm n\u00eb k\u00ebt\u00eb ceremoni ishin pedagog\u00eb, student\u00eb, prind\u00ebr dhe t\u00eb ftuar t\u00eb tjer\u00eb. N\u00eb k\u00ebt\u00eb eveniment merrte pjes\u00eb gjithashtu edhe Kryepiskopi i Tiran\u00ebs, Durr\u00ebsit dhe gjith\u00eb Shqip\u00ebris\u00eb, Fortlumturia e Tij, Imzot Anastasi.<\/span><\/span><\/div>\n<div style=\"text-align: justify;\"><span style=\"font-family: helvetica; font-size: 12pt;\"> <span style=\"color: #000000;\">&nbsp;&nbsp;&nbsp; Student\u00ebt u p\u00ebrsh\u00ebndet\u00ebn nga Rektori i k\u00ebtij Universiteti, Prof. Dr. Ilia Telo i cili i fal\u00ebnderoi student\u00ebt q\u00eb zgjodh\u00ebn Universitetin Logos p\u00ebr t\u00eb vazhduar studimet e tyre. Ai vazhdoi duke th\u00ebn\u00eb: \u201cUn\u00eb besoj se jeni t\u00eb k\u00ebnaqur. Universiteti Logos ka nj\u00eb personel akademik t\u00eb p\u00ebrkushtuar, kushtet e shkoll\u00ebs nga m\u00eb bashk\u00ebkohoret dhe tarifat m\u00eb t\u00eb ul\u00ebta se t\u00eb tjer\u00ebt. Ju uroj suksese n\u00eb jet\u00eb dhe n\u00eb pun\u00eb dhe t\u00eb mos harroni se e gjith\u00eb jeta \u00ebsht\u00eb shkoll\u00eb.\u201d<\/span><\/span><\/div>\n<div style=\"text-align: justify;\"><span style=\"font-family: helvetica; font-size: 12pt;\"> <span style=\"color: #000000;\">&nbsp;&nbsp;&nbsp; Zv\/rektori Prof.As.Dr Beatri\u00e7e Polo n\u00eb fjal\u00ebn e saj theksoi se Shkolla e Lart\u00eb Universitare Private \u201cLogos\u201d \u00ebsht\u00eb nj\u00eb shkoll\u00eb konkurruese dhe e standarteve evropiane. Kjo shkoll\u00eb drejtohet dhe zbaton Kushtetut\u00ebn e Republik\u00ebs s\u00eb Shqip\u00ebris\u00eb, Ligjin p\u00ebr Arsimin e Lart\u00eb, Udh\u00ebzimet e Ministris\u00eb s\u00eb Arsimit e t\u00eb Shkenc\u00ebs, Udh\u00ebzimet e Agjencis\u00eb Publike e t\u00eb Akreditimit t\u00eb Lart\u00eb, Statutin dhe Rregulloren e Shkoll\u00ebs. Znj. Polo theksoi gjithashtu ecurin\u00eb dhe sfidat e k\u00ebsaj shkolle nd\u00ebr vite. Ajo foli edhe p\u00ebr marrjen e miratimit dhe Li\u00e7ensimit nga Ministria e Arsimit p\u00ebr programet e studimit t\u00eb ciklit t\u00eb dyt\u00eb \u201cMaster Profesional\u201d. Nuk mungoi n\u00eb fjalimin e saj as edhe p\u00ebrg\u00ebzimi p\u00ebr pun\u00ebn e b\u00ebr\u00eb nga ana e student\u00ebve p\u00ebrgjat\u00eb studimeve t\u00eb tyre dhe urimet e shumta p\u00ebr suksese t\u00eb m\u00ebtejshme.<\/span><\/span><\/div>\n<div style=\"text-align: justify;\"><span style=\"font-family: helvetica; font-size: 12pt;\"> <span style=\"color: #000000;\">&nbsp;&nbsp;&nbsp; Student\u00ebt u p\u00ebrsh\u00ebndet\u00ebn dhe u uruan p\u00ebr diplomimin e tyre edhe nga Prof.Dr. Robert Andoni.<\/span><\/span><\/div>\n<div style=\"text-align: justify;\"><span style=\"font-family: helvetica; font-size: 12pt;\"> <span style=\"color: #000000;\">&nbsp;&nbsp;&nbsp; Presidenti i Universitetit LOGOS, Prof.Dr +Anastasi, nj\u00ebher\u00ebsh Kryepiskop i Tiran\u00ebs, Durr\u00ebsit dhe gjith\u00eb Shqip\u00ebris\u00eb i uroi dhe i k\u00ebshilloi student\u00ebt duke th\u00ebn\u00eb: \u201cP\u00ebrg\u00ebzime p\u00ebr diplom\u00ebn&nbsp; t\u00eb dashur&nbsp; ish student\u00eb. Gjithmon\u00eb t\u00eb jeni student\u00eb. Ta g\u00ebzoni diplom\u00ebn. Zoti i bekoft\u00eb p\u00ebrpjekjet tuaja. Ju uroj sh\u00ebndet, dashuri, kurajo, besim dhe suksese gjithmon\u00eb. Zoti me ju.\u201d<\/span><\/span><\/div>\n<div style=\"text-align: justify;\"><span style=\"font-family: helvetica; font-size: 12pt;\"> <span style=\"color: #000000;\">&nbsp;&nbsp;&nbsp; Kat\u00ebr student\u00ebt m\u00eb t\u00eb mir\u00eb, Ina Prengaj, Xhulian Spahiu, Kristi Xhaferri, Adriana Qoshja soll\u00ebn para t\u00eb pranishm\u00ebve fjalimet e tyre duke fal\u00ebnderuar stafin pedagogjik p\u00ebr p\u00ebrkushtimin dhe p\u00ebr kushtet bashk\u00ebkohore t\u00eb universitetit. Ata gjithashtu uruan koleg\u00ebt e tyre p\u00ebr suksese t\u00eb m\u00ebtejshme.<\/span><\/span><\/div>\n<div style=\"text-align: right;\">\n<p><span style=\"font-family: helvetica; font-size: 12pt;\"> <span style=\"color: #000000;\"><strong>Luljeta Pjetri<\/strong><\/span><\/span><\/div>\n","protected":false},"excerpt":{"rendered":"<p>&nbsp;&nbsp;&nbsp; T\u00eb shtun\u00ebn, m\u00eb 7 dhjetor 2013, n\u00eb sall\u00ebn e konferencave t\u00eb Universitetit LOGOS, n\u00eb Tiran\u00eb, u krye ceremonia e dor\u00ebzimit t\u00eb diplomave p\u00ebr 50 student\u00ebt q\u00eb mbaruan sistemin 3 vje\u00e7ar n\u00eb deg\u00ebt: Ekonomik, Laborator dhe Informatik\u00eb. &nbsp;&nbsp; Salla e konferencave ishte e mbushur me shum\u00eb pjes\u00ebmarr\u00ebs. T\u00eb pranish\u00ebm n\u00eb k\u00ebt\u00eb ceremoni ishin pedagog\u00eb, student\u00eb, prind\u00ebr dhe t\u00eb ftuar t\u00eb tjer\u00eb. N\u00eb k\u00ebt\u00eb eveniment merrte<\/p>\n","protected":false},"author":1,"featured_media":0,"comment_status":"open","ping_status":"open","sticky":false,"template":"","format":"standard","meta":{"_acf_changed":false,"pagelayer_contact_templates":[],"_pagelayer_content":"","inline_featured_image":false,"fifu_image_url":"","fifu_image_alt":"","footnotes":""},"categories":[108],"tags":[141,168,196,212,195],"class_list":["post-461","post","type-post","status-publish","format-standard","hentry","category-lajme","tag-141","tag-diplomime","tag-tirane","tag-lajme-d27","tag-universiteti-logos"],"acf":[],"yoast_head":"<!-- This site is optimized with the Yoast SEO plugin v27.2 - https:\/\/yoast.com\/product\/yoast-seo-wordpress\/ -->\n<title>Dor\u00ebzimi i diplomave p\u00ebr student\u00ebt q\u00eb mbaruan sistemin tre vje\u00e7ar n\u00eb Universitetin LOGOS. (7 Dhjetor 2013) - Kisha Orthodh\u03bfkse Autoqefale e Shqip\u00ebris\u00eb<\/title>\n<meta name=\"robots\" content=\"index, follow, max-snippet:-1, max-image-preview:large, max-video-preview:-1\" \/>\n<link rel=\"canonical\" href=\"https:\/\/orthodoxalbania.org\/2020\/2013\/12\/20\/dorezimi-i-diplomave-per-studentet-qe-mbaruan-sistemin-tre-vjecar-ne-universitetin-logos\/\" \/>\n<meta property=\"og:locale\" content=\"en_US\" \/>\n<meta property=\"og:type\" content=\"article\" \/>\n<meta property=\"og:title\" content=\"Dor\u00ebzimi i diplomave p\u00ebr student\u00ebt q\u00eb mbaruan sistemin tre vje\u00e7ar n\u00eb Universitetin LOGOS. (7 Dhjetor 2013) - Kisha Orthodh\u03bfkse Autoqefale e Shqip\u00ebris\u00eb\" \/>\n<meta property=\"og:description\" content=\"&nbsp;&nbsp;&nbsp; T\u00eb shtun\u00ebn, m\u00eb 7 dhjetor 2013, n\u00eb sall\u00ebn e konferencave t\u00eb Universitetit LOGOS, n\u00eb Tiran\u00eb, u krye ceremonia e dor\u00ebzimit t\u00eb diplomave p\u00ebr 50 student\u00ebt q\u00eb mbaruan sistemin 3 vje\u00e7ar n\u00eb deg\u00ebt: Ekonomik, Laborator dhe Informatik\u00eb. &nbsp;&nbsp; Salla e konferencave ishte e mbushur me shum\u00eb pjes\u00ebmarr\u00ebs. T\u00eb pranish\u00ebm n\u00eb k\u00ebt\u00eb ceremoni ishin pedagog\u00eb, student\u00eb, prind\u00ebr dhe t\u00eb ftuar t\u00eb tjer\u00eb. N\u00eb k\u00ebt\u00eb eveniment merrte\" \/>\n<meta property=\"og:url\" content=\"https:\/\/orthodoxalbania.org\/2020\/2013\/12\/20\/dorezimi-i-diplomave-per-studentet-qe-mbaruan-sistemin-tre-vjecar-ne-universitetin-logos\/\" \/>\n<meta property=\"og:site_name\" content=\"Kisha Orthodh\u03bfkse Autoqefale e Shqip\u00ebris\u00eb\" \/>\n<meta property=\"article:publisher\" content=\"https:\/\/www.facebook.com\/koash1991\" \/>\n<meta property=\"article:published_time\" content=\"2013-12-20T13:46:51+00:00\" \/>\n<meta property=\"article:modified_time\" content=\"2020-04-06T20:05:25+00:00\" \/>\n<meta property=\"og:image\" content=\"https:\/\/lh5.googleusercontent.com\/-HAub_omzugs\/UrRJnMB7suI\/AAAAAAAAHDo\/gp-Kgv_XlPg\/w599-h432-no\/Fotoja+e+Logosit.JPG\" \/>\n<meta name=\"author\" content=\"Kisha Orthodhokse\" \/>\n<meta name=\"twitter:card\" content=\"summary_large_image\" \/>\n<meta name=\"twitter:label1\" content=\"Written by\" \/>\n\t<meta name=\"twitter:data1\" content=\"Kisha Orthodhokse\" \/>\n\t<meta name=\"twitter:label2\" content=\"Est. reading time\" \/>\n\t<meta name=\"twitter:data2\" content=\"3 minutes\" \/>\n<script type=\"application\/ld+json\" class=\"yoast-schema-graph\">{\"@context\":\"https:\/\/schema.org\",\"@graph\":[{\"@type\":\"Article\",\"@id\":\"https:\/\/orthodoxalbania.org\/2020\/2013\/12\/20\/dorezimi-i-diplomave-per-studentet-qe-mbaruan-sistemin-tre-vjecar-ne-universitetin-logos\/#article\",\"isPartOf\":{\"@id\":\"https:\/\/orthodoxalbania.org\/2020\/2013\/12\/20\/dorezimi-i-diplomave-per-studentet-qe-mbaruan-sistemin-tre-vjecar-ne-universitetin-logos\/\"},\"author\":{\"name\":\"Kisha Orthodhokse\",\"@id\":\"https:\/\/orthodoxalbania.org\/2020\/#\/schema\/person\/0c387634a7063ac612d7ed9ce71c7e86\"},\"headline\":\"Dor\u00ebzimi i diplomave p\u00ebr student\u00ebt q\u00eb mbaruan sistemin tre vje\u00e7ar n\u00eb Universitetin LOGOS. (7 Dhjetor 2013)\",\"datePublished\":\"2013-12-20T13:46:51+00:00\",\"dateModified\":\"2020-04-06T20:05:25+00:00\",\"mainEntityOfPage\":{\"@id\":\"https:\/\/orthodoxalbania.org\/2020\/2013\/12\/20\/dorezimi-i-diplomave-per-studentet-qe-mbaruan-sistemin-tre-vjecar-ne-universitetin-logos\/\"},\"wordCount\":522,\"commentCount\":0,\"publisher\":{\"@id\":\"https:\/\/orthodoxalbania.org\/2020\/#organization\"},\"image\":{\"@id\":\"https:\/\/orthodoxalbania.org\/2020\/2013\/12\/20\/dorezimi-i-diplomave-per-studentet-qe-mbaruan-sistemin-tre-vjecar-ne-universitetin-logos\/#primaryimage\"},\"thumbnailUrl\":\"https:\/\/lh5.googleusercontent.com\/-HAub_omzugs\/UrRJnMB7suI\/AAAAAAAAHDo\/gp-Kgv_XlPg\/w599-h432-no\/Fotoja+e+Logosit.JPG\",\"keywords\":[\"2013\",\"Diplomime\",\"Kryepiskopata Tiran\u00eb\",\"lajme\",\"Universiteti \\\"Logos\\\"\"],\"articleSection\":[\"Lajme\"],\"inLanguage\":\"en-US\"},{\"@type\":\"WebPage\",\"@id\":\"https:\/\/orthodoxalbania.org\/2020\/2013\/12\/20\/dorezimi-i-diplomave-per-studentet-qe-mbaruan-sistemin-tre-vjecar-ne-universitetin-logos\/\",\"url\":\"https:\/\/orthodoxalbania.org\/2020\/2013\/12\/20\/dorezimi-i-diplomave-per-studentet-qe-mbaruan-sistemin-tre-vjecar-ne-universitetin-logos\/\",\"name\":\"Dor\u00ebzimi i diplomave p\u00ebr student\u00ebt q\u00eb mbaruan sistemin tre vje\u00e7ar n\u00eb Universitetin LOGOS. (7 Dhjetor 2013) - Kisha Orthodh\u03bfkse Autoqefale e Shqip\u00ebris\u00eb\",\"isPartOf\":{\"@id\":\"https:\/\/orthodoxalbania.org\/2020\/#website\"},\"primaryImageOfPage\":{\"@id\":\"https:\/\/orthodoxalbania.org\/2020\/2013\/12\/20\/dorezimi-i-diplomave-per-studentet-qe-mbaruan-sistemin-tre-vjecar-ne-universitetin-logos\/#primaryimage\"},\"image\":{\"@id\":\"https:\/\/orthodoxalbania.org\/2020\/2013\/12\/20\/dorezimi-i-diplomave-per-studentet-qe-mbaruan-sistemin-tre-vjecar-ne-universitetin-logos\/#primaryimage\"},\"thumbnailUrl\":\"https:\/\/lh5.googleusercontent.com\/-HAub_omzugs\/UrRJnMB7suI\/AAAAAAAAHDo\/gp-Kgv_XlPg\/w599-h432-no\/Fotoja+e+Logosit.JPG\",\"datePublished\":\"2013-12-20T13:46:51+00:00\",\"dateModified\":\"2020-04-06T20:05:25+00:00\",\"breadcrumb\":{\"@id\":\"https:\/\/orthodoxalbania.org\/2020\/2013\/12\/20\/dorezimi-i-diplomave-per-studentet-qe-mbaruan-sistemin-tre-vjecar-ne-universitetin-logos\/#breadcrumb\"},\"inLanguage\":\"en-US\",\"potentialAction\":[{\"@type\":\"ReadAction\",\"target\":[\"https:\/\/orthodoxalbania.org\/2020\/2013\/12\/20\/dorezimi-i-diplomave-per-studentet-qe-mbaruan-sistemin-tre-vjecar-ne-universitetin-logos\/\"]}]},{\"@type\":\"ImageObject\",\"inLanguage\":\"en-US\",\"@id\":\"https:\/\/orthodoxalbania.org\/2020\/2013\/12\/20\/dorezimi-i-diplomave-per-studentet-qe-mbaruan-sistemin-tre-vjecar-ne-universitetin-logos\/#primaryimage\",\"url\":\"https:\/\/lh5.googleusercontent.com\/-HAub_omzugs\/UrRJnMB7suI\/AAAAAAAAHDo\/gp-Kgv_XlPg\/w599-h432-no\/Fotoja+e+Logosit.JPG\",\"contentUrl\":\"https:\/\/lh5.googleusercontent.com\/-HAub_omzugs\/UrRJnMB7suI\/AAAAAAAAHDo\/gp-Kgv_XlPg\/w599-h432-no\/Fotoja+e+Logosit.JPG\"},{\"@type\":\"BreadcrumbList\",\"@id\":\"https:\/\/orthodoxalbania.org\/2020\/2013\/12\/20\/dorezimi-i-diplomave-per-studentet-qe-mbaruan-sistemin-tre-vjecar-ne-universitetin-logos\/#breadcrumb\",\"itemListElement\":[{\"@type\":\"ListItem\",\"position\":1,\"name\":\"Home\",\"item\":\"https:\/\/orthodoxalbania.org\/2020\/\"},{\"@type\":\"ListItem\",\"position\":2,\"name\":\"Dor\u00ebzimi i diplomave p\u00ebr student\u00ebt q\u00eb mbaruan sistemin tre vje\u00e7ar n\u00eb Universitetin LOGOS. (7 Dhjetor 2013)\"}]},{\"@type\":\"WebSite\",\"@id\":\"https:\/\/orthodoxalbania.org\/2020\/#website\",\"url\":\"https:\/\/orthodoxalbania.org\/2020\/\",\"name\":\"Kisha Orthodh\u03bfkse Autoqefale e Shqip\u00ebris\u00eb\",\"description\":\"Fqja Zyrtare e Kish\u00ebs Orthodhokse Autoqefale e Shqip\u00ebris\u00eb me lajmet edhe informacionet zyrtare p\u00ebr struktur\u00ebn edhe veprimtarin e saj.\",\"publisher\":{\"@id\":\"https:\/\/orthodoxalbania.org\/2020\/#organization\"},\"potentialAction\":[{\"@type\":\"SearchAction\",\"target\":{\"@type\":\"EntryPoint\",\"urlTemplate\":\"https:\/\/orthodoxalbania.org\/2020\/?s={search_term_string}\"},\"query-input\":{\"@type\":\"PropertyValueSpecification\",\"valueRequired\":true,\"valueName\":\"search_term_string\"}}],\"inLanguage\":\"en-US\"},{\"@type\":\"Organization\",\"@id\":\"https:\/\/orthodoxalbania.org\/2020\/#organization\",\"name\":\"Kisha Orthodhokse Autoqefale e Shqip\u00ebris\u00eb\",\"url\":\"https:\/\/orthodoxalbania.org\/2020\/\",\"logo\":{\"@type\":\"ImageObject\",\"inLanguage\":\"en-US\",\"@id\":\"https:\/\/orthodoxalbania.org\/2020\/#\/schema\/logo\/image\/\",\"url\":\"https:\/\/orthodoxalbania.org\/2020\/wp-content\/uploads\/2020\/05\/albania.jpeg\",\"contentUrl\":\"https:\/\/orthodoxalbania.org\/2020\/wp-content\/uploads\/2020\/05\/albania.jpeg\",\"width\":540,\"height\":540,\"caption\":\"Kisha Orthodhokse Autoqefale e Shqip\u00ebris\u00eb\"},\"image\":{\"@id\":\"https:\/\/orthodoxalbania.org\/2020\/#\/schema\/logo\/image\/\"},\"sameAs\":[\"https:\/\/www.facebook.com\/koash1991\"]},{\"@type\":\"Person\",\"@id\":\"https:\/\/orthodoxalbania.org\/2020\/#\/schema\/person\/0c387634a7063ac612d7ed9ce71c7e86\",\"name\":\"Kisha Orthodhokse\",\"image\":{\"@type\":\"ImageObject\",\"inLanguage\":\"en-US\",\"@id\":\"https:\/\/secure.gravatar.com\/avatar\/596e7c417251e30f2fbb9c00e026fce61a695a00e51c889caded71c96cbbdde5?s=96&d=mm&r=g\",\"url\":\"https:\/\/secure.gravatar.com\/avatar\/596e7c417251e30f2fbb9c00e026fce61a695a00e51c889caded71c96cbbdde5?s=96&d=mm&r=g\",\"contentUrl\":\"https:\/\/secure.gravatar.com\/avatar\/596e7c417251e30f2fbb9c00e026fce61a695a00e51c889caded71c96cbbdde5?s=96&d=mm&r=g\",\"caption\":\"Kisha Orthodhokse\"}}]}<\/script>\n<!-- \/ Yoast SEO plugin. -->","yoast_head_json":{"title":"Dor\u00ebzimi i diplomave p\u00ebr student\u00ebt q\u00eb mbaruan sistemin tre vje\u00e7ar n\u00eb Universitetin LOGOS. (7 Dhjetor 2013) - Kisha Orthodh\u03bfkse Autoqefale e Shqip\u00ebris\u00eb","robots":{"index":"index","follow":"follow","max-snippet":"max-snippet:-1","max-image-preview":"max-image-preview:large","max-video-preview":"max-video-preview:-1"},"canonical":"https:\/\/orthodoxalbania.org\/2020\/2013\/12\/20\/dorezimi-i-diplomave-per-studentet-qe-mbaruan-sistemin-tre-vjecar-ne-universitetin-logos\/","og_locale":"en_US","og_type":"article","og_title":"Dor\u00ebzimi i diplomave p\u00ebr student\u00ebt q\u00eb mbaruan sistemin tre vje\u00e7ar n\u00eb Universitetin LOGOS. (7 Dhjetor 2013) - Kisha Orthodh\u03bfkse Autoqefale e Shqip\u00ebris\u00eb","og_description":"&nbsp;&nbsp;&nbsp; T\u00eb shtun\u00ebn, m\u00eb 7 dhjetor 2013, n\u00eb sall\u00ebn e konferencave t\u00eb Universitetit LOGOS, n\u00eb Tiran\u00eb, u krye ceremonia e dor\u00ebzimit t\u00eb diplomave p\u00ebr 50 student\u00ebt q\u00eb mbaruan sistemin 3 vje\u00e7ar n\u00eb deg\u00ebt: Ekonomik, Laborator dhe Informatik\u00eb. &nbsp;&nbsp; Salla e konferencave ishte e mbushur me shum\u00eb pjes\u00ebmarr\u00ebs. T\u00eb pranish\u00ebm n\u00eb k\u00ebt\u00eb ceremoni ishin pedagog\u00eb, student\u00eb, prind\u00ebr dhe t\u00eb ftuar t\u00eb tjer\u00eb. N\u00eb k\u00ebt\u00eb eveniment merrte","og_url":"https:\/\/orthodoxalbania.org\/2020\/2013\/12\/20\/dorezimi-i-diplomave-per-studentet-qe-mbaruan-sistemin-tre-vjecar-ne-universitetin-logos\/","og_site_name":"Kisha Orthodh\u03bfkse Autoqefale e Shqip\u00ebris\u00eb","article_publisher":"https:\/\/www.facebook.com\/koash1991","article_published_time":"2013-12-20T13:46:51+00:00","article_modified_time":"2020-04-06T20:05:25+00:00","og_image":[{"url":"https:\/\/lh5.googleusercontent.com\/-HAub_omzugs\/UrRJnMB7suI\/AAAAAAAAHDo\/gp-Kgv_XlPg\/w599-h432-no\/Fotoja+e+Logosit.JPG","type":"","width":"","height":""}],"author":"Kisha Orthodhokse","twitter_card":"summary_large_image","twitter_misc":{"Written by":"Kisha Orthodhokse","Est. reading time":"3 minutes"},"schema":{"@context":"https:\/\/schema.org","@graph":[{"@type":"Article","@id":"https:\/\/orthodoxalbania.org\/2020\/2013\/12\/20\/dorezimi-i-diplomave-per-studentet-qe-mbaruan-sistemin-tre-vjecar-ne-universitetin-logos\/#article","isPartOf":{"@id":"https:\/\/orthodoxalbania.org\/2020\/2013\/12\/20\/dorezimi-i-diplomave-per-studentet-qe-mbaruan-sistemin-tre-vjecar-ne-universitetin-logos\/"},"author":{"name":"Kisha Orthodhokse","@id":"https:\/\/orthodoxalbania.org\/2020\/#\/schema\/person\/0c387634a7063ac612d7ed9ce71c7e86"},"headline":"Dor\u00ebzimi i diplomave p\u00ebr student\u00ebt q\u00eb mbaruan sistemin tre vje\u00e7ar n\u00eb Universitetin LOGOS. (7 Dhjetor 2013)","datePublished":"2013-12-20T13:46:51+00:00","dateModified":"2020-04-06T20:05:25+00:00","mainEntityOfPage":{"@id":"https:\/\/orthodoxalbania.org\/2020\/2013\/12\/20\/dorezimi-i-diplomave-per-studentet-qe-mbaruan-sistemin-tre-vjecar-ne-universitetin-logos\/"},"wordCount":522,"commentCount":0,"publisher":{"@id":"https:\/\/orthodoxalbania.org\/2020\/#organization"},"image":{"@id":"https:\/\/orthodoxalbania.org\/2020\/2013\/12\/20\/dorezimi-i-diplomave-per-studentet-qe-mbaruan-sistemin-tre-vjecar-ne-universitetin-logos\/#primaryimage"},"thumbnailUrl":"https:\/\/lh5.googleusercontent.com\/-HAub_omzugs\/UrRJnMB7suI\/AAAAAAAAHDo\/gp-Kgv_XlPg\/w599-h432-no\/Fotoja+e+Logosit.JPG","keywords":["2013","Diplomime","Kryepiskopata Tiran\u00eb","lajme","Universiteti \"Logos\""],"articleSection":["Lajme"],"inLanguage":"en-US"},{"@type":"WebPage","@id":"https:\/\/orthodoxalbania.org\/2020\/2013\/12\/20\/dorezimi-i-diplomave-per-studentet-qe-mbaruan-sistemin-tre-vjecar-ne-universitetin-logos\/","url":"https:\/\/orthodoxalbania.org\/2020\/2013\/12\/20\/dorezimi-i-diplomave-per-studentet-qe-mbaruan-sistemin-tre-vjecar-ne-universitetin-logos\/","name":"Dor\u00ebzimi i diplomave p\u00ebr student\u00ebt q\u00eb mbaruan sistemin tre vje\u00e7ar n\u00eb Universitetin LOGOS. (7 Dhjetor 2013) - Kisha Orthodh\u03bfkse Autoqefale e Shqip\u00ebris\u00eb","isPartOf":{"@id":"https:\/\/orthodoxalbania.org\/2020\/#website"},"primaryImageOfPage":{"@id":"https:\/\/orthodoxalbania.org\/2020\/2013\/12\/20\/dorezimi-i-diplomave-per-studentet-qe-mbaruan-sistemin-tre-vjecar-ne-universitetin-logos\/#primaryimage"},"image":{"@id":"https:\/\/orthodoxalbania.org\/2020\/2013\/12\/20\/dorezimi-i-diplomave-per-studentet-qe-mbaruan-sistemin-tre-vjecar-ne-universitetin-logos\/#primaryimage"},"thumbnailUrl":"https:\/\/lh5.googleusercontent.com\/-HAub_omzugs\/UrRJnMB7suI\/AAAAAAAAHDo\/gp-Kgv_XlPg\/w599-h432-no\/Fotoja+e+Logosit.JPG","datePublished":"2013-12-20T13:46:51+00:00","dateModified":"2020-04-06T20:05:25+00:00","breadcrumb":{"@id":"https:\/\/orthodoxalbania.org\/2020\/2013\/12\/20\/dorezimi-i-diplomave-per-studentet-qe-mbaruan-sistemin-tre-vjecar-ne-universitetin-logos\/#breadcrumb"},"inLanguage":"en-US","potentialAction":[{"@type":"ReadAction","target":["https:\/\/orthodoxalbania.org\/2020\/2013\/12\/20\/dorezimi-i-diplomave-per-studentet-qe-mbaruan-sistemin-tre-vjecar-ne-universitetin-logos\/"]}]},{"@type":"ImageObject","inLanguage":"en-US","@id":"https:\/\/orthodoxalbania.org\/2020\/2013\/12\/20\/dorezimi-i-diplomave-per-studentet-qe-mbaruan-sistemin-tre-vjecar-ne-universitetin-logos\/#primaryimage","url":"https:\/\/lh5.googleusercontent.com\/-HAub_omzugs\/UrRJnMB7suI\/AAAAAAAAHDo\/gp-Kgv_XlPg\/w599-h432-no\/Fotoja+e+Logosit.JPG","contentUrl":"https:\/\/lh5.googleusercontent.com\/-HAub_omzugs\/UrRJnMB7suI\/AAAAAAAAHDo\/gp-Kgv_XlPg\/w599-h432-no\/Fotoja+e+Logosit.JPG"},{"@type":"BreadcrumbList","@id":"https:\/\/orthodoxalbania.org\/2020\/2013\/12\/20\/dorezimi-i-diplomave-per-studentet-qe-mbaruan-sistemin-tre-vjecar-ne-universitetin-logos\/#breadcrumb","itemListElement":[{"@type":"ListItem","position":1,"name":"Home","item":"https:\/\/orthodoxalbania.org\/2020\/"},{"@type":"ListItem","position":2,"name":"Dor\u00ebzimi i diplomave p\u00ebr student\u00ebt q\u00eb mbaruan sistemin tre vje\u00e7ar n\u00eb Universitetin LOGOS. (7 Dhjetor 2013)"}]},{"@type":"WebSite","@id":"https:\/\/orthodoxalbania.org\/2020\/#website","url":"https:\/\/orthodoxalbania.org\/2020\/","name":"Kisha Orthodh\u03bfkse Autoqefale e Shqip\u00ebris\u00eb","description":"Fqja Zyrtare e Kish\u00ebs Orthodhokse Autoqefale e Shqip\u00ebris\u00eb me lajmet edhe informacionet zyrtare p\u00ebr struktur\u00ebn edhe veprimtarin e saj.","publisher":{"@id":"https:\/\/orthodoxalbania.org\/2020\/#organization"},"potentialAction":[{"@type":"SearchAction","target":{"@type":"EntryPoint","urlTemplate":"https:\/\/orthodoxalbania.org\/2020\/?s={search_term_string}"},"query-input":{"@type":"PropertyValueSpecification","valueRequired":true,"valueName":"search_term_string"}}],"inLanguage":"en-US"},{"@type":"Organization","@id":"https:\/\/orthodoxalbania.org\/2020\/#organization","name":"Kisha Orthodhokse Autoqefale e Shqip\u00ebris\u00eb","url":"https:\/\/orthodoxalbania.org\/2020\/","logo":{"@type":"ImageObject","inLanguage":"en-US","@id":"https:\/\/orthodoxalbania.org\/2020\/#\/schema\/logo\/image\/","url":"https:\/\/orthodoxalbania.org\/2020\/wp-content\/uploads\/2020\/05\/albania.jpeg","contentUrl":"https:\/\/orthodoxalbania.org\/2020\/wp-content\/uploads\/2020\/05\/albania.jpeg","width":540,"height":540,"caption":"Kisha Orthodhokse Autoqefale e Shqip\u00ebris\u00eb"},"image":{"@id":"https:\/\/orthodoxalbania.org\/2020\/#\/schema\/logo\/image\/"},"sameAs":["https:\/\/www.facebook.com\/koash1991"]},{"@type":"Person","@id":"https:\/\/orthodoxalbania.org\/2020\/#\/schema\/person\/0c387634a7063ac612d7ed9ce71c7e86","name":"Kisha Orthodhokse","image":{"@type":"ImageObject","inLanguage":"en-US","@id":"https:\/\/secure.gravatar.com\/avatar\/596e7c417251e30f2fbb9c00e026fce61a695a00e51c889caded71c96cbbdde5?s=96&d=mm&r=g","url":"https:\/\/secure.gravatar.com\/avatar\/596e7c417251e30f2fbb9c00e026fce61a695a00e51c889caded71c96cbbdde5?s=96&d=mm&r=g","contentUrl":"https:\/\/secure.gravatar.com\/avatar\/596e7c417251e30f2fbb9c00e026fce61a695a00e51c889caded71c96cbbdde5?s=96&d=mm&r=g","caption":"Kisha Orthodhokse"}}]}},"_links":{"self":[{"href":"https:\/\/orthodoxalbania.org\/2020\/wp-json\/wp\/v2\/posts\/461","targetHints":{"allow":["GET"]}}],"collection":[{"href":"https:\/\/orthodoxalbania.org\/2020\/wp-json\/wp\/v2\/posts"}],"about":[{"href":"https:\/\/orthodoxalbania.org\/2020\/wp-json\/wp\/v2\/types\/post"}],"author":[{"embeddable":true,"href":"https:\/\/orthodoxalbania.org\/2020\/wp-json\/wp\/v2\/users\/1"}],"replies":[{"embeddable":true,"href":"https:\/\/orthodoxalbania.org\/2020\/wp-json\/wp\/v2\/comments?post=461"}],"version-history":[{"count":1,"href":"https:\/\/orthodoxalbania.org\/2020\/wp-json\/wp\/v2\/posts\/461\/revisions"}],"predecessor-version":[{"id":15144,"href":"https:\/\/orthodoxalbania.org\/2020\/wp-json\/wp\/v2\/posts\/461\/revisions\/15144"}],"wp:attachment":[{"href":"https:\/\/orthodoxalbania.org\/2020\/wp-json\/wp\/v2\/media?parent=461"}],"wp:term":[{"taxonomy":"category","embeddable":true,"href":"https:\/\/orthodoxalbania.org\/2020\/wp-json\/wp\/v2\/categories?post=461"},{"taxonomy":"post_tag","embeddable":true,"href":"https:\/\/orthodoxalbania.org\/2020\/wp-json\/wp\/v2\/tags?post=461"}],"curies":[{"name":"wp","href":"https:\/\/api.w.org\/{rel}","templated":true}]}}