{"id":459,"date":"2013-03-21T09:20:38","date_gmt":"2013-03-21T09:20:38","guid":{"rendered":""},"modified":"2020-04-06T22:32:08","modified_gmt":"2020-04-06T20:32:08","slug":"dorezime-te-reja-klerikesh-ne-periudhen-e-kreshmeve-te-medha","status":"publish","type":"post","link":"https:\/\/orthodoxalbania.org\/2020\/2013\/03\/21\/dorezime-te-reja-klerikesh-ne-periudhen-e-kreshmeve-te-medha\/","title":{"rendered":"Dor\u00ebzime t\u00eb reja klerik\u00ebsh n\u00eb periudh\u00ebn e Kreshm\u00ebve t\u00eb M\u00ebdha. (Prill 2011)"},"content":{"rendered":"<p style=\"text-align: justify;\"><span style=\"color: #000000; font-size: 12pt;\"><span style=\"font-family: tahoma,geneva,sans-serif;\"><img decoding=\"async\" class=\"lazyload HAa Eha\" style=\"border-width: 1px; border-style: solid; margin: 10px; float: left;\" alt=\"\" src=\"data:image\/svg+xml,%3Csvg%20xmlns%3D%27http%3A%2F%2Fwww.w3.org%2F2000%2Fsvg%27%20width%3D%27175%27%20height%3D%27233%27%20viewBox%3D%270%200%20175%20233%27%3E%3Crect%20width%3D%27175%27%20height%3D%27233%27%20fill-opacity%3D%220%22%2F%3E%3C%2Fsvg%3E\" data-orig-src=\"https:\/\/lh6.googleusercontent.com\/-tqlCCIPI4D8\/VK535u1RGOI\/AAAAAAAAKjw\/n3Oh0ta6PE4\/w614-h822-no\/foto%2B-%2B1%2Bhirononi.jpg\" height=\"233\" width=\"175\" \/><span style=\"font-family: helvetica;\">&nbsp;&nbsp; T\u00eb gjitha t\u00eb dielat e periudh\u00ebs s\u00eb Kreshm\u00ebve t\u00eb M\u00ebdha jan\u00eb stacione t\u00eb r\u00ebnd\u00ebsishme, q\u00eb duke iu p\u00ebrkushtuar ngjarjeve t\u00eb ve\u00e7anta kishtare, ndihmojn\u00eb besimtarin n\u00eb rrug\u00ebn e p\u00ebrgatitjes p\u00ebr t\u00eb pritur Jav\u00ebn e Madhe t\u00eb p\u00ebsimeve shp\u00ebtimtare t\u00eb Krishtit dhe p\u00ebrkujtimin e Ngjalljes s\u00eb Tij t\u00eb lavd\u00ebruar. Por dy prej tyre u dhan\u00eb besimtar\u00ebve orthodhoks\u00eb p\u00ebrjetime t\u00eb ve\u00e7anta, ashtu si\u00e7 jep \u00e7do hirotoni, si mister i ve\u00e7ant\u00eb q\u00eb t\u00eb mbush gjithmon\u00eb me g\u00ebzim dhe entuziaz\u00ebm. K\u00ebshtu, t\u00eb Diel\u00ebn e Kat\u00ebrt (Sh\u00ebn Joan i Shkall\u00ebs), dt. 3 prill, u b\u00eb dor\u00ebzimi n\u00eb dhjak i z. Irine Gega, prej duarve <img decoding=\"async\" class=\"lazyload HAa Eha\" style=\"height: 250px; width: 300px; border-width: 1px; border-style: solid; margin: 10px; float: right;\" alt=\"\" src=\"data:image\/gif;base64,R0lGODlhAQABAAAAACH5BAEKAAEALAAAAAABAAEAAAICTAEAOw==\" data-orig-src=\"https:\/\/lh4.googleusercontent.com\/-NqKkV2OVuww\/VK535kY6w7I\/AAAAAAAAKjs\/gdYYh_Sqafw\/w614-h511-no\/foto%2B2%2B-%2Bhirotoni.jpg\" \/>t\u00eb Kryepiskopit Anastas. Dhjaku i ri me origjin\u00eb nga Sh\u00ebn Joan Vladimiri i Elbasanit, fshat me tradita t\u00eb lashta orthodhokse, ka sh\u00ebrbyer me p\u00ebrkushtim p\u00ebr rreth 7 vjet si katekist i Kish\u00ebs Orthodhokse n\u00eb Elbasan dhe n\u00eb zonat rreth tij. Ai ka dh\u00ebn\u00eb edhe nj\u00eb kontribut t\u00eb ve\u00e7ant\u00eb duke ndihmuar n\u00eb organizimin e aktiviteteve rinore, dhe ka qen\u00eb mb\u00ebshtetje p\u00ebr kampet e vajzave q\u00eb organizohen n\u00eb Manastirin e Sh\u00ebn Joan Vladimirit. Nd\u00ebrsa t\u00eb Diel\u00ebn e Pest\u00eb (Sh\u00ebn <\/span><\/span><\/span><\/p>\n<p style=\"text-align: justify;\"><span style=\"color: #000000; font-size: 12pt; font-family: helvetica;\">&nbsp;&nbsp;&nbsp; Maria e Egjiptit), dt. 10 prill, u b\u00eb dor\u00ebzimi n\u00eb prift i dhjakon Petro Haliles, me origjin\u00eb nga Shpati i Elbasanit, i cili sh\u00ebrben edhe si klerik p\u00ebrgjegj\u00ebs p\u00ebr vepr\u00ebn e katekizmit n\u00eb rrethin e Elbasanit dhe s\u00eb bashku me katekist\u00ebt e tjer\u00eb t\u00eb zones kan\u00eb pag\u00ebzuar me qindra katikumen\u00eb. Kryepiskopi Anastas n\u00eb fjal\u00ebn e tij p\u00ebr priftin e sapodor\u00ebzuar u ndal n\u00eb p\u00ebrshkrimin e figur\u00ebs s\u00eb klerikut, i cili duhet t\u00eb jet\u00eb i but\u00eb, ngush\u00ebllues p\u00ebr njer\u00ebzit, jo i grinder dhe t\u00eb ket\u00eb nj\u00eb fjal\u00eb sh\u00ebruese dhe jo skllav\u00ebruese, duke kontribuar k\u00ebshtu n\u00eb zbutjen dhe&nbsp; sh\u00ebrimin e plag\u00ebve t\u00eb tyre shpirt\u00ebrore dhe theksoi: \u201cKisha jon\u00eb nuk ka nevoj\u00eb p\u00ebr prift\u00ebrinj thjesht t\u00eb mir\u00eb, por p\u00ebr prift\u00ebrinj t\u00eb p\u00ebrsosur sipas thirrjes p\u00ebr p\u00ebrsosm\u00ebri t\u00eb Per\u00ebndis\u00eb, q\u00eb ecin gjat\u00eb gjith\u00eb jet\u00ebs s\u00eb tyre drejt shenjt\u00ebrimit dhe ndihmojn\u00eb edhe besimtar\u00ebt q\u00eb u jan\u00eb besuar n\u00eb k\u00ebt\u00eb rrug\u00eb\u201d. Kryepiskopi p\u00ebrfundoi me lutjen dhe nxitjen q\u00eb Per\u00ebndia t\u00eb denj\u00ebsoj\u00eb edhe t\u00eb rinj t\u00eb tjer\u00eb q\u00eb duan t\u00eb d\u00ebgjojn\u00eb dhe t\u00eb ndjekin thirrjen prift\u00ebrore. <\/span><\/p>\n<p class=\"style10\" style=\"text-align: right;\"><span style=\"color: #000000; font-size: 12pt; font-family: helvetica;\"><img class=\"lazyload\" decoding=\"async\" alt=\"\" src=\"data:image\/svg+xml,%3Csvg%20xmlns%3D%27http%3A%2F%2Fwww.w3.org%2F2000%2Fsvg%27%20width%3D%27150%27%20height%3D%27150%27%20viewBox%3D%270%200%20150%20150%27%3E%3Crect%20width%3D%27150%27%20height%3D%27150%27%20fill-opacity%3D%220%22%2F%3E%3C%2Fsvg%3E\" data-orig-src=\"https:\/\/orthodoxalbania.org\/2020\/wp-content\/uploads\/2020\/04\/moz-screenshot-4.png\" \/><strong>Aleks \u00c7uri<\/strong><\/span><\/p>\n","protected":false},"excerpt":{"rendered":"<p>&nbsp;&nbsp; T\u00eb gjitha t\u00eb dielat e periudh\u00ebs s\u00eb Kreshm\u00ebve t\u00eb M\u00ebdha jan\u00eb stacione t\u00eb r\u00ebnd\u00ebsishme, q\u00eb duke iu p\u00ebrkushtuar ngjarjeve t\u00eb ve\u00e7anta kishtare, ndihmojn\u00eb besimtarin n\u00eb rrug\u00ebn e p\u00ebrgatitjes p\u00ebr t\u00eb pritur Jav\u00ebn e Madhe t\u00eb p\u00ebsimeve shp\u00ebtimtare t\u00eb Krishtit dhe p\u00ebrkujtimin e Ngjalljes s\u00eb Tij t\u00eb lavd\u00ebruar. Por dy prej tyre u dhan\u00eb besimtar\u00ebve orthodhoks\u00eb p\u00ebrjetime t\u00eb ve\u00e7anta, ashtu si\u00e7 jep \u00e7do hirotoni, si<\/p>\n","protected":false},"author":1,"featured_media":460,"comment_status":"open","ping_status":"open","sticky":false,"template":"","format":"standard","meta":{"_acf_changed":false,"pagelayer_contact_templates":[],"_pagelayer_content":"","inline_featured_image":false,"fifu_image_url":"","fifu_image_alt":"","footnotes":""},"categories":[108],"tags":[143,196,201,212,189],"class_list":["post-459","post","type-post","status-publish","format-standard","has-post-thumbnail","hentry","category-lajme","tag-143","tag-tirane","tag-kryepiskopi-anastas","tag-lajme-d27","tag-pashke-2014"],"acf":[],"yoast_head":"<!-- This site is optimized with the Yoast SEO plugin v27.2 - https:\/\/yoast.com\/product\/yoast-seo-wordpress\/ -->\n<title>Dor\u00ebzime t\u00eb reja klerik\u00ebsh n\u00eb periudh\u00ebn e Kreshm\u00ebve t\u00eb M\u00ebdha. (Prill 2011) - Kisha Orthodh\u03bfkse Autoqefale e Shqip\u00ebris\u00eb<\/title>\n<meta name=\"robots\" content=\"index, follow, max-snippet:-1, max-image-preview:large, max-video-preview:-1\" \/>\n<link rel=\"canonical\" href=\"https:\/\/orthodoxalbania.org\/2020\/2013\/03\/21\/dorezime-te-reja-klerikesh-ne-periudhen-e-kreshmeve-te-medha\/\" \/>\n<meta property=\"og:locale\" content=\"en_US\" \/>\n<meta property=\"og:type\" content=\"article\" \/>\n<meta property=\"og:title\" content=\"Dor\u00ebzime t\u00eb reja klerik\u00ebsh n\u00eb periudh\u00ebn e Kreshm\u00ebve t\u00eb M\u00ebdha. (Prill 2011) - Kisha Orthodh\u03bfkse Autoqefale e Shqip\u00ebris\u00eb\" \/>\n<meta property=\"og:description\" content=\"&nbsp;&nbsp; T\u00eb gjitha t\u00eb dielat e periudh\u00ebs s\u00eb Kreshm\u00ebve t\u00eb M\u00ebdha jan\u00eb stacione t\u00eb r\u00ebnd\u00ebsishme, q\u00eb duke iu p\u00ebrkushtuar ngjarjeve t\u00eb ve\u00e7anta kishtare, ndihmojn\u00eb besimtarin n\u00eb rrug\u00ebn e p\u00ebrgatitjes p\u00ebr t\u00eb pritur Jav\u00ebn e Madhe t\u00eb p\u00ebsimeve shp\u00ebtimtare t\u00eb Krishtit dhe p\u00ebrkujtimin e Ngjalljes s\u00eb Tij t\u00eb lavd\u00ebruar. Por dy prej tyre u dhan\u00eb besimtar\u00ebve orthodhoks\u00eb p\u00ebrjetime t\u00eb ve\u00e7anta, ashtu si\u00e7 jep \u00e7do hirotoni, si\" \/>\n<meta property=\"og:url\" content=\"https:\/\/orthodoxalbania.org\/2020\/2013\/03\/21\/dorezime-te-reja-klerikesh-ne-periudhen-e-kreshmeve-te-medha\/\" \/>\n<meta property=\"og:site_name\" content=\"Kisha Orthodh\u03bfkse Autoqefale e Shqip\u00ebris\u00eb\" \/>\n<meta property=\"article:publisher\" content=\"https:\/\/www.facebook.com\/koash1991\" \/>\n<meta property=\"article:published_time\" content=\"2013-03-21T09:20:38+00:00\" \/>\n<meta property=\"article:modified_time\" content=\"2020-04-06T20:32:08+00:00\" \/>\n<meta property=\"og:image\" content=\"https:\/\/orthodoxalbania.org\/2020\/wp-content\/uploads\/2020\/04\/moz-screenshot-4.png\" \/>\n\t<meta property=\"og:image:width\" content=\"150\" \/>\n\t<meta property=\"og:image:height\" content=\"150\" \/>\n\t<meta property=\"og:image:type\" content=\"image\/png\" \/>\n<meta name=\"author\" content=\"Kisha Orthodhokse\" \/>\n<meta name=\"twitter:card\" content=\"summary_large_image\" \/>\n<meta name=\"twitter:label1\" content=\"Written by\" \/>\n\t<meta name=\"twitter:data1\" content=\"Kisha Orthodhokse\" \/>\n\t<meta name=\"twitter:label2\" content=\"Est. reading time\" \/>\n\t<meta name=\"twitter:data2\" content=\"2 minutes\" \/>\n<script type=\"application\/ld+json\" class=\"yoast-schema-graph\">{\"@context\":\"https:\/\/schema.org\",\"@graph\":[{\"@type\":\"Article\",\"@id\":\"https:\/\/orthodoxalbania.org\/2020\/2013\/03\/21\/dorezime-te-reja-klerikesh-ne-periudhen-e-kreshmeve-te-medha\/#article\",\"isPartOf\":{\"@id\":\"https:\/\/orthodoxalbania.org\/2020\/2013\/03\/21\/dorezime-te-reja-klerikesh-ne-periudhen-e-kreshmeve-te-medha\/\"},\"author\":{\"name\":\"Kisha Orthodhokse\",\"@id\":\"https:\/\/orthodoxalbania.org\/2020\/#\/schema\/person\/0c387634a7063ac612d7ed9ce71c7e86\"},\"headline\":\"Dor\u00ebzime t\u00eb reja klerik\u00ebsh n\u00eb periudh\u00ebn e Kreshm\u00ebve t\u00eb M\u00ebdha. (Prill 2011)\",\"datePublished\":\"2013-03-21T09:20:38+00:00\",\"dateModified\":\"2020-04-06T20:32:08+00:00\",\"mainEntityOfPage\":{\"@id\":\"https:\/\/orthodoxalbania.org\/2020\/2013\/03\/21\/dorezime-te-reja-klerikesh-ne-periudhen-e-kreshmeve-te-medha\/\"},\"wordCount\":445,\"commentCount\":0,\"publisher\":{\"@id\":\"https:\/\/orthodoxalbania.org\/2020\/#organization\"},\"image\":{\"@id\":\"https:\/\/orthodoxalbania.org\/2020\/2013\/03\/21\/dorezime-te-reja-klerikesh-ne-periudhen-e-kreshmeve-te-medha\/#primaryimage\"},\"thumbnailUrl\":\"https:\/\/orthodoxalbania.org\/2020\/wp-content\/uploads\/2020\/04\/moz-screenshot-4.png\",\"keywords\":[\"2011\",\"Kryepiskopata Tiran\u00eb\",\"Kryepiskopi Anastas\",\"lajme\",\"Pashk\u00eb\"],\"articleSection\":[\"Lajme\"],\"inLanguage\":\"en-US\"},{\"@type\":\"WebPage\",\"@id\":\"https:\/\/orthodoxalbania.org\/2020\/2013\/03\/21\/dorezime-te-reja-klerikesh-ne-periudhen-e-kreshmeve-te-medha\/\",\"url\":\"https:\/\/orthodoxalbania.org\/2020\/2013\/03\/21\/dorezime-te-reja-klerikesh-ne-periudhen-e-kreshmeve-te-medha\/\",\"name\":\"Dor\u00ebzime t\u00eb reja klerik\u00ebsh n\u00eb periudh\u00ebn e Kreshm\u00ebve t\u00eb M\u00ebdha. (Prill 2011) - Kisha Orthodh\u03bfkse Autoqefale e Shqip\u00ebris\u00eb\",\"isPartOf\":{\"@id\":\"https:\/\/orthodoxalbania.org\/2020\/#website\"},\"primaryImageOfPage\":{\"@id\":\"https:\/\/orthodoxalbania.org\/2020\/2013\/03\/21\/dorezime-te-reja-klerikesh-ne-periudhen-e-kreshmeve-te-medha\/#primaryimage\"},\"image\":{\"@id\":\"https:\/\/orthodoxalbania.org\/2020\/2013\/03\/21\/dorezime-te-reja-klerikesh-ne-periudhen-e-kreshmeve-te-medha\/#primaryimage\"},\"thumbnailUrl\":\"https:\/\/orthodoxalbania.org\/2020\/wp-content\/uploads\/2020\/04\/moz-screenshot-4.png\",\"datePublished\":\"2013-03-21T09:20:38+00:00\",\"dateModified\":\"2020-04-06T20:32:08+00:00\",\"breadcrumb\":{\"@id\":\"https:\/\/orthodoxalbania.org\/2020\/2013\/03\/21\/dorezime-te-reja-klerikesh-ne-periudhen-e-kreshmeve-te-medha\/#breadcrumb\"},\"inLanguage\":\"en-US\",\"potentialAction\":[{\"@type\":\"ReadAction\",\"target\":[\"https:\/\/orthodoxalbania.org\/2020\/2013\/03\/21\/dorezime-te-reja-klerikesh-ne-periudhen-e-kreshmeve-te-medha\/\"]}]},{\"@type\":\"ImageObject\",\"inLanguage\":\"en-US\",\"@id\":\"https:\/\/orthodoxalbania.org\/2020\/2013\/03\/21\/dorezime-te-reja-klerikesh-ne-periudhen-e-kreshmeve-te-medha\/#primaryimage\",\"url\":\"https:\/\/orthodoxalbania.org\/2020\/wp-content\/uploads\/2020\/04\/moz-screenshot-4.png\",\"contentUrl\":\"https:\/\/orthodoxalbania.org\/2020\/wp-content\/uploads\/2020\/04\/moz-screenshot-4.png\",\"width\":150,\"height\":150},{\"@type\":\"BreadcrumbList\",\"@id\":\"https:\/\/orthodoxalbania.org\/2020\/2013\/03\/21\/dorezime-te-reja-klerikesh-ne-periudhen-e-kreshmeve-te-medha\/#breadcrumb\",\"itemListElement\":[{\"@type\":\"ListItem\",\"position\":1,\"name\":\"Home\",\"item\":\"https:\/\/orthodoxalbania.org\/2020\/\"},{\"@type\":\"ListItem\",\"position\":2,\"name\":\"Dor\u00ebzime t\u00eb reja klerik\u00ebsh n\u00eb periudh\u00ebn e Kreshm\u00ebve t\u00eb M\u00ebdha. (Prill 2011)\"}]},{\"@type\":\"WebSite\",\"@id\":\"https:\/\/orthodoxalbania.org\/2020\/#website\",\"url\":\"https:\/\/orthodoxalbania.org\/2020\/\",\"name\":\"Kisha Orthodh\u03bfkse Autoqefale e Shqip\u00ebris\u00eb\",\"description\":\"Fqja Zyrtare e Kish\u00ebs Orthodhokse Autoqefale e Shqip\u00ebris\u00eb me lajmet edhe informacionet zyrtare p\u00ebr struktur\u00ebn edhe veprimtarin e saj.\",\"publisher\":{\"@id\":\"https:\/\/orthodoxalbania.org\/2020\/#organization\"},\"potentialAction\":[{\"@type\":\"SearchAction\",\"target\":{\"@type\":\"EntryPoint\",\"urlTemplate\":\"https:\/\/orthodoxalbania.org\/2020\/?s={search_term_string}\"},\"query-input\":{\"@type\":\"PropertyValueSpecification\",\"valueRequired\":true,\"valueName\":\"search_term_string\"}}],\"inLanguage\":\"en-US\"},{\"@type\":\"Organization\",\"@id\":\"https:\/\/orthodoxalbania.org\/2020\/#organization\",\"name\":\"Kisha Orthodhokse Autoqefale e Shqip\u00ebris\u00eb\",\"url\":\"https:\/\/orthodoxalbania.org\/2020\/\",\"logo\":{\"@type\":\"ImageObject\",\"inLanguage\":\"en-US\",\"@id\":\"https:\/\/orthodoxalbania.org\/2020\/#\/schema\/logo\/image\/\",\"url\":\"https:\/\/orthodoxalbania.org\/2020\/wp-content\/uploads\/2020\/05\/albania.jpeg\",\"contentUrl\":\"https:\/\/orthodoxalbania.org\/2020\/wp-content\/uploads\/2020\/05\/albania.jpeg\",\"width\":540,\"height\":540,\"caption\":\"Kisha Orthodhokse Autoqefale e Shqip\u00ebris\u00eb\"},\"image\":{\"@id\":\"https:\/\/orthodoxalbania.org\/2020\/#\/schema\/logo\/image\/\"},\"sameAs\":[\"https:\/\/www.facebook.com\/koash1991\"]},{\"@type\":\"Person\",\"@id\":\"https:\/\/orthodoxalbania.org\/2020\/#\/schema\/person\/0c387634a7063ac612d7ed9ce71c7e86\",\"name\":\"Kisha Orthodhokse\",\"image\":{\"@type\":\"ImageObject\",\"inLanguage\":\"en-US\",\"@id\":\"https:\/\/secure.gravatar.com\/avatar\/596e7c417251e30f2fbb9c00e026fce61a695a00e51c889caded71c96cbbdde5?s=96&d=mm&r=g\",\"url\":\"https:\/\/secure.gravatar.com\/avatar\/596e7c417251e30f2fbb9c00e026fce61a695a00e51c889caded71c96cbbdde5?s=96&d=mm&r=g\",\"contentUrl\":\"https:\/\/secure.gravatar.com\/avatar\/596e7c417251e30f2fbb9c00e026fce61a695a00e51c889caded71c96cbbdde5?s=96&d=mm&r=g\",\"caption\":\"Kisha Orthodhokse\"}}]}<\/script>\n<!-- \/ Yoast SEO plugin. -->","yoast_head_json":{"title":"Dor\u00ebzime t\u00eb reja klerik\u00ebsh n\u00eb periudh\u00ebn e Kreshm\u00ebve t\u00eb M\u00ebdha. (Prill 2011) - Kisha Orthodh\u03bfkse Autoqefale e Shqip\u00ebris\u00eb","robots":{"index":"index","follow":"follow","max-snippet":"max-snippet:-1","max-image-preview":"max-image-preview:large","max-video-preview":"max-video-preview:-1"},"canonical":"https:\/\/orthodoxalbania.org\/2020\/2013\/03\/21\/dorezime-te-reja-klerikesh-ne-periudhen-e-kreshmeve-te-medha\/","og_locale":"en_US","og_type":"article","og_title":"Dor\u00ebzime t\u00eb reja klerik\u00ebsh n\u00eb periudh\u00ebn e Kreshm\u00ebve t\u00eb M\u00ebdha. (Prill 2011) - Kisha Orthodh\u03bfkse Autoqefale e Shqip\u00ebris\u00eb","og_description":"&nbsp;&nbsp; T\u00eb gjitha t\u00eb dielat e periudh\u00ebs s\u00eb Kreshm\u00ebve t\u00eb M\u00ebdha jan\u00eb stacione t\u00eb r\u00ebnd\u00ebsishme, q\u00eb duke iu p\u00ebrkushtuar ngjarjeve t\u00eb ve\u00e7anta kishtare, ndihmojn\u00eb besimtarin n\u00eb rrug\u00ebn e p\u00ebrgatitjes p\u00ebr t\u00eb pritur Jav\u00ebn e Madhe t\u00eb p\u00ebsimeve shp\u00ebtimtare t\u00eb Krishtit dhe p\u00ebrkujtimin e Ngjalljes s\u00eb Tij t\u00eb lavd\u00ebruar. Por dy prej tyre u dhan\u00eb besimtar\u00ebve orthodhoks\u00eb p\u00ebrjetime t\u00eb ve\u00e7anta, ashtu si\u00e7 jep \u00e7do hirotoni, si","og_url":"https:\/\/orthodoxalbania.org\/2020\/2013\/03\/21\/dorezime-te-reja-klerikesh-ne-periudhen-e-kreshmeve-te-medha\/","og_site_name":"Kisha Orthodh\u03bfkse Autoqefale e Shqip\u00ebris\u00eb","article_publisher":"https:\/\/www.facebook.com\/koash1991","article_published_time":"2013-03-21T09:20:38+00:00","article_modified_time":"2020-04-06T20:32:08+00:00","og_image":[{"width":150,"height":150,"url":"https:\/\/orthodoxalbania.org\/2020\/wp-content\/uploads\/2020\/04\/moz-screenshot-4.png","type":"image\/png"}],"author":"Kisha Orthodhokse","twitter_card":"summary_large_image","twitter_misc":{"Written by":"Kisha Orthodhokse","Est. reading time":"2 minutes"},"schema":{"@context":"https:\/\/schema.org","@graph":[{"@type":"Article","@id":"https:\/\/orthodoxalbania.org\/2020\/2013\/03\/21\/dorezime-te-reja-klerikesh-ne-periudhen-e-kreshmeve-te-medha\/#article","isPartOf":{"@id":"https:\/\/orthodoxalbania.org\/2020\/2013\/03\/21\/dorezime-te-reja-klerikesh-ne-periudhen-e-kreshmeve-te-medha\/"},"author":{"name":"Kisha Orthodhokse","@id":"https:\/\/orthodoxalbania.org\/2020\/#\/schema\/person\/0c387634a7063ac612d7ed9ce71c7e86"},"headline":"Dor\u00ebzime t\u00eb reja klerik\u00ebsh n\u00eb periudh\u00ebn e Kreshm\u00ebve t\u00eb M\u00ebdha. (Prill 2011)","datePublished":"2013-03-21T09:20:38+00:00","dateModified":"2020-04-06T20:32:08+00:00","mainEntityOfPage":{"@id":"https:\/\/orthodoxalbania.org\/2020\/2013\/03\/21\/dorezime-te-reja-klerikesh-ne-periudhen-e-kreshmeve-te-medha\/"},"wordCount":445,"commentCount":0,"publisher":{"@id":"https:\/\/orthodoxalbania.org\/2020\/#organization"},"image":{"@id":"https:\/\/orthodoxalbania.org\/2020\/2013\/03\/21\/dorezime-te-reja-klerikesh-ne-periudhen-e-kreshmeve-te-medha\/#primaryimage"},"thumbnailUrl":"https:\/\/orthodoxalbania.org\/2020\/wp-content\/uploads\/2020\/04\/moz-screenshot-4.png","keywords":["2011","Kryepiskopata Tiran\u00eb","Kryepiskopi Anastas","lajme","Pashk\u00eb"],"articleSection":["Lajme"],"inLanguage":"en-US"},{"@type":"WebPage","@id":"https:\/\/orthodoxalbania.org\/2020\/2013\/03\/21\/dorezime-te-reja-klerikesh-ne-periudhen-e-kreshmeve-te-medha\/","url":"https:\/\/orthodoxalbania.org\/2020\/2013\/03\/21\/dorezime-te-reja-klerikesh-ne-periudhen-e-kreshmeve-te-medha\/","name":"Dor\u00ebzime t\u00eb reja klerik\u00ebsh n\u00eb periudh\u00ebn e Kreshm\u00ebve t\u00eb M\u00ebdha. (Prill 2011) - Kisha Orthodh\u03bfkse Autoqefale e Shqip\u00ebris\u00eb","isPartOf":{"@id":"https:\/\/orthodoxalbania.org\/2020\/#website"},"primaryImageOfPage":{"@id":"https:\/\/orthodoxalbania.org\/2020\/2013\/03\/21\/dorezime-te-reja-klerikesh-ne-periudhen-e-kreshmeve-te-medha\/#primaryimage"},"image":{"@id":"https:\/\/orthodoxalbania.org\/2020\/2013\/03\/21\/dorezime-te-reja-klerikesh-ne-periudhen-e-kreshmeve-te-medha\/#primaryimage"},"thumbnailUrl":"https:\/\/orthodoxalbania.org\/2020\/wp-content\/uploads\/2020\/04\/moz-screenshot-4.png","datePublished":"2013-03-21T09:20:38+00:00","dateModified":"2020-04-06T20:32:08+00:00","breadcrumb":{"@id":"https:\/\/orthodoxalbania.org\/2020\/2013\/03\/21\/dorezime-te-reja-klerikesh-ne-periudhen-e-kreshmeve-te-medha\/#breadcrumb"},"inLanguage":"en-US","potentialAction":[{"@type":"ReadAction","target":["https:\/\/orthodoxalbania.org\/2020\/2013\/03\/21\/dorezime-te-reja-klerikesh-ne-periudhen-e-kreshmeve-te-medha\/"]}]},{"@type":"ImageObject","inLanguage":"en-US","@id":"https:\/\/orthodoxalbania.org\/2020\/2013\/03\/21\/dorezime-te-reja-klerikesh-ne-periudhen-e-kreshmeve-te-medha\/#primaryimage","url":"https:\/\/orthodoxalbania.org\/2020\/wp-content\/uploads\/2020\/04\/moz-screenshot-4.png","contentUrl":"https:\/\/orthodoxalbania.org\/2020\/wp-content\/uploads\/2020\/04\/moz-screenshot-4.png","width":150,"height":150},{"@type":"BreadcrumbList","@id":"https:\/\/orthodoxalbania.org\/2020\/2013\/03\/21\/dorezime-te-reja-klerikesh-ne-periudhen-e-kreshmeve-te-medha\/#breadcrumb","itemListElement":[{"@type":"ListItem","position":1,"name":"Home","item":"https:\/\/orthodoxalbania.org\/2020\/"},{"@type":"ListItem","position":2,"name":"Dor\u00ebzime t\u00eb reja klerik\u00ebsh n\u00eb periudh\u00ebn e Kreshm\u00ebve t\u00eb M\u00ebdha. (Prill 2011)"}]},{"@type":"WebSite","@id":"https:\/\/orthodoxalbania.org\/2020\/#website","url":"https:\/\/orthodoxalbania.org\/2020\/","name":"Kisha Orthodh\u03bfkse Autoqefale e Shqip\u00ebris\u00eb","description":"Fqja Zyrtare e Kish\u00ebs Orthodhokse Autoqefale e Shqip\u00ebris\u00eb me lajmet edhe informacionet zyrtare p\u00ebr struktur\u00ebn edhe veprimtarin e saj.","publisher":{"@id":"https:\/\/orthodoxalbania.org\/2020\/#organization"},"potentialAction":[{"@type":"SearchAction","target":{"@type":"EntryPoint","urlTemplate":"https:\/\/orthodoxalbania.org\/2020\/?s={search_term_string}"},"query-input":{"@type":"PropertyValueSpecification","valueRequired":true,"valueName":"search_term_string"}}],"inLanguage":"en-US"},{"@type":"Organization","@id":"https:\/\/orthodoxalbania.org\/2020\/#organization","name":"Kisha Orthodhokse Autoqefale e Shqip\u00ebris\u00eb","url":"https:\/\/orthodoxalbania.org\/2020\/","logo":{"@type":"ImageObject","inLanguage":"en-US","@id":"https:\/\/orthodoxalbania.org\/2020\/#\/schema\/logo\/image\/","url":"https:\/\/orthodoxalbania.org\/2020\/wp-content\/uploads\/2020\/05\/albania.jpeg","contentUrl":"https:\/\/orthodoxalbania.org\/2020\/wp-content\/uploads\/2020\/05\/albania.jpeg","width":540,"height":540,"caption":"Kisha Orthodhokse Autoqefale e Shqip\u00ebris\u00eb"},"image":{"@id":"https:\/\/orthodoxalbania.org\/2020\/#\/schema\/logo\/image\/"},"sameAs":["https:\/\/www.facebook.com\/koash1991"]},{"@type":"Person","@id":"https:\/\/orthodoxalbania.org\/2020\/#\/schema\/person\/0c387634a7063ac612d7ed9ce71c7e86","name":"Kisha Orthodhokse","image":{"@type":"ImageObject","inLanguage":"en-US","@id":"https:\/\/secure.gravatar.com\/avatar\/596e7c417251e30f2fbb9c00e026fce61a695a00e51c889caded71c96cbbdde5?s=96&d=mm&r=g","url":"https:\/\/secure.gravatar.com\/avatar\/596e7c417251e30f2fbb9c00e026fce61a695a00e51c889caded71c96cbbdde5?s=96&d=mm&r=g","contentUrl":"https:\/\/secure.gravatar.com\/avatar\/596e7c417251e30f2fbb9c00e026fce61a695a00e51c889caded71c96cbbdde5?s=96&d=mm&r=g","caption":"Kisha Orthodhokse"}}]}},"_links":{"self":[{"href":"https:\/\/orthodoxalbania.org\/2020\/wp-json\/wp\/v2\/posts\/459","targetHints":{"allow":["GET"]}}],"collection":[{"href":"https:\/\/orthodoxalbania.org\/2020\/wp-json\/wp\/v2\/posts"}],"about":[{"href":"https:\/\/orthodoxalbania.org\/2020\/wp-json\/wp\/v2\/types\/post"}],"author":[{"embeddable":true,"href":"https:\/\/orthodoxalbania.org\/2020\/wp-json\/wp\/v2\/users\/1"}],"replies":[{"embeddable":true,"href":"https:\/\/orthodoxalbania.org\/2020\/wp-json\/wp\/v2\/comments?post=459"}],"version-history":[{"count":1,"href":"https:\/\/orthodoxalbania.org\/2020\/wp-json\/wp\/v2\/posts\/459\/revisions"}],"predecessor-version":[{"id":15410,"href":"https:\/\/orthodoxalbania.org\/2020\/wp-json\/wp\/v2\/posts\/459\/revisions\/15410"}],"wp:featuredmedia":[{"embeddable":true,"href":"https:\/\/orthodoxalbania.org\/2020\/wp-json\/wp\/v2\/media\/460"}],"wp:attachment":[{"href":"https:\/\/orthodoxalbania.org\/2020\/wp-json\/wp\/v2\/media?parent=459"}],"wp:term":[{"taxonomy":"category","embeddable":true,"href":"https:\/\/orthodoxalbania.org\/2020\/wp-json\/wp\/v2\/categories?post=459"},{"taxonomy":"post_tag","embeddable":true,"href":"https:\/\/orthodoxalbania.org\/2020\/wp-json\/wp\/v2\/tags?post=459"}],"curies":[{"name":"wp","href":"https:\/\/api.w.org\/{rel}","templated":true}]}}